{"id":52202,"date":"2021-08-19T00:00:57","date_gmt":"2021-08-18T22:00:57","guid":{"rendered":"http:\/\/www.rassegnastampa-totustuus.it\/cattolica\/?p=52202"},"modified":"2025-07-21T14:06:16","modified_gmt":"2025-07-21T12:06:16","slug":"salute-o-liberta-lerrore-della-contrapposizione","status":"publish","type":"post","link":"https:\/\/www.rassegnastampa-totustuus.it\/cattolica\/salute-o-liberta-lerrore-della-contrapposizione\/","title":{"rendered":"Salute o libert\u00e0? L\u2019errore della contrapposizione"},"content":{"rendered":"\n<p class=\"has-text-align-center\"><span style=\"color: #000000;\"><strong><a href=\"https:\/\/www.tempi.it\/\" target=\"_blank\" rel=\"noreferrer noopener\">Tempi <\/a><\/strong>28 luglio 2021 <\/span><\/p>\n\n\n\n<p><span style=\"color: #000000;\"><em>Una delle pi\u00f9 laceranti contrapposizioni che si \u00e8 manifestata \u00e8 quella che riguarda il diritto di libert\u00e0 e il diritto alla salute<\/em> <\/span><\/p>\n\n\n\n<p class=\"has-text-align-center\"><span style=\"color: #000000;\">di <strong>Aldo Vitale<\/strong><\/span><\/p>\n\n\n<div class=\"wp-block-image\">\n<figure class=\"aligncenter size-full is-resized\"><a href=\"https:\/\/www.rassegnastampa-totustuus.it\/cattolica\/wp-content\/uploads\/2021\/08\/virus_green_pass.png\"><img loading=\"lazy\" decoding=\"async\" width=\"225\" height=\"225\" src=\"https:\/\/www.rassegnastampa-totustuus.it\/cattolica\/wp-content\/uploads\/2021\/08\/virus_green_pass.png\" alt=\"\" class=\"wp-image-52203\" style=\"width:281px;height:auto\" srcset=\"https:\/\/www.rassegnastampa-totustuus.it\/cattolica\/wp-content\/uploads\/2021\/08\/virus_green_pass.png 225w, https:\/\/www.rassegnastampa-totustuus.it\/cattolica\/wp-content\/uploads\/2021\/08\/virus_green_pass-150x150.png 150w\" sizes=\"auto, (max-width: 225px) 100vw, 225px\" \/><\/a><\/figure><\/div>\n\n\n<!--more-->\n\n\n\n<p><span style=\"color: #000000;\">Con l\u2019avvento della pandemia, come hanno rilevato autorevoli costituzionalisti di diverso orientamento, sono stati sovvertiti alcuni principi giuridici fondamentali come l\u2019ordine delle fonti, il principio di legalit\u00e0, la piena tutela di diritti e libert\u00e0 costituzionali provvisoriamente compressi e limitati e cos\u00ec via. <\/span><\/p>\n\n\n<div class=\"wp-block-image\">\n<figure class=\"aligncenter is-resized\"><img loading=\"lazy\" decoding=\"async\" width=\"299\" height=\"168\" src=\"https:\/\/www.rassegnastampa-totustuus.it\/cattolica\/wp-content\/uploads\/2020\/10\/virus.jpg\" alt=\"\" class=\"wp-image-48864\" style=\"width:497px;height:auto\"\/><\/figure><\/div>\n\n\n<p><span style=\"color: #000000;\">Una delle pi\u00f9 laceranti contrapposizioni che si \u00e8 manifestata \u2013 oltre quella tra sinistra chiusurista e destra aperturista, tra no-vax e pro-vax, tra virologi e politici \u2013 \u00e8 quella che riguarda il diritto di libert\u00e0 e il diritto alla salute, essendosi trovati questi due diritti fondamentali in contrasto l\u2019un con l\u2019altro cos\u00ec che pare che per essere in salute non si possa essere liberi o che per essere liberi si possa rischiare il proprio e l\u2019altrui stato di salute. <\/span><\/p>\n\n\n\n<p><span style=\"color: #000000;\">Ma \u00e8 proprio cos\u00ec? <\/span><\/p>\n\n\n\n<p><span style=\"color: #000000;\">Evidentemente no, poich\u00e9 non si pu\u00f2 essere realmente liberi se non si \u00e8 anche in salute e non si pu\u00f2 essere davvero in salute se non si \u00e8 anche liberi. <\/span><\/p>\n\n\n\n<h4 class=\"wp-block-heading has-text-align-center\"><span style=\"color: #000000;\"><strong>Una situazione precaria <\/strong><\/span><\/h4>\n\n\n<div class=\"wp-block-image\">\n<figure class=\"aligncenter is-resized\"><img loading=\"lazy\" decoding=\"async\" width=\"275\" height=\"183\" src=\"https:\/\/www.rassegnastampa-totustuus.it\/cattolica\/wp-content\/uploads\/2021\/06\/virus_vaccini_medicina-1.jpg\" alt=\"\" class=\"wp-image-51774\" style=\"width:399px;height:auto\"\/><\/figure><\/div>\n\n\n<p><span style=\"color: #000000;\">Occorre, per\u00f2, comprendere il perch\u00e9 di questa intima relazione esistente tra salute e libert\u00e0 che riflette, in buona sostanza, il rapporto tra materia e forma, tra corpo e anima, tra lettera e spirito. <\/span><\/p>\n\n\n\n<p><span style=\"color: #000000;\">Posto che la libert\u00e0 assoluta, cio\u00e8 senza limiti, non esiste e che se esistesse sarebbe l\u2019esatto contrario della libert\u00e0, cio\u00e8 il puro arbitrio (nel senso di capriccio), occorre anche precisare che anche il concetto di salute \u00e8 da ricondurre nell\u2019alveo di quella costitutiva precariet\u00e0 tipica dell\u2019umano, cos\u00ec che la salute \u00e8 tanto difficile da misurare quanto da garantire in modo pieno e totale. <\/span><\/p>\n\n\n<div class=\"wp-block-image\">\n<figure class=\"aligncenter is-resized\"><img loading=\"lazy\" decoding=\"async\" width=\"300\" height=\"140\" src=\"https:\/\/www.rassegnastampa-totustuus.it\/cattolica\/wp-content\/uploads\/2021\/05\/Virus-300x140.jpg\" alt=\"\" class=\"wp-image-51001\" style=\"width:394px;height:auto\" srcset=\"https:\/\/www.rassegnastampa-totustuus.it\/cattolica\/wp-content\/uploads\/2021\/05\/Virus-300x140.jpg 300w, https:\/\/www.rassegnastampa-totustuus.it\/cattolica\/wp-content\/uploads\/2021\/05\/Virus.jpg 329w\" sizes=\"auto, (max-width: 300px) 100vw, 300px\" \/><\/figure><\/div>\n\n\n<p><span style=\"color: #000000;\">Chiarita la relativit\u00e0 specifica \u2013 non in base ad banale schema di consunto relativismo, ma in base alla loro connaturata instabilit\u00e0 \u2013 dei concetti di libert\u00e0 e salute, occorre altres\u00ec ricordare che la malattia comporta sempre un certo grado di mancanza di indipendenza \u2013 non gi\u00e0 di libert\u00e0 \u2013 perch\u00e9 non soltanto tende ad isolare esistenzialmente il malato (come si evince dalla tragedia greca di Sofocle&nbsp;<em>Filottete<\/em>), ma spinge quest\u2019ultimo all\u2019interdipendenza soggettiva con gli altri che lo circondano, per avere appunto assistenza medica, pratica, psicologica<\/span><\/p>\n\n\n\n<h4 class=\"wp-block-heading has-text-align-center\"><span style=\"color: #000000;\">. <strong>Contesto sociale <\/strong><\/span><\/h4>\n\n\n<div class=\"wp-block-image\">\n<figure class=\"aligncenter is-resized\"><img loading=\"lazy\" decoding=\"async\" width=\"300\" height=\"169\" src=\"https:\/\/www.rassegnastampa-totustuus.it\/cattolica\/wp-content\/uploads\/2020\/09\/totalitarismo_dittatura-300x169.jpg\" alt=\"\" class=\"wp-image-48439\" style=\"width:484px;height:auto\" srcset=\"https:\/\/www.rassegnastampa-totustuus.it\/cattolica\/wp-content\/uploads\/2020\/09\/totalitarismo_dittatura-300x169.jpg 300w, https:\/\/www.rassegnastampa-totustuus.it\/cattolica\/wp-content\/uploads\/2020\/09\/totalitarismo_dittatura-768x432.jpg 768w, https:\/\/www.rassegnastampa-totustuus.it\/cattolica\/wp-content\/uploads\/2020\/09\/totalitarismo_dittatura-1024x576.jpg 1024w, https:\/\/www.rassegnastampa-totustuus.it\/cattolica\/wp-content\/uploads\/2020\/09\/totalitarismo_dittatura.jpg 1920w\" sizes=\"auto, (max-width: 300px) 100vw, 300px\" \/><\/figure><\/div>\n\n\n<p><span style=\"color: #000000;\">La libert\u00e0, per parte sua, \u00e8 del resto sempre precaria, proprio perch\u00e9 pu\u00f2 sempre essere perduta: giuridicamente in seguito alla condanna ad una pena detentiva; socialmente in seguito alla sclerotizzazione delle dinamiche sociali; politicamente in seguito all\u2019avvento di un regime totalitario; psicologicamente in seguito all\u2019assoggettamento ad eventuali dipendenze (per esempio la ludopatia); esistenzialmente in seguito allo smarrimento del senso della vita e dell\u2019umano. <\/span><\/p>\n\n\n\n<p><span style=\"color: #000000;\">Anche la libert\u00e0, del resto, proprio come la salute si pu\u00f2 sperimentare soltanto in un contesto sociale, quindi non isolandosi dagli altri, ma soltanto con gli altri esistendo e co-esistendo. <\/span><\/p>\n\n\n\n<h4 class=\"wp-block-heading has-text-align-center\"><strong><span style=\"color: #000000;\">Falsa libert\u00e0 e falsa salute <\/span><\/strong><\/h4>\n\n\n\n<p><span style=\"color: #000000;\">Tuttavia, proprio perch\u00e9 sia la salute che la libert\u00e0 esprimono in egual misura la caducit\u00e0 ontologica dell\u2019essere umano non soltanto sono assurte a categoria giuridica autonoma condensandosi addirittura nella essenzialit\u00e0 del nucleo dei diritti fondamentali \u2013 cio\u00e8 appunto quelli che fanno da supporto a tutto il resto della struttura sociale della civile convivenza \u2013, ma devono necessariamente essere tutelate in modo paritario proprio per evitare di ledere la fragilit\u00e0 umana di cui sono espressione. <\/span><\/p>\n\n\n\n<p><span style=\"color: #000000;\">Ecco perch\u00e9 una libert\u00e0 rivendicata contro il diritto alla salute \u2013 come per esempio sostenuto da chi si batte per la legalizzazione della morte assistita \u2013 \u00e8 una falsa libert\u00e0, ed ecco perch\u00e9 un diritto alla salute rivendicato contro la libert\u00e0 \u2013 come per esempio l\u2019interruzione volontaria di gravidanza \u2013 \u00e8 un falso diritto alla salute. <\/span><\/p>\n\n\n\n<h4 class=\"wp-block-heading has-text-align-center\"><strong><span style=\"color: #000000;\">L\u2019umano nella sua integralit\u00e0 <\/span><\/strong><\/h4>\n\n\n<div class=\"wp-block-image\">\n<figure class=\"aligncenter is-resized\"><img loading=\"lazy\" decoding=\"async\" width=\"275\" height=\"183\" src=\"https:\/\/www.rassegnastampa-totustuus.it\/cattolica\/wp-content\/uploads\/2019\/05\/diritto_Legge.jpg\" alt=\"\" class=\"wp-image-42968\" style=\"width:479px;height:auto\"\/><\/figure><\/div>\n\n\n<p><span style=\"color: #000000;\">Un ordinamento di uno Stato di diritto, dunque, non pu\u00f2 permettersi di porre in scontro la libert\u00e0 e la salute, come fossero cavalieri in giostra l\u2019un contro l\u2019altro armati, senza rischiare di disconoscere la natura degli stessi e della stessa dimensione assiologica del diritto in quanto tale inteso<strong>. <\/strong><\/span><\/p>\n\n\n\n<p><span style=\"color: #000000;\">Tutelare l\u2019uno e non l\u2019altro, o comprimere l\u2019uno per garantire l\u2019altro, significherebbe tutelare soltanto una parte dell\u2019umano, cio\u00e8 negare o respingere l\u2019umano nella sua integralit\u00e0. <\/span><\/p>\n\n\n\n<p><span style=\"color: #000000;\">L\u2019alternativa, dunque, che \u00e8 emersa con maggiore eminenza durante la pandemia del Covid, cio\u00e8 se essere liberi, ma malati o sani, ma non liberi, dimostra non gi\u00e0 l\u2019inevitabilit\u00e0 del problema, ma la sua errata soluzione non solo per una forma di anemia teoretica ampiamente diffusa specialmente nel mondo scientifico, ma anche e soprattutto a causa di uno strabismo etico che si rifiuta di intendere l\u2019interezza della persona preferendo scomporla nelle sue singole dimensioni.<\/span><\/p>\n\n\n\n<p><\/p>\n","protected":false},"excerpt":{"rendered":"<p>Tempi 28 luglio 2021 Una delle pi\u00f9 laceranti contrapposizioni che si \u00e8 manifestata \u00e8 quella che riguarda il diritto di libert\u00e0 e il diritto alla salute di Aldo Vitale<\/p><p><a class=\"more-link btn\" href=\"https:\/\/www.rassegnastampa-totustuus.it\/cattolica\/salute-o-liberta-lerrore-della-contrapposizione\/\">Continua a leggere<\/a><\/p>\n","protected":false},"author":6,"featured_media":51781,"comment_status":"closed","ping_status":"closed","sticky":false,"template":"","format":"standard","meta":{"footnotes":""},"categories":[10],"tags":[767,2873],"class_list":["post-52202","post","type-post","status-publish","format-standard","has-post-thumbnail","hentry","category-diritto","tag-liberta","tag-salute","item-wrap"],"yoast_head":"<!-- This site is optimized with the Yoast SEO plugin v27.5 - https:\/\/yoast.com\/product\/yoast-seo-wordpress\/ -->\n<title>Salute o libert\u00e0? L\u2019errore della contrapposizione - Rassegna Stampa Cattolica<\/title>\n<meta name=\"description\" content=\"Salute o libert\u00e0? L\u2019errore della contrapposizione. Una delle pi\u00f9 laceranti divisioni: il diritto di libert\u00e0 e il diritto alla salute\" \/>\n<meta name=\"robots\" content=\"index, follow, max-snippet:-1, max-image-preview:large, max-video-preview:-1\" \/>\n<link rel=\"canonical\" href=\"https:\/\/www.rassegnastampa-totustuus.it\/cattolica\/salute-o-liberta-lerrore-della-contrapposizione\/\" \/>\n<meta property=\"og:locale\" content=\"it_IT\" \/>\n<meta property=\"og:type\" content=\"article\" \/>\n<meta property=\"og:title\" content=\"Salute o libert\u00e0? L\u2019errore della contrapposizione - Rassegna Stampa Cattolica\" \/>\n<meta property=\"og:description\" content=\"Salute o libert\u00e0? L\u2019errore della contrapposizione. Una delle pi\u00f9 laceranti divisioni: il diritto di libert\u00e0 e il diritto alla salute\" \/>\n<meta property=\"og:url\" content=\"https:\/\/www.rassegnastampa-totustuus.it\/cattolica\/salute-o-liberta-lerrore-della-contrapposizione\/\" \/>\n<meta property=\"og:site_name\" content=\"Rassegna Stampa Cattolica\" \/>\n<meta property=\"article:publisher\" content=\"https:\/\/www.facebook.com\/rassegnastampacattolica\" \/>\n<meta property=\"article:published_time\" content=\"2021-08-18T22:00:57+00:00\" \/>\n<meta property=\"article:modified_time\" content=\"2025-07-21T12:06:16+00:00\" \/>\n<meta property=\"og:image\" content=\"https:\/\/www.rassegnastampa-totustuus.it\/cattolica\/wp-content\/uploads\/2021\/07\/dittatura_virus.jpg\" \/>\n\t<meta property=\"og:image:width\" content=\"1280\" \/>\n\t<meta property=\"og:image:height\" content=\"720\" \/>\n\t<meta property=\"og:image:type\" content=\"image\/jpeg\" \/>\n<meta name=\"author\" content=\"Redazione\" \/>\n<meta name=\"twitter:card\" content=\"summary_large_image\" \/>\n<meta name=\"twitter:creator\" content=\"@rassegnastampa9\" \/>\n<meta name=\"twitter:site\" content=\"@rassegnastampa9\" \/>\n<meta name=\"twitter:label1\" content=\"Scritto da\" \/>\n\t<meta name=\"twitter:data1\" content=\"Redazione\" \/>\n\t<meta name=\"twitter:label2\" content=\"Tempo di lettura stimato\" \/>\n\t<meta name=\"twitter:data2\" content=\"6 minuti\" \/>\n<script type=\"application\/ld+json\" class=\"yoast-schema-graph\">{\"@context\":\"https:\\\/\\\/schema.org\",\"@graph\":[{\"@type\":\"Article\",\"@id\":\"https:\\\/\\\/www.rassegnastampa-totustuus.it\\\/cattolica\\\/salute-o-liberta-lerrore-della-contrapposizione\\\/#article\",\"isPartOf\":{\"@id\":\"https:\\\/\\\/www.rassegnastampa-totustuus.it\\\/cattolica\\\/salute-o-liberta-lerrore-della-contrapposizione\\\/\"},\"author\":{\"name\":\"Redazione\",\"@id\":\"https:\\\/\\\/www.rassegnastampa-totustuus.it\\\/cattolica\\\/#\\\/schema\\\/person\\\/08f319d2bd1a0904ad9e2bfb7b15e5c3\"},\"headline\":\"Salute o libert\u00e0? L\u2019errore della contrapposizione\",\"datePublished\":\"2021-08-18T22:00:57+00:00\",\"dateModified\":\"2025-07-21T12:06:16+00:00\",\"mainEntityOfPage\":{\"@id\":\"https:\\\/\\\/www.rassegnastampa-totustuus.it\\\/cattolica\\\/salute-o-liberta-lerrore-della-contrapposizione\\\/\"},\"wordCount\":756,\"publisher\":{\"@id\":\"https:\\\/\\\/www.rassegnastampa-totustuus.it\\\/cattolica\\\/#organization\"},\"image\":{\"@id\":\"https:\\\/\\\/www.rassegnastampa-totustuus.it\\\/cattolica\\\/salute-o-liberta-lerrore-della-contrapposizione\\\/#primaryimage\"},\"thumbnailUrl\":\"https:\\\/\\\/www.rassegnastampa-totustuus.it\\\/cattolica\\\/wp-content\\\/uploads\\\/2021\\\/07\\\/dittatura_virus.jpg\",\"keywords\":[\"libert\u00e0\",\"salute\"],\"articleSection\":[\"Diritto\"],\"inLanguage\":\"it-IT\"},{\"@type\":\"WebPage\",\"@id\":\"https:\\\/\\\/www.rassegnastampa-totustuus.it\\\/cattolica\\\/salute-o-liberta-lerrore-della-contrapposizione\\\/\",\"url\":\"https:\\\/\\\/www.rassegnastampa-totustuus.it\\\/cattolica\\\/salute-o-liberta-lerrore-della-contrapposizione\\\/\",\"name\":\"Salute o libert\u00e0? L\u2019errore della contrapposizione - Rassegna Stampa Cattolica\",\"isPartOf\":{\"@id\":\"https:\\\/\\\/www.rassegnastampa-totustuus.it\\\/cattolica\\\/#website\"},\"primaryImageOfPage\":{\"@id\":\"https:\\\/\\\/www.rassegnastampa-totustuus.it\\\/cattolica\\\/salute-o-liberta-lerrore-della-contrapposizione\\\/#primaryimage\"},\"image\":{\"@id\":\"https:\\\/\\\/www.rassegnastampa-totustuus.it\\\/cattolica\\\/salute-o-liberta-lerrore-della-contrapposizione\\\/#primaryimage\"},\"thumbnailUrl\":\"https:\\\/\\\/www.rassegnastampa-totustuus.it\\\/cattolica\\\/wp-content\\\/uploads\\\/2021\\\/07\\\/dittatura_virus.jpg\",\"datePublished\":\"2021-08-18T22:00:57+00:00\",\"dateModified\":\"2025-07-21T12:06:16+00:00\",\"description\":\"Salute o libert\u00e0? L\u2019errore della contrapposizione. Una delle pi\u00f9 laceranti divisioni: il diritto di libert\u00e0 e il diritto alla salute\",\"breadcrumb\":{\"@id\":\"https:\\\/\\\/www.rassegnastampa-totustuus.it\\\/cattolica\\\/salute-o-liberta-lerrore-della-contrapposizione\\\/#breadcrumb\"},\"inLanguage\":\"it-IT\",\"potentialAction\":[{\"@type\":\"ReadAction\",\"target\":[\"https:\\\/\\\/www.rassegnastampa-totustuus.it\\\/cattolica\\\/salute-o-liberta-lerrore-della-contrapposizione\\\/\"]}]},{\"@type\":\"ImageObject\",\"inLanguage\":\"it-IT\",\"@id\":\"https:\\\/\\\/www.rassegnastampa-totustuus.it\\\/cattolica\\\/salute-o-liberta-lerrore-della-contrapposizione\\\/#primaryimage\",\"url\":\"https:\\\/\\\/www.rassegnastampa-totustuus.it\\\/cattolica\\\/wp-content\\\/uploads\\\/2021\\\/07\\\/dittatura_virus.jpg\",\"contentUrl\":\"https:\\\/\\\/www.rassegnastampa-totustuus.it\\\/cattolica\\\/wp-content\\\/uploads\\\/2021\\\/07\\\/dittatura_virus.jpg\",\"width\":1280,\"height\":720},{\"@type\":\"BreadcrumbList\",\"@id\":\"https:\\\/\\\/www.rassegnastampa-totustuus.it\\\/cattolica\\\/salute-o-liberta-lerrore-della-contrapposizione\\\/#breadcrumb\",\"itemListElement\":[{\"@type\":\"ListItem\",\"position\":1,\"name\":\"Home\",\"item\":\"https:\\\/\\\/www.rassegnastampa-totustuus.it\\\/cattolica\\\/\"},{\"@type\":\"ListItem\",\"position\":2,\"name\":\"Salute o libert\u00e0? L\u2019errore della contrapposizione\"}]},{\"@type\":\"WebSite\",\"@id\":\"https:\\\/\\\/www.rassegnastampa-totustuus.it\\\/cattolica\\\/#website\",\"url\":\"https:\\\/\\\/www.rassegnastampa-totustuus.it\\\/cattolica\\\/\",\"name\":\"Rassegna Stampa Cattolica\",\"description\":\"Per una cultura che nasce dalla Rivelazione cristiana in conformit\u00e0 alla tradizione e al Magistero della Chiesa in opposizione ad ogni relativismo e totalitarismo\",\"publisher\":{\"@id\":\"https:\\\/\\\/www.rassegnastampa-totustuus.it\\\/cattolica\\\/#organization\"},\"alternateName\":\"Rass. Cattolica\",\"potentialAction\":[{\"@type\":\"SearchAction\",\"target\":{\"@type\":\"EntryPoint\",\"urlTemplate\":\"https:\\\/\\\/www.rassegnastampa-totustuus.it\\\/cattolica\\\/?s={search_term_string}\"},\"query-input\":{\"@type\":\"PropertyValueSpecification\",\"valueRequired\":true,\"valueName\":\"search_term_string\"}}],\"inLanguage\":\"it-IT\"},{\"@type\":\"Organization\",\"@id\":\"https:\\\/\\\/www.rassegnastampa-totustuus.it\\\/cattolica\\\/#organization\",\"name\":\"Rassegna Stampa Cattolica\",\"url\":\"https:\\\/\\\/www.rassegnastampa-totustuus.it\\\/cattolica\\\/\",\"logo\":{\"@type\":\"ImageObject\",\"inLanguage\":\"it-IT\",\"@id\":\"https:\\\/\\\/www.rassegnastampa-totustuus.it\\\/cattolica\\\/#\\\/schema\\\/logo\\\/image\\\/\",\"url\":\"https:\\\/\\\/www.rassegnastampa-totustuus.it\\\/cattolica\\\/wp-content\\\/uploads\\\/2014\\\/04\\\/logo-rassegna1.gif\",\"contentUrl\":\"https:\\\/\\\/www.rassegnastampa-totustuus.it\\\/cattolica\\\/wp-content\\\/uploads\\\/2014\\\/04\\\/logo-rassegna1.gif\",\"width\":600,\"height\":163,\"caption\":\"Rassegna Stampa Cattolica\"},\"image\":{\"@id\":\"https:\\\/\\\/www.rassegnastampa-totustuus.it\\\/cattolica\\\/#\\\/schema\\\/logo\\\/image\\\/\"},\"sameAs\":[\"https:\\\/\\\/www.facebook.com\\\/rassegnastampacattolica\",\"https:\\\/\\\/x.com\\\/rassegnastampa9\"]},{\"@type\":\"Person\",\"@id\":\"https:\\\/\\\/www.rassegnastampa-totustuus.it\\\/cattolica\\\/#\\\/schema\\\/person\\\/08f319d2bd1a0904ad9e2bfb7b15e5c3\",\"name\":\"Redazione\",\"image\":{\"@type\":\"ImageObject\",\"inLanguage\":\"it-IT\",\"@id\":\"https:\\\/\\\/secure.gravatar.com\\\/avatar\\\/2fcdf27c78ea025fbdb44e914cc63c72249ffec9dc8aafd5c82b26240ef3f346?s=96&d=mm&r=g\",\"url\":\"https:\\\/\\\/secure.gravatar.com\\\/avatar\\\/2fcdf27c78ea025fbdb44e914cc63c72249ffec9dc8aafd5c82b26240ef3f346?s=96&d=mm&r=g\",\"contentUrl\":\"https:\\\/\\\/secure.gravatar.com\\\/avatar\\\/2fcdf27c78ea025fbdb44e914cc63c72249ffec9dc8aafd5c82b26240ef3f346?s=96&d=mm&r=g\",\"caption\":\"Redazione\"},\"url\":\"https:\\\/\\\/www.rassegnastampa-totustuus.it\\\/cattolica\\\/author\\\/pietroelle\\\/\"}]}<\/script>\n<!-- \/ Yoast SEO plugin. -->","yoast_head_json":{"title":"Salute o libert\u00e0? L\u2019errore della contrapposizione - Rassegna Stampa Cattolica","description":"Salute o libert\u00e0? L\u2019errore della contrapposizione. Una delle pi\u00f9 laceranti divisioni: il diritto di libert\u00e0 e il diritto alla salute","robots":{"index":"index","follow":"follow","max-snippet":"max-snippet:-1","max-image-preview":"max-image-preview:large","max-video-preview":"max-video-preview:-1"},"canonical":"https:\/\/www.rassegnastampa-totustuus.it\/cattolica\/salute-o-liberta-lerrore-della-contrapposizione\/","og_locale":"it_IT","og_type":"article","og_title":"Salute o libert\u00e0? L\u2019errore della contrapposizione - Rassegna Stampa Cattolica","og_description":"Salute o libert\u00e0? L\u2019errore della contrapposizione. Una delle pi\u00f9 laceranti divisioni: il diritto di libert\u00e0 e il diritto alla salute","og_url":"https:\/\/www.rassegnastampa-totustuus.it\/cattolica\/salute-o-liberta-lerrore-della-contrapposizione\/","og_site_name":"Rassegna Stampa Cattolica","article_publisher":"https:\/\/www.facebook.com\/rassegnastampacattolica","article_published_time":"2021-08-18T22:00:57+00:00","article_modified_time":"2025-07-21T12:06:16+00:00","og_image":[{"width":1280,"height":720,"url":"https:\/\/www.rassegnastampa-totustuus.it\/cattolica\/wp-content\/uploads\/2021\/07\/dittatura_virus.jpg","type":"image\/jpeg"}],"author":"Redazione","twitter_card":"summary_large_image","twitter_creator":"@rassegnastampa9","twitter_site":"@rassegnastampa9","twitter_misc":{"Scritto da":"Redazione","Tempo di lettura stimato":"6 minuti"},"schema":{"@context":"https:\/\/schema.org","@graph":[{"@type":"Article","@id":"https:\/\/www.rassegnastampa-totustuus.it\/cattolica\/salute-o-liberta-lerrore-della-contrapposizione\/#article","isPartOf":{"@id":"https:\/\/www.rassegnastampa-totustuus.it\/cattolica\/salute-o-liberta-lerrore-della-contrapposizione\/"},"author":{"name":"Redazione","@id":"https:\/\/www.rassegnastampa-totustuus.it\/cattolica\/#\/schema\/person\/08f319d2bd1a0904ad9e2bfb7b15e5c3"},"headline":"Salute o libert\u00e0? L\u2019errore della contrapposizione","datePublished":"2021-08-18T22:00:57+00:00","dateModified":"2025-07-21T12:06:16+00:00","mainEntityOfPage":{"@id":"https:\/\/www.rassegnastampa-totustuus.it\/cattolica\/salute-o-liberta-lerrore-della-contrapposizione\/"},"wordCount":756,"publisher":{"@id":"https:\/\/www.rassegnastampa-totustuus.it\/cattolica\/#organization"},"image":{"@id":"https:\/\/www.rassegnastampa-totustuus.it\/cattolica\/salute-o-liberta-lerrore-della-contrapposizione\/#primaryimage"},"thumbnailUrl":"https:\/\/www.rassegnastampa-totustuus.it\/cattolica\/wp-content\/uploads\/2021\/07\/dittatura_virus.jpg","keywords":["libert\u00e0","salute"],"articleSection":["Diritto"],"inLanguage":"it-IT"},{"@type":"WebPage","@id":"https:\/\/www.rassegnastampa-totustuus.it\/cattolica\/salute-o-liberta-lerrore-della-contrapposizione\/","url":"https:\/\/www.rassegnastampa-totustuus.it\/cattolica\/salute-o-liberta-lerrore-della-contrapposizione\/","name":"Salute o libert\u00e0? L\u2019errore della contrapposizione - Rassegna Stampa Cattolica","isPartOf":{"@id":"https:\/\/www.rassegnastampa-totustuus.it\/cattolica\/#website"},"primaryImageOfPage":{"@id":"https:\/\/www.rassegnastampa-totustuus.it\/cattolica\/salute-o-liberta-lerrore-della-contrapposizione\/#primaryimage"},"image":{"@id":"https:\/\/www.rassegnastampa-totustuus.it\/cattolica\/salute-o-liberta-lerrore-della-contrapposizione\/#primaryimage"},"thumbnailUrl":"https:\/\/www.rassegnastampa-totustuus.it\/cattolica\/wp-content\/uploads\/2021\/07\/dittatura_virus.jpg","datePublished":"2021-08-18T22:00:57+00:00","dateModified":"2025-07-21T12:06:16+00:00","description":"Salute o libert\u00e0? L\u2019errore della contrapposizione. Una delle pi\u00f9 laceranti divisioni: il diritto di libert\u00e0 e il diritto alla salute","breadcrumb":{"@id":"https:\/\/www.rassegnastampa-totustuus.it\/cattolica\/salute-o-liberta-lerrore-della-contrapposizione\/#breadcrumb"},"inLanguage":"it-IT","potentialAction":[{"@type":"ReadAction","target":["https:\/\/www.rassegnastampa-totustuus.it\/cattolica\/salute-o-liberta-lerrore-della-contrapposizione\/"]}]},{"@type":"ImageObject","inLanguage":"it-IT","@id":"https:\/\/www.rassegnastampa-totustuus.it\/cattolica\/salute-o-liberta-lerrore-della-contrapposizione\/#primaryimage","url":"https:\/\/www.rassegnastampa-totustuus.it\/cattolica\/wp-content\/uploads\/2021\/07\/dittatura_virus.jpg","contentUrl":"https:\/\/www.rassegnastampa-totustuus.it\/cattolica\/wp-content\/uploads\/2021\/07\/dittatura_virus.jpg","width":1280,"height":720},{"@type":"BreadcrumbList","@id":"https:\/\/www.rassegnastampa-totustuus.it\/cattolica\/salute-o-liberta-lerrore-della-contrapposizione\/#breadcrumb","itemListElement":[{"@type":"ListItem","position":1,"name":"Home","item":"https:\/\/www.rassegnastampa-totustuus.it\/cattolica\/"},{"@type":"ListItem","position":2,"name":"Salute o libert\u00e0? L\u2019errore della contrapposizione"}]},{"@type":"WebSite","@id":"https:\/\/www.rassegnastampa-totustuus.it\/cattolica\/#website","url":"https:\/\/www.rassegnastampa-totustuus.it\/cattolica\/","name":"Rassegna Stampa Cattolica","description":"Per una cultura che nasce dalla Rivelazione cristiana in conformit\u00e0 alla tradizione e al Magistero della Chiesa in opposizione ad ogni relativismo e totalitarismo","publisher":{"@id":"https:\/\/www.rassegnastampa-totustuus.it\/cattolica\/#organization"},"alternateName":"Rass. Cattolica","potentialAction":[{"@type":"SearchAction","target":{"@type":"EntryPoint","urlTemplate":"https:\/\/www.rassegnastampa-totustuus.it\/cattolica\/?s={search_term_string}"},"query-input":{"@type":"PropertyValueSpecification","valueRequired":true,"valueName":"search_term_string"}}],"inLanguage":"it-IT"},{"@type":"Organization","@id":"https:\/\/www.rassegnastampa-totustuus.it\/cattolica\/#organization","name":"Rassegna Stampa Cattolica","url":"https:\/\/www.rassegnastampa-totustuus.it\/cattolica\/","logo":{"@type":"ImageObject","inLanguage":"it-IT","@id":"https:\/\/www.rassegnastampa-totustuus.it\/cattolica\/#\/schema\/logo\/image\/","url":"https:\/\/www.rassegnastampa-totustuus.it\/cattolica\/wp-content\/uploads\/2014\/04\/logo-rassegna1.gif","contentUrl":"https:\/\/www.rassegnastampa-totustuus.it\/cattolica\/wp-content\/uploads\/2014\/04\/logo-rassegna1.gif","width":600,"height":163,"caption":"Rassegna Stampa Cattolica"},"image":{"@id":"https:\/\/www.rassegnastampa-totustuus.it\/cattolica\/#\/schema\/logo\/image\/"},"sameAs":["https:\/\/www.facebook.com\/rassegnastampacattolica","https:\/\/x.com\/rassegnastampa9"]},{"@type":"Person","@id":"https:\/\/www.rassegnastampa-totustuus.it\/cattolica\/#\/schema\/person\/08f319d2bd1a0904ad9e2bfb7b15e5c3","name":"Redazione","image":{"@type":"ImageObject","inLanguage":"it-IT","@id":"https:\/\/secure.gravatar.com\/avatar\/2fcdf27c78ea025fbdb44e914cc63c72249ffec9dc8aafd5c82b26240ef3f346?s=96&d=mm&r=g","url":"https:\/\/secure.gravatar.com\/avatar\/2fcdf27c78ea025fbdb44e914cc63c72249ffec9dc8aafd5c82b26240ef3f346?s=96&d=mm&r=g","contentUrl":"https:\/\/secure.gravatar.com\/avatar\/2fcdf27c78ea025fbdb44e914cc63c72249ffec9dc8aafd5c82b26240ef3f346?s=96&d=mm&r=g","caption":"Redazione"},"url":"https:\/\/www.rassegnastampa-totustuus.it\/cattolica\/author\/pietroelle\/"}]}},"_links":{"self":[{"href":"https:\/\/www.rassegnastampa-totustuus.it\/cattolica\/wp-json\/wp\/v2\/posts\/52202","targetHints":{"allow":["GET"]}}],"collection":[{"href":"https:\/\/www.rassegnastampa-totustuus.it\/cattolica\/wp-json\/wp\/v2\/posts"}],"about":[{"href":"https:\/\/www.rassegnastampa-totustuus.it\/cattolica\/wp-json\/wp\/v2\/types\/post"}],"author":[{"embeddable":true,"href":"https:\/\/www.rassegnastampa-totustuus.it\/cattolica\/wp-json\/wp\/v2\/users\/6"}],"replies":[{"embeddable":true,"href":"https:\/\/www.rassegnastampa-totustuus.it\/cattolica\/wp-json\/wp\/v2\/comments?post=52202"}],"version-history":[{"count":5,"href":"https:\/\/www.rassegnastampa-totustuus.it\/cattolica\/wp-json\/wp\/v2\/posts\/52202\/revisions"}],"predecessor-version":[{"id":63445,"href":"https:\/\/www.rassegnastampa-totustuus.it\/cattolica\/wp-json\/wp\/v2\/posts\/52202\/revisions\/63445"}],"wp:featuredmedia":[{"embeddable":true,"href":"https:\/\/www.rassegnastampa-totustuus.it\/cattolica\/wp-json\/wp\/v2\/media\/51781"}],"wp:attachment":[{"href":"https:\/\/www.rassegnastampa-totustuus.it\/cattolica\/wp-json\/wp\/v2\/media?parent=52202"}],"wp:term":[{"taxonomy":"category","embeddable":true,"href":"https:\/\/www.rassegnastampa-totustuus.it\/cattolica\/wp-json\/wp\/v2\/categories?post=52202"},{"taxonomy":"post_tag","embeddable":true,"href":"https:\/\/www.rassegnastampa-totustuus.it\/cattolica\/wp-json\/wp\/v2\/tags?post=52202"}],"curies":[{"name":"wp","href":"https:\/\/api.w.org\/{rel}","templated":true}]}}