{"id":5210,"date":"2012-09-27T00:00:00","date_gmt":"2012-09-26T22:00:00","guid":{"rendered":""},"modified":"2015-11-13T08:43:02","modified_gmt":"2015-11-13T07:43:02","slug":"bufale-20-intervista-al-cacciatore-di-frottole-paolo-attivissimo","status":"publish","type":"post","link":"https:\/\/www.rassegnastampa-totustuus.it\/cattolica\/bufale-20-intervista-al-cacciatore-di-frottole-paolo-attivissimo\/","title":{"rendered":"Bufale 2.0: intervista al cacciatore di frottole Paolo Attivissimo"},"content":{"rendered":"<div style=\"text-align: center;\"><strong><a href=\"https:\/\/www.rassegnastampa-totustuus.it\/cattolica\/wp-content\/uploads\/2012\/09\/scie_chimiche.jpg\"><img loading=\"lazy\" decoding=\"async\" class=\"alignleft wp-image-27650\" src=\"https:\/\/www.rassegnastampa-totustuus.it\/cattolica\/wp-content\/uploads\/2012\/09\/scie_chimiche.jpg\" alt=\"scie_chimiche\" width=\"250\" height=\"206\" \/><\/a>Tempi<\/strong>, 30 settembre 2011<\/div>\n<p style=\"text-align: justify;\"><em>Teorie del complotto e leggende metropolitane. Non \u00e8 solo il web a spararle grosse. Dalle balle dell\u2019Espresso sull\u201911\/9 alle panzane di Voyager e Mistero, il cacciatore di frottole Paolo Attivissimo smonta il circuito mediatico della disinformazione. Pubblichiamo l\u2019intervista apparsa sul numero 38 di Tempi<br \/>\n<\/em><\/p>\n<p style=\"text-align: center;\">di <strong>Rodolfo Casadei <\/strong><\/p>\n<p><!--more--><\/p>\n<div style=\"text-align: justify;\">\u00abCercate informazioni su una delle tante storie che circolano in Rete? Avete ricevuto una catena di sant\u2019Antonio contenente un appello o un allarme che vi preoccupa e vorreste verificare?\u00bb.<\/div>\n<div style=\"text-align: justify;\">Esordisce cos\u00ec il \u201cServizio Antibufala\u201d di <em>Il Disinformatico<\/em>, il blog gestito da Paolo Attivissimo, giornalista informatico e cacciatore di bufale. Per anni Attivissimo, che ha il doppio passaporto italiano e britannico e vive in Svizzera, \u00e8 stato soprattutto un grande divulgatore di informatica. I suoi libri si intitolavano <em>Il modem per tutti<\/em>, <em>Internet per tutti<\/em>, <em>Da Windows a Linux<\/em>,<em> L\u2019Acchiappavirus<\/em>.<\/div>\n<p style=\"text-align: justify;\">Due volte (2008 e 2009) ha vinto il premio Macchianera per il miglior blog tecnico-divulgativo. Ma negli ultimi anni una buona parte del suo tempo, delle sue attivit\u00e0 on-line e dei suoi scritti li dedica a una meritoria opera: scovare e smontare le false notizie sensazionali, i falsi appelli, i falsi complotti di cui la rete rigurgita come una fogna intasata.<\/p>\n<p style=\"text-align: justify;\">Adesso i suoi libri si intitolano <em>11\/9 &#8211; La cospirazione impossibile<\/em>, <em>Zerobubbole Pocket<\/em> e <em>Luna<\/em>? S\u00ec, ci siamo andati. E sotto la sua direzione \u00e8 nato e opera il blog undicisettembre.blogspot.com, dedicato alla confutazione delle teorie del complotto sugli attentati del 2001. Indaffaratissimo come lascia intendere il cognome (che non \u00e8 uno pseudonimo), Attivissimo ha trovato il tempo per farsi intervistare da Tempi.<\/p>\n<p style=\"text-align: justify;\"><strong>Com<\/strong><strong>\u2019<\/strong><strong>\u00e8 nata questa vocazione di giornalista informatico \u201ccacciatore di bufale\u201d? Perch\u00e9 lo fa?<\/strong><\/p>\n<p style=\"text-align: justify;\">\u00c8 nata assolutamente per caso. Negli anni Novanta avevo scritto uno dei primi libri italiani sull\u2019allora nascente Internet accessibile a tutti e vi avevo incluso una paginetta con le principali bufale che gi\u00e0 allora circolavano in Rete. I lettori hanno segnalato altri appelli analoghi chiedendomi ragguagli e ho iniziato a rispondere. Poi ho pensato che un sito web che raccogliesse le mie risposte sui casi pi\u00f9 frequenti avrebbe offerto un servizio migliore ai lettori e mi avrebbe fatto risparmiare tempo. Non l\u2019avessi mai fatto! Invece di arginare il flusso di domande, mi sono trovato con un fiume di richieste di nuove indagini. Cos\u00ec \u00e8 nato il Servizio Antibufala, che adesso raccoglie oltre 350 indagini pubblicamente consultabili.<\/p>\n<p style=\"text-align: justify;\"><strong>Qual \u00e8 stata la sua prima bufala? Qual \u00e8 stata la prima fandonia che ha smontato?<\/strong><\/p>\n<p style=\"text-align: justify;\">Credo che fosse la storia di Craig Shergold, il ragazzino affetto da un tumore al cervello che voleva entrare nel Guinness dei primati per il maggior numero di cartoline o di mail di auguri. Craig esisteva davvero e il suo appello inizialmente era reale, ma nel frattempo era stato operato e stava bene. Era stato costretto a cambiare indirizzo e nascondersi perch\u00e9 tormentato da milioni di cartoline che intasavano ospedali e uffici postali. Non sempre gli appelli sono bufale: spesso nascono da verit\u00e0 iniziali che man mano vengono alterate o diventano obsolete.<\/p>\n<p style=\"text-align: justify;\"><strong>Alcune inchieste dell\u2019Espresso hanno fatto la storia dell<\/strong><strong>\u2019<\/strong><strong>Italia. Ci lavorano fior di professionisti. Eppure recentemente hanno distribuito il dvd di <em>Zero<\/em>, l\u2019opera collettiva curata da Giulietto Chiesa che fa da megafono alle teorie cospirazioniste intorno agli attentati dell\u201911 settembre. Come se lo spiega?<\/strong><strong><br \/>\n<\/strong><\/p>\n<p style=\"text-align: justify;\">Questa \u00e8 una domanda che andrebbe rivolta a chi ha fatto questa scelta editoriale. Io posso soltanto segnalare che <em>Zero<\/em> presenta come esperti un ex militare che afferma di poter attraversare i muri (quello del film <em>L\u2019uomo che fissa le capre<\/em>), una signora che parla con l\u2019aldil\u00e0 via computer, un teologo e una ex spogliarellista. Di veri esperti o dei 55 testimoni oculari che videro un aereo di linea colpire il Pentagono non c\u2019\u00e8 traccia. \u00c8 una scelta documentaristica perlomeno bizzarra.<\/p>\n<p style=\"text-align: justify;\">Oltretutto <em>Zero<\/em> propone ricostruzioni alternative che si contraddicono a vicenda. Con l\u2019aiuto del Gruppo Undicisettembre (<a href=\"http:\/\/undicisettembre.info\/\">http:\/\/undicisettembre.info<\/a>) e di esperti effettivi nei campi pertinenti (ingegneria strutturale, aviazione, incendi) ho compilato un elenco di oltre cento errori tecnici gravi presenti in <em>Zero<\/em> che \u00e8 scaricabile gratuitamente e s\u2019intitola <em>Zerobubbole pocket<\/em>. Cos\u00ec ognuno pu\u00f2 valutare i fatti e farsi la propria opinione.<\/p>\n<p style=\"text-align: justify;\"><strong>C\u2019\u00e8 un paradigma, uno schema, un metodo nella produzione e diffusione delle bufale? Qual \u00e8 il segreto che permette di far credere una stupidaggine a un gran numero di persone?<\/strong><\/p>\n<p style=\"text-align: justify;\">Sulla base della mia esperienza, la chiave del successo di una bufala o di una teoria di complotto \u00e8 saper soddisfare un pregiudizio o un preconcetto diffuso e fornire soluzioni semplici a problemi complessi. Per esempio, la bufala dei coloranti cancerogeni nelle merendine funziona perch\u00e9 abbiamo istintivamente paura delle malattie e delle sostanze chimiche dai nomi strani e ci fa comodo pensare che per evitare entrambe ci basti fare attenzione a una lista di prodotti da non comprare. Un esempio classico di questi processi \u00e8 la storia del Dhmo (monossido di idrogeno).<\/p>\n<p style=\"text-align: justify;\">\u00c8 un dato di fatto che \u00e8 presente anche nel corpo dei neonati sin dalla nascita, lo si trova nell\u2019acqua piovana e persino nei ghiacci polari pi\u00f9 remoti. Se chiedete a qualcuno di firmare una petizione contro il Dhmo dicendo queste cose (che sono vere), \u00e8 molto probabile che accetti. A meno che sia un chimico, perch\u00e9 il monossido di idrogeno non \u00e8 altro che il nome chimico (un po\u2019 stiracchiato) dell\u2019acqua pura.<\/p>\n<p style=\"text-align: justify;\"><strong>Che cosa dicono di lei i suoi avversari, cio\u00e8 i propugnatori delle teorie del complotto? La accusano di essere un agente della Cia o dei vari governi? Con quali prove, se non siamo impertinenti?<\/strong><\/p>\n<p style=\"text-align: justify;\">Chi formula queste accuse non sente il bisogno di prove: la sua verit\u00e0 gli appare fin troppo evidente. Purtroppo molti preferiscono sparare al messaggero invece di valutare se il messaggio \u00e8 valido (che piaccia o no), e cos\u00ec vengo accusato di essere al soldo delle multinazionali del farmaco, della Cia, dei Rettiliani e degli Illuminati.<br \/>\n<strong><br \/>\n<\/strong><strong>A volte si ha l\u2019impressione che le spiegazioni razionali non servano a nulla. In Turchia il 75 per cento delle persone, secondo un sondaggio, credono che l\u201911 settembre sia una cospirazione americana; e anche in Europa e negli Usa viaggiamo fra il 15 e il 21 per cento a seconda dei paesi. Come se lo spiega?<\/strong><\/p>\n<p style=\"text-align: justify;\">Bisognerebbe vedere esattamente in che termini sono state poste le domande di questi sondaggi, perch\u00e9 un conto \u00e8 sospettare che l\u2019amministrazione Usa non abbia ancora raccontato tutto (fra questi mi ci metto senza problemi anch\u2019io), un altro \u00e8 sostenere che le Torri Gemelle sono state demolite di nascosto o che nessun aereo ha colpito il Pentagono quando vigili del fuoco, testimoni ed esperti non hanno alcun dubbio in proposito.<\/p>\n<p style=\"text-align: justify;\">Nel mio campo si dice spesso che se qualcuno si \u00e8 messo in testa un\u2019idea senza ragionarci (perch\u00e9 vuole che sia vera), non c\u2019\u00e8 ragionamento che possa levargliela dalla testa. Le bufale non raccontano la realt\u00e0: raccontano la nostra visione di come vorremmo che fosse la realt\u00e0. La vorremmo semplice e intuitiva.<\/p>\n<p style=\"text-align: justify;\">Vorremmo nemici facilmente individuabili anzich\u00e9 terroristi che si annidano tra noi. Vorremmo braccialetti che scacciano il cancro invece di complesse terapie ad alto rischio. Ma l\u2019universo ha dimostrato ampiamente di fregarsene dei nostri desideri. Rispondere direttamente alle tesi di complotto non funziona quasi mai. Prima bisogna abituare al pensiero critico e all\u2019accettazione della complessit\u00e0 delle cose. Purtroppo questo non viene insegnato a scuola; anzi, gli educatori tendono a soffocare il desiderio di critica dei giovani.<\/p>\n<p style=\"text-align: justify;\"><strong>\u00c8 mai riuscito a convincere qualcuno che all<\/strong><strong>\u2019<\/strong><strong>inizio credeva nella verit\u00e0 di una bufala? L\u2019ha mai ringraziata qualcuno?<\/strong><\/p>\n<p style=\"text-align: justify;\">S\u00ec, capita abbastanza spesso. Alcuni non vogliono cambiare idea neanche di fronte all\u2019evidenza (una volta ho ingerito in pubblico un intero flacone di sonnifero omeopatico e non mi sono addormentato). Ma se l\u2019interlocutore ha la mente aperta e gli si mostra che la sua idea \u00e8 basata su una conoscenza incompleta dei fatti, \u00e8 facile che cambi opinione.<\/p>\n<p style=\"text-align: justify;\">\u00c8 molto importante far capire che non si tratta di convincerlo che io ho ragione e lui torto, ma che si tratta per entrambi di accettare i fatti, belli o brutti che siano. A volte questo \u00e8 sconsolante; in altri casi, come per esempio le tesi di messinscena dell\u2019allunaggio americano nel 1969, \u00e8 una rivelazione: \u00e8 la scoperta che quella che si credeva fosse una invenzione propagandistica \u00e8 in realt\u00e0 una delle pi\u00f9 affascinanti avventure e dimostrazioni di cosa sappiamo fare con la scienza quando ci rimbocchiamo le maniche e smettiamo di battibeccare. I ringraziamenti arrivano e mi ripagano ampiamente degli insulti.<\/p>\n<p style=\"text-align: justify;\"><strong>Quali sono le bufale che godono dei pi\u00f9 autorevoli sostenitori? Chi sono i pi\u00f9 autorevoli personaggi che si sono fatti, nel tempo, sostenitori di bufale?<\/strong><\/p>\n<p style=\"text-align: justify;\">Le bufale pi\u00f9 gettonate e con i migliori garanti sono, a quanto mi risulta, gli oroscopi (non hanno nessuna efficacia predittiva), l\u2019omeopatia (i cui rimedi non contengono, per definizione, nessun principio attivo), le tesi alternative sull\u201911 settembre, la fine del mondo nel 2012 (irresponsabilmente sponsorizzata dalla Rai con il programma <em>Voyager<\/em>) e l\u2019ufologia (non tutta, ma buona parte).<\/p>\n<p style=\"text-align: justify;\">Credo che fra i personaggi noti che sono stati sedotti dal potere della bufala si debbano citare Beppe Grillo con la Biowashball (pallina \u201cmagica\u201d che doveva sostituire il detersivo ma \u00e8 in realt\u00e0 un moltiplicatore di germi), Licia Col\u00f2 con il mito dei gattini allevati in bottiglia e i vari sportivi e personaggi dello spettacolo che si sono resi sponsor del braccialetto Power Balance. Eleonora Brigliadori, con la sua promozione dell\u2019urinoterapia, merita una menzione speciale. Forse dovrei chiamarla \u201cminzione\u201d.<\/p>\n<p style=\"text-align: justify;\"><strong>Questi personaggi sono in buona fede o in mala fede? Sono sempliciotti o persone prive di scrupoli? Che cosa li muove?<\/strong><\/p>\n<p style=\"text-align: justify;\">\u00c8 difficile distinguere, da fuori, fra mala fede e autoinganno. Ci sono molti mercanti del nulla che a furia di ripetere le stesse frottole hanno cominciato a credere che siano vere. Ci sono anche parecchi truffatori perfettamente consapevoli di esserlo. La bufala \u00e8 un business redditizio: ci vogliono pochi secondi per fabbricare una panzana di successo, e se si fa leva sui desideri delle persone si fanno tanti soldi con poca fatica.<\/p>\n<p style=\"text-align: justify;\">Lo dimostra la schiera di cartomanti, astrologi, guaritori e sensitivi che intascano parcelle incredibili ed estorcono denaro a chi \u00e8 stato colpito da un lutto o da una malattia. Poi ci sono i casi terribili, come quello di Clara Palomba, sedicenne diabetica, morta perch\u00e9 i genitori le hanno tolto l\u2019insulina, convinti da una guaritrice. Di questa morte non \u00e8 responsabile soltanto la guaritrice stessa, ma tutto il sistema che alimenta queste credenze irrazionali. Basta guardare quanti giornali pubblicano l\u2019oroscopo. Che male fa? Predispone a credere alle panzane. Il risultato ultimo \u00e8 la morte di una ragazzina innocente.<\/p>\n<p style=\"text-align: justify;\"><strong>Le leggende metropolitane, sono sempre esistite. Cosa \u00e8 cambiato con internet?<\/strong><\/p>\n<p style=\"text-align: justify;\">Internet ne ha moltiplicato la velocit\u00e0 di diffusione. Oggi un allarme o un appello lanciato su Facebook arriva in poche ore a milioni di persone e ognuno di noi ha un pulpito dal quale comunicare a tutto il pianeta qualunque cosa. \u00c8 venuto a mancare il filtro critico: oggi si dice \u201cl\u2019ho visto su Internet\u201d con la stessa convinzione d\u2019infallibilit\u00e0 con la quale si diceva \u201cl\u2019ho letto sul giornale\u201d o \u201cl\u2019ho visto al telegiornale\u201d.<\/p>\n<p style=\"text-align: justify;\">Un altro effetto importante di Internet \u00e8 la decontestualizzazione delle informazioni: vedo una foto di un evento, ma spesso non so chi l\u2019ha scattata, se \u00e8 stata manipolata, se ce ne sono altre che chiariscono la situazione. Non so nulla del contesto al quale si riferisce. Quel ragazzo chino su una signora sdraiata sul marciapiedi \u00e8 un borseggiatore o un soccorritore?<\/p>\n<p style=\"text-align: justify;\"><strong>Quali sono, attualmente, le bufale pi\u00f9 diffuse e pi\u00f9 credute? Qual \u00e8 la numero uno?<\/strong><\/p>\n<p style=\"text-align: justify;\">In termini di diffusione pura e semplice, credo che la profezia della fine del mondo a dicembre del 2012, attribuita erroneamente ai Maya, sia popolarissima; ma bisogna capire quanti ci credono realmente. In termini di credenza, penso che l\u2019esistenza dei fenomeni paranormali sia al primo posto, nonostante nessuno sia mai riuscito a produrne uno in condizioni controllate.<\/p>\n<p style=\"text-align: justify;\"><strong>Le scie chimiche, i cerchi nel grano, gli avvistamenti filmati di Ufo sono bufale o sono fenomeni che non siamo riusciti ancora a spiegare?<\/strong><\/p>\n<p style=\"text-align: justify;\">Bisognerebbe spiegare in dettaglio ciascuna di queste questioni, ma in estrema sintesi, le \u201cscie chimiche\u201d sono una bufala: lo confermano piloti, controllori di volo e meteorologi; i cerchi nel grano, fino a prova contraria, sono fatti da artisti e burloni; foto e video sono troppo facili da manipolare per costituire una prova accettabile di un fenomeno cos\u00ec straordinario come una visita extraterrestre.<\/p>\n<p style=\"text-align: justify;\">Questo non vuol dire che gli alieni non esistano (anzi, la scienza sta scoprendo un\u2019abbondanza di pianeti, e in un universo con milioni di miliardi di stelle sarebbe presuntuoso pensare di vivere sull\u2019unico pianeta abitato); vuol dire semplicemente che per eventi straordinari come questi servono prove schiaccianti, che per ora non ci sono. Molte presunte prove di questi fenomeni si sono rivelate dei falsi o degli abbagli.<\/p>\n<p style=\"text-align: justify;\">A volte la spiegazione non c\u2019\u00e8 semplicemente perch\u00e9 mancano elementi d\u2019indagine (foto sgranate riprese chiss\u00e0 dove) o mancano le risorse per indagare. Il fatto che nessuno si sia preso la briga d\u2019investigare non significa necessariamente che non ci sia una spiegazione.<\/p>\n<p style=\"text-align: justify;\"><strong>I suoi figli guardano Mistero e Voyager? Cosa si pu\u00f2 fare per far smettere ai figli di guardare queste trasmissioni?<\/strong><\/p>\n<p style=\"text-align: justify;\">Assolutamente no: hanno di meglio da fare! Abbiamo analizzato insieme alcune puntate ed \u00e8 stato chiaro che si tratta di operazioni commerciali che non hanno alcun interesse per la verit\u00e0 e puntano tutto sul sensazionalismo. Credo che il colmo dello squallore sia stato raggiunto dalla storia della donna che dice di essere rapita e fecondata ripetutamente dagli alieni e di conservare un feto extraterrestre in frigorifero (che somiglia stranamente a un coniglio scuoiato).<\/p>\n<p style=\"text-align: justify;\">Guardare Mistero o Voyager e pensare di poterne imparare qualcosa \u00e8 come guardare un reality e pensare che i partecipanti non recitino una parte. Sono programmi che stanno rimbambendo un\u2019intera generazione. Chi li fa e chi li sponsorizza dovrebbe togliere la mano dal portafogli e mettersela sulla coscienza.<\/p>\n","protected":false},"excerpt":{"rendered":"<p>Tempi, 30 settembre 2011 Teorie del complotto e leggende metropolitane. Non \u00e8 solo il web a spararle grosse. Dalle balle dell\u2019Espresso sull\u201911\/9 alle panzane di Voyager e Mistero, il cacciatore di frottole Paolo Attivissimo smonta il circuito mediatico della disinformazione. Pubblichiamo l\u2019intervista apparsa sul numero 38 di Tempi di Rodolfo Casadei<\/p><p><a class=\"more-link btn\" href=\"https:\/\/www.rassegnastampa-totustuus.it\/cattolica\/bufale-20-intervista-al-cacciatore-di-frottole-paolo-attivissimo\/\">Continua a leggere<\/a><\/p>\n","protected":false},"author":6,"featured_media":27650,"comment_status":"closed","ping_status":"open","sticky":false,"template":"","format":"standard","meta":{"footnotes":""},"categories":[7],"tags":[2088],"class_list":["post-5210","post","type-post","status-publish","format-standard","has-post-thumbnail","hentry","category-costume","tag-frottole-mediatiche","item-wrap"],"yoast_head":"<!-- This site is optimized with the Yoast SEO plugin v27.5 - https:\/\/yoast.com\/product\/yoast-seo-wordpress\/ -->\n<title>Bufale 2.0: intervista al cacciatore di frottole Paolo Attivissimo - Rassegna Stampa Cattolica<\/title>\n<meta name=\"description\" content=\"Rassegna Stampa Cattolica - Per una cultura che nasce dalla Rivelazione cristiana in conformit\u00e0 alla tradizione e al Magistero della Chiesa in opposizione ad ogni relativismo e totalitarismo\" \/>\n<meta name=\"robots\" content=\"index, follow, max-snippet:-1, max-image-preview:large, max-video-preview:-1\" \/>\n<link rel=\"canonical\" href=\"https:\/\/www.rassegnastampa-totustuus.it\/cattolica\/bufale-20-intervista-al-cacciatore-di-frottole-paolo-attivissimo\/\" \/>\n<meta property=\"og:locale\" content=\"it_IT\" \/>\n<meta property=\"og:type\" content=\"article\" \/>\n<meta property=\"og:title\" content=\"Bufale 2.0: intervista al cacciatore di frottole Paolo Attivissimo - Rassegna Stampa Cattolica\" \/>\n<meta property=\"og:description\" content=\"Rassegna Stampa Cattolica - Per una cultura che nasce dalla Rivelazione cristiana in conformit\u00e0 alla tradizione e al Magistero della Chiesa in opposizione ad ogni relativismo e totalitarismo\" \/>\n<meta property=\"og:url\" content=\"https:\/\/www.rassegnastampa-totustuus.it\/cattolica\/bufale-20-intervista-al-cacciatore-di-frottole-paolo-attivissimo\/\" \/>\n<meta property=\"og:site_name\" content=\"Rassegna Stampa Cattolica\" \/>\n<meta property=\"article:publisher\" content=\"https:\/\/www.facebook.com\/rassegnastampacattolica\" \/>\n<meta property=\"article:published_time\" content=\"2012-09-26T22:00:00+00:00\" \/>\n<meta property=\"article:modified_time\" content=\"2015-11-13T07:43:02+00:00\" \/>\n<meta property=\"og:image\" content=\"https:\/\/www.rassegnastampa-totustuus.it\/cattolica\/wp-content\/uploads\/2012\/09\/scie_chimiche.jpg\" \/>\n\t<meta property=\"og:image:width\" content=\"247\" \/>\n\t<meta property=\"og:image:height\" content=\"204\" \/>\n\t<meta property=\"og:image:type\" content=\"image\/jpeg\" \/>\n<meta name=\"author\" content=\"Redazione\" \/>\n<meta name=\"twitter:card\" content=\"summary_large_image\" \/>\n<meta name=\"twitter:creator\" content=\"@rassegnastampa9\" \/>\n<meta name=\"twitter:site\" content=\"@rassegnastampa9\" \/>\n<meta name=\"twitter:label1\" content=\"Scritto da\" \/>\n\t<meta name=\"twitter:data1\" content=\"Redazione\" \/>\n\t<meta name=\"twitter:label2\" content=\"Tempo di lettura stimato\" \/>\n\t<meta name=\"twitter:data2\" content=\"11 minuti\" \/>\n<script type=\"application\/ld+json\" class=\"yoast-schema-graph\">{\"@context\":\"https:\\\/\\\/schema.org\",\"@graph\":[{\"@type\":\"Article\",\"@id\":\"https:\\\/\\\/www.rassegnastampa-totustuus.it\\\/cattolica\\\/bufale-20-intervista-al-cacciatore-di-frottole-paolo-attivissimo\\\/#article\",\"isPartOf\":{\"@id\":\"https:\\\/\\\/www.rassegnastampa-totustuus.it\\\/cattolica\\\/bufale-20-intervista-al-cacciatore-di-frottole-paolo-attivissimo\\\/\"},\"author\":{\"name\":\"Redazione\",\"@id\":\"https:\\\/\\\/www.rassegnastampa-totustuus.it\\\/cattolica\\\/#\\\/schema\\\/person\\\/08f319d2bd1a0904ad9e2bfb7b15e5c3\"},\"headline\":\"Bufale 2.0: intervista al cacciatore di frottole Paolo Attivissimo\",\"datePublished\":\"2012-09-26T22:00:00+00:00\",\"dateModified\":\"2015-11-13T07:43:02+00:00\",\"mainEntityOfPage\":{\"@id\":\"https:\\\/\\\/www.rassegnastampa-totustuus.it\\\/cattolica\\\/bufale-20-intervista-al-cacciatore-di-frottole-paolo-attivissimo\\\/\"},\"wordCount\":2298,\"publisher\":{\"@id\":\"https:\\\/\\\/www.rassegnastampa-totustuus.it\\\/cattolica\\\/#organization\"},\"image\":{\"@id\":\"https:\\\/\\\/www.rassegnastampa-totustuus.it\\\/cattolica\\\/bufale-20-intervista-al-cacciatore-di-frottole-paolo-attivissimo\\\/#primaryimage\"},\"thumbnailUrl\":\"https:\\\/\\\/www.rassegnastampa-totustuus.it\\\/cattolica\\\/wp-content\\\/uploads\\\/2012\\\/09\\\/scie_chimiche.jpg\",\"keywords\":[\"frottole mediatiche\"],\"articleSection\":[\"Costume\"],\"inLanguage\":\"it-IT\"},{\"@type\":\"WebPage\",\"@id\":\"https:\\\/\\\/www.rassegnastampa-totustuus.it\\\/cattolica\\\/bufale-20-intervista-al-cacciatore-di-frottole-paolo-attivissimo\\\/\",\"url\":\"https:\\\/\\\/www.rassegnastampa-totustuus.it\\\/cattolica\\\/bufale-20-intervista-al-cacciatore-di-frottole-paolo-attivissimo\\\/\",\"name\":\"Bufale 2.0: intervista al cacciatore di frottole Paolo Attivissimo - Rassegna Stampa Cattolica\",\"isPartOf\":{\"@id\":\"https:\\\/\\\/www.rassegnastampa-totustuus.it\\\/cattolica\\\/#website\"},\"primaryImageOfPage\":{\"@id\":\"https:\\\/\\\/www.rassegnastampa-totustuus.it\\\/cattolica\\\/bufale-20-intervista-al-cacciatore-di-frottole-paolo-attivissimo\\\/#primaryimage\"},\"image\":{\"@id\":\"https:\\\/\\\/www.rassegnastampa-totustuus.it\\\/cattolica\\\/bufale-20-intervista-al-cacciatore-di-frottole-paolo-attivissimo\\\/#primaryimage\"},\"thumbnailUrl\":\"https:\\\/\\\/www.rassegnastampa-totustuus.it\\\/cattolica\\\/wp-content\\\/uploads\\\/2012\\\/09\\\/scie_chimiche.jpg\",\"datePublished\":\"2012-09-26T22:00:00+00:00\",\"dateModified\":\"2015-11-13T07:43:02+00:00\",\"description\":\"Rassegna Stampa Cattolica - Per una cultura che nasce dalla Rivelazione cristiana in conformit\u00e0 alla tradizione e al Magistero della Chiesa in opposizione ad ogni relativismo e totalitarismo\",\"breadcrumb\":{\"@id\":\"https:\\\/\\\/www.rassegnastampa-totustuus.it\\\/cattolica\\\/bufale-20-intervista-al-cacciatore-di-frottole-paolo-attivissimo\\\/#breadcrumb\"},\"inLanguage\":\"it-IT\",\"potentialAction\":[{\"@type\":\"ReadAction\",\"target\":[\"https:\\\/\\\/www.rassegnastampa-totustuus.it\\\/cattolica\\\/bufale-20-intervista-al-cacciatore-di-frottole-paolo-attivissimo\\\/\"]}]},{\"@type\":\"ImageObject\",\"inLanguage\":\"it-IT\",\"@id\":\"https:\\\/\\\/www.rassegnastampa-totustuus.it\\\/cattolica\\\/bufale-20-intervista-al-cacciatore-di-frottole-paolo-attivissimo\\\/#primaryimage\",\"url\":\"https:\\\/\\\/www.rassegnastampa-totustuus.it\\\/cattolica\\\/wp-content\\\/uploads\\\/2012\\\/09\\\/scie_chimiche.jpg\",\"contentUrl\":\"https:\\\/\\\/www.rassegnastampa-totustuus.it\\\/cattolica\\\/wp-content\\\/uploads\\\/2012\\\/09\\\/scie_chimiche.jpg\",\"width\":247,\"height\":204},{\"@type\":\"BreadcrumbList\",\"@id\":\"https:\\\/\\\/www.rassegnastampa-totustuus.it\\\/cattolica\\\/bufale-20-intervista-al-cacciatore-di-frottole-paolo-attivissimo\\\/#breadcrumb\",\"itemListElement\":[{\"@type\":\"ListItem\",\"position\":1,\"name\":\"Home\",\"item\":\"https:\\\/\\\/www.rassegnastampa-totustuus.it\\\/cattolica\\\/\"},{\"@type\":\"ListItem\",\"position\":2,\"name\":\"Bufale 2.0: intervista al cacciatore di frottole Paolo Attivissimo\"}]},{\"@type\":\"WebSite\",\"@id\":\"https:\\\/\\\/www.rassegnastampa-totustuus.it\\\/cattolica\\\/#website\",\"url\":\"https:\\\/\\\/www.rassegnastampa-totustuus.it\\\/cattolica\\\/\",\"name\":\"Rassegna Stampa Cattolica\",\"description\":\"Per una cultura che nasce dalla Rivelazione cristiana in conformit\u00e0 alla tradizione e al Magistero della Chiesa in opposizione ad ogni relativismo e totalitarismo\",\"publisher\":{\"@id\":\"https:\\\/\\\/www.rassegnastampa-totustuus.it\\\/cattolica\\\/#organization\"},\"alternateName\":\"Rass. Cattolica\",\"potentialAction\":[{\"@type\":\"SearchAction\",\"target\":{\"@type\":\"EntryPoint\",\"urlTemplate\":\"https:\\\/\\\/www.rassegnastampa-totustuus.it\\\/cattolica\\\/?s={search_term_string}\"},\"query-input\":{\"@type\":\"PropertyValueSpecification\",\"valueRequired\":true,\"valueName\":\"search_term_string\"}}],\"inLanguage\":\"it-IT\"},{\"@type\":\"Organization\",\"@id\":\"https:\\\/\\\/www.rassegnastampa-totustuus.it\\\/cattolica\\\/#organization\",\"name\":\"Rassegna Stampa Cattolica\",\"url\":\"https:\\\/\\\/www.rassegnastampa-totustuus.it\\\/cattolica\\\/\",\"logo\":{\"@type\":\"ImageObject\",\"inLanguage\":\"it-IT\",\"@id\":\"https:\\\/\\\/www.rassegnastampa-totustuus.it\\\/cattolica\\\/#\\\/schema\\\/logo\\\/image\\\/\",\"url\":\"https:\\\/\\\/www.rassegnastampa-totustuus.it\\\/cattolica\\\/wp-content\\\/uploads\\\/2014\\\/04\\\/logo-rassegna1.gif\",\"contentUrl\":\"https:\\\/\\\/www.rassegnastampa-totustuus.it\\\/cattolica\\\/wp-content\\\/uploads\\\/2014\\\/04\\\/logo-rassegna1.gif\",\"width\":600,\"height\":163,\"caption\":\"Rassegna Stampa Cattolica\"},\"image\":{\"@id\":\"https:\\\/\\\/www.rassegnastampa-totustuus.it\\\/cattolica\\\/#\\\/schema\\\/logo\\\/image\\\/\"},\"sameAs\":[\"https:\\\/\\\/www.facebook.com\\\/rassegnastampacattolica\",\"https:\\\/\\\/x.com\\\/rassegnastampa9\"]},{\"@type\":\"Person\",\"@id\":\"https:\\\/\\\/www.rassegnastampa-totustuus.it\\\/cattolica\\\/#\\\/schema\\\/person\\\/08f319d2bd1a0904ad9e2bfb7b15e5c3\",\"name\":\"Redazione\",\"image\":{\"@type\":\"ImageObject\",\"inLanguage\":\"it-IT\",\"@id\":\"https:\\\/\\\/secure.gravatar.com\\\/avatar\\\/2fcdf27c78ea025fbdb44e914cc63c72249ffec9dc8aafd5c82b26240ef3f346?s=96&d=mm&r=g\",\"url\":\"https:\\\/\\\/secure.gravatar.com\\\/avatar\\\/2fcdf27c78ea025fbdb44e914cc63c72249ffec9dc8aafd5c82b26240ef3f346?s=96&d=mm&r=g\",\"contentUrl\":\"https:\\\/\\\/secure.gravatar.com\\\/avatar\\\/2fcdf27c78ea025fbdb44e914cc63c72249ffec9dc8aafd5c82b26240ef3f346?s=96&d=mm&r=g\",\"caption\":\"Redazione\"},\"url\":\"https:\\\/\\\/www.rassegnastampa-totustuus.it\\\/cattolica\\\/author\\\/pietroelle\\\/\"}]}<\/script>\n<!-- \/ Yoast SEO plugin. -->","yoast_head_json":{"title":"Bufale 2.0: intervista al cacciatore di frottole Paolo Attivissimo - Rassegna Stampa Cattolica","description":"Rassegna Stampa Cattolica - Per una cultura che nasce dalla Rivelazione cristiana in conformit\u00e0 alla tradizione e al Magistero della Chiesa in opposizione ad ogni relativismo e totalitarismo","robots":{"index":"index","follow":"follow","max-snippet":"max-snippet:-1","max-image-preview":"max-image-preview:large","max-video-preview":"max-video-preview:-1"},"canonical":"https:\/\/www.rassegnastampa-totustuus.it\/cattolica\/bufale-20-intervista-al-cacciatore-di-frottole-paolo-attivissimo\/","og_locale":"it_IT","og_type":"article","og_title":"Bufale 2.0: intervista al cacciatore di frottole Paolo Attivissimo - Rassegna Stampa Cattolica","og_description":"Rassegna Stampa Cattolica - Per una cultura che nasce dalla Rivelazione cristiana in conformit\u00e0 alla tradizione e al Magistero della Chiesa in opposizione ad ogni relativismo e totalitarismo","og_url":"https:\/\/www.rassegnastampa-totustuus.it\/cattolica\/bufale-20-intervista-al-cacciatore-di-frottole-paolo-attivissimo\/","og_site_name":"Rassegna Stampa Cattolica","article_publisher":"https:\/\/www.facebook.com\/rassegnastampacattolica","article_published_time":"2012-09-26T22:00:00+00:00","article_modified_time":"2015-11-13T07:43:02+00:00","og_image":[{"width":247,"height":204,"url":"https:\/\/www.rassegnastampa-totustuus.it\/cattolica\/wp-content\/uploads\/2012\/09\/scie_chimiche.jpg","type":"image\/jpeg"}],"author":"Redazione","twitter_card":"summary_large_image","twitter_creator":"@rassegnastampa9","twitter_site":"@rassegnastampa9","twitter_misc":{"Scritto da":"Redazione","Tempo di lettura stimato":"11 minuti"},"schema":{"@context":"https:\/\/schema.org","@graph":[{"@type":"Article","@id":"https:\/\/www.rassegnastampa-totustuus.it\/cattolica\/bufale-20-intervista-al-cacciatore-di-frottole-paolo-attivissimo\/#article","isPartOf":{"@id":"https:\/\/www.rassegnastampa-totustuus.it\/cattolica\/bufale-20-intervista-al-cacciatore-di-frottole-paolo-attivissimo\/"},"author":{"name":"Redazione","@id":"https:\/\/www.rassegnastampa-totustuus.it\/cattolica\/#\/schema\/person\/08f319d2bd1a0904ad9e2bfb7b15e5c3"},"headline":"Bufale 2.0: intervista al cacciatore di frottole Paolo Attivissimo","datePublished":"2012-09-26T22:00:00+00:00","dateModified":"2015-11-13T07:43:02+00:00","mainEntityOfPage":{"@id":"https:\/\/www.rassegnastampa-totustuus.it\/cattolica\/bufale-20-intervista-al-cacciatore-di-frottole-paolo-attivissimo\/"},"wordCount":2298,"publisher":{"@id":"https:\/\/www.rassegnastampa-totustuus.it\/cattolica\/#organization"},"image":{"@id":"https:\/\/www.rassegnastampa-totustuus.it\/cattolica\/bufale-20-intervista-al-cacciatore-di-frottole-paolo-attivissimo\/#primaryimage"},"thumbnailUrl":"https:\/\/www.rassegnastampa-totustuus.it\/cattolica\/wp-content\/uploads\/2012\/09\/scie_chimiche.jpg","keywords":["frottole mediatiche"],"articleSection":["Costume"],"inLanguage":"it-IT"},{"@type":"WebPage","@id":"https:\/\/www.rassegnastampa-totustuus.it\/cattolica\/bufale-20-intervista-al-cacciatore-di-frottole-paolo-attivissimo\/","url":"https:\/\/www.rassegnastampa-totustuus.it\/cattolica\/bufale-20-intervista-al-cacciatore-di-frottole-paolo-attivissimo\/","name":"Bufale 2.0: intervista al cacciatore di frottole Paolo Attivissimo - Rassegna Stampa Cattolica","isPartOf":{"@id":"https:\/\/www.rassegnastampa-totustuus.it\/cattolica\/#website"},"primaryImageOfPage":{"@id":"https:\/\/www.rassegnastampa-totustuus.it\/cattolica\/bufale-20-intervista-al-cacciatore-di-frottole-paolo-attivissimo\/#primaryimage"},"image":{"@id":"https:\/\/www.rassegnastampa-totustuus.it\/cattolica\/bufale-20-intervista-al-cacciatore-di-frottole-paolo-attivissimo\/#primaryimage"},"thumbnailUrl":"https:\/\/www.rassegnastampa-totustuus.it\/cattolica\/wp-content\/uploads\/2012\/09\/scie_chimiche.jpg","datePublished":"2012-09-26T22:00:00+00:00","dateModified":"2015-11-13T07:43:02+00:00","description":"Rassegna Stampa Cattolica - Per una cultura che nasce dalla Rivelazione cristiana in conformit\u00e0 alla tradizione e al Magistero della Chiesa in opposizione ad ogni relativismo e totalitarismo","breadcrumb":{"@id":"https:\/\/www.rassegnastampa-totustuus.it\/cattolica\/bufale-20-intervista-al-cacciatore-di-frottole-paolo-attivissimo\/#breadcrumb"},"inLanguage":"it-IT","potentialAction":[{"@type":"ReadAction","target":["https:\/\/www.rassegnastampa-totustuus.it\/cattolica\/bufale-20-intervista-al-cacciatore-di-frottole-paolo-attivissimo\/"]}]},{"@type":"ImageObject","inLanguage":"it-IT","@id":"https:\/\/www.rassegnastampa-totustuus.it\/cattolica\/bufale-20-intervista-al-cacciatore-di-frottole-paolo-attivissimo\/#primaryimage","url":"https:\/\/www.rassegnastampa-totustuus.it\/cattolica\/wp-content\/uploads\/2012\/09\/scie_chimiche.jpg","contentUrl":"https:\/\/www.rassegnastampa-totustuus.it\/cattolica\/wp-content\/uploads\/2012\/09\/scie_chimiche.jpg","width":247,"height":204},{"@type":"BreadcrumbList","@id":"https:\/\/www.rassegnastampa-totustuus.it\/cattolica\/bufale-20-intervista-al-cacciatore-di-frottole-paolo-attivissimo\/#breadcrumb","itemListElement":[{"@type":"ListItem","position":1,"name":"Home","item":"https:\/\/www.rassegnastampa-totustuus.it\/cattolica\/"},{"@type":"ListItem","position":2,"name":"Bufale 2.0: intervista al cacciatore di frottole Paolo Attivissimo"}]},{"@type":"WebSite","@id":"https:\/\/www.rassegnastampa-totustuus.it\/cattolica\/#website","url":"https:\/\/www.rassegnastampa-totustuus.it\/cattolica\/","name":"Rassegna Stampa Cattolica","description":"Per una cultura che nasce dalla Rivelazione cristiana in conformit\u00e0 alla tradizione e al Magistero della Chiesa in opposizione ad ogni relativismo e totalitarismo","publisher":{"@id":"https:\/\/www.rassegnastampa-totustuus.it\/cattolica\/#organization"},"alternateName":"Rass. Cattolica","potentialAction":[{"@type":"SearchAction","target":{"@type":"EntryPoint","urlTemplate":"https:\/\/www.rassegnastampa-totustuus.it\/cattolica\/?s={search_term_string}"},"query-input":{"@type":"PropertyValueSpecification","valueRequired":true,"valueName":"search_term_string"}}],"inLanguage":"it-IT"},{"@type":"Organization","@id":"https:\/\/www.rassegnastampa-totustuus.it\/cattolica\/#organization","name":"Rassegna Stampa Cattolica","url":"https:\/\/www.rassegnastampa-totustuus.it\/cattolica\/","logo":{"@type":"ImageObject","inLanguage":"it-IT","@id":"https:\/\/www.rassegnastampa-totustuus.it\/cattolica\/#\/schema\/logo\/image\/","url":"https:\/\/www.rassegnastampa-totustuus.it\/cattolica\/wp-content\/uploads\/2014\/04\/logo-rassegna1.gif","contentUrl":"https:\/\/www.rassegnastampa-totustuus.it\/cattolica\/wp-content\/uploads\/2014\/04\/logo-rassegna1.gif","width":600,"height":163,"caption":"Rassegna Stampa Cattolica"},"image":{"@id":"https:\/\/www.rassegnastampa-totustuus.it\/cattolica\/#\/schema\/logo\/image\/"},"sameAs":["https:\/\/www.facebook.com\/rassegnastampacattolica","https:\/\/x.com\/rassegnastampa9"]},{"@type":"Person","@id":"https:\/\/www.rassegnastampa-totustuus.it\/cattolica\/#\/schema\/person\/08f319d2bd1a0904ad9e2bfb7b15e5c3","name":"Redazione","image":{"@type":"ImageObject","inLanguage":"it-IT","@id":"https:\/\/secure.gravatar.com\/avatar\/2fcdf27c78ea025fbdb44e914cc63c72249ffec9dc8aafd5c82b26240ef3f346?s=96&d=mm&r=g","url":"https:\/\/secure.gravatar.com\/avatar\/2fcdf27c78ea025fbdb44e914cc63c72249ffec9dc8aafd5c82b26240ef3f346?s=96&d=mm&r=g","contentUrl":"https:\/\/secure.gravatar.com\/avatar\/2fcdf27c78ea025fbdb44e914cc63c72249ffec9dc8aafd5c82b26240ef3f346?s=96&d=mm&r=g","caption":"Redazione"},"url":"https:\/\/www.rassegnastampa-totustuus.it\/cattolica\/author\/pietroelle\/"}]}},"_links":{"self":[{"href":"https:\/\/www.rassegnastampa-totustuus.it\/cattolica\/wp-json\/wp\/v2\/posts\/5210","targetHints":{"allow":["GET"]}}],"collection":[{"href":"https:\/\/www.rassegnastampa-totustuus.it\/cattolica\/wp-json\/wp\/v2\/posts"}],"about":[{"href":"https:\/\/www.rassegnastampa-totustuus.it\/cattolica\/wp-json\/wp\/v2\/types\/post"}],"author":[{"embeddable":true,"href":"https:\/\/www.rassegnastampa-totustuus.it\/cattolica\/wp-json\/wp\/v2\/users\/6"}],"replies":[{"embeddable":true,"href":"https:\/\/www.rassegnastampa-totustuus.it\/cattolica\/wp-json\/wp\/v2\/comments?post=5210"}],"version-history":[{"count":4,"href":"https:\/\/www.rassegnastampa-totustuus.it\/cattolica\/wp-json\/wp\/v2\/posts\/5210\/revisions"}],"predecessor-version":[{"id":27651,"href":"https:\/\/www.rassegnastampa-totustuus.it\/cattolica\/wp-json\/wp\/v2\/posts\/5210\/revisions\/27651"}],"wp:featuredmedia":[{"embeddable":true,"href":"https:\/\/www.rassegnastampa-totustuus.it\/cattolica\/wp-json\/wp\/v2\/media\/27650"}],"wp:attachment":[{"href":"https:\/\/www.rassegnastampa-totustuus.it\/cattolica\/wp-json\/wp\/v2\/media?parent=5210"}],"wp:term":[{"taxonomy":"category","embeddable":true,"href":"https:\/\/www.rassegnastampa-totustuus.it\/cattolica\/wp-json\/wp\/v2\/categories?post=5210"},{"taxonomy":"post_tag","embeddable":true,"href":"https:\/\/www.rassegnastampa-totustuus.it\/cattolica\/wp-json\/wp\/v2\/tags?post=5210"}],"curies":[{"name":"wp","href":"https:\/\/api.w.org\/{rel}","templated":true}]}}