{"id":521,"date":"2005-05-20T00:00:00","date_gmt":"2005-05-19T22:00:00","guid":{"rendered":""},"modified":"2016-02-04T12:37:38","modified_gmt":"2016-02-04T11:37:38","slug":"religione-secolarismo-societ-nella-sollicitudo-rei-socialisamp","status":"publish","type":"post","link":"https:\/\/www.rassegnastampa-totustuus.it\/cattolica\/religione-secolarismo-societ-nella-sollicitudo-rei-socialisamp\/","title":{"rendered":"Religione, secolarismo, societ&agrave; nella &laquo;Sollicitudo Rei Socialis\u00bb"},"content":{"rendered":"<div style=\"text-align: center;\"><a href=\"https:\/\/www.rassegnastampa-totustuus.it\/cattolica\/wp-content\/uploads\/2005\/05\/sollecitudo_rei_socialis.jpg\"><img loading=\"lazy\" decoding=\"async\" class=\"alignleft wp-image-30264\" src=\"https:\/\/www.rassegnastampa-totustuus.it\/cattolica\/wp-content\/uploads\/2005\/05\/sollecitudo_rei_socialis.jpg\" alt=\"sollecitudo_rei_socialis\" width=\"151\" height=\"200\" \/><\/a>Relazione tenuta all&#8217;Universit\u00e0 &#8220;La Sapienza&#8221; di Roma<\/div>\n<div style=\"text-align: center;\">il 13 aprile 1988,<\/div>\n<p style=\"text-align: center;\">in <em><strong>Documenti di lavoro<\/strong><\/em>, n. 10, Scuola di dottrina sociale, p. 13.<\/p>\n<p style=\"text-align: center;\">di<strong> Augusto Del Noce<\/strong><\/p>\n<p style=\"text-align: justify;\">Ha senso parlare di Dottrina sociale della Chiesa? Molti, anche tra i cattolici, pensano si tratti di una iniziativa che cominci\u00f2 sotto Leone XIII nel 1891 ma che si \u00e8 mostrata inadeguata, cos\u00ec che oggi dovrebbe essere silenziosamente abbandonata, La Chiesa, si dice, ha il compito di predicare e di praticare la carit\u00e0 non di dare consigli nei riguardi della formazione e della distribuzione della ricchezza, assumendo funzioni che formano il campo proprio dei politici e degli economisti.<\/p>\n<p style=\"text-align: justify;\"><!--more--><\/p>\n<p style=\"text-align: justify;\">D\u00ec diverso parere \u00e8 invece Giovanni Paolo II, e direi che la recente <em>Sollicitudo Rei Socialis &lt;.ChiesaEncicliche e documentiEncicliche socialiGiovanni Paolo II &#8211; Sollecitudo rei socialis.doc&gt;, <\/em>che sta alla <em>Populorum Progressio <\/em>di Paolo VI come la <em>Laborem Exercens <\/em>sta alla <em>Rerum Novarum <\/em>di Leone XIII, l&#8217;ha riaffermata nel senso del primato dell&#8217;etica (paragrafi 43; 56; 57; 63).<\/p>\n<p style=\"text-align: justify;\">Primato della morale, ma bisogna guardarsi dall&#8217;intenderlo come una esortazione edificante, mentre invece \u00e8 una costatazione realistica, verificata nella situazione mondiale presente, vista nella sua globalit\u00e0, includente il Terzo Mondo e tutte le fasce di sottosviluppo.<\/p>\n<p style=\"text-align: justify;\">Se consideriamo infatti la storia degli ultimi decenni, ci accorgiamo come questo primato sia stato dimenticato, o anzi per parlare con maggior rigore. negato in tutto il mondo. cos\u00ec ad Est come ad Ovest: nei Paesi dell&#8217;Est nella forma d\u00ec una risoluzione dell&#8217;etica nella politica. in Occidente in quella della subordinazione dell&#8217;etica all&#8217;economia. In sintesi tale negazione si e manifestata come una fiducia nella tecnica che si \u00e8 poi rivelata fallace: parlo naturalmente non della tecnica in s\u00e9, ma della tecnica vista come separata dall&#8217;etica.<\/p>\n<p style=\"text-align: justify;\">Se noi percorriamo la storia ci avvediamo che ormai siamo arrivati al punto conclusivo di un progresso che ebbe inizio negli ultimi anni del Seicento con l&#8217;ipotesi della \u00abcitt\u00e0 degli atei\u00bb pronunziata da uno degli iniziatori dell&#8217;illuminismo, Pierre Bayle. Fu egli, che personalmente non era affatto ateo, a pronunziare questa ipotesi: riteneva che una citt\u00e0, pienamente ordinata e tale che le esigenze di tutti fossero soddisfatte, formata da atei, sarebbe stata possibile.<\/p>\n<p style=\"text-align: justify;\">Oggi, se si guarda bene, questa citt\u00e0 degli atei si \u00e8 realizzata: nei Paesi comunisti pi\u00f9 o meno dichiaratamente, ma altres\u00ec nelle societ\u00e0 liberaldemocratiche occidentali, ove certo la fede religiosa \u00e8 libera, essendo per\u00f2 prevalentemente intesa come un sovrappi\u00f9 rispetto ad un mondo sociale che potrebbe organizzarsi senza alcun riferimento a Dio; cosi la fede religiosa si aggiunge agli altri aspetti della vita sociale come un \u00absovrappi\u00f9 che non incide\u00bb, o al pi\u00f9 \u00e8 considerata come un elemento vivificante e stimolante che pu\u00f2 esercitare un&#8217;azione benefica, purch\u00e9 non turbi quelle che sono dette le \u00abregole del gioco\u00bb.<\/p>\n<p style=\"text-align: justify;\">Tutto resta identico, sia che Dio ci sia sia che non ci sia: questo \u00e8 un giudizio largamente diffuso. Diciamo che \u00e8 il postulato tacitamente ammesso dalla pubblicistica corrente.\u00a0Chiameremo laicismo questa ipotesi della citt\u00e0 degli atei, distinguendone le due versioni, quella comunista e quella della societ\u00e0 cosiddetta opulenta.<\/p>\n<p style=\"text-align: justify;\">Mirano entrambe all&#8217;estinzione della religione; rapida o addirittura forzata nelle societ\u00e0 dell&#8217;Est; mantenendo le forme della libert\u00e0, senza alcuna imposizione e apparente persecuzione, nell&#8217;Occidente.<\/p>\n<p style=\"text-align: justify;\">Perch\u00e9 parlo di estinzione non coatta della religione che avverrebbe nelle societ\u00e0 occidentali? Voi avrete certamente sentito parlare di secolarizzazione, di scristianizzazione e simili; si tratta di parole che sono sulla bocca di tutti.<\/p>\n<p style=\"text-align: justify;\">Che cosa significano per l&#8217;Occidente?<\/p>\n<p style=\"text-align: justify;\">Significano la separazione tra questo mondo, rigorosamente auto sufficiente e governato secondo leggi proprie e un altro mondo, ulteriore (al di l\u00e0), il cui pensiero trova rifugio in un&#8217;interiorit\u00e0 cos\u00ec profonda che qualche sociologo ha parlato d\u00ec religione invisibile. Una realt\u00e0, questa, in cui \u00e8 lecito credere, senza che per\u00f2 essa incida sull&#8217;autonomia della citt\u00e0 secolare.<\/p>\n<p style=\"text-align: justify;\">Oggi l&#8217;Est e l&#8217;Ovest hanno questo in comune: entrambi hanno accettato la possibilit\u00e0 della citt\u00e0 degli atei. In questo senso l&#8217;Enciclica ha criticato il capitalismo liberista, non meno che il socialismo sovietico; ci\u00f2 ha sorpreso come ho gi\u00e0 detto, e ha fatto parlare di una erronea equidistanza in cui il Papa si sarebbe collocato rispetto ai due modelli. Si tratta di spiegare in che consiste questa supposta &#8220;equidistanza&#8221; e mostrare dove sia l&#8217;errore dei suoi critici.<\/p>\n<p style=\"text-align: justify;\">Siamo ormai a pi\u00f9 di vent&#8217;anni dall&#8217;Enciclica <em>Populorum Progressio <\/em>di Papa Paolo VI a cui la presente si ricollega a pi\u00f9 di quaranta anni dalla fine della seconda guerra mondiale. Il progresso tecnico \u00e8 stato enorme, quale mai periodo della storia ha conosciuto; ad esso per\u00f2 non ha affatto corrisposto un eguale processo sociale ed anzi si sta sempre pi\u00f9 ampliando il fossato che separa la parte ricca dalla parte povera dell&#8217;umanit\u00e0 (paragrafo 16).<\/p>\n<p style=\"text-align: justify;\">Gli esempi sono facili da addurre: nel Terzo Mondo si continua a morire di farne. E il \u00absi continua\u00bb, credo sia un eufemismo: lascio da parte il peggioramento delle situazioni e le responsabilit\u00e0 connesse.<\/p>\n<p style=\"text-align: justify;\">Veniamo pi\u00f9 vicino a noi, e consideriamo la situazione dei vecchi, assimilata per notevolissima parte a quella dei poveri.<\/p>\n<p style=\"text-align: justify;\">Una volta la vecchiaia era vista come sinonimo di saggezza: il vecchio, il nonno, era colui che aveva trasmesso i valori permanenti al padre. e questi colui che li trasmetteva al figlio. Nulla di questo permane oggi l\u00ec vecchio \u00e8 colui che \u00e8 superato da questo fiume del progresso che scorre con una rapidit\u00e0 sempre pi\u00f9 accelerata; \u00e8 colui che \u00e8 destinato a scomparire. e quanto pi\u00f9 presto assolve a questo compito tanto meglio \u00e8.<\/p>\n<p style=\"text-align: justify;\">Ho letto in questi giorni sui quotidiani una notizia che mi ha dato raccapriccio. Riguardava la Svezia. Eravamo abituati a considerarla come il Paese in cui la povert\u00e0 era scomparsa in ragione dell&#8217;assistenza, vista come tecnica e portata ad un livello di perfezione. E ora si apprende che l\u00ec negli ospedali i vecchi vengono abbandonati a se stessi, privati di quelle cure per cui occorrerebbero spese: lo Stato assistenziale non ha soldi. Per loro vale il principio per cui \u00absono pregati di scomparire\u00bb anche se non vi sono costretti con la forza. Vale cio\u00e8 il principio dell&#8217;eutanasia per cui c&#8217;\u00e8 gi\u00e0 propaganda e la battaglia pu\u00f2 essere portata alle sue conseguenze pi\u00f9 rigorose quale quello del limite di et\u00e0 fissato per legge: cosi sarebbe risolto il problema delle pensioni!<\/p>\n<p style=\"text-align: justify;\">Ma, anche senza arrivare a questi estremi, in tutto l&#8217;Occidente e particolarmente nel pi\u00f9 democratico dei Paesi, gli Stati Uniti, le disuguaglianze sono stridenti.<\/p>\n<p style=\"text-align: justify;\">Si dir\u00e0 che sono sempre esistite o, anzi, che oggi ci sarebbe un grande progresso, perch\u00e9 c&#8217;\u00e8 la possibilit\u00e0 che una volta non esisteva. per chi parta da zero, di arrivare ai livelli pi\u00f9 alti. E tuttavia le disuguaglianze di oggi fanno pi\u00f9 soffrire. Certamente un tempo c&#8217;era chi nasceva signore e chi nasceva povero servo: tuttavia tra loro in linea di principio, ma sovente anche di fatto, una solidariet\u00e0 sussisteva. Tutti erano infatti uniti nel rispetto dei Comandamenti; certamente s\u00ec poteva infrangerli, e ci\u00f2 era pi\u00f9 possibile al signore che al servo ma tuttavia chi veniva meno alla loro obbedienza incorreva nella pubblica deplorazione.<\/p>\n<p style=\"text-align: justify;\">Oggi invece si pu\u00f2 dire che valga il principio generale \u00abci sono coloro che ce la fanno\u00bb e \u00abcoloro che non ce la fanno\u00bb senza alcun riguardo a principi superiori che (non siano quelli che) non riguardino le pure tecniche della coesistenza. Nell&#8217;assenza cio\u00e8 di leggi morali universalmente valide viene meno il principio delta solidariet\u00e0.<\/p>\n<p style=\"text-align: justify;\">Ed \u00e8 appunto su questo tema della solidariet\u00e0 che l&#8217;Enciclica particolarmente insiste. come parola di cui solo oggi, in ragione della sua mancanza, si pu\u00f2 intendere pienamente il senso.<\/p>\n<p style=\"text-align: justify;\">La solidariet\u00e0 \u00e8 la specificazione dell&#8217;etica nei riguardi dello sviluppo. I termini di pace, di solidariet\u00e0 e di sviluppo vengono inscindibilmente connessi (paragrafo 53).<\/p>\n<p style=\"text-align: justify;\">Aggiungo ancora che il mondo presente appare scisso in due blocchi, quello guidato dall&#8217;idea del collettivismo e quello guidato dall&#8217;idea dell&#8217;individualismo: poich\u00e9 le due idee sono inconciliabili \u00e8 avvenuto che i due blocchi siano diventati due imperi.<\/p>\n<p style=\"text-align: justify;\">E siccome la legge degli imperi \u00e8 l&#8217;espansione, la pace non pu\u00f2 fondarsi che su quello che giustamente \u00e8 stato chiamato l&#8217;equilibrio delle impotenze: ognuno degli imperi sa che. in caso di guerra dichiarata, perderebbe piuttosto di guadagnare. anche nel caso conseguisse la vittoria. Quindi, per mantenere questo equilibrio di impotenze, i blocchi sono costretti a spese militari colossali, tali che a loro confronto sembrano minime quelle che alloro tempo apparivano favolose, del riarmo della Germania hitler\u00ecana. Le guerre locali per procura promosse dall&#8217;uno o dall&#8217;altro dei due blocchi nascono in questo contesto.<\/p>\n<p style=\"text-align: justify;\">Questo stato di cose significa il fallimento dell&#8217;idea che basti la tecnica a salvare l&#8217;uomo: il fallimento cio\u00e8 dell&#8217;idea su cui si \u00e8 fondato l&#8217;assetto sociale mondiale del dopoguerra.<\/p>\n<p style=\"text-align: justify;\">Seguendo la via della semplice tecnica lo sviluppo si deforma in un supersviluppo e in un sottosviluppo. In altre parole la tecnica, al di fuori d\u00ec qualcosa che la sorpassi, non garantisce per se stessa lo sviluppo. L&#8217;Enciclica afferma che quando essa viene separata dall&#8217;etica le sue conseguenze non sono moralmente neutre ma immorali, perch\u00e9 nell&#8217;orizzonte dell&#8217;economismo puro il singolo soggetto non pu\u00f2 vedere nell&#8217;altro che il concorrente e soltanto il concorrente.<\/p>\n<p style=\"text-align: justify;\">Le critiche che da diverse parti furono mosse all&#8217;Enciclica meritano di essere considerate perch\u00e9 permettono di intendere la sua originalit\u00e0.<\/p>\n<p style=\"text-align: justify;\">La prima \u00e8 quella di pessimismo. Essa \u00e8 stata mossa da coloro per cui il progresso sarebbe il frutto di una naturale evoluzione delle cose; da coloro per cui si tratta di adeguare gli stessi principi alla legge di un progresso che si fa sempre pi\u00f9 veloce; \u00e8 la posizione dei liberals americani, largamente diffusa nel nostro Paese. Logicamente a partire da questa persuasione essi devono passare a vedere nella <em>Sollicitudo Rei Socialis <\/em>un accento diverso dalla <em>Populorum Progressio <\/em>e pi\u00f9 ancora a riscontrarvi un certo allontanamento da un preteso spirito conciliare fondato invece sulla fiducia nell&#8217;uomo e nelle sue capacit\u00e0.<\/p>\n<p style=\"text-align: justify;\">Si pu\u00f2 rispondere che se consideriamo il nostro tempo mondialmente, come appunto fa il Papa, un realistico pessimismo sarebbe autorizzato, nonostante i progressi della tecnica, pi\u00f9 che in ogni altro periodo della storia moderna. \u00c9 per questo che il Papa parla di peccato e di strutture di peccato. Che la stessa idea di morale realistica si trovi oggi estremamente attenuata, lo mostra oggi l&#8217;abitudine per cui si parla di \u00abregole del gioco\u00bb per la vita associata. Regole del gioco, dunque, convenzioni che \u00e8 utile osservare.<\/p>\n<p style=\"text-align: justify;\">Tuttavia questa visione dei mondo contemporaneo, tanto lontana da un illuminismo dolciastro e soddisfatto si accompagna con una speranza cristiana che trova espressione nei paragrafo 47.<\/p>\n<p style=\"text-align: justify;\">Una seconda critica riguarda la pretesa equidistanza a cui l&#8217;Enciclica si sarebbe posta tra l&#8217;Est e l&#8217;Ovest. A questo riguardo occorre aver mente al grande mutamento che \u00e8 cominciato in Occidente con gli anni Sessanta ed \u00e8 continuato in processo crescente sino ad oggi.<\/p>\n<p style=\"text-align: justify;\">Negli anni tra il &#8217;45 e il &#8217;60 la lotta, sul piano mondiale, tendeva a delinearsi come quella fra civilt\u00e0 cristiane e comunismo ateo, e la borghesia s\u00ec subordinava all&#8217;idea della civilt\u00e0 cristiana. Negli anni successivi, la minaccia comunista essendosi attenuata, abbiamo avuto la riscossa dello spirito borghese in forme differenti dal passato perch\u00e9 la borghesia di un tempo voleva salvare, sia pure a suo modo, e con notevole ipocrisia, i valori morali cristiani, separandoli dal soprannaturale, mentre la nuova borghesia rinuncia affatto ad essi e li sostituisce con altri.<\/p>\n<p style=\"text-align: justify;\">Alla lotta tra civilt\u00e0 cristiana e comunismo ateo, si \u00e8 sostituita, in larghissimi ambienti, quella interna al materialismo, tra materialismo individualistico e materialismo collettivistico: la lotta fra Occidente e Oriente ha assunto questo significato. \u00c9 in relazione ad esso che l&#8217;Enciclica sembra insistere maggiormente sulla critica al materialismo occidentale.<\/p>\n<p style=\"text-align: justify;\">Si avrebbe per\u00f2 torto ad identificare questa equidistanza religiosa e morale con una equidistanza politica. C&#8217;\u00e8 un punto decisivo su cui conviene insistere: non si pu\u00f2 passare senza mediazione dal piano etico-religioso dell&#8217;Enciclica a quello politico.<\/p>\n<p style=\"text-align: justify;\">Affermare la necessita di lavorare per andare oltre i due blocchi, inconciliabili per il comune carattere materialistico declinato in forme opposte, non vuoi infatti dire che sul piano politico, in cui si esercita la virt\u00f9 della prudenza, non ci siano ragioni che portino a scegliere una soluzione piuttosto che l&#8217;altra. Torniamo qui a quel che abbiamo detto all&#8217;inizio sul processo di estinzione della religione che in Occidente dovrebbe compiersi in maniera lenta, attuandosi nel mantenimento della libert\u00e0.<\/p>\n<p style=\"text-align: justify;\">Ora, questa situazione di libert\u00e0 permette pure ai credenti condizioni migliori per prepararsi a quella riaffermazione del primato dell&#8217;etica di cui tanto si \u00e8 detto finora. Ma questa considerazione empirica. per importanza che abbia sul piano politico, nulla toglie al rilievo del materialismo comune ai due blocchi.<\/p>\n<p style=\"text-align: justify;\">E ora cerchiamo di riassumere quanto si \u00e8 detto in tre formule sintetiche:<\/p>\n<p style=\"text-align: justify;\">1. lo sviluppo pensato fondato soltanto sulla tecnica porta alle due opposte storture del supersviluppo e del sottosviluppo<\/p>\n<p style=\"text-align: justify;\">2. I due materialismi, col portare a due imperialismi inconciliabili, hanno introdotto mediante il commercio di armi il loro stesso conflitto nel Terzo Mondo, la maggiore e pi\u00f9 disconosciuta delle vittime. Dalla fine della guerra ad oggi nei vari conflitti locali in ultima analisi dipendenti dalla antitesi dei due blocchi, ci sono stati almeno dieci milioni di morti.<\/p>\n<p style=\"text-align: justify;\">3. Se conseguentemente la realt\u00e0 sociale \u00e8 dominata da \u00abstrutture di peccato\u00bb allora l&#8217;impegno sociale politico degli uomini diventa parte della stessa essenza del cristianesimo; fa parte del contenuto della conversione e il Papa aggiunge che la conversione non \u00e8 veramente tale se non \u00e8 anche \u00abconversione verso il superamento degli ostacoli morali e politici allo sviluppo\u00bb.<\/p>\n<p style=\"text-align: justify;\">Questo principio \u00e8 la vera, assoluta novit\u00e0 dell&#8217;Enciclica.<\/p>\n<p style=\"text-align: justify;\">Ogni cristiano deve quindi sentirsi responsabile del mondo. Dalla moralit\u00e0 che ancora continua ad essere intesa individualmente si deve passare ad una morale intesa solidaristicamente.\u00a0Viene cos\u00ec denunciato in questa Enciclica un dovere morale, Conseguente alla fede religiosa, che \u00e8 nuovo; certamente gi\u00e0 virtualmente presente nella dottrina morale tradizionale. tuttavia sino ad oggi mai cos\u00ec chiaramente affermato.<\/p>\n<p style=\"text-align: justify;\">Questo non per una deficienza della morale cattolica tradizionale, ma perch\u00e9 mancavano le circostanze storiche che portassero a renderlo esplicito.<\/p>\n","protected":false},"excerpt":{"rendered":"<p>Relazione tenuta all&#8217;Universit\u00e0 &#8220;La Sapienza&#8221; di Roma il 13 aprile 1988, in Documenti di lavoro, n. 10, Scuola di dottrina sociale, p. 13. di Augusto Del Noce Ha senso parlare di Dottrina sociale della Chiesa? Molti, anche tra i cattolici, pensano si tratti di una iniziativa che cominci\u00f2 sotto Leone XIII nel 1891 ma che &hellip; <\/p>\n<p><a class=\"more-link btn\" href=\"https:\/\/www.rassegnastampa-totustuus.it\/cattolica\/religione-secolarismo-societ-nella-sollicitudo-rei-socialisamp\/\">Continua a leggere<\/a><\/p>\n","protected":false},"author":6,"featured_media":30264,"comment_status":"closed","ping_status":"open","sticky":false,"template":"","format":"standard","meta":{"footnotes":""},"categories":[66,5,11],"tags":[481,146],"class_list":["post-521","post","type-post","status-publish","format-standard","has-post-thumbnail","hentry","category-adel-noce-scritti","category-chiesa","category-dottrina-sociale","tag-a-del-noce","tag-dottrina-sociale-2","item-wrap"],"yoast_head":"<!-- This site is optimized with the Yoast SEO plugin v27.4 - https:\/\/yoast.com\/product\/yoast-seo-wordpress\/ -->\n<title>Religione, secolarismo, societ&agrave; nella &laquo;Sollicitudo Rei Socialis\u00bb - Rassegna Stampa Cattolica<\/title>\n<meta name=\"description\" content=\"Rassegna Stampa Cattolica - Per una cultura che nasce dalla Rivelazione cristiana in conformit\u00e0 alla tradizione e al Magistero della Chiesa in opposizione ad ogni relativismo e totalitarismo\" \/>\n<meta name=\"robots\" content=\"index, follow, max-snippet:-1, max-image-preview:large, max-video-preview:-1\" \/>\n<link rel=\"canonical\" href=\"https:\/\/www.rassegnastampa-totustuus.it\/cattolica\/religione-secolarismo-societ-nella-sollicitudo-rei-socialisamp\/\" \/>\n<meta property=\"og:locale\" content=\"it_IT\" \/>\n<meta property=\"og:type\" content=\"article\" \/>\n<meta property=\"og:title\" content=\"Religione, secolarismo, societ&agrave; nella &laquo;Sollicitudo Rei Socialis\u00bb - Rassegna Stampa Cattolica\" \/>\n<meta property=\"og:description\" content=\"Rassegna Stampa Cattolica - Per una cultura che nasce dalla Rivelazione cristiana in conformit\u00e0 alla tradizione e al Magistero della Chiesa in opposizione ad ogni relativismo e totalitarismo\" \/>\n<meta property=\"og:url\" content=\"https:\/\/www.rassegnastampa-totustuus.it\/cattolica\/religione-secolarismo-societ-nella-sollicitudo-rei-socialisamp\/\" \/>\n<meta property=\"og:site_name\" content=\"Rassegna Stampa Cattolica\" \/>\n<meta property=\"article:publisher\" content=\"https:\/\/www.facebook.com\/rassegnastampacattolica\" \/>\n<meta property=\"article:published_time\" content=\"2005-05-19T22:00:00+00:00\" \/>\n<meta property=\"article:modified_time\" content=\"2016-02-04T11:37:38+00:00\" \/>\n<meta property=\"og:image\" content=\"https:\/\/www.rassegnastampa-totustuus.it\/cattolica\/wp-content\/uploads\/2005\/05\/sollecitudo_rei_socialis.jpg\" \/>\n\t<meta property=\"og:image:width\" content=\"195\" \/>\n\t<meta property=\"og:image:height\" content=\"259\" \/>\n\t<meta property=\"og:image:type\" content=\"image\/jpeg\" \/>\n<meta name=\"author\" content=\"Redazione\" \/>\n<meta name=\"twitter:card\" content=\"summary_large_image\" \/>\n<meta name=\"twitter:creator\" content=\"@rassegnastampa9\" \/>\n<meta name=\"twitter:site\" content=\"@rassegnastampa9\" \/>\n<meta name=\"twitter:label1\" content=\"Scritto da\" \/>\n\t<meta name=\"twitter:data1\" content=\"Redazione\" \/>\n\t<meta name=\"twitter:label2\" content=\"Tempo di lettura stimato\" \/>\n\t<meta name=\"twitter:data2\" content=\"11 minuti\" \/>\n<script type=\"application\/ld+json\" class=\"yoast-schema-graph\">{\"@context\":\"https:\\\/\\\/schema.org\",\"@graph\":[{\"@type\":\"Article\",\"@id\":\"https:\\\/\\\/www.rassegnastampa-totustuus.it\\\/cattolica\\\/religione-secolarismo-societ-nella-sollicitudo-rei-socialisamp\\\/#article\",\"isPartOf\":{\"@id\":\"https:\\\/\\\/www.rassegnastampa-totustuus.it\\\/cattolica\\\/religione-secolarismo-societ-nella-sollicitudo-rei-socialisamp\\\/\"},\"author\":{\"name\":\"Redazione\",\"@id\":\"https:\\\/\\\/www.rassegnastampa-totustuus.it\\\/cattolica\\\/#\\\/schema\\\/person\\\/08f319d2bd1a0904ad9e2bfb7b15e5c3\"},\"headline\":\"Religione, secolarismo, societ&agrave; nella &laquo;Sollicitudo Rei Socialis\u00bb\",\"datePublished\":\"2005-05-19T22:00:00+00:00\",\"dateModified\":\"2016-02-04T11:37:38+00:00\",\"mainEntityOfPage\":{\"@id\":\"https:\\\/\\\/www.rassegnastampa-totustuus.it\\\/cattolica\\\/religione-secolarismo-societ-nella-sollicitudo-rei-socialisamp\\\/\"},\"wordCount\":2321,\"publisher\":{\"@id\":\"https:\\\/\\\/www.rassegnastampa-totustuus.it\\\/cattolica\\\/#organization\"},\"image\":{\"@id\":\"https:\\\/\\\/www.rassegnastampa-totustuus.it\\\/cattolica\\\/religione-secolarismo-societ-nella-sollicitudo-rei-socialisamp\\\/#primaryimage\"},\"thumbnailUrl\":\"https:\\\/\\\/www.rassegnastampa-totustuus.it\\\/cattolica\\\/wp-content\\\/uploads\\\/2005\\\/05\\\/sollecitudo_rei_socialis.jpg\",\"keywords\":[\"A.Del Noce\",\"dottrina sociale\"],\"articleSection\":[\"A.Del Noce - scritti\",\"Chiesa\",\"Dottrina sociale\"],\"inLanguage\":\"it-IT\"},{\"@type\":\"WebPage\",\"@id\":\"https:\\\/\\\/www.rassegnastampa-totustuus.it\\\/cattolica\\\/religione-secolarismo-societ-nella-sollicitudo-rei-socialisamp\\\/\",\"url\":\"https:\\\/\\\/www.rassegnastampa-totustuus.it\\\/cattolica\\\/religione-secolarismo-societ-nella-sollicitudo-rei-socialisamp\\\/\",\"name\":\"Religione, secolarismo, societ&agrave; nella &laquo;Sollicitudo Rei Socialis\u00bb - Rassegna Stampa Cattolica\",\"isPartOf\":{\"@id\":\"https:\\\/\\\/www.rassegnastampa-totustuus.it\\\/cattolica\\\/#website\"},\"primaryImageOfPage\":{\"@id\":\"https:\\\/\\\/www.rassegnastampa-totustuus.it\\\/cattolica\\\/religione-secolarismo-societ-nella-sollicitudo-rei-socialisamp\\\/#primaryimage\"},\"image\":{\"@id\":\"https:\\\/\\\/www.rassegnastampa-totustuus.it\\\/cattolica\\\/religione-secolarismo-societ-nella-sollicitudo-rei-socialisamp\\\/#primaryimage\"},\"thumbnailUrl\":\"https:\\\/\\\/www.rassegnastampa-totustuus.it\\\/cattolica\\\/wp-content\\\/uploads\\\/2005\\\/05\\\/sollecitudo_rei_socialis.jpg\",\"datePublished\":\"2005-05-19T22:00:00+00:00\",\"dateModified\":\"2016-02-04T11:37:38+00:00\",\"description\":\"Rassegna Stampa Cattolica - Per una cultura che nasce dalla Rivelazione cristiana in conformit\u00e0 alla tradizione e al Magistero della Chiesa in opposizione ad ogni relativismo e totalitarismo\",\"breadcrumb\":{\"@id\":\"https:\\\/\\\/www.rassegnastampa-totustuus.it\\\/cattolica\\\/religione-secolarismo-societ-nella-sollicitudo-rei-socialisamp\\\/#breadcrumb\"},\"inLanguage\":\"it-IT\",\"potentialAction\":[{\"@type\":\"ReadAction\",\"target\":[\"https:\\\/\\\/www.rassegnastampa-totustuus.it\\\/cattolica\\\/religione-secolarismo-societ-nella-sollicitudo-rei-socialisamp\\\/\"]}]},{\"@type\":\"ImageObject\",\"inLanguage\":\"it-IT\",\"@id\":\"https:\\\/\\\/www.rassegnastampa-totustuus.it\\\/cattolica\\\/religione-secolarismo-societ-nella-sollicitudo-rei-socialisamp\\\/#primaryimage\",\"url\":\"https:\\\/\\\/www.rassegnastampa-totustuus.it\\\/cattolica\\\/wp-content\\\/uploads\\\/2005\\\/05\\\/sollecitudo_rei_socialis.jpg\",\"contentUrl\":\"https:\\\/\\\/www.rassegnastampa-totustuus.it\\\/cattolica\\\/wp-content\\\/uploads\\\/2005\\\/05\\\/sollecitudo_rei_socialis.jpg\",\"width\":195,\"height\":259},{\"@type\":\"BreadcrumbList\",\"@id\":\"https:\\\/\\\/www.rassegnastampa-totustuus.it\\\/cattolica\\\/religione-secolarismo-societ-nella-sollicitudo-rei-socialisamp\\\/#breadcrumb\",\"itemListElement\":[{\"@type\":\"ListItem\",\"position\":1,\"name\":\"Home\",\"item\":\"https:\\\/\\\/www.rassegnastampa-totustuus.it\\\/cattolica\\\/\"},{\"@type\":\"ListItem\",\"position\":2,\"name\":\"Religione, secolarismo, societ&agrave; nella &laquo;Sollicitudo Rei Socialis\u00bb\"}]},{\"@type\":\"WebSite\",\"@id\":\"https:\\\/\\\/www.rassegnastampa-totustuus.it\\\/cattolica\\\/#website\",\"url\":\"https:\\\/\\\/www.rassegnastampa-totustuus.it\\\/cattolica\\\/\",\"name\":\"Rassegna Stampa Cattolica\",\"description\":\"Per una cultura che nasce dalla Rivelazione cristiana in conformit\u00e0 alla tradizione e al Magistero della Chiesa in opposizione ad ogni relativismo e totalitarismo\",\"publisher\":{\"@id\":\"https:\\\/\\\/www.rassegnastampa-totustuus.it\\\/cattolica\\\/#organization\"},\"alternateName\":\"Rass. Cattolica\",\"potentialAction\":[{\"@type\":\"SearchAction\",\"target\":{\"@type\":\"EntryPoint\",\"urlTemplate\":\"https:\\\/\\\/www.rassegnastampa-totustuus.it\\\/cattolica\\\/?s={search_term_string}\"},\"query-input\":{\"@type\":\"PropertyValueSpecification\",\"valueRequired\":true,\"valueName\":\"search_term_string\"}}],\"inLanguage\":\"it-IT\"},{\"@type\":\"Organization\",\"@id\":\"https:\\\/\\\/www.rassegnastampa-totustuus.it\\\/cattolica\\\/#organization\",\"name\":\"Rassegna Stampa Cattolica\",\"url\":\"https:\\\/\\\/www.rassegnastampa-totustuus.it\\\/cattolica\\\/\",\"logo\":{\"@type\":\"ImageObject\",\"inLanguage\":\"it-IT\",\"@id\":\"https:\\\/\\\/www.rassegnastampa-totustuus.it\\\/cattolica\\\/#\\\/schema\\\/logo\\\/image\\\/\",\"url\":\"https:\\\/\\\/www.rassegnastampa-totustuus.it\\\/cattolica\\\/wp-content\\\/uploads\\\/2014\\\/04\\\/logo-rassegna1.gif\",\"contentUrl\":\"https:\\\/\\\/www.rassegnastampa-totustuus.it\\\/cattolica\\\/wp-content\\\/uploads\\\/2014\\\/04\\\/logo-rassegna1.gif\",\"width\":600,\"height\":163,\"caption\":\"Rassegna Stampa Cattolica\"},\"image\":{\"@id\":\"https:\\\/\\\/www.rassegnastampa-totustuus.it\\\/cattolica\\\/#\\\/schema\\\/logo\\\/image\\\/\"},\"sameAs\":[\"https:\\\/\\\/www.facebook.com\\\/rassegnastampacattolica\",\"https:\\\/\\\/x.com\\\/rassegnastampa9\"]},{\"@type\":\"Person\",\"@id\":\"https:\\\/\\\/www.rassegnastampa-totustuus.it\\\/cattolica\\\/#\\\/schema\\\/person\\\/08f319d2bd1a0904ad9e2bfb7b15e5c3\",\"name\":\"Redazione\",\"image\":{\"@type\":\"ImageObject\",\"inLanguage\":\"it-IT\",\"@id\":\"https:\\\/\\\/secure.gravatar.com\\\/avatar\\\/2fcdf27c78ea025fbdb44e914cc63c72249ffec9dc8aafd5c82b26240ef3f346?s=96&d=mm&r=g\",\"url\":\"https:\\\/\\\/secure.gravatar.com\\\/avatar\\\/2fcdf27c78ea025fbdb44e914cc63c72249ffec9dc8aafd5c82b26240ef3f346?s=96&d=mm&r=g\",\"contentUrl\":\"https:\\\/\\\/secure.gravatar.com\\\/avatar\\\/2fcdf27c78ea025fbdb44e914cc63c72249ffec9dc8aafd5c82b26240ef3f346?s=96&d=mm&r=g\",\"caption\":\"Redazione\"},\"url\":\"https:\\\/\\\/www.rassegnastampa-totustuus.it\\\/cattolica\\\/author\\\/pietroelle\\\/\"}]}<\/script>\n<!-- \/ Yoast SEO plugin. -->","yoast_head_json":{"title":"Religione, secolarismo, societ&agrave; nella &laquo;Sollicitudo Rei Socialis\u00bb - Rassegna Stampa Cattolica","description":"Rassegna Stampa Cattolica - Per una cultura che nasce dalla Rivelazione cristiana in conformit\u00e0 alla tradizione e al Magistero della Chiesa in opposizione ad ogni relativismo e totalitarismo","robots":{"index":"index","follow":"follow","max-snippet":"max-snippet:-1","max-image-preview":"max-image-preview:large","max-video-preview":"max-video-preview:-1"},"canonical":"https:\/\/www.rassegnastampa-totustuus.it\/cattolica\/religione-secolarismo-societ-nella-sollicitudo-rei-socialisamp\/","og_locale":"it_IT","og_type":"article","og_title":"Religione, secolarismo, societ&agrave; nella &laquo;Sollicitudo Rei Socialis\u00bb - Rassegna Stampa Cattolica","og_description":"Rassegna Stampa Cattolica - Per una cultura che nasce dalla Rivelazione cristiana in conformit\u00e0 alla tradizione e al Magistero della Chiesa in opposizione ad ogni relativismo e totalitarismo","og_url":"https:\/\/www.rassegnastampa-totustuus.it\/cattolica\/religione-secolarismo-societ-nella-sollicitudo-rei-socialisamp\/","og_site_name":"Rassegna Stampa Cattolica","article_publisher":"https:\/\/www.facebook.com\/rassegnastampacattolica","article_published_time":"2005-05-19T22:00:00+00:00","article_modified_time":"2016-02-04T11:37:38+00:00","og_image":[{"width":195,"height":259,"url":"https:\/\/www.rassegnastampa-totustuus.it\/cattolica\/wp-content\/uploads\/2005\/05\/sollecitudo_rei_socialis.jpg","type":"image\/jpeg"}],"author":"Redazione","twitter_card":"summary_large_image","twitter_creator":"@rassegnastampa9","twitter_site":"@rassegnastampa9","twitter_misc":{"Scritto da":"Redazione","Tempo di lettura stimato":"11 minuti"},"schema":{"@context":"https:\/\/schema.org","@graph":[{"@type":"Article","@id":"https:\/\/www.rassegnastampa-totustuus.it\/cattolica\/religione-secolarismo-societ-nella-sollicitudo-rei-socialisamp\/#article","isPartOf":{"@id":"https:\/\/www.rassegnastampa-totustuus.it\/cattolica\/religione-secolarismo-societ-nella-sollicitudo-rei-socialisamp\/"},"author":{"name":"Redazione","@id":"https:\/\/www.rassegnastampa-totustuus.it\/cattolica\/#\/schema\/person\/08f319d2bd1a0904ad9e2bfb7b15e5c3"},"headline":"Religione, secolarismo, societ&agrave; nella &laquo;Sollicitudo Rei Socialis\u00bb","datePublished":"2005-05-19T22:00:00+00:00","dateModified":"2016-02-04T11:37:38+00:00","mainEntityOfPage":{"@id":"https:\/\/www.rassegnastampa-totustuus.it\/cattolica\/religione-secolarismo-societ-nella-sollicitudo-rei-socialisamp\/"},"wordCount":2321,"publisher":{"@id":"https:\/\/www.rassegnastampa-totustuus.it\/cattolica\/#organization"},"image":{"@id":"https:\/\/www.rassegnastampa-totustuus.it\/cattolica\/religione-secolarismo-societ-nella-sollicitudo-rei-socialisamp\/#primaryimage"},"thumbnailUrl":"https:\/\/www.rassegnastampa-totustuus.it\/cattolica\/wp-content\/uploads\/2005\/05\/sollecitudo_rei_socialis.jpg","keywords":["A.Del Noce","dottrina sociale"],"articleSection":["A.Del Noce - scritti","Chiesa","Dottrina sociale"],"inLanguage":"it-IT"},{"@type":"WebPage","@id":"https:\/\/www.rassegnastampa-totustuus.it\/cattolica\/religione-secolarismo-societ-nella-sollicitudo-rei-socialisamp\/","url":"https:\/\/www.rassegnastampa-totustuus.it\/cattolica\/religione-secolarismo-societ-nella-sollicitudo-rei-socialisamp\/","name":"Religione, secolarismo, societ&agrave; nella &laquo;Sollicitudo Rei Socialis\u00bb - Rassegna Stampa Cattolica","isPartOf":{"@id":"https:\/\/www.rassegnastampa-totustuus.it\/cattolica\/#website"},"primaryImageOfPage":{"@id":"https:\/\/www.rassegnastampa-totustuus.it\/cattolica\/religione-secolarismo-societ-nella-sollicitudo-rei-socialisamp\/#primaryimage"},"image":{"@id":"https:\/\/www.rassegnastampa-totustuus.it\/cattolica\/religione-secolarismo-societ-nella-sollicitudo-rei-socialisamp\/#primaryimage"},"thumbnailUrl":"https:\/\/www.rassegnastampa-totustuus.it\/cattolica\/wp-content\/uploads\/2005\/05\/sollecitudo_rei_socialis.jpg","datePublished":"2005-05-19T22:00:00+00:00","dateModified":"2016-02-04T11:37:38+00:00","description":"Rassegna Stampa Cattolica - Per una cultura che nasce dalla Rivelazione cristiana in conformit\u00e0 alla tradizione e al Magistero della Chiesa in opposizione ad ogni relativismo e totalitarismo","breadcrumb":{"@id":"https:\/\/www.rassegnastampa-totustuus.it\/cattolica\/religione-secolarismo-societ-nella-sollicitudo-rei-socialisamp\/#breadcrumb"},"inLanguage":"it-IT","potentialAction":[{"@type":"ReadAction","target":["https:\/\/www.rassegnastampa-totustuus.it\/cattolica\/religione-secolarismo-societ-nella-sollicitudo-rei-socialisamp\/"]}]},{"@type":"ImageObject","inLanguage":"it-IT","@id":"https:\/\/www.rassegnastampa-totustuus.it\/cattolica\/religione-secolarismo-societ-nella-sollicitudo-rei-socialisamp\/#primaryimage","url":"https:\/\/www.rassegnastampa-totustuus.it\/cattolica\/wp-content\/uploads\/2005\/05\/sollecitudo_rei_socialis.jpg","contentUrl":"https:\/\/www.rassegnastampa-totustuus.it\/cattolica\/wp-content\/uploads\/2005\/05\/sollecitudo_rei_socialis.jpg","width":195,"height":259},{"@type":"BreadcrumbList","@id":"https:\/\/www.rassegnastampa-totustuus.it\/cattolica\/religione-secolarismo-societ-nella-sollicitudo-rei-socialisamp\/#breadcrumb","itemListElement":[{"@type":"ListItem","position":1,"name":"Home","item":"https:\/\/www.rassegnastampa-totustuus.it\/cattolica\/"},{"@type":"ListItem","position":2,"name":"Religione, secolarismo, societ&agrave; nella &laquo;Sollicitudo Rei Socialis\u00bb"}]},{"@type":"WebSite","@id":"https:\/\/www.rassegnastampa-totustuus.it\/cattolica\/#website","url":"https:\/\/www.rassegnastampa-totustuus.it\/cattolica\/","name":"Rassegna Stampa Cattolica","description":"Per una cultura che nasce dalla Rivelazione cristiana in conformit\u00e0 alla tradizione e al Magistero della Chiesa in opposizione ad ogni relativismo e totalitarismo","publisher":{"@id":"https:\/\/www.rassegnastampa-totustuus.it\/cattolica\/#organization"},"alternateName":"Rass. Cattolica","potentialAction":[{"@type":"SearchAction","target":{"@type":"EntryPoint","urlTemplate":"https:\/\/www.rassegnastampa-totustuus.it\/cattolica\/?s={search_term_string}"},"query-input":{"@type":"PropertyValueSpecification","valueRequired":true,"valueName":"search_term_string"}}],"inLanguage":"it-IT"},{"@type":"Organization","@id":"https:\/\/www.rassegnastampa-totustuus.it\/cattolica\/#organization","name":"Rassegna Stampa Cattolica","url":"https:\/\/www.rassegnastampa-totustuus.it\/cattolica\/","logo":{"@type":"ImageObject","inLanguage":"it-IT","@id":"https:\/\/www.rassegnastampa-totustuus.it\/cattolica\/#\/schema\/logo\/image\/","url":"https:\/\/www.rassegnastampa-totustuus.it\/cattolica\/wp-content\/uploads\/2014\/04\/logo-rassegna1.gif","contentUrl":"https:\/\/www.rassegnastampa-totustuus.it\/cattolica\/wp-content\/uploads\/2014\/04\/logo-rassegna1.gif","width":600,"height":163,"caption":"Rassegna Stampa Cattolica"},"image":{"@id":"https:\/\/www.rassegnastampa-totustuus.it\/cattolica\/#\/schema\/logo\/image\/"},"sameAs":["https:\/\/www.facebook.com\/rassegnastampacattolica","https:\/\/x.com\/rassegnastampa9"]},{"@type":"Person","@id":"https:\/\/www.rassegnastampa-totustuus.it\/cattolica\/#\/schema\/person\/08f319d2bd1a0904ad9e2bfb7b15e5c3","name":"Redazione","image":{"@type":"ImageObject","inLanguage":"it-IT","@id":"https:\/\/secure.gravatar.com\/avatar\/2fcdf27c78ea025fbdb44e914cc63c72249ffec9dc8aafd5c82b26240ef3f346?s=96&d=mm&r=g","url":"https:\/\/secure.gravatar.com\/avatar\/2fcdf27c78ea025fbdb44e914cc63c72249ffec9dc8aafd5c82b26240ef3f346?s=96&d=mm&r=g","contentUrl":"https:\/\/secure.gravatar.com\/avatar\/2fcdf27c78ea025fbdb44e914cc63c72249ffec9dc8aafd5c82b26240ef3f346?s=96&d=mm&r=g","caption":"Redazione"},"url":"https:\/\/www.rassegnastampa-totustuus.it\/cattolica\/author\/pietroelle\/"}]}},"_links":{"self":[{"href":"https:\/\/www.rassegnastampa-totustuus.it\/cattolica\/wp-json\/wp\/v2\/posts\/521","targetHints":{"allow":["GET"]}}],"collection":[{"href":"https:\/\/www.rassegnastampa-totustuus.it\/cattolica\/wp-json\/wp\/v2\/posts"}],"about":[{"href":"https:\/\/www.rassegnastampa-totustuus.it\/cattolica\/wp-json\/wp\/v2\/types\/post"}],"author":[{"embeddable":true,"href":"https:\/\/www.rassegnastampa-totustuus.it\/cattolica\/wp-json\/wp\/v2\/users\/6"}],"replies":[{"embeddable":true,"href":"https:\/\/www.rassegnastampa-totustuus.it\/cattolica\/wp-json\/wp\/v2\/comments?post=521"}],"version-history":[{"count":4,"href":"https:\/\/www.rassegnastampa-totustuus.it\/cattolica\/wp-json\/wp\/v2\/posts\/521\/revisions"}],"predecessor-version":[{"id":30265,"href":"https:\/\/www.rassegnastampa-totustuus.it\/cattolica\/wp-json\/wp\/v2\/posts\/521\/revisions\/30265"}],"wp:featuredmedia":[{"embeddable":true,"href":"https:\/\/www.rassegnastampa-totustuus.it\/cattolica\/wp-json\/wp\/v2\/media\/30264"}],"wp:attachment":[{"href":"https:\/\/www.rassegnastampa-totustuus.it\/cattolica\/wp-json\/wp\/v2\/media?parent=521"}],"wp:term":[{"taxonomy":"category","embeddable":true,"href":"https:\/\/www.rassegnastampa-totustuus.it\/cattolica\/wp-json\/wp\/v2\/categories?post=521"},{"taxonomy":"post_tag","embeddable":true,"href":"https:\/\/www.rassegnastampa-totustuus.it\/cattolica\/wp-json\/wp\/v2\/tags?post=521"}],"curies":[{"name":"wp","href":"https:\/\/api.w.org\/{rel}","templated":true}]}}