{"id":5209,"date":"2012-09-27T00:00:00","date_gmt":"2012-09-26T22:00:00","guid":{"rendered":""},"modified":"2016-03-10T14:54:36","modified_gmt":"2016-03-10T13:54:36","slug":"ii-coraggio-di-aprirsi-allampiezza-della-ragione","status":"publish","type":"post","link":"https:\/\/www.rassegnastampa-totustuus.it\/cattolica\/ii-coraggio-di-aprirsi-allampiezza-della-ragione\/","title":{"rendered":"II coraggio di aprirsi all&#8217;ampiezza della ragione"},"content":{"rendered":"<div style=\"text-align: center;\"><strong><img loading=\"lazy\" decoding=\"async\" class=\"alignleft wp-image-31572\" src=\"https:\/\/www.rassegnastampa-totustuus.it\/cattolica\/wp-content\/uploads\/2012\/09\/Benedetto-XVI.jpg\" alt=\"Benedetto XVI\" width=\"250\" height=\"172\" \/>Vita e Pensiero<\/strong> n.4 luglio-agosto 2012<\/div>\n<p style=\"text-align: center;\"><strong>Gerhard Ludwig Muller<\/strong><\/p>\n<p style=\"text-align: justify;\">Nella lezione da lui tenuta a Ratisbona &#8211; un momento magico della storia universitaria tedesca &#8211; Benedetto XVI ha nuovamente posto in risalto la sintesi di fede e ragione e di libert\u00e0 e amore. Quattro concetti che oggi un mondo secolare vorrebbe reclamare per s\u00e9, al contempo disconoscendo alla Chiesa il diritto di presentarsi come fondamento portante o sorgente di una vita sensata della societ\u00e0.<\/p>\n<p><!--more--><\/p>\n<div style=\"text-align: justify;\">Chi non crede in Cristo quale unico e insuperabile mediatore di salvezza si fa vanto della propria apertura mentale e capacit\u00e0 di tolleranza, accusando al tempo stesso la Chiesa di costrizione delle coscienze e di imperialismo spirituale. Ma quest&#8217;assoluta tolleranza, sbandierata in una visione pluralistica del mondo, a quanto pare vien meno se si tratta del cristiano e della sua fondamentale deliberazione di fede.<\/div>\n<p style=\"text-align: justify;\">Dietro a tutto ci\u00f2 si cela sovente l&#8217;idea che l&#8217;uomo possa giungere a una pi\u00f9 profonda cognizione solo in maniera unidimensionale, puramente secolare. Il non visibile viene confinato al campo della psicologia o della mitologia, come modello di superamento soggettivo di una realt\u00e0 insostenibile: a esso non viene dunque attribuita nessuna esistenza reale. Non esiste alcuna pretesa di verit\u00e0, una misura ulti\u00adma, un Dio. Ma come \u00e8 possibile pronunciare, con un atteggiamento agnostico, un simile giudizio apodittico?<\/p>\n<p style=\"text-align: justify;\">Nasce cos\u00ec la dittatura del relativismo, di cui parlava il cardinale Ratzinger in apertura del conclave dal quale sarebbe uscito come Benedetto XVI. La negazione della trascendenza reca in s\u00e9 dei pericoli, che gli avvenimenti e le tendenze storiche permettono di documentare: l&#8217;idolatria dell&#8217;uomo ha portato e porta al totalitarismo, e distrugge la visione cristiana dell&#8217;essere umano attraverso la prepotenza del pi\u00f9 forte.<\/p>\n<p style=\"text-align: justify;\">Nulla si \u00e8 rivelato pi\u00f9 autoritario del liberalismo relativista del XIX secolo con il suo furore anticlericale. Nessun altro movimento \u00e8 stato pi\u00f9 ostile all&#8217;uomo dell&#8217;ateismo del XX secolo, con l&#8217;atteggiamento pseudoreligioso dell&#8217; \u201cuomo nuovo&#8221;. La nomenclatura del &#8220;superuomo&#8221; ha portato allo sterminio di milioni di persone, causando morte e distruzione in tutto il mondo. In nome della libert\u00e0, si sono combattute la Chiesa e la fede.<\/p>\n<p style=\"text-align: justify;\">Il relativismo applicato alla verit\u00e0 non \u00e8 soltanto un ragionamento filosofico, bens\u00ec sfocia inevitabilmente nell&#8217;intolleranza nei confronti di Dio. Gli enunciati centrali su Dio &#8211; Ges\u00f9 Cristo &#8211; la Chiesa sono considerati al massimo come subcultura di un raggruppamento con motivazioni religiose.<\/p>\n<p style=\"text-align: justify;\">Dio diventa un &#8220;ideale&#8221;, da impiegare per l&#8217;edificazione o la pedagogizzazione degli uomini. Ges\u00f9 Cristo diventa un &#8220;caso&#8221; speciale, che potrebbe servire da modello esemplare per la morale della societ\u00e0, e la Chiesa \u00e8 una libera associazione &#8211; tipo circolo ricreativo &#8211; di persone con le stesse opinioni soggettive in materia di religione.<\/p>\n<p style=\"text-align: justify;\">Vanno cercati qui i motivi della tabuizzazione in pubblico delle tematiche religiose; ma anche della rimozione del messaggio cristiano e della Chiesa dal dibattito politico. La Chiesa, si dice, rappresenta persone motivate religiosamente, che tuttavia non possiedono alcun diritto di intervento e compartecipazione nella configurazione del mondo. Esse sono legate a un paradigma culturale limitato, che per\u00f2 non \u00e8 generalmente vincolante e rientra anzi nella sfera della soggettivit\u00e0 individuale e collettiva.<\/p>\n<p style=\"text-align: justify;\">Anche per l&#8217;idea che la teologia coltiva di se stessa, questa valuta-zione della fede non resta senza conseguenze. Essa costituisce ancora una genuina indagine su Dio con gli auspici della ragione, o solamente un programma al quale si dedicano alcuni aderenti?<\/p>\n<p style=\"text-align: justify;\">Il liberalismo come forma agente del pluralismo non pu\u00f2 tollerare che Dio si sia effettivamente rivelato all&#8217;uomo, poich\u00e9 in tal caso si dovrebbe ammettere che l&#8217;uomo non \u00e8 la misura di tutte le cose, bens\u00ec deve se stesso all&#8217;amore divino dispensatore di libert\u00e0. Il liberalismo, che assolutizza piacere e guadagno, si contrappone all&#8217;uomo eucaristi\u00adco, che deve a Dio la propria esistenza e redenzione, e compartecipa della libert\u00e0 e gloria dei figli di Dio.<\/p>\n<p style=\"text-align: justify;\">Pu\u00f2 avere buon esito un mondo senza Dio? Questo interrogativo non si pone a livello puramente teorico. Va collegato alla premessa che Dio esiste, e che noi lo rimuoviamo da ci\u00f2 che \u00e8 di sua propriet\u00e0. Non si tratta quindi della questione se Dio esista o meno, ma del netto rifiuto della sua presenza.<\/p>\n<p style=\"text-align: justify;\">Chi riconosce in Dio il perno e cardine della propria vita viene sovente deriso, non per il fatto che non esista un Dio al quale ci si potrebbe rivolgere, ma perch\u00e9 si vorrebbe coscientemente bandirlo dalla realt\u00e0. Una ragione illuminista si autodichiara Dio e suggerisce che l&#8217;uomo basta a se stesso.<\/p>\n<p style=\"text-align: justify;\">Ma la nostra professione di fede contiene gi\u00e0 il germe di un incontro con Dio orientato secondo la ragione umana. Ragione e razionalit\u00e0 non sono concetti incompatibili con la fede, anche se questo \u00e8 il ricorrente rimprovero mosso dalla modernit\u00e0 pluralistica e relativistica. Noi, in quanto esseri razionali, siamo concepiti in maniera tale che non nascondiamo Dio di fronte alla ragione.<\/p>\n<p style=\"text-align: justify;\">Egli l&#8217;ha creata, \u00e8 il logos onnicomprensivo, l&#8217;unico, insomma, che possa semmai guidarci verso l&#8217;esperienza e la cognizione. L&#8217;uomo pensa se stesso e il mondo, e ne pensa il motivo trascendentale che da origine al tutto. Impiega la propria ragione. Ma come pu\u00f2 la ragione pensare se stessa senza far riferimento a Dio?<\/p>\n<p style=\"text-align: justify;\">Il pluralismo e il secolarismo vengono incontro all&#8217;uomo che vorrebbe vivere senza Dio per non dover sottostare a delle regole; regole che tuttavia derivano proprio dal fatto stesso di essere uomo. Una discussione priva di questo punto di riferimento scardina l&#8217;uomo. Perch\u00e9 non esiste pi\u00f9 una base in grado di mostrargli chi, in sostanza, egli sia.<\/p>\n<p style=\"text-align: justify;\">Senza il dominio liberatorio di Ges\u00f9 Cristo, ci\u00f2 che essen\u00adzialmente costituisce l&#8217;uomo diventa una farsa. Senza consistenza e terrificante per coloro che non sono in grado di difendersi. Gli esempi sono sotto gli occhi di tutti: i milioni di aborti, la ricerca sulle staminali embrionali e l&#8217;eutanasia.<\/p>\n<p style=\"text-align: justify;\">Proprio per questo, il mondo ha bisogno di una ragione che non sia sorda nei confronti del divino. Il logos divino ha assunto la natura umana in Ges\u00f9 Cristo. Questa \u00e8 la fede che la ragione insegna a comprendere, e la ragione che perviene alla fede, e la libert\u00e0 che agisce secondo coscienza.<\/p>\n<p style=\"text-align: justify;\">La ragione \u00e8 autorizzata dalla realt\u00e0 stessa ad autoattuarsi in maniera trascendentale e sovraoggettuale, in un&#8217;attuazione che sola immette nell&#8217;esperienza sensibile l&#8217;unit\u00e0 della coscienza. La realt\u00e0 pone la questione del proprio fondamento incondizionato, del senso dell&#8217;esistenza umana come persona.<\/p>\n<p style=\"text-align: justify;\">La sofferenza, l&#8217;amore e la morte, che segnano la vita, sono momenti essenziali dell&#8217;esistenza spirituale dell&#8217;uomo nel mondo. L&#8217;uomo, attuandosi spiritualmente, si sperimenta come dipendente dall&#8217;origine trascendente e orientato al fine di tutto, a Dio, all&#8217;orizzonte della sua autoattuazione.<\/p>\n<p style=\"text-align: justify;\">L&#8217;idea che l&#8217;uomo si fa di s\u00e9 come essere razionale comporta perci\u00f2 anche la qualifica di uditore di una possibile parola di conforto e di interpellanza da parte di Dio, a lui rivolta nella mediazione di una parola umana. Solo nell&#8217;incontro con il proprio orizzonte rivelantesi nella storia lo spirito umano attua la sua capacit\u00e0 di autotrascendersi.<\/p>\n<p style=\"text-align: justify;\">________________<\/p>\n<p style=\"text-align: justify;\"><strong>Gerhard Ludwig Muller<\/strong>, gi\u00e0 vescovo di Ratisbona, il 2 luglio 2012 \u00e8 stato nominato da Benedetto XVI prefetto della Congregazione per la Dottrina della Fede. Questo testo riprende stralci del suo intervento, pronunciato in occasione della presentazione degli Atti del Convegno <em>Dal logos dei Greci e dei Romani al Logos di Dio. Ricordando Marta Sordi,<\/em> presso l&#8217;Universit\u00e0 Cattolica del Sacro Cuore il 3 novembre 2011.<\/p>\n","protected":false},"excerpt":{"rendered":"<p>Vita e Pensiero n.4 luglio-agosto 2012 Gerhard Ludwig Muller Nella lezione da lui tenuta a Ratisbona &#8211; un momento magico della storia universitaria tedesca &#8211; Benedetto XVI ha nuovamente posto in risalto la sintesi di fede e ragione e di libert\u00e0 e amore. Quattro concetti che oggi un mondo secolare vorrebbe reclamare per s\u00e9, al &hellip; <\/p>\n<p><a class=\"more-link btn\" href=\"https:\/\/www.rassegnastampa-totustuus.it\/cattolica\/ii-coraggio-di-aprirsi-allampiezza-della-ragione\/\">Continua a leggere<\/a><\/p>\n","protected":false},"author":6,"featured_media":31572,"comment_status":"closed","ping_status":"open","sticky":false,"template":"","format":"standard","meta":{"footnotes":""},"categories":[110,5],"tags":[2087,478],"class_list":["post-5209","post","type-post","status-publish","format-standard","has-post-thumbnail","hentry","category-benedetto-xvi","category-chiesa","tag-ragione","tag-relativismo","item-wrap"],"yoast_head":"<!-- This site is optimized with the Yoast SEO plugin v27.5 - https:\/\/yoast.com\/product\/yoast-seo-wordpress\/ -->\n<title>II coraggio di aprirsi all&#039;ampiezza della ragione - Rassegna Stampa Cattolica<\/title>\n<meta name=\"description\" content=\"Rassegna Stampa Cattolica - Per una cultura che nasce dalla Rivelazione cristiana in conformit\u00e0 alla tradizione e al Magistero della Chiesa in opposizione ad ogni relativismo e totalitarismo\" \/>\n<meta name=\"robots\" content=\"index, follow, max-snippet:-1, max-image-preview:large, max-video-preview:-1\" \/>\n<link rel=\"canonical\" href=\"https:\/\/www.rassegnastampa-totustuus.it\/cattolica\/ii-coraggio-di-aprirsi-allampiezza-della-ragione\/\" \/>\n<meta property=\"og:locale\" content=\"it_IT\" \/>\n<meta property=\"og:type\" content=\"article\" \/>\n<meta property=\"og:title\" content=\"II coraggio di aprirsi all&#039;ampiezza della ragione - Rassegna Stampa Cattolica\" \/>\n<meta property=\"og:description\" content=\"Rassegna Stampa Cattolica - Per una cultura che nasce dalla Rivelazione cristiana in conformit\u00e0 alla tradizione e al Magistero della Chiesa in opposizione ad ogni relativismo e totalitarismo\" \/>\n<meta property=\"og:url\" content=\"https:\/\/www.rassegnastampa-totustuus.it\/cattolica\/ii-coraggio-di-aprirsi-allampiezza-della-ragione\/\" \/>\n<meta property=\"og:site_name\" content=\"Rassegna Stampa Cattolica\" \/>\n<meta property=\"article:publisher\" content=\"https:\/\/www.facebook.com\/rassegnastampacattolica\" \/>\n<meta property=\"article:published_time\" content=\"2012-09-26T22:00:00+00:00\" \/>\n<meta property=\"article:modified_time\" content=\"2016-03-10T13:54:36+00:00\" \/>\n<meta property=\"og:image\" content=\"https:\/\/www.rassegnastampa-totustuus.it\/cattolica\/wp-content\/uploads\/2012\/09\/Benedetto-XVI.jpg\" \/>\n\t<meta property=\"og:image:width\" content=\"271\" \/>\n\t<meta property=\"og:image:height\" content=\"186\" \/>\n\t<meta property=\"og:image:type\" content=\"image\/jpeg\" \/>\n<meta name=\"author\" content=\"Redazione\" \/>\n<meta name=\"twitter:card\" content=\"summary_large_image\" \/>\n<meta name=\"twitter:creator\" content=\"@rassegnastampa9\" \/>\n<meta name=\"twitter:site\" content=\"@rassegnastampa9\" \/>\n<meta name=\"twitter:label1\" content=\"Scritto da\" \/>\n\t<meta name=\"twitter:data1\" content=\"Redazione\" \/>\n\t<meta name=\"twitter:label2\" content=\"Tempo di lettura stimato\" \/>\n\t<meta name=\"twitter:data2\" content=\"6 minuti\" \/>\n<script type=\"application\/ld+json\" class=\"yoast-schema-graph\">{\"@context\":\"https:\\\/\\\/schema.org\",\"@graph\":[{\"@type\":\"Article\",\"@id\":\"https:\\\/\\\/www.rassegnastampa-totustuus.it\\\/cattolica\\\/ii-coraggio-di-aprirsi-allampiezza-della-ragione\\\/#article\",\"isPartOf\":{\"@id\":\"https:\\\/\\\/www.rassegnastampa-totustuus.it\\\/cattolica\\\/ii-coraggio-di-aprirsi-allampiezza-della-ragione\\\/\"},\"author\":{\"name\":\"Redazione\",\"@id\":\"https:\\\/\\\/www.rassegnastampa-totustuus.it\\\/cattolica\\\/#\\\/schema\\\/person\\\/08f319d2bd1a0904ad9e2bfb7b15e5c3\"},\"headline\":\"II coraggio di aprirsi all&#8217;ampiezza della ragione\",\"datePublished\":\"2012-09-26T22:00:00+00:00\",\"dateModified\":\"2016-03-10T13:54:36+00:00\",\"mainEntityOfPage\":{\"@id\":\"https:\\\/\\\/www.rassegnastampa-totustuus.it\\\/cattolica\\\/ii-coraggio-di-aprirsi-allampiezza-della-ragione\\\/\"},\"wordCount\":1232,\"publisher\":{\"@id\":\"https:\\\/\\\/www.rassegnastampa-totustuus.it\\\/cattolica\\\/#organization\"},\"image\":{\"@id\":\"https:\\\/\\\/www.rassegnastampa-totustuus.it\\\/cattolica\\\/ii-coraggio-di-aprirsi-allampiezza-della-ragione\\\/#primaryimage\"},\"thumbnailUrl\":\"https:\\\/\\\/www.rassegnastampa-totustuus.it\\\/cattolica\\\/wp-content\\\/uploads\\\/2012\\\/09\\\/Benedetto-XVI.jpg\",\"keywords\":[\"ragione\",\"relativismo\"],\"articleSection\":[\"Benedetto XVI\",\"Chiesa\"],\"inLanguage\":\"it-IT\"},{\"@type\":\"WebPage\",\"@id\":\"https:\\\/\\\/www.rassegnastampa-totustuus.it\\\/cattolica\\\/ii-coraggio-di-aprirsi-allampiezza-della-ragione\\\/\",\"url\":\"https:\\\/\\\/www.rassegnastampa-totustuus.it\\\/cattolica\\\/ii-coraggio-di-aprirsi-allampiezza-della-ragione\\\/\",\"name\":\"II coraggio di aprirsi all'ampiezza della ragione - Rassegna Stampa Cattolica\",\"isPartOf\":{\"@id\":\"https:\\\/\\\/www.rassegnastampa-totustuus.it\\\/cattolica\\\/#website\"},\"primaryImageOfPage\":{\"@id\":\"https:\\\/\\\/www.rassegnastampa-totustuus.it\\\/cattolica\\\/ii-coraggio-di-aprirsi-allampiezza-della-ragione\\\/#primaryimage\"},\"image\":{\"@id\":\"https:\\\/\\\/www.rassegnastampa-totustuus.it\\\/cattolica\\\/ii-coraggio-di-aprirsi-allampiezza-della-ragione\\\/#primaryimage\"},\"thumbnailUrl\":\"https:\\\/\\\/www.rassegnastampa-totustuus.it\\\/cattolica\\\/wp-content\\\/uploads\\\/2012\\\/09\\\/Benedetto-XVI.jpg\",\"datePublished\":\"2012-09-26T22:00:00+00:00\",\"dateModified\":\"2016-03-10T13:54:36+00:00\",\"description\":\"Rassegna Stampa Cattolica - Per una cultura che nasce dalla Rivelazione cristiana in conformit\u00e0 alla tradizione e al Magistero della Chiesa in opposizione ad ogni relativismo e totalitarismo\",\"breadcrumb\":{\"@id\":\"https:\\\/\\\/www.rassegnastampa-totustuus.it\\\/cattolica\\\/ii-coraggio-di-aprirsi-allampiezza-della-ragione\\\/#breadcrumb\"},\"inLanguage\":\"it-IT\",\"potentialAction\":[{\"@type\":\"ReadAction\",\"target\":[\"https:\\\/\\\/www.rassegnastampa-totustuus.it\\\/cattolica\\\/ii-coraggio-di-aprirsi-allampiezza-della-ragione\\\/\"]}]},{\"@type\":\"ImageObject\",\"inLanguage\":\"it-IT\",\"@id\":\"https:\\\/\\\/www.rassegnastampa-totustuus.it\\\/cattolica\\\/ii-coraggio-di-aprirsi-allampiezza-della-ragione\\\/#primaryimage\",\"url\":\"https:\\\/\\\/www.rassegnastampa-totustuus.it\\\/cattolica\\\/wp-content\\\/uploads\\\/2012\\\/09\\\/Benedetto-XVI.jpg\",\"contentUrl\":\"https:\\\/\\\/www.rassegnastampa-totustuus.it\\\/cattolica\\\/wp-content\\\/uploads\\\/2012\\\/09\\\/Benedetto-XVI.jpg\",\"width\":271,\"height\":186},{\"@type\":\"BreadcrumbList\",\"@id\":\"https:\\\/\\\/www.rassegnastampa-totustuus.it\\\/cattolica\\\/ii-coraggio-di-aprirsi-allampiezza-della-ragione\\\/#breadcrumb\",\"itemListElement\":[{\"@type\":\"ListItem\",\"position\":1,\"name\":\"Home\",\"item\":\"https:\\\/\\\/www.rassegnastampa-totustuus.it\\\/cattolica\\\/\"},{\"@type\":\"ListItem\",\"position\":2,\"name\":\"II coraggio di aprirsi all&#8217;ampiezza della ragione\"}]},{\"@type\":\"WebSite\",\"@id\":\"https:\\\/\\\/www.rassegnastampa-totustuus.it\\\/cattolica\\\/#website\",\"url\":\"https:\\\/\\\/www.rassegnastampa-totustuus.it\\\/cattolica\\\/\",\"name\":\"Rassegna Stampa Cattolica\",\"description\":\"Per una cultura che nasce dalla Rivelazione cristiana in conformit\u00e0 alla tradizione e al Magistero della Chiesa in opposizione ad ogni relativismo e totalitarismo\",\"publisher\":{\"@id\":\"https:\\\/\\\/www.rassegnastampa-totustuus.it\\\/cattolica\\\/#organization\"},\"alternateName\":\"Rass. Cattolica\",\"potentialAction\":[{\"@type\":\"SearchAction\",\"target\":{\"@type\":\"EntryPoint\",\"urlTemplate\":\"https:\\\/\\\/www.rassegnastampa-totustuus.it\\\/cattolica\\\/?s={search_term_string}\"},\"query-input\":{\"@type\":\"PropertyValueSpecification\",\"valueRequired\":true,\"valueName\":\"search_term_string\"}}],\"inLanguage\":\"it-IT\"},{\"@type\":\"Organization\",\"@id\":\"https:\\\/\\\/www.rassegnastampa-totustuus.it\\\/cattolica\\\/#organization\",\"name\":\"Rassegna Stampa Cattolica\",\"url\":\"https:\\\/\\\/www.rassegnastampa-totustuus.it\\\/cattolica\\\/\",\"logo\":{\"@type\":\"ImageObject\",\"inLanguage\":\"it-IT\",\"@id\":\"https:\\\/\\\/www.rassegnastampa-totustuus.it\\\/cattolica\\\/#\\\/schema\\\/logo\\\/image\\\/\",\"url\":\"https:\\\/\\\/www.rassegnastampa-totustuus.it\\\/cattolica\\\/wp-content\\\/uploads\\\/2014\\\/04\\\/logo-rassegna1.gif\",\"contentUrl\":\"https:\\\/\\\/www.rassegnastampa-totustuus.it\\\/cattolica\\\/wp-content\\\/uploads\\\/2014\\\/04\\\/logo-rassegna1.gif\",\"width\":600,\"height\":163,\"caption\":\"Rassegna Stampa Cattolica\"},\"image\":{\"@id\":\"https:\\\/\\\/www.rassegnastampa-totustuus.it\\\/cattolica\\\/#\\\/schema\\\/logo\\\/image\\\/\"},\"sameAs\":[\"https:\\\/\\\/www.facebook.com\\\/rassegnastampacattolica\",\"https:\\\/\\\/x.com\\\/rassegnastampa9\"]},{\"@type\":\"Person\",\"@id\":\"https:\\\/\\\/www.rassegnastampa-totustuus.it\\\/cattolica\\\/#\\\/schema\\\/person\\\/08f319d2bd1a0904ad9e2bfb7b15e5c3\",\"name\":\"Redazione\",\"image\":{\"@type\":\"ImageObject\",\"inLanguage\":\"it-IT\",\"@id\":\"https:\\\/\\\/secure.gravatar.com\\\/avatar\\\/2fcdf27c78ea025fbdb44e914cc63c72249ffec9dc8aafd5c82b26240ef3f346?s=96&d=mm&r=g\",\"url\":\"https:\\\/\\\/secure.gravatar.com\\\/avatar\\\/2fcdf27c78ea025fbdb44e914cc63c72249ffec9dc8aafd5c82b26240ef3f346?s=96&d=mm&r=g\",\"contentUrl\":\"https:\\\/\\\/secure.gravatar.com\\\/avatar\\\/2fcdf27c78ea025fbdb44e914cc63c72249ffec9dc8aafd5c82b26240ef3f346?s=96&d=mm&r=g\",\"caption\":\"Redazione\"},\"url\":\"https:\\\/\\\/www.rassegnastampa-totustuus.it\\\/cattolica\\\/author\\\/pietroelle\\\/\"}]}<\/script>\n<!-- \/ Yoast SEO plugin. -->","yoast_head_json":{"title":"II coraggio di aprirsi all'ampiezza della ragione - Rassegna Stampa Cattolica","description":"Rassegna Stampa Cattolica - Per una cultura che nasce dalla Rivelazione cristiana in conformit\u00e0 alla tradizione e al Magistero della Chiesa in opposizione ad ogni relativismo e totalitarismo","robots":{"index":"index","follow":"follow","max-snippet":"max-snippet:-1","max-image-preview":"max-image-preview:large","max-video-preview":"max-video-preview:-1"},"canonical":"https:\/\/www.rassegnastampa-totustuus.it\/cattolica\/ii-coraggio-di-aprirsi-allampiezza-della-ragione\/","og_locale":"it_IT","og_type":"article","og_title":"II coraggio di aprirsi all'ampiezza della ragione - Rassegna Stampa Cattolica","og_description":"Rassegna Stampa Cattolica - Per una cultura che nasce dalla Rivelazione cristiana in conformit\u00e0 alla tradizione e al Magistero della Chiesa in opposizione ad ogni relativismo e totalitarismo","og_url":"https:\/\/www.rassegnastampa-totustuus.it\/cattolica\/ii-coraggio-di-aprirsi-allampiezza-della-ragione\/","og_site_name":"Rassegna Stampa Cattolica","article_publisher":"https:\/\/www.facebook.com\/rassegnastampacattolica","article_published_time":"2012-09-26T22:00:00+00:00","article_modified_time":"2016-03-10T13:54:36+00:00","og_image":[{"width":271,"height":186,"url":"https:\/\/www.rassegnastampa-totustuus.it\/cattolica\/wp-content\/uploads\/2012\/09\/Benedetto-XVI.jpg","type":"image\/jpeg"}],"author":"Redazione","twitter_card":"summary_large_image","twitter_creator":"@rassegnastampa9","twitter_site":"@rassegnastampa9","twitter_misc":{"Scritto da":"Redazione","Tempo di lettura stimato":"6 minuti"},"schema":{"@context":"https:\/\/schema.org","@graph":[{"@type":"Article","@id":"https:\/\/www.rassegnastampa-totustuus.it\/cattolica\/ii-coraggio-di-aprirsi-allampiezza-della-ragione\/#article","isPartOf":{"@id":"https:\/\/www.rassegnastampa-totustuus.it\/cattolica\/ii-coraggio-di-aprirsi-allampiezza-della-ragione\/"},"author":{"name":"Redazione","@id":"https:\/\/www.rassegnastampa-totustuus.it\/cattolica\/#\/schema\/person\/08f319d2bd1a0904ad9e2bfb7b15e5c3"},"headline":"II coraggio di aprirsi all&#8217;ampiezza della ragione","datePublished":"2012-09-26T22:00:00+00:00","dateModified":"2016-03-10T13:54:36+00:00","mainEntityOfPage":{"@id":"https:\/\/www.rassegnastampa-totustuus.it\/cattolica\/ii-coraggio-di-aprirsi-allampiezza-della-ragione\/"},"wordCount":1232,"publisher":{"@id":"https:\/\/www.rassegnastampa-totustuus.it\/cattolica\/#organization"},"image":{"@id":"https:\/\/www.rassegnastampa-totustuus.it\/cattolica\/ii-coraggio-di-aprirsi-allampiezza-della-ragione\/#primaryimage"},"thumbnailUrl":"https:\/\/www.rassegnastampa-totustuus.it\/cattolica\/wp-content\/uploads\/2012\/09\/Benedetto-XVI.jpg","keywords":["ragione","relativismo"],"articleSection":["Benedetto XVI","Chiesa"],"inLanguage":"it-IT"},{"@type":"WebPage","@id":"https:\/\/www.rassegnastampa-totustuus.it\/cattolica\/ii-coraggio-di-aprirsi-allampiezza-della-ragione\/","url":"https:\/\/www.rassegnastampa-totustuus.it\/cattolica\/ii-coraggio-di-aprirsi-allampiezza-della-ragione\/","name":"II coraggio di aprirsi all'ampiezza della ragione - Rassegna Stampa Cattolica","isPartOf":{"@id":"https:\/\/www.rassegnastampa-totustuus.it\/cattolica\/#website"},"primaryImageOfPage":{"@id":"https:\/\/www.rassegnastampa-totustuus.it\/cattolica\/ii-coraggio-di-aprirsi-allampiezza-della-ragione\/#primaryimage"},"image":{"@id":"https:\/\/www.rassegnastampa-totustuus.it\/cattolica\/ii-coraggio-di-aprirsi-allampiezza-della-ragione\/#primaryimage"},"thumbnailUrl":"https:\/\/www.rassegnastampa-totustuus.it\/cattolica\/wp-content\/uploads\/2012\/09\/Benedetto-XVI.jpg","datePublished":"2012-09-26T22:00:00+00:00","dateModified":"2016-03-10T13:54:36+00:00","description":"Rassegna Stampa Cattolica - Per una cultura che nasce dalla Rivelazione cristiana in conformit\u00e0 alla tradizione e al Magistero della Chiesa in opposizione ad ogni relativismo e totalitarismo","breadcrumb":{"@id":"https:\/\/www.rassegnastampa-totustuus.it\/cattolica\/ii-coraggio-di-aprirsi-allampiezza-della-ragione\/#breadcrumb"},"inLanguage":"it-IT","potentialAction":[{"@type":"ReadAction","target":["https:\/\/www.rassegnastampa-totustuus.it\/cattolica\/ii-coraggio-di-aprirsi-allampiezza-della-ragione\/"]}]},{"@type":"ImageObject","inLanguage":"it-IT","@id":"https:\/\/www.rassegnastampa-totustuus.it\/cattolica\/ii-coraggio-di-aprirsi-allampiezza-della-ragione\/#primaryimage","url":"https:\/\/www.rassegnastampa-totustuus.it\/cattolica\/wp-content\/uploads\/2012\/09\/Benedetto-XVI.jpg","contentUrl":"https:\/\/www.rassegnastampa-totustuus.it\/cattolica\/wp-content\/uploads\/2012\/09\/Benedetto-XVI.jpg","width":271,"height":186},{"@type":"BreadcrumbList","@id":"https:\/\/www.rassegnastampa-totustuus.it\/cattolica\/ii-coraggio-di-aprirsi-allampiezza-della-ragione\/#breadcrumb","itemListElement":[{"@type":"ListItem","position":1,"name":"Home","item":"https:\/\/www.rassegnastampa-totustuus.it\/cattolica\/"},{"@type":"ListItem","position":2,"name":"II coraggio di aprirsi all&#8217;ampiezza della ragione"}]},{"@type":"WebSite","@id":"https:\/\/www.rassegnastampa-totustuus.it\/cattolica\/#website","url":"https:\/\/www.rassegnastampa-totustuus.it\/cattolica\/","name":"Rassegna Stampa Cattolica","description":"Per una cultura che nasce dalla Rivelazione cristiana in conformit\u00e0 alla tradizione e al Magistero della Chiesa in opposizione ad ogni relativismo e totalitarismo","publisher":{"@id":"https:\/\/www.rassegnastampa-totustuus.it\/cattolica\/#organization"},"alternateName":"Rass. Cattolica","potentialAction":[{"@type":"SearchAction","target":{"@type":"EntryPoint","urlTemplate":"https:\/\/www.rassegnastampa-totustuus.it\/cattolica\/?s={search_term_string}"},"query-input":{"@type":"PropertyValueSpecification","valueRequired":true,"valueName":"search_term_string"}}],"inLanguage":"it-IT"},{"@type":"Organization","@id":"https:\/\/www.rassegnastampa-totustuus.it\/cattolica\/#organization","name":"Rassegna Stampa Cattolica","url":"https:\/\/www.rassegnastampa-totustuus.it\/cattolica\/","logo":{"@type":"ImageObject","inLanguage":"it-IT","@id":"https:\/\/www.rassegnastampa-totustuus.it\/cattolica\/#\/schema\/logo\/image\/","url":"https:\/\/www.rassegnastampa-totustuus.it\/cattolica\/wp-content\/uploads\/2014\/04\/logo-rassegna1.gif","contentUrl":"https:\/\/www.rassegnastampa-totustuus.it\/cattolica\/wp-content\/uploads\/2014\/04\/logo-rassegna1.gif","width":600,"height":163,"caption":"Rassegna Stampa Cattolica"},"image":{"@id":"https:\/\/www.rassegnastampa-totustuus.it\/cattolica\/#\/schema\/logo\/image\/"},"sameAs":["https:\/\/www.facebook.com\/rassegnastampacattolica","https:\/\/x.com\/rassegnastampa9"]},{"@type":"Person","@id":"https:\/\/www.rassegnastampa-totustuus.it\/cattolica\/#\/schema\/person\/08f319d2bd1a0904ad9e2bfb7b15e5c3","name":"Redazione","image":{"@type":"ImageObject","inLanguage":"it-IT","@id":"https:\/\/secure.gravatar.com\/avatar\/2fcdf27c78ea025fbdb44e914cc63c72249ffec9dc8aafd5c82b26240ef3f346?s=96&d=mm&r=g","url":"https:\/\/secure.gravatar.com\/avatar\/2fcdf27c78ea025fbdb44e914cc63c72249ffec9dc8aafd5c82b26240ef3f346?s=96&d=mm&r=g","contentUrl":"https:\/\/secure.gravatar.com\/avatar\/2fcdf27c78ea025fbdb44e914cc63c72249ffec9dc8aafd5c82b26240ef3f346?s=96&d=mm&r=g","caption":"Redazione"},"url":"https:\/\/www.rassegnastampa-totustuus.it\/cattolica\/author\/pietroelle\/"}]}},"_links":{"self":[{"href":"https:\/\/www.rassegnastampa-totustuus.it\/cattolica\/wp-json\/wp\/v2\/posts\/5209","targetHints":{"allow":["GET"]}}],"collection":[{"href":"https:\/\/www.rassegnastampa-totustuus.it\/cattolica\/wp-json\/wp\/v2\/posts"}],"about":[{"href":"https:\/\/www.rassegnastampa-totustuus.it\/cattolica\/wp-json\/wp\/v2\/types\/post"}],"author":[{"embeddable":true,"href":"https:\/\/www.rassegnastampa-totustuus.it\/cattolica\/wp-json\/wp\/v2\/users\/6"}],"replies":[{"embeddable":true,"href":"https:\/\/www.rassegnastampa-totustuus.it\/cattolica\/wp-json\/wp\/v2\/comments?post=5209"}],"version-history":[{"count":4,"href":"https:\/\/www.rassegnastampa-totustuus.it\/cattolica\/wp-json\/wp\/v2\/posts\/5209\/revisions"}],"predecessor-version":[{"id":31573,"href":"https:\/\/www.rassegnastampa-totustuus.it\/cattolica\/wp-json\/wp\/v2\/posts\/5209\/revisions\/31573"}],"wp:featuredmedia":[{"embeddable":true,"href":"https:\/\/www.rassegnastampa-totustuus.it\/cattolica\/wp-json\/wp\/v2\/media\/31572"}],"wp:attachment":[{"href":"https:\/\/www.rassegnastampa-totustuus.it\/cattolica\/wp-json\/wp\/v2\/media?parent=5209"}],"wp:term":[{"taxonomy":"category","embeddable":true,"href":"https:\/\/www.rassegnastampa-totustuus.it\/cattolica\/wp-json\/wp\/v2\/categories?post=5209"},{"taxonomy":"post_tag","embeddable":true,"href":"https:\/\/www.rassegnastampa-totustuus.it\/cattolica\/wp-json\/wp\/v2\/tags?post=5209"}],"curies":[{"name":"wp","href":"https:\/\/api.w.org\/{rel}","templated":true}]}}