{"id":52030,"date":"2021-07-22T00:00:44","date_gmt":"2021-07-21T22:00:44","guid":{"rendered":"http:\/\/www.rassegnastampa-totustuus.it\/cattolica\/?p=52030"},"modified":"2025-07-23T08:40:50","modified_gmt":"2025-07-23T06:40:50","slug":"i-filosofi-atei-lo-dicono-senza-complessi-o-il-cristianesimo-resuscita-o-con-esso-cadra-anche-questa-civilta","status":"publish","type":"post","link":"https:\/\/www.rassegnastampa-totustuus.it\/cattolica\/i-filosofi-atei-lo-dicono-senza-complessi-o-il-cristianesimo-resuscita-o-con-esso-cadra-anche-questa-civilta\/","title":{"rendered":"I filosofi atei lo dicono senza complessi: o il cristianesimo resuscita o con esso cadr\u00e0 anche questa civilt\u00e0."},"content":{"rendered":"\n<p class=\"has-text-align-center\"><span style=\"color: #000000;\">Da<\/span> <span style=\"color: #0000ff;\"><em><strong><a style=\"color: #0000ff;\" href=\"https:\/\/www.religionenlibertad.com\/polemicas\/511549331\/filosofos-ateos-cristianismo-resucita-caera-civilizacion.html\" target=\"_blank\" rel=\"noopener noreferrer\">Religionenlibertad<\/a> <\/strong><\/em><\/span><span style=\"color: #000000;\"><em><strong>\u2013 <\/strong><\/em>Quotidiano spagnolo online 12 luglio 2021 <\/span><\/p>\n\n\n\n<p><span style=\"color: #000000;\"><em>Niall Ferguson si confessa ateo, ma considera la fede cristiana essenziale perch\u00e9 la nostra civilt\u00e0 possa reggere.<\/em> <\/span><\/p>\n\n\n\n<p class=\"has-text-align-center\"><span style=\"color: #000000;\">Traduzione di <strong><em>Elena Faccia Serrano<\/em><\/strong>. <\/span><span style=\"color: #000000;\">Traduzione dallo spagnolo di <em><strong>Claudio Forti<\/strong><\/em><\/span><\/p>\n\n\n\n<p class=\"has-text-align-center\">(a cura di Libert\u00e0 e persona)<\/p>\n\n\n<div class=\"wp-block-image\">\n<figure class=\"aligncenter size-full is-resized\"><a href=\"https:\/\/www.rassegnastampa-totustuus.it\/cattolica\/wp-content\/uploads\/2021\/07\/Nial_Ferguson.jpg\"><img loading=\"lazy\" decoding=\"async\" width=\"187\" height=\"269\" src=\"https:\/\/www.rassegnastampa-totustuus.it\/cattolica\/wp-content\/uploads\/2021\/07\/Nial_Ferguson.jpg\" alt=\"\" class=\"wp-image-52031\" style=\"width:235px;height:auto\"\/><\/a><figcaption class=\"wp-element-caption\">Nial Ferguson<\/figcaption><\/figure><\/div>\n\n\n<!--more-->\n\n\n\n<p><span style=\"font-size: inherit; color: #000000;\">L\u2019evidente declino sociale e culturale del cristianesimo desta preoccupazione non solo tra i cristiani, ma anche tra alcuni illustri pensatori atei, preoccupati per il suo impatto sulla <\/span><span style=\"color: #0000ff;\"><a style=\"color: #0000ff;\" href=\"https:\/\/www.religionenlibertad.com\/polemicas\/56816\/cuatro-filosofos-ateos-dos-teistas-explican-por-que-dios.html\" target=\"_blank\" rel=\"noopener noreferrer\">scomparsa della morale<\/a><\/span><span style=\"font-size: inherit; color: #000000;\"> e sul danno alla <\/span><span style=\"color: #0000ff;\"><a style=\"color: #0000ff;\" href=\"https:\/\/www.religionenlibertad.com\/cultura\/882501549\/pensadores-ateos-alertar-el-declive-del-cristianismo-esta-danando-seriamente-la-sociedad.html\" target=\"_blank\" rel=\"noopener noreferrer\">stessa convivenza sociale<\/a><\/span><span style=\"font-size: inherit; color: #000000;\">. <\/span><strong style=\"font-size: inherit; color: #000000;\">Jonathon Van Maren<\/strong><span style=\"font-size: inherit; color: #000000;\"> ha parlato di questo tema con alcuni dei grandi rappresentanti dell\u2019agnosticismo e dell\u2019ateismo in ambito anglosassone, e le conclusioni coincidono: se il cristianesimo scompare dalla civilt\u00e0 occidentale, non sopravvivr\u00e0 a lungo. Il suo pensiero \u00e8 espresso in un articolo pubblicato da <\/span><em style=\"font-size: inherit; color: #000000;\"><span style=\"color: #0000ff;\"><a style=\"color: #0000ff;\" href=\"https:\/\/www.convivium.ca\/articles\/grave-men-facing-a-grave-faith\/\" target=\"_blank\" rel=\"noopener noreferrer\">Convivium<\/a><\/span>:<\/em><em style=\"font-size: inherit; color: #000000;\"> Uomini seri di fronte a una fede seria<\/em><\/p>\n\n\n<div class=\"wp-block-image\">\n<figure class=\"aligncenter\"><img loading=\"lazy\" decoding=\"async\" width=\"194\" height=\"300\" src=\"https:\/\/www.rassegnastampa-totustuus.it\/cattolica\/wp-content\/uploads\/2021\/07\/Ferguson_cover-194x300.jpg\" alt=\"\" class=\"wp-image-52032\" srcset=\"https:\/\/www.rassegnastampa-totustuus.it\/cattolica\/wp-content\/uploads\/2021\/07\/Ferguson_cover-194x300.jpg 194w, https:\/\/www.rassegnastampa-totustuus.it\/cattolica\/wp-content\/uploads\/2021\/07\/Ferguson_cover.jpg 300w\" sizes=\"auto, (max-width: 194px) 100vw, 194px\" \/><\/figure><\/div>\n\n\n<p><span style=\"color: #000000;\">Di recente ho parlato al telefono con <span style=\"color: #0000ff;\"><a style=\"color: #0000ff;\" href=\"https:\/\/www.casadellibro.com\/libros-ebooks\/niall-ferguson\/9326\" target=\"_blank\" rel=\"noopener noreferrer\"><strong>Niall Ferguson<\/strong>,<\/a><\/span> storico scozzese e Milbank Family Senior Fellow presso la Hoover Institution della Stanford University, per una recensione che stava scrivendo sul suo ultimo libro, <span style=\"color: #0000ff;\"><a style=\"color: #0000ff;\" href=\"https:\/\/www.oletvm.com\/libro\/desastre_570885\" target=\"_blank\" rel=\"noopener noreferrer\"><em>Disaster, Storia e politica delle catastrofi<\/em><\/a><\/span>. Nel primo capitolo, l\u2019autore si \u00e8 riferito pi\u00f9 volte alla religione come \u201cpensiero magico\u201d. Per questo gli ho chiesto se avesse una sua struttura metafisica per comprendere gli eventi; e, in caso contrario, quale preferirebbe che le persone avessero. La sua risposta \u00e8 stata affascinante. <\/span><\/p>\n\n\n\n<h4 class=\"wp-block-heading has-text-align-center\"><span style=\"color: #000000;\"><strong>Niall Ferguson<\/strong><\/span><\/h4>\n\n\n\n<p><span style=\"color: #000000;\">\u201c<em>Non \u00e8 che sono diventato ateo, \u00e8 che sono cresciuto come tale<\/em>\u201c, mi ha detto. \u201c<em>Considero l\u2019ateismo la fede religiosa con cui sono stato cresciuto. \u00c8, ovviamente, una fede importante quanto il cristianesimo o l\u2019Islam. Sono cresciuto in un ambito calvinista, ma poi i miei genitori hanno lasciato la Chiesa di Scozia. Fondamentalmente sono cresciuto in un contesto etico calvinista, ma senza Dio. Questo aspetto ha avuto i suoi vantaggi perch\u00e9 mi ha incoraggiato a pensare in modo molto critico alla religione e anche alla scienza, ma come storico sono riuscito a capire che una societ\u00e0 non pu\u00f2 essere basata solo su questo. Soprattutto nella sua forma attivista, \u00e8 davvero un quadro metafisico molto pericoloso per una societ\u00e0<\/em>\u201c.<\/span><\/p>\n\n\n<div class=\"wp-block-image\">\n<figure class=\"aligncenter is-resized\"><img loading=\"lazy\" decoding=\"async\" width=\"187\" height=\"269\" src=\"https:\/\/www.rassegnastampa-totustuus.it\/cattolica\/wp-content\/uploads\/2021\/06\/fede_preghiera_chiesa.jpg\" alt=\"\" class=\"wp-image-51494\" style=\"width:227px;height:auto\"\/><\/figure><\/div>\n\n\n<p><span style=\"color: #000000;\">\u201cSo che non posso raggiungere la fede religiosa\u201d, ha continuato,&nbsp;<em>(E chi lo pu\u00f2 dire con certezza? Ndt),<\/em>&nbsp;\u201cma penso che dovremmo andare in chiesa. Non credo che abbiamo un sistema etico evoluto. Non credo nell\u2019idea che l\u2019evoluzione da sola possa darci una morale. \u00c8 possibile modificare il comportamento, ma ci sono troppe prove che in realt\u00e0, quando le restrizioni della civilt\u00e0 vengono a galla, fanno s\u00ec che l\u2019essere umano agisca nel modo pi\u00f9 selvaggio nei confronti degli altri. Da anni abbiamo per\u00f2 una struttura piuttosto buona con cui lavorare\u201d. <\/span><\/p>\n\n\n\n<h4 class=\"wp-block-heading has-text-align-center\"><span style=\"color: #000000;\"><strong>Roger Scruton <\/strong><\/span><\/h4>\n\n\n<div class=\"wp-block-image\">\n<figure class=\"aligncenter is-resized\"><img loading=\"lazy\" decoding=\"async\" width=\"231\" height=\"219\" src=\"https:\/\/www.rassegnastampa-totustuus.it\/cattolica\/wp-content\/uploads\/2010\/03\/Roger_Scruton.jpg\" alt=\"\" class=\"wp-image-29619\" style=\"width:253px;height:auto\"\/><\/figure><\/div>\n\n\n<p><span style=\"color: #000000;\">Che uno dei maggiori storici del mondo \u2013 lui stesso un agnostico \u2013 dica che dovremmo andare in chiesa \u00e8 abbastanza sorprendente, ma i sentimenti di Ferguson sembrano essere parte di una tendenza in crescita. Il defunto filosofo <span style=\"color: #0000ff;\"><a style=\"color: #0000ff;\" href=\"https:\/\/www.religionenlibertad.com\/opinion\/889927704\/Sir-Roger-Scruton.html\" target=\"_blank\" rel=\"noopener noreferrer\">Sir Roger Scruton<\/a> i<\/span>nizi\u00f2 a frequentare la chiesa e, nonostante avesse problemi con la fede, egli suonava regolarmente l\u2019organo alla All Saints Church di Garsdon. I suoi amici laici dicono che la sua fede era ancora culturale; altri non ne erano cos\u00ec sicuri. Quello che sappiamo \u00e8 che credeva che il cristianesimo fosse, in molti modi, la <span style=\"color: #0000ff;\"><a style=\"color: #0000ff;\" href=\"https:\/\/www.religionenlibertad.com\/cultura\/706566079\/Muere-Roger-Scruton-filosofo-conservador-valiente-admiraba-la-Iglesia-y-casi-se-hizo-catolico.html\" target=\"_blank\" rel=\"noopener noreferrer\">linfa vitale della civilt\u00e0 occidentale<\/a><\/span> e che il concetto, UNICAMENTE CRISTIANO, del perdono fosse assolutamente indispensabile alla sua sopravvivenza.&nbsp;&nbsp; <\/span><\/p>\n\n\n\n<h4 class=\"wp-block-heading has-text-align-center\"><span style=\"color: #000000;\"><strong>Douglas Murray<\/strong> <\/span><\/h4>\n\n\n<div class=\"wp-block-image\">\n<figure class=\"aligncenter is-resized\"><img loading=\"lazy\" decoding=\"async\" width=\"190\" height=\"265\" src=\"https:\/\/www.rassegnastampa-totustuus.it\/cattolica\/wp-content\/uploads\/2021\/07\/Douglas_Murray.jpg\" alt=\"\" class=\"wp-image-52033\" style=\"width:210px;height:auto\"\/><\/figure><\/div>\n\n\n<p><span style=\"color: #000000;\">L\u2019amico di Scruton,<a href=\"https:\/\/www.religionenlibertad.com\/polemicas\/511549331\/filosofos-ateos-cristianismo-resucita-caera-civilizacion.html\" target=\"_blank\" rel=\"noopener noreferrer\"><span style=\"color: #0000ff;\"> Douglas Murray<\/span><\/a> lo scrittore conservatore che \u00e8 cresciuto nella Chiesa prima di lasciarla da adulto, si \u00e8 occasionalmente definito un \u201cateo cristiano\u201c. In una recente <span style=\"color: #0000ff;\"><a style=\"color: #0000ff;\" href=\"https:\/\/www.youtube.com\/watch?v=VN8OUi9MF7w\" target=\"_blank\" rel=\"noopener noreferrer\">discussione<\/a><\/span> con il teologo N.T. Wright si \u00e8 descritto come \u201cun agnostico scomodo che riconosce le virt\u00f9 e i valori che la fede cristiana ha portato<strong>\u201c, <\/strong>osservando che in realt\u00e0 \u00e8 irritato dal modo in cui la Chiesa d\u2019Inghilterra sta fuggendo dalla sua eredit\u00e0, \u201crinunciando ai suoi gioielli\u201d come \u201d la Bibbia di Re Giacomo e il Libro della preghiera comune\u201d in cambio di devozioni progressiste<strong>.<\/strong> <\/span><\/p>\n\n\n\n<p><span style=\"color: #000000;\">\u201cIl mio timore \u00e8 che la Chiesa non faccia quello che molti di noi, da fuori, vogliono che faccia, cio\u00e8 predicare il suo vangelo, affermare le sue verit\u00e0 e le sue virt\u00f9 morali, che non sono pi\u00f9 di moda \u201c, ha detto. Bene, questa \u00e8 un\u2019altra cosa che \u00e8 scomparsa, come assolutamente tutto in questa era. Sono un non praticante deluso.\u201d \u201c<em>The Enraged Mass<\/em><strong>\u201d<\/strong> (<a href=\"https:\/\/www.planetadelibros.com\/libro-la-masa-enfurecida\/313435\" target=\"_blank\" rel=\"noopener noreferrer\"><span style=\"color: #0000ff;\">La Messa fatta in fretta e furia<\/span><\/a>), di Douglas Murray \u00e8 una delle opere pi\u00f9 importanti pubblicate negli ultimi anni sui flagelli della cultura contemporanea. <\/span><\/p>\n\n\n<div class=\"wp-block-image\">\n<figure class=\"aligncenter is-resized\"><img loading=\"lazy\" decoding=\"async\" width=\"182\" height=\"277\" src=\"https:\/\/www.rassegnastampa-totustuus.it\/cattolica\/wp-content\/uploads\/2021\/07\/murray_cover.jpg\" alt=\"\" class=\"wp-image-52034\" style=\"width:218px;height:auto\"\/><\/figure><\/div>\n\n\n<p><span style=\"color: #000000;\"><span style=\"color: #0000ff;\"><a style=\"color: #0000ff;\" href=\"https:\/\/www.religionenlibertad.com\/opinion\/631768481\/El-marxismo-cultural-como-religion-de-Estado-y-secta-destructiva.html\" target=\"_blank\" rel=\"noopener noreferrer\">Clicca qui per leggere la recensione<\/a><\/span> di Francisco Jos\u00e9 Contreras su questo lavoro.<\/span><\/p>\n\n\n\n<p><span style=\"color: #000000;\">Murray crede che il cristianesimo sia essenziale perch\u00e9 i sostenitori della laicit\u00e0 sono stati finora totalmente incapaci di creare un\u2019etica dell\u2019uguaglianza conforme al concetto che tutti gli esseri umani sono creati a immagine di Dio. In un articolo su&nbsp;<span style=\"color: #0000ff;\"><a style=\"color: #0000ff;\" href=\"https:\/\/www.rassegnastampa-totustuus.it\/cattolica\/?p=51972\" target=\"_blank\" rel=\"noopener noreferrer\"><em>The Spectator<\/em><\/a><\/span>, ha osservato che la societ\u00e0 post-cristiana ha tre opzioni. La prima \u00e8 abbandonare l\u2019idea che tutta la vita umana \u00e8 preziosa. Un\u2019altra \u00e8 lavorare freneticamente per definire una versione atea della santit\u00e0 dell\u2019individuo\u201d. <\/span><\/p>\n\n\n\n<p><span style=\"color: #000000;\">E se questo non funziona? \u201cAllora c\u2019\u00e8 solo una terza opzione, ed \u00e8 quella di tornare alla fede, che ti piaccia o no<strong>\u201d.<\/strong> In un recente podcast \u00e8 stato pi\u00f9 energico: \u201cLa santit\u00e0 della vita umana \u00e8 una nozione giudaico-cristiana che potrebbe facilmente non sopravvivere [alla fine della] civilt\u00e0 giudeo-cristiana\u201d. <\/span><\/p>\n\n\n\n<h4 class=\"wp-block-heading has-text-align-center\"><strong><span style=\"color: #000000;\">Charles Murray <\/span><\/strong><\/h4>\n\n\n<div class=\"wp-block-image\">\n<figure class=\"aligncenter\"><img loading=\"lazy\" decoding=\"async\" width=\"275\" height=\"183\" src=\"https:\/\/www.rassegnastampa-totustuus.it\/cattolica\/wp-content\/uploads\/2021\/07\/Charles_Murray.jpg\" alt=\"\" class=\"wp-image-52035\"\/><\/figure><\/div>\n\n\n<p><span style=\"color: #000000;\">Anche lo scienziato e agnostico americano Charles Murray mi ha detto <a href=\"https:\/\/www.nationalreview.com\/2020\/04\/charles-murray-religious-revival-that-could-save-america\/\" target=\"_blank\" rel=\"noopener noreferrer\"><span style=\"color: #0000ff;\">in un\u2019intervista<\/span><\/a> che crede che sia improbabile che la repubblica americana sopravviva se il cristianesimo non riemerge. Facendo eco a <strong>J<\/strong>ohn Adams<strong>,<\/strong> ha sottolineato che la Costituzione degli Stati Uniti e le libert\u00e0 che la sostengono, pu\u00f2 funzionare solo se praticata da un popolo religioso<strong>. <\/strong><\/span><\/p>\n\n\n\n<h4 class=\"wp-block-heading has-text-align-center\"><span style=\"color: #000000;\"><strong>Tom Holland <\/strong><\/span><\/h4>\n\n\n\n<p><span style=\"color: #000000;\">Il magnifico libro dello storico Tom Holland, <span style=\"color: #0000ff;\"><a style=\"color: #0000ff;\" href=\"https:\/\/www.religionenlibertad.com\/opinion\/225841264\/Dominio-o-la-gran-herejia-europea.html\" target=\"_blank\" rel=\"noopener noreferrer\"><em>Dominion<strong>,<\/strong> una nuova storia del cristianesimo<\/em><\/a>,<\/span> pubblicata nel 2019, fa un caso simile. Per anni <span style=\"color: #0000ff;\">Holland \u2013 da agnostico<\/span> \u2013 ha scritto storie avvincenti sugli antichi greci e romani, ma ha osservato che le loro societ\u00e0 erano piene di crudelt\u00e0 socialmente accettate nei confronti dei deboli, che lo stupro e l\u2019abuso sessuale della massa degli schiavi era una forma di vita indiscutibile e che lo sterminio di massa dei nemici era considerato una routine. Questi popoli e la loro etica, scrive Holland, gli sembravano totalmente estranei (alla civilt\u00e0 cristiana).<\/span><\/p>\n\n\n<div class=\"wp-block-image\">\n<figure class=\"aligncenter is-resized\"><img loading=\"lazy\" decoding=\"async\" width=\"283\" height=\"178\" src=\"https:\/\/www.rassegnastampa-totustuus.it\/cattolica\/wp-content\/uploads\/2021\/07\/Tom_Holland.jpg\" alt=\"\" class=\"wp-image-52036\" style=\"width:315px;height:auto\"\/><\/figure><\/div>\n\n\n<p><span style=\"color: #000000;\">\u201cDominion\u201d di Tom Holland: un\u2019i<a href=\"https:\/\/www.religionenlibertad.com\/opinion\/225841264\/Dominio-o-la-gran-herejia-europea.html\" target=\"_blank\" rel=\"noopener noreferrer\"><span style=\"color: #0000ff;\">nteressante analisi<\/span><\/a> storica sul cristianesimo.<\/span><\/p>\n\n\n\n<p><span style=\"color: #000000;\">Guardando alla civilt\u00e0 occidentale con la sua anima cristiana sminuita, molti sono ora pronti a dire: \u201cAbbiamo bisogno di Cristo\u201c. Quello che non possono dire, per il momento, \u00e8: \u201cHo bisogno di Cristo\u201c. Ma questa visione deve riflettersi nell\u2019ambito politico personale. Peterson sembra capirlo sulla base di questa realt\u00e0.<strong>&nbsp;&nbsp;&nbsp;&nbsp;&nbsp;&nbsp;&nbsp;&nbsp;&nbsp;&nbsp;&nbsp; <\/strong><\/span><\/p>\n\n\n\n<h4 class=\"wp-block-heading has-text-align-center\"><span style=\"color: #000000;\"><strong>Chesterton e la \u201cmorte\u201d del cristianesimo<\/strong>&nbsp;<\/span><\/h4>\n\n\n\n<p><span style=\"color: #000000;\"> ora, storici come Niall Ferguson riconoscono che il cristianesimo \u00e8 un baluardo fondamentale della fragile civilt\u00e0 che abitiamo. \u201c<em>Penso che l\u2019idea che possiamo affrontare queste sfide con oltraggiosa fortuna, senza alcuna consolazione e certezza sia praticamente sbagliata<\/em><em>\u201c, mi ha detto. \u201cIo sono una di quelle persone che non sono arrivate all\u2019ateismo per scelta, e ci sono quasi uscito studiando la storia. <\/em><\/span><\/p>\n\n\n<div class=\"wp-block-image\">\n<figure class=\"aligncenter is-resized\"><img loading=\"lazy\" decoding=\"async\" width=\"220\" height=\"229\" src=\"https:\/\/www.rassegnastampa-totustuus.it\/cattolica\/wp-content\/uploads\/2005\/01\/Gulag-Urss.jpg\" alt=\"\" class=\"wp-image-27882\" style=\"width:300px;height:auto\"\/><\/figure><\/div>\n\n\n<p><span style=\"color: #000000;\"><em>Le pi\u00f9 grandi catastrofi che probabilmente dovremo affrontare sono legate al totalitarismo<\/em><em>,<\/em><em> perch\u00e9 questa \u00e8 la lezione che ci viene dal XX secolo. <\/em><em>Le pandemie hanno ucciso molte persone nel XX secolo, ma i totalitarismi (e le ideologie) ne hanno uccise molto di pi\u00f9<\/em>\u201c. (Basta pensare allo sterminio censurato e silenzioso dei bambini non nati a causa delle leggi abortiste. Ndt) <\/span><\/p>\n\n\n\n<p><span style=\"color: #000000;\"><em>Mi preoccupa il fatto che, per molti aspetti, il totalitarismo stia guadagnando sempre pi\u00f9 terreno<\/em>\u201c, ha detto Ferguson<strong>. <\/strong><em>\u00ab<\/em><em>Il totalitarismo era negativo per molte ragioni, e una delle manifestazioni del suo male era il suo attacco alla religione<\/em><em>. <\/em><em>Quando vedo che il totalitarismo sta guadagnando terreno, non solo in Cina, ma in modi sottile anche nella nostra societ\u00e0, mi rendo conto che questo sia il vero disastro che dobbiamo evitare. <\/em><\/span><\/p>\n\n\n<div class=\"wp-block-image\">\n<figure class=\"aligncenter is-resized\"><img loading=\"lazy\" decoding=\"async\" width=\"287\" height=\"176\" src=\"https:\/\/www.rassegnastampa-totustuus.it\/cattolica\/wp-content\/uploads\/2020\/06\/ss_nazismo_guerra.jpg\" alt=\"\" class=\"wp-image-47458\" style=\"width:377px;height:auto\"\/><\/figure><\/div>\n\n\n<p><span style=\"color: #000000;\"><em>Perch\u00e9 non sono n\u00e9 conservatore n\u00e9 progressista<\/em><em>? <\/em><em>Perch\u00e9 il progressismo classico non fermer\u00e0 la cultura da lui risvegliata nel totalitarismo<\/em><em>. Non \u00e8 abbastanza forte. <\/em><em>In definitiva, abbiamo bisogno delle idee ereditate da ci\u00f2 che di meglio ha saputo esprimere la nostra civilt\u00e0, perch\u00e9 \u00e8 una delle maggiori difese contro quella particolare forma di disastro<\/em>\u00bb.<\/span><\/p>\n\n\n\n<p><span style=\"color: #000000;\"><em>\u00c8 stato il cristianesimo<\/em>, conclude Holland, <em>a cambiare tutto ci\u00f2 con una rivoluzione cos\u00ec completa, a tal punto che gli stessi critici del cristianesimo devono prendere in prestito i precetti dal cristianesimo per farlo. Senza il cristianesimo,&nbsp;<\/em>scrive<em>, \u201cnessuno si sarebbe svegliato. <\/em><em>(Svegliato dall\u2019antica barbarie)<\/em><strong><em>\u201c.<\/em><\/strong>&nbsp;Egli ha difeso brillantemente questa tesi in un dibattito che ha avuto con il filosofo ateo A. C. Grayling, che sembrava molto irritato per l\u2019idea. <\/span><\/p>\n\n\n<div class=\"wp-block-image\">\n<figure class=\"aligncenter is-resized\"><img loading=\"lazy\" decoding=\"async\" width=\"267\" height=\"189\" src=\"https:\/\/www.rassegnastampa-totustuus.it\/cattolica\/wp-content\/uploads\/2013\/09\/cristianit\u00e0.jpg\" alt=\"\" class=\"wp-image-27293\" style=\"width:373px;height:auto\"\/><\/figure><\/div>\n\n\n<p><span style=\"color: #000000;\">Il tema infatti era: <strong>\u201c<\/strong>\u00c8 dal cristianesimo che abbiamo ricevuto i nostri valori umani?\u201d. Non molto tempo fa, i non credenti come il defunto Christopher Hitchens sostenevano che \u201c<em>la religione avvelena tutto<\/em><em>\u201c,<\/em> ma questo \u00e8 un sentimento che sembra svanire mentre entriamo nell\u2019era post-cristiana. <\/span><\/p>\n\n\n\n<p><span style=\"color: #000000;\"><em>(Uno dei totalitarismi tuttora vigenti, <\/em><em>il comunismo<\/em><em>,<\/em><em> anche nelle sue moderne trasformazioni, afferma che \u201c<\/em><em>La religione \u00e8 l\u2019oppio dei popoli\u201d<\/em><em><strong>.<\/strong><\/em><em> Ma al giorno d\u2019oggi \u00e8 la droga libera, la pornografia, l\u2019abuso della televisione e dei social, la libert\u00e0 e l\u2019autodeterminazione senza verit\u00e0, che sono diventati l\u2019oppio dei popoli. Tutto ci\u00f2 \u00e8 favorito da quella che possiamo definire come \u201cNuova religione umanitaria\u201d, o \u201cNuova dittatura sanitaria\u201d, o \u201cNuovo umanesimo cosmopolita\u201d, ma senza Dio, voluto dai fautori del Grande Reset mondiale. <\/em><\/span><\/p>\n\n\n\n<p><span style=\"color: #000000;\"><em>credente per\u00f2 sa che <\/em><em>questi progetti satanici saranno sconfitti da Colui che ha vinto il mondo<\/em><em>. Ndt).<\/em>&nbsp;&nbsp;&nbsp;&nbsp;&nbsp;&nbsp;&nbsp;&nbsp;&nbsp;&nbsp;&nbsp; <\/span><\/p>\n\n\n\n<h4 class=\"wp-block-heading has-text-align-center\"><span style=\"color: #000000;\"><strong>Giordan Peterson <\/strong><\/span><\/h4>\n\n\n<div class=\"wp-block-image\">\n<figure class=\"aligncenter is-resized\"><img loading=\"lazy\" decoding=\"async\" width=\"183\" height=\"275\" src=\"https:\/\/www.rassegnastampa-totustuus.it\/cattolica\/wp-content\/uploads\/2021\/07\/Giordan-Peterson.jpg\" alt=\"\" class=\"wp-image-52037\" style=\"width:225px;height:auto\"\/><\/figure><\/div>\n\n\n<p><span style=\"color: #000000;\">Hitchens sosteneva spesso di non essere ateo, ma \u201c<em>antiteista<\/em>\u201c: non credeva in Dio ed era contento di non crederci. Direi che \u00e8 affascinante vedere intellettuali che, appunto, si manifestano con il sentimento opposto: non credono, ma in qualche modo vorrebbero credere. Lo psicologo Jordan Peterson, che parla spesso del cristianesimo, ne \u00e8 un buon esempio. <\/span><\/p>\n\n\n\n<p><span style=\"color: #000000;\">Discutendo con Jonathan Pageau della storicit\u00e0 del cristianesimo, ha detto, cercando di trattenere le lacrime: \u201c<em>Probabilmente ci credo, ma il fatto di credere mi stupisce e non capisco perch\u00e9<\/em>\u201c. E ha continuato dicendo: \u201c<em>In un certo senso, penso che tutto ci\u00f2 non si possa negare, sai? Si, perch\u00e9 \u00e8 il cristianesimo che ci d\u00e0 un senso narrativo del mondo. \u00c8 quel mondo della moralit\u00e0, che in definitiva ci dice come agire. Infatti lo trattiamo come se fosse reale.&nbsp;<\/em><em>In linea di principio si suppone che il massimo esempio di ci\u00f2 sia Cristo<\/em><em>. Non so cosa dire, ma mi sembra stranamente plausibile perch\u00e9 \u00e8 una realt\u00e0 troppo spaventosa, (per la profondit\u00e0 del mistero), per crederci completamente. Non so nemmeno cosa accadrebbe se non ci credessi affatto<\/em>\u201d.&nbsp;&nbsp;&nbsp;&nbsp;&nbsp;&nbsp;&nbsp;&nbsp;&nbsp;&nbsp;&nbsp;&nbsp;&nbsp; <\/span><\/p>\n\n\n\n<h4 class=\"wp-block-heading has-text-align-center\"><span style=\"color: #000000;\"><strong>Un cambio di tendenza?<\/strong> <\/span><\/h4>\n\n\n\n<p><span style=\"color: #000000;\">Non molto tempo fa gli atei che si ritiravano e si barricavano nelle loro torri darwiniane, erano l\u00ec per scagliare le loro frecce ai fedeli. I loro silos intellettuali erano un rifugio di fede perch\u00e9 non volevano che il cristianesimo fosse vero.&nbsp;Lo odiavano e pensavano che saremmo stati meglio senza di esso. Come Hitchens, erano felici di trovare argomenti che avrebbero permesso loro di rifiutarlo. <\/span><\/p>\n\n\n\n<p><span style=\"color: #000000;\">Sempre pi\u00f9 intellettuali di tutte le discipline \u2013 storia, letteratura, psicologia, filosofia \u2013 fanno capolino da quello che un tempo era un rifugio e desiderano, in qualche modo, di poterci credere.&nbsp;<\/span><\/p>\n\n\n<div class=\"wp-block-image\">\n<figure class=\"aligncenter is-resized\"><img loading=\"lazy\" decoding=\"async\" width=\"223\" height=\"226\" src=\"https:\/\/www.rassegnastampa-totustuus.it\/cattolica\/wp-content\/uploads\/2019\/03\/barca_chiesa.jpg\" alt=\"\" class=\"wp-image-42504\" style=\"width:241px;height:auto\"\/><\/figure><\/div>\n\n\n<p><span style=\"color: #000000;\">Hanno capito che il cristianesimo \u00e8 indispensabile e bello, ma sono solo dei limiti intellettuali che impediscono a molti di loro di accoglierlo come vero. La sopravvivenza del cristianesimo \u00e8 essenziale per la sopravvivenza dell\u2019Occidente. La cattiva notizia \u00e8 che questa scoperta arriva a tarda notte. <em>(Questa \u201ctarda notte\u201d simboleggia la situazione di buio e di confusione in cui \u00e8 immerso il mondo. La situazione, per molti, \u00e8 talmente compromessa dall\u2019orgoglio e dalla supponenza umana, da ritenere che solo un intervento della Messaggera di Dio, Maria, possa salvarci. Ndt). <\/em><\/span><\/p>\n\n\n\n<p><span style=\"color: #000000;\">Ma la buona notizia \u00e8 pi\u00f9 semplice: <em>\u00abIl cristianesimo ha avuto una serie di rivoluzioni e in ognuna di esse \u00e8 stato colpito a morte\u00bb<\/em>, ha scritto G.K. Chesterton ne L\u2019uomo eterno. <em>\u00abIl cristianesimo \u00e8 morto molte volte <\/em>\u2013 prosegue il grande scrittore \u2013<em> ma \u00e8 sempre risorto perch\u00e9 aveva un Dio che conosceva la via d\u2019uscita dalla tomba\u00bb<\/em>.<\/span><\/p>\n","protected":false},"excerpt":{"rendered":"<p>Da Religionenlibertad \u2013 Quotidiano spagnolo online 12 luglio 2021 Niall Ferguson si confessa ateo, ma considera la fede cristiana essenziale perch\u00e9 la nostra civilt\u00e0 possa reggere. Traduzione di Elena Faccia Serrano. Traduzione dallo spagnolo di Claudio Forti (a cura di Libert\u00e0 e persona)<\/p><p><a class=\"more-link btn\" href=\"https:\/\/www.rassegnastampa-totustuus.it\/cattolica\/i-filosofi-atei-lo-dicono-senza-complessi-o-il-cristianesimo-resuscita-o-con-esso-cadra-anche-questa-civilta\/\">Continua a leggere<\/a><\/p>\n","protected":false},"author":6,"featured_media":52044,"comment_status":"closed","ping_status":"closed","sticky":false,"template":"","format":"standard","meta":{"footnotes":""},"categories":[25],"tags":[2837,726],"class_list":["post-52030","post","type-post","status-publish","format-standard","has-post-thumbnail","hentry","category-sguardo-sul-nostro-tempo","tag-crisi-delloccidente","tag-cristianesimo","item-wrap"],"yoast_head":"<!-- This site is optimized with the Yoast SEO plugin v27.5 - https:\/\/yoast.com\/product\/yoast-seo-wordpress\/ -->\n<title>I filosofi atei lo dicono senza complessi: o il cristianesimo resuscita o con esso cadr\u00e0 anche questa civilt\u00e0. - Rassegna Stampa Cattolica<\/title>\n<meta name=\"description\" content=\"I filosofi atei lo dicono senza complessi: o il cristianesimo resuscita o con esso cadr\u00e0 anche questa civilt\u00e0.\" \/>\n<meta name=\"robots\" content=\"index, follow, max-snippet:-1, max-image-preview:large, max-video-preview:-1\" \/>\n<link rel=\"canonical\" href=\"https:\/\/www.rassegnastampa-totustuus.it\/cattolica\/i-filosofi-atei-lo-dicono-senza-complessi-o-il-cristianesimo-resuscita-o-con-esso-cadra-anche-questa-civilta\/\" \/>\n<meta property=\"og:locale\" content=\"it_IT\" \/>\n<meta property=\"og:type\" content=\"article\" \/>\n<meta property=\"og:title\" content=\"I filosofi atei lo dicono senza complessi: o il cristianesimo resuscita o con esso cadr\u00e0 anche questa civilt\u00e0. - Rassegna Stampa Cattolica\" \/>\n<meta property=\"og:description\" content=\"I filosofi atei lo dicono senza complessi: o il cristianesimo resuscita o con esso cadr\u00e0 anche questa civilt\u00e0.\" \/>\n<meta property=\"og:url\" content=\"https:\/\/www.rassegnastampa-totustuus.it\/cattolica\/i-filosofi-atei-lo-dicono-senza-complessi-o-il-cristianesimo-resuscita-o-con-esso-cadra-anche-questa-civilta\/\" \/>\n<meta property=\"og:site_name\" content=\"Rassegna Stampa Cattolica\" \/>\n<meta property=\"article:publisher\" content=\"https:\/\/www.facebook.com\/rassegnastampacattolica\" \/>\n<meta property=\"article:published_time\" content=\"2021-07-21T22:00:44+00:00\" \/>\n<meta property=\"article:modified_time\" content=\"2025-07-23T06:40:50+00:00\" \/>\n<meta property=\"og:image\" content=\"https:\/\/www.rassegnastampa-totustuus.it\/cattolica\/wp-content\/uploads\/2021\/07\/crisi_decadenza_occidente.jpg\" \/>\n\t<meta property=\"og:image:width\" content=\"1500\" \/>\n\t<meta property=\"og:image:height\" content=\"844\" \/>\n\t<meta property=\"og:image:type\" content=\"image\/jpeg\" \/>\n<meta name=\"author\" content=\"Redazione\" \/>\n<meta name=\"twitter:card\" content=\"summary_large_image\" \/>\n<meta name=\"twitter:creator\" content=\"@rassegnastampa9\" \/>\n<meta name=\"twitter:site\" content=\"@rassegnastampa9\" \/>\n<meta name=\"twitter:label1\" content=\"Scritto da\" \/>\n\t<meta name=\"twitter:data1\" content=\"Redazione\" \/>\n\t<meta name=\"twitter:label2\" content=\"Tempo di lettura stimato\" \/>\n\t<meta name=\"twitter:data2\" content=\"14 minuti\" \/>\n<script type=\"application\/ld+json\" class=\"yoast-schema-graph\">{\"@context\":\"https:\\\/\\\/schema.org\",\"@graph\":[{\"@type\":\"Article\",\"@id\":\"https:\\\/\\\/www.rassegnastampa-totustuus.it\\\/cattolica\\\/i-filosofi-atei-lo-dicono-senza-complessi-o-il-cristianesimo-resuscita-o-con-esso-cadra-anche-questa-civilta\\\/#article\",\"isPartOf\":{\"@id\":\"https:\\\/\\\/www.rassegnastampa-totustuus.it\\\/cattolica\\\/i-filosofi-atei-lo-dicono-senza-complessi-o-il-cristianesimo-resuscita-o-con-esso-cadra-anche-questa-civilta\\\/\"},\"author\":{\"name\":\"Redazione\",\"@id\":\"https:\\\/\\\/www.rassegnastampa-totustuus.it\\\/cattolica\\\/#\\\/schema\\\/person\\\/08f319d2bd1a0904ad9e2bfb7b15e5c3\"},\"headline\":\"I filosofi atei lo dicono senza complessi: o il cristianesimo resuscita o con esso cadr\u00e0 anche questa civilt\u00e0.\",\"datePublished\":\"2021-07-21T22:00:44+00:00\",\"dateModified\":\"2025-07-23T06:40:50+00:00\",\"mainEntityOfPage\":{\"@id\":\"https:\\\/\\\/www.rassegnastampa-totustuus.it\\\/cattolica\\\/i-filosofi-atei-lo-dicono-senza-complessi-o-il-cristianesimo-resuscita-o-con-esso-cadra-anche-questa-civilta\\\/\"},\"wordCount\":2014,\"publisher\":{\"@id\":\"https:\\\/\\\/www.rassegnastampa-totustuus.it\\\/cattolica\\\/#organization\"},\"image\":{\"@id\":\"https:\\\/\\\/www.rassegnastampa-totustuus.it\\\/cattolica\\\/i-filosofi-atei-lo-dicono-senza-complessi-o-il-cristianesimo-resuscita-o-con-esso-cadra-anche-questa-civilta\\\/#primaryimage\"},\"thumbnailUrl\":\"https:\\\/\\\/www.rassegnastampa-totustuus.it\\\/cattolica\\\/wp-content\\\/uploads\\\/2021\\\/07\\\/crisi_decadenza_occidente.jpg\",\"keywords\":[\"crisi dell&#039;Occidente\",\"cristianesimo\"],\"articleSection\":[\"Sguardo sul nostro tempo\"],\"inLanguage\":\"it-IT\"},{\"@type\":\"WebPage\",\"@id\":\"https:\\\/\\\/www.rassegnastampa-totustuus.it\\\/cattolica\\\/i-filosofi-atei-lo-dicono-senza-complessi-o-il-cristianesimo-resuscita-o-con-esso-cadra-anche-questa-civilta\\\/\",\"url\":\"https:\\\/\\\/www.rassegnastampa-totustuus.it\\\/cattolica\\\/i-filosofi-atei-lo-dicono-senza-complessi-o-il-cristianesimo-resuscita-o-con-esso-cadra-anche-questa-civilta\\\/\",\"name\":\"I filosofi atei lo dicono senza complessi: o il cristianesimo resuscita o con esso cadr\u00e0 anche questa civilt\u00e0. - Rassegna Stampa Cattolica\",\"isPartOf\":{\"@id\":\"https:\\\/\\\/www.rassegnastampa-totustuus.it\\\/cattolica\\\/#website\"},\"primaryImageOfPage\":{\"@id\":\"https:\\\/\\\/www.rassegnastampa-totustuus.it\\\/cattolica\\\/i-filosofi-atei-lo-dicono-senza-complessi-o-il-cristianesimo-resuscita-o-con-esso-cadra-anche-questa-civilta\\\/#primaryimage\"},\"image\":{\"@id\":\"https:\\\/\\\/www.rassegnastampa-totustuus.it\\\/cattolica\\\/i-filosofi-atei-lo-dicono-senza-complessi-o-il-cristianesimo-resuscita-o-con-esso-cadra-anche-questa-civilta\\\/#primaryimage\"},\"thumbnailUrl\":\"https:\\\/\\\/www.rassegnastampa-totustuus.it\\\/cattolica\\\/wp-content\\\/uploads\\\/2021\\\/07\\\/crisi_decadenza_occidente.jpg\",\"datePublished\":\"2021-07-21T22:00:44+00:00\",\"dateModified\":\"2025-07-23T06:40:50+00:00\",\"description\":\"I filosofi atei lo dicono senza complessi: o il cristianesimo resuscita o con esso cadr\u00e0 anche questa civilt\u00e0.\",\"breadcrumb\":{\"@id\":\"https:\\\/\\\/www.rassegnastampa-totustuus.it\\\/cattolica\\\/i-filosofi-atei-lo-dicono-senza-complessi-o-il-cristianesimo-resuscita-o-con-esso-cadra-anche-questa-civilta\\\/#breadcrumb\"},\"inLanguage\":\"it-IT\",\"potentialAction\":[{\"@type\":\"ReadAction\",\"target\":[\"https:\\\/\\\/www.rassegnastampa-totustuus.it\\\/cattolica\\\/i-filosofi-atei-lo-dicono-senza-complessi-o-il-cristianesimo-resuscita-o-con-esso-cadra-anche-questa-civilta\\\/\"]}]},{\"@type\":\"ImageObject\",\"inLanguage\":\"it-IT\",\"@id\":\"https:\\\/\\\/www.rassegnastampa-totustuus.it\\\/cattolica\\\/i-filosofi-atei-lo-dicono-senza-complessi-o-il-cristianesimo-resuscita-o-con-esso-cadra-anche-questa-civilta\\\/#primaryimage\",\"url\":\"https:\\\/\\\/www.rassegnastampa-totustuus.it\\\/cattolica\\\/wp-content\\\/uploads\\\/2021\\\/07\\\/crisi_decadenza_occidente.jpg\",\"contentUrl\":\"https:\\\/\\\/www.rassegnastampa-totustuus.it\\\/cattolica\\\/wp-content\\\/uploads\\\/2021\\\/07\\\/crisi_decadenza_occidente.jpg\",\"width\":1500,\"height\":844},{\"@type\":\"BreadcrumbList\",\"@id\":\"https:\\\/\\\/www.rassegnastampa-totustuus.it\\\/cattolica\\\/i-filosofi-atei-lo-dicono-senza-complessi-o-il-cristianesimo-resuscita-o-con-esso-cadra-anche-questa-civilta\\\/#breadcrumb\",\"itemListElement\":[{\"@type\":\"ListItem\",\"position\":1,\"name\":\"Home\",\"item\":\"https:\\\/\\\/www.rassegnastampa-totustuus.it\\\/cattolica\\\/\"},{\"@type\":\"ListItem\",\"position\":2,\"name\":\"I filosofi atei lo dicono senza complessi: o il cristianesimo resuscita o con esso cadr\u00e0 anche questa civilt\u00e0.\"}]},{\"@type\":\"WebSite\",\"@id\":\"https:\\\/\\\/www.rassegnastampa-totustuus.it\\\/cattolica\\\/#website\",\"url\":\"https:\\\/\\\/www.rassegnastampa-totustuus.it\\\/cattolica\\\/\",\"name\":\"Rassegna Stampa Cattolica\",\"description\":\"Per una cultura che nasce dalla Rivelazione cristiana in conformit\u00e0 alla tradizione e al Magistero della Chiesa in opposizione ad ogni relativismo e totalitarismo\",\"publisher\":{\"@id\":\"https:\\\/\\\/www.rassegnastampa-totustuus.it\\\/cattolica\\\/#organization\"},\"alternateName\":\"Rass. Cattolica\",\"potentialAction\":[{\"@type\":\"SearchAction\",\"target\":{\"@type\":\"EntryPoint\",\"urlTemplate\":\"https:\\\/\\\/www.rassegnastampa-totustuus.it\\\/cattolica\\\/?s={search_term_string}\"},\"query-input\":{\"@type\":\"PropertyValueSpecification\",\"valueRequired\":true,\"valueName\":\"search_term_string\"}}],\"inLanguage\":\"it-IT\"},{\"@type\":\"Organization\",\"@id\":\"https:\\\/\\\/www.rassegnastampa-totustuus.it\\\/cattolica\\\/#organization\",\"name\":\"Rassegna Stampa Cattolica\",\"url\":\"https:\\\/\\\/www.rassegnastampa-totustuus.it\\\/cattolica\\\/\",\"logo\":{\"@type\":\"ImageObject\",\"inLanguage\":\"it-IT\",\"@id\":\"https:\\\/\\\/www.rassegnastampa-totustuus.it\\\/cattolica\\\/#\\\/schema\\\/logo\\\/image\\\/\",\"url\":\"https:\\\/\\\/www.rassegnastampa-totustuus.it\\\/cattolica\\\/wp-content\\\/uploads\\\/2014\\\/04\\\/logo-rassegna1.gif\",\"contentUrl\":\"https:\\\/\\\/www.rassegnastampa-totustuus.it\\\/cattolica\\\/wp-content\\\/uploads\\\/2014\\\/04\\\/logo-rassegna1.gif\",\"width\":600,\"height\":163,\"caption\":\"Rassegna Stampa Cattolica\"},\"image\":{\"@id\":\"https:\\\/\\\/www.rassegnastampa-totustuus.it\\\/cattolica\\\/#\\\/schema\\\/logo\\\/image\\\/\"},\"sameAs\":[\"https:\\\/\\\/www.facebook.com\\\/rassegnastampacattolica\",\"https:\\\/\\\/x.com\\\/rassegnastampa9\"]},{\"@type\":\"Person\",\"@id\":\"https:\\\/\\\/www.rassegnastampa-totustuus.it\\\/cattolica\\\/#\\\/schema\\\/person\\\/08f319d2bd1a0904ad9e2bfb7b15e5c3\",\"name\":\"Redazione\",\"image\":{\"@type\":\"ImageObject\",\"inLanguage\":\"it-IT\",\"@id\":\"https:\\\/\\\/secure.gravatar.com\\\/avatar\\\/2fcdf27c78ea025fbdb44e914cc63c72249ffec9dc8aafd5c82b26240ef3f346?s=96&d=mm&r=g\",\"url\":\"https:\\\/\\\/secure.gravatar.com\\\/avatar\\\/2fcdf27c78ea025fbdb44e914cc63c72249ffec9dc8aafd5c82b26240ef3f346?s=96&d=mm&r=g\",\"contentUrl\":\"https:\\\/\\\/secure.gravatar.com\\\/avatar\\\/2fcdf27c78ea025fbdb44e914cc63c72249ffec9dc8aafd5c82b26240ef3f346?s=96&d=mm&r=g\",\"caption\":\"Redazione\"},\"url\":\"https:\\\/\\\/www.rassegnastampa-totustuus.it\\\/cattolica\\\/author\\\/pietroelle\\\/\"}]}<\/script>\n<!-- \/ Yoast SEO plugin. -->","yoast_head_json":{"title":"I filosofi atei lo dicono senza complessi: o il cristianesimo resuscita o con esso cadr\u00e0 anche questa civilt\u00e0. - Rassegna Stampa Cattolica","description":"I filosofi atei lo dicono senza complessi: o il cristianesimo resuscita o con esso cadr\u00e0 anche questa civilt\u00e0.","robots":{"index":"index","follow":"follow","max-snippet":"max-snippet:-1","max-image-preview":"max-image-preview:large","max-video-preview":"max-video-preview:-1"},"canonical":"https:\/\/www.rassegnastampa-totustuus.it\/cattolica\/i-filosofi-atei-lo-dicono-senza-complessi-o-il-cristianesimo-resuscita-o-con-esso-cadra-anche-questa-civilta\/","og_locale":"it_IT","og_type":"article","og_title":"I filosofi atei lo dicono senza complessi: o il cristianesimo resuscita o con esso cadr\u00e0 anche questa civilt\u00e0. - Rassegna Stampa Cattolica","og_description":"I filosofi atei lo dicono senza complessi: o il cristianesimo resuscita o con esso cadr\u00e0 anche questa civilt\u00e0.","og_url":"https:\/\/www.rassegnastampa-totustuus.it\/cattolica\/i-filosofi-atei-lo-dicono-senza-complessi-o-il-cristianesimo-resuscita-o-con-esso-cadra-anche-questa-civilta\/","og_site_name":"Rassegna Stampa Cattolica","article_publisher":"https:\/\/www.facebook.com\/rassegnastampacattolica","article_published_time":"2021-07-21T22:00:44+00:00","article_modified_time":"2025-07-23T06:40:50+00:00","og_image":[{"width":1500,"height":844,"url":"https:\/\/www.rassegnastampa-totustuus.it\/cattolica\/wp-content\/uploads\/2021\/07\/crisi_decadenza_occidente.jpg","type":"image\/jpeg"}],"author":"Redazione","twitter_card":"summary_large_image","twitter_creator":"@rassegnastampa9","twitter_site":"@rassegnastampa9","twitter_misc":{"Scritto da":"Redazione","Tempo di lettura stimato":"14 minuti"},"schema":{"@context":"https:\/\/schema.org","@graph":[{"@type":"Article","@id":"https:\/\/www.rassegnastampa-totustuus.it\/cattolica\/i-filosofi-atei-lo-dicono-senza-complessi-o-il-cristianesimo-resuscita-o-con-esso-cadra-anche-questa-civilta\/#article","isPartOf":{"@id":"https:\/\/www.rassegnastampa-totustuus.it\/cattolica\/i-filosofi-atei-lo-dicono-senza-complessi-o-il-cristianesimo-resuscita-o-con-esso-cadra-anche-questa-civilta\/"},"author":{"name":"Redazione","@id":"https:\/\/www.rassegnastampa-totustuus.it\/cattolica\/#\/schema\/person\/08f319d2bd1a0904ad9e2bfb7b15e5c3"},"headline":"I filosofi atei lo dicono senza complessi: o il cristianesimo resuscita o con esso cadr\u00e0 anche questa civilt\u00e0.","datePublished":"2021-07-21T22:00:44+00:00","dateModified":"2025-07-23T06:40:50+00:00","mainEntityOfPage":{"@id":"https:\/\/www.rassegnastampa-totustuus.it\/cattolica\/i-filosofi-atei-lo-dicono-senza-complessi-o-il-cristianesimo-resuscita-o-con-esso-cadra-anche-questa-civilta\/"},"wordCount":2014,"publisher":{"@id":"https:\/\/www.rassegnastampa-totustuus.it\/cattolica\/#organization"},"image":{"@id":"https:\/\/www.rassegnastampa-totustuus.it\/cattolica\/i-filosofi-atei-lo-dicono-senza-complessi-o-il-cristianesimo-resuscita-o-con-esso-cadra-anche-questa-civilta\/#primaryimage"},"thumbnailUrl":"https:\/\/www.rassegnastampa-totustuus.it\/cattolica\/wp-content\/uploads\/2021\/07\/crisi_decadenza_occidente.jpg","keywords":["crisi dell&#039;Occidente","cristianesimo"],"articleSection":["Sguardo sul nostro tempo"],"inLanguage":"it-IT"},{"@type":"WebPage","@id":"https:\/\/www.rassegnastampa-totustuus.it\/cattolica\/i-filosofi-atei-lo-dicono-senza-complessi-o-il-cristianesimo-resuscita-o-con-esso-cadra-anche-questa-civilta\/","url":"https:\/\/www.rassegnastampa-totustuus.it\/cattolica\/i-filosofi-atei-lo-dicono-senza-complessi-o-il-cristianesimo-resuscita-o-con-esso-cadra-anche-questa-civilta\/","name":"I filosofi atei lo dicono senza complessi: o il cristianesimo resuscita o con esso cadr\u00e0 anche questa civilt\u00e0. - Rassegna Stampa Cattolica","isPartOf":{"@id":"https:\/\/www.rassegnastampa-totustuus.it\/cattolica\/#website"},"primaryImageOfPage":{"@id":"https:\/\/www.rassegnastampa-totustuus.it\/cattolica\/i-filosofi-atei-lo-dicono-senza-complessi-o-il-cristianesimo-resuscita-o-con-esso-cadra-anche-questa-civilta\/#primaryimage"},"image":{"@id":"https:\/\/www.rassegnastampa-totustuus.it\/cattolica\/i-filosofi-atei-lo-dicono-senza-complessi-o-il-cristianesimo-resuscita-o-con-esso-cadra-anche-questa-civilta\/#primaryimage"},"thumbnailUrl":"https:\/\/www.rassegnastampa-totustuus.it\/cattolica\/wp-content\/uploads\/2021\/07\/crisi_decadenza_occidente.jpg","datePublished":"2021-07-21T22:00:44+00:00","dateModified":"2025-07-23T06:40:50+00:00","description":"I filosofi atei lo dicono senza complessi: o il cristianesimo resuscita o con esso cadr\u00e0 anche questa civilt\u00e0.","breadcrumb":{"@id":"https:\/\/www.rassegnastampa-totustuus.it\/cattolica\/i-filosofi-atei-lo-dicono-senza-complessi-o-il-cristianesimo-resuscita-o-con-esso-cadra-anche-questa-civilta\/#breadcrumb"},"inLanguage":"it-IT","potentialAction":[{"@type":"ReadAction","target":["https:\/\/www.rassegnastampa-totustuus.it\/cattolica\/i-filosofi-atei-lo-dicono-senza-complessi-o-il-cristianesimo-resuscita-o-con-esso-cadra-anche-questa-civilta\/"]}]},{"@type":"ImageObject","inLanguage":"it-IT","@id":"https:\/\/www.rassegnastampa-totustuus.it\/cattolica\/i-filosofi-atei-lo-dicono-senza-complessi-o-il-cristianesimo-resuscita-o-con-esso-cadra-anche-questa-civilta\/#primaryimage","url":"https:\/\/www.rassegnastampa-totustuus.it\/cattolica\/wp-content\/uploads\/2021\/07\/crisi_decadenza_occidente.jpg","contentUrl":"https:\/\/www.rassegnastampa-totustuus.it\/cattolica\/wp-content\/uploads\/2021\/07\/crisi_decadenza_occidente.jpg","width":1500,"height":844},{"@type":"BreadcrumbList","@id":"https:\/\/www.rassegnastampa-totustuus.it\/cattolica\/i-filosofi-atei-lo-dicono-senza-complessi-o-il-cristianesimo-resuscita-o-con-esso-cadra-anche-questa-civilta\/#breadcrumb","itemListElement":[{"@type":"ListItem","position":1,"name":"Home","item":"https:\/\/www.rassegnastampa-totustuus.it\/cattolica\/"},{"@type":"ListItem","position":2,"name":"I filosofi atei lo dicono senza complessi: o il cristianesimo resuscita o con esso cadr\u00e0 anche questa civilt\u00e0."}]},{"@type":"WebSite","@id":"https:\/\/www.rassegnastampa-totustuus.it\/cattolica\/#website","url":"https:\/\/www.rassegnastampa-totustuus.it\/cattolica\/","name":"Rassegna Stampa Cattolica","description":"Per una cultura che nasce dalla Rivelazione cristiana in conformit\u00e0 alla tradizione e al Magistero della Chiesa in opposizione ad ogni relativismo e totalitarismo","publisher":{"@id":"https:\/\/www.rassegnastampa-totustuus.it\/cattolica\/#organization"},"alternateName":"Rass. Cattolica","potentialAction":[{"@type":"SearchAction","target":{"@type":"EntryPoint","urlTemplate":"https:\/\/www.rassegnastampa-totustuus.it\/cattolica\/?s={search_term_string}"},"query-input":{"@type":"PropertyValueSpecification","valueRequired":true,"valueName":"search_term_string"}}],"inLanguage":"it-IT"},{"@type":"Organization","@id":"https:\/\/www.rassegnastampa-totustuus.it\/cattolica\/#organization","name":"Rassegna Stampa Cattolica","url":"https:\/\/www.rassegnastampa-totustuus.it\/cattolica\/","logo":{"@type":"ImageObject","inLanguage":"it-IT","@id":"https:\/\/www.rassegnastampa-totustuus.it\/cattolica\/#\/schema\/logo\/image\/","url":"https:\/\/www.rassegnastampa-totustuus.it\/cattolica\/wp-content\/uploads\/2014\/04\/logo-rassegna1.gif","contentUrl":"https:\/\/www.rassegnastampa-totustuus.it\/cattolica\/wp-content\/uploads\/2014\/04\/logo-rassegna1.gif","width":600,"height":163,"caption":"Rassegna Stampa Cattolica"},"image":{"@id":"https:\/\/www.rassegnastampa-totustuus.it\/cattolica\/#\/schema\/logo\/image\/"},"sameAs":["https:\/\/www.facebook.com\/rassegnastampacattolica","https:\/\/x.com\/rassegnastampa9"]},{"@type":"Person","@id":"https:\/\/www.rassegnastampa-totustuus.it\/cattolica\/#\/schema\/person\/08f319d2bd1a0904ad9e2bfb7b15e5c3","name":"Redazione","image":{"@type":"ImageObject","inLanguage":"it-IT","@id":"https:\/\/secure.gravatar.com\/avatar\/2fcdf27c78ea025fbdb44e914cc63c72249ffec9dc8aafd5c82b26240ef3f346?s=96&d=mm&r=g","url":"https:\/\/secure.gravatar.com\/avatar\/2fcdf27c78ea025fbdb44e914cc63c72249ffec9dc8aafd5c82b26240ef3f346?s=96&d=mm&r=g","contentUrl":"https:\/\/secure.gravatar.com\/avatar\/2fcdf27c78ea025fbdb44e914cc63c72249ffec9dc8aafd5c82b26240ef3f346?s=96&d=mm&r=g","caption":"Redazione"},"url":"https:\/\/www.rassegnastampa-totustuus.it\/cattolica\/author\/pietroelle\/"}]}},"_links":{"self":[{"href":"https:\/\/www.rassegnastampa-totustuus.it\/cattolica\/wp-json\/wp\/v2\/posts\/52030","targetHints":{"allow":["GET"]}}],"collection":[{"href":"https:\/\/www.rassegnastampa-totustuus.it\/cattolica\/wp-json\/wp\/v2\/posts"}],"about":[{"href":"https:\/\/www.rassegnastampa-totustuus.it\/cattolica\/wp-json\/wp\/v2\/types\/post"}],"author":[{"embeddable":true,"href":"https:\/\/www.rassegnastampa-totustuus.it\/cattolica\/wp-json\/wp\/v2\/users\/6"}],"replies":[{"embeddable":true,"href":"https:\/\/www.rassegnastampa-totustuus.it\/cattolica\/wp-json\/wp\/v2\/comments?post=52030"}],"version-history":[{"count":3,"href":"https:\/\/www.rassegnastampa-totustuus.it\/cattolica\/wp-json\/wp\/v2\/posts\/52030\/revisions"}],"predecessor-version":[{"id":63490,"href":"https:\/\/www.rassegnastampa-totustuus.it\/cattolica\/wp-json\/wp\/v2\/posts\/52030\/revisions\/63490"}],"wp:featuredmedia":[{"embeddable":true,"href":"https:\/\/www.rassegnastampa-totustuus.it\/cattolica\/wp-json\/wp\/v2\/media\/52044"}],"wp:attachment":[{"href":"https:\/\/www.rassegnastampa-totustuus.it\/cattolica\/wp-json\/wp\/v2\/media?parent=52030"}],"wp:term":[{"taxonomy":"category","embeddable":true,"href":"https:\/\/www.rassegnastampa-totustuus.it\/cattolica\/wp-json\/wp\/v2\/categories?post=52030"},{"taxonomy":"post_tag","embeddable":true,"href":"https:\/\/www.rassegnastampa-totustuus.it\/cattolica\/wp-json\/wp\/v2\/tags?post=52030"}],"curies":[{"name":"wp","href":"https:\/\/api.w.org\/{rel}","templated":true}]}}