{"id":5203,"date":"2012-09-20T00:00:00","date_gmt":"2012-09-19T22:00:00","guid":{"rendered":""},"modified":"2015-05-06T18:54:02","modified_gmt":"2015-05-06T16:54:02","slug":"siamo-tutti-vittime-del-mito-verde","status":"publish","type":"post","link":"https:\/\/www.rassegnastampa-totustuus.it\/cattolica\/siamo-tutti-vittime-del-mito-verde\/","title":{"rendered":"Siamo tutti vittime del &quot;mito verde&quot;?"},"content":{"rendered":"<div style=\"text-align: center;\"><strong><a href=\"https:\/\/www.rassegnastampa-totustuus.it\/cattolica\/wp-content\/uploads\/2012\/09\/mulino-bianco.jpg\"><img loading=\"lazy\" decoding=\"async\" class=\"alignleft wp-image-24235\" src=\"https:\/\/www.rassegnastampa-totustuus.it\/cattolica\/wp-content\/uploads\/2012\/09\/mulino-bianco.jpg\" alt=\"mulino bianco\" width=\"250\" height=\"156\" \/><\/a>ilsussidiario.net<\/strong> sabato 18 agosto 2012<\/div>\n<p style=\"text-align: center;\"><strong>Riccardo Cascioli<\/strong><\/p>\n<p style=\"text-align: justify;\">Ma esiste davvero \u201cl\u2019agricoltura di una volta\u201d, quella dove tutti i contadini lavoravano felici, rimanevano sempre giovani, vivevano in armonia con la natura e dove la natura ovviamente ricambiava il favore evitando condizioni meteo estreme per non mettere a rischio i raccolti? \u00c8 la domanda che viene leggendo un libro uscito da poco (Davide Ciccarese, Il libro nero dell\u2019agricoltura, editrice Ponte alle Grazie), che riassume peraltro una serie di luoghi comuni in materia di agricoltura che si sono affermati negli ultimi anni anche sulla spinta dell\u2019ideologia ecologista.<\/p>\n<p><!--more--><\/p>\n<div style=\"text-align: justify;\">Si tratta di una concezione che tende a demonizzare l\u2019industrializzazione dell\u2019agricoltura, rea di aver cambiato i cicli naturali, di inquinare e di aver favorito la crescita di una generazione di agricoltori dediti esclusivamente al profitto infischiandosene della sostenibilit\u00e0 della tecnologia e del benessere degli animali. Da qui nascono poi quelle proposte di ritorno all\u2019antico \u2013 mascherate da termini moderni \u2013 come l\u2019esaltazione del cibo biologico, dei prodotti agricoli a km zero (cio\u00e8 acquisti dal contadino vicino a casa) e cos\u00ec via.<\/div>\n<p style=\"text-align: justify;\">La prima osservazione necessaria \u00e8 storica: quella civilt\u00e0 agricola di cui si vagheggia in realt\u00e0 non \u00e8 mai esistita, e la storiella diventa credibile soltanto perch\u00e9 viviamo in un contesto urbano (almeno il 70 per cento della popolazione italiana vive in citt\u00e0) dove la maggioranza delle persone conosce la realt\u00e0 rurale solo attraverso la pubblicit\u00e0 del Mulino Bianco.<\/p>\n<p style=\"text-align: justify;\">La verit\u00e0 \u00e8 che prima dell\u2019industrializzazione \u2013 e della meccanizzazione dell\u2019agricoltura \u2013 la vita era durissima: lavoro dall\u2019alba al tramonto, condizioni igienico-sanitarie oggi inaccettabili, per poter campare i figli (tanti) venivano impiegati fin dalla tenera et\u00e0 nei campi (alla fine del XIX secolo l\u2019analfabetismo superava il 70 per cento), l\u2019aspettativa di vita era all\u2019inizio del 900 la met\u00e0 di quella attuale. Sono dati da tenere ben presenti, perch\u00e9 la realt\u00e0 \u00e8 sempre la giustiziera dell\u2019ideologia.<\/p>\n<p style=\"text-align: justify;\">Una seconda osservazione va per\u00f2 fatta sul senso stesso dell\u2019agricoltura: le analisi come quella di Ciccarese presuppongono un prima, quando l\u2019agricoltura era se stessa, e un dopo (con la meccanizzazione, la sperimentazione di nuove variet\u00e0 genetiche e l\u2019introduzione dei fertilizzanti chimici) in cui \u00e8 stata snaturata.<\/p>\n<p style=\"text-align: justify;\">Ma la realt\u00e0 non \u00e8 cos\u00ec, come spiega Giuseppe Bertoni, docente nella Facolt\u00e0 di Agraria dell\u2019Universit\u00e0 cattolica di Piacenza: \u00abForse non tutti sanno che l\u2019agricoltura \u00e8 nata separatamente in aree diverse del pianeta fra gli 8 e i 12mila anni fa; in tutti i casi \u00e8 consistita nella \u201cdomesticazione\u201d di piante ed animali che l\u2019uomo gi\u00e0 conosceva in quanto oggetto di caccia-pesca o di raccolta a maturazione di semi-frutti.<\/p>\n<p style=\"text-align: justify;\">Col tempo, l\u2019uomo ha imparato a modificare piante ed animali, insieme all\u2019ambiente, per facilitare la vita (quindi la produzione) dei suoi nuovi alleati (piante coltivate ed animali allevati) a scapito dei competitori (malerbe, parassiti ed animali predatori) \u00bb.<\/p>\n<p style=\"text-align: justify;\">\u00abIn seguito, e quanto pi\u00f9 si \u00e8 disperso in aree lontane dai primi insediamenti agricoli (caldo-temperate), ha dovuto affrontare condizioni climatiche poco o per nulla compatibili con l\u2019originale produzione quasi continua di cibo e senza l\u2019adozione di particolari protezioni. Di qui l\u2019esigenza di saper conservare derrate, talora instabili per l\u2019elevata umidit\u00e0, per lunghi periodi: essiccazione, salagione-salamoia, affumicatura, fermentazioni ecc., procedimenti talora facilitati da \u201cbasse\u201d temperature per ragioni climatico-ambientali. Ci\u00f2 al triplice scopo di approfittare dei periodi pi\u00f9 favorevoli alla disponibilit\u00e0 di alimenti, di avere qualcosa da mangiare anche nei periodi sfavorevoli ed infine per poter surrogare la mancanza di alimenti freschi per i lunghi periodi di freddo-siccit\u00e0, con gli stessi o analoghi prodotti conservati\u00bb.<\/p>\n<p style=\"text-align: justify;\">\u00abA ben vedere l\u2019agricoltura di oggi fa esattamente le stesse cose: facilita la vita degli \u201calleati\u201d, ma la rende difficile ai competitori; i prodotti che ottiene li conserva con mezzi spesso diversi e migliori, ma contemporaneamente cerca di prolungare i periodi di produzione con variet\u00e0 pi\u00f9 o meno precoci o pi\u00f9 o meno tardive (pesche per 4-5 mesi e non 2); infine, ove conveniente, usa le serre od aree climatiche favorevoli per estendere a quasi tutto l\u2019anno la disponibilit\u00e0 dei prodotti (non a km zero)\u00bb.<\/p>\n<p style=\"text-align: justify;\">Di questa evoluzione naturale fanno parte sia la tanto demonizzata Rivoluzione verde, che negli anni 70 del passato secolo ha permesso di rispondere alle esigenze alimentari di centinaia di milioni di persone, sia le attuali biotecnologie. Il che non vuol dire che non ci siano dei problemi da affrontare \u2013 l\u2019uso razionale dell\u2019acqua, i rischi della desertificazione, l\u2019eccessivo uso di pesticidi, la conversione delle coltivazioni per scopi energetici \u2013 ma quasi mai sono gli argomenti proposti dai sostenitori dell\u2019agricoltura \u201cdi una volta\u201d.<\/p>\n<p style=\"text-align: justify;\">Perch\u00e9 bisogna aver chiaro che anche quando si parla di agricoltura il centro della questione \u00e8 l\u2019uomo, con i suoi bisogni. Perci\u00f2 il principale dovere del sistema agricolo mondiale (che \u00e8 unico, checch\u00e9 se ne dica) \u00e8 quello di rifornire i mercati con prodotti alimentari \u2013 di origine vegetale e animale \u2013 e con beni di consumo \u2013 carta, cotone e lana per gli abiti \u2013 che siano di buona qualit\u00e0 e a prezzi contenuti. Esattamente l\u2019opposto di quello che si otterrebbe inseguendo certe pericolose ideologie in cui la centralit\u00e0 dell\u2019uomo scompare per far posto a un astratto rispetto del pianeta.<\/p>\n","protected":false},"excerpt":{"rendered":"<p>ilsussidiario.net sabato 18 agosto 2012 Riccardo Cascioli Ma esiste davvero \u201cl\u2019agricoltura di una volta\u201d, quella dove tutti i contadini lavoravano felici, rimanevano sempre giovani, vivevano in armonia con la natura e dove la natura ovviamente ricambiava il favore evitando condizioni meteo estreme per non mettere a rischio i raccolti? \u00c8 la domanda che viene leggendo &hellip; <\/p>\n<p><a class=\"more-link btn\" href=\"https:\/\/www.rassegnastampa-totustuus.it\/cattolica\/siamo-tutti-vittime-del-mito-verde\/\">Continua a leggere<\/a><\/p>\n","protected":false},"author":6,"featured_media":24235,"comment_status":"closed","ping_status":"open","sticky":false,"template":"","format":"standard","meta":{"footnotes":""},"categories":[3],"tags":[1928],"class_list":["post-5203","post","type-post","status-publish","format-standard","has-post-thumbnail","hentry","category-ambientalismo","tag-agricoltura","item-wrap"],"yoast_head":"<!-- This site is optimized with the Yoast SEO plugin v27.5 - https:\/\/yoast.com\/product\/yoast-seo-wordpress\/ -->\n<title>Siamo tutti vittime del &quot;mito verde&quot;? - Rassegna Stampa Cattolica<\/title>\n<meta name=\"description\" content=\"Rassegna Stampa Cattolica - Per una cultura che nasce dalla Rivelazione cristiana in conformit\u00e0 alla tradizione e al Magistero della Chiesa in opposizione ad ogni relativismo e totalitarismo\" \/>\n<meta name=\"robots\" content=\"index, follow, max-snippet:-1, max-image-preview:large, max-video-preview:-1\" \/>\n<link rel=\"canonical\" href=\"https:\/\/www.rassegnastampa-totustuus.it\/cattolica\/siamo-tutti-vittime-del-mito-verde\/\" \/>\n<meta property=\"og:locale\" content=\"it_IT\" \/>\n<meta property=\"og:type\" content=\"article\" \/>\n<meta property=\"og:title\" content=\"Siamo tutti vittime del &quot;mito verde&quot;? - Rassegna Stampa Cattolica\" \/>\n<meta property=\"og:description\" content=\"Rassegna Stampa Cattolica - Per una cultura che nasce dalla Rivelazione cristiana in conformit\u00e0 alla tradizione e al Magistero della Chiesa in opposizione ad ogni relativismo e totalitarismo\" \/>\n<meta property=\"og:url\" content=\"https:\/\/www.rassegnastampa-totustuus.it\/cattolica\/siamo-tutti-vittime-del-mito-verde\/\" \/>\n<meta property=\"og:site_name\" content=\"Rassegna Stampa Cattolica\" \/>\n<meta property=\"article:publisher\" content=\"https:\/\/www.facebook.com\/rassegnastampacattolica\" \/>\n<meta property=\"article:published_time\" content=\"2012-09-19T22:00:00+00:00\" \/>\n<meta property=\"article:modified_time\" content=\"2015-05-06T16:54:02+00:00\" \/>\n<meta property=\"og:image\" content=\"https:\/\/www.rassegnastampa-totustuus.it\/cattolica\/wp-content\/uploads\/2012\/09\/mulino-bianco.jpg\" \/>\n\t<meta property=\"og:image:width\" content=\"284\" \/>\n\t<meta property=\"og:image:height\" content=\"177\" \/>\n\t<meta property=\"og:image:type\" content=\"image\/jpeg\" \/>\n<meta name=\"author\" content=\"Redazione\" \/>\n<meta name=\"twitter:card\" content=\"summary_large_image\" \/>\n<meta name=\"twitter:creator\" content=\"@rassegnastampa9\" \/>\n<meta name=\"twitter:site\" content=\"@rassegnastampa9\" \/>\n<meta name=\"twitter:label1\" content=\"Scritto da\" \/>\n\t<meta name=\"twitter:data1\" content=\"Redazione\" \/>\n\t<meta name=\"twitter:label2\" content=\"Tempo di lettura stimato\" \/>\n\t<meta name=\"twitter:data2\" content=\"4 minuti\" \/>\n<script type=\"application\/ld+json\" class=\"yoast-schema-graph\">{\"@context\":\"https:\\\/\\\/schema.org\",\"@graph\":[{\"@type\":\"Article\",\"@id\":\"https:\\\/\\\/www.rassegnastampa-totustuus.it\\\/cattolica\\\/siamo-tutti-vittime-del-mito-verde\\\/#article\",\"isPartOf\":{\"@id\":\"https:\\\/\\\/www.rassegnastampa-totustuus.it\\\/cattolica\\\/siamo-tutti-vittime-del-mito-verde\\\/\"},\"author\":{\"name\":\"Redazione\",\"@id\":\"https:\\\/\\\/www.rassegnastampa-totustuus.it\\\/cattolica\\\/#\\\/schema\\\/person\\\/08f319d2bd1a0904ad9e2bfb7b15e5c3\"},\"headline\":\"Siamo tutti vittime del &quot;mito verde&quot;?\",\"datePublished\":\"2012-09-19T22:00:00+00:00\",\"dateModified\":\"2015-05-06T16:54:02+00:00\",\"mainEntityOfPage\":{\"@id\":\"https:\\\/\\\/www.rassegnastampa-totustuus.it\\\/cattolica\\\/siamo-tutti-vittime-del-mito-verde\\\/\"},\"wordCount\":855,\"publisher\":{\"@id\":\"https:\\\/\\\/www.rassegnastampa-totustuus.it\\\/cattolica\\\/#organization\"},\"image\":{\"@id\":\"https:\\\/\\\/www.rassegnastampa-totustuus.it\\\/cattolica\\\/siamo-tutti-vittime-del-mito-verde\\\/#primaryimage\"},\"thumbnailUrl\":\"https:\\\/\\\/www.rassegnastampa-totustuus.it\\\/cattolica\\\/wp-content\\\/uploads\\\/2012\\\/09\\\/mulino-bianco.jpg\",\"keywords\":[\"agricoltura\"],\"articleSection\":[\"Ambientalismo\"],\"inLanguage\":\"it-IT\"},{\"@type\":\"WebPage\",\"@id\":\"https:\\\/\\\/www.rassegnastampa-totustuus.it\\\/cattolica\\\/siamo-tutti-vittime-del-mito-verde\\\/\",\"url\":\"https:\\\/\\\/www.rassegnastampa-totustuus.it\\\/cattolica\\\/siamo-tutti-vittime-del-mito-verde\\\/\",\"name\":\"Siamo tutti vittime del &quot;mito verde&quot;? - Rassegna Stampa Cattolica\",\"isPartOf\":{\"@id\":\"https:\\\/\\\/www.rassegnastampa-totustuus.it\\\/cattolica\\\/#website\"},\"primaryImageOfPage\":{\"@id\":\"https:\\\/\\\/www.rassegnastampa-totustuus.it\\\/cattolica\\\/siamo-tutti-vittime-del-mito-verde\\\/#primaryimage\"},\"image\":{\"@id\":\"https:\\\/\\\/www.rassegnastampa-totustuus.it\\\/cattolica\\\/siamo-tutti-vittime-del-mito-verde\\\/#primaryimage\"},\"thumbnailUrl\":\"https:\\\/\\\/www.rassegnastampa-totustuus.it\\\/cattolica\\\/wp-content\\\/uploads\\\/2012\\\/09\\\/mulino-bianco.jpg\",\"datePublished\":\"2012-09-19T22:00:00+00:00\",\"dateModified\":\"2015-05-06T16:54:02+00:00\",\"description\":\"Rassegna Stampa Cattolica - Per una cultura che nasce dalla Rivelazione cristiana in conformit\u00e0 alla tradizione e al Magistero della Chiesa in opposizione ad ogni relativismo e totalitarismo\",\"breadcrumb\":{\"@id\":\"https:\\\/\\\/www.rassegnastampa-totustuus.it\\\/cattolica\\\/siamo-tutti-vittime-del-mito-verde\\\/#breadcrumb\"},\"inLanguage\":\"it-IT\",\"potentialAction\":[{\"@type\":\"ReadAction\",\"target\":[\"https:\\\/\\\/www.rassegnastampa-totustuus.it\\\/cattolica\\\/siamo-tutti-vittime-del-mito-verde\\\/\"]}]},{\"@type\":\"ImageObject\",\"inLanguage\":\"it-IT\",\"@id\":\"https:\\\/\\\/www.rassegnastampa-totustuus.it\\\/cattolica\\\/siamo-tutti-vittime-del-mito-verde\\\/#primaryimage\",\"url\":\"https:\\\/\\\/www.rassegnastampa-totustuus.it\\\/cattolica\\\/wp-content\\\/uploads\\\/2012\\\/09\\\/mulino-bianco.jpg\",\"contentUrl\":\"https:\\\/\\\/www.rassegnastampa-totustuus.it\\\/cattolica\\\/wp-content\\\/uploads\\\/2012\\\/09\\\/mulino-bianco.jpg\",\"width\":284,\"height\":177},{\"@type\":\"BreadcrumbList\",\"@id\":\"https:\\\/\\\/www.rassegnastampa-totustuus.it\\\/cattolica\\\/siamo-tutti-vittime-del-mito-verde\\\/#breadcrumb\",\"itemListElement\":[{\"@type\":\"ListItem\",\"position\":1,\"name\":\"Home\",\"item\":\"https:\\\/\\\/www.rassegnastampa-totustuus.it\\\/cattolica\\\/\"},{\"@type\":\"ListItem\",\"position\":2,\"name\":\"Siamo tutti vittime del &quot;mito verde&quot;?\"}]},{\"@type\":\"WebSite\",\"@id\":\"https:\\\/\\\/www.rassegnastampa-totustuus.it\\\/cattolica\\\/#website\",\"url\":\"https:\\\/\\\/www.rassegnastampa-totustuus.it\\\/cattolica\\\/\",\"name\":\"Rassegna Stampa Cattolica\",\"description\":\"Per una cultura che nasce dalla Rivelazione cristiana in conformit\u00e0 alla tradizione e al Magistero della Chiesa in opposizione ad ogni relativismo e totalitarismo\",\"publisher\":{\"@id\":\"https:\\\/\\\/www.rassegnastampa-totustuus.it\\\/cattolica\\\/#organization\"},\"alternateName\":\"Rass. Cattolica\",\"potentialAction\":[{\"@type\":\"SearchAction\",\"target\":{\"@type\":\"EntryPoint\",\"urlTemplate\":\"https:\\\/\\\/www.rassegnastampa-totustuus.it\\\/cattolica\\\/?s={search_term_string}\"},\"query-input\":{\"@type\":\"PropertyValueSpecification\",\"valueRequired\":true,\"valueName\":\"search_term_string\"}}],\"inLanguage\":\"it-IT\"},{\"@type\":\"Organization\",\"@id\":\"https:\\\/\\\/www.rassegnastampa-totustuus.it\\\/cattolica\\\/#organization\",\"name\":\"Rassegna Stampa Cattolica\",\"url\":\"https:\\\/\\\/www.rassegnastampa-totustuus.it\\\/cattolica\\\/\",\"logo\":{\"@type\":\"ImageObject\",\"inLanguage\":\"it-IT\",\"@id\":\"https:\\\/\\\/www.rassegnastampa-totustuus.it\\\/cattolica\\\/#\\\/schema\\\/logo\\\/image\\\/\",\"url\":\"https:\\\/\\\/www.rassegnastampa-totustuus.it\\\/cattolica\\\/wp-content\\\/uploads\\\/2014\\\/04\\\/logo-rassegna1.gif\",\"contentUrl\":\"https:\\\/\\\/www.rassegnastampa-totustuus.it\\\/cattolica\\\/wp-content\\\/uploads\\\/2014\\\/04\\\/logo-rassegna1.gif\",\"width\":600,\"height\":163,\"caption\":\"Rassegna Stampa Cattolica\"},\"image\":{\"@id\":\"https:\\\/\\\/www.rassegnastampa-totustuus.it\\\/cattolica\\\/#\\\/schema\\\/logo\\\/image\\\/\"},\"sameAs\":[\"https:\\\/\\\/www.facebook.com\\\/rassegnastampacattolica\",\"https:\\\/\\\/x.com\\\/rassegnastampa9\"]},{\"@type\":\"Person\",\"@id\":\"https:\\\/\\\/www.rassegnastampa-totustuus.it\\\/cattolica\\\/#\\\/schema\\\/person\\\/08f319d2bd1a0904ad9e2bfb7b15e5c3\",\"name\":\"Redazione\",\"image\":{\"@type\":\"ImageObject\",\"inLanguage\":\"it-IT\",\"@id\":\"https:\\\/\\\/secure.gravatar.com\\\/avatar\\\/2fcdf27c78ea025fbdb44e914cc63c72249ffec9dc8aafd5c82b26240ef3f346?s=96&d=mm&r=g\",\"url\":\"https:\\\/\\\/secure.gravatar.com\\\/avatar\\\/2fcdf27c78ea025fbdb44e914cc63c72249ffec9dc8aafd5c82b26240ef3f346?s=96&d=mm&r=g\",\"contentUrl\":\"https:\\\/\\\/secure.gravatar.com\\\/avatar\\\/2fcdf27c78ea025fbdb44e914cc63c72249ffec9dc8aafd5c82b26240ef3f346?s=96&d=mm&r=g\",\"caption\":\"Redazione\"},\"url\":\"https:\\\/\\\/www.rassegnastampa-totustuus.it\\\/cattolica\\\/author\\\/pietroelle\\\/\"}]}<\/script>\n<!-- \/ Yoast SEO plugin. -->","yoast_head_json":{"title":"Siamo tutti vittime del &quot;mito verde&quot;? - Rassegna Stampa Cattolica","description":"Rassegna Stampa Cattolica - Per una cultura che nasce dalla Rivelazione cristiana in conformit\u00e0 alla tradizione e al Magistero della Chiesa in opposizione ad ogni relativismo e totalitarismo","robots":{"index":"index","follow":"follow","max-snippet":"max-snippet:-1","max-image-preview":"max-image-preview:large","max-video-preview":"max-video-preview:-1"},"canonical":"https:\/\/www.rassegnastampa-totustuus.it\/cattolica\/siamo-tutti-vittime-del-mito-verde\/","og_locale":"it_IT","og_type":"article","og_title":"Siamo tutti vittime del &quot;mito verde&quot;? - Rassegna Stampa Cattolica","og_description":"Rassegna Stampa Cattolica - Per una cultura che nasce dalla Rivelazione cristiana in conformit\u00e0 alla tradizione e al Magistero della Chiesa in opposizione ad ogni relativismo e totalitarismo","og_url":"https:\/\/www.rassegnastampa-totustuus.it\/cattolica\/siamo-tutti-vittime-del-mito-verde\/","og_site_name":"Rassegna Stampa Cattolica","article_publisher":"https:\/\/www.facebook.com\/rassegnastampacattolica","article_published_time":"2012-09-19T22:00:00+00:00","article_modified_time":"2015-05-06T16:54:02+00:00","og_image":[{"width":284,"height":177,"url":"https:\/\/www.rassegnastampa-totustuus.it\/cattolica\/wp-content\/uploads\/2012\/09\/mulino-bianco.jpg","type":"image\/jpeg"}],"author":"Redazione","twitter_card":"summary_large_image","twitter_creator":"@rassegnastampa9","twitter_site":"@rassegnastampa9","twitter_misc":{"Scritto da":"Redazione","Tempo di lettura stimato":"4 minuti"},"schema":{"@context":"https:\/\/schema.org","@graph":[{"@type":"Article","@id":"https:\/\/www.rassegnastampa-totustuus.it\/cattolica\/siamo-tutti-vittime-del-mito-verde\/#article","isPartOf":{"@id":"https:\/\/www.rassegnastampa-totustuus.it\/cattolica\/siamo-tutti-vittime-del-mito-verde\/"},"author":{"name":"Redazione","@id":"https:\/\/www.rassegnastampa-totustuus.it\/cattolica\/#\/schema\/person\/08f319d2bd1a0904ad9e2bfb7b15e5c3"},"headline":"Siamo tutti vittime del &quot;mito verde&quot;?","datePublished":"2012-09-19T22:00:00+00:00","dateModified":"2015-05-06T16:54:02+00:00","mainEntityOfPage":{"@id":"https:\/\/www.rassegnastampa-totustuus.it\/cattolica\/siamo-tutti-vittime-del-mito-verde\/"},"wordCount":855,"publisher":{"@id":"https:\/\/www.rassegnastampa-totustuus.it\/cattolica\/#organization"},"image":{"@id":"https:\/\/www.rassegnastampa-totustuus.it\/cattolica\/siamo-tutti-vittime-del-mito-verde\/#primaryimage"},"thumbnailUrl":"https:\/\/www.rassegnastampa-totustuus.it\/cattolica\/wp-content\/uploads\/2012\/09\/mulino-bianco.jpg","keywords":["agricoltura"],"articleSection":["Ambientalismo"],"inLanguage":"it-IT"},{"@type":"WebPage","@id":"https:\/\/www.rassegnastampa-totustuus.it\/cattolica\/siamo-tutti-vittime-del-mito-verde\/","url":"https:\/\/www.rassegnastampa-totustuus.it\/cattolica\/siamo-tutti-vittime-del-mito-verde\/","name":"Siamo tutti vittime del &quot;mito verde&quot;? - Rassegna Stampa Cattolica","isPartOf":{"@id":"https:\/\/www.rassegnastampa-totustuus.it\/cattolica\/#website"},"primaryImageOfPage":{"@id":"https:\/\/www.rassegnastampa-totustuus.it\/cattolica\/siamo-tutti-vittime-del-mito-verde\/#primaryimage"},"image":{"@id":"https:\/\/www.rassegnastampa-totustuus.it\/cattolica\/siamo-tutti-vittime-del-mito-verde\/#primaryimage"},"thumbnailUrl":"https:\/\/www.rassegnastampa-totustuus.it\/cattolica\/wp-content\/uploads\/2012\/09\/mulino-bianco.jpg","datePublished":"2012-09-19T22:00:00+00:00","dateModified":"2015-05-06T16:54:02+00:00","description":"Rassegna Stampa Cattolica - Per una cultura che nasce dalla Rivelazione cristiana in conformit\u00e0 alla tradizione e al Magistero della Chiesa in opposizione ad ogni relativismo e totalitarismo","breadcrumb":{"@id":"https:\/\/www.rassegnastampa-totustuus.it\/cattolica\/siamo-tutti-vittime-del-mito-verde\/#breadcrumb"},"inLanguage":"it-IT","potentialAction":[{"@type":"ReadAction","target":["https:\/\/www.rassegnastampa-totustuus.it\/cattolica\/siamo-tutti-vittime-del-mito-verde\/"]}]},{"@type":"ImageObject","inLanguage":"it-IT","@id":"https:\/\/www.rassegnastampa-totustuus.it\/cattolica\/siamo-tutti-vittime-del-mito-verde\/#primaryimage","url":"https:\/\/www.rassegnastampa-totustuus.it\/cattolica\/wp-content\/uploads\/2012\/09\/mulino-bianco.jpg","contentUrl":"https:\/\/www.rassegnastampa-totustuus.it\/cattolica\/wp-content\/uploads\/2012\/09\/mulino-bianco.jpg","width":284,"height":177},{"@type":"BreadcrumbList","@id":"https:\/\/www.rassegnastampa-totustuus.it\/cattolica\/siamo-tutti-vittime-del-mito-verde\/#breadcrumb","itemListElement":[{"@type":"ListItem","position":1,"name":"Home","item":"https:\/\/www.rassegnastampa-totustuus.it\/cattolica\/"},{"@type":"ListItem","position":2,"name":"Siamo tutti vittime del &quot;mito verde&quot;?"}]},{"@type":"WebSite","@id":"https:\/\/www.rassegnastampa-totustuus.it\/cattolica\/#website","url":"https:\/\/www.rassegnastampa-totustuus.it\/cattolica\/","name":"Rassegna Stampa Cattolica","description":"Per una cultura che nasce dalla Rivelazione cristiana in conformit\u00e0 alla tradizione e al Magistero della Chiesa in opposizione ad ogni relativismo e totalitarismo","publisher":{"@id":"https:\/\/www.rassegnastampa-totustuus.it\/cattolica\/#organization"},"alternateName":"Rass. Cattolica","potentialAction":[{"@type":"SearchAction","target":{"@type":"EntryPoint","urlTemplate":"https:\/\/www.rassegnastampa-totustuus.it\/cattolica\/?s={search_term_string}"},"query-input":{"@type":"PropertyValueSpecification","valueRequired":true,"valueName":"search_term_string"}}],"inLanguage":"it-IT"},{"@type":"Organization","@id":"https:\/\/www.rassegnastampa-totustuus.it\/cattolica\/#organization","name":"Rassegna Stampa Cattolica","url":"https:\/\/www.rassegnastampa-totustuus.it\/cattolica\/","logo":{"@type":"ImageObject","inLanguage":"it-IT","@id":"https:\/\/www.rassegnastampa-totustuus.it\/cattolica\/#\/schema\/logo\/image\/","url":"https:\/\/www.rassegnastampa-totustuus.it\/cattolica\/wp-content\/uploads\/2014\/04\/logo-rassegna1.gif","contentUrl":"https:\/\/www.rassegnastampa-totustuus.it\/cattolica\/wp-content\/uploads\/2014\/04\/logo-rassegna1.gif","width":600,"height":163,"caption":"Rassegna Stampa Cattolica"},"image":{"@id":"https:\/\/www.rassegnastampa-totustuus.it\/cattolica\/#\/schema\/logo\/image\/"},"sameAs":["https:\/\/www.facebook.com\/rassegnastampacattolica","https:\/\/x.com\/rassegnastampa9"]},{"@type":"Person","@id":"https:\/\/www.rassegnastampa-totustuus.it\/cattolica\/#\/schema\/person\/08f319d2bd1a0904ad9e2bfb7b15e5c3","name":"Redazione","image":{"@type":"ImageObject","inLanguage":"it-IT","@id":"https:\/\/secure.gravatar.com\/avatar\/2fcdf27c78ea025fbdb44e914cc63c72249ffec9dc8aafd5c82b26240ef3f346?s=96&d=mm&r=g","url":"https:\/\/secure.gravatar.com\/avatar\/2fcdf27c78ea025fbdb44e914cc63c72249ffec9dc8aafd5c82b26240ef3f346?s=96&d=mm&r=g","contentUrl":"https:\/\/secure.gravatar.com\/avatar\/2fcdf27c78ea025fbdb44e914cc63c72249ffec9dc8aafd5c82b26240ef3f346?s=96&d=mm&r=g","caption":"Redazione"},"url":"https:\/\/www.rassegnastampa-totustuus.it\/cattolica\/author\/pietroelle\/"}]}},"_links":{"self":[{"href":"https:\/\/www.rassegnastampa-totustuus.it\/cattolica\/wp-json\/wp\/v2\/posts\/5203","targetHints":{"allow":["GET"]}}],"collection":[{"href":"https:\/\/www.rassegnastampa-totustuus.it\/cattolica\/wp-json\/wp\/v2\/posts"}],"about":[{"href":"https:\/\/www.rassegnastampa-totustuus.it\/cattolica\/wp-json\/wp\/v2\/types\/post"}],"author":[{"embeddable":true,"href":"https:\/\/www.rassegnastampa-totustuus.it\/cattolica\/wp-json\/wp\/v2\/users\/6"}],"replies":[{"embeddable":true,"href":"https:\/\/www.rassegnastampa-totustuus.it\/cattolica\/wp-json\/wp\/v2\/comments?post=5203"}],"version-history":[{"count":3,"href":"https:\/\/www.rassegnastampa-totustuus.it\/cattolica\/wp-json\/wp\/v2\/posts\/5203\/revisions"}],"predecessor-version":[{"id":24236,"href":"https:\/\/www.rassegnastampa-totustuus.it\/cattolica\/wp-json\/wp\/v2\/posts\/5203\/revisions\/24236"}],"wp:featuredmedia":[{"embeddable":true,"href":"https:\/\/www.rassegnastampa-totustuus.it\/cattolica\/wp-json\/wp\/v2\/media\/24235"}],"wp:attachment":[{"href":"https:\/\/www.rassegnastampa-totustuus.it\/cattolica\/wp-json\/wp\/v2\/media?parent=5203"}],"wp:term":[{"taxonomy":"category","embeddable":true,"href":"https:\/\/www.rassegnastampa-totustuus.it\/cattolica\/wp-json\/wp\/v2\/categories?post=5203"},{"taxonomy":"post_tag","embeddable":true,"href":"https:\/\/www.rassegnastampa-totustuus.it\/cattolica\/wp-json\/wp\/v2\/tags?post=5203"}],"curies":[{"name":"wp","href":"https:\/\/api.w.org\/{rel}","templated":true}]}}