{"id":51972,"date":"2021-07-15T00:00:56","date_gmt":"2021-07-14T22:00:56","guid":{"rendered":"http:\/\/www.rassegnastampa-totustuus.it\/cattolica\/?p=51972"},"modified":"2025-07-23T10:17:14","modified_gmt":"2025-07-23T08:17:14","slug":"la-scienza-puo-indurre-allarmismo-leggere-attentamente-i-report-ufficiali","status":"publish","type":"post","link":"https:\/\/www.rassegnastampa-totustuus.it\/cattolica\/la-scienza-puo-indurre-allarmismo-leggere-attentamente-i-report-ufficiali\/","title":{"rendered":"La Scienza pu\u00f2 indurre allarmismo (leggere attentamente i report ufficiali)"},"content":{"rendered":"\n<p class=\"has-text-align-center\"><span style=\"color: #000000;\"><a href=\"https:\/\/www.tempi.it\/\" target=\"_blank\" rel=\"noreferrer noopener\"><strong>Tempi<\/strong> <\/a>n.6 Giugno 2021 <\/span><\/p>\n\n\n\n<p><span style=\"color: #000000;\"><em>A smentire la narrazione del clima impazzito sono gli stessi dati dell\u2019Onu e del governo americano. Peccato che siano accuratamente&nbsp; seppelliti fra centinaia di pagine incomprensibili ai pi\u00f9. Parla Steven Koonin, ex esperto di Obama, rovesciatore di \u201ccertezze\u201d catastrofiste <\/em><\/span><\/p>\n\n\n\n<p class=\"has-text-align-center\"><span style=\"color: #000000;\">di <strong>Pietro Piccinini<\/strong><\/span><\/p>\n\n\n<div class=\"wp-block-image\">\n<figure class=\"aligncenter size-full is-resized\"><a href=\"https:\/\/www.rassegnastampa-totustuus.it\/cattolica\/wp-content\/uploads\/2021\/07\/clima_Ipcc_ambiente.jpg\"><img loading=\"lazy\" decoding=\"async\" width=\"194\" height=\"259\" src=\"https:\/\/www.rassegnastampa-totustuus.it\/cattolica\/wp-content\/uploads\/2021\/07\/clima_Ipcc_ambiente.jpg\" alt=\"\" class=\"wp-image-51976\" style=\"width:210px;height:auto\"\/><\/a><\/figure><\/div>\n\n\n<!--more-->\n\n\n\n<p><span style=\"color: #000000;\">indovinello. Chi \u00e8 che dice che non esiste prova di un effetto dell\u2019attivit\u00e0 umana sugli uragani negli ultimi cento anni, che il ghiaccio della Groenlandia non si scioglie pi\u00f9 rapidamente oggi rispetto a ottant\u2019anni fa, che l\u2019impatto economico del cambiamento climatico causato dall\u2019uomo da qui alla fine di questo secolo sar\u00e0 minimo? un pazzo negazionista? no. Lo dicono il governo degli Stati Uniti e l\u2019Ipcc dell\u2019Onu, lo stesso identico gruppo intergovernativo sul cambiamento climatico che nel 2007 si \u00e8 guadagnato un premio Nobel per la pace spargendo panico a piene mani sull\u2019aumento dei fenomeni meteorolgici estremi, lo&nbsp; scioglimento dei ghiacci e la rovina economica che ci aspettano se non cambieremo radicalmente il nostro modo di vivere cos\u00ec distruttivo. <\/span><\/p>\n\n\n<div class=\"wp-block-image\">\n<figure class=\"aligncenter is-resized\"><img loading=\"lazy\" decoding=\"async\" width=\"201\" height=\"251\" src=\"https:\/\/www.rassegnastampa-totustuus.it\/cattolica\/wp-content\/uploads\/2021\/07\/Steven-_Koonin_clima.jpg\" alt=\"\" class=\"wp-image-51973\" style=\"width:247px;height:auto\"\/><\/figure><\/div>\n\n\n<p><span style=\"color: #000000;\">Si scoprono queste e molte altre cose sorprendenti leggendo il libro di Steven&nbsp; Koonin, fisico, membro della national Academy of Sciences, professore della new York university dove ha fondato e dirige il Center for urban Science and Progress, gi\u00e0 provost del California institute of Technology (Caltech), in passato anche <em>chief scientist<\/em> del colosso petrolifero Bp nell\u2019ambito delle rinnovabili, soprattutto ex sottosegretario per la Scienza al dipartimento dell\u2019Energia dell\u2019amministrazione Obama. insomma, uno che ha finito la scuola, prima di andarsene in giro a dare lezioni sul clima. <\/span><\/p>\n\n\n\n<p><span style=\"color: #000000;\">E che per\u00f2 da qualche anno si \u00e8 messo a terremotare la narrazione catastrofista dominante e dunque passa per \u201cnegazionista\u201d (cos\u00ec lo ha liquidato per esempio <em>Repubblica<\/em>, senza badare al fatto che i suoi commenti appaiano senza problemi su <em>Wall Street Journal <\/em>e <em>New York Times<\/em>). <\/span><\/p>\n\n\n<div class=\"wp-block-image\">\n<figure class=\"aligncenter is-resized\"><img loading=\"lazy\" decoding=\"async\" width=\"183\" height=\"275\" src=\"https:\/\/www.rassegnastampa-totustuus.it\/cattolica\/wp-content\/uploads\/2021\/07\/Steven-_Koonin_cover_clima.jpg\" alt=\"\" class=\"wp-image-51974\" style=\"width:201px;height:auto\"\/><\/figure><\/div>\n\n\n<p><span style=\"color: #000000;\">La tesi di Koonin \u00e8 che riguardo all\u2019impatto dell\u2019uomo sul clima del pianeta, ma anche riguardo alla portata stessa del cambiamento climatico, la scienza \u00e8 molto meno unanime di quanto sostengano politici, media e tanti addetti ai lavori. E per dimostrarlo utilizza solo ed esclusivamente i report ufficiali delle massime istituzioni (soprattutto governo americano e Ipcc) e ricerche di indiscutibile autorevolezza. <\/span><\/p>\n\n\n\n<p><span style=\"color: #000000;\">Tutti documenti che \u2013 al netto delle sintesi per giornalisti e decisori, spesso furbescamente studiate per assecondare lo storytelling allarmista \u2013 contengono, magari seppellite tra centinaia di pagine illeggibili, moltissime esplicite ammissioni di ignoranza, incomprensione o disaccordo sull\u2019interpretazione dei dati di realt\u00e0. <\/span><\/p>\n\n\n\n<h4 class=\"wp-block-heading has-text-align-center\"><span style=\"color: #000000;\"><strong>Domande senza risposta <\/strong><\/span><\/h4>\n\n\n<div class=\"wp-block-image\">\n<figure class=\"aligncenter is-resized\"><img loading=\"lazy\" decoding=\"async\" width=\"300\" height=\"170\" src=\"https:\/\/www.rassegnastampa-totustuus.it\/cattolica\/wp-content\/uploads\/2020\/11\/ambientalismo_clima_warming-300x170.jpg\" alt=\"\" class=\"wp-image-49379\" style=\"width:446px;height:auto\" srcset=\"https:\/\/www.rassegnastampa-totustuus.it\/cattolica\/wp-content\/uploads\/2020\/11\/ambientalismo_clima_warming-300x170.jpg 300w, https:\/\/www.rassegnastampa-totustuus.it\/cattolica\/wp-content\/uploads\/2020\/11\/ambientalismo_clima_warming-768x435.jpg 768w, https:\/\/www.rassegnastampa-totustuus.it\/cattolica\/wp-content\/uploads\/2020\/11\/ambientalismo_clima_warming-1024x580.jpg 1024w, https:\/\/www.rassegnastampa-totustuus.it\/cattolica\/wp-content\/uploads\/2020\/11\/ambientalismo_clima_warming.jpg 1620w\" sizes=\"auto, (max-width: 300px) 100vw, 300px\" \/><\/figure><\/div>\n\n\n<p><span style=\"color: #000000;\">Il paradosso \u00e8 che non solo la scienza del clima dispone di pochissime certezze, ma sembra averne sempre meno: uno dei capitoli pi\u00f9 interessanti di Koonin \u00e8 quello che racconta come le decine di modelli climatici a cui si affidano i report ufficiali per produrre le loro valutazioni siano pi\u00f9 discordi fra loro oggi di quanto non lo fossero in passato. Questo perch\u00e9 i modelli, spiega Koonin a <em>Tempi<\/em>, \u00abnegli anni hanno provato a includere sempre pi\u00f9 processi, e quando aumenta la sofisticatezza, aumenta anche la probabilit\u00e0 di sbagliare qualcosa. Il punto \u00e8 che si indaga su effetti molto piccoli sul sistema: la dimensione dell\u2019influenza umana \u00e8 dell\u20191 per cento. <\/span><\/p>\n\n\n\n<p><span style=\"color: #000000;\">Non sorprende che sia cos\u00ec complicato misurarla correttamente\u00bb. Questo si coglie perfettamente nel libro, con abbondanza di numeri e infografiche: il nostro contributo alle emissioni di gas serra e di conseguenza al riscaldamento globale \u00e8 talmente piccolo e recente, rispetto agli enormi processi e cambiamenti climatici millenari in atto nel pianeta, che appare davvero azzardato, se non presuntuoso in tutti i sensi, attribuirci con certezza la responsabilit\u00e0 totale del \u201cclima impazzito\u201d. <\/span><\/p>\n\n\n\n<p><span style=\"color: #000000;\">Azzerare le emissioni di gas serra potrebbe quindi avere un effetto risibile, a fronte di un costo \u2013 questo s\u00ec certo \u2013 esorbitante. \u00c8 un problema di rischi e benefici. &nbsp;Un esempio? \u00abCi sono attualmente 3 miliardi di persone, circa il 40 per cento della popolazione mondiale, che non beneficiano dell\u2019energia necessaria a uno sviluppo dignitoso\u00bb, ricorda Koonin. <\/span><\/p>\n\n\n<div class=\"wp-block-image\">\n<figure class=\"aligncenter is-resized\"><img loading=\"lazy\" decoding=\"async\" width=\"289\" height=\"174\" src=\"https:\/\/www.rassegnastampa-totustuus.it\/cattolica\/wp-content\/uploads\/2019\/09\/ambiente_CO2.jpg\" alt=\"\" class=\"wp-image-44226\" style=\"width:451px;height:auto\"\/><\/figure><\/div>\n\n\n<p><span style=\"color: #000000;\">\u00abCome potranno averla in tempi ragionevoli senza fare ricorso ai combustibili fossili, che sono oggi la fonte di energia pi\u00f9 conveniente e affidabile? Dal mio punto di vista \u00e8 immorale negare loro questa possibilit\u00e0. Se smettiamo subito di usare combustibili fossili per \u201csalvare il mondo\u201d, che ne sar\u00e0 di questi 3 miliardi di uomini? Nessuno risponde mai a questa domanda\u00bb. <\/span><\/p>\n\n\n\n<p><span style=\"color: #000000;\">Per Koonin non c\u2019\u00e8 una parte da sposare (se la prende anche con chi dice che il climate change \u00e8 una bufala) e non c\u2019\u00e8 un complotto da smascherare; solo ideologia, conformismo, pavidit\u00e0 intellettuale da superare. Non ci sono da svelare cose che \u201cnessuno vi dice\u201d, al contrario: si tratta di dire con coraggio quello che davvero la scienza sa. E non sa. \u00abIo sono stato molto attento a utilizzare nel libro esclusivamente dati provenienti dai rapporti ufficiali o da articoli scientifici basati su questi, tutte fonti di qualit\u00e0, tutte verificabili in nota. Non sono io che parlo, \u00e8 quel che dice la scienza ufficiale\u00bb. <\/span><\/p>\n\n\n\n<h4 class=\"wp-block-heading has-text-align-center\"><span style=\"color: #000000;\"><strong>Previsioni e caveat <\/strong><\/span><\/h4>\n\n\n<div class=\"wp-block-image\">\n<figure class=\"aligncenter size-large is-resized\"><a href=\"https:\/\/www.rassegnastampa-totustuus.it\/cattolica\/wp-content\/uploads\/2021\/09\/ambientalismo_clima.jpg\"><img loading=\"lazy\" decoding=\"async\" width=\"1024\" height=\"576\" src=\"https:\/\/www.rassegnastampa-totustuus.it\/cattolica\/wp-content\/uploads\/2021\/09\/ambientalismo_clima-1024x576.jpg\" alt=\"\" class=\"wp-image-52449\" style=\"width:432px;height:auto\" srcset=\"https:\/\/www.rassegnastampa-totustuus.it\/cattolica\/wp-content\/uploads\/2021\/09\/ambientalismo_clima-1024x576.jpg 1024w, https:\/\/www.rassegnastampa-totustuus.it\/cattolica\/wp-content\/uploads\/2021\/09\/ambientalismo_clima-300x169.jpg 300w, https:\/\/www.rassegnastampa-totustuus.it\/cattolica\/wp-content\/uploads\/2021\/09\/ambientalismo_clima-768x432.jpg 768w, https:\/\/www.rassegnastampa-totustuus.it\/cattolica\/wp-content\/uploads\/2021\/09\/ambientalismo_clima.jpg 1960w\" sizes=\"auto, (max-width: 1024px) 100vw, 1024px\" \/><\/a><\/figure><\/div>\n\n\n<p><span style=\"color: #000000;\">Dunque non si trova nel testo alcun dubbio sul fatto che \u00abil pianeta si \u00e8 riscaldato di circa 1,1 gradi dalla fine del XIX secolo\u00bb; o sul fatto che \u00abl\u2019influenza umana sul clima \u00e8 aumentata significativamente, soprattutto per via dei gas serra, in particolar modo la Co2, che immettiamo nell\u2019atmosfera utilizzando i combustibili fossili\u00bb, ma anche \u00abper via degli aerosol che emettiamo sempre bruciando combustibili fossili, e la cui influenza sar\u00e0 spazzata via dalle acque: \u00abC\u2019\u00e8 ancora molto dibattito su quali cambiamenti ci sono stati (se ci sono stati) o ci saranno nei fenomeni meteorologici estremi, su quanto rapidamente il livello del mare sta crescendo e quanto crescer\u00e0\u00bb. <\/span><\/p>\n\n\n\n<p><span style=\"color: #000000;\">Il dibattito non \u00e8 inventato da Koonin: si ritrova nei report ufficiali scrupolosamente riportati in nota nel libro, i quali \u00abfanno previsioni ipotetiche su queste cose, ma ci mettono molti pi\u00f9 caveat di quanto si sappia\u00bb. Non a caso il saggio di Koonin si intitola <em>Unsettled<\/em>, che tradotto letteralmente in italiano farebbe pena ma in inglese evoca bene l\u2019incertezza, l\u2019irrisolutezza, il contrario dell\u2019assertivit\u00e0 unanime che viene spesso attribuita alla \u201cScienza\u201d. Gi\u00e0, \u201cLa Scienza\u201d: la chiama proprio cos\u00ec l\u2019ex sottosegretario di Obama, con le maiuscole, a mo\u2019 di provocazione verso quanti la immaginano come una monolito fissato per sempre. &nbsp;<\/span><\/p>\n\n\n\n<h4 class=\"wp-block-heading has-text-align-center\"><span style=\"color: #000000;\"><strong>Bugie a fin di bene? <\/strong><\/span><\/h4>\n\n\n<div class=\"wp-block-image\">\n<figure class=\"aligncenter is-resized\"><img loading=\"lazy\" decoding=\"async\" width=\"264\" height=\"191\" src=\"https:\/\/www.rassegnastampa-totustuus.it\/cattolica\/wp-content\/uploads\/2009\/11\/global-warming.jpg\" alt=\"\" class=\"wp-image-28948\" style=\"width:408px;height:auto\"\/><\/figure><\/div>\n\n\n<p><span style=\"color: #000000;\">Uscite dalla penna di uno scienziato che frequenta le stanze dei world leaders, certe cose fanno effetto. Il principio guida di <em>Unsettled<\/em> \u00e8 il rigore scientifico, ma non mancano incursioni polemiche e aneddoti da \u201cdietro le quinte\u201d assai istruttivi. Come il racconto del seminario guidato da Koonin nel 2014 per testare, su incarico della American Physical Society, lo stato dell\u2019arte della climatologia. <\/span><\/p>\n\n\n\n<p><span style=\"color: #000000;\">Fu allora che il professore inizi\u00f2 a prendere piena coscienza \u2013 restandone \u00abscosso\u00bb \u2013 di quanto i modelli di studio utilizzati nei report ufficiali fossero incapaci di determinare con certezza l\u2019impatto dell\u2019uomo sul clima, di quanto contrastassero tra loro e con le osservazioni, tanto da richiedere pareri di esperti per \u00aboffuscare le lacune\u00bb. Koonin si rese conto che \u2013 scrive \u2013 \u00abi comunicati stampa e i sommari del governo e dell\u2019Onu non riflettono correttamente i report stessi. <\/span><\/p>\n\n\n\n<p><span style=\"color: #000000;\">All\u2019incontro si era creato un consenso intorno ad alcuni nodi importanti, ma non la compatta unanimit\u00e0 propalata dai media. Illustri esperti del clima (compresi gli stessi autori dei report) sono imbarazzati dal modo in cui certi media dipingono la scienza\u00bb. <\/span><\/p>\n\n\n\n<p><span style=\"color: #000000;\">Ma se questo \u00e8 il quadro, perch\u00e9 Koonin \u00e8 un caso isolato? Perch\u00e9 non si vede una rivolta di massa degli scienziati contro il dogma catastrofista? \u00abPenso che un fattore sia la pressione ambientale\u00bb, spiega il professore a Tempi. \u00abSe dici qualcosa che devia dalla narrazione, vieni messo da parte. \u00c8 un fenomeno che ho visto. Un altro fattore \u00e8 che alcuni scienziati pensano davvero che il clima sia in pericolo e che vada fatto tutto il possibile per salvarlo, compreso essere fuorvianti e sleali\u00bb. &nbsp;<\/span><\/p>\n\n\n\n<h4 class=\"wp-block-heading has-text-align-center\"><span style=\"color: #000000;\"><strong>L\u2019infamia del negazionismo <\/strong><\/span><\/h4>\n\n\n\n<p><span style=\"color: #000000;\">A un certo punto, raccontando della reazione scomposta di vari colleghi alle sue prese di posizione, l\u2019autore scrive: \u00abSembra che evidenziando quelle incertezze (della scienza, ndr) cos\u00ec chiaramente e pubblicamente, io abbia inavvertitamente violato una sorta di codice del silenzio, come l\u2019omert\u00e0 della mafia\u00bb. Proprio cos\u00ec: mafia. \u00abMi rendo conto che per un lettore italiano \u00e8 un\u2019immagine forte\u00bb, commenta Koonin con <em>Tempi,<\/em> ma richiama efficacemente l\u2019effetto intimidatorio che riduce tanti colleghi al silenzio. <\/span><\/p>\n\n\n<div class=\"wp-block-image\">\n<figure class=\"aligncenter is-resized\"><img loading=\"lazy\" decoding=\"async\" width=\"259\" height=\"194\" src=\"https:\/\/www.rassegnastampa-totustuus.it\/cattolica\/wp-content\/uploads\/2021\/07\/scienza.jpg\" alt=\"\" class=\"wp-image-51978\" style=\"width:435px;height:auto\"\/><\/figure><\/div>\n\n\n<p><span style=\"color: #000000;\">\u00abQuanto a me\u00bb, continua Koonin, \u00absono abbastanza avanti nella carriera perch\u00e9 tanti timori che avrei avuto nello scrivere questo libro se fossi stato pi\u00f9 giovane non siano pi\u00f9 preoccupazioni reali. Perder\u00f2 qualche amico, non sar\u00f2 pi\u00f9 invitato a certe cene, qualcuno cercher\u00e0 di infangarmi. E sia\u00bb. Anche lui ha sub\u00ecto qualche \u00abpressione ambientale\u00bb a causa delle sue prese di posizione. In <em>Unsettled<\/em> c\u2019\u00e8 qualche episodio emblematico. <\/span><\/p>\n\n\n\n<p><span style=\"color: #000000;\">Dal collega che gli d\u00e0 ragione su tutto ma obietta che sono \u00abmunizioni per i negazionisti\u00bb a quello che invoca il suo licenziamento in tronco. Per fortuna finora, dice Koonin, \u00abla mia universit\u00e0 ha coraggiosamente protetto la mia libert\u00e0 accademica\u00bb, ma chi segue le vicende americane sa che oggi c\u2019\u00e8 poco da scherzare quando nei campus partono campagne di questo tipo. <\/span><\/p>\n\n\n<div class=\"wp-block-image\">\n<figure class=\"aligncenter is-resized\"><img loading=\"lazy\" decoding=\"async\" width=\"259\" height=\"194\" src=\"https:\/\/www.rassegnastampa-totustuus.it\/cattolica\/wp-content\/uploads\/2006\/06\/ciminiere.jpg\" alt=\"\" class=\"wp-image-30493\" style=\"width:437px;height:auto\"\/><\/figure><\/div>\n\n\n<p><span style=\"color: #000000;\">Intendiamoci, Koonin non \u00e8 affatto contrario all\u2019obiettivo di ridurre le emissioni di gas serra: a questo ha lavorato per Obama con \u00abgrande soddisfazione\u00bb, e nel libro indaga anche altri modi per raffreddare il pianeta, perch\u00e9 non nega che si stia riscaldando. \u00abCome potrei negare la scienza se quel che dico esce direttamente dai dati e dai report ufficiali?\u00bb, si legge in <em>Unsettled.<\/em> \u00abTrovo particolarmente ripugnante che invocare un dibattito aperto sia equiparato alla negazione dell\u2019Olocausto, specie quando i nazisti hanno assassinato pi\u00f9 di duecento miei parenti nell\u2019Europa dell\u2019Est\u00bb. <\/span><\/p>\n\n\n\n<p><span style=\"color: #000000;\"><strong>Il \u201cpeccato\u201d di apertura a Trump &nbsp;<\/strong>Come ci \u00e8 finito uno cos\u00ec nel novero dei negazionisti? Difficile dirlo. Parlando <strong>&nbsp;<\/strong>con <em>Tempi<\/em>, l\u2019unico \u201ccrimine di guerra\u201d che commette \u00e8 porre domande: \u00abL\u2019uomo dimostra da sempre un bisogno innato di sentirsi responsabile di tutto quello che accade, compresi i cambiamenti climatici. Gi\u00e0 nella Bibbia troviamo Dio promettere buone piogge in cambio di obbedienza: \u00e8 un modo di pensare in atto da ben prima che l\u2019impatto umano sull\u2019ambiente fosse significativo. <\/span><\/p>\n\n\n<div class=\"wp-block-image\">\n<figure class=\"aligncenter is-resized\"><img loading=\"lazy\" decoding=\"async\" width=\"259\" height=\"194\" src=\"https:\/\/www.rassegnastampa-totustuus.it\/cattolica\/wp-content\/uploads\/2018\/01\/Donald_Trump.jpg\" alt=\"\" class=\"wp-image-39536\" style=\"width:431px;height:auto\"\/><\/figure><\/div>\n\n\n<p><span style=\"color: #000000;\">A maggior ragione la domanda \u00e8: fino a che punto i cambiamenti climatici che abbiamo visto nell\u2019ultimo secolo sono insoliti? E se lo &nbsp;sono, in quale misura vanno attribuiti agli uomini e non alla natura?\u00bb. Forse il peccato originale di Koonin \u00e8 stato non escludere a priori una eventuale partecipazione al team di accademici che l\u2019amministrazione Trump stava tentando di mettere assieme per sfidare l\u2019opinione comune sul climate change. <\/span><\/p>\n\n\n\n<p><span style=\"color: #000000;\">Per Koonin l\u2019utilit\u00e0 di un \u201cred team\u201d \u2013 una squadra di esperti incaricati di stressare le conclusioni dei comitati scientifici ufficiali affinch\u00e9 ne emergano le debolezze \u2013 \u00e8 un chiodo fisso almeno dal 2017. ne parla ampiamente nel libro e lo ripete anche a <em>Tempi:<\/em> \u00abVede, negli Stati uniti lo facciamo per tutti i problemi importanti, in particolare quelli che riguardano la sicurezza nazionale, l\u2019ambito a cui \u00e8 stato elevato il cambiamento climatico. Parliamo di spendere migliaia di miliardi di dollari a causa della \u201cScienza\u201d: se toccasse a me decidere, vorrei ascoltare tutti i punti di vista per soppesare adeguatamente rischi e benefici\u00bb. <\/span><\/p>\n\n\n\n<p><span style=\"color: #000000;\">Fatto sta che, prima di realizzare che il progetto era meno rigoroso delle attese e perci\u00f2 di chiamarsi fuori, per un attimo Koonin ci aveva creduto, nel red team di Trump. grave errore: \u00e8 cos\u00ec che per certa stampa \u00e8 diventato \u201cnegazionista\u201d. \u00abMa \u00e8 sbagliato che la sola idea di una collaborazione con l\u2019amministrazione Trump sia motivo di critiche\u00bb, ribatte il professore che nel libro si dichiara democrat. \u00abAnche Eric Schmidt, ex Ceo di Google, ha presieduto un\u2019importante commissione nazionale sotto Trump, e Schmidt rispetto al cambiamento climatico \u00e8 quello che si direbbe un \u201cbeliever\u201d, qualunque cosa voglia dire\u00bb. &nbsp;<\/span><\/p>\n\n\n\n<p><span style=\"color: #000000;\"><strong>I proclami assurdi della Casa Bianca <\/strong>La cosa pi\u00f9 sorprendente scoperta studiando i report ufficiali sul clima?&nbsp; \u00abDirei la previsione dell\u2019impatto economico del riscaldamento del pianeta, in generale e per gli Stati uniti\u00bb, confessa Koonin. \u00abnel libro ho riportato le stime: l\u2019Ipcc ritiene che se la temperatura si alzasse di 3 gradi, ossia molto di pi\u00f9 dell\u2019obiettivo di 1,5 fissato dagli Accordi di Parigi, di qui al 2100 l\u2019economia globale ne risentirebbe negativamente per \u2013 attenzione \u2013 il 2-3 per cento. E il rapporto pi\u00f9 recente del governo americano dice praticamente la stessa cosa: un riscaldamento di 6 gradi, il quadruplo dell\u2019obiettivo di Parigi, avrebbe un impatto negativo sull\u2019economia del paese di circa il 4 per cento alla fine del secolo. Sa cosa significa in sostanza? <\/span><\/p>\n\n\n<div class=\"wp-block-image\">\n<figure class=\"aligncenter is-resized\"><img loading=\"lazy\" decoding=\"async\" width=\"300\" height=\"203\" src=\"https:\/\/www.rassegnastampa-totustuus.it\/cattolica\/wp-content\/uploads\/2019\/10\/economia-300x203.jpg\" alt=\"\" class=\"wp-image-44905\" style=\"width:466px;height:auto\" srcset=\"https:\/\/www.rassegnastampa-totustuus.it\/cattolica\/wp-content\/uploads\/2019\/10\/economia-300x203.jpg 300w, https:\/\/www.rassegnastampa-totustuus.it\/cattolica\/wp-content\/uploads\/2019\/10\/economia-768x518.jpg 768w, https:\/\/www.rassegnastampa-totustuus.it\/cattolica\/wp-content\/uploads\/2019\/10\/economia-1024x691.jpg 1024w, https:\/\/www.rassegnastampa-totustuus.it\/cattolica\/wp-content\/uploads\/2019\/10\/economia-595x400.jpg 595w, https:\/\/www.rassegnastampa-totustuus.it\/cattolica\/wp-content\/uploads\/2019\/10\/economia.jpg 1680w\" sizes=\"auto, (max-width: 300px) 100vw, 300px\" \/><\/figure><\/div>\n\n\n<p><span style=\"color: #000000;\">Che la crescita economica \u201cperderebbe\u201d un paio d\u2019anni nei prossimi settanta. io quando l\u2019ho capito sono trasecolato: sarebbe questa la \u201cminaccia esistenziale per l\u2019umanit\u00e0\u201d di cui ci parlano?\u00bb. Guarda caso, \u201cminaccia esistenziale per l\u2019umanit\u00e0\u201d \u00e8 il termine utilizzato da Joe Biden per giustificare il suo piano da duemila e rotti miliardi di dollari da investire in infrastrutture sostenibili, energia verde, decarbonizzazione. <\/span><\/p>\n\n\n\n<p><span style=\"color: #000000;\">\u00abCi sono molti ponti e strade negli Stati uniti che hanno bisogno di essere riparati. E va bene puntare a una riduzione delle emissioni\u00bb, commenta Koonin. \u00abMa gli obiettivi che l\u2019amministrazione ha stabilito, per esempio zero emissioni da generazione di energia elettrica entro il 2035, sono impossibili. Anzi distruttivi. Si calcola che per arrivare a zero emissioni entro il 2035 dovremmo chiudere da qui ad allora 11 impianti a combustibili fossili al mese. undici al mese: uno ogni tre giorni\u00bb. insomma si capir\u00e0 presto se Biden fa sul serio.<\/span><\/p>\n\n\n<div class=\"wp-block-image\">\n<figure class=\"aligncenter is-resized\"><img loading=\"lazy\" decoding=\"async\" width=\"275\" height=\"183\" src=\"https:\/\/www.rassegnastampa-totustuus.it\/cattolica\/wp-content\/uploads\/2021\/07\/Biden_Usa_clima_ambiente.jpg\" alt=\"\" class=\"wp-image-51980\" style=\"width:479px;height:auto\"\/><\/figure><\/div>\n\n\n<p><span style=\"color: #000000;\">Aggiunge Koonin: \u00abVa tenuto presente che il settore oil &amp; gas vale l\u20198 per cento del Pil americano e impiega circa 10,5 milioni di persone. Come si intende fare i conti con tutto questo per arrivare a zero emissioni in 15 anni? Che distruzione, che terribile distruzione\u2026\u00bb. <\/span><\/p>\n\n\n\n<p><span style=\"color: #000000;\">Possibile che perfino il presidente degli Stati unita si accontenti della semplificazione catastrofista e non riesca a circondarsi di esperti capaci di prefigurargli rischi e benefici? \u00abConosco, anche personalmente, diversi scienziati del suo team\u00bb, dice Koonin. \u00abAlcuni sono ottimi studiosi. Penso che dovranno sudare molto per fornire consulenza climatica coerente con i proclami politici. Sempre che vogliano preservare la propria integrit\u00e0, come credo\u00bb.<\/span><\/p>\n","protected":false},"excerpt":{"rendered":"<p>Tempi n.6 Giugno 2021 A smentire la narrazione del clima impazzito sono gli stessi dati dell\u2019Onu e del governo americano. Peccato che siano accuratamente&nbsp; seppelliti fra centinaia di pagine incomprensibili ai pi\u00f9. Parla Steven Koonin, ex esperto di Obama, rovesciatore di \u201ccertezze\u201d catastrofiste di Pietro Piccinini<\/p><p><a class=\"more-link btn\" href=\"https:\/\/www.rassegnastampa-totustuus.it\/cattolica\/la-scienza-puo-indurre-allarmismo-leggere-attentamente-i-report-ufficiali\/\">Continua a leggere<\/a><\/p>\n","protected":false},"author":6,"featured_media":49379,"comment_status":"closed","ping_status":"closed","sticky":false,"template":"","format":"standard","meta":{"footnotes":""},"categories":[3],"tags":[2305,498],"class_list":["post-51972","post","type-post","status-publish","format-standard","has-post-thumbnail","hentry","category-ambientalismo","tag-clima","tag-global-warming","item-wrap"],"yoast_head":"<!-- This site is optimized with the Yoast SEO plugin v27.5 - https:\/\/yoast.com\/product\/yoast-seo-wordpress\/ -->\n<title>La Scienza pu\u00f2 indurre allarmismo (leggere attentamente i report ufficiali) - Rassegna Stampa Cattolica<\/title>\n<meta name=\"description\" content=\"La Scienza pu\u00f2 indurre allarmismo (leggere attentamente i report ufficiali) . A smentire la narrazione sono gli stessi dati dell\u2019Onu\" \/>\n<meta name=\"robots\" content=\"index, follow, max-snippet:-1, max-image-preview:large, max-video-preview:-1\" \/>\n<link rel=\"canonical\" href=\"https:\/\/www.rassegnastampa-totustuus.it\/cattolica\/la-scienza-puo-indurre-allarmismo-leggere-attentamente-i-report-ufficiali\/\" \/>\n<meta property=\"og:locale\" content=\"it_IT\" \/>\n<meta property=\"og:type\" content=\"article\" \/>\n<meta property=\"og:title\" content=\"La Scienza pu\u00f2 indurre allarmismo (leggere attentamente i report ufficiali) - Rassegna Stampa Cattolica\" \/>\n<meta property=\"og:description\" content=\"La Scienza pu\u00f2 indurre allarmismo (leggere attentamente i report ufficiali) . A smentire la narrazione sono gli stessi dati dell\u2019Onu\" \/>\n<meta property=\"og:url\" content=\"https:\/\/www.rassegnastampa-totustuus.it\/cattolica\/la-scienza-puo-indurre-allarmismo-leggere-attentamente-i-report-ufficiali\/\" \/>\n<meta property=\"og:site_name\" content=\"Rassegna Stampa Cattolica\" \/>\n<meta property=\"article:publisher\" content=\"https:\/\/www.facebook.com\/rassegnastampacattolica\" \/>\n<meta property=\"article:published_time\" content=\"2021-07-14T22:00:56+00:00\" \/>\n<meta property=\"article:modified_time\" content=\"2025-07-23T08:17:14+00:00\" \/>\n<meta property=\"og:image\" content=\"https:\/\/www.rassegnastampa-totustuus.it\/cattolica\/wp-content\/uploads\/2020\/11\/ambientalismo_clima_warming.jpg\" \/>\n\t<meta property=\"og:image:width\" content=\"1620\" \/>\n\t<meta property=\"og:image:height\" content=\"918\" \/>\n\t<meta property=\"og:image:type\" content=\"image\/jpeg\" \/>\n<meta name=\"author\" content=\"Redazione\" \/>\n<meta name=\"twitter:card\" content=\"summary_large_image\" \/>\n<meta name=\"twitter:creator\" content=\"@rassegnastampa9\" \/>\n<meta name=\"twitter:site\" content=\"@rassegnastampa9\" \/>\n<meta name=\"twitter:label1\" content=\"Scritto da\" \/>\n\t<meta name=\"twitter:data1\" content=\"Redazione\" \/>\n\t<meta name=\"twitter:label2\" content=\"Tempo di lettura stimato\" \/>\n\t<meta name=\"twitter:data2\" content=\"15 minuti\" \/>\n<script type=\"application\/ld+json\" class=\"yoast-schema-graph\">{\"@context\":\"https:\\\/\\\/schema.org\",\"@graph\":[{\"@type\":\"Article\",\"@id\":\"https:\\\/\\\/www.rassegnastampa-totustuus.it\\\/cattolica\\\/la-scienza-puo-indurre-allarmismo-leggere-attentamente-i-report-ufficiali\\\/#article\",\"isPartOf\":{\"@id\":\"https:\\\/\\\/www.rassegnastampa-totustuus.it\\\/cattolica\\\/la-scienza-puo-indurre-allarmismo-leggere-attentamente-i-report-ufficiali\\\/\"},\"author\":{\"name\":\"Redazione\",\"@id\":\"https:\\\/\\\/www.rassegnastampa-totustuus.it\\\/cattolica\\\/#\\\/schema\\\/person\\\/08f319d2bd1a0904ad9e2bfb7b15e5c3\"},\"headline\":\"La Scienza pu\u00f2 indurre allarmismo (leggere attentamente i report ufficiali)\",\"datePublished\":\"2021-07-14T22:00:56+00:00\",\"dateModified\":\"2025-07-23T08:17:14+00:00\",\"mainEntityOfPage\":{\"@id\":\"https:\\\/\\\/www.rassegnastampa-totustuus.it\\\/cattolica\\\/la-scienza-puo-indurre-allarmismo-leggere-attentamente-i-report-ufficiali\\\/\"},\"wordCount\":2323,\"publisher\":{\"@id\":\"https:\\\/\\\/www.rassegnastampa-totustuus.it\\\/cattolica\\\/#organization\"},\"image\":{\"@id\":\"https:\\\/\\\/www.rassegnastampa-totustuus.it\\\/cattolica\\\/la-scienza-puo-indurre-allarmismo-leggere-attentamente-i-report-ufficiali\\\/#primaryimage\"},\"thumbnailUrl\":\"https:\\\/\\\/www.rassegnastampa-totustuus.it\\\/cattolica\\\/wp-content\\\/uploads\\\/2020\\\/11\\\/ambientalismo_clima_warming.jpg\",\"keywords\":[\"clima\",\"global warming\"],\"articleSection\":[\"Ambientalismo\"],\"inLanguage\":\"it-IT\"},{\"@type\":\"WebPage\",\"@id\":\"https:\\\/\\\/www.rassegnastampa-totustuus.it\\\/cattolica\\\/la-scienza-puo-indurre-allarmismo-leggere-attentamente-i-report-ufficiali\\\/\",\"url\":\"https:\\\/\\\/www.rassegnastampa-totustuus.it\\\/cattolica\\\/la-scienza-puo-indurre-allarmismo-leggere-attentamente-i-report-ufficiali\\\/\",\"name\":\"La Scienza pu\u00f2 indurre allarmismo (leggere attentamente i report ufficiali) - Rassegna Stampa Cattolica\",\"isPartOf\":{\"@id\":\"https:\\\/\\\/www.rassegnastampa-totustuus.it\\\/cattolica\\\/#website\"},\"primaryImageOfPage\":{\"@id\":\"https:\\\/\\\/www.rassegnastampa-totustuus.it\\\/cattolica\\\/la-scienza-puo-indurre-allarmismo-leggere-attentamente-i-report-ufficiali\\\/#primaryimage\"},\"image\":{\"@id\":\"https:\\\/\\\/www.rassegnastampa-totustuus.it\\\/cattolica\\\/la-scienza-puo-indurre-allarmismo-leggere-attentamente-i-report-ufficiali\\\/#primaryimage\"},\"thumbnailUrl\":\"https:\\\/\\\/www.rassegnastampa-totustuus.it\\\/cattolica\\\/wp-content\\\/uploads\\\/2020\\\/11\\\/ambientalismo_clima_warming.jpg\",\"datePublished\":\"2021-07-14T22:00:56+00:00\",\"dateModified\":\"2025-07-23T08:17:14+00:00\",\"description\":\"La Scienza pu\u00f2 indurre allarmismo (leggere attentamente i report ufficiali) . A smentire la narrazione sono gli stessi dati dell\u2019Onu\",\"breadcrumb\":{\"@id\":\"https:\\\/\\\/www.rassegnastampa-totustuus.it\\\/cattolica\\\/la-scienza-puo-indurre-allarmismo-leggere-attentamente-i-report-ufficiali\\\/#breadcrumb\"},\"inLanguage\":\"it-IT\",\"potentialAction\":[{\"@type\":\"ReadAction\",\"target\":[\"https:\\\/\\\/www.rassegnastampa-totustuus.it\\\/cattolica\\\/la-scienza-puo-indurre-allarmismo-leggere-attentamente-i-report-ufficiali\\\/\"]}]},{\"@type\":\"ImageObject\",\"inLanguage\":\"it-IT\",\"@id\":\"https:\\\/\\\/www.rassegnastampa-totustuus.it\\\/cattolica\\\/la-scienza-puo-indurre-allarmismo-leggere-attentamente-i-report-ufficiali\\\/#primaryimage\",\"url\":\"https:\\\/\\\/www.rassegnastampa-totustuus.it\\\/cattolica\\\/wp-content\\\/uploads\\\/2020\\\/11\\\/ambientalismo_clima_warming.jpg\",\"contentUrl\":\"https:\\\/\\\/www.rassegnastampa-totustuus.it\\\/cattolica\\\/wp-content\\\/uploads\\\/2020\\\/11\\\/ambientalismo_clima_warming.jpg\",\"width\":1620,\"height\":918},{\"@type\":\"BreadcrumbList\",\"@id\":\"https:\\\/\\\/www.rassegnastampa-totustuus.it\\\/cattolica\\\/la-scienza-puo-indurre-allarmismo-leggere-attentamente-i-report-ufficiali\\\/#breadcrumb\",\"itemListElement\":[{\"@type\":\"ListItem\",\"position\":1,\"name\":\"Home\",\"item\":\"https:\\\/\\\/www.rassegnastampa-totustuus.it\\\/cattolica\\\/\"},{\"@type\":\"ListItem\",\"position\":2,\"name\":\"La Scienza pu\u00f2 indurre allarmismo (leggere attentamente i report ufficiali)\"}]},{\"@type\":\"WebSite\",\"@id\":\"https:\\\/\\\/www.rassegnastampa-totustuus.it\\\/cattolica\\\/#website\",\"url\":\"https:\\\/\\\/www.rassegnastampa-totustuus.it\\\/cattolica\\\/\",\"name\":\"Rassegna Stampa Cattolica\",\"description\":\"Per una cultura che nasce dalla Rivelazione cristiana in conformit\u00e0 alla tradizione e al Magistero della Chiesa in opposizione ad ogni relativismo e totalitarismo\",\"publisher\":{\"@id\":\"https:\\\/\\\/www.rassegnastampa-totustuus.it\\\/cattolica\\\/#organization\"},\"alternateName\":\"Rass. Cattolica\",\"potentialAction\":[{\"@type\":\"SearchAction\",\"target\":{\"@type\":\"EntryPoint\",\"urlTemplate\":\"https:\\\/\\\/www.rassegnastampa-totustuus.it\\\/cattolica\\\/?s={search_term_string}\"},\"query-input\":{\"@type\":\"PropertyValueSpecification\",\"valueRequired\":true,\"valueName\":\"search_term_string\"}}],\"inLanguage\":\"it-IT\"},{\"@type\":\"Organization\",\"@id\":\"https:\\\/\\\/www.rassegnastampa-totustuus.it\\\/cattolica\\\/#organization\",\"name\":\"Rassegna Stampa Cattolica\",\"url\":\"https:\\\/\\\/www.rassegnastampa-totustuus.it\\\/cattolica\\\/\",\"logo\":{\"@type\":\"ImageObject\",\"inLanguage\":\"it-IT\",\"@id\":\"https:\\\/\\\/www.rassegnastampa-totustuus.it\\\/cattolica\\\/#\\\/schema\\\/logo\\\/image\\\/\",\"url\":\"https:\\\/\\\/www.rassegnastampa-totustuus.it\\\/cattolica\\\/wp-content\\\/uploads\\\/2014\\\/04\\\/logo-rassegna1.gif\",\"contentUrl\":\"https:\\\/\\\/www.rassegnastampa-totustuus.it\\\/cattolica\\\/wp-content\\\/uploads\\\/2014\\\/04\\\/logo-rassegna1.gif\",\"width\":600,\"height\":163,\"caption\":\"Rassegna Stampa Cattolica\"},\"image\":{\"@id\":\"https:\\\/\\\/www.rassegnastampa-totustuus.it\\\/cattolica\\\/#\\\/schema\\\/logo\\\/image\\\/\"},\"sameAs\":[\"https:\\\/\\\/www.facebook.com\\\/rassegnastampacattolica\",\"https:\\\/\\\/x.com\\\/rassegnastampa9\"]},{\"@type\":\"Person\",\"@id\":\"https:\\\/\\\/www.rassegnastampa-totustuus.it\\\/cattolica\\\/#\\\/schema\\\/person\\\/08f319d2bd1a0904ad9e2bfb7b15e5c3\",\"name\":\"Redazione\",\"image\":{\"@type\":\"ImageObject\",\"inLanguage\":\"it-IT\",\"@id\":\"https:\\\/\\\/secure.gravatar.com\\\/avatar\\\/2fcdf27c78ea025fbdb44e914cc63c72249ffec9dc8aafd5c82b26240ef3f346?s=96&d=mm&r=g\",\"url\":\"https:\\\/\\\/secure.gravatar.com\\\/avatar\\\/2fcdf27c78ea025fbdb44e914cc63c72249ffec9dc8aafd5c82b26240ef3f346?s=96&d=mm&r=g\",\"contentUrl\":\"https:\\\/\\\/secure.gravatar.com\\\/avatar\\\/2fcdf27c78ea025fbdb44e914cc63c72249ffec9dc8aafd5c82b26240ef3f346?s=96&d=mm&r=g\",\"caption\":\"Redazione\"},\"url\":\"https:\\\/\\\/www.rassegnastampa-totustuus.it\\\/cattolica\\\/author\\\/pietroelle\\\/\"}]}<\/script>\n<!-- \/ Yoast SEO plugin. -->","yoast_head_json":{"title":"La Scienza pu\u00f2 indurre allarmismo (leggere attentamente i report ufficiali) - Rassegna Stampa Cattolica","description":"La Scienza pu\u00f2 indurre allarmismo (leggere attentamente i report ufficiali) . A smentire la narrazione sono gli stessi dati dell\u2019Onu","robots":{"index":"index","follow":"follow","max-snippet":"max-snippet:-1","max-image-preview":"max-image-preview:large","max-video-preview":"max-video-preview:-1"},"canonical":"https:\/\/www.rassegnastampa-totustuus.it\/cattolica\/la-scienza-puo-indurre-allarmismo-leggere-attentamente-i-report-ufficiali\/","og_locale":"it_IT","og_type":"article","og_title":"La Scienza pu\u00f2 indurre allarmismo (leggere attentamente i report ufficiali) - Rassegna Stampa Cattolica","og_description":"La Scienza pu\u00f2 indurre allarmismo (leggere attentamente i report ufficiali) . A smentire la narrazione sono gli stessi dati dell\u2019Onu","og_url":"https:\/\/www.rassegnastampa-totustuus.it\/cattolica\/la-scienza-puo-indurre-allarmismo-leggere-attentamente-i-report-ufficiali\/","og_site_name":"Rassegna Stampa Cattolica","article_publisher":"https:\/\/www.facebook.com\/rassegnastampacattolica","article_published_time":"2021-07-14T22:00:56+00:00","article_modified_time":"2025-07-23T08:17:14+00:00","og_image":[{"width":1620,"height":918,"url":"https:\/\/www.rassegnastampa-totustuus.it\/cattolica\/wp-content\/uploads\/2020\/11\/ambientalismo_clima_warming.jpg","type":"image\/jpeg"}],"author":"Redazione","twitter_card":"summary_large_image","twitter_creator":"@rassegnastampa9","twitter_site":"@rassegnastampa9","twitter_misc":{"Scritto da":"Redazione","Tempo di lettura stimato":"15 minuti"},"schema":{"@context":"https:\/\/schema.org","@graph":[{"@type":"Article","@id":"https:\/\/www.rassegnastampa-totustuus.it\/cattolica\/la-scienza-puo-indurre-allarmismo-leggere-attentamente-i-report-ufficiali\/#article","isPartOf":{"@id":"https:\/\/www.rassegnastampa-totustuus.it\/cattolica\/la-scienza-puo-indurre-allarmismo-leggere-attentamente-i-report-ufficiali\/"},"author":{"name":"Redazione","@id":"https:\/\/www.rassegnastampa-totustuus.it\/cattolica\/#\/schema\/person\/08f319d2bd1a0904ad9e2bfb7b15e5c3"},"headline":"La Scienza pu\u00f2 indurre allarmismo (leggere attentamente i report ufficiali)","datePublished":"2021-07-14T22:00:56+00:00","dateModified":"2025-07-23T08:17:14+00:00","mainEntityOfPage":{"@id":"https:\/\/www.rassegnastampa-totustuus.it\/cattolica\/la-scienza-puo-indurre-allarmismo-leggere-attentamente-i-report-ufficiali\/"},"wordCount":2323,"publisher":{"@id":"https:\/\/www.rassegnastampa-totustuus.it\/cattolica\/#organization"},"image":{"@id":"https:\/\/www.rassegnastampa-totustuus.it\/cattolica\/la-scienza-puo-indurre-allarmismo-leggere-attentamente-i-report-ufficiali\/#primaryimage"},"thumbnailUrl":"https:\/\/www.rassegnastampa-totustuus.it\/cattolica\/wp-content\/uploads\/2020\/11\/ambientalismo_clima_warming.jpg","keywords":["clima","global warming"],"articleSection":["Ambientalismo"],"inLanguage":"it-IT"},{"@type":"WebPage","@id":"https:\/\/www.rassegnastampa-totustuus.it\/cattolica\/la-scienza-puo-indurre-allarmismo-leggere-attentamente-i-report-ufficiali\/","url":"https:\/\/www.rassegnastampa-totustuus.it\/cattolica\/la-scienza-puo-indurre-allarmismo-leggere-attentamente-i-report-ufficiali\/","name":"La Scienza pu\u00f2 indurre allarmismo (leggere attentamente i report ufficiali) - Rassegna Stampa Cattolica","isPartOf":{"@id":"https:\/\/www.rassegnastampa-totustuus.it\/cattolica\/#website"},"primaryImageOfPage":{"@id":"https:\/\/www.rassegnastampa-totustuus.it\/cattolica\/la-scienza-puo-indurre-allarmismo-leggere-attentamente-i-report-ufficiali\/#primaryimage"},"image":{"@id":"https:\/\/www.rassegnastampa-totustuus.it\/cattolica\/la-scienza-puo-indurre-allarmismo-leggere-attentamente-i-report-ufficiali\/#primaryimage"},"thumbnailUrl":"https:\/\/www.rassegnastampa-totustuus.it\/cattolica\/wp-content\/uploads\/2020\/11\/ambientalismo_clima_warming.jpg","datePublished":"2021-07-14T22:00:56+00:00","dateModified":"2025-07-23T08:17:14+00:00","description":"La Scienza pu\u00f2 indurre allarmismo (leggere attentamente i report ufficiali) . A smentire la narrazione sono gli stessi dati dell\u2019Onu","breadcrumb":{"@id":"https:\/\/www.rassegnastampa-totustuus.it\/cattolica\/la-scienza-puo-indurre-allarmismo-leggere-attentamente-i-report-ufficiali\/#breadcrumb"},"inLanguage":"it-IT","potentialAction":[{"@type":"ReadAction","target":["https:\/\/www.rassegnastampa-totustuus.it\/cattolica\/la-scienza-puo-indurre-allarmismo-leggere-attentamente-i-report-ufficiali\/"]}]},{"@type":"ImageObject","inLanguage":"it-IT","@id":"https:\/\/www.rassegnastampa-totustuus.it\/cattolica\/la-scienza-puo-indurre-allarmismo-leggere-attentamente-i-report-ufficiali\/#primaryimage","url":"https:\/\/www.rassegnastampa-totustuus.it\/cattolica\/wp-content\/uploads\/2020\/11\/ambientalismo_clima_warming.jpg","contentUrl":"https:\/\/www.rassegnastampa-totustuus.it\/cattolica\/wp-content\/uploads\/2020\/11\/ambientalismo_clima_warming.jpg","width":1620,"height":918},{"@type":"BreadcrumbList","@id":"https:\/\/www.rassegnastampa-totustuus.it\/cattolica\/la-scienza-puo-indurre-allarmismo-leggere-attentamente-i-report-ufficiali\/#breadcrumb","itemListElement":[{"@type":"ListItem","position":1,"name":"Home","item":"https:\/\/www.rassegnastampa-totustuus.it\/cattolica\/"},{"@type":"ListItem","position":2,"name":"La Scienza pu\u00f2 indurre allarmismo (leggere attentamente i report ufficiali)"}]},{"@type":"WebSite","@id":"https:\/\/www.rassegnastampa-totustuus.it\/cattolica\/#website","url":"https:\/\/www.rassegnastampa-totustuus.it\/cattolica\/","name":"Rassegna Stampa Cattolica","description":"Per una cultura che nasce dalla Rivelazione cristiana in conformit\u00e0 alla tradizione e al Magistero della Chiesa in opposizione ad ogni relativismo e totalitarismo","publisher":{"@id":"https:\/\/www.rassegnastampa-totustuus.it\/cattolica\/#organization"},"alternateName":"Rass. Cattolica","potentialAction":[{"@type":"SearchAction","target":{"@type":"EntryPoint","urlTemplate":"https:\/\/www.rassegnastampa-totustuus.it\/cattolica\/?s={search_term_string}"},"query-input":{"@type":"PropertyValueSpecification","valueRequired":true,"valueName":"search_term_string"}}],"inLanguage":"it-IT"},{"@type":"Organization","@id":"https:\/\/www.rassegnastampa-totustuus.it\/cattolica\/#organization","name":"Rassegna Stampa Cattolica","url":"https:\/\/www.rassegnastampa-totustuus.it\/cattolica\/","logo":{"@type":"ImageObject","inLanguage":"it-IT","@id":"https:\/\/www.rassegnastampa-totustuus.it\/cattolica\/#\/schema\/logo\/image\/","url":"https:\/\/www.rassegnastampa-totustuus.it\/cattolica\/wp-content\/uploads\/2014\/04\/logo-rassegna1.gif","contentUrl":"https:\/\/www.rassegnastampa-totustuus.it\/cattolica\/wp-content\/uploads\/2014\/04\/logo-rassegna1.gif","width":600,"height":163,"caption":"Rassegna Stampa Cattolica"},"image":{"@id":"https:\/\/www.rassegnastampa-totustuus.it\/cattolica\/#\/schema\/logo\/image\/"},"sameAs":["https:\/\/www.facebook.com\/rassegnastampacattolica","https:\/\/x.com\/rassegnastampa9"]},{"@type":"Person","@id":"https:\/\/www.rassegnastampa-totustuus.it\/cattolica\/#\/schema\/person\/08f319d2bd1a0904ad9e2bfb7b15e5c3","name":"Redazione","image":{"@type":"ImageObject","inLanguage":"it-IT","@id":"https:\/\/secure.gravatar.com\/avatar\/2fcdf27c78ea025fbdb44e914cc63c72249ffec9dc8aafd5c82b26240ef3f346?s=96&d=mm&r=g","url":"https:\/\/secure.gravatar.com\/avatar\/2fcdf27c78ea025fbdb44e914cc63c72249ffec9dc8aafd5c82b26240ef3f346?s=96&d=mm&r=g","contentUrl":"https:\/\/secure.gravatar.com\/avatar\/2fcdf27c78ea025fbdb44e914cc63c72249ffec9dc8aafd5c82b26240ef3f346?s=96&d=mm&r=g","caption":"Redazione"},"url":"https:\/\/www.rassegnastampa-totustuus.it\/cattolica\/author\/pietroelle\/"}]}},"_links":{"self":[{"href":"https:\/\/www.rassegnastampa-totustuus.it\/cattolica\/wp-json\/wp\/v2\/posts\/51972","targetHints":{"allow":["GET"]}}],"collection":[{"href":"https:\/\/www.rassegnastampa-totustuus.it\/cattolica\/wp-json\/wp\/v2\/posts"}],"about":[{"href":"https:\/\/www.rassegnastampa-totustuus.it\/cattolica\/wp-json\/wp\/v2\/types\/post"}],"author":[{"embeddable":true,"href":"https:\/\/www.rassegnastampa-totustuus.it\/cattolica\/wp-json\/wp\/v2\/users\/6"}],"replies":[{"embeddable":true,"href":"https:\/\/www.rassegnastampa-totustuus.it\/cattolica\/wp-json\/wp\/v2\/comments?post=51972"}],"version-history":[{"count":4,"href":"https:\/\/www.rassegnastampa-totustuus.it\/cattolica\/wp-json\/wp\/v2\/posts\/51972\/revisions"}],"predecessor-version":[{"id":63502,"href":"https:\/\/www.rassegnastampa-totustuus.it\/cattolica\/wp-json\/wp\/v2\/posts\/51972\/revisions\/63502"}],"wp:featuredmedia":[{"embeddable":true,"href":"https:\/\/www.rassegnastampa-totustuus.it\/cattolica\/wp-json\/wp\/v2\/media\/49379"}],"wp:attachment":[{"href":"https:\/\/www.rassegnastampa-totustuus.it\/cattolica\/wp-json\/wp\/v2\/media?parent=51972"}],"wp:term":[{"taxonomy":"category","embeddable":true,"href":"https:\/\/www.rassegnastampa-totustuus.it\/cattolica\/wp-json\/wp\/v2\/categories?post=51972"},{"taxonomy":"post_tag","embeddable":true,"href":"https:\/\/www.rassegnastampa-totustuus.it\/cattolica\/wp-json\/wp\/v2\/tags?post=51972"}],"curies":[{"name":"wp","href":"https:\/\/api.w.org\/{rel}","templated":true}]}}