{"id":5197,"date":"2012-09-13T00:00:00","date_gmt":"2012-09-12T22:00:00","guid":{"rendered":""},"modified":"2019-11-06T16:30:23","modified_gmt":"2019-11-06T15:30:23","slug":"lagricoltura-ambientalista-coltiva-pericolose-ecoballe","status":"publish","type":"post","link":"https:\/\/www.rassegnastampa-totustuus.it\/cattolica\/lagricoltura-ambientalista-coltiva-pericolose-ecoballe\/","title":{"rendered":"L&#8217;agricoltura ambientalista coltiva pericolose ecoballe"},"content":{"rendered":"<div style=\"text-align: center;\"><strong><a href=\"https:\/\/www.rassegnastampa-totustuus.it\/cattolica\/wp-content\/uploads\/2012\/09\/povert\u00e0-contadina.png\"><img loading=\"lazy\" decoding=\"async\" class=\"alignright wp-image-24272\" src=\"https:\/\/www.rassegnastampa-totustuus.it\/cattolica\/wp-content\/uploads\/2012\/09\/povert\u00e0-contadina.png\" alt=\"povert\u00e0 contadina\" width=\"250\" height=\"178\" \/><\/a>il Giornale,<\/strong><\/div>\n<div style=\"text-align: center;\">22 luglio 2012<\/div>\n<p style=\"text-align: justify;\"><em>Chi \u00e8 contrario alle bio-tecnologie e all&#8217;industrializzazione rimpiange un&#8217;inesistente &#8220;et\u00e0 dell&#8217;oro&#8221;. In realt\u00e0 nei campi un tempo si faceva la fame e il cibo era meno sano<\/em><\/p>\n<p style=\"text-align: center;\"><strong>Riccardo Cascioli<\/strong><\/p>\n<p><!--more--><\/p>\n<p style=\"text-align: justify;\">Tra le tante favole nate dall&#8217;ideologia ecologista, una delle pi\u00f9 pericolose \u00e8 quella che riguarda l&#8217;agricoltura, visto che ci va di mezzo un bisogno primario come quello dell&#8217;alimentazione. Si racconta dunque che c&#8217;era una volta un&#8217;agricoltura bella, efficiente, rispettosa dei cicli della natura in cui tutti erano felici mentre ora l&#8217;avvento dell&#8217;industrializzazione ha distrutto questa armonia, avvelenando i terreni con pesticidi e ogni sorta di veleni chimici, inquinando l&#8217;aria con i mezzi meccanici, con agricoltori dediti soltanto allo sfruttamento selvaggio dei terreni e alla tortura degli animali.<\/p>\n<p style=\"text-align: justify;\"><a href=\"https:\/\/www.rassegnastampa-totustuus.it\/cattolica\/wp-content\/uploads\/2018\/02\/ogm.jpg\"><img loading=\"lazy\" decoding=\"async\" class=\"size-full wp-image-39726 alignleft\" src=\"https:\/\/www.rassegnastampa-totustuus.it\/cattolica\/wp-content\/uploads\/2018\/02\/ogm.jpg\" alt=\"\" width=\"259\" height=\"194\" \/><\/a>E il futuro si prospetterebbe ancora peggiore con l&#8217;avvento degli Organismi geneticamente modificati. Un campionario di queste idee si pu\u00f2 trovare nel volume-inchiesta di Davide Ciccarese, appena uscito, che gi\u00e0 dal titolo (Il libro nero dell&#8217;agricoltura, Editrice Ponte alle Grazie, pagg. 268, euro 14) evoca efferati crimini contro l&#8217;umanit\u00e0.<\/p>\n<p style=\"text-align: justify;\">Secondo Ciccarese, ai tempi della bella agricoltura &#8211; di cui trova ancora qualche traccia &#8211; c&#8217;era una sicurezza alimentare che nasceva da un clima perfetto, sempre uguale (grandinate e caldo fuori stagione, che rovinano i raccolti, sono descritti come una novit\u00e0 dovuta agli attuali cambiamenti climatici), le piante non venivano attaccate da parassiti, il lavoro dei campi donava \u00abla giovinezza di chi ha un&#8217;et\u00e0 indefinita\u00bb (qualsiasi cosa voglia dire), tra il padrone e il salariato non c&#8217;era alcuna differenza, e soprattutto a fare la differenza era la felicit\u00e0 dei contadini, il cui segreto era \u00abvivere dello stretto necessario sapendo sfruttare al meglio ogni risorsa disponibile\u00bb.<\/p>\n<p style=\"text-align: justify;\"><a href=\"https:\/\/www.rassegnastampa-totustuus.it\/cattolica\/wp-content\/uploads\/2004\/11\/agricoltura.jpg\"><img loading=\"lazy\" decoding=\"async\" class=\"size-full wp-image-28172 alignright\" src=\"https:\/\/www.rassegnastampa-totustuus.it\/cattolica\/wp-content\/uploads\/2004\/11\/agricoltura.jpg\" alt=\"\" width=\"275\" height=\"183\" \/><\/a>C&#8217;\u00e8 da chiedersi se un mondo come quello descritto sia mai esistito. E la risposta \u00e8 un secco no. La civilt\u00e0 tanto vagheggiata non aveva nulla di idilliaco, era un&#8217;agricoltura che ancora cento anni fa non riusciva a nutrire quel miliardo e mezzo di persone che abitavano il mondo malgrado in questa attivit\u00e0 fosse impegnata gran parte della popolazione. Ecco come lo storico Piero Melograni sintetizza questa realt\u00e0:<\/p>\n<p style=\"text-align: justify;\">\u00abNelle civilt\u00e0 agricole una percentuale elevatissima della popolazione conviveva con l&#8217;assillante problema di sfamarsi. Per sfamarsi, fino a pochi decenni or sono, questa umanit\u00e0 doveva zappare, scavare con le vanghe, trasportare pesi sulle spalle, mietere coi falcetti e trebbiare coi bastoni.<\/p>\n<p style=\"text-align: justify;\">La condizione della stragrande maggioranza degli individui finiva per rassomigliare a quella degli animali. In quasi tutte le abitazioni mancava l&#8217;illuminazione artificiale. Mancavano i vetri alle finestre. L&#8217;acqua doveva essere trasportata manualmente e spesso era inquinata. Mancavano le calzature. Mancava il mobilio e pochi possedevano un vero letto. La promiscuit\u00e0 con gli animali costituiva spesso la regola\u00bb.<\/p>\n<p style=\"text-align: justify;\"><a href=\"https:\/\/www.rassegnastampa-totustuus.it\/cattolica\/wp-content\/uploads\/2012\/09\/agricoltura_bambini_lavoro.jpg\"><img loading=\"lazy\" decoding=\"async\" class=\"size-full wp-image-45033 alignleft\" src=\"https:\/\/www.rassegnastampa-totustuus.it\/cattolica\/wp-content\/uploads\/2012\/09\/agricoltura_bambini_lavoro.jpg\" alt=\"\" width=\"297\" height=\"169\" \/><\/a>Per non parlare poi dell&#8217;alfabetizzazione: nel 1861 il 75% degli italiani non sapeva n\u00e9 leggere n\u00e9 scrivere, i bambini non si mandavano a scuola ma dovevano lavorare duro nei campi &#8211; quelli che sopravvivevano, perch\u00e9 la mortalit\u00e0 infantile era altissima &#8211; per aiutare la famiglia a vivere. In un secolo di rivoluzione tecnologica, le cose sono cambiate: in Europa l&#8217;aspettativa di vita \u00e8 raddoppiata, la fame \u00e8 praticamente scomparsa, la fatica fisica si \u00e8 enormemente ridotta, le masse hanno imparato a leggere e a scrivere, la mortalit\u00e0 infantile tende allo zero.<\/p>\n<p style=\"text-align: justify;\">Anche l&#8217;ambiente ci ha guadagnato, perch\u00e9 l&#8217;agricoltura intensiva ha voluto dire produrre molto di pi\u00f9 con meno terreno: in Italia, dal 1961 al 2000 la superficie agricola totale \u00e8 scesa da 26,5 a 19,6 milioni di ettari, ben sette milioni di ettari guadagnati che hanno permesso l&#8217;aumento della superficie forestale a livelli anche superiori rispetto alla situazione pre-industriale.<\/p>\n<p style=\"text-align: justify;\"><a href=\"https:\/\/www.rassegnastampa-totustuus.it\/cattolica\/wp-content\/uploads\/2012\/09\/agricoltura_fertilizzanti_chimica.jpg\"><img loading=\"lazy\" decoding=\"async\" class=\"size-full wp-image-45034 alignright\" src=\"https:\/\/www.rassegnastampa-totustuus.it\/cattolica\/wp-content\/uploads\/2012\/09\/agricoltura_fertilizzanti_chimica.jpg\" alt=\"\" width=\"242\" height=\"208\" \/><\/a>E a livello mondiale grazie alla tanto demonizzata Rivoluzione Verde, che ha introdotto nuove variet\u00e0 geneticamente selezionate e l&#8217;uso di fertilizzanti, si \u00e8 potuto sfamare una popolazione che in un secolo \u00e8 quadruplicata, evitando carestie ed epidemie che fino a un secolo fa erano la regola.<\/p>\n<p style=\"text-align: justify;\">Certo, i problemi dell&#8217;alimentazione non sono tutti risolti, ci sono quasi un miliardo di persone nel mondo che sono sottonutrite, ma il problema non \u00e8 pi\u00f9 la disponibilit\u00e0 assoluta di cibo. Anzi, \u00e8 proprio questa nuova ideologia che avanza che rischia di farci ripiombare nei \u00abbei tempi andati\u00bb: l&#8217;ossessione della riconversione all&#8217;agricoltura biologica, dei prodotti a km zero, il mito dell&#8217;autosufficienza alimentare (ognuno produce per s\u00e9), la demonizzazione degli Ogm, l&#8217;uso dei prodotti agricoli per produrre carburanti, sta gi\u00e0 producendo gravi distorsioni.<\/p>\n<p style=\"text-align: justify;\"><a href=\"https:\/\/www.rassegnastampa-totustuus.it\/cattolica\/wp-content\/uploads\/2011\/04\/bio_agri.jpg\"><img loading=\"lazy\" decoding=\"async\" class=\"size-full wp-image-22300 alignleft\" src=\"https:\/\/www.rassegnastampa-totustuus.it\/cattolica\/wp-content\/uploads\/2011\/04\/bio_agri.jpg\" alt=\"\" width=\"275\" height=\"183\" \/><\/a>Perch\u00e9 significa meno produttivit\u00e0 (il biologico rende il 50% rispetto all&#8217;agricoltura convenzionale), prezzi pi\u00f9 alti e crisi alimentari nei paesi poveri. E questo senza migliorare qualit\u00e0 e salubrit\u00e0 dei cibi.Ci pu\u00f2 essere e c&#8217;\u00e8 un uso spregiudicato dei mezzi tecnici che danneggia l&#8217;ambiente e alla lunga anche le persone, ma la soluzione non \u00e8 ritornare a un mondo che non \u00e8 mai esistito.<\/p>\n<p style=\"text-align: justify;\">Si deve invece andare, come ci dice Giuseppe Bertoni, docente alla facolt\u00e0 di Agraria dell&#8217;Universit\u00e0 Cattolica di Piacenza, \u00abverso tecniche soft che implicano minori lavorazioni dei terreni, irrigazione senza spreco d&#8217;acqua, minore uso di concimi, diserbanti, antiparassitari\u00bb. E per questo \u00e8 necessario anche l&#8217;apporto delle biotecnologie.<\/p>\n","protected":false},"excerpt":{"rendered":"<p>il Giornale, 22 luglio 2012 Chi \u00e8 contrario alle bio-tecnologie e all&#8217;industrializzazione rimpiange un&#8217;inesistente &#8220;et\u00e0 dell&#8217;oro&#8221;. In realt\u00e0 nei campi un tempo si faceva la fame e il cibo era meno sano Riccardo Cascioli<\/p><p><a class=\"more-link btn\" href=\"https:\/\/www.rassegnastampa-totustuus.it\/cattolica\/lagricoltura-ambientalista-coltiva-pericolose-ecoballe\/\">Continua a leggere<\/a><\/p>\n","protected":false},"author":6,"featured_media":24272,"comment_status":"closed","ping_status":"open","sticky":false,"template":"","format":"standard","meta":{"footnotes":""},"categories":[3],"tags":[1928],"class_list":["post-5197","post","type-post","status-publish","format-standard","has-post-thumbnail","hentry","category-ambientalismo","tag-agricoltura","item-wrap"],"yoast_head":"<!-- This site is optimized with the Yoast SEO plugin v27.5 - https:\/\/yoast.com\/product\/yoast-seo-wordpress\/ -->\n<title>L&#039;agricoltura ambientalista coltiva pericolose ecoballe - Rassegna Stampa Cattolica<\/title>\n<meta name=\"description\" content=\"Rassegna Stampa Cattolica - Per una cultura che nasce dalla Rivelazione cristiana in conformit\u00e0 alla tradizione e al Magistero della Chiesa in opposizione ad ogni relativismo e totalitarismo\" \/>\n<meta name=\"robots\" content=\"index, follow, max-snippet:-1, max-image-preview:large, max-video-preview:-1\" \/>\n<link rel=\"canonical\" href=\"https:\/\/www.rassegnastampa-totustuus.it\/cattolica\/lagricoltura-ambientalista-coltiva-pericolose-ecoballe\/\" \/>\n<meta property=\"og:locale\" content=\"it_IT\" \/>\n<meta property=\"og:type\" content=\"article\" \/>\n<meta property=\"og:title\" content=\"L&#039;agricoltura ambientalista coltiva pericolose ecoballe - Rassegna Stampa Cattolica\" \/>\n<meta property=\"og:description\" content=\"Rassegna Stampa Cattolica - Per una cultura che nasce dalla Rivelazione cristiana in conformit\u00e0 alla tradizione e al Magistero della Chiesa in opposizione ad ogni relativismo e totalitarismo\" \/>\n<meta property=\"og:url\" content=\"https:\/\/www.rassegnastampa-totustuus.it\/cattolica\/lagricoltura-ambientalista-coltiva-pericolose-ecoballe\/\" \/>\n<meta property=\"og:site_name\" content=\"Rassegna Stampa Cattolica\" \/>\n<meta property=\"article:publisher\" content=\"https:\/\/www.facebook.com\/rassegnastampacattolica\" \/>\n<meta property=\"article:published_time\" content=\"2012-09-12T22:00:00+00:00\" \/>\n<meta property=\"article:modified_time\" content=\"2019-11-06T15:30:23+00:00\" \/>\n<meta property=\"og:image\" content=\"https:\/\/www.rassegnastampa-totustuus.it\/cattolica\/wp-content\/uploads\/2012\/09\/povert\u00e0-contadina.png\" \/>\n\t<meta property=\"og:image:width\" content=\"266\" \/>\n\t<meta property=\"og:image:height\" content=\"189\" \/>\n\t<meta property=\"og:image:type\" content=\"image\/png\" \/>\n<meta name=\"author\" content=\"Redazione\" \/>\n<meta name=\"twitter:card\" content=\"summary_large_image\" \/>\n<meta name=\"twitter:creator\" content=\"@rassegnastampa9\" \/>\n<meta name=\"twitter:site\" content=\"@rassegnastampa9\" \/>\n<meta name=\"twitter:label1\" content=\"Scritto da\" \/>\n\t<meta name=\"twitter:data1\" content=\"Redazione\" \/>\n\t<meta name=\"twitter:label2\" content=\"Tempo di lettura stimato\" \/>\n\t<meta name=\"twitter:data2\" content=\"4 minuti\" \/>\n<script type=\"application\/ld+json\" class=\"yoast-schema-graph\">{\"@context\":\"https:\\\/\\\/schema.org\",\"@graph\":[{\"@type\":\"Article\",\"@id\":\"https:\\\/\\\/www.rassegnastampa-totustuus.it\\\/cattolica\\\/lagricoltura-ambientalista-coltiva-pericolose-ecoballe\\\/#article\",\"isPartOf\":{\"@id\":\"https:\\\/\\\/www.rassegnastampa-totustuus.it\\\/cattolica\\\/lagricoltura-ambientalista-coltiva-pericolose-ecoballe\\\/\"},\"author\":{\"name\":\"Redazione\",\"@id\":\"https:\\\/\\\/www.rassegnastampa-totustuus.it\\\/cattolica\\\/#\\\/schema\\\/person\\\/08f319d2bd1a0904ad9e2bfb7b15e5c3\"},\"headline\":\"L&#8217;agricoltura ambientalista coltiva pericolose ecoballe\",\"datePublished\":\"2012-09-12T22:00:00+00:00\",\"dateModified\":\"2019-11-06T15:30:23+00:00\",\"mainEntityOfPage\":{\"@id\":\"https:\\\/\\\/www.rassegnastampa-totustuus.it\\\/cattolica\\\/lagricoltura-ambientalista-coltiva-pericolose-ecoballe\\\/\"},\"wordCount\":846,\"publisher\":{\"@id\":\"https:\\\/\\\/www.rassegnastampa-totustuus.it\\\/cattolica\\\/#organization\"},\"image\":{\"@id\":\"https:\\\/\\\/www.rassegnastampa-totustuus.it\\\/cattolica\\\/lagricoltura-ambientalista-coltiva-pericolose-ecoballe\\\/#primaryimage\"},\"thumbnailUrl\":\"https:\\\/\\\/www.rassegnastampa-totustuus.it\\\/cattolica\\\/wp-content\\\/uploads\\\/2012\\\/09\\\/povert\u00e0-contadina.png\",\"keywords\":[\"agricoltura\"],\"articleSection\":[\"Ambientalismo\"],\"inLanguage\":\"it-IT\"},{\"@type\":\"WebPage\",\"@id\":\"https:\\\/\\\/www.rassegnastampa-totustuus.it\\\/cattolica\\\/lagricoltura-ambientalista-coltiva-pericolose-ecoballe\\\/\",\"url\":\"https:\\\/\\\/www.rassegnastampa-totustuus.it\\\/cattolica\\\/lagricoltura-ambientalista-coltiva-pericolose-ecoballe\\\/\",\"name\":\"L'agricoltura ambientalista coltiva pericolose ecoballe - Rassegna Stampa Cattolica\",\"isPartOf\":{\"@id\":\"https:\\\/\\\/www.rassegnastampa-totustuus.it\\\/cattolica\\\/#website\"},\"primaryImageOfPage\":{\"@id\":\"https:\\\/\\\/www.rassegnastampa-totustuus.it\\\/cattolica\\\/lagricoltura-ambientalista-coltiva-pericolose-ecoballe\\\/#primaryimage\"},\"image\":{\"@id\":\"https:\\\/\\\/www.rassegnastampa-totustuus.it\\\/cattolica\\\/lagricoltura-ambientalista-coltiva-pericolose-ecoballe\\\/#primaryimage\"},\"thumbnailUrl\":\"https:\\\/\\\/www.rassegnastampa-totustuus.it\\\/cattolica\\\/wp-content\\\/uploads\\\/2012\\\/09\\\/povert\u00e0-contadina.png\",\"datePublished\":\"2012-09-12T22:00:00+00:00\",\"dateModified\":\"2019-11-06T15:30:23+00:00\",\"description\":\"Rassegna Stampa Cattolica - Per una cultura che nasce dalla Rivelazione cristiana in conformit\u00e0 alla tradizione e al Magistero della Chiesa in opposizione ad ogni relativismo e totalitarismo\",\"breadcrumb\":{\"@id\":\"https:\\\/\\\/www.rassegnastampa-totustuus.it\\\/cattolica\\\/lagricoltura-ambientalista-coltiva-pericolose-ecoballe\\\/#breadcrumb\"},\"inLanguage\":\"it-IT\",\"potentialAction\":[{\"@type\":\"ReadAction\",\"target\":[\"https:\\\/\\\/www.rassegnastampa-totustuus.it\\\/cattolica\\\/lagricoltura-ambientalista-coltiva-pericolose-ecoballe\\\/\"]}]},{\"@type\":\"ImageObject\",\"inLanguage\":\"it-IT\",\"@id\":\"https:\\\/\\\/www.rassegnastampa-totustuus.it\\\/cattolica\\\/lagricoltura-ambientalista-coltiva-pericolose-ecoballe\\\/#primaryimage\",\"url\":\"https:\\\/\\\/www.rassegnastampa-totustuus.it\\\/cattolica\\\/wp-content\\\/uploads\\\/2012\\\/09\\\/povert\u00e0-contadina.png\",\"contentUrl\":\"https:\\\/\\\/www.rassegnastampa-totustuus.it\\\/cattolica\\\/wp-content\\\/uploads\\\/2012\\\/09\\\/povert\u00e0-contadina.png\",\"width\":266,\"height\":189},{\"@type\":\"BreadcrumbList\",\"@id\":\"https:\\\/\\\/www.rassegnastampa-totustuus.it\\\/cattolica\\\/lagricoltura-ambientalista-coltiva-pericolose-ecoballe\\\/#breadcrumb\",\"itemListElement\":[{\"@type\":\"ListItem\",\"position\":1,\"name\":\"Home\",\"item\":\"https:\\\/\\\/www.rassegnastampa-totustuus.it\\\/cattolica\\\/\"},{\"@type\":\"ListItem\",\"position\":2,\"name\":\"L&#8217;agricoltura ambientalista coltiva pericolose ecoballe\"}]},{\"@type\":\"WebSite\",\"@id\":\"https:\\\/\\\/www.rassegnastampa-totustuus.it\\\/cattolica\\\/#website\",\"url\":\"https:\\\/\\\/www.rassegnastampa-totustuus.it\\\/cattolica\\\/\",\"name\":\"Rassegna Stampa Cattolica\",\"description\":\"Per una cultura che nasce dalla Rivelazione cristiana in conformit\u00e0 alla tradizione e al Magistero della Chiesa in opposizione ad ogni relativismo e totalitarismo\",\"publisher\":{\"@id\":\"https:\\\/\\\/www.rassegnastampa-totustuus.it\\\/cattolica\\\/#organization\"},\"alternateName\":\"Rass. Cattolica\",\"potentialAction\":[{\"@type\":\"SearchAction\",\"target\":{\"@type\":\"EntryPoint\",\"urlTemplate\":\"https:\\\/\\\/www.rassegnastampa-totustuus.it\\\/cattolica\\\/?s={search_term_string}\"},\"query-input\":{\"@type\":\"PropertyValueSpecification\",\"valueRequired\":true,\"valueName\":\"search_term_string\"}}],\"inLanguage\":\"it-IT\"},{\"@type\":\"Organization\",\"@id\":\"https:\\\/\\\/www.rassegnastampa-totustuus.it\\\/cattolica\\\/#organization\",\"name\":\"Rassegna Stampa Cattolica\",\"url\":\"https:\\\/\\\/www.rassegnastampa-totustuus.it\\\/cattolica\\\/\",\"logo\":{\"@type\":\"ImageObject\",\"inLanguage\":\"it-IT\",\"@id\":\"https:\\\/\\\/www.rassegnastampa-totustuus.it\\\/cattolica\\\/#\\\/schema\\\/logo\\\/image\\\/\",\"url\":\"https:\\\/\\\/www.rassegnastampa-totustuus.it\\\/cattolica\\\/wp-content\\\/uploads\\\/2014\\\/04\\\/logo-rassegna1.gif\",\"contentUrl\":\"https:\\\/\\\/www.rassegnastampa-totustuus.it\\\/cattolica\\\/wp-content\\\/uploads\\\/2014\\\/04\\\/logo-rassegna1.gif\",\"width\":600,\"height\":163,\"caption\":\"Rassegna Stampa Cattolica\"},\"image\":{\"@id\":\"https:\\\/\\\/www.rassegnastampa-totustuus.it\\\/cattolica\\\/#\\\/schema\\\/logo\\\/image\\\/\"},\"sameAs\":[\"https:\\\/\\\/www.facebook.com\\\/rassegnastampacattolica\",\"https:\\\/\\\/x.com\\\/rassegnastampa9\"]},{\"@type\":\"Person\",\"@id\":\"https:\\\/\\\/www.rassegnastampa-totustuus.it\\\/cattolica\\\/#\\\/schema\\\/person\\\/08f319d2bd1a0904ad9e2bfb7b15e5c3\",\"name\":\"Redazione\",\"image\":{\"@type\":\"ImageObject\",\"inLanguage\":\"it-IT\",\"@id\":\"https:\\\/\\\/secure.gravatar.com\\\/avatar\\\/2fcdf27c78ea025fbdb44e914cc63c72249ffec9dc8aafd5c82b26240ef3f346?s=96&d=mm&r=g\",\"url\":\"https:\\\/\\\/secure.gravatar.com\\\/avatar\\\/2fcdf27c78ea025fbdb44e914cc63c72249ffec9dc8aafd5c82b26240ef3f346?s=96&d=mm&r=g\",\"contentUrl\":\"https:\\\/\\\/secure.gravatar.com\\\/avatar\\\/2fcdf27c78ea025fbdb44e914cc63c72249ffec9dc8aafd5c82b26240ef3f346?s=96&d=mm&r=g\",\"caption\":\"Redazione\"},\"url\":\"https:\\\/\\\/www.rassegnastampa-totustuus.it\\\/cattolica\\\/author\\\/pietroelle\\\/\"}]}<\/script>\n<!-- \/ Yoast SEO plugin. -->","yoast_head_json":{"title":"L'agricoltura ambientalista coltiva pericolose ecoballe - Rassegna Stampa Cattolica","description":"Rassegna Stampa Cattolica - Per una cultura che nasce dalla Rivelazione cristiana in conformit\u00e0 alla tradizione e al Magistero della Chiesa in opposizione ad ogni relativismo e totalitarismo","robots":{"index":"index","follow":"follow","max-snippet":"max-snippet:-1","max-image-preview":"max-image-preview:large","max-video-preview":"max-video-preview:-1"},"canonical":"https:\/\/www.rassegnastampa-totustuus.it\/cattolica\/lagricoltura-ambientalista-coltiva-pericolose-ecoballe\/","og_locale":"it_IT","og_type":"article","og_title":"L'agricoltura ambientalista coltiva pericolose ecoballe - Rassegna Stampa Cattolica","og_description":"Rassegna Stampa Cattolica - Per una cultura che nasce dalla Rivelazione cristiana in conformit\u00e0 alla tradizione e al Magistero della Chiesa in opposizione ad ogni relativismo e totalitarismo","og_url":"https:\/\/www.rassegnastampa-totustuus.it\/cattolica\/lagricoltura-ambientalista-coltiva-pericolose-ecoballe\/","og_site_name":"Rassegna Stampa Cattolica","article_publisher":"https:\/\/www.facebook.com\/rassegnastampacattolica","article_published_time":"2012-09-12T22:00:00+00:00","article_modified_time":"2019-11-06T15:30:23+00:00","og_image":[{"width":266,"height":189,"url":"https:\/\/www.rassegnastampa-totustuus.it\/cattolica\/wp-content\/uploads\/2012\/09\/povert\u00e0-contadina.png","type":"image\/png"}],"author":"Redazione","twitter_card":"summary_large_image","twitter_creator":"@rassegnastampa9","twitter_site":"@rassegnastampa9","twitter_misc":{"Scritto da":"Redazione","Tempo di lettura stimato":"4 minuti"},"schema":{"@context":"https:\/\/schema.org","@graph":[{"@type":"Article","@id":"https:\/\/www.rassegnastampa-totustuus.it\/cattolica\/lagricoltura-ambientalista-coltiva-pericolose-ecoballe\/#article","isPartOf":{"@id":"https:\/\/www.rassegnastampa-totustuus.it\/cattolica\/lagricoltura-ambientalista-coltiva-pericolose-ecoballe\/"},"author":{"name":"Redazione","@id":"https:\/\/www.rassegnastampa-totustuus.it\/cattolica\/#\/schema\/person\/08f319d2bd1a0904ad9e2bfb7b15e5c3"},"headline":"L&#8217;agricoltura ambientalista coltiva pericolose ecoballe","datePublished":"2012-09-12T22:00:00+00:00","dateModified":"2019-11-06T15:30:23+00:00","mainEntityOfPage":{"@id":"https:\/\/www.rassegnastampa-totustuus.it\/cattolica\/lagricoltura-ambientalista-coltiva-pericolose-ecoballe\/"},"wordCount":846,"publisher":{"@id":"https:\/\/www.rassegnastampa-totustuus.it\/cattolica\/#organization"},"image":{"@id":"https:\/\/www.rassegnastampa-totustuus.it\/cattolica\/lagricoltura-ambientalista-coltiva-pericolose-ecoballe\/#primaryimage"},"thumbnailUrl":"https:\/\/www.rassegnastampa-totustuus.it\/cattolica\/wp-content\/uploads\/2012\/09\/povert\u00e0-contadina.png","keywords":["agricoltura"],"articleSection":["Ambientalismo"],"inLanguage":"it-IT"},{"@type":"WebPage","@id":"https:\/\/www.rassegnastampa-totustuus.it\/cattolica\/lagricoltura-ambientalista-coltiva-pericolose-ecoballe\/","url":"https:\/\/www.rassegnastampa-totustuus.it\/cattolica\/lagricoltura-ambientalista-coltiva-pericolose-ecoballe\/","name":"L'agricoltura ambientalista coltiva pericolose ecoballe - Rassegna Stampa Cattolica","isPartOf":{"@id":"https:\/\/www.rassegnastampa-totustuus.it\/cattolica\/#website"},"primaryImageOfPage":{"@id":"https:\/\/www.rassegnastampa-totustuus.it\/cattolica\/lagricoltura-ambientalista-coltiva-pericolose-ecoballe\/#primaryimage"},"image":{"@id":"https:\/\/www.rassegnastampa-totustuus.it\/cattolica\/lagricoltura-ambientalista-coltiva-pericolose-ecoballe\/#primaryimage"},"thumbnailUrl":"https:\/\/www.rassegnastampa-totustuus.it\/cattolica\/wp-content\/uploads\/2012\/09\/povert\u00e0-contadina.png","datePublished":"2012-09-12T22:00:00+00:00","dateModified":"2019-11-06T15:30:23+00:00","description":"Rassegna Stampa Cattolica - Per una cultura che nasce dalla Rivelazione cristiana in conformit\u00e0 alla tradizione e al Magistero della Chiesa in opposizione ad ogni relativismo e totalitarismo","breadcrumb":{"@id":"https:\/\/www.rassegnastampa-totustuus.it\/cattolica\/lagricoltura-ambientalista-coltiva-pericolose-ecoballe\/#breadcrumb"},"inLanguage":"it-IT","potentialAction":[{"@type":"ReadAction","target":["https:\/\/www.rassegnastampa-totustuus.it\/cattolica\/lagricoltura-ambientalista-coltiva-pericolose-ecoballe\/"]}]},{"@type":"ImageObject","inLanguage":"it-IT","@id":"https:\/\/www.rassegnastampa-totustuus.it\/cattolica\/lagricoltura-ambientalista-coltiva-pericolose-ecoballe\/#primaryimage","url":"https:\/\/www.rassegnastampa-totustuus.it\/cattolica\/wp-content\/uploads\/2012\/09\/povert\u00e0-contadina.png","contentUrl":"https:\/\/www.rassegnastampa-totustuus.it\/cattolica\/wp-content\/uploads\/2012\/09\/povert\u00e0-contadina.png","width":266,"height":189},{"@type":"BreadcrumbList","@id":"https:\/\/www.rassegnastampa-totustuus.it\/cattolica\/lagricoltura-ambientalista-coltiva-pericolose-ecoballe\/#breadcrumb","itemListElement":[{"@type":"ListItem","position":1,"name":"Home","item":"https:\/\/www.rassegnastampa-totustuus.it\/cattolica\/"},{"@type":"ListItem","position":2,"name":"L&#8217;agricoltura ambientalista coltiva pericolose ecoballe"}]},{"@type":"WebSite","@id":"https:\/\/www.rassegnastampa-totustuus.it\/cattolica\/#website","url":"https:\/\/www.rassegnastampa-totustuus.it\/cattolica\/","name":"Rassegna Stampa Cattolica","description":"Per una cultura che nasce dalla Rivelazione cristiana in conformit\u00e0 alla tradizione e al Magistero della Chiesa in opposizione ad ogni relativismo e totalitarismo","publisher":{"@id":"https:\/\/www.rassegnastampa-totustuus.it\/cattolica\/#organization"},"alternateName":"Rass. Cattolica","potentialAction":[{"@type":"SearchAction","target":{"@type":"EntryPoint","urlTemplate":"https:\/\/www.rassegnastampa-totustuus.it\/cattolica\/?s={search_term_string}"},"query-input":{"@type":"PropertyValueSpecification","valueRequired":true,"valueName":"search_term_string"}}],"inLanguage":"it-IT"},{"@type":"Organization","@id":"https:\/\/www.rassegnastampa-totustuus.it\/cattolica\/#organization","name":"Rassegna Stampa Cattolica","url":"https:\/\/www.rassegnastampa-totustuus.it\/cattolica\/","logo":{"@type":"ImageObject","inLanguage":"it-IT","@id":"https:\/\/www.rassegnastampa-totustuus.it\/cattolica\/#\/schema\/logo\/image\/","url":"https:\/\/www.rassegnastampa-totustuus.it\/cattolica\/wp-content\/uploads\/2014\/04\/logo-rassegna1.gif","contentUrl":"https:\/\/www.rassegnastampa-totustuus.it\/cattolica\/wp-content\/uploads\/2014\/04\/logo-rassegna1.gif","width":600,"height":163,"caption":"Rassegna Stampa Cattolica"},"image":{"@id":"https:\/\/www.rassegnastampa-totustuus.it\/cattolica\/#\/schema\/logo\/image\/"},"sameAs":["https:\/\/www.facebook.com\/rassegnastampacattolica","https:\/\/x.com\/rassegnastampa9"]},{"@type":"Person","@id":"https:\/\/www.rassegnastampa-totustuus.it\/cattolica\/#\/schema\/person\/08f319d2bd1a0904ad9e2bfb7b15e5c3","name":"Redazione","image":{"@type":"ImageObject","inLanguage":"it-IT","@id":"https:\/\/secure.gravatar.com\/avatar\/2fcdf27c78ea025fbdb44e914cc63c72249ffec9dc8aafd5c82b26240ef3f346?s=96&d=mm&r=g","url":"https:\/\/secure.gravatar.com\/avatar\/2fcdf27c78ea025fbdb44e914cc63c72249ffec9dc8aafd5c82b26240ef3f346?s=96&d=mm&r=g","contentUrl":"https:\/\/secure.gravatar.com\/avatar\/2fcdf27c78ea025fbdb44e914cc63c72249ffec9dc8aafd5c82b26240ef3f346?s=96&d=mm&r=g","caption":"Redazione"},"url":"https:\/\/www.rassegnastampa-totustuus.it\/cattolica\/author\/pietroelle\/"}]}},"_links":{"self":[{"href":"https:\/\/www.rassegnastampa-totustuus.it\/cattolica\/wp-json\/wp\/v2\/posts\/5197","targetHints":{"allow":["GET"]}}],"collection":[{"href":"https:\/\/www.rassegnastampa-totustuus.it\/cattolica\/wp-json\/wp\/v2\/posts"}],"about":[{"href":"https:\/\/www.rassegnastampa-totustuus.it\/cattolica\/wp-json\/wp\/v2\/types\/post"}],"author":[{"embeddable":true,"href":"https:\/\/www.rassegnastampa-totustuus.it\/cattolica\/wp-json\/wp\/v2\/users\/6"}],"replies":[{"embeddable":true,"href":"https:\/\/www.rassegnastampa-totustuus.it\/cattolica\/wp-json\/wp\/v2\/comments?post=5197"}],"version-history":[{"count":3,"href":"https:\/\/www.rassegnastampa-totustuus.it\/cattolica\/wp-json\/wp\/v2\/posts\/5197\/revisions"}],"predecessor-version":[{"id":45035,"href":"https:\/\/www.rassegnastampa-totustuus.it\/cattolica\/wp-json\/wp\/v2\/posts\/5197\/revisions\/45035"}],"wp:featuredmedia":[{"embeddable":true,"href":"https:\/\/www.rassegnastampa-totustuus.it\/cattolica\/wp-json\/wp\/v2\/media\/24272"}],"wp:attachment":[{"href":"https:\/\/www.rassegnastampa-totustuus.it\/cattolica\/wp-json\/wp\/v2\/media?parent=5197"}],"wp:term":[{"taxonomy":"category","embeddable":true,"href":"https:\/\/www.rassegnastampa-totustuus.it\/cattolica\/wp-json\/wp\/v2\/categories?post=5197"},{"taxonomy":"post_tag","embeddable":true,"href":"https:\/\/www.rassegnastampa-totustuus.it\/cattolica\/wp-json\/wp\/v2\/tags?post=5197"}],"curies":[{"name":"wp","href":"https:\/\/api.w.org\/{rel}","templated":true}]}}