{"id":51954,"date":"2021-07-15T00:00:18","date_gmt":"2021-07-14T22:00:18","guid":{"rendered":"http:\/\/www.rassegnastampa-totustuus.it\/cattolica\/?p=51954"},"modified":"2025-07-23T10:30:11","modified_gmt":"2025-07-23T08:30:11","slug":"ideologia-omosessuale-e-orgoglio-satanico","status":"publish","type":"post","link":"https:\/\/www.rassegnastampa-totustuus.it\/cattolica\/ideologia-omosessuale-e-orgoglio-satanico\/","title":{"rendered":"Ideologia omosessuale e orgoglio satanico"},"content":{"rendered":"\n<p class=\"has-text-align-center\"><span style=\"color: #000000;\"><strong><a href=\"https:\/\/atfp.it\/\" target=\"_blank\" rel=\"noreferrer noopener\">Tradizione Famiglia Propriet\u00e0<\/a><\/strong> Newsletter 8 Luglio 2021 <strong>\u00a0<\/strong><\/span><\/p>\n\n\n\n<p><span style=\"color: #000000;\">[<strong>Nota dell&#8217;editore<\/strong>: <em>il seguente articolo \u00e8 stato pubblicato il 27 giugno 2011 nel periodo degli eventi riportati di seguito. Sebbene gli incidenti descritti siano di dieci anni fa, il suo messaggio centrale rimane rilevante pi\u00f9 che mai<\/em>]. <\/span><\/p>\n\n\n\n<p class=\"has-text-align-center\"><span style=\"color: #000000;\">di<strong> Luiz S\u00e9rgio Solimeo<\/strong> <\/span><\/p>\n\n\n<div class=\"wp-block-image\">\n<figure class=\"aligncenter size-full\"><a href=\"https:\/\/www.rassegnastampa-totustuus.it\/cattolica\/wp-content\/uploads\/2021\/02\/gaypride_Praga_satanismo.jpg\"><img loading=\"lazy\" decoding=\"async\" width=\"512\" height=\"342\" src=\"https:\/\/www.rassegnastampa-totustuus.it\/cattolica\/wp-content\/uploads\/2021\/02\/gaypride_Praga_satanismo.jpg\" alt=\"\" class=\"wp-image-49989\" srcset=\"https:\/\/www.rassegnastampa-totustuus.it\/cattolica\/wp-content\/uploads\/2021\/02\/gaypride_Praga_satanismo.jpg 512w, https:\/\/www.rassegnastampa-totustuus.it\/cattolica\/wp-content\/uploads\/2021\/02\/gaypride_Praga_satanismo-300x200.jpg 300w\" sizes=\"auto, (max-width: 512px) 100vw, 512px\" \/><\/a><\/figure><\/div>\n\n\n<!--more-->\n\n\n\n<p><span style=\"color: #000000;\">L&#8217;11 giugno 2011 ha visto un&#8217;altra parata per glorificare il vizio dell&#8217;omosessualit\u00e0. Soprannominata&nbsp;<em>Europrid<\/em>e o&nbsp;<em>Eurogaypride<\/em>, si \u00e8 tenuta a Roma, la Citt\u00e0 Eterna, centro del cattolicesimo. L&#8217;espressione \u201corgoglio (pride) omosessuale\u201d riassume l&#8217;essenza dell&#8217;ideologia omosessuale. Vediamo come. <\/span><\/p>\n\n\n\n<h4 class=\"wp-block-heading has-text-align-center\"><span style=\"color: #000000;\"><strong>Orgoglio e rivolta contro Dio<\/strong> <\/span><\/h4>\n\n\n<div class=\"wp-block-image\">\n<figure class=\"aligncenter is-resized\"><img loading=\"lazy\" decoding=\"async\" width=\"275\" height=\"183\" src=\"https:\/\/www.rassegnastampa-totustuus.it\/cattolica\/wp-content\/uploads\/2021\/07\/gay_pride.jpg\" alt=\"\" class=\"wp-image-51955\" style=\"width:497px;height:auto\"\/><\/figure><\/div>\n\n\n<p><span style=\"color: #000000;\">Il peccato \u00e8 una rivolta contro l&#8217;ordine stabilito da Dio e, quindi, una rivolta contro il Creatore stesso. Quanto pi\u00f9 questa rivolta si manifesta, tanto pi\u00f9 grave \u00e8 il peccato. L&#8217;uomo pu\u00f2 peccare per debolezza e provare vergogna per il suo peccato e desiderare di fare ammenda; oppure pu\u00f2 peccare con speciale malizia e essere orgoglioso del suo peccato. In questo caso, la sua rivolta contro il Creatore diventa pi\u00f9 manifesta; poich\u00e9, come dice san Tommaso, \u00ab[\u00e8] caratteristico dell&#8217;orgoglio il non volersi sottomettere a nessun superiore, e specialmente a Dio\u00bb(1). Per questo, il santo Dottore presenta \u00abl&#8217;orgoglio o amor proprio come principio di ogni male\u00bb\u201d(2). Secondo la Scrittura, \u00abPrincipio di ogni peccato \u00e8 la superbia\u00bb<sup> &nbsp;<\/sup>(3) .<\/span><\/p>\n\n\n\n<h4 class=\"wp-block-heading has-text-align-center\"><span style=\"color: #000000;\"> <strong>L&#8217;orgoglio, il peccato di Lucifero<\/strong> <\/span><\/h4>\n\n\n<div class=\"wp-block-image\">\n<figure class=\"aligncenter is-resized\"><img loading=\"lazy\" decoding=\"async\" width=\"284\" height=\"178\" src=\"https:\/\/www.rassegnastampa-totustuus.it\/cattolica\/wp-content\/uploads\/2005\/05\/gay_pride.jpg\" alt=\"\" class=\"wp-image-26590\" style=\"width:518px;height:auto\"\/><\/figure><\/div>\n\n\n<p><span style=\"color: #000000;\">I teologi credono comunemente che il peccato di Lucifero e degli angeli caduti sia stato quello di superbia. Infatti, non avendo corpo fisico, non potevano essere trascinati dalla concupiscenza come per l&#8217;uomo. Pertanto, il loro peccato doveva essere spirituale. Di solito vengono menzionati due passaggi della Scrittura per descrivere questo peccato degli angeli. Il primo \u00e8 di Isaia: \u201cCome mai sei caduto dal cielo, astro mattutino<sup>4<\/sup>, figlio dell&#8217;aurora? Come mai sei atterrato, tu che calpestavi le nazioni?&nbsp;Tu dicevi in cuor tuo: \u00abIo salir\u00f2 in cielo, innalzer\u00f2 il mio trono al di sopra delle stelle di Dio; mi sieder\u00f2 sul monte dell&#8217;assemblea, nella parte estrema del settentrione; salir\u00f2 sulle sommit\u00e0 delle nubi, sar\u00f2 simile all&#8217;Altissimo\u00bb(5). Il secondo \u00e8 del profeta Geremia: \u201cMolto tempo fa hai spezzato il tuo giogo, hai strappato i tuoi legami e hai detto: Io non servir\u00f2\u201d(6). <\/span><\/p>\n\n\n\n<h4 class=\"wp-block-heading has-text-align-center\"><span style=\"color: #000000;\"><strong>L&#8217;orgoglio luciferino dell&#8217;ideologia omosessuale<\/strong> <\/span><\/h4>\n\n\n<div class=\"wp-block-image\">\n<figure class=\"aligncenter is-resized\"><img loading=\"lazy\" decoding=\"async\" width=\"300\" height=\"169\" src=\"https:\/\/www.rassegnastampa-totustuus.it\/cattolica\/wp-content\/uploads\/2020\/07\/gay_omosessuali_gender-300x169.jpg\" alt=\"\" class=\"wp-image-47707\" style=\"width:516px;height:auto\" srcset=\"https:\/\/www.rassegnastampa-totustuus.it\/cattolica\/wp-content\/uploads\/2020\/07\/gay_omosessuali_gender-300x169.jpg 300w, https:\/\/www.rassegnastampa-totustuus.it\/cattolica\/wp-content\/uploads\/2020\/07\/gay_omosessuali_gender-768x432.jpg 768w, https:\/\/www.rassegnastampa-totustuus.it\/cattolica\/wp-content\/uploads\/2020\/07\/gay_omosessuali_gender-1024x576.jpg 1024w, https:\/\/www.rassegnastampa-totustuus.it\/cattolica\/wp-content\/uploads\/2020\/07\/gay_omosessuali_gender.jpg 1920w\" sizes=\"auto, (max-width: 300px) 100vw, 300px\" \/><\/figure><\/div>\n\n\n<p><span style=\"color: #000000;\">Essere orgogliosi di praticare il vizio omosessuale e proclamarlo pubblicamente nelle strade e nelle piazze delle principali citt\u00e0 del mondo \u00e8 un peccato dello spirito, una sfida alla Legge di Dio. \u00c8 negazione della realt\u00e0 in quanto tale e adesione a un&#8217;utopia e a una fantasia patologica. \u00c8 una manifestazione dell&#8217;orgoglio di Lucifero e una ripetizione del suo disperato grido di rivolta: &#8220;Io Non servir\u00f2&#8221;. <\/span><\/p>\n\n\n\n<h4 class=\"wp-block-heading has-text-align-center\"><span style=\"color: #000000;\"><strong>Odio alla Chiesa Cattolica<\/strong> <\/span><\/h4>\n\n\n\n<p><span style=\"color: #000000;\">Torniamo all'&#8221;Europride&#8221; di Roma. Giornali italiani e blog del web hanno pubblicato centinaia di foto della marcia. Ci\u00f2 che spicca di pi\u00f9 &#8211; persino pi\u00f9 della sfrenata esibizione di lussuria, dei corpi seminudi e di posture e gesti osceni &#8211; \u00e8 l&#8217;odio mostrato contro la Chiesa cattolica. Un omosessuale con gli occhiali scuri si \u00e8 presentato sacrilegamente atteggiandosi a Ges\u00f9 Cristo. Le offese al Sommo Pontefice non potrebbero essere pi\u00f9 vili: un grande striscione nella parte anteriore del corteo mostrava un fotomontaggio raffigurante il Papa con i capelli di donna, con indosso calze e biancheria succinta. <\/span><\/p>\n\n\n<div class=\"wp-block-image\">\n<figure class=\"aligncenter is-resized\"><img loading=\"lazy\" decoding=\"async\" width=\"266\" height=\"189\" src=\"https:\/\/www.rassegnastampa-totustuus.it\/cattolica\/wp-content\/uploads\/2021\/07\/gay_pride-1.jpg\" alt=\"\" class=\"wp-image-51956\" style=\"width:370px;height:auto\"\/><\/figure><\/div>\n\n\n<p><span style=\"color: #000000;\">Sotto, le parole: &#8220;[Lei] veste Prada ma \u00e8 amica di Satana&#8221;(7). Un altro striscione mostrava una vignetta di Benedetto XVI decorato con una medaglia nazista, con in mano un pastorale recante il simbolo nazista e sotto le parole &#8220;Nazinger [Nazi+Ratzinger] attacca i gay&#8221;. Un altro striscione diceva: &#8220;Ratzinger, ama il tuo prossimo ma non come Hitler&#8221;. E ancora un altro, &#8220;Vero inferno: il Vaticano, Guantanamo mentale&#8221;. Si vedevano molti omosessuali travestiti da vescovi o preti in modo ridicolo e dissoluto. <\/span><\/p>\n\n\n\n<h4 class=\"wp-block-heading has-text-align-center\"><span style=\"color: #000000;\"><strong>Distruzione delle nozioni di bene e male<\/strong> <\/span><\/h4>\n\n\n<div class=\"wp-block-image\">\n<figure class=\"aligncenter is-resized\"><img loading=\"lazy\" decoding=\"async\" width=\"300\" height=\"150\" src=\"https:\/\/www.rassegnastampa-totustuus.it\/cattolica\/wp-content\/uploads\/2020\/11\/amosessuali_gay_gender-300x150.jpg\" alt=\"\" class=\"wp-image-49310\" style=\"width:466px;height:auto\" srcset=\"https:\/\/www.rassegnastampa-totustuus.it\/cattolica\/wp-content\/uploads\/2020\/11\/amosessuali_gay_gender-300x150.jpg 300w, https:\/\/www.rassegnastampa-totustuus.it\/cattolica\/wp-content\/uploads\/2020\/11\/amosessuali_gay_gender.jpg 318w\" sizes=\"auto, (max-width: 300px) 100vw, 300px\" \/><\/figure><\/div>\n\n\n<p><span style=\"color: #000000;\">Durante la sfilata, la negazione di ogni moralit\u00e0 si \u00e8 manifestata non solo attraverso la sfacciata licenza sessuale, ma anche in scene come quella riportata dall&#8217;ANSA con il titolo \u201cEuropride di Roma tra angeli, diavoli e coniugi\u201d in cui si vedeva l&#8217;immagine di due uomini che si baciavano, uno vestito da diavolo, con le corna e un tridente e l&#8217;altro come un angelo buono, con ali bianche e aureola(8). Il bacio del &#8220;diavolo&#8221; all\u2019 &#8220;angelo&#8221; rappresenta giustamente l&#8217;obiettivo finale dell&#8217;ideologia omosessuale: la completa negazione della differenza tra bene e male, giusto e sbagliato. Liberata dalla morale e dalla ragione, la volont\u00e0 dell&#8217;uomo diventer\u00e0 l&#8217;unica regola: buono significa semplicemente ci\u00f2 che d\u00e0 piacere ai nostri istinti e sensi; male, tutto ci\u00f2 che pone degli ostacoli. <\/span><\/p>\n\n\n\n<h4 class=\"wp-block-heading has-text-align-center\"><span style=\"color: #000000;\"><strong>Guai a coloro che chiamano bene il male e male il bene<\/strong> <\/span><\/h4>\n\n\n<div class=\"wp-block-image\">\n<figure class=\"aligncenter is-resized\"><img loading=\"lazy\" decoding=\"async\" width=\"265\" height=\"191\" src=\"https:\/\/www.rassegnastampa-totustuus.it\/cattolica\/wp-content\/uploads\/2018\/09\/gay.jpg\" alt=\"\" class=\"wp-image-41098\" style=\"width:437px;height:auto\"\/><\/figure><\/div>\n\n\n<p><span style=\"color: #000000;\">Non ci ricorda proprio questo il profeta Sofonia quando rimprovera coloro \u00abche dicono in cuor loro: &#8220;Il Signore non fa n\u00e9 bene n\u00e9 male&#8221;(9)? \u00c8 per loro anche l&#8217;avvertimento del profeta Isaia: \u00abGuai a coloro che chiamano bene il male e male il bene, che mutano le tenebre in luce e la luce in tenebre\u00bb(10). Ecco dove ci conduce l&#8217;orgoglio satanico dell&#8217;ideologia omosessuale: essa trasforma la luce in tenebre e le tenebre in luce e vuole imporre questa oscurit\u00e0 al mondo, attraverso la dittatura del diritto e la propaganda proveniente dai media&nbsp;<em>liberal.<\/em> <\/span><\/p>\n\n\n\n<p><span style=\"color: #000000;\"><strong>Note<\/strong> <\/span><\/p>\n\n\n\n<p><span style=\"color: #000000;\"><strong>1).<\/strong> Summa Theologica, I-II, q. 84, a. 2, ad 2. Vedere anche: Plinio Corr\u00eaa de Oliveira, Rivoluzione e Controrivoluzione, cap. VII, 3. <\/span><\/p>\n\n\n\n<p><span style=\"color: #000000;\"><strong>2).<\/strong> Ibid., ad 3. <\/span><\/p>\n\n\n\n<p><span style=\"color: #000000;\"><strong>3).<\/strong> Sir 10, 15 <\/span><\/p>\n\n\n\n<p><span style=\"color: #000000;\"><strong>4).<\/strong> San Girolamo tradusse \u201cstella del mattino\u201d nel latino \u201clucifero\u201d, seguendo la traduzione greca dall\u2019ebreo fatta dai Settanta: \u201cphophor\u00f3s\u201d, portatore di luce. <\/span><\/p>\n\n\n\n<p><span style=\"color: #000000;\"><strong>5).<\/strong> 14, 12-14 <\/span><\/p>\n\n\n\n<p><span style=\"color: #000000;\"><strong>6).<\/strong> 2, 20 <\/span><\/p>\n\n\n\n<p><span style=\"color: #000000;\"><strong>7).<\/strong> Usiamo il \u201clei\u201d perch\u00e9 l\u2019originale italiano parla di \u201camica\u201d e non di \u201camico\u201d. \u201cIl fotomontaggio del Papa in mutande e reggicalze. E, sotto, la scritta: \u2018Veste Prada ma \u00e8 amica di Satana.\u2019\u201d Grazia Maria Coletti,<\/span> <span style=\"color: #0000ff;\">\u201c<a style=\"color: #0000ff;\" href=\"http:\/\/www.iltempo.it\/politica\/2011\/06\/12\/1264536-lady_gaga_ringrazia_alemanno_fischiato.shtml?refresh_ce\" target=\"_blank\" rel=\"noreferrer noopener\">Lady Gaga lo ringrazia. Alemanno fischiato Europride, comizio della popstar al circo Massimo. Al corteo fotomontaggi del Papa in reggicalze<\/a><\/span>\u201d <span style=\"color: #000000;\">in Il Tempo, 12 giugno 2011, 05:30 <\/span><\/p>\n\n\n\n<p><span style=\"color: #000000;\"><strong>8).<\/strong> ANSA,\u201c<\/span><span style=\"color: #0000ff;\"><a style=\"color: #0000ff;\" href=\"http:\/\/www.ansa.it\/web\/notizie\/photostory\/primopiano\/2011\/06\/11\/visualizza_new.html_838536395.html?idPhoto=14\" target=\"_blank\" rel=\"noreferrer noopener\">Europride a Roma tra Angeli, diavoli e spose<\/a><\/span>\u201d, <span style=\"color: #000000;\">aggiornato l\u201911 giugno 2011 22:16:00 GMT. <\/span><\/p>\n\n\n\n<p><span style=\"color: #000000;\"><strong>9).<\/strong> 1, 12 <strong>10).<\/strong> 5, 20<\/span><\/p>\n","protected":false},"excerpt":{"rendered":"<p>Tradizione Famiglia Propriet\u00e0 Newsletter 8 Luglio 2021 \u00a0 [Nota dell&#8217;editore: il seguente articolo \u00e8 stato pubblicato il 27 giugno 2011 nel periodo degli eventi riportati di seguito. Sebbene gli incidenti descritti siano di dieci anni fa, il suo messaggio centrale rimane rilevante pi\u00f9 che mai]. di Luiz S\u00e9rgio Solimeo<\/p><p><a class=\"more-link btn\" href=\"https:\/\/www.rassegnastampa-totustuus.it\/cattolica\/ideologia-omosessuale-e-orgoglio-satanico\/\">Continua a leggere<\/a><\/p>\n","protected":false},"author":6,"featured_media":49312,"comment_status":"closed","ping_status":"closed","sticky":false,"template":"","format":"standard","meta":{"footnotes":""},"categories":[125,48],"tags":[189,916,322],"class_list":["post-51954","post","type-post","status-publish","format-standard","has-post-thumbnail","hentry","category-ideologia-del-gender","category-omosessualit","tag-gay","tag-ideologia-gay","tag-omosessualita","item-wrap"],"yoast_head":"<!-- This site is optimized with the Yoast SEO plugin v27.5 - https:\/\/yoast.com\/product\/yoast-seo-wordpress\/ -->\n<title>Ideologia omosessuale e orgoglio satanico - Rassegna Stampa Cattolica<\/title>\n<meta name=\"description\" content=\"Ideologia omosessuale e orgoglio satanico. Cosa c&#039;\u00e8 veramente dietro l&#039;ostentazione della devianza sessuale\" \/>\n<meta name=\"robots\" content=\"index, follow, max-snippet:-1, max-image-preview:large, max-video-preview:-1\" \/>\n<link rel=\"canonical\" href=\"https:\/\/www.rassegnastampa-totustuus.it\/cattolica\/ideologia-omosessuale-e-orgoglio-satanico\/\" \/>\n<meta property=\"og:locale\" content=\"it_IT\" \/>\n<meta property=\"og:type\" content=\"article\" \/>\n<meta property=\"og:title\" content=\"Ideologia omosessuale e orgoglio satanico - Rassegna Stampa Cattolica\" \/>\n<meta property=\"og:description\" content=\"Ideologia omosessuale e orgoglio satanico. Cosa c&#039;\u00e8 veramente dietro l&#039;ostentazione della devianza sessuale\" \/>\n<meta property=\"og:url\" content=\"https:\/\/www.rassegnastampa-totustuus.it\/cattolica\/ideologia-omosessuale-e-orgoglio-satanico\/\" \/>\n<meta property=\"og:site_name\" content=\"Rassegna Stampa Cattolica\" \/>\n<meta property=\"article:publisher\" content=\"https:\/\/www.facebook.com\/rassegnastampacattolica\" \/>\n<meta property=\"article:published_time\" content=\"2021-07-14T22:00:18+00:00\" \/>\n<meta property=\"article:modified_time\" content=\"2025-07-23T08:30:11+00:00\" \/>\n<meta property=\"og:image\" content=\"https:\/\/www.rassegnastampa-totustuus.it\/cattolica\/wp-content\/uploads\/2020\/11\/gay_bandiera_gender.jpg\" \/>\n\t<meta property=\"og:image:width\" content=\"1280\" \/>\n\t<meta property=\"og:image:height\" content=\"960\" \/>\n\t<meta property=\"og:image:type\" content=\"image\/jpeg\" \/>\n<meta name=\"author\" content=\"Redazione\" \/>\n<meta name=\"twitter:card\" content=\"summary_large_image\" \/>\n<meta name=\"twitter:creator\" content=\"@rassegnastampa9\" \/>\n<meta name=\"twitter:site\" content=\"@rassegnastampa9\" \/>\n<meta name=\"twitter:label1\" content=\"Scritto da\" \/>\n\t<meta name=\"twitter:data1\" content=\"Redazione\" \/>\n\t<meta name=\"twitter:label2\" content=\"Tempo di lettura stimato\" \/>\n\t<meta name=\"twitter:data2\" content=\"7 minuti\" \/>\n<script type=\"application\/ld+json\" class=\"yoast-schema-graph\">{\"@context\":\"https:\\\/\\\/schema.org\",\"@graph\":[{\"@type\":\"Article\",\"@id\":\"https:\\\/\\\/www.rassegnastampa-totustuus.it\\\/cattolica\\\/ideologia-omosessuale-e-orgoglio-satanico\\\/#article\",\"isPartOf\":{\"@id\":\"https:\\\/\\\/www.rassegnastampa-totustuus.it\\\/cattolica\\\/ideologia-omosessuale-e-orgoglio-satanico\\\/\"},\"author\":{\"name\":\"Redazione\",\"@id\":\"https:\\\/\\\/www.rassegnastampa-totustuus.it\\\/cattolica\\\/#\\\/schema\\\/person\\\/08f319d2bd1a0904ad9e2bfb7b15e5c3\"},\"headline\":\"Ideologia omosessuale e orgoglio satanico\",\"datePublished\":\"2021-07-14T22:00:18+00:00\",\"dateModified\":\"2025-07-23T08:30:11+00:00\",\"mainEntityOfPage\":{\"@id\":\"https:\\\/\\\/www.rassegnastampa-totustuus.it\\\/cattolica\\\/ideologia-omosessuale-e-orgoglio-satanico\\\/\"},\"wordCount\":975,\"publisher\":{\"@id\":\"https:\\\/\\\/www.rassegnastampa-totustuus.it\\\/cattolica\\\/#organization\"},\"image\":{\"@id\":\"https:\\\/\\\/www.rassegnastampa-totustuus.it\\\/cattolica\\\/ideologia-omosessuale-e-orgoglio-satanico\\\/#primaryimage\"},\"thumbnailUrl\":\"https:\\\/\\\/www.rassegnastampa-totustuus.it\\\/cattolica\\\/wp-content\\\/uploads\\\/2020\\\/11\\\/gay_bandiera_gender.jpg\",\"keywords\":[\"gay\",\"ideologia gay\",\"omosessualit\u00e0\"],\"articleSection\":[\"Ideologia del gender\",\"Omosessualit&agrave;\"],\"inLanguage\":\"it-IT\"},{\"@type\":\"WebPage\",\"@id\":\"https:\\\/\\\/www.rassegnastampa-totustuus.it\\\/cattolica\\\/ideologia-omosessuale-e-orgoglio-satanico\\\/\",\"url\":\"https:\\\/\\\/www.rassegnastampa-totustuus.it\\\/cattolica\\\/ideologia-omosessuale-e-orgoglio-satanico\\\/\",\"name\":\"Ideologia omosessuale e orgoglio satanico - Rassegna Stampa Cattolica\",\"isPartOf\":{\"@id\":\"https:\\\/\\\/www.rassegnastampa-totustuus.it\\\/cattolica\\\/#website\"},\"primaryImageOfPage\":{\"@id\":\"https:\\\/\\\/www.rassegnastampa-totustuus.it\\\/cattolica\\\/ideologia-omosessuale-e-orgoglio-satanico\\\/#primaryimage\"},\"image\":{\"@id\":\"https:\\\/\\\/www.rassegnastampa-totustuus.it\\\/cattolica\\\/ideologia-omosessuale-e-orgoglio-satanico\\\/#primaryimage\"},\"thumbnailUrl\":\"https:\\\/\\\/www.rassegnastampa-totustuus.it\\\/cattolica\\\/wp-content\\\/uploads\\\/2020\\\/11\\\/gay_bandiera_gender.jpg\",\"datePublished\":\"2021-07-14T22:00:18+00:00\",\"dateModified\":\"2025-07-23T08:30:11+00:00\",\"description\":\"Ideologia omosessuale e orgoglio satanico. Cosa c'\u00e8 veramente dietro l'ostentazione della devianza sessuale\",\"breadcrumb\":{\"@id\":\"https:\\\/\\\/www.rassegnastampa-totustuus.it\\\/cattolica\\\/ideologia-omosessuale-e-orgoglio-satanico\\\/#breadcrumb\"},\"inLanguage\":\"it-IT\",\"potentialAction\":[{\"@type\":\"ReadAction\",\"target\":[\"https:\\\/\\\/www.rassegnastampa-totustuus.it\\\/cattolica\\\/ideologia-omosessuale-e-orgoglio-satanico\\\/\"]}]},{\"@type\":\"ImageObject\",\"inLanguage\":\"it-IT\",\"@id\":\"https:\\\/\\\/www.rassegnastampa-totustuus.it\\\/cattolica\\\/ideologia-omosessuale-e-orgoglio-satanico\\\/#primaryimage\",\"url\":\"https:\\\/\\\/www.rassegnastampa-totustuus.it\\\/cattolica\\\/wp-content\\\/uploads\\\/2020\\\/11\\\/gay_bandiera_gender.jpg\",\"contentUrl\":\"https:\\\/\\\/www.rassegnastampa-totustuus.it\\\/cattolica\\\/wp-content\\\/uploads\\\/2020\\\/11\\\/gay_bandiera_gender.jpg\",\"width\":1280,\"height\":960},{\"@type\":\"BreadcrumbList\",\"@id\":\"https:\\\/\\\/www.rassegnastampa-totustuus.it\\\/cattolica\\\/ideologia-omosessuale-e-orgoglio-satanico\\\/#breadcrumb\",\"itemListElement\":[{\"@type\":\"ListItem\",\"position\":1,\"name\":\"Home\",\"item\":\"https:\\\/\\\/www.rassegnastampa-totustuus.it\\\/cattolica\\\/\"},{\"@type\":\"ListItem\",\"position\":2,\"name\":\"Ideologia omosessuale e orgoglio satanico\"}]},{\"@type\":\"WebSite\",\"@id\":\"https:\\\/\\\/www.rassegnastampa-totustuus.it\\\/cattolica\\\/#website\",\"url\":\"https:\\\/\\\/www.rassegnastampa-totustuus.it\\\/cattolica\\\/\",\"name\":\"Rassegna Stampa Cattolica\",\"description\":\"Per una cultura che nasce dalla Rivelazione cristiana in conformit\u00e0 alla tradizione e al Magistero della Chiesa in opposizione ad ogni relativismo e totalitarismo\",\"publisher\":{\"@id\":\"https:\\\/\\\/www.rassegnastampa-totustuus.it\\\/cattolica\\\/#organization\"},\"alternateName\":\"Rass. Cattolica\",\"potentialAction\":[{\"@type\":\"SearchAction\",\"target\":{\"@type\":\"EntryPoint\",\"urlTemplate\":\"https:\\\/\\\/www.rassegnastampa-totustuus.it\\\/cattolica\\\/?s={search_term_string}\"},\"query-input\":{\"@type\":\"PropertyValueSpecification\",\"valueRequired\":true,\"valueName\":\"search_term_string\"}}],\"inLanguage\":\"it-IT\"},{\"@type\":\"Organization\",\"@id\":\"https:\\\/\\\/www.rassegnastampa-totustuus.it\\\/cattolica\\\/#organization\",\"name\":\"Rassegna Stampa Cattolica\",\"url\":\"https:\\\/\\\/www.rassegnastampa-totustuus.it\\\/cattolica\\\/\",\"logo\":{\"@type\":\"ImageObject\",\"inLanguage\":\"it-IT\",\"@id\":\"https:\\\/\\\/www.rassegnastampa-totustuus.it\\\/cattolica\\\/#\\\/schema\\\/logo\\\/image\\\/\",\"url\":\"https:\\\/\\\/www.rassegnastampa-totustuus.it\\\/cattolica\\\/wp-content\\\/uploads\\\/2014\\\/04\\\/logo-rassegna1.gif\",\"contentUrl\":\"https:\\\/\\\/www.rassegnastampa-totustuus.it\\\/cattolica\\\/wp-content\\\/uploads\\\/2014\\\/04\\\/logo-rassegna1.gif\",\"width\":600,\"height\":163,\"caption\":\"Rassegna Stampa Cattolica\"},\"image\":{\"@id\":\"https:\\\/\\\/www.rassegnastampa-totustuus.it\\\/cattolica\\\/#\\\/schema\\\/logo\\\/image\\\/\"},\"sameAs\":[\"https:\\\/\\\/www.facebook.com\\\/rassegnastampacattolica\",\"https:\\\/\\\/x.com\\\/rassegnastampa9\"]},{\"@type\":\"Person\",\"@id\":\"https:\\\/\\\/www.rassegnastampa-totustuus.it\\\/cattolica\\\/#\\\/schema\\\/person\\\/08f319d2bd1a0904ad9e2bfb7b15e5c3\",\"name\":\"Redazione\",\"image\":{\"@type\":\"ImageObject\",\"inLanguage\":\"it-IT\",\"@id\":\"https:\\\/\\\/secure.gravatar.com\\\/avatar\\\/2fcdf27c78ea025fbdb44e914cc63c72249ffec9dc8aafd5c82b26240ef3f346?s=96&d=mm&r=g\",\"url\":\"https:\\\/\\\/secure.gravatar.com\\\/avatar\\\/2fcdf27c78ea025fbdb44e914cc63c72249ffec9dc8aafd5c82b26240ef3f346?s=96&d=mm&r=g\",\"contentUrl\":\"https:\\\/\\\/secure.gravatar.com\\\/avatar\\\/2fcdf27c78ea025fbdb44e914cc63c72249ffec9dc8aafd5c82b26240ef3f346?s=96&d=mm&r=g\",\"caption\":\"Redazione\"},\"url\":\"https:\\\/\\\/www.rassegnastampa-totustuus.it\\\/cattolica\\\/author\\\/pietroelle\\\/\"}]}<\/script>\n<!-- \/ Yoast SEO plugin. -->","yoast_head_json":{"title":"Ideologia omosessuale e orgoglio satanico - Rassegna Stampa Cattolica","description":"Ideologia omosessuale e orgoglio satanico. Cosa c'\u00e8 veramente dietro l'ostentazione della devianza sessuale","robots":{"index":"index","follow":"follow","max-snippet":"max-snippet:-1","max-image-preview":"max-image-preview:large","max-video-preview":"max-video-preview:-1"},"canonical":"https:\/\/www.rassegnastampa-totustuus.it\/cattolica\/ideologia-omosessuale-e-orgoglio-satanico\/","og_locale":"it_IT","og_type":"article","og_title":"Ideologia omosessuale e orgoglio satanico - Rassegna Stampa Cattolica","og_description":"Ideologia omosessuale e orgoglio satanico. Cosa c'\u00e8 veramente dietro l'ostentazione della devianza sessuale","og_url":"https:\/\/www.rassegnastampa-totustuus.it\/cattolica\/ideologia-omosessuale-e-orgoglio-satanico\/","og_site_name":"Rassegna Stampa Cattolica","article_publisher":"https:\/\/www.facebook.com\/rassegnastampacattolica","article_published_time":"2021-07-14T22:00:18+00:00","article_modified_time":"2025-07-23T08:30:11+00:00","og_image":[{"width":1280,"height":960,"url":"https:\/\/www.rassegnastampa-totustuus.it\/cattolica\/wp-content\/uploads\/2020\/11\/gay_bandiera_gender.jpg","type":"image\/jpeg"}],"author":"Redazione","twitter_card":"summary_large_image","twitter_creator":"@rassegnastampa9","twitter_site":"@rassegnastampa9","twitter_misc":{"Scritto da":"Redazione","Tempo di lettura stimato":"7 minuti"},"schema":{"@context":"https:\/\/schema.org","@graph":[{"@type":"Article","@id":"https:\/\/www.rassegnastampa-totustuus.it\/cattolica\/ideologia-omosessuale-e-orgoglio-satanico\/#article","isPartOf":{"@id":"https:\/\/www.rassegnastampa-totustuus.it\/cattolica\/ideologia-omosessuale-e-orgoglio-satanico\/"},"author":{"name":"Redazione","@id":"https:\/\/www.rassegnastampa-totustuus.it\/cattolica\/#\/schema\/person\/08f319d2bd1a0904ad9e2bfb7b15e5c3"},"headline":"Ideologia omosessuale e orgoglio satanico","datePublished":"2021-07-14T22:00:18+00:00","dateModified":"2025-07-23T08:30:11+00:00","mainEntityOfPage":{"@id":"https:\/\/www.rassegnastampa-totustuus.it\/cattolica\/ideologia-omosessuale-e-orgoglio-satanico\/"},"wordCount":975,"publisher":{"@id":"https:\/\/www.rassegnastampa-totustuus.it\/cattolica\/#organization"},"image":{"@id":"https:\/\/www.rassegnastampa-totustuus.it\/cattolica\/ideologia-omosessuale-e-orgoglio-satanico\/#primaryimage"},"thumbnailUrl":"https:\/\/www.rassegnastampa-totustuus.it\/cattolica\/wp-content\/uploads\/2020\/11\/gay_bandiera_gender.jpg","keywords":["gay","ideologia gay","omosessualit\u00e0"],"articleSection":["Ideologia del gender","Omosessualit&agrave;"],"inLanguage":"it-IT"},{"@type":"WebPage","@id":"https:\/\/www.rassegnastampa-totustuus.it\/cattolica\/ideologia-omosessuale-e-orgoglio-satanico\/","url":"https:\/\/www.rassegnastampa-totustuus.it\/cattolica\/ideologia-omosessuale-e-orgoglio-satanico\/","name":"Ideologia omosessuale e orgoglio satanico - Rassegna Stampa Cattolica","isPartOf":{"@id":"https:\/\/www.rassegnastampa-totustuus.it\/cattolica\/#website"},"primaryImageOfPage":{"@id":"https:\/\/www.rassegnastampa-totustuus.it\/cattolica\/ideologia-omosessuale-e-orgoglio-satanico\/#primaryimage"},"image":{"@id":"https:\/\/www.rassegnastampa-totustuus.it\/cattolica\/ideologia-omosessuale-e-orgoglio-satanico\/#primaryimage"},"thumbnailUrl":"https:\/\/www.rassegnastampa-totustuus.it\/cattolica\/wp-content\/uploads\/2020\/11\/gay_bandiera_gender.jpg","datePublished":"2021-07-14T22:00:18+00:00","dateModified":"2025-07-23T08:30:11+00:00","description":"Ideologia omosessuale e orgoglio satanico. Cosa c'\u00e8 veramente dietro l'ostentazione della devianza sessuale","breadcrumb":{"@id":"https:\/\/www.rassegnastampa-totustuus.it\/cattolica\/ideologia-omosessuale-e-orgoglio-satanico\/#breadcrumb"},"inLanguage":"it-IT","potentialAction":[{"@type":"ReadAction","target":["https:\/\/www.rassegnastampa-totustuus.it\/cattolica\/ideologia-omosessuale-e-orgoglio-satanico\/"]}]},{"@type":"ImageObject","inLanguage":"it-IT","@id":"https:\/\/www.rassegnastampa-totustuus.it\/cattolica\/ideologia-omosessuale-e-orgoglio-satanico\/#primaryimage","url":"https:\/\/www.rassegnastampa-totustuus.it\/cattolica\/wp-content\/uploads\/2020\/11\/gay_bandiera_gender.jpg","contentUrl":"https:\/\/www.rassegnastampa-totustuus.it\/cattolica\/wp-content\/uploads\/2020\/11\/gay_bandiera_gender.jpg","width":1280,"height":960},{"@type":"BreadcrumbList","@id":"https:\/\/www.rassegnastampa-totustuus.it\/cattolica\/ideologia-omosessuale-e-orgoglio-satanico\/#breadcrumb","itemListElement":[{"@type":"ListItem","position":1,"name":"Home","item":"https:\/\/www.rassegnastampa-totustuus.it\/cattolica\/"},{"@type":"ListItem","position":2,"name":"Ideologia omosessuale e orgoglio satanico"}]},{"@type":"WebSite","@id":"https:\/\/www.rassegnastampa-totustuus.it\/cattolica\/#website","url":"https:\/\/www.rassegnastampa-totustuus.it\/cattolica\/","name":"Rassegna Stampa Cattolica","description":"Per una cultura che nasce dalla Rivelazione cristiana in conformit\u00e0 alla tradizione e al Magistero della Chiesa in opposizione ad ogni relativismo e totalitarismo","publisher":{"@id":"https:\/\/www.rassegnastampa-totustuus.it\/cattolica\/#organization"},"alternateName":"Rass. Cattolica","potentialAction":[{"@type":"SearchAction","target":{"@type":"EntryPoint","urlTemplate":"https:\/\/www.rassegnastampa-totustuus.it\/cattolica\/?s={search_term_string}"},"query-input":{"@type":"PropertyValueSpecification","valueRequired":true,"valueName":"search_term_string"}}],"inLanguage":"it-IT"},{"@type":"Organization","@id":"https:\/\/www.rassegnastampa-totustuus.it\/cattolica\/#organization","name":"Rassegna Stampa Cattolica","url":"https:\/\/www.rassegnastampa-totustuus.it\/cattolica\/","logo":{"@type":"ImageObject","inLanguage":"it-IT","@id":"https:\/\/www.rassegnastampa-totustuus.it\/cattolica\/#\/schema\/logo\/image\/","url":"https:\/\/www.rassegnastampa-totustuus.it\/cattolica\/wp-content\/uploads\/2014\/04\/logo-rassegna1.gif","contentUrl":"https:\/\/www.rassegnastampa-totustuus.it\/cattolica\/wp-content\/uploads\/2014\/04\/logo-rassegna1.gif","width":600,"height":163,"caption":"Rassegna Stampa Cattolica"},"image":{"@id":"https:\/\/www.rassegnastampa-totustuus.it\/cattolica\/#\/schema\/logo\/image\/"},"sameAs":["https:\/\/www.facebook.com\/rassegnastampacattolica","https:\/\/x.com\/rassegnastampa9"]},{"@type":"Person","@id":"https:\/\/www.rassegnastampa-totustuus.it\/cattolica\/#\/schema\/person\/08f319d2bd1a0904ad9e2bfb7b15e5c3","name":"Redazione","image":{"@type":"ImageObject","inLanguage":"it-IT","@id":"https:\/\/secure.gravatar.com\/avatar\/2fcdf27c78ea025fbdb44e914cc63c72249ffec9dc8aafd5c82b26240ef3f346?s=96&d=mm&r=g","url":"https:\/\/secure.gravatar.com\/avatar\/2fcdf27c78ea025fbdb44e914cc63c72249ffec9dc8aafd5c82b26240ef3f346?s=96&d=mm&r=g","contentUrl":"https:\/\/secure.gravatar.com\/avatar\/2fcdf27c78ea025fbdb44e914cc63c72249ffec9dc8aafd5c82b26240ef3f346?s=96&d=mm&r=g","caption":"Redazione"},"url":"https:\/\/www.rassegnastampa-totustuus.it\/cattolica\/author\/pietroelle\/"}]}},"_links":{"self":[{"href":"https:\/\/www.rassegnastampa-totustuus.it\/cattolica\/wp-json\/wp\/v2\/posts\/51954","targetHints":{"allow":["GET"]}}],"collection":[{"href":"https:\/\/www.rassegnastampa-totustuus.it\/cattolica\/wp-json\/wp\/v2\/posts"}],"about":[{"href":"https:\/\/www.rassegnastampa-totustuus.it\/cattolica\/wp-json\/wp\/v2\/types\/post"}],"author":[{"embeddable":true,"href":"https:\/\/www.rassegnastampa-totustuus.it\/cattolica\/wp-json\/wp\/v2\/users\/6"}],"replies":[{"embeddable":true,"href":"https:\/\/www.rassegnastampa-totustuus.it\/cattolica\/wp-json\/wp\/v2\/comments?post=51954"}],"version-history":[{"count":3,"href":"https:\/\/www.rassegnastampa-totustuus.it\/cattolica\/wp-json\/wp\/v2\/posts\/51954\/revisions"}],"predecessor-version":[{"id":63506,"href":"https:\/\/www.rassegnastampa-totustuus.it\/cattolica\/wp-json\/wp\/v2\/posts\/51954\/revisions\/63506"}],"wp:featuredmedia":[{"embeddable":true,"href":"https:\/\/www.rassegnastampa-totustuus.it\/cattolica\/wp-json\/wp\/v2\/media\/49312"}],"wp:attachment":[{"href":"https:\/\/www.rassegnastampa-totustuus.it\/cattolica\/wp-json\/wp\/v2\/media?parent=51954"}],"wp:term":[{"taxonomy":"category","embeddable":true,"href":"https:\/\/www.rassegnastampa-totustuus.it\/cattolica\/wp-json\/wp\/v2\/categories?post=51954"},{"taxonomy":"post_tag","embeddable":true,"href":"https:\/\/www.rassegnastampa-totustuus.it\/cattolica\/wp-json\/wp\/v2\/tags?post=51954"}],"curies":[{"name":"wp","href":"https:\/\/api.w.org\/{rel}","templated":true}]}}