{"id":5192,"date":"2012-09-13T00:00:00","date_gmt":"2012-09-12T22:00:00","guid":{"rendered":""},"modified":"2015-12-22T09:34:42","modified_gmt":"2015-12-22T08:34:42","slug":"il-sangue-dei-martiri-salva-il-mondo","status":"publish","type":"post","link":"https:\/\/www.rassegnastampa-totustuus.it\/cattolica\/il-sangue-dei-martiri-salva-il-mondo\/","title":{"rendered":"Il sangue dei martiri salva il mondo"},"content":{"rendered":"<div style=\"text-align: center;\"><strong><a href=\"https:\/\/www.rassegnastampa-totustuus.it\/cattolica\/wp-content\/uploads\/2012\/09\/Casadei_cover.jpg\"><img loading=\"lazy\" decoding=\"async\" class=\"alignright wp-image-29056\" src=\"https:\/\/www.rassegnastampa-totustuus.it\/cattolica\/wp-content\/uploads\/2012\/09\/Casadei_cover.jpg\" alt=\"Casadei_cover\" width=\"133\" height=\"200\" \/><\/a>Ag Zenit<\/strong> (ZENIT.org), gioved\u00ec, 23 agosto 2012<\/div>\n<p style=\"text-align: justify;\"><em>Nel suo ultimo libro Rodolfo Casadei racconta il sacrificio di Cristo che si rinnova ogni giorno nei martiri di Iraq, Iran, Libano, sud Sudan e Uganda<\/em><\/p>\n<p style=\"text-align: center;\">di <strong>Antonio Gaspari<\/strong><\/p>\n<p><!--more--><\/p>\n<div style=\"text-align: justify;\">RIMINI. Il sacrificio di Cristo si rinnova ogni giorno nell\u2019Eucaristia ma anche nel sangue versato ogni giorno dai martiri cristiani che continuano a essere massacrati in pi\u00f9 parti del mondo.<\/div>\n<p style=\"text-align: justify;\">Con il libro <em>Tribolati ma non schiacciati \u2013 storie di persecuzione, fede e speranza<\/em> edito da Lindau, Rodolfo Casadei spiega che \u201cdei cristiani perseguitati si parla sempre come di vittime, e raramente come di testimoni: si sottolinea la violenza e l&#8217;ingiustizia di cui sono oggetto pi\u00f9 della fede con cui affrontano la prova e della carit\u00e0 che hanno verso i loro persecutori\u201d.<\/p>\n<p style=\"text-align: justify;\">Il titolo del libro \u00e8 ripreso dalla Lettera ai Corinzi (4,8-10) in cui San Paolo scrive \u201cSiamo infatti tribolati da ogni parte, ma non schiacciati, siamo sconvolti, ma non disperati; perseguitati ma non abbandonati; colpiti, ma non uccisi, portando sempre e dovunque nel nostro corpo la morte di Ges\u00f9, perch\u00e9 anche la vita di Ges\u00f9 si manifesti nel nostro corpo\u201d.<\/p>\n<p style=\"text-align: justify;\">Intervistato da ZENIT, Casadei, che da oltre venticinque anni raggiunge i testimoni della fede nei posti pi\u00f9 pericolosi del pianeta, ha sostenuto che \u201cla persecuzione \u00e8 un mistero della fede che si rinnova, perch\u00e9 \u00e8 la continuazione della Redenzione del mondo attraverso il sacrificio di Cristo che passa traverso il sangue dei martiri. Possiamo dire che i martiri sono Cristo oggi!\u201d<\/p>\n<p style=\"text-align: justify;\">Inviato speciale del settimanale Tempi, autore di numerosi libri di testimonianza, Premio Borsa di studio Oriana Fallaci nel 2008, premiato dall\u2019Ucsi nel 2005, in questo suo ultimo libro Casadei ha riportato le storie e le interviste che ha fatto a persone che hanno saputo trarre il massimo bene dal male pi\u00f9 cruento. Sette capitoli per raccontare degli iracheni che hanno testimoniato Cristo durante l&#8217;eccidio nella chiesa siro-cattolica di Baghdad e hanno cercato di convertire i terroristi che li tenevano in ostaggio.<\/p>\n<p style=\"text-align: justify;\">Della vedova del Presidente della Commissione Giustizia e Pace di Juba che promuove i diritti delle donne sud-sudanesi che si trovano nelle sue stesse condizioni. Della giornalista cristiana libanese May Chidiac sopravvissuta alla bomba che l&#8217;ha mutilata, divenuta una \u201cmartire vivente\u201d. Dei mujaheddin iraniani che hanno conosciuto il cristianesimo e si sono convertiti mentre erano prigionieri degli americani e del nuovo governo iracheno. Dei cristiani iracheni che tornano nel loro paese mentre tanti continuano a fuggire e quelli rapiti che hanno rifiutato di cambiare religione.<\/p>\n<p style=\"text-align: justify;\">Dell&#8217;arcivescovo di Mosul monsignor Paulos Faraj Rahho, rimasto al suo posto nonostante ripetute minacce e morto durante il sequestro. Di Margareth Arach Orech che \u00e8 sopravvissuta miracolosamente all\u2019esplosione di un razzo che le ha tranciato di netto una gamba e che ora dirige programmi per eliminare tutte le mine e di suor Rachele Fossera che ha inseguito il crudele e violento comandante Laghira che gli aveva rapito 139 studentesse tra i tredici ed i sedici anni di et\u00e0, riuscendone a liberarne 109.<\/p>\n<p style=\"text-align: justify;\">La descrizione della persecuzione \u00e8 cos\u00ec forte che in molte parti del libro ti si gela il sangue e ti si blocca lo stomaco. Nella mente e nelle azioni dei persecutori sembra non esserci nessun limite all\u2019orrore. Molti dei personaggi che Casadei ha incontrato, sono sopravvissuti miracolosamente ad attentati, torture, esplosioni di razzi e autobombe.<\/p>\n<p style=\"text-align: justify;\">Impressionante la testimonianza di May Chidiac, giornalista, conduttrice del principale network libanese la Libanese Broadcasting Corporation (LBC). Una donna bella, coraggiosa, elegante, eroica. Per anni ha diretto il telegiornale e animato il pi\u00f9 importante talk show politico. Senza peli sulla lingua ha denunciato l\u2019occupazione siriana del Libano e le responsabilit\u00e0 siriane nell\u2019omicidio di Rafic Hariri.<\/p>\n<p style=\"text-align: justify;\">Poi un giorno, dopo essere stata in Chiesa a pregare, \u00e8 salita in auto ha acceso il motore e tutto \u00e8 esploso. Ha raccontato lei stessa che sarebbe morta se non si fosse girata per deporre sul sedile posteriore l\u2019acqua benedetta, le icone e l\u2019olio santo che gli avevano dato al santuario di san Charbel dove era andata a pregare.<\/p>\n<p style=\"text-align: justify;\">Ha perso un braccio ed una gamba, gli si sono incendiati i vestiti ed i capelli, ha subito fratture in tutto il corpo. E\u2019 stata per tre giorni tra la vita e la morte. Ha subito trentatr\u00e9 operazioni, di cui ventinove in anestesia totale, migliaia di pastiglie inghiottite, chiodi chirurgici e placche metalliche infisse dappertutto. E\u2019 sopravvissuta ed \u00e8 tornata in Tv con un programma che si chiama \u201cCon audacia\u201d.<\/p>\n<p style=\"text-align: justify;\">Circa il suo rapporto con Dio ha confessato nel corso di una conferenza stampa a Roma. \u201cRingrazio Dio sempre perch\u00e9 il mio volto \u00e8 rimasto intatto, ma a volte mi arrabbio con Lui e gli dico &#8216;Avresti potuto impedire all\u2019assassino di premere il bottone, avresti potuto provocare un intralcio, se davvero volevi salvarmi. perch\u00e9 mi hai lasciato viva per portare questa croce? E\u2019 troppo pesante per me\u2026&#8217;\u201d<\/p>\n<p style=\"text-align: justify;\">\u201cMa poi \u2013 ha aggiunto con voce incrinata dalla commozione &#8211; hai salvato il mio viso, mi hai dato la forza per continuare la lotta, riprendere il mio lavoro in tv, provare al mondo intero che gli assassini non possono vincere\u201d.<\/p>\n<p style=\"text-align: justify;\">Stupisce e commuove il modo in cui i martiri cristiani sopportano la violenza inaudita, confidando in Cristo e offrendo il loro sacrificio per la salvezza degli altri, anche dei persecutori. Ha scritto Casadei nell\u2019introduzione al libro: \u201cnei martiri \u00e8 Dio che opera attraverso la Sua Grazia, accolta dalla libert\u00e0 di quei suoi figli. I martiri cristiani sono Cristo che si sacrifica oggi per noi, e che ci redime. Sono i corredentori del mondo contemporaneo!\u201d<\/p>\n","protected":false},"excerpt":{"rendered":"<p>Ag Zenit (ZENIT.org), gioved\u00ec, 23 agosto 2012 Nel suo ultimo libro Rodolfo Casadei racconta il sacrificio di Cristo che si rinnova ogni giorno nei martiri di Iraq, Iran, Libano, sud Sudan e Uganda di Antonio Gaspari<\/p><p><a class=\"more-link btn\" href=\"https:\/\/www.rassegnastampa-totustuus.it\/cattolica\/il-sangue-dei-martiri-salva-il-mondo\/\">Continua a leggere<\/a><\/p>\n","protected":false},"author":6,"featured_media":29056,"comment_status":"closed","ping_status":"open","sticky":false,"template":"","format":"standard","meta":{"footnotes":""},"categories":[5,44],"tags":[470,2090],"class_list":["post-5192","post","type-post","status-publish","format-standard","has-post-thumbnail","hentry","category-chiesa","category-cristiani-perseguitati","tag-cristiani-perseguitati-2","tag-martiri","item-wrap"],"yoast_head":"<!-- This site is optimized with the Yoast SEO plugin v27.5 - https:\/\/yoast.com\/product\/yoast-seo-wordpress\/ -->\n<title>Il sangue dei martiri salva il mondo - Rassegna Stampa Cattolica<\/title>\n<meta name=\"description\" content=\"Rassegna Stampa Cattolica - Per una cultura che nasce dalla Rivelazione cristiana in conformit\u00e0 alla tradizione e al Magistero della Chiesa in opposizione ad ogni relativismo e totalitarismo\" \/>\n<meta name=\"robots\" content=\"index, follow, max-snippet:-1, max-image-preview:large, max-video-preview:-1\" \/>\n<link rel=\"canonical\" href=\"https:\/\/www.rassegnastampa-totustuus.it\/cattolica\/il-sangue-dei-martiri-salva-il-mondo\/\" \/>\n<meta property=\"og:locale\" content=\"it_IT\" \/>\n<meta property=\"og:type\" content=\"article\" \/>\n<meta property=\"og:title\" content=\"Il sangue dei martiri salva il mondo - Rassegna Stampa Cattolica\" \/>\n<meta property=\"og:description\" content=\"Rassegna Stampa Cattolica - Per una cultura che nasce dalla Rivelazione cristiana in conformit\u00e0 alla tradizione e al Magistero della Chiesa in opposizione ad ogni relativismo e totalitarismo\" \/>\n<meta property=\"og:url\" content=\"https:\/\/www.rassegnastampa-totustuus.it\/cattolica\/il-sangue-dei-martiri-salva-il-mondo\/\" \/>\n<meta property=\"og:site_name\" content=\"Rassegna Stampa Cattolica\" \/>\n<meta property=\"article:publisher\" content=\"https:\/\/www.facebook.com\/rassegnastampacattolica\" \/>\n<meta property=\"article:published_time\" content=\"2012-09-12T22:00:00+00:00\" \/>\n<meta property=\"article:modified_time\" content=\"2015-12-22T08:34:42+00:00\" \/>\n<meta property=\"og:image\" content=\"https:\/\/www.rassegnastampa-totustuus.it\/cattolica\/wp-content\/uploads\/2012\/09\/Casadei_cover.jpg\" \/>\n\t<meta property=\"og:image:width\" content=\"136\" \/>\n\t<meta property=\"og:image:height\" content=\"204\" \/>\n\t<meta property=\"og:image:type\" content=\"image\/jpeg\" \/>\n<meta name=\"author\" content=\"Redazione\" \/>\n<meta name=\"twitter:card\" content=\"summary_large_image\" \/>\n<meta name=\"twitter:creator\" content=\"@rassegnastampa9\" \/>\n<meta name=\"twitter:site\" content=\"@rassegnastampa9\" \/>\n<meta name=\"twitter:label1\" content=\"Scritto da\" \/>\n\t<meta name=\"twitter:data1\" content=\"Redazione\" \/>\n\t<meta name=\"twitter:label2\" content=\"Tempo di lettura stimato\" \/>\n\t<meta name=\"twitter:data2\" content=\"5 minuti\" \/>\n<script type=\"application\/ld+json\" class=\"yoast-schema-graph\">{\"@context\":\"https:\\\/\\\/schema.org\",\"@graph\":[{\"@type\":\"Article\",\"@id\":\"https:\\\/\\\/www.rassegnastampa-totustuus.it\\\/cattolica\\\/il-sangue-dei-martiri-salva-il-mondo\\\/#article\",\"isPartOf\":{\"@id\":\"https:\\\/\\\/www.rassegnastampa-totustuus.it\\\/cattolica\\\/il-sangue-dei-martiri-salva-il-mondo\\\/\"},\"author\":{\"name\":\"Redazione\",\"@id\":\"https:\\\/\\\/www.rassegnastampa-totustuus.it\\\/cattolica\\\/#\\\/schema\\\/person\\\/08f319d2bd1a0904ad9e2bfb7b15e5c3\"},\"headline\":\"Il sangue dei martiri salva il mondo\",\"datePublished\":\"2012-09-12T22:00:00+00:00\",\"dateModified\":\"2015-12-22T08:34:42+00:00\",\"mainEntityOfPage\":{\"@id\":\"https:\\\/\\\/www.rassegnastampa-totustuus.it\\\/cattolica\\\/il-sangue-dei-martiri-salva-il-mondo\\\/\"},\"wordCount\":923,\"publisher\":{\"@id\":\"https:\\\/\\\/www.rassegnastampa-totustuus.it\\\/cattolica\\\/#organization\"},\"image\":{\"@id\":\"https:\\\/\\\/www.rassegnastampa-totustuus.it\\\/cattolica\\\/il-sangue-dei-martiri-salva-il-mondo\\\/#primaryimage\"},\"thumbnailUrl\":\"https:\\\/\\\/www.rassegnastampa-totustuus.it\\\/cattolica\\\/wp-content\\\/uploads\\\/2012\\\/09\\\/Casadei_cover.jpg\",\"keywords\":[\"cristiani perseguitati\",\"martiri\"],\"articleSection\":[\"Chiesa\",\"Cristiani perseguitati\"],\"inLanguage\":\"it-IT\"},{\"@type\":\"WebPage\",\"@id\":\"https:\\\/\\\/www.rassegnastampa-totustuus.it\\\/cattolica\\\/il-sangue-dei-martiri-salva-il-mondo\\\/\",\"url\":\"https:\\\/\\\/www.rassegnastampa-totustuus.it\\\/cattolica\\\/il-sangue-dei-martiri-salva-il-mondo\\\/\",\"name\":\"Il sangue dei martiri salva il mondo - Rassegna Stampa Cattolica\",\"isPartOf\":{\"@id\":\"https:\\\/\\\/www.rassegnastampa-totustuus.it\\\/cattolica\\\/#website\"},\"primaryImageOfPage\":{\"@id\":\"https:\\\/\\\/www.rassegnastampa-totustuus.it\\\/cattolica\\\/il-sangue-dei-martiri-salva-il-mondo\\\/#primaryimage\"},\"image\":{\"@id\":\"https:\\\/\\\/www.rassegnastampa-totustuus.it\\\/cattolica\\\/il-sangue-dei-martiri-salva-il-mondo\\\/#primaryimage\"},\"thumbnailUrl\":\"https:\\\/\\\/www.rassegnastampa-totustuus.it\\\/cattolica\\\/wp-content\\\/uploads\\\/2012\\\/09\\\/Casadei_cover.jpg\",\"datePublished\":\"2012-09-12T22:00:00+00:00\",\"dateModified\":\"2015-12-22T08:34:42+00:00\",\"description\":\"Rassegna Stampa Cattolica - Per una cultura che nasce dalla Rivelazione cristiana in conformit\u00e0 alla tradizione e al Magistero della Chiesa in opposizione ad ogni relativismo e totalitarismo\",\"breadcrumb\":{\"@id\":\"https:\\\/\\\/www.rassegnastampa-totustuus.it\\\/cattolica\\\/il-sangue-dei-martiri-salva-il-mondo\\\/#breadcrumb\"},\"inLanguage\":\"it-IT\",\"potentialAction\":[{\"@type\":\"ReadAction\",\"target\":[\"https:\\\/\\\/www.rassegnastampa-totustuus.it\\\/cattolica\\\/il-sangue-dei-martiri-salva-il-mondo\\\/\"]}]},{\"@type\":\"ImageObject\",\"inLanguage\":\"it-IT\",\"@id\":\"https:\\\/\\\/www.rassegnastampa-totustuus.it\\\/cattolica\\\/il-sangue-dei-martiri-salva-il-mondo\\\/#primaryimage\",\"url\":\"https:\\\/\\\/www.rassegnastampa-totustuus.it\\\/cattolica\\\/wp-content\\\/uploads\\\/2012\\\/09\\\/Casadei_cover.jpg\",\"contentUrl\":\"https:\\\/\\\/www.rassegnastampa-totustuus.it\\\/cattolica\\\/wp-content\\\/uploads\\\/2012\\\/09\\\/Casadei_cover.jpg\",\"width\":136,\"height\":204},{\"@type\":\"BreadcrumbList\",\"@id\":\"https:\\\/\\\/www.rassegnastampa-totustuus.it\\\/cattolica\\\/il-sangue-dei-martiri-salva-il-mondo\\\/#breadcrumb\",\"itemListElement\":[{\"@type\":\"ListItem\",\"position\":1,\"name\":\"Home\",\"item\":\"https:\\\/\\\/www.rassegnastampa-totustuus.it\\\/cattolica\\\/\"},{\"@type\":\"ListItem\",\"position\":2,\"name\":\"Il sangue dei martiri salva il mondo\"}]},{\"@type\":\"WebSite\",\"@id\":\"https:\\\/\\\/www.rassegnastampa-totustuus.it\\\/cattolica\\\/#website\",\"url\":\"https:\\\/\\\/www.rassegnastampa-totustuus.it\\\/cattolica\\\/\",\"name\":\"Rassegna Stampa Cattolica\",\"description\":\"Per una cultura che nasce dalla Rivelazione cristiana in conformit\u00e0 alla tradizione e al Magistero della Chiesa in opposizione ad ogni relativismo e totalitarismo\",\"publisher\":{\"@id\":\"https:\\\/\\\/www.rassegnastampa-totustuus.it\\\/cattolica\\\/#organization\"},\"alternateName\":\"Rass. Cattolica\",\"potentialAction\":[{\"@type\":\"SearchAction\",\"target\":{\"@type\":\"EntryPoint\",\"urlTemplate\":\"https:\\\/\\\/www.rassegnastampa-totustuus.it\\\/cattolica\\\/?s={search_term_string}\"},\"query-input\":{\"@type\":\"PropertyValueSpecification\",\"valueRequired\":true,\"valueName\":\"search_term_string\"}}],\"inLanguage\":\"it-IT\"},{\"@type\":\"Organization\",\"@id\":\"https:\\\/\\\/www.rassegnastampa-totustuus.it\\\/cattolica\\\/#organization\",\"name\":\"Rassegna Stampa Cattolica\",\"url\":\"https:\\\/\\\/www.rassegnastampa-totustuus.it\\\/cattolica\\\/\",\"logo\":{\"@type\":\"ImageObject\",\"inLanguage\":\"it-IT\",\"@id\":\"https:\\\/\\\/www.rassegnastampa-totustuus.it\\\/cattolica\\\/#\\\/schema\\\/logo\\\/image\\\/\",\"url\":\"https:\\\/\\\/www.rassegnastampa-totustuus.it\\\/cattolica\\\/wp-content\\\/uploads\\\/2014\\\/04\\\/logo-rassegna1.gif\",\"contentUrl\":\"https:\\\/\\\/www.rassegnastampa-totustuus.it\\\/cattolica\\\/wp-content\\\/uploads\\\/2014\\\/04\\\/logo-rassegna1.gif\",\"width\":600,\"height\":163,\"caption\":\"Rassegna Stampa Cattolica\"},\"image\":{\"@id\":\"https:\\\/\\\/www.rassegnastampa-totustuus.it\\\/cattolica\\\/#\\\/schema\\\/logo\\\/image\\\/\"},\"sameAs\":[\"https:\\\/\\\/www.facebook.com\\\/rassegnastampacattolica\",\"https:\\\/\\\/x.com\\\/rassegnastampa9\"]},{\"@type\":\"Person\",\"@id\":\"https:\\\/\\\/www.rassegnastampa-totustuus.it\\\/cattolica\\\/#\\\/schema\\\/person\\\/08f319d2bd1a0904ad9e2bfb7b15e5c3\",\"name\":\"Redazione\",\"image\":{\"@type\":\"ImageObject\",\"inLanguage\":\"it-IT\",\"@id\":\"https:\\\/\\\/secure.gravatar.com\\\/avatar\\\/2fcdf27c78ea025fbdb44e914cc63c72249ffec9dc8aafd5c82b26240ef3f346?s=96&d=mm&r=g\",\"url\":\"https:\\\/\\\/secure.gravatar.com\\\/avatar\\\/2fcdf27c78ea025fbdb44e914cc63c72249ffec9dc8aafd5c82b26240ef3f346?s=96&d=mm&r=g\",\"contentUrl\":\"https:\\\/\\\/secure.gravatar.com\\\/avatar\\\/2fcdf27c78ea025fbdb44e914cc63c72249ffec9dc8aafd5c82b26240ef3f346?s=96&d=mm&r=g\",\"caption\":\"Redazione\"},\"url\":\"https:\\\/\\\/www.rassegnastampa-totustuus.it\\\/cattolica\\\/author\\\/pietroelle\\\/\"}]}<\/script>\n<!-- \/ Yoast SEO plugin. -->","yoast_head_json":{"title":"Il sangue dei martiri salva il mondo - Rassegna Stampa Cattolica","description":"Rassegna Stampa Cattolica - Per una cultura che nasce dalla Rivelazione cristiana in conformit\u00e0 alla tradizione e al Magistero della Chiesa in opposizione ad ogni relativismo e totalitarismo","robots":{"index":"index","follow":"follow","max-snippet":"max-snippet:-1","max-image-preview":"max-image-preview:large","max-video-preview":"max-video-preview:-1"},"canonical":"https:\/\/www.rassegnastampa-totustuus.it\/cattolica\/il-sangue-dei-martiri-salva-il-mondo\/","og_locale":"it_IT","og_type":"article","og_title":"Il sangue dei martiri salva il mondo - Rassegna Stampa Cattolica","og_description":"Rassegna Stampa Cattolica - Per una cultura che nasce dalla Rivelazione cristiana in conformit\u00e0 alla tradizione e al Magistero della Chiesa in opposizione ad ogni relativismo e totalitarismo","og_url":"https:\/\/www.rassegnastampa-totustuus.it\/cattolica\/il-sangue-dei-martiri-salva-il-mondo\/","og_site_name":"Rassegna Stampa Cattolica","article_publisher":"https:\/\/www.facebook.com\/rassegnastampacattolica","article_published_time":"2012-09-12T22:00:00+00:00","article_modified_time":"2015-12-22T08:34:42+00:00","og_image":[{"width":136,"height":204,"url":"https:\/\/www.rassegnastampa-totustuus.it\/cattolica\/wp-content\/uploads\/2012\/09\/Casadei_cover.jpg","type":"image\/jpeg"}],"author":"Redazione","twitter_card":"summary_large_image","twitter_creator":"@rassegnastampa9","twitter_site":"@rassegnastampa9","twitter_misc":{"Scritto da":"Redazione","Tempo di lettura stimato":"5 minuti"},"schema":{"@context":"https:\/\/schema.org","@graph":[{"@type":"Article","@id":"https:\/\/www.rassegnastampa-totustuus.it\/cattolica\/il-sangue-dei-martiri-salva-il-mondo\/#article","isPartOf":{"@id":"https:\/\/www.rassegnastampa-totustuus.it\/cattolica\/il-sangue-dei-martiri-salva-il-mondo\/"},"author":{"name":"Redazione","@id":"https:\/\/www.rassegnastampa-totustuus.it\/cattolica\/#\/schema\/person\/08f319d2bd1a0904ad9e2bfb7b15e5c3"},"headline":"Il sangue dei martiri salva il mondo","datePublished":"2012-09-12T22:00:00+00:00","dateModified":"2015-12-22T08:34:42+00:00","mainEntityOfPage":{"@id":"https:\/\/www.rassegnastampa-totustuus.it\/cattolica\/il-sangue-dei-martiri-salva-il-mondo\/"},"wordCount":923,"publisher":{"@id":"https:\/\/www.rassegnastampa-totustuus.it\/cattolica\/#organization"},"image":{"@id":"https:\/\/www.rassegnastampa-totustuus.it\/cattolica\/il-sangue-dei-martiri-salva-il-mondo\/#primaryimage"},"thumbnailUrl":"https:\/\/www.rassegnastampa-totustuus.it\/cattolica\/wp-content\/uploads\/2012\/09\/Casadei_cover.jpg","keywords":["cristiani perseguitati","martiri"],"articleSection":["Chiesa","Cristiani perseguitati"],"inLanguage":"it-IT"},{"@type":"WebPage","@id":"https:\/\/www.rassegnastampa-totustuus.it\/cattolica\/il-sangue-dei-martiri-salva-il-mondo\/","url":"https:\/\/www.rassegnastampa-totustuus.it\/cattolica\/il-sangue-dei-martiri-salva-il-mondo\/","name":"Il sangue dei martiri salva il mondo - Rassegna Stampa Cattolica","isPartOf":{"@id":"https:\/\/www.rassegnastampa-totustuus.it\/cattolica\/#website"},"primaryImageOfPage":{"@id":"https:\/\/www.rassegnastampa-totustuus.it\/cattolica\/il-sangue-dei-martiri-salva-il-mondo\/#primaryimage"},"image":{"@id":"https:\/\/www.rassegnastampa-totustuus.it\/cattolica\/il-sangue-dei-martiri-salva-il-mondo\/#primaryimage"},"thumbnailUrl":"https:\/\/www.rassegnastampa-totustuus.it\/cattolica\/wp-content\/uploads\/2012\/09\/Casadei_cover.jpg","datePublished":"2012-09-12T22:00:00+00:00","dateModified":"2015-12-22T08:34:42+00:00","description":"Rassegna Stampa Cattolica - Per una cultura che nasce dalla Rivelazione cristiana in conformit\u00e0 alla tradizione e al Magistero della Chiesa in opposizione ad ogni relativismo e totalitarismo","breadcrumb":{"@id":"https:\/\/www.rassegnastampa-totustuus.it\/cattolica\/il-sangue-dei-martiri-salva-il-mondo\/#breadcrumb"},"inLanguage":"it-IT","potentialAction":[{"@type":"ReadAction","target":["https:\/\/www.rassegnastampa-totustuus.it\/cattolica\/il-sangue-dei-martiri-salva-il-mondo\/"]}]},{"@type":"ImageObject","inLanguage":"it-IT","@id":"https:\/\/www.rassegnastampa-totustuus.it\/cattolica\/il-sangue-dei-martiri-salva-il-mondo\/#primaryimage","url":"https:\/\/www.rassegnastampa-totustuus.it\/cattolica\/wp-content\/uploads\/2012\/09\/Casadei_cover.jpg","contentUrl":"https:\/\/www.rassegnastampa-totustuus.it\/cattolica\/wp-content\/uploads\/2012\/09\/Casadei_cover.jpg","width":136,"height":204},{"@type":"BreadcrumbList","@id":"https:\/\/www.rassegnastampa-totustuus.it\/cattolica\/il-sangue-dei-martiri-salva-il-mondo\/#breadcrumb","itemListElement":[{"@type":"ListItem","position":1,"name":"Home","item":"https:\/\/www.rassegnastampa-totustuus.it\/cattolica\/"},{"@type":"ListItem","position":2,"name":"Il sangue dei martiri salva il mondo"}]},{"@type":"WebSite","@id":"https:\/\/www.rassegnastampa-totustuus.it\/cattolica\/#website","url":"https:\/\/www.rassegnastampa-totustuus.it\/cattolica\/","name":"Rassegna Stampa Cattolica","description":"Per una cultura che nasce dalla Rivelazione cristiana in conformit\u00e0 alla tradizione e al Magistero della Chiesa in opposizione ad ogni relativismo e totalitarismo","publisher":{"@id":"https:\/\/www.rassegnastampa-totustuus.it\/cattolica\/#organization"},"alternateName":"Rass. Cattolica","potentialAction":[{"@type":"SearchAction","target":{"@type":"EntryPoint","urlTemplate":"https:\/\/www.rassegnastampa-totustuus.it\/cattolica\/?s={search_term_string}"},"query-input":{"@type":"PropertyValueSpecification","valueRequired":true,"valueName":"search_term_string"}}],"inLanguage":"it-IT"},{"@type":"Organization","@id":"https:\/\/www.rassegnastampa-totustuus.it\/cattolica\/#organization","name":"Rassegna Stampa Cattolica","url":"https:\/\/www.rassegnastampa-totustuus.it\/cattolica\/","logo":{"@type":"ImageObject","inLanguage":"it-IT","@id":"https:\/\/www.rassegnastampa-totustuus.it\/cattolica\/#\/schema\/logo\/image\/","url":"https:\/\/www.rassegnastampa-totustuus.it\/cattolica\/wp-content\/uploads\/2014\/04\/logo-rassegna1.gif","contentUrl":"https:\/\/www.rassegnastampa-totustuus.it\/cattolica\/wp-content\/uploads\/2014\/04\/logo-rassegna1.gif","width":600,"height":163,"caption":"Rassegna Stampa Cattolica"},"image":{"@id":"https:\/\/www.rassegnastampa-totustuus.it\/cattolica\/#\/schema\/logo\/image\/"},"sameAs":["https:\/\/www.facebook.com\/rassegnastampacattolica","https:\/\/x.com\/rassegnastampa9"]},{"@type":"Person","@id":"https:\/\/www.rassegnastampa-totustuus.it\/cattolica\/#\/schema\/person\/08f319d2bd1a0904ad9e2bfb7b15e5c3","name":"Redazione","image":{"@type":"ImageObject","inLanguage":"it-IT","@id":"https:\/\/secure.gravatar.com\/avatar\/2fcdf27c78ea025fbdb44e914cc63c72249ffec9dc8aafd5c82b26240ef3f346?s=96&d=mm&r=g","url":"https:\/\/secure.gravatar.com\/avatar\/2fcdf27c78ea025fbdb44e914cc63c72249ffec9dc8aafd5c82b26240ef3f346?s=96&d=mm&r=g","contentUrl":"https:\/\/secure.gravatar.com\/avatar\/2fcdf27c78ea025fbdb44e914cc63c72249ffec9dc8aafd5c82b26240ef3f346?s=96&d=mm&r=g","caption":"Redazione"},"url":"https:\/\/www.rassegnastampa-totustuus.it\/cattolica\/author\/pietroelle\/"}]}},"_links":{"self":[{"href":"https:\/\/www.rassegnastampa-totustuus.it\/cattolica\/wp-json\/wp\/v2\/posts\/5192","targetHints":{"allow":["GET"]}}],"collection":[{"href":"https:\/\/www.rassegnastampa-totustuus.it\/cattolica\/wp-json\/wp\/v2\/posts"}],"about":[{"href":"https:\/\/www.rassegnastampa-totustuus.it\/cattolica\/wp-json\/wp\/v2\/types\/post"}],"author":[{"embeddable":true,"href":"https:\/\/www.rassegnastampa-totustuus.it\/cattolica\/wp-json\/wp\/v2\/users\/6"}],"replies":[{"embeddable":true,"href":"https:\/\/www.rassegnastampa-totustuus.it\/cattolica\/wp-json\/wp\/v2\/comments?post=5192"}],"version-history":[{"count":4,"href":"https:\/\/www.rassegnastampa-totustuus.it\/cattolica\/wp-json\/wp\/v2\/posts\/5192\/revisions"}],"predecessor-version":[{"id":29057,"href":"https:\/\/www.rassegnastampa-totustuus.it\/cattolica\/wp-json\/wp\/v2\/posts\/5192\/revisions\/29057"}],"wp:featuredmedia":[{"embeddable":true,"href":"https:\/\/www.rassegnastampa-totustuus.it\/cattolica\/wp-json\/wp\/v2\/media\/29056"}],"wp:attachment":[{"href":"https:\/\/www.rassegnastampa-totustuus.it\/cattolica\/wp-json\/wp\/v2\/media?parent=5192"}],"wp:term":[{"taxonomy":"category","embeddable":true,"href":"https:\/\/www.rassegnastampa-totustuus.it\/cattolica\/wp-json\/wp\/v2\/categories?post=5192"},{"taxonomy":"post_tag","embeddable":true,"href":"https:\/\/www.rassegnastampa-totustuus.it\/cattolica\/wp-json\/wp\/v2\/tags?post=5192"}],"curies":[{"name":"wp","href":"https:\/\/api.w.org\/{rel}","templated":true}]}}