{"id":5190,"date":"2012-09-10T08:15:38","date_gmt":"2012-09-10T06:15:38","guid":{"rendered":""},"modified":"2015-05-06T17:06:15","modified_gmt":"2015-05-06T15:06:15","slug":"martini-come-lho-conosciuto-io","status":"publish","type":"post","link":"https:\/\/www.rassegnastampa-totustuus.it\/cattolica\/martini-come-lho-conosciuto-io\/","title":{"rendered":"Martini come l\u2019ho conosciuto io"},"content":{"rendered":"<div style=\"text-align: center;\"><strong><a href=\"https:\/\/www.rassegnastampa-totustuus.it\/cattolica\/wp-content\/uploads\/2012\/09\/card_Martini.png\"><img loading=\"lazy\" decoding=\"async\" class=\"alignleft wp-image-24210\" src=\"https:\/\/www.rassegnastampa-totustuus.it\/cattolica\/wp-content\/uploads\/2012\/09\/card_Martini.png\" alt=\"card_Martini\" width=\"250\" height=\"140\" \/><\/a>Il quintuplo<\/strong> 2 settembre 2012<\/div>\n<p style=\"text-align: center;\"><strong>Massimo Introvigne<\/strong><\/p>\n<p style=\"text-align: justify;\">Non mi ritrovo n\u00e9 nelle celebrazioni n\u00e9 nelle accuse al cardinale Martini in occasione della sua morte. Non mi ci ritrovo perch\u00e9 il cardinale io l\u2019ho conosciuto bene, negli anni in cui le sue idee hanno preso la forma che hanno sempre mantenuto: nei primi anni 1970, quando veniva spesso all\u2019Istituto Sociale di Torino, dove io frequentavo il liceo dei Gesuiti. Per questa conoscenza, quando nel 1973 andai a studiare a Roma alla Pontificia Universit\u00e0 Gregoriana, presi l\u2019abitudine di attraversare la strada e andare a prendere spesso il caff\u00e8 da lui, al Pontificio Istituto Biblico.<\/p>\n<p><!--more--><\/p>\n<div style=\"text-align: justify;\">Negli anni successivi, quando era cardinale a Milano, l\u2019ho incontrato molto pi\u00f9 sporadicamente: a Torino, quando veniva a trovare la sorella, per coincidenza e per molti anni mia vicina di casa, e in qualche convegno. Non l\u2019ho mai trovato veramente cambiato.<\/div>\n<p style=\"text-align: justify;\">Martini non era un progressista nel senso in cui lo era, per esempio, il cardinale Michele Pellegrino (1903-1986) di Torino. Da Pellegrino, e da tanti come lui, Martini era diviso da un sentimento di fondo. Il cardinale gesuita non pensava affatto, come i veri progressisti, che la transizione dai valori della societ\u00e0 tradizionale a quelli della societ\u00e0 postmoderna, imperniata su un individualismo assoluto e sul rifiuto di ogni nozione di un\u2019etica naturale, particolarmente in tema di sessualit\u00e0, fosse uno sviluppo gioioso, trionfale e soltanto positivo.<\/p>\n<p style=\"text-align: justify;\">Mi sentirei di dire che aveva perfino una certa nostalgia della societ\u00e0 tradizionale e dei suoi valori. Pensava per\u00f2 che quella societ\u00e0 fosse morta per sempre, che quei valori se ne fossero andati senza nessuna possibilit\u00e0 di tornare, e che l\u2019unica possibilit\u00e0 di sopravvivenza per la Chiesa fosse prenderne atto. O la Chiesa incontra il postmoderno e si adatta, pensava, o il postmoderno distrugger\u00e0 la Chiesa, riducendola a un piccolo e irrilevante residuo.<\/p>\n<p style=\"text-align: justify;\">Qualcuno potrebbe dire che, con queste idee, Martini sbagliava teologia, dando troppo poco spazio alla speranza soprannaturale che anche corsi della storia che sembrano umanamente ineluttabili abbiano invece un esito diverso. Io penso piuttosto che sbagliasse sociologia. Interessato al mondo &#8211; minoritario, e che rimane tale negli anni &#8211; degli atei, e al protestantesimo storico del Nord Europa in via di sparizione &#8211; sono reduce da un seminario in Danimarca, dove i protestanti praticanti sono scesi sotto la soglia del due per cento -, il cardinale era singolarmente poco attento all\u2019universo delle comunit\u00e0 protestanti pentecostali e fondamentaliste e ai nuovi movimenti religiosi di origine cristiana come i Mormoni. Notare questa disattenzione non \u00e8 una mia deformazione professionale di studioso del pluralismo religioso, ma \u00e8 una chiave per capire certe conclusioni di Martini.<\/p>\n<p style=\"text-align: justify;\">Un dato che non gli era abitualmente presente era quello per cui, mentre le confessioni cristiane \u00abliberal\u00bb come appunto quelle protestanti del Nord Europa, che accettano la nuova etica dall\u2019aborto alle unioni omosessuali, perdono membri a un ritmo impressionante, le denominazioni conservatrici con un\u2019etica sessuale perfino pi\u00f9 rigida di quella cattolica, come quelle di orientamento fondamentalista o pentecostale &#8211; o anche, appunto, i Mormoni &#8211; crescono a un ritmo altrettanto spettacolare.<\/p>\n<p style=\"text-align: justify;\">\u00c8 vero che nella societ\u00e0 secolarizzata la nuova etica \u00e8 data per scontata. Ma non \u00e8 meno vero che le Chiese e confessioni che si adattano alla nuova etica, mentre sono applaudite dai media, sono abbandonate dai fedeli. Che invece si affollano nelle denominazioni che offrono un\u2019etica pi\u00f9 rigida.<\/p>\n<p style=\"text-align: justify;\">I \u00a0sociologi hanno spiegato da anni perch\u00e9 questo accade. Chi accetta la nuova etica la trova dovunque nella societ\u00e0, e non ha bisogno di cercarla nelle chiese. La minoranza che va in chiesa invece in larga parte non apprezza la nuova etica, e sceglie quindi in maggioranza quelle Chiese, confessioni, movimenti che non accettano il mondo postmoderno ma lo contestano.<\/p>\n<p style=\"text-align: justify;\">Detto in termini pi\u00f9 crudi, accettando le conseguenze che Martini &#8211; ancora nell\u2019intervista recente sulla \u00abChiesa indietro di duecento anni\u00bb &#8211; traeva con un procedimento impeccabile da premesse sociologiche che per\u00f2 erano sbagliate, la Chiesa Cattolica non risolverebbe i suoi problemi, ma si ridurrebbe come la Chiesa Luterana danese.<\/p>\n<p style=\"text-align: justify;\">Dunque, nel caso del cardinale Martini, non tanto progressismo ideologico o cattiva teologia, ma cattiva sociologia. Un difetto, forse, pi\u00f9 facile da perdonare a un uomo che aveva anche tante capacit\u00e0 e tanta cultura, oltre a quello che mi \u00e8 sempre sembrato un genuino amore per la Chiesa. A patto di non seguire le cure che proponeva per la Chiesa, perch\u00e9 erano basate su una diagnosi sbagliata.<\/p>\n","protected":false},"excerpt":{"rendered":"<p>Il quintuplo 2 settembre 2012 Massimo Introvigne Non mi ritrovo n\u00e9 nelle celebrazioni n\u00e9 nelle accuse al cardinale Martini in occasione della sua morte. Non mi ci ritrovo perch\u00e9 il cardinale io l\u2019ho conosciuto bene, negli anni in cui le sue idee hanno preso la forma che hanno sempre mantenuto: nei primi anni 1970, quando &hellip; <\/p>\n<p><a class=\"more-link btn\" href=\"https:\/\/www.rassegnastampa-totustuus.it\/cattolica\/martini-come-lho-conosciuto-io\/\">Continua a leggere<\/a><\/p>\n","protected":false},"author":6,"featured_media":24210,"comment_status":"closed","ping_status":"open","sticky":false,"template":"","format":"standard","meta":{"footnotes":""},"categories":[5,18],"tags":[1440],"class_list":["post-5190","post","type-post","status-publish","format-standard","has-post-thumbnail","hentry","category-chiesa","category-personaggi","tag-carlo-maria-martini","item-wrap"],"yoast_head":"<!-- This site is optimized with the Yoast SEO plugin v27.5 - https:\/\/yoast.com\/product\/yoast-seo-wordpress\/ -->\n<title>Martini come l\u2019ho conosciuto io - Rassegna Stampa Cattolica<\/title>\n<meta name=\"description\" content=\"Rassegna Stampa Cattolica - Per una cultura che nasce dalla Rivelazione cristiana in conformit\u00e0 alla tradizione e al Magistero della Chiesa in opposizione ad ogni relativismo e totalitarismo\" \/>\n<meta name=\"robots\" content=\"index, follow, max-snippet:-1, max-image-preview:large, max-video-preview:-1\" \/>\n<link rel=\"canonical\" href=\"https:\/\/www.rassegnastampa-totustuus.it\/cattolica\/martini-come-lho-conosciuto-io\/\" \/>\n<meta property=\"og:locale\" content=\"it_IT\" \/>\n<meta property=\"og:type\" content=\"article\" \/>\n<meta property=\"og:title\" content=\"Martini come l\u2019ho conosciuto io - Rassegna Stampa Cattolica\" \/>\n<meta property=\"og:description\" content=\"Rassegna Stampa Cattolica - Per una cultura che nasce dalla Rivelazione cristiana in conformit\u00e0 alla tradizione e al Magistero della Chiesa in opposizione ad ogni relativismo e totalitarismo\" \/>\n<meta property=\"og:url\" content=\"https:\/\/www.rassegnastampa-totustuus.it\/cattolica\/martini-come-lho-conosciuto-io\/\" \/>\n<meta property=\"og:site_name\" content=\"Rassegna Stampa Cattolica\" \/>\n<meta property=\"article:publisher\" content=\"https:\/\/www.facebook.com\/rassegnastampacattolica\" \/>\n<meta property=\"article:published_time\" content=\"2012-09-10T06:15:38+00:00\" \/>\n<meta property=\"article:modified_time\" content=\"2015-05-06T15:06:15+00:00\" \/>\n<meta property=\"og:image\" content=\"https:\/\/www.rassegnastampa-totustuus.it\/cattolica\/wp-content\/uploads\/2012\/09\/card_Martini.png\" \/>\n\t<meta property=\"og:image:width\" content=\"300\" \/>\n\t<meta property=\"og:image:height\" content=\"168\" \/>\n\t<meta property=\"og:image:type\" content=\"image\/png\" \/>\n<meta name=\"author\" content=\"Redazione\" \/>\n<meta name=\"twitter:card\" content=\"summary_large_image\" \/>\n<meta name=\"twitter:creator\" content=\"@rassegnastampa9\" \/>\n<meta name=\"twitter:site\" content=\"@rassegnastampa9\" \/>\n<meta name=\"twitter:label1\" content=\"Scritto da\" \/>\n\t<meta name=\"twitter:data1\" content=\"Redazione\" \/>\n\t<meta name=\"twitter:label2\" content=\"Tempo di lettura stimato\" \/>\n\t<meta name=\"twitter:data2\" content=\"4 minuti\" \/>\n<script type=\"application\/ld+json\" class=\"yoast-schema-graph\">{\"@context\":\"https:\\\/\\\/schema.org\",\"@graph\":[{\"@type\":\"Article\",\"@id\":\"https:\\\/\\\/www.rassegnastampa-totustuus.it\\\/cattolica\\\/martini-come-lho-conosciuto-io\\\/#article\",\"isPartOf\":{\"@id\":\"https:\\\/\\\/www.rassegnastampa-totustuus.it\\\/cattolica\\\/martini-come-lho-conosciuto-io\\\/\"},\"author\":{\"name\":\"Redazione\",\"@id\":\"https:\\\/\\\/www.rassegnastampa-totustuus.it\\\/cattolica\\\/#\\\/schema\\\/person\\\/08f319d2bd1a0904ad9e2bfb7b15e5c3\"},\"headline\":\"Martini come l\u2019ho conosciuto io\",\"datePublished\":\"2012-09-10T06:15:38+00:00\",\"dateModified\":\"2015-05-06T15:06:15+00:00\",\"mainEntityOfPage\":{\"@id\":\"https:\\\/\\\/www.rassegnastampa-totustuus.it\\\/cattolica\\\/martini-come-lho-conosciuto-io\\\/\"},\"wordCount\":737,\"publisher\":{\"@id\":\"https:\\\/\\\/www.rassegnastampa-totustuus.it\\\/cattolica\\\/#organization\"},\"image\":{\"@id\":\"https:\\\/\\\/www.rassegnastampa-totustuus.it\\\/cattolica\\\/martini-come-lho-conosciuto-io\\\/#primaryimage\"},\"thumbnailUrl\":\"https:\\\/\\\/www.rassegnastampa-totustuus.it\\\/cattolica\\\/wp-content\\\/uploads\\\/2012\\\/09\\\/card_Martini.png\",\"keywords\":[\"Carlo Maria Martini\"],\"articleSection\":[\"Chiesa\",\"Personaggi\"],\"inLanguage\":\"it-IT\"},{\"@type\":\"WebPage\",\"@id\":\"https:\\\/\\\/www.rassegnastampa-totustuus.it\\\/cattolica\\\/martini-come-lho-conosciuto-io\\\/\",\"url\":\"https:\\\/\\\/www.rassegnastampa-totustuus.it\\\/cattolica\\\/martini-come-lho-conosciuto-io\\\/\",\"name\":\"Martini come l\u2019ho conosciuto io - Rassegna Stampa Cattolica\",\"isPartOf\":{\"@id\":\"https:\\\/\\\/www.rassegnastampa-totustuus.it\\\/cattolica\\\/#website\"},\"primaryImageOfPage\":{\"@id\":\"https:\\\/\\\/www.rassegnastampa-totustuus.it\\\/cattolica\\\/martini-come-lho-conosciuto-io\\\/#primaryimage\"},\"image\":{\"@id\":\"https:\\\/\\\/www.rassegnastampa-totustuus.it\\\/cattolica\\\/martini-come-lho-conosciuto-io\\\/#primaryimage\"},\"thumbnailUrl\":\"https:\\\/\\\/www.rassegnastampa-totustuus.it\\\/cattolica\\\/wp-content\\\/uploads\\\/2012\\\/09\\\/card_Martini.png\",\"datePublished\":\"2012-09-10T06:15:38+00:00\",\"dateModified\":\"2015-05-06T15:06:15+00:00\",\"description\":\"Rassegna Stampa Cattolica - Per una cultura che nasce dalla Rivelazione cristiana in conformit\u00e0 alla tradizione e al Magistero della Chiesa in opposizione ad ogni relativismo e totalitarismo\",\"breadcrumb\":{\"@id\":\"https:\\\/\\\/www.rassegnastampa-totustuus.it\\\/cattolica\\\/martini-come-lho-conosciuto-io\\\/#breadcrumb\"},\"inLanguage\":\"it-IT\",\"potentialAction\":[{\"@type\":\"ReadAction\",\"target\":[\"https:\\\/\\\/www.rassegnastampa-totustuus.it\\\/cattolica\\\/martini-come-lho-conosciuto-io\\\/\"]}]},{\"@type\":\"ImageObject\",\"inLanguage\":\"it-IT\",\"@id\":\"https:\\\/\\\/www.rassegnastampa-totustuus.it\\\/cattolica\\\/martini-come-lho-conosciuto-io\\\/#primaryimage\",\"url\":\"https:\\\/\\\/www.rassegnastampa-totustuus.it\\\/cattolica\\\/wp-content\\\/uploads\\\/2012\\\/09\\\/card_Martini.png\",\"contentUrl\":\"https:\\\/\\\/www.rassegnastampa-totustuus.it\\\/cattolica\\\/wp-content\\\/uploads\\\/2012\\\/09\\\/card_Martini.png\",\"width\":300,\"height\":168},{\"@type\":\"BreadcrumbList\",\"@id\":\"https:\\\/\\\/www.rassegnastampa-totustuus.it\\\/cattolica\\\/martini-come-lho-conosciuto-io\\\/#breadcrumb\",\"itemListElement\":[{\"@type\":\"ListItem\",\"position\":1,\"name\":\"Home\",\"item\":\"https:\\\/\\\/www.rassegnastampa-totustuus.it\\\/cattolica\\\/\"},{\"@type\":\"ListItem\",\"position\":2,\"name\":\"Martini come l\u2019ho conosciuto io\"}]},{\"@type\":\"WebSite\",\"@id\":\"https:\\\/\\\/www.rassegnastampa-totustuus.it\\\/cattolica\\\/#website\",\"url\":\"https:\\\/\\\/www.rassegnastampa-totustuus.it\\\/cattolica\\\/\",\"name\":\"Rassegna Stampa Cattolica\",\"description\":\"Per una cultura che nasce dalla Rivelazione cristiana in conformit\u00e0 alla tradizione e al Magistero della Chiesa in opposizione ad ogni relativismo e totalitarismo\",\"publisher\":{\"@id\":\"https:\\\/\\\/www.rassegnastampa-totustuus.it\\\/cattolica\\\/#organization\"},\"alternateName\":\"Rass. Cattolica\",\"potentialAction\":[{\"@type\":\"SearchAction\",\"target\":{\"@type\":\"EntryPoint\",\"urlTemplate\":\"https:\\\/\\\/www.rassegnastampa-totustuus.it\\\/cattolica\\\/?s={search_term_string}\"},\"query-input\":{\"@type\":\"PropertyValueSpecification\",\"valueRequired\":true,\"valueName\":\"search_term_string\"}}],\"inLanguage\":\"it-IT\"},{\"@type\":\"Organization\",\"@id\":\"https:\\\/\\\/www.rassegnastampa-totustuus.it\\\/cattolica\\\/#organization\",\"name\":\"Rassegna Stampa Cattolica\",\"url\":\"https:\\\/\\\/www.rassegnastampa-totustuus.it\\\/cattolica\\\/\",\"logo\":{\"@type\":\"ImageObject\",\"inLanguage\":\"it-IT\",\"@id\":\"https:\\\/\\\/www.rassegnastampa-totustuus.it\\\/cattolica\\\/#\\\/schema\\\/logo\\\/image\\\/\",\"url\":\"https:\\\/\\\/www.rassegnastampa-totustuus.it\\\/cattolica\\\/wp-content\\\/uploads\\\/2014\\\/04\\\/logo-rassegna1.gif\",\"contentUrl\":\"https:\\\/\\\/www.rassegnastampa-totustuus.it\\\/cattolica\\\/wp-content\\\/uploads\\\/2014\\\/04\\\/logo-rassegna1.gif\",\"width\":600,\"height\":163,\"caption\":\"Rassegna Stampa Cattolica\"},\"image\":{\"@id\":\"https:\\\/\\\/www.rassegnastampa-totustuus.it\\\/cattolica\\\/#\\\/schema\\\/logo\\\/image\\\/\"},\"sameAs\":[\"https:\\\/\\\/www.facebook.com\\\/rassegnastampacattolica\",\"https:\\\/\\\/x.com\\\/rassegnastampa9\"]},{\"@type\":\"Person\",\"@id\":\"https:\\\/\\\/www.rassegnastampa-totustuus.it\\\/cattolica\\\/#\\\/schema\\\/person\\\/08f319d2bd1a0904ad9e2bfb7b15e5c3\",\"name\":\"Redazione\",\"image\":{\"@type\":\"ImageObject\",\"inLanguage\":\"it-IT\",\"@id\":\"https:\\\/\\\/secure.gravatar.com\\\/avatar\\\/2fcdf27c78ea025fbdb44e914cc63c72249ffec9dc8aafd5c82b26240ef3f346?s=96&d=mm&r=g\",\"url\":\"https:\\\/\\\/secure.gravatar.com\\\/avatar\\\/2fcdf27c78ea025fbdb44e914cc63c72249ffec9dc8aafd5c82b26240ef3f346?s=96&d=mm&r=g\",\"contentUrl\":\"https:\\\/\\\/secure.gravatar.com\\\/avatar\\\/2fcdf27c78ea025fbdb44e914cc63c72249ffec9dc8aafd5c82b26240ef3f346?s=96&d=mm&r=g\",\"caption\":\"Redazione\"},\"url\":\"https:\\\/\\\/www.rassegnastampa-totustuus.it\\\/cattolica\\\/author\\\/pietroelle\\\/\"}]}<\/script>\n<!-- \/ Yoast SEO plugin. -->","yoast_head_json":{"title":"Martini come l\u2019ho conosciuto io - Rassegna Stampa Cattolica","description":"Rassegna Stampa Cattolica - Per una cultura che nasce dalla Rivelazione cristiana in conformit\u00e0 alla tradizione e al Magistero della Chiesa in opposizione ad ogni relativismo e totalitarismo","robots":{"index":"index","follow":"follow","max-snippet":"max-snippet:-1","max-image-preview":"max-image-preview:large","max-video-preview":"max-video-preview:-1"},"canonical":"https:\/\/www.rassegnastampa-totustuus.it\/cattolica\/martini-come-lho-conosciuto-io\/","og_locale":"it_IT","og_type":"article","og_title":"Martini come l\u2019ho conosciuto io - Rassegna Stampa Cattolica","og_description":"Rassegna Stampa Cattolica - Per una cultura che nasce dalla Rivelazione cristiana in conformit\u00e0 alla tradizione e al Magistero della Chiesa in opposizione ad ogni relativismo e totalitarismo","og_url":"https:\/\/www.rassegnastampa-totustuus.it\/cattolica\/martini-come-lho-conosciuto-io\/","og_site_name":"Rassegna Stampa Cattolica","article_publisher":"https:\/\/www.facebook.com\/rassegnastampacattolica","article_published_time":"2012-09-10T06:15:38+00:00","article_modified_time":"2015-05-06T15:06:15+00:00","og_image":[{"width":300,"height":168,"url":"https:\/\/www.rassegnastampa-totustuus.it\/cattolica\/wp-content\/uploads\/2012\/09\/card_Martini.png","type":"image\/png"}],"author":"Redazione","twitter_card":"summary_large_image","twitter_creator":"@rassegnastampa9","twitter_site":"@rassegnastampa9","twitter_misc":{"Scritto da":"Redazione","Tempo di lettura stimato":"4 minuti"},"schema":{"@context":"https:\/\/schema.org","@graph":[{"@type":"Article","@id":"https:\/\/www.rassegnastampa-totustuus.it\/cattolica\/martini-come-lho-conosciuto-io\/#article","isPartOf":{"@id":"https:\/\/www.rassegnastampa-totustuus.it\/cattolica\/martini-come-lho-conosciuto-io\/"},"author":{"name":"Redazione","@id":"https:\/\/www.rassegnastampa-totustuus.it\/cattolica\/#\/schema\/person\/08f319d2bd1a0904ad9e2bfb7b15e5c3"},"headline":"Martini come l\u2019ho conosciuto io","datePublished":"2012-09-10T06:15:38+00:00","dateModified":"2015-05-06T15:06:15+00:00","mainEntityOfPage":{"@id":"https:\/\/www.rassegnastampa-totustuus.it\/cattolica\/martini-come-lho-conosciuto-io\/"},"wordCount":737,"publisher":{"@id":"https:\/\/www.rassegnastampa-totustuus.it\/cattolica\/#organization"},"image":{"@id":"https:\/\/www.rassegnastampa-totustuus.it\/cattolica\/martini-come-lho-conosciuto-io\/#primaryimage"},"thumbnailUrl":"https:\/\/www.rassegnastampa-totustuus.it\/cattolica\/wp-content\/uploads\/2012\/09\/card_Martini.png","keywords":["Carlo Maria Martini"],"articleSection":["Chiesa","Personaggi"],"inLanguage":"it-IT"},{"@type":"WebPage","@id":"https:\/\/www.rassegnastampa-totustuus.it\/cattolica\/martini-come-lho-conosciuto-io\/","url":"https:\/\/www.rassegnastampa-totustuus.it\/cattolica\/martini-come-lho-conosciuto-io\/","name":"Martini come l\u2019ho conosciuto io - Rassegna Stampa Cattolica","isPartOf":{"@id":"https:\/\/www.rassegnastampa-totustuus.it\/cattolica\/#website"},"primaryImageOfPage":{"@id":"https:\/\/www.rassegnastampa-totustuus.it\/cattolica\/martini-come-lho-conosciuto-io\/#primaryimage"},"image":{"@id":"https:\/\/www.rassegnastampa-totustuus.it\/cattolica\/martini-come-lho-conosciuto-io\/#primaryimage"},"thumbnailUrl":"https:\/\/www.rassegnastampa-totustuus.it\/cattolica\/wp-content\/uploads\/2012\/09\/card_Martini.png","datePublished":"2012-09-10T06:15:38+00:00","dateModified":"2015-05-06T15:06:15+00:00","description":"Rassegna Stampa Cattolica - Per una cultura che nasce dalla Rivelazione cristiana in conformit\u00e0 alla tradizione e al Magistero della Chiesa in opposizione ad ogni relativismo e totalitarismo","breadcrumb":{"@id":"https:\/\/www.rassegnastampa-totustuus.it\/cattolica\/martini-come-lho-conosciuto-io\/#breadcrumb"},"inLanguage":"it-IT","potentialAction":[{"@type":"ReadAction","target":["https:\/\/www.rassegnastampa-totustuus.it\/cattolica\/martini-come-lho-conosciuto-io\/"]}]},{"@type":"ImageObject","inLanguage":"it-IT","@id":"https:\/\/www.rassegnastampa-totustuus.it\/cattolica\/martini-come-lho-conosciuto-io\/#primaryimage","url":"https:\/\/www.rassegnastampa-totustuus.it\/cattolica\/wp-content\/uploads\/2012\/09\/card_Martini.png","contentUrl":"https:\/\/www.rassegnastampa-totustuus.it\/cattolica\/wp-content\/uploads\/2012\/09\/card_Martini.png","width":300,"height":168},{"@type":"BreadcrumbList","@id":"https:\/\/www.rassegnastampa-totustuus.it\/cattolica\/martini-come-lho-conosciuto-io\/#breadcrumb","itemListElement":[{"@type":"ListItem","position":1,"name":"Home","item":"https:\/\/www.rassegnastampa-totustuus.it\/cattolica\/"},{"@type":"ListItem","position":2,"name":"Martini come l\u2019ho conosciuto io"}]},{"@type":"WebSite","@id":"https:\/\/www.rassegnastampa-totustuus.it\/cattolica\/#website","url":"https:\/\/www.rassegnastampa-totustuus.it\/cattolica\/","name":"Rassegna Stampa Cattolica","description":"Per una cultura che nasce dalla Rivelazione cristiana in conformit\u00e0 alla tradizione e al Magistero della Chiesa in opposizione ad ogni relativismo e totalitarismo","publisher":{"@id":"https:\/\/www.rassegnastampa-totustuus.it\/cattolica\/#organization"},"alternateName":"Rass. Cattolica","potentialAction":[{"@type":"SearchAction","target":{"@type":"EntryPoint","urlTemplate":"https:\/\/www.rassegnastampa-totustuus.it\/cattolica\/?s={search_term_string}"},"query-input":{"@type":"PropertyValueSpecification","valueRequired":true,"valueName":"search_term_string"}}],"inLanguage":"it-IT"},{"@type":"Organization","@id":"https:\/\/www.rassegnastampa-totustuus.it\/cattolica\/#organization","name":"Rassegna Stampa Cattolica","url":"https:\/\/www.rassegnastampa-totustuus.it\/cattolica\/","logo":{"@type":"ImageObject","inLanguage":"it-IT","@id":"https:\/\/www.rassegnastampa-totustuus.it\/cattolica\/#\/schema\/logo\/image\/","url":"https:\/\/www.rassegnastampa-totustuus.it\/cattolica\/wp-content\/uploads\/2014\/04\/logo-rassegna1.gif","contentUrl":"https:\/\/www.rassegnastampa-totustuus.it\/cattolica\/wp-content\/uploads\/2014\/04\/logo-rassegna1.gif","width":600,"height":163,"caption":"Rassegna Stampa Cattolica"},"image":{"@id":"https:\/\/www.rassegnastampa-totustuus.it\/cattolica\/#\/schema\/logo\/image\/"},"sameAs":["https:\/\/www.facebook.com\/rassegnastampacattolica","https:\/\/x.com\/rassegnastampa9"]},{"@type":"Person","@id":"https:\/\/www.rassegnastampa-totustuus.it\/cattolica\/#\/schema\/person\/08f319d2bd1a0904ad9e2bfb7b15e5c3","name":"Redazione","image":{"@type":"ImageObject","inLanguage":"it-IT","@id":"https:\/\/secure.gravatar.com\/avatar\/2fcdf27c78ea025fbdb44e914cc63c72249ffec9dc8aafd5c82b26240ef3f346?s=96&d=mm&r=g","url":"https:\/\/secure.gravatar.com\/avatar\/2fcdf27c78ea025fbdb44e914cc63c72249ffec9dc8aafd5c82b26240ef3f346?s=96&d=mm&r=g","contentUrl":"https:\/\/secure.gravatar.com\/avatar\/2fcdf27c78ea025fbdb44e914cc63c72249ffec9dc8aafd5c82b26240ef3f346?s=96&d=mm&r=g","caption":"Redazione"},"url":"https:\/\/www.rassegnastampa-totustuus.it\/cattolica\/author\/pietroelle\/"}]}},"_links":{"self":[{"href":"https:\/\/www.rassegnastampa-totustuus.it\/cattolica\/wp-json\/wp\/v2\/posts\/5190","targetHints":{"allow":["GET"]}}],"collection":[{"href":"https:\/\/www.rassegnastampa-totustuus.it\/cattolica\/wp-json\/wp\/v2\/posts"}],"about":[{"href":"https:\/\/www.rassegnastampa-totustuus.it\/cattolica\/wp-json\/wp\/v2\/types\/post"}],"author":[{"embeddable":true,"href":"https:\/\/www.rassegnastampa-totustuus.it\/cattolica\/wp-json\/wp\/v2\/users\/6"}],"replies":[{"embeddable":true,"href":"https:\/\/www.rassegnastampa-totustuus.it\/cattolica\/wp-json\/wp\/v2\/comments?post=5190"}],"version-history":[{"count":3,"href":"https:\/\/www.rassegnastampa-totustuus.it\/cattolica\/wp-json\/wp\/v2\/posts\/5190\/revisions"}],"predecessor-version":[{"id":24211,"href":"https:\/\/www.rassegnastampa-totustuus.it\/cattolica\/wp-json\/wp\/v2\/posts\/5190\/revisions\/24211"}],"wp:featuredmedia":[{"embeddable":true,"href":"https:\/\/www.rassegnastampa-totustuus.it\/cattolica\/wp-json\/wp\/v2\/media\/24210"}],"wp:attachment":[{"href":"https:\/\/www.rassegnastampa-totustuus.it\/cattolica\/wp-json\/wp\/v2\/media?parent=5190"}],"wp:term":[{"taxonomy":"category","embeddable":true,"href":"https:\/\/www.rassegnastampa-totustuus.it\/cattolica\/wp-json\/wp\/v2\/categories?post=5190"},{"taxonomy":"post_tag","embeddable":true,"href":"https:\/\/www.rassegnastampa-totustuus.it\/cattolica\/wp-json\/wp\/v2\/tags?post=5190"}],"curies":[{"name":"wp","href":"https:\/\/api.w.org\/{rel}","templated":true}]}}