{"id":519,"date":"2005-05-20T00:00:00","date_gmt":"2005-05-19T22:00:00","guid":{"rendered":""},"modified":"2015-11-26T16:51:41","modified_gmt":"2015-11-26T15:51:41","slug":"la-dottrina-sociale-della-chiesa-natura-e-storia","status":"publish","type":"post","link":"https:\/\/www.rassegnastampa-totustuus.it\/cattolica\/la-dottrina-sociale-della-chiesa-natura-e-storia\/","title":{"rendered":"La dottrina sociale della Chiesa: natura e storia"},"content":{"rendered":"<div style=\"text-align: center;\">I.D.I.S. &#8211; Istituto per la Dottrina e l&#8217;Informazione Sociale<\/div>\n<p style=\"text-align: center;\"><strong>Voci per un dizionario del pensiero forte<\/strong><\/p>\n<p style=\"text-align: center;\"><a href=\"https:\/\/www.rassegnastampa-totustuus.it\/cattolica\/wp-content\/uploads\/2005\/05\/Rerum-novarum.jpg\"><img loading=\"lazy\" decoding=\"async\" class=\"alignnone wp-image-28154\" src=\"https:\/\/www.rassegnastampa-totustuus.it\/cattolica\/wp-content\/uploads\/2005\/05\/Rerum-novarum.jpg\" alt=\"Rerum novarum\" width=\"250\" height=\"144\" \/><\/a><\/p>\n<p style=\"text-align: center;\">di<strong> Giovanni Cantoni<\/strong><\/p>\n<p><!--more--><\/p>\n<div style=\"text-align: justify;\"><strong><strong>1. &#8220;Creazione, peccato, Redenzione&#8221;<\/strong><\/strong><\/div>\n<p style=\"text-align: justify;\">La Chiesa cattolica si vuole societ\u00e0 <em>sui generis<\/em>, in quanto fondata <em>direttamente<\/em> da Dio nella persona di Ges\u00f9 Cristo e con caratteri simili a quelli di ogni societ\u00e0 fondata <em>indirettamente<\/em> da Dio stesso attraverso la naturale socialit\u00e0 umana, cio\u00e8 come ogni societ\u00e0 appunto umana, istituita per\u00f2 <em>direttamente<\/em> dagli uomini. La visione del mondo cattolica \u00e8 ritmata da una sequenza, che rende ragione di tutto l\u2019operare della Chiesa e dei &#8220;mondi&#8221; costituiti da cattolici come risultato di una conversione e di una inculturazione, cio\u00e8 come esito di una <em>implantatio<\/em> non solo religiosa, ma anche socio-culturale.<\/p>\n<p style=\"text-align: justify;\">La sequenza in questione \u00e8 &#8220;Creazione, peccato, Redenzione&#8221;, esprimibile anche, con particolare attenzione all\u2019uomo, attraverso tre aggettivi atti a descrivere tre diverse condizioni dell\u2019uomo stesso: <em>formatus<\/em>, <em>deformatus<\/em>, <em>reformatus<\/em>, &#8220;formato&#8221;, &#8220;deformato&#8221;, &#8220;riformato&#8221;. Tale sequenza suppone Dio creatore di una realt\u00e0 con una <em>ratio<\/em>, una &#8220;ragion d\u2019essere&#8221;, che l\u2019uomo, parte di questa realt\u00e0, intuisce con il senso comune attraverso la rilevazione che <em>&#8220;res sunt&#8221;<\/em> &#8211; secondo la felice formula dello storico della filosofia e filosofo \u00c9tienne Gilson (1884-1978) -, che &#8220;vi sono le cose&#8221;, fra le quali ne vengono poi apprezzate di particolari: <em>&#8220;homines sunt&#8221;<\/em>, &#8220;vi sono gli uomini&#8221;.<\/p>\n<p style=\"text-align: justify;\">Segue l\u2019approfondimento di questa rilevazione attraverso l\u2019operare umano, principalmente grazie a quello contemplativo che si esprime nella filosofia e coglie un diritto naturale, e attraverso la catalogazione dell\u2019operare umano stesso e dei suoi frutti, cio\u00e8 grazie all\u2019esperienza storica, che svela l\u2019essere dell\u2019operatore: infatti <em>&#8220;operari sequitur esse&#8221;<\/em>, &#8220;l\u2019agire consegue all\u2019essere&#8221;. Un atto umano compiuto <em>in illo tempore<\/em>, <em>in principio<\/em>, il &#8220;peccato originale&#8221;, il rifiuto da parte dell\u2019uomo della propria condizione di creatura, ha ferito l\u2019operare umano, sia com\u2019\u00e8 posto dalla volont\u00e0 che com\u2019\u00e8 espresso dall\u2019intelligenza.<\/p>\n<p style=\"text-align: justify;\">Cos\u00ec s\u2019impone una restaurazione della realt\u00e0 ferita, un\u2019integrazione dei doni collegati alla creazione, alla natura, cio\u00e8 l\u2019integrazione soprannaturale della grazia, che si manifesta attraverso la Rivelazione, con la costituzione della Chiesa, che annuncia la Buona Novella, conferma i caratteri della natura anteriori alla deformazione prodotta dal peccato originale e amministra i sacramenti, veicoli ordinari della grazia, cio\u00e8 dell\u2019aiuto straordinario da parte di Dio.<\/p>\n<p style=\"text-align: justify;\">Dell\u2019annuncio fa parte la conferma di una regola di comportamento &#8211; la morale e lo sforzo, l\u2019ascesi che l\u2019accompagna, risposta dell\u2019uomo al misterioso, &#8220;mistico&#8221;, aiuto di Dio -, il cui rispetto garantisce il ritorno all\u2019origine, al punto di partenza: da Dio, come fonte, tutto viene, e a Dio, come fine, tutto va. I due itinerari vengono indicati nel linguaggio della teologia scolastica in genere, e in quello di san Tommaso d\u2019Aquino (1225 ca.-1274) in specie, come <em>exitus<\/em> e <em>reditus<\/em>, rispettivamente &#8220;uscita&#8221; e &#8220;ritorno&#8221;.<\/p>\n<p style=\"text-align: justify;\"><strong>2. Morale individuale e sociale, morale naturale e rivelata<\/strong><\/p>\n<p style=\"text-align: justify;\">La morale individuale \u00e8 l\u2019indicazione dei valori di riferimento ai quali l\u2019uomo come singolo deve guardare nel suo agire perch\u00e9, nato ferito dalla caduta originale, possa essere redento e tornare a Dio.<\/p>\n<p style=\"text-align: justify;\">La dottrina sociale della Chiesa \u00e8 l\u2019indicazione comportamentale, cio\u00e8 morale, intesa a contrastare le difficolt\u00e0 costituite per l\u2019agire dell\u2019uomo dalla cosiddetta &#8220;questione sociale&#8221;, cio\u00e8 dall\u2019insieme delle difficolt\u00e0, derivanti dal peccato originale, dell\u2019operare degli uomini nelle loro relazioni con Dio come gruppi sociali, nella vita di convivenza fra loro e fra gruppi sociali, e nei rapporti suscitati dalle relazioni con i beni sia dei singoli, che &#8211; di nuovo &#8211; dei gruppi umani.<\/p>\n<p style=\"text-align: justify;\">Una dottrina morale sociale esiste ed \u00e8 sempre esistita fra gli uomini, quale ne sia o ne sia stata l\u2019espressione, &#8220;mitica&#8221;, cio\u00e8 esemplare, o filosofica, cio\u00e8 riflessa e astratta; ed essa ha trovato nella Sacra Scrittura un\u2019espressione privilegiata, in quanto rivelata, quindi garantita dal Rivelatore. Inoltre la sua esplicitazione \u00e8 passata dall\u2019intervento episodico all\u2019insegnamento sociale: dalla terapia sociale, dalla denuncia e dall\u2019indicazione nel caso concreto all\u2019educazione sociale integrale.<\/p>\n<p style=\"text-align: justify;\">Cos\u00ec, alle indicazioni sociali veterotestamentarie seguono quelle neotestamentarie; quindi, il Magistero ecclesiastico accompagna la vita delle societ\u00e0 alle quali annuncia, alla luce della regalit\u00e0 di Cristo, e nelle quali testimonia nel tempo le verit\u00e0 della Creazione, del peccato e della Redenzione con indicazioni sollecitate dalle necessit\u00e0 di tali societ\u00e0.<\/p>\n<p style=\"text-align: justify;\"><strong>3. Dalla terapia sociale all\u2019educazione sociale integrale<\/strong><\/p>\n<p style=\"text-align: justify;\">Tutti i giudizi su temi sociali, necessitati dai fatti, emessi da autorit\u00e0 spirituali e gerarchiche dopo la fondazione della Chiesa costituiscono espressioni della dottrina sociale della Chiesa, che \u00e8 sollecitata a formulazioni sempre pi\u00f9 organizzate dallo svolgimento della vita nella societ\u00e0 in cui si trova storicamente a vivere; prima la societ\u00e0 romana, che continua nella Pars Orientis dell\u2019impero nella societ\u00e0 romano-orientale o bizantina, poi la societ\u00e0 romano-germanica.<\/p>\n<p style=\"text-align: justify;\">Se l\u2019intervento morale \u00e8 suggerito dallo svolgimento sociale, \u00e8 letteralmente incalzato dal tralignamento dell\u2019ultima societ\u00e0 in questione &#8211; conseguenza <em>sub specie societatis<\/em> del peccato originale &#8211; a partire dal Rinascimento, quindi dalle premesse &#8211; l\u2019accumulazione originaria &#8211; della Rivoluzione industriale, poi dalle modifiche delle strutture organizzative della societ\u00e0, con particolare rilievo per quelle politiche.<\/p>\n<p style=\"text-align: justify;\">Perci\u00f2, nel tempo che si stende dall\u2019emanazione di una delle prime lettere encicliche, la <em>Vix pervenit<\/em> del 1745, di Papa Benedetto XIV (1740-1758), fino al 1961, data di pubblicazione dell\u2019enciclica <em>Mater et Magistra<\/em> da parte di Papa Giovanni XXIII (1958-1963), cresce un corpo dottrinale di cui &#8211; nella parte IV dell\u2019ultimo documento citato &#8211; viene data una denominazione ormai determinata, <em>&#8220;dottrina sociale della Chiesa&#8221;<\/em>, e del quale \u00e8 anche indicata la portata, <em>&#8220;parte integrante della concezione cristiana della vita&#8221;<\/em>.<\/p>\n<p style=\"text-align: justify;\">Punto nodale di questo itinerario \u00e8 costituito dal 1891, anno di pubblicazione dell\u2019enciclica <em>Rerum novarum<\/em> a opera di Papa Leone XIII (1878-1903), alla quale non solo nella <em>vulgata<\/em> \u00e8 ormai consuetamente collegata la nozione di dottrina sociale della Chiesa come <em>magna charta<\/em> di essa. Si tratta di un legame che necessita almeno di una precisazione: l\u2019attenzione alla <em>societas<\/em> testimoniata dal documento di Papa Leone XIII non dev\u2019essere ridotta alla sola dimensione socio-economica del reale sociale.<\/p>\n<p style=\"text-align: justify;\">L\u2019itinerario indicato prosegue &#8211; ed \u00e8 destinato a proseguire fino alla fine dei tempi &#8211; fino alla determinazione dello statuto della dottrina stessa al n. 46 dell\u2019enciclica <em>Sollicitudo rei socialis<\/em>, pubblicata da Papa Giovanni Paolo II nel 1987, dov\u2019\u00e8 qualificata come <em>&#8220;teologia morale&#8221;<\/em>, e oltre, fino a un\u2019esposizione compendiosa nel <em>Catechismo della Chiesa Cattolica<\/em>, del 1992, nella forma di commento <em>sub specie societatis<\/em>, cio\u00e8 per l\u2019uomo in quanto essere sociale, al decalogo.<\/p>\n<p style=\"text-align: justify;\">Il che conferma che la dottrina sociale naturale e cristiana \u00e8 appunto riproposizione e commento al decalogo, espressione privilegiata della legge naturale e i cui dieci comandamenti appartengono alla Rivelazione di Dio: infatti, bench\u00e9 accessibili alla sola ragione, i precetti del decalogo sono stati rivelati perch\u00e9 <em>&#8220;una completa esposizione dei comandamenti del Decalogo<\/em> &#8211; nota san Bonaventura da Bagnoregio (1217 ca.-1274) (<em>In libros sententiarum<\/em> 4, 37, 1, 3) &#8211;<em> si rese necessaria nella condizione di peccato, perch\u00e9 la luce della ragione si era ottenebrata e la volont\u00e0 si era sviata&#8221;<\/em>.<\/p>\n<p style=\"text-align: justify;\">Com\u2019\u00e8 nella natura della vita culturale delle societ\u00e0 umane, la continua riesposizione della morale sociale nel caso concreto porta con s\u00e9 anche un\u2019altrettanto continua rielaborazione, quindi produce una maggior comprensione del deposito da parte della Chiesa, gerarchia e fedeli. Si tratta di una maggior comprensione che non comporta assolutamente una mutazione n\u00e9 del contenuto n\u00e9, tanto meno, della natura del deposito.<\/p>\n<p style=\"text-align: justify;\">Sollecitazioni che inducono a un costante approfondimento, quindi allo svolgersi del magistero sociale, sono prodotte anche dalle difficolt\u00e0 del mondo non solo contemporaneo alla Chiesa, ma con cui essa concretamente convive. A queste complicazioni, che costituiscono altrettanti fattori di complessit\u00e0, s\u2019affiancano le problematiche presentate dal processo di secolarizzazione, cio\u00e8 di maliziosa espunzione delle motivazioni e delle finalit\u00e0 religiose dalla vita delle societ\u00e0 umane, nonch\u00e9 il recepimento, talora oggettivamente secolarizzante, delle acquisizioni scientifiche e le dimensioni sociologiche delle mutazioni tecnologiche, soprattutto di quelle relative agli strumenti di comunicazione sociale. Cos\u00ec si spiegano &#8211; fra l\u2019altro &#8211; le prese di posizione del Magistero della Chiesa, autentici presidi, sulle nuove frontiere della bioetica e dell\u2019ecologia.<\/p>\n<p style=\"text-align: justify;\"><strong>4. La formazione della coscienza sociale<\/strong><\/p>\n<p style=\"text-align: justify;\">La natura di morale sociale della dottrina sociale della Chiesa ne fa alimento indispensabile per la formazione della coscienza sociale, in quanto tale dottrina contiene i princ\u00ecpi di riflessione, i criteri di giudizio e le direttive di azione per la coscienza del singolo fedele. Poich\u00e9 la creazione, la conservazione e la rettificazione della societ\u00e0 deformata passano attraverso l\u2019intervento dell\u2019uomo come essere vivente sociale, la morale sociale non \u00e8 programma n\u00e9 legge positiva, ma costellazione di valori d\u2019orientamento per ogni operare sociale storicamente determinato.<\/p>\n<p style=\"text-align: justify;\">L\u2019esplicitazione della dottrina sociale della Chiesa, derivata dalle necessit\u00e0 storiche evidenziate, il suo passaggio da messaggio implicito a messaggio esplicito, hanno talora prodotto un certo temporaneo disorientamento, una ricezione impropria di essa. Tale ricezione impropria si potrebbe indicare come una &#8220;ricezione ideologica&#8221;, analoga a quella che trasforma l\u2019orientamento proprio di una direzione spirituale in una legge positiva, facendo s\u00ec che il direttore surroghi il diretto subentrando in qualche modo nella di lui responsabilit\u00e0.<\/p>\n<p style=\"text-align: justify;\">Tale ricezione ideologica ha fatto s\u00ec che nella dottrina sociale si cercassero &#8211; talora, nella coscienza soggettiva degli stessi uomini di Chiesa, si proponessero &#8211; programmi politico-sociali anzich\u00e9 indicazioni di massima, anche se aggiornate alle problematiche proposte sia dal positivo che dal negativo che si presentano con caratteri di novit\u00e0, di <em>res novae<\/em>, nel corso della storia.<\/p>\n<p style=\"text-align: justify;\">Accanto alla ricezione ideologica si situa, negli anni 1960 e 1970, cio\u00e8 negli anni immediatamente seguenti il Concilio Ecumenico Vaticano II (1962-1965), un tentativo intraecclesiale teso a ridurre la rilevanza della dottrina sociale attraverso artifici lessicali quale la sua definizione come &#8220;insegnamento&#8221;, nella prospettiva della sua negazione, cio\u00e8 della sua trasformazione in una &#8220;morale sociale della situazione&#8221;, quindi tanto condizionata dalla situazione storica da perdere quasi ogni significativa portata normativa.<\/p>\n<p style=\"text-align: justify;\">A partire dal 1979 si \u00e8 realizzata, da parte delle massime autorit\u00e0 della Chiesa, una rivalutazione della dottrina stessa &#8211; non per questo adeguatamente compresa, studiata e, soprattutto, tenuta nella dovuta considerazione &#8211; attraverso la pubblicazione di numerosi documenti da parte di Papa Giovanni Paolo II, soprattutto dell\u2019enciclica <em>Centesimus annus<\/em>, del 1991, ricca di indicazioni sulla natura e sulla storia della dottrina sociale.<\/p>\n<p style=\"text-align: justify;\"><strong>Per approfondire<\/strong>: vedi Congregazione per l\u2019Educazione Cattolica, <em>Orientamenti per lo studio e l\u2019insegnamento della dottrina sociale della Chiesa nella formazione sacerdotale<\/em>, del 30-12-1988; card. Joachim Meisner, <em>Teologia, antropologia ed economia<\/em>, trad. it., in <em>Cristianit\u00e0<\/em>, anno XVIII, n. 178, febbraio 1990, pp. 9-10; Jean-Yves Calvez S.J. e Jacques Perrin S.J., <em>Chiesa e societ\u00e0 economica. L\u2019insegnamento sociale dei Papi da Leone XIII a Giovanni XXIII (1878-1963)<\/em>, trad. it., Centro Studi Sociali, Milano 1965, pp. 7-117; Herv\u00e9 Carrier S.J., <em>Dottrina sociale. Nuovo approccio all\u2019insegnamento sociale della Chiesa<\/em>, trad. it., seconda edizione, San Paolo, Cinisello Balsamo (Milano) 1996; e i miei <em>Dottrina sociale e lavoro umano nel messaggio della &#8220;Laborem exercens&#8221;<\/em>, in <em>Cristianit\u00e0<\/em>, anno IX, n. 78-79, ottobre-novembre 1981, pp. 1-20, soprattutto pp. 3-5; <em>La buona battaglia di Alleanza Cattolica per la maggiore gloria di Dio anche sociale<\/em>, <em>ibid<\/em>., anno XI, n. 100, agosto-settembre-ottobre 1983, pp. 3-5; <em>La &#8220;rivalutazione&#8221; della dottrina sociale della Chiesa<\/em>, <em>ibid<\/em>., anno XIV, n. 133, maggio 1986, pp. 3-5; <em>Dottrina sociale, teologia morale e coscienza<\/em>, <em>ibid<\/em>., anno XVII, n. 165, gennaio 1989, pp. 5-7; e <em>L\u2019&#8221;Anno della Dottrina sociale della Chiesa&#8221;<\/em>, <em>ibid<\/em>., anno XIX, n. 189, gennaio 1991, pp. 3-6.<\/p>\n","protected":false},"excerpt":{"rendered":"<p>I.D.I.S. &#8211; Istituto per la Dottrina e l&#8217;Informazione Sociale Voci per un dizionario del pensiero forte di Giovanni Cantoni<\/p><p><a class=\"more-link btn\" href=\"https:\/\/www.rassegnastampa-totustuus.it\/cattolica\/la-dottrina-sociale-della-chiesa-natura-e-storia\/\">Continua a leggere<\/a><\/p>\n","protected":false},"author":6,"featured_media":28154,"comment_status":"closed","ping_status":"open","sticky":false,"template":"","format":"standard","meta":{"footnotes":""},"categories":[11],"tags":[146],"class_list":["post-519","post","type-post","status-publish","format-standard","has-post-thumbnail","hentry","category-dottrina-sociale","tag-dottrina-sociale-2","item-wrap"],"yoast_head":"<!-- This site is optimized with the Yoast SEO plugin v27.4 - https:\/\/yoast.com\/product\/yoast-seo-wordpress\/ -->\n<title>La dottrina sociale della Chiesa: natura e storia - Rassegna Stampa Cattolica<\/title>\n<meta name=\"description\" content=\"Rassegna Stampa Cattolica - Per una cultura che nasce dalla Rivelazione cristiana in conformit\u00e0 alla tradizione e al Magistero della Chiesa in opposizione ad ogni relativismo e totalitarismo\" \/>\n<meta name=\"robots\" content=\"index, follow, max-snippet:-1, max-image-preview:large, max-video-preview:-1\" \/>\n<link rel=\"canonical\" href=\"https:\/\/www.rassegnastampa-totustuus.it\/cattolica\/la-dottrina-sociale-della-chiesa-natura-e-storia\/\" \/>\n<meta property=\"og:locale\" content=\"it_IT\" \/>\n<meta property=\"og:type\" content=\"article\" \/>\n<meta property=\"og:title\" content=\"La dottrina sociale della Chiesa: natura e storia - Rassegna Stampa Cattolica\" \/>\n<meta property=\"og:description\" content=\"Rassegna Stampa Cattolica - Per una cultura che nasce dalla Rivelazione cristiana in conformit\u00e0 alla tradizione e al Magistero della Chiesa in opposizione ad ogni relativismo e totalitarismo\" \/>\n<meta property=\"og:url\" content=\"https:\/\/www.rassegnastampa-totustuus.it\/cattolica\/la-dottrina-sociale-della-chiesa-natura-e-storia\/\" \/>\n<meta property=\"og:site_name\" content=\"Rassegna Stampa Cattolica\" \/>\n<meta property=\"article:publisher\" content=\"https:\/\/www.facebook.com\/rassegnastampacattolica\" \/>\n<meta property=\"article:published_time\" content=\"2005-05-19T22:00:00+00:00\" \/>\n<meta property=\"article:modified_time\" content=\"2015-11-26T15:51:41+00:00\" \/>\n<meta property=\"og:image\" content=\"https:\/\/www.rassegnastampa-totustuus.it\/cattolica\/wp-content\/uploads\/2005\/05\/Rerum-novarum.jpg\" \/>\n\t<meta property=\"og:image:width\" content=\"264\" \/>\n\t<meta property=\"og:image:height\" content=\"152\" \/>\n\t<meta property=\"og:image:type\" content=\"image\/jpeg\" \/>\n<meta name=\"author\" content=\"Redazione\" \/>\n<meta name=\"twitter:card\" content=\"summary_large_image\" \/>\n<meta name=\"twitter:creator\" content=\"@rassegnastampa9\" \/>\n<meta name=\"twitter:site\" content=\"@rassegnastampa9\" \/>\n<meta name=\"twitter:label1\" content=\"Scritto da\" \/>\n\t<meta name=\"twitter:data1\" content=\"Redazione\" \/>\n\t<meta name=\"twitter:label2\" content=\"Tempo di lettura stimato\" \/>\n\t<meta name=\"twitter:data2\" content=\"9 minuti\" \/>\n<script type=\"application\/ld+json\" class=\"yoast-schema-graph\">{\"@context\":\"https:\\\/\\\/schema.org\",\"@graph\":[{\"@type\":\"Article\",\"@id\":\"https:\\\/\\\/www.rassegnastampa-totustuus.it\\\/cattolica\\\/la-dottrina-sociale-della-chiesa-natura-e-storia\\\/#article\",\"isPartOf\":{\"@id\":\"https:\\\/\\\/www.rassegnastampa-totustuus.it\\\/cattolica\\\/la-dottrina-sociale-della-chiesa-natura-e-storia\\\/\"},\"author\":{\"name\":\"Redazione\",\"@id\":\"https:\\\/\\\/www.rassegnastampa-totustuus.it\\\/cattolica\\\/#\\\/schema\\\/person\\\/08f319d2bd1a0904ad9e2bfb7b15e5c3\"},\"headline\":\"La dottrina sociale della Chiesa: natura e storia\",\"datePublished\":\"2005-05-19T22:00:00+00:00\",\"dateModified\":\"2015-11-26T15:51:41+00:00\",\"mainEntityOfPage\":{\"@id\":\"https:\\\/\\\/www.rassegnastampa-totustuus.it\\\/cattolica\\\/la-dottrina-sociale-della-chiesa-natura-e-storia\\\/\"},\"wordCount\":1872,\"publisher\":{\"@id\":\"https:\\\/\\\/www.rassegnastampa-totustuus.it\\\/cattolica\\\/#organization\"},\"image\":{\"@id\":\"https:\\\/\\\/www.rassegnastampa-totustuus.it\\\/cattolica\\\/la-dottrina-sociale-della-chiesa-natura-e-storia\\\/#primaryimage\"},\"thumbnailUrl\":\"https:\\\/\\\/www.rassegnastampa-totustuus.it\\\/cattolica\\\/wp-content\\\/uploads\\\/2005\\\/05\\\/Rerum-novarum.jpg\",\"keywords\":[\"dottrina sociale\"],\"articleSection\":[\"Dottrina sociale\"],\"inLanguage\":\"it-IT\"},{\"@type\":\"WebPage\",\"@id\":\"https:\\\/\\\/www.rassegnastampa-totustuus.it\\\/cattolica\\\/la-dottrina-sociale-della-chiesa-natura-e-storia\\\/\",\"url\":\"https:\\\/\\\/www.rassegnastampa-totustuus.it\\\/cattolica\\\/la-dottrina-sociale-della-chiesa-natura-e-storia\\\/\",\"name\":\"La dottrina sociale della Chiesa: natura e storia - Rassegna Stampa Cattolica\",\"isPartOf\":{\"@id\":\"https:\\\/\\\/www.rassegnastampa-totustuus.it\\\/cattolica\\\/#website\"},\"primaryImageOfPage\":{\"@id\":\"https:\\\/\\\/www.rassegnastampa-totustuus.it\\\/cattolica\\\/la-dottrina-sociale-della-chiesa-natura-e-storia\\\/#primaryimage\"},\"image\":{\"@id\":\"https:\\\/\\\/www.rassegnastampa-totustuus.it\\\/cattolica\\\/la-dottrina-sociale-della-chiesa-natura-e-storia\\\/#primaryimage\"},\"thumbnailUrl\":\"https:\\\/\\\/www.rassegnastampa-totustuus.it\\\/cattolica\\\/wp-content\\\/uploads\\\/2005\\\/05\\\/Rerum-novarum.jpg\",\"datePublished\":\"2005-05-19T22:00:00+00:00\",\"dateModified\":\"2015-11-26T15:51:41+00:00\",\"description\":\"Rassegna Stampa Cattolica - Per una cultura che nasce dalla Rivelazione cristiana in conformit\u00e0 alla tradizione e al Magistero della Chiesa in opposizione ad ogni relativismo e totalitarismo\",\"breadcrumb\":{\"@id\":\"https:\\\/\\\/www.rassegnastampa-totustuus.it\\\/cattolica\\\/la-dottrina-sociale-della-chiesa-natura-e-storia\\\/#breadcrumb\"},\"inLanguage\":\"it-IT\",\"potentialAction\":[{\"@type\":\"ReadAction\",\"target\":[\"https:\\\/\\\/www.rassegnastampa-totustuus.it\\\/cattolica\\\/la-dottrina-sociale-della-chiesa-natura-e-storia\\\/\"]}]},{\"@type\":\"ImageObject\",\"inLanguage\":\"it-IT\",\"@id\":\"https:\\\/\\\/www.rassegnastampa-totustuus.it\\\/cattolica\\\/la-dottrina-sociale-della-chiesa-natura-e-storia\\\/#primaryimage\",\"url\":\"https:\\\/\\\/www.rassegnastampa-totustuus.it\\\/cattolica\\\/wp-content\\\/uploads\\\/2005\\\/05\\\/Rerum-novarum.jpg\",\"contentUrl\":\"https:\\\/\\\/www.rassegnastampa-totustuus.it\\\/cattolica\\\/wp-content\\\/uploads\\\/2005\\\/05\\\/Rerum-novarum.jpg\",\"width\":264,\"height\":152},{\"@type\":\"BreadcrumbList\",\"@id\":\"https:\\\/\\\/www.rassegnastampa-totustuus.it\\\/cattolica\\\/la-dottrina-sociale-della-chiesa-natura-e-storia\\\/#breadcrumb\",\"itemListElement\":[{\"@type\":\"ListItem\",\"position\":1,\"name\":\"Home\",\"item\":\"https:\\\/\\\/www.rassegnastampa-totustuus.it\\\/cattolica\\\/\"},{\"@type\":\"ListItem\",\"position\":2,\"name\":\"La dottrina sociale della Chiesa: natura e storia\"}]},{\"@type\":\"WebSite\",\"@id\":\"https:\\\/\\\/www.rassegnastampa-totustuus.it\\\/cattolica\\\/#website\",\"url\":\"https:\\\/\\\/www.rassegnastampa-totustuus.it\\\/cattolica\\\/\",\"name\":\"Rassegna Stampa Cattolica\",\"description\":\"Per una cultura che nasce dalla Rivelazione cristiana in conformit\u00e0 alla tradizione e al Magistero della Chiesa in opposizione ad ogni relativismo e totalitarismo\",\"publisher\":{\"@id\":\"https:\\\/\\\/www.rassegnastampa-totustuus.it\\\/cattolica\\\/#organization\"},\"alternateName\":\"Rass. Cattolica\",\"potentialAction\":[{\"@type\":\"SearchAction\",\"target\":{\"@type\":\"EntryPoint\",\"urlTemplate\":\"https:\\\/\\\/www.rassegnastampa-totustuus.it\\\/cattolica\\\/?s={search_term_string}\"},\"query-input\":{\"@type\":\"PropertyValueSpecification\",\"valueRequired\":true,\"valueName\":\"search_term_string\"}}],\"inLanguage\":\"it-IT\"},{\"@type\":\"Organization\",\"@id\":\"https:\\\/\\\/www.rassegnastampa-totustuus.it\\\/cattolica\\\/#organization\",\"name\":\"Rassegna Stampa Cattolica\",\"url\":\"https:\\\/\\\/www.rassegnastampa-totustuus.it\\\/cattolica\\\/\",\"logo\":{\"@type\":\"ImageObject\",\"inLanguage\":\"it-IT\",\"@id\":\"https:\\\/\\\/www.rassegnastampa-totustuus.it\\\/cattolica\\\/#\\\/schema\\\/logo\\\/image\\\/\",\"url\":\"https:\\\/\\\/www.rassegnastampa-totustuus.it\\\/cattolica\\\/wp-content\\\/uploads\\\/2014\\\/04\\\/logo-rassegna1.gif\",\"contentUrl\":\"https:\\\/\\\/www.rassegnastampa-totustuus.it\\\/cattolica\\\/wp-content\\\/uploads\\\/2014\\\/04\\\/logo-rassegna1.gif\",\"width\":600,\"height\":163,\"caption\":\"Rassegna Stampa Cattolica\"},\"image\":{\"@id\":\"https:\\\/\\\/www.rassegnastampa-totustuus.it\\\/cattolica\\\/#\\\/schema\\\/logo\\\/image\\\/\"},\"sameAs\":[\"https:\\\/\\\/www.facebook.com\\\/rassegnastampacattolica\",\"https:\\\/\\\/x.com\\\/rassegnastampa9\"]},{\"@type\":\"Person\",\"@id\":\"https:\\\/\\\/www.rassegnastampa-totustuus.it\\\/cattolica\\\/#\\\/schema\\\/person\\\/08f319d2bd1a0904ad9e2bfb7b15e5c3\",\"name\":\"Redazione\",\"image\":{\"@type\":\"ImageObject\",\"inLanguage\":\"it-IT\",\"@id\":\"https:\\\/\\\/secure.gravatar.com\\\/avatar\\\/2fcdf27c78ea025fbdb44e914cc63c72249ffec9dc8aafd5c82b26240ef3f346?s=96&d=mm&r=g\",\"url\":\"https:\\\/\\\/secure.gravatar.com\\\/avatar\\\/2fcdf27c78ea025fbdb44e914cc63c72249ffec9dc8aafd5c82b26240ef3f346?s=96&d=mm&r=g\",\"contentUrl\":\"https:\\\/\\\/secure.gravatar.com\\\/avatar\\\/2fcdf27c78ea025fbdb44e914cc63c72249ffec9dc8aafd5c82b26240ef3f346?s=96&d=mm&r=g\",\"caption\":\"Redazione\"},\"url\":\"https:\\\/\\\/www.rassegnastampa-totustuus.it\\\/cattolica\\\/author\\\/pietroelle\\\/\"}]}<\/script>\n<!-- \/ Yoast SEO plugin. -->","yoast_head_json":{"title":"La dottrina sociale della Chiesa: natura e storia - Rassegna Stampa Cattolica","description":"Rassegna Stampa Cattolica - Per una cultura che nasce dalla Rivelazione cristiana in conformit\u00e0 alla tradizione e al Magistero della Chiesa in opposizione ad ogni relativismo e totalitarismo","robots":{"index":"index","follow":"follow","max-snippet":"max-snippet:-1","max-image-preview":"max-image-preview:large","max-video-preview":"max-video-preview:-1"},"canonical":"https:\/\/www.rassegnastampa-totustuus.it\/cattolica\/la-dottrina-sociale-della-chiesa-natura-e-storia\/","og_locale":"it_IT","og_type":"article","og_title":"La dottrina sociale della Chiesa: natura e storia - Rassegna Stampa Cattolica","og_description":"Rassegna Stampa Cattolica - Per una cultura che nasce dalla Rivelazione cristiana in conformit\u00e0 alla tradizione e al Magistero della Chiesa in opposizione ad ogni relativismo e totalitarismo","og_url":"https:\/\/www.rassegnastampa-totustuus.it\/cattolica\/la-dottrina-sociale-della-chiesa-natura-e-storia\/","og_site_name":"Rassegna Stampa Cattolica","article_publisher":"https:\/\/www.facebook.com\/rassegnastampacattolica","article_published_time":"2005-05-19T22:00:00+00:00","article_modified_time":"2015-11-26T15:51:41+00:00","og_image":[{"width":264,"height":152,"url":"https:\/\/www.rassegnastampa-totustuus.it\/cattolica\/wp-content\/uploads\/2005\/05\/Rerum-novarum.jpg","type":"image\/jpeg"}],"author":"Redazione","twitter_card":"summary_large_image","twitter_creator":"@rassegnastampa9","twitter_site":"@rassegnastampa9","twitter_misc":{"Scritto da":"Redazione","Tempo di lettura stimato":"9 minuti"},"schema":{"@context":"https:\/\/schema.org","@graph":[{"@type":"Article","@id":"https:\/\/www.rassegnastampa-totustuus.it\/cattolica\/la-dottrina-sociale-della-chiesa-natura-e-storia\/#article","isPartOf":{"@id":"https:\/\/www.rassegnastampa-totustuus.it\/cattolica\/la-dottrina-sociale-della-chiesa-natura-e-storia\/"},"author":{"name":"Redazione","@id":"https:\/\/www.rassegnastampa-totustuus.it\/cattolica\/#\/schema\/person\/08f319d2bd1a0904ad9e2bfb7b15e5c3"},"headline":"La dottrina sociale della Chiesa: natura e storia","datePublished":"2005-05-19T22:00:00+00:00","dateModified":"2015-11-26T15:51:41+00:00","mainEntityOfPage":{"@id":"https:\/\/www.rassegnastampa-totustuus.it\/cattolica\/la-dottrina-sociale-della-chiesa-natura-e-storia\/"},"wordCount":1872,"publisher":{"@id":"https:\/\/www.rassegnastampa-totustuus.it\/cattolica\/#organization"},"image":{"@id":"https:\/\/www.rassegnastampa-totustuus.it\/cattolica\/la-dottrina-sociale-della-chiesa-natura-e-storia\/#primaryimage"},"thumbnailUrl":"https:\/\/www.rassegnastampa-totustuus.it\/cattolica\/wp-content\/uploads\/2005\/05\/Rerum-novarum.jpg","keywords":["dottrina sociale"],"articleSection":["Dottrina sociale"],"inLanguage":"it-IT"},{"@type":"WebPage","@id":"https:\/\/www.rassegnastampa-totustuus.it\/cattolica\/la-dottrina-sociale-della-chiesa-natura-e-storia\/","url":"https:\/\/www.rassegnastampa-totustuus.it\/cattolica\/la-dottrina-sociale-della-chiesa-natura-e-storia\/","name":"La dottrina sociale della Chiesa: natura e storia - Rassegna Stampa Cattolica","isPartOf":{"@id":"https:\/\/www.rassegnastampa-totustuus.it\/cattolica\/#website"},"primaryImageOfPage":{"@id":"https:\/\/www.rassegnastampa-totustuus.it\/cattolica\/la-dottrina-sociale-della-chiesa-natura-e-storia\/#primaryimage"},"image":{"@id":"https:\/\/www.rassegnastampa-totustuus.it\/cattolica\/la-dottrina-sociale-della-chiesa-natura-e-storia\/#primaryimage"},"thumbnailUrl":"https:\/\/www.rassegnastampa-totustuus.it\/cattolica\/wp-content\/uploads\/2005\/05\/Rerum-novarum.jpg","datePublished":"2005-05-19T22:00:00+00:00","dateModified":"2015-11-26T15:51:41+00:00","description":"Rassegna Stampa Cattolica - Per una cultura che nasce dalla Rivelazione cristiana in conformit\u00e0 alla tradizione e al Magistero della Chiesa in opposizione ad ogni relativismo e totalitarismo","breadcrumb":{"@id":"https:\/\/www.rassegnastampa-totustuus.it\/cattolica\/la-dottrina-sociale-della-chiesa-natura-e-storia\/#breadcrumb"},"inLanguage":"it-IT","potentialAction":[{"@type":"ReadAction","target":["https:\/\/www.rassegnastampa-totustuus.it\/cattolica\/la-dottrina-sociale-della-chiesa-natura-e-storia\/"]}]},{"@type":"ImageObject","inLanguage":"it-IT","@id":"https:\/\/www.rassegnastampa-totustuus.it\/cattolica\/la-dottrina-sociale-della-chiesa-natura-e-storia\/#primaryimage","url":"https:\/\/www.rassegnastampa-totustuus.it\/cattolica\/wp-content\/uploads\/2005\/05\/Rerum-novarum.jpg","contentUrl":"https:\/\/www.rassegnastampa-totustuus.it\/cattolica\/wp-content\/uploads\/2005\/05\/Rerum-novarum.jpg","width":264,"height":152},{"@type":"BreadcrumbList","@id":"https:\/\/www.rassegnastampa-totustuus.it\/cattolica\/la-dottrina-sociale-della-chiesa-natura-e-storia\/#breadcrumb","itemListElement":[{"@type":"ListItem","position":1,"name":"Home","item":"https:\/\/www.rassegnastampa-totustuus.it\/cattolica\/"},{"@type":"ListItem","position":2,"name":"La dottrina sociale della Chiesa: natura e storia"}]},{"@type":"WebSite","@id":"https:\/\/www.rassegnastampa-totustuus.it\/cattolica\/#website","url":"https:\/\/www.rassegnastampa-totustuus.it\/cattolica\/","name":"Rassegna Stampa Cattolica","description":"Per una cultura che nasce dalla Rivelazione cristiana in conformit\u00e0 alla tradizione e al Magistero della Chiesa in opposizione ad ogni relativismo e totalitarismo","publisher":{"@id":"https:\/\/www.rassegnastampa-totustuus.it\/cattolica\/#organization"},"alternateName":"Rass. Cattolica","potentialAction":[{"@type":"SearchAction","target":{"@type":"EntryPoint","urlTemplate":"https:\/\/www.rassegnastampa-totustuus.it\/cattolica\/?s={search_term_string}"},"query-input":{"@type":"PropertyValueSpecification","valueRequired":true,"valueName":"search_term_string"}}],"inLanguage":"it-IT"},{"@type":"Organization","@id":"https:\/\/www.rassegnastampa-totustuus.it\/cattolica\/#organization","name":"Rassegna Stampa Cattolica","url":"https:\/\/www.rassegnastampa-totustuus.it\/cattolica\/","logo":{"@type":"ImageObject","inLanguage":"it-IT","@id":"https:\/\/www.rassegnastampa-totustuus.it\/cattolica\/#\/schema\/logo\/image\/","url":"https:\/\/www.rassegnastampa-totustuus.it\/cattolica\/wp-content\/uploads\/2014\/04\/logo-rassegna1.gif","contentUrl":"https:\/\/www.rassegnastampa-totustuus.it\/cattolica\/wp-content\/uploads\/2014\/04\/logo-rassegna1.gif","width":600,"height":163,"caption":"Rassegna Stampa Cattolica"},"image":{"@id":"https:\/\/www.rassegnastampa-totustuus.it\/cattolica\/#\/schema\/logo\/image\/"},"sameAs":["https:\/\/www.facebook.com\/rassegnastampacattolica","https:\/\/x.com\/rassegnastampa9"]},{"@type":"Person","@id":"https:\/\/www.rassegnastampa-totustuus.it\/cattolica\/#\/schema\/person\/08f319d2bd1a0904ad9e2bfb7b15e5c3","name":"Redazione","image":{"@type":"ImageObject","inLanguage":"it-IT","@id":"https:\/\/secure.gravatar.com\/avatar\/2fcdf27c78ea025fbdb44e914cc63c72249ffec9dc8aafd5c82b26240ef3f346?s=96&d=mm&r=g","url":"https:\/\/secure.gravatar.com\/avatar\/2fcdf27c78ea025fbdb44e914cc63c72249ffec9dc8aafd5c82b26240ef3f346?s=96&d=mm&r=g","contentUrl":"https:\/\/secure.gravatar.com\/avatar\/2fcdf27c78ea025fbdb44e914cc63c72249ffec9dc8aafd5c82b26240ef3f346?s=96&d=mm&r=g","caption":"Redazione"},"url":"https:\/\/www.rassegnastampa-totustuus.it\/cattolica\/author\/pietroelle\/"}]}},"_links":{"self":[{"href":"https:\/\/www.rassegnastampa-totustuus.it\/cattolica\/wp-json\/wp\/v2\/posts\/519","targetHints":{"allow":["GET"]}}],"collection":[{"href":"https:\/\/www.rassegnastampa-totustuus.it\/cattolica\/wp-json\/wp\/v2\/posts"}],"about":[{"href":"https:\/\/www.rassegnastampa-totustuus.it\/cattolica\/wp-json\/wp\/v2\/types\/post"}],"author":[{"embeddable":true,"href":"https:\/\/www.rassegnastampa-totustuus.it\/cattolica\/wp-json\/wp\/v2\/users\/6"}],"replies":[{"embeddable":true,"href":"https:\/\/www.rassegnastampa-totustuus.it\/cattolica\/wp-json\/wp\/v2\/comments?post=519"}],"version-history":[{"count":4,"href":"https:\/\/www.rassegnastampa-totustuus.it\/cattolica\/wp-json\/wp\/v2\/posts\/519\/revisions"}],"predecessor-version":[{"id":28156,"href":"https:\/\/www.rassegnastampa-totustuus.it\/cattolica\/wp-json\/wp\/v2\/posts\/519\/revisions\/28156"}],"wp:featuredmedia":[{"embeddable":true,"href":"https:\/\/www.rassegnastampa-totustuus.it\/cattolica\/wp-json\/wp\/v2\/media\/28154"}],"wp:attachment":[{"href":"https:\/\/www.rassegnastampa-totustuus.it\/cattolica\/wp-json\/wp\/v2\/media?parent=519"}],"wp:term":[{"taxonomy":"category","embeddable":true,"href":"https:\/\/www.rassegnastampa-totustuus.it\/cattolica\/wp-json\/wp\/v2\/categories?post=519"},{"taxonomy":"post_tag","embeddable":true,"href":"https:\/\/www.rassegnastampa-totustuus.it\/cattolica\/wp-json\/wp\/v2\/tags?post=519"}],"curies":[{"name":"wp","href":"https:\/\/api.w.org\/{rel}","templated":true}]}}