{"id":51882,"date":"2021-07-08T00:00:34","date_gmt":"2021-07-07T22:00:34","guid":{"rendered":"http:\/\/www.rassegnastampa-totustuus.it\/cattolica\/?p=51882"},"modified":"2025-07-23T11:10:07","modified_gmt":"2025-07-23T09:10:07","slug":"la-missione-di-maria-nelleconomia-della-salvezza-personaggi-ed-eventi-delleresia-nestoriana","status":"publish","type":"post","link":"https:\/\/www.rassegnastampa-totustuus.it\/cattolica\/la-missione-di-maria-nelleconomia-della-salvezza-personaggi-ed-eventi-delleresia-nestoriana\/","title":{"rendered":"La missione di Maria nell\u2019economia della Salvezza: personaggi ed eventi dell\u2019eresia nestoriana"},"content":{"rendered":"\n<p class=\"has-text-align-center\"><span style=\"color: #000000;\"><strong> <a href=\"https:\/\/www.informazionecattolica.it\/\" target=\"_blank\" rel=\"noreferrer noopener\">Informazione Cattolica<\/a><\/strong> 4 Luglio 2021 <\/span><\/p>\n\n\n\n<p><span style=\"color: #000000;\"><em>Nella storia della chiesa, fin dai primi secoli, vi \u00e8 sempre stato chi, dall\u2019interno, ha cercato (senza riuscirci) di negarne i fondamenti e le principali verit\u00e0 teologiche. \u00e8 stato questo il caso, fra gli altri, del vescovo e teologo siriano Nestorio (381-451), la cui eresia cristologica, respinta dal Concilio di Efeso (431), ha visto grandi padri della chiesa e dottori, su tutti Cirillo di Alessandria, trarre dal male il bene di uno sviluppo e sistemazione definitiva della dottrina su Maria come \u201cMadre di Dio\u201d <\/em><\/span><\/p>\n\n\n\n<p class=\"has-text-align-center\"><span style=\"color: #000000;\">di<strong> Sara Deodati<\/strong> <\/span><\/p>\n\n\n<div class=\"wp-block-image\">\n<figure class=\"aligncenter size-full is-resized\"><a href=\"https:\/\/www.rassegnastampa-totustuus.it\/cattolica\/wp-content\/uploads\/2020\/01\/Maria.jpg\"><img loading=\"lazy\" decoding=\"async\" width=\"225\" height=\"225\" src=\"https:\/\/www.rassegnastampa-totustuus.it\/cattolica\/wp-content\/uploads\/2020\/01\/Maria.jpg\" alt=\"\" class=\"wp-image-45805\" style=\"width:307px;height:auto\" srcset=\"https:\/\/www.rassegnastampa-totustuus.it\/cattolica\/wp-content\/uploads\/2020\/01\/Maria.jpg 225w, https:\/\/www.rassegnastampa-totustuus.it\/cattolica\/wp-content\/uploads\/2020\/01\/Maria-150x150.jpg 150w\" sizes=\"auto, (max-width: 225px) 100vw, 225px\" \/><\/a><\/figure><\/div>\n\n\n<!--more-->\n\n\n\n<p><span style=\"color: #000000;\">L\u2019eretico Nestorio nacque in Germanicia (Siria) nel 381 e studi\u00f2 alla scuola di Teodoro di Mopsuestia ad Antiochia, prendendo i voti ed entrando successivamente nel monastero di Euprepio, vicino ad Antiochia. Mor\u00ec nel 451 nell\u2019oasi di El Kharga, presso Tebe. <\/span><\/p>\n\n\n\n<p><span style=\"color: #000000;\">Nell\u2019aprile 428, fu scelto dall\u2019imperatore Teodosio II (408-450) per diventare Patriarca di Costantinopoli come successore di Sisinnio, in un momento di lotta per la successione al seggio da parte dei due presbiteri, Filippo e Proclo. Nestorio prese tanto a cuore il suo compito da impegnarsi attivamente nella lotta contro i vari eretici imperanti al tempo e presenti nella sua diocesi: ariani, macedoniani, apollinaristi, novaziani ed altri. <\/span><\/p>\n\n\n\n<p><span style=\"color: #000000;\">Nei confronti dei pelagiani mantenne invece un atteggiamento neutrale, proteggendo anzi profughi e fuggiaschi che, dopo la condanna del pelagianesimo nel 411 (Concilio di Cartagine) si erano rifugiati a Costantinopoli. <\/span><\/p>\n\n\n<div class=\"wp-block-image wp-image-49057\">\n<figure class=\"aligncenter is-resized\"><img loading=\"lazy\" decoding=\"async\" width=\"275\" height=\"183\" src=\"https:\/\/www.rassegnastampa-totustuus.it\/cattolica\/wp-content\/uploads\/2020\/09\/concilio_Nicea_chiesa.jpg\" alt=\"\" class=\"wp-image-49057\" style=\"width:433px;height:auto\"\/><figcaption class=\"wp-element-caption\">Concilio di Nicea<\/figcaption><\/figure><\/div>\n\n\n<p><span style=\"color: #000000;\">Nel 428 scoppi\u00f2 la disputa circa quale fosse il termine preciso da attribuire alla Vergine Maria. Il termine <em>theot\u00f2kos<\/em> (in greco,&nbsp;<em>Madre di Dio<\/em>) era stato infatti difeso nel corso di un\u2019omelia dal vescovo Proclo, che seguiva le indicazioni e la dottrina che erano state formulate nel precedente Concilio di Nicea (325), che aveva affermato la consustanzialit\u00e0, cio\u00e8 la stessa natura di Cristo e Dio Padre. <\/span><\/p>\n\n\n\n<p><span style=\"color: #000000;\">Di conseguenza, si trattava di affermare la verit\u00e0 per cui Maria di Nazareth fosse sia la Madre di Cristo sia la Madre di Dio. Nestorio, che era presente, replic\u00f2 che quel termine implicava il cadere nell\u2019eresia di Ario, il quale aveva sostenuto che Cristo sarebbe stato il mirabile esempio di un uomo giunto alla perfezione mediante la sua santit\u00e0 ed il suo eroismo, privo quindi della divinit\u00e0 e della consustanzialit\u00e0 col Padre. <\/span><\/p>\n\n\n<div class=\"wp-block-image\">\n<figure class=\"aligncenter is-resized\"><img loading=\"lazy\" decoding=\"async\" width=\"181\" height=\"278\" src=\"https:\/\/www.rassegnastampa-totustuus.it\/cattolica\/wp-content\/uploads\/2019\/07\/Maria.jpg\" alt=\"\" class=\"wp-image-43463\" style=\"width:245px;height:auto\"\/><\/figure><\/div>\n\n\n<p><span style=\"color: #000000;\">Per questo, Nestorio propose di utilizzare il termine&nbsp;<em>Christot\u00f2kos<\/em>&nbsp;(<em>Madre di Cristo<\/em>) oppure quello di&nbsp;<em>Theod\u00f2chos<\/em>&nbsp;(<em>che riceve Dio<\/em>), a significare che in Ges\u00f9 Cristo convivevano due distinte persone, l\u2019Uomo e il Dio e Maria era madre solo della persona umana di Ges\u00f9. <\/span><\/p>\n\n\n\n<p><span style=\"color: #000000;\">Nestorio era sostenitore dell\u2019identit\u00e0 di natura (<em>ous\u00eca<\/em>) e persona (<em>hypostasis<\/em>) e della immutabilit\u00e0 di Dio. Se Dio \u00e8 immutabile, insomma, la sostanza umana e la sostanza divina non possono fondersi; se a ogni sostanza deve corrispondere una persona, allora in Cristo vi sono due persone distinte, una divina e una umana, con una attivit\u00e0 comune. <\/span><\/p>\n\n\n\n<p><span style=\"color: #000000;\">Il termine&nbsp;<em>theot\u00f2kos<\/em>, per Nestorio, poteva significare che la natura umana di Cristo era stata annullata da quella divina. Egli era, infatti, convinto che esistessero due persone separate nel Cristo incarnato, l\u2019uno Divino e l\u2019altro umano, cio\u00e8 le due nature erano solo congiunte, mentre neg\u00f2 che ci fosse una unione ipostatica fra le due nature, come affermato dalla scuola alessandrina. <\/span><\/p>\n\n\n\n<p><span style=\"color: #000000;\">Diversamente dai teologi di Antiochia di scuola aristotelica, che mettono in risalto l\u2019umanit\u00e0 di Cristo e l\u2019unione delle sue due nature, rimaste integre in una sola persona, la scuola alessandrina che si rif\u00e0 a quella platonica, parte dalla divinit\u00e0 di Cristo e dall\u2019unit\u00e0 di persona nel Verbo che esiste dall\u2019eternit\u00e0 e che si incarna alla fine dei tempi. <\/span><\/p>\n\n\n<div class=\"wp-block-image wp-image-51887\">\n<figure class=\"aligncenter is-resized\"><img loading=\"lazy\" decoding=\"async\" width=\"300\" height=\"166\" src=\"https:\/\/www.rassegnastampa-totustuus.it\/cattolica\/wp-content\/uploads\/2021\/07\/Antiochia_Siria_chiesa-300x166.jpg\" alt=\"\" class=\"wp-image-51887\" style=\"width:474px;height:auto\" srcset=\"https:\/\/www.rassegnastampa-totustuus.it\/cattolica\/wp-content\/uploads\/2021\/07\/Antiochia_Siria_chiesa-300x166.jpg 300w, https:\/\/www.rassegnastampa-totustuus.it\/cattolica\/wp-content\/uploads\/2021\/07\/Antiochia_Siria_chiesa.jpg 301w\" sizes=\"auto, (max-width: 300px) 100vw, 300px\" \/><figcaption class=\"wp-element-caption\">L&#8217;antica Antiochia<\/figcaption><\/figure><\/div>\n\n\n<p><span style=\"color: #000000;\">Nestorio proveniva da Antiochia, una citt\u00e0 molto importante della Siria. La scuola di Antiochia era pi\u00f9 semitica, pi\u00f9 concreta, non erano tendenti alla filosofia, ma alla realt\u00e0, alle cose che si possono toccare e vedere, amavano il senso letterale della Scrittura, davano maggiore peso alla natura umana di Cristo vedendo quindi Ges\u00f9 pi\u00f9 come uomo che come Dio (era quindi impensabile per Nestorio che una donna avesse potuto generare Dio che era eterno). <\/span><\/p>\n\n\n\n<p><span style=\"color: #000000;\">La scuola di Alessandria amava molto di pi\u00f9 la filosofia, leggevano la Scrittura per cercare di scoprirne un senso nascosto, curando molto la meditazione e la preghiera. I primi a protestare furono Eusebio vescovo di Quinnasrin ed i due ex pretendenti al seggio di patriarca, Filippo e, ovviamente, Proclo, parte in causa. <\/span><\/p>\n\n\n<div class=\"wp-block-image wp-image-51888\">\n<figure class=\"aligncenter is-resized\"><img loading=\"lazy\" decoding=\"async\" width=\"150\" height=\"180\" src=\"https:\/\/www.rassegnastampa-totustuus.it\/cattolica\/wp-content\/uploads\/2021\/07\/Cirillo_alessandria_santi.jpg\" alt=\"\" class=\"wp-image-51888\" style=\"width:242px;height:auto\"\/><figcaption class=\"wp-element-caption\">Cirillo di Alessandria<\/figcaption><\/figure><\/div>\n\n\n<p><span style=\"color: #000000;\">Cos\u00ec alla fine del 428 l\u2019eco della controversia giunse ad Alessandria, dove il vescovo Cirillo si affrett\u00f2 a difendere la legittimit\u00e0 del termine&nbsp;<em>theot\u00f2kos<\/em>&nbsp;davanti ai vescovi suffraganei. Il vescovo di Alessandria contest\u00f2 tenacemente Nestorio (e il suo maestro Teodoro di Mopsuestia, vero autore della dottrina), accusandolo di&nbsp;<em>duofisismo<\/em>&nbsp;(cio\u00e8 di sostenere la doppia natura di Cristo). <\/span><\/p>\n\n\n\n<p><span style=\"color: #000000;\">Combattendo Nestorio, si oppose all\u2019espressione di&nbsp;<em>Maria madre di Cristo<\/em>&nbsp;sostenendo quella di&nbsp;<em>Maria madre di Dio<\/em>&nbsp;perch\u00e9 equivaleva ad affermare che in Cristo \u00e8 una sola persona, quella del Figlio di Dio: \u00ab<em>Siccome la Vergine gener\u00f2 secondo la carne Dio unito personalmente alla carne, diciamo che ella \u00e8 madre di Dio, non nel senso che la natura del Verbo prese dalla carne l\u2019inizio della sua esistenza ma nel senso che, avendo il Verbo assunto personalmente la natura umana, accett\u00f2 di essere generato dal suo seno secondo la carne<\/em>\u00bb (Cirillo di Alessandria). <\/span><\/p>\n\n\n\n<p><span style=\"color: #000000;\">Le due nature, divina e umana, sono in Cristo indipendenti e non confuse in una sola persona divina: allora, possono predicarsi della persona divina di Cristo tutte le propriet\u00e0 della natura umana e dire anche che Dio nasce, patisce e muore. Se dunque si pu\u00f2 dire che Dio nasce, allora Maria \u00e8 madre di Dio. <\/span><\/p>\n\n\n<div class=\"wp-block-image\">\n<figure class=\"aligncenter is-resized\"><img loading=\"lazy\" decoding=\"async\" width=\"194\" height=\"259\" src=\"https:\/\/www.rassegnastampa-totustuus.it\/cattolica\/wp-content\/uploads\/2017\/11\/Madonna_buon_consiglio.jpg\" alt=\"\" class=\"wp-image-39023\" style=\"width:324px;height:auto\"\/><\/figure><\/div>\n\n\n<p><span style=\"color: #000000;\">Dapprima gli invi\u00f2 una lettera con richiesta di chiarimenti, ma Nestorio, come Cirillo, aveva un carattere vivace e suscettibile e, cos\u00ec, la sua risposta fu di imparare la moderazione cristiana, iniziando una vera e propria campagna in favore della propria tesi cristologica, informando della disputa Papa Celestino (422-432) con una lettera che descriveva le teorie degli avversari come ariane e apollinariste. <\/span><\/p>\n\n\n\n<p><span style=\"color: #000000;\">Dal canto suo Cirillo di Alessandria fece redigere un\u2019antologia di sermoni di Nestorio, con traduzione latina a fronte, che fece avere a Celestino, il quale la trasmise a sua volta a Giovanni Cassiano, il pi\u00f9 noto teologo dell\u2019Occidente. Quest\u2019ultimo compose quindi il trattato&nbsp;<em>De incarnatione Domini contra Nestorium<\/em>, respingendo le teorie nestoriane senza offrire per\u00f2 una adeguata confutazione. <\/span><\/p>\n\n\n\n<p><span style=\"color: #000000;\">Nel 430 Cirillo invi\u00f2 una seconda lettera a Nestorio, pregandolo di applicare con \u00ab<em>somma cura le parole della dottrina per rimanere fedele al credo<\/em>\u00bb, conservando gli insegnamenti dei Padri. Nestorio ribad\u00ec il suo rifiuto di usare il termine&nbsp;<em>theot\u00f2kos<\/em>, perch\u00e9 poteva suscitare l\u2019idea che anche la natura divina sarebbe nata, morta e risorta e questa possibilit\u00e0 ispirava in lui orrore, essendo un\u2019affermazione degna di eretici come Ario e Apollinare. <\/span><\/p>\n\n\n<div class=\"wp-block-image\">\n<figure class=\"aligncenter is-resized\"><img loading=\"lazy\" decoding=\"async\" width=\"266\" height=\"189\" src=\"https:\/\/www.rassegnastampa-totustuus.it\/cattolica\/wp-content\/uploads\/2021\/07\/Chiesa.jpg\" alt=\"\" class=\"wp-image-51889\" style=\"width:434px;height:auto\"\/><\/figure><\/div>\n\n\n<p><span style=\"color: #000000;\">In tutta questa disputa, i fatti non si presentavano particolarmente favorevoli, per varie ragioni, a Nestorio. Innanzitutto, le sedi di Alessandria e Roma si erano unite contro il potere e prestigio delle sedi di Costantinopoli e Antiochia. Cirillo aveva dalla sua parte le due donne pi\u00f9 potenti dell\u2019impero, vale a dire la sorelle e la moglie dell\u2019imperatore, sebbene anche Nestorio cercasse invano di garantirsi la protezione della famiglia imperiale redigendo una serie di saggi teologici. <\/span><\/p>\n\n\n\n<p><span style=\"color: #000000;\">Inoltre, il citato scritto anti-nestoriano&nbsp;<em>De incarnatione Domini<\/em>&nbsp;ebbe notevole diffusione in Occidente, essendo tenuto in gran considerazione nei maggiori circoli. Come gi\u00e0 detto, Nestorio proteggeva i pelagiani che erano residenti in citt\u00e0 ed anche questo non depose molto a suo favore. Infine, c\u2019\u00e8 da aggiungere che Nestorio aveva un carattere piuttosto difficile che non aiutava affatto qualsiasi ricerca di mediazione. <\/span><\/p>\n\n\n<div class=\"wp-block-image wp-image-51890 size-full\">\n<figure class=\"aligncenter is-resized\"><img loading=\"lazy\" decoding=\"async\" width=\"225\" height=\"225\" src=\"https:\/\/www.rassegnastampa-totustuus.it\/cattolica\/wp-content\/uploads\/2021\/07\/papa_Celestino_I_Chiesa.jpg\" alt=\"\" class=\"wp-image-51890\" style=\"width:313px;height:auto\" srcset=\"https:\/\/www.rassegnastampa-totustuus.it\/cattolica\/wp-content\/uploads\/2021\/07\/papa_Celestino_I_Chiesa.jpg 225w, https:\/\/www.rassegnastampa-totustuus.it\/cattolica\/wp-content\/uploads\/2021\/07\/papa_Celestino_I_Chiesa-150x150.jpg 150w\" sizes=\"auto, (max-width: 225px) 100vw, 225px\" \/><figcaption class=\"wp-element-caption\">Papa Celestino<\/figcaption><\/figure><\/div>\n\n\n<p><span style=\"color: #000000;\">Papa Celestino, convinto di avere elementi sufficienti per prendere una decisione, convoc\u00f2 un sinodo romano per l\u2019estate del 430, che condann\u00f2 Nestorio ordinandogli una ritrattazione pubblica entro dieci giorni e diede mandato proprio a Cirillo di notificargli la condanna. <\/span><\/p>\n\n\n\n<p><span style=\"color: #000000;\">Si tratt\u00f2 di decisione rivelatasi fatale perch\u00e9, ovviamente, Cirillo era troppo compromesso nella controversia e, prevaricando l\u2019incarico ricevuto, stese di sua iniziativa un elenco di dodici anatemi che invi\u00f2 a Nestorio, facendogli intendere che la sottomissione alle decisioni papali avrebbe comportato anche la sottoscrizione di questo documento. <\/span><\/p>\n\n\n\n<p><span style=\"color: #000000;\">Nestorio, esasperato da questo trattamento, rielabor\u00f2 un contro-documento e chiese all\u2019imperatore Teodosio II che il dibattito fosse posto in un concilio plenario. Fu cos\u00ec che fu convocato per la Pasqua del 431 il concilio di Efeso in Turchia. L\u2019invito di partecipare al Concilio fu esteso anche al Papa. Celestino, per\u00f2, che si era gi\u00e0 pronunciato sulla controversia, nomin\u00f2 come suo rappresentante ancora una volta Cirillo, il quale fu accompagnato da 40 vescovi egiziani. <\/span><\/p>\n\n\n<div class=\"wp-block-image wp-image-51891\">\n<figure class=\"aligncenter is-resized\"><img loading=\"lazy\" decoding=\"async\" width=\"225\" height=\"225\" src=\"https:\/\/www.rassegnastampa-totustuus.it\/cattolica\/wp-content\/uploads\/2021\/07\/Efeso_Concilio_chiesa.jpg\" alt=\"\" class=\"wp-image-51891\" style=\"width:369px;height:auto\" srcset=\"https:\/\/www.rassegnastampa-totustuus.it\/cattolica\/wp-content\/uploads\/2021\/07\/Efeso_Concilio_chiesa.jpg 225w, https:\/\/www.rassegnastampa-totustuus.it\/cattolica\/wp-content\/uploads\/2021\/07\/Efeso_Concilio_chiesa-150x150.jpg 150w\" sizes=\"auto, (max-width: 225px) 100vw, 225px\" \/><figcaption class=\"wp-element-caption\">Concilio di Efeso<\/figcaption><\/figure><\/div>\n\n\n<p><span style=\"color: #000000;\">Nestorio, da parte sua, si pose a capo di numerosi vescovi della Tracia e dell\u2019Asia Minore. In ritardo, giunsero a Efeso anche vescovi della Siria e della Palestina. Cirillo per\u00f2 non volle attendere i ritardatari e, cos\u00ec, il 22 giugno 431, fece iniziare i lavori del concilio nonostante la protesta del&nbsp;<em>comes<\/em> (\u201ccompagno\u201d, grado dell\u2019esercito e dell\u2019amministrazione romana fin dai tempi dell\u2019Imperatore Traiano) Candidiano e di 68 vescovi. <\/span><\/p>\n\n\n\n<p><span style=\"color: #000000;\">Nestorio ed i vescovi di Antiochia, in minoranza numerica, non vollero partecipare ai lavori che si conclusero nel primo giorno di discussione. Fu dapprima letta la confessione di fede di Nicea e la seconda lettera di Cirillo a Nestorio. In seguito, fu resa nota la risposta di quest\u2019ultimo a Cirillo che fu disapprovata da tutti i 150 presenti. Infine, fu letta la terza lettera di Cirillo con i dodici anatemi: per Nestorio non ci fu scampo alla condanna!<\/span><\/p>\n\n\n\n<p><span style=\"color: #000000;\"> Venne redatta una lettera nella quale fu addirittura definito \u201cnuovo Giuda\u201d, per comunicargli le decisioni del Concilio. Ovviamente il teologo ed i suoi sostenitori protestarono animatamente, soprattutto contro il vescovo di Efeso Memnone, dichiarando illegali e non valide tutte le decisioni assunte dall\u2019assemblea. <\/span><\/p>\n\n\n<div class=\"wp-block-image\">\n<figure class=\"aligncenter is-resized\"><img loading=\"lazy\" decoding=\"async\" width=\"258\" height=\"195\" src=\"https:\/\/www.rassegnastampa-totustuus.it\/cattolica\/wp-content\/uploads\/2017\/05\/Madonna_Fatima.jpg\" alt=\"\" class=\"wp-image-37752\" style=\"width:402px;height:auto\"\/><\/figure><\/div>\n\n\n<p><span style=\"color: #000000;\">Come si intuisce, l\u2019intero andamento del concilio fu sfalsato da una serie di eventi rocamboleschi: l\u2019arrivo in massa degli alleati di Cirillo il 22 giugno che, senza attendere la controparte, confermarono la scomunica a Nestorio, gli atti di violenza della popolazione, aizzata da Memnone di Efeso, alleato di Cirillo, l\u2019arrivo il 24 giugno di Giovanni di Antiochia e dei vescovi favorevoli a Nestorio, che annullarono la sentenza e contro-scomunicarono Cirillo e Memnone, l\u2019arrivo dei delegati occidentali il 10 luglio, che permisero a Cirillo di riaprire i lavori, confermando la scomunica precedente e aggiungendoci i nomi di Giovanni di Antiochia e dei suoi seguaci e, infine, i tentennamenti dell\u2019imperatore riguardo alle ragioni dell\u2019una e dell\u2019altra parte, con i relativi tentativi di corruzione. <\/span><\/p>\n\n\n\n<p><span style=\"color: #000000;\">Infine l\u2019intervento del <em>comes<\/em>&nbsp;Giovanni, inviato dell\u2019imperatore, che fece arrestare Nestorio, Cirillo e Memnone e dichiarare sciolto il Concilio. Con la scomunica, nel Concilio di Efeso si stabil\u00ec che: \u00ab<em>Il Verbo di Dio Padre \u00e8 unito alla carne secondo sussistenza (<\/em>hypostasin<em>), Cristo \u00e8 uno con la sua carne e lo stesso \u00e8 insieme Dio e uomo; in Cristo non si devono dividere le sostanze dopo l\u2019unione, congiungendole soltanto con la connessione che si richiama alla dignit\u00e0 o anche all\u2019autorit\u00e0 e alla potenza, escludendo l\u2019incontro realizzato mediante l\u2019<\/em>unit\u00e0 naturale<em>; n\u00e9 si deve dire che Cristo \u00e8 un&nbsp;<\/em>uomo che porta Dio<em>, ma che \u00e8 veramente Dio<\/em>\u00bb. <\/span><\/p>\n\n\n<div class=\"wp-block-image\">\n<figure class=\"aligncenter is-resized\"><img loading=\"lazy\" decoding=\"async\" width=\"268\" height=\"188\" src=\"https:\/\/www.rassegnastampa-totustuus.it\/cattolica\/wp-content\/uploads\/2021\/07\/Petra_Chiesa-.jpg\" alt=\"\" class=\"wp-image-51892\" style=\"width:408px;height:auto\"\/><\/figure><\/div>\n\n\n<p><span style=\"color: #000000;\">Nestorio a questo punto dovette abbandonare il campo ritornando nel suo antico monastero di Eupreprio, col che Cirillo approfitt\u00f2 per convincere della sua tesi molti dei suoi seguaci. Pi\u00f9 tardi fu esiliato a Petra in Arabia dove visse fino al tempo del concilio di Calcedonia (451), che risolse definitivamente il problema teologico dibattuto ad Efeso. <\/span><\/p>\n\n\n\n<p><span style=\"color: #000000;\">Durante l\u2019esilio, Nestorio redasse un testo, riscoperto solamente nel 1895, noto col titolo di <em>Libro di Eraclide<\/em>, anteriore al Concilio di Calcedonia, nel quale figurano affermazioni sulla natura di Cristo come \u00ab<em>lo stesso uno e duplice<\/em>\u00bb, assai simili, dunque, a quelle affermate a Calcedonia. Possiamo dire che la controversia tra Nestorio e Cirillo, ponendosi al centro del rapporto tra le due nature in Cristo, ha costituito la maggiore divergenza tra le grandi scuole di cristologia antica antiochena ed alessandrina. <\/span><\/p>\n\n\n<div class=\"wp-block-image\">\n<figure class=\"aligncenter is-resized\"><img loading=\"lazy\" decoding=\"async\" width=\"128\" height=\"179\" src=\"https:\/\/www.rassegnastampa-totustuus.it\/cattolica\/wp-content\/uploads\/2021\/07\/Libro_Eraclide.jpg\" alt=\"\" class=\"wp-image-51893\" style=\"width:220px;height:auto\"\/><\/figure><\/div>\n\n\n<p><span style=\"color: #000000;\">Nel sopra citato <em>Libro di Eraclide<\/em>, criticando aspramente le decisioni di Efeso, Nestorio cerc\u00f2 di chiarire il suo pensiero circa un solo e medesimo Cristo in due nature. Egli, infatti, considerava la natura come punto di partenza e principio della dualit\u00e0 in Cristo, senza comprendere quindi il significato del termine&nbsp;<em>theot\u00f2kos<\/em>. <\/span><\/p>\n\n\n\n<p><span style=\"color: #000000;\">Nel trattato Nestorio sosteneva l\u2019esistenza di due persone-nature (la divina e l\u2019umana) in Cristo, le quali venivano tenute insieme non dall\u2019ipostasi, ma da una terza persona unitiva comune (<em>prosopon<\/em>), ritenuto il modo di manifestarsi dell\u2019essenza (<em>ousia<\/em>) di Cristo. <\/span><\/p>\n\n\n\n<p><span style=\"color: #000000;\">L\u2019errore dei nestoriani aveva portato a separare le due nature in Cristo, tanto da minacciarne l\u2019identit\u00e0 unitaria. Gli alessandrini, loro avversari, caddero nell\u2019estremo opposto, accentuando la divinit\u00e0 a scapito dell\u2019umanit\u00e0, fino a mescolare le due nature o ad assorbire la natura umana in quella divina. <\/span><\/p>\n\n\n\n<p><span style=\"color: #000000;\">Pur ammettendo che Cristo risulta dalla composizione delle due nature, una volta incarnatosi \u2013 per essi \u2013 si poteva parlare di una sola ed unica natura, da cui l\u2019affermazione di \u201cmonofisismo\u201d. Quindi, per gli alessandrini, il corpo di Cristo non era di uguale natura rispetto al nostro, essendo piuttosto un \u201ccorpo divinizzato\u201d. <\/span><\/p>\n\n\n<div class=\"wp-block-image\">\n<figure class=\"aligncenter is-resized\"><img loading=\"lazy\" decoding=\"async\" width=\"214\" height=\"235\" src=\"https:\/\/www.rassegnastampa-totustuus.it\/cattolica\/wp-content\/uploads\/2016\/06\/Cristo_Cosma-Damiano_Roma.jpg\" alt=\"\" class=\"wp-image-34505\" style=\"width:338px;height:auto\"\/><\/figure><\/div>\n\n\n<p><span style=\"color: #000000;\">La tendenza degli storici odierni \u00e8 di considerare la cristologia di Nestorio sostanzialmente conforme con l\u2019ortodossia, nonostante le carenze e le imprecisioni del suo linguaggio. Ha scritto a tal proposito il padre saveriano Battista Mondin (1926-2015): \u00ab<em>Per la scarsit\u00e0 degli scritti pervenutici \u2013 alcune lettere, omelie, frammenti della controversia, e il tardivo Libro di Eraclide composto all\u2019epoca del Concilio di Calcedonia, e testimone forse di una certa evoluzione del suo pensiero -, c\u2019\u00e8 molta incertezza nello stabilire quale sia stato effettivamente il suo pensiero. La tendenza degli storici oggi \u00e8 di considerare la ricerca storica contemporanea che sconfessa l\u2019attendibilit\u00e0 del \u201cmodello convenzionale\u201d della dottrina di Nestorio cos\u00ec come viene presentata dai suoi avversari e soprattutto da Cirillo di Alessandria<\/em>\u00bb (<em>Storia della teologia<\/em>, vol. I,&nbsp;<em>Edizioni Studio Domenicano<\/em>, Brescia 1996, p. 259). <\/span><\/p>\n\n\n\n<p><span style=\"color: #000000;\">Insomma, il modello che identifica il nestorianesimo come un\u2019eresia che sminuisce Cristo, \u00e8 destinato a revisione, soprattutto a motivo del fatto che, i testi che riportano la sua dottrina, sono stati finora acriticamente assunti dal suo \u201cavversario\u201d Cirillo. Una certa rivalutazione di Nestorio, in definitiva, parrebbe ragionevole, valorizzando soprattutto il fondo di verit\u00e0 che esiste nel <em>Libro di Eraclide<\/em>, nel quale egli acconsente, sebbene in senso analogico, alla dottrina di Maria&nbsp;<em>Madre di Dio<\/em>.<\/span><\/p>\n","protected":false},"excerpt":{"rendered":"<p>Informazione Cattolica 4 Luglio 2021 Nella storia della chiesa, fin dai primi secoli, vi \u00e8 sempre stato chi, dall\u2019interno, ha cercato (senza riuscirci) di negarne i fondamenti e le principali verit\u00e0 teologiche. \u00e8 stato questo il caso, fra gli altri, del vescovo e teologo siriano Nestorio (381-451), la cui eresia cristologica, respinta dal Concilio di &hellip; <\/p>\n<p><a class=\"more-link btn\" href=\"https:\/\/www.rassegnastampa-totustuus.it\/cattolica\/la-missione-di-maria-nelleconomia-della-salvezza-personaggi-ed-eventi-delleresia-nestoriana\/\">Continua a leggere<\/a><\/p>\n","protected":false},"author":6,"featured_media":51883,"comment_status":"closed","ping_status":"closed","sticky":false,"template":"","format":"standard","meta":{"footnotes":""},"categories":[5,42,29],"tags":[1398,1364],"class_list":["post-51882","post","type-post","status-publish","format-standard","has-post-thumbnail","hentry","category-chiesa","category-dottrina-e-morale","category-eresie-cristiane","tag-maria-immacolata","tag-salvezza-eterna","item-wrap"],"yoast_head":"<!-- This site is optimized with the Yoast SEO plugin v27.5 - https:\/\/yoast.com\/product\/yoast-seo-wordpress\/ -->\n<title>La missione di Maria nell\u2019economia della Salvezza: personaggi ed eventi dell\u2019eresia nestoriana - Rassegna Stampa Cattolica<\/title>\n<meta name=\"description\" content=\"La missione di Maria nell\u2019economia della Salvezza: personaggi ed eventi dell\u2019eresia nestoriana. Sviluppo della dottrina su Maria\" \/>\n<meta name=\"robots\" content=\"index, follow, max-snippet:-1, max-image-preview:large, max-video-preview:-1\" \/>\n<link rel=\"canonical\" href=\"https:\/\/www.rassegnastampa-totustuus.it\/cattolica\/la-missione-di-maria-nelleconomia-della-salvezza-personaggi-ed-eventi-delleresia-nestoriana\/\" \/>\n<meta property=\"og:locale\" content=\"it_IT\" \/>\n<meta property=\"og:type\" content=\"article\" \/>\n<meta property=\"og:title\" content=\"La missione di Maria nell\u2019economia della Salvezza: personaggi ed eventi dell\u2019eresia nestoriana - Rassegna Stampa Cattolica\" \/>\n<meta property=\"og:description\" content=\"La missione di Maria nell\u2019economia della Salvezza: personaggi ed eventi dell\u2019eresia nestoriana. Sviluppo della dottrina su Maria\" \/>\n<meta property=\"og:url\" content=\"https:\/\/www.rassegnastampa-totustuus.it\/cattolica\/la-missione-di-maria-nelleconomia-della-salvezza-personaggi-ed-eventi-delleresia-nestoriana\/\" \/>\n<meta property=\"og:site_name\" content=\"Rassegna Stampa Cattolica\" \/>\n<meta property=\"article:publisher\" content=\"https:\/\/www.facebook.com\/rassegnastampacattolica\" \/>\n<meta property=\"article:published_time\" content=\"2021-07-07T22:00:34+00:00\" \/>\n<meta property=\"article:modified_time\" content=\"2025-07-23T09:10:07+00:00\" \/>\n<meta property=\"og:image\" content=\"https:\/\/www.rassegnastampa-totustuus.it\/cattolica\/wp-content\/uploads\/2021\/07\/Maria.jpg\" \/>\n\t<meta property=\"og:image:width\" content=\"1280\" \/>\n\t<meta property=\"og:image:height\" content=\"720\" \/>\n\t<meta property=\"og:image:type\" content=\"image\/jpeg\" \/>\n<meta name=\"author\" content=\"Redazione\" \/>\n<meta name=\"twitter:card\" content=\"summary_large_image\" \/>\n<meta name=\"twitter:creator\" content=\"@rassegnastampa9\" \/>\n<meta name=\"twitter:site\" content=\"@rassegnastampa9\" \/>\n<meta name=\"twitter:label1\" content=\"Scritto da\" \/>\n\t<meta name=\"twitter:data1\" content=\"Redazione\" \/>\n\t<meta name=\"twitter:label2\" content=\"Tempo di lettura stimato\" \/>\n\t<meta name=\"twitter:data2\" content=\"16 minuti\" \/>\n<script type=\"application\/ld+json\" class=\"yoast-schema-graph\">{\"@context\":\"https:\\\/\\\/schema.org\",\"@graph\":[{\"@type\":\"Article\",\"@id\":\"https:\\\/\\\/www.rassegnastampa-totustuus.it\\\/cattolica\\\/la-missione-di-maria-nelleconomia-della-salvezza-personaggi-ed-eventi-delleresia-nestoriana\\\/#article\",\"isPartOf\":{\"@id\":\"https:\\\/\\\/www.rassegnastampa-totustuus.it\\\/cattolica\\\/la-missione-di-maria-nelleconomia-della-salvezza-personaggi-ed-eventi-delleresia-nestoriana\\\/\"},\"author\":{\"name\":\"Redazione\",\"@id\":\"https:\\\/\\\/www.rassegnastampa-totustuus.it\\\/cattolica\\\/#\\\/schema\\\/person\\\/08f319d2bd1a0904ad9e2bfb7b15e5c3\"},\"headline\":\"La missione di Maria nell\u2019economia della Salvezza: personaggi ed eventi dell\u2019eresia nestoriana\",\"datePublished\":\"2021-07-07T22:00:34+00:00\",\"dateModified\":\"2025-07-23T09:10:07+00:00\",\"mainEntityOfPage\":{\"@id\":\"https:\\\/\\\/www.rassegnastampa-totustuus.it\\\/cattolica\\\/la-missione-di-maria-nelleconomia-della-salvezza-personaggi-ed-eventi-delleresia-nestoriana\\\/\"},\"wordCount\":2414,\"publisher\":{\"@id\":\"https:\\\/\\\/www.rassegnastampa-totustuus.it\\\/cattolica\\\/#organization\"},\"image\":{\"@id\":\"https:\\\/\\\/www.rassegnastampa-totustuus.it\\\/cattolica\\\/la-missione-di-maria-nelleconomia-della-salvezza-personaggi-ed-eventi-delleresia-nestoriana\\\/#primaryimage\"},\"thumbnailUrl\":\"https:\\\/\\\/www.rassegnastampa-totustuus.it\\\/cattolica\\\/wp-content\\\/uploads\\\/2021\\\/07\\\/Maria.jpg\",\"keywords\":[\"Maria immacolata\",\"salvezza eterna\"],\"articleSection\":[\"Chiesa\",\"Dottrina e morale\",\"Eresie cristiane\"],\"inLanguage\":\"it-IT\"},{\"@type\":\"WebPage\",\"@id\":\"https:\\\/\\\/www.rassegnastampa-totustuus.it\\\/cattolica\\\/la-missione-di-maria-nelleconomia-della-salvezza-personaggi-ed-eventi-delleresia-nestoriana\\\/\",\"url\":\"https:\\\/\\\/www.rassegnastampa-totustuus.it\\\/cattolica\\\/la-missione-di-maria-nelleconomia-della-salvezza-personaggi-ed-eventi-delleresia-nestoriana\\\/\",\"name\":\"La missione di Maria nell\u2019economia della Salvezza: personaggi ed eventi dell\u2019eresia nestoriana - Rassegna Stampa Cattolica\",\"isPartOf\":{\"@id\":\"https:\\\/\\\/www.rassegnastampa-totustuus.it\\\/cattolica\\\/#website\"},\"primaryImageOfPage\":{\"@id\":\"https:\\\/\\\/www.rassegnastampa-totustuus.it\\\/cattolica\\\/la-missione-di-maria-nelleconomia-della-salvezza-personaggi-ed-eventi-delleresia-nestoriana\\\/#primaryimage\"},\"image\":{\"@id\":\"https:\\\/\\\/www.rassegnastampa-totustuus.it\\\/cattolica\\\/la-missione-di-maria-nelleconomia-della-salvezza-personaggi-ed-eventi-delleresia-nestoriana\\\/#primaryimage\"},\"thumbnailUrl\":\"https:\\\/\\\/www.rassegnastampa-totustuus.it\\\/cattolica\\\/wp-content\\\/uploads\\\/2021\\\/07\\\/Maria.jpg\",\"datePublished\":\"2021-07-07T22:00:34+00:00\",\"dateModified\":\"2025-07-23T09:10:07+00:00\",\"description\":\"La missione di Maria nell\u2019economia della Salvezza: personaggi ed eventi dell\u2019eresia nestoriana. Sviluppo della dottrina su Maria\",\"breadcrumb\":{\"@id\":\"https:\\\/\\\/www.rassegnastampa-totustuus.it\\\/cattolica\\\/la-missione-di-maria-nelleconomia-della-salvezza-personaggi-ed-eventi-delleresia-nestoriana\\\/#breadcrumb\"},\"inLanguage\":\"it-IT\",\"potentialAction\":[{\"@type\":\"ReadAction\",\"target\":[\"https:\\\/\\\/www.rassegnastampa-totustuus.it\\\/cattolica\\\/la-missione-di-maria-nelleconomia-della-salvezza-personaggi-ed-eventi-delleresia-nestoriana\\\/\"]}]},{\"@type\":\"ImageObject\",\"inLanguage\":\"it-IT\",\"@id\":\"https:\\\/\\\/www.rassegnastampa-totustuus.it\\\/cattolica\\\/la-missione-di-maria-nelleconomia-della-salvezza-personaggi-ed-eventi-delleresia-nestoriana\\\/#primaryimage\",\"url\":\"https:\\\/\\\/www.rassegnastampa-totustuus.it\\\/cattolica\\\/wp-content\\\/uploads\\\/2021\\\/07\\\/Maria.jpg\",\"contentUrl\":\"https:\\\/\\\/www.rassegnastampa-totustuus.it\\\/cattolica\\\/wp-content\\\/uploads\\\/2021\\\/07\\\/Maria.jpg\",\"width\":1280,\"height\":720},{\"@type\":\"BreadcrumbList\",\"@id\":\"https:\\\/\\\/www.rassegnastampa-totustuus.it\\\/cattolica\\\/la-missione-di-maria-nelleconomia-della-salvezza-personaggi-ed-eventi-delleresia-nestoriana\\\/#breadcrumb\",\"itemListElement\":[{\"@type\":\"ListItem\",\"position\":1,\"name\":\"Home\",\"item\":\"https:\\\/\\\/www.rassegnastampa-totustuus.it\\\/cattolica\\\/\"},{\"@type\":\"ListItem\",\"position\":2,\"name\":\"La missione di Maria nell\u2019economia della Salvezza: personaggi ed eventi dell\u2019eresia nestoriana\"}]},{\"@type\":\"WebSite\",\"@id\":\"https:\\\/\\\/www.rassegnastampa-totustuus.it\\\/cattolica\\\/#website\",\"url\":\"https:\\\/\\\/www.rassegnastampa-totustuus.it\\\/cattolica\\\/\",\"name\":\"Rassegna Stampa Cattolica\",\"description\":\"Per una cultura che nasce dalla Rivelazione cristiana in conformit\u00e0 alla tradizione e al Magistero della Chiesa in opposizione ad ogni relativismo e totalitarismo\",\"publisher\":{\"@id\":\"https:\\\/\\\/www.rassegnastampa-totustuus.it\\\/cattolica\\\/#organization\"},\"alternateName\":\"Rass. Cattolica\",\"potentialAction\":[{\"@type\":\"SearchAction\",\"target\":{\"@type\":\"EntryPoint\",\"urlTemplate\":\"https:\\\/\\\/www.rassegnastampa-totustuus.it\\\/cattolica\\\/?s={search_term_string}\"},\"query-input\":{\"@type\":\"PropertyValueSpecification\",\"valueRequired\":true,\"valueName\":\"search_term_string\"}}],\"inLanguage\":\"it-IT\"},{\"@type\":\"Organization\",\"@id\":\"https:\\\/\\\/www.rassegnastampa-totustuus.it\\\/cattolica\\\/#organization\",\"name\":\"Rassegna Stampa Cattolica\",\"url\":\"https:\\\/\\\/www.rassegnastampa-totustuus.it\\\/cattolica\\\/\",\"logo\":{\"@type\":\"ImageObject\",\"inLanguage\":\"it-IT\",\"@id\":\"https:\\\/\\\/www.rassegnastampa-totustuus.it\\\/cattolica\\\/#\\\/schema\\\/logo\\\/image\\\/\",\"url\":\"https:\\\/\\\/www.rassegnastampa-totustuus.it\\\/cattolica\\\/wp-content\\\/uploads\\\/2014\\\/04\\\/logo-rassegna1.gif\",\"contentUrl\":\"https:\\\/\\\/www.rassegnastampa-totustuus.it\\\/cattolica\\\/wp-content\\\/uploads\\\/2014\\\/04\\\/logo-rassegna1.gif\",\"width\":600,\"height\":163,\"caption\":\"Rassegna Stampa Cattolica\"},\"image\":{\"@id\":\"https:\\\/\\\/www.rassegnastampa-totustuus.it\\\/cattolica\\\/#\\\/schema\\\/logo\\\/image\\\/\"},\"sameAs\":[\"https:\\\/\\\/www.facebook.com\\\/rassegnastampacattolica\",\"https:\\\/\\\/x.com\\\/rassegnastampa9\"]},{\"@type\":\"Person\",\"@id\":\"https:\\\/\\\/www.rassegnastampa-totustuus.it\\\/cattolica\\\/#\\\/schema\\\/person\\\/08f319d2bd1a0904ad9e2bfb7b15e5c3\",\"name\":\"Redazione\",\"image\":{\"@type\":\"ImageObject\",\"inLanguage\":\"it-IT\",\"@id\":\"https:\\\/\\\/secure.gravatar.com\\\/avatar\\\/2fcdf27c78ea025fbdb44e914cc63c72249ffec9dc8aafd5c82b26240ef3f346?s=96&d=mm&r=g\",\"url\":\"https:\\\/\\\/secure.gravatar.com\\\/avatar\\\/2fcdf27c78ea025fbdb44e914cc63c72249ffec9dc8aafd5c82b26240ef3f346?s=96&d=mm&r=g\",\"contentUrl\":\"https:\\\/\\\/secure.gravatar.com\\\/avatar\\\/2fcdf27c78ea025fbdb44e914cc63c72249ffec9dc8aafd5c82b26240ef3f346?s=96&d=mm&r=g\",\"caption\":\"Redazione\"},\"url\":\"https:\\\/\\\/www.rassegnastampa-totustuus.it\\\/cattolica\\\/author\\\/pietroelle\\\/\"}]}<\/script>\n<!-- \/ Yoast SEO plugin. -->","yoast_head_json":{"title":"La missione di Maria nell\u2019economia della Salvezza: personaggi ed eventi dell\u2019eresia nestoriana - Rassegna Stampa Cattolica","description":"La missione di Maria nell\u2019economia della Salvezza: personaggi ed eventi dell\u2019eresia nestoriana. Sviluppo della dottrina su Maria","robots":{"index":"index","follow":"follow","max-snippet":"max-snippet:-1","max-image-preview":"max-image-preview:large","max-video-preview":"max-video-preview:-1"},"canonical":"https:\/\/www.rassegnastampa-totustuus.it\/cattolica\/la-missione-di-maria-nelleconomia-della-salvezza-personaggi-ed-eventi-delleresia-nestoriana\/","og_locale":"it_IT","og_type":"article","og_title":"La missione di Maria nell\u2019economia della Salvezza: personaggi ed eventi dell\u2019eresia nestoriana - Rassegna Stampa Cattolica","og_description":"La missione di Maria nell\u2019economia della Salvezza: personaggi ed eventi dell\u2019eresia nestoriana. Sviluppo della dottrina su Maria","og_url":"https:\/\/www.rassegnastampa-totustuus.it\/cattolica\/la-missione-di-maria-nelleconomia-della-salvezza-personaggi-ed-eventi-delleresia-nestoriana\/","og_site_name":"Rassegna Stampa Cattolica","article_publisher":"https:\/\/www.facebook.com\/rassegnastampacattolica","article_published_time":"2021-07-07T22:00:34+00:00","article_modified_time":"2025-07-23T09:10:07+00:00","og_image":[{"width":1280,"height":720,"url":"https:\/\/www.rassegnastampa-totustuus.it\/cattolica\/wp-content\/uploads\/2021\/07\/Maria.jpg","type":"image\/jpeg"}],"author":"Redazione","twitter_card":"summary_large_image","twitter_creator":"@rassegnastampa9","twitter_site":"@rassegnastampa9","twitter_misc":{"Scritto da":"Redazione","Tempo di lettura stimato":"16 minuti"},"schema":{"@context":"https:\/\/schema.org","@graph":[{"@type":"Article","@id":"https:\/\/www.rassegnastampa-totustuus.it\/cattolica\/la-missione-di-maria-nelleconomia-della-salvezza-personaggi-ed-eventi-delleresia-nestoriana\/#article","isPartOf":{"@id":"https:\/\/www.rassegnastampa-totustuus.it\/cattolica\/la-missione-di-maria-nelleconomia-della-salvezza-personaggi-ed-eventi-delleresia-nestoriana\/"},"author":{"name":"Redazione","@id":"https:\/\/www.rassegnastampa-totustuus.it\/cattolica\/#\/schema\/person\/08f319d2bd1a0904ad9e2bfb7b15e5c3"},"headline":"La missione di Maria nell\u2019economia della Salvezza: personaggi ed eventi dell\u2019eresia nestoriana","datePublished":"2021-07-07T22:00:34+00:00","dateModified":"2025-07-23T09:10:07+00:00","mainEntityOfPage":{"@id":"https:\/\/www.rassegnastampa-totustuus.it\/cattolica\/la-missione-di-maria-nelleconomia-della-salvezza-personaggi-ed-eventi-delleresia-nestoriana\/"},"wordCount":2414,"publisher":{"@id":"https:\/\/www.rassegnastampa-totustuus.it\/cattolica\/#organization"},"image":{"@id":"https:\/\/www.rassegnastampa-totustuus.it\/cattolica\/la-missione-di-maria-nelleconomia-della-salvezza-personaggi-ed-eventi-delleresia-nestoriana\/#primaryimage"},"thumbnailUrl":"https:\/\/www.rassegnastampa-totustuus.it\/cattolica\/wp-content\/uploads\/2021\/07\/Maria.jpg","keywords":["Maria immacolata","salvezza eterna"],"articleSection":["Chiesa","Dottrina e morale","Eresie cristiane"],"inLanguage":"it-IT"},{"@type":"WebPage","@id":"https:\/\/www.rassegnastampa-totustuus.it\/cattolica\/la-missione-di-maria-nelleconomia-della-salvezza-personaggi-ed-eventi-delleresia-nestoriana\/","url":"https:\/\/www.rassegnastampa-totustuus.it\/cattolica\/la-missione-di-maria-nelleconomia-della-salvezza-personaggi-ed-eventi-delleresia-nestoriana\/","name":"La missione di Maria nell\u2019economia della Salvezza: personaggi ed eventi dell\u2019eresia nestoriana - Rassegna Stampa Cattolica","isPartOf":{"@id":"https:\/\/www.rassegnastampa-totustuus.it\/cattolica\/#website"},"primaryImageOfPage":{"@id":"https:\/\/www.rassegnastampa-totustuus.it\/cattolica\/la-missione-di-maria-nelleconomia-della-salvezza-personaggi-ed-eventi-delleresia-nestoriana\/#primaryimage"},"image":{"@id":"https:\/\/www.rassegnastampa-totustuus.it\/cattolica\/la-missione-di-maria-nelleconomia-della-salvezza-personaggi-ed-eventi-delleresia-nestoriana\/#primaryimage"},"thumbnailUrl":"https:\/\/www.rassegnastampa-totustuus.it\/cattolica\/wp-content\/uploads\/2021\/07\/Maria.jpg","datePublished":"2021-07-07T22:00:34+00:00","dateModified":"2025-07-23T09:10:07+00:00","description":"La missione di Maria nell\u2019economia della Salvezza: personaggi ed eventi dell\u2019eresia nestoriana. Sviluppo della dottrina su Maria","breadcrumb":{"@id":"https:\/\/www.rassegnastampa-totustuus.it\/cattolica\/la-missione-di-maria-nelleconomia-della-salvezza-personaggi-ed-eventi-delleresia-nestoriana\/#breadcrumb"},"inLanguage":"it-IT","potentialAction":[{"@type":"ReadAction","target":["https:\/\/www.rassegnastampa-totustuus.it\/cattolica\/la-missione-di-maria-nelleconomia-della-salvezza-personaggi-ed-eventi-delleresia-nestoriana\/"]}]},{"@type":"ImageObject","inLanguage":"it-IT","@id":"https:\/\/www.rassegnastampa-totustuus.it\/cattolica\/la-missione-di-maria-nelleconomia-della-salvezza-personaggi-ed-eventi-delleresia-nestoriana\/#primaryimage","url":"https:\/\/www.rassegnastampa-totustuus.it\/cattolica\/wp-content\/uploads\/2021\/07\/Maria.jpg","contentUrl":"https:\/\/www.rassegnastampa-totustuus.it\/cattolica\/wp-content\/uploads\/2021\/07\/Maria.jpg","width":1280,"height":720},{"@type":"BreadcrumbList","@id":"https:\/\/www.rassegnastampa-totustuus.it\/cattolica\/la-missione-di-maria-nelleconomia-della-salvezza-personaggi-ed-eventi-delleresia-nestoriana\/#breadcrumb","itemListElement":[{"@type":"ListItem","position":1,"name":"Home","item":"https:\/\/www.rassegnastampa-totustuus.it\/cattolica\/"},{"@type":"ListItem","position":2,"name":"La missione di Maria nell\u2019economia della Salvezza: personaggi ed eventi dell\u2019eresia nestoriana"}]},{"@type":"WebSite","@id":"https:\/\/www.rassegnastampa-totustuus.it\/cattolica\/#website","url":"https:\/\/www.rassegnastampa-totustuus.it\/cattolica\/","name":"Rassegna Stampa Cattolica","description":"Per una cultura che nasce dalla Rivelazione cristiana in conformit\u00e0 alla tradizione e al Magistero della Chiesa in opposizione ad ogni relativismo e totalitarismo","publisher":{"@id":"https:\/\/www.rassegnastampa-totustuus.it\/cattolica\/#organization"},"alternateName":"Rass. Cattolica","potentialAction":[{"@type":"SearchAction","target":{"@type":"EntryPoint","urlTemplate":"https:\/\/www.rassegnastampa-totustuus.it\/cattolica\/?s={search_term_string}"},"query-input":{"@type":"PropertyValueSpecification","valueRequired":true,"valueName":"search_term_string"}}],"inLanguage":"it-IT"},{"@type":"Organization","@id":"https:\/\/www.rassegnastampa-totustuus.it\/cattolica\/#organization","name":"Rassegna Stampa Cattolica","url":"https:\/\/www.rassegnastampa-totustuus.it\/cattolica\/","logo":{"@type":"ImageObject","inLanguage":"it-IT","@id":"https:\/\/www.rassegnastampa-totustuus.it\/cattolica\/#\/schema\/logo\/image\/","url":"https:\/\/www.rassegnastampa-totustuus.it\/cattolica\/wp-content\/uploads\/2014\/04\/logo-rassegna1.gif","contentUrl":"https:\/\/www.rassegnastampa-totustuus.it\/cattolica\/wp-content\/uploads\/2014\/04\/logo-rassegna1.gif","width":600,"height":163,"caption":"Rassegna Stampa Cattolica"},"image":{"@id":"https:\/\/www.rassegnastampa-totustuus.it\/cattolica\/#\/schema\/logo\/image\/"},"sameAs":["https:\/\/www.facebook.com\/rassegnastampacattolica","https:\/\/x.com\/rassegnastampa9"]},{"@type":"Person","@id":"https:\/\/www.rassegnastampa-totustuus.it\/cattolica\/#\/schema\/person\/08f319d2bd1a0904ad9e2bfb7b15e5c3","name":"Redazione","image":{"@type":"ImageObject","inLanguage":"it-IT","@id":"https:\/\/secure.gravatar.com\/avatar\/2fcdf27c78ea025fbdb44e914cc63c72249ffec9dc8aafd5c82b26240ef3f346?s=96&d=mm&r=g","url":"https:\/\/secure.gravatar.com\/avatar\/2fcdf27c78ea025fbdb44e914cc63c72249ffec9dc8aafd5c82b26240ef3f346?s=96&d=mm&r=g","contentUrl":"https:\/\/secure.gravatar.com\/avatar\/2fcdf27c78ea025fbdb44e914cc63c72249ffec9dc8aafd5c82b26240ef3f346?s=96&d=mm&r=g","caption":"Redazione"},"url":"https:\/\/www.rassegnastampa-totustuus.it\/cattolica\/author\/pietroelle\/"}]}},"_links":{"self":[{"href":"https:\/\/www.rassegnastampa-totustuus.it\/cattolica\/wp-json\/wp\/v2\/posts\/51882","targetHints":{"allow":["GET"]}}],"collection":[{"href":"https:\/\/www.rassegnastampa-totustuus.it\/cattolica\/wp-json\/wp\/v2\/posts"}],"about":[{"href":"https:\/\/www.rassegnastampa-totustuus.it\/cattolica\/wp-json\/wp\/v2\/types\/post"}],"author":[{"embeddable":true,"href":"https:\/\/www.rassegnastampa-totustuus.it\/cattolica\/wp-json\/wp\/v2\/users\/6"}],"replies":[{"embeddable":true,"href":"https:\/\/www.rassegnastampa-totustuus.it\/cattolica\/wp-json\/wp\/v2\/comments?post=51882"}],"version-history":[{"count":4,"href":"https:\/\/www.rassegnastampa-totustuus.it\/cattolica\/wp-json\/wp\/v2\/posts\/51882\/revisions"}],"predecessor-version":[{"id":63517,"href":"https:\/\/www.rassegnastampa-totustuus.it\/cattolica\/wp-json\/wp\/v2\/posts\/51882\/revisions\/63517"}],"wp:featuredmedia":[{"embeddable":true,"href":"https:\/\/www.rassegnastampa-totustuus.it\/cattolica\/wp-json\/wp\/v2\/media\/51883"}],"wp:attachment":[{"href":"https:\/\/www.rassegnastampa-totustuus.it\/cattolica\/wp-json\/wp\/v2\/media?parent=51882"}],"wp:term":[{"taxonomy":"category","embeddable":true,"href":"https:\/\/www.rassegnastampa-totustuus.it\/cattolica\/wp-json\/wp\/v2\/categories?post=51882"},{"taxonomy":"post_tag","embeddable":true,"href":"https:\/\/www.rassegnastampa-totustuus.it\/cattolica\/wp-json\/wp\/v2\/tags?post=51882"}],"curies":[{"name":"wp","href":"https:\/\/api.w.org\/{rel}","templated":true}]}}