{"id":5177,"date":"2012-06-06T00:00:00","date_gmt":"2012-06-05T22:00:00","guid":{"rendered":""},"modified":"2015-11-12T09:25:28","modified_gmt":"2015-11-12T08:25:28","slug":"emilio-salgari-leroina-travestita-in-lotta-contro-lislam","status":"publish","type":"post","link":"https:\/\/www.rassegnastampa-totustuus.it\/cattolica\/emilio-salgari-leroina-travestita-in-lotta-contro-lislam\/","title":{"rendered":"Emilio Salgari. L\u2019eroina travestita in lotta contro l\u2019islam"},"content":{"rendered":"<div style=\"text-align: center;\"><strong><a href=\"https:\/\/www.rassegnastampa-totustuus.it\/cattolica\/wp-content\/uploads\/2012\/06\/Salgari_cover.jpg\"><img loading=\"lazy\" decoding=\"async\" class=\"alignleft wp-image-27508\" src=\"https:\/\/www.rassegnastampa-totustuus.it\/cattolica\/wp-content\/uploads\/2012\/06\/Salgari_cover.jpg\" alt=\"Salgari_cover\" width=\"142\" height=\"200\" \/><\/a>Libero<\/strong> 26 luglio 2012<\/div>\n<p style=\"text-align: justify;\"><em>Torna in libreria il ciclo del \u00abLeone di Damasco\u00bb, paradigma della donna occidentale che invece del burqa indossa la corazza<\/em><\/p>\n<p style=\"text-align: center;\">di <strong>Marco Respinti<\/strong><\/p>\n<p><!--more--><\/p>\n<div style=\"text-align: justify;\">Chi pensa che Emilio Salgari (1862-1911) sia solo Sandokan e Corsaro Nero sbaglia perdendosi del bello. Per esempio \u00abIl ciclo del Leone di Damasco\u00bb, che Garzanti rilancia proponendo in volume unico i due romanzi di cui consta, Capitan Tempesta e Il Leone di Damasco (pp. 620, euro 14,90).<\/div>\n<p style=\"text-align: justify;\">Ricorre infatti quest\u2019anno il 150 della nascita dello scrittore veronese (dopo i cent\u2019anni della morte, l\u2019anno passato) e detto ciclo \u00abminore\u00bb torna in libreria a cura di Fabio Francione, che lo correda con un utile profilo bio-bibliografico e storico-critico, nonch\u00e9 arricchito da 40meravigliose illustrazioni d\u2019epoca di Alberto Dalla Valle (1851-1928).<\/p>\n<p style=\"text-align: justify;\">Il passo di questo distico fa il verso all\u2019Orlando Furioso. Del resto, Salgari ariostesco lo \u00e8 sempre: onirico, surreale, poco curato nella filologia storico-geografica (anzi, irto di errori), predilige il turbine di sogni, sentimenti, passioni. Lomostra bene in questo setting mediterraneo dello scontro cinque-secentesco tra armate cristiane e orde \u00abmussulmane\u00bb (inconfondibilmente scritto con la doppia \u00abs\u00bb), dove tutto si fa palcoscenico di una trama sanguigna di amore e di guerra che \u00e8 metafora suprema della vicenda umana.<\/p>\n<p style=\"text-align: justify;\">Si dice che Salgari sia ripetitivo, ma il suo genio fu la serialit\u00e0. I primi passi li aveva certo mossi il feuilleton, che ebbe la Francia per capitale ma i cui fiori pi\u00f9 profumati non sbocciarono affatto solo nell\u2019Esagono. Salgari vi aggiunse la capacit\u00e0 visionaria di evocare, senz\u2019averli mai visti, luoghi tanto particolareggiati quanto sperduti, che, a onta di errori madornali, tornano sempre verosimili; cio\u00e8 in grado di reggere l\u2019urto della realt\u00e0.<\/p>\n<p style=\"text-align: justify;\">Se i suoi personaggi ci sembrano tutti doppioni di Sandokan, cos\u00ec \u00e8 insomma perch\u00e9 cos\u00ec Salgari ha voluto, offrendosi alla domanda nostra di ripetizioni, mantra, giaculatorie, riti e liturgie.<\/p>\n<p style=\"text-align: justify;\">Le serie, se ben gestite, sono infatti continuit\u00e0, testimonianza, persino storia: quanto cerchiamo nei libri che, imitandola, raccontano la vita. \u00abIl ciclo del Leone di Damasco\u00bb conferma puntuale la poetica salgariana, essenziale e spicciola: avventure allo stato brado, in cui le emozioni umane testano la stoffa del lettore, muovendo protagonisti, antagonisti, comprimari e comparse tra imperi al tramonto, certezze in disfacimento, magnifiche sorti e progressive senza l\u2019illusione facilona del buonismo gratuito,\u00a0 tecnologia incipiente e retaggio di passati tribali, guerre coloniali e scontri fra civilt\u00e0, costumi, lingue e pelli colorate in una Babele lussureggiante di esperienze.<\/p>\n<p style=\"text-align: justify;\">\u00c8 Salgari che ha inventato i cartoni animati, l\u2019action-movie e il 3D scavando dentro di s\u00e9 per imparare a descrivere gli altri.<\/p>\n<p style=\"text-align: justify;\">In Capitan Tempesta (1905) l\u2019eroe di cappa e spada \u00e8 una donna. Eleonora, duchessa d\u2019Eboli, ama il visconte Gastone Le Hussi\u00e8re, nobiluomo francese al servizio di Venezia. Copertosi di gloria nella difesa di Nicosia, ora \u00e8 prigioniero di Haradja, nipote dell\u2019ammiraglio ottomano che assedia Famagosta.<\/p>\n<p style=\"text-align: justify;\">Svelta d\u2019arma, donna angelicata s\u00ec, ma della squadra dell\u2019Arcangelo Michele, quello con la spada sguainata, Eleonora sfida l\u2019islam. Su tutti i piani, tant\u2019\u00e8 che si veste persino da uomo. Da uomo sar\u00e0 dunque anche il suo nome, Capitan Tempesta, che \u00e8 lutto e sciagura per i nemici, che sconvolge le schiere avversarie. L\u2019Eleonora innamorata \u00e8 come il dio Thor dei vichinghi, come Gandalf che i malvagi atterriti soprannominano \u00abCorvotempesta\u00bb.<\/p>\n<p style=\"text-align: justify;\">Eleonora-Tempesta \u00e8 adesso sinonimo di paladino cristiano, come a Roncisvalle, come sotto le mura di Vienna, come in Terrasanta. Duella con il campione degli ottomani, Muley-el-Kadel, detto il Leone di Damasco, e in lei intravvediamo un Ettore Fieramosca o, per restare in area, un Marcantonio Bragadin (ma anche Marco d\u2019Aviano, il Cid, san Giovanni da Capestrano, Jan Sobieski&#8230;).<\/p>\n<p style=\"text-align: justify;\">Vince lei e grazia il suo nemico, magnanimo cuore di donna cristiana. I due ora si ammirano, come gi\u00e0 Saladino e Riccardo Cuordileone. Ferita poi in battaglia, la donna ricorre al nuovo amico, che segretamente di lei si \u00e8 innamorato. L\u2019aiuta, persino a ritrovare Gastone.<\/p>\n<p style=\"text-align: justify;\">Ecco allora Haradja che propone alla duchessa di assassinare il Leone in cambio del fidanzato. Incombe per\u00f2 un sordido inganno, e Gastone muore. La cristiana e il \u00abmussulmano\u00bb fuggono, ma il loro destino \u00e8 segnato: \u00abLa vita \u00e8 troppo ridente al tuo fianco [&#8230;] \u2013 rispose il giovane Leone di Damasco. \u2013 Rinnego la religione dei miei padri e Maometto, ed abbraccio la tua. Conducimi in Italia, Eleonora: [&#8230;] sai quanto ti amo\u00bb. L\u2019amore e la guerra funzionano: convertono i cuori e le menti. Tutto \u00e8 gi\u00e0 pronto per il sequel.<\/p>\n<p style=\"text-align: justify;\">Il Leone di Damasco (1910) vede Eleonora ed el-Kadel sposati in Santa Romana Chiesa, ma la Cristianit\u00e0 l\u2019hanno lasciata al suo destino, appendendo le lame al chiodo. Torna la truce Haradja, rapisce il figlio della coppia felice, Enzo, ed Eleonora, corpo di mille fulmini, le \u00e8 addosso.<\/p>\n<p style=\"text-align: justify;\">L\u2019incarcera. Haradja azzarda: l\u2019innocente Enzo per la sua sordida libert\u00e0. Haradja per\u00f2 bara. Ora che i due genitori capiscono che la vita della loro famiglia \u00e8 tutt\u2019uno con la sorte della Cristianit\u00e0, solo lo scontro di Lepanto pu\u00f2 riscattare l\u2019amore e la guerra. \u00c8 da allora che l\u2019islamoterrorismo ce l\u2019ha con quella femmina occidentale che invece del burqa indossava\u00a0 la corazza crociata.<\/p>\n","protected":false},"excerpt":{"rendered":"<p>Libero 26 luglio 2012 Torna in libreria il ciclo del \u00abLeone di Damasco\u00bb, paradigma della donna occidentale che invece del burqa indossa la corazza di Marco Respinti<\/p><p><a class=\"more-link btn\" href=\"https:\/\/www.rassegnastampa-totustuus.it\/cattolica\/emilio-salgari-leroina-travestita-in-lotta-contro-lislam\/\">Continua a leggere<\/a><\/p>\n","protected":false},"author":6,"featured_media":27508,"comment_status":"closed","ping_status":"open","sticky":false,"template":"","format":"standard","meta":{"footnotes":""},"categories":[17],"tags":[256],"class_list":["post-5177","post","type-post","status-publish","format-standard","has-post-thumbnail","hentry","category-libri","tag-donne","item-wrap"],"yoast_head":"<!-- This site is optimized with the Yoast SEO plugin v27.5 - https:\/\/yoast.com\/product\/yoast-seo-wordpress\/ -->\n<title>Emilio Salgari. L\u2019eroina travestita in lotta contro l\u2019islam - Rassegna Stampa Cattolica<\/title>\n<meta name=\"description\" content=\"Rassegna Stampa Cattolica - Per una cultura che nasce dalla Rivelazione cristiana in conformit\u00e0 alla tradizione e al Magistero della Chiesa in opposizione ad ogni relativismo e totalitarismo\" \/>\n<meta name=\"robots\" content=\"index, follow, max-snippet:-1, max-image-preview:large, max-video-preview:-1\" \/>\n<link rel=\"canonical\" href=\"https:\/\/www.rassegnastampa-totustuus.it\/cattolica\/emilio-salgari-leroina-travestita-in-lotta-contro-lislam\/\" \/>\n<meta property=\"og:locale\" content=\"it_IT\" \/>\n<meta property=\"og:type\" content=\"article\" \/>\n<meta property=\"og:title\" content=\"Emilio Salgari. L\u2019eroina travestita in lotta contro l\u2019islam - Rassegna Stampa Cattolica\" \/>\n<meta property=\"og:description\" content=\"Rassegna Stampa Cattolica - Per una cultura che nasce dalla Rivelazione cristiana in conformit\u00e0 alla tradizione e al Magistero della Chiesa in opposizione ad ogni relativismo e totalitarismo\" \/>\n<meta property=\"og:url\" content=\"https:\/\/www.rassegnastampa-totustuus.it\/cattolica\/emilio-salgari-leroina-travestita-in-lotta-contro-lislam\/\" \/>\n<meta property=\"og:site_name\" content=\"Rassegna Stampa Cattolica\" \/>\n<meta property=\"article:publisher\" content=\"https:\/\/www.facebook.com\/rassegnastampacattolica\" \/>\n<meta property=\"article:published_time\" content=\"2012-06-05T22:00:00+00:00\" \/>\n<meta property=\"article:modified_time\" content=\"2015-11-12T08:25:28+00:00\" \/>\n<meta property=\"og:image\" content=\"https:\/\/www.rassegnastampa-totustuus.it\/cattolica\/wp-content\/uploads\/2012\/06\/Salgari_cover.jpg\" \/>\n\t<meta property=\"og:image:width\" content=\"189\" \/>\n\t<meta property=\"og:image:height\" content=\"267\" \/>\n\t<meta property=\"og:image:type\" content=\"image\/jpeg\" \/>\n<meta name=\"author\" content=\"Redazione\" \/>\n<meta name=\"twitter:card\" content=\"summary_large_image\" \/>\n<meta name=\"twitter:creator\" content=\"@rassegnastampa9\" \/>\n<meta name=\"twitter:site\" content=\"@rassegnastampa9\" \/>\n<meta name=\"twitter:label1\" content=\"Scritto da\" \/>\n\t<meta name=\"twitter:data1\" content=\"Redazione\" \/>\n\t<meta name=\"twitter:label2\" content=\"Tempo di lettura stimato\" \/>\n\t<meta name=\"twitter:data2\" content=\"4 minuti\" \/>\n<script type=\"application\/ld+json\" class=\"yoast-schema-graph\">{\"@context\":\"https:\\\/\\\/schema.org\",\"@graph\":[{\"@type\":\"Article\",\"@id\":\"https:\\\/\\\/www.rassegnastampa-totustuus.it\\\/cattolica\\\/emilio-salgari-leroina-travestita-in-lotta-contro-lislam\\\/#article\",\"isPartOf\":{\"@id\":\"https:\\\/\\\/www.rassegnastampa-totustuus.it\\\/cattolica\\\/emilio-salgari-leroina-travestita-in-lotta-contro-lislam\\\/\"},\"author\":{\"name\":\"Redazione\",\"@id\":\"https:\\\/\\\/www.rassegnastampa-totustuus.it\\\/cattolica\\\/#\\\/schema\\\/person\\\/08f319d2bd1a0904ad9e2bfb7b15e5c3\"},\"headline\":\"Emilio Salgari. L\u2019eroina travestita in lotta contro l\u2019islam\",\"datePublished\":\"2012-06-05T22:00:00+00:00\",\"dateModified\":\"2015-11-12T08:25:28+00:00\",\"mainEntityOfPage\":{\"@id\":\"https:\\\/\\\/www.rassegnastampa-totustuus.it\\\/cattolica\\\/emilio-salgari-leroina-travestita-in-lotta-contro-lislam\\\/\"},\"wordCount\":848,\"publisher\":{\"@id\":\"https:\\\/\\\/www.rassegnastampa-totustuus.it\\\/cattolica\\\/#organization\"},\"image\":{\"@id\":\"https:\\\/\\\/www.rassegnastampa-totustuus.it\\\/cattolica\\\/emilio-salgari-leroina-travestita-in-lotta-contro-lislam\\\/#primaryimage\"},\"thumbnailUrl\":\"https:\\\/\\\/www.rassegnastampa-totustuus.it\\\/cattolica\\\/wp-content\\\/uploads\\\/2012\\\/06\\\/Salgari_cover.jpg\",\"keywords\":[\"donne\"],\"articleSection\":[\"Libri\"],\"inLanguage\":\"it-IT\"},{\"@type\":\"WebPage\",\"@id\":\"https:\\\/\\\/www.rassegnastampa-totustuus.it\\\/cattolica\\\/emilio-salgari-leroina-travestita-in-lotta-contro-lislam\\\/\",\"url\":\"https:\\\/\\\/www.rassegnastampa-totustuus.it\\\/cattolica\\\/emilio-salgari-leroina-travestita-in-lotta-contro-lislam\\\/\",\"name\":\"Emilio Salgari. L\u2019eroina travestita in lotta contro l\u2019islam - Rassegna Stampa Cattolica\",\"isPartOf\":{\"@id\":\"https:\\\/\\\/www.rassegnastampa-totustuus.it\\\/cattolica\\\/#website\"},\"primaryImageOfPage\":{\"@id\":\"https:\\\/\\\/www.rassegnastampa-totustuus.it\\\/cattolica\\\/emilio-salgari-leroina-travestita-in-lotta-contro-lislam\\\/#primaryimage\"},\"image\":{\"@id\":\"https:\\\/\\\/www.rassegnastampa-totustuus.it\\\/cattolica\\\/emilio-salgari-leroina-travestita-in-lotta-contro-lislam\\\/#primaryimage\"},\"thumbnailUrl\":\"https:\\\/\\\/www.rassegnastampa-totustuus.it\\\/cattolica\\\/wp-content\\\/uploads\\\/2012\\\/06\\\/Salgari_cover.jpg\",\"datePublished\":\"2012-06-05T22:00:00+00:00\",\"dateModified\":\"2015-11-12T08:25:28+00:00\",\"description\":\"Rassegna Stampa Cattolica - Per una cultura che nasce dalla Rivelazione cristiana in conformit\u00e0 alla tradizione e al Magistero della Chiesa in opposizione ad ogni relativismo e totalitarismo\",\"breadcrumb\":{\"@id\":\"https:\\\/\\\/www.rassegnastampa-totustuus.it\\\/cattolica\\\/emilio-salgari-leroina-travestita-in-lotta-contro-lislam\\\/#breadcrumb\"},\"inLanguage\":\"it-IT\",\"potentialAction\":[{\"@type\":\"ReadAction\",\"target\":[\"https:\\\/\\\/www.rassegnastampa-totustuus.it\\\/cattolica\\\/emilio-salgari-leroina-travestita-in-lotta-contro-lislam\\\/\"]}]},{\"@type\":\"ImageObject\",\"inLanguage\":\"it-IT\",\"@id\":\"https:\\\/\\\/www.rassegnastampa-totustuus.it\\\/cattolica\\\/emilio-salgari-leroina-travestita-in-lotta-contro-lislam\\\/#primaryimage\",\"url\":\"https:\\\/\\\/www.rassegnastampa-totustuus.it\\\/cattolica\\\/wp-content\\\/uploads\\\/2012\\\/06\\\/Salgari_cover.jpg\",\"contentUrl\":\"https:\\\/\\\/www.rassegnastampa-totustuus.it\\\/cattolica\\\/wp-content\\\/uploads\\\/2012\\\/06\\\/Salgari_cover.jpg\",\"width\":189,\"height\":267},{\"@type\":\"BreadcrumbList\",\"@id\":\"https:\\\/\\\/www.rassegnastampa-totustuus.it\\\/cattolica\\\/emilio-salgari-leroina-travestita-in-lotta-contro-lislam\\\/#breadcrumb\",\"itemListElement\":[{\"@type\":\"ListItem\",\"position\":1,\"name\":\"Home\",\"item\":\"https:\\\/\\\/www.rassegnastampa-totustuus.it\\\/cattolica\\\/\"},{\"@type\":\"ListItem\",\"position\":2,\"name\":\"Emilio Salgari. L\u2019eroina travestita in lotta contro l\u2019islam\"}]},{\"@type\":\"WebSite\",\"@id\":\"https:\\\/\\\/www.rassegnastampa-totustuus.it\\\/cattolica\\\/#website\",\"url\":\"https:\\\/\\\/www.rassegnastampa-totustuus.it\\\/cattolica\\\/\",\"name\":\"Rassegna Stampa Cattolica\",\"description\":\"Per una cultura che nasce dalla Rivelazione cristiana in conformit\u00e0 alla tradizione e al Magistero della Chiesa in opposizione ad ogni relativismo e totalitarismo\",\"publisher\":{\"@id\":\"https:\\\/\\\/www.rassegnastampa-totustuus.it\\\/cattolica\\\/#organization\"},\"alternateName\":\"Rass. Cattolica\",\"potentialAction\":[{\"@type\":\"SearchAction\",\"target\":{\"@type\":\"EntryPoint\",\"urlTemplate\":\"https:\\\/\\\/www.rassegnastampa-totustuus.it\\\/cattolica\\\/?s={search_term_string}\"},\"query-input\":{\"@type\":\"PropertyValueSpecification\",\"valueRequired\":true,\"valueName\":\"search_term_string\"}}],\"inLanguage\":\"it-IT\"},{\"@type\":\"Organization\",\"@id\":\"https:\\\/\\\/www.rassegnastampa-totustuus.it\\\/cattolica\\\/#organization\",\"name\":\"Rassegna Stampa Cattolica\",\"url\":\"https:\\\/\\\/www.rassegnastampa-totustuus.it\\\/cattolica\\\/\",\"logo\":{\"@type\":\"ImageObject\",\"inLanguage\":\"it-IT\",\"@id\":\"https:\\\/\\\/www.rassegnastampa-totustuus.it\\\/cattolica\\\/#\\\/schema\\\/logo\\\/image\\\/\",\"url\":\"https:\\\/\\\/www.rassegnastampa-totustuus.it\\\/cattolica\\\/wp-content\\\/uploads\\\/2014\\\/04\\\/logo-rassegna1.gif\",\"contentUrl\":\"https:\\\/\\\/www.rassegnastampa-totustuus.it\\\/cattolica\\\/wp-content\\\/uploads\\\/2014\\\/04\\\/logo-rassegna1.gif\",\"width\":600,\"height\":163,\"caption\":\"Rassegna Stampa Cattolica\"},\"image\":{\"@id\":\"https:\\\/\\\/www.rassegnastampa-totustuus.it\\\/cattolica\\\/#\\\/schema\\\/logo\\\/image\\\/\"},\"sameAs\":[\"https:\\\/\\\/www.facebook.com\\\/rassegnastampacattolica\",\"https:\\\/\\\/x.com\\\/rassegnastampa9\"]},{\"@type\":\"Person\",\"@id\":\"https:\\\/\\\/www.rassegnastampa-totustuus.it\\\/cattolica\\\/#\\\/schema\\\/person\\\/08f319d2bd1a0904ad9e2bfb7b15e5c3\",\"name\":\"Redazione\",\"image\":{\"@type\":\"ImageObject\",\"inLanguage\":\"it-IT\",\"@id\":\"https:\\\/\\\/secure.gravatar.com\\\/avatar\\\/2fcdf27c78ea025fbdb44e914cc63c72249ffec9dc8aafd5c82b26240ef3f346?s=96&d=mm&r=g\",\"url\":\"https:\\\/\\\/secure.gravatar.com\\\/avatar\\\/2fcdf27c78ea025fbdb44e914cc63c72249ffec9dc8aafd5c82b26240ef3f346?s=96&d=mm&r=g\",\"contentUrl\":\"https:\\\/\\\/secure.gravatar.com\\\/avatar\\\/2fcdf27c78ea025fbdb44e914cc63c72249ffec9dc8aafd5c82b26240ef3f346?s=96&d=mm&r=g\",\"caption\":\"Redazione\"},\"url\":\"https:\\\/\\\/www.rassegnastampa-totustuus.it\\\/cattolica\\\/author\\\/pietroelle\\\/\"}]}<\/script>\n<!-- \/ Yoast SEO plugin. -->","yoast_head_json":{"title":"Emilio Salgari. L\u2019eroina travestita in lotta contro l\u2019islam - Rassegna Stampa Cattolica","description":"Rassegna Stampa Cattolica - Per una cultura che nasce dalla Rivelazione cristiana in conformit\u00e0 alla tradizione e al Magistero della Chiesa in opposizione ad ogni relativismo e totalitarismo","robots":{"index":"index","follow":"follow","max-snippet":"max-snippet:-1","max-image-preview":"max-image-preview:large","max-video-preview":"max-video-preview:-1"},"canonical":"https:\/\/www.rassegnastampa-totustuus.it\/cattolica\/emilio-salgari-leroina-travestita-in-lotta-contro-lislam\/","og_locale":"it_IT","og_type":"article","og_title":"Emilio Salgari. L\u2019eroina travestita in lotta contro l\u2019islam - Rassegna Stampa Cattolica","og_description":"Rassegna Stampa Cattolica - Per una cultura che nasce dalla Rivelazione cristiana in conformit\u00e0 alla tradizione e al Magistero della Chiesa in opposizione ad ogni relativismo e totalitarismo","og_url":"https:\/\/www.rassegnastampa-totustuus.it\/cattolica\/emilio-salgari-leroina-travestita-in-lotta-contro-lislam\/","og_site_name":"Rassegna Stampa Cattolica","article_publisher":"https:\/\/www.facebook.com\/rassegnastampacattolica","article_published_time":"2012-06-05T22:00:00+00:00","article_modified_time":"2015-11-12T08:25:28+00:00","og_image":[{"width":189,"height":267,"url":"https:\/\/www.rassegnastampa-totustuus.it\/cattolica\/wp-content\/uploads\/2012\/06\/Salgari_cover.jpg","type":"image\/jpeg"}],"author":"Redazione","twitter_card":"summary_large_image","twitter_creator":"@rassegnastampa9","twitter_site":"@rassegnastampa9","twitter_misc":{"Scritto da":"Redazione","Tempo di lettura stimato":"4 minuti"},"schema":{"@context":"https:\/\/schema.org","@graph":[{"@type":"Article","@id":"https:\/\/www.rassegnastampa-totustuus.it\/cattolica\/emilio-salgari-leroina-travestita-in-lotta-contro-lislam\/#article","isPartOf":{"@id":"https:\/\/www.rassegnastampa-totustuus.it\/cattolica\/emilio-salgari-leroina-travestita-in-lotta-contro-lislam\/"},"author":{"name":"Redazione","@id":"https:\/\/www.rassegnastampa-totustuus.it\/cattolica\/#\/schema\/person\/08f319d2bd1a0904ad9e2bfb7b15e5c3"},"headline":"Emilio Salgari. L\u2019eroina travestita in lotta contro l\u2019islam","datePublished":"2012-06-05T22:00:00+00:00","dateModified":"2015-11-12T08:25:28+00:00","mainEntityOfPage":{"@id":"https:\/\/www.rassegnastampa-totustuus.it\/cattolica\/emilio-salgari-leroina-travestita-in-lotta-contro-lislam\/"},"wordCount":848,"publisher":{"@id":"https:\/\/www.rassegnastampa-totustuus.it\/cattolica\/#organization"},"image":{"@id":"https:\/\/www.rassegnastampa-totustuus.it\/cattolica\/emilio-salgari-leroina-travestita-in-lotta-contro-lislam\/#primaryimage"},"thumbnailUrl":"https:\/\/www.rassegnastampa-totustuus.it\/cattolica\/wp-content\/uploads\/2012\/06\/Salgari_cover.jpg","keywords":["donne"],"articleSection":["Libri"],"inLanguage":"it-IT"},{"@type":"WebPage","@id":"https:\/\/www.rassegnastampa-totustuus.it\/cattolica\/emilio-salgari-leroina-travestita-in-lotta-contro-lislam\/","url":"https:\/\/www.rassegnastampa-totustuus.it\/cattolica\/emilio-salgari-leroina-travestita-in-lotta-contro-lislam\/","name":"Emilio Salgari. L\u2019eroina travestita in lotta contro l\u2019islam - Rassegna Stampa Cattolica","isPartOf":{"@id":"https:\/\/www.rassegnastampa-totustuus.it\/cattolica\/#website"},"primaryImageOfPage":{"@id":"https:\/\/www.rassegnastampa-totustuus.it\/cattolica\/emilio-salgari-leroina-travestita-in-lotta-contro-lislam\/#primaryimage"},"image":{"@id":"https:\/\/www.rassegnastampa-totustuus.it\/cattolica\/emilio-salgari-leroina-travestita-in-lotta-contro-lislam\/#primaryimage"},"thumbnailUrl":"https:\/\/www.rassegnastampa-totustuus.it\/cattolica\/wp-content\/uploads\/2012\/06\/Salgari_cover.jpg","datePublished":"2012-06-05T22:00:00+00:00","dateModified":"2015-11-12T08:25:28+00:00","description":"Rassegna Stampa Cattolica - Per una cultura che nasce dalla Rivelazione cristiana in conformit\u00e0 alla tradizione e al Magistero della Chiesa in opposizione ad ogni relativismo e totalitarismo","breadcrumb":{"@id":"https:\/\/www.rassegnastampa-totustuus.it\/cattolica\/emilio-salgari-leroina-travestita-in-lotta-contro-lislam\/#breadcrumb"},"inLanguage":"it-IT","potentialAction":[{"@type":"ReadAction","target":["https:\/\/www.rassegnastampa-totustuus.it\/cattolica\/emilio-salgari-leroina-travestita-in-lotta-contro-lislam\/"]}]},{"@type":"ImageObject","inLanguage":"it-IT","@id":"https:\/\/www.rassegnastampa-totustuus.it\/cattolica\/emilio-salgari-leroina-travestita-in-lotta-contro-lislam\/#primaryimage","url":"https:\/\/www.rassegnastampa-totustuus.it\/cattolica\/wp-content\/uploads\/2012\/06\/Salgari_cover.jpg","contentUrl":"https:\/\/www.rassegnastampa-totustuus.it\/cattolica\/wp-content\/uploads\/2012\/06\/Salgari_cover.jpg","width":189,"height":267},{"@type":"BreadcrumbList","@id":"https:\/\/www.rassegnastampa-totustuus.it\/cattolica\/emilio-salgari-leroina-travestita-in-lotta-contro-lislam\/#breadcrumb","itemListElement":[{"@type":"ListItem","position":1,"name":"Home","item":"https:\/\/www.rassegnastampa-totustuus.it\/cattolica\/"},{"@type":"ListItem","position":2,"name":"Emilio Salgari. L\u2019eroina travestita in lotta contro l\u2019islam"}]},{"@type":"WebSite","@id":"https:\/\/www.rassegnastampa-totustuus.it\/cattolica\/#website","url":"https:\/\/www.rassegnastampa-totustuus.it\/cattolica\/","name":"Rassegna Stampa Cattolica","description":"Per una cultura che nasce dalla Rivelazione cristiana in conformit\u00e0 alla tradizione e al Magistero della Chiesa in opposizione ad ogni relativismo e totalitarismo","publisher":{"@id":"https:\/\/www.rassegnastampa-totustuus.it\/cattolica\/#organization"},"alternateName":"Rass. Cattolica","potentialAction":[{"@type":"SearchAction","target":{"@type":"EntryPoint","urlTemplate":"https:\/\/www.rassegnastampa-totustuus.it\/cattolica\/?s={search_term_string}"},"query-input":{"@type":"PropertyValueSpecification","valueRequired":true,"valueName":"search_term_string"}}],"inLanguage":"it-IT"},{"@type":"Organization","@id":"https:\/\/www.rassegnastampa-totustuus.it\/cattolica\/#organization","name":"Rassegna Stampa Cattolica","url":"https:\/\/www.rassegnastampa-totustuus.it\/cattolica\/","logo":{"@type":"ImageObject","inLanguage":"it-IT","@id":"https:\/\/www.rassegnastampa-totustuus.it\/cattolica\/#\/schema\/logo\/image\/","url":"https:\/\/www.rassegnastampa-totustuus.it\/cattolica\/wp-content\/uploads\/2014\/04\/logo-rassegna1.gif","contentUrl":"https:\/\/www.rassegnastampa-totustuus.it\/cattolica\/wp-content\/uploads\/2014\/04\/logo-rassegna1.gif","width":600,"height":163,"caption":"Rassegna Stampa Cattolica"},"image":{"@id":"https:\/\/www.rassegnastampa-totustuus.it\/cattolica\/#\/schema\/logo\/image\/"},"sameAs":["https:\/\/www.facebook.com\/rassegnastampacattolica","https:\/\/x.com\/rassegnastampa9"]},{"@type":"Person","@id":"https:\/\/www.rassegnastampa-totustuus.it\/cattolica\/#\/schema\/person\/08f319d2bd1a0904ad9e2bfb7b15e5c3","name":"Redazione","image":{"@type":"ImageObject","inLanguage":"it-IT","@id":"https:\/\/secure.gravatar.com\/avatar\/2fcdf27c78ea025fbdb44e914cc63c72249ffec9dc8aafd5c82b26240ef3f346?s=96&d=mm&r=g","url":"https:\/\/secure.gravatar.com\/avatar\/2fcdf27c78ea025fbdb44e914cc63c72249ffec9dc8aafd5c82b26240ef3f346?s=96&d=mm&r=g","contentUrl":"https:\/\/secure.gravatar.com\/avatar\/2fcdf27c78ea025fbdb44e914cc63c72249ffec9dc8aafd5c82b26240ef3f346?s=96&d=mm&r=g","caption":"Redazione"},"url":"https:\/\/www.rassegnastampa-totustuus.it\/cattolica\/author\/pietroelle\/"}]}},"_links":{"self":[{"href":"https:\/\/www.rassegnastampa-totustuus.it\/cattolica\/wp-json\/wp\/v2\/posts\/5177","targetHints":{"allow":["GET"]}}],"collection":[{"href":"https:\/\/www.rassegnastampa-totustuus.it\/cattolica\/wp-json\/wp\/v2\/posts"}],"about":[{"href":"https:\/\/www.rassegnastampa-totustuus.it\/cattolica\/wp-json\/wp\/v2\/types\/post"}],"author":[{"embeddable":true,"href":"https:\/\/www.rassegnastampa-totustuus.it\/cattolica\/wp-json\/wp\/v2\/users\/6"}],"replies":[{"embeddable":true,"href":"https:\/\/www.rassegnastampa-totustuus.it\/cattolica\/wp-json\/wp\/v2\/comments?post=5177"}],"version-history":[{"count":3,"href":"https:\/\/www.rassegnastampa-totustuus.it\/cattolica\/wp-json\/wp\/v2\/posts\/5177\/revisions"}],"predecessor-version":[{"id":27509,"href":"https:\/\/www.rassegnastampa-totustuus.it\/cattolica\/wp-json\/wp\/v2\/posts\/5177\/revisions\/27509"}],"wp:featuredmedia":[{"embeddable":true,"href":"https:\/\/www.rassegnastampa-totustuus.it\/cattolica\/wp-json\/wp\/v2\/media\/27508"}],"wp:attachment":[{"href":"https:\/\/www.rassegnastampa-totustuus.it\/cattolica\/wp-json\/wp\/v2\/media?parent=5177"}],"wp:term":[{"taxonomy":"category","embeddable":true,"href":"https:\/\/www.rassegnastampa-totustuus.it\/cattolica\/wp-json\/wp\/v2\/categories?post=5177"},{"taxonomy":"post_tag","embeddable":true,"href":"https:\/\/www.rassegnastampa-totustuus.it\/cattolica\/wp-json\/wp\/v2\/tags?post=5177"}],"curies":[{"name":"wp","href":"https:\/\/api.w.org\/{rel}","templated":true}]}}