{"id":51689,"date":"2021-06-24T00:00:01","date_gmt":"2021-06-23T22:00:01","guid":{"rendered":"http:\/\/www.rassegnastampa-totustuus.it\/cattolica\/?p=51689"},"modified":"2025-07-23T14:34:22","modified_gmt":"2025-07-23T12:34:22","slug":"le-radici-della-questione-palestinese-verita-storica-contro-propaganda-islamista","status":"publish","type":"post","link":"https:\/\/www.rassegnastampa-totustuus.it\/cattolica\/le-radici-della-questione-palestinese-verita-storica-contro-propaganda-islamista\/","title":{"rendered":"Le radici della questione palestinese: verit\u00e0 storica contro propaganda islamista"},"content":{"rendered":"\n<p class=\"has-text-align-center\"><span style=\"color: #000000;\"><strong><a href=\"https:\/\/www.nicolaporro.it\/atlanticoquotidiano\/\" target=\"_blank\" rel=\"noreferrer noopener\">Atlantico<\/a><\/strong> 21 Giugno 2021 \u00a0<\/span><\/p>\n\n\n\n<p class=\"has-text-align-center\"><span style=\"color: #000000;\">di <strong>Gabriele Amore<\/strong> <\/span><\/p>\n\n\n\n<p><span style=\"color: #000000;\">Quando si parla del conflitto israelo-palestinese non si pu\u00f2 ignorare il contesto storico all\u2019origine di tutto: l\u2019esito della Prima Guerra Mondiale. Nel 1918 ormai in ritirata su tutti i fronti e con l\u2019esercito ridotto a un sesto della forza originaria, all\u2019Impero ottomano non rest\u00f2 altro che trattare la propria resa: il 30 ottobre i suoi rappresentanti siglarono l\u2019armistizio di Mudros e il 13 novembre una forza d\u2019occupazione alleata si stabil\u00ec a Costantinopoli.<\/span><\/p>\n\n\n<div class=\"wp-block-image\">\n<figure class=\"aligncenter size-large is-resized\"><a href=\"https:\/\/www.rassegnastampa-totustuus.it\/cattolica\/wp-content\/uploads\/2021\/06\/Israele_Palestina.jpeg\"><img loading=\"lazy\" decoding=\"async\" width=\"1024\" height=\"576\" src=\"https:\/\/www.rassegnastampa-totustuus.it\/cattolica\/wp-content\/uploads\/2021\/06\/Israele_Palestina-1024x576.jpeg\" alt=\"\" class=\"wp-image-51699\" style=\"width:468px;height:auto\" srcset=\"https:\/\/www.rassegnastampa-totustuus.it\/cattolica\/wp-content\/uploads\/2021\/06\/Israele_Palestina-1024x576.jpeg 1024w, https:\/\/www.rassegnastampa-totustuus.it\/cattolica\/wp-content\/uploads\/2021\/06\/Israele_Palestina-300x169.jpeg 300w, https:\/\/www.rassegnastampa-totustuus.it\/cattolica\/wp-content\/uploads\/2021\/06\/Israele_Palestina-768x432.jpeg 768w, https:\/\/www.rassegnastampa-totustuus.it\/cattolica\/wp-content\/uploads\/2021\/06\/Israele_Palestina.jpeg 1280w\" sizes=\"auto, (max-width: 1024px) 100vw, 1024px\" \/><\/a><\/figure><\/div>\n\n\n<!--more-->\n\n\n\n<p><span style=\"color: #000000;\">Negli anni successivi, dopo le vicende della guerra d\u2019indipendenza turca, che vede l\u2019ascesa al potere del \u201cpadre della Turchia\u201d Kemal Atat\u00fcrk, con i vari mandati stabiliti dall\u2019allora Societ\u00e0 delle Nazioni i Paesi arabi facenti parte dell\u2019Impero ottomano vengono assegnati a Francia e Regno Unito. La Francia ebbe il mandato sulla Siria e sul Libano, mentre il Regno Unito sulla Palestina, la Transgiordania e la Mesopotamia (l\u2019odierno Iraq), seguendo le sfere di influenza definite negli accordi segreti di Sykes-Picot del 1916. <\/span><\/p>\n\n\n<div class=\"wp-block-image wp-image-51690\">\n<figure class=\"aligncenter is-resized\"><img loading=\"lazy\" decoding=\"async\" width=\"300\" height=\"241\" src=\"https:\/\/www.rassegnastampa-totustuus.it\/cattolica\/wp-content\/uploads\/2021\/06\/Israele_Medio-Oriente_accordi_Sykes_Picot_1916-300x241.png\" alt=\"\" class=\"wp-image-51690\" style=\"width:294px;height:auto\" srcset=\"https:\/\/www.rassegnastampa-totustuus.it\/cattolica\/wp-content\/uploads\/2021\/06\/Israele_Medio-Oriente_accordi_Sykes_Picot_1916-300x241.png 300w, https:\/\/www.rassegnastampa-totustuus.it\/cattolica\/wp-content\/uploads\/2021\/06\/Israele_Medio-Oriente_accordi_Sykes_Picot_1916.png 480w\" sizes=\"auto, (max-width: 300px) 100vw, 300px\" \/><figcaption class=\"wp-element-caption\">L\u2019insieme del mandato britannico conferito dalla Societ\u00e0 delle Nazioni<\/figcaption><\/figure><\/div>\n\n\n<p><span style=\"color: #000000;\">Con le suddivisioni territoriali gli Alleati della Prima Guerra Mondiale beneficiavano della vittoria attraverso un controllo diretto o indiretto di ampi territori, in questo caso, anche del Medio Oriente. <\/span><\/p>\n\n\n\n<p><span style=\"color: #000000;\">Lo scopo della Societ\u00e0 delle Nazioni era quello di guidare l\u2019economia dei Paesi arabi, promettendo piani di sviluppo per migliorare le gi\u00e0 allora precarie condizioni di vita di ampie fette della popolazione. <\/span><\/p>\n\n\n<div class=\"wp-block-image wp-image-51691 size-medium\">\n<figure class=\"aligncenter\"><img loading=\"lazy\" decoding=\"async\" width=\"161\" height=\"300\" src=\"https:\/\/www.rassegnastampa-totustuus.it\/cattolica\/wp-content\/uploads\/2021\/06\/Palestina_Israele_mandato_britannico-161x300.png\" alt=\"\" class=\"wp-image-51691\" srcset=\"https:\/\/www.rassegnastampa-totustuus.it\/cattolica\/wp-content\/uploads\/2021\/06\/Palestina_Israele_mandato_britannico-161x300.png 161w, https:\/\/www.rassegnastampa-totustuus.it\/cattolica\/wp-content\/uploads\/2021\/06\/Palestina_Israele_mandato_britannico.png 344w\" sizes=\"auto, (max-width: 161px) 100vw, 161px\" \/><figcaption class=\"wp-element-caption\">Il mandato britannico<\/figcaption><\/figure><\/div>\n\n\n<p><span style=\"color: #000000;\"><em><strong>Il mandato britannico sulla Palestina<\/strong> \u2013 <\/em>La comunit\u00e0 ebraica era gi\u00e0 presente in Palestina e nel 1915 contava 83.000 persone. Il progetto \u201csionista\u201d, gi\u00e0 teorizzato nel XIX secolo, mirava a far s\u00ec che gli ebrei sparsi per il mondo potessero ritornare ad avere dopo secoli una propria nazione. Quando la Palestina fu assegnata al mandato britannico, il Regno Unito decise di avallare il progetto, anche per tenere sotto controllo la presenza araba. <\/span><\/p>\n\n\n\n<p><span style=\"color: #000000;\">Lord Arthur J. Balfour nel 1917 disse: \u201c<em>Il governo di Sua Maest\u00e0 vede con benevolenza l\u2019istituzione in Palestina di una National Home per il popolo ebraico e far\u00e0 del suo meglio perch\u00e9 tale fine possa essere raggiunto, rimanendo chiaro che niente deve essere fatto che possa pregiudicare i diritti civili e religiosi delle comunit\u00e0 non ebraiche esistenti in Palestina<\/em>.\u201d <\/span><\/p>\n\n\n\n<p><span style=\"color: #000000;\">Questo \u00e8 un punto fondamentale per comprendere l\u2019origine delle ostilit\u00e0. Il punto di vista ebraico parte proprio da qui: dopo la Prima Guerra Mondiale gli arabi avevano diritto certamente ad avere dei propri Stati, ma in realt\u00e0 ci\u00f2 non sarebbe stato individuato nella Palestina, che sarebbe dovuta essere di pertinenza ebraica nella sua integralit\u00e0. In effetti una versione della bandiera della Palestina durante il mandato britannico aveva impressa la \u201cstella di David\u201d, cos\u00ec come appare oggi anche nella bandiera dello Stato di Israele. <\/span><span style=\"color: #000000;\">La possiamo vedere ritratta in una edizione del dizionario <em>Larousse<\/em> del 1939. <\/span><\/p>\n\n\n<div class=\"wp-block-image\">\n<figure class=\"aligncenter is-resized\"><img loading=\"lazy\" decoding=\"async\" width=\"300\" height=\"200\" src=\"https:\/\/www.rassegnastampa-totustuus.it\/cattolica\/wp-content\/uploads\/2021\/06\/larousse_1939-300x200.png\" alt=\"\" class=\"wp-image-51692\" style=\"width:440px;height:auto\" srcset=\"https:\/\/www.rassegnastampa-totustuus.it\/cattolica\/wp-content\/uploads\/2021\/06\/larousse_1939-300x200.png 300w, https:\/\/www.rassegnastampa-totustuus.it\/cattolica\/wp-content\/uploads\/2021\/06\/larousse_1939.png 601w\" sizes=\"auto, (max-width: 300px) 100vw, 300px\" \/><\/figure><\/div>\n\n\n<p><span style=\"color: #000000;\">\u00c8 importante soffermarsi su questo punto. Gli inglesi avevano certamente promesso delle terre alle popolazioni arabe per aver supportato l\u2019Alleanza nell\u2019attacco decisivo contro gli ottomani, di cui loro stessi erano desiderosi di liberarsi definitivamente, ma anche leggendo la storica dichiarazione di Balfour \u00e8 la versione ebraica che appare maggiormente avvalorata: l\u2019intero mandato britannico sulla Palestina sarebbe dovuto passare sotto il controllo del popolo ebraico (nel rispetto dei diritti delle comunit\u00e0 non ebraiche presenti), mentre agli arabi sarebbero spettati gli altri Stati (l\u2019Egitto divenne indipendente gi\u00e0 nel 1922). <\/span><\/p>\n\n\n\n<p><span style=\"color: #000000;\">Sarebbero sorti successivamente infatti il Libano, la Siria, l\u2019Iraq, la Giordania, la stessa Arabia Saudita, tutti Paesi che nei piani dei vari mandati erano gi\u00e0 stati assegnati alle popolazioni arabe. Se non si parte da questo dato storico fondamentale non riusciamo a capire perch\u00e9 la Palestina \u00e8 stata da sempre una terra contesa, a torto o a ragione, sia dalle popolazioni ebraiche che da quelle arabe. <\/span><\/p>\n\n\n<div class=\"wp-block-image\">\n<figure class=\"aligncenter is-resized\"><img loading=\"lazy\" decoding=\"async\" width=\"276\" height=\"182\" src=\"https:\/\/www.rassegnastampa-totustuus.it\/cattolica\/wp-content\/uploads\/2021\/06\/ebrei_israele.jpg\" alt=\"\" class=\"wp-image-51702\" style=\"width:488px;height:auto\"\/><\/figure><\/div>\n\n\n<p><span style=\"color: #000000;\">L\u2019immigrazione ebraica in Palestina, dalle varie comunit\u00e0 presenti in altri Paesi, subisce una netta accelerazione durante il mandato britannico. Accade cos\u00ec che dagli 84.000 presenti nel 1922 si arriva a oltre 900 mila ebrei nella Palestina del 1947. La grande immigrazione viene coadiuvata dall\u2019Agenzia ebraica (<em>\u201cSochnut\u201d<\/em>) che permetteva anche l\u2019utilizzo di fondi per acquistare i terreni dagli arabi presenti in Palestina, per sistemare cos\u00ec l\u2019arrivo dei nuovi coloni. <\/span><\/p>\n\n\n\n<p><span style=\"color: #000000;\">L\u2019efficace organizzazione spinse le autorit\u00e0 britanniche a consigliare agli arabi di fondare una Agenzia con le stesse finalit\u00e0, proposta che per\u00f2 fu subito respinta dai leader delle comunit\u00e0 locali. La forte immigrazione non tard\u00f2 ad alimentare le tensioni con le comunit\u00e0 arabe che si sentivano minacciate dal crescente arrivo dei coloni ebrei. <\/span><\/p>\n\n\n\n<p><span style=\"color: #000000;\">Aggiungiamo pure le scarse risorse presenti e l\u2019aumento della disoccupazione, in particolare tra gli arabi, e il quadro \u00e8 completo. Nonostante l\u2019Agenzia acquistasse regolarmente le terre dagli arabi, provocandone cos\u00ec l\u2019allontanamento da diverse aree, si and\u00f2 diffondendo, anche a causa della ambiguit\u00e0 degli inglesi su ci\u00f2 che si era stabilito per la Palestina, l\u2019idea di una invasione da parte degli ebrei in una terra la quale venne regolarmente assegnata dagli accordi successivi alla Prima Guerra Mondiale. <\/span><\/p>\n\n\n<div class=\"wp-block-image\">\n<figure class=\"aligncenter is-resized\"><img loading=\"lazy\" decoding=\"async\" width=\"225\" height=\"224\" src=\"https:\/\/www.rassegnastampa-totustuus.it\/cattolica\/wp-content\/uploads\/2021\/06\/Israele_coloni_ebrei.jpg\" alt=\"\" class=\"wp-image-51703\" style=\"width:463px;height:auto\" srcset=\"https:\/\/www.rassegnastampa-totustuus.it\/cattolica\/wp-content\/uploads\/2021\/06\/Israele_coloni_ebrei.jpg 225w, https:\/\/www.rassegnastampa-totustuus.it\/cattolica\/wp-content\/uploads\/2021\/06\/Israele_coloni_ebrei-150x150.jpg 150w\" sizes=\"auto, (max-width: 225px) 100vw, 225px\" \/><\/figure><\/div>\n\n\n<p><span style=\"color: #000000;\">Il sionismo ha fatto certamente comodo agli inglesi, che vedevano negli ebrei una presenza rassicurante in Medio Oriente, come baluardo e argine alla espansione araba. La proposta dei due Stati in Palestina in realt\u00e0 nasce solo successivamente, l\u00ec dove fallisce il progetto di un unico Stato che avrebbe dovuto essere il perfetto continuum del mandato britannico, senza alterarne i confini. In sostanza gli arabi ivi presenti, certamente garantiti nei diritti civili e religiosi, avrebbero dovuto lasciarsi governare dalla comunit\u00e0 ebraica come in parte accade oggi nell\u2019attuale Stato di Israele. <\/span><\/p>\n\n\n\n<p><span style=\"color: #000000;\">Agli arabi sarebbe rimasto il governo diretto di tutti gli altri Stati sorti dalla caduta dell\u2019Impero ottomano. Il popolo ebraico viene visto invece come una minaccia esistenziale da parte delle comunit\u00e0 arabe \u2013 ma soprattutto dei neonati Stati arabi confinanti \u2013 e dall\u2019accettazione si passa rapidamente al loro rifiuto. I nuovi assetti geopolitici in Medio Oriente sorti dalla Prima Guerra Mondiale furono quindi rifiutati dagli arabi, che si erano illusi di potersi liberare dal dominio ottomano senza cedere nulla in cambio. <\/span><\/p>\n\n\n\n<p><span style=\"color: #000000;\">La Palestina divenne cos\u00ec il vero oggetto di scambio, quella eterna terra promessa sempre negata ad un popolo fiero ed orgoglioso delle sue origini e della sua storia. Il periodo del mandato britannico vede una continua tensione che sfoga in rivolte delle comunit\u00e0 arabe contro quelle ebraiche a partire dai moti degli anni \u201920. <\/span><\/p>\n\n\n<div class=\"wp-block-image\">\n<figure class=\"aligncenter is-resized\"><img loading=\"lazy\" decoding=\"async\" width=\"297\" height=\"170\" src=\"https:\/\/www.rassegnastampa-totustuus.it\/cattolica\/wp-content\/uploads\/2021\/06\/ebrei_palestina.jpg\" alt=\"\" class=\"wp-image-51704\" style=\"width:459px;height:auto\"\/><\/figure><\/div>\n\n\n<p><span style=\"color: #000000;\">Particolarmente cruento fu il&nbsp;<em>massacro<\/em>&nbsp;<em>di Hebron&nbsp;<\/em>del 1929, luogo simbolico per la presenza plurisecolare dell\u2019insediamento, e di importanza sacra per l\u2019ebraismo, che identifica in questo luogo della Cisgiordania la presenza della tomba di Abramo. Molti ebrei trovarono salvezza presso famiglie arabe che li nascosero nelle loro case, e molti altri morirono perch\u00e9 si fidarono degli arabi sbagliati. Si contarono infine 68 ebrei uccisi con diverse altre decine di feriti e svariati episodi di violenza e stupri subiti dalle donne della comunit\u00e0 ebraica. <\/span><\/p>\n\n\n\n<p><span style=\"color: #000000;\">Gli ebrei sopravvissuti dovettero abbandonare Hebron per trovare rifugio a Gerusalemme e fecero un tentativo di ripopolare gli insediamenti nel 1931, per poi abbandonarli di nuovo a causa della&nbsp;<em>grande rivolta araba<\/em>&nbsp;che ebbe luogo tra il 1936 e il 1939. <\/span><\/p>\n\n\n\n<p><span style=\"color: #000000;\">La situazione stava ormai sfuggendo di mano e gli inglesi governarono in quegli anni la Palestina con sempre maggiore difficolt\u00e0, tentando in extremis di regolamentare anche l\u2019afflusso di nuovi coloni ebrei attraverso una serie di&nbsp;<em>libri bianchi&nbsp;<\/em>e proponendo una prima bozza di possibile suddivisione della Palestina in due Stati (Commissione Peel). <\/span><\/p>\n\n\n<div class=\"wp-block-image wp-image-51705\">\n<figure class=\"aligncenter is-resized\"><img loading=\"lazy\" decoding=\"async\" width=\"195\" height=\"258\" src=\"https:\/\/www.rassegnastampa-totustuus.it\/cattolica\/wp-content\/uploads\/2021\/06\/Israele_David_Ben_Gurion.jpg\" alt=\"\" class=\"wp-image-51705\" style=\"width:305px;height:auto\"\/><figcaption class=\"wp-element-caption\">David Ben Gurion<\/figcaption><\/figure><\/div>\n\n\n<p><span style=\"color: #000000;\">David Ben Gurion, la prima persona a ricoprire il ruolo di primo ministro dello Stato di Israele, fu possibilista e aperto all\u2019idea, spinto anche dal progetto di favorire una migrazione etnica controllata e concentrare tutti gli ebrei nella parte nord della Palestina. A loro volta gli arabi (che rigettarono subito il progetto) presenti nel nord si sarebbero dovuti spostare nel centro-sud mentre Gerusalemme sarebbe rimasta ancora sotto il controllo mandatario. <\/span><\/p>\n\n\n\n<p><span style=\"color: #000000;\">comunit\u00e0 ebraiche erano assai bene organizzate e cominciarono a reagire di fronte ai continui attacchi arabi formando una serie di milizie organizzate che diventeranno poi parte integrante dell\u2019attuale IDF (forze di difesa israeliane). Si hanno cos\u00ec strutture maggiormente militari come l\u2019<em>Haganah<\/em> e il <em>Palmach<\/em> e paramilitari come l\u2019<em>Irgun<\/em> e la <em>Banda Stern<\/em> (dal nome del suo primo comandante Avraham Stern). Quest\u2019ultima verr\u00e0 considerata come una vera e propria organizzazione terroristica da parte del Regno Unito. <\/span><\/p>\n\n\n\n<p><span style=\"color: #000000;\">Fu la stessa polizia britannica ad uccidere Stern nel 1942 in circostanze poco chiare. L\u2019ambiguit\u00e0 degli inglesi nel trattare la questione palestinese durante le rivolte arabe provoc\u00f2 un forte irrigidimento da parte delle stesse comunit\u00e0 ebraiche che, come nel caso della <em>Banda Stern<\/em>, cominciarono a vedere i britannici pi\u00f9 come un problema che come una soluzione. <\/span><\/p>\n\n\n<div class=\"wp-block-image wp-image-51706 size-full\">\n<figure class=\"aligncenter is-resized\"><img loading=\"lazy\" decoding=\"async\" width=\"261\" height=\"193\" src=\"https:\/\/www.rassegnastampa-totustuus.it\/cattolica\/wp-content\/uploads\/2021\/06\/Israele_Haganah.jpg\" alt=\"\" class=\"wp-image-51706\" style=\"width:437px;height:auto\"\/><figcaption class=\"wp-element-caption\">Soldati dell&#8217;Haganah<\/figcaption><\/figure><\/div>\n\n\n<p><span style=\"color: #000000;\">Ci\u00f2 accadde in particolare dopo il fallimento della proposta della Commissione Peel, quando venne redatto il libro bianco del 1939 che progettava l\u2019istituzione di uno Stato misto arabo-israeliano. Questa ipotesi fu immediatamente rifiutata dagli arabi che reagirono ancor di pi\u00f9 in maniera totalmente disillusa riguardo le conseguenze della Prima Guerra Mondiale, mentre gli ebrei considerarono questa proposta un vero e proprio tradimento. <\/span><\/p>\n\n\n\n<p><span style=\"color: #000000;\">La guerra civile durante la grande rivolta araba stabil\u00ec in maniera schiacciante la superiorit\u00e0 dell\u2019organizzazione militare ebraica, che si manifest\u00f2 a fronte di 400 caduti ebrei contro ben 5.000 arabi morti durante i vari scenari di battaglia. Tra gli inglesi morirono 200 soldati. La superiorit\u00e0 militare ebraica sar\u00e0 una costante in tutti i conflitti a venire contro gli altri Stati arabi. Durante la Seconda Guerra Mondiale fu inevitabile il ruolo diretto e indiretto del regime nazista sulla questione palestinese. <\/span><\/p>\n\n\n\n<p><span style=\"color: #000000;\">Gli arabi sperarono in una superiorit\u00e0 delle forze dell\u2019Asse con cui si allearono, sperando di sbarazzarsi cos\u00ec al pi\u00f9 presto degli ebrei e allo stesso tempo dei britannici, complice la \u201csoluzione finale\u201d tristemente famosa perseguita da Hitler, che incontr\u00f2 personalmente il Gran Muft\u00ec di Gerusalemme, Amin al-Husayni, nel 1941. <\/span><\/p>\n\n\n\n<p><span style=\"color: #000000;\">Quest\u2019ultimo si dedic\u00f2 a reclutare musulmani per rinfoltire le fila delle&nbsp;<em>Waffen-SS&nbsp;<\/em>del Reich. La comunit\u00e0 ebraica al fianco degli Alleati si sent\u00ec per\u00f2 in parte oppressa dagli inglesi, che in parte arrivarono ad ostacolare l\u2019immigrazione degli ebrei tedeschi, polacchi e austriaci che provavano a sfuggire dalla persecuzione nazista. L\u2019importante ruolo della comunit\u00e0 ebraica al fianco degli Alleati venne riconosciuto e la questione palestinese non rimase pi\u00f9 solo un affare britannico dopo la Seconda Guerra Mondiale. <\/span><\/p>\n\n\n<div class=\"wp-block-image wp-image-51693 size-medium\">\n<figure class=\"aligncenter\"><img loading=\"lazy\" decoding=\"async\" width=\"156\" height=\"300\" src=\"https:\/\/www.rassegnastampa-totustuus.it\/cattolica\/wp-content\/uploads\/2021\/06\/Israele_Commissione_Peel-156x300.png\" alt=\"\" class=\"wp-image-51693\" srcset=\"https:\/\/www.rassegnastampa-totustuus.it\/cattolica\/wp-content\/uploads\/2021\/06\/Israele_Commissione_Peel-156x300.png 156w, https:\/\/www.rassegnastampa-totustuus.it\/cattolica\/wp-content\/uploads\/2021\/06\/Israele_Commissione_Peel.png 207w\" sizes=\"auto, (max-width: 156px) 100vw, 156px\" \/><figcaption class=\"wp-element-caption\">Fig. 1<\/figcaption><\/figure><\/div>\n\n\n<p><span style=\"color: #000000;\">La neonata Organizzazione delle Nazioni Unite istitu\u00ec una \u201cCommissione speciale per la Palestina\u201d (UNSCOP) e propose alcune modifiche nel piano della suddivisione dei due Stati (fig. 2) utilizzando come base le conclusioni della Commissione Peel (fig. 1). <\/span><\/p>\n\n\n<div class=\"wp-block-image\">\n<figure class=\"aligncenter size-full\"><a href=\"https:\/\/www.rassegnastampa-totustuus.it\/cattolica\/wp-content\/uploads\/2021\/06\/Palestina.png\"><img loading=\"lazy\" decoding=\"async\" width=\"216\" height=\"394\" src=\"https:\/\/www.rassegnastampa-totustuus.it\/cattolica\/wp-content\/uploads\/2021\/06\/Palestina.png\" alt=\"\" class=\"wp-image-51694\" srcset=\"https:\/\/www.rassegnastampa-totustuus.it\/cattolica\/wp-content\/uploads\/2021\/06\/Palestina.png 216w, https:\/\/www.rassegnastampa-totustuus.it\/cattolica\/wp-content\/uploads\/2021\/06\/Palestina-164x300.png 164w\" sizes=\"auto, (max-width: 216px) 100vw, 216px\" \/><\/a><\/figure><\/div>\n\n\n<p><span style=\"color: #000000;\">All\u2019inizio del 1947 la proporzione tra arabi ed ebrei era di 2:1 con circa 1.200.000 degli uni e 600.000 degli altri con un continuo flusso migratorio che alla fine di quell\u2019anno ne avrebbe portato ad un totale di oltre 900.000. <\/span><\/p>\n\n\n\n<p><span style=\"color: #000000;\">La proposta di spartizione riguardo la zona sud della Palestina era basata su una considerazione pragmatica: la comunit\u00e0 ebraica avrebbe continuato l\u2019immigrazione verso la Palestina e la zona desertica meridionale era sufficientemente grande ed estesa non solo per accogliere i nuovi coloni, ma anche per permettere uno sviluppo agricolo altrimenti impossibile da parte degli arabi, uno sviluppo di cui ne avrebbero beneficiato tutti. <\/span><\/p>\n\n\n<div class=\"wp-block-image\">\n<figure class=\"aligncenter is-resized\"><img loading=\"lazy\" decoding=\"async\" width=\"260\" height=\"193\" src=\"https:\/\/www.rassegnastampa-totustuus.it\/cattolica\/wp-content\/uploads\/2021\/06\/Israele_Palestina_fine-_mandato_inglese.jpg\" alt=\"\" class=\"wp-image-51707\" style=\"width:444px;height:auto\"\/><\/figure><\/div>\n\n\n<p><span style=\"color: #000000;\">Gli arabi rifiutarono la proposta non considerandola giusta, mentre gli ebrei accettarono nonostante la scarsa continuit\u00e0 territoriale. Era prioritario far nascere a questo punto i due Stati in modo definitivo e risolutivo per chiudere la stagione dei conflitti. La risoluzione dell\u2019Onu stabil\u00ec anche la fine del mandato britannico entro e non oltre il 1\u00b0 agosto del 1948.&nbsp; <\/span><\/p>\n\n\n\n<p><span style=\"color: #000000;\">Il&nbsp;<em>Consiglio Nazionale Sionista<\/em>&nbsp;sulla base della risoluzione dell\u2019Onu proclam\u00f2 la nascita ufficiale dello Stato di Israele il 14 maggio di quell\u2019anno con a capo Ben Gurion, il \u201cpadre fondatore\u201d di Israele nel ruolo di primo ministro. La risposta alla risoluzione dell\u2019Onu porter\u00e0 alla&nbsp;<em>Guerra arabo-israeliana del 1948<\/em>&nbsp;che cominci\u00f2 ufficialmente gi\u00e0 prima del ritiro degli inglesi dalla Palestina. Considerata come la vera \u201cguerra d\u2019indipendenza\u201d dello Stato di Israele, in essa si possono connotare diverse fasi del conflitto separate da brevi tregue. <\/span><\/p>\n\n\n\n<p><span style=\"color: #000000;\">La fazione araba era costituita oltre che da combattenti palestinesi anche da eserciti regolari provenienti da Egitto, Libano, Siria, Giordania ed Iraq. Dall\u2019altro lato vi furono solo le neonate IDF che assorbirono le forze dell\u2019<em>Haganah<\/em>, del&nbsp;<em>Palmach<\/em>&nbsp;e dell\u2019<em>Irgun<\/em>. Solo in una occasione si ebbe l\u2019intervento della RAF britannica che reag\u00ec alle incursioni arabe sulle basi aeree inglesi vicino Haifa, abbattendo alcuni aerei egiziani. <\/span><\/p>\n\n\n<div class=\"wp-block-image\">\n<figure class=\"aligncenter is-resized\"><img loading=\"lazy\" decoding=\"async\" width=\"275\" height=\"183\" src=\"https:\/\/www.rassegnastampa-totustuus.it\/cattolica\/wp-content\/uploads\/2021\/06\/Israele_guerra_1948.jpg\" alt=\"\" class=\"wp-image-51708\" style=\"width:451px;height:auto\"\/><\/figure><\/div>\n\n\n<p><span style=\"color: #000000;\">Da una iniziale posizione difensiva le forze armate israeliane riuscirono a respingere tutti gli attacchi nei primi mesi del conflitto mostrando una netta superiorit\u00e0 nella gestione militare nonostante le numerose perdite nelle prime fasi della guerra. La forte immigrazione degli ebrei in Palestina port\u00f2 in pochi mesi le IDF a schierare una forza che da 30.000 soldati arriv\u00f2 a reclutarne oltre 100.000, con una importante componente di veterani proveniente da vari contesti gi\u00e0 vissuti durante la Seconda Guerra Mondiale. <\/span><\/p>\n\n\n<div class=\"wp-block-image\">\n<figure class=\"aligncenter is-resized\"><img loading=\"lazy\" decoding=\"async\" width=\"245\" height=\"206\" src=\"https:\/\/www.rassegnastampa-totustuus.it\/cattolica\/wp-content\/uploads\/2021\/06\/Israele_guerra_1948-1.jpg\" alt=\"\" class=\"wp-image-51709\" style=\"width:467px;height:auto\"\/><\/figure><\/div>\n\n\n<p><span style=\"color: #000000;\">La superiorit\u00e0 aerea fu raggiunta solo dopo alcuni mesi quando la neonata IAF (<em>\u201cIsraeli Air Force\u201d<\/em>) si dot\u00f2 di 25 caccia acquistati dalla Cecoslovacchia. La reazione israeliana port\u00f2 non solo a riconquistare le parti di territorio inizialmente perdute ma a controllare nuove aree oltre i confini del mandato Onu. Nel corso del 1949 Israele firm\u00f2 una serie di armistizi separatamente con tutte le parti in causa ottenendo circa il 50 per cento in pi\u00f9 del territorio inizialmente previsto dal piano di partizione dell\u2019Onu (fig.3) e le cosiddette&nbsp;<em>\u201cgreen line\u201d<\/em>&nbsp;ovvero linee di cessate il fuoco che corrispondevano all\u2019attuale Striscia di Gaza controllata dall\u2019Egitto e l\u2019intera Cisgiordania controllata dal re giordano Abd All\u0101h. <\/span><\/p>\n\n\n\n<p><span style=\"color: #000000;\">Molti furono i profughi di guerra palestinesi che fuggirono o furono costretti a fuggire. Gli ebrei presenti in altri Stati arabi preferirono lasciare i rispettivi Paesi dato l\u2019aumentare del sentimento anti-ebraico. Diverse centinaia di migliaia raggiunsero proprio Israele e molti altri emigrarono in Europa. Gli eventi storici rivelano in maniera incontrovertibile come la popolazione araba fu poco lungimirante nel non accettare fin dal principio almeno un parziale controllo della Palestina da parte degli israeliani, che aggrediti da ben 5 Paesi arabi seppero difendersi e contrattaccare vincendo la guerra. <\/span><\/p>\n\n\n<div class=\"wp-block-image wp-image-51697 size-medium\">\n<figure class=\"alignright\"><img loading=\"lazy\" decoding=\"async\" width=\"107\" height=\"300\" src=\"https:\/\/www.rassegnastampa-totustuus.it\/cattolica\/wp-content\/uploads\/2021\/06\/Israele_annessioni_1949-107x300.png\" alt=\"\" class=\"wp-image-51697\" srcset=\"https:\/\/www.rassegnastampa-totustuus.it\/cattolica\/wp-content\/uploads\/2021\/06\/Israele_annessioni_1949-107x300.png 107w, https:\/\/www.rassegnastampa-totustuus.it\/cattolica\/wp-content\/uploads\/2021\/06\/Israele_annessioni_1949.png 153w\" sizes=\"auto, (max-width: 107px) 100vw, 107px\" \/><figcaption class=\"wp-element-caption\">Il colore rosato mostra la parte di territorio annessa ad Israele come conseguenza degli armistizi del 1949<\/figcaption><\/figure><\/div>\n\n\n<p><span style=\"color: #000000;\">Tra il 1949 e il 1955 crescono le tensioni tra Israele e l\u2019Egitto che cominci\u00f2 una serie di atti di ritorsione, spionaggio e sabotaggio. La \u201cmanodopera\u201d utilizzata comprendeva anche i rifugiati palestinesi la cui infiltrazione veniva favorita operando una pressione dalla Striscia di Gaza. Anche a seguito dell\u2019ideologia del \u201cpanarabismo\u201d portata avanti strenuamente dal presidente egiziano Nasser, ha inizio la crisi del canale di Suez, con una guerra nel 1956. <\/span><\/p>\n\n\n\n<p><span style=\"color: #000000;\">La compagnia a capo del canale era infatti di propriet\u00e0 anglo-francese e la nazionalizzazione egiziana avvenne scatenando la reazione militare di Francia e Regno Unito alle quali si affianc\u00f2 Israele, poich\u00e9 l\u2019Egitto decise di interdire allo Stato ebraico l\u2019utilizzo del canale di Suez. In una alleanza inedita Usa e Russia minacciarono di intervenire contro i due Stati europei che si dovettero cos\u00ec ritirare. Si cap\u00ec successivamente che gli Stati Uniti temevano una pericolosa escalation dovuta alla minaccia dichiarata dall\u2019allora Unione Sovietica di usare \u201ctutti i tipi di moderne armi di distruzione\u201d (testate nucleari?) su Londra e Parigi. <\/span><\/p>\n\n\n<div class=\"wp-block-image\">\n<figure class=\"aligncenter is-resized\"><img loading=\"lazy\" decoding=\"async\" width=\"300\" height=\"222\" src=\"https:\/\/www.rassegnastampa-totustuus.it\/cattolica\/wp-content\/uploads\/2021\/06\/Israele_Guerra_Moshe_-Dayan-i-300x222.jpg\" alt=\"\" class=\"wp-image-51695\" style=\"width:436px;height:auto\" srcset=\"https:\/\/www.rassegnastampa-totustuus.it\/cattolica\/wp-content\/uploads\/2021\/06\/Israele_Guerra_Moshe_-Dayan-i-300x222.jpg 300w, https:\/\/www.rassegnastampa-totustuus.it\/cattolica\/wp-content\/uploads\/2021\/06\/Israele_Guerra_Moshe_-Dayan-i-768x568.jpg 768w, https:\/\/www.rassegnastampa-totustuus.it\/cattolica\/wp-content\/uploads\/2021\/06\/Israele_Guerra_Moshe_-Dayan-i.jpg 1024w\" sizes=\"auto, (max-width: 300px) 100vw, 300px\" \/><\/figure><\/div>\n\n\n<p><span style=\"color: #000000;\">L\u2019esercito israeliano invece non si fece intimorire e rinnov\u00f2 la dimostrazione di una netta superiorit\u00e0 militare conquistando cos\u00ec tutta la penisola del Sinai grazie all\u2019azione del generale Moshe Dayan&nbsp;<em>(a sinistra nella foto insieme a Sharon, 1973)<\/em>, considerato un vero eroe nazionale, specialmente per il grande acume tattico che di l\u00ec a non molto tempo dopo avrebbe sfoderato durante la \u201cGuerra dei Sei Giorni\u201d del 1967. <\/span><\/p>\n\n\n\n<p><span style=\"color: #000000;\">forze israeliane si ritirarono dal Sinai all\u2019inizio del 1957 quando fu promossa per la prima volta nella storia dell\u2019Onu una missione militare di <em>peacekeeping<\/em>. A partire dal 1962 riprendono ritorsioni reciproche tra Israele ed Egitto che porranno le basi per la&nbsp;<em>Guerra dei Sei Giorni&nbsp;<\/em>(5-10 giugno 1967). Su pressione egiziana le ultime forze residue dell\u2019Onu vennero ritirate da Gaza. <\/span><\/p>\n\n\n\n<p><span style=\"color: #000000;\">Il 23 maggio del 1967 l\u2019Egitto chiuse la navigazione agli israeliani all\u2019altezza degli Stretti di Tiran a sud del Sinai. Per Israele fu considerato un atto di guerra come quello del 1956. Stavolta l\u2019azione militare cominci\u00f2 con attacchi preventivi e a sorpresa: la IAF attacc\u00f2 la mattina presto del 5 giugno le postazioni dell\u2019aviazione egiziana distruggendola quasi completamente. Stessa sorte tocc\u00f2 all\u2019aviazione siriana seppur dotata di aerei migliori. <\/span><\/p>\n\n\n\n<p><span style=\"color: #000000;\">L\u2019intervento di terra cominci\u00f2 quasi subito dopo e con la netta superiorit\u00e0 nello schierare le proprie forze corazzate Israele ebbe vita facile nel conquistare Gaza e l\u2019intera penisola del Sinai replicando i successi della crisi di Suez. La novit\u00e0 consisteva stavolta in operazioni di controllo sia della Cisgiordania che delle alture del Golan, affrontando quasi contemporaneamente gli eserciti giordani, siriani ed iracheni. <\/span><\/p>\n\n\n<div class=\"wp-block-image wp-image-51696 size-medium\">\n<figure class=\"aligncenter is-resized\"><img loading=\"lazy\" decoding=\"async\" width=\"284\" height=\"300\" src=\"https:\/\/www.rassegnastampa-totustuus.it\/cattolica\/wp-content\/uploads\/2021\/06\/Israele_Guerra_sei_giorni-284x300.png\" alt=\"\" class=\"wp-image-51696\" style=\"width:372px;height:auto\" srcset=\"https:\/\/www.rassegnastampa-totustuus.it\/cattolica\/wp-content\/uploads\/2021\/06\/Israele_Guerra_sei_giorni-284x300.png 284w, https:\/\/www.rassegnastampa-totustuus.it\/cattolica\/wp-content\/uploads\/2021\/06\/Israele_Guerra_sei_giorni.png 416w\" sizes=\"auto, (max-width: 284px) 100vw, 284px\" \/><figcaption class=\"wp-element-caption\">Fig. 4<\/figcaption><\/figure><\/div>\n\n\n<p><span style=\"color: #000000;\">Gli israeliani in realt\u00e0 non si aspettavano l\u2019attacco del re giordano Hussein del quale speravano un atteggiamento di neutralit\u00e0, ma solo pochi giorni prima la Giordania firm\u00f2 un patto di mutua difesa con l\u2019Egitto attaccando letteralmente \u201calle spalle\u201d Gerusalemme. Il 10 giugno cessarono ufficialmente le ostilit\u00e0 dopo che Giordania ed Egitto erano state costrette a trattare il \u201ccessate il fuoco\u201d e le forze siriane si ritirarono dopo aver perso le alture del Golan (fig. 4). <\/span><\/p>\n\n\n\n<p><span style=\"color: #000000;\">La schiacciante superiorit\u00e0 militare dimostrata da Israele provocher\u00e0 profonde ripercussioni negli anni a venire in Medio Oriente. Nel 1964 viene fondata l\u2019OLP (<em>Organizzazione per la Liberazione della Palestina<\/em>) che dapprima \u00e8 posta sotto il controllo diretto della \u201cLega araba\u201d, dopodich\u00e9 affronter\u00e0 un percorso pi\u00f9 autonomo venendo riconosciuta come unico interlocutore politico rappresentante gli arabo-palestinesi. <\/span><\/p>\n\n\n\n<p><span style=\"color: #000000;\">Nel contesto dell\u2019OLP sorsero diversi gruppi nazionalisti panarabi palestinesi, tra i quali <em>al-Fatah <\/em>assunse un certo protagonismo tramite le azioni del suo leader<em> Yasser Arafat<\/em>. Da <em>al-Fatah<\/em> sorger\u00e0 il gruppo terroristico, <em>Settembre Nero<\/em>, responsabile della strage delle Olimpiadi di Monaco del 1972 che porter\u00e0 alla morte di 11 atleti della squadra olimpica di Israele. <\/span><\/p>\n\n\n\n<p><span style=\"color: #000000;\">Le periodiche azioni di guerriglia dell\u2019OLP e la guerra di attrito tra Israele ed Egitto porranno le basi per l\u2019ultimo conflitto con il coinvolgimento diretto degli Stati arabi, conosciuta anche come <em>Guerra del Kippur<\/em>, nel 1973.<\/span><\/p>\n","protected":false},"excerpt":{"rendered":"<p>Atlantico 21 Giugno 2021 \u00a0 di Gabriele Amore Quando si parla del conflitto israelo-palestinese non si pu\u00f2 ignorare il contesto storico all\u2019origine di tutto: l\u2019esito della Prima Guerra Mondiale. Nel 1918 ormai in ritirata su tutti i fronti e con l\u2019esercito ridotto a un sesto della forza originaria, all\u2019Impero ottomano non rest\u00f2 altro che trattare &hellip; <\/p>\n<p><a class=\"more-link btn\" href=\"https:\/\/www.rassegnastampa-totustuus.it\/cattolica\/le-radici-della-questione-palestinese-verita-storica-contro-propaganda-islamista\/\">Continua a leggere<\/a><\/p>\n","protected":false},"author":6,"featured_media":51699,"comment_status":"closed","ping_status":"closed","sticky":false,"template":"","format":"standard","meta":{"footnotes":""},"categories":[75,108,24],"tags":[346,1614],"class_list":["post-51689","post","type-post","status-publish","format-standard","has-post-thumbnail","hentry","category-israele","category-paesi-e-continenti","category-storia","tag-medio-oriente","tag-palestinesi","item-wrap"],"yoast_head":"<!-- This site is optimized with the Yoast SEO plugin v27.5 - https:\/\/yoast.com\/product\/yoast-seo-wordpress\/ -->\n<title>Le radici della questione palestinese: verit\u00e0 storica contro propaganda islamista - Rassegna Stampa Cattolica<\/title>\n<meta name=\"description\" content=\"Le radici della questione palestinese: verit\u00e0 storica contro propaganda islamista.\" \/>\n<meta name=\"robots\" content=\"index, follow, max-snippet:-1, max-image-preview:large, max-video-preview:-1\" \/>\n<link rel=\"canonical\" href=\"https:\/\/www.rassegnastampa-totustuus.it\/cattolica\/le-radici-della-questione-palestinese-verita-storica-contro-propaganda-islamista\/\" \/>\n<meta property=\"og:locale\" content=\"it_IT\" \/>\n<meta property=\"og:type\" content=\"article\" \/>\n<meta property=\"og:title\" content=\"Le radici della questione palestinese: verit\u00e0 storica contro propaganda islamista - Rassegna Stampa Cattolica\" \/>\n<meta property=\"og:description\" content=\"Le radici della questione palestinese: verit\u00e0 storica contro propaganda islamista.\" \/>\n<meta property=\"og:url\" content=\"https:\/\/www.rassegnastampa-totustuus.it\/cattolica\/le-radici-della-questione-palestinese-verita-storica-contro-propaganda-islamista\/\" \/>\n<meta property=\"og:site_name\" content=\"Rassegna Stampa Cattolica\" \/>\n<meta property=\"article:publisher\" content=\"https:\/\/www.facebook.com\/rassegnastampacattolica\" \/>\n<meta property=\"article:published_time\" content=\"2021-06-23T22:00:01+00:00\" \/>\n<meta property=\"article:modified_time\" content=\"2025-07-23T12:34:22+00:00\" \/>\n<meta property=\"og:image\" content=\"https:\/\/www.rassegnastampa-totustuus.it\/cattolica\/wp-content\/uploads\/2021\/06\/Israele_Palestina.jpeg\" \/>\n\t<meta property=\"og:image:width\" content=\"1280\" \/>\n\t<meta property=\"og:image:height\" content=\"720\" \/>\n\t<meta property=\"og:image:type\" content=\"image\/jpeg\" \/>\n<meta name=\"author\" content=\"Redazione\" \/>\n<meta name=\"twitter:card\" content=\"summary_large_image\" \/>\n<meta name=\"twitter:creator\" content=\"@rassegnastampa9\" \/>\n<meta name=\"twitter:site\" content=\"@rassegnastampa9\" \/>\n<meta name=\"twitter:label1\" content=\"Scritto da\" \/>\n\t<meta name=\"twitter:data1\" content=\"Redazione\" \/>\n\t<meta name=\"twitter:label2\" content=\"Tempo di lettura stimato\" \/>\n\t<meta name=\"twitter:data2\" content=\"20 minuti\" \/>\n<script type=\"application\/ld+json\" class=\"yoast-schema-graph\">{\"@context\":\"https:\\\/\\\/schema.org\",\"@graph\":[{\"@type\":\"Article\",\"@id\":\"https:\\\/\\\/www.rassegnastampa-totustuus.it\\\/cattolica\\\/le-radici-della-questione-palestinese-verita-storica-contro-propaganda-islamista\\\/#article\",\"isPartOf\":{\"@id\":\"https:\\\/\\\/www.rassegnastampa-totustuus.it\\\/cattolica\\\/le-radici-della-questione-palestinese-verita-storica-contro-propaganda-islamista\\\/\"},\"author\":{\"name\":\"Redazione\",\"@id\":\"https:\\\/\\\/www.rassegnastampa-totustuus.it\\\/cattolica\\\/#\\\/schema\\\/person\\\/08f319d2bd1a0904ad9e2bfb7b15e5c3\"},\"headline\":\"Le radici della questione palestinese: verit\u00e0 storica contro propaganda islamista\",\"datePublished\":\"2021-06-23T22:00:01+00:00\",\"dateModified\":\"2025-07-23T12:34:22+00:00\",\"mainEntityOfPage\":{\"@id\":\"https:\\\/\\\/www.rassegnastampa-totustuus.it\\\/cattolica\\\/le-radici-della-questione-palestinese-verita-storica-contro-propaganda-islamista\\\/\"},\"wordCount\":3011,\"publisher\":{\"@id\":\"https:\\\/\\\/www.rassegnastampa-totustuus.it\\\/cattolica\\\/#organization\"},\"image\":{\"@id\":\"https:\\\/\\\/www.rassegnastampa-totustuus.it\\\/cattolica\\\/le-radici-della-questione-palestinese-verita-storica-contro-propaganda-islamista\\\/#primaryimage\"},\"thumbnailUrl\":\"https:\\\/\\\/www.rassegnastampa-totustuus.it\\\/cattolica\\\/wp-content\\\/uploads\\\/2021\\\/06\\\/Israele_Palestina.jpeg\",\"keywords\":[\"medio oriente\",\"palestinesi\"],\"articleSection\":[\"Israele\",\"Paesi e continenti\",\"Storia\"],\"inLanguage\":\"it-IT\"},{\"@type\":\"WebPage\",\"@id\":\"https:\\\/\\\/www.rassegnastampa-totustuus.it\\\/cattolica\\\/le-radici-della-questione-palestinese-verita-storica-contro-propaganda-islamista\\\/\",\"url\":\"https:\\\/\\\/www.rassegnastampa-totustuus.it\\\/cattolica\\\/le-radici-della-questione-palestinese-verita-storica-contro-propaganda-islamista\\\/\",\"name\":\"Le radici della questione palestinese: verit\u00e0 storica contro propaganda islamista - Rassegna Stampa Cattolica\",\"isPartOf\":{\"@id\":\"https:\\\/\\\/www.rassegnastampa-totustuus.it\\\/cattolica\\\/#website\"},\"primaryImageOfPage\":{\"@id\":\"https:\\\/\\\/www.rassegnastampa-totustuus.it\\\/cattolica\\\/le-radici-della-questione-palestinese-verita-storica-contro-propaganda-islamista\\\/#primaryimage\"},\"image\":{\"@id\":\"https:\\\/\\\/www.rassegnastampa-totustuus.it\\\/cattolica\\\/le-radici-della-questione-palestinese-verita-storica-contro-propaganda-islamista\\\/#primaryimage\"},\"thumbnailUrl\":\"https:\\\/\\\/www.rassegnastampa-totustuus.it\\\/cattolica\\\/wp-content\\\/uploads\\\/2021\\\/06\\\/Israele_Palestina.jpeg\",\"datePublished\":\"2021-06-23T22:00:01+00:00\",\"dateModified\":\"2025-07-23T12:34:22+00:00\",\"description\":\"Le radici della questione palestinese: verit\u00e0 storica contro propaganda islamista.\",\"breadcrumb\":{\"@id\":\"https:\\\/\\\/www.rassegnastampa-totustuus.it\\\/cattolica\\\/le-radici-della-questione-palestinese-verita-storica-contro-propaganda-islamista\\\/#breadcrumb\"},\"inLanguage\":\"it-IT\",\"potentialAction\":[{\"@type\":\"ReadAction\",\"target\":[\"https:\\\/\\\/www.rassegnastampa-totustuus.it\\\/cattolica\\\/le-radici-della-questione-palestinese-verita-storica-contro-propaganda-islamista\\\/\"]}]},{\"@type\":\"ImageObject\",\"inLanguage\":\"it-IT\",\"@id\":\"https:\\\/\\\/www.rassegnastampa-totustuus.it\\\/cattolica\\\/le-radici-della-questione-palestinese-verita-storica-contro-propaganda-islamista\\\/#primaryimage\",\"url\":\"https:\\\/\\\/www.rassegnastampa-totustuus.it\\\/cattolica\\\/wp-content\\\/uploads\\\/2021\\\/06\\\/Israele_Palestina.jpeg\",\"contentUrl\":\"https:\\\/\\\/www.rassegnastampa-totustuus.it\\\/cattolica\\\/wp-content\\\/uploads\\\/2021\\\/06\\\/Israele_Palestina.jpeg\",\"width\":1280,\"height\":720},{\"@type\":\"BreadcrumbList\",\"@id\":\"https:\\\/\\\/www.rassegnastampa-totustuus.it\\\/cattolica\\\/le-radici-della-questione-palestinese-verita-storica-contro-propaganda-islamista\\\/#breadcrumb\",\"itemListElement\":[{\"@type\":\"ListItem\",\"position\":1,\"name\":\"Home\",\"item\":\"https:\\\/\\\/www.rassegnastampa-totustuus.it\\\/cattolica\\\/\"},{\"@type\":\"ListItem\",\"position\":2,\"name\":\"Le radici della questione palestinese: verit\u00e0 storica contro propaganda islamista\"}]},{\"@type\":\"WebSite\",\"@id\":\"https:\\\/\\\/www.rassegnastampa-totustuus.it\\\/cattolica\\\/#website\",\"url\":\"https:\\\/\\\/www.rassegnastampa-totustuus.it\\\/cattolica\\\/\",\"name\":\"Rassegna Stampa Cattolica\",\"description\":\"Per una cultura che nasce dalla Rivelazione cristiana in conformit\u00e0 alla tradizione e al Magistero della Chiesa in opposizione ad ogni relativismo e totalitarismo\",\"publisher\":{\"@id\":\"https:\\\/\\\/www.rassegnastampa-totustuus.it\\\/cattolica\\\/#organization\"},\"alternateName\":\"Rass. Cattolica\",\"potentialAction\":[{\"@type\":\"SearchAction\",\"target\":{\"@type\":\"EntryPoint\",\"urlTemplate\":\"https:\\\/\\\/www.rassegnastampa-totustuus.it\\\/cattolica\\\/?s={search_term_string}\"},\"query-input\":{\"@type\":\"PropertyValueSpecification\",\"valueRequired\":true,\"valueName\":\"search_term_string\"}}],\"inLanguage\":\"it-IT\"},{\"@type\":\"Organization\",\"@id\":\"https:\\\/\\\/www.rassegnastampa-totustuus.it\\\/cattolica\\\/#organization\",\"name\":\"Rassegna Stampa Cattolica\",\"url\":\"https:\\\/\\\/www.rassegnastampa-totustuus.it\\\/cattolica\\\/\",\"logo\":{\"@type\":\"ImageObject\",\"inLanguage\":\"it-IT\",\"@id\":\"https:\\\/\\\/www.rassegnastampa-totustuus.it\\\/cattolica\\\/#\\\/schema\\\/logo\\\/image\\\/\",\"url\":\"https:\\\/\\\/www.rassegnastampa-totustuus.it\\\/cattolica\\\/wp-content\\\/uploads\\\/2014\\\/04\\\/logo-rassegna1.gif\",\"contentUrl\":\"https:\\\/\\\/www.rassegnastampa-totustuus.it\\\/cattolica\\\/wp-content\\\/uploads\\\/2014\\\/04\\\/logo-rassegna1.gif\",\"width\":600,\"height\":163,\"caption\":\"Rassegna Stampa Cattolica\"},\"image\":{\"@id\":\"https:\\\/\\\/www.rassegnastampa-totustuus.it\\\/cattolica\\\/#\\\/schema\\\/logo\\\/image\\\/\"},\"sameAs\":[\"https:\\\/\\\/www.facebook.com\\\/rassegnastampacattolica\",\"https:\\\/\\\/x.com\\\/rassegnastampa9\"]},{\"@type\":\"Person\",\"@id\":\"https:\\\/\\\/www.rassegnastampa-totustuus.it\\\/cattolica\\\/#\\\/schema\\\/person\\\/08f319d2bd1a0904ad9e2bfb7b15e5c3\",\"name\":\"Redazione\",\"image\":{\"@type\":\"ImageObject\",\"inLanguage\":\"it-IT\",\"@id\":\"https:\\\/\\\/secure.gravatar.com\\\/avatar\\\/2fcdf27c78ea025fbdb44e914cc63c72249ffec9dc8aafd5c82b26240ef3f346?s=96&d=mm&r=g\",\"url\":\"https:\\\/\\\/secure.gravatar.com\\\/avatar\\\/2fcdf27c78ea025fbdb44e914cc63c72249ffec9dc8aafd5c82b26240ef3f346?s=96&d=mm&r=g\",\"contentUrl\":\"https:\\\/\\\/secure.gravatar.com\\\/avatar\\\/2fcdf27c78ea025fbdb44e914cc63c72249ffec9dc8aafd5c82b26240ef3f346?s=96&d=mm&r=g\",\"caption\":\"Redazione\"},\"url\":\"https:\\\/\\\/www.rassegnastampa-totustuus.it\\\/cattolica\\\/author\\\/pietroelle\\\/\"}]}<\/script>\n<!-- \/ Yoast SEO plugin. -->","yoast_head_json":{"title":"Le radici della questione palestinese: verit\u00e0 storica contro propaganda islamista - Rassegna Stampa Cattolica","description":"Le radici della questione palestinese: verit\u00e0 storica contro propaganda islamista.","robots":{"index":"index","follow":"follow","max-snippet":"max-snippet:-1","max-image-preview":"max-image-preview:large","max-video-preview":"max-video-preview:-1"},"canonical":"https:\/\/www.rassegnastampa-totustuus.it\/cattolica\/le-radici-della-questione-palestinese-verita-storica-contro-propaganda-islamista\/","og_locale":"it_IT","og_type":"article","og_title":"Le radici della questione palestinese: verit\u00e0 storica contro propaganda islamista - Rassegna Stampa Cattolica","og_description":"Le radici della questione palestinese: verit\u00e0 storica contro propaganda islamista.","og_url":"https:\/\/www.rassegnastampa-totustuus.it\/cattolica\/le-radici-della-questione-palestinese-verita-storica-contro-propaganda-islamista\/","og_site_name":"Rassegna Stampa Cattolica","article_publisher":"https:\/\/www.facebook.com\/rassegnastampacattolica","article_published_time":"2021-06-23T22:00:01+00:00","article_modified_time":"2025-07-23T12:34:22+00:00","og_image":[{"width":1280,"height":720,"url":"https:\/\/www.rassegnastampa-totustuus.it\/cattolica\/wp-content\/uploads\/2021\/06\/Israele_Palestina.jpeg","type":"image\/jpeg"}],"author":"Redazione","twitter_card":"summary_large_image","twitter_creator":"@rassegnastampa9","twitter_site":"@rassegnastampa9","twitter_misc":{"Scritto da":"Redazione","Tempo di lettura stimato":"20 minuti"},"schema":{"@context":"https:\/\/schema.org","@graph":[{"@type":"Article","@id":"https:\/\/www.rassegnastampa-totustuus.it\/cattolica\/le-radici-della-questione-palestinese-verita-storica-contro-propaganda-islamista\/#article","isPartOf":{"@id":"https:\/\/www.rassegnastampa-totustuus.it\/cattolica\/le-radici-della-questione-palestinese-verita-storica-contro-propaganda-islamista\/"},"author":{"name":"Redazione","@id":"https:\/\/www.rassegnastampa-totustuus.it\/cattolica\/#\/schema\/person\/08f319d2bd1a0904ad9e2bfb7b15e5c3"},"headline":"Le radici della questione palestinese: verit\u00e0 storica contro propaganda islamista","datePublished":"2021-06-23T22:00:01+00:00","dateModified":"2025-07-23T12:34:22+00:00","mainEntityOfPage":{"@id":"https:\/\/www.rassegnastampa-totustuus.it\/cattolica\/le-radici-della-questione-palestinese-verita-storica-contro-propaganda-islamista\/"},"wordCount":3011,"publisher":{"@id":"https:\/\/www.rassegnastampa-totustuus.it\/cattolica\/#organization"},"image":{"@id":"https:\/\/www.rassegnastampa-totustuus.it\/cattolica\/le-radici-della-questione-palestinese-verita-storica-contro-propaganda-islamista\/#primaryimage"},"thumbnailUrl":"https:\/\/www.rassegnastampa-totustuus.it\/cattolica\/wp-content\/uploads\/2021\/06\/Israele_Palestina.jpeg","keywords":["medio oriente","palestinesi"],"articleSection":["Israele","Paesi e continenti","Storia"],"inLanguage":"it-IT"},{"@type":"WebPage","@id":"https:\/\/www.rassegnastampa-totustuus.it\/cattolica\/le-radici-della-questione-palestinese-verita-storica-contro-propaganda-islamista\/","url":"https:\/\/www.rassegnastampa-totustuus.it\/cattolica\/le-radici-della-questione-palestinese-verita-storica-contro-propaganda-islamista\/","name":"Le radici della questione palestinese: verit\u00e0 storica contro propaganda islamista - Rassegna Stampa Cattolica","isPartOf":{"@id":"https:\/\/www.rassegnastampa-totustuus.it\/cattolica\/#website"},"primaryImageOfPage":{"@id":"https:\/\/www.rassegnastampa-totustuus.it\/cattolica\/le-radici-della-questione-palestinese-verita-storica-contro-propaganda-islamista\/#primaryimage"},"image":{"@id":"https:\/\/www.rassegnastampa-totustuus.it\/cattolica\/le-radici-della-questione-palestinese-verita-storica-contro-propaganda-islamista\/#primaryimage"},"thumbnailUrl":"https:\/\/www.rassegnastampa-totustuus.it\/cattolica\/wp-content\/uploads\/2021\/06\/Israele_Palestina.jpeg","datePublished":"2021-06-23T22:00:01+00:00","dateModified":"2025-07-23T12:34:22+00:00","description":"Le radici della questione palestinese: verit\u00e0 storica contro propaganda islamista.","breadcrumb":{"@id":"https:\/\/www.rassegnastampa-totustuus.it\/cattolica\/le-radici-della-questione-palestinese-verita-storica-contro-propaganda-islamista\/#breadcrumb"},"inLanguage":"it-IT","potentialAction":[{"@type":"ReadAction","target":["https:\/\/www.rassegnastampa-totustuus.it\/cattolica\/le-radici-della-questione-palestinese-verita-storica-contro-propaganda-islamista\/"]}]},{"@type":"ImageObject","inLanguage":"it-IT","@id":"https:\/\/www.rassegnastampa-totustuus.it\/cattolica\/le-radici-della-questione-palestinese-verita-storica-contro-propaganda-islamista\/#primaryimage","url":"https:\/\/www.rassegnastampa-totustuus.it\/cattolica\/wp-content\/uploads\/2021\/06\/Israele_Palestina.jpeg","contentUrl":"https:\/\/www.rassegnastampa-totustuus.it\/cattolica\/wp-content\/uploads\/2021\/06\/Israele_Palestina.jpeg","width":1280,"height":720},{"@type":"BreadcrumbList","@id":"https:\/\/www.rassegnastampa-totustuus.it\/cattolica\/le-radici-della-questione-palestinese-verita-storica-contro-propaganda-islamista\/#breadcrumb","itemListElement":[{"@type":"ListItem","position":1,"name":"Home","item":"https:\/\/www.rassegnastampa-totustuus.it\/cattolica\/"},{"@type":"ListItem","position":2,"name":"Le radici della questione palestinese: verit\u00e0 storica contro propaganda islamista"}]},{"@type":"WebSite","@id":"https:\/\/www.rassegnastampa-totustuus.it\/cattolica\/#website","url":"https:\/\/www.rassegnastampa-totustuus.it\/cattolica\/","name":"Rassegna Stampa Cattolica","description":"Per una cultura che nasce dalla Rivelazione cristiana in conformit\u00e0 alla tradizione e al Magistero della Chiesa in opposizione ad ogni relativismo e totalitarismo","publisher":{"@id":"https:\/\/www.rassegnastampa-totustuus.it\/cattolica\/#organization"},"alternateName":"Rass. Cattolica","potentialAction":[{"@type":"SearchAction","target":{"@type":"EntryPoint","urlTemplate":"https:\/\/www.rassegnastampa-totustuus.it\/cattolica\/?s={search_term_string}"},"query-input":{"@type":"PropertyValueSpecification","valueRequired":true,"valueName":"search_term_string"}}],"inLanguage":"it-IT"},{"@type":"Organization","@id":"https:\/\/www.rassegnastampa-totustuus.it\/cattolica\/#organization","name":"Rassegna Stampa Cattolica","url":"https:\/\/www.rassegnastampa-totustuus.it\/cattolica\/","logo":{"@type":"ImageObject","inLanguage":"it-IT","@id":"https:\/\/www.rassegnastampa-totustuus.it\/cattolica\/#\/schema\/logo\/image\/","url":"https:\/\/www.rassegnastampa-totustuus.it\/cattolica\/wp-content\/uploads\/2014\/04\/logo-rassegna1.gif","contentUrl":"https:\/\/www.rassegnastampa-totustuus.it\/cattolica\/wp-content\/uploads\/2014\/04\/logo-rassegna1.gif","width":600,"height":163,"caption":"Rassegna Stampa Cattolica"},"image":{"@id":"https:\/\/www.rassegnastampa-totustuus.it\/cattolica\/#\/schema\/logo\/image\/"},"sameAs":["https:\/\/www.facebook.com\/rassegnastampacattolica","https:\/\/x.com\/rassegnastampa9"]},{"@type":"Person","@id":"https:\/\/www.rassegnastampa-totustuus.it\/cattolica\/#\/schema\/person\/08f319d2bd1a0904ad9e2bfb7b15e5c3","name":"Redazione","image":{"@type":"ImageObject","inLanguage":"it-IT","@id":"https:\/\/secure.gravatar.com\/avatar\/2fcdf27c78ea025fbdb44e914cc63c72249ffec9dc8aafd5c82b26240ef3f346?s=96&d=mm&r=g","url":"https:\/\/secure.gravatar.com\/avatar\/2fcdf27c78ea025fbdb44e914cc63c72249ffec9dc8aafd5c82b26240ef3f346?s=96&d=mm&r=g","contentUrl":"https:\/\/secure.gravatar.com\/avatar\/2fcdf27c78ea025fbdb44e914cc63c72249ffec9dc8aafd5c82b26240ef3f346?s=96&d=mm&r=g","caption":"Redazione"},"url":"https:\/\/www.rassegnastampa-totustuus.it\/cattolica\/author\/pietroelle\/"}]}},"_links":{"self":[{"href":"https:\/\/www.rassegnastampa-totustuus.it\/cattolica\/wp-json\/wp\/v2\/posts\/51689","targetHints":{"allow":["GET"]}}],"collection":[{"href":"https:\/\/www.rassegnastampa-totustuus.it\/cattolica\/wp-json\/wp\/v2\/posts"}],"about":[{"href":"https:\/\/www.rassegnastampa-totustuus.it\/cattolica\/wp-json\/wp\/v2\/types\/post"}],"author":[{"embeddable":true,"href":"https:\/\/www.rassegnastampa-totustuus.it\/cattolica\/wp-json\/wp\/v2\/users\/6"}],"replies":[{"embeddable":true,"href":"https:\/\/www.rassegnastampa-totustuus.it\/cattolica\/wp-json\/wp\/v2\/comments?post=51689"}],"version-history":[{"count":4,"href":"https:\/\/www.rassegnastampa-totustuus.it\/cattolica\/wp-json\/wp\/v2\/posts\/51689\/revisions"}],"predecessor-version":[{"id":63546,"href":"https:\/\/www.rassegnastampa-totustuus.it\/cattolica\/wp-json\/wp\/v2\/posts\/51689\/revisions\/63546"}],"wp:featuredmedia":[{"embeddable":true,"href":"https:\/\/www.rassegnastampa-totustuus.it\/cattolica\/wp-json\/wp\/v2\/media\/51699"}],"wp:attachment":[{"href":"https:\/\/www.rassegnastampa-totustuus.it\/cattolica\/wp-json\/wp\/v2\/media?parent=51689"}],"wp:term":[{"taxonomy":"category","embeddable":true,"href":"https:\/\/www.rassegnastampa-totustuus.it\/cattolica\/wp-json\/wp\/v2\/categories?post=51689"},{"taxonomy":"post_tag","embeddable":true,"href":"https:\/\/www.rassegnastampa-totustuus.it\/cattolica\/wp-json\/wp\/v2\/tags?post=51689"}],"curies":[{"name":"wp","href":"https:\/\/api.w.org\/{rel}","templated":true}]}}