{"id":51682,"date":"2021-06-24T00:00:27","date_gmt":"2021-06-23T22:00:27","guid":{"rendered":"http:\/\/www.rassegnastampa-totustuus.it\/cattolica\/?p=51682"},"modified":"2025-07-23T14:21:34","modified_gmt":"2025-07-23T12:21:34","slug":"lettera-aperta-a-massimo-dalema-un-filo-cinese-con-vista-palazzo-chigi","status":"publish","type":"post","link":"https:\/\/www.rassegnastampa-totustuus.it\/cattolica\/lettera-aperta-a-massimo-dalema-un-filo-cinese-con-vista-palazzo-chigi\/","title":{"rendered":"Lettera aperta a Massimo D\u2019Alema, un filo-cinese con vista Palazzo Chigi"},"content":{"rendered":"\n<p class=\"has-text-align-center\"><span style=\"color: #000000;\"><strong>Arcipelago Laogai<\/strong> 18 Giugno 2021 <\/span><\/p>\n\n\n\n<p><span style=\"color: #000000;\"><strong>\u00a0<\/strong>Ci sarebbero interi scaffali di libri sulla portata terrificante dei crimini maoisti che lei potrebbe sfogliare\u2026<\/span><\/p>\n\n\n<div class=\"wp-block-image\">\n<figure class=\"aligncenter size-full is-resized\"><a href=\"https:\/\/www.rassegnastampa-totustuus.it\/cattolica\/wp-content\/uploads\/2021\/06\/DAlema_Cina_comunisti.jpg\"><img loading=\"lazy\" decoding=\"async\" width=\"300\" height=\"168\" src=\"https:\/\/www.rassegnastampa-totustuus.it\/cattolica\/wp-content\/uploads\/2021\/06\/DAlema_Cina_comunisti.jpg\" alt=\"\" class=\"wp-image-51687\" style=\"width:392px;height:auto\"\/><\/a><\/figure><\/div>\n\n\n<!--more-->\n\n\n\n<p><span style=\"color: #000000;\"> Egregio onorevole D\u2019Alema, di Grillo \u00e8 noto: non sa niente di niente. Ma di lei si dice in giro che sia uomo di molte letture e perci\u00f2, tanto per rinfrescare la memoria sugli orrori dell\u2019atroce dispotismo maoista che lei ha voluto omaggiare con la gratitudine pubblica del suo attuale comandante in capo, le consiglierei le pagine di un grande dissidente cinese, Ma Jian, di cui Feltrinelli ha meritoriamente pubblicato di recente \u201cIl sogno cinese\u201d, antidoto a quei \u201cdecenni di indottrinamento, propaganda, violenza e menzogne che hanno ridotto la popolazione cinese a un tale livello di paralisi che non \u00e8 pi\u00f9 in grado di distinguere tra realt\u00e0 e finzione\u201d: si vede che la confusione sta contagiando come un virus anche figure pubbliche dell\u2019Occidente come lei. Ma ci sarebbero interi scaffali di libri sulla portata terrificante dei crimini maoisti che lei potrebbe umilmente sfogliare, sempre che non voglia continuare a declamare banalit\u00e0 da libretto rosso di Mao Ze Dong.<\/span><\/p>\n\n\n\n<p><span style=\"color: #000000;\">A cominciare da \u201cPrigioniero di Mao\u201d di Jean Pasqualini, il giornalista sino-francese (nome cinese Bao Ruowang), recluso per anni nell\u2019inferno del \u201claogai\u201d, insomma il Gulag cinese dove nel corso dei decenni un numero di deportati pari all\u2019intera popolazione italiana, ha conosciuto torture indicibili, lavori forzati, trattamenti disumani e morte in condizioni spaventose per almeno 20 milioni disgraziati.<\/span><\/p>\n\n\n<div class=\"wp-block-image\">\n<figure class=\"aligncenter is-resized\"><img loading=\"lazy\" decoding=\"async\" width=\"270\" height=\"187\" src=\"https:\/\/www.rassegnastampa-totustuus.it\/cattolica\/wp-content\/uploads\/2005\/07\/Cina.jpg\" alt=\"\" class=\"wp-image-31012\" style=\"width:460px;height:auto\"\/><\/figure><\/div>\n\n\n<p><span style=\"color: #000000;\">Vittime che vanno ad aggiungersi agli oltre due milioni di contadini massacrati nelle espropriazioni violente dei primi anni Cinquanta; al milione di tibetani abbattuti insieme alla devastazione militarmente organizzata di circa seimila monasteri buddisti; al numero incalcolabile di morti per la carestia che gli aguzzini chiamavano beffardamente \u201cGrande Balzo in avanti\u201d, quando la mortalit\u00e0 pass\u00f2 in pochissimi anni dal 15 al 68 per mille; al milione di morti di persone uccise dopo essere state vessate dalle Guardie Rosse durante la Rivoluzione culturale, quando chi conosceva una lingua straniera veniva abbattuto perch\u00e9 portatore di una \u201ccultura imperialista\u201d e in Occidente si santificava Mao in piazza. <\/span><\/p>\n\n\n\n<p><span style=\"color: #000000;\">E poi ancora, chiss\u00e0 quante vittime sconosciute e senza nome. Vittime due volte: dei tiranni e dei filo-tiranni occidentali che qualche volta finiscono anche a Palazzo Chigi.<\/span><\/p>\n\n\n\n<p><span style=\"color: #000000;\">Cordialmente<\/span><\/p>\n\n\n\n<p><span style=\"color: #000000;\">Pierluigi Battista, giornalista scrittore&nbsp;&nbsp;&nbsp;&nbsp;&nbsp;&nbsp;&nbsp;&nbsp;&nbsp;&nbsp;&nbsp;&nbsp;&nbsp;&nbsp; <\/span><\/p>\n\n\n\n<p><span style=\"color: #000000;\">Fonte:<\/span><a href=\"https:\/\/www.huffingtonpost.it\/entry\/lettera-aperta-a-massimo-dalema-un-filo-cinese-con-vista-palazzo-chigi_it_60ca3d68e4b05fb3575f84a0\" target=\"_blank\" rel=\"noopener noreferrer\">Huffington Post,17\/06\/2021<\/a><\/p>\n\n\n\n<p class=\"has-text-align-center\"><span style=\"color: #000000;\">_______________________ <\/span><\/p>\n\n\n\n<h4 class=\"wp-block-heading has-text-align-center\"><span style=\"color: #000000;\"><strong>Commento di <\/strong><\/span><span style=\"color: #000000;\"><strong>Gianni Da Valle, Arcipelago laogai: in memoria di Harry Wu <\/strong><\/span><\/h4>\n\n\n<div class=\"wp-block-image\">\n<figure class=\"aligncenter is-resized\"><img loading=\"lazy\" decoding=\"async\" width=\"210\" height=\"240\" src=\"https:\/\/www.rassegnastampa-totustuus.it\/cattolica\/wp-content\/uploads\/2020\/04\/Cina_Mao_comunismo-1.jpg\" alt=\"\" class=\"wp-image-46926\" style=\"width:310px;height:auto\"\/><\/figure><\/div>\n\n\n<p><span style=\"color: #000000;\"><em>Come non si pu\u00f2 essere d\u2019accordo con il giornalista Pierluigi Battista. L\u2019Etica e la Morale<\/em><em> dovrebbero essere quelle virt\u00f9<\/em><em> inscindibili dalle ideologie&nbsp; dure a morire che fanno parte (purtroppo) di molti uomini . La storia moderna e passata \u00e8 testimone delitti che sono stati commessi in nome di queste ideologie(obsolete).<\/em><\/span><\/p>\n\n\n\n<p><span style=\"color: #000000;\"><em>Di fronte ai grandi cambiamenti&nbsp; e su ogni contesto che stiamo vivendo invece di mostrare capacit\u00e0 di visione e di elaborazione di soluzioni, si tenta di elaborare esempi negativi e pericolosi che&nbsp; spezzano i valori di unit\u00e0, di dignit\u00e0 umana, della verit\u00e0&nbsp; e della realt\u00e0. Stiamo&nbsp; assistendo da molto tempo ad una regressione dell\u2019etica e della morale causata dall\u2019egoismo, molto spesso legata a interessi politici, economici e al potere.<\/em><\/span><\/p>\n\n\n\n<p><span style=\"color: #000000;\"><em>Settantatr\u00e9 anni dopo la pubblicazione della Dichiarazione Universale dei Diritti Umani, essa rappresenta ancora un sogno pi\u00f9 che una realt\u00e0. Ne esistono violazioni in ogni parte del mondo. La Cina \u00e8 tra queste e purtroppo ci sono degli occhi che non vogliono vedere, bocche che non vogliono parlare e bocche che sostengono questi regimi rendendosi complici dei pi\u00f9 atroci crimini.<\/em><\/span><\/p>\n","protected":false},"excerpt":{"rendered":"<p>Arcipelago Laogai 18 Giugno 2021 \u00a0Ci sarebbero interi scaffali di libri sulla portata terrificante dei crimini maoisti che lei potrebbe sfogliare\u2026<\/p><p><a class=\"more-link btn\" href=\"https:\/\/www.rassegnastampa-totustuus.it\/cattolica\/lettera-aperta-a-massimo-dalema-un-filo-cinese-con-vista-palazzo-chigi\/\">Continua a leggere<\/a><\/p>\n","protected":false},"author":6,"featured_media":48335,"comment_status":"closed","ping_status":"closed","sticky":false,"template":"","format":"standard","meta":{"footnotes":""},"categories":[56,82],"tags":[139,1481,2868],"class_list":["post-51682","post","type-post","status-publish","format-standard","has-post-thumbnail","hentry","category-cina","category-comunismo-in-italia","tag-comunismo","tag-mao-tze-tung","tag-massimo-dalema","item-wrap"],"yoast_head":"<!-- This site is optimized with the Yoast SEO plugin v27.5 - https:\/\/yoast.com\/product\/yoast-seo-wordpress\/ -->\n<title>Lettera aperta a Massimo D\u2019Alema, un filo-cinese con vista Palazzo Chigi - Rassegna Stampa Cattolica<\/title>\n<meta name=\"description\" content=\"Lettera aperta a Massimo D\u2019Alema, un filo-cinese con vista Palazzo Chigi. \u00a0Legga o almeno sfogli i molti libri sui crimini maoisti\" \/>\n<meta name=\"robots\" content=\"index, follow, max-snippet:-1, max-image-preview:large, max-video-preview:-1\" \/>\n<link rel=\"canonical\" href=\"https:\/\/www.rassegnastampa-totustuus.it\/cattolica\/lettera-aperta-a-massimo-dalema-un-filo-cinese-con-vista-palazzo-chigi\/\" \/>\n<meta property=\"og:locale\" content=\"it_IT\" \/>\n<meta property=\"og:type\" content=\"article\" \/>\n<meta property=\"og:title\" content=\"Lettera aperta a Massimo D\u2019Alema, un filo-cinese con vista Palazzo Chigi - Rassegna Stampa Cattolica\" \/>\n<meta property=\"og:description\" content=\"Lettera aperta a Massimo D\u2019Alema, un filo-cinese con vista Palazzo Chigi. \u00a0Legga o almeno sfogli i molti libri sui crimini maoisti\" \/>\n<meta property=\"og:url\" content=\"https:\/\/www.rassegnastampa-totustuus.it\/cattolica\/lettera-aperta-a-massimo-dalema-un-filo-cinese-con-vista-palazzo-chigi\/\" \/>\n<meta property=\"og:site_name\" content=\"Rassegna Stampa Cattolica\" \/>\n<meta property=\"article:publisher\" content=\"https:\/\/www.facebook.com\/rassegnastampacattolica\" \/>\n<meta property=\"article:published_time\" content=\"2021-06-23T22:00:27+00:00\" \/>\n<meta property=\"article:modified_time\" content=\"2025-07-23T12:21:34+00:00\" \/>\n<meta property=\"og:image\" content=\"https:\/\/www.rassegnastampa-totustuus.it\/cattolica\/wp-content\/uploads\/2020\/09\/Cina_Mao-1.jpg\" \/>\n\t<meta property=\"og:image:width\" content=\"1600\" \/>\n\t<meta property=\"og:image:height\" content=\"900\" \/>\n\t<meta property=\"og:image:type\" content=\"image\/jpeg\" \/>\n<meta name=\"author\" content=\"Redazione\" \/>\n<meta name=\"twitter:card\" content=\"summary_large_image\" \/>\n<meta name=\"twitter:creator\" content=\"@rassegnastampa9\" \/>\n<meta name=\"twitter:site\" content=\"@rassegnastampa9\" \/>\n<meta name=\"twitter:label1\" content=\"Scritto da\" \/>\n\t<meta name=\"twitter:data1\" content=\"Redazione\" \/>\n\t<meta name=\"twitter:label2\" content=\"Tempo di lettura stimato\" \/>\n\t<meta name=\"twitter:data2\" content=\"4 minuti\" \/>\n<script type=\"application\/ld+json\" class=\"yoast-schema-graph\">{\"@context\":\"https:\\\/\\\/schema.org\",\"@graph\":[{\"@type\":\"Article\",\"@id\":\"https:\\\/\\\/www.rassegnastampa-totustuus.it\\\/cattolica\\\/lettera-aperta-a-massimo-dalema-un-filo-cinese-con-vista-palazzo-chigi\\\/#article\",\"isPartOf\":{\"@id\":\"https:\\\/\\\/www.rassegnastampa-totustuus.it\\\/cattolica\\\/lettera-aperta-a-massimo-dalema-un-filo-cinese-con-vista-palazzo-chigi\\\/\"},\"author\":{\"name\":\"Redazione\",\"@id\":\"https:\\\/\\\/www.rassegnastampa-totustuus.it\\\/cattolica\\\/#\\\/schema\\\/person\\\/08f319d2bd1a0904ad9e2bfb7b15e5c3\"},\"headline\":\"Lettera aperta a Massimo D\u2019Alema, un filo-cinese con vista Palazzo Chigi\",\"datePublished\":\"2021-06-23T22:00:27+00:00\",\"dateModified\":\"2025-07-23T12:21:34+00:00\",\"mainEntityOfPage\":{\"@id\":\"https:\\\/\\\/www.rassegnastampa-totustuus.it\\\/cattolica\\\/lettera-aperta-a-massimo-dalema-un-filo-cinese-con-vista-palazzo-chigi\\\/\"},\"wordCount\":596,\"publisher\":{\"@id\":\"https:\\\/\\\/www.rassegnastampa-totustuus.it\\\/cattolica\\\/#organization\"},\"image\":{\"@id\":\"https:\\\/\\\/www.rassegnastampa-totustuus.it\\\/cattolica\\\/lettera-aperta-a-massimo-dalema-un-filo-cinese-con-vista-palazzo-chigi\\\/#primaryimage\"},\"thumbnailUrl\":\"https:\\\/\\\/www.rassegnastampa-totustuus.it\\\/cattolica\\\/wp-content\\\/uploads\\\/2020\\\/09\\\/Cina_Mao-1.jpg\",\"keywords\":[\"comunismo\",\"Mao Tze Tung\",\"Massimo D&#039;Alema\"],\"articleSection\":[\"Cina\",\"Comunismo in Italia\"],\"inLanguage\":\"it-IT\"},{\"@type\":\"WebPage\",\"@id\":\"https:\\\/\\\/www.rassegnastampa-totustuus.it\\\/cattolica\\\/lettera-aperta-a-massimo-dalema-un-filo-cinese-con-vista-palazzo-chigi\\\/\",\"url\":\"https:\\\/\\\/www.rassegnastampa-totustuus.it\\\/cattolica\\\/lettera-aperta-a-massimo-dalema-un-filo-cinese-con-vista-palazzo-chigi\\\/\",\"name\":\"Lettera aperta a Massimo D\u2019Alema, un filo-cinese con vista Palazzo Chigi - Rassegna Stampa Cattolica\",\"isPartOf\":{\"@id\":\"https:\\\/\\\/www.rassegnastampa-totustuus.it\\\/cattolica\\\/#website\"},\"primaryImageOfPage\":{\"@id\":\"https:\\\/\\\/www.rassegnastampa-totustuus.it\\\/cattolica\\\/lettera-aperta-a-massimo-dalema-un-filo-cinese-con-vista-palazzo-chigi\\\/#primaryimage\"},\"image\":{\"@id\":\"https:\\\/\\\/www.rassegnastampa-totustuus.it\\\/cattolica\\\/lettera-aperta-a-massimo-dalema-un-filo-cinese-con-vista-palazzo-chigi\\\/#primaryimage\"},\"thumbnailUrl\":\"https:\\\/\\\/www.rassegnastampa-totustuus.it\\\/cattolica\\\/wp-content\\\/uploads\\\/2020\\\/09\\\/Cina_Mao-1.jpg\",\"datePublished\":\"2021-06-23T22:00:27+00:00\",\"dateModified\":\"2025-07-23T12:21:34+00:00\",\"description\":\"Lettera aperta a Massimo D\u2019Alema, un filo-cinese con vista Palazzo Chigi. \u00a0Legga o almeno sfogli i molti libri sui crimini maoisti\",\"breadcrumb\":{\"@id\":\"https:\\\/\\\/www.rassegnastampa-totustuus.it\\\/cattolica\\\/lettera-aperta-a-massimo-dalema-un-filo-cinese-con-vista-palazzo-chigi\\\/#breadcrumb\"},\"inLanguage\":\"it-IT\",\"potentialAction\":[{\"@type\":\"ReadAction\",\"target\":[\"https:\\\/\\\/www.rassegnastampa-totustuus.it\\\/cattolica\\\/lettera-aperta-a-massimo-dalema-un-filo-cinese-con-vista-palazzo-chigi\\\/\"]}]},{\"@type\":\"ImageObject\",\"inLanguage\":\"it-IT\",\"@id\":\"https:\\\/\\\/www.rassegnastampa-totustuus.it\\\/cattolica\\\/lettera-aperta-a-massimo-dalema-un-filo-cinese-con-vista-palazzo-chigi\\\/#primaryimage\",\"url\":\"https:\\\/\\\/www.rassegnastampa-totustuus.it\\\/cattolica\\\/wp-content\\\/uploads\\\/2020\\\/09\\\/Cina_Mao-1.jpg\",\"contentUrl\":\"https:\\\/\\\/www.rassegnastampa-totustuus.it\\\/cattolica\\\/wp-content\\\/uploads\\\/2020\\\/09\\\/Cina_Mao-1.jpg\",\"width\":1600,\"height\":900},{\"@type\":\"BreadcrumbList\",\"@id\":\"https:\\\/\\\/www.rassegnastampa-totustuus.it\\\/cattolica\\\/lettera-aperta-a-massimo-dalema-un-filo-cinese-con-vista-palazzo-chigi\\\/#breadcrumb\",\"itemListElement\":[{\"@type\":\"ListItem\",\"position\":1,\"name\":\"Home\",\"item\":\"https:\\\/\\\/www.rassegnastampa-totustuus.it\\\/cattolica\\\/\"},{\"@type\":\"ListItem\",\"position\":2,\"name\":\"Lettera aperta a Massimo D\u2019Alema, un filo-cinese con vista Palazzo Chigi\"}]},{\"@type\":\"WebSite\",\"@id\":\"https:\\\/\\\/www.rassegnastampa-totustuus.it\\\/cattolica\\\/#website\",\"url\":\"https:\\\/\\\/www.rassegnastampa-totustuus.it\\\/cattolica\\\/\",\"name\":\"Rassegna Stampa Cattolica\",\"description\":\"Per una cultura che nasce dalla Rivelazione cristiana in conformit\u00e0 alla tradizione e al Magistero della Chiesa in opposizione ad ogni relativismo e totalitarismo\",\"publisher\":{\"@id\":\"https:\\\/\\\/www.rassegnastampa-totustuus.it\\\/cattolica\\\/#organization\"},\"alternateName\":\"Rass. Cattolica\",\"potentialAction\":[{\"@type\":\"SearchAction\",\"target\":{\"@type\":\"EntryPoint\",\"urlTemplate\":\"https:\\\/\\\/www.rassegnastampa-totustuus.it\\\/cattolica\\\/?s={search_term_string}\"},\"query-input\":{\"@type\":\"PropertyValueSpecification\",\"valueRequired\":true,\"valueName\":\"search_term_string\"}}],\"inLanguage\":\"it-IT\"},{\"@type\":\"Organization\",\"@id\":\"https:\\\/\\\/www.rassegnastampa-totustuus.it\\\/cattolica\\\/#organization\",\"name\":\"Rassegna Stampa Cattolica\",\"url\":\"https:\\\/\\\/www.rassegnastampa-totustuus.it\\\/cattolica\\\/\",\"logo\":{\"@type\":\"ImageObject\",\"inLanguage\":\"it-IT\",\"@id\":\"https:\\\/\\\/www.rassegnastampa-totustuus.it\\\/cattolica\\\/#\\\/schema\\\/logo\\\/image\\\/\",\"url\":\"https:\\\/\\\/www.rassegnastampa-totustuus.it\\\/cattolica\\\/wp-content\\\/uploads\\\/2014\\\/04\\\/logo-rassegna1.gif\",\"contentUrl\":\"https:\\\/\\\/www.rassegnastampa-totustuus.it\\\/cattolica\\\/wp-content\\\/uploads\\\/2014\\\/04\\\/logo-rassegna1.gif\",\"width\":600,\"height\":163,\"caption\":\"Rassegna Stampa Cattolica\"},\"image\":{\"@id\":\"https:\\\/\\\/www.rassegnastampa-totustuus.it\\\/cattolica\\\/#\\\/schema\\\/logo\\\/image\\\/\"},\"sameAs\":[\"https:\\\/\\\/www.facebook.com\\\/rassegnastampacattolica\",\"https:\\\/\\\/x.com\\\/rassegnastampa9\"]},{\"@type\":\"Person\",\"@id\":\"https:\\\/\\\/www.rassegnastampa-totustuus.it\\\/cattolica\\\/#\\\/schema\\\/person\\\/08f319d2bd1a0904ad9e2bfb7b15e5c3\",\"name\":\"Redazione\",\"image\":{\"@type\":\"ImageObject\",\"inLanguage\":\"it-IT\",\"@id\":\"https:\\\/\\\/secure.gravatar.com\\\/avatar\\\/2fcdf27c78ea025fbdb44e914cc63c72249ffec9dc8aafd5c82b26240ef3f346?s=96&d=mm&r=g\",\"url\":\"https:\\\/\\\/secure.gravatar.com\\\/avatar\\\/2fcdf27c78ea025fbdb44e914cc63c72249ffec9dc8aafd5c82b26240ef3f346?s=96&d=mm&r=g\",\"contentUrl\":\"https:\\\/\\\/secure.gravatar.com\\\/avatar\\\/2fcdf27c78ea025fbdb44e914cc63c72249ffec9dc8aafd5c82b26240ef3f346?s=96&d=mm&r=g\",\"caption\":\"Redazione\"},\"url\":\"https:\\\/\\\/www.rassegnastampa-totustuus.it\\\/cattolica\\\/author\\\/pietroelle\\\/\"}]}<\/script>\n<!-- \/ Yoast SEO plugin. -->","yoast_head_json":{"title":"Lettera aperta a Massimo D\u2019Alema, un filo-cinese con vista Palazzo Chigi - Rassegna Stampa Cattolica","description":"Lettera aperta a Massimo D\u2019Alema, un filo-cinese con vista Palazzo Chigi. \u00a0Legga o almeno sfogli i molti libri sui crimini maoisti","robots":{"index":"index","follow":"follow","max-snippet":"max-snippet:-1","max-image-preview":"max-image-preview:large","max-video-preview":"max-video-preview:-1"},"canonical":"https:\/\/www.rassegnastampa-totustuus.it\/cattolica\/lettera-aperta-a-massimo-dalema-un-filo-cinese-con-vista-palazzo-chigi\/","og_locale":"it_IT","og_type":"article","og_title":"Lettera aperta a Massimo D\u2019Alema, un filo-cinese con vista Palazzo Chigi - Rassegna Stampa Cattolica","og_description":"Lettera aperta a Massimo D\u2019Alema, un filo-cinese con vista Palazzo Chigi. \u00a0Legga o almeno sfogli i molti libri sui crimini maoisti","og_url":"https:\/\/www.rassegnastampa-totustuus.it\/cattolica\/lettera-aperta-a-massimo-dalema-un-filo-cinese-con-vista-palazzo-chigi\/","og_site_name":"Rassegna Stampa Cattolica","article_publisher":"https:\/\/www.facebook.com\/rassegnastampacattolica","article_published_time":"2021-06-23T22:00:27+00:00","article_modified_time":"2025-07-23T12:21:34+00:00","og_image":[{"width":1600,"height":900,"url":"https:\/\/www.rassegnastampa-totustuus.it\/cattolica\/wp-content\/uploads\/2020\/09\/Cina_Mao-1.jpg","type":"image\/jpeg"}],"author":"Redazione","twitter_card":"summary_large_image","twitter_creator":"@rassegnastampa9","twitter_site":"@rassegnastampa9","twitter_misc":{"Scritto da":"Redazione","Tempo di lettura stimato":"4 minuti"},"schema":{"@context":"https:\/\/schema.org","@graph":[{"@type":"Article","@id":"https:\/\/www.rassegnastampa-totustuus.it\/cattolica\/lettera-aperta-a-massimo-dalema-un-filo-cinese-con-vista-palazzo-chigi\/#article","isPartOf":{"@id":"https:\/\/www.rassegnastampa-totustuus.it\/cattolica\/lettera-aperta-a-massimo-dalema-un-filo-cinese-con-vista-palazzo-chigi\/"},"author":{"name":"Redazione","@id":"https:\/\/www.rassegnastampa-totustuus.it\/cattolica\/#\/schema\/person\/08f319d2bd1a0904ad9e2bfb7b15e5c3"},"headline":"Lettera aperta a Massimo D\u2019Alema, un filo-cinese con vista Palazzo Chigi","datePublished":"2021-06-23T22:00:27+00:00","dateModified":"2025-07-23T12:21:34+00:00","mainEntityOfPage":{"@id":"https:\/\/www.rassegnastampa-totustuus.it\/cattolica\/lettera-aperta-a-massimo-dalema-un-filo-cinese-con-vista-palazzo-chigi\/"},"wordCount":596,"publisher":{"@id":"https:\/\/www.rassegnastampa-totustuus.it\/cattolica\/#organization"},"image":{"@id":"https:\/\/www.rassegnastampa-totustuus.it\/cattolica\/lettera-aperta-a-massimo-dalema-un-filo-cinese-con-vista-palazzo-chigi\/#primaryimage"},"thumbnailUrl":"https:\/\/www.rassegnastampa-totustuus.it\/cattolica\/wp-content\/uploads\/2020\/09\/Cina_Mao-1.jpg","keywords":["comunismo","Mao Tze Tung","Massimo D&#039;Alema"],"articleSection":["Cina","Comunismo in Italia"],"inLanguage":"it-IT"},{"@type":"WebPage","@id":"https:\/\/www.rassegnastampa-totustuus.it\/cattolica\/lettera-aperta-a-massimo-dalema-un-filo-cinese-con-vista-palazzo-chigi\/","url":"https:\/\/www.rassegnastampa-totustuus.it\/cattolica\/lettera-aperta-a-massimo-dalema-un-filo-cinese-con-vista-palazzo-chigi\/","name":"Lettera aperta a Massimo D\u2019Alema, un filo-cinese con vista Palazzo Chigi - Rassegna Stampa Cattolica","isPartOf":{"@id":"https:\/\/www.rassegnastampa-totustuus.it\/cattolica\/#website"},"primaryImageOfPage":{"@id":"https:\/\/www.rassegnastampa-totustuus.it\/cattolica\/lettera-aperta-a-massimo-dalema-un-filo-cinese-con-vista-palazzo-chigi\/#primaryimage"},"image":{"@id":"https:\/\/www.rassegnastampa-totustuus.it\/cattolica\/lettera-aperta-a-massimo-dalema-un-filo-cinese-con-vista-palazzo-chigi\/#primaryimage"},"thumbnailUrl":"https:\/\/www.rassegnastampa-totustuus.it\/cattolica\/wp-content\/uploads\/2020\/09\/Cina_Mao-1.jpg","datePublished":"2021-06-23T22:00:27+00:00","dateModified":"2025-07-23T12:21:34+00:00","description":"Lettera aperta a Massimo D\u2019Alema, un filo-cinese con vista Palazzo Chigi. \u00a0Legga o almeno sfogli i molti libri sui crimini maoisti","breadcrumb":{"@id":"https:\/\/www.rassegnastampa-totustuus.it\/cattolica\/lettera-aperta-a-massimo-dalema-un-filo-cinese-con-vista-palazzo-chigi\/#breadcrumb"},"inLanguage":"it-IT","potentialAction":[{"@type":"ReadAction","target":["https:\/\/www.rassegnastampa-totustuus.it\/cattolica\/lettera-aperta-a-massimo-dalema-un-filo-cinese-con-vista-palazzo-chigi\/"]}]},{"@type":"ImageObject","inLanguage":"it-IT","@id":"https:\/\/www.rassegnastampa-totustuus.it\/cattolica\/lettera-aperta-a-massimo-dalema-un-filo-cinese-con-vista-palazzo-chigi\/#primaryimage","url":"https:\/\/www.rassegnastampa-totustuus.it\/cattolica\/wp-content\/uploads\/2020\/09\/Cina_Mao-1.jpg","contentUrl":"https:\/\/www.rassegnastampa-totustuus.it\/cattolica\/wp-content\/uploads\/2020\/09\/Cina_Mao-1.jpg","width":1600,"height":900},{"@type":"BreadcrumbList","@id":"https:\/\/www.rassegnastampa-totustuus.it\/cattolica\/lettera-aperta-a-massimo-dalema-un-filo-cinese-con-vista-palazzo-chigi\/#breadcrumb","itemListElement":[{"@type":"ListItem","position":1,"name":"Home","item":"https:\/\/www.rassegnastampa-totustuus.it\/cattolica\/"},{"@type":"ListItem","position":2,"name":"Lettera aperta a Massimo D\u2019Alema, un filo-cinese con vista Palazzo Chigi"}]},{"@type":"WebSite","@id":"https:\/\/www.rassegnastampa-totustuus.it\/cattolica\/#website","url":"https:\/\/www.rassegnastampa-totustuus.it\/cattolica\/","name":"Rassegna Stampa Cattolica","description":"Per una cultura che nasce dalla Rivelazione cristiana in conformit\u00e0 alla tradizione e al Magistero della Chiesa in opposizione ad ogni relativismo e totalitarismo","publisher":{"@id":"https:\/\/www.rassegnastampa-totustuus.it\/cattolica\/#organization"},"alternateName":"Rass. Cattolica","potentialAction":[{"@type":"SearchAction","target":{"@type":"EntryPoint","urlTemplate":"https:\/\/www.rassegnastampa-totustuus.it\/cattolica\/?s={search_term_string}"},"query-input":{"@type":"PropertyValueSpecification","valueRequired":true,"valueName":"search_term_string"}}],"inLanguage":"it-IT"},{"@type":"Organization","@id":"https:\/\/www.rassegnastampa-totustuus.it\/cattolica\/#organization","name":"Rassegna Stampa Cattolica","url":"https:\/\/www.rassegnastampa-totustuus.it\/cattolica\/","logo":{"@type":"ImageObject","inLanguage":"it-IT","@id":"https:\/\/www.rassegnastampa-totustuus.it\/cattolica\/#\/schema\/logo\/image\/","url":"https:\/\/www.rassegnastampa-totustuus.it\/cattolica\/wp-content\/uploads\/2014\/04\/logo-rassegna1.gif","contentUrl":"https:\/\/www.rassegnastampa-totustuus.it\/cattolica\/wp-content\/uploads\/2014\/04\/logo-rassegna1.gif","width":600,"height":163,"caption":"Rassegna Stampa Cattolica"},"image":{"@id":"https:\/\/www.rassegnastampa-totustuus.it\/cattolica\/#\/schema\/logo\/image\/"},"sameAs":["https:\/\/www.facebook.com\/rassegnastampacattolica","https:\/\/x.com\/rassegnastampa9"]},{"@type":"Person","@id":"https:\/\/www.rassegnastampa-totustuus.it\/cattolica\/#\/schema\/person\/08f319d2bd1a0904ad9e2bfb7b15e5c3","name":"Redazione","image":{"@type":"ImageObject","inLanguage":"it-IT","@id":"https:\/\/secure.gravatar.com\/avatar\/2fcdf27c78ea025fbdb44e914cc63c72249ffec9dc8aafd5c82b26240ef3f346?s=96&d=mm&r=g","url":"https:\/\/secure.gravatar.com\/avatar\/2fcdf27c78ea025fbdb44e914cc63c72249ffec9dc8aafd5c82b26240ef3f346?s=96&d=mm&r=g","contentUrl":"https:\/\/secure.gravatar.com\/avatar\/2fcdf27c78ea025fbdb44e914cc63c72249ffec9dc8aafd5c82b26240ef3f346?s=96&d=mm&r=g","caption":"Redazione"},"url":"https:\/\/www.rassegnastampa-totustuus.it\/cattolica\/author\/pietroelle\/"}]}},"_links":{"self":[{"href":"https:\/\/www.rassegnastampa-totustuus.it\/cattolica\/wp-json\/wp\/v2\/posts\/51682","targetHints":{"allow":["GET"]}}],"collection":[{"href":"https:\/\/www.rassegnastampa-totustuus.it\/cattolica\/wp-json\/wp\/v2\/posts"}],"about":[{"href":"https:\/\/www.rassegnastampa-totustuus.it\/cattolica\/wp-json\/wp\/v2\/types\/post"}],"author":[{"embeddable":true,"href":"https:\/\/www.rassegnastampa-totustuus.it\/cattolica\/wp-json\/wp\/v2\/users\/6"}],"replies":[{"embeddable":true,"href":"https:\/\/www.rassegnastampa-totustuus.it\/cattolica\/wp-json\/wp\/v2\/comments?post=51682"}],"version-history":[{"count":4,"href":"https:\/\/www.rassegnastampa-totustuus.it\/cattolica\/wp-json\/wp\/v2\/posts\/51682\/revisions"}],"predecessor-version":[{"id":63542,"href":"https:\/\/www.rassegnastampa-totustuus.it\/cattolica\/wp-json\/wp\/v2\/posts\/51682\/revisions\/63542"}],"wp:featuredmedia":[{"embeddable":true,"href":"https:\/\/www.rassegnastampa-totustuus.it\/cattolica\/wp-json\/wp\/v2\/media\/48335"}],"wp:attachment":[{"href":"https:\/\/www.rassegnastampa-totustuus.it\/cattolica\/wp-json\/wp\/v2\/media?parent=51682"}],"wp:term":[{"taxonomy":"category","embeddable":true,"href":"https:\/\/www.rassegnastampa-totustuus.it\/cattolica\/wp-json\/wp\/v2\/categories?post=51682"},{"taxonomy":"post_tag","embeddable":true,"href":"https:\/\/www.rassegnastampa-totustuus.it\/cattolica\/wp-json\/wp\/v2\/tags?post=51682"}],"curies":[{"name":"wp","href":"https:\/\/api.w.org\/{rel}","templated":true}]}}