{"id":51656,"date":"2021-06-20T14:40:30","date_gmt":"2021-06-20T12:40:30","guid":{"rendered":"http:\/\/www.rassegnastampa-totustuus.it\/cattolica\/?p=51656"},"modified":"2025-07-23T14:40:14","modified_gmt":"2025-07-23T12:40:14","slug":"san-pio-v-e-maria-stuarda-lamicizia-nel-martirio","status":"publish","type":"post","link":"https:\/\/www.rassegnastampa-totustuus.it\/cattolica\/san-pio-v-e-maria-stuarda-lamicizia-nel-martirio\/","title":{"rendered":"San Pio V e Maria Stuarda, l&#8217;amicizia nel martirio"},"content":{"rendered":"\n<p class=\"has-text-align-center\"><span style=\"color: #000000;\"><a href=\"http:\/\/La Nuova Bussola quotidiana\" target=\"_blank\" rel=\"noreferrer noopener\"><strong>La Nuova Bussola quotidiana<\/strong> <\/a><\/span> <span style=\"color: #000000;\">18 Giugno 2021 \u00a0<\/span><\/p>\n\n\n\n<p><span style=\"color: #000000;\"><em>Quando San Pio V sostenne economicamente Maria Stuarda alle prese con i protestanti scozzesi. E come lei fu mandata al patibolo perch\u00e9 cattolica, vestita di rosso. Il colore dei martiri. Il libro di Roberto De Mattei sul Papa di Lepanto e del Messale Vetus ordo. <\/em><\/span><\/p>\n\n\n\n<p class=\"has-text-align-center\"><span style=\"color: #000000;\">di <strong>Rino Cammilleri <\/strong><\/span><\/p>\n\n\n<div class=\"wp-block-image\">\n<figure class=\"aligncenter size-full is-resized\"><a href=\"https:\/\/www.rassegnastampa-totustuus.it\/cattolica\/wp-content\/uploads\/2021\/06\/Maria_Stuarda_Inghilterra.jpg\"><img loading=\"lazy\" decoding=\"async\" width=\"237\" height=\"213\" src=\"https:\/\/www.rassegnastampa-totustuus.it\/cattolica\/wp-content\/uploads\/2021\/06\/Maria_Stuarda_Inghilterra.jpg\" alt=\"\" class=\"wp-image-51657\" style=\"width:311px;height:auto\"\/><\/a><\/figure><\/div>\n\n\n<!--more-->\n\n\n<div class=\"wp-block-image\">\n<figure class=\"aligncenter is-resized\"><img loading=\"lazy\" decoding=\"async\" width=\"202\" height=\"250\" src=\"https:\/\/www.rassegnastampa-totustuus.it\/cattolica\/wp-content\/uploads\/2015\/07\/Pio-V.jpg\" alt=\"\" class=\"wp-image-26486\" style=\"width:260px;height:auto\"\/><\/figure><\/div>\n\n\n<p><span style=\"color: #000000;\">Che cosa non sappiamo, noi <em>Kattolici<\/em>, di san Pio V? Michele Ghisleri, domenicano e inquisitore, il papa di Lepanto, del messale \u00ab<em>vetus ordo<\/em>\u00bb, del Rosario, il papa che, pur rinascimentale, non smise mai di indossare il saio sotto le vesti da papa? Eppure c\u2019\u00e8 sempre qualcosa che sfugge anche al pi\u00f9 informato. Ed ecco il libro di Roberto De Mattei, storico accademico, che informa nel minimo dettaglio con un\u2019opera che si pu\u00f2 considerare definitiva, del tipo tutto-quel-che-volete-sapere-e-non-avete-mai-osato-chiedere: <em>PioV. Storia di un papa santo<\/em> (Lindau, pp. 480, \u20ac. 32). <\/span><\/p>\n\n\n\n<p><span style=\"color: #000000;\"><strong>Perci\u00f2, mi soffermer\u00f2 su un particolare punto della biografia<\/strong>: il sostegno a Maria Stuarda, la regina cattolica che ha colpito l\u2019immaginario come nessun\u2019altra. Su di lei sono stati scritti romanzi, melodrammi e film a <em>josa<\/em> fin dai tempi di Lumi\u00e8re, interpretarla frutt\u00f2 l\u2019Oscar a Katherine Hepburn (l\u2019ultimo in ordine di tempo vede in scena calibri come Saoirse Ronan, somigliantissima, e Margot Robbie, imbruttita per fare Elisabetta). C\u2019\u00e8 pure una canzone di Mike Oldfield (quello della colonna sonora de <em>L\u2019esorcista<\/em>), <em>To France<\/em>. Mary Steward modific\u00f2 il cognome in Stuart per renderlo pronunciabile ai francesi, di cui era diventata regina. Sua madre Mary era sorella di Enrico VIII, e Mary si chiamava la figlia legittima di lui e Caterina d\u2019Aragona. <\/span><\/p>\n\n\n<div class=\"wp-block-image\">\n<figure class=\"aligncenter is-resized\"><img loading=\"lazy\" decoding=\"async\" width=\"281\" height=\"180\" src=\"https:\/\/www.rassegnastampa-totustuus.it\/cattolica\/wp-content\/uploads\/2021\/06\/Scozia_bandiera.jpg\" alt=\"\" class=\"wp-image-51658\" style=\"width:431px;height:auto\"\/><\/figure><\/div>\n\n\n<p><span style=\"color: #000000;\"><strong>S\u00ec, <\/strong><em><strong>Bloody Mary<\/strong><\/em><strong>, Maria la Sanguinaria<\/strong> (senti chi parla\u2026). Se vi chiedete come mai tutto questo spesseggiare di Marie nelle isole britanniche, sappiate che queste ultime erano la \u00abDote di Maria\u00bb, intesa come la Madonna. Cio\u00e8, il regno pi\u00f9 mariano del mondo fino allo Scisma. Mary Stuart, morto il marito re di Francia, non tard\u00f2 a rendersi conto che due regine vedove erano troppe (l\u2019altra era la suocera Caterina de\u2019 Medici) e torn\u00f2 in Scozia, di cui era diventata regina. Salvo trovarla protestantizzata dal calvineggiante John Knox, con una bella fetta di nobilt\u00e0 cui non pareva vero di poter fare come i colleghi inglesi divenuti protestanti per mettere le mani sui beni della Chiesa <\/span><\/p>\n\n\n\n<p><span style=\"color: #000000;\"><strong>Mary, giovane e bella<\/strong>, era coltissima e pure donna d\u2019azione, ma non riusc\u00ec a barcamenarsi. Quando le uccisero il segretario, l\u2019italiano cattolico Davide Rizzio, sotto gli occhi per isolarla vieppi\u00f9, trov\u00f2 appoggio solo in san Pio V, che ne seguiva con apprensione le vicissitudini. Il papa il 6 giugno 1566 le scrisse di suo pugno per confortarla e le mand\u00f2 20mila scudi d\u2019oro per i suoi bisogni, promettendone ancora quando ne avesse avuto disponibilit\u00e0. Ma le cose precipitarono lo stesso e Mary Stuart dovette fuggire dalla Scozia. Dove? <\/span><\/p>\n\n\n<div class=\"wp-block-image wp-image-51659 size-full\">\n<figure class=\"aligncenter is-resized\"><img loading=\"lazy\" decoding=\"async\" width=\"204\" height=\"247\" src=\"https:\/\/www.rassegnastampa-totustuus.it\/cattolica\/wp-content\/uploads\/2021\/06\/Elisabetta_I_inghilterra.jpg\" alt=\"\" class=\"wp-image-51659\" style=\"width:262px;height:auto\"\/><figcaption class=\"wp-element-caption\">Elisabetta I<\/figcaption><\/figure><\/div>\n\n\n<p><span style=\"color: #000000;\"><strong>Non c\u2019era che un posto<\/strong>: l\u2019Inghilterra di Elisabetta I. Che in fondo era sua cugina. Quest\u2019ultima le dimostr\u00f2 affetto e comprensione, ma per sicurezza la mise sotto chiave. In fondo, era Mary ad avere diritto al trono d\u2019Inghilterra, essendo Elisabetta figlia illegittima di Enrico VIII. E i legittimisti, anche protestanti, non mancavano di farlo presente. Per giunta, congiure e complotti e ribellioni di lord cattolici si susseguivano, tutti aventi come scopo di mettere Mary sul trono che le spettava. Elisabetta a quel punto tramut\u00f2 l\u2019ospitalit\u00e0 in prigionia vera e propria. E il 25 febbraio 1570 san Pio V la scomunic\u00f2 con la bolla <em>Regnans in excelsis<\/em>, atto che la dichiarava decaduta e scioglieva i sudditi da ogni obbligo di obbedienza nei suoi confronti. <\/span><\/p>\n\n\n<div class=\"wp-block-image\">\n<figure class=\"aligncenter is-resized\"><img loading=\"lazy\" decoding=\"async\" width=\"275\" height=\"183\" src=\"https:\/\/www.rassegnastampa-totustuus.it\/cattolica\/wp-content\/uploads\/2021\/06\/Naria_Stuarda_esecuzione.jpg\" alt=\"\" class=\"wp-image-51660\" style=\"width:457px;height:auto\"\/><\/figure><\/div>\n\n\n<p><span style=\"color: #000000;\"><strong>Elisabetta reag\u00ec aggrappandosi spasmodicamente<\/strong> alla poltrona e portando al parossismo le persecuzioni anticattoliche. Alla fine, fece quel che aveva esitato a fare fino a quel momento, anche perch\u00e9 non si era mai visto nella storia un re di diritto divino processato e condannato. L\u2019infelice Mary Stuart sal\u00ec sul patibolo vestita di nero. Prima di porgere il collo al boia si tolse l\u2019abito e mostr\u00f2 che sotto aveva una veste rossa, il colore dei martiri. Il destino, sarcasticamente, volle che dopo Elisabetta al trono salisse suo figlio, Giacomo VI Stuart di Scozia e poi I d\u2019Inghilterra. Per\u00f2, con la madre prigioniera in Inghilterra, era stato cresciuto dai nobili scozzesi nella fede protestante.<\/span><\/p>\n","protected":false},"excerpt":{"rendered":"<p>La Nuova Bussola quotidiana 18 Giugno 2021 \u00a0 Quando San Pio V sostenne economicamente Maria Stuarda alle prese con i protestanti scozzesi. E come lei fu mandata al patibolo perch\u00e9 cattolica, vestita di rosso. Il colore dei martiri. Il libro di Roberto De Mattei sul Papa di Lepanto e del Messale Vetus ordo. di Rino &hellip; <\/p>\n<p><a class=\"more-link btn\" href=\"https:\/\/www.rassegnastampa-totustuus.it\/cattolica\/san-pio-v-e-maria-stuarda-lamicizia-nel-martirio\/\">Continua a leggere<\/a><\/p>\n","protected":false},"author":6,"featured_media":51664,"comment_status":"closed","ping_status":"closed","sticky":false,"template":"","format":"standard","meta":{"footnotes":""},"categories":[44,18,95,24],"tags":[1769,2867,264],"class_list":["post-51656","post","type-post","status-publish","format-standard","has-post-thumbnail","hentry","category-cristiani-perseguitati","category-personaggi","category-riforma","category-storia","tag-inghilterra","tag-maria-stuarda","tag-persecuzioni","item-wrap"],"yoast_head":"<!-- This site is optimized with the Yoast SEO plugin v27.5 - https:\/\/yoast.com\/product\/yoast-seo-wordpress\/ -->\n<title>San Pio V e Maria Stuarda, l&#039;amicizia nel martirio - Rassegna Stampa Cattolica<\/title>\n<meta name=\"description\" content=\"San Pio V e Maria Stuarda, l&#039;amicizia nel martirio. Un libro del professor Roberto De Mattei sul papa di Lepanto e la regina cattolica\" \/>\n<meta name=\"robots\" content=\"index, follow, max-snippet:-1, max-image-preview:large, max-video-preview:-1\" \/>\n<link rel=\"canonical\" href=\"https:\/\/www.rassegnastampa-totustuus.it\/cattolica\/san-pio-v-e-maria-stuarda-lamicizia-nel-martirio\/\" \/>\n<meta property=\"og:locale\" content=\"it_IT\" \/>\n<meta property=\"og:type\" content=\"article\" \/>\n<meta property=\"og:title\" content=\"San Pio V e Maria Stuarda, l&#039;amicizia nel martirio - Rassegna Stampa Cattolica\" \/>\n<meta property=\"og:description\" content=\"San Pio V e Maria Stuarda, l&#039;amicizia nel martirio. Un libro del professor Roberto De Mattei sul papa di Lepanto e la regina cattolica\" \/>\n<meta property=\"og:url\" content=\"https:\/\/www.rassegnastampa-totustuus.it\/cattolica\/san-pio-v-e-maria-stuarda-lamicizia-nel-martirio\/\" \/>\n<meta property=\"og:site_name\" content=\"Rassegna Stampa Cattolica\" \/>\n<meta property=\"article:publisher\" content=\"https:\/\/www.facebook.com\/rassegnastampacattolica\" \/>\n<meta property=\"article:published_time\" content=\"2021-06-20T12:40:30+00:00\" \/>\n<meta property=\"article:modified_time\" content=\"2025-07-23T12:40:14+00:00\" \/>\n<meta property=\"og:image\" content=\"https:\/\/www.rassegnastampa-totustuus.it\/cattolica\/wp-content\/uploads\/2021\/06\/Maria_Stuarda_Inghilterra-1.jpg\" \/>\n\t<meta property=\"og:image:width\" content=\"1280\" \/>\n\t<meta property=\"og:image:height\" content=\"720\" \/>\n\t<meta property=\"og:image:type\" content=\"image\/jpeg\" \/>\n<meta name=\"author\" content=\"Redazione\" \/>\n<meta name=\"twitter:card\" content=\"summary_large_image\" \/>\n<meta name=\"twitter:creator\" content=\"@rassegnastampa9\" \/>\n<meta name=\"twitter:site\" content=\"@rassegnastampa9\" \/>\n<meta name=\"twitter:label1\" content=\"Scritto da\" \/>\n\t<meta name=\"twitter:data1\" content=\"Redazione\" \/>\n\t<meta name=\"twitter:label2\" content=\"Tempo di lettura stimato\" \/>\n\t<meta name=\"twitter:data2\" content=\"5 minuti\" \/>\n<script type=\"application\/ld+json\" class=\"yoast-schema-graph\">{\"@context\":\"https:\\\/\\\/schema.org\",\"@graph\":[{\"@type\":\"Article\",\"@id\":\"https:\\\/\\\/www.rassegnastampa-totustuus.it\\\/cattolica\\\/san-pio-v-e-maria-stuarda-lamicizia-nel-martirio\\\/#article\",\"isPartOf\":{\"@id\":\"https:\\\/\\\/www.rassegnastampa-totustuus.it\\\/cattolica\\\/san-pio-v-e-maria-stuarda-lamicizia-nel-martirio\\\/\"},\"author\":{\"name\":\"Redazione\",\"@id\":\"https:\\\/\\\/www.rassegnastampa-totustuus.it\\\/cattolica\\\/#\\\/schema\\\/person\\\/08f319d2bd1a0904ad9e2bfb7b15e5c3\"},\"headline\":\"San Pio V e Maria Stuarda, l&#8217;amicizia nel martirio\",\"datePublished\":\"2021-06-20T12:40:30+00:00\",\"dateModified\":\"2025-07-23T12:40:14+00:00\",\"mainEntityOfPage\":{\"@id\":\"https:\\\/\\\/www.rassegnastampa-totustuus.it\\\/cattolica\\\/san-pio-v-e-maria-stuarda-lamicizia-nel-martirio\\\/\"},\"wordCount\":720,\"publisher\":{\"@id\":\"https:\\\/\\\/www.rassegnastampa-totustuus.it\\\/cattolica\\\/#organization\"},\"image\":{\"@id\":\"https:\\\/\\\/www.rassegnastampa-totustuus.it\\\/cattolica\\\/san-pio-v-e-maria-stuarda-lamicizia-nel-martirio\\\/#primaryimage\"},\"thumbnailUrl\":\"https:\\\/\\\/www.rassegnastampa-totustuus.it\\\/cattolica\\\/wp-content\\\/uploads\\\/2021\\\/06\\\/Maria_Stuarda_Inghilterra-1.jpg\",\"keywords\":[\"Inghilterra\",\"Maria Stuarda\",\"persecuzioni\"],\"articleSection\":[\"Cristiani perseguitati\",\"Personaggi\",\"Riforma\",\"Storia\"],\"inLanguage\":\"it-IT\"},{\"@type\":\"WebPage\",\"@id\":\"https:\\\/\\\/www.rassegnastampa-totustuus.it\\\/cattolica\\\/san-pio-v-e-maria-stuarda-lamicizia-nel-martirio\\\/\",\"url\":\"https:\\\/\\\/www.rassegnastampa-totustuus.it\\\/cattolica\\\/san-pio-v-e-maria-stuarda-lamicizia-nel-martirio\\\/\",\"name\":\"San Pio V e Maria Stuarda, l'amicizia nel martirio - Rassegna Stampa Cattolica\",\"isPartOf\":{\"@id\":\"https:\\\/\\\/www.rassegnastampa-totustuus.it\\\/cattolica\\\/#website\"},\"primaryImageOfPage\":{\"@id\":\"https:\\\/\\\/www.rassegnastampa-totustuus.it\\\/cattolica\\\/san-pio-v-e-maria-stuarda-lamicizia-nel-martirio\\\/#primaryimage\"},\"image\":{\"@id\":\"https:\\\/\\\/www.rassegnastampa-totustuus.it\\\/cattolica\\\/san-pio-v-e-maria-stuarda-lamicizia-nel-martirio\\\/#primaryimage\"},\"thumbnailUrl\":\"https:\\\/\\\/www.rassegnastampa-totustuus.it\\\/cattolica\\\/wp-content\\\/uploads\\\/2021\\\/06\\\/Maria_Stuarda_Inghilterra-1.jpg\",\"datePublished\":\"2021-06-20T12:40:30+00:00\",\"dateModified\":\"2025-07-23T12:40:14+00:00\",\"description\":\"San Pio V e Maria Stuarda, l'amicizia nel martirio. Un libro del professor Roberto De Mattei sul papa di Lepanto e la regina cattolica\",\"breadcrumb\":{\"@id\":\"https:\\\/\\\/www.rassegnastampa-totustuus.it\\\/cattolica\\\/san-pio-v-e-maria-stuarda-lamicizia-nel-martirio\\\/#breadcrumb\"},\"inLanguage\":\"it-IT\",\"potentialAction\":[{\"@type\":\"ReadAction\",\"target\":[\"https:\\\/\\\/www.rassegnastampa-totustuus.it\\\/cattolica\\\/san-pio-v-e-maria-stuarda-lamicizia-nel-martirio\\\/\"]}]},{\"@type\":\"ImageObject\",\"inLanguage\":\"it-IT\",\"@id\":\"https:\\\/\\\/www.rassegnastampa-totustuus.it\\\/cattolica\\\/san-pio-v-e-maria-stuarda-lamicizia-nel-martirio\\\/#primaryimage\",\"url\":\"https:\\\/\\\/www.rassegnastampa-totustuus.it\\\/cattolica\\\/wp-content\\\/uploads\\\/2021\\\/06\\\/Maria_Stuarda_Inghilterra-1.jpg\",\"contentUrl\":\"https:\\\/\\\/www.rassegnastampa-totustuus.it\\\/cattolica\\\/wp-content\\\/uploads\\\/2021\\\/06\\\/Maria_Stuarda_Inghilterra-1.jpg\",\"width\":1280,\"height\":720},{\"@type\":\"BreadcrumbList\",\"@id\":\"https:\\\/\\\/www.rassegnastampa-totustuus.it\\\/cattolica\\\/san-pio-v-e-maria-stuarda-lamicizia-nel-martirio\\\/#breadcrumb\",\"itemListElement\":[{\"@type\":\"ListItem\",\"position\":1,\"name\":\"Home\",\"item\":\"https:\\\/\\\/www.rassegnastampa-totustuus.it\\\/cattolica\\\/\"},{\"@type\":\"ListItem\",\"position\":2,\"name\":\"San Pio V e Maria Stuarda, l&#8217;amicizia nel martirio\"}]},{\"@type\":\"WebSite\",\"@id\":\"https:\\\/\\\/www.rassegnastampa-totustuus.it\\\/cattolica\\\/#website\",\"url\":\"https:\\\/\\\/www.rassegnastampa-totustuus.it\\\/cattolica\\\/\",\"name\":\"Rassegna Stampa Cattolica\",\"description\":\"Per una cultura che nasce dalla Rivelazione cristiana in conformit\u00e0 alla tradizione e al Magistero della Chiesa in opposizione ad ogni relativismo e totalitarismo\",\"publisher\":{\"@id\":\"https:\\\/\\\/www.rassegnastampa-totustuus.it\\\/cattolica\\\/#organization\"},\"alternateName\":\"Rass. Cattolica\",\"potentialAction\":[{\"@type\":\"SearchAction\",\"target\":{\"@type\":\"EntryPoint\",\"urlTemplate\":\"https:\\\/\\\/www.rassegnastampa-totustuus.it\\\/cattolica\\\/?s={search_term_string}\"},\"query-input\":{\"@type\":\"PropertyValueSpecification\",\"valueRequired\":true,\"valueName\":\"search_term_string\"}}],\"inLanguage\":\"it-IT\"},{\"@type\":\"Organization\",\"@id\":\"https:\\\/\\\/www.rassegnastampa-totustuus.it\\\/cattolica\\\/#organization\",\"name\":\"Rassegna Stampa Cattolica\",\"url\":\"https:\\\/\\\/www.rassegnastampa-totustuus.it\\\/cattolica\\\/\",\"logo\":{\"@type\":\"ImageObject\",\"inLanguage\":\"it-IT\",\"@id\":\"https:\\\/\\\/www.rassegnastampa-totustuus.it\\\/cattolica\\\/#\\\/schema\\\/logo\\\/image\\\/\",\"url\":\"https:\\\/\\\/www.rassegnastampa-totustuus.it\\\/cattolica\\\/wp-content\\\/uploads\\\/2014\\\/04\\\/logo-rassegna1.gif\",\"contentUrl\":\"https:\\\/\\\/www.rassegnastampa-totustuus.it\\\/cattolica\\\/wp-content\\\/uploads\\\/2014\\\/04\\\/logo-rassegna1.gif\",\"width\":600,\"height\":163,\"caption\":\"Rassegna Stampa Cattolica\"},\"image\":{\"@id\":\"https:\\\/\\\/www.rassegnastampa-totustuus.it\\\/cattolica\\\/#\\\/schema\\\/logo\\\/image\\\/\"},\"sameAs\":[\"https:\\\/\\\/www.facebook.com\\\/rassegnastampacattolica\",\"https:\\\/\\\/x.com\\\/rassegnastampa9\"]},{\"@type\":\"Person\",\"@id\":\"https:\\\/\\\/www.rassegnastampa-totustuus.it\\\/cattolica\\\/#\\\/schema\\\/person\\\/08f319d2bd1a0904ad9e2bfb7b15e5c3\",\"name\":\"Redazione\",\"image\":{\"@type\":\"ImageObject\",\"inLanguage\":\"it-IT\",\"@id\":\"https:\\\/\\\/secure.gravatar.com\\\/avatar\\\/2fcdf27c78ea025fbdb44e914cc63c72249ffec9dc8aafd5c82b26240ef3f346?s=96&d=mm&r=g\",\"url\":\"https:\\\/\\\/secure.gravatar.com\\\/avatar\\\/2fcdf27c78ea025fbdb44e914cc63c72249ffec9dc8aafd5c82b26240ef3f346?s=96&d=mm&r=g\",\"contentUrl\":\"https:\\\/\\\/secure.gravatar.com\\\/avatar\\\/2fcdf27c78ea025fbdb44e914cc63c72249ffec9dc8aafd5c82b26240ef3f346?s=96&d=mm&r=g\",\"caption\":\"Redazione\"},\"url\":\"https:\\\/\\\/www.rassegnastampa-totustuus.it\\\/cattolica\\\/author\\\/pietroelle\\\/\"}]}<\/script>\n<!-- \/ Yoast SEO plugin. -->","yoast_head_json":{"title":"San Pio V e Maria Stuarda, l'amicizia nel martirio - Rassegna Stampa Cattolica","description":"San Pio V e Maria Stuarda, l'amicizia nel martirio. Un libro del professor Roberto De Mattei sul papa di Lepanto e la regina cattolica","robots":{"index":"index","follow":"follow","max-snippet":"max-snippet:-1","max-image-preview":"max-image-preview:large","max-video-preview":"max-video-preview:-1"},"canonical":"https:\/\/www.rassegnastampa-totustuus.it\/cattolica\/san-pio-v-e-maria-stuarda-lamicizia-nel-martirio\/","og_locale":"it_IT","og_type":"article","og_title":"San Pio V e Maria Stuarda, l'amicizia nel martirio - Rassegna Stampa Cattolica","og_description":"San Pio V e Maria Stuarda, l'amicizia nel martirio. Un libro del professor Roberto De Mattei sul papa di Lepanto e la regina cattolica","og_url":"https:\/\/www.rassegnastampa-totustuus.it\/cattolica\/san-pio-v-e-maria-stuarda-lamicizia-nel-martirio\/","og_site_name":"Rassegna Stampa Cattolica","article_publisher":"https:\/\/www.facebook.com\/rassegnastampacattolica","article_published_time":"2021-06-20T12:40:30+00:00","article_modified_time":"2025-07-23T12:40:14+00:00","og_image":[{"width":1280,"height":720,"url":"https:\/\/www.rassegnastampa-totustuus.it\/cattolica\/wp-content\/uploads\/2021\/06\/Maria_Stuarda_Inghilterra-1.jpg","type":"image\/jpeg"}],"author":"Redazione","twitter_card":"summary_large_image","twitter_creator":"@rassegnastampa9","twitter_site":"@rassegnastampa9","twitter_misc":{"Scritto da":"Redazione","Tempo di lettura stimato":"5 minuti"},"schema":{"@context":"https:\/\/schema.org","@graph":[{"@type":"Article","@id":"https:\/\/www.rassegnastampa-totustuus.it\/cattolica\/san-pio-v-e-maria-stuarda-lamicizia-nel-martirio\/#article","isPartOf":{"@id":"https:\/\/www.rassegnastampa-totustuus.it\/cattolica\/san-pio-v-e-maria-stuarda-lamicizia-nel-martirio\/"},"author":{"name":"Redazione","@id":"https:\/\/www.rassegnastampa-totustuus.it\/cattolica\/#\/schema\/person\/08f319d2bd1a0904ad9e2bfb7b15e5c3"},"headline":"San Pio V e Maria Stuarda, l&#8217;amicizia nel martirio","datePublished":"2021-06-20T12:40:30+00:00","dateModified":"2025-07-23T12:40:14+00:00","mainEntityOfPage":{"@id":"https:\/\/www.rassegnastampa-totustuus.it\/cattolica\/san-pio-v-e-maria-stuarda-lamicizia-nel-martirio\/"},"wordCount":720,"publisher":{"@id":"https:\/\/www.rassegnastampa-totustuus.it\/cattolica\/#organization"},"image":{"@id":"https:\/\/www.rassegnastampa-totustuus.it\/cattolica\/san-pio-v-e-maria-stuarda-lamicizia-nel-martirio\/#primaryimage"},"thumbnailUrl":"https:\/\/www.rassegnastampa-totustuus.it\/cattolica\/wp-content\/uploads\/2021\/06\/Maria_Stuarda_Inghilterra-1.jpg","keywords":["Inghilterra","Maria Stuarda","persecuzioni"],"articleSection":["Cristiani perseguitati","Personaggi","Riforma","Storia"],"inLanguage":"it-IT"},{"@type":"WebPage","@id":"https:\/\/www.rassegnastampa-totustuus.it\/cattolica\/san-pio-v-e-maria-stuarda-lamicizia-nel-martirio\/","url":"https:\/\/www.rassegnastampa-totustuus.it\/cattolica\/san-pio-v-e-maria-stuarda-lamicizia-nel-martirio\/","name":"San Pio V e Maria Stuarda, l'amicizia nel martirio - Rassegna Stampa Cattolica","isPartOf":{"@id":"https:\/\/www.rassegnastampa-totustuus.it\/cattolica\/#website"},"primaryImageOfPage":{"@id":"https:\/\/www.rassegnastampa-totustuus.it\/cattolica\/san-pio-v-e-maria-stuarda-lamicizia-nel-martirio\/#primaryimage"},"image":{"@id":"https:\/\/www.rassegnastampa-totustuus.it\/cattolica\/san-pio-v-e-maria-stuarda-lamicizia-nel-martirio\/#primaryimage"},"thumbnailUrl":"https:\/\/www.rassegnastampa-totustuus.it\/cattolica\/wp-content\/uploads\/2021\/06\/Maria_Stuarda_Inghilterra-1.jpg","datePublished":"2021-06-20T12:40:30+00:00","dateModified":"2025-07-23T12:40:14+00:00","description":"San Pio V e Maria Stuarda, l'amicizia nel martirio. Un libro del professor Roberto De Mattei sul papa di Lepanto e la regina cattolica","breadcrumb":{"@id":"https:\/\/www.rassegnastampa-totustuus.it\/cattolica\/san-pio-v-e-maria-stuarda-lamicizia-nel-martirio\/#breadcrumb"},"inLanguage":"it-IT","potentialAction":[{"@type":"ReadAction","target":["https:\/\/www.rassegnastampa-totustuus.it\/cattolica\/san-pio-v-e-maria-stuarda-lamicizia-nel-martirio\/"]}]},{"@type":"ImageObject","inLanguage":"it-IT","@id":"https:\/\/www.rassegnastampa-totustuus.it\/cattolica\/san-pio-v-e-maria-stuarda-lamicizia-nel-martirio\/#primaryimage","url":"https:\/\/www.rassegnastampa-totustuus.it\/cattolica\/wp-content\/uploads\/2021\/06\/Maria_Stuarda_Inghilterra-1.jpg","contentUrl":"https:\/\/www.rassegnastampa-totustuus.it\/cattolica\/wp-content\/uploads\/2021\/06\/Maria_Stuarda_Inghilterra-1.jpg","width":1280,"height":720},{"@type":"BreadcrumbList","@id":"https:\/\/www.rassegnastampa-totustuus.it\/cattolica\/san-pio-v-e-maria-stuarda-lamicizia-nel-martirio\/#breadcrumb","itemListElement":[{"@type":"ListItem","position":1,"name":"Home","item":"https:\/\/www.rassegnastampa-totustuus.it\/cattolica\/"},{"@type":"ListItem","position":2,"name":"San Pio V e Maria Stuarda, l&#8217;amicizia nel martirio"}]},{"@type":"WebSite","@id":"https:\/\/www.rassegnastampa-totustuus.it\/cattolica\/#website","url":"https:\/\/www.rassegnastampa-totustuus.it\/cattolica\/","name":"Rassegna Stampa Cattolica","description":"Per una cultura che nasce dalla Rivelazione cristiana in conformit\u00e0 alla tradizione e al Magistero della Chiesa in opposizione ad ogni relativismo e totalitarismo","publisher":{"@id":"https:\/\/www.rassegnastampa-totustuus.it\/cattolica\/#organization"},"alternateName":"Rass. Cattolica","potentialAction":[{"@type":"SearchAction","target":{"@type":"EntryPoint","urlTemplate":"https:\/\/www.rassegnastampa-totustuus.it\/cattolica\/?s={search_term_string}"},"query-input":{"@type":"PropertyValueSpecification","valueRequired":true,"valueName":"search_term_string"}}],"inLanguage":"it-IT"},{"@type":"Organization","@id":"https:\/\/www.rassegnastampa-totustuus.it\/cattolica\/#organization","name":"Rassegna Stampa Cattolica","url":"https:\/\/www.rassegnastampa-totustuus.it\/cattolica\/","logo":{"@type":"ImageObject","inLanguage":"it-IT","@id":"https:\/\/www.rassegnastampa-totustuus.it\/cattolica\/#\/schema\/logo\/image\/","url":"https:\/\/www.rassegnastampa-totustuus.it\/cattolica\/wp-content\/uploads\/2014\/04\/logo-rassegna1.gif","contentUrl":"https:\/\/www.rassegnastampa-totustuus.it\/cattolica\/wp-content\/uploads\/2014\/04\/logo-rassegna1.gif","width":600,"height":163,"caption":"Rassegna Stampa Cattolica"},"image":{"@id":"https:\/\/www.rassegnastampa-totustuus.it\/cattolica\/#\/schema\/logo\/image\/"},"sameAs":["https:\/\/www.facebook.com\/rassegnastampacattolica","https:\/\/x.com\/rassegnastampa9"]},{"@type":"Person","@id":"https:\/\/www.rassegnastampa-totustuus.it\/cattolica\/#\/schema\/person\/08f319d2bd1a0904ad9e2bfb7b15e5c3","name":"Redazione","image":{"@type":"ImageObject","inLanguage":"it-IT","@id":"https:\/\/secure.gravatar.com\/avatar\/2fcdf27c78ea025fbdb44e914cc63c72249ffec9dc8aafd5c82b26240ef3f346?s=96&d=mm&r=g","url":"https:\/\/secure.gravatar.com\/avatar\/2fcdf27c78ea025fbdb44e914cc63c72249ffec9dc8aafd5c82b26240ef3f346?s=96&d=mm&r=g","contentUrl":"https:\/\/secure.gravatar.com\/avatar\/2fcdf27c78ea025fbdb44e914cc63c72249ffec9dc8aafd5c82b26240ef3f346?s=96&d=mm&r=g","caption":"Redazione"},"url":"https:\/\/www.rassegnastampa-totustuus.it\/cattolica\/author\/pietroelle\/"}]}},"_links":{"self":[{"href":"https:\/\/www.rassegnastampa-totustuus.it\/cattolica\/wp-json\/wp\/v2\/posts\/51656","targetHints":{"allow":["GET"]}}],"collection":[{"href":"https:\/\/www.rassegnastampa-totustuus.it\/cattolica\/wp-json\/wp\/v2\/posts"}],"about":[{"href":"https:\/\/www.rassegnastampa-totustuus.it\/cattolica\/wp-json\/wp\/v2\/types\/post"}],"author":[{"embeddable":true,"href":"https:\/\/www.rassegnastampa-totustuus.it\/cattolica\/wp-json\/wp\/v2\/users\/6"}],"replies":[{"embeddable":true,"href":"https:\/\/www.rassegnastampa-totustuus.it\/cattolica\/wp-json\/wp\/v2\/comments?post=51656"}],"version-history":[{"count":3,"href":"https:\/\/www.rassegnastampa-totustuus.it\/cattolica\/wp-json\/wp\/v2\/posts\/51656\/revisions"}],"predecessor-version":[{"id":63548,"href":"https:\/\/www.rassegnastampa-totustuus.it\/cattolica\/wp-json\/wp\/v2\/posts\/51656\/revisions\/63548"}],"wp:featuredmedia":[{"embeddable":true,"href":"https:\/\/www.rassegnastampa-totustuus.it\/cattolica\/wp-json\/wp\/v2\/media\/51664"}],"wp:attachment":[{"href":"https:\/\/www.rassegnastampa-totustuus.it\/cattolica\/wp-json\/wp\/v2\/media?parent=51656"}],"wp:term":[{"taxonomy":"category","embeddable":true,"href":"https:\/\/www.rassegnastampa-totustuus.it\/cattolica\/wp-json\/wp\/v2\/categories?post=51656"},{"taxonomy":"post_tag","embeddable":true,"href":"https:\/\/www.rassegnastampa-totustuus.it\/cattolica\/wp-json\/wp\/v2\/tags?post=51656"}],"curies":[{"name":"wp","href":"https:\/\/api.w.org\/{rel}","templated":true}]}}