{"id":51651,"date":"2021-06-24T00:00:15","date_gmt":"2021-06-23T22:00:15","guid":{"rendered":"http:\/\/www.rassegnastampa-totustuus.it\/cattolica\/?p=51651"},"modified":"2025-07-23T14:27:03","modified_gmt":"2025-07-23T12:27:03","slug":"il-welfare-e-una-infrastruttura-dello-sviluppo-non-un-costo","status":"publish","type":"post","link":"https:\/\/www.rassegnastampa-totustuus.it\/cattolica\/il-welfare-e-una-infrastruttura-dello-sviluppo-non-un-costo\/","title":{"rendered":"Il Welfare \u00e8 una \u201cinfrastruttura dello sviluppo\u201d, non un costo"},"content":{"rendered":"\n<p class=\"has-text-align-center\"><span style=\"color: #000000;\"><a href=\"https:\/\/www.informazionecattolica.it\/\" target=\"_blank\" rel=\"noreferrer noopener\"><strong>Informazione Cattolica<\/strong> <\/a>\u00a020 giugno 2021<b><i> <\/i><\/b><\/span><\/p>\n\n\n\n<p class=\"has-text-align-center\"><span style=\"color: #000000;\">di <strong>Giuseppe Brienza<\/strong><\/span><\/p>\n\n\n\n<p><span style=\"color: #000000;\">La combinazione dei principi di <em>solidariet\u00e0<\/em> e <em>sussidiariet\u00e0<\/em> potrebbe salvare lo \u201cStato sociale\u201d. L\u2019applicazione del concetto di <em>partecipazione<\/em> nell\u2019ambito delle politiche e dei servizi alla persona e alla famiglia potrebbe infatti generare quello che, da ultimo, il sociologo e pedagogista Johnny Dotti ha definito il <em>Welfare partecipativo <\/em>(cfr. <em>Buono \u00e8 giusto. Il welfare che costruiremo insieme <\/em>\u2013 scritto assieme al giornalista Maurizio Regosa-<\/span> <span style=\"color: #0000ff;\"><a style=\"color: #0000ff;\" href=\"http:\/\/lucasossellaeditore.it\/\" target=\"_blank\" rel=\"noopener noreferrer\"><em>Sossella Editore<\/em><\/a>,<\/span> <span style=\"color: #000000;\">Bologna 2015, pp. 163). <\/span><\/p>\n\n\n<div class=\"wp-block-image\">\n<figure class=\"aligncenter size-full is-resized\"><a href=\"https:\/\/www.rassegnastampa-totustuus.it\/cattolica\/wp-content\/uploads\/2005\/05\/welfare.jpg\"><img loading=\"lazy\" decoding=\"async\" width=\"240\" height=\"160\" src=\"https:\/\/www.rassegnastampa-totustuus.it\/cattolica\/wp-content\/uploads\/2005\/05\/welfare.jpg\" alt=\"\" class=\"wp-image-28043\" style=\"width:334px;height:auto\"\/><\/a><\/figure><\/div>\n\n\n<!--more-->\n\n\n\n<p><span style=\"color: #000000;\">Sappiamo bene come sia necessario, in et\u00e0 di crisi fiscale ed elefantiasi burocratica, apportare degli importanti correttivi al modello di \u201cWelfare State\u201d come sperimentato nel XX secolo, cominciando dall\u2019affermazione che il benessere dei cittadini \u00e8 un compito di tutta la societ\u00e0, non solo dello Stato. Per questo va costruito unendo le forze delle persone, delle famiglie, dell\u2019associazionismo, del mercato, delle Regioni e dello Stato. <\/span><\/p>\n\n\n<div class=\"wp-block-image\">\n<figure class=\"aligncenter size-large is-resized\"><a href=\"https:\/\/www.rassegnastampa-totustuus.it\/cattolica\/wp-content\/uploads\/2021\/06\/reddito_cittadinanza_welfare.jpg\"><img loading=\"lazy\" decoding=\"async\" width=\"1024\" height=\"584\" src=\"https:\/\/www.rassegnastampa-totustuus.it\/cattolica\/wp-content\/uploads\/2021\/06\/reddito_cittadinanza_welfare-1024x584.jpg\" alt=\"\" class=\"wp-image-51320\" style=\"width:514px;height:auto\" srcset=\"https:\/\/www.rassegnastampa-totustuus.it\/cattolica\/wp-content\/uploads\/2021\/06\/reddito_cittadinanza_welfare-1024x584.jpg 1024w, https:\/\/www.rassegnastampa-totustuus.it\/cattolica\/wp-content\/uploads\/2021\/06\/reddito_cittadinanza_welfare-300x171.jpg 300w, https:\/\/www.rassegnastampa-totustuus.it\/cattolica\/wp-content\/uploads\/2021\/06\/reddito_cittadinanza_welfare-768x438.jpg 768w, https:\/\/www.rassegnastampa-totustuus.it\/cattolica\/wp-content\/uploads\/2021\/06\/reddito_cittadinanza_welfare.jpg 1217w\" sizes=\"auto, (max-width: 1024px) 100vw, 1024px\" \/><\/a><\/figure><\/div>\n\n\n<p><span style=\"color: #000000;\">Quest\u2019ultimo si pone come regolatore in tema di <em>livelli essenziali di assistenza <\/em>(LEA) e di rispetto delle leggi, i vari attori sociali contribuiscono ciascuno nel proprio ambito a soddisfare i bisogni di cura, sanit\u00e0 ed assistenza nel rispetto delle linee guida e degli <em>standard <\/em>fissati dalle leggi e dai regolamenti statali. <\/span><\/p>\n\n\n<div class=\"wp-block-image\">\n<figure class=\"aligncenter is-resized\"><img loading=\"lazy\" decoding=\"async\" width=\"224\" height=\"300\" src=\"https:\/\/www.rassegnastampa-totustuus.it\/cattolica\/wp-content\/uploads\/2015\/07\/compendio_dottrina_sociale-224x300.jpg\" alt=\"\" class=\"wp-image-26522\" style=\"width:244px;height:auto\" srcset=\"https:\/\/www.rassegnastampa-totustuus.it\/cattolica\/wp-content\/uploads\/2015\/07\/compendio_dottrina_sociale-224x300.jpg 224w, https:\/\/www.rassegnastampa-totustuus.it\/cattolica\/wp-content\/uploads\/2015\/07\/compendio_dottrina_sociale.jpg 250w\" sizes=\"auto, (max-width: 224px) 100vw, 224px\" \/><\/figure><\/div>\n\n\n<p><span style=\"color: #000000;\">Soltanto nei casi di particolare gravit\u00e0 o emergenza o di mancanza di adeguati soggetti sociali, l\u2019autorit\u00e0 pubblica \u00e8 chiamata ad intervenire direttamente in via sussidiaria per assicurare il diritto alla salute ed alla cura, come ribadisce il <em>Compendio della Dottrina Sociale della Chiesa <\/em>(cfr. nn. 419-420).<\/span><\/p>\n\n\n\n<p><span style=\"color: #000000;\">L\u2019ultima seria riforma italiana dei servizi sociali, varata con la legge n. 328\/2000, aveva gi\u00e0 provato a finalizzare quella che, diversi studiosi, hanno definito l\u2019ultima (possibile) fase di \u201csviluppo-trasformazione\u201d del <em>Welfare State<\/em>. Fino a quando per\u00f2 le leggi sono solo scritte e rimangono sulla carta e l\u2019ottica pubblica rimane sempre quella burocratico-centralista (Welfare \u201cState\u201d e non \u201cWelfare society\u201d), la partecipazione al \u201csistema\u201d delle famiglie e della societ\u00e0 auto-organizzata non potr\u00e0 che restare una illusione\u2026 <\/span><\/p>\n\n\n\n<p><span style=\"color: #000000;\">E infatti, come non era difficile rilevare, l\u2019articolo pi\u00f9 interessante della legge n. 328, cio\u00e8 il 16 sulle \u201cresponsabilit\u00e0 familiari\u201d, non \u00e8 stato \u201cattivato\u201d seriamente dalle autonomie locali. <\/span><\/p>\n\n\n<div class=\"wp-block-image\">\n<figure class=\"aligncenter is-resized\"><img loading=\"lazy\" decoding=\"async\" width=\"268\" height=\"188\" src=\"https:\/\/www.rassegnastampa-totustuus.it\/cattolica\/wp-content\/uploads\/2005\/09\/famiglia.jpg\" alt=\"\" class=\"wp-image-35951\" style=\"width:462px;height:auto\"\/><\/figure><\/div>\n\n\n<p><span style=\"color: #000000;\">Ho avuto modo di osservare a suo tempo che \u00ab<em>se \u00e8 importante che le famiglie siano parti attive nella realizzazione di interventi sociali, \u00e8 quindi fondamentale che esse non vengano percepite solo come bisognose, sovraccaricate, inadeguate, manchevoli, ma che siano invece \u201criscoperte\u201d soprattutto come portatrici di risorse di varia natura. &nbsp;Sotto questo profilo, se il legislatore della riforma da un lato richiede con grande chiarezza e determinazione di rapportarsi alle famiglie come interlocutori attivi e positivi (\u201c<\/em>gli operatori coinvolgono e responsabilizzano le persone e le famiglie nell\u2019ambito dell\u2019organizzazione dei servizi<em>\u201d, art. 16, co. I), dall\u2019altro quando si tratta di indicare pi\u00f9 analiticamente ci\u00f2 che va realizzato dai servizi con e per le famiglie, esso ripete pi\u00f9 volte il verbo \u201c<\/em>sostenere<em>\u201d (nonch\u00e9 \u201c<\/em>valorizzare<em>\u201d). <\/em><\/span><\/p>\n\n\n\n<p><span style=\"color: #000000;\"><em>Ma, come \u00e8 stato giustamente osservato, \u201c<\/em>si sostiene qualcuno che non regge, che sta cercando di realizzare qualche cosa di importante ma ha necessit\u00e0 di avere appoggi, e si valorizza qualcuno che ha doti e capacit\u00e0 ma non riesce a farsi valere<em>\u201d<\/em>\u00bb (G. Brienza, <em>Famiglia, sussidiariet\u00e0 e riforma dei servizi sociali<\/em>,<\/span> <span style=\"color: #0000ff;\"><a style=\"color: #0000ff;\" href=\"https:\/\/www.cittanuova.it\/\" target=\"_blank\" rel=\"noopener noreferrer\"><em>Citt\u00e0 Nuova Editrice<\/em><\/a><\/span>, <span style=\"color: #000000;\">Roma 2002, p. 40). &nbsp;<\/span><\/p>\n\n\n<div class=\"wp-block-image\">\n<figure class=\"aligncenter is-resized\"><img loading=\"lazy\" decoding=\"async\" width=\"255\" height=\"198\" src=\"https:\/\/www.rassegnastampa-totustuus.it\/cattolica\/wp-content\/uploads\/2009\/12\/libri_scuola.jpg\" alt=\"\" class=\"wp-image-34322\" style=\"width:411px;height:auto\"\/><\/figure><\/div>\n\n\n<p><span style=\"color: #000000;\">Ma come ha spiegato Johnny Dotti, \u00ab<em>i beni comuni, il welfare, la sanit\u00e0, la scuola, sono beni di tutti. Le forme per dargli vita, perch\u00e9 tutti ne partecipino, non sono per forza la fiscalit\u00e0 generale, la burocrazia, le leggi. Sono anche forme di autorganizzazione, di autolimitazione del profitto, di generazione e distribuzione del valore dentro la libert\u00e0<\/em>\u00bb (<em>Ripartire dal silenzio<\/em>, <em>L\u2019Osservatore Romano<\/em>, 17 aprile 2020, p. 3).&nbsp; <\/span><\/p>\n\n\n\n<p><span style=\"color: #000000;\">\u00c8 vero che nella prospettiva immediata la vera emergenza del <em>Welfare<\/em> nazionale \u00e8 quella sanitaria ma, anche in questo settore, gli strumenti tradizionali della regolazione, dello stanziamento e del controllo statale rimangono inadeguati, cos\u00ec come inadeguate appaiono le misure intraprese finora dal Governo Draghi. L\u2019emergenza sanitaria \u201cda Covid-19\u201d scava profondamente nelle inefficienze del Sistema Sanitario Nazionale (Ssn) mettendone a nudo le inadeguatezze della governance tradizionale e, allo stesso tempo, la incapacit\u00e0 di superarle con azioni straordinarie del Governo e dell\u2019amministrazione pubblica. <\/span><\/p>\n\n\n<div class=\"wp-block-image\">\n<figure class=\"aligncenter is-resized\"><img loading=\"lazy\" decoding=\"async\" width=\"299\" height=\"168\" src=\"https:\/\/www.rassegnastampa-totustuus.it\/cattolica\/wp-content\/uploads\/2019\/01\/papa_Francesco.jpg\" alt=\"\" class=\"wp-image-41924\" style=\"width:479px;height:auto\"\/><\/figure><\/div>\n\n\n<p><span style=\"color: #000000;\">Gi\u00e0 prima dell\u2019esplosione della \u201cpandemia\u201d mondiale, parlando ai rappresentanti delle <em>Associazioni cristiane dei lavoratori italiani <\/em>(<em>Acli<\/em>), Papa Francesco ha messo in guardia da un sistema economico-politico che mette la finanza e la contabilit\u00e0 pubblica al primo posto. Il Santo Padre ha centrato infatti, con una delle sue tipiche frasi ad effetto, quella che credo sia la chiave di volta per ogni possibile rinnovamento (e quindi rilancio) dello \u201cStato sociale\u201d: lavorare sulla dimensione culturale. <\/span><\/p>\n\n\n\n<p><span style=\"color: #000000;\">\u00ab<em>\u00c8 una importante battaglia culturale<\/em>&#8211; ha affermato Bergoglio in proposito, nell\u2019udienza del 23 maggio 2015 &#8211;<em>, quella di considerareil welfare una <\/em>infrastruttura dello sviluppo<em> e non un costo<\/em>\u00bb (<em>Il lavoro secondo Francesco: libero, creativo, partecipativo, solidale<\/em>, <em>L\u2019Osservatore Romano<\/em>, 24 maggio 2015, p.7).<\/span><\/p>\n\n\n\n<p>___________________<\/p>\n\n\n\n<p><span style=\"color: #000000;\">* Vedi qui il canale <em>YouTube<\/em> curato dall\u2019autore di questo articolo:<\/span> <span style=\"color: #0000ff;\"><a style=\"color: #0000ff;\" href=\"https:\/\/www.youtube.com\/channel\/UC1So1iXwqJ6TJk0eP0XmZ_w\" target=\"_blank\" rel=\"noopener noreferrer\"><em>Temi di Dottrina sociale della Chiesa<\/em><\/a>.<\/span><\/p>\n\n\n\n<p><\/p>\n","protected":false},"excerpt":{"rendered":"<p>Informazione Cattolica \u00a020 giugno 2021 di Giuseppe Brienza La combinazione dei principi di solidariet\u00e0 e sussidiariet\u00e0 potrebbe salvare lo \u201cStato sociale\u201d. L\u2019applicazione del concetto di partecipazione nell\u2019ambito delle politiche e dei servizi alla persona e alla famiglia potrebbe infatti generare quello che, da ultimo, il sociologo e pedagogista Johnny Dotti ha definito il Welfare partecipativo &hellip; <\/p>\n<p><a class=\"more-link btn\" href=\"https:\/\/www.rassegnastampa-totustuus.it\/cattolica\/il-welfare-e-una-infrastruttura-dello-sviluppo-non-un-costo\/\">Continua a leggere<\/a><\/p>\n","protected":false},"author":6,"featured_media":51323,"comment_status":"closed","ping_status":"closed","sticky":false,"template":"","format":"standard","meta":{"footnotes":""},"categories":[11,26],"tags":[2389,3231,218],"class_list":["post-51651","post","type-post","status-publish","format-standard","has-post-thumbnail","hentry","category-dottrina-sociale","category-welfare","tag-economia","tag-solidarieta","tag-sviluppo","item-wrap"],"yoast_head":"<!-- This site is optimized with the Yoast SEO plugin v27.5 - https:\/\/yoast.com\/product\/yoast-seo-wordpress\/ -->\n<title>Il Welfare \u00e8 una \u201cinfrastruttura dello sviluppo\u201d, non un costo - Rassegna Stampa Cattolica<\/title>\n<meta name=\"description\" content=\"Il Welfare \u00e8 una \u201cinfrastruttura dello sviluppo\u201d, non un costo. Combinare solidariet\u00e0 e sussidiariet\u00e0 potrebbe salvare lo \u201cStato sociale\u201d.\" \/>\n<meta name=\"robots\" content=\"index, follow, max-snippet:-1, max-image-preview:large, max-video-preview:-1\" \/>\n<link rel=\"canonical\" href=\"https:\/\/www.rassegnastampa-totustuus.it\/cattolica\/il-welfare-e-una-infrastruttura-dello-sviluppo-non-un-costo\/\" \/>\n<meta property=\"og:locale\" content=\"it_IT\" \/>\n<meta property=\"og:type\" content=\"article\" \/>\n<meta property=\"og:title\" content=\"Il Welfare \u00e8 una \u201cinfrastruttura dello sviluppo\u201d, non un costo - Rassegna Stampa Cattolica\" \/>\n<meta property=\"og:description\" content=\"Il Welfare \u00e8 una \u201cinfrastruttura dello sviluppo\u201d, non un costo. Combinare solidariet\u00e0 e sussidiariet\u00e0 potrebbe salvare lo \u201cStato sociale\u201d.\" \/>\n<meta property=\"og:url\" content=\"https:\/\/www.rassegnastampa-totustuus.it\/cattolica\/il-welfare-e-una-infrastruttura-dello-sviluppo-non-un-costo\/\" \/>\n<meta property=\"og:site_name\" content=\"Rassegna Stampa Cattolica\" \/>\n<meta property=\"article:publisher\" content=\"https:\/\/www.facebook.com\/rassegnastampacattolica\" \/>\n<meta property=\"article:published_time\" content=\"2021-06-23T22:00:15+00:00\" \/>\n<meta property=\"article:modified_time\" content=\"2025-07-23T12:27:03+00:00\" \/>\n<meta property=\"og:image\" content=\"https:\/\/www.rassegnastampa-totustuus.it\/cattolica\/wp-content\/uploads\/2021\/06\/reddito_cittadinanza_welfare-1.jpg\" \/>\n\t<meta property=\"og:image:width\" content=\"1456\" \/>\n\t<meta property=\"og:image:height\" content=\"820\" \/>\n\t<meta property=\"og:image:type\" content=\"image\/jpeg\" \/>\n<meta name=\"author\" content=\"Redazione\" \/>\n<meta name=\"twitter:card\" content=\"summary_large_image\" \/>\n<meta name=\"twitter:creator\" content=\"@rassegnastampa9\" \/>\n<meta name=\"twitter:site\" content=\"@rassegnastampa9\" \/>\n<meta name=\"twitter:label1\" content=\"Scritto da\" \/>\n\t<meta name=\"twitter:data1\" content=\"Redazione\" \/>\n\t<meta name=\"twitter:label2\" content=\"Tempo di lettura stimato\" \/>\n\t<meta name=\"twitter:data2\" content=\"6 minuti\" \/>\n<script type=\"application\/ld+json\" class=\"yoast-schema-graph\">{\"@context\":\"https:\\\/\\\/schema.org\",\"@graph\":[{\"@type\":\"Article\",\"@id\":\"https:\\\/\\\/www.rassegnastampa-totustuus.it\\\/cattolica\\\/il-welfare-e-una-infrastruttura-dello-sviluppo-non-un-costo\\\/#article\",\"isPartOf\":{\"@id\":\"https:\\\/\\\/www.rassegnastampa-totustuus.it\\\/cattolica\\\/il-welfare-e-una-infrastruttura-dello-sviluppo-non-un-costo\\\/\"},\"author\":{\"name\":\"Redazione\",\"@id\":\"https:\\\/\\\/www.rassegnastampa-totustuus.it\\\/cattolica\\\/#\\\/schema\\\/person\\\/08f319d2bd1a0904ad9e2bfb7b15e5c3\"},\"headline\":\"Il Welfare \u00e8 una \u201cinfrastruttura dello sviluppo\u201d, non un costo\",\"datePublished\":\"2021-06-23T22:00:15+00:00\",\"dateModified\":\"2025-07-23T12:27:03+00:00\",\"mainEntityOfPage\":{\"@id\":\"https:\\\/\\\/www.rassegnastampa-totustuus.it\\\/cattolica\\\/il-welfare-e-una-infrastruttura-dello-sviluppo-non-un-costo\\\/\"},\"wordCount\":803,\"publisher\":{\"@id\":\"https:\\\/\\\/www.rassegnastampa-totustuus.it\\\/cattolica\\\/#organization\"},\"image\":{\"@id\":\"https:\\\/\\\/www.rassegnastampa-totustuus.it\\\/cattolica\\\/il-welfare-e-una-infrastruttura-dello-sviluppo-non-un-costo\\\/#primaryimage\"},\"thumbnailUrl\":\"https:\\\/\\\/www.rassegnastampa-totustuus.it\\\/cattolica\\\/wp-content\\\/uploads\\\/2021\\\/06\\\/reddito_cittadinanza_welfare-1.jpg\",\"keywords\":[\"Economia\",\"solidariet\u00e0\",\"sviluppo\"],\"articleSection\":[\"Dottrina sociale\",\"Welfare\"],\"inLanguage\":\"it-IT\"},{\"@type\":\"WebPage\",\"@id\":\"https:\\\/\\\/www.rassegnastampa-totustuus.it\\\/cattolica\\\/il-welfare-e-una-infrastruttura-dello-sviluppo-non-un-costo\\\/\",\"url\":\"https:\\\/\\\/www.rassegnastampa-totustuus.it\\\/cattolica\\\/il-welfare-e-una-infrastruttura-dello-sviluppo-non-un-costo\\\/\",\"name\":\"Il Welfare \u00e8 una \u201cinfrastruttura dello sviluppo\u201d, non un costo - Rassegna Stampa Cattolica\",\"isPartOf\":{\"@id\":\"https:\\\/\\\/www.rassegnastampa-totustuus.it\\\/cattolica\\\/#website\"},\"primaryImageOfPage\":{\"@id\":\"https:\\\/\\\/www.rassegnastampa-totustuus.it\\\/cattolica\\\/il-welfare-e-una-infrastruttura-dello-sviluppo-non-un-costo\\\/#primaryimage\"},\"image\":{\"@id\":\"https:\\\/\\\/www.rassegnastampa-totustuus.it\\\/cattolica\\\/il-welfare-e-una-infrastruttura-dello-sviluppo-non-un-costo\\\/#primaryimage\"},\"thumbnailUrl\":\"https:\\\/\\\/www.rassegnastampa-totustuus.it\\\/cattolica\\\/wp-content\\\/uploads\\\/2021\\\/06\\\/reddito_cittadinanza_welfare-1.jpg\",\"datePublished\":\"2021-06-23T22:00:15+00:00\",\"dateModified\":\"2025-07-23T12:27:03+00:00\",\"description\":\"Il Welfare \u00e8 una \u201cinfrastruttura dello sviluppo\u201d, non un costo. Combinare solidariet\u00e0 e sussidiariet\u00e0 potrebbe salvare lo \u201cStato sociale\u201d.\",\"breadcrumb\":{\"@id\":\"https:\\\/\\\/www.rassegnastampa-totustuus.it\\\/cattolica\\\/il-welfare-e-una-infrastruttura-dello-sviluppo-non-un-costo\\\/#breadcrumb\"},\"inLanguage\":\"it-IT\",\"potentialAction\":[{\"@type\":\"ReadAction\",\"target\":[\"https:\\\/\\\/www.rassegnastampa-totustuus.it\\\/cattolica\\\/il-welfare-e-una-infrastruttura-dello-sviluppo-non-un-costo\\\/\"]}]},{\"@type\":\"ImageObject\",\"inLanguage\":\"it-IT\",\"@id\":\"https:\\\/\\\/www.rassegnastampa-totustuus.it\\\/cattolica\\\/il-welfare-e-una-infrastruttura-dello-sviluppo-non-un-costo\\\/#primaryimage\",\"url\":\"https:\\\/\\\/www.rassegnastampa-totustuus.it\\\/cattolica\\\/wp-content\\\/uploads\\\/2021\\\/06\\\/reddito_cittadinanza_welfare-1.jpg\",\"contentUrl\":\"https:\\\/\\\/www.rassegnastampa-totustuus.it\\\/cattolica\\\/wp-content\\\/uploads\\\/2021\\\/06\\\/reddito_cittadinanza_welfare-1.jpg\",\"width\":1456,\"height\":820},{\"@type\":\"BreadcrumbList\",\"@id\":\"https:\\\/\\\/www.rassegnastampa-totustuus.it\\\/cattolica\\\/il-welfare-e-una-infrastruttura-dello-sviluppo-non-un-costo\\\/#breadcrumb\",\"itemListElement\":[{\"@type\":\"ListItem\",\"position\":1,\"name\":\"Home\",\"item\":\"https:\\\/\\\/www.rassegnastampa-totustuus.it\\\/cattolica\\\/\"},{\"@type\":\"ListItem\",\"position\":2,\"name\":\"Il Welfare \u00e8 una \u201cinfrastruttura dello sviluppo\u201d, non un costo\"}]},{\"@type\":\"WebSite\",\"@id\":\"https:\\\/\\\/www.rassegnastampa-totustuus.it\\\/cattolica\\\/#website\",\"url\":\"https:\\\/\\\/www.rassegnastampa-totustuus.it\\\/cattolica\\\/\",\"name\":\"Rassegna Stampa Cattolica\",\"description\":\"Per una cultura che nasce dalla Rivelazione cristiana in conformit\u00e0 alla tradizione e al Magistero della Chiesa in opposizione ad ogni relativismo e totalitarismo\",\"publisher\":{\"@id\":\"https:\\\/\\\/www.rassegnastampa-totustuus.it\\\/cattolica\\\/#organization\"},\"alternateName\":\"Rass. Cattolica\",\"potentialAction\":[{\"@type\":\"SearchAction\",\"target\":{\"@type\":\"EntryPoint\",\"urlTemplate\":\"https:\\\/\\\/www.rassegnastampa-totustuus.it\\\/cattolica\\\/?s={search_term_string}\"},\"query-input\":{\"@type\":\"PropertyValueSpecification\",\"valueRequired\":true,\"valueName\":\"search_term_string\"}}],\"inLanguage\":\"it-IT\"},{\"@type\":\"Organization\",\"@id\":\"https:\\\/\\\/www.rassegnastampa-totustuus.it\\\/cattolica\\\/#organization\",\"name\":\"Rassegna Stampa Cattolica\",\"url\":\"https:\\\/\\\/www.rassegnastampa-totustuus.it\\\/cattolica\\\/\",\"logo\":{\"@type\":\"ImageObject\",\"inLanguage\":\"it-IT\",\"@id\":\"https:\\\/\\\/www.rassegnastampa-totustuus.it\\\/cattolica\\\/#\\\/schema\\\/logo\\\/image\\\/\",\"url\":\"https:\\\/\\\/www.rassegnastampa-totustuus.it\\\/cattolica\\\/wp-content\\\/uploads\\\/2014\\\/04\\\/logo-rassegna1.gif\",\"contentUrl\":\"https:\\\/\\\/www.rassegnastampa-totustuus.it\\\/cattolica\\\/wp-content\\\/uploads\\\/2014\\\/04\\\/logo-rassegna1.gif\",\"width\":600,\"height\":163,\"caption\":\"Rassegna Stampa Cattolica\"},\"image\":{\"@id\":\"https:\\\/\\\/www.rassegnastampa-totustuus.it\\\/cattolica\\\/#\\\/schema\\\/logo\\\/image\\\/\"},\"sameAs\":[\"https:\\\/\\\/www.facebook.com\\\/rassegnastampacattolica\",\"https:\\\/\\\/x.com\\\/rassegnastampa9\"]},{\"@type\":\"Person\",\"@id\":\"https:\\\/\\\/www.rassegnastampa-totustuus.it\\\/cattolica\\\/#\\\/schema\\\/person\\\/08f319d2bd1a0904ad9e2bfb7b15e5c3\",\"name\":\"Redazione\",\"image\":{\"@type\":\"ImageObject\",\"inLanguage\":\"it-IT\",\"@id\":\"https:\\\/\\\/secure.gravatar.com\\\/avatar\\\/2fcdf27c78ea025fbdb44e914cc63c72249ffec9dc8aafd5c82b26240ef3f346?s=96&d=mm&r=g\",\"url\":\"https:\\\/\\\/secure.gravatar.com\\\/avatar\\\/2fcdf27c78ea025fbdb44e914cc63c72249ffec9dc8aafd5c82b26240ef3f346?s=96&d=mm&r=g\",\"contentUrl\":\"https:\\\/\\\/secure.gravatar.com\\\/avatar\\\/2fcdf27c78ea025fbdb44e914cc63c72249ffec9dc8aafd5c82b26240ef3f346?s=96&d=mm&r=g\",\"caption\":\"Redazione\"},\"url\":\"https:\\\/\\\/www.rassegnastampa-totustuus.it\\\/cattolica\\\/author\\\/pietroelle\\\/\"}]}<\/script>\n<!-- \/ Yoast SEO plugin. -->","yoast_head_json":{"title":"Il Welfare \u00e8 una \u201cinfrastruttura dello sviluppo\u201d, non un costo - Rassegna Stampa Cattolica","description":"Il Welfare \u00e8 una \u201cinfrastruttura dello sviluppo\u201d, non un costo. Combinare solidariet\u00e0 e sussidiariet\u00e0 potrebbe salvare lo \u201cStato sociale\u201d.","robots":{"index":"index","follow":"follow","max-snippet":"max-snippet:-1","max-image-preview":"max-image-preview:large","max-video-preview":"max-video-preview:-1"},"canonical":"https:\/\/www.rassegnastampa-totustuus.it\/cattolica\/il-welfare-e-una-infrastruttura-dello-sviluppo-non-un-costo\/","og_locale":"it_IT","og_type":"article","og_title":"Il Welfare \u00e8 una \u201cinfrastruttura dello sviluppo\u201d, non un costo - Rassegna Stampa Cattolica","og_description":"Il Welfare \u00e8 una \u201cinfrastruttura dello sviluppo\u201d, non un costo. Combinare solidariet\u00e0 e sussidiariet\u00e0 potrebbe salvare lo \u201cStato sociale\u201d.","og_url":"https:\/\/www.rassegnastampa-totustuus.it\/cattolica\/il-welfare-e-una-infrastruttura-dello-sviluppo-non-un-costo\/","og_site_name":"Rassegna Stampa Cattolica","article_publisher":"https:\/\/www.facebook.com\/rassegnastampacattolica","article_published_time":"2021-06-23T22:00:15+00:00","article_modified_time":"2025-07-23T12:27:03+00:00","og_image":[{"width":1456,"height":820,"url":"https:\/\/www.rassegnastampa-totustuus.it\/cattolica\/wp-content\/uploads\/2021\/06\/reddito_cittadinanza_welfare-1.jpg","type":"image\/jpeg"}],"author":"Redazione","twitter_card":"summary_large_image","twitter_creator":"@rassegnastampa9","twitter_site":"@rassegnastampa9","twitter_misc":{"Scritto da":"Redazione","Tempo di lettura stimato":"6 minuti"},"schema":{"@context":"https:\/\/schema.org","@graph":[{"@type":"Article","@id":"https:\/\/www.rassegnastampa-totustuus.it\/cattolica\/il-welfare-e-una-infrastruttura-dello-sviluppo-non-un-costo\/#article","isPartOf":{"@id":"https:\/\/www.rassegnastampa-totustuus.it\/cattolica\/il-welfare-e-una-infrastruttura-dello-sviluppo-non-un-costo\/"},"author":{"name":"Redazione","@id":"https:\/\/www.rassegnastampa-totustuus.it\/cattolica\/#\/schema\/person\/08f319d2bd1a0904ad9e2bfb7b15e5c3"},"headline":"Il Welfare \u00e8 una \u201cinfrastruttura dello sviluppo\u201d, non un costo","datePublished":"2021-06-23T22:00:15+00:00","dateModified":"2025-07-23T12:27:03+00:00","mainEntityOfPage":{"@id":"https:\/\/www.rassegnastampa-totustuus.it\/cattolica\/il-welfare-e-una-infrastruttura-dello-sviluppo-non-un-costo\/"},"wordCount":803,"publisher":{"@id":"https:\/\/www.rassegnastampa-totustuus.it\/cattolica\/#organization"},"image":{"@id":"https:\/\/www.rassegnastampa-totustuus.it\/cattolica\/il-welfare-e-una-infrastruttura-dello-sviluppo-non-un-costo\/#primaryimage"},"thumbnailUrl":"https:\/\/www.rassegnastampa-totustuus.it\/cattolica\/wp-content\/uploads\/2021\/06\/reddito_cittadinanza_welfare-1.jpg","keywords":["Economia","solidariet\u00e0","sviluppo"],"articleSection":["Dottrina sociale","Welfare"],"inLanguage":"it-IT"},{"@type":"WebPage","@id":"https:\/\/www.rassegnastampa-totustuus.it\/cattolica\/il-welfare-e-una-infrastruttura-dello-sviluppo-non-un-costo\/","url":"https:\/\/www.rassegnastampa-totustuus.it\/cattolica\/il-welfare-e-una-infrastruttura-dello-sviluppo-non-un-costo\/","name":"Il Welfare \u00e8 una \u201cinfrastruttura dello sviluppo\u201d, non un costo - Rassegna Stampa Cattolica","isPartOf":{"@id":"https:\/\/www.rassegnastampa-totustuus.it\/cattolica\/#website"},"primaryImageOfPage":{"@id":"https:\/\/www.rassegnastampa-totustuus.it\/cattolica\/il-welfare-e-una-infrastruttura-dello-sviluppo-non-un-costo\/#primaryimage"},"image":{"@id":"https:\/\/www.rassegnastampa-totustuus.it\/cattolica\/il-welfare-e-una-infrastruttura-dello-sviluppo-non-un-costo\/#primaryimage"},"thumbnailUrl":"https:\/\/www.rassegnastampa-totustuus.it\/cattolica\/wp-content\/uploads\/2021\/06\/reddito_cittadinanza_welfare-1.jpg","datePublished":"2021-06-23T22:00:15+00:00","dateModified":"2025-07-23T12:27:03+00:00","description":"Il Welfare \u00e8 una \u201cinfrastruttura dello sviluppo\u201d, non un costo. Combinare solidariet\u00e0 e sussidiariet\u00e0 potrebbe salvare lo \u201cStato sociale\u201d.","breadcrumb":{"@id":"https:\/\/www.rassegnastampa-totustuus.it\/cattolica\/il-welfare-e-una-infrastruttura-dello-sviluppo-non-un-costo\/#breadcrumb"},"inLanguage":"it-IT","potentialAction":[{"@type":"ReadAction","target":["https:\/\/www.rassegnastampa-totustuus.it\/cattolica\/il-welfare-e-una-infrastruttura-dello-sviluppo-non-un-costo\/"]}]},{"@type":"ImageObject","inLanguage":"it-IT","@id":"https:\/\/www.rassegnastampa-totustuus.it\/cattolica\/il-welfare-e-una-infrastruttura-dello-sviluppo-non-un-costo\/#primaryimage","url":"https:\/\/www.rassegnastampa-totustuus.it\/cattolica\/wp-content\/uploads\/2021\/06\/reddito_cittadinanza_welfare-1.jpg","contentUrl":"https:\/\/www.rassegnastampa-totustuus.it\/cattolica\/wp-content\/uploads\/2021\/06\/reddito_cittadinanza_welfare-1.jpg","width":1456,"height":820},{"@type":"BreadcrumbList","@id":"https:\/\/www.rassegnastampa-totustuus.it\/cattolica\/il-welfare-e-una-infrastruttura-dello-sviluppo-non-un-costo\/#breadcrumb","itemListElement":[{"@type":"ListItem","position":1,"name":"Home","item":"https:\/\/www.rassegnastampa-totustuus.it\/cattolica\/"},{"@type":"ListItem","position":2,"name":"Il Welfare \u00e8 una \u201cinfrastruttura dello sviluppo\u201d, non un costo"}]},{"@type":"WebSite","@id":"https:\/\/www.rassegnastampa-totustuus.it\/cattolica\/#website","url":"https:\/\/www.rassegnastampa-totustuus.it\/cattolica\/","name":"Rassegna Stampa Cattolica","description":"Per una cultura che nasce dalla Rivelazione cristiana in conformit\u00e0 alla tradizione e al Magistero della Chiesa in opposizione ad ogni relativismo e totalitarismo","publisher":{"@id":"https:\/\/www.rassegnastampa-totustuus.it\/cattolica\/#organization"},"alternateName":"Rass. Cattolica","potentialAction":[{"@type":"SearchAction","target":{"@type":"EntryPoint","urlTemplate":"https:\/\/www.rassegnastampa-totustuus.it\/cattolica\/?s={search_term_string}"},"query-input":{"@type":"PropertyValueSpecification","valueRequired":true,"valueName":"search_term_string"}}],"inLanguage":"it-IT"},{"@type":"Organization","@id":"https:\/\/www.rassegnastampa-totustuus.it\/cattolica\/#organization","name":"Rassegna Stampa Cattolica","url":"https:\/\/www.rassegnastampa-totustuus.it\/cattolica\/","logo":{"@type":"ImageObject","inLanguage":"it-IT","@id":"https:\/\/www.rassegnastampa-totustuus.it\/cattolica\/#\/schema\/logo\/image\/","url":"https:\/\/www.rassegnastampa-totustuus.it\/cattolica\/wp-content\/uploads\/2014\/04\/logo-rassegna1.gif","contentUrl":"https:\/\/www.rassegnastampa-totustuus.it\/cattolica\/wp-content\/uploads\/2014\/04\/logo-rassegna1.gif","width":600,"height":163,"caption":"Rassegna Stampa Cattolica"},"image":{"@id":"https:\/\/www.rassegnastampa-totustuus.it\/cattolica\/#\/schema\/logo\/image\/"},"sameAs":["https:\/\/www.facebook.com\/rassegnastampacattolica","https:\/\/x.com\/rassegnastampa9"]},{"@type":"Person","@id":"https:\/\/www.rassegnastampa-totustuus.it\/cattolica\/#\/schema\/person\/08f319d2bd1a0904ad9e2bfb7b15e5c3","name":"Redazione","image":{"@type":"ImageObject","inLanguage":"it-IT","@id":"https:\/\/secure.gravatar.com\/avatar\/2fcdf27c78ea025fbdb44e914cc63c72249ffec9dc8aafd5c82b26240ef3f346?s=96&d=mm&r=g","url":"https:\/\/secure.gravatar.com\/avatar\/2fcdf27c78ea025fbdb44e914cc63c72249ffec9dc8aafd5c82b26240ef3f346?s=96&d=mm&r=g","contentUrl":"https:\/\/secure.gravatar.com\/avatar\/2fcdf27c78ea025fbdb44e914cc63c72249ffec9dc8aafd5c82b26240ef3f346?s=96&d=mm&r=g","caption":"Redazione"},"url":"https:\/\/www.rassegnastampa-totustuus.it\/cattolica\/author\/pietroelle\/"}]}},"_links":{"self":[{"href":"https:\/\/www.rassegnastampa-totustuus.it\/cattolica\/wp-json\/wp\/v2\/posts\/51651","targetHints":{"allow":["GET"]}}],"collection":[{"href":"https:\/\/www.rassegnastampa-totustuus.it\/cattolica\/wp-json\/wp\/v2\/posts"}],"about":[{"href":"https:\/\/www.rassegnastampa-totustuus.it\/cattolica\/wp-json\/wp\/v2\/types\/post"}],"author":[{"embeddable":true,"href":"https:\/\/www.rassegnastampa-totustuus.it\/cattolica\/wp-json\/wp\/v2\/users\/6"}],"replies":[{"embeddable":true,"href":"https:\/\/www.rassegnastampa-totustuus.it\/cattolica\/wp-json\/wp\/v2\/comments?post=51651"}],"version-history":[{"count":3,"href":"https:\/\/www.rassegnastampa-totustuus.it\/cattolica\/wp-json\/wp\/v2\/posts\/51651\/revisions"}],"predecessor-version":[{"id":63544,"href":"https:\/\/www.rassegnastampa-totustuus.it\/cattolica\/wp-json\/wp\/v2\/posts\/51651\/revisions\/63544"}],"wp:featuredmedia":[{"embeddable":true,"href":"https:\/\/www.rassegnastampa-totustuus.it\/cattolica\/wp-json\/wp\/v2\/media\/51323"}],"wp:attachment":[{"href":"https:\/\/www.rassegnastampa-totustuus.it\/cattolica\/wp-json\/wp\/v2\/media?parent=51651"}],"wp:term":[{"taxonomy":"category","embeddable":true,"href":"https:\/\/www.rassegnastampa-totustuus.it\/cattolica\/wp-json\/wp\/v2\/categories?post=51651"},{"taxonomy":"post_tag","embeddable":true,"href":"https:\/\/www.rassegnastampa-totustuus.it\/cattolica\/wp-json\/wp\/v2\/tags?post=51651"}],"curies":[{"name":"wp","href":"https:\/\/api.w.org\/{rel}","templated":true}]}}