{"id":51583,"date":"2021-06-17T10:38:03","date_gmt":"2021-06-17T08:38:03","guid":{"rendered":"http:\/\/www.rassegnastampa-totustuus.it\/cattolica\/?p=51583"},"modified":"2025-07-23T15:02:14","modified_gmt":"2025-07-23T13:02:14","slug":"il-cattolico-omissivo-maestro-nel-sottrarsi","status":"publish","type":"post","link":"https:\/\/www.rassegnastampa-totustuus.it\/cattolica\/il-cattolico-omissivo-maestro-nel-sottrarsi\/","title":{"rendered":"Il cattolico omissivo, maestro nel sottrarsi"},"content":{"rendered":"\n<p class=\"has-text-align-center\"><span style=\"color: #000000;\"><a href=\"https:\/\/lanuovabq.it\/it\" target=\"_blank\" rel=\"noreferrer noopener\"><strong>La Nuova Bussola quotidiana<\/strong> <\/a><\/span> <span style=\"color: #000000;\">16 Giugno 2021 <\/span><\/p>\n\n\n\n<p><span style=\"color: #000000;\"><em>Il cattolico omissivo ha nel suo armamentario tre parole magiche &#8211; prudenza, opportunit\u00e0, momento &#8211; di cui si serve per sparire dal luogo dove \u00e8 attesa la sua testimonianza. L\u2019omissivo sa che l\u2019amica che vuole abortire o la coppia che pensa alla fecondazione artificiale sono in errore, ma non fa nulla. Fa melina con la propria coscienza. Nemmeno, per\u00f2, si deve cadere nel vizio opposto, perch\u00e9 a volte la vera prudenza esige di non fare e non parlare.<\/em> <\/span><\/p>\n\n\n\n<p class=\"has-text-align-center\"><span style=\"color: #000000;\">di <strong>Tommaso Scandroglio<\/strong> <\/span><\/p>\n\n\n<div class=\"wp-block-image\">\n<figure class=\"aligncenter size-large is-resized\"><a href=\"https:\/\/www.rassegnastampa-totustuus.it\/cattolica\/wp-content\/uploads\/2021\/06\/testa_sabbia_vigliacco-1.jpg\"><img loading=\"lazy\" decoding=\"async\" width=\"1024\" height=\"683\" src=\"https:\/\/www.rassegnastampa-totustuus.it\/cattolica\/wp-content\/uploads\/2021\/06\/testa_sabbia_vigliacco-1-1024x683.jpg\" alt=\"\" class=\"wp-image-51589\" style=\"width:470px;height:auto\" srcset=\"https:\/\/www.rassegnastampa-totustuus.it\/cattolica\/wp-content\/uploads\/2021\/06\/testa_sabbia_vigliacco-1-1024x683.jpg 1024w, https:\/\/www.rassegnastampa-totustuus.it\/cattolica\/wp-content\/uploads\/2021\/06\/testa_sabbia_vigliacco-1-300x200.jpg 300w, https:\/\/www.rassegnastampa-totustuus.it\/cattolica\/wp-content\/uploads\/2021\/06\/testa_sabbia_vigliacco-1-768x512.jpg 768w, https:\/\/www.rassegnastampa-totustuus.it\/cattolica\/wp-content\/uploads\/2021\/06\/testa_sabbia_vigliacco-1.jpg 1500w\" sizes=\"auto, (max-width: 1024px) 100vw, 1024px\" \/><\/a><\/figure><\/div>\n\n\n<!--more-->\n\n\n\n<p><span style=\"color: #000000;\">Qualche giorno fa ci siamo occupati del&nbsp;<\/span><span style=\"color: #0000ff;\"><a style=\"color: #0000ff;\" href=\"https:\/\/www.lanuovabq.it\/it\/il-cattolico-ombra-vittima-della-cultura-che-respiriamo\" target=\"_blank\" rel=\"noreferrer noopener\">cattolico ombra<\/a><\/span>. <span style=\"color: #000000;\">Oggi mettiamo sotto la lente di ingrandimento un altro inquilino che abita in casa cattolica. Ci riferiamo al cattolico omissivo. Innanzitutto \u00e8 da rilevare che il cattolico omissivo ha nel suo armentario tre parole magiche capaci di salvarlo in ogni occasione: prudenza, opportunit\u00e0, momento. <\/span><span style=\"color: #000000;\">Le quali parole in genere vengono cos\u00ec usate: \u00abci vuole prudenza\u00bb, \u00abnon \u00e8 opportuno\u00bb, \u00abal momento giusto\u00bb. <\/span><\/p>\n\n\n<div class=\"wp-block-image\">\n<figure class=\"aligncenter is-resized\"><img loading=\"lazy\" decoding=\"async\" width=\"300\" height=\"139\" src=\"https:\/\/www.rassegnastampa-totustuus.it\/cattolica\/wp-content\/uploads\/2021\/06\/amore_divorzio-300x139.jpg\" alt=\"\" class=\"wp-image-51585\" style=\"width:482px;height:auto\" srcset=\"https:\/\/www.rassegnastampa-totustuus.it\/cattolica\/wp-content\/uploads\/2021\/06\/amore_divorzio-300x139.jpg 300w, https:\/\/www.rassegnastampa-totustuus.it\/cattolica\/wp-content\/uploads\/2021\/06\/amore_divorzio.jpg 330w\" sizes=\"auto, (max-width: 300px) 100vw, 300px\" \/><\/figure><\/div>\n\n\n<p><span style=\"color: #000000;\">Termini magici che lo fanno sparire dal luogo dove \u00e8 attesa la sua testimonianza. Ad esempio: il cugino ha divorziato? Non \u00e8 opportuno ora andargli a parlare. L\u2019amica vuole abortire? Ci vuole prudenza, sono situazioni delicate. La coppia degli amici delle vacanze si \u00e8 messa in lista per la fecondazione artificiale? Al momento opportuno li chiamiamo, magari con il pretesto delle vacanze da programmare (e intanto saranno gi\u00e0 andati in clinica). <\/span><\/p>\n\n\n\n<p><span style=\"color: #000000;\">Il conoscente che gestisce il bar dove andiamo sempre vende cocktail a base di cannabis? Non mettiamolo in difficolt\u00e0 davanti ai clienti. <\/span><\/p>\n\n\n<div class=\"wp-block-image\">\n<figure class=\"aligncenter is-resized\"><img loading=\"lazy\" decoding=\"async\" width=\"257\" height=\"196\" src=\"https:\/\/www.rassegnastampa-totustuus.it\/cattolica\/wp-content\/uploads\/2009\/03\/cannabis.jpg\" alt=\"\" class=\"wp-image-31654\" style=\"width:485px;height:auto\"\/><\/figure><\/div>\n\n\n<p><span style=\"color: #000000;\"><strong>Che il lettore faccia bene attenzione<\/strong>. <\/span><span style=\"color: #000000;\">Il cattolico omissivo non dice: \u00abSe il cugino ha divorziato o l\u2019amica vuole abortire o gli amici desiderano un figlio in provetta o il conoscente vende derivati della cannabis sono fatti loro. Ognuno \u00e8 libero di fare le scelte che vuole\u00bb, anche se questo entra in rotta di collisione con quanto insegnato dalla Chiesa, aggiungiamo noi. <\/span><\/p>\n\n\n\n<p><span style=\"color: #000000;\">No, questo \u00e8 un altro tipo di cattolico di cui forse ci occuperemo in futuro. Il cattolico omissivo sa che il cugino, l\u2019amica, i compagni di vacanze e il conoscente hanno sbagliato e dunque non rimane invischiato in un contraddittorio pluralismo dottrinale, per\u00f2 &#8211; ed \u00e8 questo il problema &#8211; non fa nulla. Decide di non decidere. Promettendo agli altri che prima o poi scender\u00e0 in campo, sa bene che non lo far\u00e0 mai. Fa melina con la propria coscienza, procrastina all\u2019infinito sperando che la situazione diventi cos\u00ec compromessa che&nbsp;<em>de facto<\/em>&nbsp;andr\u00e0 in prescrizione. <\/span><\/p>\n\n\n\n<p><span style=\"color: #000000;\">E cos\u00ec il tempo diventer\u00e0 suo alleato e si trover\u00e0 ad ammettere: \u00abMa cosa vuoi che vada a dire a mio cugino dopo anni che ha divorziato? L\u2019aborto ormai c\u2019\u00e8 stato, non andiamo a riaccendere un dolore antico. Il figlio in provetta ha gi\u00e0 tre anni, mi pare fuori luogo ora mettere in stato di accusa i nostri amici. Quel cocktail spinelloso \u00e8 in carta da tempo immemore, se gli faccio un appunto lui mi potr\u00e0 rispondere: \u201cPerch\u00e9 non me lo hai detto prima?\u201d\u00bb. <\/span><\/p>\n\n\n<div class=\"wp-block-image\">\n<figure class=\"aligncenter is-resized\"><img loading=\"lazy\" decoding=\"async\" width=\"300\" height=\"147\" src=\"https:\/\/www.rassegnastampa-totustuus.it\/cattolica\/wp-content\/uploads\/2021\/06\/tempo_impegno-300x147.jpg\" alt=\"\" class=\"wp-image-51586\" style=\"width:500px;height:auto\" srcset=\"https:\/\/www.rassegnastampa-totustuus.it\/cattolica\/wp-content\/uploads\/2021\/06\/tempo_impegno-300x147.jpg 300w, https:\/\/www.rassegnastampa-totustuus.it\/cattolica\/wp-content\/uploads\/2021\/06\/tempo_impegno.jpg 321w\" sizes=\"auto, (max-width: 300px) 100vw, 300px\" \/><\/figure><\/div>\n\n\n<p><span style=\"color: #000000;\"><strong>Dunque il cattolico omissivo \u00e8 maestro nell\u2019indietreggiare<\/strong>, nel temporeggiare, nel sottrarsi. L\u2019astensione \u00e8 il suo credo, il suo apostolato e la sua arma pastorale preferita. Lo spazio vuoto \u00e8 la sua identit\u00e0. Preferisce la sottrazione delle occasioni all\u2019addizione e alla moltiplicazione delle stesse, trovandosi in grave difficolt\u00e0 allorquando deve fornire una esegesi convincente del seguente passo paolino: \u00abInsisti in ogni occasione opportuna e non opportuna\u00bb. <\/span><\/p>\n\n\n\n<p><span style=\"color: #000000;\"><strong>Altro suo grande alleato<\/strong>, oltre al tempo, in questa strategia rinunciataria sono gli effetti collaterali. Il soggetto credente omissivo non entra in azione perch\u00e9 se lo facesse: 1) metterebbe in imbarazzo le persone, quando invece \u00e8 lui a sentirsi in imbarazzo a dire una parola giusta in pi\u00f9; 2) urterebbe la loro sensibilit\u00e0, quando invece la loro sensibilit\u00e0 ha la peculiarit\u00e0 di essere insensibile al vero; 3) i rapporti di amicizia si romperebbero, quando invece l\u2019amicizia esigerebbe ogni tanto una parola franca per essere rinsaldata; 4) si darebbe una immagine falsa di s\u00e9 e della Chiesa, quando invece la parola adatta aiuterebbe a cancellare l\u2019immagine di un popolo di credenti assai insipidi. <\/span><\/p>\n\n\n<div class=\"wp-block-image\">\n<figure class=\"aligncenter is-resized\"><img loading=\"lazy\" decoding=\"async\" width=\"184\" height=\"273\" src=\"https:\/\/www.rassegnastampa-totustuus.it\/cattolica\/wp-content\/uploads\/2021\/06\/vergogna_chiesa.jpg\" alt=\"\" class=\"wp-image-51587\" style=\"width:234px;height:auto\"\/><\/figure><\/div>\n\n\n<p><span style=\"color: #000000;\">In breve il cattolico omissivo si vende come fine stratega che aspetta il momento pi\u00f9 propizio per ghermire la preda, che sa conciliare fedelt\u00e0 al Vangelo e carit\u00e0, chiarezza di idee e misericordia. Non \u00e8 un grezzo cattotalebano che si espone sempre e a sproposito, ma sa fiutare il vento (dello Spirito). Tace, conscio che il suo silenzio \u00e8 eloquente. <\/span><\/p>\n\n\n\n<p><span style=\"color: #000000;\"><strong>Detto ci\u00f2, attenzione a non cadere nel vizio opposto<\/strong>. A volte la virt\u00f9 della prudenza &#8211; che non \u00e8 invece il vizio della codardia appena descritto &#8211; esige di non fare e di non parlare (San Paolo ci comanda di insistere nei momenti opportuni, cio\u00e8 favorevoli, e non opportuni, ossia neutri, ma non comanda di insistere nei momenti inopportuni, ossia sfavorevoli, quindi dannosi). <\/span><\/p>\n\n\n\n<p><span style=\"color: #000000;\"><strong>A volte \u00e8 bene omettere un\u2019azione astrattamente buona per un bene maggiore<\/strong> che pu\u00f2 voler dire: evitare che gli effetti negativi delle nostre azioni superino quelli positivi. Ges\u00f9 docet quando parl\u00f2 della zizzania. <\/span><\/p>\n\n\n<div class=\"wp-block-image\">\n<figure class=\"aligncenter is-resized\"><img loading=\"lazy\" decoding=\"async\" width=\"300\" height=\"225\" src=\"https:\/\/www.rassegnastampa-totustuus.it\/cattolica\/wp-content\/uploads\/2020\/11\/gay_bandiera_gender-300x225.jpg\" alt=\"\" class=\"wp-image-49312\" style=\"width:512px;height:auto\" srcset=\"https:\/\/www.rassegnastampa-totustuus.it\/cattolica\/wp-content\/uploads\/2020\/11\/gay_bandiera_gender-300x225.jpg 300w, https:\/\/www.rassegnastampa-totustuus.it\/cattolica\/wp-content\/uploads\/2020\/11\/gay_bandiera_gender-768x576.jpg 768w, https:\/\/www.rassegnastampa-totustuus.it\/cattolica\/wp-content\/uploads\/2020\/11\/gay_bandiera_gender-1024x768.jpg 1024w, https:\/\/www.rassegnastampa-totustuus.it\/cattolica\/wp-content\/uploads\/2020\/11\/gay_bandiera_gender.jpg 1280w\" sizes=\"auto, (max-width: 300px) 100vw, 300px\" \/><\/figure><\/div>\n\n\n<p><span style=\"color: #000000;\"><strong>Un esempio tratto da una vicenda accaduta realmente<\/strong>. Un gruppo di docenti cattolici di un ateneo italiano assai importante erano arcistufi di tutta una serie di iniziative arcobaleno che si svolgevano in universit\u00e0 con la benedizione dei vertici accademici. C\u2019era chi aveva proposto di scendere in piazza, di protestare, di scrivere al rettore e ai giornali. Prevalse un\u2019altra linea e fecero bene: prevalse la strategia del non fare nulla. Per quale motivo? Perch\u00e9 i docenti cattolici erano quattro gatti. <\/span><\/p>\n\n\n\n<p><span style=\"color: #000000;\">Le lobby Lgbt dell\u2019ateneo e soprattutto quelle fuori di esso, ben pi\u00f9 potenti e numerose, avrebbero avuto facilmente la testa di ciascuno servita su un piatto d\u2019argento, li avrebbero seppelliti sotto cumuli di critiche. Sarebbero stati dipinti senza appello come omofobi, intolleranti, non inclusivi, retrivi e tutta la solita litania di insulti made in Gayland. Insomma sarebbe stato da stupidi uscire dalla barricata e gridare a un centinaio di cecchini: \u00abVi ammazzo tutti!\u00bb. <\/span><\/p>\n\n\n\n<p><span style=\"color: #000000;\">Quel poco di bene che avevano seminato e, soprattutto, che avrebbero potuto seminare in futuro tra gli studenti sarebbe scomparso. Un docente professionalmente e mediaticamente \u00abmorto\u00bb non serve pi\u00f9 a nessuno. Esempi simili si possono moltiplicare all\u2019infinito. <\/span><\/p>\n\n\n<div class=\"wp-block-image\">\n<figure class=\"aligncenter is-resized\"><img loading=\"lazy\" decoding=\"async\" width=\"245\" height=\"206\" src=\"https:\/\/www.rassegnastampa-totustuus.it\/cattolica\/wp-content\/uploads\/2021\/06\/testa_sabbia_vigliacco.jpg\" alt=\"\" class=\"wp-image-51588\" style=\"width:511px;height:auto\"\/><\/figure><\/div>\n\n\n<p><span style=\"color: #000000;\"><strong>Il cattolico omissivo \u00e8 in genere ben istruito su queste casistiche<\/strong>&nbsp;e le usa per celare le proprie timidezze, le proprie vigliaccherie, le proprie pavidit\u00e0. Insomma usa il paravento della prudenza per mandare avanti gli altri e dire di aspettare il momento opportuno. Ma &#8211; ed \u00e8 qui che sta il problema &#8211; il momento opportuno non arriva mai: perch\u00e9 siamo sotto le feste, perch\u00e9 le feste sono appena finite, perch\u00e9 i figli hanno ripreso la scuola, perch\u00e9 hanno appena finito la scuola, perch\u00e9 Tizio non \u00e8 dell\u2019umore adatto per parlarci o perch\u00e9 \u00e8 in lutto, gli \u00e8 nata la figlia, si \u00e8 appena sposato, ha perso il lavoro, ne ha trovato uno nuovo, ha fatto trasloco. <\/span><\/p>\n\n\n\n<p><span style=\"color: #000000;\">E alla fine, dopo mille treni che sono passati dalla sua stazione, il cattolico omissivo, con un certo sollievo per aver scampato il pericolo, allargher\u00e0 triste le braccia e sospirando ammetter\u00e0: \u00ab\u00c8 troppo tardi\u00bb. Insomma, avrebbe voluto, ma le circostanze gli hanno remato contro. Tante buone intenzioni quante occasioni perse. <\/span><\/p>\n\n\n\n<p><span style=\"color: #000000;\"><strong>Ma se il bene si pu\u00f2 omettere, al giudizio finale non si pu\u00f2 scampare<\/strong>. A questo proposito giova ricordare che il cattolico omissivo si ciba della tiepidezza e \u00abpoich\u00e9 sei tiepido, non sei cio\u00e8 n\u00e9 freddo n\u00e9 caldo, sto per vomitarti dalla mia bocca\u00bb.<\/span><\/p>\n","protected":false},"excerpt":{"rendered":"<p>La Nuova Bussola quotidiana 16 Giugno 2021 Il cattolico omissivo ha nel suo armamentario tre parole magiche &#8211; prudenza, opportunit\u00e0, momento &#8211; di cui si serve per sparire dal luogo dove \u00e8 attesa la sua testimonianza. L\u2019omissivo sa che l\u2019amica che vuole abortire o la coppia che pensa alla fecondazione artificiale sono in errore, ma &hellip; <\/p>\n<p><a class=\"more-link btn\" href=\"https:\/\/www.rassegnastampa-totustuus.it\/cattolica\/il-cattolico-omissivo-maestro-nel-sottrarsi\/\">Continua a leggere<\/a><\/p>\n","protected":false},"author":6,"featured_media":51589,"comment_status":"closed","ping_status":"closed","sticky":false,"template":"","format":"standard","meta":{"footnotes":""},"categories":[5],"tags":[1599],"class_list":["post-51583","post","type-post","status-publish","format-standard","has-post-thumbnail","hentry","category-chiesa","tag-cattolici","item-wrap"],"yoast_head":"<!-- This site is optimized with the Yoast SEO plugin v27.5 - https:\/\/yoast.com\/product\/yoast-seo-wordpress\/ -->\n<title>Il cattolico omissivo, maestro nel sottrarsi - Rassegna Stampa Cattolica<\/title>\n<meta name=\"description\" content=\"Il cattolico omissivo, maestro nel sottrarsi con prudenza, opportunit\u00e0, momento dalla sua attesa e opportuna testimonianza.\" \/>\n<meta name=\"robots\" content=\"index, follow, max-snippet:-1, max-image-preview:large, max-video-preview:-1\" \/>\n<link rel=\"canonical\" href=\"https:\/\/www.rassegnastampa-totustuus.it\/cattolica\/il-cattolico-omissivo-maestro-nel-sottrarsi\/\" \/>\n<meta property=\"og:locale\" content=\"it_IT\" \/>\n<meta property=\"og:type\" content=\"article\" \/>\n<meta property=\"og:title\" content=\"Il cattolico omissivo, maestro nel sottrarsi - Rassegna Stampa Cattolica\" \/>\n<meta property=\"og:description\" content=\"Il cattolico omissivo, maestro nel sottrarsi con prudenza, opportunit\u00e0, momento dalla sua attesa e opportuna testimonianza.\" \/>\n<meta property=\"og:url\" content=\"https:\/\/www.rassegnastampa-totustuus.it\/cattolica\/il-cattolico-omissivo-maestro-nel-sottrarsi\/\" \/>\n<meta property=\"og:site_name\" content=\"Rassegna Stampa Cattolica\" \/>\n<meta property=\"article:publisher\" content=\"https:\/\/www.facebook.com\/rassegnastampacattolica\" \/>\n<meta property=\"article:published_time\" content=\"2021-06-17T08:38:03+00:00\" \/>\n<meta property=\"article:modified_time\" content=\"2025-07-23T13:02:14+00:00\" \/>\n<meta property=\"og:image\" content=\"https:\/\/www.rassegnastampa-totustuus.it\/cattolica\/wp-content\/uploads\/2021\/06\/testa_sabbia_vigliacco-1.jpg\" \/>\n\t<meta property=\"og:image:width\" content=\"1500\" \/>\n\t<meta property=\"og:image:height\" content=\"1000\" \/>\n\t<meta property=\"og:image:type\" content=\"image\/jpeg\" \/>\n<meta name=\"author\" content=\"Redazione\" \/>\n<meta name=\"twitter:card\" content=\"summary_large_image\" \/>\n<meta name=\"twitter:creator\" content=\"@rassegnastampa9\" \/>\n<meta name=\"twitter:site\" content=\"@rassegnastampa9\" \/>\n<meta name=\"twitter:label1\" content=\"Scritto da\" \/>\n\t<meta name=\"twitter:data1\" content=\"Redazione\" \/>\n\t<meta name=\"twitter:label2\" content=\"Tempo di lettura stimato\" \/>\n\t<meta name=\"twitter:data2\" content=\"9 minuti\" \/>\n<script type=\"application\/ld+json\" class=\"yoast-schema-graph\">{\"@context\":\"https:\\\/\\\/schema.org\",\"@graph\":[{\"@type\":\"Article\",\"@id\":\"https:\\\/\\\/www.rassegnastampa-totustuus.it\\\/cattolica\\\/il-cattolico-omissivo-maestro-nel-sottrarsi\\\/#article\",\"isPartOf\":{\"@id\":\"https:\\\/\\\/www.rassegnastampa-totustuus.it\\\/cattolica\\\/il-cattolico-omissivo-maestro-nel-sottrarsi\\\/\"},\"author\":{\"name\":\"Redazione\",\"@id\":\"https:\\\/\\\/www.rassegnastampa-totustuus.it\\\/cattolica\\\/#\\\/schema\\\/person\\\/08f319d2bd1a0904ad9e2bfb7b15e5c3\"},\"headline\":\"Il cattolico omissivo, maestro nel sottrarsi\",\"datePublished\":\"2021-06-17T08:38:03+00:00\",\"dateModified\":\"2025-07-23T13:02:14+00:00\",\"mainEntityOfPage\":{\"@id\":\"https:\\\/\\\/www.rassegnastampa-totustuus.it\\\/cattolica\\\/il-cattolico-omissivo-maestro-nel-sottrarsi\\\/\"},\"wordCount\":1223,\"publisher\":{\"@id\":\"https:\\\/\\\/www.rassegnastampa-totustuus.it\\\/cattolica\\\/#organization\"},\"image\":{\"@id\":\"https:\\\/\\\/www.rassegnastampa-totustuus.it\\\/cattolica\\\/il-cattolico-omissivo-maestro-nel-sottrarsi\\\/#primaryimage\"},\"thumbnailUrl\":\"https:\\\/\\\/www.rassegnastampa-totustuus.it\\\/cattolica\\\/wp-content\\\/uploads\\\/2021\\\/06\\\/testa_sabbia_vigliacco-1.jpg\",\"keywords\":[\"cattolici\"],\"articleSection\":[\"Chiesa\"],\"inLanguage\":\"it-IT\"},{\"@type\":\"WebPage\",\"@id\":\"https:\\\/\\\/www.rassegnastampa-totustuus.it\\\/cattolica\\\/il-cattolico-omissivo-maestro-nel-sottrarsi\\\/\",\"url\":\"https:\\\/\\\/www.rassegnastampa-totustuus.it\\\/cattolica\\\/il-cattolico-omissivo-maestro-nel-sottrarsi\\\/\",\"name\":\"Il cattolico omissivo, maestro nel sottrarsi - Rassegna Stampa Cattolica\",\"isPartOf\":{\"@id\":\"https:\\\/\\\/www.rassegnastampa-totustuus.it\\\/cattolica\\\/#website\"},\"primaryImageOfPage\":{\"@id\":\"https:\\\/\\\/www.rassegnastampa-totustuus.it\\\/cattolica\\\/il-cattolico-omissivo-maestro-nel-sottrarsi\\\/#primaryimage\"},\"image\":{\"@id\":\"https:\\\/\\\/www.rassegnastampa-totustuus.it\\\/cattolica\\\/il-cattolico-omissivo-maestro-nel-sottrarsi\\\/#primaryimage\"},\"thumbnailUrl\":\"https:\\\/\\\/www.rassegnastampa-totustuus.it\\\/cattolica\\\/wp-content\\\/uploads\\\/2021\\\/06\\\/testa_sabbia_vigliacco-1.jpg\",\"datePublished\":\"2021-06-17T08:38:03+00:00\",\"dateModified\":\"2025-07-23T13:02:14+00:00\",\"description\":\"Il cattolico omissivo, maestro nel sottrarsi con prudenza, opportunit\u00e0, momento dalla sua attesa e opportuna testimonianza.\",\"breadcrumb\":{\"@id\":\"https:\\\/\\\/www.rassegnastampa-totustuus.it\\\/cattolica\\\/il-cattolico-omissivo-maestro-nel-sottrarsi\\\/#breadcrumb\"},\"inLanguage\":\"it-IT\",\"potentialAction\":[{\"@type\":\"ReadAction\",\"target\":[\"https:\\\/\\\/www.rassegnastampa-totustuus.it\\\/cattolica\\\/il-cattolico-omissivo-maestro-nel-sottrarsi\\\/\"]}]},{\"@type\":\"ImageObject\",\"inLanguage\":\"it-IT\",\"@id\":\"https:\\\/\\\/www.rassegnastampa-totustuus.it\\\/cattolica\\\/il-cattolico-omissivo-maestro-nel-sottrarsi\\\/#primaryimage\",\"url\":\"https:\\\/\\\/www.rassegnastampa-totustuus.it\\\/cattolica\\\/wp-content\\\/uploads\\\/2021\\\/06\\\/testa_sabbia_vigliacco-1.jpg\",\"contentUrl\":\"https:\\\/\\\/www.rassegnastampa-totustuus.it\\\/cattolica\\\/wp-content\\\/uploads\\\/2021\\\/06\\\/testa_sabbia_vigliacco-1.jpg\",\"width\":1500,\"height\":1000},{\"@type\":\"BreadcrumbList\",\"@id\":\"https:\\\/\\\/www.rassegnastampa-totustuus.it\\\/cattolica\\\/il-cattolico-omissivo-maestro-nel-sottrarsi\\\/#breadcrumb\",\"itemListElement\":[{\"@type\":\"ListItem\",\"position\":1,\"name\":\"Home\",\"item\":\"https:\\\/\\\/www.rassegnastampa-totustuus.it\\\/cattolica\\\/\"},{\"@type\":\"ListItem\",\"position\":2,\"name\":\"Il cattolico omissivo, maestro nel sottrarsi\"}]},{\"@type\":\"WebSite\",\"@id\":\"https:\\\/\\\/www.rassegnastampa-totustuus.it\\\/cattolica\\\/#website\",\"url\":\"https:\\\/\\\/www.rassegnastampa-totustuus.it\\\/cattolica\\\/\",\"name\":\"Rassegna Stampa Cattolica\",\"description\":\"Per una cultura che nasce dalla Rivelazione cristiana in conformit\u00e0 alla tradizione e al Magistero della Chiesa in opposizione ad ogni relativismo e totalitarismo\",\"publisher\":{\"@id\":\"https:\\\/\\\/www.rassegnastampa-totustuus.it\\\/cattolica\\\/#organization\"},\"alternateName\":\"Rass. Cattolica\",\"potentialAction\":[{\"@type\":\"SearchAction\",\"target\":{\"@type\":\"EntryPoint\",\"urlTemplate\":\"https:\\\/\\\/www.rassegnastampa-totustuus.it\\\/cattolica\\\/?s={search_term_string}\"},\"query-input\":{\"@type\":\"PropertyValueSpecification\",\"valueRequired\":true,\"valueName\":\"search_term_string\"}}],\"inLanguage\":\"it-IT\"},{\"@type\":\"Organization\",\"@id\":\"https:\\\/\\\/www.rassegnastampa-totustuus.it\\\/cattolica\\\/#organization\",\"name\":\"Rassegna Stampa Cattolica\",\"url\":\"https:\\\/\\\/www.rassegnastampa-totustuus.it\\\/cattolica\\\/\",\"logo\":{\"@type\":\"ImageObject\",\"inLanguage\":\"it-IT\",\"@id\":\"https:\\\/\\\/www.rassegnastampa-totustuus.it\\\/cattolica\\\/#\\\/schema\\\/logo\\\/image\\\/\",\"url\":\"https:\\\/\\\/www.rassegnastampa-totustuus.it\\\/cattolica\\\/wp-content\\\/uploads\\\/2014\\\/04\\\/logo-rassegna1.gif\",\"contentUrl\":\"https:\\\/\\\/www.rassegnastampa-totustuus.it\\\/cattolica\\\/wp-content\\\/uploads\\\/2014\\\/04\\\/logo-rassegna1.gif\",\"width\":600,\"height\":163,\"caption\":\"Rassegna Stampa Cattolica\"},\"image\":{\"@id\":\"https:\\\/\\\/www.rassegnastampa-totustuus.it\\\/cattolica\\\/#\\\/schema\\\/logo\\\/image\\\/\"},\"sameAs\":[\"https:\\\/\\\/www.facebook.com\\\/rassegnastampacattolica\",\"https:\\\/\\\/x.com\\\/rassegnastampa9\"]},{\"@type\":\"Person\",\"@id\":\"https:\\\/\\\/www.rassegnastampa-totustuus.it\\\/cattolica\\\/#\\\/schema\\\/person\\\/08f319d2bd1a0904ad9e2bfb7b15e5c3\",\"name\":\"Redazione\",\"image\":{\"@type\":\"ImageObject\",\"inLanguage\":\"it-IT\",\"@id\":\"https:\\\/\\\/secure.gravatar.com\\\/avatar\\\/2fcdf27c78ea025fbdb44e914cc63c72249ffec9dc8aafd5c82b26240ef3f346?s=96&d=mm&r=g\",\"url\":\"https:\\\/\\\/secure.gravatar.com\\\/avatar\\\/2fcdf27c78ea025fbdb44e914cc63c72249ffec9dc8aafd5c82b26240ef3f346?s=96&d=mm&r=g\",\"contentUrl\":\"https:\\\/\\\/secure.gravatar.com\\\/avatar\\\/2fcdf27c78ea025fbdb44e914cc63c72249ffec9dc8aafd5c82b26240ef3f346?s=96&d=mm&r=g\",\"caption\":\"Redazione\"},\"url\":\"https:\\\/\\\/www.rassegnastampa-totustuus.it\\\/cattolica\\\/author\\\/pietroelle\\\/\"}]}<\/script>\n<!-- \/ Yoast SEO plugin. -->","yoast_head_json":{"title":"Il cattolico omissivo, maestro nel sottrarsi - Rassegna Stampa Cattolica","description":"Il cattolico omissivo, maestro nel sottrarsi con prudenza, opportunit\u00e0, momento dalla sua attesa e opportuna testimonianza.","robots":{"index":"index","follow":"follow","max-snippet":"max-snippet:-1","max-image-preview":"max-image-preview:large","max-video-preview":"max-video-preview:-1"},"canonical":"https:\/\/www.rassegnastampa-totustuus.it\/cattolica\/il-cattolico-omissivo-maestro-nel-sottrarsi\/","og_locale":"it_IT","og_type":"article","og_title":"Il cattolico omissivo, maestro nel sottrarsi - Rassegna Stampa Cattolica","og_description":"Il cattolico omissivo, maestro nel sottrarsi con prudenza, opportunit\u00e0, momento dalla sua attesa e opportuna testimonianza.","og_url":"https:\/\/www.rassegnastampa-totustuus.it\/cattolica\/il-cattolico-omissivo-maestro-nel-sottrarsi\/","og_site_name":"Rassegna Stampa Cattolica","article_publisher":"https:\/\/www.facebook.com\/rassegnastampacattolica","article_published_time":"2021-06-17T08:38:03+00:00","article_modified_time":"2025-07-23T13:02:14+00:00","og_image":[{"width":1500,"height":1000,"url":"https:\/\/www.rassegnastampa-totustuus.it\/cattolica\/wp-content\/uploads\/2021\/06\/testa_sabbia_vigliacco-1.jpg","type":"image\/jpeg"}],"author":"Redazione","twitter_card":"summary_large_image","twitter_creator":"@rassegnastampa9","twitter_site":"@rassegnastampa9","twitter_misc":{"Scritto da":"Redazione","Tempo di lettura stimato":"9 minuti"},"schema":{"@context":"https:\/\/schema.org","@graph":[{"@type":"Article","@id":"https:\/\/www.rassegnastampa-totustuus.it\/cattolica\/il-cattolico-omissivo-maestro-nel-sottrarsi\/#article","isPartOf":{"@id":"https:\/\/www.rassegnastampa-totustuus.it\/cattolica\/il-cattolico-omissivo-maestro-nel-sottrarsi\/"},"author":{"name":"Redazione","@id":"https:\/\/www.rassegnastampa-totustuus.it\/cattolica\/#\/schema\/person\/08f319d2bd1a0904ad9e2bfb7b15e5c3"},"headline":"Il cattolico omissivo, maestro nel sottrarsi","datePublished":"2021-06-17T08:38:03+00:00","dateModified":"2025-07-23T13:02:14+00:00","mainEntityOfPage":{"@id":"https:\/\/www.rassegnastampa-totustuus.it\/cattolica\/il-cattolico-omissivo-maestro-nel-sottrarsi\/"},"wordCount":1223,"publisher":{"@id":"https:\/\/www.rassegnastampa-totustuus.it\/cattolica\/#organization"},"image":{"@id":"https:\/\/www.rassegnastampa-totustuus.it\/cattolica\/il-cattolico-omissivo-maestro-nel-sottrarsi\/#primaryimage"},"thumbnailUrl":"https:\/\/www.rassegnastampa-totustuus.it\/cattolica\/wp-content\/uploads\/2021\/06\/testa_sabbia_vigliacco-1.jpg","keywords":["cattolici"],"articleSection":["Chiesa"],"inLanguage":"it-IT"},{"@type":"WebPage","@id":"https:\/\/www.rassegnastampa-totustuus.it\/cattolica\/il-cattolico-omissivo-maestro-nel-sottrarsi\/","url":"https:\/\/www.rassegnastampa-totustuus.it\/cattolica\/il-cattolico-omissivo-maestro-nel-sottrarsi\/","name":"Il cattolico omissivo, maestro nel sottrarsi - Rassegna Stampa Cattolica","isPartOf":{"@id":"https:\/\/www.rassegnastampa-totustuus.it\/cattolica\/#website"},"primaryImageOfPage":{"@id":"https:\/\/www.rassegnastampa-totustuus.it\/cattolica\/il-cattolico-omissivo-maestro-nel-sottrarsi\/#primaryimage"},"image":{"@id":"https:\/\/www.rassegnastampa-totustuus.it\/cattolica\/il-cattolico-omissivo-maestro-nel-sottrarsi\/#primaryimage"},"thumbnailUrl":"https:\/\/www.rassegnastampa-totustuus.it\/cattolica\/wp-content\/uploads\/2021\/06\/testa_sabbia_vigliacco-1.jpg","datePublished":"2021-06-17T08:38:03+00:00","dateModified":"2025-07-23T13:02:14+00:00","description":"Il cattolico omissivo, maestro nel sottrarsi con prudenza, opportunit\u00e0, momento dalla sua attesa e opportuna testimonianza.","breadcrumb":{"@id":"https:\/\/www.rassegnastampa-totustuus.it\/cattolica\/il-cattolico-omissivo-maestro-nel-sottrarsi\/#breadcrumb"},"inLanguage":"it-IT","potentialAction":[{"@type":"ReadAction","target":["https:\/\/www.rassegnastampa-totustuus.it\/cattolica\/il-cattolico-omissivo-maestro-nel-sottrarsi\/"]}]},{"@type":"ImageObject","inLanguage":"it-IT","@id":"https:\/\/www.rassegnastampa-totustuus.it\/cattolica\/il-cattolico-omissivo-maestro-nel-sottrarsi\/#primaryimage","url":"https:\/\/www.rassegnastampa-totustuus.it\/cattolica\/wp-content\/uploads\/2021\/06\/testa_sabbia_vigliacco-1.jpg","contentUrl":"https:\/\/www.rassegnastampa-totustuus.it\/cattolica\/wp-content\/uploads\/2021\/06\/testa_sabbia_vigliacco-1.jpg","width":1500,"height":1000},{"@type":"BreadcrumbList","@id":"https:\/\/www.rassegnastampa-totustuus.it\/cattolica\/il-cattolico-omissivo-maestro-nel-sottrarsi\/#breadcrumb","itemListElement":[{"@type":"ListItem","position":1,"name":"Home","item":"https:\/\/www.rassegnastampa-totustuus.it\/cattolica\/"},{"@type":"ListItem","position":2,"name":"Il cattolico omissivo, maestro nel sottrarsi"}]},{"@type":"WebSite","@id":"https:\/\/www.rassegnastampa-totustuus.it\/cattolica\/#website","url":"https:\/\/www.rassegnastampa-totustuus.it\/cattolica\/","name":"Rassegna Stampa Cattolica","description":"Per una cultura che nasce dalla Rivelazione cristiana in conformit\u00e0 alla tradizione e al Magistero della Chiesa in opposizione ad ogni relativismo e totalitarismo","publisher":{"@id":"https:\/\/www.rassegnastampa-totustuus.it\/cattolica\/#organization"},"alternateName":"Rass. Cattolica","potentialAction":[{"@type":"SearchAction","target":{"@type":"EntryPoint","urlTemplate":"https:\/\/www.rassegnastampa-totustuus.it\/cattolica\/?s={search_term_string}"},"query-input":{"@type":"PropertyValueSpecification","valueRequired":true,"valueName":"search_term_string"}}],"inLanguage":"it-IT"},{"@type":"Organization","@id":"https:\/\/www.rassegnastampa-totustuus.it\/cattolica\/#organization","name":"Rassegna Stampa Cattolica","url":"https:\/\/www.rassegnastampa-totustuus.it\/cattolica\/","logo":{"@type":"ImageObject","inLanguage":"it-IT","@id":"https:\/\/www.rassegnastampa-totustuus.it\/cattolica\/#\/schema\/logo\/image\/","url":"https:\/\/www.rassegnastampa-totustuus.it\/cattolica\/wp-content\/uploads\/2014\/04\/logo-rassegna1.gif","contentUrl":"https:\/\/www.rassegnastampa-totustuus.it\/cattolica\/wp-content\/uploads\/2014\/04\/logo-rassegna1.gif","width":600,"height":163,"caption":"Rassegna Stampa Cattolica"},"image":{"@id":"https:\/\/www.rassegnastampa-totustuus.it\/cattolica\/#\/schema\/logo\/image\/"},"sameAs":["https:\/\/www.facebook.com\/rassegnastampacattolica","https:\/\/x.com\/rassegnastampa9"]},{"@type":"Person","@id":"https:\/\/www.rassegnastampa-totustuus.it\/cattolica\/#\/schema\/person\/08f319d2bd1a0904ad9e2bfb7b15e5c3","name":"Redazione","image":{"@type":"ImageObject","inLanguage":"it-IT","@id":"https:\/\/secure.gravatar.com\/avatar\/2fcdf27c78ea025fbdb44e914cc63c72249ffec9dc8aafd5c82b26240ef3f346?s=96&d=mm&r=g","url":"https:\/\/secure.gravatar.com\/avatar\/2fcdf27c78ea025fbdb44e914cc63c72249ffec9dc8aafd5c82b26240ef3f346?s=96&d=mm&r=g","contentUrl":"https:\/\/secure.gravatar.com\/avatar\/2fcdf27c78ea025fbdb44e914cc63c72249ffec9dc8aafd5c82b26240ef3f346?s=96&d=mm&r=g","caption":"Redazione"},"url":"https:\/\/www.rassegnastampa-totustuus.it\/cattolica\/author\/pietroelle\/"}]}},"_links":{"self":[{"href":"https:\/\/www.rassegnastampa-totustuus.it\/cattolica\/wp-json\/wp\/v2\/posts\/51583","targetHints":{"allow":["GET"]}}],"collection":[{"href":"https:\/\/www.rassegnastampa-totustuus.it\/cattolica\/wp-json\/wp\/v2\/posts"}],"about":[{"href":"https:\/\/www.rassegnastampa-totustuus.it\/cattolica\/wp-json\/wp\/v2\/types\/post"}],"author":[{"embeddable":true,"href":"https:\/\/www.rassegnastampa-totustuus.it\/cattolica\/wp-json\/wp\/v2\/users\/6"}],"replies":[{"embeddable":true,"href":"https:\/\/www.rassegnastampa-totustuus.it\/cattolica\/wp-json\/wp\/v2\/comments?post=51583"}],"version-history":[{"count":2,"href":"https:\/\/www.rassegnastampa-totustuus.it\/cattolica\/wp-json\/wp\/v2\/posts\/51583\/revisions"}],"predecessor-version":[{"id":63550,"href":"https:\/\/www.rassegnastampa-totustuus.it\/cattolica\/wp-json\/wp\/v2\/posts\/51583\/revisions\/63550"}],"wp:featuredmedia":[{"embeddable":true,"href":"https:\/\/www.rassegnastampa-totustuus.it\/cattolica\/wp-json\/wp\/v2\/media\/51589"}],"wp:attachment":[{"href":"https:\/\/www.rassegnastampa-totustuus.it\/cattolica\/wp-json\/wp\/v2\/media?parent=51583"}],"wp:term":[{"taxonomy":"category","embeddable":true,"href":"https:\/\/www.rassegnastampa-totustuus.it\/cattolica\/wp-json\/wp\/v2\/categories?post=51583"},{"taxonomy":"post_tag","embeddable":true,"href":"https:\/\/www.rassegnastampa-totustuus.it\/cattolica\/wp-json\/wp\/v2\/tags?post=51583"}],"curies":[{"name":"wp","href":"https:\/\/api.w.org\/{rel}","templated":true}]}}