{"id":5149,"date":"2012-07-26T00:00:00","date_gmt":"2012-07-25T22:00:00","guid":{"rendered":""},"modified":"2015-05-04T18:55:13","modified_gmt":"2015-05-04T16:55:13","slug":"siamo-soli-nelluniverso","status":"publish","type":"post","link":"https:\/\/www.rassegnastampa-totustuus.it\/cattolica\/siamo-soli-nelluniverso\/","title":{"rendered":"Siamo soli nell&#8217;universo?"},"content":{"rendered":"<div style=\"text-align: center;\"><strong><a href=\"https:\/\/www.rassegnastampa-totustuus.it\/cattolica\/wp-content\/uploads\/2012\/07\/ET.jpg\"><img loading=\"lazy\" decoding=\"async\" class=\"alignright wp-image-24167\" src=\"https:\/\/www.rassegnastampa-totustuus.it\/cattolica\/wp-content\/uploads\/2012\/07\/ET.jpg\" alt=\"ET\" width=\"250\" height=\"140\" \/><\/a>Ag Zenit<\/strong> (ZENIT.org) domenica, 15 luglio 2012<\/div>\n<p style=\"text-align: justify;\"><em>Il prof. Elio Sindoni spiega come e perch\u00e9 la vita sulla Terra e l&#8217;improbabilit\u00e0 che esistano extraterrestri<br \/>\n<\/em><\/p>\n<p style=\"text-align: center;\">di <strong>Antonio Gaspari<\/strong><\/p>\n<p><!--more--><\/p>\n<div style=\"text-align: justify;\">ROMA &#8211; Perch\u00e9 esistono le stelle? Perch\u00e9 sono miliardi? E la Terra cosa c\u2019entra con l\u2019universo? Perch\u00e8 c\u2019\u00e8 la vita? Perch\u00e9 esiste l\u2019umanit\u00e0? Gli uomini sono gli unici esseri intelligenti a capire come funziona l\u2019universo? Esiste solo la nostra civilt\u00e0? Ci sono altri pianeti con la vita? E se si, ci sono altre civilt\u00e0 anche pi\u00f9 avanzate della nostra? E dove sono? Saranno fatti come noi? Oppure hanno forme diverse? Sono alieni? Saranno pacifici? Hanno poteri straordinari? E se fosse che siamo soli nell\u2019universo? Siamo gli unici? E qual \u00e8 la ragione della nostra esistenza?<\/div>\n<p style=\"text-align: justify;\">A queste e altre domande sul tema ha cercato di rispondere il professor Elio Sindoni con un libro <em>Siamo soli nell\u2019universo?<\/em> (Editrice San Raffaele), un saggio tanto esile quanto interessante.. Centoquarantaquattro pagine in cui l\u2019ordinario di fisica generale all\u2019Universit\u00e0 Bicocca di Milano, spiega con linguaggio chiaro e comprensibile come e perch\u00e9 \u00e8 comparsa la vita sulla terra. Ripercorre la storia e le ragioni di chi ha cercato e cerca ancora gli extraterrestri.<\/p>\n<p style=\"text-align: justify;\">In uno dei capitoli il prof. Sindoni racconta del dibattito tra autori di fantascienza e scienziati. Dopodich\u00e9 spiega e confronta il principio antropico che fa della Terra unico pianeta che pu\u00f2 ospitare la vita e dell\u2019altissima improbabilit\u00e0 che possano esistere extraterrestri.<\/p>\n<p style=\"text-align: justify;\">La Via Lattea contiene circa cento miliardi di stelle, una di esse \u00e8 il Sole, stella di media grandezza, media temperatura e media massa. Si calcola che esistano almeno cento miliardi di galassie, il che fa pensare che, per il calcolo delle probabilit\u00e0, in qualche parte dell\u2019universo ci sia un pianeta simile alla Terra. Nei capitoli centrali il professore cerca di trovare le ragioni del perch\u00e9 la vita, come \u00e8 nata e come si \u00e8 sviluppata. Sindoni parla di autentico miracolo, nessun calcolo probabilistico pu\u00f2 spiegare come e perch\u00e8 \u00e8 nata la vita sulla Terra.<\/p>\n<p style=\"text-align: justify;\">I vulcani, la magnetosfera, l\u2019atmosfera, l\u2019anidride carbonica e l\u2019ossigeno, la deriva dei continenti e il sistema solare, l\u2019acqua liquida e l\u2019effetto serra, tutto sembra essere fatto in una maniera per permettere e favorire la nascita e la crescita della vita. Spiega Sindoni che tutto \u00e8 fatto in maniera mirabile.<\/p>\n<p style=\"text-align: justify;\">Giove per esempio, con la sua enorme forza di gravit\u00e0 riesce a intercettare il flusso di asteroidi e di comete che altrimenti colpirebbero la Terra. Si calcola che senza la presenza di Giove la Terra sarebbe bombardata da asteroidi di 10 chilometri di diametro almeno una volta ogni diecimila anni, con eventi catastrofici che avrebbero impedito la vita.<\/p>\n<p style=\"text-align: justify;\">A causa della gravitazione della Luna la durata del giorno terrestre \u00e8 aumentato sempre pi\u00f9. Si ipotizza che al tempo della formazione della Terra, in assenza della Luna, il giorno durasse solo sei ore. Una situazione con campo magnetico pi\u00f9 intenso e fortissimi venti. Condizione che non avrebbero permesso al crescita della vita.<\/p>\n<p style=\"text-align: justify;\">Grazie all\u2019emissione di anidride carbonica dei vulcani e al cuore caldo del pianeta, si \u00e8 verificato l\u2019effetto serra che ha permesso all\u2019acqua di rimanere liquida e di mantenere la temperatura media della terra a +15 gradi centigradi. Senza effetto serra la temperatura della terra sarebbe di -18 gradi. La Terra possiede inoltre un campo magnetico che la Luna, Venere e Marte non hanno.<\/p>\n<p style=\"text-align: justify;\">La magnetosfera che si estende per decine di migliaia di chilometri nello spazio circostante, difende la vita sul pianeta deviando e impedendo il bombardamento dei raggi cosmici generato dal Sole. \u00a0Mistero ancora pi\u00f9 difficile da svelare \u00e8 quello che riguarda la nascita e il senso dell\u2019<em>homo sapiens sapiens<\/em>. Quell\u2019essere che ha cominciato a dipingere, seppellire e ricordare i morti, comprendere e riprodurre le leggi dell\u2019universo, inventare e costruire civilt\u00e0, prendersi cura dell\u2019anima e cercare Dio.<\/p>\n<p style=\"text-align: justify;\">Sindoni conclude precisando che le condizioni in cui si \u00e8 sviluppata la vita della Terra sono troppo uniche, nessun calcolo statistico potrebbe ripeterle. E in ogni caso tutte le ricerche fatte finora sull\u2019esistenza della vita extraterrestre hanno dati un esito negativo. Tra i cinquecento pianeti extrasolari sino ad ora individuati non se ne \u00e8 trovato uno simile alla Terra. L\u2019autore sposa la tesi di Enrico Fermi, il quale alla domanda sull\u2019esistenza degli extraterresti rispondeva \u201cdove sono?\u201d.<\/p>\n<p style=\"text-align: justify;\">Sindoni racconta che Fermi quando era con Leo Szilard e altri scienziati a Los Alamos nel 1940, sugger\u00ec che se altre forma di vita intelligente fossero diffuse nell\u2019Universo, la Terra sarebbe gi\u00e0 stata colonizzata dagli alieni. L\u2019universo infatti, esiste da molto tempo prima della Terra, quindi se fossero possibili altre forme di civilt\u00e0, molte di esse si sarebbero sviluppate miliardi di anni fa e avrebbero avuto tutto il tempo di arrivare da noi.<\/p>\n","protected":false},"excerpt":{"rendered":"<p>Ag Zenit (ZENIT.org) domenica, 15 luglio 2012 Il prof. Elio Sindoni spiega come e perch\u00e9 la vita sulla Terra e l&#8217;improbabilit\u00e0 che esistano extraterrestri di Antonio Gaspari<\/p><p><a class=\"more-link btn\" href=\"https:\/\/www.rassegnastampa-totustuus.it\/cattolica\/siamo-soli-nelluniverso\/\">Continua a leggere<\/a><\/p>\n","protected":false},"author":6,"featured_media":24167,"comment_status":"closed","ping_status":"open","sticky":false,"template":"","format":"standard","meta":{"footnotes":""},"categories":[7,22],"tags":[2083],"class_list":["post-5149","post","type-post","status-publish","format-standard","has-post-thumbnail","hentry","category-costume","category-scienza","tag-vita-extraterrestre","item-wrap"],"yoast_head":"<!-- This site is optimized with the Yoast SEO plugin v27.5 - https:\/\/yoast.com\/product\/yoast-seo-wordpress\/ -->\n<title>Siamo soli nell&#039;universo? - Rassegna Stampa Cattolica<\/title>\n<meta name=\"description\" content=\"Rassegna Stampa Cattolica - Per una cultura che nasce dalla Rivelazione cristiana in conformit\u00e0 alla tradizione e al Magistero della Chiesa in opposizione ad ogni relativismo e totalitarismo\" \/>\n<meta name=\"robots\" content=\"index, follow, max-snippet:-1, max-image-preview:large, max-video-preview:-1\" \/>\n<link rel=\"canonical\" href=\"https:\/\/www.rassegnastampa-totustuus.it\/cattolica\/siamo-soli-nelluniverso\/\" \/>\n<meta property=\"og:locale\" content=\"it_IT\" \/>\n<meta property=\"og:type\" content=\"article\" \/>\n<meta property=\"og:title\" content=\"Siamo soli nell&#039;universo? - Rassegna Stampa Cattolica\" \/>\n<meta property=\"og:description\" content=\"Rassegna Stampa Cattolica - Per una cultura che nasce dalla Rivelazione cristiana in conformit\u00e0 alla tradizione e al Magistero della Chiesa in opposizione ad ogni relativismo e totalitarismo\" \/>\n<meta property=\"og:url\" content=\"https:\/\/www.rassegnastampa-totustuus.it\/cattolica\/siamo-soli-nelluniverso\/\" \/>\n<meta property=\"og:site_name\" content=\"Rassegna Stampa Cattolica\" \/>\n<meta property=\"article:publisher\" content=\"https:\/\/www.facebook.com\/rassegnastampacattolica\" \/>\n<meta property=\"article:published_time\" content=\"2012-07-25T22:00:00+00:00\" \/>\n<meta property=\"article:modified_time\" content=\"2015-05-04T16:55:13+00:00\" \/>\n<meta property=\"og:image\" content=\"https:\/\/www.rassegnastampa-totustuus.it\/cattolica\/wp-content\/uploads\/2012\/07\/ET.jpg\" \/>\n\t<meta property=\"og:image:width\" content=\"299\" \/>\n\t<meta property=\"og:image:height\" content=\"168\" \/>\n\t<meta property=\"og:image:type\" content=\"image\/jpeg\" \/>\n<meta name=\"author\" content=\"Redazione\" \/>\n<meta name=\"twitter:card\" content=\"summary_large_image\" \/>\n<meta name=\"twitter:creator\" content=\"@rassegnastampa9\" \/>\n<meta name=\"twitter:site\" content=\"@rassegnastampa9\" \/>\n<meta name=\"twitter:label1\" content=\"Scritto da\" \/>\n\t<meta name=\"twitter:data1\" content=\"Redazione\" \/>\n\t<meta name=\"twitter:label2\" content=\"Tempo di lettura stimato\" \/>\n\t<meta name=\"twitter:data2\" content=\"4 minuti\" \/>\n<script type=\"application\/ld+json\" class=\"yoast-schema-graph\">{\"@context\":\"https:\\\/\\\/schema.org\",\"@graph\":[{\"@type\":\"Article\",\"@id\":\"https:\\\/\\\/www.rassegnastampa-totustuus.it\\\/cattolica\\\/siamo-soli-nelluniverso\\\/#article\",\"isPartOf\":{\"@id\":\"https:\\\/\\\/www.rassegnastampa-totustuus.it\\\/cattolica\\\/siamo-soli-nelluniverso\\\/\"},\"author\":{\"name\":\"Redazione\",\"@id\":\"https:\\\/\\\/www.rassegnastampa-totustuus.it\\\/cattolica\\\/#\\\/schema\\\/person\\\/08f319d2bd1a0904ad9e2bfb7b15e5c3\"},\"headline\":\"Siamo soli nell&#8217;universo?\",\"datePublished\":\"2012-07-25T22:00:00+00:00\",\"dateModified\":\"2015-05-04T16:55:13+00:00\",\"mainEntityOfPage\":{\"@id\":\"https:\\\/\\\/www.rassegnastampa-totustuus.it\\\/cattolica\\\/siamo-soli-nelluniverso\\\/\"},\"wordCount\":793,\"publisher\":{\"@id\":\"https:\\\/\\\/www.rassegnastampa-totustuus.it\\\/cattolica\\\/#organization\"},\"image\":{\"@id\":\"https:\\\/\\\/www.rassegnastampa-totustuus.it\\\/cattolica\\\/siamo-soli-nelluniverso\\\/#primaryimage\"},\"thumbnailUrl\":\"https:\\\/\\\/www.rassegnastampa-totustuus.it\\\/cattolica\\\/wp-content\\\/uploads\\\/2012\\\/07\\\/ET.jpg\",\"keywords\":[\"vita extraterrestre\"],\"articleSection\":[\"Costume\",\"Scienza\"],\"inLanguage\":\"it-IT\"},{\"@type\":\"WebPage\",\"@id\":\"https:\\\/\\\/www.rassegnastampa-totustuus.it\\\/cattolica\\\/siamo-soli-nelluniverso\\\/\",\"url\":\"https:\\\/\\\/www.rassegnastampa-totustuus.it\\\/cattolica\\\/siamo-soli-nelluniverso\\\/\",\"name\":\"Siamo soli nell'universo? - Rassegna Stampa Cattolica\",\"isPartOf\":{\"@id\":\"https:\\\/\\\/www.rassegnastampa-totustuus.it\\\/cattolica\\\/#website\"},\"primaryImageOfPage\":{\"@id\":\"https:\\\/\\\/www.rassegnastampa-totustuus.it\\\/cattolica\\\/siamo-soli-nelluniverso\\\/#primaryimage\"},\"image\":{\"@id\":\"https:\\\/\\\/www.rassegnastampa-totustuus.it\\\/cattolica\\\/siamo-soli-nelluniverso\\\/#primaryimage\"},\"thumbnailUrl\":\"https:\\\/\\\/www.rassegnastampa-totustuus.it\\\/cattolica\\\/wp-content\\\/uploads\\\/2012\\\/07\\\/ET.jpg\",\"datePublished\":\"2012-07-25T22:00:00+00:00\",\"dateModified\":\"2015-05-04T16:55:13+00:00\",\"description\":\"Rassegna Stampa Cattolica - Per una cultura che nasce dalla Rivelazione cristiana in conformit\u00e0 alla tradizione e al Magistero della Chiesa in opposizione ad ogni relativismo e totalitarismo\",\"breadcrumb\":{\"@id\":\"https:\\\/\\\/www.rassegnastampa-totustuus.it\\\/cattolica\\\/siamo-soli-nelluniverso\\\/#breadcrumb\"},\"inLanguage\":\"it-IT\",\"potentialAction\":[{\"@type\":\"ReadAction\",\"target\":[\"https:\\\/\\\/www.rassegnastampa-totustuus.it\\\/cattolica\\\/siamo-soli-nelluniverso\\\/\"]}]},{\"@type\":\"ImageObject\",\"inLanguage\":\"it-IT\",\"@id\":\"https:\\\/\\\/www.rassegnastampa-totustuus.it\\\/cattolica\\\/siamo-soli-nelluniverso\\\/#primaryimage\",\"url\":\"https:\\\/\\\/www.rassegnastampa-totustuus.it\\\/cattolica\\\/wp-content\\\/uploads\\\/2012\\\/07\\\/ET.jpg\",\"contentUrl\":\"https:\\\/\\\/www.rassegnastampa-totustuus.it\\\/cattolica\\\/wp-content\\\/uploads\\\/2012\\\/07\\\/ET.jpg\",\"width\":299,\"height\":168},{\"@type\":\"BreadcrumbList\",\"@id\":\"https:\\\/\\\/www.rassegnastampa-totustuus.it\\\/cattolica\\\/siamo-soli-nelluniverso\\\/#breadcrumb\",\"itemListElement\":[{\"@type\":\"ListItem\",\"position\":1,\"name\":\"Home\",\"item\":\"https:\\\/\\\/www.rassegnastampa-totustuus.it\\\/cattolica\\\/\"},{\"@type\":\"ListItem\",\"position\":2,\"name\":\"Siamo soli nell&#8217;universo?\"}]},{\"@type\":\"WebSite\",\"@id\":\"https:\\\/\\\/www.rassegnastampa-totustuus.it\\\/cattolica\\\/#website\",\"url\":\"https:\\\/\\\/www.rassegnastampa-totustuus.it\\\/cattolica\\\/\",\"name\":\"Rassegna Stampa Cattolica\",\"description\":\"Per una cultura che nasce dalla Rivelazione cristiana in conformit\u00e0 alla tradizione e al Magistero della Chiesa in opposizione ad ogni relativismo e totalitarismo\",\"publisher\":{\"@id\":\"https:\\\/\\\/www.rassegnastampa-totustuus.it\\\/cattolica\\\/#organization\"},\"alternateName\":\"Rass. Cattolica\",\"potentialAction\":[{\"@type\":\"SearchAction\",\"target\":{\"@type\":\"EntryPoint\",\"urlTemplate\":\"https:\\\/\\\/www.rassegnastampa-totustuus.it\\\/cattolica\\\/?s={search_term_string}\"},\"query-input\":{\"@type\":\"PropertyValueSpecification\",\"valueRequired\":true,\"valueName\":\"search_term_string\"}}],\"inLanguage\":\"it-IT\"},{\"@type\":\"Organization\",\"@id\":\"https:\\\/\\\/www.rassegnastampa-totustuus.it\\\/cattolica\\\/#organization\",\"name\":\"Rassegna Stampa Cattolica\",\"url\":\"https:\\\/\\\/www.rassegnastampa-totustuus.it\\\/cattolica\\\/\",\"logo\":{\"@type\":\"ImageObject\",\"inLanguage\":\"it-IT\",\"@id\":\"https:\\\/\\\/www.rassegnastampa-totustuus.it\\\/cattolica\\\/#\\\/schema\\\/logo\\\/image\\\/\",\"url\":\"https:\\\/\\\/www.rassegnastampa-totustuus.it\\\/cattolica\\\/wp-content\\\/uploads\\\/2014\\\/04\\\/logo-rassegna1.gif\",\"contentUrl\":\"https:\\\/\\\/www.rassegnastampa-totustuus.it\\\/cattolica\\\/wp-content\\\/uploads\\\/2014\\\/04\\\/logo-rassegna1.gif\",\"width\":600,\"height\":163,\"caption\":\"Rassegna Stampa Cattolica\"},\"image\":{\"@id\":\"https:\\\/\\\/www.rassegnastampa-totustuus.it\\\/cattolica\\\/#\\\/schema\\\/logo\\\/image\\\/\"},\"sameAs\":[\"https:\\\/\\\/www.facebook.com\\\/rassegnastampacattolica\",\"https:\\\/\\\/x.com\\\/rassegnastampa9\"]},{\"@type\":\"Person\",\"@id\":\"https:\\\/\\\/www.rassegnastampa-totustuus.it\\\/cattolica\\\/#\\\/schema\\\/person\\\/08f319d2bd1a0904ad9e2bfb7b15e5c3\",\"name\":\"Redazione\",\"image\":{\"@type\":\"ImageObject\",\"inLanguage\":\"it-IT\",\"@id\":\"https:\\\/\\\/secure.gravatar.com\\\/avatar\\\/2fcdf27c78ea025fbdb44e914cc63c72249ffec9dc8aafd5c82b26240ef3f346?s=96&d=mm&r=g\",\"url\":\"https:\\\/\\\/secure.gravatar.com\\\/avatar\\\/2fcdf27c78ea025fbdb44e914cc63c72249ffec9dc8aafd5c82b26240ef3f346?s=96&d=mm&r=g\",\"contentUrl\":\"https:\\\/\\\/secure.gravatar.com\\\/avatar\\\/2fcdf27c78ea025fbdb44e914cc63c72249ffec9dc8aafd5c82b26240ef3f346?s=96&d=mm&r=g\",\"caption\":\"Redazione\"},\"url\":\"https:\\\/\\\/www.rassegnastampa-totustuus.it\\\/cattolica\\\/author\\\/pietroelle\\\/\"}]}<\/script>\n<!-- \/ Yoast SEO plugin. -->","yoast_head_json":{"title":"Siamo soli nell'universo? - Rassegna Stampa Cattolica","description":"Rassegna Stampa Cattolica - Per una cultura che nasce dalla Rivelazione cristiana in conformit\u00e0 alla tradizione e al Magistero della Chiesa in opposizione ad ogni relativismo e totalitarismo","robots":{"index":"index","follow":"follow","max-snippet":"max-snippet:-1","max-image-preview":"max-image-preview:large","max-video-preview":"max-video-preview:-1"},"canonical":"https:\/\/www.rassegnastampa-totustuus.it\/cattolica\/siamo-soli-nelluniverso\/","og_locale":"it_IT","og_type":"article","og_title":"Siamo soli nell'universo? - Rassegna Stampa Cattolica","og_description":"Rassegna Stampa Cattolica - Per una cultura che nasce dalla Rivelazione cristiana in conformit\u00e0 alla tradizione e al Magistero della Chiesa in opposizione ad ogni relativismo e totalitarismo","og_url":"https:\/\/www.rassegnastampa-totustuus.it\/cattolica\/siamo-soli-nelluniverso\/","og_site_name":"Rassegna Stampa Cattolica","article_publisher":"https:\/\/www.facebook.com\/rassegnastampacattolica","article_published_time":"2012-07-25T22:00:00+00:00","article_modified_time":"2015-05-04T16:55:13+00:00","og_image":[{"width":299,"height":168,"url":"https:\/\/www.rassegnastampa-totustuus.it\/cattolica\/wp-content\/uploads\/2012\/07\/ET.jpg","type":"image\/jpeg"}],"author":"Redazione","twitter_card":"summary_large_image","twitter_creator":"@rassegnastampa9","twitter_site":"@rassegnastampa9","twitter_misc":{"Scritto da":"Redazione","Tempo di lettura stimato":"4 minuti"},"schema":{"@context":"https:\/\/schema.org","@graph":[{"@type":"Article","@id":"https:\/\/www.rassegnastampa-totustuus.it\/cattolica\/siamo-soli-nelluniverso\/#article","isPartOf":{"@id":"https:\/\/www.rassegnastampa-totustuus.it\/cattolica\/siamo-soli-nelluniverso\/"},"author":{"name":"Redazione","@id":"https:\/\/www.rassegnastampa-totustuus.it\/cattolica\/#\/schema\/person\/08f319d2bd1a0904ad9e2bfb7b15e5c3"},"headline":"Siamo soli nell&#8217;universo?","datePublished":"2012-07-25T22:00:00+00:00","dateModified":"2015-05-04T16:55:13+00:00","mainEntityOfPage":{"@id":"https:\/\/www.rassegnastampa-totustuus.it\/cattolica\/siamo-soli-nelluniverso\/"},"wordCount":793,"publisher":{"@id":"https:\/\/www.rassegnastampa-totustuus.it\/cattolica\/#organization"},"image":{"@id":"https:\/\/www.rassegnastampa-totustuus.it\/cattolica\/siamo-soli-nelluniverso\/#primaryimage"},"thumbnailUrl":"https:\/\/www.rassegnastampa-totustuus.it\/cattolica\/wp-content\/uploads\/2012\/07\/ET.jpg","keywords":["vita extraterrestre"],"articleSection":["Costume","Scienza"],"inLanguage":"it-IT"},{"@type":"WebPage","@id":"https:\/\/www.rassegnastampa-totustuus.it\/cattolica\/siamo-soli-nelluniverso\/","url":"https:\/\/www.rassegnastampa-totustuus.it\/cattolica\/siamo-soli-nelluniverso\/","name":"Siamo soli nell'universo? - Rassegna Stampa Cattolica","isPartOf":{"@id":"https:\/\/www.rassegnastampa-totustuus.it\/cattolica\/#website"},"primaryImageOfPage":{"@id":"https:\/\/www.rassegnastampa-totustuus.it\/cattolica\/siamo-soli-nelluniverso\/#primaryimage"},"image":{"@id":"https:\/\/www.rassegnastampa-totustuus.it\/cattolica\/siamo-soli-nelluniverso\/#primaryimage"},"thumbnailUrl":"https:\/\/www.rassegnastampa-totustuus.it\/cattolica\/wp-content\/uploads\/2012\/07\/ET.jpg","datePublished":"2012-07-25T22:00:00+00:00","dateModified":"2015-05-04T16:55:13+00:00","description":"Rassegna Stampa Cattolica - Per una cultura che nasce dalla Rivelazione cristiana in conformit\u00e0 alla tradizione e al Magistero della Chiesa in opposizione ad ogni relativismo e totalitarismo","breadcrumb":{"@id":"https:\/\/www.rassegnastampa-totustuus.it\/cattolica\/siamo-soli-nelluniverso\/#breadcrumb"},"inLanguage":"it-IT","potentialAction":[{"@type":"ReadAction","target":["https:\/\/www.rassegnastampa-totustuus.it\/cattolica\/siamo-soli-nelluniverso\/"]}]},{"@type":"ImageObject","inLanguage":"it-IT","@id":"https:\/\/www.rassegnastampa-totustuus.it\/cattolica\/siamo-soli-nelluniverso\/#primaryimage","url":"https:\/\/www.rassegnastampa-totustuus.it\/cattolica\/wp-content\/uploads\/2012\/07\/ET.jpg","contentUrl":"https:\/\/www.rassegnastampa-totustuus.it\/cattolica\/wp-content\/uploads\/2012\/07\/ET.jpg","width":299,"height":168},{"@type":"BreadcrumbList","@id":"https:\/\/www.rassegnastampa-totustuus.it\/cattolica\/siamo-soli-nelluniverso\/#breadcrumb","itemListElement":[{"@type":"ListItem","position":1,"name":"Home","item":"https:\/\/www.rassegnastampa-totustuus.it\/cattolica\/"},{"@type":"ListItem","position":2,"name":"Siamo soli nell&#8217;universo?"}]},{"@type":"WebSite","@id":"https:\/\/www.rassegnastampa-totustuus.it\/cattolica\/#website","url":"https:\/\/www.rassegnastampa-totustuus.it\/cattolica\/","name":"Rassegna Stampa Cattolica","description":"Per una cultura che nasce dalla Rivelazione cristiana in conformit\u00e0 alla tradizione e al Magistero della Chiesa in opposizione ad ogni relativismo e totalitarismo","publisher":{"@id":"https:\/\/www.rassegnastampa-totustuus.it\/cattolica\/#organization"},"alternateName":"Rass. Cattolica","potentialAction":[{"@type":"SearchAction","target":{"@type":"EntryPoint","urlTemplate":"https:\/\/www.rassegnastampa-totustuus.it\/cattolica\/?s={search_term_string}"},"query-input":{"@type":"PropertyValueSpecification","valueRequired":true,"valueName":"search_term_string"}}],"inLanguage":"it-IT"},{"@type":"Organization","@id":"https:\/\/www.rassegnastampa-totustuus.it\/cattolica\/#organization","name":"Rassegna Stampa Cattolica","url":"https:\/\/www.rassegnastampa-totustuus.it\/cattolica\/","logo":{"@type":"ImageObject","inLanguage":"it-IT","@id":"https:\/\/www.rassegnastampa-totustuus.it\/cattolica\/#\/schema\/logo\/image\/","url":"https:\/\/www.rassegnastampa-totustuus.it\/cattolica\/wp-content\/uploads\/2014\/04\/logo-rassegna1.gif","contentUrl":"https:\/\/www.rassegnastampa-totustuus.it\/cattolica\/wp-content\/uploads\/2014\/04\/logo-rassegna1.gif","width":600,"height":163,"caption":"Rassegna Stampa Cattolica"},"image":{"@id":"https:\/\/www.rassegnastampa-totustuus.it\/cattolica\/#\/schema\/logo\/image\/"},"sameAs":["https:\/\/www.facebook.com\/rassegnastampacattolica","https:\/\/x.com\/rassegnastampa9"]},{"@type":"Person","@id":"https:\/\/www.rassegnastampa-totustuus.it\/cattolica\/#\/schema\/person\/08f319d2bd1a0904ad9e2bfb7b15e5c3","name":"Redazione","image":{"@type":"ImageObject","inLanguage":"it-IT","@id":"https:\/\/secure.gravatar.com\/avatar\/2fcdf27c78ea025fbdb44e914cc63c72249ffec9dc8aafd5c82b26240ef3f346?s=96&d=mm&r=g","url":"https:\/\/secure.gravatar.com\/avatar\/2fcdf27c78ea025fbdb44e914cc63c72249ffec9dc8aafd5c82b26240ef3f346?s=96&d=mm&r=g","contentUrl":"https:\/\/secure.gravatar.com\/avatar\/2fcdf27c78ea025fbdb44e914cc63c72249ffec9dc8aafd5c82b26240ef3f346?s=96&d=mm&r=g","caption":"Redazione"},"url":"https:\/\/www.rassegnastampa-totustuus.it\/cattolica\/author\/pietroelle\/"}]}},"_links":{"self":[{"href":"https:\/\/www.rassegnastampa-totustuus.it\/cattolica\/wp-json\/wp\/v2\/posts\/5149","targetHints":{"allow":["GET"]}}],"collection":[{"href":"https:\/\/www.rassegnastampa-totustuus.it\/cattolica\/wp-json\/wp\/v2\/posts"}],"about":[{"href":"https:\/\/www.rassegnastampa-totustuus.it\/cattolica\/wp-json\/wp\/v2\/types\/post"}],"author":[{"embeddable":true,"href":"https:\/\/www.rassegnastampa-totustuus.it\/cattolica\/wp-json\/wp\/v2\/users\/6"}],"replies":[{"embeddable":true,"href":"https:\/\/www.rassegnastampa-totustuus.it\/cattolica\/wp-json\/wp\/v2\/comments?post=5149"}],"version-history":[{"count":3,"href":"https:\/\/www.rassegnastampa-totustuus.it\/cattolica\/wp-json\/wp\/v2\/posts\/5149\/revisions"}],"predecessor-version":[{"id":24168,"href":"https:\/\/www.rassegnastampa-totustuus.it\/cattolica\/wp-json\/wp\/v2\/posts\/5149\/revisions\/24168"}],"wp:featuredmedia":[{"embeddable":true,"href":"https:\/\/www.rassegnastampa-totustuus.it\/cattolica\/wp-json\/wp\/v2\/media\/24167"}],"wp:attachment":[{"href":"https:\/\/www.rassegnastampa-totustuus.it\/cattolica\/wp-json\/wp\/v2\/media?parent=5149"}],"wp:term":[{"taxonomy":"category","embeddable":true,"href":"https:\/\/www.rassegnastampa-totustuus.it\/cattolica\/wp-json\/wp\/v2\/categories?post=5149"},{"taxonomy":"post_tag","embeddable":true,"href":"https:\/\/www.rassegnastampa-totustuus.it\/cattolica\/wp-json\/wp\/v2\/tags?post=5149"}],"curies":[{"name":"wp","href":"https:\/\/api.w.org\/{rel}","templated":true}]}}