{"id":51486,"date":"2021-06-10T00:00:19","date_gmt":"2021-06-09T22:00:19","guid":{"rendered":"http:\/\/www.rassegnastampa-totustuus.it\/cattolica\/?p=51486"},"modified":"2025-07-24T16:58:18","modified_gmt":"2025-07-24T14:58:18","slug":"la-fiducia-in-dio-condizione-necessaria-per-la-lotta","status":"publish","type":"post","link":"https:\/\/www.rassegnastampa-totustuus.it\/cattolica\/la-fiducia-in-dio-condizione-necessaria-per-la-lotta\/","title":{"rendered":"La fiducia in Dio, condizione necessaria per la lotta"},"content":{"rendered":"\n<p class=\"has-text-align-center\"><span style=\"color: #0000ff;\"><strong><a style=\"color: #0000ff;\" href=\"http:\/\/www.accademianuovaitalia.it\/\" target=\"_blank\" rel=\"noopener noreferrer\">Nuova Italia. Accademia Adriatica di filosofia<\/a><\/strong> <\/span><span style=\"color: #000000;\">3 Giugno 2021&nbsp;<\/span><\/p>\n\n\n\n<p><span style=\"color: #000000;\">\u00a0<em>La fiducia in Dio, condizione necessaria per la lotta. Tra divina Provvidenza e il &#8220;Marchio di Caino&#8221;: chi di noi non ha fatto l\u2019amara esperienza della fiducia tradita? La &#8220;supersperanza&#8221; fiducia eroica che ha radici nella fede <\/em><\/span><\/p>\n\n\n\n<p class=\"has-text-align-center\"><span style=\"color: #000000;\">di <strong>Francesco Lamendola<\/strong>&nbsp;<\/span><\/p>\n\n\n<div class=\"wp-block-image\">\n<figure class=\"aligncenter size-large is-resized\"><a href=\"https:\/\/www.rassegnastampa-totustuus.it\/cattolica\/wp-content\/uploads\/2021\/06\/chiesa_croce_fede.jpg\"><img loading=\"lazy\" decoding=\"async\" width=\"1024\" height=\"682\" src=\"https:\/\/www.rassegnastampa-totustuus.it\/cattolica\/wp-content\/uploads\/2021\/06\/chiesa_croce_fede-1024x682.jpg\" alt=\"\" class=\"wp-image-51489\" style=\"width:464px;height:auto\" srcset=\"https:\/\/www.rassegnastampa-totustuus.it\/cattolica\/wp-content\/uploads\/2021\/06\/chiesa_croce_fede-1024x682.jpg 1024w, https:\/\/www.rassegnastampa-totustuus.it\/cattolica\/wp-content\/uploads\/2021\/06\/chiesa_croce_fede-300x200.jpg 300w, https:\/\/www.rassegnastampa-totustuus.it\/cattolica\/wp-content\/uploads\/2021\/06\/chiesa_croce_fede-768x512.jpg 768w, https:\/\/www.rassegnastampa-totustuus.it\/cattolica\/wp-content\/uploads\/2021\/06\/chiesa_croce_fede.jpg 1600w\" sizes=\"auto, (max-width: 1024px) 100vw, 1024px\" \/><\/a><\/figure><\/div>\n\n\n<!--more-->\n\n\n\n<p><span style=\"color: #000000;\"><\/span><wp-block data-block=\"core\/more\"><\/wp-block><span style=\"color: #000000;\">Ci aspettano tempi terribili, come cristiani e come esseri umani; ci aspetta il tempo della lotta a fondo, senza quartiere, per la vita e per la morte, sia in senso fisico che spirituale. <strong>Un potere immensamente malvagio sta cercando di distruggere l\u2019umanit\u00e0<\/strong> e di trasformare i pochi sopravvissuti, il cui numero \u00e8 gi\u00e0 stato deciso da tempo, in esseri non pi\u00f9 umani, ma transumani, vale a dire in giocattoli artificiali telecomandati, destinati a fungere da moderni schiavi al servizio dei <strong>Padroni Universali.<\/strong> <\/span><\/p>\n\n\n<div class=\"wp-block-image wp-image-51492 size-medium\">\n<figure class=\"aligncenter is-resized\"><img loading=\"lazy\" decoding=\"async\" width=\"213\" height=\"300\" src=\"https:\/\/www.rassegnastampa-totustuus.it\/cattolica\/wp-content\/uploads\/2021\/06\/speranza_fede-213x300.jpg\" alt=\"\" class=\"wp-image-51492\" style=\"width:275px;height:auto\" srcset=\"https:\/\/www.rassegnastampa-totustuus.it\/cattolica\/wp-content\/uploads\/2021\/06\/speranza_fede-213x300.jpg 213w, https:\/\/www.rassegnastampa-totustuus.it\/cattolica\/wp-content\/uploads\/2021\/06\/speranza_fede.jpg 358w\" sizes=\"auto, (max-width: 213px) 100vw, 213px\" \/><figcaption class=\"wp-element-caption\">La fede in Dio (Lorenzo Bartolini)<\/figcaption><\/figure><\/div>\n\n\n<p><span style=\"color: #000000;\">In questa lotta avremo bisogno di tutto il nostro coraggio, di tutta la nostra lucidit\u00e0 e di tutta la nostra speranza. Ma non baster\u00e0 ancora: avremo bisogno, pi\u00f9 che mai, di <strong>un aiuto soprannaturale<\/strong>, vale a dire della grazia, senza la quale verremo miseramente sconfitti e ridotti alla pi\u00f9 completa impotenza. Avremo perci\u00f2 bisogno di tutta la nostra fede; e oltre alla fede, avremo bisogno di riscoprire un sentimento tipicamente umano, ma potenziato ed elevato alle altezze della vita divina, ossia <strong>la fiducia<\/strong>. Fiducia incrollabile in Dio Padre, fiducia in Ges\u00f9 Cristo, fiducia nello Spirito Santo; fiducia in Maria Santissima, fiducia negli Angeli, fiducia nei Santi; fiducia nella Chiesa (quella vera, quella incrollabile e indefettibile, non nella trista congrega post-conciliare), nel suo magistero perenne, nella sua Tradizione.<\/span><\/p>\n\n\n\n<p><span style=\"color: #000000;\"> Avere fiducia in una persona amica, quando si \u00e8 angustiati e tribolati, \u00e8 una grandissima consolazione; ebbene, ora pi\u00f9 che mai abbiamo bisogno di riscoprire <strong>la dimensione della fiducia<\/strong> che, salda come una roccia, ci consentir\u00e0 di restare<strong> ben ancorati alla Verit\u00e0<\/strong> e alla vita di grazia, senza lasciarci smuovere dai venti rabbiosi e infuocati della tempesta infernale che sta per abbattersi su di noi e che vorrebbero strapparci da noi stessi, dalla nostra fede, dai nostri valori, da tutto ci\u00f2 che di bello, buono e vero ha costituito il fulcro della nostra esistenza e di quella delle passate generazioni. <\/span><\/p>\n\n\n<div class=\"wp-block-image\">\n<figure class=\"aligncenter is-resized\"><img loading=\"lazy\" decoding=\"async\" width=\"247\" height=\"188\" src=\"https:\/\/www.rassegnastampa-totustuus.it\/cattolica\/wp-content\/uploads\/2014\/07\/anticristo.jpg\" alt=\"\" class=\"wp-image-8593\" style=\"width:421px;height:auto\"\/><\/figure><\/div>\n\n\n<p><span style=\"color: #000000;\">Colpendo la fede in Cristo che \u00e8 in noi, essi vogliono colpire anche la nostra stessa umanit\u00e0: infatti che cosa \u00e8 mai l\u2019uomo, separato dal suo Creatore e spogliato della luce della grazia che illumina la sua vita? Nulla, se non un fuscello di paglia che il vento trasporta qua e l\u00e0, a casaccio, senza una meta, senza un perch\u00e9. I malvagi esecutori di questo assalto diabolico mirano a distruggere in noi la nostra stessa umanit\u00e0: perch\u00e9 non \u00e8 veramente umano se non chi riconosce di essere creatura di Dio e di non poter vivere in maniera piena, armoniosa, sensata e serena, se non per mezzo di Lui, procedendo verso di Lui e domandando costantemente, con la preghiera, il Suo consiglio e il Suo sostegno.<\/span><\/p>\n\n\n\n<p><span style=\"color: #000000;\">Scrive <strong>Padre Thomas de Saint Laurent<\/strong> ne <em>Il libro della fiducia<\/em> (con presentazione di Mons. Angelo Comastri; Ed. Luci sull\u2019Est, 2005, pp. 21-24): <em>Con quella concisione che reca l\u2019impronta del suo genio,<\/em> <strong><em>san Tommaso<\/em><\/strong> <em>definisce la fiducia: \u00abuna speranza fortificata da una solida convinzione\u00bb (\u00abest enim fiducia spes roborata ex aliqua firma opinione\u00bb, Summa Theol., II-IIae, q. 129,art 6 ad 3). Affermazione profonda, che ci limiteremo a commentare in questo capitolo.<\/em>&nbsp;&nbsp;&nbsp;&nbsp;&nbsp;&nbsp;&nbsp;&nbsp;&nbsp;&nbsp;&nbsp;&nbsp;&nbsp; <em>Spostiamo attentamente i termini impiegati dal Dottore Angelico. La fiducia, egli scrive, \u00e8 \u201cuna speranza\u201d; non la speranza ordinaria, comune a tutti i fedeli; una caratteristica specifica la distingue: \u00e8 una speranza fortificata.<\/em> <\/span><\/p>\n\n\n<div class=\"wp-block-image\">\n<figure class=\"aligncenter is-resized\"><img loading=\"lazy\" decoding=\"async\" width=\"180\" height=\"180\" src=\"https:\/\/www.rassegnastampa-totustuus.it\/cattolica\/wp-content\/uploads\/2016\/05\/donna_disperata.jpg\" alt=\"\" class=\"wp-image-34117\" style=\"width:278px;height:auto\" srcset=\"https:\/\/www.rassegnastampa-totustuus.it\/cattolica\/wp-content\/uploads\/2016\/05\/donna_disperata.jpg 180w, https:\/\/www.rassegnastampa-totustuus.it\/cattolica\/wp-content\/uploads\/2016\/05\/donna_disperata-150x150.jpg 150w\" sizes=\"auto, (max-width: 180px) 100vw, 180px\" \/><\/figure><\/div>\n\n\n<p><span style=\"color: #000000;\"><em>Si noti bene: la differenza non \u00e8 di natura, ma solo di grado di intensit\u00e0. Le luci incerte dell\u2019alba e quelle abbaglianti del sole a mezzogiorno fanno parte della stessa giornata. Cos\u00ec, la fiducia e la speranza appartengono alla stessa virt\u00f9: l\u2019una non \u00e8 che il pieno sviluppo dell\u2019altra.<\/em> <\/span><\/p>\n\n\n\n<p><span style=\"color: #000000;\"><strong><em>La speranza comune vien persa con la disperazione<\/em><\/strong><em>; essa pu\u00f2 tollerare, tuttavia, una certa inquietudine. Ma quando raggiunge quella perfezione che le fa mutare il nome in quello di \u201cfiducia\u201d, la sua sensibilit\u00e0 diviene delicata. Essa non sopporta pi\u00f9 l\u2019esitazione, per quanto leggera la s\u2019immagini. Il minimo dubbio la diminuirebbe e la ricondurrebbe al livello della semplice speranza.<\/em><\/span><\/p>\n\n\n\n<p><span style=\"color: #000000;\"><em>Il Regale Profeta sceglieva con cura le sue espressioni, quando chiamava<\/em> <strong><em>la fiducia \u201cuna supersperanza\u201d<\/em><\/strong> <em>(\u201cin verba tua supersperavi\u201d, Ps. CXVIII, 43): si tratta infatti di una virt\u00f9 elevata al massimo della sua intensit\u00e0. E il padre Saint-Jure, uno dei pi\u00f9 stimati autori spirituali del secolo XVII, vedeva giustamente in essa una speranza \u201cstraordinaria ed eroica\u201d (\u201cDe la connaissance et de l\u2019amour de J\u00e9sus- Christ, Guyot, 1850, t. III, p. 3).<\/em><\/span><\/p>\n\n\n\n<p><span style=\"color: #000000;\"><em>La fiducia non \u00e8 dunque un fiore comune. Essa cresce sulle cime e non si lascia cogliere che dai generosi. (\u2026) Quale forza sovrana fortifica la speranza, al punto di renderla inespugnabile agli assalti delle avversit\u00e0?&#8230;<\/em> <strong><em>La fede<\/em><\/strong><em>.<\/em><\/span><\/p>\n\n\n<div class=\"wp-block-image\">\n<figure class=\"aligncenter is-resized\"><img loading=\"lazy\" decoding=\"async\" width=\"164\" height=\"300\" src=\"https:\/\/www.rassegnastampa-totustuus.it\/cattolica\/wp-content\/uploads\/2020\/03\/confraternita_chiesa-2-164x300.jpg\" alt=\"\" class=\"wp-image-46579\" style=\"width:154px;height:auto\" srcset=\"https:\/\/www.rassegnastampa-totustuus.it\/cattolica\/wp-content\/uploads\/2020\/03\/confraternita_chiesa-2-164x300.jpg 164w, https:\/\/www.rassegnastampa-totustuus.it\/cattolica\/wp-content\/uploads\/2020\/03\/confraternita_chiesa-2.jpg 166w\" sizes=\"auto, (max-width: 164px) 100vw, 164px\" \/><\/figure><\/div>\n\n\n<p><span style=\"color: #000000;\"><em>L\u2019anima fiduciosa conserva nella sua memoria le promesse del Padre celeste; ella le medita profondamente. Sa che Dio non pu\u00f2 mancare alla sua parola e da qui trae la sua imperturbabile sicurezza. Se il pericolo la minaccia, la circonda, perfino la abbatte, essa conserva sempre la sua serenit\u00e0. Malgrado l\u2019imminenza del pericolo, ripete la parola del Salmista: \u00abIl Signore \u00e8 la mia luce e la mia salvezza; che mai posso temere? Il Signore protegge la mia vita; che mai mi far\u00e0 tremare?\u00bb (\u00abDominus illuminatio mea et salus mea; quem timebo? Dominus vitae meae; quo trepidabo?\u00bb (Ps. 26,1).<\/em> <\/span><\/p>\n\n\n\n<p><span style=\"color: #000000;\"><em>Esistono, tra<\/em> <strong><em>la fede e la fiducia<\/em><\/strong><em>, intimi rapporti, strettissimi legami di parentela. Per usare l\u2019espresione di un teologo moderno, \u00e8 nella fede che va trovata \u201cla causa e la radice della fiducia\u201d (C. Pesch S. J:,\u201dPraelectiones dogmaticae\u201d, Herder, 1909-25, vol. VII, p. 51, nota 2). Ora, quanto pi\u00f9 la radice affonda nella terra, tanto pi\u00f9 da essa trae il suo alimento; pi\u00f9 vigoroso crescer\u00e0 lo stelo, pi\u00f9 opulenta sar\u00e0 la fioritura. Cos\u00ec<\/em> <strong><em>la nostra fiducia si sviluppa nella misura in cui diviene pi\u00f9 profonda la nostra fede<\/em><\/strong><em>.<\/em><\/span><\/p>\n\n\n\n<p><span style=\"color: #000000;\">&nbsp;<em>Le Sacre Scritture riconoscono la relazione che unisce le due virt\u00f9. La stessa parola \u201cfides\u201d non designa forse l\u2019una e l\u2019altra, a seconda dei casi, nella penna degli scrittori sacri? <\/em><em>(\u2026)<\/em><\/span><\/p>\n\n\n<div class=\"wp-block-image\">\n<figure class=\"aligncenter is-resized\"><img loading=\"lazy\" decoding=\"async\" width=\"223\" height=\"226\" src=\"https:\/\/www.rassegnastampa-totustuus.it\/cattolica\/wp-content\/uploads\/2015\/02\/fiducia-Dei.jpg\" alt=\"\" class=\"wp-image-18954\" style=\"width:335px;height:auto\"\/><\/figure><\/div>\n\n\n<p><span style=\"color: #000000;\"><em>La fiducia, scrive il padre Saint-Jure, \u00e8 \u00abferma, stabile e costante, in un grado cos\u00ec eminente che nulla al mondo pu\u00f2, non dico abbatterla, ma neppure farla vacillare\u00bb (Saun-Jure, op. XXX, cit., III, p. 3).<\/em><\/span><\/p>\n\n\n\n<p><span style=\"color: #000000;\"><em>Immaginate gli eccessi pi\u00f9 angosciosi nell\u2019ordine temporale, le difficolt\u00e0 pi\u00f9 insormontabili nell\u2019ordine spirituale: esse non altereranno la pace dell\u2019anima fiduciosa. Catastrofi impreviste potranno ammucchiare attorno ad essa le rovine della sua felicit\u00e0; quest\u2019anima, pi\u00f9 padrona di se stessa del saggio antico, rimarr\u00e0 imperterrita: \u201cImpavidum furient ruinae\u201d (Orazio, \u201cOdi\u201d, III, 3).<\/em><\/span><\/p>\n\n\n\n<p><span style=\"color: #000000;\"><em>Essa si rivolge semplicemente a Nostro Signore; in Lui si appogger\u00e0 con tanta maggior sicurezza, quanto pi\u00f9 essa si sentir\u00e0 privata di ogni aiuto umano. Pregher\u00e0 con ardore pi\u00f9 vibrante; e nelle tenebre della prova proseguir\u00e0 il suo cammino, aspettando in silenzio<\/em> <strong><em>l\u2019ora di Dio<\/em><\/strong><em>.<\/em>&nbsp;<em>Una tale fiducia \u00e8 rara, senza dubbio. Ma se essa non raggiunge questo minimo di perfezione, non merita il nome di fiducia.<\/em><\/span><\/p>\n\n\n\n<p><span style=\"color: #000000;\"><em>&nbsp;<\/em>Ecco <strong>una bella pagina di teologia morale<\/strong>: chiara, pulita, semplice e profonda. Uno sguardo agli autori citati ci rassicura pienamente: sono tutti della buona, vecchia scuola di sempre; da ciascuno di essi traspare la sana, vera cultura religiosa dei buoni sacerdoti di un tempo, indifferenti alle lodi del mondo e preoccupati unicamente di piacere a Dio e di fortificarsi, allenarsi, perfezionarsi sulla via della santificazione. Colmi di una tale scienza divina, essi erano anche dei modelli luminosi per gli altri, per i fedeli:&nbsp;<strong>la luce della loro fede<\/strong>&nbsp;splendeva negli atti della loro vita e perfino nei tratti del loro volto, nella luce del loro sguardo: calma, pacata, rasserenata e rasserenante. <\/span><\/p>\n\n\n<div class=\"wp-block-image\">\n<figure class=\"aligncenter is-resized\"><img loading=\"lazy\" decoding=\"async\" width=\"300\" height=\"167\" src=\"https:\/\/www.rassegnastampa-totustuus.it\/cattolica\/wp-content\/uploads\/2021\/06\/chiesa_grazia-300x167.jpg\" alt=\"\" class=\"wp-image-51493\" style=\"width:470px;height:auto\" srcset=\"https:\/\/www.rassegnastampa-totustuus.it\/cattolica\/wp-content\/uploads\/2021\/06\/chiesa_grazia-300x167.jpg 300w, https:\/\/www.rassegnastampa-totustuus.it\/cattolica\/wp-content\/uploads\/2021\/06\/chiesa_grazia.jpg 301w\" sizes=\"auto, (max-width: 300px) 100vw, 300px\" \/><\/figure><\/div>\n\n\n<p><span style=\"color: #000000;\">Chi vede nello sguardo altrui l\u2019agitazione, l\u2019inquietudine, il ribollire delle passioni in qualche modo dissimulate, capisce al volo di esser di fronte a un\u2019anima che \u00e8 ancora molto, molto lontana dalla pace del Signore, dalla pace che solo<strong> la grazia divina<\/strong> pu\u00f2 concedere a chi la cerca e la domanda con cuore puro. Perch\u00e9 questo il mondo cerca nelle anime consacrate: anche se non lo sa. Non cerca le rivendicazioni sociali, la lotta di classe, l\u2019ambientalismo estremo; non cerca rancorose <em>Lettere alle professoresse <\/em>o cortei dietro la Greta Thunberg del momento, specchietti per le allodole dei quali si serve il potere finch\u00e9 ne ha bisogno, per poi gettarli via e sostituirli con altri. Cerca la pace di Dio, la serenit\u00e0 che viene da Dio, la fiducia incrollabile in Dio. <\/span><\/p>\n\n\n\n<p><span style=\"color: #000000;\"><strong>Quale errore catastrofico \u00e8 stato quello di andare incontro al mondo, di voler dialogare col mondo<\/strong>, e in ultima analisi di voler piacere al mondo, credendo cos\u00ec (se pure qualcuno l\u2019ha creduto per davvero) di guadagnare il mondo alla buona causa. Niente affatto. Il mondo lo si guadagna opponendosi ad esso, indicandogli con fermezza i suoi errori, e in particolare il suo peccato fondamentale: la pretesa di autosufficienza, <strong>l\u2019incredibile arroganza di voler fare senza Dio<\/strong>, o addirittura contro Dio, pur avendo ricevuto ogni cosa da Lui, a cominciare dalla vita stessa, e proseguendo con la ragione e la volont\u00e0, doni realmente divini, che innalzano l\u2019uomo molto al di sopra di tutte le creature.<\/span><\/p>\n\n\n<div class=\"wp-block-image\">\n<figure class=\"aligncenter is-resized\"><img loading=\"lazy\" decoding=\"async\" width=\"187\" height=\"269\" src=\"https:\/\/www.rassegnastampa-totustuus.it\/cattolica\/wp-content\/uploads\/2021\/06\/fede_preghiera_chiesa.jpg\" alt=\"\" class=\"wp-image-51494\" style=\"width:243px;height:auto\"\/><\/figure><\/div>\n\n\n<p><span style=\"color: #000000;\">Dunque, la fiducia. <strong>Chi di noi non ha fatto<\/strong>&nbsp;<strong>l\u2019amara esperienza della fiducia tradita?<\/strong> Chi non ha provato la cocente delusione di vedersi ingannato e allontanato dalle persone pi\u00f9 care, dall\u2019amico pi\u00f9 fidato, trovandosi a meditare mestamene sulla precariet\u00e0 e l\u2019instabilit\u00e0 delle basi stesse della condizione umana, dovuta alle conseguenze del Peccato di Adamo? <\/span><\/p>\n\n\n\n<p><span style=\"color: #000000;\">Avevamo creduto di poter scommettere sulla lealt\u00e0 e sulla fedelt\u00e0 di quella persona, alla quale avevamo aperto il nostro cuore fin nelle pieghe pi\u00f9 intime: ed ecco che quella persona si \u00e8 rivelata ben diversamente da come ci appariva, fredda, calcolatrice, egoista, preoccupata solo del proprio interesse, e perfino capace di servirsi delle nostre confidenze per metterci in uno stato di soggezione psicologica e morale, forse persino per ricattarci. Che miseria, che tristezza. Eppure, la parte pi\u00f9 nobile di noi sente tuttora che non avevamo sbagliato nel donare la fiducia a qualcuno, ma che avevamo solamente sbagliato nell\u2019individuare quel qualcuno. <\/span><\/p>\n\n\n\n<p><span style=\"color: #000000;\">E poi, riflettendo meglio, arriviamo a comprendere che qualunque essere umano \u00e8 capace di deludere, di tradire la fiducia riposta in lui: perch\u00e9 noi stessi siamo fatti in tal modo, noi che ci lamentiamo di quel che abbiamo subito, ma che forse, a nostra volta, ci siamo comportati allo stesso modo con qualcun altro. E se pure non l\u2019abbiamo fatto, saremmo capaci di farlo, qualora si presentassero le circostanze adatte: perch\u00e9 questo ci dice un infallibile intuito, che in ciascun uomo \u00e8 impresso<strong> il marchio di Caino<\/strong>, e tutti, noi compresi, non siamo altro che creature egoiste, infide, mutevoli, a meno che la luce della grazia discenda su di noi e ci purifichi dalle nostre cattive inclinazioni. <\/span><\/p>\n\n\n<div class=\"wp-block-image\">\n<figure class=\"aligncenter is-resized\"><img loading=\"lazy\" decoding=\"async\" width=\"182\" height=\"276\" src=\"https:\/\/www.rassegnastampa-totustuus.it\/cattolica\/wp-content\/uploads\/2020\/10\/Maria_madonna.jpg\" alt=\"\" class=\"wp-image-48715\" style=\"width:234px;height:auto\"\/><\/figure><\/div>\n\n\n<p><span style=\"color: #000000;\">A volte, per farlo, la grazia si serve delle vie in apparenza pi\u00f9 strane. Pu\u00f2 accadere, ad esempio, che ci cauterizzi a fuoco, sulla carne viva, proprio per immunizzarci una volta per sempre dalle pericolose illusioni della nostra umanit\u00e0, chiusa in se stessa e compiaciuta di se stessa. Pu\u00f2 darsi che quella tremenda delusione che abbiamo ricevuto dal comportamento dell\u2019amico, sia stata in qualche modo predisposta, o comunque permessa, dalla <strong>divina Provvidenza<\/strong>, proprio per aprirci gli occhi e farci comprendere che \u00e8 sbagliato avere totalmente fiducia in un altro essere umano, perch\u00e9 <strong>la fiducia totale, assoluta, incondizionata, va riservata solo a Dio. <\/strong><\/span><\/p>\n\n\n\n<p><span style=\"color: #000000;\">Quando si giunge a questa conclusione, quando la si introietta, quando essa diviene parte integrante del nostro organismo interiore, ecco che la benda finalmente ci cade dagli occhi, e il mondo ci appare nella giusta prospettiva. Allora, e solo allora, si comincia a mettere in pratica nella propria vita il motto: <em>spera soltanto in Dio, abbi fiducia in Lui solo<\/em>. Sempre il padre Thomnas de Saint Laurent racconta l\u2019episodio della vita di San Martin, allorch\u00e9, durante un viaggio, questi cadde nelle mani dei briganti. <\/span><\/p>\n\n\n<div class=\"wp-block-image\">\n<figure class=\"aligncenter is-resized\"><img loading=\"lazy\" decoding=\"async\" width=\"260\" height=\"179\" src=\"https:\/\/www.rassegnastampa-totustuus.it\/cattolica\/wp-content\/uploads\/2021\/06\/santi_Chiesa.jpg\" alt=\"\" class=\"wp-image-51495\" style=\"width:474px;height:auto\"\/><\/figure><\/div>\n\n\n<p><span style=\"color: #000000;\">Solo, abbandonato alla loro merc\u00e9, egli non disper\u00f2 mai, non perse la fiducia in Dio. Improvvisamente, in maniera inspiegabile i banditi mutarono idea al suo riguardo e lo rimisero in libert\u00e0; ed egli pot\u00e9 proseguire il viaggio e giungere tranquillamente a destinazione. Saputo della sua avventura, i fedeli gli si raccolsero intorno per sapere se avesse avuto paura. Al che il santo vescovo rispose: <em>No, nessun timore. Sapevo che l\u2019aiuto di Dio sarebbe giunto con t<\/em><em>anta maggiore prontezza, quanto<\/em><em> pi\u00f9 lontana era ogni possibilit\u00e0 di ricevere un aiuto umano<\/em>. <\/span><\/p>\n\n\n\n<p><span style=\"color: #000000;\">Tutti i santi sono stati sempre ispirati da questa ferma fiducia nell\u2019aiuto divino, e in esso soltanto. L\u2019aiuto umano, quando arriva, non \u00e8 che uno strumento della divina Provvidenza. Quante volte a san Giovanni Bosco, che rischiava di non aver pi\u00f9 di che sfamare i suoi ragazzi e di chiudere il suo istituto giunse all\u2019ultimo momento un soccorso inaspettato. <\/span><\/p>\n\n\n\n<p><span style=\"color: #000000;\">\u00c8 il premio che Dio concede a chi confida in Lui. E il segreto \u00e8 uno solo: <strong>chi fa il bene, fa per ci\u00f2 stesso la santa volont\u00e0 di Dio; e Lui lo aiuta a realizzarla.<\/strong><\/span><\/p>\n","protected":false},"excerpt":{"rendered":"<p>Nuova Italia. Accademia Adriatica di filosofia 3 Giugno 2021&nbsp; \u00a0La fiducia in Dio, condizione necessaria per la lotta. Tra divina Provvidenza e il &#8220;Marchio di Caino&#8221;: chi di noi non ha fatto l\u2019amara esperienza della fiducia tradita? La &#8220;supersperanza&#8221; fiducia eroica che ha radici nella fede di Francesco Lamendola&nbsp;<\/p><p><a class=\"more-link btn\" href=\"https:\/\/www.rassegnastampa-totustuus.it\/cattolica\/la-fiducia-in-dio-condizione-necessaria-per-la-lotta\/\">Continua a leggere<\/a><\/p>\n","protected":false},"author":6,"featured_media":51489,"comment_status":"closed","ping_status":"closed","sticky":false,"template":"","format":"standard","meta":{"footnotes":""},"categories":[5,25],"tags":[273],"class_list":["post-51486","post","type-post","status-publish","format-standard","has-post-thumbnail","hentry","category-chiesa","category-sguardo-sul-nostro-tempo","tag-religione","item-wrap"],"yoast_head":"<!-- This site is optimized with the Yoast SEO plugin v27.5 - https:\/\/yoast.com\/product\/yoast-seo-wordpress\/ -->\n<title>La fiducia in Dio, condizione necessaria per la lotta - Rassegna Stampa Cattolica<\/title>\n<meta name=\"description\" content=\"La fiducia in Dio, condizione necessaria per la lotta. La &quot;supersperanza&quot; fiducia eroica che ha radici nella fede\" \/>\n<meta name=\"robots\" content=\"index, follow, max-snippet:-1, max-image-preview:large, max-video-preview:-1\" \/>\n<link rel=\"canonical\" href=\"https:\/\/www.rassegnastampa-totustuus.it\/cattolica\/la-fiducia-in-dio-condizione-necessaria-per-la-lotta\/\" \/>\n<meta property=\"og:locale\" content=\"it_IT\" \/>\n<meta property=\"og:type\" content=\"article\" \/>\n<meta property=\"og:title\" content=\"La fiducia in Dio, condizione necessaria per la lotta - Rassegna Stampa Cattolica\" \/>\n<meta property=\"og:description\" content=\"La fiducia in Dio, condizione necessaria per la lotta. La &quot;supersperanza&quot; fiducia eroica che ha radici nella fede\" \/>\n<meta property=\"og:url\" content=\"https:\/\/www.rassegnastampa-totustuus.it\/cattolica\/la-fiducia-in-dio-condizione-necessaria-per-la-lotta\/\" \/>\n<meta property=\"og:site_name\" content=\"Rassegna Stampa Cattolica\" \/>\n<meta property=\"article:publisher\" content=\"https:\/\/www.facebook.com\/rassegnastampacattolica\" \/>\n<meta property=\"article:published_time\" content=\"2021-06-09T22:00:19+00:00\" \/>\n<meta property=\"article:modified_time\" content=\"2025-07-24T14:58:18+00:00\" \/>\n<meta property=\"og:image\" content=\"https:\/\/www.rassegnastampa-totustuus.it\/cattolica\/wp-content\/uploads\/2021\/06\/chiesa_croce_fede.jpg\" \/>\n\t<meta property=\"og:image:width\" content=\"1600\" \/>\n\t<meta property=\"og:image:height\" content=\"1066\" \/>\n\t<meta property=\"og:image:type\" content=\"image\/jpeg\" \/>\n<meta name=\"author\" content=\"Redazione\" \/>\n<meta name=\"twitter:card\" content=\"summary_large_image\" \/>\n<meta name=\"twitter:creator\" content=\"@rassegnastampa9\" \/>\n<meta name=\"twitter:site\" content=\"@rassegnastampa9\" \/>\n<meta name=\"twitter:label1\" content=\"Scritto da\" \/>\n\t<meta name=\"twitter:data1\" content=\"Redazione\" \/>\n\t<meta name=\"twitter:label2\" content=\"Tempo di lettura stimato\" \/>\n\t<meta name=\"twitter:data2\" content=\"14 minuti\" \/>\n<script type=\"application\/ld+json\" class=\"yoast-schema-graph\">{\"@context\":\"https:\\\/\\\/schema.org\",\"@graph\":[{\"@type\":\"Article\",\"@id\":\"https:\\\/\\\/www.rassegnastampa-totustuus.it\\\/cattolica\\\/la-fiducia-in-dio-condizione-necessaria-per-la-lotta\\\/#article\",\"isPartOf\":{\"@id\":\"https:\\\/\\\/www.rassegnastampa-totustuus.it\\\/cattolica\\\/la-fiducia-in-dio-condizione-necessaria-per-la-lotta\\\/\"},\"author\":{\"name\":\"Redazione\",\"@id\":\"https:\\\/\\\/www.rassegnastampa-totustuus.it\\\/cattolica\\\/#\\\/schema\\\/person\\\/08f319d2bd1a0904ad9e2bfb7b15e5c3\"},\"headline\":\"La fiducia in Dio, condizione necessaria per la lotta\",\"datePublished\":\"2021-06-09T22:00:19+00:00\",\"dateModified\":\"2025-07-24T14:58:18+00:00\",\"mainEntityOfPage\":{\"@id\":\"https:\\\/\\\/www.rassegnastampa-totustuus.it\\\/cattolica\\\/la-fiducia-in-dio-condizione-necessaria-per-la-lotta\\\/\"},\"wordCount\":2204,\"publisher\":{\"@id\":\"https:\\\/\\\/www.rassegnastampa-totustuus.it\\\/cattolica\\\/#organization\"},\"image\":{\"@id\":\"https:\\\/\\\/www.rassegnastampa-totustuus.it\\\/cattolica\\\/la-fiducia-in-dio-condizione-necessaria-per-la-lotta\\\/#primaryimage\"},\"thumbnailUrl\":\"https:\\\/\\\/www.rassegnastampa-totustuus.it\\\/cattolica\\\/wp-content\\\/uploads\\\/2021\\\/06\\\/chiesa_croce_fede.jpg\",\"keywords\":[\"religione\"],\"articleSection\":[\"Chiesa\",\"Sguardo sul nostro tempo\"],\"inLanguage\":\"it-IT\"},{\"@type\":\"WebPage\",\"@id\":\"https:\\\/\\\/www.rassegnastampa-totustuus.it\\\/cattolica\\\/la-fiducia-in-dio-condizione-necessaria-per-la-lotta\\\/\",\"url\":\"https:\\\/\\\/www.rassegnastampa-totustuus.it\\\/cattolica\\\/la-fiducia-in-dio-condizione-necessaria-per-la-lotta\\\/\",\"name\":\"La fiducia in Dio, condizione necessaria per la lotta - Rassegna Stampa Cattolica\",\"isPartOf\":{\"@id\":\"https:\\\/\\\/www.rassegnastampa-totustuus.it\\\/cattolica\\\/#website\"},\"primaryImageOfPage\":{\"@id\":\"https:\\\/\\\/www.rassegnastampa-totustuus.it\\\/cattolica\\\/la-fiducia-in-dio-condizione-necessaria-per-la-lotta\\\/#primaryimage\"},\"image\":{\"@id\":\"https:\\\/\\\/www.rassegnastampa-totustuus.it\\\/cattolica\\\/la-fiducia-in-dio-condizione-necessaria-per-la-lotta\\\/#primaryimage\"},\"thumbnailUrl\":\"https:\\\/\\\/www.rassegnastampa-totustuus.it\\\/cattolica\\\/wp-content\\\/uploads\\\/2021\\\/06\\\/chiesa_croce_fede.jpg\",\"datePublished\":\"2021-06-09T22:00:19+00:00\",\"dateModified\":\"2025-07-24T14:58:18+00:00\",\"description\":\"La fiducia in Dio, condizione necessaria per la lotta. La \\\"supersperanza\\\" fiducia eroica che ha radici nella fede\",\"breadcrumb\":{\"@id\":\"https:\\\/\\\/www.rassegnastampa-totustuus.it\\\/cattolica\\\/la-fiducia-in-dio-condizione-necessaria-per-la-lotta\\\/#breadcrumb\"},\"inLanguage\":\"it-IT\",\"potentialAction\":[{\"@type\":\"ReadAction\",\"target\":[\"https:\\\/\\\/www.rassegnastampa-totustuus.it\\\/cattolica\\\/la-fiducia-in-dio-condizione-necessaria-per-la-lotta\\\/\"]}]},{\"@type\":\"ImageObject\",\"inLanguage\":\"it-IT\",\"@id\":\"https:\\\/\\\/www.rassegnastampa-totustuus.it\\\/cattolica\\\/la-fiducia-in-dio-condizione-necessaria-per-la-lotta\\\/#primaryimage\",\"url\":\"https:\\\/\\\/www.rassegnastampa-totustuus.it\\\/cattolica\\\/wp-content\\\/uploads\\\/2021\\\/06\\\/chiesa_croce_fede.jpg\",\"contentUrl\":\"https:\\\/\\\/www.rassegnastampa-totustuus.it\\\/cattolica\\\/wp-content\\\/uploads\\\/2021\\\/06\\\/chiesa_croce_fede.jpg\",\"width\":1600,\"height\":1066},{\"@type\":\"BreadcrumbList\",\"@id\":\"https:\\\/\\\/www.rassegnastampa-totustuus.it\\\/cattolica\\\/la-fiducia-in-dio-condizione-necessaria-per-la-lotta\\\/#breadcrumb\",\"itemListElement\":[{\"@type\":\"ListItem\",\"position\":1,\"name\":\"Home\",\"item\":\"https:\\\/\\\/www.rassegnastampa-totustuus.it\\\/cattolica\\\/\"},{\"@type\":\"ListItem\",\"position\":2,\"name\":\"La fiducia in Dio, condizione necessaria per la lotta\"}]},{\"@type\":\"WebSite\",\"@id\":\"https:\\\/\\\/www.rassegnastampa-totustuus.it\\\/cattolica\\\/#website\",\"url\":\"https:\\\/\\\/www.rassegnastampa-totustuus.it\\\/cattolica\\\/\",\"name\":\"Rassegna Stampa Cattolica\",\"description\":\"Per una cultura che nasce dalla Rivelazione cristiana in conformit\u00e0 alla tradizione e al Magistero della Chiesa in opposizione ad ogni relativismo e totalitarismo\",\"publisher\":{\"@id\":\"https:\\\/\\\/www.rassegnastampa-totustuus.it\\\/cattolica\\\/#organization\"},\"alternateName\":\"Rass. Cattolica\",\"potentialAction\":[{\"@type\":\"SearchAction\",\"target\":{\"@type\":\"EntryPoint\",\"urlTemplate\":\"https:\\\/\\\/www.rassegnastampa-totustuus.it\\\/cattolica\\\/?s={search_term_string}\"},\"query-input\":{\"@type\":\"PropertyValueSpecification\",\"valueRequired\":true,\"valueName\":\"search_term_string\"}}],\"inLanguage\":\"it-IT\"},{\"@type\":\"Organization\",\"@id\":\"https:\\\/\\\/www.rassegnastampa-totustuus.it\\\/cattolica\\\/#organization\",\"name\":\"Rassegna Stampa Cattolica\",\"url\":\"https:\\\/\\\/www.rassegnastampa-totustuus.it\\\/cattolica\\\/\",\"logo\":{\"@type\":\"ImageObject\",\"inLanguage\":\"it-IT\",\"@id\":\"https:\\\/\\\/www.rassegnastampa-totustuus.it\\\/cattolica\\\/#\\\/schema\\\/logo\\\/image\\\/\",\"url\":\"https:\\\/\\\/www.rassegnastampa-totustuus.it\\\/cattolica\\\/wp-content\\\/uploads\\\/2014\\\/04\\\/logo-rassegna1.gif\",\"contentUrl\":\"https:\\\/\\\/www.rassegnastampa-totustuus.it\\\/cattolica\\\/wp-content\\\/uploads\\\/2014\\\/04\\\/logo-rassegna1.gif\",\"width\":600,\"height\":163,\"caption\":\"Rassegna Stampa Cattolica\"},\"image\":{\"@id\":\"https:\\\/\\\/www.rassegnastampa-totustuus.it\\\/cattolica\\\/#\\\/schema\\\/logo\\\/image\\\/\"},\"sameAs\":[\"https:\\\/\\\/www.facebook.com\\\/rassegnastampacattolica\",\"https:\\\/\\\/x.com\\\/rassegnastampa9\"]},{\"@type\":\"Person\",\"@id\":\"https:\\\/\\\/www.rassegnastampa-totustuus.it\\\/cattolica\\\/#\\\/schema\\\/person\\\/08f319d2bd1a0904ad9e2bfb7b15e5c3\",\"name\":\"Redazione\",\"image\":{\"@type\":\"ImageObject\",\"inLanguage\":\"it-IT\",\"@id\":\"https:\\\/\\\/secure.gravatar.com\\\/avatar\\\/2fcdf27c78ea025fbdb44e914cc63c72249ffec9dc8aafd5c82b26240ef3f346?s=96&d=mm&r=g\",\"url\":\"https:\\\/\\\/secure.gravatar.com\\\/avatar\\\/2fcdf27c78ea025fbdb44e914cc63c72249ffec9dc8aafd5c82b26240ef3f346?s=96&d=mm&r=g\",\"contentUrl\":\"https:\\\/\\\/secure.gravatar.com\\\/avatar\\\/2fcdf27c78ea025fbdb44e914cc63c72249ffec9dc8aafd5c82b26240ef3f346?s=96&d=mm&r=g\",\"caption\":\"Redazione\"},\"url\":\"https:\\\/\\\/www.rassegnastampa-totustuus.it\\\/cattolica\\\/author\\\/pietroelle\\\/\"}]}<\/script>\n<!-- \/ Yoast SEO plugin. -->","yoast_head_json":{"title":"La fiducia in Dio, condizione necessaria per la lotta - Rassegna Stampa Cattolica","description":"La fiducia in Dio, condizione necessaria per la lotta. La \"supersperanza\" fiducia eroica che ha radici nella fede","robots":{"index":"index","follow":"follow","max-snippet":"max-snippet:-1","max-image-preview":"max-image-preview:large","max-video-preview":"max-video-preview:-1"},"canonical":"https:\/\/www.rassegnastampa-totustuus.it\/cattolica\/la-fiducia-in-dio-condizione-necessaria-per-la-lotta\/","og_locale":"it_IT","og_type":"article","og_title":"La fiducia in Dio, condizione necessaria per la lotta - Rassegna Stampa Cattolica","og_description":"La fiducia in Dio, condizione necessaria per la lotta. La \"supersperanza\" fiducia eroica che ha radici nella fede","og_url":"https:\/\/www.rassegnastampa-totustuus.it\/cattolica\/la-fiducia-in-dio-condizione-necessaria-per-la-lotta\/","og_site_name":"Rassegna Stampa Cattolica","article_publisher":"https:\/\/www.facebook.com\/rassegnastampacattolica","article_published_time":"2021-06-09T22:00:19+00:00","article_modified_time":"2025-07-24T14:58:18+00:00","og_image":[{"width":1600,"height":1066,"url":"https:\/\/www.rassegnastampa-totustuus.it\/cattolica\/wp-content\/uploads\/2021\/06\/chiesa_croce_fede.jpg","type":"image\/jpeg"}],"author":"Redazione","twitter_card":"summary_large_image","twitter_creator":"@rassegnastampa9","twitter_site":"@rassegnastampa9","twitter_misc":{"Scritto da":"Redazione","Tempo di lettura stimato":"14 minuti"},"schema":{"@context":"https:\/\/schema.org","@graph":[{"@type":"Article","@id":"https:\/\/www.rassegnastampa-totustuus.it\/cattolica\/la-fiducia-in-dio-condizione-necessaria-per-la-lotta\/#article","isPartOf":{"@id":"https:\/\/www.rassegnastampa-totustuus.it\/cattolica\/la-fiducia-in-dio-condizione-necessaria-per-la-lotta\/"},"author":{"name":"Redazione","@id":"https:\/\/www.rassegnastampa-totustuus.it\/cattolica\/#\/schema\/person\/08f319d2bd1a0904ad9e2bfb7b15e5c3"},"headline":"La fiducia in Dio, condizione necessaria per la lotta","datePublished":"2021-06-09T22:00:19+00:00","dateModified":"2025-07-24T14:58:18+00:00","mainEntityOfPage":{"@id":"https:\/\/www.rassegnastampa-totustuus.it\/cattolica\/la-fiducia-in-dio-condizione-necessaria-per-la-lotta\/"},"wordCount":2204,"publisher":{"@id":"https:\/\/www.rassegnastampa-totustuus.it\/cattolica\/#organization"},"image":{"@id":"https:\/\/www.rassegnastampa-totustuus.it\/cattolica\/la-fiducia-in-dio-condizione-necessaria-per-la-lotta\/#primaryimage"},"thumbnailUrl":"https:\/\/www.rassegnastampa-totustuus.it\/cattolica\/wp-content\/uploads\/2021\/06\/chiesa_croce_fede.jpg","keywords":["religione"],"articleSection":["Chiesa","Sguardo sul nostro tempo"],"inLanguage":"it-IT"},{"@type":"WebPage","@id":"https:\/\/www.rassegnastampa-totustuus.it\/cattolica\/la-fiducia-in-dio-condizione-necessaria-per-la-lotta\/","url":"https:\/\/www.rassegnastampa-totustuus.it\/cattolica\/la-fiducia-in-dio-condizione-necessaria-per-la-lotta\/","name":"La fiducia in Dio, condizione necessaria per la lotta - Rassegna Stampa Cattolica","isPartOf":{"@id":"https:\/\/www.rassegnastampa-totustuus.it\/cattolica\/#website"},"primaryImageOfPage":{"@id":"https:\/\/www.rassegnastampa-totustuus.it\/cattolica\/la-fiducia-in-dio-condizione-necessaria-per-la-lotta\/#primaryimage"},"image":{"@id":"https:\/\/www.rassegnastampa-totustuus.it\/cattolica\/la-fiducia-in-dio-condizione-necessaria-per-la-lotta\/#primaryimage"},"thumbnailUrl":"https:\/\/www.rassegnastampa-totustuus.it\/cattolica\/wp-content\/uploads\/2021\/06\/chiesa_croce_fede.jpg","datePublished":"2021-06-09T22:00:19+00:00","dateModified":"2025-07-24T14:58:18+00:00","description":"La fiducia in Dio, condizione necessaria per la lotta. La \"supersperanza\" fiducia eroica che ha radici nella fede","breadcrumb":{"@id":"https:\/\/www.rassegnastampa-totustuus.it\/cattolica\/la-fiducia-in-dio-condizione-necessaria-per-la-lotta\/#breadcrumb"},"inLanguage":"it-IT","potentialAction":[{"@type":"ReadAction","target":["https:\/\/www.rassegnastampa-totustuus.it\/cattolica\/la-fiducia-in-dio-condizione-necessaria-per-la-lotta\/"]}]},{"@type":"ImageObject","inLanguage":"it-IT","@id":"https:\/\/www.rassegnastampa-totustuus.it\/cattolica\/la-fiducia-in-dio-condizione-necessaria-per-la-lotta\/#primaryimage","url":"https:\/\/www.rassegnastampa-totustuus.it\/cattolica\/wp-content\/uploads\/2021\/06\/chiesa_croce_fede.jpg","contentUrl":"https:\/\/www.rassegnastampa-totustuus.it\/cattolica\/wp-content\/uploads\/2021\/06\/chiesa_croce_fede.jpg","width":1600,"height":1066},{"@type":"BreadcrumbList","@id":"https:\/\/www.rassegnastampa-totustuus.it\/cattolica\/la-fiducia-in-dio-condizione-necessaria-per-la-lotta\/#breadcrumb","itemListElement":[{"@type":"ListItem","position":1,"name":"Home","item":"https:\/\/www.rassegnastampa-totustuus.it\/cattolica\/"},{"@type":"ListItem","position":2,"name":"La fiducia in Dio, condizione necessaria per la lotta"}]},{"@type":"WebSite","@id":"https:\/\/www.rassegnastampa-totustuus.it\/cattolica\/#website","url":"https:\/\/www.rassegnastampa-totustuus.it\/cattolica\/","name":"Rassegna Stampa Cattolica","description":"Per una cultura che nasce dalla Rivelazione cristiana in conformit\u00e0 alla tradizione e al Magistero della Chiesa in opposizione ad ogni relativismo e totalitarismo","publisher":{"@id":"https:\/\/www.rassegnastampa-totustuus.it\/cattolica\/#organization"},"alternateName":"Rass. Cattolica","potentialAction":[{"@type":"SearchAction","target":{"@type":"EntryPoint","urlTemplate":"https:\/\/www.rassegnastampa-totustuus.it\/cattolica\/?s={search_term_string}"},"query-input":{"@type":"PropertyValueSpecification","valueRequired":true,"valueName":"search_term_string"}}],"inLanguage":"it-IT"},{"@type":"Organization","@id":"https:\/\/www.rassegnastampa-totustuus.it\/cattolica\/#organization","name":"Rassegna Stampa Cattolica","url":"https:\/\/www.rassegnastampa-totustuus.it\/cattolica\/","logo":{"@type":"ImageObject","inLanguage":"it-IT","@id":"https:\/\/www.rassegnastampa-totustuus.it\/cattolica\/#\/schema\/logo\/image\/","url":"https:\/\/www.rassegnastampa-totustuus.it\/cattolica\/wp-content\/uploads\/2014\/04\/logo-rassegna1.gif","contentUrl":"https:\/\/www.rassegnastampa-totustuus.it\/cattolica\/wp-content\/uploads\/2014\/04\/logo-rassegna1.gif","width":600,"height":163,"caption":"Rassegna Stampa Cattolica"},"image":{"@id":"https:\/\/www.rassegnastampa-totustuus.it\/cattolica\/#\/schema\/logo\/image\/"},"sameAs":["https:\/\/www.facebook.com\/rassegnastampacattolica","https:\/\/x.com\/rassegnastampa9"]},{"@type":"Person","@id":"https:\/\/www.rassegnastampa-totustuus.it\/cattolica\/#\/schema\/person\/08f319d2bd1a0904ad9e2bfb7b15e5c3","name":"Redazione","image":{"@type":"ImageObject","inLanguage":"it-IT","@id":"https:\/\/secure.gravatar.com\/avatar\/2fcdf27c78ea025fbdb44e914cc63c72249ffec9dc8aafd5c82b26240ef3f346?s=96&d=mm&r=g","url":"https:\/\/secure.gravatar.com\/avatar\/2fcdf27c78ea025fbdb44e914cc63c72249ffec9dc8aafd5c82b26240ef3f346?s=96&d=mm&r=g","contentUrl":"https:\/\/secure.gravatar.com\/avatar\/2fcdf27c78ea025fbdb44e914cc63c72249ffec9dc8aafd5c82b26240ef3f346?s=96&d=mm&r=g","caption":"Redazione"},"url":"https:\/\/www.rassegnastampa-totustuus.it\/cattolica\/author\/pietroelle\/"}]}},"_links":{"self":[{"href":"https:\/\/www.rassegnastampa-totustuus.it\/cattolica\/wp-json\/wp\/v2\/posts\/51486","targetHints":{"allow":["GET"]}}],"collection":[{"href":"https:\/\/www.rassegnastampa-totustuus.it\/cattolica\/wp-json\/wp\/v2\/posts"}],"about":[{"href":"https:\/\/www.rassegnastampa-totustuus.it\/cattolica\/wp-json\/wp\/v2\/types\/post"}],"author":[{"embeddable":true,"href":"https:\/\/www.rassegnastampa-totustuus.it\/cattolica\/wp-json\/wp\/v2\/users\/6"}],"replies":[{"embeddable":true,"href":"https:\/\/www.rassegnastampa-totustuus.it\/cattolica\/wp-json\/wp\/v2\/comments?post=51486"}],"version-history":[{"count":4,"href":"https:\/\/www.rassegnastampa-totustuus.it\/cattolica\/wp-json\/wp\/v2\/posts\/51486\/revisions"}],"predecessor-version":[{"id":63571,"href":"https:\/\/www.rassegnastampa-totustuus.it\/cattolica\/wp-json\/wp\/v2\/posts\/51486\/revisions\/63571"}],"wp:featuredmedia":[{"embeddable":true,"href":"https:\/\/www.rassegnastampa-totustuus.it\/cattolica\/wp-json\/wp\/v2\/media\/51489"}],"wp:attachment":[{"href":"https:\/\/www.rassegnastampa-totustuus.it\/cattolica\/wp-json\/wp\/v2\/media?parent=51486"}],"wp:term":[{"taxonomy":"category","embeddable":true,"href":"https:\/\/www.rassegnastampa-totustuus.it\/cattolica\/wp-json\/wp\/v2\/categories?post=51486"},{"taxonomy":"post_tag","embeddable":true,"href":"https:\/\/www.rassegnastampa-totustuus.it\/cattolica\/wp-json\/wp\/v2\/tags?post=51486"}],"curies":[{"name":"wp","href":"https:\/\/api.w.org\/{rel}","templated":true}]}}