{"id":5127,"date":"2012-07-05T00:00:00","date_gmt":"2012-07-04T22:00:00","guid":{"rendered":""},"modified":"2016-07-06T13:39:57","modified_gmt":"2016-07-06T11:39:57","slug":"cresce-il-numero-degli-uteri-in-affitto","status":"publish","type":"post","link":"https:\/\/www.rassegnastampa-totustuus.it\/cattolica\/cresce-il-numero-degli-uteri-in-affitto\/","title":{"rendered":"Cresce il numero degli uteri in affitto anche a causa \u00abdelle adozioni dei gay\u00bb"},"content":{"rendered":"<div style=\"text-align: center;\"><strong><img loading=\"lazy\" decoding=\"async\" class=\"alignleft wp-image-35745 size-full\" src=\"https:\/\/www.rassegnastampa-totustuus.it\/cattolica\/wp-content\/uploads\/2012\/07\/uteri_affitto-1.jpg\" alt=\"uteri_affitto\" width=\"240\" height=\"179\" \/>Tempi.it<\/strong> 3 luglio 2012<\/div>\n<p style=\"text-align: justify;\"><em>Secondo un\u2019indagine di un osservatorio internazionale cresce la piaga della maternit\u00e0 surrogata nei paesi del Terzo Mondo. Un business milionario, dai rivolti tragici<\/em><\/p>\n<p style=\"text-align: center;\">di <strong>Benedetta Frigerio<\/strong><\/p>\n<p><!--more--><\/p>\n<div style=\"text-align: justify;\">Sono in aumento le madri surrogate che nei paesi del Terzo Mondo vengono reclutate per offrire i loro uteri alle coppie omosessuali. A rivelarlo \u00e8 <em>Il Foglio<\/em> di oggi che riporta l\u2019indagine dell\u2019osservatorio internazionale BioEdge. Il portale bioetico ha domandato per iscritto a una serie di cliniche indiane, ma anche nordamericane, quanto l\u2019equiparazione legislativa del matrimonio gay a quello naturale (e relative procedure di adozione) stia influenzando il fenomeno della maternit\u00e0 surrogata.<\/div>\n<p style=\"text-align: justify;\">La risposta dei responsabili delle cliniche segnala la crescita del fenomeno \u00abfra le donne bisognose nei paesi in via di sviluppo che si accingono a lavorare per coppie gay in cerca di offerte low cost\u00bb. Con l\u2019India in testa perch\u00e9 \u00abqui i costi ammontano a un quinto rispetto a una maternit\u00e0 surrogata negli Stati Uniti o in Europa\u00bb.<\/p>\n<p style=\"text-align: justify;\">Si legge, ad esempio, l\u2019ammissione del direttore della clinica della fertilit\u00e0 di Chennai, il dottor Samundi Sankar: \u00abS\u00ec abbiamo un numero consistente di gay che visitano la nostra clinica e abbiamo notato l\u2019incremento delle richieste da parte di coppie omosessuali da quando le loro unioni sono riconosciute dagli Stati\u00bb.<\/p>\n<p style=\"text-align: justify;\">Commenti simili giungono anche dalle cliniche occidentali: Jeffrey Steinberg, direttore dell\u2019Istituto di fertilit\u00e0 di Las Vegas e di Los Angeles, conferma che nelle cliniche per la fecondazione assistita negli Stati Uniti \u00absta emergendo un trend prevedibile. Da quando sono stati legalizzati i matrimoni gay siamo stati sommersi dalle richieste di donatori di ovuli e di maternit\u00e0 surrogate\u00bb.<\/p>\n<p style=\"text-align: justify;\">In effetti, gi\u00e0 nel giugno scorso, l\u2019incremento delle donne indiane disposte a sottoporsi al trattamento era balzato alle cronache dopo la morte di una di loro. Premila Vaghela, la donna che all\u2019et\u00e0 di 30 anni, dopo ripetuti trattamenti ormonali, non era riuscita a concludere la gravidanza morendo prima di partorire.<\/p>\n<p style=\"text-align: justify;\">Il quotidiano inglese The Guardian, fra i pochi a raccontare la morte della Vaghela, aveva sottolineato che la donna era solo una delle tante, riportando i numeri di un\u2019industria che solo in India fattura ogni anno pi\u00f9 di 2 milioni di dollari. Le cifre si aggirano intorno ai 25 mila parti di bambini indiani gi\u00e0 nati tramite fecondazione artificiale da madri surrogate. E parlano di cliniche che si diffondono sopratutto nelle parti pi\u00f9 povere del paese, dove si trovano donne disperate e disposte a tutto a causa dell\u2019indigenza.<\/p>\n<p style=\"text-align: justify;\">La met\u00e0 dei bambini partoriti in questo modo \u00e8 destinata a coppie occidentali. Normalmente, poi, queste donne sono sottoposte a infiniti cicli ormonali che le distruggono sia psicologicamente sia fisicamente, senza contare che la maggioranza di loro viene sottoposta a taglio cesareo, cos\u00ec da far coincidere il parto con l\u2019arrivo nel paese della coppia adottiva.<\/p>\n<p style=\"text-align: justify;\">Come rimedio, alcuni giornali occidentali, riportando quasi imbarazzati la notizia, hanno incolpato la mancata \u00abregolamentazione del mercato riproduttivo\u00bb. Non si capisce, per\u00f2, come sia sostenibile una posizione che mentre parla di argini legislativi alla maternit\u00e0 surrogata accetta come incontestabile il principio per cui il diritto ad avere figli \u00e8 da considerarsi assoluto, al di l\u00e0 del sesso e degli impedimenti della coppia.<\/p>\n","protected":false},"excerpt":{"rendered":"<p>Tempi.it 3 luglio 2012 Secondo un\u2019indagine di un osservatorio internazionale cresce la piaga della maternit\u00e0 surrogata nei paesi del Terzo Mondo. Un business milionario, dai rivolti tragici di Benedetta Frigerio<\/p><p><a class=\"more-link btn\" href=\"https:\/\/www.rassegnastampa-totustuus.it\/cattolica\/cresce-il-numero-degli-uteri-in-affitto\/\">Continua a leggere<\/a><\/p>\n","protected":false},"author":6,"featured_media":35745,"comment_status":"closed","ping_status":"open","sticky":false,"template":"","format":"standard","meta":{"footnotes":""},"categories":[4,48],"tags":[360,916,143],"class_list":["post-5127","post","type-post","status-publish","format-standard","has-post-thumbnail","hentry","category-bioetica","category-omosessualit","tag-fecondazione-artificiale","tag-ideologia-gay","tag-uteri-in-affitto","item-wrap"],"yoast_head":"<!-- This site is optimized with the Yoast SEO plugin v27.5 - https:\/\/yoast.com\/product\/yoast-seo-wordpress\/ -->\n<title>Cresce il numero degli uteri in affitto anche a causa \u00abdelle adozioni dei gay\u00bb - Rassegna Stampa Cattolica<\/title>\n<meta name=\"description\" content=\"Rassegna Stampa Cattolica - Per una cultura che nasce dalla Rivelazione cristiana in conformit\u00e0 alla tradizione e al Magistero della Chiesa in opposizione ad ogni relativismo e totalitarismo\" \/>\n<meta name=\"robots\" content=\"index, follow, max-snippet:-1, max-image-preview:large, max-video-preview:-1\" \/>\n<link rel=\"canonical\" href=\"https:\/\/www.rassegnastampa-totustuus.it\/cattolica\/cresce-il-numero-degli-uteri-in-affitto\/\" \/>\n<meta property=\"og:locale\" content=\"it_IT\" \/>\n<meta property=\"og:type\" content=\"article\" \/>\n<meta property=\"og:title\" content=\"Cresce il numero degli uteri in affitto anche a causa \u00abdelle adozioni dei gay\u00bb - Rassegna Stampa Cattolica\" \/>\n<meta property=\"og:description\" content=\"Rassegna Stampa Cattolica - Per una cultura che nasce dalla Rivelazione cristiana in conformit\u00e0 alla tradizione e al Magistero della Chiesa in opposizione ad ogni relativismo e totalitarismo\" \/>\n<meta property=\"og:url\" content=\"https:\/\/www.rassegnastampa-totustuus.it\/cattolica\/cresce-il-numero-degli-uteri-in-affitto\/\" \/>\n<meta property=\"og:site_name\" content=\"Rassegna Stampa Cattolica\" \/>\n<meta property=\"article:publisher\" content=\"https:\/\/www.facebook.com\/rassegnastampacattolica\" \/>\n<meta property=\"article:published_time\" content=\"2012-07-04T22:00:00+00:00\" \/>\n<meta property=\"article:modified_time\" content=\"2016-07-06T11:39:57+00:00\" \/>\n<meta property=\"og:image\" content=\"https:\/\/www.rassegnastampa-totustuus.it\/cattolica\/wp-content\/uploads\/2012\/07\/uteri_affitto-1.jpg\" \/>\n\t<meta property=\"og:image:width\" content=\"240\" \/>\n\t<meta property=\"og:image:height\" content=\"179\" \/>\n\t<meta property=\"og:image:type\" content=\"image\/jpeg\" \/>\n<meta name=\"author\" content=\"Redazione\" \/>\n<meta name=\"twitter:card\" content=\"summary_large_image\" \/>\n<meta name=\"twitter:creator\" content=\"@rassegnastampa9\" \/>\n<meta name=\"twitter:site\" content=\"@rassegnastampa9\" \/>\n<meta name=\"twitter:label1\" content=\"Scritto da\" \/>\n\t<meta name=\"twitter:data1\" content=\"Redazione\" \/>\n\t<meta name=\"twitter:label2\" content=\"Tempo di lettura stimato\" \/>\n\t<meta name=\"twitter:data2\" content=\"3 minuti\" \/>\n<script type=\"application\/ld+json\" class=\"yoast-schema-graph\">{\"@context\":\"https:\\\/\\\/schema.org\",\"@graph\":[{\"@type\":\"Article\",\"@id\":\"https:\\\/\\\/www.rassegnastampa-totustuus.it\\\/cattolica\\\/cresce-il-numero-degli-uteri-in-affitto\\\/#article\",\"isPartOf\":{\"@id\":\"https:\\\/\\\/www.rassegnastampa-totustuus.it\\\/cattolica\\\/cresce-il-numero-degli-uteri-in-affitto\\\/\"},\"author\":{\"name\":\"Redazione\",\"@id\":\"https:\\\/\\\/www.rassegnastampa-totustuus.it\\\/cattolica\\\/#\\\/schema\\\/person\\\/08f319d2bd1a0904ad9e2bfb7b15e5c3\"},\"headline\":\"Cresce il numero degli uteri in affitto anche a causa \u00abdelle adozioni dei gay\u00bb\",\"datePublished\":\"2012-07-04T22:00:00+00:00\",\"dateModified\":\"2016-07-06T11:39:57+00:00\",\"mainEntityOfPage\":{\"@id\":\"https:\\\/\\\/www.rassegnastampa-totustuus.it\\\/cattolica\\\/cresce-il-numero-degli-uteri-in-affitto\\\/\"},\"wordCount\":541,\"publisher\":{\"@id\":\"https:\\\/\\\/www.rassegnastampa-totustuus.it\\\/cattolica\\\/#organization\"},\"image\":{\"@id\":\"https:\\\/\\\/www.rassegnastampa-totustuus.it\\\/cattolica\\\/cresce-il-numero-degli-uteri-in-affitto\\\/#primaryimage\"},\"thumbnailUrl\":\"https:\\\/\\\/www.rassegnastampa-totustuus.it\\\/cattolica\\\/wp-content\\\/uploads\\\/2012\\\/07\\\/uteri_affitto-1.jpg\",\"keywords\":[\"fecondazione artificiale\",\"ideologia gay\",\"Uteri in affitto\"],\"articleSection\":[\"Bioetica\",\"Omosessualit&agrave;\"],\"inLanguage\":\"it-IT\"},{\"@type\":\"WebPage\",\"@id\":\"https:\\\/\\\/www.rassegnastampa-totustuus.it\\\/cattolica\\\/cresce-il-numero-degli-uteri-in-affitto\\\/\",\"url\":\"https:\\\/\\\/www.rassegnastampa-totustuus.it\\\/cattolica\\\/cresce-il-numero-degli-uteri-in-affitto\\\/\",\"name\":\"Cresce il numero degli uteri in affitto anche a causa \u00abdelle adozioni dei gay\u00bb - Rassegna Stampa Cattolica\",\"isPartOf\":{\"@id\":\"https:\\\/\\\/www.rassegnastampa-totustuus.it\\\/cattolica\\\/#website\"},\"primaryImageOfPage\":{\"@id\":\"https:\\\/\\\/www.rassegnastampa-totustuus.it\\\/cattolica\\\/cresce-il-numero-degli-uteri-in-affitto\\\/#primaryimage\"},\"image\":{\"@id\":\"https:\\\/\\\/www.rassegnastampa-totustuus.it\\\/cattolica\\\/cresce-il-numero-degli-uteri-in-affitto\\\/#primaryimage\"},\"thumbnailUrl\":\"https:\\\/\\\/www.rassegnastampa-totustuus.it\\\/cattolica\\\/wp-content\\\/uploads\\\/2012\\\/07\\\/uteri_affitto-1.jpg\",\"datePublished\":\"2012-07-04T22:00:00+00:00\",\"dateModified\":\"2016-07-06T11:39:57+00:00\",\"description\":\"Rassegna Stampa Cattolica - Per una cultura che nasce dalla Rivelazione cristiana in conformit\u00e0 alla tradizione e al Magistero della Chiesa in opposizione ad ogni relativismo e totalitarismo\",\"breadcrumb\":{\"@id\":\"https:\\\/\\\/www.rassegnastampa-totustuus.it\\\/cattolica\\\/cresce-il-numero-degli-uteri-in-affitto\\\/#breadcrumb\"},\"inLanguage\":\"it-IT\",\"potentialAction\":[{\"@type\":\"ReadAction\",\"target\":[\"https:\\\/\\\/www.rassegnastampa-totustuus.it\\\/cattolica\\\/cresce-il-numero-degli-uteri-in-affitto\\\/\"]}]},{\"@type\":\"ImageObject\",\"inLanguage\":\"it-IT\",\"@id\":\"https:\\\/\\\/www.rassegnastampa-totustuus.it\\\/cattolica\\\/cresce-il-numero-degli-uteri-in-affitto\\\/#primaryimage\",\"url\":\"https:\\\/\\\/www.rassegnastampa-totustuus.it\\\/cattolica\\\/wp-content\\\/uploads\\\/2012\\\/07\\\/uteri_affitto-1.jpg\",\"contentUrl\":\"https:\\\/\\\/www.rassegnastampa-totustuus.it\\\/cattolica\\\/wp-content\\\/uploads\\\/2012\\\/07\\\/uteri_affitto-1.jpg\",\"width\":240,\"height\":179},{\"@type\":\"BreadcrumbList\",\"@id\":\"https:\\\/\\\/www.rassegnastampa-totustuus.it\\\/cattolica\\\/cresce-il-numero-degli-uteri-in-affitto\\\/#breadcrumb\",\"itemListElement\":[{\"@type\":\"ListItem\",\"position\":1,\"name\":\"Home\",\"item\":\"https:\\\/\\\/www.rassegnastampa-totustuus.it\\\/cattolica\\\/\"},{\"@type\":\"ListItem\",\"position\":2,\"name\":\"Cresce il numero degli uteri in affitto anche a causa \u00abdelle adozioni dei gay\u00bb\"}]},{\"@type\":\"WebSite\",\"@id\":\"https:\\\/\\\/www.rassegnastampa-totustuus.it\\\/cattolica\\\/#website\",\"url\":\"https:\\\/\\\/www.rassegnastampa-totustuus.it\\\/cattolica\\\/\",\"name\":\"Rassegna Stampa Cattolica\",\"description\":\"Per una cultura che nasce dalla Rivelazione cristiana in conformit\u00e0 alla tradizione e al Magistero della Chiesa in opposizione ad ogni relativismo e totalitarismo\",\"publisher\":{\"@id\":\"https:\\\/\\\/www.rassegnastampa-totustuus.it\\\/cattolica\\\/#organization\"},\"alternateName\":\"Rass. Cattolica\",\"potentialAction\":[{\"@type\":\"SearchAction\",\"target\":{\"@type\":\"EntryPoint\",\"urlTemplate\":\"https:\\\/\\\/www.rassegnastampa-totustuus.it\\\/cattolica\\\/?s={search_term_string}\"},\"query-input\":{\"@type\":\"PropertyValueSpecification\",\"valueRequired\":true,\"valueName\":\"search_term_string\"}}],\"inLanguage\":\"it-IT\"},{\"@type\":\"Organization\",\"@id\":\"https:\\\/\\\/www.rassegnastampa-totustuus.it\\\/cattolica\\\/#organization\",\"name\":\"Rassegna Stampa Cattolica\",\"url\":\"https:\\\/\\\/www.rassegnastampa-totustuus.it\\\/cattolica\\\/\",\"logo\":{\"@type\":\"ImageObject\",\"inLanguage\":\"it-IT\",\"@id\":\"https:\\\/\\\/www.rassegnastampa-totustuus.it\\\/cattolica\\\/#\\\/schema\\\/logo\\\/image\\\/\",\"url\":\"https:\\\/\\\/www.rassegnastampa-totustuus.it\\\/cattolica\\\/wp-content\\\/uploads\\\/2014\\\/04\\\/logo-rassegna1.gif\",\"contentUrl\":\"https:\\\/\\\/www.rassegnastampa-totustuus.it\\\/cattolica\\\/wp-content\\\/uploads\\\/2014\\\/04\\\/logo-rassegna1.gif\",\"width\":600,\"height\":163,\"caption\":\"Rassegna Stampa Cattolica\"},\"image\":{\"@id\":\"https:\\\/\\\/www.rassegnastampa-totustuus.it\\\/cattolica\\\/#\\\/schema\\\/logo\\\/image\\\/\"},\"sameAs\":[\"https:\\\/\\\/www.facebook.com\\\/rassegnastampacattolica\",\"https:\\\/\\\/x.com\\\/rassegnastampa9\"]},{\"@type\":\"Person\",\"@id\":\"https:\\\/\\\/www.rassegnastampa-totustuus.it\\\/cattolica\\\/#\\\/schema\\\/person\\\/08f319d2bd1a0904ad9e2bfb7b15e5c3\",\"name\":\"Redazione\",\"image\":{\"@type\":\"ImageObject\",\"inLanguage\":\"it-IT\",\"@id\":\"https:\\\/\\\/secure.gravatar.com\\\/avatar\\\/2fcdf27c78ea025fbdb44e914cc63c72249ffec9dc8aafd5c82b26240ef3f346?s=96&d=mm&r=g\",\"url\":\"https:\\\/\\\/secure.gravatar.com\\\/avatar\\\/2fcdf27c78ea025fbdb44e914cc63c72249ffec9dc8aafd5c82b26240ef3f346?s=96&d=mm&r=g\",\"contentUrl\":\"https:\\\/\\\/secure.gravatar.com\\\/avatar\\\/2fcdf27c78ea025fbdb44e914cc63c72249ffec9dc8aafd5c82b26240ef3f346?s=96&d=mm&r=g\",\"caption\":\"Redazione\"},\"url\":\"https:\\\/\\\/www.rassegnastampa-totustuus.it\\\/cattolica\\\/author\\\/pietroelle\\\/\"}]}<\/script>\n<!-- \/ Yoast SEO plugin. -->","yoast_head_json":{"title":"Cresce il numero degli uteri in affitto anche a causa \u00abdelle adozioni dei gay\u00bb - Rassegna Stampa Cattolica","description":"Rassegna Stampa Cattolica - Per una cultura che nasce dalla Rivelazione cristiana in conformit\u00e0 alla tradizione e al Magistero della Chiesa in opposizione ad ogni relativismo e totalitarismo","robots":{"index":"index","follow":"follow","max-snippet":"max-snippet:-1","max-image-preview":"max-image-preview:large","max-video-preview":"max-video-preview:-1"},"canonical":"https:\/\/www.rassegnastampa-totustuus.it\/cattolica\/cresce-il-numero-degli-uteri-in-affitto\/","og_locale":"it_IT","og_type":"article","og_title":"Cresce il numero degli uteri in affitto anche a causa \u00abdelle adozioni dei gay\u00bb - Rassegna Stampa Cattolica","og_description":"Rassegna Stampa Cattolica - Per una cultura che nasce dalla Rivelazione cristiana in conformit\u00e0 alla tradizione e al Magistero della Chiesa in opposizione ad ogni relativismo e totalitarismo","og_url":"https:\/\/www.rassegnastampa-totustuus.it\/cattolica\/cresce-il-numero-degli-uteri-in-affitto\/","og_site_name":"Rassegna Stampa Cattolica","article_publisher":"https:\/\/www.facebook.com\/rassegnastampacattolica","article_published_time":"2012-07-04T22:00:00+00:00","article_modified_time":"2016-07-06T11:39:57+00:00","og_image":[{"width":240,"height":179,"url":"https:\/\/www.rassegnastampa-totustuus.it\/cattolica\/wp-content\/uploads\/2012\/07\/uteri_affitto-1.jpg","type":"image\/jpeg"}],"author":"Redazione","twitter_card":"summary_large_image","twitter_creator":"@rassegnastampa9","twitter_site":"@rassegnastampa9","twitter_misc":{"Scritto da":"Redazione","Tempo di lettura stimato":"3 minuti"},"schema":{"@context":"https:\/\/schema.org","@graph":[{"@type":"Article","@id":"https:\/\/www.rassegnastampa-totustuus.it\/cattolica\/cresce-il-numero-degli-uteri-in-affitto\/#article","isPartOf":{"@id":"https:\/\/www.rassegnastampa-totustuus.it\/cattolica\/cresce-il-numero-degli-uteri-in-affitto\/"},"author":{"name":"Redazione","@id":"https:\/\/www.rassegnastampa-totustuus.it\/cattolica\/#\/schema\/person\/08f319d2bd1a0904ad9e2bfb7b15e5c3"},"headline":"Cresce il numero degli uteri in affitto anche a causa \u00abdelle adozioni dei gay\u00bb","datePublished":"2012-07-04T22:00:00+00:00","dateModified":"2016-07-06T11:39:57+00:00","mainEntityOfPage":{"@id":"https:\/\/www.rassegnastampa-totustuus.it\/cattolica\/cresce-il-numero-degli-uteri-in-affitto\/"},"wordCount":541,"publisher":{"@id":"https:\/\/www.rassegnastampa-totustuus.it\/cattolica\/#organization"},"image":{"@id":"https:\/\/www.rassegnastampa-totustuus.it\/cattolica\/cresce-il-numero-degli-uteri-in-affitto\/#primaryimage"},"thumbnailUrl":"https:\/\/www.rassegnastampa-totustuus.it\/cattolica\/wp-content\/uploads\/2012\/07\/uteri_affitto-1.jpg","keywords":["fecondazione artificiale","ideologia gay","Uteri in affitto"],"articleSection":["Bioetica","Omosessualit&agrave;"],"inLanguage":"it-IT"},{"@type":"WebPage","@id":"https:\/\/www.rassegnastampa-totustuus.it\/cattolica\/cresce-il-numero-degli-uteri-in-affitto\/","url":"https:\/\/www.rassegnastampa-totustuus.it\/cattolica\/cresce-il-numero-degli-uteri-in-affitto\/","name":"Cresce il numero degli uteri in affitto anche a causa \u00abdelle adozioni dei gay\u00bb - Rassegna Stampa Cattolica","isPartOf":{"@id":"https:\/\/www.rassegnastampa-totustuus.it\/cattolica\/#website"},"primaryImageOfPage":{"@id":"https:\/\/www.rassegnastampa-totustuus.it\/cattolica\/cresce-il-numero-degli-uteri-in-affitto\/#primaryimage"},"image":{"@id":"https:\/\/www.rassegnastampa-totustuus.it\/cattolica\/cresce-il-numero-degli-uteri-in-affitto\/#primaryimage"},"thumbnailUrl":"https:\/\/www.rassegnastampa-totustuus.it\/cattolica\/wp-content\/uploads\/2012\/07\/uteri_affitto-1.jpg","datePublished":"2012-07-04T22:00:00+00:00","dateModified":"2016-07-06T11:39:57+00:00","description":"Rassegna Stampa Cattolica - Per una cultura che nasce dalla Rivelazione cristiana in conformit\u00e0 alla tradizione e al Magistero della Chiesa in opposizione ad ogni relativismo e totalitarismo","breadcrumb":{"@id":"https:\/\/www.rassegnastampa-totustuus.it\/cattolica\/cresce-il-numero-degli-uteri-in-affitto\/#breadcrumb"},"inLanguage":"it-IT","potentialAction":[{"@type":"ReadAction","target":["https:\/\/www.rassegnastampa-totustuus.it\/cattolica\/cresce-il-numero-degli-uteri-in-affitto\/"]}]},{"@type":"ImageObject","inLanguage":"it-IT","@id":"https:\/\/www.rassegnastampa-totustuus.it\/cattolica\/cresce-il-numero-degli-uteri-in-affitto\/#primaryimage","url":"https:\/\/www.rassegnastampa-totustuus.it\/cattolica\/wp-content\/uploads\/2012\/07\/uteri_affitto-1.jpg","contentUrl":"https:\/\/www.rassegnastampa-totustuus.it\/cattolica\/wp-content\/uploads\/2012\/07\/uteri_affitto-1.jpg","width":240,"height":179},{"@type":"BreadcrumbList","@id":"https:\/\/www.rassegnastampa-totustuus.it\/cattolica\/cresce-il-numero-degli-uteri-in-affitto\/#breadcrumb","itemListElement":[{"@type":"ListItem","position":1,"name":"Home","item":"https:\/\/www.rassegnastampa-totustuus.it\/cattolica\/"},{"@type":"ListItem","position":2,"name":"Cresce il numero degli uteri in affitto anche a causa \u00abdelle adozioni dei gay\u00bb"}]},{"@type":"WebSite","@id":"https:\/\/www.rassegnastampa-totustuus.it\/cattolica\/#website","url":"https:\/\/www.rassegnastampa-totustuus.it\/cattolica\/","name":"Rassegna Stampa Cattolica","description":"Per una cultura che nasce dalla Rivelazione cristiana in conformit\u00e0 alla tradizione e al Magistero della Chiesa in opposizione ad ogni relativismo e totalitarismo","publisher":{"@id":"https:\/\/www.rassegnastampa-totustuus.it\/cattolica\/#organization"},"alternateName":"Rass. Cattolica","potentialAction":[{"@type":"SearchAction","target":{"@type":"EntryPoint","urlTemplate":"https:\/\/www.rassegnastampa-totustuus.it\/cattolica\/?s={search_term_string}"},"query-input":{"@type":"PropertyValueSpecification","valueRequired":true,"valueName":"search_term_string"}}],"inLanguage":"it-IT"},{"@type":"Organization","@id":"https:\/\/www.rassegnastampa-totustuus.it\/cattolica\/#organization","name":"Rassegna Stampa Cattolica","url":"https:\/\/www.rassegnastampa-totustuus.it\/cattolica\/","logo":{"@type":"ImageObject","inLanguage":"it-IT","@id":"https:\/\/www.rassegnastampa-totustuus.it\/cattolica\/#\/schema\/logo\/image\/","url":"https:\/\/www.rassegnastampa-totustuus.it\/cattolica\/wp-content\/uploads\/2014\/04\/logo-rassegna1.gif","contentUrl":"https:\/\/www.rassegnastampa-totustuus.it\/cattolica\/wp-content\/uploads\/2014\/04\/logo-rassegna1.gif","width":600,"height":163,"caption":"Rassegna Stampa Cattolica"},"image":{"@id":"https:\/\/www.rassegnastampa-totustuus.it\/cattolica\/#\/schema\/logo\/image\/"},"sameAs":["https:\/\/www.facebook.com\/rassegnastampacattolica","https:\/\/x.com\/rassegnastampa9"]},{"@type":"Person","@id":"https:\/\/www.rassegnastampa-totustuus.it\/cattolica\/#\/schema\/person\/08f319d2bd1a0904ad9e2bfb7b15e5c3","name":"Redazione","image":{"@type":"ImageObject","inLanguage":"it-IT","@id":"https:\/\/secure.gravatar.com\/avatar\/2fcdf27c78ea025fbdb44e914cc63c72249ffec9dc8aafd5c82b26240ef3f346?s=96&d=mm&r=g","url":"https:\/\/secure.gravatar.com\/avatar\/2fcdf27c78ea025fbdb44e914cc63c72249ffec9dc8aafd5c82b26240ef3f346?s=96&d=mm&r=g","contentUrl":"https:\/\/secure.gravatar.com\/avatar\/2fcdf27c78ea025fbdb44e914cc63c72249ffec9dc8aafd5c82b26240ef3f346?s=96&d=mm&r=g","caption":"Redazione"},"url":"https:\/\/www.rassegnastampa-totustuus.it\/cattolica\/author\/pietroelle\/"}]}},"_links":{"self":[{"href":"https:\/\/www.rassegnastampa-totustuus.it\/cattolica\/wp-json\/wp\/v2\/posts\/5127","targetHints":{"allow":["GET"]}}],"collection":[{"href":"https:\/\/www.rassegnastampa-totustuus.it\/cattolica\/wp-json\/wp\/v2\/posts"}],"about":[{"href":"https:\/\/www.rassegnastampa-totustuus.it\/cattolica\/wp-json\/wp\/v2\/types\/post"}],"author":[{"embeddable":true,"href":"https:\/\/www.rassegnastampa-totustuus.it\/cattolica\/wp-json\/wp\/v2\/users\/6"}],"replies":[{"embeddable":true,"href":"https:\/\/www.rassegnastampa-totustuus.it\/cattolica\/wp-json\/wp\/v2\/comments?post=5127"}],"version-history":[{"count":4,"href":"https:\/\/www.rassegnastampa-totustuus.it\/cattolica\/wp-json\/wp\/v2\/posts\/5127\/revisions"}],"predecessor-version":[{"id":35746,"href":"https:\/\/www.rassegnastampa-totustuus.it\/cattolica\/wp-json\/wp\/v2\/posts\/5127\/revisions\/35746"}],"wp:featuredmedia":[{"embeddable":true,"href":"https:\/\/www.rassegnastampa-totustuus.it\/cattolica\/wp-json\/wp\/v2\/media\/35745"}],"wp:attachment":[{"href":"https:\/\/www.rassegnastampa-totustuus.it\/cattolica\/wp-json\/wp\/v2\/media?parent=5127"}],"wp:term":[{"taxonomy":"category","embeddable":true,"href":"https:\/\/www.rassegnastampa-totustuus.it\/cattolica\/wp-json\/wp\/v2\/categories?post=5127"},{"taxonomy":"post_tag","embeddable":true,"href":"https:\/\/www.rassegnastampa-totustuus.it\/cattolica\/wp-json\/wp\/v2\/tags?post=5127"}],"curies":[{"name":"wp","href":"https:\/\/api.w.org\/{rel}","templated":true}]}}