{"id":5124,"date":"2012-07-05T00:00:00","date_gmt":"2012-07-04T22:00:00","guid":{"rendered":""},"modified":"2016-01-22T10:44:59","modified_gmt":"2016-01-22T09:44:59","slug":"introvigne-fischi-al-papa-applausi-al-dalai-lama","status":"publish","type":"post","link":"https:\/\/www.rassegnastampa-totustuus.it\/cattolica\/introvigne-fischi-al-papa-applausi-al-dalai-lama\/","title":{"rendered":"Introvigne: fischi al Papa, applausi al Dalai lama?"},"content":{"rendered":"<div style=\"text-align: center;\"><strong><a href=\"https:\/\/www.rassegnastampa-totustuus.it\/cattolica\/wp-content\/uploads\/2012\/07\/Dalai_Lama.jpg\"><img loading=\"lazy\" decoding=\"async\" class=\"alignright wp-image-29601\" src=\"https:\/\/www.rassegnastampa-totustuus.it\/cattolica\/wp-content\/uploads\/2012\/07\/Dalai_Lama.jpg\" alt=\"Dalai_Lama\" width=\"240\" height=\"180\" \/><\/a>ilsussidiario.net<\/strong> mercoled\u00ec 27 giugno 2012<\/div>\n<p style=\"text-align: center;\"><em>Se i terremotati conoscessero il buddismo&#8230;<\/em><\/p>\n<p style=\"text-align: center;\">Intervista a <strong>Massimo Introvigne<\/strong><\/p>\n<p><!--more--><\/p>\n<div style=\"text-align: justify;\">Fischi al Papa e applausi scroscianti al Dalai Lama. E&#8217; quanto \u00e8 successo al concerto per le vittime del terremoto dell&#8217;Emilia quando sono state citate le due visite quasi in contemporanea nelle zone del terremoto da parte del Dalai Lama e di Benedetto XVI. Che il buddismo e la figura del Dalai Lama godano di grandi favori nell&#8217;opinione pubblica occidentale \u00e8 cosa conosciuta da tempo, almeno da quando star di Hollywood come Richard Gere o del calcio come Roberto Baggio si sono convertite a questa fede provocando un riflesso condizionato in molta gente.<\/div>\n<p style=\"text-align: justify;\">Uno dei massimi esperti di religioni, Massimo Introvigne, contattato da <em>IlSussidiario.net <\/em>sorride su tutto ci\u00f2: &#8220;Se i terremotati che applaudono il Dalai Lama conoscessero un po&#8217; di storia del buddismo forse si farebbero idee diverse&#8221;. Scopriamo infatti che, a differenza di quanto viene sempre detto e scritto, il Dalai Lama non \u00e8 il capo religioso del buddismo, ma solo di una corrente minoritaria, il buddismo tibetano, e che altre forme di buddismo come alcuni gruppi giapponesi lo considerano nemico del buddismo stesso.<\/p>\n<p style=\"text-align: justify;\">O che, quando ci fu nell&#8217;800 e all&#8217;inizio del 900 la prima scoperta di questa religione da parte degli europei, il buddismo tibetano veniva considerato con disprezzo, perch\u00e9 considerato impuro e poco fedele al vero buddismo.<\/p>\n<p style=\"text-align: justify;\">Certamente, aggiunge Introvigne, le enormi violazioni dei diritti umani da parte dei cinesi nei confronti del Tibet, di cui il Dalai Lama \u00e8 anche capo politico, ce lo fanno guardare con simpatia.<\/p>\n<p style=\"text-align: justify;\"><strong>Come spieghiamo l&#8217;approvazione che gode il Dalai Lama in occidente, anche a discapito di una figura come il Papa?<br \/>\n<\/strong><\/p>\n<p style=\"text-align: justify;\">Ci sono due problemi completamente distinti che vanno sempre messi a fuoco quando si parla del Dalai Lama e che, naturalmente, si intersecano tra di loro. Il primo \u00e8 il numero strabiliante di ingiustizie e di violazioni dei diritti umani di cui, dagli anni 50 a oggi, la Cina si \u00e8 resa protagonista nei confronti del Tibet e dei tibetani, e questo richiede effettivamente una riflessione.<\/p>\n<p style=\"text-align: justify;\"><strong>Violazioni che peraltro in occidente vengono quasi sempre bellamente ignorate.<\/strong><\/p>\n<p style=\"text-align: justify;\">Infatti. Non basta applaudire il Dalai Lama ogni tanto per scaricarsi la coscienza, quando in concreto ci sono risoluzioni delle Nazioni Unite fin dagli anni 50 che sono rimaste lettera morta. In nessun modo la situazione dei diritti umani in Tibet si pu\u00f2 dire sia migliorata anzi \u00e8 peggiorata. L&#8217;occidente, Italia compresa e citt\u00e0 di Milano compresa, si scaricano ogni tanto la coscienza invitando il Dalai Lama e onorandolo di applausi scroscianti, ma poi in concreto non si parla con la Cina l&#8217;unico linguaggio efficace, cio\u00e8 quello della fermezza.<\/p>\n<p style=\"text-align: justify;\"><strong>Significativo in questo senso \u00e8 stato il recente episodio che ha visto la citt\u00e0 di Milano rifiutare al Dalai Lama la cittadinanza onoraria per poi applaudirlo in consiglio comunale.<\/strong><\/p>\n<p style=\"text-align: justify;\">E&#8217; un episodio emblematico, cos\u00ec come tante mosse dell&#8217;amministrazione Obama. L&#8217;ultimo che parl\u00f2 con fermezza ai cinesi, ottenendo qualche piccola concessione, fu George Bush e, peraltro, la linea Bush dimostra che se parliamo ai cinesi in modo fermo, sia per quanto riguarda il Tibet che per quanto riguarda i musulmani o la chiesa cattolica clandestina, non dobbiamo temere che in un pomeriggio i cinesi vendano tutti i buoni del tesoro e ci riducano peggio della Grecia. Questo non conviene neppure a loro.<\/p>\n<p style=\"text-align: justify;\"><strong>Le sembra che anche l&#8217;Italia sia in questa posizione?<\/strong><\/p>\n<p style=\"text-align: justify;\">Per la verit\u00e0 n\u00e9 il governo Berlusconi n\u00e9 il ministro Terzi l&#8217;hanno mai sostenuta, l&#8217;Italia \u00e8 in prima linea nella difesa dei diritti umani, Pisapia forse un po&#8217; meno. Tutto sommato nella nostra sinistra c&#8217;\u00e8 un atteggiamento molto schizofrenico. Da una parte, anche perch\u00e9 \u00e8 un testimone delle persecuzioni cinesi, si applaude il Dalai Lama, ma dall&#8217;altra, di fronte a ogni tipo di imposizione o di ricatto cinese, ci si mette subito sull&#8217;attenti in nome del commercio e del fatto che la Cina detiene una parte del nostro debito pubblico.<\/p>\n<p style=\"text-align: justify;\"><strong>Il secondo punto invece qual \u00e8?<\/strong><\/p>\n<p style=\"text-align: justify;\">E&#8217; un tema completamente diverso, cio\u00e8 il Dalai Lama \u00e8 il capo di uno Stato illegalmente invaso, ma anche un leader religioso, oggetto in occidente di una deformazione persino comica, di cui credo sia lui il primo a ridere.<\/p>\n<p style=\"text-align: justify;\"><strong>Quale?<\/strong><\/p>\n<p style=\"text-align: justify;\">Nell&#8217;immaginario occidentale egli \u00e8 una sorta di papa dei buddisti; in realt\u00e0 il buddismo \u00e8 un mondo molto diviso e il Dalai Lama \u00e8 il leader di una delle scuole di buddismo, quella tibetana gelug, che \u00e8 una delle scuole che interpretano in modo differente il buddismo. Per cos\u00ec dire il terzo buddismo rispetto alle due scuole tradizionali del Grande Veicolo e del Piccolo Veicolo. Non \u00e8 quello giapponese, per intendersi, ed \u00e8 un po&#8217; particolare, dato che mette insieme buddismo e culti prebuddisti pieni di dei e spiriti.<\/p>\n<p style=\"text-align: justify;\"><strong>Una ambiguit\u00e0 forte allora&#8230;<\/strong><\/p>\n<p style=\"text-align: justify;\">E&#8217; anche curioso il fatto che i grandi appassionati del buddismo dell&#8217;Europa dell&#8217;800 e dei primi del 900 andavano alla ricerca del buddismo puro e consideravano con disprezzo quello dei tibetani, un buddismo di serie B. Poi, per ironia della storia, proprio l&#8217;invasione cinese e il fatto che il buddismo tibetano sia diventato buddismo perseguitato lo ha trasformato in una sorta di protobuddismo, cosa che non \u00e8. Pensiamo poi che per alcuni gruppi buddisti giapponesi il Dalai Lama \u00e8 addirittura il nemico.<\/p>\n<p style=\"text-align: justify;\"><strong>Ci\u00f2 nonostante in occidente gode di un grande successo.<\/strong><\/p>\n<p style=\"text-align: justify;\">E&#8217; un fenomeno mediatico che ha una sua paradossale ambiguit\u00e0 annotata dal maggior esperto del buddismo tibetano,\u00a0<span class=\"s1\">Lopez Donald,<\/span>\u00a0il cui grande libro sul paradosso del Dalai Lama in occidente si chiama <em>Prigionieri di Shangri La<\/em> e non \u00e8 mai stato tradotto in Italia.<\/p>\n<p style=\"text-align: justify;\"><strong>Cosa dice questo libro?<\/strong><\/p>\n<p style=\"text-align: justify;\">Donald nota questo paradosso per cui davanti al pubblico occidentale il Dalai Lama \u00e8 il maggior esponente del modernismo buddista che ricostruisce il buddismo come una religione nei limiti della ragione fondata sull&#8217;analisi razionale e sulla compassione e la benevolenza. Quando invece parla\u00a0 ai tibetani il Dalai Lama ridiventa il capo della corrente gelug che \u00e8 piena di aspetti che altri buddisti trovano discutibili.<\/p>\n<p style=\"text-align: justify;\"><strong>Ad esempio?<\/strong><\/p>\n<p style=\"text-align: justify;\">Il culto degli oracoli, che sarebbero persone possedute da uno spirito, anche il Dalai Lama ha uno di questi spiriti di cui si fida parecchio. Tali spiriti lottano contro altri oracoli con scontri nella comunit\u00e0 tibetana che hanno fatto anche dei morti. Oppure una apocalittica tibetana, una fine del mondo con una guerra in cui i non buddisti saranno uccisi in modo doloroso.<\/p>\n<p style=\"text-align: justify;\"><strong>Dunque in occidente si sa ben poco del Dalai Lama e del buddismo tibetano.<\/strong><\/p>\n<p style=\"text-align: justify;\">Molti di quelli che applaudono il Dalai Lama non sanno chi sia, non sanno che non \u00e8 il papa del buddismo, ma di una corrente che vive un momento di transizione in cui da una parte ci sono spinte moderniste che presentano il buddismo come una religione secolarizzata, quasi la religione del quotidiano <em>La Repubblica<\/em>. Tuttavia, per non perdere il contatto con la base dei tibetani, si parla ancora di spiriti e credenze ambigue che, se lo sapessero, quelli che lo applaudono in Emilia troverebbero quantomeno bizzarro.<\/p>\n<p style=\"text-align: justify;\"><strong>In conclusione cosa possiamo ancora dire?<\/strong><\/p>\n<p style=\"text-align: justify;\">Detto questo, bisogna anche seguire il magistero della Chiesa, il quale ci dice che non dobbiamo soffermarci in un atteggiamento polemico con le altre religioni, ma dobbiamo dialogare con esse. Se leggiamo il Catechismo della Chiesa cattolica vediamo che dice che in tutte le religioni \u00e8 presente la ricerca di Dio, perch\u00e9 \u00e8 all&#8217;opera la ragione la quale, sia pure con difficolt\u00e0, \u00e8 in grado di scoprire molte verit\u00e0. Il catechismo ci dice anche, per\u00f2, di accostarsi con cautela a queste religioni non cristiane o precristiane, perch\u00e9 in questo sforzo di avvicinamento pu\u00f2 anche darsi si nascondano suggestioni del demonio. E non sto citando fonti medievali, ma una espressione nel catechismo vigente pubblicato nel 1992.<\/p>\n","protected":false},"excerpt":{"rendered":"<p>ilsussidiario.net mercoled\u00ec 27 giugno 2012 Se i terremotati conoscessero il buddismo&#8230; Intervista a Massimo Introvigne<\/p><p><a class=\"more-link btn\" href=\"https:\/\/www.rassegnastampa-totustuus.it\/cattolica\/introvigne-fischi-al-papa-applausi-al-dalai-lama\/\">Continua a leggere<\/a><\/p>\n","protected":false},"author":6,"featured_media":29601,"comment_status":"closed","ping_status":"open","sticky":false,"template":"","format":"standard","meta":{"footnotes":""},"categories":[63],"tags":[686],"class_list":["post-5124","post","type-post","status-publish","format-standard","has-post-thumbnail","hentry","category-nuove-religioni-sette","tag-buddismo-2","item-wrap"],"yoast_head":"<!-- This site is optimized with the Yoast SEO plugin v27.5 - https:\/\/yoast.com\/product\/yoast-seo-wordpress\/ -->\n<title>Introvigne: fischi al Papa, applausi al Dalai lama? - Rassegna Stampa Cattolica<\/title>\n<meta name=\"description\" content=\"Rassegna Stampa Cattolica - Per una cultura che nasce dalla Rivelazione cristiana in conformit\u00e0 alla tradizione e al Magistero della Chiesa in opposizione ad ogni relativismo e totalitarismo\" \/>\n<meta name=\"robots\" content=\"index, follow, max-snippet:-1, max-image-preview:large, max-video-preview:-1\" \/>\n<link rel=\"canonical\" href=\"https:\/\/www.rassegnastampa-totustuus.it\/cattolica\/introvigne-fischi-al-papa-applausi-al-dalai-lama\/\" \/>\n<meta property=\"og:locale\" content=\"it_IT\" \/>\n<meta property=\"og:type\" content=\"article\" \/>\n<meta property=\"og:title\" content=\"Introvigne: fischi al Papa, applausi al Dalai lama? - Rassegna Stampa Cattolica\" \/>\n<meta property=\"og:description\" content=\"Rassegna Stampa Cattolica - Per una cultura che nasce dalla Rivelazione cristiana in conformit\u00e0 alla tradizione e al Magistero della Chiesa in opposizione ad ogni relativismo e totalitarismo\" \/>\n<meta property=\"og:url\" content=\"https:\/\/www.rassegnastampa-totustuus.it\/cattolica\/introvigne-fischi-al-papa-applausi-al-dalai-lama\/\" \/>\n<meta property=\"og:site_name\" content=\"Rassegna Stampa Cattolica\" \/>\n<meta property=\"article:publisher\" content=\"https:\/\/www.facebook.com\/rassegnastampacattolica\" \/>\n<meta property=\"article:published_time\" content=\"2012-07-04T22:00:00+00:00\" \/>\n<meta property=\"article:modified_time\" content=\"2016-01-22T09:44:59+00:00\" \/>\n<meta property=\"og:image\" content=\"https:\/\/www.rassegnastampa-totustuus.it\/cattolica\/wp-content\/uploads\/2012\/07\/Dalai_Lama.jpg\" \/>\n\t<meta property=\"og:image:width\" content=\"259\" \/>\n\t<meta property=\"og:image:height\" content=\"194\" \/>\n\t<meta property=\"og:image:type\" content=\"image\/jpeg\" \/>\n<meta name=\"author\" content=\"Redazione\" \/>\n<meta name=\"twitter:card\" content=\"summary_large_image\" \/>\n<meta name=\"twitter:creator\" content=\"@rassegnastampa9\" \/>\n<meta name=\"twitter:site\" content=\"@rassegnastampa9\" \/>\n<meta name=\"twitter:label1\" content=\"Scritto da\" \/>\n\t<meta name=\"twitter:data1\" content=\"Redazione\" \/>\n\t<meta name=\"twitter:label2\" content=\"Tempo di lettura stimato\" \/>\n\t<meta name=\"twitter:data2\" content=\"6 minuti\" \/>\n<script type=\"application\/ld+json\" class=\"yoast-schema-graph\">{\"@context\":\"https:\\\/\\\/schema.org\",\"@graph\":[{\"@type\":\"Article\",\"@id\":\"https:\\\/\\\/www.rassegnastampa-totustuus.it\\\/cattolica\\\/introvigne-fischi-al-papa-applausi-al-dalai-lama\\\/#article\",\"isPartOf\":{\"@id\":\"https:\\\/\\\/www.rassegnastampa-totustuus.it\\\/cattolica\\\/introvigne-fischi-al-papa-applausi-al-dalai-lama\\\/\"},\"author\":{\"name\":\"Redazione\",\"@id\":\"https:\\\/\\\/www.rassegnastampa-totustuus.it\\\/cattolica\\\/#\\\/schema\\\/person\\\/08f319d2bd1a0904ad9e2bfb7b15e5c3\"},\"headline\":\"Introvigne: fischi al Papa, applausi al Dalai lama?\",\"datePublished\":\"2012-07-04T22:00:00+00:00\",\"dateModified\":\"2016-01-22T09:44:59+00:00\",\"mainEntityOfPage\":{\"@id\":\"https:\\\/\\\/www.rassegnastampa-totustuus.it\\\/cattolica\\\/introvigne-fischi-al-papa-applausi-al-dalai-lama\\\/\"},\"wordCount\":1275,\"publisher\":{\"@id\":\"https:\\\/\\\/www.rassegnastampa-totustuus.it\\\/cattolica\\\/#organization\"},\"image\":{\"@id\":\"https:\\\/\\\/www.rassegnastampa-totustuus.it\\\/cattolica\\\/introvigne-fischi-al-papa-applausi-al-dalai-lama\\\/#primaryimage\"},\"thumbnailUrl\":\"https:\\\/\\\/www.rassegnastampa-totustuus.it\\\/cattolica\\\/wp-content\\\/uploads\\\/2012\\\/07\\\/Dalai_Lama.jpg\",\"keywords\":[\"buddismo\"],\"articleSection\":[\"Nuove religioni\"],\"inLanguage\":\"it-IT\"},{\"@type\":\"WebPage\",\"@id\":\"https:\\\/\\\/www.rassegnastampa-totustuus.it\\\/cattolica\\\/introvigne-fischi-al-papa-applausi-al-dalai-lama\\\/\",\"url\":\"https:\\\/\\\/www.rassegnastampa-totustuus.it\\\/cattolica\\\/introvigne-fischi-al-papa-applausi-al-dalai-lama\\\/\",\"name\":\"Introvigne: fischi al Papa, applausi al Dalai lama? - Rassegna Stampa Cattolica\",\"isPartOf\":{\"@id\":\"https:\\\/\\\/www.rassegnastampa-totustuus.it\\\/cattolica\\\/#website\"},\"primaryImageOfPage\":{\"@id\":\"https:\\\/\\\/www.rassegnastampa-totustuus.it\\\/cattolica\\\/introvigne-fischi-al-papa-applausi-al-dalai-lama\\\/#primaryimage\"},\"image\":{\"@id\":\"https:\\\/\\\/www.rassegnastampa-totustuus.it\\\/cattolica\\\/introvigne-fischi-al-papa-applausi-al-dalai-lama\\\/#primaryimage\"},\"thumbnailUrl\":\"https:\\\/\\\/www.rassegnastampa-totustuus.it\\\/cattolica\\\/wp-content\\\/uploads\\\/2012\\\/07\\\/Dalai_Lama.jpg\",\"datePublished\":\"2012-07-04T22:00:00+00:00\",\"dateModified\":\"2016-01-22T09:44:59+00:00\",\"description\":\"Rassegna Stampa Cattolica - Per una cultura che nasce dalla Rivelazione cristiana in conformit\u00e0 alla tradizione e al Magistero della Chiesa in opposizione ad ogni relativismo e totalitarismo\",\"breadcrumb\":{\"@id\":\"https:\\\/\\\/www.rassegnastampa-totustuus.it\\\/cattolica\\\/introvigne-fischi-al-papa-applausi-al-dalai-lama\\\/#breadcrumb\"},\"inLanguage\":\"it-IT\",\"potentialAction\":[{\"@type\":\"ReadAction\",\"target\":[\"https:\\\/\\\/www.rassegnastampa-totustuus.it\\\/cattolica\\\/introvigne-fischi-al-papa-applausi-al-dalai-lama\\\/\"]}]},{\"@type\":\"ImageObject\",\"inLanguage\":\"it-IT\",\"@id\":\"https:\\\/\\\/www.rassegnastampa-totustuus.it\\\/cattolica\\\/introvigne-fischi-al-papa-applausi-al-dalai-lama\\\/#primaryimage\",\"url\":\"https:\\\/\\\/www.rassegnastampa-totustuus.it\\\/cattolica\\\/wp-content\\\/uploads\\\/2012\\\/07\\\/Dalai_Lama.jpg\",\"contentUrl\":\"https:\\\/\\\/www.rassegnastampa-totustuus.it\\\/cattolica\\\/wp-content\\\/uploads\\\/2012\\\/07\\\/Dalai_Lama.jpg\",\"width\":259,\"height\":194},{\"@type\":\"BreadcrumbList\",\"@id\":\"https:\\\/\\\/www.rassegnastampa-totustuus.it\\\/cattolica\\\/introvigne-fischi-al-papa-applausi-al-dalai-lama\\\/#breadcrumb\",\"itemListElement\":[{\"@type\":\"ListItem\",\"position\":1,\"name\":\"Home\",\"item\":\"https:\\\/\\\/www.rassegnastampa-totustuus.it\\\/cattolica\\\/\"},{\"@type\":\"ListItem\",\"position\":2,\"name\":\"Introvigne: fischi al Papa, applausi al Dalai lama?\"}]},{\"@type\":\"WebSite\",\"@id\":\"https:\\\/\\\/www.rassegnastampa-totustuus.it\\\/cattolica\\\/#website\",\"url\":\"https:\\\/\\\/www.rassegnastampa-totustuus.it\\\/cattolica\\\/\",\"name\":\"Rassegna Stampa Cattolica\",\"description\":\"Per una cultura che nasce dalla Rivelazione cristiana in conformit\u00e0 alla tradizione e al Magistero della Chiesa in opposizione ad ogni relativismo e totalitarismo\",\"publisher\":{\"@id\":\"https:\\\/\\\/www.rassegnastampa-totustuus.it\\\/cattolica\\\/#organization\"},\"alternateName\":\"Rass. Cattolica\",\"potentialAction\":[{\"@type\":\"SearchAction\",\"target\":{\"@type\":\"EntryPoint\",\"urlTemplate\":\"https:\\\/\\\/www.rassegnastampa-totustuus.it\\\/cattolica\\\/?s={search_term_string}\"},\"query-input\":{\"@type\":\"PropertyValueSpecification\",\"valueRequired\":true,\"valueName\":\"search_term_string\"}}],\"inLanguage\":\"it-IT\"},{\"@type\":\"Organization\",\"@id\":\"https:\\\/\\\/www.rassegnastampa-totustuus.it\\\/cattolica\\\/#organization\",\"name\":\"Rassegna Stampa Cattolica\",\"url\":\"https:\\\/\\\/www.rassegnastampa-totustuus.it\\\/cattolica\\\/\",\"logo\":{\"@type\":\"ImageObject\",\"inLanguage\":\"it-IT\",\"@id\":\"https:\\\/\\\/www.rassegnastampa-totustuus.it\\\/cattolica\\\/#\\\/schema\\\/logo\\\/image\\\/\",\"url\":\"https:\\\/\\\/www.rassegnastampa-totustuus.it\\\/cattolica\\\/wp-content\\\/uploads\\\/2014\\\/04\\\/logo-rassegna1.gif\",\"contentUrl\":\"https:\\\/\\\/www.rassegnastampa-totustuus.it\\\/cattolica\\\/wp-content\\\/uploads\\\/2014\\\/04\\\/logo-rassegna1.gif\",\"width\":600,\"height\":163,\"caption\":\"Rassegna Stampa Cattolica\"},\"image\":{\"@id\":\"https:\\\/\\\/www.rassegnastampa-totustuus.it\\\/cattolica\\\/#\\\/schema\\\/logo\\\/image\\\/\"},\"sameAs\":[\"https:\\\/\\\/www.facebook.com\\\/rassegnastampacattolica\",\"https:\\\/\\\/x.com\\\/rassegnastampa9\"]},{\"@type\":\"Person\",\"@id\":\"https:\\\/\\\/www.rassegnastampa-totustuus.it\\\/cattolica\\\/#\\\/schema\\\/person\\\/08f319d2bd1a0904ad9e2bfb7b15e5c3\",\"name\":\"Redazione\",\"image\":{\"@type\":\"ImageObject\",\"inLanguage\":\"it-IT\",\"@id\":\"https:\\\/\\\/secure.gravatar.com\\\/avatar\\\/2fcdf27c78ea025fbdb44e914cc63c72249ffec9dc8aafd5c82b26240ef3f346?s=96&d=mm&r=g\",\"url\":\"https:\\\/\\\/secure.gravatar.com\\\/avatar\\\/2fcdf27c78ea025fbdb44e914cc63c72249ffec9dc8aafd5c82b26240ef3f346?s=96&d=mm&r=g\",\"contentUrl\":\"https:\\\/\\\/secure.gravatar.com\\\/avatar\\\/2fcdf27c78ea025fbdb44e914cc63c72249ffec9dc8aafd5c82b26240ef3f346?s=96&d=mm&r=g\",\"caption\":\"Redazione\"},\"url\":\"https:\\\/\\\/www.rassegnastampa-totustuus.it\\\/cattolica\\\/author\\\/pietroelle\\\/\"}]}<\/script>\n<!-- \/ Yoast SEO plugin. -->","yoast_head_json":{"title":"Introvigne: fischi al Papa, applausi al Dalai lama? - Rassegna Stampa Cattolica","description":"Rassegna Stampa Cattolica - Per una cultura che nasce dalla Rivelazione cristiana in conformit\u00e0 alla tradizione e al Magistero della Chiesa in opposizione ad ogni relativismo e totalitarismo","robots":{"index":"index","follow":"follow","max-snippet":"max-snippet:-1","max-image-preview":"max-image-preview:large","max-video-preview":"max-video-preview:-1"},"canonical":"https:\/\/www.rassegnastampa-totustuus.it\/cattolica\/introvigne-fischi-al-papa-applausi-al-dalai-lama\/","og_locale":"it_IT","og_type":"article","og_title":"Introvigne: fischi al Papa, applausi al Dalai lama? - Rassegna Stampa Cattolica","og_description":"Rassegna Stampa Cattolica - Per una cultura che nasce dalla Rivelazione cristiana in conformit\u00e0 alla tradizione e al Magistero della Chiesa in opposizione ad ogni relativismo e totalitarismo","og_url":"https:\/\/www.rassegnastampa-totustuus.it\/cattolica\/introvigne-fischi-al-papa-applausi-al-dalai-lama\/","og_site_name":"Rassegna Stampa Cattolica","article_publisher":"https:\/\/www.facebook.com\/rassegnastampacattolica","article_published_time":"2012-07-04T22:00:00+00:00","article_modified_time":"2016-01-22T09:44:59+00:00","og_image":[{"width":259,"height":194,"url":"https:\/\/www.rassegnastampa-totustuus.it\/cattolica\/wp-content\/uploads\/2012\/07\/Dalai_Lama.jpg","type":"image\/jpeg"}],"author":"Redazione","twitter_card":"summary_large_image","twitter_creator":"@rassegnastampa9","twitter_site":"@rassegnastampa9","twitter_misc":{"Scritto da":"Redazione","Tempo di lettura stimato":"6 minuti"},"schema":{"@context":"https:\/\/schema.org","@graph":[{"@type":"Article","@id":"https:\/\/www.rassegnastampa-totustuus.it\/cattolica\/introvigne-fischi-al-papa-applausi-al-dalai-lama\/#article","isPartOf":{"@id":"https:\/\/www.rassegnastampa-totustuus.it\/cattolica\/introvigne-fischi-al-papa-applausi-al-dalai-lama\/"},"author":{"name":"Redazione","@id":"https:\/\/www.rassegnastampa-totustuus.it\/cattolica\/#\/schema\/person\/08f319d2bd1a0904ad9e2bfb7b15e5c3"},"headline":"Introvigne: fischi al Papa, applausi al Dalai lama?","datePublished":"2012-07-04T22:00:00+00:00","dateModified":"2016-01-22T09:44:59+00:00","mainEntityOfPage":{"@id":"https:\/\/www.rassegnastampa-totustuus.it\/cattolica\/introvigne-fischi-al-papa-applausi-al-dalai-lama\/"},"wordCount":1275,"publisher":{"@id":"https:\/\/www.rassegnastampa-totustuus.it\/cattolica\/#organization"},"image":{"@id":"https:\/\/www.rassegnastampa-totustuus.it\/cattolica\/introvigne-fischi-al-papa-applausi-al-dalai-lama\/#primaryimage"},"thumbnailUrl":"https:\/\/www.rassegnastampa-totustuus.it\/cattolica\/wp-content\/uploads\/2012\/07\/Dalai_Lama.jpg","keywords":["buddismo"],"articleSection":["Nuove religioni"],"inLanguage":"it-IT"},{"@type":"WebPage","@id":"https:\/\/www.rassegnastampa-totustuus.it\/cattolica\/introvigne-fischi-al-papa-applausi-al-dalai-lama\/","url":"https:\/\/www.rassegnastampa-totustuus.it\/cattolica\/introvigne-fischi-al-papa-applausi-al-dalai-lama\/","name":"Introvigne: fischi al Papa, applausi al Dalai lama? - Rassegna Stampa Cattolica","isPartOf":{"@id":"https:\/\/www.rassegnastampa-totustuus.it\/cattolica\/#website"},"primaryImageOfPage":{"@id":"https:\/\/www.rassegnastampa-totustuus.it\/cattolica\/introvigne-fischi-al-papa-applausi-al-dalai-lama\/#primaryimage"},"image":{"@id":"https:\/\/www.rassegnastampa-totustuus.it\/cattolica\/introvigne-fischi-al-papa-applausi-al-dalai-lama\/#primaryimage"},"thumbnailUrl":"https:\/\/www.rassegnastampa-totustuus.it\/cattolica\/wp-content\/uploads\/2012\/07\/Dalai_Lama.jpg","datePublished":"2012-07-04T22:00:00+00:00","dateModified":"2016-01-22T09:44:59+00:00","description":"Rassegna Stampa Cattolica - Per una cultura che nasce dalla Rivelazione cristiana in conformit\u00e0 alla tradizione e al Magistero della Chiesa in opposizione ad ogni relativismo e totalitarismo","breadcrumb":{"@id":"https:\/\/www.rassegnastampa-totustuus.it\/cattolica\/introvigne-fischi-al-papa-applausi-al-dalai-lama\/#breadcrumb"},"inLanguage":"it-IT","potentialAction":[{"@type":"ReadAction","target":["https:\/\/www.rassegnastampa-totustuus.it\/cattolica\/introvigne-fischi-al-papa-applausi-al-dalai-lama\/"]}]},{"@type":"ImageObject","inLanguage":"it-IT","@id":"https:\/\/www.rassegnastampa-totustuus.it\/cattolica\/introvigne-fischi-al-papa-applausi-al-dalai-lama\/#primaryimage","url":"https:\/\/www.rassegnastampa-totustuus.it\/cattolica\/wp-content\/uploads\/2012\/07\/Dalai_Lama.jpg","contentUrl":"https:\/\/www.rassegnastampa-totustuus.it\/cattolica\/wp-content\/uploads\/2012\/07\/Dalai_Lama.jpg","width":259,"height":194},{"@type":"BreadcrumbList","@id":"https:\/\/www.rassegnastampa-totustuus.it\/cattolica\/introvigne-fischi-al-papa-applausi-al-dalai-lama\/#breadcrumb","itemListElement":[{"@type":"ListItem","position":1,"name":"Home","item":"https:\/\/www.rassegnastampa-totustuus.it\/cattolica\/"},{"@type":"ListItem","position":2,"name":"Introvigne: fischi al Papa, applausi al Dalai lama?"}]},{"@type":"WebSite","@id":"https:\/\/www.rassegnastampa-totustuus.it\/cattolica\/#website","url":"https:\/\/www.rassegnastampa-totustuus.it\/cattolica\/","name":"Rassegna Stampa Cattolica","description":"Per una cultura che nasce dalla Rivelazione cristiana in conformit\u00e0 alla tradizione e al Magistero della Chiesa in opposizione ad ogni relativismo e totalitarismo","publisher":{"@id":"https:\/\/www.rassegnastampa-totustuus.it\/cattolica\/#organization"},"alternateName":"Rass. Cattolica","potentialAction":[{"@type":"SearchAction","target":{"@type":"EntryPoint","urlTemplate":"https:\/\/www.rassegnastampa-totustuus.it\/cattolica\/?s={search_term_string}"},"query-input":{"@type":"PropertyValueSpecification","valueRequired":true,"valueName":"search_term_string"}}],"inLanguage":"it-IT"},{"@type":"Organization","@id":"https:\/\/www.rassegnastampa-totustuus.it\/cattolica\/#organization","name":"Rassegna Stampa Cattolica","url":"https:\/\/www.rassegnastampa-totustuus.it\/cattolica\/","logo":{"@type":"ImageObject","inLanguage":"it-IT","@id":"https:\/\/www.rassegnastampa-totustuus.it\/cattolica\/#\/schema\/logo\/image\/","url":"https:\/\/www.rassegnastampa-totustuus.it\/cattolica\/wp-content\/uploads\/2014\/04\/logo-rassegna1.gif","contentUrl":"https:\/\/www.rassegnastampa-totustuus.it\/cattolica\/wp-content\/uploads\/2014\/04\/logo-rassegna1.gif","width":600,"height":163,"caption":"Rassegna Stampa Cattolica"},"image":{"@id":"https:\/\/www.rassegnastampa-totustuus.it\/cattolica\/#\/schema\/logo\/image\/"},"sameAs":["https:\/\/www.facebook.com\/rassegnastampacattolica","https:\/\/x.com\/rassegnastampa9"]},{"@type":"Person","@id":"https:\/\/www.rassegnastampa-totustuus.it\/cattolica\/#\/schema\/person\/08f319d2bd1a0904ad9e2bfb7b15e5c3","name":"Redazione","image":{"@type":"ImageObject","inLanguage":"it-IT","@id":"https:\/\/secure.gravatar.com\/avatar\/2fcdf27c78ea025fbdb44e914cc63c72249ffec9dc8aafd5c82b26240ef3f346?s=96&d=mm&r=g","url":"https:\/\/secure.gravatar.com\/avatar\/2fcdf27c78ea025fbdb44e914cc63c72249ffec9dc8aafd5c82b26240ef3f346?s=96&d=mm&r=g","contentUrl":"https:\/\/secure.gravatar.com\/avatar\/2fcdf27c78ea025fbdb44e914cc63c72249ffec9dc8aafd5c82b26240ef3f346?s=96&d=mm&r=g","caption":"Redazione"},"url":"https:\/\/www.rassegnastampa-totustuus.it\/cattolica\/author\/pietroelle\/"}]}},"_links":{"self":[{"href":"https:\/\/www.rassegnastampa-totustuus.it\/cattolica\/wp-json\/wp\/v2\/posts\/5124","targetHints":{"allow":["GET"]}}],"collection":[{"href":"https:\/\/www.rassegnastampa-totustuus.it\/cattolica\/wp-json\/wp\/v2\/posts"}],"about":[{"href":"https:\/\/www.rassegnastampa-totustuus.it\/cattolica\/wp-json\/wp\/v2\/types\/post"}],"author":[{"embeddable":true,"href":"https:\/\/www.rassegnastampa-totustuus.it\/cattolica\/wp-json\/wp\/v2\/users\/6"}],"replies":[{"embeddable":true,"href":"https:\/\/www.rassegnastampa-totustuus.it\/cattolica\/wp-json\/wp\/v2\/comments?post=5124"}],"version-history":[{"count":4,"href":"https:\/\/www.rassegnastampa-totustuus.it\/cattolica\/wp-json\/wp\/v2\/posts\/5124\/revisions"}],"predecessor-version":[{"id":29602,"href":"https:\/\/www.rassegnastampa-totustuus.it\/cattolica\/wp-json\/wp\/v2\/posts\/5124\/revisions\/29602"}],"wp:featuredmedia":[{"embeddable":true,"href":"https:\/\/www.rassegnastampa-totustuus.it\/cattolica\/wp-json\/wp\/v2\/media\/29601"}],"wp:attachment":[{"href":"https:\/\/www.rassegnastampa-totustuus.it\/cattolica\/wp-json\/wp\/v2\/media?parent=5124"}],"wp:term":[{"taxonomy":"category","embeddable":true,"href":"https:\/\/www.rassegnastampa-totustuus.it\/cattolica\/wp-json\/wp\/v2\/categories?post=5124"},{"taxonomy":"post_tag","embeddable":true,"href":"https:\/\/www.rassegnastampa-totustuus.it\/cattolica\/wp-json\/wp\/v2\/tags?post=5124"}],"curies":[{"name":"wp","href":"https:\/\/api.w.org\/{rel}","templated":true}]}}