{"id":51092,"date":"2021-05-27T00:00:23","date_gmt":"2021-05-26T22:00:23","guid":{"rendered":"http:\/\/www.rassegnastampa-totustuus.it\/cattolica\/?p=51092"},"modified":"2025-07-28T15:41:43","modified_gmt":"2025-07-28T13:41:43","slug":"il-segreto-della-felicita-dei-servi-di-dio-settimio-e-licia-manelli","status":"publish","type":"post","link":"https:\/\/www.rassegnastampa-totustuus.it\/cattolica\/il-segreto-della-felicita-dei-servi-di-dio-settimio-e-licia-manelli\/","title":{"rendered":"Il segreto della felicit\u00e0 dei Servi di Dio Settimio e Licia Manelli"},"content":{"rendered":"\n<p class=\"has-text-align-center\"><span style=\"color: #000000;\"><span style=\"color: #000080;\"><a href=\"https:\/\/www.settimanaleppio.it\/\" target=\"_blank\" rel=\"noreferrer noopener\"><strong>Il Settimanale di Padre Pio<\/strong> <\/a><\/span><\/span> <span style=\"color: #000000;\">n. 21 30 maggio 2021<strong><em>\u00a0<\/em><\/strong><\/span><\/p>\n\n\n\n<p class=\"has-text-align-center\"><span style=\"color: #000000;\">di <strong>Sara Deodati<\/strong> <\/span><\/p>\n\n\n\n<p><span style=\"color: #000000;\">La storia dei Servi di Dio <strong>Settimio e Licia Manelli<\/strong> \u00e8 una bellissima storia, una storia che nasconde un segreto. Il segreto di questa coppia fu l\u2019integrit\u00e0, la fede in Dio, il saper amare e donarsi reciprocamente l\u2019un l\u2019altro eriporre la propria fiducia unicamente nella Provvidenza, tanto che ebbero 21 figli e vissero per pi\u00f9 di cinquant\u2019anni insieme.<\/span><\/p>\n\n\n<div class=\"wp-block-image\">\n<figure class=\"aligncenter size-full is-resized\"><a href=\"https:\/\/www.rassegnastampa-totustuus.it\/cattolica\/wp-content\/uploads\/2021\/05\/Settimio_Manelli_Licia_Gualandris.jpg\"><img loading=\"lazy\" decoding=\"async\" width=\"300\" height=\"211\" src=\"https:\/\/www.rassegnastampa-totustuus.it\/cattolica\/wp-content\/uploads\/2021\/05\/Settimio_Manelli_Licia_Gualandris.jpg\" alt=\"\" class=\"wp-image-51093\" style=\"width:374px;height:auto\"\/><\/a><\/figure><\/div>\n\n\n<!--more-->\n\n\n\n<p><span style=\"color: #000000;\">Furono figli spirituali di padre Pio il quale defin\u00ec Settimio \u00ab<em>un cristiano tutto d\u2019un pezzo che attua il Vangelo alla perfezione<\/em>\u00bb. Un uomo e una donna esemplari nella loro paternit\u00e0 e maternit\u00e0 che gioiosi nel comprendersi e nell\u2019amarsi, donandosi reciprocamente, pazienti nell\u2019educare, sono diventati un padre ed una madre esemplari, una coppia che davvero merita di essere ricordata come esempio di perfezione cristiana.<\/span><\/p>\n\n\n<div class=\"wp-block-image\">\n<figure class=\"aligncenter size-full is-resized\"><a href=\"https:\/\/www.rassegnastampa-totustuus.it\/cattolica\/wp-content\/uploads\/2016\/09\/padre_Pio.jpg\"><img loading=\"lazy\" decoding=\"async\" width=\"223\" height=\"226\" src=\"https:\/\/www.rassegnastampa-totustuus.it\/cattolica\/wp-content\/uploads\/2016\/09\/padre_Pio.jpg\" alt=\"\" class=\"wp-image-36325\" style=\"width:271px;height:auto\"\/><\/a><\/figure><\/div>\n\n\n<p><span style=\"color: #000000;\">Ma vediamo ora alcuni cenni biografici dei protagonisti di questa storia:Settimio nacque a Teramo (Abruzzo) nel 1886 e mor\u00ec a Roma nel 1978. Appassionato dell\u2019arte e della cultura umanistica in tutta la sua profondit\u00e0, da giovane fu completamente infatuato dal pensiero individualistico e dal Decadentismo. Partecip\u00f2 alla Prima Guerra Mondiale e, da pilota d\u2019idrovolante, si guadagn\u00f2 i gradi di capitano per meriti di guerra.Affascinato dalle esperienze militari e dalla Vittoria, Settimio continu\u00f2 nel dopoguerra a trascurare la vita spirituale ed a vivere una vita morale dissoluta.<\/span><\/p>\n\n\n<div class=\"wp-block-image\">\n<figure class=\"aligncenter is-resized\"><a href=\"https:\/\/www.rassegnastampa-totustuus.it\/cattolica\/wp-content\/uploads\/2021\/05\/idrovolante_guerra_mondiale.jpg\"><img loading=\"lazy\" decoding=\"async\" width=\"267\" height=\"189\" src=\"https:\/\/www.rassegnastampa-totustuus.it\/cattolica\/wp-content\/uploads\/2021\/05\/idrovolante_guerra_mondiale.jpg\" alt=\"\" class=\"wp-image-51094\" style=\"width:387px;height:auto\"\/><\/a><\/figure><\/div>\n\n\n<p><span style=\"color: #000000;\">Una volta congedato, dopo aver conseguito ben due lauree, una in <em>Lettere e filosofia<\/em> e una in <em>Giurisprudenza<\/em>, visse una vita professionale interamente dedicata all\u2019insegnamento e divenne Professore e Preside nelle Scuole medie. Da Preside dovette anche sopportare la persecuzione da parte della Massoneria alla quale per\u00f2 non cedette assolutamente. Ma ritornando al periodo di prima della conversione, va detto che Settimio, pur avendo trascorso molti anni della sua maturit\u00e0 immerso nelle attrattive del mondo, non rimase mai completamente estraneo a quelle inquietudini, malesseri e difficolt\u00e0, che la Provvidenza di Dio gli instillava paternamente nell\u2019anima.<\/span><\/p>\n\n\n<div class=\"wp-block-image\">\n<figure class=\"aligncenter is-resized\"><a href=\"https:\/\/www.rassegnastampa-totustuus.it\/cattolica\/wp-content\/uploads\/2021\/05\/Settimio_Manelli.jpg\"><img loading=\"lazy\" decoding=\"async\" width=\"200\" height=\"196\" src=\"https:\/\/www.rassegnastampa-totustuus.it\/cattolica\/wp-content\/uploads\/2021\/05\/Settimio_Manelli.jpg\" alt=\"\" class=\"wp-image-51095\" style=\"width:246px;height:auto\"\/><\/a><\/figure><\/div>\n\n\n<p><span style=\"color: #000000;\">Alla soglia dei quarant\u2019anni, quindi, sent\u00ec finalmente un tale senso di agitazione e rimorso da cadere in una salutare crisi spirituale che lo port\u00f2 a incontrare Cristo attraverso il Santo cappuccino del Gargano. Incontr\u00f2 san Pio da Pietrelcina nel 1924 e, di l\u00ec a poco, si convert\u00ec divenendo un suo fedelissimo figlio spirituale.<\/span><\/p>\n\n\n\n<p><span style=\"color: #000000;\"> Dopo aver conosciuto a San Giovanni Rotondo il Santo frate, Settimio pens\u00f2,per qualche tempo, di farsi persino sacerdote. Per questo motivo partecip\u00f2 ad un corso di Esercizi spirituali, dal quale usc\u00ec per\u00f2 confermato nel proposito di rispondere alla sua vera vocazione, quella al matrimonio ed alla famiglia.<\/span><\/p>\n\n\n\n<p><span style=\"color: #000000;\"> La conversione di Settimio alla scuola di Padre Pio fu immediata e integrale. Dopo averlo incontrato, infatti, il Cappuccino disse cos\u00ec di lui: \u00ab<em>\u00c8 un\u2019altra anima guadagnata a Ges\u00f9<\/em>\u00bb.<\/span><\/p>\n\n\n\n<p><span style=\"color: #000000;\">Da quel momento, come ha riconosciutoMons. Slawomir Oder, gi\u00e0 postulatore dei processi di beatificazione e canonizzazione di San Giovanni Paolo II, nel Discorso nella conclusione dell\u2019Inchiesta diocesana per i Servi di Dio Licia e Settimio Manelli nel giugno 2014,il prof. Manelli \u00ab<em>inizi\u00f2 una nuova vita tutta protesa verso la santit\u00e0 liberandosi con sollecitudine da tutto ci\u00f2 che impediva o rallentava la sua ascesa a Dio e rinunciando alle attrattive mondane<\/em>\u00bb<\/span><\/p>\n\n\n<div class=\"wp-block-image\">\n<figure class=\"aligncenter is-resized\"><a href=\"https:\/\/www.rassegnastampa-totustuus.it\/cattolica\/wp-content\/uploads\/2021\/05\/Settimio_Manelli-1.jpg\"><img loading=\"lazy\" decoding=\"async\" width=\"187\" height=\"300\" src=\"https:\/\/www.rassegnastampa-totustuus.it\/cattolica\/wp-content\/uploads\/2021\/05\/Settimio_Manelli-1-187x300.jpg\" alt=\"\" class=\"wp-image-51096\" style=\"width:221px;height:auto\" srcset=\"https:\/\/www.rassegnastampa-totustuus.it\/cattolica\/wp-content\/uploads\/2021\/05\/Settimio_Manelli-1-187x300.jpg 187w, https:\/\/www.rassegnastampa-totustuus.it\/cattolica\/wp-content\/uploads\/2021\/05\/Settimio_Manelli-1.jpg 459w\" sizes=\"auto, (max-width: 187px) 100vw, 187px\" \/><\/a><\/figure><\/div>\n\n\n<p><span style=\"color: #000000;\">Dopo la conversione, Settimio indirizz\u00f2 i suoi interessi culturali allo studio dei grandi dottori e mistici: da san Tommaso d\u2019Aquino a san Bonaventura, da sant\u2019Agostino a santa Teresa d\u2019Avila a san Giovanni della Croce. Tuttavia, il primo posto nella sua vita l\u2019hanno avuto sempre Ges\u00f9 e il Vangelo, che conosceva a memoria e citava ogni qual volta gli era possibile. \u00ab<em>Egli non solo credeva in Cristo<\/em> \u2013 aggiunge Mons. Oder &#8211;<em>, ma ne era strenuo difensore: combatteva a viso aperto i nemici di Ges\u00f9 e della Chiesa senza mai scendere a compromessi, neppure quando ci\u00f2 avrebbe potuto garantire a lui e alla sua famiglia un livello di vita pi\u00f9 elevato<\/em>\u00bb. Padre Pio un giorno disse ai fedeli radunati intorno a lui, mentre Settimio gli andava incontro: \u00ab<em>Quest\u2019uomo vive il Vangelo integralmente<\/em>\u00bb&nbsp;<\/span><\/p>\n\n\n\n<p><span style=\"color: #000000;\"> Prima di conoscere la futura sposa, Settimio chiese continuamente al Signore di fargli conoscere una brava ragazza con la quale formare una famiglia secondo il piano di Dio. Ed il Signore lo accontent\u00f2 mettendo sul suo cammino la giovane Licia Gualandris di circa 20 anni pi\u00f9 giovane.<\/span><\/p>\n\n\n<div class=\"wp-block-image\">\n<figure class=\"aligncenter is-resized\"><a href=\"https:\/\/www.rassegnastampa-totustuus.it\/cattolica\/wp-content\/uploads\/2021\/05\/Licia_Gualandris.jpg\"><img loading=\"lazy\" decoding=\"async\" width=\"182\" height=\"277\" src=\"https:\/\/www.rassegnastampa-totustuus.it\/cattolica\/wp-content\/uploads\/2021\/05\/Licia_Gualandris.jpg\" alt=\"\" class=\"wp-image-51097\" style=\"width:204px;height:auto\"\/><\/a><\/figure><\/div>\n\n\n<p><span style=\"color: #000000;\">Se la vita di Settimio passa anche per una conversione in et\u00e0 piuttosto adulta cos\u00ec non \u00e8 stato per Licia. Nata il 13 luglio 1907 a Nembro, in provincia di Bergamo, da ragazza si form\u00f2 spiritualmente sotto la guida di un pio sacerdote che le trasmise un particolare amore per Ges\u00f9 e per i Sacramenti dell\u2019Eucaristia e della Confessione. Dopo aver frequentato le scuole tecniche facendosi notare per la sua seriet\u00e0 e il profitto nello studio, Licia si spos\u00f2 giovanissima, a 19 anni appena compiuti, con Settimio.Nonostante l\u2019opposizione delle rispettive famiglie d\u2019origine, i due convolano a nozze e fondano una famiglia numerosa sentendosi chiamati a questa benemerita vocazione fin dall\u2019inizio del loro matrimonio ed intraprendono un cammino spirituale sotto la benedizione, la guida e l\u2019assistenza continua di San Pio da Pietrelcina. Inizia cos\u00ec il loro fecondo cammino di santit\u00e0\u2026<\/span><\/p>\n\n\n\n<p><span style=\"color: #000000;\">Sin da subito dimostrarono una fiducia illimitata nella Provvidenza e un\u2019<a style=\"color: #000000;\" href=\"http:\/\/www.mogliemammepervocazione.com\/cosa-significa-apertura-alla-vita\/\" target=\"_blank\" rel=\"noreferrer noopener\">apertura totale alla vita<\/a>, tanto che ebbero come detto 21 figli, di cui 13 viventi, 3 vissuti solo pochi mesi e 5 saliti direttamente in cielo. 45 nipoti e 84 pronipoti! Ed in un tempo di bassa scolarizzazione riuscirono a far laureare 3 figli e diplomarsi 10.&nbsp;<\/span><\/p>\n\n\n\n<p><span style=\"color: #000000;\"> Uno dei figli \u00e8 il vivente padre Stefano Maria Manelli, fondatore nel 1970 dei Frati e successivamente delle SuoreFrancescanedell\u2019Immacolata.<\/span><\/p>\n\n\n<div class=\"wp-block-image\">\n<figure class=\"aligncenter is-resized\"><a href=\"https:\/\/www.rassegnastampa-totustuus.it\/cattolica\/wp-content\/uploads\/2021\/05\/Stefano_Maria_Manelli_frati_Immacolata.jpg\"><img loading=\"lazy\" decoding=\"async\" width=\"194\" height=\"259\" src=\"https:\/\/www.rassegnastampa-totustuus.it\/cattolica\/wp-content\/uploads\/2021\/05\/Stefano_Maria_Manelli_frati_Immacolata.jpg\" alt=\"\" class=\"wp-image-51098\" style=\"width:234px;height:auto\"\/><\/a><\/figure><\/div>\n\n\n<p><span style=\"color: #000000;\">Pur fedele alle esigenze di una famiglia cos\u00ec impegnativa, Licia Gualandris non trascur\u00f2 mai la preghiera personale partecipando ogni giorno alla S.Messa alle 5 del mattino, lasciando i bambini a casa che dormivano. In particolare, alla scuola di Padre Pio, Licia ha sempre recitato con diligenza il Santo Rosario e, difatti, come testimoniano i figli, si poteva vederla a tutte le ore, di giorno e di notte, con la Corona in mano.<\/span><\/p>\n\n\n\n<p><span style=\"color: #000000;\">Ha svolto il suo compito di moglie con fedelt\u00e0 e amore, dedicando tutta la sua vita alla numerosa famiglia, in tempi di guerra e quando non c&#8217;erano tutte le comodit\u00e0 che abbiamo noi. Una volta, poich\u00e9 particolarmente sconfortata e provata dai tanti sacrifici, si rivolse a Padre Pio per ricevere conforto. San Pio per la sua abnegazione certamente non comune la consol\u00f2 chiamandola \u00abmamma\u00bb c\u2019\u00e8 quella di \u00abmartire\u00bb. Le numerose testimonianze raccolte parlano quindi di una donna straordinaria con il sorriso costante, per la preghiera incessante e per una carit\u00e0 davvero soprannaturale. Come Settimio anche Licia \u00e8 stata terziaria francescana.<\/span><\/p>\n\n\n<div class=\"wp-block-image\">\n<figure class=\"alignleft\"><a href=\"https:\/\/www.rassegnastampa-totustuus.it\/cattolica\/wp-content\/uploads\/2014\/07\/santa-messa.jpg\"><img loading=\"lazy\" decoding=\"async\" width=\"166\" height=\"300\" src=\"https:\/\/www.rassegnastampa-totustuus.it\/cattolica\/wp-content\/uploads\/2014\/07\/santa-messa-166x300.jpg\" alt=\"\" class=\"wp-image-8645\" srcset=\"https:\/\/www.rassegnastampa-totustuus.it\/cattolica\/wp-content\/uploads\/2014\/07\/santa-messa-166x300.jpg 166w, https:\/\/www.rassegnastampa-totustuus.it\/cattolica\/wp-content\/uploads\/2014\/07\/santa-messa.jpg 167w\" sizes=\"auto, (max-width: 166px) 100vw, 166px\" \/><\/a><\/figure><\/div>\n\n\n<p><span style=\"color: #000000;\"> Ha scritto di lei Mons. Oder: \u00ab<em>la sua fedelt\u00e0, la sua devozione, la sua passione per la Santa Messa e la Comunione erano evidentissime. Tra coloro che l\u2019hanno conosciuta molti hanno testimoniato di aver ricevuto edificazione dal suo atteggiamento di riverenza e raccoglimento nel partecipare alla Santa Messa, durante la quale appariva totalmente immersa dal Mistero che si celebrava. Dava molta importanza anche alla vita di preghiera della sua famiglia: ai suoi figli, fin da quando erano bambini, insegnava a pregare, a fare piccoli \u201cfioretti\u201d, soprattutto durante la Quaresima, le novene e i mesi mariani. In particolare, ci teneva a far loro ascoltare, durante le domeniche e le feste, la Santa Messa, preparandoli con cura alla Confessione settimanale<\/em>\u00bb [S. Order, <em>Discorso nella conclusione dell\u2019Inchiesta diocesana per la Beatificazione e Canonizzazione dei Servi di Dio Settimio Manelli e Licia Gualandris<\/em>, Roma 27 giugno 2014].<\/span><\/p>\n\n\n\n<p><span style=\"color: #000000;\"> I figli la ricordano come un tipo schietto e attivo, con un temperamento molto determinato che l\u2019ha aiutata nella cura del marito e nell\u2019educazione dei figli. \u00ab<em>Ogni sera<\/em> &#8211; ha scritto uno dei figli, Pio Manelli &#8211; <em>ci radunava intorno alla sua sedia, vicino alla stufa per recitare insieme il Santo Rosario; altro che televisione, cinema o balli! Era l\u00ec la forza di mia Madre, da l\u00ec \u00e8 nata nei figli la volont\u00e0 di studiare, sistemarsi e praticare una vita da veri cristiani<\/em>\u00bb. La notte, invece, ricordano sempre i figli, usava metterli a letto passando uno per uno per benedirli con il suo crocifisso.<\/span><\/p>\n\n\n<div class=\"wp-block-image\">\n<figure class=\"aligncenter is-resized\"><a href=\"https:\/\/www.rassegnastampa-totustuus.it\/cattolica\/wp-content\/uploads\/2021\/05\/Settimio_Manelli_Licia_Gualandris-1.jpg\"><img loading=\"lazy\" decoding=\"async\" width=\"189\" height=\"267\" src=\"https:\/\/www.rassegnastampa-totustuus.it\/cattolica\/wp-content\/uploads\/2021\/05\/Settimio_Manelli_Licia_Gualandris-1.jpg\" alt=\"\" class=\"wp-image-51099\" style=\"width:213px;height:auto\"\/><\/a><\/figure><\/div>\n\n\n<p><span style=\"color: #000000;\">Tutta la vita di Settimio e Licia, insieme a molte gioie, \u00e8 stata costellata da piccole e grandi croci, che entrambi hanno sempre accettato perch\u00e9 pienamente consapevoli che tutte rispondevano alla Volont\u00e0 di Dio.Per farvi fronte la loro forza era nella preghiera, nella quotidiana frequenza ai Sacramenti e nel raccoglimento che, nel tempo, \u00e8 aumentato nelle loro anime.<\/span><\/p>\n\n\n\n<p><span style=\"color: #000000;\">&nbsp;La famiglia \u00e8 la prima \u201cpalestra\u201d della santit\u00e0 e, quella di Settimio e Licia, \u00e8 stata senza dubbio un ambiente in cui \u00e8 stato possibile respirare, anche nei dettagli pi\u00f9 piccoli, l\u2019ideale di vita cristiano.<\/span><\/p>\n\n\n\n<p><span style=\"color: #000000;\"> In oltre cinquant\u2019anni di matrimonio seppero condurre quella lotta che reca le gioie pi\u00f9 belle e durature.Perch\u00e9 cos\u00ec era la loro vita, una continua lotta e Settimio, nei momenti pi\u00f9 drammatici, diceva che \u00ab<em>finch\u00e9 c\u2019\u00e8 lotta c\u2019\u00e8 vita<\/em>\u00bb e quindi \u00ab<em>coraggio e sempre avanti, confidando in Dio e nell\u2019aiuto dell\u2019Immacolata!<\/em>\u00bb.&nbsp;<\/span><\/p>\n\n\n\n<p><span style=\"color: #000000;\"> I coniugi Manelli non solo riuscirono a crescere i figli che ebbero in dono, ma pure a offrireloro un\u2019educazione integrale per affrontare l\u2019avventura dell\u2019esistenza. La loro vita sprigiona una tale forza di fecondit\u00e0 spirituale ed umana che non potevamo non raccontarla! <\/span><\/p>\n\n\n\n<p><span style=\"color: #000000;\"><strong>Riferimenti bibliografici <\/strong><\/span><\/p>\n\n\n\n<p><span style=\"color: #000000;\">MARIA TERESA MANELLI, <em>La sorgente della Vita. Vita dei Servi di Dio Pap\u00e0 Settimio e Mamma Licia<\/em>, Casa Mariana Editrice, Frigento (Av) 2014, pp. 400; <\/span><\/p>\n\n\n\n<p><span style=\"color: #000000;\">GIUSEPPE BRIENZA, <em>Filosofia della vita dei Servi di Dio Licia e Settimio Manelli<\/em>, \u201cPresentazione\u201d di P. Serafino Tognetti, Superiore Generale della <em>Comunit\u00e0 dei Figli di Dio<\/em>, Giuliano Ladolfi editore, Borgomanero, (No 2017), pp. 70.<\/span><\/p>\n","protected":false},"excerpt":{"rendered":"<p>Il Settimanale di Padre Pio n. 21 30 maggio 2021\u00a0 di Sara Deodati La storia dei Servi di Dio Settimio e Licia Manelli \u00e8 una bellissima storia, una storia che nasconde un segreto. Il segreto di questa coppia fu l\u2019integrit\u00e0, la fede in Dio, il saper amare e donarsi reciprocamente l\u2019un l\u2019altro eriporre la propria &hellip; <\/p>\n<p><a class=\"more-link btn\" href=\"https:\/\/www.rassegnastampa-totustuus.it\/cattolica\/il-segreto-della-felicita-dei-servi-di-dio-settimio-e-licia-manelli\/\">Continua a leggere<\/a><\/p>\n","protected":false},"author":6,"featured_media":51102,"comment_status":"closed","ping_status":"closed","sticky":false,"template":"","format":"standard","meta":{"footnotes":""},"categories":[5,15,65],"tags":[156,314],"class_list":["post-51092","post","type-post","status-publish","format-standard","has-post-thumbnail","hentry","category-chiesa","category-famiglia","category-santi","tag-famiglia-2","tag-matrimonio","item-wrap"],"yoast_head":"<!-- This site is optimized with the Yoast SEO plugin v27.4 - https:\/\/yoast.com\/product\/yoast-seo-wordpress\/ -->\n<title>Il segreto della felicit\u00e0 dei Servi di Dio Settimio e Licia Manelli - Rassegna Stampa Cattolica<\/title>\n<meta name=\"description\" content=\"l segreto della felicit\u00e0 dei Servi di Dio Settimio e Licia Manelli, la loro storia di integrit\u00e0, fede in Dio e amore reciproco\" \/>\n<meta name=\"robots\" content=\"index, follow, max-snippet:-1, max-image-preview:large, max-video-preview:-1\" \/>\n<link rel=\"canonical\" href=\"https:\/\/www.rassegnastampa-totustuus.it\/cattolica\/il-segreto-della-felicita-dei-servi-di-dio-settimio-e-licia-manelli\/\" \/>\n<meta property=\"og:locale\" content=\"it_IT\" \/>\n<meta property=\"og:type\" content=\"article\" \/>\n<meta property=\"og:title\" content=\"Il segreto della felicit\u00e0 dei Servi di Dio Settimio e Licia Manelli - Rassegna Stampa Cattolica\" \/>\n<meta property=\"og:description\" content=\"l segreto della felicit\u00e0 dei Servi di Dio Settimio e Licia Manelli, la loro storia di integrit\u00e0, fede in Dio e amore reciproco\" \/>\n<meta property=\"og:url\" content=\"https:\/\/www.rassegnastampa-totustuus.it\/cattolica\/il-segreto-della-felicita-dei-servi-di-dio-settimio-e-licia-manelli\/\" \/>\n<meta property=\"og:site_name\" content=\"Rassegna Stampa Cattolica\" \/>\n<meta property=\"article:publisher\" content=\"https:\/\/www.facebook.com\/rassegnastampacattolica\" \/>\n<meta property=\"article:published_time\" content=\"2021-05-26T22:00:23+00:00\" \/>\n<meta property=\"article:modified_time\" content=\"2025-07-28T13:41:43+00:00\" \/>\n<meta property=\"og:image\" content=\"https:\/\/www.rassegnastampa-totustuus.it\/cattolica\/wp-content\/uploads\/2021\/05\/Settimio_Manelli_Licia_Gualandris-2.jpg\" \/>\n\t<meta property=\"og:image:width\" content=\"1280\" \/>\n\t<meta property=\"og:image:height\" content=\"720\" \/>\n\t<meta property=\"og:image:type\" content=\"image\/jpeg\" \/>\n<meta name=\"author\" content=\"Redazione\" \/>\n<meta name=\"twitter:card\" content=\"summary_large_image\" \/>\n<meta name=\"twitter:creator\" content=\"@rassegnastampa9\" \/>\n<meta name=\"twitter:site\" content=\"@rassegnastampa9\" \/>\n<meta name=\"twitter:label1\" content=\"Scritto da\" \/>\n\t<meta name=\"twitter:data1\" content=\"Redazione\" \/>\n\t<meta name=\"twitter:label2\" content=\"Tempo di lettura stimato\" \/>\n\t<meta name=\"twitter:data2\" content=\"11 minuti\" \/>\n<script type=\"application\/ld+json\" class=\"yoast-schema-graph\">{\"@context\":\"https:\\\/\\\/schema.org\",\"@graph\":[{\"@type\":\"Article\",\"@id\":\"https:\\\/\\\/www.rassegnastampa-totustuus.it\\\/cattolica\\\/il-segreto-della-felicita-dei-servi-di-dio-settimio-e-licia-manelli\\\/#article\",\"isPartOf\":{\"@id\":\"https:\\\/\\\/www.rassegnastampa-totustuus.it\\\/cattolica\\\/il-segreto-della-felicita-dei-servi-di-dio-settimio-e-licia-manelli\\\/\"},\"author\":{\"name\":\"Redazione\",\"@id\":\"https:\\\/\\\/www.rassegnastampa-totustuus.it\\\/cattolica\\\/#\\\/schema\\\/person\\\/08f319d2bd1a0904ad9e2bfb7b15e5c3\"},\"headline\":\"Il segreto della felicit\u00e0 dei Servi di Dio Settimio e Licia Manelli\",\"datePublished\":\"2021-05-26T22:00:23+00:00\",\"dateModified\":\"2025-07-28T13:41:43+00:00\",\"mainEntityOfPage\":{\"@id\":\"https:\\\/\\\/www.rassegnastampa-totustuus.it\\\/cattolica\\\/il-segreto-della-felicita-dei-servi-di-dio-settimio-e-licia-manelli\\\/\"},\"wordCount\":1593,\"publisher\":{\"@id\":\"https:\\\/\\\/www.rassegnastampa-totustuus.it\\\/cattolica\\\/#organization\"},\"image\":{\"@id\":\"https:\\\/\\\/www.rassegnastampa-totustuus.it\\\/cattolica\\\/il-segreto-della-felicita-dei-servi-di-dio-settimio-e-licia-manelli\\\/#primaryimage\"},\"thumbnailUrl\":\"https:\\\/\\\/www.rassegnastampa-totustuus.it\\\/cattolica\\\/wp-content\\\/uploads\\\/2021\\\/05\\\/Settimio_Manelli_Licia_Gualandris-2.jpg\",\"keywords\":[\"famiglia\",\"matrimonio\"],\"articleSection\":[\"Chiesa\",\"Famiglia\",\"Santi\"],\"inLanguage\":\"it-IT\"},{\"@type\":\"WebPage\",\"@id\":\"https:\\\/\\\/www.rassegnastampa-totustuus.it\\\/cattolica\\\/il-segreto-della-felicita-dei-servi-di-dio-settimio-e-licia-manelli\\\/\",\"url\":\"https:\\\/\\\/www.rassegnastampa-totustuus.it\\\/cattolica\\\/il-segreto-della-felicita-dei-servi-di-dio-settimio-e-licia-manelli\\\/\",\"name\":\"Il segreto della felicit\u00e0 dei Servi di Dio Settimio e Licia Manelli - Rassegna Stampa Cattolica\",\"isPartOf\":{\"@id\":\"https:\\\/\\\/www.rassegnastampa-totustuus.it\\\/cattolica\\\/#website\"},\"primaryImageOfPage\":{\"@id\":\"https:\\\/\\\/www.rassegnastampa-totustuus.it\\\/cattolica\\\/il-segreto-della-felicita-dei-servi-di-dio-settimio-e-licia-manelli\\\/#primaryimage\"},\"image\":{\"@id\":\"https:\\\/\\\/www.rassegnastampa-totustuus.it\\\/cattolica\\\/il-segreto-della-felicita-dei-servi-di-dio-settimio-e-licia-manelli\\\/#primaryimage\"},\"thumbnailUrl\":\"https:\\\/\\\/www.rassegnastampa-totustuus.it\\\/cattolica\\\/wp-content\\\/uploads\\\/2021\\\/05\\\/Settimio_Manelli_Licia_Gualandris-2.jpg\",\"datePublished\":\"2021-05-26T22:00:23+00:00\",\"dateModified\":\"2025-07-28T13:41:43+00:00\",\"description\":\"l segreto della felicit\u00e0 dei Servi di Dio Settimio e Licia Manelli, la loro storia di integrit\u00e0, fede in Dio e amore reciproco\",\"breadcrumb\":{\"@id\":\"https:\\\/\\\/www.rassegnastampa-totustuus.it\\\/cattolica\\\/il-segreto-della-felicita-dei-servi-di-dio-settimio-e-licia-manelli\\\/#breadcrumb\"},\"inLanguage\":\"it-IT\",\"potentialAction\":[{\"@type\":\"ReadAction\",\"target\":[\"https:\\\/\\\/www.rassegnastampa-totustuus.it\\\/cattolica\\\/il-segreto-della-felicita-dei-servi-di-dio-settimio-e-licia-manelli\\\/\"]}]},{\"@type\":\"ImageObject\",\"inLanguage\":\"it-IT\",\"@id\":\"https:\\\/\\\/www.rassegnastampa-totustuus.it\\\/cattolica\\\/il-segreto-della-felicita-dei-servi-di-dio-settimio-e-licia-manelli\\\/#primaryimage\",\"url\":\"https:\\\/\\\/www.rassegnastampa-totustuus.it\\\/cattolica\\\/wp-content\\\/uploads\\\/2021\\\/05\\\/Settimio_Manelli_Licia_Gualandris-2.jpg\",\"contentUrl\":\"https:\\\/\\\/www.rassegnastampa-totustuus.it\\\/cattolica\\\/wp-content\\\/uploads\\\/2021\\\/05\\\/Settimio_Manelli_Licia_Gualandris-2.jpg\",\"width\":1280,\"height\":720},{\"@type\":\"BreadcrumbList\",\"@id\":\"https:\\\/\\\/www.rassegnastampa-totustuus.it\\\/cattolica\\\/il-segreto-della-felicita-dei-servi-di-dio-settimio-e-licia-manelli\\\/#breadcrumb\",\"itemListElement\":[{\"@type\":\"ListItem\",\"position\":1,\"name\":\"Home\",\"item\":\"https:\\\/\\\/www.rassegnastampa-totustuus.it\\\/cattolica\\\/\"},{\"@type\":\"ListItem\",\"position\":2,\"name\":\"Il segreto della felicit\u00e0 dei Servi di Dio Settimio e Licia Manelli\"}]},{\"@type\":\"WebSite\",\"@id\":\"https:\\\/\\\/www.rassegnastampa-totustuus.it\\\/cattolica\\\/#website\",\"url\":\"https:\\\/\\\/www.rassegnastampa-totustuus.it\\\/cattolica\\\/\",\"name\":\"Rassegna Stampa Cattolica\",\"description\":\"Per una cultura che nasce dalla Rivelazione cristiana in conformit\u00e0 alla tradizione e al Magistero della Chiesa in opposizione ad ogni relativismo e totalitarismo\",\"publisher\":{\"@id\":\"https:\\\/\\\/www.rassegnastampa-totustuus.it\\\/cattolica\\\/#organization\"},\"alternateName\":\"Rass. Cattolica\",\"potentialAction\":[{\"@type\":\"SearchAction\",\"target\":{\"@type\":\"EntryPoint\",\"urlTemplate\":\"https:\\\/\\\/www.rassegnastampa-totustuus.it\\\/cattolica\\\/?s={search_term_string}\"},\"query-input\":{\"@type\":\"PropertyValueSpecification\",\"valueRequired\":true,\"valueName\":\"search_term_string\"}}],\"inLanguage\":\"it-IT\"},{\"@type\":\"Organization\",\"@id\":\"https:\\\/\\\/www.rassegnastampa-totustuus.it\\\/cattolica\\\/#organization\",\"name\":\"Rassegna Stampa Cattolica\",\"url\":\"https:\\\/\\\/www.rassegnastampa-totustuus.it\\\/cattolica\\\/\",\"logo\":{\"@type\":\"ImageObject\",\"inLanguage\":\"it-IT\",\"@id\":\"https:\\\/\\\/www.rassegnastampa-totustuus.it\\\/cattolica\\\/#\\\/schema\\\/logo\\\/image\\\/\",\"url\":\"https:\\\/\\\/www.rassegnastampa-totustuus.it\\\/cattolica\\\/wp-content\\\/uploads\\\/2014\\\/04\\\/logo-rassegna1.gif\",\"contentUrl\":\"https:\\\/\\\/www.rassegnastampa-totustuus.it\\\/cattolica\\\/wp-content\\\/uploads\\\/2014\\\/04\\\/logo-rassegna1.gif\",\"width\":600,\"height\":163,\"caption\":\"Rassegna Stampa Cattolica\"},\"image\":{\"@id\":\"https:\\\/\\\/www.rassegnastampa-totustuus.it\\\/cattolica\\\/#\\\/schema\\\/logo\\\/image\\\/\"},\"sameAs\":[\"https:\\\/\\\/www.facebook.com\\\/rassegnastampacattolica\",\"https:\\\/\\\/x.com\\\/rassegnastampa9\"]},{\"@type\":\"Person\",\"@id\":\"https:\\\/\\\/www.rassegnastampa-totustuus.it\\\/cattolica\\\/#\\\/schema\\\/person\\\/08f319d2bd1a0904ad9e2bfb7b15e5c3\",\"name\":\"Redazione\",\"image\":{\"@type\":\"ImageObject\",\"inLanguage\":\"it-IT\",\"@id\":\"https:\\\/\\\/secure.gravatar.com\\\/avatar\\\/2fcdf27c78ea025fbdb44e914cc63c72249ffec9dc8aafd5c82b26240ef3f346?s=96&d=mm&r=g\",\"url\":\"https:\\\/\\\/secure.gravatar.com\\\/avatar\\\/2fcdf27c78ea025fbdb44e914cc63c72249ffec9dc8aafd5c82b26240ef3f346?s=96&d=mm&r=g\",\"contentUrl\":\"https:\\\/\\\/secure.gravatar.com\\\/avatar\\\/2fcdf27c78ea025fbdb44e914cc63c72249ffec9dc8aafd5c82b26240ef3f346?s=96&d=mm&r=g\",\"caption\":\"Redazione\"},\"url\":\"https:\\\/\\\/www.rassegnastampa-totustuus.it\\\/cattolica\\\/author\\\/pietroelle\\\/\"}]}<\/script>\n<!-- \/ Yoast SEO plugin. -->","yoast_head_json":{"title":"Il segreto della felicit\u00e0 dei Servi di Dio Settimio e Licia Manelli - Rassegna Stampa Cattolica","description":"l segreto della felicit\u00e0 dei Servi di Dio Settimio e Licia Manelli, la loro storia di integrit\u00e0, fede in Dio e amore reciproco","robots":{"index":"index","follow":"follow","max-snippet":"max-snippet:-1","max-image-preview":"max-image-preview:large","max-video-preview":"max-video-preview:-1"},"canonical":"https:\/\/www.rassegnastampa-totustuus.it\/cattolica\/il-segreto-della-felicita-dei-servi-di-dio-settimio-e-licia-manelli\/","og_locale":"it_IT","og_type":"article","og_title":"Il segreto della felicit\u00e0 dei Servi di Dio Settimio e Licia Manelli - Rassegna Stampa Cattolica","og_description":"l segreto della felicit\u00e0 dei Servi di Dio Settimio e Licia Manelli, la loro storia di integrit\u00e0, fede in Dio e amore reciproco","og_url":"https:\/\/www.rassegnastampa-totustuus.it\/cattolica\/il-segreto-della-felicita-dei-servi-di-dio-settimio-e-licia-manelli\/","og_site_name":"Rassegna Stampa Cattolica","article_publisher":"https:\/\/www.facebook.com\/rassegnastampacattolica","article_published_time":"2021-05-26T22:00:23+00:00","article_modified_time":"2025-07-28T13:41:43+00:00","og_image":[{"width":1280,"height":720,"url":"https:\/\/www.rassegnastampa-totustuus.it\/cattolica\/wp-content\/uploads\/2021\/05\/Settimio_Manelli_Licia_Gualandris-2.jpg","type":"image\/jpeg"}],"author":"Redazione","twitter_card":"summary_large_image","twitter_creator":"@rassegnastampa9","twitter_site":"@rassegnastampa9","twitter_misc":{"Scritto da":"Redazione","Tempo di lettura stimato":"11 minuti"},"schema":{"@context":"https:\/\/schema.org","@graph":[{"@type":"Article","@id":"https:\/\/www.rassegnastampa-totustuus.it\/cattolica\/il-segreto-della-felicita-dei-servi-di-dio-settimio-e-licia-manelli\/#article","isPartOf":{"@id":"https:\/\/www.rassegnastampa-totustuus.it\/cattolica\/il-segreto-della-felicita-dei-servi-di-dio-settimio-e-licia-manelli\/"},"author":{"name":"Redazione","@id":"https:\/\/www.rassegnastampa-totustuus.it\/cattolica\/#\/schema\/person\/08f319d2bd1a0904ad9e2bfb7b15e5c3"},"headline":"Il segreto della felicit\u00e0 dei Servi di Dio Settimio e Licia Manelli","datePublished":"2021-05-26T22:00:23+00:00","dateModified":"2025-07-28T13:41:43+00:00","mainEntityOfPage":{"@id":"https:\/\/www.rassegnastampa-totustuus.it\/cattolica\/il-segreto-della-felicita-dei-servi-di-dio-settimio-e-licia-manelli\/"},"wordCount":1593,"publisher":{"@id":"https:\/\/www.rassegnastampa-totustuus.it\/cattolica\/#organization"},"image":{"@id":"https:\/\/www.rassegnastampa-totustuus.it\/cattolica\/il-segreto-della-felicita-dei-servi-di-dio-settimio-e-licia-manelli\/#primaryimage"},"thumbnailUrl":"https:\/\/www.rassegnastampa-totustuus.it\/cattolica\/wp-content\/uploads\/2021\/05\/Settimio_Manelli_Licia_Gualandris-2.jpg","keywords":["famiglia","matrimonio"],"articleSection":["Chiesa","Famiglia","Santi"],"inLanguage":"it-IT"},{"@type":"WebPage","@id":"https:\/\/www.rassegnastampa-totustuus.it\/cattolica\/il-segreto-della-felicita-dei-servi-di-dio-settimio-e-licia-manelli\/","url":"https:\/\/www.rassegnastampa-totustuus.it\/cattolica\/il-segreto-della-felicita-dei-servi-di-dio-settimio-e-licia-manelli\/","name":"Il segreto della felicit\u00e0 dei Servi di Dio Settimio e Licia Manelli - Rassegna Stampa Cattolica","isPartOf":{"@id":"https:\/\/www.rassegnastampa-totustuus.it\/cattolica\/#website"},"primaryImageOfPage":{"@id":"https:\/\/www.rassegnastampa-totustuus.it\/cattolica\/il-segreto-della-felicita-dei-servi-di-dio-settimio-e-licia-manelli\/#primaryimage"},"image":{"@id":"https:\/\/www.rassegnastampa-totustuus.it\/cattolica\/il-segreto-della-felicita-dei-servi-di-dio-settimio-e-licia-manelli\/#primaryimage"},"thumbnailUrl":"https:\/\/www.rassegnastampa-totustuus.it\/cattolica\/wp-content\/uploads\/2021\/05\/Settimio_Manelli_Licia_Gualandris-2.jpg","datePublished":"2021-05-26T22:00:23+00:00","dateModified":"2025-07-28T13:41:43+00:00","description":"l segreto della felicit\u00e0 dei Servi di Dio Settimio e Licia Manelli, la loro storia di integrit\u00e0, fede in Dio e amore reciproco","breadcrumb":{"@id":"https:\/\/www.rassegnastampa-totustuus.it\/cattolica\/il-segreto-della-felicita-dei-servi-di-dio-settimio-e-licia-manelli\/#breadcrumb"},"inLanguage":"it-IT","potentialAction":[{"@type":"ReadAction","target":["https:\/\/www.rassegnastampa-totustuus.it\/cattolica\/il-segreto-della-felicita-dei-servi-di-dio-settimio-e-licia-manelli\/"]}]},{"@type":"ImageObject","inLanguage":"it-IT","@id":"https:\/\/www.rassegnastampa-totustuus.it\/cattolica\/il-segreto-della-felicita-dei-servi-di-dio-settimio-e-licia-manelli\/#primaryimage","url":"https:\/\/www.rassegnastampa-totustuus.it\/cattolica\/wp-content\/uploads\/2021\/05\/Settimio_Manelli_Licia_Gualandris-2.jpg","contentUrl":"https:\/\/www.rassegnastampa-totustuus.it\/cattolica\/wp-content\/uploads\/2021\/05\/Settimio_Manelli_Licia_Gualandris-2.jpg","width":1280,"height":720},{"@type":"BreadcrumbList","@id":"https:\/\/www.rassegnastampa-totustuus.it\/cattolica\/il-segreto-della-felicita-dei-servi-di-dio-settimio-e-licia-manelli\/#breadcrumb","itemListElement":[{"@type":"ListItem","position":1,"name":"Home","item":"https:\/\/www.rassegnastampa-totustuus.it\/cattolica\/"},{"@type":"ListItem","position":2,"name":"Il segreto della felicit\u00e0 dei Servi di Dio Settimio e Licia Manelli"}]},{"@type":"WebSite","@id":"https:\/\/www.rassegnastampa-totustuus.it\/cattolica\/#website","url":"https:\/\/www.rassegnastampa-totustuus.it\/cattolica\/","name":"Rassegna Stampa Cattolica","description":"Per una cultura che nasce dalla Rivelazione cristiana in conformit\u00e0 alla tradizione e al Magistero della Chiesa in opposizione ad ogni relativismo e totalitarismo","publisher":{"@id":"https:\/\/www.rassegnastampa-totustuus.it\/cattolica\/#organization"},"alternateName":"Rass. Cattolica","potentialAction":[{"@type":"SearchAction","target":{"@type":"EntryPoint","urlTemplate":"https:\/\/www.rassegnastampa-totustuus.it\/cattolica\/?s={search_term_string}"},"query-input":{"@type":"PropertyValueSpecification","valueRequired":true,"valueName":"search_term_string"}}],"inLanguage":"it-IT"},{"@type":"Organization","@id":"https:\/\/www.rassegnastampa-totustuus.it\/cattolica\/#organization","name":"Rassegna Stampa Cattolica","url":"https:\/\/www.rassegnastampa-totustuus.it\/cattolica\/","logo":{"@type":"ImageObject","inLanguage":"it-IT","@id":"https:\/\/www.rassegnastampa-totustuus.it\/cattolica\/#\/schema\/logo\/image\/","url":"https:\/\/www.rassegnastampa-totustuus.it\/cattolica\/wp-content\/uploads\/2014\/04\/logo-rassegna1.gif","contentUrl":"https:\/\/www.rassegnastampa-totustuus.it\/cattolica\/wp-content\/uploads\/2014\/04\/logo-rassegna1.gif","width":600,"height":163,"caption":"Rassegna Stampa Cattolica"},"image":{"@id":"https:\/\/www.rassegnastampa-totustuus.it\/cattolica\/#\/schema\/logo\/image\/"},"sameAs":["https:\/\/www.facebook.com\/rassegnastampacattolica","https:\/\/x.com\/rassegnastampa9"]},{"@type":"Person","@id":"https:\/\/www.rassegnastampa-totustuus.it\/cattolica\/#\/schema\/person\/08f319d2bd1a0904ad9e2bfb7b15e5c3","name":"Redazione","image":{"@type":"ImageObject","inLanguage":"it-IT","@id":"https:\/\/secure.gravatar.com\/avatar\/2fcdf27c78ea025fbdb44e914cc63c72249ffec9dc8aafd5c82b26240ef3f346?s=96&d=mm&r=g","url":"https:\/\/secure.gravatar.com\/avatar\/2fcdf27c78ea025fbdb44e914cc63c72249ffec9dc8aafd5c82b26240ef3f346?s=96&d=mm&r=g","contentUrl":"https:\/\/secure.gravatar.com\/avatar\/2fcdf27c78ea025fbdb44e914cc63c72249ffec9dc8aafd5c82b26240ef3f346?s=96&d=mm&r=g","caption":"Redazione"},"url":"https:\/\/www.rassegnastampa-totustuus.it\/cattolica\/author\/pietroelle\/"}]}},"_links":{"self":[{"href":"https:\/\/www.rassegnastampa-totustuus.it\/cattolica\/wp-json\/wp\/v2\/posts\/51092","targetHints":{"allow":["GET"]}}],"collection":[{"href":"https:\/\/www.rassegnastampa-totustuus.it\/cattolica\/wp-json\/wp\/v2\/posts"}],"about":[{"href":"https:\/\/www.rassegnastampa-totustuus.it\/cattolica\/wp-json\/wp\/v2\/types\/post"}],"author":[{"embeddable":true,"href":"https:\/\/www.rassegnastampa-totustuus.it\/cattolica\/wp-json\/wp\/v2\/users\/6"}],"replies":[{"embeddable":true,"href":"https:\/\/www.rassegnastampa-totustuus.it\/cattolica\/wp-json\/wp\/v2\/comments?post=51092"}],"version-history":[{"count":3,"href":"https:\/\/www.rassegnastampa-totustuus.it\/cattolica\/wp-json\/wp\/v2\/posts\/51092\/revisions"}],"predecessor-version":[{"id":63611,"href":"https:\/\/www.rassegnastampa-totustuus.it\/cattolica\/wp-json\/wp\/v2\/posts\/51092\/revisions\/63611"}],"wp:featuredmedia":[{"embeddable":true,"href":"https:\/\/www.rassegnastampa-totustuus.it\/cattolica\/wp-json\/wp\/v2\/media\/51102"}],"wp:attachment":[{"href":"https:\/\/www.rassegnastampa-totustuus.it\/cattolica\/wp-json\/wp\/v2\/media?parent=51092"}],"wp:term":[{"taxonomy":"category","embeddable":true,"href":"https:\/\/www.rassegnastampa-totustuus.it\/cattolica\/wp-json\/wp\/v2\/categories?post=51092"},{"taxonomy":"post_tag","embeddable":true,"href":"https:\/\/www.rassegnastampa-totustuus.it\/cattolica\/wp-json\/wp\/v2\/tags?post=51092"}],"curies":[{"name":"wp","href":"https:\/\/api.w.org\/{rel}","templated":true}]}}