{"id":5090,"date":"2012-06-07T00:00:00","date_gmt":"2012-06-06T22:00:00","guid":{"rendered":""},"modified":"2015-05-01T11:10:21","modified_gmt":"2015-05-01T09:10:21","slug":"il-libro-nero-del-buddismo","status":"publish","type":"post","link":"https:\/\/www.rassegnastampa-totustuus.it\/cattolica\/il-libro-nero-del-buddismo\/","title":{"rendered":"Il libro nero del buddismo"},"content":{"rendered":"<div style=\"text-align: center;\"><a href=\"https:\/\/www.rassegnastampa-totustuus.it\/cattolica\/wp-content\/uploads\/2012\/06\/buddismo_cover.png\"><img loading=\"lazy\" decoding=\"async\" class=\"alignleft wp-image-23922\" src=\"https:\/\/www.rassegnastampa-totustuus.it\/cattolica\/wp-content\/uploads\/2012\/06\/buddismo_cover.png\" alt=\"buddismo_cover\" width=\"129\" height=\"200\" \/><\/a>Dal blog di <a href=\"http:\/\/costanzamiriano.wordpress.com\/2012\/05\/28\/contro-il-buddismo\/\"><strong>Costanza Miriano<\/strong><\/a><\/div>\n<p style=\"text-align: center;\">di<strong> Camillo Langone<br \/>\n<\/strong><\/p>\n<p style=\"text-align: justify;\">Che fegato, Roberto Dal Bosco. Gettarsi anima e corpo contro il religioso pi\u00f9 amato del mondo, ovviamente il Dalai Lama. E contro la religione pi\u00f9 ammirata, ovviamente il buddismo. Ma come gli \u00e8 venuto in mente di scrivere un libro intitolato \u201c<a href=\"http:\/\/www.theseuslibri.it\/product\/2951\/Contro-il-buddismo.-Il-volto-oscuro-di-una-dottrina-arcana.html\" target=\"_blank\">Contro il buddismo<\/a>\u201d? Ho fra le mani il primo libro italiano che osi una critica sistematica al mondo dei monaci arancioni. Il primo libro italiano e il secondo al mondo: l\u2019altro \u00e8 tedesco, \u201cDer Schatten des Dalai Lama\u201d, mai tradotto in Italia, disponibile in inglese per\u00f2 solo su internet e comunque circoscritto al lamaismo tibetano.<\/p>\n<p><!--more--><\/p>\n<div style=\"text-align: justify;\">Mentre Dal Bosco, che a dispetto della giovane et\u00e0 (\u00e8 nato a Vicenza nel 1978) dimostra un\u2019erudizione grande quasi quanto l\u2019Asia, con la sua analisi spazia dal Tibet al Giappone, dal Vietnam allo Sri Lanka, e racconta le malefatte dei vari buddismi nazionali. Avete letto bene: le malefatte. Talmente tante che il titolo di questo lavoro poteva essere \u201cIl libro nero del buddismo\u201d. La pulizia etnica scatenata dai cingalesi contro i tamil. La complicit\u00e0 morale nei confronti della bomba atomica indiana.<\/div>\n<p style=\"text-align: justify;\">L\u2019attentato nella metropolitana di Tokio. Tutta roba fresca, mica decrepita come le Crociate che vengono ancora addebitate ai cristiani dopo quasi mille anni dagli avvenimenti (peraltro malcompresi). Il nirvana che gli ignari (per non dire ignoranti) buddisti occidentali credono condizione estatica, felicit\u00e0 senza dolore, viene riportato da Del Bosco alla radice etimologica che in sanscrito significa \u201cestinzione\u201d. Spesso e volentieri nel senso di \u201cdistruzione\u201d.<\/p>\n<p style=\"text-align: justify;\">I buddofili, che sulla rete si sono gi\u00e0 avventati sullo studioso vicentino, farebbero meglio a non usare l\u2019argomento gi\u00e0 usato per assolvere il comunismo dai crimini di Stalin. Ve la ricordate? \u201cL\u2019idea era buona, purtroppo \u00e8 stata realizzata male\u201d. E invece la colpa risiede proprio nelle idee ovvero nei sacri testi.<\/p>\n<p style=\"text-align: justify;\">La violenza sovietica affondava le radici nel \u201cManifesto del partito comunista\u201d cos\u00ec come quella buddistica trova origine nei libri studiati nei monasteri arancioni. Nel Kalachakra Tantra (il testo base del buddismo tibetano) si narrano le epiche gesta di un re che uccider\u00e0 tutti i nemici della causa buddista, elencati in modo molto circostanziato: prima i musulmani, poi i cristiani e gli ebrei. Oltre a una serie di dettagliate istruzioni per l\u2019utilizzo erotico di donne non consenzienti (si consiglia perfino di ubriacarle: ma ci voleva l\u2019antica saggezza orientale per escogitare un espediente cos\u00ec squallido?).<\/p>\n<p style=\"text-align: justify;\">Nell\u2019Hevajra Tantra e nel Guhyasamaja Tantra (titoli impronunciabili, lo so, ma sono intraducibili) si insegna a praticare l\u2019omicidio rituale. Nel Mahavansa, cronaca sacra del buddismo ceylonese, si dice che i miscredenti sono subumani, praticamente bestie, e quindi si possono uccidere senza alcuna preoccupazione morale (per intendersi: nessun pericolo di reincarnarsi in scarafaggi).<\/p>\n<p style=\"text-align: justify;\">Con simili giustificazioni religiose o para-religiose non c\u2019\u00e8 da stupirsi che nel 2009, su una spiaggia dello Sri Lanka, le truppe dei cingalesi (buddisti) abbiano massacrato quel che rimaneva dei secessionisti tamil (induisti e cristiani) incitate da un inno composto in monastero: \u201cIl sangha \/ \u00e8 sempre pronto al fronte \/ se la razza \u00e8 minacciata\u201d. Dove \u201csangha\u201d significa all\u2019incirca \u201cchiesa, clero buddista\u201d.<\/p>\n<p style=\"text-align: justify;\">Furono 20.000 vittime civili gettate nelle fosse comuni e 300.000 profughi a cui venne addirittura impedito di ricevere l\u2019assistenza della Croce Rossa, una tragedia che in Occidente non ha suscitato pi\u00f9 di qualche trafiletto perch\u00e9 troppo difficile da raccontare a lettori arciconvinti della dolcezza programmatica di una religione equivocata.<\/p>\n<p style=\"text-align: justify;\">Adesso l\u2019ignoranza non ha pi\u00f9 scuse, chi vuole informarsi pu\u00f2 farlo grazie a questo libro che svela \u201cil lato oscuro dell\u2019illuminazione\u201d. Dal Bosco racconta la storia inquietante della prima bomba atomica indiana, chiamata \u201cIl sorriso del Budda\u201d e fatta esplodere il giorno della nascita del Risvegliato: come se una potenza occidentale facesse esplodere un ordigno nucleare il giorno di Natale, chiamandolo per giunta \u201cIl sorriso di Ges\u00f9\u201d.<\/p>\n<p style=\"text-align: justify;\">Racconta la sinistra vicenda di Shoko Asahara, il buddista stragista che in Giappone, nel \u201995, uccise undici persone col gas nervino per concretizzare le parole dei sacri testi: costui era amico e finanziatore del Dalai Lama, che lo elogi\u00f2 anche dopo il massacro.<\/p>\n<p style=\"text-align: justify;\">Eccoci quindi al tibetano pi\u00f9 famoso del mondo, il monaco aranciovestito cui Dal Bosco dedica molti succosi capitoli descrivendone ambiguit\u00e0 e doppiezze, gli avvicinamenti di volta in volta al marxismo o alla Cia a seconda delle convenienze, e poi la giovanile venerazione per un demone himalaiano e il non giovanile assenso a una biografia fantasiosa che serve a nascondere le origini cinesi, quanto mai imbarazzanti per il capo di un popolo che ha nella Cina il peggior nemico.<\/p>\n<p style=\"text-align: justify;\">Abilissimo nelle pubbliche relazioni, l\u2019erede di una sfilza di teocrati praticanti fino al secolo scorso lo schiavismo e la pedofilia (crimini per i quali non risulta aver chiesto perdono) ha confezionato un lamaismo per signore, un nichilismo sdolcinato che occulta di proposito gli aspetti pi\u00f9 nettamente pagani e stregoneschi della religione tibetana. Secondo gli infatuati \u00e8 un oceano di saggezza, secondo me, dopo aver letto \u201cContro il buddismo\u201d, \u00e8 solo una gran faccia di bonzo.<\/p>\n<p style=\"text-align: justify;\"><strong>Roberto Dal Bosco<\/strong> Contro Il Buddismo (Fede &amp; Cultura)<\/p>\n<p style=\"text-align: center;\"><strong><a href=\"http:\/\/www.theseuslibri.it\/product\/2951\/Contro-il-buddismo.-Il-volto-oscuro-di-una-dottrina-arcana.html\" target=\"_blank\">ACQUISTA<\/a><\/strong><\/p>\n","protected":false},"excerpt":{"rendered":"<p>Dal blog di Costanza Miriano di Camillo Langone Che fegato, Roberto Dal Bosco. Gettarsi anima e corpo contro il religioso pi\u00f9 amato del mondo, ovviamente il Dalai Lama. E contro la religione pi\u00f9 ammirata, ovviamente il buddismo. Ma come gli \u00e8 venuto in mente di scrivere un libro intitolato \u201cContro il buddismo\u201d? Ho fra le &hellip; <\/p>\n<p><a class=\"more-link btn\" href=\"https:\/\/www.rassegnastampa-totustuus.it\/cattolica\/il-libro-nero-del-buddismo\/\">Continua a leggere<\/a><\/p>\n","protected":false},"author":6,"featured_media":23922,"comment_status":"closed","ping_status":"open","sticky":false,"template":"","format":"standard","meta":{"footnotes":""},"categories":[17,63],"tags":[686],"class_list":["post-5090","post","type-post","status-publish","format-standard","has-post-thumbnail","hentry","category-libri","category-nuove-religioni-sette","tag-buddismo-2","item-wrap"],"yoast_head":"<!-- This site is optimized with the Yoast SEO plugin v27.5 - https:\/\/yoast.com\/product\/yoast-seo-wordpress\/ -->\n<title>Il libro nero del buddismo - Rassegna Stampa Cattolica<\/title>\n<meta name=\"description\" content=\"Rassegna Stampa Cattolica - Per una cultura che nasce dalla Rivelazione cristiana in conformit\u00e0 alla tradizione e al Magistero della Chiesa in opposizione ad ogni relativismo e totalitarismo\" \/>\n<meta name=\"robots\" content=\"index, follow, max-snippet:-1, max-image-preview:large, max-video-preview:-1\" \/>\n<link rel=\"canonical\" href=\"https:\/\/www.rassegnastampa-totustuus.it\/cattolica\/il-libro-nero-del-buddismo\/\" \/>\n<meta property=\"og:locale\" content=\"it_IT\" \/>\n<meta property=\"og:type\" content=\"article\" \/>\n<meta property=\"og:title\" content=\"Il libro nero del buddismo - Rassegna Stampa Cattolica\" \/>\n<meta property=\"og:description\" content=\"Rassegna Stampa Cattolica - Per una cultura che nasce dalla Rivelazione cristiana in conformit\u00e0 alla tradizione e al Magistero della Chiesa in opposizione ad ogni relativismo e totalitarismo\" \/>\n<meta property=\"og:url\" content=\"https:\/\/www.rassegnastampa-totustuus.it\/cattolica\/il-libro-nero-del-buddismo\/\" \/>\n<meta property=\"og:site_name\" content=\"Rassegna Stampa Cattolica\" \/>\n<meta property=\"article:publisher\" content=\"https:\/\/www.facebook.com\/rassegnastampacattolica\" \/>\n<meta property=\"article:published_time\" content=\"2012-06-06T22:00:00+00:00\" \/>\n<meta property=\"article:modified_time\" content=\"2015-05-01T09:10:21+00:00\" \/>\n<meta property=\"og:image\" content=\"https:\/\/www.rassegnastampa-totustuus.it\/cattolica\/wp-content\/uploads\/2012\/06\/buddismo_cover.png\" \/>\n\t<meta property=\"og:image:width\" content=\"180\" \/>\n\t<meta property=\"og:image:height\" content=\"280\" \/>\n\t<meta property=\"og:image:type\" content=\"image\/png\" \/>\n<meta name=\"author\" content=\"Redazione\" \/>\n<meta name=\"twitter:card\" content=\"summary_large_image\" \/>\n<meta name=\"twitter:creator\" content=\"@rassegnastampa9\" \/>\n<meta name=\"twitter:site\" content=\"@rassegnastampa9\" \/>\n<meta name=\"twitter:label1\" content=\"Scritto da\" \/>\n\t<meta name=\"twitter:data1\" content=\"Redazione\" \/>\n\t<meta name=\"twitter:label2\" content=\"Tempo di lettura stimato\" \/>\n\t<meta name=\"twitter:data2\" content=\"4 minuti\" \/>\n<script type=\"application\/ld+json\" class=\"yoast-schema-graph\">{\"@context\":\"https:\\\/\\\/schema.org\",\"@graph\":[{\"@type\":\"Article\",\"@id\":\"https:\\\/\\\/www.rassegnastampa-totustuus.it\\\/cattolica\\\/il-libro-nero-del-buddismo\\\/#article\",\"isPartOf\":{\"@id\":\"https:\\\/\\\/www.rassegnastampa-totustuus.it\\\/cattolica\\\/il-libro-nero-del-buddismo\\\/\"},\"author\":{\"name\":\"Redazione\",\"@id\":\"https:\\\/\\\/www.rassegnastampa-totustuus.it\\\/cattolica\\\/#\\\/schema\\\/person\\\/08f319d2bd1a0904ad9e2bfb7b15e5c3\"},\"headline\":\"Il libro nero del buddismo\",\"datePublished\":\"2012-06-06T22:00:00+00:00\",\"dateModified\":\"2015-05-01T09:10:21+00:00\",\"mainEntityOfPage\":{\"@id\":\"https:\\\/\\\/www.rassegnastampa-totustuus.it\\\/cattolica\\\/il-libro-nero-del-buddismo\\\/\"},\"wordCount\":835,\"publisher\":{\"@id\":\"https:\\\/\\\/www.rassegnastampa-totustuus.it\\\/cattolica\\\/#organization\"},\"image\":{\"@id\":\"https:\\\/\\\/www.rassegnastampa-totustuus.it\\\/cattolica\\\/il-libro-nero-del-buddismo\\\/#primaryimage\"},\"thumbnailUrl\":\"https:\\\/\\\/www.rassegnastampa-totustuus.it\\\/cattolica\\\/wp-content\\\/uploads\\\/2012\\\/06\\\/buddismo_cover.png\",\"keywords\":[\"buddismo\"],\"articleSection\":[\"Libri\",\"Nuove religioni\"],\"inLanguage\":\"it-IT\"},{\"@type\":\"WebPage\",\"@id\":\"https:\\\/\\\/www.rassegnastampa-totustuus.it\\\/cattolica\\\/il-libro-nero-del-buddismo\\\/\",\"url\":\"https:\\\/\\\/www.rassegnastampa-totustuus.it\\\/cattolica\\\/il-libro-nero-del-buddismo\\\/\",\"name\":\"Il libro nero del buddismo - Rassegna Stampa Cattolica\",\"isPartOf\":{\"@id\":\"https:\\\/\\\/www.rassegnastampa-totustuus.it\\\/cattolica\\\/#website\"},\"primaryImageOfPage\":{\"@id\":\"https:\\\/\\\/www.rassegnastampa-totustuus.it\\\/cattolica\\\/il-libro-nero-del-buddismo\\\/#primaryimage\"},\"image\":{\"@id\":\"https:\\\/\\\/www.rassegnastampa-totustuus.it\\\/cattolica\\\/il-libro-nero-del-buddismo\\\/#primaryimage\"},\"thumbnailUrl\":\"https:\\\/\\\/www.rassegnastampa-totustuus.it\\\/cattolica\\\/wp-content\\\/uploads\\\/2012\\\/06\\\/buddismo_cover.png\",\"datePublished\":\"2012-06-06T22:00:00+00:00\",\"dateModified\":\"2015-05-01T09:10:21+00:00\",\"description\":\"Rassegna Stampa Cattolica - Per una cultura che nasce dalla Rivelazione cristiana in conformit\u00e0 alla tradizione e al Magistero della Chiesa in opposizione ad ogni relativismo e totalitarismo\",\"breadcrumb\":{\"@id\":\"https:\\\/\\\/www.rassegnastampa-totustuus.it\\\/cattolica\\\/il-libro-nero-del-buddismo\\\/#breadcrumb\"},\"inLanguage\":\"it-IT\",\"potentialAction\":[{\"@type\":\"ReadAction\",\"target\":[\"https:\\\/\\\/www.rassegnastampa-totustuus.it\\\/cattolica\\\/il-libro-nero-del-buddismo\\\/\"]}]},{\"@type\":\"ImageObject\",\"inLanguage\":\"it-IT\",\"@id\":\"https:\\\/\\\/www.rassegnastampa-totustuus.it\\\/cattolica\\\/il-libro-nero-del-buddismo\\\/#primaryimage\",\"url\":\"https:\\\/\\\/www.rassegnastampa-totustuus.it\\\/cattolica\\\/wp-content\\\/uploads\\\/2012\\\/06\\\/buddismo_cover.png\",\"contentUrl\":\"https:\\\/\\\/www.rassegnastampa-totustuus.it\\\/cattolica\\\/wp-content\\\/uploads\\\/2012\\\/06\\\/buddismo_cover.png\",\"width\":180,\"height\":280},{\"@type\":\"BreadcrumbList\",\"@id\":\"https:\\\/\\\/www.rassegnastampa-totustuus.it\\\/cattolica\\\/il-libro-nero-del-buddismo\\\/#breadcrumb\",\"itemListElement\":[{\"@type\":\"ListItem\",\"position\":1,\"name\":\"Home\",\"item\":\"https:\\\/\\\/www.rassegnastampa-totustuus.it\\\/cattolica\\\/\"},{\"@type\":\"ListItem\",\"position\":2,\"name\":\"Il libro nero del buddismo\"}]},{\"@type\":\"WebSite\",\"@id\":\"https:\\\/\\\/www.rassegnastampa-totustuus.it\\\/cattolica\\\/#website\",\"url\":\"https:\\\/\\\/www.rassegnastampa-totustuus.it\\\/cattolica\\\/\",\"name\":\"Rassegna Stampa Cattolica\",\"description\":\"Per una cultura che nasce dalla Rivelazione cristiana in conformit\u00e0 alla tradizione e al Magistero della Chiesa in opposizione ad ogni relativismo e totalitarismo\",\"publisher\":{\"@id\":\"https:\\\/\\\/www.rassegnastampa-totustuus.it\\\/cattolica\\\/#organization\"},\"alternateName\":\"Rass. Cattolica\",\"potentialAction\":[{\"@type\":\"SearchAction\",\"target\":{\"@type\":\"EntryPoint\",\"urlTemplate\":\"https:\\\/\\\/www.rassegnastampa-totustuus.it\\\/cattolica\\\/?s={search_term_string}\"},\"query-input\":{\"@type\":\"PropertyValueSpecification\",\"valueRequired\":true,\"valueName\":\"search_term_string\"}}],\"inLanguage\":\"it-IT\"},{\"@type\":\"Organization\",\"@id\":\"https:\\\/\\\/www.rassegnastampa-totustuus.it\\\/cattolica\\\/#organization\",\"name\":\"Rassegna Stampa Cattolica\",\"url\":\"https:\\\/\\\/www.rassegnastampa-totustuus.it\\\/cattolica\\\/\",\"logo\":{\"@type\":\"ImageObject\",\"inLanguage\":\"it-IT\",\"@id\":\"https:\\\/\\\/www.rassegnastampa-totustuus.it\\\/cattolica\\\/#\\\/schema\\\/logo\\\/image\\\/\",\"url\":\"https:\\\/\\\/www.rassegnastampa-totustuus.it\\\/cattolica\\\/wp-content\\\/uploads\\\/2014\\\/04\\\/logo-rassegna1.gif\",\"contentUrl\":\"https:\\\/\\\/www.rassegnastampa-totustuus.it\\\/cattolica\\\/wp-content\\\/uploads\\\/2014\\\/04\\\/logo-rassegna1.gif\",\"width\":600,\"height\":163,\"caption\":\"Rassegna Stampa Cattolica\"},\"image\":{\"@id\":\"https:\\\/\\\/www.rassegnastampa-totustuus.it\\\/cattolica\\\/#\\\/schema\\\/logo\\\/image\\\/\"},\"sameAs\":[\"https:\\\/\\\/www.facebook.com\\\/rassegnastampacattolica\",\"https:\\\/\\\/x.com\\\/rassegnastampa9\"]},{\"@type\":\"Person\",\"@id\":\"https:\\\/\\\/www.rassegnastampa-totustuus.it\\\/cattolica\\\/#\\\/schema\\\/person\\\/08f319d2bd1a0904ad9e2bfb7b15e5c3\",\"name\":\"Redazione\",\"image\":{\"@type\":\"ImageObject\",\"inLanguage\":\"it-IT\",\"@id\":\"https:\\\/\\\/secure.gravatar.com\\\/avatar\\\/2fcdf27c78ea025fbdb44e914cc63c72249ffec9dc8aafd5c82b26240ef3f346?s=96&d=mm&r=g\",\"url\":\"https:\\\/\\\/secure.gravatar.com\\\/avatar\\\/2fcdf27c78ea025fbdb44e914cc63c72249ffec9dc8aafd5c82b26240ef3f346?s=96&d=mm&r=g\",\"contentUrl\":\"https:\\\/\\\/secure.gravatar.com\\\/avatar\\\/2fcdf27c78ea025fbdb44e914cc63c72249ffec9dc8aafd5c82b26240ef3f346?s=96&d=mm&r=g\",\"caption\":\"Redazione\"},\"url\":\"https:\\\/\\\/www.rassegnastampa-totustuus.it\\\/cattolica\\\/author\\\/pietroelle\\\/\"}]}<\/script>\n<!-- \/ Yoast SEO plugin. -->","yoast_head_json":{"title":"Il libro nero del buddismo - Rassegna Stampa Cattolica","description":"Rassegna Stampa Cattolica - Per una cultura che nasce dalla Rivelazione cristiana in conformit\u00e0 alla tradizione e al Magistero della Chiesa in opposizione ad ogni relativismo e totalitarismo","robots":{"index":"index","follow":"follow","max-snippet":"max-snippet:-1","max-image-preview":"max-image-preview:large","max-video-preview":"max-video-preview:-1"},"canonical":"https:\/\/www.rassegnastampa-totustuus.it\/cattolica\/il-libro-nero-del-buddismo\/","og_locale":"it_IT","og_type":"article","og_title":"Il libro nero del buddismo - Rassegna Stampa Cattolica","og_description":"Rassegna Stampa Cattolica - Per una cultura che nasce dalla Rivelazione cristiana in conformit\u00e0 alla tradizione e al Magistero della Chiesa in opposizione ad ogni relativismo e totalitarismo","og_url":"https:\/\/www.rassegnastampa-totustuus.it\/cattolica\/il-libro-nero-del-buddismo\/","og_site_name":"Rassegna Stampa Cattolica","article_publisher":"https:\/\/www.facebook.com\/rassegnastampacattolica","article_published_time":"2012-06-06T22:00:00+00:00","article_modified_time":"2015-05-01T09:10:21+00:00","og_image":[{"width":180,"height":280,"url":"https:\/\/www.rassegnastampa-totustuus.it\/cattolica\/wp-content\/uploads\/2012\/06\/buddismo_cover.png","type":"image\/png"}],"author":"Redazione","twitter_card":"summary_large_image","twitter_creator":"@rassegnastampa9","twitter_site":"@rassegnastampa9","twitter_misc":{"Scritto da":"Redazione","Tempo di lettura stimato":"4 minuti"},"schema":{"@context":"https:\/\/schema.org","@graph":[{"@type":"Article","@id":"https:\/\/www.rassegnastampa-totustuus.it\/cattolica\/il-libro-nero-del-buddismo\/#article","isPartOf":{"@id":"https:\/\/www.rassegnastampa-totustuus.it\/cattolica\/il-libro-nero-del-buddismo\/"},"author":{"name":"Redazione","@id":"https:\/\/www.rassegnastampa-totustuus.it\/cattolica\/#\/schema\/person\/08f319d2bd1a0904ad9e2bfb7b15e5c3"},"headline":"Il libro nero del buddismo","datePublished":"2012-06-06T22:00:00+00:00","dateModified":"2015-05-01T09:10:21+00:00","mainEntityOfPage":{"@id":"https:\/\/www.rassegnastampa-totustuus.it\/cattolica\/il-libro-nero-del-buddismo\/"},"wordCount":835,"publisher":{"@id":"https:\/\/www.rassegnastampa-totustuus.it\/cattolica\/#organization"},"image":{"@id":"https:\/\/www.rassegnastampa-totustuus.it\/cattolica\/il-libro-nero-del-buddismo\/#primaryimage"},"thumbnailUrl":"https:\/\/www.rassegnastampa-totustuus.it\/cattolica\/wp-content\/uploads\/2012\/06\/buddismo_cover.png","keywords":["buddismo"],"articleSection":["Libri","Nuove religioni"],"inLanguage":"it-IT"},{"@type":"WebPage","@id":"https:\/\/www.rassegnastampa-totustuus.it\/cattolica\/il-libro-nero-del-buddismo\/","url":"https:\/\/www.rassegnastampa-totustuus.it\/cattolica\/il-libro-nero-del-buddismo\/","name":"Il libro nero del buddismo - Rassegna Stampa Cattolica","isPartOf":{"@id":"https:\/\/www.rassegnastampa-totustuus.it\/cattolica\/#website"},"primaryImageOfPage":{"@id":"https:\/\/www.rassegnastampa-totustuus.it\/cattolica\/il-libro-nero-del-buddismo\/#primaryimage"},"image":{"@id":"https:\/\/www.rassegnastampa-totustuus.it\/cattolica\/il-libro-nero-del-buddismo\/#primaryimage"},"thumbnailUrl":"https:\/\/www.rassegnastampa-totustuus.it\/cattolica\/wp-content\/uploads\/2012\/06\/buddismo_cover.png","datePublished":"2012-06-06T22:00:00+00:00","dateModified":"2015-05-01T09:10:21+00:00","description":"Rassegna Stampa Cattolica - Per una cultura che nasce dalla Rivelazione cristiana in conformit\u00e0 alla tradizione e al Magistero della Chiesa in opposizione ad ogni relativismo e totalitarismo","breadcrumb":{"@id":"https:\/\/www.rassegnastampa-totustuus.it\/cattolica\/il-libro-nero-del-buddismo\/#breadcrumb"},"inLanguage":"it-IT","potentialAction":[{"@type":"ReadAction","target":["https:\/\/www.rassegnastampa-totustuus.it\/cattolica\/il-libro-nero-del-buddismo\/"]}]},{"@type":"ImageObject","inLanguage":"it-IT","@id":"https:\/\/www.rassegnastampa-totustuus.it\/cattolica\/il-libro-nero-del-buddismo\/#primaryimage","url":"https:\/\/www.rassegnastampa-totustuus.it\/cattolica\/wp-content\/uploads\/2012\/06\/buddismo_cover.png","contentUrl":"https:\/\/www.rassegnastampa-totustuus.it\/cattolica\/wp-content\/uploads\/2012\/06\/buddismo_cover.png","width":180,"height":280},{"@type":"BreadcrumbList","@id":"https:\/\/www.rassegnastampa-totustuus.it\/cattolica\/il-libro-nero-del-buddismo\/#breadcrumb","itemListElement":[{"@type":"ListItem","position":1,"name":"Home","item":"https:\/\/www.rassegnastampa-totustuus.it\/cattolica\/"},{"@type":"ListItem","position":2,"name":"Il libro nero del buddismo"}]},{"@type":"WebSite","@id":"https:\/\/www.rassegnastampa-totustuus.it\/cattolica\/#website","url":"https:\/\/www.rassegnastampa-totustuus.it\/cattolica\/","name":"Rassegna Stampa Cattolica","description":"Per una cultura che nasce dalla Rivelazione cristiana in conformit\u00e0 alla tradizione e al Magistero della Chiesa in opposizione ad ogni relativismo e totalitarismo","publisher":{"@id":"https:\/\/www.rassegnastampa-totustuus.it\/cattolica\/#organization"},"alternateName":"Rass. Cattolica","potentialAction":[{"@type":"SearchAction","target":{"@type":"EntryPoint","urlTemplate":"https:\/\/www.rassegnastampa-totustuus.it\/cattolica\/?s={search_term_string}"},"query-input":{"@type":"PropertyValueSpecification","valueRequired":true,"valueName":"search_term_string"}}],"inLanguage":"it-IT"},{"@type":"Organization","@id":"https:\/\/www.rassegnastampa-totustuus.it\/cattolica\/#organization","name":"Rassegna Stampa Cattolica","url":"https:\/\/www.rassegnastampa-totustuus.it\/cattolica\/","logo":{"@type":"ImageObject","inLanguage":"it-IT","@id":"https:\/\/www.rassegnastampa-totustuus.it\/cattolica\/#\/schema\/logo\/image\/","url":"https:\/\/www.rassegnastampa-totustuus.it\/cattolica\/wp-content\/uploads\/2014\/04\/logo-rassegna1.gif","contentUrl":"https:\/\/www.rassegnastampa-totustuus.it\/cattolica\/wp-content\/uploads\/2014\/04\/logo-rassegna1.gif","width":600,"height":163,"caption":"Rassegna Stampa Cattolica"},"image":{"@id":"https:\/\/www.rassegnastampa-totustuus.it\/cattolica\/#\/schema\/logo\/image\/"},"sameAs":["https:\/\/www.facebook.com\/rassegnastampacattolica","https:\/\/x.com\/rassegnastampa9"]},{"@type":"Person","@id":"https:\/\/www.rassegnastampa-totustuus.it\/cattolica\/#\/schema\/person\/08f319d2bd1a0904ad9e2bfb7b15e5c3","name":"Redazione","image":{"@type":"ImageObject","inLanguage":"it-IT","@id":"https:\/\/secure.gravatar.com\/avatar\/2fcdf27c78ea025fbdb44e914cc63c72249ffec9dc8aafd5c82b26240ef3f346?s=96&d=mm&r=g","url":"https:\/\/secure.gravatar.com\/avatar\/2fcdf27c78ea025fbdb44e914cc63c72249ffec9dc8aafd5c82b26240ef3f346?s=96&d=mm&r=g","contentUrl":"https:\/\/secure.gravatar.com\/avatar\/2fcdf27c78ea025fbdb44e914cc63c72249ffec9dc8aafd5c82b26240ef3f346?s=96&d=mm&r=g","caption":"Redazione"},"url":"https:\/\/www.rassegnastampa-totustuus.it\/cattolica\/author\/pietroelle\/"}]}},"_links":{"self":[{"href":"https:\/\/www.rassegnastampa-totustuus.it\/cattolica\/wp-json\/wp\/v2\/posts\/5090","targetHints":{"allow":["GET"]}}],"collection":[{"href":"https:\/\/www.rassegnastampa-totustuus.it\/cattolica\/wp-json\/wp\/v2\/posts"}],"about":[{"href":"https:\/\/www.rassegnastampa-totustuus.it\/cattolica\/wp-json\/wp\/v2\/types\/post"}],"author":[{"embeddable":true,"href":"https:\/\/www.rassegnastampa-totustuus.it\/cattolica\/wp-json\/wp\/v2\/users\/6"}],"replies":[{"embeddable":true,"href":"https:\/\/www.rassegnastampa-totustuus.it\/cattolica\/wp-json\/wp\/v2\/comments?post=5090"}],"version-history":[{"count":3,"href":"https:\/\/www.rassegnastampa-totustuus.it\/cattolica\/wp-json\/wp\/v2\/posts\/5090\/revisions"}],"predecessor-version":[{"id":23923,"href":"https:\/\/www.rassegnastampa-totustuus.it\/cattolica\/wp-json\/wp\/v2\/posts\/5090\/revisions\/23923"}],"wp:featuredmedia":[{"embeddable":true,"href":"https:\/\/www.rassegnastampa-totustuus.it\/cattolica\/wp-json\/wp\/v2\/media\/23922"}],"wp:attachment":[{"href":"https:\/\/www.rassegnastampa-totustuus.it\/cattolica\/wp-json\/wp\/v2\/media?parent=5090"}],"wp:term":[{"taxonomy":"category","embeddable":true,"href":"https:\/\/www.rassegnastampa-totustuus.it\/cattolica\/wp-json\/wp\/v2\/categories?post=5090"},{"taxonomy":"post_tag","embeddable":true,"href":"https:\/\/www.rassegnastampa-totustuus.it\/cattolica\/wp-json\/wp\/v2\/tags?post=5090"}],"curies":[{"name":"wp","href":"https:\/\/api.w.org\/{rel}","templated":true}]}}