{"id":50889,"date":"2021-05-13T00:00:21","date_gmt":"2021-05-12T22:00:21","guid":{"rendered":"http:\/\/www.rassegnastampa-totustuus.it\/cattolica\/?p=50889"},"modified":"2025-07-29T09:52:49","modified_gmt":"2025-07-29T07:52:49","slug":"il-pensatore-che-oso-credere-in-dio-nei-tempestosi-anni-del-68","status":"publish","type":"post","link":"https:\/\/www.rassegnastampa-totustuus.it\/cattolica\/il-pensatore-che-oso-credere-in-dio-nei-tempestosi-anni-del-68\/","title":{"rendered":"Il pensatore che os\u00f2 credere in Dio nei tempestosi anni del &#8217;68"},"content":{"rendered":"\n<p class=\"has-text-align-center\"><span style=\"color: #000000;\"><strong>Famiglia Cristiana<\/strong> 6 Maggio 2021<\/span><\/p>\n\n\n\n<p><span style=\"color: #000000;\"><em>Nel quarantesimo anniversario della morte del filosofo Emanuele Samek Lodovici (1942-1981), coraggioso testimone della fede cattolica in un periodo storico tormentato, suo figlio Giacomo, docente di Storia delle dottrine morali e di Filosofia della storia presso l&#8217;Universit\u00e0 Cattolica del Sacro Cuore di Milano, ne traccia un appassionato profilo<\/em><\/span><\/p>\n\n\n\n<p class=\"has-text-align-center\"><span style=\"color: #000000;\"><strong>Giacomo Samek Lodovici<\/strong><\/span><\/p>\n\n\n<div class=\"wp-block-image\">\n<figure class=\"aligncenter size-full is-resized\"><a href=\"https:\/\/www.rassegnastampa-totustuus.it\/cattolica\/wp-content\/uploads\/2021\/05\/Emanuele_Samek-Lodovici.jpg\"><img loading=\"lazy\" decoding=\"async\" width=\"634\" height=\"445\" src=\"https:\/\/www.rassegnastampa-totustuus.it\/cattolica\/wp-content\/uploads\/2021\/05\/Emanuele_Samek-Lodovici.jpg\" alt=\"\" class=\"wp-image-50891\" style=\"width:446px;height:auto\" srcset=\"https:\/\/www.rassegnastampa-totustuus.it\/cattolica\/wp-content\/uploads\/2021\/05\/Emanuele_Samek-Lodovici.jpg 634w, https:\/\/www.rassegnastampa-totustuus.it\/cattolica\/wp-content\/uploads\/2021\/05\/Emanuele_Samek-Lodovici-300x211.jpg 300w\" sizes=\"auto, (max-width: 634px) 100vw, 634px\" \/><\/a><\/figure><\/div>\n\n\n<!--more-->\n\n\n\n<p><span style=\"color: #000000;\">Emanuele Samek Lodovici \u00e8 stato un filosofo, morto precocemente a 38 anni, poco dopo aver vinto la cattedra in Filosofia morale, che ha coraggiosamente testimoniato la sua fede cattolica e di cui il 5 maggio 2021 ricorre il quarantesimo anniversario della morte. \u00c8 infatti morto il 5 maggio 1981 durante un intervento chirurgico, che era divenuto necessario per i postumi di un incidente stradale. <\/span><\/p>\n\n\n\n<p><span style=\"color: #000000;\">Era nato il 28 dicembre 1942 a Messina, ma \u00e8 poi vissuto sempre a Milano. Pur essendo giovane, gi\u00e0 da qualche anno si era guadagnato la stima di due tra i filosofi cattolici italiani pi\u00f9 importanti del \u2018900, Cornelio Fabro e Augusto Del Noce, il quale, in una lettera<\/span> <a href=\"http:\/\/emanuelesameklodovici.it\/onewebmedia\/img01324.pdf\" target=\"_blank\" rel=\"noreferrer noopener\"><span style=\"color: #0000ff;\">(clicca qui per leggerla<\/span>)<\/a>, <span style=\"color: #000000;\">lo considerava la pi\u00f9 acuta fra le giovani intelligenze della sua generazione, l\u2019unica a cui prefigurava una statura di \u00abmaestro\u00bb. <\/span><\/p>\n\n\n\n<p><span style=\"color: #000000;\">Ma va ricordata ancora, perlomeno, anche la stima nei suoi confronti di due grandi come la storica Marta Sordi e il romanziere Eugenio Corti, di cui fu anche amico. <\/span><\/p>\n\n\n<div class=\"wp-block-image\">\n<figure class=\"aligncenter is-resized\"><a href=\"https:\/\/www.rassegnastampa-totustuus.it\/cattolica\/wp-content\/uploads\/2020\/04\/68.jpg\"><img loading=\"lazy\" decoding=\"async\" width=\"186\" height=\"192\" src=\"https:\/\/www.rassegnastampa-totustuus.it\/cattolica\/wp-content\/uploads\/2020\/04\/68.jpg\" alt=\"\" class=\"wp-image-46937\" style=\"width:456px;height:auto\"\/><\/a><\/figure><\/div>\n\n\n<p><span style=\"color: #000000;\">Durante il Sessantotto venne sprangato: quasi un onore per chi non si era mai arreso all\u2019egemonia marxista e a certe derive del cattolicesimo italiano e, senza essere un nostalgico <em>laudator temporis acti<\/em>, promuoveva un ritorno alle radici profonde della tradizione occidentale. <\/span><\/p>\n\n\n\n<p><span style=\"color: #000000;\">Della sua complessa monografia su Agostino intitolata <em>Dio e mondo<\/em> si pu\u00f2 solo accennare che in essa Samek affronta rigorosamente l\u2019accusa mossa da Heidegger alla metafisica, l\u2019accusa di non aver compreso che cos\u2019\u00e8 l\u2019essere e di aver reificato Dio. <\/span><\/p>\n\n\n\n<p><span style=\"color: #000000;\">Quanto alla monografia <em>Metamorfosi della gnosi<\/em>, si tratta di una profonda e non di rado profetica fenomenologia della cultura contemporanea, interpretata in molte sue espressioni come rifrazione di una mentalit\u00e0, spesso inconscia: quella della gnosi. <\/span><\/p>\n\n\n<div class=\"wp-block-image\">\n<figure class=\"aligncenter is-resized\"><a href=\"https:\/\/www.rassegnastampa-totustuus.it\/cattolica\/wp-content\/uploads\/2020\/03\/gnosticismo_gnosi.jpeg\"><img loading=\"lazy\" decoding=\"async\" width=\"272\" height=\"154\" src=\"https:\/\/www.rassegnastampa-totustuus.it\/cattolica\/wp-content\/uploads\/2020\/03\/gnosticismo_gnosi.jpeg\" alt=\"\" class=\"wp-image-46674\" style=\"width:466px;height:auto\"\/><\/a><\/figure><\/div>\n\n\n<p><span style=\"color: #000000;\">Per Samek la mentalit\u00e0 neo-gnostica moderna assume dallo gnosticismo antico alcune grandi tesi: il mondo e l\u2019uomo sono negativi, la natura umana \u00e8 errata e da ri-fare; lo gnostico, il rivoluzionario, \u00e8 capace di produrre la redenzione e l\u2019uomo nuovo (ambizione ben diversa dalla talora sacrosanta intenzione di produrre riforme e miglioramenti sociali), \u00e8 capace da solo (senza bisogno di Dio) di raggiungere la salvezza dalla negativit\u00e0 e\/o di raggiungere la perfezione, \u00e8 in grado di instaurare il paradiso, o quasi, in terra (come si sono prefissi i totalitarismi, per fare solo un esempio). <\/span><\/p>\n\n\n\n<p><span style=\"color: #000000;\">Apice di tutte queste tesi \u00e8 il rifiuto gnostico e neognostico della finitezza umana. <\/span><\/p>\n\n\n\n<p><span style=\"color: #000000;\">Questa impostazione gnostica \u00e8 irriducibilmente avversaria del cristianesimo, secondo cui il mondo ha un grande valore, perch\u00e9 Dio lo ha voluto e creato e perch\u00e9 in esso Dio stesso si \u00e8 incarnato. E la gnosi vuole cancellare o almeno riscrivere la storia e il passato, perch\u00e9 questi rammentano la serie dei gi\u00e0 trascorsi fallimenti di costruzione dell&#8217;uomo nuovo. <\/span><\/p>\n\n\n<div class=\"wp-block-image\">\n<figure class=\"aligncenter is-resized\"><a href=\"https:\/\/www.rassegnastampa-totustuus.it\/cattolica\/wp-content\/uploads\/2020\/12\/chiesa_altare_messa.jpg\"><img loading=\"lazy\" decoding=\"async\" width=\"276\" height=\"183\" src=\"https:\/\/www.rassegnastampa-totustuus.it\/cattolica\/wp-content\/uploads\/2020\/12\/chiesa_altare_messa.jpg\" alt=\"\" class=\"wp-image-49532\" style=\"width:458px;height:auto\"\/><\/a><\/figure><\/div>\n\n\n<p><span style=\"color: #000000;\">Di conseguenza questa impostazione vuole anche attaccare la tradizione, specialmente cristiana, e tutti quei suoi supporti vitali che le consentono di essere trasmessa e recepita: il linguaggio con cui essa parla e con cui si diffonde, la famiglia dove si rinnova, la donna che cresce le nuove generazioni. <\/span><\/p>\n\n\n\n<p><span style=\"color: #000000;\">Samek ha analizzato le strategie della rivoluzione culturale neo-gnostica, che si esplica per esempio nelle seguenti forme da lui confutate: come riduzionismo antireligioso; come prometeismo marxista (che pretendeva gnosticamente di creare appunto l\u2019uomo nuovo e la Gerusalemme mondana); come corruzione della memoria storica; come corruzione del linguaggio (che viene censurato da quello che oggi viene chiamato politically correct o adulterato escogitando delle manipolazioni linguistiche, cosicch\u00e9 Samek diceva che \u00abchi non ha le parole non ha le cose\u00bb); come distruzione della famiglia tramite la rivoluzione sessuale e tramite alcune forme di femminismo (che oggigiorno presenta espressioni variegate, in sintonia con le riflessioni di Samek sulla specificit\u00e0 femminile). <\/span><\/p>\n\n\n<div class=\"wp-block-image\">\n<figure class=\"aligncenter is-resized\"><a href=\"https:\/\/www.rassegnastampa-totustuus.it\/cattolica\/wp-content\/uploads\/2021\/02\/femminismo.jpg\"><img loading=\"lazy\" decoding=\"async\" width=\"300\" height=\"168\" src=\"https:\/\/www.rassegnastampa-totustuus.it\/cattolica\/wp-content\/uploads\/2021\/02\/femminismo-300x168.jpg\" alt=\"\" class=\"wp-image-49996\" style=\"width:454px;height:auto\"\/><\/a><\/figure><\/div>\n\n\n<p><span style=\"color: #000000;\">E Samek con intuito profetico ha colto alla radice di certe versioni del femminismo libertario quello che \u00e8 il nucleo dell\u2019odierna teoria gender (nella versione pi\u00f9 diffusa): il rifiuto della distinzione maschio\/femmina e l\u2019ambizione a costruire totalmente se stessi. <\/span><\/p>\n\n\n\n<p><span style=\"color: #000000;\">Dal punto di vista costruttivo, negli scritti di Samek si esprime un pensiero forte, nutrito dai classici (in particolare Platone, Plotino e, specialmente, Agostino), irrobustito nel confronto con i moderni (specialmente Leibniz, il marxismo e il neomarxismo, ma anche la teologia modernista), che rinnova e attesta l\u2019attualit\u00e0 e la fecondit\u00e0 della tradizione filosofica metafisica nella sua benefica relazione con il cristianesimo. <\/span><\/p>\n\n\n\n<p><span style=\"color: #000000;\">In opposizione al pensiero ideologico e al riduzionismo del materialismo e dello scientismo, Samek ha insistito sull\u2019esistenza della dimensione spirituale della realt\u00e0 e ha spronato ad ammirare non utilitaristicamente il mondo, da concepire con gratitudine come dono divino e non (alla maniera gnostica) come errore oscuro. <\/span><\/p>\n\n\n<div class=\"wp-block-image\">\n<figure class=\"aligncenter\"><a href=\"https:\/\/www.rassegnastampa-totustuus.it\/cattolica\/wp-content\/uploads\/2021\/05\/Lodovici_cover-1.jpg\"><img loading=\"lazy\" decoding=\"async\" width=\"179\" height=\"281\" src=\"https:\/\/www.rassegnastampa-totustuus.it\/cattolica\/wp-content\/uploads\/2021\/05\/Lodovici_cover-1.jpg\" alt=\"\" class=\"wp-image-50892\"\/><\/a><\/figure><\/div>\n\n\n<p><span style=\"color: #000000;\">Samek ha espresso la consapevolezza sia delle grandi possibilit\u00e0 della ragione, sia dei suoi limiti e della vacuit\u00e0 dei suoi risultati quando essa si auto-idolatra alla maniera illuminista producendo, per es., la moderna vita di massa, la quale \u00abha affermato la libert\u00e0 politica da ogni autorit\u00e0 spirituale, finendo per favorire il potere dell\u2019uomo sull\u2019uomo; [\u2026] ha affermato la libert\u00e0 dell\u2019amore dalla morale per vanificarlo nel [solo] sesso; ha affermato di lottare contro ogni religione in quanto superstizione, per prepararne una pi\u00f9 esiziale, quella della scienza e del successo\u00bb (<em>Metamorfosi della gnosi<\/em>, p. 179). <\/span><\/p>\n\n\n\n<p><span style=\"color: #000000;\">Piuttosto, per Samek una ragione non presuntuosa deve essere sinergica con la religione per corroborarla e giustificarla razionalmente o per cercarvi le risposte ultime. Egli ha proposto una \u00abcultura del ricordo\u00bb (per es., <em>ibi<\/em>, pp. 235-252) perch\u00e9, sulla scorta di T.S. Eliot, riteneva che la memoria ci giovi per liberarci dall\u2019ineluttabilit\u00e0 del presente (chi non conosce il passato pu\u00f2 pensare che il presente socio-politico sia l\u2019unico possibile), dalle menzogne delle ideologie, dall\u2019oppressione dei progetti totalitari e utopici. <\/span><\/p>\n\n\n\n<p><span style=\"color: #000000;\">Ma questa valorizzazione della memoria storica per lui doveva assolutamente evitare di cadere nella mera erudizione e piuttosto mirare al bene dell\u2019uomo e alla sua paideia come criterio di selezione e unificazione del sapere, che \u00e8 autentico solo se \u00abmi rende migliore di quello che sono\u00bb (<em>Il gusto del sapere<\/em>). <\/span><\/p>\n\n\n<div class=\"wp-block-image\">\n<figure class=\"aligncenter is-resized\"><a href=\"https:\/\/www.rassegnastampa-totustuus.it\/cattolica\/wp-content\/uploads\/2005\/05\/Agostino.jpg\"><img loading=\"lazy\" decoding=\"async\" width=\"193\" height=\"261\" src=\"https:\/\/www.rassegnastampa-totustuus.it\/cattolica\/wp-content\/uploads\/2005\/05\/Agostino.jpg\" alt=\"\" class=\"wp-image-32395\" style=\"width:303px;height:auto\"\/><\/a><\/figure><\/div>\n\n\n<p><span style=\"color: #000000;\">Insomma, nel pensiero di Samek si esprime un afflato etico-sapienziale, ed egli \u00e8 ben consapevole, con l\u2019amato Agostino, che alla radice dell\u2019agire umano \u00e8 sottesa la ricerca della felicit\u00e0. Il sapere, cos\u00ec, deve irrorare una vita fatta fiorire dalle virt\u00f9, poich\u00e9 per Samek l\u2019esperienza testimonia la tesi di Aristotele: \u00abnessuna felicit\u00e0 senza virt\u00f9, nessuna felicit\u00e0 senza quell\u2019unica attivit\u00e0 che \u00e8 in grado di rendere l\u2019uomo pienamente umano\u00bb (<em>La felicit\u00e0 e la crisi della cultura radical-illuministica<\/em>). <\/span><\/p>\n\n\n\n<p><span style=\"color: #000000;\">In tal modo \u00e8 anche possibile dare un senso al limite e alla sofferenza: \u00abse la felicit\u00e0 \u00e8 intrinsecamente legata all\u2019esercizio della virt\u00f9, allora non si pu\u00f2 pretendere che l\u2019acquisto della felicit\u00e0 non passi [non di rado] attraverso lo sforzo, la lotta, e in ultima analisi [anche] la sofferenza\u00bb (<em>ibid<\/em>.). In generale criticava la tendenza a rimuovere dalla propria vita <em>qualsiasi<\/em> sforzo e fatica, diventando consumatori di anestesie, senza mai imparare a esercitare la fortezza (nel contempo ovviamente apprezzava la possibilit\u00e0 di usare antidolorifici e di intervenire chirurgicamente senza provocare dolore). <\/span><\/p>\n\n\n<div class=\"wp-block-image\">\n<figure class=\"aligncenter is-resized\"><a href=\"https:\/\/www.rassegnastampa-totustuus.it\/cattolica\/wp-content\/uploads\/2010\/11\/Paradiso.jpg\"><img loading=\"lazy\" decoding=\"async\" width=\"206\" height=\"245\" src=\"https:\/\/www.rassegnastampa-totustuus.it\/cattolica\/wp-content\/uploads\/2010\/11\/Paradiso.jpg\" alt=\"\" class=\"wp-image-33903\" style=\"width:316px;height:auto\"\/><\/a><\/figure><\/div>\n\n\n<p><span style=\"color: #000000;\">A tale senso della sofferenza e del limite per lui si aggiungeva \u2013 decisivamente \u2013 anche quello soprannaturale, in vista della vita eterna. A Samek, per\u00f2, non sfuggiva affatto la consapevolezza che la felicit\u00e0 che gli esseri umani raggiungono fiorendo con le virt\u00f9, pur essendo la maggiore accessibile all\u2019uomo, nondimeno non \u00e8 totale. <\/span><\/p>\n\n\n\n<p><span style=\"color: #000000;\">Ma questa consapevolezza, scriveva, \u00abben lungi dallo spingerci alla tristezza per l\u2019insaziabilit\u00e0 dell\u2019uomo, va tuttavia vista [\u2026] ottimisticamente, come l\u2019indizio che \u00e8 un\u2019altra la felicit\u00e0 conforme al livello spirituale degli esseri umani\u00bb, perch\u00e9, tommasianamente, anche per lui, \u00abultima hominis felicitas non est in hac vita\u00bb (<em>ibi<\/em>). <\/span><\/p>\n\n\n\n<p><span style=\"color: #000000;\">Dalla sua breve e intensa vita emergono la passione e il servizio alla Verit\u00e0 (diceva di essere \u00abun servo della verit\u00e0\u00bb) ricercata con rigore intellettuale e testimoniata con coraggio, la fede cattolica molto profonda, la disponibilit\u00e0 all\u2019ascolto e la generosit\u00e0. Lo attestano molte persone, che, ancora oggi, lo ricordano con commozione e che in lui trovavano un maestro intellettuale, morale e di umanit\u00e0. <\/span><\/p>\n\n\n<div class=\"wp-block-image\">\n<figure class=\"aligncenter is-resized\"><a href=\"https:\/\/www.rassegnastampa-totustuus.it\/cattolica\/wp-content\/uploads\/2021\/05\/Emanuele_Samek-Lodovici-1.jpg\"><img loading=\"lazy\" decoding=\"async\" width=\"187\" height=\"270\" src=\"https:\/\/www.rassegnastampa-totustuus.it\/cattolica\/wp-content\/uploads\/2021\/05\/Emanuele_Samek-Lodovici-1.jpg\" alt=\"\" class=\"wp-image-50893\" style=\"width:301px;height:auto\"\/><\/a><\/figure><\/div>\n\n\n<p><span style=\"color: #000000;\">A loro ha insegnato a tendere ardentemente alla vita eterna e insieme a vivere nel bene e con intensit\u00e0 la vita presente, incentrando la propria attenzione sul <em>come<\/em> si agisce (cio\u00e8 se si agisce con dedizione, con amore, oppure no), pi\u00f9 che sul <em>cosa<\/em> (il ruolo sociale, i successi effettivamente conseguiti, ecc.). <\/span><\/p>\n\n\n\n<p><span style=\"color: #000000;\">Per chi viva in questo modo, erano per lui calzanti dei versi di Kipling che gli piacevano: \u00aballora i potenti, gli dei, la fortuna e la vittoria saranno per sempre tuoi schiavi sottomessi. Tua sar\u00e0 la terra e tutto ci\u00f2 che \u00e8 in essa. E quel che pi\u00f9 conta, tu sarai un uomo figlio mio\u00bb.I suoi scritti non pi\u00f9 editati sono scaricabili su<\/span> <span style=\"color: #0000ff;\"><a style=\"color: #0000ff;\" href=\"http:\/\/www.emanuelesameklodovici.it\/\" target=\"_blank\" rel=\"noreferrer noopener\">www.emanuelesameklodovici.it<\/a><\/span>.<\/p>\n\n\n\n<p><span style=\"color: #000000;\">Un libro di studi sul suo pensiero, con una conferenza pronunciata poco prima della morte che \u00e8 quasi un testamento spirituale, \u00e8 <strong><em>L&#8217;origine e la meta. Studi in memoria di Emanuele Samek Lodovici con un suo inedito<\/em>, pubblicato dalle Edizioni Ares nel 2015<\/strong>.<\/span><\/p>\n\n\n\n<p class=\"has-text-align-center\">____________________<\/p>\n\n\n\n<h3 class=\"wp-block-heading has-text-align-center\"><span style=\"color: #000000;\"><strong>L&#8217;origine e la meta. Studi in memoria di Emanuele Samek Lodovici <\/strong><\/span><\/h3>\n\n\n\n<h3 class=\"wp-block-heading has-text-align-center\"><span style=\"color: #000000;\"><strong>con un suo inedito<\/strong><\/span><\/h3>\n\n\n<div class=\"wp-block-image\">\n<figure class=\"alignleft is-resized\"><a href=\"https:\/\/www.rassegnastampa-totustuus.it\/cattolica\/wp-content\/uploads\/2021\/05\/Lodovici_cover.jpg\"><img loading=\"lazy\" decoding=\"async\" width=\"110\" height=\"165\" src=\"https:\/\/www.rassegnastampa-totustuus.it\/cattolica\/wp-content\/uploads\/2021\/05\/Lodovici_cover.jpg\" alt=\"\" class=\"wp-image-50890\" style=\"width:89px;height:auto\"\/><\/a><\/figure><\/div>\n\n\n<p><span style=\"color: #000000;\">\u20ac 16,00 \u20ac 15,20 -5% Editore: Ares Collana: Faretra Pubblicazione: 11\/05\/2015 Pagine: 280 Formato: Libro in brossura ISBN: 9788881556410 Emanuele Samek Lodovici, filosofo cattolico, quando mor\u00ec a soli 38 anni, nel 1981, si era gi\u00e0 imposto nel mondo culturale, avendo conquistato grandemente la stima di intellettuali come Augusto Del Noce e Vittorio Mathieu. Questo volume lo commemora riprendendo i suoi temi per riproporli alla riflessione scientifica dei nostri giorni<\/span>. <a href=\"https:\/\/www.sanpaolostore.it\/origine-meta-studi-in-memoria-di-emanuele-samek-lodovici-9788881556410.aspx?Referral=articolo_fc\" target=\"_blank\" rel=\"noopener noreferrer\"><span style=\"color: #0000ff;\">QUI PER ACQUISTARLO<\/span><\/a><\/p>\n","protected":false},"excerpt":{"rendered":"<p>Famiglia Cristiana 6 Maggio 2021 Nel quarantesimo anniversario della morte del filosofo Emanuele Samek Lodovici (1942-1981), coraggioso testimone della fede cattolica in un periodo storico tormentato, suo figlio Giacomo, docente di Storia delle dottrine morali e di Filosofia della storia presso l&#8217;Universit\u00e0 Cattolica del Sacro Cuore di Milano, ne traccia un appassionato profilo Giacomo Samek &hellip; <\/p>\n<p><a class=\"more-link btn\" href=\"https:\/\/www.rassegnastampa-totustuus.it\/cattolica\/il-pensatore-che-oso-credere-in-dio-nei-tempestosi-anni-del-68\/\">Continua a leggere<\/a><\/p>\n","protected":false},"author":6,"featured_media":50891,"comment_status":"closed","ping_status":"closed","sticky":false,"template":"","format":"standard","meta":{"footnotes":""},"categories":[57,17,18],"tags":[305,2250],"class_list":["post-50889","post","type-post","status-publish","format-standard","has-post-thumbnail","hentry","category-filosofia","category-libri","category-personaggi","tag-305","tag-emanuele-samek-lodovici","item-wrap"],"yoast_head":"<!-- This site is optimized with the Yoast SEO plugin v27.5 - https:\/\/yoast.com\/product\/yoast-seo-wordpress\/ -->\n<title>Il pensatore che os\u00f2 credere in Dio nei tempestosi anni del &#039;68 - Rassegna Stampa Cattolica<\/title>\n<meta name=\"description\" content=\"Il pensatore che os\u00f2 credere in Dio nei tempestosi anni del &#039;68. Nell&#039;anniversario della morte del filosofo Emanuele Samek Lodovici\" \/>\n<meta name=\"robots\" content=\"index, follow, max-snippet:-1, max-image-preview:large, max-video-preview:-1\" \/>\n<link rel=\"canonical\" href=\"https:\/\/www.rassegnastampa-totustuus.it\/cattolica\/il-pensatore-che-oso-credere-in-dio-nei-tempestosi-anni-del-68\/\" \/>\n<meta property=\"og:locale\" content=\"it_IT\" \/>\n<meta property=\"og:type\" content=\"article\" \/>\n<meta property=\"og:title\" content=\"Il pensatore che os\u00f2 credere in Dio nei tempestosi anni del &#039;68 - Rassegna Stampa Cattolica\" \/>\n<meta property=\"og:description\" content=\"Il pensatore che os\u00f2 credere in Dio nei tempestosi anni del &#039;68. Nell&#039;anniversario della morte del filosofo Emanuele Samek Lodovici\" \/>\n<meta property=\"og:url\" content=\"https:\/\/www.rassegnastampa-totustuus.it\/cattolica\/il-pensatore-che-oso-credere-in-dio-nei-tempestosi-anni-del-68\/\" \/>\n<meta property=\"og:site_name\" content=\"Rassegna Stampa Cattolica\" \/>\n<meta property=\"article:publisher\" content=\"https:\/\/www.facebook.com\/rassegnastampacattolica\" \/>\n<meta property=\"article:published_time\" content=\"2021-05-12T22:00:21+00:00\" \/>\n<meta property=\"article:modified_time\" content=\"2025-07-29T07:52:49+00:00\" \/>\n<meta property=\"og:image\" content=\"https:\/\/www.rassegnastampa-totustuus.it\/cattolica\/wp-content\/uploads\/2021\/05\/Emanuele_Samek-Lodovici.jpg\" \/>\n\t<meta property=\"og:image:width\" content=\"634\" \/>\n\t<meta property=\"og:image:height\" content=\"445\" \/>\n\t<meta property=\"og:image:type\" content=\"image\/jpeg\" \/>\n<meta name=\"author\" content=\"Redazione\" \/>\n<meta name=\"twitter:card\" content=\"summary_large_image\" \/>\n<meta name=\"twitter:creator\" content=\"@rassegnastampa9\" \/>\n<meta name=\"twitter:site\" content=\"@rassegnastampa9\" \/>\n<meta name=\"twitter:label1\" content=\"Scritto da\" \/>\n\t<meta name=\"twitter:data1\" content=\"Redazione\" \/>\n\t<meta name=\"twitter:label2\" content=\"Tempo di lettura stimato\" \/>\n\t<meta name=\"twitter:data2\" content=\"11 minuti\" \/>\n<script type=\"application\/ld+json\" class=\"yoast-schema-graph\">{\"@context\":\"https:\\\/\\\/schema.org\",\"@graph\":[{\"@type\":\"Article\",\"@id\":\"https:\\\/\\\/www.rassegnastampa-totustuus.it\\\/cattolica\\\/il-pensatore-che-oso-credere-in-dio-nei-tempestosi-anni-del-68\\\/#article\",\"isPartOf\":{\"@id\":\"https:\\\/\\\/www.rassegnastampa-totustuus.it\\\/cattolica\\\/il-pensatore-che-oso-credere-in-dio-nei-tempestosi-anni-del-68\\\/\"},\"author\":{\"name\":\"Redazione\",\"@id\":\"https:\\\/\\\/www.rassegnastampa-totustuus.it\\\/cattolica\\\/#\\\/schema\\\/person\\\/08f319d2bd1a0904ad9e2bfb7b15e5c3\"},\"headline\":\"Il pensatore che os\u00f2 credere in Dio nei tempestosi anni del &#8217;68\",\"datePublished\":\"2021-05-12T22:00:21+00:00\",\"dateModified\":\"2025-07-29T07:52:49+00:00\",\"mainEntityOfPage\":{\"@id\":\"https:\\\/\\\/www.rassegnastampa-totustuus.it\\\/cattolica\\\/il-pensatore-che-oso-credere-in-dio-nei-tempestosi-anni-del-68\\\/\"},\"wordCount\":1603,\"publisher\":{\"@id\":\"https:\\\/\\\/www.rassegnastampa-totustuus.it\\\/cattolica\\\/#organization\"},\"image\":{\"@id\":\"https:\\\/\\\/www.rassegnastampa-totustuus.it\\\/cattolica\\\/il-pensatore-che-oso-credere-in-dio-nei-tempestosi-anni-del-68\\\/#primaryimage\"},\"thumbnailUrl\":\"https:\\\/\\\/www.rassegnastampa-totustuus.it\\\/cattolica\\\/wp-content\\\/uploads\\\/2021\\\/05\\\/Emanuele_Samek-Lodovici.jpg\",\"keywords\":[\"68\",\"Emanuele Samek Lodovici\"],\"articleSection\":[\"Filosofia\",\"Libri\",\"Personaggi\"],\"inLanguage\":\"it-IT\"},{\"@type\":\"WebPage\",\"@id\":\"https:\\\/\\\/www.rassegnastampa-totustuus.it\\\/cattolica\\\/il-pensatore-che-oso-credere-in-dio-nei-tempestosi-anni-del-68\\\/\",\"url\":\"https:\\\/\\\/www.rassegnastampa-totustuus.it\\\/cattolica\\\/il-pensatore-che-oso-credere-in-dio-nei-tempestosi-anni-del-68\\\/\",\"name\":\"Il pensatore che os\u00f2 credere in Dio nei tempestosi anni del '68 - Rassegna Stampa Cattolica\",\"isPartOf\":{\"@id\":\"https:\\\/\\\/www.rassegnastampa-totustuus.it\\\/cattolica\\\/#website\"},\"primaryImageOfPage\":{\"@id\":\"https:\\\/\\\/www.rassegnastampa-totustuus.it\\\/cattolica\\\/il-pensatore-che-oso-credere-in-dio-nei-tempestosi-anni-del-68\\\/#primaryimage\"},\"image\":{\"@id\":\"https:\\\/\\\/www.rassegnastampa-totustuus.it\\\/cattolica\\\/il-pensatore-che-oso-credere-in-dio-nei-tempestosi-anni-del-68\\\/#primaryimage\"},\"thumbnailUrl\":\"https:\\\/\\\/www.rassegnastampa-totustuus.it\\\/cattolica\\\/wp-content\\\/uploads\\\/2021\\\/05\\\/Emanuele_Samek-Lodovici.jpg\",\"datePublished\":\"2021-05-12T22:00:21+00:00\",\"dateModified\":\"2025-07-29T07:52:49+00:00\",\"description\":\"Il pensatore che os\u00f2 credere in Dio nei tempestosi anni del '68. Nell'anniversario della morte del filosofo Emanuele Samek Lodovici\",\"breadcrumb\":{\"@id\":\"https:\\\/\\\/www.rassegnastampa-totustuus.it\\\/cattolica\\\/il-pensatore-che-oso-credere-in-dio-nei-tempestosi-anni-del-68\\\/#breadcrumb\"},\"inLanguage\":\"it-IT\",\"potentialAction\":[{\"@type\":\"ReadAction\",\"target\":[\"https:\\\/\\\/www.rassegnastampa-totustuus.it\\\/cattolica\\\/il-pensatore-che-oso-credere-in-dio-nei-tempestosi-anni-del-68\\\/\"]}]},{\"@type\":\"ImageObject\",\"inLanguage\":\"it-IT\",\"@id\":\"https:\\\/\\\/www.rassegnastampa-totustuus.it\\\/cattolica\\\/il-pensatore-che-oso-credere-in-dio-nei-tempestosi-anni-del-68\\\/#primaryimage\",\"url\":\"https:\\\/\\\/www.rassegnastampa-totustuus.it\\\/cattolica\\\/wp-content\\\/uploads\\\/2021\\\/05\\\/Emanuele_Samek-Lodovici.jpg\",\"contentUrl\":\"https:\\\/\\\/www.rassegnastampa-totustuus.it\\\/cattolica\\\/wp-content\\\/uploads\\\/2021\\\/05\\\/Emanuele_Samek-Lodovici.jpg\",\"width\":634,\"height\":445},{\"@type\":\"BreadcrumbList\",\"@id\":\"https:\\\/\\\/www.rassegnastampa-totustuus.it\\\/cattolica\\\/il-pensatore-che-oso-credere-in-dio-nei-tempestosi-anni-del-68\\\/#breadcrumb\",\"itemListElement\":[{\"@type\":\"ListItem\",\"position\":1,\"name\":\"Home\",\"item\":\"https:\\\/\\\/www.rassegnastampa-totustuus.it\\\/cattolica\\\/\"},{\"@type\":\"ListItem\",\"position\":2,\"name\":\"Il pensatore che os\u00f2 credere in Dio nei tempestosi anni del &#8217;68\"}]},{\"@type\":\"WebSite\",\"@id\":\"https:\\\/\\\/www.rassegnastampa-totustuus.it\\\/cattolica\\\/#website\",\"url\":\"https:\\\/\\\/www.rassegnastampa-totustuus.it\\\/cattolica\\\/\",\"name\":\"Rassegna Stampa Cattolica\",\"description\":\"Per una cultura che nasce dalla Rivelazione cristiana in conformit\u00e0 alla tradizione e al Magistero della Chiesa in opposizione ad ogni relativismo e totalitarismo\",\"publisher\":{\"@id\":\"https:\\\/\\\/www.rassegnastampa-totustuus.it\\\/cattolica\\\/#organization\"},\"alternateName\":\"Rass. Cattolica\",\"potentialAction\":[{\"@type\":\"SearchAction\",\"target\":{\"@type\":\"EntryPoint\",\"urlTemplate\":\"https:\\\/\\\/www.rassegnastampa-totustuus.it\\\/cattolica\\\/?s={search_term_string}\"},\"query-input\":{\"@type\":\"PropertyValueSpecification\",\"valueRequired\":true,\"valueName\":\"search_term_string\"}}],\"inLanguage\":\"it-IT\"},{\"@type\":\"Organization\",\"@id\":\"https:\\\/\\\/www.rassegnastampa-totustuus.it\\\/cattolica\\\/#organization\",\"name\":\"Rassegna Stampa Cattolica\",\"url\":\"https:\\\/\\\/www.rassegnastampa-totustuus.it\\\/cattolica\\\/\",\"logo\":{\"@type\":\"ImageObject\",\"inLanguage\":\"it-IT\",\"@id\":\"https:\\\/\\\/www.rassegnastampa-totustuus.it\\\/cattolica\\\/#\\\/schema\\\/logo\\\/image\\\/\",\"url\":\"https:\\\/\\\/www.rassegnastampa-totustuus.it\\\/cattolica\\\/wp-content\\\/uploads\\\/2014\\\/04\\\/logo-rassegna1.gif\",\"contentUrl\":\"https:\\\/\\\/www.rassegnastampa-totustuus.it\\\/cattolica\\\/wp-content\\\/uploads\\\/2014\\\/04\\\/logo-rassegna1.gif\",\"width\":600,\"height\":163,\"caption\":\"Rassegna Stampa Cattolica\"},\"image\":{\"@id\":\"https:\\\/\\\/www.rassegnastampa-totustuus.it\\\/cattolica\\\/#\\\/schema\\\/logo\\\/image\\\/\"},\"sameAs\":[\"https:\\\/\\\/www.facebook.com\\\/rassegnastampacattolica\",\"https:\\\/\\\/x.com\\\/rassegnastampa9\"]},{\"@type\":\"Person\",\"@id\":\"https:\\\/\\\/www.rassegnastampa-totustuus.it\\\/cattolica\\\/#\\\/schema\\\/person\\\/08f319d2bd1a0904ad9e2bfb7b15e5c3\",\"name\":\"Redazione\",\"image\":{\"@type\":\"ImageObject\",\"inLanguage\":\"it-IT\",\"@id\":\"https:\\\/\\\/secure.gravatar.com\\\/avatar\\\/2fcdf27c78ea025fbdb44e914cc63c72249ffec9dc8aafd5c82b26240ef3f346?s=96&d=mm&r=g\",\"url\":\"https:\\\/\\\/secure.gravatar.com\\\/avatar\\\/2fcdf27c78ea025fbdb44e914cc63c72249ffec9dc8aafd5c82b26240ef3f346?s=96&d=mm&r=g\",\"contentUrl\":\"https:\\\/\\\/secure.gravatar.com\\\/avatar\\\/2fcdf27c78ea025fbdb44e914cc63c72249ffec9dc8aafd5c82b26240ef3f346?s=96&d=mm&r=g\",\"caption\":\"Redazione\"},\"url\":\"https:\\\/\\\/www.rassegnastampa-totustuus.it\\\/cattolica\\\/author\\\/pietroelle\\\/\"}]}<\/script>\n<!-- \/ Yoast SEO plugin. -->","yoast_head_json":{"title":"Il pensatore che os\u00f2 credere in Dio nei tempestosi anni del '68 - Rassegna Stampa Cattolica","description":"Il pensatore che os\u00f2 credere in Dio nei tempestosi anni del '68. Nell'anniversario della morte del filosofo Emanuele Samek Lodovici","robots":{"index":"index","follow":"follow","max-snippet":"max-snippet:-1","max-image-preview":"max-image-preview:large","max-video-preview":"max-video-preview:-1"},"canonical":"https:\/\/www.rassegnastampa-totustuus.it\/cattolica\/il-pensatore-che-oso-credere-in-dio-nei-tempestosi-anni-del-68\/","og_locale":"it_IT","og_type":"article","og_title":"Il pensatore che os\u00f2 credere in Dio nei tempestosi anni del '68 - Rassegna Stampa Cattolica","og_description":"Il pensatore che os\u00f2 credere in Dio nei tempestosi anni del '68. Nell'anniversario della morte del filosofo Emanuele Samek Lodovici","og_url":"https:\/\/www.rassegnastampa-totustuus.it\/cattolica\/il-pensatore-che-oso-credere-in-dio-nei-tempestosi-anni-del-68\/","og_site_name":"Rassegna Stampa Cattolica","article_publisher":"https:\/\/www.facebook.com\/rassegnastampacattolica","article_published_time":"2021-05-12T22:00:21+00:00","article_modified_time":"2025-07-29T07:52:49+00:00","og_image":[{"width":634,"height":445,"url":"https:\/\/www.rassegnastampa-totustuus.it\/cattolica\/wp-content\/uploads\/2021\/05\/Emanuele_Samek-Lodovici.jpg","type":"image\/jpeg"}],"author":"Redazione","twitter_card":"summary_large_image","twitter_creator":"@rassegnastampa9","twitter_site":"@rassegnastampa9","twitter_misc":{"Scritto da":"Redazione","Tempo di lettura stimato":"11 minuti"},"schema":{"@context":"https:\/\/schema.org","@graph":[{"@type":"Article","@id":"https:\/\/www.rassegnastampa-totustuus.it\/cattolica\/il-pensatore-che-oso-credere-in-dio-nei-tempestosi-anni-del-68\/#article","isPartOf":{"@id":"https:\/\/www.rassegnastampa-totustuus.it\/cattolica\/il-pensatore-che-oso-credere-in-dio-nei-tempestosi-anni-del-68\/"},"author":{"name":"Redazione","@id":"https:\/\/www.rassegnastampa-totustuus.it\/cattolica\/#\/schema\/person\/08f319d2bd1a0904ad9e2bfb7b15e5c3"},"headline":"Il pensatore che os\u00f2 credere in Dio nei tempestosi anni del &#8217;68","datePublished":"2021-05-12T22:00:21+00:00","dateModified":"2025-07-29T07:52:49+00:00","mainEntityOfPage":{"@id":"https:\/\/www.rassegnastampa-totustuus.it\/cattolica\/il-pensatore-che-oso-credere-in-dio-nei-tempestosi-anni-del-68\/"},"wordCount":1603,"publisher":{"@id":"https:\/\/www.rassegnastampa-totustuus.it\/cattolica\/#organization"},"image":{"@id":"https:\/\/www.rassegnastampa-totustuus.it\/cattolica\/il-pensatore-che-oso-credere-in-dio-nei-tempestosi-anni-del-68\/#primaryimage"},"thumbnailUrl":"https:\/\/www.rassegnastampa-totustuus.it\/cattolica\/wp-content\/uploads\/2021\/05\/Emanuele_Samek-Lodovici.jpg","keywords":["68","Emanuele Samek Lodovici"],"articleSection":["Filosofia","Libri","Personaggi"],"inLanguage":"it-IT"},{"@type":"WebPage","@id":"https:\/\/www.rassegnastampa-totustuus.it\/cattolica\/il-pensatore-che-oso-credere-in-dio-nei-tempestosi-anni-del-68\/","url":"https:\/\/www.rassegnastampa-totustuus.it\/cattolica\/il-pensatore-che-oso-credere-in-dio-nei-tempestosi-anni-del-68\/","name":"Il pensatore che os\u00f2 credere in Dio nei tempestosi anni del '68 - Rassegna Stampa Cattolica","isPartOf":{"@id":"https:\/\/www.rassegnastampa-totustuus.it\/cattolica\/#website"},"primaryImageOfPage":{"@id":"https:\/\/www.rassegnastampa-totustuus.it\/cattolica\/il-pensatore-che-oso-credere-in-dio-nei-tempestosi-anni-del-68\/#primaryimage"},"image":{"@id":"https:\/\/www.rassegnastampa-totustuus.it\/cattolica\/il-pensatore-che-oso-credere-in-dio-nei-tempestosi-anni-del-68\/#primaryimage"},"thumbnailUrl":"https:\/\/www.rassegnastampa-totustuus.it\/cattolica\/wp-content\/uploads\/2021\/05\/Emanuele_Samek-Lodovici.jpg","datePublished":"2021-05-12T22:00:21+00:00","dateModified":"2025-07-29T07:52:49+00:00","description":"Il pensatore che os\u00f2 credere in Dio nei tempestosi anni del '68. Nell'anniversario della morte del filosofo Emanuele Samek Lodovici","breadcrumb":{"@id":"https:\/\/www.rassegnastampa-totustuus.it\/cattolica\/il-pensatore-che-oso-credere-in-dio-nei-tempestosi-anni-del-68\/#breadcrumb"},"inLanguage":"it-IT","potentialAction":[{"@type":"ReadAction","target":["https:\/\/www.rassegnastampa-totustuus.it\/cattolica\/il-pensatore-che-oso-credere-in-dio-nei-tempestosi-anni-del-68\/"]}]},{"@type":"ImageObject","inLanguage":"it-IT","@id":"https:\/\/www.rassegnastampa-totustuus.it\/cattolica\/il-pensatore-che-oso-credere-in-dio-nei-tempestosi-anni-del-68\/#primaryimage","url":"https:\/\/www.rassegnastampa-totustuus.it\/cattolica\/wp-content\/uploads\/2021\/05\/Emanuele_Samek-Lodovici.jpg","contentUrl":"https:\/\/www.rassegnastampa-totustuus.it\/cattolica\/wp-content\/uploads\/2021\/05\/Emanuele_Samek-Lodovici.jpg","width":634,"height":445},{"@type":"BreadcrumbList","@id":"https:\/\/www.rassegnastampa-totustuus.it\/cattolica\/il-pensatore-che-oso-credere-in-dio-nei-tempestosi-anni-del-68\/#breadcrumb","itemListElement":[{"@type":"ListItem","position":1,"name":"Home","item":"https:\/\/www.rassegnastampa-totustuus.it\/cattolica\/"},{"@type":"ListItem","position":2,"name":"Il pensatore che os\u00f2 credere in Dio nei tempestosi anni del &#8217;68"}]},{"@type":"WebSite","@id":"https:\/\/www.rassegnastampa-totustuus.it\/cattolica\/#website","url":"https:\/\/www.rassegnastampa-totustuus.it\/cattolica\/","name":"Rassegna Stampa Cattolica","description":"Per una cultura che nasce dalla Rivelazione cristiana in conformit\u00e0 alla tradizione e al Magistero della Chiesa in opposizione ad ogni relativismo e totalitarismo","publisher":{"@id":"https:\/\/www.rassegnastampa-totustuus.it\/cattolica\/#organization"},"alternateName":"Rass. Cattolica","potentialAction":[{"@type":"SearchAction","target":{"@type":"EntryPoint","urlTemplate":"https:\/\/www.rassegnastampa-totustuus.it\/cattolica\/?s={search_term_string}"},"query-input":{"@type":"PropertyValueSpecification","valueRequired":true,"valueName":"search_term_string"}}],"inLanguage":"it-IT"},{"@type":"Organization","@id":"https:\/\/www.rassegnastampa-totustuus.it\/cattolica\/#organization","name":"Rassegna Stampa Cattolica","url":"https:\/\/www.rassegnastampa-totustuus.it\/cattolica\/","logo":{"@type":"ImageObject","inLanguage":"it-IT","@id":"https:\/\/www.rassegnastampa-totustuus.it\/cattolica\/#\/schema\/logo\/image\/","url":"https:\/\/www.rassegnastampa-totustuus.it\/cattolica\/wp-content\/uploads\/2014\/04\/logo-rassegna1.gif","contentUrl":"https:\/\/www.rassegnastampa-totustuus.it\/cattolica\/wp-content\/uploads\/2014\/04\/logo-rassegna1.gif","width":600,"height":163,"caption":"Rassegna Stampa Cattolica"},"image":{"@id":"https:\/\/www.rassegnastampa-totustuus.it\/cattolica\/#\/schema\/logo\/image\/"},"sameAs":["https:\/\/www.facebook.com\/rassegnastampacattolica","https:\/\/x.com\/rassegnastampa9"]},{"@type":"Person","@id":"https:\/\/www.rassegnastampa-totustuus.it\/cattolica\/#\/schema\/person\/08f319d2bd1a0904ad9e2bfb7b15e5c3","name":"Redazione","image":{"@type":"ImageObject","inLanguage":"it-IT","@id":"https:\/\/secure.gravatar.com\/avatar\/2fcdf27c78ea025fbdb44e914cc63c72249ffec9dc8aafd5c82b26240ef3f346?s=96&d=mm&r=g","url":"https:\/\/secure.gravatar.com\/avatar\/2fcdf27c78ea025fbdb44e914cc63c72249ffec9dc8aafd5c82b26240ef3f346?s=96&d=mm&r=g","contentUrl":"https:\/\/secure.gravatar.com\/avatar\/2fcdf27c78ea025fbdb44e914cc63c72249ffec9dc8aafd5c82b26240ef3f346?s=96&d=mm&r=g","caption":"Redazione"},"url":"https:\/\/www.rassegnastampa-totustuus.it\/cattolica\/author\/pietroelle\/"}]}},"_links":{"self":[{"href":"https:\/\/www.rassegnastampa-totustuus.it\/cattolica\/wp-json\/wp\/v2\/posts\/50889","targetHints":{"allow":["GET"]}}],"collection":[{"href":"https:\/\/www.rassegnastampa-totustuus.it\/cattolica\/wp-json\/wp\/v2\/posts"}],"about":[{"href":"https:\/\/www.rassegnastampa-totustuus.it\/cattolica\/wp-json\/wp\/v2\/types\/post"}],"author":[{"embeddable":true,"href":"https:\/\/www.rassegnastampa-totustuus.it\/cattolica\/wp-json\/wp\/v2\/users\/6"}],"replies":[{"embeddable":true,"href":"https:\/\/www.rassegnastampa-totustuus.it\/cattolica\/wp-json\/wp\/v2\/comments?post=50889"}],"version-history":[{"count":3,"href":"https:\/\/www.rassegnastampa-totustuus.it\/cattolica\/wp-json\/wp\/v2\/posts\/50889\/revisions"}],"predecessor-version":[{"id":63638,"href":"https:\/\/www.rassegnastampa-totustuus.it\/cattolica\/wp-json\/wp\/v2\/posts\/50889\/revisions\/63638"}],"wp:featuredmedia":[{"embeddable":true,"href":"https:\/\/www.rassegnastampa-totustuus.it\/cattolica\/wp-json\/wp\/v2\/media\/50891"}],"wp:attachment":[{"href":"https:\/\/www.rassegnastampa-totustuus.it\/cattolica\/wp-json\/wp\/v2\/media?parent=50889"}],"wp:term":[{"taxonomy":"category","embeddable":true,"href":"https:\/\/www.rassegnastampa-totustuus.it\/cattolica\/wp-json\/wp\/v2\/categories?post=50889"},{"taxonomy":"post_tag","embeddable":true,"href":"https:\/\/www.rassegnastampa-totustuus.it\/cattolica\/wp-json\/wp\/v2\/tags?post=50889"}],"curies":[{"name":"wp","href":"https:\/\/api.w.org\/{rel}","templated":true}]}}