{"id":50870,"date":"2021-05-06T13:08:42","date_gmt":"2021-05-06T11:08:42","guid":{"rendered":"http:\/\/www.rassegnastampa-totustuus.it\/cattolica\/?p=50870"},"modified":"2025-07-29T11:22:51","modified_gmt":"2025-07-29T09:22:51","slug":"dieci-ragioni-di-beato-edmondo-campion","status":"publish","type":"post","link":"https:\/\/www.rassegnastampa-totustuus.it\/cattolica\/dieci-ragioni-di-beato-edmondo-campion\/","title":{"rendered":"Dieci ragioni (di beato Edmondo Campion)"},"content":{"rendered":"<p style=\"text-align: center;\"><a href=\" https:\/\/www.rassegnastampa-totustuus.it\/cattolica\/wp-content\/uploads\/2021\/05\/DIECI-RAGIONI-san-Edmund-Campion.pdf\" target=\"_blank\" rel=\"noopener noreferrer\"><img loading=\"lazy\" decoding=\"async\" class=\"alignleft wp-image-6691\" src=\" https:\/\/www.rassegnastampa-totustuus.it\/cattolica\/wp-content\/uploads\/2021\/05\/E_Campion_cover.jpg\" alt=\"animalfarm\" width=\"250\" height=\"200\" \/><\/a><span style=\"color: #000000;\">(da <a href=\"https:\/\/www.totustuus.it\/\" target=\"_blank\" rel=\"noopener\">Totus Tuus network<\/a>)<\/span><\/p>\n<p style=\"text-align: center;\"><strong>[per leggere e scaricare il vol. clic sulla foto]<\/strong><\/p>\n<p style=\"text-align: justify;\"><span style=\"color: #000000;\"><strong>DIECI RAGIONI<\/strong> CERTO DELLE QUALI EDMUND CAMPION SFIDO\u2019 I SUOI AVVERSARI \u2013 ACCADEMICI PROTESTANTI E LUTERANI D\u2019INGHILTERRA \u2013 A DISPUTARE DELLA FEDE.<\/span><\/p>\n<p style=\"text-align: justify;\"><em><span style=\"color: #000000;\">Al fine di rafforzare la fede dei cattolici del regno, Campion scrive un libro che verr\u00e0 pubblicato nel giugno del 1581 sotto il nome di <\/span><\/em><span style=\"color: #000000;\">Rationes decem <\/span><em><span style=\"color: #000000;\">(Dieci ragioni). L\u2019autore vi espone dieci ragioni fondamentali per le quali il protestantesimo non pu\u00f2 essere vero, sviluppando cinque grandi temi: la Sacra Scrittura, i Padri della Chiesa, i Concili, la visibilit\u00e0 della Chiesa, le incoerenze delle posizioni protestanti. <\/span><\/em><\/p>\n<p style=\"text-align: justify;\"><em><span style=\"color: #000000;\">\u00a0Nell\u2019ultima parte del libro, il gesuita attira l\u2019attenzione sulle molte contraddizioni dei riformatori. Cos\u00ec Lutero, con la sua dottrina della giustificazione per la sola fede, afferma che il cristiano \u00e8 nel contempo giusto davanti a Dio e sommamente detestabile perch\u00e9 i suoi peccati non sono rimessi ma solo coperti. Calvino, con la sua dottrina sulla predestinazione, rende Dio responsabile della dannazione.<\/span><\/em><\/p>\n<p style=\"text-align: justify;\"><em><span style=\"color: #000000;\">Il libro di Edmund Campion conobbe un grande successo e venne tradotto in molte lingue. \u00c8 ancora pubblicato ai nostri giorni.<\/span><\/em><\/p>\n","protected":false},"excerpt":{"rendered":"<p>(da Totus Tuus network) [per leggere e scaricare il vol. clic sulla foto] DIECI RAGIONI CERTO DELLE QUALI EDMUND CAMPION SFIDO\u2019 I SUOI AVVERSARI \u2013 ACCADEMICI PROTESTANTI E LUTERANI D\u2019INGHILTERRA \u2013 A DISPUTARE DELLA FEDE. Al fine di rafforzare la fede dei cattolici del regno, Campion scrive un libro che verr\u00e0 pubblicato nel giugno del &hellip; <\/p>\n<p><a class=\"more-link btn\" href=\"https:\/\/www.rassegnastampa-totustuus.it\/cattolica\/dieci-ragioni-di-beato-edmondo-campion\/\">Continua a leggere<\/a><\/p>\n","protected":false},"author":6,"featured_media":50867,"comment_status":"closed","ping_status":"closed","sticky":false,"template":"","format":"standard","meta":{"footnotes":""},"categories":[5,391,17,95],"tags":[1273],"class_list":["post-50870","post","type-post","status-publish","format-standard","has-post-thumbnail","hentry","category-chiesa","category-e-book","category-libri","category-riforma","tag-apologetica","item-wrap"],"yoast_head":"<!-- This site is optimized with the Yoast SEO plugin v27.5 - https:\/\/yoast.com\/product\/yoast-seo-wordpress\/ -->\n<title>Dieci ragioni (di beato Edmondo Campion) - Rassegna Stampa Cattolica<\/title>\n<meta name=\"description\" content=\"Dieci ragioni (di beato Edmondo Campion) con le quali sfidare i luterani e gli accademici protestanti nella disputa sulla fede\" \/>\n<meta name=\"robots\" content=\"index, follow, max-snippet:-1, max-image-preview:large, max-video-preview:-1\" \/>\n<link rel=\"canonical\" href=\"https:\/\/www.rassegnastampa-totustuus.it\/cattolica\/dieci-ragioni-di-beato-edmondo-campion\/\" \/>\n<meta property=\"og:locale\" content=\"it_IT\" \/>\n<meta property=\"og:type\" content=\"article\" \/>\n<meta property=\"og:title\" content=\"Dieci ragioni (di beato Edmondo Campion) - Rassegna Stampa Cattolica\" \/>\n<meta property=\"og:description\" content=\"Dieci ragioni (di beato Edmondo Campion) con le quali sfidare i luterani e gli accademici protestanti nella disputa sulla fede\" \/>\n<meta property=\"og:url\" content=\"https:\/\/www.rassegnastampa-totustuus.it\/cattolica\/dieci-ragioni-di-beato-edmondo-campion\/\" \/>\n<meta property=\"og:site_name\" content=\"Rassegna Stampa Cattolica\" \/>\n<meta property=\"article:publisher\" content=\"https:\/\/www.facebook.com\/rassegnastampacattolica\" \/>\n<meta property=\"article:published_time\" content=\"2021-05-06T11:08:42+00:00\" \/>\n<meta property=\"article:modified_time\" content=\"2025-07-29T09:22:51+00:00\" \/>\n<meta property=\"og:image\" content=\"https:\/\/www.rassegnastampa-totustuus.it\/cattolica\/wp-content\/uploads\/2021\/05\/E_Campion_cover.jpg\" \/>\n\t<meta property=\"og:image:width\" content=\"193\" \/>\n\t<meta property=\"og:image:height\" content=\"261\" \/>\n\t<meta property=\"og:image:type\" content=\"image\/jpeg\" \/>\n<meta name=\"author\" content=\"Redazione\" \/>\n<meta name=\"twitter:card\" content=\"summary_large_image\" \/>\n<meta name=\"twitter:creator\" content=\"@rassegnastampa9\" \/>\n<meta name=\"twitter:site\" content=\"@rassegnastampa9\" \/>\n<meta name=\"twitter:label1\" content=\"Scritto da\" \/>\n\t<meta name=\"twitter:data1\" content=\"Redazione\" \/>\n\t<meta name=\"twitter:label2\" content=\"Tempo di lettura stimato\" \/>\n\t<meta name=\"twitter:data2\" content=\"2 minuti\" \/>\n<script type=\"application\/ld+json\" class=\"yoast-schema-graph\">{\"@context\":\"https:\\\/\\\/schema.org\",\"@graph\":[{\"@type\":\"Article\",\"@id\":\"https:\\\/\\\/www.rassegnastampa-totustuus.it\\\/cattolica\\\/dieci-ragioni-di-beato-edmondo-campion\\\/#article\",\"isPartOf\":{\"@id\":\"https:\\\/\\\/www.rassegnastampa-totustuus.it\\\/cattolica\\\/dieci-ragioni-di-beato-edmondo-campion\\\/\"},\"author\":{\"name\":\"Redazione\",\"@id\":\"https:\\\/\\\/www.rassegnastampa-totustuus.it\\\/cattolica\\\/#\\\/schema\\\/person\\\/08f319d2bd1a0904ad9e2bfb7b15e5c3\"},\"headline\":\"Dieci ragioni (di beato Edmondo Campion)\",\"datePublished\":\"2021-05-06T11:08:42+00:00\",\"dateModified\":\"2025-07-29T09:22:51+00:00\",\"mainEntityOfPage\":{\"@id\":\"https:\\\/\\\/www.rassegnastampa-totustuus.it\\\/cattolica\\\/dieci-ragioni-di-beato-edmondo-campion\\\/\"},\"wordCount\":188,\"publisher\":{\"@id\":\"https:\\\/\\\/www.rassegnastampa-totustuus.it\\\/cattolica\\\/#organization\"},\"image\":{\"@id\":\"https:\\\/\\\/www.rassegnastampa-totustuus.it\\\/cattolica\\\/dieci-ragioni-di-beato-edmondo-campion\\\/#primaryimage\"},\"thumbnailUrl\":\"https:\\\/\\\/www.rassegnastampa-totustuus.it\\\/cattolica\\\/wp-content\\\/uploads\\\/2021\\\/05\\\/E_Campion_cover.jpg\",\"keywords\":[\"apologetica\"],\"articleSection\":[\"Chiesa\",\"e-book\",\"Libri\",\"Riforma\"],\"inLanguage\":\"it-IT\"},{\"@type\":\"WebPage\",\"@id\":\"https:\\\/\\\/www.rassegnastampa-totustuus.it\\\/cattolica\\\/dieci-ragioni-di-beato-edmondo-campion\\\/\",\"url\":\"https:\\\/\\\/www.rassegnastampa-totustuus.it\\\/cattolica\\\/dieci-ragioni-di-beato-edmondo-campion\\\/\",\"name\":\"Dieci ragioni (di beato Edmondo Campion) - Rassegna Stampa Cattolica\",\"isPartOf\":{\"@id\":\"https:\\\/\\\/www.rassegnastampa-totustuus.it\\\/cattolica\\\/#website\"},\"primaryImageOfPage\":{\"@id\":\"https:\\\/\\\/www.rassegnastampa-totustuus.it\\\/cattolica\\\/dieci-ragioni-di-beato-edmondo-campion\\\/#primaryimage\"},\"image\":{\"@id\":\"https:\\\/\\\/www.rassegnastampa-totustuus.it\\\/cattolica\\\/dieci-ragioni-di-beato-edmondo-campion\\\/#primaryimage\"},\"thumbnailUrl\":\"https:\\\/\\\/www.rassegnastampa-totustuus.it\\\/cattolica\\\/wp-content\\\/uploads\\\/2021\\\/05\\\/E_Campion_cover.jpg\",\"datePublished\":\"2021-05-06T11:08:42+00:00\",\"dateModified\":\"2025-07-29T09:22:51+00:00\",\"description\":\"Dieci ragioni (di beato Edmondo Campion) con le quali sfidare i luterani e gli accademici protestanti nella disputa sulla fede\",\"breadcrumb\":{\"@id\":\"https:\\\/\\\/www.rassegnastampa-totustuus.it\\\/cattolica\\\/dieci-ragioni-di-beato-edmondo-campion\\\/#breadcrumb\"},\"inLanguage\":\"it-IT\",\"potentialAction\":[{\"@type\":\"ReadAction\",\"target\":[\"https:\\\/\\\/www.rassegnastampa-totustuus.it\\\/cattolica\\\/dieci-ragioni-di-beato-edmondo-campion\\\/\"]}]},{\"@type\":\"ImageObject\",\"inLanguage\":\"it-IT\",\"@id\":\"https:\\\/\\\/www.rassegnastampa-totustuus.it\\\/cattolica\\\/dieci-ragioni-di-beato-edmondo-campion\\\/#primaryimage\",\"url\":\"https:\\\/\\\/www.rassegnastampa-totustuus.it\\\/cattolica\\\/wp-content\\\/uploads\\\/2021\\\/05\\\/E_Campion_cover.jpg\",\"contentUrl\":\"https:\\\/\\\/www.rassegnastampa-totustuus.it\\\/cattolica\\\/wp-content\\\/uploads\\\/2021\\\/05\\\/E_Campion_cover.jpg\",\"width\":193,\"height\":261},{\"@type\":\"BreadcrumbList\",\"@id\":\"https:\\\/\\\/www.rassegnastampa-totustuus.it\\\/cattolica\\\/dieci-ragioni-di-beato-edmondo-campion\\\/#breadcrumb\",\"itemListElement\":[{\"@type\":\"ListItem\",\"position\":1,\"name\":\"Home\",\"item\":\"https:\\\/\\\/www.rassegnastampa-totustuus.it\\\/cattolica\\\/\"},{\"@type\":\"ListItem\",\"position\":2,\"name\":\"Dieci ragioni (di beato Edmondo Campion)\"}]},{\"@type\":\"WebSite\",\"@id\":\"https:\\\/\\\/www.rassegnastampa-totustuus.it\\\/cattolica\\\/#website\",\"url\":\"https:\\\/\\\/www.rassegnastampa-totustuus.it\\\/cattolica\\\/\",\"name\":\"Rassegna Stampa Cattolica\",\"description\":\"Per una cultura che nasce dalla Rivelazione cristiana in conformit\u00e0 alla tradizione e al Magistero della Chiesa in opposizione ad ogni relativismo e totalitarismo\",\"publisher\":{\"@id\":\"https:\\\/\\\/www.rassegnastampa-totustuus.it\\\/cattolica\\\/#organization\"},\"alternateName\":\"Rass. Cattolica\",\"potentialAction\":[{\"@type\":\"SearchAction\",\"target\":{\"@type\":\"EntryPoint\",\"urlTemplate\":\"https:\\\/\\\/www.rassegnastampa-totustuus.it\\\/cattolica\\\/?s={search_term_string}\"},\"query-input\":{\"@type\":\"PropertyValueSpecification\",\"valueRequired\":true,\"valueName\":\"search_term_string\"}}],\"inLanguage\":\"it-IT\"},{\"@type\":\"Organization\",\"@id\":\"https:\\\/\\\/www.rassegnastampa-totustuus.it\\\/cattolica\\\/#organization\",\"name\":\"Rassegna Stampa Cattolica\",\"url\":\"https:\\\/\\\/www.rassegnastampa-totustuus.it\\\/cattolica\\\/\",\"logo\":{\"@type\":\"ImageObject\",\"inLanguage\":\"it-IT\",\"@id\":\"https:\\\/\\\/www.rassegnastampa-totustuus.it\\\/cattolica\\\/#\\\/schema\\\/logo\\\/image\\\/\",\"url\":\"https:\\\/\\\/www.rassegnastampa-totustuus.it\\\/cattolica\\\/wp-content\\\/uploads\\\/2014\\\/04\\\/logo-rassegna1.gif\",\"contentUrl\":\"https:\\\/\\\/www.rassegnastampa-totustuus.it\\\/cattolica\\\/wp-content\\\/uploads\\\/2014\\\/04\\\/logo-rassegna1.gif\",\"width\":600,\"height\":163,\"caption\":\"Rassegna Stampa Cattolica\"},\"image\":{\"@id\":\"https:\\\/\\\/www.rassegnastampa-totustuus.it\\\/cattolica\\\/#\\\/schema\\\/logo\\\/image\\\/\"},\"sameAs\":[\"https:\\\/\\\/www.facebook.com\\\/rassegnastampacattolica\",\"https:\\\/\\\/x.com\\\/rassegnastampa9\"]},{\"@type\":\"Person\",\"@id\":\"https:\\\/\\\/www.rassegnastampa-totustuus.it\\\/cattolica\\\/#\\\/schema\\\/person\\\/08f319d2bd1a0904ad9e2bfb7b15e5c3\",\"name\":\"Redazione\",\"image\":{\"@type\":\"ImageObject\",\"inLanguage\":\"it-IT\",\"@id\":\"https:\\\/\\\/secure.gravatar.com\\\/avatar\\\/2fcdf27c78ea025fbdb44e914cc63c72249ffec9dc8aafd5c82b26240ef3f346?s=96&d=mm&r=g\",\"url\":\"https:\\\/\\\/secure.gravatar.com\\\/avatar\\\/2fcdf27c78ea025fbdb44e914cc63c72249ffec9dc8aafd5c82b26240ef3f346?s=96&d=mm&r=g\",\"contentUrl\":\"https:\\\/\\\/secure.gravatar.com\\\/avatar\\\/2fcdf27c78ea025fbdb44e914cc63c72249ffec9dc8aafd5c82b26240ef3f346?s=96&d=mm&r=g\",\"caption\":\"Redazione\"},\"url\":\"https:\\\/\\\/www.rassegnastampa-totustuus.it\\\/cattolica\\\/author\\\/pietroelle\\\/\"}]}<\/script>\n<!-- \/ Yoast SEO plugin. -->","yoast_head_json":{"title":"Dieci ragioni (di beato Edmondo Campion) - Rassegna Stampa Cattolica","description":"Dieci ragioni (di beato Edmondo Campion) con le quali sfidare i luterani e gli accademici protestanti nella disputa sulla fede","robots":{"index":"index","follow":"follow","max-snippet":"max-snippet:-1","max-image-preview":"max-image-preview:large","max-video-preview":"max-video-preview:-1"},"canonical":"https:\/\/www.rassegnastampa-totustuus.it\/cattolica\/dieci-ragioni-di-beato-edmondo-campion\/","og_locale":"it_IT","og_type":"article","og_title":"Dieci ragioni (di beato Edmondo Campion) - Rassegna Stampa Cattolica","og_description":"Dieci ragioni (di beato Edmondo Campion) con le quali sfidare i luterani e gli accademici protestanti nella disputa sulla fede","og_url":"https:\/\/www.rassegnastampa-totustuus.it\/cattolica\/dieci-ragioni-di-beato-edmondo-campion\/","og_site_name":"Rassegna Stampa Cattolica","article_publisher":"https:\/\/www.facebook.com\/rassegnastampacattolica","article_published_time":"2021-05-06T11:08:42+00:00","article_modified_time":"2025-07-29T09:22:51+00:00","og_image":[{"width":193,"height":261,"url":"https:\/\/www.rassegnastampa-totustuus.it\/cattolica\/wp-content\/uploads\/2021\/05\/E_Campion_cover.jpg","type":"image\/jpeg"}],"author":"Redazione","twitter_card":"summary_large_image","twitter_creator":"@rassegnastampa9","twitter_site":"@rassegnastampa9","twitter_misc":{"Scritto da":"Redazione","Tempo di lettura stimato":"2 minuti"},"schema":{"@context":"https:\/\/schema.org","@graph":[{"@type":"Article","@id":"https:\/\/www.rassegnastampa-totustuus.it\/cattolica\/dieci-ragioni-di-beato-edmondo-campion\/#article","isPartOf":{"@id":"https:\/\/www.rassegnastampa-totustuus.it\/cattolica\/dieci-ragioni-di-beato-edmondo-campion\/"},"author":{"name":"Redazione","@id":"https:\/\/www.rassegnastampa-totustuus.it\/cattolica\/#\/schema\/person\/08f319d2bd1a0904ad9e2bfb7b15e5c3"},"headline":"Dieci ragioni (di beato Edmondo Campion)","datePublished":"2021-05-06T11:08:42+00:00","dateModified":"2025-07-29T09:22:51+00:00","mainEntityOfPage":{"@id":"https:\/\/www.rassegnastampa-totustuus.it\/cattolica\/dieci-ragioni-di-beato-edmondo-campion\/"},"wordCount":188,"publisher":{"@id":"https:\/\/www.rassegnastampa-totustuus.it\/cattolica\/#organization"},"image":{"@id":"https:\/\/www.rassegnastampa-totustuus.it\/cattolica\/dieci-ragioni-di-beato-edmondo-campion\/#primaryimage"},"thumbnailUrl":"https:\/\/www.rassegnastampa-totustuus.it\/cattolica\/wp-content\/uploads\/2021\/05\/E_Campion_cover.jpg","keywords":["apologetica"],"articleSection":["Chiesa","e-book","Libri","Riforma"],"inLanguage":"it-IT"},{"@type":"WebPage","@id":"https:\/\/www.rassegnastampa-totustuus.it\/cattolica\/dieci-ragioni-di-beato-edmondo-campion\/","url":"https:\/\/www.rassegnastampa-totustuus.it\/cattolica\/dieci-ragioni-di-beato-edmondo-campion\/","name":"Dieci ragioni (di beato Edmondo Campion) - Rassegna Stampa Cattolica","isPartOf":{"@id":"https:\/\/www.rassegnastampa-totustuus.it\/cattolica\/#website"},"primaryImageOfPage":{"@id":"https:\/\/www.rassegnastampa-totustuus.it\/cattolica\/dieci-ragioni-di-beato-edmondo-campion\/#primaryimage"},"image":{"@id":"https:\/\/www.rassegnastampa-totustuus.it\/cattolica\/dieci-ragioni-di-beato-edmondo-campion\/#primaryimage"},"thumbnailUrl":"https:\/\/www.rassegnastampa-totustuus.it\/cattolica\/wp-content\/uploads\/2021\/05\/E_Campion_cover.jpg","datePublished":"2021-05-06T11:08:42+00:00","dateModified":"2025-07-29T09:22:51+00:00","description":"Dieci ragioni (di beato Edmondo Campion) con le quali sfidare i luterani e gli accademici protestanti nella disputa sulla fede","breadcrumb":{"@id":"https:\/\/www.rassegnastampa-totustuus.it\/cattolica\/dieci-ragioni-di-beato-edmondo-campion\/#breadcrumb"},"inLanguage":"it-IT","potentialAction":[{"@type":"ReadAction","target":["https:\/\/www.rassegnastampa-totustuus.it\/cattolica\/dieci-ragioni-di-beato-edmondo-campion\/"]}]},{"@type":"ImageObject","inLanguage":"it-IT","@id":"https:\/\/www.rassegnastampa-totustuus.it\/cattolica\/dieci-ragioni-di-beato-edmondo-campion\/#primaryimage","url":"https:\/\/www.rassegnastampa-totustuus.it\/cattolica\/wp-content\/uploads\/2021\/05\/E_Campion_cover.jpg","contentUrl":"https:\/\/www.rassegnastampa-totustuus.it\/cattolica\/wp-content\/uploads\/2021\/05\/E_Campion_cover.jpg","width":193,"height":261},{"@type":"BreadcrumbList","@id":"https:\/\/www.rassegnastampa-totustuus.it\/cattolica\/dieci-ragioni-di-beato-edmondo-campion\/#breadcrumb","itemListElement":[{"@type":"ListItem","position":1,"name":"Home","item":"https:\/\/www.rassegnastampa-totustuus.it\/cattolica\/"},{"@type":"ListItem","position":2,"name":"Dieci ragioni (di beato Edmondo Campion)"}]},{"@type":"WebSite","@id":"https:\/\/www.rassegnastampa-totustuus.it\/cattolica\/#website","url":"https:\/\/www.rassegnastampa-totustuus.it\/cattolica\/","name":"Rassegna Stampa Cattolica","description":"Per una cultura che nasce dalla Rivelazione cristiana in conformit\u00e0 alla tradizione e al Magistero della Chiesa in opposizione ad ogni relativismo e totalitarismo","publisher":{"@id":"https:\/\/www.rassegnastampa-totustuus.it\/cattolica\/#organization"},"alternateName":"Rass. Cattolica","potentialAction":[{"@type":"SearchAction","target":{"@type":"EntryPoint","urlTemplate":"https:\/\/www.rassegnastampa-totustuus.it\/cattolica\/?s={search_term_string}"},"query-input":{"@type":"PropertyValueSpecification","valueRequired":true,"valueName":"search_term_string"}}],"inLanguage":"it-IT"},{"@type":"Organization","@id":"https:\/\/www.rassegnastampa-totustuus.it\/cattolica\/#organization","name":"Rassegna Stampa Cattolica","url":"https:\/\/www.rassegnastampa-totustuus.it\/cattolica\/","logo":{"@type":"ImageObject","inLanguage":"it-IT","@id":"https:\/\/www.rassegnastampa-totustuus.it\/cattolica\/#\/schema\/logo\/image\/","url":"https:\/\/www.rassegnastampa-totustuus.it\/cattolica\/wp-content\/uploads\/2014\/04\/logo-rassegna1.gif","contentUrl":"https:\/\/www.rassegnastampa-totustuus.it\/cattolica\/wp-content\/uploads\/2014\/04\/logo-rassegna1.gif","width":600,"height":163,"caption":"Rassegna Stampa Cattolica"},"image":{"@id":"https:\/\/www.rassegnastampa-totustuus.it\/cattolica\/#\/schema\/logo\/image\/"},"sameAs":["https:\/\/www.facebook.com\/rassegnastampacattolica","https:\/\/x.com\/rassegnastampa9"]},{"@type":"Person","@id":"https:\/\/www.rassegnastampa-totustuus.it\/cattolica\/#\/schema\/person\/08f319d2bd1a0904ad9e2bfb7b15e5c3","name":"Redazione","image":{"@type":"ImageObject","inLanguage":"it-IT","@id":"https:\/\/secure.gravatar.com\/avatar\/2fcdf27c78ea025fbdb44e914cc63c72249ffec9dc8aafd5c82b26240ef3f346?s=96&d=mm&r=g","url":"https:\/\/secure.gravatar.com\/avatar\/2fcdf27c78ea025fbdb44e914cc63c72249ffec9dc8aafd5c82b26240ef3f346?s=96&d=mm&r=g","contentUrl":"https:\/\/secure.gravatar.com\/avatar\/2fcdf27c78ea025fbdb44e914cc63c72249ffec9dc8aafd5c82b26240ef3f346?s=96&d=mm&r=g","caption":"Redazione"},"url":"https:\/\/www.rassegnastampa-totustuus.it\/cattolica\/author\/pietroelle\/"}]}},"_links":{"self":[{"href":"https:\/\/www.rassegnastampa-totustuus.it\/cattolica\/wp-json\/wp\/v2\/posts\/50870","targetHints":{"allow":["GET"]}}],"collection":[{"href":"https:\/\/www.rassegnastampa-totustuus.it\/cattolica\/wp-json\/wp\/v2\/posts"}],"about":[{"href":"https:\/\/www.rassegnastampa-totustuus.it\/cattolica\/wp-json\/wp\/v2\/types\/post"}],"author":[{"embeddable":true,"href":"https:\/\/www.rassegnastampa-totustuus.it\/cattolica\/wp-json\/wp\/v2\/users\/6"}],"replies":[{"embeddable":true,"href":"https:\/\/www.rassegnastampa-totustuus.it\/cattolica\/wp-json\/wp\/v2\/comments?post=50870"}],"version-history":[{"count":6,"href":"https:\/\/www.rassegnastampa-totustuus.it\/cattolica\/wp-json\/wp\/v2\/posts\/50870\/revisions"}],"predecessor-version":[{"id":63644,"href":"https:\/\/www.rassegnastampa-totustuus.it\/cattolica\/wp-json\/wp\/v2\/posts\/50870\/revisions\/63644"}],"wp:featuredmedia":[{"embeddable":true,"href":"https:\/\/www.rassegnastampa-totustuus.it\/cattolica\/wp-json\/wp\/v2\/media\/50867"}],"wp:attachment":[{"href":"https:\/\/www.rassegnastampa-totustuus.it\/cattolica\/wp-json\/wp\/v2\/media?parent=50870"}],"wp:term":[{"taxonomy":"category","embeddable":true,"href":"https:\/\/www.rassegnastampa-totustuus.it\/cattolica\/wp-json\/wp\/v2\/categories?post=50870"},{"taxonomy":"post_tag","embeddable":true,"href":"https:\/\/www.rassegnastampa-totustuus.it\/cattolica\/wp-json\/wp\/v2\/tags?post=50870"}],"curies":[{"name":"wp","href":"https:\/\/api.w.org\/{rel}","templated":true}]}}