{"id":5069,"date":"2012-05-17T00:00:00","date_gmt":"2012-05-16T22:00:00","guid":{"rendered":""},"modified":"2016-02-04T12:48:51","modified_gmt":"2016-02-04T11:48:51","slug":"chi-salva-una-vita-salva-il-mondo-intero","status":"publish","type":"post","link":"https:\/\/www.rassegnastampa-totustuus.it\/cattolica\/chi-salva-una-vita-salva-il-mondo-intero\/","title":{"rendered":"Chi salva una vita salva il mondo intero"},"content":{"rendered":"<div style=\"text-align: center;\"><strong><a href=\"https:\/\/www.rassegnastampa-totustuus.it\/cattolica\/wp-content\/uploads\/2012\/05\/marcia_vita.jpg\"><img loading=\"lazy\" decoding=\"async\" class=\"alignleft wp-image-30269\" src=\"https:\/\/www.rassegnastampa-totustuus.it\/cattolica\/wp-content\/uploads\/2012\/05\/marcia_vita.jpg\" alt=\"marcia_vita\" width=\"250\" height=\"166\" \/><\/a>Rassegna Stampa<\/strong> 15 maggio 2012<\/div>\n<p style=\"text-align: justify;\"><em>Resoconto della seconda marcia della vita che si \u00e8 svolta a Roma il 13 maggio 2012, preceduta dal convegno del 12 maggio presso il Pontificio ateneo \u201cregina apostolorum\u201d<\/em><\/p>\n<p><!--more--><\/p>\n<div style=\"text-align: justify;\">E\u2019 il titolo del convegno tenutosi a Roma il 12 maggio al Pontificio Ateneo \u201cRegina Apostolorum\u201d, dedicato a Chen Guanchen, l\u2019avvocato cinese perseguitato dal regime comunista per aver denunciato gli oltre 130.000 aborti praticati a forza contro donne cinesi che avevano violato la legge sul figlio unico, organizzato dal Movimento Europeo per la Difesa della Vita (MEDV) di Francesco Agnoli, per celebrare la vita ma anche per denunciare la legge 194 responsabile degli oltre 5 milioni di aborti dal 1978.<\/div>\n<p style=\"text-align: justify;\">Per invertire la rotta si deve contrastare la mentalit\u00e0 contraccettiva che prepara il brodo di coltura permissivo su cui si innesta l\u2019aborto come rimedio ultimo in caso di gravidanza non desiderata. Cos\u00ec ha concluso il Dott. Renzo Puccetti, pisano Docente presso l\u2019Ateneo, dimostrando che la diffusione della contraccezione (p.e. in Francia, Spagna, U.S.A.) non si accompagna mai ad una riduzione degli aborti.<\/p>\n<p style=\"text-align: justify;\">P. Gonzalo Miranda, decano dell\u2019Ateneo, ha evidenziato che non vi \u00e8 contraddizione tra scienza e fede; entrambi partono dall\u2019osservazione della realt\u00e0. Spesso, per\u00f2, la scienza trascende i propri confini e si eleva a filosofia pretendendo di spiegare tutto. La fede, invece, consente di leggere meglio la realt\u00e0 aiutando l\u2019uomo ad interrogarsi sull\u2019origine dell\u2019esistente, sulle sue leggi e su se stesso.<\/p>\n<p style=\"text-align: justify;\">Giuseppe Noia, ginecologo dell\u2019Universit\u00e0 Cattolica, ha illustrato le grandi potenzialit\u00e0 della scienza odierna attraverso le indagini prenatali purch\u00e9 dirette esclusivamente alla cura dei bambini e non alla selezione di quelli ritenuti, da una diffusa mentalit\u00e0, meno adatti o degni di vivere, ricordando che la medicina non deve mai dare la morte.<\/p>\n<p style=\"text-align: justify;\">Il Prof. Carlo Bellieni, neonatologo dell\u2019Universit\u00e0 di Siena, ha descritto i progressi scientifici nello studio del dolore nei feti e nei nati precoci che reagiscono agli stimoli e registrano le sensazioni di dolore e di benessere memorizzandole come tutti gli altri bambini.<\/p>\n<p style=\"text-align: justify;\">Il giornalista Riccardo Cascioli ha indicato il crollo demografico in tutta Europa come madre di tutte le crisi; se non si fanno pi\u00f9 figli non c\u2019\u00e8 futuro, n\u00e8 soluzione alla crisi economica, per cui \u00e8 necessario riprendere al pi\u00f9 presto una politica di serio sostegno alle famiglie.<\/p>\n<p style=\"text-align: justify;\">La psicologa Cinzia Battaglini, ha dato conto delle profonde ripercussioni sulla psiche di donne che hanno abortito rivelate da frequenti angosciose proiezioni di ombre di una presenza deliberatamente negata.<\/p>\n<p style=\"text-align: justify;\">La giornalista e scrittrice Costanza Miriano, madre di 4 figli, ha descritto le difficolt\u00e0 di chi, mancando in Italia una legislazione a favore del lavoro domestico e di chi ha cura dei figli, \u00e8 costretta a lavorare, col risultato opposto a quello sognato dalle femministe, dovendo la donna per competere con i maschi sul lavoro non di rado rinunciare alla maternit\u00e0.<\/p>\n<p style=\"text-align: justify;\">Alla fine Irene Van der Wende, che, giovanissima, decise di abortire il suo bambino dopo aver subito una violenza, maturando poi nel tempo la percezione del valore irripetibile di ogni vita, ha descritto la dolorosa ferita rimastale per quel bambino non nato.<\/p>\n<p style=\"text-align: justify;\">Nel contesto del Convegno \u201cChi salva una vita, salva il mondo intero\u201d si \u00e8 svolto un seminario per i giovani presenti, tenuto dal Dr. <a target=\"_blank\">Roberto Marchesini<\/a><strong>\u00a0(<\/strong>psicologo e psicoterapeuta esperto di questioni di genere) a cui \u00e8 seguita la testimonianza di Luca Di Tolve, presidente dell\u2019 Associazione Gruppo LOT ed ex-omosessuale.<\/p>\n<p style=\"text-align: justify;\">Partendo da un parallelismo con alcune opere artistiche, il Dr. Marchesini ha spiegato ai ragazzi come dentro di noi sia impresso il concetto di sviluppo, ossia la trasformazione dalla potenza all\u2019atto, cos\u00ec come scriveva Aristotele. La natura non \u00e8 altro che il principio che guida lo sviluppo delle cose e dunque \u00e8 un progetto che guida il nostro cambiamento. <strong>Le<\/strong> circostanze ambientali possono per\u00f2 ostacolare lo sviluppo del progetto: quello che noi siamo lo siamo in potenza e lo diventiamo a meno che non interferisca nulla dall\u2019esterno.<\/p>\n<p style=\"text-align: justify;\">L\u2019identit\u00e0 \u00e8 un progetto che si realizza, per l\u2019uomo e per la donna, se l\u2019ambiente esterno non lo impedisce e attraverso la relazione con gli altri. Se si riceve una brutta immagine di s\u00e9 da parte degli altri (genitori, amici), allora si tender\u00e0 a non esporre pi\u00f9 noi stessi, tentando di modificare se stessi. Invece, ha spiegato Marchesini, anzich\u00e8 rifiutare la nostra identit\u00e0 (sessuale) occorre ritrovare il coraggio, anche attraverso il terapeuta, di affrontare le relazioni e riconoscere che la societ\u00e0, gli altri e l\u2019ambiente sono la condizione necessaria per sviluppare la nostra identit\u00e0.<\/p>\n<p style=\"text-align: justify;\">La nostra identit\u00e0 non \u00e8 predeterminata, n\u00e9 socialmente costruita, ma \u00e8 un progetto che possiamo realizzare attraverso le relazioni, le quali possono per\u00f2 talvolta essere un ostacolo.<\/p>\n<p style=\"text-align: justify;\">Dagli anni \u201950 la parola \u201cgenere\u201d abbia cominciato ad essere usata staccata dalla sessualit\u00e0: cio\u00e8 si \u00e8 voluto convincere che nascendo \u201cmaschi\u201d o \u201cfemmine\u201d si poteva diventare qualsiasi cosa, e non necessariamente \u201cuomini\u201d e \u201cdonne\u201d.<\/p>\n<p style=\"text-align: justify;\">Si chiama: ideologia di genere. In realt\u00e0 il tutto nasce durante la Rivoluzione francese, il marxismo (la lotta fra i sessi per una societ\u00e0 senza sesso) e l\u2019ascesa del femminismo radicale (il quale crede che la societ\u00e0 sia un complotto di coloro che hanno il pene contro chi non ce l\u2019ha, ritengono che siamo tutti uguali e tutti abbiamo l\u2019istinto di maternit\u00e0 (ad esempio) ma alcuni hanno voluto attribuirlo solo ad altri per comodit\u00e0). Il motivo di questa mutazione radicale del concetto di sessualit\u00e0 (cio\u00e8 separare il \u201cmaschio\u201d dall\u2019uomo e la \u201cfemmina\u201d dalla donna), secondo Marchesini, \u00e8 per cancellare l\u2019idea di natura, di progetto. E quindi eliminare l\u2019idea di un Progettista.<\/p>\n<p style=\"text-align: justify;\">Luca Di Tolve, autore del libro \u201cEro gay. A Medjugorje ho ritrovato me stesso\u201d Ed. Piemme,\u00a0 ha dato una testimonianza molto toccante raccontando la sua vicenda personale e il suo \u201critorno alla vita\u201d grazie alla conversione e alla terapia riparativa messa a punto da Josef Nicolosi.<\/p>\n<p style=\"text-align: justify;\">Domenica 13 maggio, lungo le vie del centro di Roma, si \u00e8 svolta la Marcia per la Vita che ha visto la partecipazione di circa 15.000 persone.<\/p>\n<p style=\"text-align: justify;\">L\u2019iniziativa, organizzata dal Movimento Europeo per la Difesa della Vita (MEDV) e dall\u2019associazione Famiglia Domani, \u00e8 stata organizzata allo scopo di affermare il valore universale del diritto alla vita contro una legge dello Stato (la 194\/1978) che regolamenta da pi\u00f9 di 30 anni <em>l\u2019uccisione deliberata dell\u2019innocente nel grembo materno<\/em><strong>. <\/strong>E non solo. Oggi gli attacchi alla vita nascente sono sempre pi\u00f9 numerosi, grazie alla nascita di nuovi\u00a0 strumenti di morte come la Ru486, Ellaone, pillola del giorno dopo ecc.<\/p>\n<p style=\"text-align: justify;\">Alla Marcia hanno partecipato moltissimi giovani e tante famiglie con i bambini, ma anche adulti ed anziani, nonch\u00e9 numerosi consacrati e appartenenti a diversi ordini religiosi maschili e femminili. Questo popolo proveniva da tutta Italia e non solo: alcuni dei manifestanti sono giunti nella capitale dalla Francia, dalla Spagna, dall\u2019Ungheria, dalla Polonia ma anche della Nigeria. Presente alla Marcia il Cardinale Raymond Leo Burke, Prefetto del Supremo Tribunale della Segnatura Apostolica, che ha presieduto nella serata precedente l\u2019Adorazione Eucaristica in riparazione per il crimine dell\u2019aborto nella Basilica di Santa Maria Maggiore.<\/p>\n<p style=\"text-align: justify;\">All\u2019inizio della manifestazione c\u2019\u00e8 stata la testimonianza di Gianna Emanuela Molla, figlia di Gianna Beretta Molla, medico e madre di 4 figli, canonizzata nel 2004 da Papa Giovanni Paolo II per la sua strenua difesa della vita in tutte le sue forme pi\u00f9 deboli e soprattutto per aver accettato di dare la sua vita per salvare quella della bambina che portava in grembo.<\/p>\n<p style=\"text-align: justify;\">Tra le personalit\u00e0 politiche che hanno partecipato alla marcia\u00a0 il sindaco di Roma Gianni Alemanno, il presidente dei senatori del PDL Maurizio Gasparri, la consigliera della regione Lazio Olimpia Tarzia, Paola Binetti,\u00a0 Magdi Cristiano Allam.<\/p>\n<p style=\"text-align: justify;\">La manifestazione, iniziata alle 9.30 al Colosseo, ha visto un corteo che \u00e8 giunto un paio d\u2019ore dopo a Castel Sant\u2019Angelo <strong>I<\/strong>l corteo \u00e8 stato infatti aperto da un grande striscione a cui seguiva un trenino bianco con tanti bambini e pieno di palloncini. E poi ancora famiglie, con tanti passeggini ed altri figli tenuti per mano.<\/p>\n<p style=\"text-align: justify;\">Subito oltre la parte pi\u00f9 gioiosa e colorata del corteo i malati dell\u2019Unitalsi e dell\u2019Ordine di Malta, ma anche molti medici, farmacisti e operatori sanitari che hanno sfilato in camice. Tra di loro il Prof. Giuseppe Noia, il Dr. Renzo Puccetti, il Dr. Antonio Oriente, Cinzia Baccaglini e Irene van der Wende che gi\u00e0 nella giornata di sabato avevano dato il loro contributo al Convegno organizzato dal Pontificio Istituto Regina Apostolorum.<\/p>\n<p style=\"text-align: justify;\">Poi i gruppi e le associazioni culturali, laiche e cattoliche, con i loro cartelli, i loro simboli, le loro bandiere sui quali era scritto \u00abPi\u00f9 nascite meno aborti\u00bb, \u00abL\u2019aborto \u00e8 violenza, \u00e8 omicidio\u00bb, \u00abBasta genocidi silenziosi\u00bb, \u00abNon uccidiamo il futuro\u00bb, \u00ab194: gi\u00e0 5 milioni di morti\u00bb.<\/p>\n<p style=\"text-align: justify;\">Tanti i gruppi che hanno aderito alla Marcia: la comunit\u00e0 \u201cNuovi Orizzonti\u201d, il \u201cTimone\u201d, il Comitato Verit\u00e0 e Vita, la Fondazione Lepanto, Militia Christi, \u201cVoglio vivere\u201d, tanti Centri di aiuto alla Vita , la \u201cQuercia Millenaria\u201d\u00a0 e tante altre Associazioni, che con la loro presenza hanno dato testimonianza di un mondo pro-life forse poco conosciuto, ma non per questo meno determinato e operante. A chiudere la lunga scia di persone, gli ordini e gli istituti religiosi, che hanno marciato pregando.<\/p>\n<p style=\"text-align: justify;\">In una giornata benedetta dal sole il clima era davvero quello di una\u00a0 festa. Perch\u00e9 la Marcia per la Vita \u00e8 stata in fondo una festa della famiglia fondata sul matrimonio tra un uomo e una donna e sull\u2019apertura alla vita, nella Verit\u00e0 del Vangelo e secondo le linee tracciate dal Magistero della Chiesa.<\/p>\n<p style=\"text-align: justify;\">La Marcia si \u00e8 conclusa nei pressi del Vaticano con un saluto del professor Francesco Agnoli, presidente del MEDV, che insieme a Virginia Coda, presidente dell\u2019Associazione Famiglia Domani, ha dato appuntamento a domenica 12 maggio 2013.<\/p>\n","protected":false},"excerpt":{"rendered":"<p>Rassegna Stampa 15 maggio 2012 Resoconto della seconda marcia della vita che si \u00e8 svolta a Roma il 13 maggio 2012, preceduta dal convegno del 12 maggio presso il Pontificio ateneo \u201cregina apostolorum\u201d<\/p><p><a class=\"more-link btn\" href=\"https:\/\/www.rassegnastampa-totustuus.it\/cattolica\/chi-salva-una-vita-salva-il-mondo-intero\/\">Continua a leggere<\/a><\/p>\n","protected":false},"author":6,"featured_media":30269,"comment_status":"closed","ping_status":"open","sticky":false,"template":"","format":"standard","meta":{"footnotes":""},"categories":[2],"tags":[2063],"class_list":["post-5069","post","type-post","status-publish","format-standard","has-post-thumbnail","hentry","category-aborto","tag-marcia-per-la-vita","item-wrap"],"yoast_head":"<!-- This site is optimized with the Yoast SEO plugin v27.5 - https:\/\/yoast.com\/product\/yoast-seo-wordpress\/ -->\n<title>Chi salva una vita salva il mondo intero - Rassegna Stampa Cattolica<\/title>\n<meta name=\"description\" content=\"Rassegna Stampa Cattolica - Per una cultura che nasce dalla Rivelazione cristiana in conformit\u00e0 alla tradizione e al Magistero della Chiesa in opposizione ad ogni relativismo e totalitarismo\" \/>\n<meta name=\"robots\" content=\"index, follow, max-snippet:-1, max-image-preview:large, max-video-preview:-1\" \/>\n<link rel=\"canonical\" href=\"https:\/\/www.rassegnastampa-totustuus.it\/cattolica\/chi-salva-una-vita-salva-il-mondo-intero\/\" \/>\n<meta property=\"og:locale\" content=\"it_IT\" \/>\n<meta property=\"og:type\" content=\"article\" \/>\n<meta property=\"og:title\" content=\"Chi salva una vita salva il mondo intero - Rassegna Stampa Cattolica\" \/>\n<meta property=\"og:description\" content=\"Rassegna Stampa Cattolica - Per una cultura che nasce dalla Rivelazione cristiana in conformit\u00e0 alla tradizione e al Magistero della Chiesa in opposizione ad ogni relativismo e totalitarismo\" \/>\n<meta property=\"og:url\" content=\"https:\/\/www.rassegnastampa-totustuus.it\/cattolica\/chi-salva-una-vita-salva-il-mondo-intero\/\" \/>\n<meta property=\"og:site_name\" content=\"Rassegna Stampa Cattolica\" \/>\n<meta property=\"article:publisher\" content=\"https:\/\/www.facebook.com\/rassegnastampacattolica\" \/>\n<meta property=\"article:published_time\" content=\"2012-05-16T22:00:00+00:00\" \/>\n<meta property=\"article:modified_time\" content=\"2016-02-04T11:48:51+00:00\" \/>\n<meta property=\"og:image\" content=\"https:\/\/www.rassegnastampa-totustuus.it\/cattolica\/wp-content\/uploads\/2012\/05\/marcia_vita.jpg\" \/>\n\t<meta property=\"og:image:width\" content=\"275\" \/>\n\t<meta property=\"og:image:height\" content=\"183\" \/>\n\t<meta property=\"og:image:type\" content=\"image\/jpeg\" \/>\n<meta name=\"author\" content=\"Redazione\" \/>\n<meta name=\"twitter:card\" content=\"summary_large_image\" \/>\n<meta name=\"twitter:creator\" content=\"@rassegnastampa9\" \/>\n<meta name=\"twitter:site\" content=\"@rassegnastampa9\" \/>\n<meta name=\"twitter:label1\" content=\"Scritto da\" \/>\n\t<meta name=\"twitter:data1\" content=\"Redazione\" \/>\n\t<meta name=\"twitter:label2\" content=\"Tempo di lettura stimato\" \/>\n\t<meta name=\"twitter:data2\" content=\"8 minuti\" \/>\n<script type=\"application\/ld+json\" class=\"yoast-schema-graph\">{\"@context\":\"https:\\\/\\\/schema.org\",\"@graph\":[{\"@type\":\"Article\",\"@id\":\"https:\\\/\\\/www.rassegnastampa-totustuus.it\\\/cattolica\\\/chi-salva-una-vita-salva-il-mondo-intero\\\/#article\",\"isPartOf\":{\"@id\":\"https:\\\/\\\/www.rassegnastampa-totustuus.it\\\/cattolica\\\/chi-salva-una-vita-salva-il-mondo-intero\\\/\"},\"author\":{\"name\":\"Redazione\",\"@id\":\"https:\\\/\\\/www.rassegnastampa-totustuus.it\\\/cattolica\\\/#\\\/schema\\\/person\\\/08f319d2bd1a0904ad9e2bfb7b15e5c3\"},\"headline\":\"Chi salva una vita salva il mondo intero\",\"datePublished\":\"2012-05-16T22:00:00+00:00\",\"dateModified\":\"2016-02-04T11:48:51+00:00\",\"mainEntityOfPage\":{\"@id\":\"https:\\\/\\\/www.rassegnastampa-totustuus.it\\\/cattolica\\\/chi-salva-una-vita-salva-il-mondo-intero\\\/\"},\"wordCount\":1600,\"publisher\":{\"@id\":\"https:\\\/\\\/www.rassegnastampa-totustuus.it\\\/cattolica\\\/#organization\"},\"image\":{\"@id\":\"https:\\\/\\\/www.rassegnastampa-totustuus.it\\\/cattolica\\\/chi-salva-una-vita-salva-il-mondo-intero\\\/#primaryimage\"},\"thumbnailUrl\":\"https:\\\/\\\/www.rassegnastampa-totustuus.it\\\/cattolica\\\/wp-content\\\/uploads\\\/2012\\\/05\\\/marcia_vita.jpg\",\"keywords\":[\"marcia per la vita\"],\"articleSection\":[\"Aborto\"],\"inLanguage\":\"it-IT\"},{\"@type\":\"WebPage\",\"@id\":\"https:\\\/\\\/www.rassegnastampa-totustuus.it\\\/cattolica\\\/chi-salva-una-vita-salva-il-mondo-intero\\\/\",\"url\":\"https:\\\/\\\/www.rassegnastampa-totustuus.it\\\/cattolica\\\/chi-salva-una-vita-salva-il-mondo-intero\\\/\",\"name\":\"Chi salva una vita salva il mondo intero - Rassegna Stampa Cattolica\",\"isPartOf\":{\"@id\":\"https:\\\/\\\/www.rassegnastampa-totustuus.it\\\/cattolica\\\/#website\"},\"primaryImageOfPage\":{\"@id\":\"https:\\\/\\\/www.rassegnastampa-totustuus.it\\\/cattolica\\\/chi-salva-una-vita-salva-il-mondo-intero\\\/#primaryimage\"},\"image\":{\"@id\":\"https:\\\/\\\/www.rassegnastampa-totustuus.it\\\/cattolica\\\/chi-salva-una-vita-salva-il-mondo-intero\\\/#primaryimage\"},\"thumbnailUrl\":\"https:\\\/\\\/www.rassegnastampa-totustuus.it\\\/cattolica\\\/wp-content\\\/uploads\\\/2012\\\/05\\\/marcia_vita.jpg\",\"datePublished\":\"2012-05-16T22:00:00+00:00\",\"dateModified\":\"2016-02-04T11:48:51+00:00\",\"description\":\"Rassegna Stampa Cattolica - Per una cultura che nasce dalla Rivelazione cristiana in conformit\u00e0 alla tradizione e al Magistero della Chiesa in opposizione ad ogni relativismo e totalitarismo\",\"breadcrumb\":{\"@id\":\"https:\\\/\\\/www.rassegnastampa-totustuus.it\\\/cattolica\\\/chi-salva-una-vita-salva-il-mondo-intero\\\/#breadcrumb\"},\"inLanguage\":\"it-IT\",\"potentialAction\":[{\"@type\":\"ReadAction\",\"target\":[\"https:\\\/\\\/www.rassegnastampa-totustuus.it\\\/cattolica\\\/chi-salva-una-vita-salva-il-mondo-intero\\\/\"]}]},{\"@type\":\"ImageObject\",\"inLanguage\":\"it-IT\",\"@id\":\"https:\\\/\\\/www.rassegnastampa-totustuus.it\\\/cattolica\\\/chi-salva-una-vita-salva-il-mondo-intero\\\/#primaryimage\",\"url\":\"https:\\\/\\\/www.rassegnastampa-totustuus.it\\\/cattolica\\\/wp-content\\\/uploads\\\/2012\\\/05\\\/marcia_vita.jpg\",\"contentUrl\":\"https:\\\/\\\/www.rassegnastampa-totustuus.it\\\/cattolica\\\/wp-content\\\/uploads\\\/2012\\\/05\\\/marcia_vita.jpg\",\"width\":275,\"height\":183},{\"@type\":\"BreadcrumbList\",\"@id\":\"https:\\\/\\\/www.rassegnastampa-totustuus.it\\\/cattolica\\\/chi-salva-una-vita-salva-il-mondo-intero\\\/#breadcrumb\",\"itemListElement\":[{\"@type\":\"ListItem\",\"position\":1,\"name\":\"Home\",\"item\":\"https:\\\/\\\/www.rassegnastampa-totustuus.it\\\/cattolica\\\/\"},{\"@type\":\"ListItem\",\"position\":2,\"name\":\"Chi salva una vita salva il mondo intero\"}]},{\"@type\":\"WebSite\",\"@id\":\"https:\\\/\\\/www.rassegnastampa-totustuus.it\\\/cattolica\\\/#website\",\"url\":\"https:\\\/\\\/www.rassegnastampa-totustuus.it\\\/cattolica\\\/\",\"name\":\"Rassegna Stampa Cattolica\",\"description\":\"Per una cultura che nasce dalla Rivelazione cristiana in conformit\u00e0 alla tradizione e al Magistero della Chiesa in opposizione ad ogni relativismo e totalitarismo\",\"publisher\":{\"@id\":\"https:\\\/\\\/www.rassegnastampa-totustuus.it\\\/cattolica\\\/#organization\"},\"alternateName\":\"Rass. Cattolica\",\"potentialAction\":[{\"@type\":\"SearchAction\",\"target\":{\"@type\":\"EntryPoint\",\"urlTemplate\":\"https:\\\/\\\/www.rassegnastampa-totustuus.it\\\/cattolica\\\/?s={search_term_string}\"},\"query-input\":{\"@type\":\"PropertyValueSpecification\",\"valueRequired\":true,\"valueName\":\"search_term_string\"}}],\"inLanguage\":\"it-IT\"},{\"@type\":\"Organization\",\"@id\":\"https:\\\/\\\/www.rassegnastampa-totustuus.it\\\/cattolica\\\/#organization\",\"name\":\"Rassegna Stampa Cattolica\",\"url\":\"https:\\\/\\\/www.rassegnastampa-totustuus.it\\\/cattolica\\\/\",\"logo\":{\"@type\":\"ImageObject\",\"inLanguage\":\"it-IT\",\"@id\":\"https:\\\/\\\/www.rassegnastampa-totustuus.it\\\/cattolica\\\/#\\\/schema\\\/logo\\\/image\\\/\",\"url\":\"https:\\\/\\\/www.rassegnastampa-totustuus.it\\\/cattolica\\\/wp-content\\\/uploads\\\/2014\\\/04\\\/logo-rassegna1.gif\",\"contentUrl\":\"https:\\\/\\\/www.rassegnastampa-totustuus.it\\\/cattolica\\\/wp-content\\\/uploads\\\/2014\\\/04\\\/logo-rassegna1.gif\",\"width\":600,\"height\":163,\"caption\":\"Rassegna Stampa Cattolica\"},\"image\":{\"@id\":\"https:\\\/\\\/www.rassegnastampa-totustuus.it\\\/cattolica\\\/#\\\/schema\\\/logo\\\/image\\\/\"},\"sameAs\":[\"https:\\\/\\\/www.facebook.com\\\/rassegnastampacattolica\",\"https:\\\/\\\/x.com\\\/rassegnastampa9\"]},{\"@type\":\"Person\",\"@id\":\"https:\\\/\\\/www.rassegnastampa-totustuus.it\\\/cattolica\\\/#\\\/schema\\\/person\\\/08f319d2bd1a0904ad9e2bfb7b15e5c3\",\"name\":\"Redazione\",\"image\":{\"@type\":\"ImageObject\",\"inLanguage\":\"it-IT\",\"@id\":\"https:\\\/\\\/secure.gravatar.com\\\/avatar\\\/2fcdf27c78ea025fbdb44e914cc63c72249ffec9dc8aafd5c82b26240ef3f346?s=96&d=mm&r=g\",\"url\":\"https:\\\/\\\/secure.gravatar.com\\\/avatar\\\/2fcdf27c78ea025fbdb44e914cc63c72249ffec9dc8aafd5c82b26240ef3f346?s=96&d=mm&r=g\",\"contentUrl\":\"https:\\\/\\\/secure.gravatar.com\\\/avatar\\\/2fcdf27c78ea025fbdb44e914cc63c72249ffec9dc8aafd5c82b26240ef3f346?s=96&d=mm&r=g\",\"caption\":\"Redazione\"},\"url\":\"https:\\\/\\\/www.rassegnastampa-totustuus.it\\\/cattolica\\\/author\\\/pietroelle\\\/\"}]}<\/script>\n<!-- \/ Yoast SEO plugin. -->","yoast_head_json":{"title":"Chi salva una vita salva il mondo intero - Rassegna Stampa Cattolica","description":"Rassegna Stampa Cattolica - Per una cultura che nasce dalla Rivelazione cristiana in conformit\u00e0 alla tradizione e al Magistero della Chiesa in opposizione ad ogni relativismo e totalitarismo","robots":{"index":"index","follow":"follow","max-snippet":"max-snippet:-1","max-image-preview":"max-image-preview:large","max-video-preview":"max-video-preview:-1"},"canonical":"https:\/\/www.rassegnastampa-totustuus.it\/cattolica\/chi-salva-una-vita-salva-il-mondo-intero\/","og_locale":"it_IT","og_type":"article","og_title":"Chi salva una vita salva il mondo intero - Rassegna Stampa Cattolica","og_description":"Rassegna Stampa Cattolica - Per una cultura che nasce dalla Rivelazione cristiana in conformit\u00e0 alla tradizione e al Magistero della Chiesa in opposizione ad ogni relativismo e totalitarismo","og_url":"https:\/\/www.rassegnastampa-totustuus.it\/cattolica\/chi-salva-una-vita-salva-il-mondo-intero\/","og_site_name":"Rassegna Stampa Cattolica","article_publisher":"https:\/\/www.facebook.com\/rassegnastampacattolica","article_published_time":"2012-05-16T22:00:00+00:00","article_modified_time":"2016-02-04T11:48:51+00:00","og_image":[{"width":275,"height":183,"url":"https:\/\/www.rassegnastampa-totustuus.it\/cattolica\/wp-content\/uploads\/2012\/05\/marcia_vita.jpg","type":"image\/jpeg"}],"author":"Redazione","twitter_card":"summary_large_image","twitter_creator":"@rassegnastampa9","twitter_site":"@rassegnastampa9","twitter_misc":{"Scritto da":"Redazione","Tempo di lettura stimato":"8 minuti"},"schema":{"@context":"https:\/\/schema.org","@graph":[{"@type":"Article","@id":"https:\/\/www.rassegnastampa-totustuus.it\/cattolica\/chi-salva-una-vita-salva-il-mondo-intero\/#article","isPartOf":{"@id":"https:\/\/www.rassegnastampa-totustuus.it\/cattolica\/chi-salva-una-vita-salva-il-mondo-intero\/"},"author":{"name":"Redazione","@id":"https:\/\/www.rassegnastampa-totustuus.it\/cattolica\/#\/schema\/person\/08f319d2bd1a0904ad9e2bfb7b15e5c3"},"headline":"Chi salva una vita salva il mondo intero","datePublished":"2012-05-16T22:00:00+00:00","dateModified":"2016-02-04T11:48:51+00:00","mainEntityOfPage":{"@id":"https:\/\/www.rassegnastampa-totustuus.it\/cattolica\/chi-salva-una-vita-salva-il-mondo-intero\/"},"wordCount":1600,"publisher":{"@id":"https:\/\/www.rassegnastampa-totustuus.it\/cattolica\/#organization"},"image":{"@id":"https:\/\/www.rassegnastampa-totustuus.it\/cattolica\/chi-salva-una-vita-salva-il-mondo-intero\/#primaryimage"},"thumbnailUrl":"https:\/\/www.rassegnastampa-totustuus.it\/cattolica\/wp-content\/uploads\/2012\/05\/marcia_vita.jpg","keywords":["marcia per la vita"],"articleSection":["Aborto"],"inLanguage":"it-IT"},{"@type":"WebPage","@id":"https:\/\/www.rassegnastampa-totustuus.it\/cattolica\/chi-salva-una-vita-salva-il-mondo-intero\/","url":"https:\/\/www.rassegnastampa-totustuus.it\/cattolica\/chi-salva-una-vita-salva-il-mondo-intero\/","name":"Chi salva una vita salva il mondo intero - Rassegna Stampa Cattolica","isPartOf":{"@id":"https:\/\/www.rassegnastampa-totustuus.it\/cattolica\/#website"},"primaryImageOfPage":{"@id":"https:\/\/www.rassegnastampa-totustuus.it\/cattolica\/chi-salva-una-vita-salva-il-mondo-intero\/#primaryimage"},"image":{"@id":"https:\/\/www.rassegnastampa-totustuus.it\/cattolica\/chi-salva-una-vita-salva-il-mondo-intero\/#primaryimage"},"thumbnailUrl":"https:\/\/www.rassegnastampa-totustuus.it\/cattolica\/wp-content\/uploads\/2012\/05\/marcia_vita.jpg","datePublished":"2012-05-16T22:00:00+00:00","dateModified":"2016-02-04T11:48:51+00:00","description":"Rassegna Stampa Cattolica - Per una cultura che nasce dalla Rivelazione cristiana in conformit\u00e0 alla tradizione e al Magistero della Chiesa in opposizione ad ogni relativismo e totalitarismo","breadcrumb":{"@id":"https:\/\/www.rassegnastampa-totustuus.it\/cattolica\/chi-salva-una-vita-salva-il-mondo-intero\/#breadcrumb"},"inLanguage":"it-IT","potentialAction":[{"@type":"ReadAction","target":["https:\/\/www.rassegnastampa-totustuus.it\/cattolica\/chi-salva-una-vita-salva-il-mondo-intero\/"]}]},{"@type":"ImageObject","inLanguage":"it-IT","@id":"https:\/\/www.rassegnastampa-totustuus.it\/cattolica\/chi-salva-una-vita-salva-il-mondo-intero\/#primaryimage","url":"https:\/\/www.rassegnastampa-totustuus.it\/cattolica\/wp-content\/uploads\/2012\/05\/marcia_vita.jpg","contentUrl":"https:\/\/www.rassegnastampa-totustuus.it\/cattolica\/wp-content\/uploads\/2012\/05\/marcia_vita.jpg","width":275,"height":183},{"@type":"BreadcrumbList","@id":"https:\/\/www.rassegnastampa-totustuus.it\/cattolica\/chi-salva-una-vita-salva-il-mondo-intero\/#breadcrumb","itemListElement":[{"@type":"ListItem","position":1,"name":"Home","item":"https:\/\/www.rassegnastampa-totustuus.it\/cattolica\/"},{"@type":"ListItem","position":2,"name":"Chi salva una vita salva il mondo intero"}]},{"@type":"WebSite","@id":"https:\/\/www.rassegnastampa-totustuus.it\/cattolica\/#website","url":"https:\/\/www.rassegnastampa-totustuus.it\/cattolica\/","name":"Rassegna Stampa Cattolica","description":"Per una cultura che nasce dalla Rivelazione cristiana in conformit\u00e0 alla tradizione e al Magistero della Chiesa in opposizione ad ogni relativismo e totalitarismo","publisher":{"@id":"https:\/\/www.rassegnastampa-totustuus.it\/cattolica\/#organization"},"alternateName":"Rass. Cattolica","potentialAction":[{"@type":"SearchAction","target":{"@type":"EntryPoint","urlTemplate":"https:\/\/www.rassegnastampa-totustuus.it\/cattolica\/?s={search_term_string}"},"query-input":{"@type":"PropertyValueSpecification","valueRequired":true,"valueName":"search_term_string"}}],"inLanguage":"it-IT"},{"@type":"Organization","@id":"https:\/\/www.rassegnastampa-totustuus.it\/cattolica\/#organization","name":"Rassegna Stampa Cattolica","url":"https:\/\/www.rassegnastampa-totustuus.it\/cattolica\/","logo":{"@type":"ImageObject","inLanguage":"it-IT","@id":"https:\/\/www.rassegnastampa-totustuus.it\/cattolica\/#\/schema\/logo\/image\/","url":"https:\/\/www.rassegnastampa-totustuus.it\/cattolica\/wp-content\/uploads\/2014\/04\/logo-rassegna1.gif","contentUrl":"https:\/\/www.rassegnastampa-totustuus.it\/cattolica\/wp-content\/uploads\/2014\/04\/logo-rassegna1.gif","width":600,"height":163,"caption":"Rassegna Stampa Cattolica"},"image":{"@id":"https:\/\/www.rassegnastampa-totustuus.it\/cattolica\/#\/schema\/logo\/image\/"},"sameAs":["https:\/\/www.facebook.com\/rassegnastampacattolica","https:\/\/x.com\/rassegnastampa9"]},{"@type":"Person","@id":"https:\/\/www.rassegnastampa-totustuus.it\/cattolica\/#\/schema\/person\/08f319d2bd1a0904ad9e2bfb7b15e5c3","name":"Redazione","image":{"@type":"ImageObject","inLanguage":"it-IT","@id":"https:\/\/secure.gravatar.com\/avatar\/2fcdf27c78ea025fbdb44e914cc63c72249ffec9dc8aafd5c82b26240ef3f346?s=96&d=mm&r=g","url":"https:\/\/secure.gravatar.com\/avatar\/2fcdf27c78ea025fbdb44e914cc63c72249ffec9dc8aafd5c82b26240ef3f346?s=96&d=mm&r=g","contentUrl":"https:\/\/secure.gravatar.com\/avatar\/2fcdf27c78ea025fbdb44e914cc63c72249ffec9dc8aafd5c82b26240ef3f346?s=96&d=mm&r=g","caption":"Redazione"},"url":"https:\/\/www.rassegnastampa-totustuus.it\/cattolica\/author\/pietroelle\/"}]}},"_links":{"self":[{"href":"https:\/\/www.rassegnastampa-totustuus.it\/cattolica\/wp-json\/wp\/v2\/posts\/5069","targetHints":{"allow":["GET"]}}],"collection":[{"href":"https:\/\/www.rassegnastampa-totustuus.it\/cattolica\/wp-json\/wp\/v2\/posts"}],"about":[{"href":"https:\/\/www.rassegnastampa-totustuus.it\/cattolica\/wp-json\/wp\/v2\/types\/post"}],"author":[{"embeddable":true,"href":"https:\/\/www.rassegnastampa-totustuus.it\/cattolica\/wp-json\/wp\/v2\/users\/6"}],"replies":[{"embeddable":true,"href":"https:\/\/www.rassegnastampa-totustuus.it\/cattolica\/wp-json\/wp\/v2\/comments?post=5069"}],"version-history":[{"count":4,"href":"https:\/\/www.rassegnastampa-totustuus.it\/cattolica\/wp-json\/wp\/v2\/posts\/5069\/revisions"}],"predecessor-version":[{"id":30270,"href":"https:\/\/www.rassegnastampa-totustuus.it\/cattolica\/wp-json\/wp\/v2\/posts\/5069\/revisions\/30270"}],"wp:featuredmedia":[{"embeddable":true,"href":"https:\/\/www.rassegnastampa-totustuus.it\/cattolica\/wp-json\/wp\/v2\/media\/30269"}],"wp:attachment":[{"href":"https:\/\/www.rassegnastampa-totustuus.it\/cattolica\/wp-json\/wp\/v2\/media?parent=5069"}],"wp:term":[{"taxonomy":"category","embeddable":true,"href":"https:\/\/www.rassegnastampa-totustuus.it\/cattolica\/wp-json\/wp\/v2\/categories?post=5069"},{"taxonomy":"post_tag","embeddable":true,"href":"https:\/\/www.rassegnastampa-totustuus.it\/cattolica\/wp-json\/wp\/v2\/tags?post=5069"}],"curies":[{"name":"wp","href":"https:\/\/api.w.org\/{rel}","templated":true}]}}