{"id":50673,"date":"2021-04-22T00:00:22","date_gmt":"2021-04-21T22:00:22","guid":{"rendered":"http:\/\/www.rassegnastampa-totustuus.it\/cattolica\/?p=50673"},"modified":"2025-07-29T15:45:27","modified_gmt":"2025-07-29T13:45:27","slug":"la-schwa-come-imporre-la-neolingua-di-orwelliana-memoria","status":"publish","type":"post","link":"https:\/\/www.rassegnastampa-totustuus.it\/cattolica\/la-schwa-come-imporre-la-neolingua-di-orwelliana-memoria\/","title":{"rendered":"La schwa, come imporre la neolingua di orwelliana memoria"},"content":{"rendered":"\n<p class=\"has-text-align-center\"><span style=\"color: #000000;\"><strong><a href=\"https:\/\/www.corrieredelsud.it\/nsite\/\" target=\"_blank\" rel=\"noreferrer noopener\">Il Corriere del Sud <\/a><\/strong>17 Aprile 2021<strong> \u00a0 <\/strong><\/span><\/p>\n\n\n\n<p class=\"has-text-align-center\"><span style=\"color: #000000;\">di <strong>Andrea Bartelloni <\/strong><\/span><\/p>\n\n\n\n<p><span style=\"color: #000000;\">In principio era l\u2019asterisco. Poi \u00e8 scomparso per un rigurgito di realismo che ancora sopravvive, ma subito sostituito dalla sottolineatura costante della doppia presenza di maschile e femminile: bambini e bambine, fratelli e sorelle che si affianca al sempre presente: signore e signori, ladies and gentleman, madame et monsieur. <\/span><\/p>\n\n\n<div class=\"wp-block-image\">\n<figure class=\"aligncenter size-large is-resized\"><a href=\"https:\/\/www.rassegnastampa-totustuus.it\/cattolica\/wp-content\/uploads\/2015\/07\/neolingua.jpg\"><img loading=\"lazy\" decoding=\"async\" width=\"653\" height=\"1024\" src=\"https:\/\/www.rassegnastampa-totustuus.it\/cattolica\/wp-content\/uploads\/2015\/07\/neolingua-653x1024.jpg\" alt=\"\" class=\"wp-image-26462\" style=\"width:185px;height:auto\" srcset=\"https:\/\/www.rassegnastampa-totustuus.it\/cattolica\/wp-content\/uploads\/2015\/07\/neolingua-653x1024.jpg 653w, https:\/\/www.rassegnastampa-totustuus.it\/cattolica\/wp-content\/uploads\/2015\/07\/neolingua-191x300.jpg 191w, https:\/\/www.rassegnastampa-totustuus.it\/cattolica\/wp-content\/uploads\/2015\/07\/neolingua.jpg 736w\" sizes=\"auto, (max-width: 653px) 100vw, 653px\" \/><\/a><\/figure><\/div>\n\n\n<!--more-->\n\n\n\n<p><span style=\"color: #000000;\">Ora arriva una novit\u00e0 \u201crivoluzionaria\u201d: la schwa, scritta come un e, ma capovolta \u0259 (che si pronuncia scev\u00e0). Non \u00e8 una invenzione come quelle della lingua di \u201cTrono di spade\u201d, ma un fonema presente in molte lingue e che ha un suo suono intermedio a met\u00e0 strada tra le vocali esistenti. Un suono presente in molte lingue europee e in molti dialetti del sud Italia, ma nelle intenzioni dei \u201clinguisti\u201d di un piccolo comune emiliano, Castelfranco Emilia, in provincia di Modena, vorrebbe assumere lo stesso valore del dimenticato asterisco: essere \u201cinclusivo\u201d, e non discriminare, col genere maschile di molte parole in un uso comune, il genere femminile. <\/span><\/p>\n\n\n<div class=\"wp-block-image\">\n<figure class=\"aligncenter is-resized\"><a href=\"https:\/\/www.rassegnastampa-totustuus.it\/cattolica\/wp-content\/uploads\/2009\/12\/neolingua.jpg\"><img loading=\"lazy\" decoding=\"async\" width=\"248\" height=\"196\" src=\"https:\/\/www.rassegnastampa-totustuus.it\/cattolica\/wp-content\/uploads\/2009\/12\/neolingua.jpg\" alt=\"\" class=\"wp-image-29782\" style=\"width:310px;height:auto\"\/><\/a><\/figure><\/div>\n\n\n<p><span style=\"color: #000000;\">Si tratta di un altro tentativo di imporre la \u201cneolingua\u201d di orwelliana memoria? Forse esageriamo e diamo troppa importanza a questa manifestazione, ma \u201cIl rispetto e la valorizzazione delle differenze sono principi fondamentali della nostra comunit\u00e0 e il linguaggio che utilizziamo quotidianamente dovrebbe rispecchiare tali principi. <\/span><span style=\"color: #000000;\">Ecco perch\u00e9 vogliamo fare maggiore attenzione a come ci esprimiamo: il linguaggio infatti non \u00e8 solo uno strumento per comunicare, ma anche per plasmare il modo in cui pensiamo, agiamo e viviamo le relazioni\u201d. <\/span><\/p>\n\n\n\n<p><span style=\"color: #000000;\">Cos\u00ec dicono dal Miniver di Castelfranco Emilia, quindi una vera e propria operazione culturale al fine di modificare il nostro modo di pensare e di agire: \u201cneolingua\u201d. Una neolingua che alla lunga far\u00e0 sparire le differenze a danno anche delle vere identit\u00e0, anche di quella femminile: dire donna sar\u00e0 discriminatorio come dire brava o bella?<\/span><\/p>\n\n\n<div class=\"wp-block-image\">\n<figure class=\"aligncenter is-resized\"><a href=\"https:\/\/www.rassegnastampa-totustuus.it\/cattolica\/wp-content\/uploads\/2013\/05\/gender.jpg\"><img loading=\"lazy\" decoding=\"async\" width=\"241\" height=\"209\" src=\"https:\/\/www.rassegnastampa-totustuus.it\/cattolica\/wp-content\/uploads\/2013\/05\/gender.jpg\" alt=\"\" class=\"wp-image-27302\" style=\"width:333px;height:auto\"\/><\/a><\/figure><\/div>\n\n\n<p><span style=\"color: #000000;\">La neolingua, come descritta nel romanzo distopico &#8220;1984&#8221; di George Orwell,&nbsp;&nbsp; era costruita per eliminare la possibilit\u00e0 di esprimere opinioni diverse da quelle approvate dal partito. Dovremmo dire: brav\u0259 o bell\u0259 senza far sentire la finale! Certo che il mondo meridionale sar\u00e0 avvantaggiato, sono molte le parole che nei vari dialetti finiscono tronche. <\/span><\/p>\n\n\n\n<p><span style=\"color: #000000;\">Quindi addio al maschile che, in italiano serve anche a indicare il neutro. Per cui dire &#8220;buongiorno a tutte&#8221; vuole dire che ci si rivolge a un pubblico femminile, mentre dire &#8220;buongiorno a tutti&#8221; indica anche un pubblico misto. Allora per superare questo binarismo non inclusivo si \u00e8 pensato all&#8217;asterisco: &#8220;buongiorno a tutt*&#8221; o alla &#8220;u&#8221;, per esempio dicendo: &#8220;Buongiorno a tuttu&#8221;. E fa abbastanza ridere! <\/span><\/p>\n\n\n\n<p><span style=\"color: #000000;\">\u00c8 stata Vera Gheno, nel libro \u201cFemminili Singolari\u201d , a proporre la schwa: &#8220;Al contrario di altri simboli non alfabetici \u2013 scrive l&#8217;esperta \u2013 ha un suono davvero medio, non come la U che in alcuni dialetti denota un maschile&#8221;. Maschile che va abolito, ma si sta abolendo anche il femminile! Sono contente le donne? Ops, ho detto donna!<\/span><\/p>\n","protected":false},"excerpt":{"rendered":"<p>Il Corriere del Sud 17 Aprile 2021 \u00a0 di Andrea Bartelloni In principio era l\u2019asterisco. Poi \u00e8 scomparso per un rigurgito di realismo che ancora sopravvive, ma subito sostituito dalla sottolineatura costante della doppia presenza di maschile e femminile: bambini e bambine, fratelli e sorelle che si affianca al sempre presente: signore e signori, ladies &hellip; <\/p>\n<p><a class=\"more-link btn\" href=\"https:\/\/www.rassegnastampa-totustuus.it\/cattolica\/la-schwa-come-imporre-la-neolingua-di-orwelliana-memoria\/\">Continua a leggere<\/a><\/p>\n","protected":false},"author":6,"featured_media":47277,"comment_status":"closed","ping_status":"closed","sticky":false,"template":"","format":"standard","meta":{"footnotes":""},"categories":[25],"tags":[1011,572,3239],"class_list":["post-50673","post","type-post","status-publish","format-standard","has-post-thumbnail","hentry","category-sguardo-sul-nostro-tempo","tag-neolingua","tag-politically-correct","tag-schwa","item-wrap"],"yoast_head":"<!-- This site is optimized with the Yoast SEO plugin v27.5 - https:\/\/yoast.com\/product\/yoast-seo-wordpress\/ -->\n<title>La schwa, come imporre la neolingua di orwelliana memoria - Rassegna Stampa Cattolica<\/title>\n<meta name=\"description\" content=\"La schwa, come imporre la neolingua di orwelliana memoria col pretesto della inclusivit\u00e0. E&#039; la follia che avanza\" \/>\n<meta name=\"robots\" content=\"index, follow, max-snippet:-1, max-image-preview:large, max-video-preview:-1\" \/>\n<link rel=\"canonical\" href=\"https:\/\/www.rassegnastampa-totustuus.it\/cattolica\/la-schwa-come-imporre-la-neolingua-di-orwelliana-memoria\/\" \/>\n<meta property=\"og:locale\" content=\"it_IT\" \/>\n<meta property=\"og:type\" content=\"article\" \/>\n<meta property=\"og:title\" content=\"La schwa, come imporre la neolingua di orwelliana memoria - Rassegna Stampa Cattolica\" \/>\n<meta property=\"og:description\" content=\"La schwa, come imporre la neolingua di orwelliana memoria col pretesto della inclusivit\u00e0. E&#039; la follia che avanza\" \/>\n<meta property=\"og:url\" content=\"https:\/\/www.rassegnastampa-totustuus.it\/cattolica\/la-schwa-come-imporre-la-neolingua-di-orwelliana-memoria\/\" \/>\n<meta property=\"og:site_name\" content=\"Rassegna Stampa Cattolica\" \/>\n<meta property=\"article:publisher\" content=\"https:\/\/www.facebook.com\/rassegnastampacattolica\" \/>\n<meta property=\"article:published_time\" content=\"2021-04-21T22:00:22+00:00\" \/>\n<meta property=\"article:modified_time\" content=\"2025-07-29T13:45:27+00:00\" \/>\n<meta property=\"og:image\" content=\"https:\/\/www.rassegnastampa-totustuus.it\/cattolica\/wp-content\/uploads\/2020\/05\/1984_totalitarismo_neolingua.jpg\" \/>\n\t<meta property=\"og:image:width\" content=\"1280\" \/>\n\t<meta property=\"og:image:height\" content=\"700\" \/>\n\t<meta property=\"og:image:type\" content=\"image\/jpeg\" \/>\n<meta name=\"author\" content=\"Redazione\" \/>\n<meta name=\"twitter:card\" content=\"summary_large_image\" \/>\n<meta name=\"twitter:creator\" content=\"@rassegnastampa9\" \/>\n<meta name=\"twitter:site\" content=\"@rassegnastampa9\" \/>\n<meta name=\"twitter:label1\" content=\"Scritto da\" \/>\n\t<meta name=\"twitter:data1\" content=\"Redazione\" \/>\n\t<meta name=\"twitter:label2\" content=\"Tempo di lettura stimato\" \/>\n\t<meta name=\"twitter:data2\" content=\"4 minuti\" \/>\n<script type=\"application\/ld+json\" class=\"yoast-schema-graph\">{\"@context\":\"https:\\\/\\\/schema.org\",\"@graph\":[{\"@type\":\"Article\",\"@id\":\"https:\\\/\\\/www.rassegnastampa-totustuus.it\\\/cattolica\\\/la-schwa-come-imporre-la-neolingua-di-orwelliana-memoria\\\/#article\",\"isPartOf\":{\"@id\":\"https:\\\/\\\/www.rassegnastampa-totustuus.it\\\/cattolica\\\/la-schwa-come-imporre-la-neolingua-di-orwelliana-memoria\\\/\"},\"author\":{\"name\":\"Redazione\",\"@id\":\"https:\\\/\\\/www.rassegnastampa-totustuus.it\\\/cattolica\\\/#\\\/schema\\\/person\\\/08f319d2bd1a0904ad9e2bfb7b15e5c3\"},\"headline\":\"La schwa, come imporre la neolingua di orwelliana memoria\",\"datePublished\":\"2021-04-21T22:00:22+00:00\",\"dateModified\":\"2025-07-29T13:45:27+00:00\",\"mainEntityOfPage\":{\"@id\":\"https:\\\/\\\/www.rassegnastampa-totustuus.it\\\/cattolica\\\/la-schwa-come-imporre-la-neolingua-di-orwelliana-memoria\\\/\"},\"wordCount\":481,\"publisher\":{\"@id\":\"https:\\\/\\\/www.rassegnastampa-totustuus.it\\\/cattolica\\\/#organization\"},\"image\":{\"@id\":\"https:\\\/\\\/www.rassegnastampa-totustuus.it\\\/cattolica\\\/la-schwa-come-imporre-la-neolingua-di-orwelliana-memoria\\\/#primaryimage\"},\"thumbnailUrl\":\"https:\\\/\\\/www.rassegnastampa-totustuus.it\\\/cattolica\\\/wp-content\\\/uploads\\\/2020\\\/05\\\/1984_totalitarismo_neolingua.jpg\",\"keywords\":[\"neolingua\",\"politically correct\",\"schwa\"],\"articleSection\":[\"Sguardo sul nostro tempo\"],\"inLanguage\":\"it-IT\"},{\"@type\":\"WebPage\",\"@id\":\"https:\\\/\\\/www.rassegnastampa-totustuus.it\\\/cattolica\\\/la-schwa-come-imporre-la-neolingua-di-orwelliana-memoria\\\/\",\"url\":\"https:\\\/\\\/www.rassegnastampa-totustuus.it\\\/cattolica\\\/la-schwa-come-imporre-la-neolingua-di-orwelliana-memoria\\\/\",\"name\":\"La schwa, come imporre la neolingua di orwelliana memoria - Rassegna Stampa Cattolica\",\"isPartOf\":{\"@id\":\"https:\\\/\\\/www.rassegnastampa-totustuus.it\\\/cattolica\\\/#website\"},\"primaryImageOfPage\":{\"@id\":\"https:\\\/\\\/www.rassegnastampa-totustuus.it\\\/cattolica\\\/la-schwa-come-imporre-la-neolingua-di-orwelliana-memoria\\\/#primaryimage\"},\"image\":{\"@id\":\"https:\\\/\\\/www.rassegnastampa-totustuus.it\\\/cattolica\\\/la-schwa-come-imporre-la-neolingua-di-orwelliana-memoria\\\/#primaryimage\"},\"thumbnailUrl\":\"https:\\\/\\\/www.rassegnastampa-totustuus.it\\\/cattolica\\\/wp-content\\\/uploads\\\/2020\\\/05\\\/1984_totalitarismo_neolingua.jpg\",\"datePublished\":\"2021-04-21T22:00:22+00:00\",\"dateModified\":\"2025-07-29T13:45:27+00:00\",\"description\":\"La schwa, come imporre la neolingua di orwelliana memoria col pretesto della inclusivit\u00e0. E' la follia che avanza\",\"breadcrumb\":{\"@id\":\"https:\\\/\\\/www.rassegnastampa-totustuus.it\\\/cattolica\\\/la-schwa-come-imporre-la-neolingua-di-orwelliana-memoria\\\/#breadcrumb\"},\"inLanguage\":\"it-IT\",\"potentialAction\":[{\"@type\":\"ReadAction\",\"target\":[\"https:\\\/\\\/www.rassegnastampa-totustuus.it\\\/cattolica\\\/la-schwa-come-imporre-la-neolingua-di-orwelliana-memoria\\\/\"]}]},{\"@type\":\"ImageObject\",\"inLanguage\":\"it-IT\",\"@id\":\"https:\\\/\\\/www.rassegnastampa-totustuus.it\\\/cattolica\\\/la-schwa-come-imporre-la-neolingua-di-orwelliana-memoria\\\/#primaryimage\",\"url\":\"https:\\\/\\\/www.rassegnastampa-totustuus.it\\\/cattolica\\\/wp-content\\\/uploads\\\/2020\\\/05\\\/1984_totalitarismo_neolingua.jpg\",\"contentUrl\":\"https:\\\/\\\/www.rassegnastampa-totustuus.it\\\/cattolica\\\/wp-content\\\/uploads\\\/2020\\\/05\\\/1984_totalitarismo_neolingua.jpg\",\"width\":1280,\"height\":700},{\"@type\":\"BreadcrumbList\",\"@id\":\"https:\\\/\\\/www.rassegnastampa-totustuus.it\\\/cattolica\\\/la-schwa-come-imporre-la-neolingua-di-orwelliana-memoria\\\/#breadcrumb\",\"itemListElement\":[{\"@type\":\"ListItem\",\"position\":1,\"name\":\"Home\",\"item\":\"https:\\\/\\\/www.rassegnastampa-totustuus.it\\\/cattolica\\\/\"},{\"@type\":\"ListItem\",\"position\":2,\"name\":\"La schwa, come imporre la neolingua di orwelliana memoria\"}]},{\"@type\":\"WebSite\",\"@id\":\"https:\\\/\\\/www.rassegnastampa-totustuus.it\\\/cattolica\\\/#website\",\"url\":\"https:\\\/\\\/www.rassegnastampa-totustuus.it\\\/cattolica\\\/\",\"name\":\"Rassegna Stampa Cattolica\",\"description\":\"Per una cultura che nasce dalla Rivelazione cristiana in conformit\u00e0 alla tradizione e al Magistero della Chiesa in opposizione ad ogni relativismo e totalitarismo\",\"publisher\":{\"@id\":\"https:\\\/\\\/www.rassegnastampa-totustuus.it\\\/cattolica\\\/#organization\"},\"alternateName\":\"Rass. Cattolica\",\"potentialAction\":[{\"@type\":\"SearchAction\",\"target\":{\"@type\":\"EntryPoint\",\"urlTemplate\":\"https:\\\/\\\/www.rassegnastampa-totustuus.it\\\/cattolica\\\/?s={search_term_string}\"},\"query-input\":{\"@type\":\"PropertyValueSpecification\",\"valueRequired\":true,\"valueName\":\"search_term_string\"}}],\"inLanguage\":\"it-IT\"},{\"@type\":\"Organization\",\"@id\":\"https:\\\/\\\/www.rassegnastampa-totustuus.it\\\/cattolica\\\/#organization\",\"name\":\"Rassegna Stampa Cattolica\",\"url\":\"https:\\\/\\\/www.rassegnastampa-totustuus.it\\\/cattolica\\\/\",\"logo\":{\"@type\":\"ImageObject\",\"inLanguage\":\"it-IT\",\"@id\":\"https:\\\/\\\/www.rassegnastampa-totustuus.it\\\/cattolica\\\/#\\\/schema\\\/logo\\\/image\\\/\",\"url\":\"https:\\\/\\\/www.rassegnastampa-totustuus.it\\\/cattolica\\\/wp-content\\\/uploads\\\/2014\\\/04\\\/logo-rassegna1.gif\",\"contentUrl\":\"https:\\\/\\\/www.rassegnastampa-totustuus.it\\\/cattolica\\\/wp-content\\\/uploads\\\/2014\\\/04\\\/logo-rassegna1.gif\",\"width\":600,\"height\":163,\"caption\":\"Rassegna Stampa Cattolica\"},\"image\":{\"@id\":\"https:\\\/\\\/www.rassegnastampa-totustuus.it\\\/cattolica\\\/#\\\/schema\\\/logo\\\/image\\\/\"},\"sameAs\":[\"https:\\\/\\\/www.facebook.com\\\/rassegnastampacattolica\",\"https:\\\/\\\/x.com\\\/rassegnastampa9\"]},{\"@type\":\"Person\",\"@id\":\"https:\\\/\\\/www.rassegnastampa-totustuus.it\\\/cattolica\\\/#\\\/schema\\\/person\\\/08f319d2bd1a0904ad9e2bfb7b15e5c3\",\"name\":\"Redazione\",\"image\":{\"@type\":\"ImageObject\",\"inLanguage\":\"it-IT\",\"@id\":\"https:\\\/\\\/secure.gravatar.com\\\/avatar\\\/2fcdf27c78ea025fbdb44e914cc63c72249ffec9dc8aafd5c82b26240ef3f346?s=96&d=mm&r=g\",\"url\":\"https:\\\/\\\/secure.gravatar.com\\\/avatar\\\/2fcdf27c78ea025fbdb44e914cc63c72249ffec9dc8aafd5c82b26240ef3f346?s=96&d=mm&r=g\",\"contentUrl\":\"https:\\\/\\\/secure.gravatar.com\\\/avatar\\\/2fcdf27c78ea025fbdb44e914cc63c72249ffec9dc8aafd5c82b26240ef3f346?s=96&d=mm&r=g\",\"caption\":\"Redazione\"},\"url\":\"https:\\\/\\\/www.rassegnastampa-totustuus.it\\\/cattolica\\\/author\\\/pietroelle\\\/\"}]}<\/script>\n<!-- \/ Yoast SEO plugin. -->","yoast_head_json":{"title":"La schwa, come imporre la neolingua di orwelliana memoria - Rassegna Stampa Cattolica","description":"La schwa, come imporre la neolingua di orwelliana memoria col pretesto della inclusivit\u00e0. E' la follia che avanza","robots":{"index":"index","follow":"follow","max-snippet":"max-snippet:-1","max-image-preview":"max-image-preview:large","max-video-preview":"max-video-preview:-1"},"canonical":"https:\/\/www.rassegnastampa-totustuus.it\/cattolica\/la-schwa-come-imporre-la-neolingua-di-orwelliana-memoria\/","og_locale":"it_IT","og_type":"article","og_title":"La schwa, come imporre la neolingua di orwelliana memoria - Rassegna Stampa Cattolica","og_description":"La schwa, come imporre la neolingua di orwelliana memoria col pretesto della inclusivit\u00e0. E' la follia che avanza","og_url":"https:\/\/www.rassegnastampa-totustuus.it\/cattolica\/la-schwa-come-imporre-la-neolingua-di-orwelliana-memoria\/","og_site_name":"Rassegna Stampa Cattolica","article_publisher":"https:\/\/www.facebook.com\/rassegnastampacattolica","article_published_time":"2021-04-21T22:00:22+00:00","article_modified_time":"2025-07-29T13:45:27+00:00","og_image":[{"width":1280,"height":700,"url":"https:\/\/www.rassegnastampa-totustuus.it\/cattolica\/wp-content\/uploads\/2020\/05\/1984_totalitarismo_neolingua.jpg","type":"image\/jpeg"}],"author":"Redazione","twitter_card":"summary_large_image","twitter_creator":"@rassegnastampa9","twitter_site":"@rassegnastampa9","twitter_misc":{"Scritto da":"Redazione","Tempo di lettura stimato":"4 minuti"},"schema":{"@context":"https:\/\/schema.org","@graph":[{"@type":"Article","@id":"https:\/\/www.rassegnastampa-totustuus.it\/cattolica\/la-schwa-come-imporre-la-neolingua-di-orwelliana-memoria\/#article","isPartOf":{"@id":"https:\/\/www.rassegnastampa-totustuus.it\/cattolica\/la-schwa-come-imporre-la-neolingua-di-orwelliana-memoria\/"},"author":{"name":"Redazione","@id":"https:\/\/www.rassegnastampa-totustuus.it\/cattolica\/#\/schema\/person\/08f319d2bd1a0904ad9e2bfb7b15e5c3"},"headline":"La schwa, come imporre la neolingua di orwelliana memoria","datePublished":"2021-04-21T22:00:22+00:00","dateModified":"2025-07-29T13:45:27+00:00","mainEntityOfPage":{"@id":"https:\/\/www.rassegnastampa-totustuus.it\/cattolica\/la-schwa-come-imporre-la-neolingua-di-orwelliana-memoria\/"},"wordCount":481,"publisher":{"@id":"https:\/\/www.rassegnastampa-totustuus.it\/cattolica\/#organization"},"image":{"@id":"https:\/\/www.rassegnastampa-totustuus.it\/cattolica\/la-schwa-come-imporre-la-neolingua-di-orwelliana-memoria\/#primaryimage"},"thumbnailUrl":"https:\/\/www.rassegnastampa-totustuus.it\/cattolica\/wp-content\/uploads\/2020\/05\/1984_totalitarismo_neolingua.jpg","keywords":["neolingua","politically correct","schwa"],"articleSection":["Sguardo sul nostro tempo"],"inLanguage":"it-IT"},{"@type":"WebPage","@id":"https:\/\/www.rassegnastampa-totustuus.it\/cattolica\/la-schwa-come-imporre-la-neolingua-di-orwelliana-memoria\/","url":"https:\/\/www.rassegnastampa-totustuus.it\/cattolica\/la-schwa-come-imporre-la-neolingua-di-orwelliana-memoria\/","name":"La schwa, come imporre la neolingua di orwelliana memoria - Rassegna Stampa Cattolica","isPartOf":{"@id":"https:\/\/www.rassegnastampa-totustuus.it\/cattolica\/#website"},"primaryImageOfPage":{"@id":"https:\/\/www.rassegnastampa-totustuus.it\/cattolica\/la-schwa-come-imporre-la-neolingua-di-orwelliana-memoria\/#primaryimage"},"image":{"@id":"https:\/\/www.rassegnastampa-totustuus.it\/cattolica\/la-schwa-come-imporre-la-neolingua-di-orwelliana-memoria\/#primaryimage"},"thumbnailUrl":"https:\/\/www.rassegnastampa-totustuus.it\/cattolica\/wp-content\/uploads\/2020\/05\/1984_totalitarismo_neolingua.jpg","datePublished":"2021-04-21T22:00:22+00:00","dateModified":"2025-07-29T13:45:27+00:00","description":"La schwa, come imporre la neolingua di orwelliana memoria col pretesto della inclusivit\u00e0. E' la follia che avanza","breadcrumb":{"@id":"https:\/\/www.rassegnastampa-totustuus.it\/cattolica\/la-schwa-come-imporre-la-neolingua-di-orwelliana-memoria\/#breadcrumb"},"inLanguage":"it-IT","potentialAction":[{"@type":"ReadAction","target":["https:\/\/www.rassegnastampa-totustuus.it\/cattolica\/la-schwa-come-imporre-la-neolingua-di-orwelliana-memoria\/"]}]},{"@type":"ImageObject","inLanguage":"it-IT","@id":"https:\/\/www.rassegnastampa-totustuus.it\/cattolica\/la-schwa-come-imporre-la-neolingua-di-orwelliana-memoria\/#primaryimage","url":"https:\/\/www.rassegnastampa-totustuus.it\/cattolica\/wp-content\/uploads\/2020\/05\/1984_totalitarismo_neolingua.jpg","contentUrl":"https:\/\/www.rassegnastampa-totustuus.it\/cattolica\/wp-content\/uploads\/2020\/05\/1984_totalitarismo_neolingua.jpg","width":1280,"height":700},{"@type":"BreadcrumbList","@id":"https:\/\/www.rassegnastampa-totustuus.it\/cattolica\/la-schwa-come-imporre-la-neolingua-di-orwelliana-memoria\/#breadcrumb","itemListElement":[{"@type":"ListItem","position":1,"name":"Home","item":"https:\/\/www.rassegnastampa-totustuus.it\/cattolica\/"},{"@type":"ListItem","position":2,"name":"La schwa, come imporre la neolingua di orwelliana memoria"}]},{"@type":"WebSite","@id":"https:\/\/www.rassegnastampa-totustuus.it\/cattolica\/#website","url":"https:\/\/www.rassegnastampa-totustuus.it\/cattolica\/","name":"Rassegna Stampa Cattolica","description":"Per una cultura che nasce dalla Rivelazione cristiana in conformit\u00e0 alla tradizione e al Magistero della Chiesa in opposizione ad ogni relativismo e totalitarismo","publisher":{"@id":"https:\/\/www.rassegnastampa-totustuus.it\/cattolica\/#organization"},"alternateName":"Rass. Cattolica","potentialAction":[{"@type":"SearchAction","target":{"@type":"EntryPoint","urlTemplate":"https:\/\/www.rassegnastampa-totustuus.it\/cattolica\/?s={search_term_string}"},"query-input":{"@type":"PropertyValueSpecification","valueRequired":true,"valueName":"search_term_string"}}],"inLanguage":"it-IT"},{"@type":"Organization","@id":"https:\/\/www.rassegnastampa-totustuus.it\/cattolica\/#organization","name":"Rassegna Stampa Cattolica","url":"https:\/\/www.rassegnastampa-totustuus.it\/cattolica\/","logo":{"@type":"ImageObject","inLanguage":"it-IT","@id":"https:\/\/www.rassegnastampa-totustuus.it\/cattolica\/#\/schema\/logo\/image\/","url":"https:\/\/www.rassegnastampa-totustuus.it\/cattolica\/wp-content\/uploads\/2014\/04\/logo-rassegna1.gif","contentUrl":"https:\/\/www.rassegnastampa-totustuus.it\/cattolica\/wp-content\/uploads\/2014\/04\/logo-rassegna1.gif","width":600,"height":163,"caption":"Rassegna Stampa Cattolica"},"image":{"@id":"https:\/\/www.rassegnastampa-totustuus.it\/cattolica\/#\/schema\/logo\/image\/"},"sameAs":["https:\/\/www.facebook.com\/rassegnastampacattolica","https:\/\/x.com\/rassegnastampa9"]},{"@type":"Person","@id":"https:\/\/www.rassegnastampa-totustuus.it\/cattolica\/#\/schema\/person\/08f319d2bd1a0904ad9e2bfb7b15e5c3","name":"Redazione","image":{"@type":"ImageObject","inLanguage":"it-IT","@id":"https:\/\/secure.gravatar.com\/avatar\/2fcdf27c78ea025fbdb44e914cc63c72249ffec9dc8aafd5c82b26240ef3f346?s=96&d=mm&r=g","url":"https:\/\/secure.gravatar.com\/avatar\/2fcdf27c78ea025fbdb44e914cc63c72249ffec9dc8aafd5c82b26240ef3f346?s=96&d=mm&r=g","contentUrl":"https:\/\/secure.gravatar.com\/avatar\/2fcdf27c78ea025fbdb44e914cc63c72249ffec9dc8aafd5c82b26240ef3f346?s=96&d=mm&r=g","caption":"Redazione"},"url":"https:\/\/www.rassegnastampa-totustuus.it\/cattolica\/author\/pietroelle\/"}]}},"_links":{"self":[{"href":"https:\/\/www.rassegnastampa-totustuus.it\/cattolica\/wp-json\/wp\/v2\/posts\/50673","targetHints":{"allow":["GET"]}}],"collection":[{"href":"https:\/\/www.rassegnastampa-totustuus.it\/cattolica\/wp-json\/wp\/v2\/posts"}],"about":[{"href":"https:\/\/www.rassegnastampa-totustuus.it\/cattolica\/wp-json\/wp\/v2\/types\/post"}],"author":[{"embeddable":true,"href":"https:\/\/www.rassegnastampa-totustuus.it\/cattolica\/wp-json\/wp\/v2\/users\/6"}],"replies":[{"embeddable":true,"href":"https:\/\/www.rassegnastampa-totustuus.it\/cattolica\/wp-json\/wp\/v2\/comments?post=50673"}],"version-history":[{"count":3,"href":"https:\/\/www.rassegnastampa-totustuus.it\/cattolica\/wp-json\/wp\/v2\/posts\/50673\/revisions"}],"predecessor-version":[{"id":63684,"href":"https:\/\/www.rassegnastampa-totustuus.it\/cattolica\/wp-json\/wp\/v2\/posts\/50673\/revisions\/63684"}],"wp:featuredmedia":[{"embeddable":true,"href":"https:\/\/www.rassegnastampa-totustuus.it\/cattolica\/wp-json\/wp\/v2\/media\/47277"}],"wp:attachment":[{"href":"https:\/\/www.rassegnastampa-totustuus.it\/cattolica\/wp-json\/wp\/v2\/media?parent=50673"}],"wp:term":[{"taxonomy":"category","embeddable":true,"href":"https:\/\/www.rassegnastampa-totustuus.it\/cattolica\/wp-json\/wp\/v2\/categories?post=50673"},{"taxonomy":"post_tag","embeddable":true,"href":"https:\/\/www.rassegnastampa-totustuus.it\/cattolica\/wp-json\/wp\/v2\/tags?post=50673"}],"curies":[{"name":"wp","href":"https:\/\/api.w.org\/{rel}","templated":true}]}}