{"id":50665,"date":"2021-04-22T00:00:17","date_gmt":"2021-04-21T22:00:17","guid":{"rendered":"http:\/\/www.rassegnastampa-totustuus.it\/cattolica\/?p=50665"},"modified":"2025-07-29T15:55:11","modified_gmt":"2025-07-29T13:55:11","slug":"la-confisca-del-disgusto-tra-le-imposizioni-emozionali-del-pensiero-unico","status":"publish","type":"post","link":"https:\/\/www.rassegnastampa-totustuus.it\/cattolica\/la-confisca-del-disgusto-tra-le-imposizioni-emozionali-del-pensiero-unico\/","title":{"rendered":"La \u201cconfisca del disgusto\u201d tra le imposizioni emozionali del pensiero unico"},"content":{"rendered":"\n<p class=\"has-text-align-center\"><span style=\"color: #000000;\"><a href=\"https:\/\/www.ilnuovoarengario.it\/\" target=\"_blank\" rel=\"noreferrer noopener\"><strong>Il Nuovo Arengario<\/strong> <\/a>19 Aprile 2021\u00a0<\/span><\/p>\n\n\n\n<p class=\"has-text-align-center\"><span style=\"color: #000000;\">di <strong>Andrea Cionci<\/strong><\/span><\/p>\n\n\n\n<p><span style=\"color: #000000;\">Sappiamo bene come il <strong>pensiero unico<\/strong>, per sua stessa definizione, tenda a imporre alla comunit\u00e0 un unico modo di pensare, <strong>pena l\u2019esclusione sociale degli individui non allineati.<\/strong> Tuttavia, questa pericolosa forma di omologazione, da alcuni anni, sta tracimando anche nel campo delle emozioni.<\/span><\/p>\n\n\n<div class=\"wp-block-image\">\n<figure class=\"aligncenter size-full is-resized\"><a href=\"https:\/\/www.rassegnastampa-totustuus.it\/cattolica\/wp-content\/uploads\/2019\/01\/insetti_cibo.jpg\"><img loading=\"lazy\" decoding=\"async\" width=\"260\" height=\"194\" src=\"https:\/\/www.rassegnastampa-totustuus.it\/cattolica\/wp-content\/uploads\/2019\/01\/insetti_cibo.jpg\" alt=\"\" class=\"wp-image-41919\" style=\"width:324px;height:auto\"\/><\/a><\/figure><\/div>\n\n\n<!--more-->\n\n\n\n<p><span style=\"color: #000000;\"><\/span><wp-block data-block=\"core\/more\"><\/wp-block><span style=\"color: #000000;\">Non ci viene pi\u00f9 detto solo quello che dobbiamo pensare, ma anche quello che dobbiamo \u201c<strong>sentire<\/strong>\u201d. La confisca emozionale pi\u00f9 comune \u00e8 quella del concetto di <strong>odio<\/strong>, per cui si passa per \u201chaters\u201d, se non si \u00e8 d\u2019accordo con i \u201cmaestri\u201d i quali, da parte loro, \u00a0possono odiare chiunque, liberamente e ferocemente.<\/span> <span style=\"color: #0000ff;\"><strong><a style=\"color: #0000ff;\" href=\"https:\/\/www.liberoquotidiano.it\/articolo_blog\/blog\/andrea-cionci\/25948824\/joe-biden-vincere-odio-utopia-ridicola-violenta-pensiero-unico.html\" target=\"_blank\" rel=\"noopener noreferrer\">QUI<\/a><\/strong><\/span><\/p>\n\n\n\n<p><span style=\"color: #000000;\">Ma fra i vari sentimenti sottoposti a sequestro preventivo vi \u00e8 anche quello del <strong>Disgusto<\/strong>. Fateci caso: non si \u00e8 pi\u00f9 liberi di esprimere semplice fastidio o viva ripugnanza per talune cose e comportamenti. <\/span><\/p>\n\n\n<div class=\"wp-block-image\">\n<figure class=\"aligncenter is-resized\"><a href=\"https:\/\/www.rassegnastampa-totustuus.it\/cattolica\/wp-content\/uploads\/2021\/04\/disgusto.jpg\"><img loading=\"lazy\" decoding=\"async\" width=\"265\" height=\"190\" src=\"https:\/\/www.rassegnastampa-totustuus.it\/cattolica\/wp-content\/uploads\/2021\/04\/disgusto.jpg\" alt=\"\" class=\"wp-image-50666\" style=\"width:343px;height:auto\"\/><\/a><\/figure><\/div>\n\n\n<p><span style=\"color: #000000;\">Il disgusto fu trattato dal filosofo ebreo convertito al Cattolicesimo <strong>Aurel Kolnai<\/strong> il quale, in \u201c<em>Der Ekel<\/em>\u201d (1929), citava una preghiera del poeta <strong>Franz Werfel,<\/strong> \u201cGes\u00f9 e la via delle carogne\u201d, dove Cristo domanda al Padre un amore pi\u00f9 forte del disgusto, con il quale poter redimere un\u2019umanit\u00e0 che non \u00e8 pi\u00f9 di \u201cun fiume di carogne\u201d. <\/span><\/p>\n\n\n\n<p><span style=\"color: #000000;\">Una piet\u00e0 soprannaturale, dunque, invocata volontariamente e individualmente per superare un senso che nemmeno Cristo osava mettere in discussione nella sua naturale fondatezza. Il dono divino fu elargito a quei santi che seppero vincere, ad esempio, il comprensibile schifo per le pustole, le sporcizie e le deformit\u00e0 di lebbrosi e derelitti. <\/span><\/p>\n\n\n<div class=\"wp-block-image\">\n<figure class=\"aligncenter is-resized\"><a href=\"https:\/\/www.rassegnastampa-totustuus.it\/cattolica\/wp-content\/uploads\/2021\/04\/donne-1.jpg\"><img loading=\"lazy\" decoding=\"async\" width=\"295\" height=\"171\" src=\"https:\/\/www.rassegnastampa-totustuus.it\/cattolica\/wp-content\/uploads\/2021\/04\/donne-1.jpg\" alt=\"\" class=\"wp-image-50667\" style=\"width:333px;height:auto\"\/><\/a><\/figure><\/div>\n\n\n<p><span style=\"color: #000000;\">Ma, appunto, <strong>Kolnai non pensava certo a un\u2019imposizione da parte dei media<\/strong> volta a sdoganare forzatamente le istanze di certe bellicose minoranze, cos\u00ec come avviene oggi. Un esempio? L\u2019insistenza ossessiva e femministoide verso l\u2019ostensione pubblicitaria, sempre pi\u00f9 orgogliosa, di tutto quello che riguarda l<strong>\u2019igiene intima delle donne,<\/strong> con dettagli che, se una volta venivano appena evocati con eufemismi, oggi sbocciano in tutta la loro realistica verosimiglianza, in tv, ad ora di cena e davanti ai bambini. <\/span><\/p>\n\n\n\n<p><span style=\"color: #000000;\">Se vogliamo ammettere che si tratta pur sempre del \u201cmiracolo della vita\u201d, perch\u00e9 non si parla mai dell\u2019igiene sessuale maschile, sottoposta anch\u2019essa a involontarie funzioni spontanee? Se tutti i prodotti del corpo fanno, dunque, parte della natura, quali meritano di essere menzionati, illustrati, esibiti e quali no? <\/span><\/p>\n\n\n<div class=\"wp-block-image\">\n<figure class=\"aligncenter is-resized\"><a href=\"https:\/\/www.rassegnastampa-totustuus.it\/cattolica\/wp-content\/uploads\/2018\/05\/madre_allatta.jpg\"><img loading=\"lazy\" decoding=\"async\" width=\"275\" height=\"183\" src=\"https:\/\/www.rassegnastampa-totustuus.it\/cattolica\/wp-content\/uploads\/2018\/05\/madre_allatta.jpg\" alt=\"\" class=\"wp-image-40234\" style=\"width:309px;height:auto\"\/><\/a><\/figure><\/div>\n\n\n<p><span style=\"color: #000000;\">Pensiamo al <strong>latte<\/strong>: soprattutto nei paesi anglosassoni, una mamma che porta al seno il proprio neonato viene vista con avversione, tanto da costringerla a usare una specie di <em>burqa<\/em>. Eppure quasi tutti, abbiamo succhiato il latte dal seno di nostra madre: \u00e8 un atto antico quanto i l\u2019uomo, immortalato persino nell\u2019arte sacra dai pi\u00f9 grandi pittori. <\/span><\/p>\n\n\n\n<p><span style=\"color: #000000;\">A proposito di scandalo, cosa diremmo se, ad esempio, qualche brillante pubblicitario proponesse la scena di un uomo di 90 anni che bacia una diciottenne? <strong>Chi decide quali legami amorosi possano essere esibiti e quali no?<\/strong>&nbsp;Dopotutto, sarebbero entrambi maggiorenni consenzienti per i quali l\u2019\u201damore \u00e8 amore\u201d e quindi dovremmo accettare i diritti alla visibilit\u00e0 anche di una eventuale lobby di gerontofili. <\/span><\/p>\n\n\n\n<p><span style=\"color: #000000;\">Cos\u00ec come un altro paradosso \u00e8 quello per cui se provate ribrezzo all\u2019idea di nutrirvi di <strong>insetti<\/strong> rischiate di passare per barbari insensibili verso le sorti del pianeta, mentre se siete cacciatori e postate sui social il cinghiale che avete abbattuto, in molti proveranno orrore. <\/span><\/p>\n\n\n<div class=\"wp-block-image\">\n<figure class=\"aligncenter is-resized\"><a href=\"https:\/\/www.rassegnastampa-totustuus.it\/cattolica\/wp-content\/uploads\/2020\/02\/locuste_insetti.jpg\"><img loading=\"lazy\" decoding=\"async\" width=\"300\" height=\"192\" src=\"https:\/\/www.rassegnastampa-totustuus.it\/cattolica\/wp-content\/uploads\/2020\/02\/locuste_insetti-300x192.jpg\" alt=\"\" class=\"wp-image-46524\" style=\"width:360px;height:auto\" srcset=\"https:\/\/www.rassegnastampa-totustuus.it\/cattolica\/wp-content\/uploads\/2020\/02\/locuste_insetti-300x192.jpg 300w, https:\/\/www.rassegnastampa-totustuus.it\/cattolica\/wp-content\/uploads\/2020\/02\/locuste_insetti-768x492.jpg 768w, https:\/\/www.rassegnastampa-totustuus.it\/cattolica\/wp-content\/uploads\/2020\/02\/locuste_insetti-1024x656.jpg 1024w\" sizes=\"auto, (max-width: 300px) 100vw, 300px\" \/><\/a><\/figure><\/div>\n\n\n<p><span style=\"color: #000000;\">Eppure, se l\u2019uomo ha imparato a temere gli insetti in quanto parassiti o indice di cibo avariato, la selvaggina \u00e8 stata da sempre il suo pi\u00f9 corroborante alimento. &nbsp;Ecco che la spiegazione sulle origini del \u201ccomune senso del disgusto\u201d ci \u00e8 offerto proprio dalla&nbsp;<strong>natura<\/strong>&nbsp;che ne evidenzia la sua ovvia, <strong>darwiniana funzione evolutiva:<\/strong> la repulsione per materie sporche, contaminanti, possibile veicolo di infezione, ha sempre avuto lo scopo di <strong>proteggere la salute dell\u2019uomo,<\/strong> cos\u00ec come l\u2019avversione istintiva ad alcuni comportamenti disfunzionali alla sopravvivenza della specie. <\/span><\/p>\n\n\n\n<p><span style=\"color: #000000;\">In particolare, la visione del&nbsp;<strong>sangue umano<\/strong>, per i maschi, evoca ferite, morte, violenza: una paura utile per fuggire o combattere. Non \u00e8 un caso che, dal teatro greco fino a tempi recenti, fosse severamente proibita, sul palcoscenico, qualsiasi simulazione realistica del rosso fluido vitale. Ecco perch\u00e9 le donne hanno sempre gestito i loro incruenti sanguinamenti nel privato, garbo di cui dovrebbero essere ringraziate. &nbsp;<\/span><\/p>\n\n\n<div class=\"wp-block-image\">\n<figure class=\"aligncenter is-resized\"><a href=\"https:\/\/www.rassegnastampa-totustuus.it\/cattolica\/wp-content\/uploads\/2013\/08\/coppia_amore_fidanzati.jpg\"><img loading=\"lazy\" decoding=\"async\" width=\"275\" height=\"183\" src=\"https:\/\/www.rassegnastampa-totustuus.it\/cattolica\/wp-content\/uploads\/2013\/08\/coppia_amore_fidanzati.jpg\" alt=\"\" class=\"wp-image-48003\" style=\"width:369px;height:auto\"\/><\/a><\/figure><\/div>\n\n\n<p><span style=\"color: #000000;\">La storia dell\u2019arte propone da millenni tantissime <strong>scene d\u2019amore fra un<\/strong> <strong>uomo e una donna giovani e aitanti<\/strong> poich\u00e9 parte del pi\u00f9 sano e naturale processo rigenerativo del gruppo sociale. Tutte le forme di erotismo alternativo, proporzionalmente, non sono state quasi mai rappresentate e quindi, almeno da un punto di vista visivo, siamo ancora disabituati alle \u201cnovit\u00e0\u201d. Nel suo \u201cIl conflitto estetico. <\/span><\/p>\n\n\n\n<p><span style=\"color: #000000;\">Teoria del disgusto\u201d (Lithos 2018) &nbsp;il ricercatore di Estetica dell\u2019Universit\u00e0 di Tor Vergata <strong>Marco Tedeschini<\/strong> (gi\u00e0 traduttore di Kolnai) ha esplicitato il fatto che \u201ccon questo sentimento occorre fare i conti, non \u00e8 possibile negarlo. Il disgusto \u00e8 un sentimento forte, ma ha a che fare con la propria identit\u00e0. Chi pretende che gli altri cambino <em>d\u2019embl\u00e9e<\/em> i propri parametri di disgusto&nbsp; compie una violenza, nega (prevarica?) la sensibilit\u00e0 altrui e, cos\u00ec, in un certo senso, la sua identit\u00e0\u201d. <\/span><\/p>\n\n\n<div class=\"wp-block-image\">\n<figure class=\"aligncenter is-resized\"><a href=\"https:\/\/www.rassegnastampa-totustuus.it\/cattolica\/wp-content\/uploads\/2021\/04\/rifiuti_ambiente.jpg\"><img loading=\"lazy\" decoding=\"async\" width=\"259\" height=\"194\" src=\"https:\/\/www.rassegnastampa-totustuus.it\/cattolica\/wp-content\/uploads\/2021\/04\/rifiuti_ambiente.jpg\" alt=\"\" class=\"wp-image-50668\" style=\"width:399px;height:auto\"\/><\/a><\/figure><\/div>\n\n\n<p><span style=\"color: #000000;\">Condivisibile, tuttavia, ci permettiamo di aggiungere che il senso del disgusto \u00e8 pi\u00f9 trasversale che strettamente identitario: a parte alcune abitudini alimentari che possono differire da paese a paese (ad es. il cibarsi di cani, topi, o insetti), il ribrezzo o il fastidio per la stragrande maggioranza delle cose contaminanti, deformi, pericolose, innaturali o evocatrici di violenza \u00e8 comune, da sempre, alla gran parte della popolazione umana. <\/span><\/p>\n\n\n\n<p><span style=\"color: #000000;\">E quindi, quale autorit\u00e0 pu\u00f2 permettersi di giudicarci se, per qualcosa, proviamo un fastidio caratteristico della nostra specie e antico di due milioni e mezzo di anni? Al massimo ci si potrebbe chiedere la <strong>cortesia di concedere un certo grado di tolleranza<\/strong>, ma ogni imposizione che tenda a manipolare il comune senso del disgusto, teoricamente e praticamente, \u00e8 <strong>inaccettabile<\/strong>.<\/span><\/p>\n","protected":false},"excerpt":{"rendered":"<p>Il Nuovo Arengario 19 Aprile 2021\u00a0 di Andrea Cionci Sappiamo bene come il pensiero unico, per sua stessa definizione, tenda a imporre alla comunit\u00e0 un unico modo di pensare, pena l\u2019esclusione sociale degli individui non allineati. Tuttavia, questa pericolosa forma di omologazione, da alcuni anni, sta tracimando anche nel campo delle emozioni.<\/p><p><a class=\"more-link btn\" href=\"https:\/\/www.rassegnastampa-totustuus.it\/cattolica\/la-confisca-del-disgusto-tra-le-imposizioni-emozionali-del-pensiero-unico\/\">Continua a leggere<\/a><\/p>\n","protected":false},"author":6,"featured_media":46236,"comment_status":"closed","ping_status":"closed","sticky":false,"template":"","format":"standard","meta":{"footnotes":""},"categories":[7,25],"tags":[2147,2716,2593],"class_list":["post-50665","post","type-post","status-publish","format-standard","has-post-thumbnail","hentry","category-costume","category-sguardo-sul-nostro-tempo","tag-cibo","tag-insetti","tag-pensiero-unico","item-wrap"],"yoast_head":"<!-- This site is optimized with the Yoast SEO plugin v27.5 - https:\/\/yoast.com\/product\/yoast-seo-wordpress\/ -->\n<title>La \u201cconfisca del disgusto\u201d tra le imposizioni emozionali del pensiero unico - Rassegna Stampa Cattolica<\/title>\n<meta name=\"description\" content=\"La \u201cconfisca del disgusto\u201d tra le imposizioni emozionali del pensiero unico. Adesso ci dicono anche cosa dobbiamo &quot;sentire&quot;\" \/>\n<meta name=\"robots\" content=\"index, follow, max-snippet:-1, max-image-preview:large, max-video-preview:-1\" \/>\n<link rel=\"canonical\" href=\"https:\/\/www.rassegnastampa-totustuus.it\/cattolica\/la-confisca-del-disgusto-tra-le-imposizioni-emozionali-del-pensiero-unico\/\" \/>\n<meta property=\"og:locale\" content=\"it_IT\" \/>\n<meta property=\"og:type\" content=\"article\" \/>\n<meta property=\"og:title\" content=\"La \u201cconfisca del disgusto\u201d tra le imposizioni emozionali del pensiero unico - Rassegna Stampa Cattolica\" \/>\n<meta property=\"og:description\" content=\"La \u201cconfisca del disgusto\u201d tra le imposizioni emozionali del pensiero unico. Adesso ci dicono anche cosa dobbiamo &quot;sentire&quot;\" \/>\n<meta property=\"og:url\" content=\"https:\/\/www.rassegnastampa-totustuus.it\/cattolica\/la-confisca-del-disgusto-tra-le-imposizioni-emozionali-del-pensiero-unico\/\" \/>\n<meta property=\"og:site_name\" content=\"Rassegna Stampa Cattolica\" \/>\n<meta property=\"article:publisher\" content=\"https:\/\/www.facebook.com\/rassegnastampacattolica\" \/>\n<meta property=\"article:published_time\" content=\"2021-04-21T22:00:17+00:00\" \/>\n<meta property=\"article:modified_time\" content=\"2025-07-29T13:55:11+00:00\" \/>\n<meta property=\"og:image\" content=\"https:\/\/www.rassegnastampa-totustuus.it\/cattolica\/wp-content\/uploads\/2020\/02\/insetti_cibo_ambientalismo.jpg\" \/>\n\t<meta property=\"og:image:width\" content=\"1280\" \/>\n\t<meta property=\"og:image:height\" content=\"872\" \/>\n\t<meta property=\"og:image:type\" content=\"image\/jpeg\" \/>\n<meta name=\"author\" content=\"Redazione\" \/>\n<meta name=\"twitter:card\" content=\"summary_large_image\" \/>\n<meta name=\"twitter:creator\" content=\"@rassegnastampa9\" \/>\n<meta name=\"twitter:site\" content=\"@rassegnastampa9\" \/>\n<meta name=\"twitter:label1\" content=\"Scritto da\" \/>\n\t<meta name=\"twitter:data1\" content=\"Redazione\" \/>\n\t<meta name=\"twitter:label2\" content=\"Tempo di lettura stimato\" \/>\n\t<meta name=\"twitter:data2\" content=\"7 minuti\" \/>\n<script type=\"application\/ld+json\" class=\"yoast-schema-graph\">{\"@context\":\"https:\\\/\\\/schema.org\",\"@graph\":[{\"@type\":\"Article\",\"@id\":\"https:\\\/\\\/www.rassegnastampa-totustuus.it\\\/cattolica\\\/la-confisca-del-disgusto-tra-le-imposizioni-emozionali-del-pensiero-unico\\\/#article\",\"isPartOf\":{\"@id\":\"https:\\\/\\\/www.rassegnastampa-totustuus.it\\\/cattolica\\\/la-confisca-del-disgusto-tra-le-imposizioni-emozionali-del-pensiero-unico\\\/\"},\"author\":{\"name\":\"Redazione\",\"@id\":\"https:\\\/\\\/www.rassegnastampa-totustuus.it\\\/cattolica\\\/#\\\/schema\\\/person\\\/08f319d2bd1a0904ad9e2bfb7b15e5c3\"},\"headline\":\"La \u201cconfisca del disgusto\u201d tra le imposizioni emozionali del pensiero unico\",\"datePublished\":\"2021-04-21T22:00:17+00:00\",\"dateModified\":\"2025-07-29T13:55:11+00:00\",\"mainEntityOfPage\":{\"@id\":\"https:\\\/\\\/www.rassegnastampa-totustuus.it\\\/cattolica\\\/la-confisca-del-disgusto-tra-le-imposizioni-emozionali-del-pensiero-unico\\\/\"},\"wordCount\":969,\"publisher\":{\"@id\":\"https:\\\/\\\/www.rassegnastampa-totustuus.it\\\/cattolica\\\/#organization\"},\"image\":{\"@id\":\"https:\\\/\\\/www.rassegnastampa-totustuus.it\\\/cattolica\\\/la-confisca-del-disgusto-tra-le-imposizioni-emozionali-del-pensiero-unico\\\/#primaryimage\"},\"thumbnailUrl\":\"https:\\\/\\\/www.rassegnastampa-totustuus.it\\\/cattolica\\\/wp-content\\\/uploads\\\/2020\\\/02\\\/insetti_cibo_ambientalismo.jpg\",\"keywords\":[\"cibo\",\"insetti\",\"pensiero unico\"],\"articleSection\":[\"Costume\",\"Sguardo sul nostro tempo\"],\"inLanguage\":\"it-IT\"},{\"@type\":\"WebPage\",\"@id\":\"https:\\\/\\\/www.rassegnastampa-totustuus.it\\\/cattolica\\\/la-confisca-del-disgusto-tra-le-imposizioni-emozionali-del-pensiero-unico\\\/\",\"url\":\"https:\\\/\\\/www.rassegnastampa-totustuus.it\\\/cattolica\\\/la-confisca-del-disgusto-tra-le-imposizioni-emozionali-del-pensiero-unico\\\/\",\"name\":\"La \u201cconfisca del disgusto\u201d tra le imposizioni emozionali del pensiero unico - Rassegna Stampa Cattolica\",\"isPartOf\":{\"@id\":\"https:\\\/\\\/www.rassegnastampa-totustuus.it\\\/cattolica\\\/#website\"},\"primaryImageOfPage\":{\"@id\":\"https:\\\/\\\/www.rassegnastampa-totustuus.it\\\/cattolica\\\/la-confisca-del-disgusto-tra-le-imposizioni-emozionali-del-pensiero-unico\\\/#primaryimage\"},\"image\":{\"@id\":\"https:\\\/\\\/www.rassegnastampa-totustuus.it\\\/cattolica\\\/la-confisca-del-disgusto-tra-le-imposizioni-emozionali-del-pensiero-unico\\\/#primaryimage\"},\"thumbnailUrl\":\"https:\\\/\\\/www.rassegnastampa-totustuus.it\\\/cattolica\\\/wp-content\\\/uploads\\\/2020\\\/02\\\/insetti_cibo_ambientalismo.jpg\",\"datePublished\":\"2021-04-21T22:00:17+00:00\",\"dateModified\":\"2025-07-29T13:55:11+00:00\",\"description\":\"La \u201cconfisca del disgusto\u201d tra le imposizioni emozionali del pensiero unico. Adesso ci dicono anche cosa dobbiamo \\\"sentire\\\"\",\"breadcrumb\":{\"@id\":\"https:\\\/\\\/www.rassegnastampa-totustuus.it\\\/cattolica\\\/la-confisca-del-disgusto-tra-le-imposizioni-emozionali-del-pensiero-unico\\\/#breadcrumb\"},\"inLanguage\":\"it-IT\",\"potentialAction\":[{\"@type\":\"ReadAction\",\"target\":[\"https:\\\/\\\/www.rassegnastampa-totustuus.it\\\/cattolica\\\/la-confisca-del-disgusto-tra-le-imposizioni-emozionali-del-pensiero-unico\\\/\"]}]},{\"@type\":\"ImageObject\",\"inLanguage\":\"it-IT\",\"@id\":\"https:\\\/\\\/www.rassegnastampa-totustuus.it\\\/cattolica\\\/la-confisca-del-disgusto-tra-le-imposizioni-emozionali-del-pensiero-unico\\\/#primaryimage\",\"url\":\"https:\\\/\\\/www.rassegnastampa-totustuus.it\\\/cattolica\\\/wp-content\\\/uploads\\\/2020\\\/02\\\/insetti_cibo_ambientalismo.jpg\",\"contentUrl\":\"https:\\\/\\\/www.rassegnastampa-totustuus.it\\\/cattolica\\\/wp-content\\\/uploads\\\/2020\\\/02\\\/insetti_cibo_ambientalismo.jpg\",\"width\":1280,\"height\":872},{\"@type\":\"BreadcrumbList\",\"@id\":\"https:\\\/\\\/www.rassegnastampa-totustuus.it\\\/cattolica\\\/la-confisca-del-disgusto-tra-le-imposizioni-emozionali-del-pensiero-unico\\\/#breadcrumb\",\"itemListElement\":[{\"@type\":\"ListItem\",\"position\":1,\"name\":\"Home\",\"item\":\"https:\\\/\\\/www.rassegnastampa-totustuus.it\\\/cattolica\\\/\"},{\"@type\":\"ListItem\",\"position\":2,\"name\":\"La \u201cconfisca del disgusto\u201d tra le imposizioni emozionali del pensiero unico\"}]},{\"@type\":\"WebSite\",\"@id\":\"https:\\\/\\\/www.rassegnastampa-totustuus.it\\\/cattolica\\\/#website\",\"url\":\"https:\\\/\\\/www.rassegnastampa-totustuus.it\\\/cattolica\\\/\",\"name\":\"Rassegna Stampa Cattolica\",\"description\":\"Per una cultura che nasce dalla Rivelazione cristiana in conformit\u00e0 alla tradizione e al Magistero della Chiesa in opposizione ad ogni relativismo e totalitarismo\",\"publisher\":{\"@id\":\"https:\\\/\\\/www.rassegnastampa-totustuus.it\\\/cattolica\\\/#organization\"},\"alternateName\":\"Rass. Cattolica\",\"potentialAction\":[{\"@type\":\"SearchAction\",\"target\":{\"@type\":\"EntryPoint\",\"urlTemplate\":\"https:\\\/\\\/www.rassegnastampa-totustuus.it\\\/cattolica\\\/?s={search_term_string}\"},\"query-input\":{\"@type\":\"PropertyValueSpecification\",\"valueRequired\":true,\"valueName\":\"search_term_string\"}}],\"inLanguage\":\"it-IT\"},{\"@type\":\"Organization\",\"@id\":\"https:\\\/\\\/www.rassegnastampa-totustuus.it\\\/cattolica\\\/#organization\",\"name\":\"Rassegna Stampa Cattolica\",\"url\":\"https:\\\/\\\/www.rassegnastampa-totustuus.it\\\/cattolica\\\/\",\"logo\":{\"@type\":\"ImageObject\",\"inLanguage\":\"it-IT\",\"@id\":\"https:\\\/\\\/www.rassegnastampa-totustuus.it\\\/cattolica\\\/#\\\/schema\\\/logo\\\/image\\\/\",\"url\":\"https:\\\/\\\/www.rassegnastampa-totustuus.it\\\/cattolica\\\/wp-content\\\/uploads\\\/2014\\\/04\\\/logo-rassegna1.gif\",\"contentUrl\":\"https:\\\/\\\/www.rassegnastampa-totustuus.it\\\/cattolica\\\/wp-content\\\/uploads\\\/2014\\\/04\\\/logo-rassegna1.gif\",\"width\":600,\"height\":163,\"caption\":\"Rassegna Stampa Cattolica\"},\"image\":{\"@id\":\"https:\\\/\\\/www.rassegnastampa-totustuus.it\\\/cattolica\\\/#\\\/schema\\\/logo\\\/image\\\/\"},\"sameAs\":[\"https:\\\/\\\/www.facebook.com\\\/rassegnastampacattolica\",\"https:\\\/\\\/x.com\\\/rassegnastampa9\"]},{\"@type\":\"Person\",\"@id\":\"https:\\\/\\\/www.rassegnastampa-totustuus.it\\\/cattolica\\\/#\\\/schema\\\/person\\\/08f319d2bd1a0904ad9e2bfb7b15e5c3\",\"name\":\"Redazione\",\"image\":{\"@type\":\"ImageObject\",\"inLanguage\":\"it-IT\",\"@id\":\"https:\\\/\\\/secure.gravatar.com\\\/avatar\\\/2fcdf27c78ea025fbdb44e914cc63c72249ffec9dc8aafd5c82b26240ef3f346?s=96&d=mm&r=g\",\"url\":\"https:\\\/\\\/secure.gravatar.com\\\/avatar\\\/2fcdf27c78ea025fbdb44e914cc63c72249ffec9dc8aafd5c82b26240ef3f346?s=96&d=mm&r=g\",\"contentUrl\":\"https:\\\/\\\/secure.gravatar.com\\\/avatar\\\/2fcdf27c78ea025fbdb44e914cc63c72249ffec9dc8aafd5c82b26240ef3f346?s=96&d=mm&r=g\",\"caption\":\"Redazione\"},\"url\":\"https:\\\/\\\/www.rassegnastampa-totustuus.it\\\/cattolica\\\/author\\\/pietroelle\\\/\"}]}<\/script>\n<!-- \/ Yoast SEO plugin. -->","yoast_head_json":{"title":"La \u201cconfisca del disgusto\u201d tra le imposizioni emozionali del pensiero unico - Rassegna Stampa Cattolica","description":"La \u201cconfisca del disgusto\u201d tra le imposizioni emozionali del pensiero unico. Adesso ci dicono anche cosa dobbiamo \"sentire\"","robots":{"index":"index","follow":"follow","max-snippet":"max-snippet:-1","max-image-preview":"max-image-preview:large","max-video-preview":"max-video-preview:-1"},"canonical":"https:\/\/www.rassegnastampa-totustuus.it\/cattolica\/la-confisca-del-disgusto-tra-le-imposizioni-emozionali-del-pensiero-unico\/","og_locale":"it_IT","og_type":"article","og_title":"La \u201cconfisca del disgusto\u201d tra le imposizioni emozionali del pensiero unico - Rassegna Stampa Cattolica","og_description":"La \u201cconfisca del disgusto\u201d tra le imposizioni emozionali del pensiero unico. Adesso ci dicono anche cosa dobbiamo \"sentire\"","og_url":"https:\/\/www.rassegnastampa-totustuus.it\/cattolica\/la-confisca-del-disgusto-tra-le-imposizioni-emozionali-del-pensiero-unico\/","og_site_name":"Rassegna Stampa Cattolica","article_publisher":"https:\/\/www.facebook.com\/rassegnastampacattolica","article_published_time":"2021-04-21T22:00:17+00:00","article_modified_time":"2025-07-29T13:55:11+00:00","og_image":[{"width":1280,"height":872,"url":"https:\/\/www.rassegnastampa-totustuus.it\/cattolica\/wp-content\/uploads\/2020\/02\/insetti_cibo_ambientalismo.jpg","type":"image\/jpeg"}],"author":"Redazione","twitter_card":"summary_large_image","twitter_creator":"@rassegnastampa9","twitter_site":"@rassegnastampa9","twitter_misc":{"Scritto da":"Redazione","Tempo di lettura stimato":"7 minuti"},"schema":{"@context":"https:\/\/schema.org","@graph":[{"@type":"Article","@id":"https:\/\/www.rassegnastampa-totustuus.it\/cattolica\/la-confisca-del-disgusto-tra-le-imposizioni-emozionali-del-pensiero-unico\/#article","isPartOf":{"@id":"https:\/\/www.rassegnastampa-totustuus.it\/cattolica\/la-confisca-del-disgusto-tra-le-imposizioni-emozionali-del-pensiero-unico\/"},"author":{"name":"Redazione","@id":"https:\/\/www.rassegnastampa-totustuus.it\/cattolica\/#\/schema\/person\/08f319d2bd1a0904ad9e2bfb7b15e5c3"},"headline":"La \u201cconfisca del disgusto\u201d tra le imposizioni emozionali del pensiero unico","datePublished":"2021-04-21T22:00:17+00:00","dateModified":"2025-07-29T13:55:11+00:00","mainEntityOfPage":{"@id":"https:\/\/www.rassegnastampa-totustuus.it\/cattolica\/la-confisca-del-disgusto-tra-le-imposizioni-emozionali-del-pensiero-unico\/"},"wordCount":969,"publisher":{"@id":"https:\/\/www.rassegnastampa-totustuus.it\/cattolica\/#organization"},"image":{"@id":"https:\/\/www.rassegnastampa-totustuus.it\/cattolica\/la-confisca-del-disgusto-tra-le-imposizioni-emozionali-del-pensiero-unico\/#primaryimage"},"thumbnailUrl":"https:\/\/www.rassegnastampa-totustuus.it\/cattolica\/wp-content\/uploads\/2020\/02\/insetti_cibo_ambientalismo.jpg","keywords":["cibo","insetti","pensiero unico"],"articleSection":["Costume","Sguardo sul nostro tempo"],"inLanguage":"it-IT"},{"@type":"WebPage","@id":"https:\/\/www.rassegnastampa-totustuus.it\/cattolica\/la-confisca-del-disgusto-tra-le-imposizioni-emozionali-del-pensiero-unico\/","url":"https:\/\/www.rassegnastampa-totustuus.it\/cattolica\/la-confisca-del-disgusto-tra-le-imposizioni-emozionali-del-pensiero-unico\/","name":"La \u201cconfisca del disgusto\u201d tra le imposizioni emozionali del pensiero unico - Rassegna Stampa Cattolica","isPartOf":{"@id":"https:\/\/www.rassegnastampa-totustuus.it\/cattolica\/#website"},"primaryImageOfPage":{"@id":"https:\/\/www.rassegnastampa-totustuus.it\/cattolica\/la-confisca-del-disgusto-tra-le-imposizioni-emozionali-del-pensiero-unico\/#primaryimage"},"image":{"@id":"https:\/\/www.rassegnastampa-totustuus.it\/cattolica\/la-confisca-del-disgusto-tra-le-imposizioni-emozionali-del-pensiero-unico\/#primaryimage"},"thumbnailUrl":"https:\/\/www.rassegnastampa-totustuus.it\/cattolica\/wp-content\/uploads\/2020\/02\/insetti_cibo_ambientalismo.jpg","datePublished":"2021-04-21T22:00:17+00:00","dateModified":"2025-07-29T13:55:11+00:00","description":"La \u201cconfisca del disgusto\u201d tra le imposizioni emozionali del pensiero unico. Adesso ci dicono anche cosa dobbiamo \"sentire\"","breadcrumb":{"@id":"https:\/\/www.rassegnastampa-totustuus.it\/cattolica\/la-confisca-del-disgusto-tra-le-imposizioni-emozionali-del-pensiero-unico\/#breadcrumb"},"inLanguage":"it-IT","potentialAction":[{"@type":"ReadAction","target":["https:\/\/www.rassegnastampa-totustuus.it\/cattolica\/la-confisca-del-disgusto-tra-le-imposizioni-emozionali-del-pensiero-unico\/"]}]},{"@type":"ImageObject","inLanguage":"it-IT","@id":"https:\/\/www.rassegnastampa-totustuus.it\/cattolica\/la-confisca-del-disgusto-tra-le-imposizioni-emozionali-del-pensiero-unico\/#primaryimage","url":"https:\/\/www.rassegnastampa-totustuus.it\/cattolica\/wp-content\/uploads\/2020\/02\/insetti_cibo_ambientalismo.jpg","contentUrl":"https:\/\/www.rassegnastampa-totustuus.it\/cattolica\/wp-content\/uploads\/2020\/02\/insetti_cibo_ambientalismo.jpg","width":1280,"height":872},{"@type":"BreadcrumbList","@id":"https:\/\/www.rassegnastampa-totustuus.it\/cattolica\/la-confisca-del-disgusto-tra-le-imposizioni-emozionali-del-pensiero-unico\/#breadcrumb","itemListElement":[{"@type":"ListItem","position":1,"name":"Home","item":"https:\/\/www.rassegnastampa-totustuus.it\/cattolica\/"},{"@type":"ListItem","position":2,"name":"La \u201cconfisca del disgusto\u201d tra le imposizioni emozionali del pensiero unico"}]},{"@type":"WebSite","@id":"https:\/\/www.rassegnastampa-totustuus.it\/cattolica\/#website","url":"https:\/\/www.rassegnastampa-totustuus.it\/cattolica\/","name":"Rassegna Stampa Cattolica","description":"Per una cultura che nasce dalla Rivelazione cristiana in conformit\u00e0 alla tradizione e al Magistero della Chiesa in opposizione ad ogni relativismo e totalitarismo","publisher":{"@id":"https:\/\/www.rassegnastampa-totustuus.it\/cattolica\/#organization"},"alternateName":"Rass. Cattolica","potentialAction":[{"@type":"SearchAction","target":{"@type":"EntryPoint","urlTemplate":"https:\/\/www.rassegnastampa-totustuus.it\/cattolica\/?s={search_term_string}"},"query-input":{"@type":"PropertyValueSpecification","valueRequired":true,"valueName":"search_term_string"}}],"inLanguage":"it-IT"},{"@type":"Organization","@id":"https:\/\/www.rassegnastampa-totustuus.it\/cattolica\/#organization","name":"Rassegna Stampa Cattolica","url":"https:\/\/www.rassegnastampa-totustuus.it\/cattolica\/","logo":{"@type":"ImageObject","inLanguage":"it-IT","@id":"https:\/\/www.rassegnastampa-totustuus.it\/cattolica\/#\/schema\/logo\/image\/","url":"https:\/\/www.rassegnastampa-totustuus.it\/cattolica\/wp-content\/uploads\/2014\/04\/logo-rassegna1.gif","contentUrl":"https:\/\/www.rassegnastampa-totustuus.it\/cattolica\/wp-content\/uploads\/2014\/04\/logo-rassegna1.gif","width":600,"height":163,"caption":"Rassegna Stampa Cattolica"},"image":{"@id":"https:\/\/www.rassegnastampa-totustuus.it\/cattolica\/#\/schema\/logo\/image\/"},"sameAs":["https:\/\/www.facebook.com\/rassegnastampacattolica","https:\/\/x.com\/rassegnastampa9"]},{"@type":"Person","@id":"https:\/\/www.rassegnastampa-totustuus.it\/cattolica\/#\/schema\/person\/08f319d2bd1a0904ad9e2bfb7b15e5c3","name":"Redazione","image":{"@type":"ImageObject","inLanguage":"it-IT","@id":"https:\/\/secure.gravatar.com\/avatar\/2fcdf27c78ea025fbdb44e914cc63c72249ffec9dc8aafd5c82b26240ef3f346?s=96&d=mm&r=g","url":"https:\/\/secure.gravatar.com\/avatar\/2fcdf27c78ea025fbdb44e914cc63c72249ffec9dc8aafd5c82b26240ef3f346?s=96&d=mm&r=g","contentUrl":"https:\/\/secure.gravatar.com\/avatar\/2fcdf27c78ea025fbdb44e914cc63c72249ffec9dc8aafd5c82b26240ef3f346?s=96&d=mm&r=g","caption":"Redazione"},"url":"https:\/\/www.rassegnastampa-totustuus.it\/cattolica\/author\/pietroelle\/"}]}},"_links":{"self":[{"href":"https:\/\/www.rassegnastampa-totustuus.it\/cattolica\/wp-json\/wp\/v2\/posts\/50665","targetHints":{"allow":["GET"]}}],"collection":[{"href":"https:\/\/www.rassegnastampa-totustuus.it\/cattolica\/wp-json\/wp\/v2\/posts"}],"about":[{"href":"https:\/\/www.rassegnastampa-totustuus.it\/cattolica\/wp-json\/wp\/v2\/types\/post"}],"author":[{"embeddable":true,"href":"https:\/\/www.rassegnastampa-totustuus.it\/cattolica\/wp-json\/wp\/v2\/users\/6"}],"replies":[{"embeddable":true,"href":"https:\/\/www.rassegnastampa-totustuus.it\/cattolica\/wp-json\/wp\/v2\/comments?post=50665"}],"version-history":[{"count":2,"href":"https:\/\/www.rassegnastampa-totustuus.it\/cattolica\/wp-json\/wp\/v2\/posts\/50665\/revisions"}],"predecessor-version":[{"id":63686,"href":"https:\/\/www.rassegnastampa-totustuus.it\/cattolica\/wp-json\/wp\/v2\/posts\/50665\/revisions\/63686"}],"wp:featuredmedia":[{"embeddable":true,"href":"https:\/\/www.rassegnastampa-totustuus.it\/cattolica\/wp-json\/wp\/v2\/media\/46236"}],"wp:attachment":[{"href":"https:\/\/www.rassegnastampa-totustuus.it\/cattolica\/wp-json\/wp\/v2\/media?parent=50665"}],"wp:term":[{"taxonomy":"category","embeddable":true,"href":"https:\/\/www.rassegnastampa-totustuus.it\/cattolica\/wp-json\/wp\/v2\/categories?post=50665"},{"taxonomy":"post_tag","embeddable":true,"href":"https:\/\/www.rassegnastampa-totustuus.it\/cattolica\/wp-json\/wp\/v2\/tags?post=50665"}],"curies":[{"name":"wp","href":"https:\/\/api.w.org\/{rel}","templated":true}]}}