{"id":5063,"date":"2012-05-10T00:00:00","date_gmt":"2012-05-09T22:00:00","guid":{"rendered":""},"modified":"2016-06-08T14:10:49","modified_gmt":"2016-06-08T12:10:49","slug":"la-fuga-delle-quarantenni","status":"publish","type":"post","link":"https:\/\/www.rassegnastampa-totustuus.it\/cattolica\/la-fuga-delle-quarantenni\/","title":{"rendered":"La fuga delle quarantenni"},"content":{"rendered":"<div style=\"text-align: center;\"><img loading=\"lazy\" decoding=\"async\" class=\"alignleft wp-image-34353\" src=\"https:\/\/www.rassegnastampa-totustuus.it\/cattolica\/wp-content\/uploads\/2012\/05\/donne_cattoliche.jpg\" alt=\"donne_cattoliche\" width=\"250\" height=\"157\" \/>La <strong>Rivista del Clero italiano<\/strong> aprile 2012<\/div>\n<p style=\"text-align: center;\"><em>Nuovi scenari del cattolicesimo italiano<\/em><\/p>\n<p style=\"text-align: center;\">di <strong>Armando Matteo<br \/>\n<\/strong><\/p>\n<p style=\"text-align: justify;\"><em>La pratica religiosa in Italia sta velocemente mutando. Recenti indagini sociologiche mostrano infatti con chiarezza che, non solo a livello delle espressioni istituzionali e visibili della fede, ma anche a livello delle convinzioni, esiste una profonda frattura generazionale. Questo dato \u00e8 accompagnato da una seconda, sorprendente, evidenza che lo studio di don Armando Matteo, docente di Teologia fondamentale presso la Pontif\u00eccia Universit\u00e0 Urbaniana, mette a fuoco: il cospicuo e rapido allontanamento delle giovani generazioni femminili dal cattolicesimo. <\/em><\/p>\n<p style=\"text-align: justify;\"><em>Si tratta di un elemento di novit\u00e0 particolarmente significativo e allarmante, in un Paese ove la trasmissione della fede \u00e8 da sempre matrilineare, che interpella la pastorale a considerare anche alla luce della crudezza di questi dati i temi urgenti e centrali dell&#8217;educazione alla fede e della nuova evangelizzazione. A questo intervento, che si concentra sul profilo diagnostico della questione, seguir\u00e0, nella seconda parte dell&#8217;anno, un articolo propositivo di taglio pastorale.<\/em><\/p>\n<p><!--more--><\/p>\n<div style=\"text-align: justify;\"><strong>1<\/strong> Non \u00e8 difficile capire che il clima socio-religioso in Italia sta cambiando, basta esercitare uno sguardo meno superficiale su quello che capita intorno a noi. E il dato pi\u00f9 rilevante riguarda senz&#8217;altro il mondo delle nuove generazioni.<\/div>\n<p style=\"text-align: justify;\">Al termine di una lunga disamina di dati, tabelle, confronti, parallelismi afferenti a un&#8217;inchiesta sull&#8217;Italia cattolica promossa dall&#8217;autorevole rivista \u00abII Regno\u00bb, eseguita nel giugno del 2009 e resa nota nello stesso mese dell&#8217;anno successivo, il sociologo Paolo Segatti, dell&#8217;Universit\u00e0 degli studi di Milano, e Gianfranco Brunelli, direttore responsabile del \u00abRegno\u00bb, non nutrono alcun dubbio nell\u2019 affermare che in tema di fede, quando si considerino gli italiani nati dopo il 1981, \u00absembra veramente di osservare un altro mondo\u00bb.<\/p>\n<p style=\"text-align: justify;\">Nel nostro Paese, vi sarebbe dunque una linea netta di separazione, in relazione alle credenze e condotte religiose, segnata proprio dai ventenni e dai trentenni: \u00ab[&#8230;] i giovani, in particolare quelli nati dopo il 1981, sono tra gli italiani quelli <em>pi\u00f9 estranei <\/em>a un&#8217;esperienza religiosa. Vanno decisamente meno in chiesa, credono di meno in Dio, pregano di meno, hanno meno fiducia nella Chiesa, si definiscono meno come cattolici e ritengono che essere italiani non equivalga a essere cattolici\u00bb (1).<\/p>\n<p style=\"text-align: justify;\">A supporto viene pure citata un&#8217;altra ancora pi\u00f9 recente indagine (marzo 2010), <em>Giovani di fronte al futuro, con o senza fede, <\/em>condotta dall&#8217;istituto IARD RPS, la quale in particolare ha evidenziato la drastica diminuzione di giovani italiani disponibili a definirsi cattolici: nel giro di sei anni appena si \u00e8 passato dal 66,9% al 52,8% di 18-29 italiani che si dichiarano cattolici (2)!<\/p>\n<p style=\"text-align: justify;\">Sono proprio tali numeri e altri simili a questi che inducono Segatti e Brunelli a rilevare che lo stacco generazionale tra i nati dopo il 1981 e le coorti d&#8217;et\u00e0 precedenti, nella propria adesione alla religione cattolica, \u00ab\u00e8 cos\u00ec forte da non consentire di rubricarlo in una sorta di dimensione piana, in un processo dolce e lineare di secolarizzazione\u00bb.<\/p>\n<p style=\"text-align: justify;\">Ovviamente basterebbe interrogare al proposito un qualsiasi parroco, per avere conferma di questo dato: i ventenni e i trentenni sono ormai una vera e propria rarit\u00e0 nelle comunit\u00e0 cristiane. Celebrato il sacramento della cresima, abbandonano quasi del tutto una qualsiasi pratica abituale di fede. E di certo con grande disappunto e anche con grave dispiacere di tutti. Ed \u00e8 sempre pi\u00f9 complesso comprendere come poter far fronte a tale situazione.<\/p>\n<p style=\"text-align: justify;\">Ma cosa c&#8217;entra tutto questo con le quarantenni e prima d&#8217;ogni cosa con le donne, evocate nel titolo del nostro saggio?<\/p>\n<p style=\"text-align: justify;\"><strong>Piccole incredule crescono<\/strong><\/p>\n<p style=\"text-align: justify;\">Ebbene, torniamo per un momento ad ascoltare un altro dato dell&#8217;inchiesta del \u00abRegno\u00bb. Il duo Segatti-Brunelli, dopo aver segnalato il fatto che la generazione 1981 rappresenta un cambio deciso di marcia rispetto al modello ideale di Italia \u201cPaese cattolico\u201d, evidenziano che, dai dati a loro disposizione, oltre allo scarto generazionale, emerge una \u00abriduzione sostanziale della differenza di genere.<\/p>\n<p style=\"text-align: justify;\">Non vi sono differenze sostanziali tra uomini e donne\u00bb. Questa \u00e8 la novit\u00e0: le giovani donne non manifestano, rispetto ai loro coetanei maschi, elementi di differenziazione \u201csostanziale\u201d in relazione alla pratica di fede. Fatta eccezione per l&#8217;abitudine alla preghiera, che vede le donne indipendentemente dall&#8217;et\u00e0 sempre pi\u00f9 avanti rispetto ai loro coetanei maschi, le nate dopo il 1981 sono tra le italiane le pi\u00f9 estranee ad ogni esperienza religiosa <em>nella stessa misura <\/em>dei nati dopo il 1981: <em>in ugual misura <\/em>dei loro coetanei, quindi, le giovani donne <em>vanno di meno in chiesa, credono di meno, <\/em><em>hanno meno fiducia nella Chiesa, si definiscono meno come cattoliche e ritengono che essere italiane non equivalga ad essere cattoliche.<\/em><\/p>\n<p style=\"text-align: justify;\">Non esiste quindi una novit\u00e0 solo sul piano verticale delle generazioni, per la quale nel nostro Paese pi\u00f9 si \u00e8 giovani pi\u00f9 si \u00e8 lontani dell&#8217;universo ecclesiale; esiste pure una differenziazione interna al mondo femminile: il tradizionale scarto di una maggiore adesione alle credenze e alle pratiche di fede che ha sempre connotato le donne rispetto agli uomini e che \u00e8 sostanzialmente confermato nelle generazioni pi\u00f9 adulte, tende ad azzerarsi con il comparire delle nuove generazioni di donne.<\/p>\n<p style=\"text-align: justify;\">Questo \u00e8 davvero qualcosa di inedito per la Chiesa cattolica: il suo rapporto privilegiato con l&#8217;universo femminile manifesta qui una prima e significativa incrinatura.<\/p>\n<p style=\"text-align: justify;\">Su questa autentica novit\u00e0 ha speso parole molto precise e giustamente preoccupate il sociologo Alessandro Castegnaro, presidente dell&#8217;Osservatorio Socio-Religioso Triveneto. Sulla base delle numerose indagini da lui coordinate sulla religiosit\u00e0 della regione di Nord-Est (in particolare nelle Diocesi di Trieste, Venezia, Adria-Rovigo, Concordia-Pordenone) e su quella basata sulla diocesi di Vicenza ed esplicitamente dedicata al mondo dei giovani, egli evidenza proprio molto bene <em>la marcatura di genere <\/em>delle differenze intergenerazionali che i dati raccolti lasciano emergere: \u00abSe si confrontano le figlie con le madri l&#8217;indice di appartenenza perde tra il 20 e il 48% del valore, quello di esperienza tra il 17 e il 25; quello di credenza tra il 12 e il 20. La percentuale di ragazze praticanti su base settimanale perde tra 9 e 22 punti\u00bb (3).<\/p>\n<p style=\"text-align: justify;\">Proprio per questo egli afferma che, all&#8217;interno della pi\u00f9 ampia fatica della comunit\u00e0 credente nel suo lavoro con i giovani, esiste \u00abuno specifico problema nei rapporti tra le giovani donne e l&#8217;Istituzione\u00bb. Inoltre sulla base della sua consolidata esperienza e sulla base di quanto gi\u00e0 accaduto in altre parti d&#8217;Europa, in particolare in Francia, invita con decisione a non sottovalutare tale specifica questione, prospettando facili riprese nel futuro da parte delle giovani donne del loro rapporto con la dimensione istituzionale della fede.<\/p>\n<p style=\"text-align: justify;\">Non si ha a che fare semplicemente con una <em>questione dell&#8217;et\u00e0: <\/em>pi\u00f9 decisamente \u00e8 <em>una questione generazionale. <\/em>Con le sue parole: \u00abLa presa di distanza dal mondo della religione, dalla Chiesa e dalla pratica in particolare, era evidentemente in buona parte gi\u00e0 avvenuta nei maschi, non ancora nelle femmine, che ora si sono allineate. Se agisse solo l&#8217;effetto et\u00e0 della vita e non quello generazionale, pi\u00f9 duraturo, non ci sarebbe ragione perch\u00e9 questa distinzione si manifestasse\u00bb.<\/p>\n<p style=\"text-align: justify;\">Qual \u00e8 la vera posta in gioco in questi numeri che stiamo analizzando? \u00c8 lo stesso sociologo Castegnaro che rileva l&#8217;urgenza di questa novit\u00e0. In un&#8217;intervista al quotidiano \u00abAvvenire\u00bb, egli ha sottolineato che il sostanziale allineamento dei comportamenti religiosi delle giovani donne a quelli dei giovani maschi \u00abavr\u00e0 ricadute di lungo periodo se si considera che la trasmissione della fede nelle famiglie segue pi\u00f9 la linea femminile che quella maschile ed \u00e8 la ragione per cui pensiamo che si tratti di cambiamenti non legati alla particolare et\u00e0 della vita, ma destinati in parte a permanere anche nelle et\u00e0 successive\u00bb (4).<\/p>\n<p style=\"text-align: justify;\">Ecco il punto: la trasmissione della fede. Un compito da sempre assicurato, all&#8217;interno del panorama cattolico italiano, soprattutto dalla figura materna. \u00c8 lei che appunto insieme con il latte offre pure il germe di una fede religiosa, \u00e8 lei che dona insieme alle istruzioni per vivere pure quelle per credere; \u00e8 nei suoi occhi, insomma, che il piccolo d&#8217;uomo non solo scopre la prima e pi\u00f9 efficace mappa del mondo, ma pure la presenza di un <em>Tu <\/em>invisibile al quale fiduciosamente rivolgersi nel suo far proprio il mestiere di vivere.<\/p>\n<p style=\"text-align: justify;\">\u00c8 proprio questa una delle vere leve della forza della Chiesa cattolica, nella sua storia: la preziosa opera di catecumenato familiare assicurato dalle donne. E cosa accade se la mamma diventasse al riguardo latitante? Il titolo dell&#8217;intervista prima citata di \u00abAvvenire\u00bb al sociologo Castegnaro non lascia dubbi: \u00abLa fede [\u00e8] a rischio\u00bb.<\/p>\n<p style=\"text-align: justify;\"><strong>L&#8217;anima dei giovani e delle giovani messa a nudo<\/strong><\/p>\n<p style=\"text-align: justify;\">La questione qui accennata e cio\u00e8 del crescente difficile rapporto tra le giovani donne e la Chiesa richiede un ulteriore approfondimento su un altro versante. Le indagini sin qui citate hanno chiamato in causa soprattutto gli aspetti pi\u00f9 istituzionali e tradizionali della pratica religiosa: credere in Dio, abitudine alla preghiera, frequenza della Messa, autodefinizione di cattolicit\u00e0, relazione tra la propria identit\u00e0 italiana e la propria appartenenza religiosa. Sono ovviamente questi i criteri pi\u00f9 rilevanti sotto il profilo di una riflessione seriamente preoccupata circa la presenza futura della Chiesa nel contesto italiano.<\/p>\n<p style=\"text-align: justify;\">Del resto, solo con una relazione <em>effettiva <\/em>con le generazioni pi\u00f9 giovani, non virtuale o ad intermittenza, \u00e8 possibile affrontare la que\u00adstione delle vocazioni ai ministeri ecclesiali, il tema del ricambio del tessuto umano delle parrocchie, delle associazioni e dei movimenti, la necessit\u00e0 di una nuova leva di cristiani impegnati nella politica e soprattutto la presenza umanissima e quotidiana di credenti capaci di segnare quella <em>differenza cristiana, <\/em>di cui ci ha ampiamente e pertinentemente istruito Enzo Bianchi, quale vera testimonianza al Vangelo di Ges\u00f9 nel bel mezzo di una societ\u00e0 plurale e sempre pi\u00f9 sotto lo scacco di logiche assai discutibili (5).<\/p>\n<p style=\"text-align: justify;\">E tale relazione ha bisogno di contatti, di frequentazioni, di disponibilit\u00e0 a riconoscere e a vivere un legame con la realt\u00e0 Chiesa, con i suoi tempi e i suoi spazi. La quale, a sua volta, \u00e8 urgentemente interpellata a lasciarsi profondamente interrogare da questa <em>fuga dei giovani <\/em>e in particolare delle giovani donne. Cosa che purtroppo ancora non accade.<\/p>\n<p style=\"text-align: justify;\">Eppure, lo riconosciamo anche noi, non si pu\u00f2 ridurre tutto al semplice \u201candare o non andare a Messa\u201d. Come stanno allora i rapporti dei giovani e delle giovani donne con il pi\u00f9 generale universo della fede, a parte l&#8217;andare in Chiesa?<\/p>\n<p style=\"text-align: justify;\">La domanda \u00e8 assolutamente azzeccata: spesso, infatti, si dice e quindi si presuppone che l&#8217;Italia possieda un&#8217;anima cattolica, <em>anche se <\/em>le Chiese tendono a diventare sempre pi\u00f9 vuote, <em>anche se <\/em>diminuisce il numero di celebrazioni dei sacramenti del matrimonio e del battesimo, <em>anche se <\/em>il numero di giovani sacerdoti non riesce in alcun modo a compensare quello dei sacerdoti che vanno in pensione o in paradiso, <em>anche se <\/em>il numero di consacrate diminuisce costantemente.<\/p>\n<p style=\"text-align: justify;\">A fondare tale supposizione di un&#8217;anima cattolica del nostro Paese sarebbe proprio l&#8217;anima degli stessi italiani e delle italiane, i quali e le quali manifesterebbero sempre una prossimit\u00e0 quasi assoluta alle posizioni della Chiesa, sia per quel che riguarda le questioni legate al tema della laicit\u00e0 che per quelle pi\u00f9 eticamente sensibili. Anche se non vanno in Chiesa in modo regolare.<\/p>\n<p style=\"text-align: justify;\">Detto in modo pi\u00f9 semplice: fatta salva la presenza di appartenenti ad altre confessioni cristiane non cattoliche e quella di credenti di altre religioni, fatto pure salvo un certo numero di atei, agnostici, razionalisti, avremmo, secondo un diffuso modo di pensare, una parte di italiani <em>credenti e praticanti <\/em>e un&#8217;altra parte di italiani <em>non praticanti <\/em><em>ma credenti <\/em>o quanto meno sensibili alla visione cristiana della vita.<\/p>\n<p style=\"text-align: justify;\">Ecco, allora, la figura che sostiene tanti discorsi circa il presente cattolico dell&#8217;Italia: <em>Il non praticante credente, il credente anonimo. <\/em>La plausibilit\u00e0 di tale concetto, soprattutto in riferimento al passato e in riferimento al mondo maschile (quello che \u00e8 stato sempre meno praticante) \u00e8 pi\u00f9 che sostenibile, ma \u00e8 una figura ancora valida? Pu\u00f2 essere applicata ai giovani e in particolare alle giovani donne?<\/p>\n<p style=\"text-align: justify;\">Per provare a rispondere a questi interrogativi ci viene incontro una recente indagine sulla religiosit\u00e0 degli italiani, in modo eccellente coordinata da Franco Garelli, dell&#8217;Universit\u00e0 degli studi di Torino, e intitolata <em>Religione all&#8217;italiana. Inanima del paese messa a nudo <\/em>(6). Dell&#8217;indagine consideriamo soprattutto i temi relativi alla laicit\u00e0 e al rapporto della fede con la politica e l&#8217;etica.<\/p>\n<p style=\"text-align: justify;\">L&#8217;evidenza maggiore che la lettura dei dati e la loro interpretazione lascia emergere \u00e8 il rilievo per il quale l&#8217;anima del Paese abbia due velocit\u00e0 o, utilizzando la metafora usata da Garelli, vengano messi a nudo due volti di Paese. Vuoi per il nodo del crocifisso esposto nei luoghi pubblici, vuoi per il finanziamento alla Chiesa tramite il meccanismo dell&#8217;8&#215;1000 e per il regime di esenzioni di cui essa gode (recentemente al centro di grossi dibattiti pubblici), vuoi per la questione della scuola cattolica e per l&#8217;ora di religione, vuoi ancora per la presenza della Chiesa nello spazio del dibattito pubblico (con particolare riferimento al referendum sulla procreazione assistita) e infine per l&#8217;opportunit\u00e0 di appelli ecclesiali in campo sociale ed etico, la situazione degli italiani \u00e8 pi\u00f9 o meno la seguente: <em>aumentando l&#8217;et\u00e0 dei soggetti diminuisce <\/em><em>la distanza dalle posizioni ufficiali della Chiesa, diminuendo l&#8217;et\u00e0 dei soggetti aumenta la distanza da quelle posizioni.<\/em><\/p>\n<p style=\"text-align: justify;\">A proposito per esempio dell&#8217;opportunit\u00e0 di esporre il crocifisso nei luoghi pubblici, scrive Garelli che \u00abproprio l&#8217;et\u00e0 e il livello di istruzione (pi\u00f9 che il genere) sono le variabili che incidono maggiormente su questo orientamento; passando infatti dalle classi di et\u00e0 pi\u00f9 giovani a quelle pi\u00f9 anziane, e dai livelli di istruzione pi\u00f9 elevati a quelli pi\u00f9 bassi, aumenta progressivamente la propensione delle persone a giustificare la presenza del simbolo cristiano negli edifici pubblici\u00bb (7).<\/p>\n<p style=\"text-align: justify;\">Non sar\u00e0 sfuggito al lettore l&#8217;indicazione che la variabile \u201cgenere\u201d non produce pi\u00f9 variabili di sostanziali differenze. E questa \u00e8 la differenza su cui vorremmo di pi\u00f9 richiamare l&#8217;attenzione.<\/p>\n<p style=\"text-align: justify;\">Inoltre c&#8217;\u00e8 da precisare che la frattura determinata ormai solo dalla variabile \u201cet\u00e0\u201d tende a restare essa stessa non pi\u00f9 rilevante se ci si sofferma su alcuni divieti ecclesiali assai caratterizzanti, soprattutto in passato, il costume dei credenti praticanti. Scrive Garelli: \u00abAd esempio, il 75,2% degli italiani non condivide il divieto ai giovani di avere rapporti sessuali prima del matrimonio, e oltre l&#8217;80% disapprova la proibizione alle persone divorziate e risposate civilmente di accostarsi ai sacramenti\u00bb (8). Questi due ambiti sono particolarmente sensibili, in quanto in essi la presenza della variabile donna \u00e8 particolarmente rilevante.<\/p>\n<p style=\"text-align: justify;\">Ci pare utile qui riportare pure alcuni dati e alcune considerazioni relative alla morale sociale (evasione fiscale, assenteismo sul lavoro, ottenere benefici dallo stato senza averne diritto) e alla morale privata (divorzio, esperienze omosessuali, tradimento del partner, convivenza, frequentazione prostitute, ecc.).<\/p>\n<p style=\"text-align: justify;\">Dall&#8217;insieme delle risposte emerge il fatto che la maggioranza degli italiani, pur continuando a difendere i valori tradizionali della convivenza civile e della famiglia, ammette, come possibili, scelte differenti e contrarie agli insegnamenti della Chiesa.<\/p>\n<p style=\"text-align: justify;\">A una visione, pi\u00f9 particolareggiata, si lascia per\u00f2 intuire, non senza preoccupazione, che \u00abil distacco dalle norme di cittadinanza aumenta progressivamente con il diminuire dell&#8217;et\u00e0, delineando un trend generazionale che getta una luce preoccupante sul futuro\u00bb. Per questo \u00abla variabile et\u00e0 \u00e8 quella che pi\u00f9 divide gli italiani sui temi di etica sociale e pubblica, anche se differenze (di minore entit\u00e0) si riscontrano considerando altri profili della popolazione\u00bb (9).<\/p>\n<p style=\"text-align: justify;\">Una simile considerazione vale anche per le norme relative alla morale individuale e familiare. \u00c8 pur vero che la differenza genere, insieme a quella di istruzione e di contesto di vita, giocano un certo ruolo, per cui gli orientamenti su questo ambito pi\u00f9 distanti dalla morale tradizionale sono espressi dagli uomini, ma \u00e8 altrettanto vero che essi &#8211; gli orientamenti distanti dalla morale tradizionale &#8211; \u00abaumentano con il ricambio generazionale e con l&#8217;innalzamento del livello di istruzione, toccando le punte massime tra i giovani e i laureati\u00bb (10). E in Italia il 60 per cento dei laureati \u00e8 donna e solo il 40 per cento uomo (11).<\/p>\n<p style=\"text-align: justify;\">Insomma, non solo sul livello delle espressioni istituzionali e visibili della fede, ma anche sul livello della prossimit\u00e0 alle posizioni della dottrina ecclesiale, vi \u00e8 una frattura generazionale molto profonda nell&#8217;anima dell&#8217;Italia, la cui marcatura specifica attuale \u00e8 l&#8217;omogeneit\u00e0 tra i generi. <em>Ma cosa c&#8217;entra tutto questo con la fuga delle quarantenni?<\/em><\/p>\n<p style=\"text-align: justify;\"><strong>La fuga delle quarantenni<\/strong><\/p>\n<p style=\"text-align: justify;\">Gli elementi sin qui evidenziati circa la sostanziale estraneit\u00e0 e disaffezione all&#8217;universo religioso cattolico di coloro che sono nati dopo il 1981, indipendentemente dalla differenza di genere, in verit\u00e0 si inizia ad annunciare anche alla \u201clatitudine 1970\u201d, in particolare se si mette in correlazione al criterio et\u00e0 pure il criterio livello di istruzione, nell&#8217;analizzare l&#8217;anima degli italiani e delle italiane.<\/p>\n<p style=\"text-align: justify;\">Ci istruisce a sufficienza su questo elemento ancora l&#8217;inchiesta del \u00abRegno\u00bb, gi\u00e0 citata. I suoi due curatori, dopo aver richiamato la specificit\u00e0 della generazione 1981, si sono interrogati pi\u00f9 a fondo anche circa la seconda risultanza generale della loro inchiesta e cio\u00e8 le enormi differenze, per quel che riguarda l&#8217;andare a messa, il credere e il pregare, tra uomo e donna. Che appunto a livello generale tale differenza sussista, oggi, in Italia, di per s\u00e9 \u00e8 cosa pi\u00f9 che ovvia. Meno ovvia, quando entra in gioco la prospettiva <em>quarantenni.<\/em><\/p>\n<p style=\"text-align: justify;\">Segatti e Brunelli si sono, perci\u00f2, chiesti che cosa accade di questo divario tra uomini e donne se si considerano le variabili et\u00e0 e istruzione. La loro risposta non potrebbe essere pi\u00f9 precisa: nei gruppi omogenei, quelli quindi che mettono in relazione uomini e donne della stessa fascia d&#8217;et\u00e0 e del simile livello di istruzione, il divario tende a diminuire. <em>E il punto critico di rottura \u00e8 l&#8217;essere nato prima o dopo il <\/em><em>1970. <\/em><\/p>\n<p style=\"text-align: justify;\">Nella generazione 1970, infatti, le differenze di genere non sono pi\u00f9 evidenti ed enormi, come invece per le generazioni precedenti: \u00abDelle due caratteristiche (periodo di nascita e livello di istruzione) -scrivono Segatti e Brunelli &#8211; \u00e8 dunque la prima che ha decisamente un peso maggiore nel modificare la differenza nella pratica tra uomini e donne. Infatti se si considera il variare di livello d&#8217;istruzione, tra i nati prima del 1970 la differenza tra donne e uomini diminuisce solo di 2 punti, mentre tra i nati dopo il 1970 diminuisce di 3 punti.<\/p>\n<p style=\"text-align: justify;\">Il divario tra donne e uomini invece diminuisce sensibilmente se consideriamo i diversi periodi di nascita\u00bb. Sono infatti 8 punti per chi ha un&#8217;istruzione bassa e 9 punti tra coloro che ne hanno un&#8217;alta: \u00abCi\u00f2 mostra che la pratica regolare delle donne tende a diventare simile a quella degli uomini soprattutto per effetto del mutamento generazionale. Non esisterebbe quindi un effetto genere indipendente dagli effetti delle altre due caratteristiche\u00bb (12).<\/p>\n<p style=\"text-align: justify;\">Anche per quel che riguarda la dimensione del credere in Dio il divario minore tra uomini e donne si registra \u00abtra chi ha un&#8217;alta istruzione ed \u00e8 nato dopo il 1970 (13)<\/p>\n<p style=\"text-align: justify;\">Come abbiamo avuto modo di accennare precedentemente, rimane una sostanziale differenza delle donne rispetto agli uomini in relazione alla predisposizione a pregare anche tra coloro che rientrano nei gruppi omogenei di nati dopo il 1970. Si deve per completezza aggiungere che, secondo \u00abII Regno\u00bb, \u00abl&#8217;abitudine alla preghiera delle donne \u00e8 infine correlata di meno di quella degli uomini alla fede in Dio, nel senso che, a differenza degli uomini, dicono di pregare molto anche le donne che si dichiarano incerte sull&#8217;esistenza di Dio o si dicono non credenti\u00bb (14)<\/p>\n<p style=\"text-align: justify;\">Non a caso, a questo punto, tra le conclusioni pi\u00f9 provocatorie dell&#8217;inchiesta sin qui citata, troviamo la seguente \u201cprofezia\u201d \u00ab\u00c8 immaginabile che quando i figli della generazione degli anni Settanta saranno padri daranno un ulteriore contributo alla secolarizzazione\u00bb (15)<\/p>\n<p style=\"text-align: justify;\"><em>Generazione degli anni Settanta: <\/em>ecco le quarantenni! \u00c8 sulla linea femminile che si registra il mutamento generazionale pi\u00f9 alto: lo scarto rispetto alla frequenza alla messa tra gli uomini nati prima del 1970 e quelli nati dopo il 1970 \u00e8 di 15 punti, \u00e8 invece di ben 25 punti lo scarto tra le donne nate prima del 1970 e quelle dopo il 1970; e, in riferimento alla fede in Dio, si passa da uno scarto maschile di soli 7 punti, tra i nati prima e quelli dopo il 1970, a uno femminile di 12 punti, prendendo in considerazioni le nate prima e quelle dopo il 1970 (16).<\/p>\n<p style=\"text-align: justify;\">A ulteriore conferma dei dati sin qui riportarti e quindi del fatto che \u00e8 con le donne nate dopo il 1970 che inizia quel progressivo cammino di omogeneizzazione dei comportamenti tra uomini e donne in relazione alla pratica di fede, il quale risulta poi praticamente compiuto nelle giovani donne nate dopo il 1981, possiamo aggiungere ulte\u00adriori elementi che ci vengono offerti da un&#8217;interessantissima, recente, indagine firmata da Roberto Cartocci e finalizzata a ricostruire una <em>Geografia dell&#8217;Italia cattolica <\/em>(17)<\/p>\n<p style=\"text-align: justify;\">Riportando i dati Istat 2009, relativi alla frequenza della messa, il testo di Cartocci ci permette di osservare che lo scarto maggiore rispetto alla media generale di frequenza delle donne, che si assesta a un 39,3 %, \u00e8 registrabile esattamente tra le donne che hanno tra i 18 e i 44 anni. Infatti \u00e8 proprio in questa fascia intermedia d&#8217;et\u00e0 che si mostra tra le donne \u00abuna pi\u00f9 bassa incidenza dei praticanti\u00bb (18).<\/p>\n<p style=\"text-align: justify;\">Certamente, ci si potrebbe domandare &#8211; e Cartocci onestamente lo fa &#8211; se con il passare degli anni queste donne che attualmente esprimono una bassa pratica non possano riallineare i loro comportamenti religiosi alle stime che ora caratterizzano le quote di popolazione femminile \u201c<em>over <\/em>44\u201d.<\/p>\n<p style=\"text-align: justify;\">Insomma, non potremmo essere semplicemente davanti a un <em>effetto ciclo di vita, <\/em>in base al quale i comportamenti di un soggetto mutano nell&#8217;avanzare negli anni? Oppure \u00e8 necessario ammettere <em>un effetto coorte, <\/em>per il quale si deve prendere atto di un mutamento generazionale che non subir\u00e0 particolari variazioni con il passaggio del tempo?<\/p>\n<p style=\"text-align: justify;\">O da ultimo non si potrebbe assegnare uno specifico ruolo al tempo che stiamo vivendo e quindi chiamare in causa un <em>effetto periodo <\/em>che influenzi proprio in questo specifico giro di anni le persone, indipendentemente dall&#8217;et\u00e0? Sono domande alle quali il sociologo ritiene di non poter rispondere, sulla base del solo dato di frequenza alla messa e cio\u00e8 senza prendere in considerazioni altri indicatori capaci di meglio definire la <em>Geografica cattolica dell&#8217;Italia, <\/em>per lui, e per illuminare ulteriormente il fenomeno da noi studiato dell&#8217;allontanamento dalle file della Chiesa delle donne tra i 18 e i 44 anni.<\/p>\n<p style=\"text-align: justify;\">Quale esito dar\u00e0 allora l&#8217;interrogazione dei tassi dei matrimoni civili, l&#8217;analisi della presenza di coppie di fatto e ancora dei figli nati fuori dal matrimonio, ambiti esplicitamente messi a fuoco da Cartocci? Le risultanze di questi interrogativi appaiono particolarmente carichi di significati per il nostro discorso sulle quarantenni e sul loro sempre pi\u00f9 marcato difficile rapporto con la Chiesa.<\/p>\n<p style=\"text-align: justify;\">\u00c8 il caso di ascoltare direttamente le analisi e le suggestioni di Cartocci: \u00abFino alla met\u00e0 degli anni &#8217;60 la percentuale nazionale dei matrimoni civili si \u00e8 mantenuta su livelli estremamente bassi, subendo tra l&#8217;altro una progressiva riduzione: dal 2,4% del 1951 al 1,2% del 1966. Dopodich\u00e9, il tasso di matrimoni celebrati in municipio \u00e8 cresciuto costantemente, superando il 10% nel 1981, il 20% nel 1996 e raggiungendo il 34% nel 2006.<\/p>\n<p style=\"text-align: justify;\">In quarant\u2019anni la proporzione dei matrimoni civili \u00e8 dunque aumentata di oltre trenta punti percentuali\u00bb (19). Il saliente matrimonio civile \u00e8 particolarmente significativo in relazione alla religione cristiana, che fa del matrimonio uno dei sacramenti base della vita credente. Cartocci giustamente invita a non sovrastimarlo come indicatore di secolarizzazione: in quanto nella gran parte dei casi la celebrazione dei matrimoni avviene in quella fase del ciclo di vita che &#8211; <em>per uomini e per donne <\/em>&#8211; \u00e8 il pi\u00f9 secolarizzato, ovvero prima dei 44 anni.<\/p>\n<p style=\"text-align: justify;\">\u00c8 ancora poi da ricordare che il numero di coppie non coniugate, sebbene assai difficile da contare, risulta al momento in salita e lo stesso si pu\u00f2 dire dei figli nati fuori dal matrimonio, dato pi\u00f9 facile da censire, a tal punto che Cartocci pu\u00f2 registrare la presenza \u00abdi una tendenziale crescita delle nascite extraconiugali, che, avviatasi intorno alla met\u00e0 degli anni &#8217;90, a distanza di oltre vent&#8217;anni dal decollo dei matrimoni civili, ha mostrato, negli anni pi\u00f9 recenti, una sensibile accelerazione, in un processo di radicale trasformazione dei costumi familiari tradizionali\u00bb (20).<\/p>\n<p style=\"text-align: justify;\"><strong>Se non ora, quando?<\/strong><\/p>\n<p style=\"text-align: justify;\">Esiste, dunque, una questione <em>quarantenni <\/em>nella Chiesa ed \u00e8 una questione destinata a diventare ancora pi\u00f9 urgente negli anni a venire, man mano cio\u00e8 che la generazione 1981 entrer\u00e0 nell&#8217;et\u00e0 adulta, una generazione in cui la differenza di genere ormai ha perso ogni peso nel determinare una maggiore vicinanza delle donne alle pratiche e alle credenze cattoliche.<\/p>\n<p style=\"text-align: justify;\">Ma gi\u00e0 la generazione 1970, in verit\u00e0, mostra i segnali di una rottura rispetto al passato. Sono infatti le mie coetanee quelle che hanno iniziato a non frequentare con la stessa regolarit\u00e0 la comunit\u00e0 ecclesiale, sono esse che si sposano sempre di meno in Chiesa o non si sposano affatto, oppure si sposano solo dopo la nascita dei figli. Sono esse che esprimono, per prime, in un numero assai consistente, e non pi\u00f9 come casi isolati, un pensiero di distacco rispetto alla tradizione italiana di moralit\u00e0 pubblica e privata, assai influenzata dalla religione cattolica.<\/p>\n<p style=\"text-align: justify;\">Ci troviamo davanti all&#8217;emergere di una generazione di donne che inizia a rompere una tradizionale alleanza con la realt\u00e0 della Chiesa, una alleanza che ha sicuramente giovato a entrambi i partner, ma che ora chiede di essere nuovamente rinegoziata. Sicuramente sul fronte ecclesiale.<\/p>\n<p style=\"text-align: justify;\">Insomma, se non ora, quando?<\/p>\n<p style=\"text-align: justify;\">L&#8217;inedito atteggiamento di disaffezione all&#8217;universo religioso delle donne &#8211; ha pi\u00f9 che giustamente dichiarato il sociologo Luca Diotallevi &#8211; costituisce infatti \u00abun problema e una priorit\u00e0 pastorale notevolissima da affrontare, in un Paese come il nostro, dove la trasmissione della fede \u00e8 &#8220;matrilineare&#8221;\u00bb (21).<\/p>\n<p style=\"text-align: justify;\">L&#8217;autentico problema della Chiesa attuale \u00e8 quello della trasmissione della fede alle nuove generazioni ed \u00e8 compito che da sempre \u00e8 stato assegnato in particolar modo alle madri. L&#8217;economia della vita parrocchiale si poggia esattamente sul presupposto che i piccoli giungono al catechismo, intorno all&#8217;et\u00e0 di 5 anni, dopo aver ottenuto in famiglia, a casa, dalla mamma, dalle nonne, una prima ed efficace iniziazione alla parola del Vangelo. Ma cosa c&#8217;\u00e8 da aspettarsi se appunto le quarantenni di oggi e soprattutto quelle che si preparano a esserlo nell&#8217;imminente domani decidono di non onorare questo compito?<\/p>\n<p style=\"text-align: justify;\">Gi\u00e0, oggi, il diffuso discorso sul \u201cprimo annuncio\u201d quale priorit\u00e0 pastorale della Chiesa italiana, che intreccia emblematicamente l&#8217;urgenza della nuova evangelizzazione insieme al tema dell&#8217;educazione alla vita buona del Vangelo, evidenzia che sin dalle generazioni post-belliche si era avviata una fase di secolarizzazione del tessuto della popolazione italiana, che ora si annuncia pi\u00f9 radicale, pi\u00f9 decisiva, proprio per l&#8217;inedito allineamento delle giovani donne agli standard religiosi degli uomini. Gli scenari futuri, dopo quanto abbiamo provato a ricostruire, si annunciano dunque colmi di sfida.<\/p>\n<p style=\"text-align: justify;\">Come non ricordare ancora un altro fronte assai delicato di impegno, quello cio\u00e8 delle vocazioni alla vita consacrata? Sarebbe davvero miope non riconoscere che una delle riserve maggiori della forza del cattolicesimo italiano sia stata e continui a essere proprio la presenza delle suore. Eppure, c&#8217;\u00e8 da registrare che \u00e8 esattamente il mondo delle suore, quello che negli ultimi cinquant&#8217;anni ha perso pi\u00f9 componenti: oltre il 34% e attualmente l&#8217;et\u00e0 media delle consacrate italiane \u00e8 molto alta (22).<\/p>\n<p style=\"text-align: justify;\">Ci si deve semplicemente arrendere all&#8217;idea di una progressiva scomparsa di questa figura ecclesiale? E come non constatare quanto potrebbe pesare sull&#8217;immagine pubblica e diffusa della Chiesa, sempre pi\u00f9 eccessivamente mascolinizzata?<\/p>\n<p style=\"text-align: justify;\">Anche per questa ragione, quindi, se cio\u00e8 non vogliamo che questo sia il nostro destino, la scomparsa delle suore (italiane), \u00e8 urgente provare a mettere pi\u00f9 energia e pi\u00f9 impegno nel ripensare e rivedere il rapporto della Chiesa con le donne e in particolare con le giovani donne.<\/p>\n<p style=\"text-align: justify;\">Non sar\u00e0 in fondo vero che si \u00e8 dato, negli ultimi anni, per scontato un numeroso insieme di presupposti? Che cio\u00e8 &#8211; per ricordare un monito assai forte del Papa &#8211; ci si \u00e8 preoccupati pi\u00f9 delle conseguenze sociali, politiche, economiche, culturali della fede, dando per ovvio l&#8217;esistenza e la trasmissione di questa stessa fede? Parlare di fede, di iniziazione alla fede, di nuova evangelizzazione, significa dunque in misura significativa parlare delle quarantenni e della loro fuga.<\/p>\n<p style=\"text-align: justify;\">_________________________<\/p>\n<p style=\"text-align: justify;\"><strong>1)<\/strong> P. Segarti &#8211; G. Brunelli, <em>Ricerca de <\/em>II Regno <em>sull&#8217;Italia religiosa: da cattolica a <\/em><em>genericamente cristiana, <\/em>\u00abRegno\/attualit\u00e0\u00bb, 55 (2010\/10), pp. 337-351, disponibile in www.ilregno.it. Si rivela molto utile al lettore una visione diretta delle tabelle e dei grafici che accompagnano, nella ricerca citata, le analisi che qui riportiamo.<br \/>\n<strong>2)<\/strong> L&#8217;indagine <em>I giovani di fronte al futuro, con fede e senza fede, <\/em>condotta dall&#8217;istituto IARD EPS, \u00e8 stata commissionata dalla Diocesi di Novara, all&#8217;interno del progetto <em>Passio 2010; <\/em>ora \u00e8 in fase di pubblicazione a cura di Riccardo Grassi. Il quale ne ha presentato i principali risultati lungo l&#8217;annata 2010 della rivista \u00abInsegnare religione\u00bb, di cui \u00e8 direttore; nel 2004 egli aveva curato un&#8217;indagine simile di seguito confluita nel volume <em>Giovani, religione e vita quotidiana, <\/em>il Mulino, Bologna 2006.<br \/>\n<strong>3)<\/strong> A. Castegnaro, <em>Uno studio sulla spiritualit\u00e0 dei giovani, <\/em>in Osservatorio Socio-Religioso Triveneto, <em>C&#8217;\u00e8 campo? Giovani, spiritualit\u00e0, religione, <\/em>Marcianum Press, Venezia 2010, p. 26.<br \/>\n<strong>4)<\/strong> F. Dal Mas, <em>Mamme latitanti? \u00abLa fede a rischio\u00bb, <\/em>\u00abAvvenire\u00bb, 5 giugno 2010, p. 12.<br \/>\n<strong>5)<\/strong> Cfr. E. Bianchi, <em>La differenza cristiana, <\/em>Einaudi, Torno 2006.<br \/>\n<strong>6)<\/strong> II Mulino, Bologna 2011.<br \/>\n<strong>7)<\/strong> <em>Ibi, <\/em>p. 164.<br \/>\n<strong>8)<\/strong> <em>Ibi,p. <\/em>184.<br \/>\n<strong>9)<\/strong> <em>Ibi, p. 201.<\/em><br \/>\n<strong>10)<\/strong> <em>Ibi, <\/em>p. 203.<br \/>\n<strong>11)<\/strong> Cfr. A. Casarico &#8211; P. Profeta, <em>Donne e lavoro. Figli e carriera: presto o tardi non conta, <\/em>\u00abII sole 24ore\u00bb, 26 febbraio 2010, disponibile in www.ilsole24ore.com. Si veda pure il recente testo di D. Del Boca &#8211; L. Mencarini &#8211; S. Pasqua, <em>Valorizzare le donne conviene,<\/em> Il Mulino, Bologna 2012.<br \/>\n<strong>12)<\/strong> Segatti-Brunelli, <em>Ricerca <\/em>de II Regno <em>sull&#8217;Italia cattolica, <\/em>p. 347.<br \/>\n<strong>13)<\/strong> <em>Ibi, <\/em>p. 348.<br \/>\n<strong>14)<\/strong> <em>Ibi.<\/em><br \/>\n<strong>15)<\/strong> <em>Ibi, p. 351<br \/>\n<\/em><strong>16)<\/strong> <em>Ibi, <\/em>pp. 347-348.<br \/>\n<strong>17)<\/strong> II Mulino, Bologna 2011. Molto stimolante la recensione che al testo ha dedicato M. Introvigne: <em>Ma il Mezzogiorno d&#8217;Italia \u00e8 pi\u00f9 cattolico del Nord?, <\/em>\u00abLa Bussola Quotidiana\u00bb, 16 luglio 2011, disponibile in: <a href=\"http:\/\/www.labussolaquotidiana.it\/\">www.labussolaquotidiana.it<\/a>.<br \/>\n<strong>18)<\/strong> Cartocci, <em>Geografia dell&#8217;Italia cattolica, <\/em>p. 36.<br \/>\n<strong>19)<\/strong> <em>Ibi,pp. <\/em>52-53.<br \/>\n<strong>20)<\/strong> <em>Ibi, <\/em>p. 91.<br \/>\n<strong>21)<\/strong> Agenzia S.I.R., <em>Otto per mille; Diotallevi, in Italia &#8220;il clima socio-religioso \u00e8 cambiato&#8221; <\/em>17 febbraio 2011, ore 10.57, disponibile in: <a href=\"http:\/\/www.agensir.it\/\">www.agensir.it<\/a>.<\/p>\n<div><strong>22)<\/strong> F. Garelli, <em>La Chiesa in Italia, <\/em>il Mulino, Bologna 2007, p. 100.<\/div>\n","protected":false},"excerpt":{"rendered":"<p>La Rivista del Clero italiano aprile 2012 Nuovi scenari del cattolicesimo italiano di Armando Matteo La pratica religiosa in Italia sta velocemente mutando. Recenti indagini sociologiche mostrano infatti con chiarezza che, non solo a livello delle espressioni istituzionali e visibili della fede, ma anche a livello delle convinzioni, esiste una profonda frattura generazionale. Questo dato &hellip; <\/p>\n<p><a class=\"more-link btn\" href=\"https:\/\/www.rassegnastampa-totustuus.it\/cattolica\/la-fuga-delle-quarantenni\/\">Continua a leggere<\/a><\/p>\n","protected":false},"author":6,"featured_media":34353,"comment_status":"closed","ping_status":"open","sticky":false,"template":"","format":"standard","meta":{"footnotes":""},"categories":[5],"tags":[256,568],"class_list":["post-5063","post","type-post","status-publish","format-standard","has-post-thumbnail","hentry","category-chiesa","tag-donne","tag-secolarizzazione","item-wrap"],"yoast_head":"<!-- This site is optimized with the Yoast SEO plugin v27.5 - https:\/\/yoast.com\/product\/yoast-seo-wordpress\/ -->\n<title>La fuga delle quarantenni - Rassegna Stampa Cattolica<\/title>\n<meta name=\"description\" content=\"Rassegna Stampa Cattolica - Per una cultura che nasce dalla Rivelazione cristiana in conformit\u00e0 alla tradizione e al Magistero della Chiesa in opposizione ad ogni relativismo e totalitarismo\" \/>\n<meta name=\"robots\" content=\"index, follow, max-snippet:-1, max-image-preview:large, max-video-preview:-1\" \/>\n<link rel=\"canonical\" href=\"https:\/\/www.rassegnastampa-totustuus.it\/cattolica\/la-fuga-delle-quarantenni\/\" \/>\n<meta property=\"og:locale\" content=\"it_IT\" \/>\n<meta property=\"og:type\" content=\"article\" \/>\n<meta property=\"og:title\" content=\"La fuga delle quarantenni - Rassegna Stampa Cattolica\" \/>\n<meta property=\"og:description\" content=\"Rassegna Stampa Cattolica - Per una cultura che nasce dalla Rivelazione cristiana in conformit\u00e0 alla tradizione e al Magistero della Chiesa in opposizione ad ogni relativismo e totalitarismo\" \/>\n<meta property=\"og:url\" content=\"https:\/\/www.rassegnastampa-totustuus.it\/cattolica\/la-fuga-delle-quarantenni\/\" \/>\n<meta property=\"og:site_name\" content=\"Rassegna Stampa Cattolica\" \/>\n<meta property=\"article:publisher\" content=\"https:\/\/www.facebook.com\/rassegnastampacattolica\" \/>\n<meta property=\"article:published_time\" content=\"2012-05-09T22:00:00+00:00\" \/>\n<meta property=\"article:modified_time\" content=\"2016-06-08T12:10:49+00:00\" \/>\n<meta property=\"og:image\" content=\"https:\/\/www.rassegnastampa-totustuus.it\/cattolica\/wp-content\/uploads\/2012\/05\/donne_cattoliche.jpg\" \/>\n\t<meta property=\"og:image:width\" content=\"283\" \/>\n\t<meta property=\"og:image:height\" content=\"178\" \/>\n\t<meta property=\"og:image:type\" content=\"image\/jpeg\" \/>\n<meta name=\"author\" content=\"Redazione\" \/>\n<meta name=\"twitter:card\" content=\"summary_large_image\" \/>\n<meta name=\"twitter:creator\" content=\"@rassegnastampa9\" \/>\n<meta name=\"twitter:site\" content=\"@rassegnastampa9\" \/>\n<meta name=\"twitter:label1\" content=\"Scritto da\" \/>\n\t<meta name=\"twitter:data1\" content=\"Redazione\" \/>\n\t<meta name=\"twitter:label2\" content=\"Tempo di lettura stimato\" \/>\n\t<meta name=\"twitter:data2\" content=\"24 minuti\" \/>\n<script type=\"application\/ld+json\" class=\"yoast-schema-graph\">{\"@context\":\"https:\\\/\\\/schema.org\",\"@graph\":[{\"@type\":\"Article\",\"@id\":\"https:\\\/\\\/www.rassegnastampa-totustuus.it\\\/cattolica\\\/la-fuga-delle-quarantenni\\\/#article\",\"isPartOf\":{\"@id\":\"https:\\\/\\\/www.rassegnastampa-totustuus.it\\\/cattolica\\\/la-fuga-delle-quarantenni\\\/\"},\"author\":{\"name\":\"Redazione\",\"@id\":\"https:\\\/\\\/www.rassegnastampa-totustuus.it\\\/cattolica\\\/#\\\/schema\\\/person\\\/08f319d2bd1a0904ad9e2bfb7b15e5c3\"},\"headline\":\"La fuga delle quarantenni\",\"datePublished\":\"2012-05-09T22:00:00+00:00\",\"dateModified\":\"2016-06-08T12:10:49+00:00\",\"mainEntityOfPage\":{\"@id\":\"https:\\\/\\\/www.rassegnastampa-totustuus.it\\\/cattolica\\\/la-fuga-delle-quarantenni\\\/\"},\"wordCount\":4895,\"publisher\":{\"@id\":\"https:\\\/\\\/www.rassegnastampa-totustuus.it\\\/cattolica\\\/#organization\"},\"image\":{\"@id\":\"https:\\\/\\\/www.rassegnastampa-totustuus.it\\\/cattolica\\\/la-fuga-delle-quarantenni\\\/#primaryimage\"},\"thumbnailUrl\":\"https:\\\/\\\/www.rassegnastampa-totustuus.it\\\/cattolica\\\/wp-content\\\/uploads\\\/2012\\\/05\\\/donne_cattoliche.jpg\",\"keywords\":[\"donne\",\"secolarizzazione\"],\"articleSection\":[\"Chiesa\"],\"inLanguage\":\"it-IT\"},{\"@type\":\"WebPage\",\"@id\":\"https:\\\/\\\/www.rassegnastampa-totustuus.it\\\/cattolica\\\/la-fuga-delle-quarantenni\\\/\",\"url\":\"https:\\\/\\\/www.rassegnastampa-totustuus.it\\\/cattolica\\\/la-fuga-delle-quarantenni\\\/\",\"name\":\"La fuga delle quarantenni - Rassegna Stampa Cattolica\",\"isPartOf\":{\"@id\":\"https:\\\/\\\/www.rassegnastampa-totustuus.it\\\/cattolica\\\/#website\"},\"primaryImageOfPage\":{\"@id\":\"https:\\\/\\\/www.rassegnastampa-totustuus.it\\\/cattolica\\\/la-fuga-delle-quarantenni\\\/#primaryimage\"},\"image\":{\"@id\":\"https:\\\/\\\/www.rassegnastampa-totustuus.it\\\/cattolica\\\/la-fuga-delle-quarantenni\\\/#primaryimage\"},\"thumbnailUrl\":\"https:\\\/\\\/www.rassegnastampa-totustuus.it\\\/cattolica\\\/wp-content\\\/uploads\\\/2012\\\/05\\\/donne_cattoliche.jpg\",\"datePublished\":\"2012-05-09T22:00:00+00:00\",\"dateModified\":\"2016-06-08T12:10:49+00:00\",\"description\":\"Rassegna Stampa Cattolica - Per una cultura che nasce dalla Rivelazione cristiana in conformit\u00e0 alla tradizione e al Magistero della Chiesa in opposizione ad ogni relativismo e totalitarismo\",\"breadcrumb\":{\"@id\":\"https:\\\/\\\/www.rassegnastampa-totustuus.it\\\/cattolica\\\/la-fuga-delle-quarantenni\\\/#breadcrumb\"},\"inLanguage\":\"it-IT\",\"potentialAction\":[{\"@type\":\"ReadAction\",\"target\":[\"https:\\\/\\\/www.rassegnastampa-totustuus.it\\\/cattolica\\\/la-fuga-delle-quarantenni\\\/\"]}]},{\"@type\":\"ImageObject\",\"inLanguage\":\"it-IT\",\"@id\":\"https:\\\/\\\/www.rassegnastampa-totustuus.it\\\/cattolica\\\/la-fuga-delle-quarantenni\\\/#primaryimage\",\"url\":\"https:\\\/\\\/www.rassegnastampa-totustuus.it\\\/cattolica\\\/wp-content\\\/uploads\\\/2012\\\/05\\\/donne_cattoliche.jpg\",\"contentUrl\":\"https:\\\/\\\/www.rassegnastampa-totustuus.it\\\/cattolica\\\/wp-content\\\/uploads\\\/2012\\\/05\\\/donne_cattoliche.jpg\",\"width\":283,\"height\":178},{\"@type\":\"BreadcrumbList\",\"@id\":\"https:\\\/\\\/www.rassegnastampa-totustuus.it\\\/cattolica\\\/la-fuga-delle-quarantenni\\\/#breadcrumb\",\"itemListElement\":[{\"@type\":\"ListItem\",\"position\":1,\"name\":\"Home\",\"item\":\"https:\\\/\\\/www.rassegnastampa-totustuus.it\\\/cattolica\\\/\"},{\"@type\":\"ListItem\",\"position\":2,\"name\":\"La fuga delle quarantenni\"}]},{\"@type\":\"WebSite\",\"@id\":\"https:\\\/\\\/www.rassegnastampa-totustuus.it\\\/cattolica\\\/#website\",\"url\":\"https:\\\/\\\/www.rassegnastampa-totustuus.it\\\/cattolica\\\/\",\"name\":\"Rassegna Stampa Cattolica\",\"description\":\"Per una cultura che nasce dalla Rivelazione cristiana in conformit\u00e0 alla tradizione e al Magistero della Chiesa in opposizione ad ogni relativismo e totalitarismo\",\"publisher\":{\"@id\":\"https:\\\/\\\/www.rassegnastampa-totustuus.it\\\/cattolica\\\/#organization\"},\"alternateName\":\"Rass. Cattolica\",\"potentialAction\":[{\"@type\":\"SearchAction\",\"target\":{\"@type\":\"EntryPoint\",\"urlTemplate\":\"https:\\\/\\\/www.rassegnastampa-totustuus.it\\\/cattolica\\\/?s={search_term_string}\"},\"query-input\":{\"@type\":\"PropertyValueSpecification\",\"valueRequired\":true,\"valueName\":\"search_term_string\"}}],\"inLanguage\":\"it-IT\"},{\"@type\":\"Organization\",\"@id\":\"https:\\\/\\\/www.rassegnastampa-totustuus.it\\\/cattolica\\\/#organization\",\"name\":\"Rassegna Stampa Cattolica\",\"url\":\"https:\\\/\\\/www.rassegnastampa-totustuus.it\\\/cattolica\\\/\",\"logo\":{\"@type\":\"ImageObject\",\"inLanguage\":\"it-IT\",\"@id\":\"https:\\\/\\\/www.rassegnastampa-totustuus.it\\\/cattolica\\\/#\\\/schema\\\/logo\\\/image\\\/\",\"url\":\"https:\\\/\\\/www.rassegnastampa-totustuus.it\\\/cattolica\\\/wp-content\\\/uploads\\\/2014\\\/04\\\/logo-rassegna1.gif\",\"contentUrl\":\"https:\\\/\\\/www.rassegnastampa-totustuus.it\\\/cattolica\\\/wp-content\\\/uploads\\\/2014\\\/04\\\/logo-rassegna1.gif\",\"width\":600,\"height\":163,\"caption\":\"Rassegna Stampa Cattolica\"},\"image\":{\"@id\":\"https:\\\/\\\/www.rassegnastampa-totustuus.it\\\/cattolica\\\/#\\\/schema\\\/logo\\\/image\\\/\"},\"sameAs\":[\"https:\\\/\\\/www.facebook.com\\\/rassegnastampacattolica\",\"https:\\\/\\\/x.com\\\/rassegnastampa9\"]},{\"@type\":\"Person\",\"@id\":\"https:\\\/\\\/www.rassegnastampa-totustuus.it\\\/cattolica\\\/#\\\/schema\\\/person\\\/08f319d2bd1a0904ad9e2bfb7b15e5c3\",\"name\":\"Redazione\",\"image\":{\"@type\":\"ImageObject\",\"inLanguage\":\"it-IT\",\"@id\":\"https:\\\/\\\/secure.gravatar.com\\\/avatar\\\/2fcdf27c78ea025fbdb44e914cc63c72249ffec9dc8aafd5c82b26240ef3f346?s=96&d=mm&r=g\",\"url\":\"https:\\\/\\\/secure.gravatar.com\\\/avatar\\\/2fcdf27c78ea025fbdb44e914cc63c72249ffec9dc8aafd5c82b26240ef3f346?s=96&d=mm&r=g\",\"contentUrl\":\"https:\\\/\\\/secure.gravatar.com\\\/avatar\\\/2fcdf27c78ea025fbdb44e914cc63c72249ffec9dc8aafd5c82b26240ef3f346?s=96&d=mm&r=g\",\"caption\":\"Redazione\"},\"url\":\"https:\\\/\\\/www.rassegnastampa-totustuus.it\\\/cattolica\\\/author\\\/pietroelle\\\/\"}]}<\/script>\n<!-- \/ Yoast SEO plugin. -->","yoast_head_json":{"title":"La fuga delle quarantenni - Rassegna Stampa Cattolica","description":"Rassegna Stampa Cattolica - Per una cultura che nasce dalla Rivelazione cristiana in conformit\u00e0 alla tradizione e al Magistero della Chiesa in opposizione ad ogni relativismo e totalitarismo","robots":{"index":"index","follow":"follow","max-snippet":"max-snippet:-1","max-image-preview":"max-image-preview:large","max-video-preview":"max-video-preview:-1"},"canonical":"https:\/\/www.rassegnastampa-totustuus.it\/cattolica\/la-fuga-delle-quarantenni\/","og_locale":"it_IT","og_type":"article","og_title":"La fuga delle quarantenni - Rassegna Stampa Cattolica","og_description":"Rassegna Stampa Cattolica - Per una cultura che nasce dalla Rivelazione cristiana in conformit\u00e0 alla tradizione e al Magistero della Chiesa in opposizione ad ogni relativismo e totalitarismo","og_url":"https:\/\/www.rassegnastampa-totustuus.it\/cattolica\/la-fuga-delle-quarantenni\/","og_site_name":"Rassegna Stampa Cattolica","article_publisher":"https:\/\/www.facebook.com\/rassegnastampacattolica","article_published_time":"2012-05-09T22:00:00+00:00","article_modified_time":"2016-06-08T12:10:49+00:00","og_image":[{"width":283,"height":178,"url":"https:\/\/www.rassegnastampa-totustuus.it\/cattolica\/wp-content\/uploads\/2012\/05\/donne_cattoliche.jpg","type":"image\/jpeg"}],"author":"Redazione","twitter_card":"summary_large_image","twitter_creator":"@rassegnastampa9","twitter_site":"@rassegnastampa9","twitter_misc":{"Scritto da":"Redazione","Tempo di lettura stimato":"24 minuti"},"schema":{"@context":"https:\/\/schema.org","@graph":[{"@type":"Article","@id":"https:\/\/www.rassegnastampa-totustuus.it\/cattolica\/la-fuga-delle-quarantenni\/#article","isPartOf":{"@id":"https:\/\/www.rassegnastampa-totustuus.it\/cattolica\/la-fuga-delle-quarantenni\/"},"author":{"name":"Redazione","@id":"https:\/\/www.rassegnastampa-totustuus.it\/cattolica\/#\/schema\/person\/08f319d2bd1a0904ad9e2bfb7b15e5c3"},"headline":"La fuga delle quarantenni","datePublished":"2012-05-09T22:00:00+00:00","dateModified":"2016-06-08T12:10:49+00:00","mainEntityOfPage":{"@id":"https:\/\/www.rassegnastampa-totustuus.it\/cattolica\/la-fuga-delle-quarantenni\/"},"wordCount":4895,"publisher":{"@id":"https:\/\/www.rassegnastampa-totustuus.it\/cattolica\/#organization"},"image":{"@id":"https:\/\/www.rassegnastampa-totustuus.it\/cattolica\/la-fuga-delle-quarantenni\/#primaryimage"},"thumbnailUrl":"https:\/\/www.rassegnastampa-totustuus.it\/cattolica\/wp-content\/uploads\/2012\/05\/donne_cattoliche.jpg","keywords":["donne","secolarizzazione"],"articleSection":["Chiesa"],"inLanguage":"it-IT"},{"@type":"WebPage","@id":"https:\/\/www.rassegnastampa-totustuus.it\/cattolica\/la-fuga-delle-quarantenni\/","url":"https:\/\/www.rassegnastampa-totustuus.it\/cattolica\/la-fuga-delle-quarantenni\/","name":"La fuga delle quarantenni - Rassegna Stampa Cattolica","isPartOf":{"@id":"https:\/\/www.rassegnastampa-totustuus.it\/cattolica\/#website"},"primaryImageOfPage":{"@id":"https:\/\/www.rassegnastampa-totustuus.it\/cattolica\/la-fuga-delle-quarantenni\/#primaryimage"},"image":{"@id":"https:\/\/www.rassegnastampa-totustuus.it\/cattolica\/la-fuga-delle-quarantenni\/#primaryimage"},"thumbnailUrl":"https:\/\/www.rassegnastampa-totustuus.it\/cattolica\/wp-content\/uploads\/2012\/05\/donne_cattoliche.jpg","datePublished":"2012-05-09T22:00:00+00:00","dateModified":"2016-06-08T12:10:49+00:00","description":"Rassegna Stampa Cattolica - Per una cultura che nasce dalla Rivelazione cristiana in conformit\u00e0 alla tradizione e al Magistero della Chiesa in opposizione ad ogni relativismo e totalitarismo","breadcrumb":{"@id":"https:\/\/www.rassegnastampa-totustuus.it\/cattolica\/la-fuga-delle-quarantenni\/#breadcrumb"},"inLanguage":"it-IT","potentialAction":[{"@type":"ReadAction","target":["https:\/\/www.rassegnastampa-totustuus.it\/cattolica\/la-fuga-delle-quarantenni\/"]}]},{"@type":"ImageObject","inLanguage":"it-IT","@id":"https:\/\/www.rassegnastampa-totustuus.it\/cattolica\/la-fuga-delle-quarantenni\/#primaryimage","url":"https:\/\/www.rassegnastampa-totustuus.it\/cattolica\/wp-content\/uploads\/2012\/05\/donne_cattoliche.jpg","contentUrl":"https:\/\/www.rassegnastampa-totustuus.it\/cattolica\/wp-content\/uploads\/2012\/05\/donne_cattoliche.jpg","width":283,"height":178},{"@type":"BreadcrumbList","@id":"https:\/\/www.rassegnastampa-totustuus.it\/cattolica\/la-fuga-delle-quarantenni\/#breadcrumb","itemListElement":[{"@type":"ListItem","position":1,"name":"Home","item":"https:\/\/www.rassegnastampa-totustuus.it\/cattolica\/"},{"@type":"ListItem","position":2,"name":"La fuga delle quarantenni"}]},{"@type":"WebSite","@id":"https:\/\/www.rassegnastampa-totustuus.it\/cattolica\/#website","url":"https:\/\/www.rassegnastampa-totustuus.it\/cattolica\/","name":"Rassegna Stampa Cattolica","description":"Per una cultura che nasce dalla Rivelazione cristiana in conformit\u00e0 alla tradizione e al Magistero della Chiesa in opposizione ad ogni relativismo e totalitarismo","publisher":{"@id":"https:\/\/www.rassegnastampa-totustuus.it\/cattolica\/#organization"},"alternateName":"Rass. Cattolica","potentialAction":[{"@type":"SearchAction","target":{"@type":"EntryPoint","urlTemplate":"https:\/\/www.rassegnastampa-totustuus.it\/cattolica\/?s={search_term_string}"},"query-input":{"@type":"PropertyValueSpecification","valueRequired":true,"valueName":"search_term_string"}}],"inLanguage":"it-IT"},{"@type":"Organization","@id":"https:\/\/www.rassegnastampa-totustuus.it\/cattolica\/#organization","name":"Rassegna Stampa Cattolica","url":"https:\/\/www.rassegnastampa-totustuus.it\/cattolica\/","logo":{"@type":"ImageObject","inLanguage":"it-IT","@id":"https:\/\/www.rassegnastampa-totustuus.it\/cattolica\/#\/schema\/logo\/image\/","url":"https:\/\/www.rassegnastampa-totustuus.it\/cattolica\/wp-content\/uploads\/2014\/04\/logo-rassegna1.gif","contentUrl":"https:\/\/www.rassegnastampa-totustuus.it\/cattolica\/wp-content\/uploads\/2014\/04\/logo-rassegna1.gif","width":600,"height":163,"caption":"Rassegna Stampa Cattolica"},"image":{"@id":"https:\/\/www.rassegnastampa-totustuus.it\/cattolica\/#\/schema\/logo\/image\/"},"sameAs":["https:\/\/www.facebook.com\/rassegnastampacattolica","https:\/\/x.com\/rassegnastampa9"]},{"@type":"Person","@id":"https:\/\/www.rassegnastampa-totustuus.it\/cattolica\/#\/schema\/person\/08f319d2bd1a0904ad9e2bfb7b15e5c3","name":"Redazione","image":{"@type":"ImageObject","inLanguage":"it-IT","@id":"https:\/\/secure.gravatar.com\/avatar\/2fcdf27c78ea025fbdb44e914cc63c72249ffec9dc8aafd5c82b26240ef3f346?s=96&d=mm&r=g","url":"https:\/\/secure.gravatar.com\/avatar\/2fcdf27c78ea025fbdb44e914cc63c72249ffec9dc8aafd5c82b26240ef3f346?s=96&d=mm&r=g","contentUrl":"https:\/\/secure.gravatar.com\/avatar\/2fcdf27c78ea025fbdb44e914cc63c72249ffec9dc8aafd5c82b26240ef3f346?s=96&d=mm&r=g","caption":"Redazione"},"url":"https:\/\/www.rassegnastampa-totustuus.it\/cattolica\/author\/pietroelle\/"}]}},"_links":{"self":[{"href":"https:\/\/www.rassegnastampa-totustuus.it\/cattolica\/wp-json\/wp\/v2\/posts\/5063","targetHints":{"allow":["GET"]}}],"collection":[{"href":"https:\/\/www.rassegnastampa-totustuus.it\/cattolica\/wp-json\/wp\/v2\/posts"}],"about":[{"href":"https:\/\/www.rassegnastampa-totustuus.it\/cattolica\/wp-json\/wp\/v2\/types\/post"}],"author":[{"embeddable":true,"href":"https:\/\/www.rassegnastampa-totustuus.it\/cattolica\/wp-json\/wp\/v2\/users\/6"}],"replies":[{"embeddable":true,"href":"https:\/\/www.rassegnastampa-totustuus.it\/cattolica\/wp-json\/wp\/v2\/comments?post=5063"}],"version-history":[{"count":4,"href":"https:\/\/www.rassegnastampa-totustuus.it\/cattolica\/wp-json\/wp\/v2\/posts\/5063\/revisions"}],"predecessor-version":[{"id":34354,"href":"https:\/\/www.rassegnastampa-totustuus.it\/cattolica\/wp-json\/wp\/v2\/posts\/5063\/revisions\/34354"}],"wp:featuredmedia":[{"embeddable":true,"href":"https:\/\/www.rassegnastampa-totustuus.it\/cattolica\/wp-json\/wp\/v2\/media\/34353"}],"wp:attachment":[{"href":"https:\/\/www.rassegnastampa-totustuus.it\/cattolica\/wp-json\/wp\/v2\/media?parent=5063"}],"wp:term":[{"taxonomy":"category","embeddable":true,"href":"https:\/\/www.rassegnastampa-totustuus.it\/cattolica\/wp-json\/wp\/v2\/categories?post=5063"},{"taxonomy":"post_tag","embeddable":true,"href":"https:\/\/www.rassegnastampa-totustuus.it\/cattolica\/wp-json\/wp\/v2\/tags?post=5063"}],"curies":[{"name":"wp","href":"https:\/\/api.w.org\/{rel}","templated":true}]}}