{"id":5060,"date":"2012-05-10T00:00:00","date_gmt":"2012-05-09T22:00:00","guid":{"rendered":""},"modified":"2015-11-17T16:53:06","modified_gmt":"2015-11-17T15:53:06","slug":"pensare-lamore","status":"publish","type":"post","link":"https:\/\/www.rassegnastampa-totustuus.it\/cattolica\/pensare-lamore\/","title":{"rendered":"Pensare l\u2019amore"},"content":{"rendered":"<div style=\"text-align: center;\"><a href=\"https:\/\/www.rassegnastampa-totustuus.it\/cattolica\/wp-content\/uploads\/2012\/05\/padre-e-figlio.jpg\"><img loading=\"lazy\" decoding=\"async\" class=\"alignleft wp-image-27813\" src=\"https:\/\/www.rassegnastampa-totustuus.it\/cattolica\/wp-content\/uploads\/2012\/05\/padre-e-figlio.jpg\" alt=\"padre e figlio\" width=\"250\" height=\"173\" \/><\/a>Dal blog \u00a0<a href=\"http:\/\/www.profduepuntozero.it\/\" target=\"_blank\"><strong>http:\/\/www.profduepuntozero.it\/<\/strong><\/a> 29 aprile 2012<\/div>\n<p style=\"text-align: center;\">di <strong>Alessandro d&#8217;Avenia<\/strong><\/p>\n<p style=\"text-align: justify;\">\u201cL\u2019amore non \u00e8 cosa che s\u2019impara, e tuttavia non c\u2019\u00e8 cosa che sia cos\u00ec necessario imparare\u201d. Cos\u00ec scriveva Giovanni Paolo II in <em>Varcare la soglia della Speranza<\/em>. Queste parole mi sono tornate in mente quando un pap\u00e0 di una bimba di sei anni, qualche giorno fa, davanti ad una pizza, mi confidava di essere un padre che non sa mai cosa sia giusto fare. Quello sguardo e quelle parole mi hanno fatto riflettere.<\/p>\n<p><!--more--><\/p>\n<div style=\"text-align: justify;\">Educare richiede una continua creativit\u00e0 e capacit\u00e0 di invenzione nella mutevolezza del reale, delle persone, delle situazioni, ma allo stesso tempo la necessit\u00e0 di conoscere &#8211; come si fa nel jazz &#8211; quegli accordi di base su cui costruire l\u2019improvvisazione non improvvisata a cui costringe ogni \u201csessione\u201d: quella conoscenza irrinunciabile della natura umana alla quale improntare le concrete scelte educative.<\/div>\n<p style=\"text-align: justify;\">Ci prepariamo tutta la vita per un lavoro e siamo convinti che occorra studiare e fare esperienza per diventare bravi professionisti, invece ci siamo illusi che l\u2019amore si improvvisi e che non ci sia bisogno di studio e preparazione. Invece proprio l\u2019amore richiede continue messe a punto a partire da qualcosa che rimane fermo: la volont\u00e0 di amare.<\/p>\n<p style=\"text-align: justify;\">Per questo quando affronto un colloquio con i genitori di uno studente chiedo spesso: Su cosa state puntando? Quale punto di forza avete notato? Quale punto debole \u00e8 emerso?<\/p>\n<p style=\"text-align: justify;\">Educare, che un modo di amare chi ci \u00e8 in qualche modo affidato, richiede non solo affetto, ma anche e soprattutto studio, preparazione, riflessione. Non si pu\u00f2 improvvisare del tutto, bisogna riflettere e preparare ricette adatte alla dieta della persona: cosa gli\/le serve di pi\u00f9? Di cosa ha pi\u00f9 bisogno per crescere in questo momento? Ma a che serve studiare? A che serve riflettere sull\u2019amore?<\/p>\n<p style=\"text-align: justify;\">A diventare in qualche modo profeti dell\u2019altro. A sapere come e cosa guardare, cos\u00ec che l\u2019altro intraveda il meglio di se stesso negli occhi di chi lo ama e vi tenda, superandosi in compagnia dell\u2019amato.<\/p>\n<p style=\"text-align: justify;\">A questo proposito voglio segnalare due libri sull\u2019educazione e la famiglia. Credo che la famiglia sia la soluzione alla crisi della nostra societ\u00e0, crisi che emerge soprattutto in ambito educativo.<\/p>\n<p style=\"text-align: justify;\">Il primo testo \u00e8 \u201cPap\u00e0 sei tu il mio eroe\u201d di Meg Meeker, nel quale l\u2019autrice, una psichiatra di grande esperienza, afferma con chiarezza che la persona pi\u00f9 importante per una figlia femmina \u00e8 suo padre. L\u2019autrice rivolgendosi direttamente ad un padre gli suggerisce: \u201cNon c\u2019\u00e8 bisogno di una laurea in psicologia per proteggerla e darle insegnamenti su Dio, sesso e umilt\u00e0. Significa semplicemente essere un pap\u00e0. 7<\/p>\n<p style=\"text-align: justify;\">Non ho scelto a casaccio alcune caratteristiche proprie del pap\u00e0: ho osservato e ascoltato le figlie per molti anni e ho sentito quello che dicono di te. Ho parlato con una miriade di padri. Ho letto testi di psichiatria, ricerche scientifiche, riviste di psicologia. L\u2019ho fatto per lavoro. Ma ti dir\u00f2 che nessun articolo, n\u00e9 alcun manuale di patologia, n\u00e9 alcuna istruzione, pu\u00f2 iniziare a cambiare la vita di una ragazza tanto quanto lo faccia una chiacchierata con suo padre.<\/p>\n<p style=\"text-align: justify;\">Dal punto di vista di tua figlia non \u00e8 mai troppo tardi per rafforzare la relazione con te. Quindi, fatti furbo. Tua figlia vuole i tuoi consigli e il tuo sostegno; ha voglia e bisogno di un legame intenso con te. E, come sanno tutti i bravi pap\u00e0, sei tu ad aver bisogno di una relazione profonda con lei. Questo libro ti mostrer\u00e0 come rafforzare questo legame oppure come ricostruirlo e come sfruttarlo per migliorare la vita di tua figlia e la tua\u201d.<\/p>\n<p style=\"text-align: justify;\">Il secondo libro \u00e8 un vero e proprio gioiello per questi tempi in cui la famiglia \u00e8 bersagliata invece di essere sostenuta e incoraggiata. Il titolo \u00e8 \u201cLa coppia imperfetta\u201d di Mariolina Ceriotti Migliarese, che spiega in poche, profonde e delicate pagine, perch\u00e9 i difetti sono un ingrediente indispensabile per l\u2019amore. Vedo tanti ragazzi schiacciati dalla incapacit\u00e0 loro e dei loro genitori di accettare il fatto di avere difetti, di non essere perfetti.<\/p>\n<p style=\"text-align: justify;\">Una cultura che rimuove Dio non pu\u00f2 permettersi il lusso della debolezza, e vuole che gli uomini siano dei. L\u2019autrice, neuropsichiatra infantile e madre, afferma con chiarezza che la coppia ha tutte le risorse per reggere alle tempeste che tentano spazzare via la casa, le cui fondamenta sulla roccia sono la coppia stessa, paradossalmente con le annesse debolezze: \u201cIncontrare Dio andando in un monastero \u00e8 una cosa abbastanza ovvia.<\/p>\n<p style=\"text-align: justify;\">Ma incontrare Dio andando verso Micheline, proprio quella che ha appena bruciato l\u2019arrosto, ecco una cosa alquanto inesplicabile. La trovo una frase perfetta per sintetizzare quello che \u00e8 il cuore della sfida che il matrimonio rappresenta: unire gli aspetti pi\u00f9 pratici e prosaici della nostra vita con quelli pi\u00f9 elevati e spirituali, all\u2019interno della quotidianit\u00e0\u201d.<\/p>\n<p style=\"text-align: justify;\">Magari nessuno dei consigli contenuti in queste pagine servir\u00e0 al caso concreto in cui ci si trova, ma solo la riflessione pu\u00f2 tradursi in amore in atto, perch\u00e9 l\u2019amore pienamente umano non \u00e8 solo affetto, ma anche pensiero.<\/p>\n<p style=\"text-align: justify;\">Rubrica <em>Per chi suona la campanella<\/em>, aprile 2012<\/p>\n","protected":false},"excerpt":{"rendered":"<p>Dal blog \u00a0http:\/\/www.profduepuntozero.it\/ 29 aprile 2012 di Alessandro d&#8217;Avenia \u201cL\u2019amore non \u00e8 cosa che s\u2019impara, e tuttavia non c\u2019\u00e8 cosa che sia cos\u00ec necessario imparare\u201d. Cos\u00ec scriveva Giovanni Paolo II in Varcare la soglia della Speranza. Queste parole mi sono tornate in mente quando un pap\u00e0 di una bimba di sei anni, qualche giorno fa, &hellip; <\/p>\n<p><a class=\"more-link btn\" href=\"https:\/\/www.rassegnastampa-totustuus.it\/cattolica\/pensare-lamore\/\">Continua a leggere<\/a><\/p>\n","protected":false},"author":6,"featured_media":27813,"comment_status":"closed","ping_status":"open","sticky":false,"template":"","format":"standard","meta":{"footnotes":""},"categories":[23],"tags":[234],"class_list":["post-5060","post","type-post","status-publish","format-standard","has-post-thumbnail","hentry","category-scuola-ed-educazione","tag-educazione","item-wrap"],"yoast_head":"<!-- This site is optimized with the Yoast SEO plugin v27.5 - https:\/\/yoast.com\/product\/yoast-seo-wordpress\/ -->\n<title>Pensare l\u2019amore - Rassegna Stampa Cattolica<\/title>\n<meta name=\"description\" content=\"Rassegna Stampa Cattolica - Per una cultura che nasce dalla Rivelazione cristiana in conformit\u00e0 alla tradizione e al Magistero della Chiesa in opposizione ad ogni relativismo e totalitarismo\" \/>\n<meta name=\"robots\" content=\"index, follow, max-snippet:-1, max-image-preview:large, max-video-preview:-1\" \/>\n<link rel=\"canonical\" href=\"https:\/\/www.rassegnastampa-totustuus.it\/cattolica\/pensare-lamore\/\" \/>\n<meta property=\"og:locale\" content=\"it_IT\" \/>\n<meta property=\"og:type\" content=\"article\" \/>\n<meta property=\"og:title\" content=\"Pensare l\u2019amore - Rassegna Stampa Cattolica\" \/>\n<meta property=\"og:description\" content=\"Rassegna Stampa Cattolica - Per una cultura che nasce dalla Rivelazione cristiana in conformit\u00e0 alla tradizione e al Magistero della Chiesa in opposizione ad ogni relativismo e totalitarismo\" \/>\n<meta property=\"og:url\" content=\"https:\/\/www.rassegnastampa-totustuus.it\/cattolica\/pensare-lamore\/\" \/>\n<meta property=\"og:site_name\" content=\"Rassegna Stampa Cattolica\" \/>\n<meta property=\"article:publisher\" content=\"https:\/\/www.facebook.com\/rassegnastampacattolica\" \/>\n<meta property=\"article:published_time\" content=\"2012-05-09T22:00:00+00:00\" \/>\n<meta property=\"article:modified_time\" content=\"2015-11-17T15:53:06+00:00\" \/>\n<meta property=\"og:image\" content=\"https:\/\/www.rassegnastampa-totustuus.it\/cattolica\/wp-content\/uploads\/2012\/05\/padre-e-figlio.jpg\" \/>\n\t<meta property=\"og:image:width\" content=\"270\" \/>\n\t<meta property=\"og:image:height\" content=\"187\" \/>\n\t<meta property=\"og:image:type\" content=\"image\/jpeg\" \/>\n<meta name=\"author\" content=\"Redazione\" \/>\n<meta name=\"twitter:card\" content=\"summary_large_image\" \/>\n<meta name=\"twitter:creator\" content=\"@rassegnastampa9\" \/>\n<meta name=\"twitter:site\" content=\"@rassegnastampa9\" \/>\n<meta name=\"twitter:label1\" content=\"Scritto da\" \/>\n\t<meta name=\"twitter:data1\" content=\"Redazione\" \/>\n\t<meta name=\"twitter:label2\" content=\"Tempo di lettura stimato\" \/>\n\t<meta name=\"twitter:data2\" content=\"4 minuti\" \/>\n<script type=\"application\/ld+json\" class=\"yoast-schema-graph\">{\"@context\":\"https:\\\/\\\/schema.org\",\"@graph\":[{\"@type\":\"Article\",\"@id\":\"https:\\\/\\\/www.rassegnastampa-totustuus.it\\\/cattolica\\\/pensare-lamore\\\/#article\",\"isPartOf\":{\"@id\":\"https:\\\/\\\/www.rassegnastampa-totustuus.it\\\/cattolica\\\/pensare-lamore\\\/\"},\"author\":{\"name\":\"Redazione\",\"@id\":\"https:\\\/\\\/www.rassegnastampa-totustuus.it\\\/cattolica\\\/#\\\/schema\\\/person\\\/08f319d2bd1a0904ad9e2bfb7b15e5c3\"},\"headline\":\"Pensare l\u2019amore\",\"datePublished\":\"2012-05-09T22:00:00+00:00\",\"dateModified\":\"2015-11-17T15:53:06+00:00\",\"mainEntityOfPage\":{\"@id\":\"https:\\\/\\\/www.rassegnastampa-totustuus.it\\\/cattolica\\\/pensare-lamore\\\/\"},\"wordCount\":843,\"publisher\":{\"@id\":\"https:\\\/\\\/www.rassegnastampa-totustuus.it\\\/cattolica\\\/#organization\"},\"image\":{\"@id\":\"https:\\\/\\\/www.rassegnastampa-totustuus.it\\\/cattolica\\\/pensare-lamore\\\/#primaryimage\"},\"thumbnailUrl\":\"https:\\\/\\\/www.rassegnastampa-totustuus.it\\\/cattolica\\\/wp-content\\\/uploads\\\/2012\\\/05\\\/padre-e-figlio.jpg\",\"keywords\":[\"educazione\"],\"articleSection\":[\"Scuola ed educazione\"],\"inLanguage\":\"it-IT\"},{\"@type\":\"WebPage\",\"@id\":\"https:\\\/\\\/www.rassegnastampa-totustuus.it\\\/cattolica\\\/pensare-lamore\\\/\",\"url\":\"https:\\\/\\\/www.rassegnastampa-totustuus.it\\\/cattolica\\\/pensare-lamore\\\/\",\"name\":\"Pensare l\u2019amore - Rassegna Stampa Cattolica\",\"isPartOf\":{\"@id\":\"https:\\\/\\\/www.rassegnastampa-totustuus.it\\\/cattolica\\\/#website\"},\"primaryImageOfPage\":{\"@id\":\"https:\\\/\\\/www.rassegnastampa-totustuus.it\\\/cattolica\\\/pensare-lamore\\\/#primaryimage\"},\"image\":{\"@id\":\"https:\\\/\\\/www.rassegnastampa-totustuus.it\\\/cattolica\\\/pensare-lamore\\\/#primaryimage\"},\"thumbnailUrl\":\"https:\\\/\\\/www.rassegnastampa-totustuus.it\\\/cattolica\\\/wp-content\\\/uploads\\\/2012\\\/05\\\/padre-e-figlio.jpg\",\"datePublished\":\"2012-05-09T22:00:00+00:00\",\"dateModified\":\"2015-11-17T15:53:06+00:00\",\"description\":\"Rassegna Stampa Cattolica - Per una cultura che nasce dalla Rivelazione cristiana in conformit\u00e0 alla tradizione e al Magistero della Chiesa in opposizione ad ogni relativismo e totalitarismo\",\"breadcrumb\":{\"@id\":\"https:\\\/\\\/www.rassegnastampa-totustuus.it\\\/cattolica\\\/pensare-lamore\\\/#breadcrumb\"},\"inLanguage\":\"it-IT\",\"potentialAction\":[{\"@type\":\"ReadAction\",\"target\":[\"https:\\\/\\\/www.rassegnastampa-totustuus.it\\\/cattolica\\\/pensare-lamore\\\/\"]}]},{\"@type\":\"ImageObject\",\"inLanguage\":\"it-IT\",\"@id\":\"https:\\\/\\\/www.rassegnastampa-totustuus.it\\\/cattolica\\\/pensare-lamore\\\/#primaryimage\",\"url\":\"https:\\\/\\\/www.rassegnastampa-totustuus.it\\\/cattolica\\\/wp-content\\\/uploads\\\/2012\\\/05\\\/padre-e-figlio.jpg\",\"contentUrl\":\"https:\\\/\\\/www.rassegnastampa-totustuus.it\\\/cattolica\\\/wp-content\\\/uploads\\\/2012\\\/05\\\/padre-e-figlio.jpg\",\"width\":270,\"height\":187},{\"@type\":\"BreadcrumbList\",\"@id\":\"https:\\\/\\\/www.rassegnastampa-totustuus.it\\\/cattolica\\\/pensare-lamore\\\/#breadcrumb\",\"itemListElement\":[{\"@type\":\"ListItem\",\"position\":1,\"name\":\"Home\",\"item\":\"https:\\\/\\\/www.rassegnastampa-totustuus.it\\\/cattolica\\\/\"},{\"@type\":\"ListItem\",\"position\":2,\"name\":\"Pensare l\u2019amore\"}]},{\"@type\":\"WebSite\",\"@id\":\"https:\\\/\\\/www.rassegnastampa-totustuus.it\\\/cattolica\\\/#website\",\"url\":\"https:\\\/\\\/www.rassegnastampa-totustuus.it\\\/cattolica\\\/\",\"name\":\"Rassegna Stampa Cattolica\",\"description\":\"Per una cultura che nasce dalla Rivelazione cristiana in conformit\u00e0 alla tradizione e al Magistero della Chiesa in opposizione ad ogni relativismo e totalitarismo\",\"publisher\":{\"@id\":\"https:\\\/\\\/www.rassegnastampa-totustuus.it\\\/cattolica\\\/#organization\"},\"alternateName\":\"Rass. Cattolica\",\"potentialAction\":[{\"@type\":\"SearchAction\",\"target\":{\"@type\":\"EntryPoint\",\"urlTemplate\":\"https:\\\/\\\/www.rassegnastampa-totustuus.it\\\/cattolica\\\/?s={search_term_string}\"},\"query-input\":{\"@type\":\"PropertyValueSpecification\",\"valueRequired\":true,\"valueName\":\"search_term_string\"}}],\"inLanguage\":\"it-IT\"},{\"@type\":\"Organization\",\"@id\":\"https:\\\/\\\/www.rassegnastampa-totustuus.it\\\/cattolica\\\/#organization\",\"name\":\"Rassegna Stampa Cattolica\",\"url\":\"https:\\\/\\\/www.rassegnastampa-totustuus.it\\\/cattolica\\\/\",\"logo\":{\"@type\":\"ImageObject\",\"inLanguage\":\"it-IT\",\"@id\":\"https:\\\/\\\/www.rassegnastampa-totustuus.it\\\/cattolica\\\/#\\\/schema\\\/logo\\\/image\\\/\",\"url\":\"https:\\\/\\\/www.rassegnastampa-totustuus.it\\\/cattolica\\\/wp-content\\\/uploads\\\/2014\\\/04\\\/logo-rassegna1.gif\",\"contentUrl\":\"https:\\\/\\\/www.rassegnastampa-totustuus.it\\\/cattolica\\\/wp-content\\\/uploads\\\/2014\\\/04\\\/logo-rassegna1.gif\",\"width\":600,\"height\":163,\"caption\":\"Rassegna Stampa Cattolica\"},\"image\":{\"@id\":\"https:\\\/\\\/www.rassegnastampa-totustuus.it\\\/cattolica\\\/#\\\/schema\\\/logo\\\/image\\\/\"},\"sameAs\":[\"https:\\\/\\\/www.facebook.com\\\/rassegnastampacattolica\",\"https:\\\/\\\/x.com\\\/rassegnastampa9\"]},{\"@type\":\"Person\",\"@id\":\"https:\\\/\\\/www.rassegnastampa-totustuus.it\\\/cattolica\\\/#\\\/schema\\\/person\\\/08f319d2bd1a0904ad9e2bfb7b15e5c3\",\"name\":\"Redazione\",\"image\":{\"@type\":\"ImageObject\",\"inLanguage\":\"it-IT\",\"@id\":\"https:\\\/\\\/secure.gravatar.com\\\/avatar\\\/2fcdf27c78ea025fbdb44e914cc63c72249ffec9dc8aafd5c82b26240ef3f346?s=96&d=mm&r=g\",\"url\":\"https:\\\/\\\/secure.gravatar.com\\\/avatar\\\/2fcdf27c78ea025fbdb44e914cc63c72249ffec9dc8aafd5c82b26240ef3f346?s=96&d=mm&r=g\",\"contentUrl\":\"https:\\\/\\\/secure.gravatar.com\\\/avatar\\\/2fcdf27c78ea025fbdb44e914cc63c72249ffec9dc8aafd5c82b26240ef3f346?s=96&d=mm&r=g\",\"caption\":\"Redazione\"},\"url\":\"https:\\\/\\\/www.rassegnastampa-totustuus.it\\\/cattolica\\\/author\\\/pietroelle\\\/\"}]}<\/script>\n<!-- \/ Yoast SEO plugin. -->","yoast_head_json":{"title":"Pensare l\u2019amore - Rassegna Stampa Cattolica","description":"Rassegna Stampa Cattolica - Per una cultura che nasce dalla Rivelazione cristiana in conformit\u00e0 alla tradizione e al Magistero della Chiesa in opposizione ad ogni relativismo e totalitarismo","robots":{"index":"index","follow":"follow","max-snippet":"max-snippet:-1","max-image-preview":"max-image-preview:large","max-video-preview":"max-video-preview:-1"},"canonical":"https:\/\/www.rassegnastampa-totustuus.it\/cattolica\/pensare-lamore\/","og_locale":"it_IT","og_type":"article","og_title":"Pensare l\u2019amore - Rassegna Stampa Cattolica","og_description":"Rassegna Stampa Cattolica - Per una cultura che nasce dalla Rivelazione cristiana in conformit\u00e0 alla tradizione e al Magistero della Chiesa in opposizione ad ogni relativismo e totalitarismo","og_url":"https:\/\/www.rassegnastampa-totustuus.it\/cattolica\/pensare-lamore\/","og_site_name":"Rassegna Stampa Cattolica","article_publisher":"https:\/\/www.facebook.com\/rassegnastampacattolica","article_published_time":"2012-05-09T22:00:00+00:00","article_modified_time":"2015-11-17T15:53:06+00:00","og_image":[{"width":270,"height":187,"url":"https:\/\/www.rassegnastampa-totustuus.it\/cattolica\/wp-content\/uploads\/2012\/05\/padre-e-figlio.jpg","type":"image\/jpeg"}],"author":"Redazione","twitter_card":"summary_large_image","twitter_creator":"@rassegnastampa9","twitter_site":"@rassegnastampa9","twitter_misc":{"Scritto da":"Redazione","Tempo di lettura stimato":"4 minuti"},"schema":{"@context":"https:\/\/schema.org","@graph":[{"@type":"Article","@id":"https:\/\/www.rassegnastampa-totustuus.it\/cattolica\/pensare-lamore\/#article","isPartOf":{"@id":"https:\/\/www.rassegnastampa-totustuus.it\/cattolica\/pensare-lamore\/"},"author":{"name":"Redazione","@id":"https:\/\/www.rassegnastampa-totustuus.it\/cattolica\/#\/schema\/person\/08f319d2bd1a0904ad9e2bfb7b15e5c3"},"headline":"Pensare l\u2019amore","datePublished":"2012-05-09T22:00:00+00:00","dateModified":"2015-11-17T15:53:06+00:00","mainEntityOfPage":{"@id":"https:\/\/www.rassegnastampa-totustuus.it\/cattolica\/pensare-lamore\/"},"wordCount":843,"publisher":{"@id":"https:\/\/www.rassegnastampa-totustuus.it\/cattolica\/#organization"},"image":{"@id":"https:\/\/www.rassegnastampa-totustuus.it\/cattolica\/pensare-lamore\/#primaryimage"},"thumbnailUrl":"https:\/\/www.rassegnastampa-totustuus.it\/cattolica\/wp-content\/uploads\/2012\/05\/padre-e-figlio.jpg","keywords":["educazione"],"articleSection":["Scuola ed educazione"],"inLanguage":"it-IT"},{"@type":"WebPage","@id":"https:\/\/www.rassegnastampa-totustuus.it\/cattolica\/pensare-lamore\/","url":"https:\/\/www.rassegnastampa-totustuus.it\/cattolica\/pensare-lamore\/","name":"Pensare l\u2019amore - Rassegna Stampa Cattolica","isPartOf":{"@id":"https:\/\/www.rassegnastampa-totustuus.it\/cattolica\/#website"},"primaryImageOfPage":{"@id":"https:\/\/www.rassegnastampa-totustuus.it\/cattolica\/pensare-lamore\/#primaryimage"},"image":{"@id":"https:\/\/www.rassegnastampa-totustuus.it\/cattolica\/pensare-lamore\/#primaryimage"},"thumbnailUrl":"https:\/\/www.rassegnastampa-totustuus.it\/cattolica\/wp-content\/uploads\/2012\/05\/padre-e-figlio.jpg","datePublished":"2012-05-09T22:00:00+00:00","dateModified":"2015-11-17T15:53:06+00:00","description":"Rassegna Stampa Cattolica - Per una cultura che nasce dalla Rivelazione cristiana in conformit\u00e0 alla tradizione e al Magistero della Chiesa in opposizione ad ogni relativismo e totalitarismo","breadcrumb":{"@id":"https:\/\/www.rassegnastampa-totustuus.it\/cattolica\/pensare-lamore\/#breadcrumb"},"inLanguage":"it-IT","potentialAction":[{"@type":"ReadAction","target":["https:\/\/www.rassegnastampa-totustuus.it\/cattolica\/pensare-lamore\/"]}]},{"@type":"ImageObject","inLanguage":"it-IT","@id":"https:\/\/www.rassegnastampa-totustuus.it\/cattolica\/pensare-lamore\/#primaryimage","url":"https:\/\/www.rassegnastampa-totustuus.it\/cattolica\/wp-content\/uploads\/2012\/05\/padre-e-figlio.jpg","contentUrl":"https:\/\/www.rassegnastampa-totustuus.it\/cattolica\/wp-content\/uploads\/2012\/05\/padre-e-figlio.jpg","width":270,"height":187},{"@type":"BreadcrumbList","@id":"https:\/\/www.rassegnastampa-totustuus.it\/cattolica\/pensare-lamore\/#breadcrumb","itemListElement":[{"@type":"ListItem","position":1,"name":"Home","item":"https:\/\/www.rassegnastampa-totustuus.it\/cattolica\/"},{"@type":"ListItem","position":2,"name":"Pensare l\u2019amore"}]},{"@type":"WebSite","@id":"https:\/\/www.rassegnastampa-totustuus.it\/cattolica\/#website","url":"https:\/\/www.rassegnastampa-totustuus.it\/cattolica\/","name":"Rassegna Stampa Cattolica","description":"Per una cultura che nasce dalla Rivelazione cristiana in conformit\u00e0 alla tradizione e al Magistero della Chiesa in opposizione ad ogni relativismo e totalitarismo","publisher":{"@id":"https:\/\/www.rassegnastampa-totustuus.it\/cattolica\/#organization"},"alternateName":"Rass. Cattolica","potentialAction":[{"@type":"SearchAction","target":{"@type":"EntryPoint","urlTemplate":"https:\/\/www.rassegnastampa-totustuus.it\/cattolica\/?s={search_term_string}"},"query-input":{"@type":"PropertyValueSpecification","valueRequired":true,"valueName":"search_term_string"}}],"inLanguage":"it-IT"},{"@type":"Organization","@id":"https:\/\/www.rassegnastampa-totustuus.it\/cattolica\/#organization","name":"Rassegna Stampa Cattolica","url":"https:\/\/www.rassegnastampa-totustuus.it\/cattolica\/","logo":{"@type":"ImageObject","inLanguage":"it-IT","@id":"https:\/\/www.rassegnastampa-totustuus.it\/cattolica\/#\/schema\/logo\/image\/","url":"https:\/\/www.rassegnastampa-totustuus.it\/cattolica\/wp-content\/uploads\/2014\/04\/logo-rassegna1.gif","contentUrl":"https:\/\/www.rassegnastampa-totustuus.it\/cattolica\/wp-content\/uploads\/2014\/04\/logo-rassegna1.gif","width":600,"height":163,"caption":"Rassegna Stampa Cattolica"},"image":{"@id":"https:\/\/www.rassegnastampa-totustuus.it\/cattolica\/#\/schema\/logo\/image\/"},"sameAs":["https:\/\/www.facebook.com\/rassegnastampacattolica","https:\/\/x.com\/rassegnastampa9"]},{"@type":"Person","@id":"https:\/\/www.rassegnastampa-totustuus.it\/cattolica\/#\/schema\/person\/08f319d2bd1a0904ad9e2bfb7b15e5c3","name":"Redazione","image":{"@type":"ImageObject","inLanguage":"it-IT","@id":"https:\/\/secure.gravatar.com\/avatar\/2fcdf27c78ea025fbdb44e914cc63c72249ffec9dc8aafd5c82b26240ef3f346?s=96&d=mm&r=g","url":"https:\/\/secure.gravatar.com\/avatar\/2fcdf27c78ea025fbdb44e914cc63c72249ffec9dc8aafd5c82b26240ef3f346?s=96&d=mm&r=g","contentUrl":"https:\/\/secure.gravatar.com\/avatar\/2fcdf27c78ea025fbdb44e914cc63c72249ffec9dc8aafd5c82b26240ef3f346?s=96&d=mm&r=g","caption":"Redazione"},"url":"https:\/\/www.rassegnastampa-totustuus.it\/cattolica\/author\/pietroelle\/"}]}},"_links":{"self":[{"href":"https:\/\/www.rassegnastampa-totustuus.it\/cattolica\/wp-json\/wp\/v2\/posts\/5060","targetHints":{"allow":["GET"]}}],"collection":[{"href":"https:\/\/www.rassegnastampa-totustuus.it\/cattolica\/wp-json\/wp\/v2\/posts"}],"about":[{"href":"https:\/\/www.rassegnastampa-totustuus.it\/cattolica\/wp-json\/wp\/v2\/types\/post"}],"author":[{"embeddable":true,"href":"https:\/\/www.rassegnastampa-totustuus.it\/cattolica\/wp-json\/wp\/v2\/users\/6"}],"replies":[{"embeddable":true,"href":"https:\/\/www.rassegnastampa-totustuus.it\/cattolica\/wp-json\/wp\/v2\/comments?post=5060"}],"version-history":[{"count":4,"href":"https:\/\/www.rassegnastampa-totustuus.it\/cattolica\/wp-json\/wp\/v2\/posts\/5060\/revisions"}],"predecessor-version":[{"id":27814,"href":"https:\/\/www.rassegnastampa-totustuus.it\/cattolica\/wp-json\/wp\/v2\/posts\/5060\/revisions\/27814"}],"wp:featuredmedia":[{"embeddable":true,"href":"https:\/\/www.rassegnastampa-totustuus.it\/cattolica\/wp-json\/wp\/v2\/media\/27813"}],"wp:attachment":[{"href":"https:\/\/www.rassegnastampa-totustuus.it\/cattolica\/wp-json\/wp\/v2\/media?parent=5060"}],"wp:term":[{"taxonomy":"category","embeddable":true,"href":"https:\/\/www.rassegnastampa-totustuus.it\/cattolica\/wp-json\/wp\/v2\/categories?post=5060"},{"taxonomy":"post_tag","embeddable":true,"href":"https:\/\/www.rassegnastampa-totustuus.it\/cattolica\/wp-json\/wp\/v2\/tags?post=5060"}],"curies":[{"name":"wp","href":"https:\/\/api.w.org\/{rel}","templated":true}]}}