{"id":50597,"date":"2021-04-15T00:00:54","date_gmt":"2021-04-14T22:00:54","guid":{"rendered":"http:\/\/www.rassegnastampa-totustuus.it\/cattolica\/?p=50597"},"modified":"2025-07-29T16:11:18","modified_gmt":"2025-07-29T14:11:18","slug":"saltato-lequilibrio-tra-contribuenti-e-consumatori-di-tasse-litalia-rischia-di-affondare","status":"publish","type":"post","link":"https:\/\/www.rassegnastampa-totustuus.it\/cattolica\/saltato-lequilibrio-tra-contribuenti-e-consumatori-di-tasse-litalia-rischia-di-affondare\/","title":{"rendered":"Saltato l\u2019equilibrio tra contribuenti e \u201cconsumatori di tasse\u201d, l\u2019Italia rischia di affondare"},"content":{"rendered":"\n<p class=\"has-text-align-center\"><span style=\"color: #000000;\"><a href=\"https:\/\/www.nicolaporro.it\/atlanticoquotidiano\/\" target=\"_blank\" rel=\"noreferrer noopener\"><strong>Atlantico quotidiano<\/strong> <\/a>14 Aprile 2021 <\/span><\/p>\n\n\n\n<p class=\"has-text-align-center\"><span style=\"color: #000000;\"><strong>&nbsp;<\/strong>di <strong>Marco Faraci<\/strong><\/span><\/p>\n\n\n\n<p><span style=\"color: #000000;\">Ogni paese sviluppato \u00e8 costantemente alle prese con il problema del bilanciamento della sua spesa pubblica, tendenzialmente crescente, con la capacit\u00e0 dei suoi contribuenti di sostenerla. L\u2019Italia \u00e8 da sempre, da questo punto di vista, uno dei paesi messi peggio in assoluto, essendo altissimo da noi il peso della spesa statale rispetto al Pil. <\/span><\/p>\n\n\n<div class=\"wp-block-image\">\n<figure class=\"aligncenter size-full is-resized\"><a href=\"https:\/\/www.rassegnastampa-totustuus.it\/cattolica\/wp-content\/uploads\/2014\/03\/tasse_fisco.jpg\"><img loading=\"lazy\" decoding=\"async\" width=\"310\" height=\"162\" src=\"https:\/\/www.rassegnastampa-totustuus.it\/cattolica\/wp-content\/uploads\/2014\/03\/tasse_fisco.jpg\" alt=\"\" class=\"wp-image-44501\" style=\"width:446px;height:auto\" srcset=\"https:\/\/www.rassegnastampa-totustuus.it\/cattolica\/wp-content\/uploads\/2014\/03\/tasse_fisco.jpg 310w, https:\/\/www.rassegnastampa-totustuus.it\/cattolica\/wp-content\/uploads\/2014\/03\/tasse_fisco-300x157.jpg 300w\" sizes=\"auto, (max-width: 310px) 100vw, 310px\" \/><\/a><\/figure><\/div>\n\n\n<!--more-->\n\n\n\n<p><span style=\"color: #000000;\">Le ragioni del declino dello Stivale sono tante, ma la principale \u00e8 legata alla dinamica demografica tra <em>tax producers \u2013 <\/em>i \u201cproduttori di tasse\u201d, cio\u00e8 i contribuenti \u2013 e i&nbsp;<em>tax consumers \u2013 <\/em>i consumatori di tasse, cio\u00e8 chi vive di spesa pubblica. Le dinamiche di spesa del pubblico impiego, della ridistribuzione territoriale e del sistema pensionistico negli anni hanno fatto s\u00ec che sempre pi\u00f9 persone vivessero di tasse e sempre meno persone fossero messe nelle condizioni di generarle. <\/span><\/p>\n\n\n<div class=\"wp-block-image\">\n<figure class=\"aligncenter is-resized\"><a href=\"https:\/\/www.rassegnastampa-totustuus.it\/cattolica\/wp-content\/uploads\/2014\/03\/tasse.jpg\"><img loading=\"lazy\" decoding=\"async\" width=\"232\" height=\"217\" src=\"https:\/\/www.rassegnastampa-totustuus.it\/cattolica\/wp-content\/uploads\/2014\/03\/tasse.jpg\" alt=\"\" class=\"wp-image-6876\" style=\"width:302px;height:auto\"\/><\/a><\/figure><\/div>\n\n\n<p><span style=\"color: #000000;\">Una volta che si entra in questo tipo di percorso, \u00e8 molto difficile invertire la rotta ed \u00e8 molto pi\u00f9 facile invece continuare ad accentuarlo, perch\u00e9 il peso fiscale diviene tale da diminuire la praticabilit\u00e0 e l\u2019appetibilit\u00e0 dell\u2019attivit\u00e0 \u201cnel mercato\u201d \u2013 e simmetricamente rende sempre pi\u00f9 conveniente essersi posizionati dalla parte del posto fisso e della rendita assistenziale. <\/span><\/p>\n\n\n\n<p><span style=\"color: #000000;\">Il <em>Covid<\/em> \u00e8 entrato prepotentemente in questa dinamica da tempo avviata, colpendo selettivamente l\u2019Italia che lavora nel mercato, fermando o riducendo ai minimi termini moltissime attivit\u00e0 economiche private. Questo ha non solo colpito in modo diretto il reddito di tantissime persone, ma evidentemente ha anche ridotto considerevolmente la base fiscale del Paese. <\/span><\/p>\n\n\n\n<p><span style=\"color: #000000;\">Al tempo stesso tutti coloro che sono stipendiati dal settore pubblico hanno mantenuto in pieno il loro salario e nessun costo dello Stato si \u00e8 ridotto a fronte delle minori entrate fiscali; anzi, lo Stato si \u00e8 messo addirittura a spendere di pi\u00f9 \u201cper gestire l\u2019emergenza\u201d. Si \u00e8 quindi creato un drammatico squilibrio tra entrate e uscite delle casse pubbliche. <\/span><\/p>\n\n\n<div class=\"wp-block-image\">\n<figure class=\"aligncenter is-resized\"><a href=\"https:\/\/www.rassegnastampa-totustuus.it\/cattolica\/wp-content\/uploads\/2020\/10\/virus.jpg\"><img loading=\"lazy\" decoding=\"async\" width=\"299\" height=\"168\" src=\"https:\/\/www.rassegnastampa-totustuus.it\/cattolica\/wp-content\/uploads\/2020\/10\/virus.jpg\" alt=\"\" class=\"wp-image-48864\" style=\"width:481px;height:auto\"\/><\/a><\/figure><\/div>\n\n\n<p><span style=\"color: #000000;\">Di fronte a questa situazione, la politica ha continuato a professare la convinzione che all\u2019orizzonte ci sia una \u201cripresa a V\u201d, cio\u00e8 che la crisi del <em>Covid<\/em> resti circoscritta nel tempo e negli effetti e che quindi sia destinata ad essere recuperata pienamente \u2013 e che tutto quello che occorre sia semplicemente&nbsp;<em>\u201cpass\u00e0 \u2018a nuttata\u201d<\/em>&nbsp;attraverso l\u2019opportuno ricorso ad una fase di indebitamento. <\/span><\/p>\n\n\n\n<p><span style=\"color: #000000;\">In realt\u00e0, le molteplici previsioni secondo cui l\u2019Italia recupererebbe gli effetti della crisi a fine 2022, cio\u00e8 nel giro tutto sommato di poco tempo, appaiono purtroppo eccessivamente ottimistiche. Esse si basano sulla semplicistica concezione che le progressive riaperture corrispondano a riaccensioni di interrutori che sostanzialmente ripristinano lo <em>status quo ante<\/em>. <\/span><\/p>\n\n\n\n<p><span style=\"color: #000000;\">Ma la realt\u00e0 non funziona cos\u00ec: l\u2019orologio della storia non pu\u00f2 mai essere riportato indietro. I danni arrecati al tessuto economico, sociale e civile del Paese sono in gran parte per sempre. <\/span><\/p>\n\n\n<div class=\"wp-block-image\">\n<figure class=\"aligncenter is-resized\"><a href=\"https:\/\/www.rassegnastampa-totustuus.it\/cattolica\/wp-content\/uploads\/2021\/03\/lookdown_virus_citt\u00e0.jpg\"><img loading=\"lazy\" decoding=\"async\" width=\"275\" height=\"183\" src=\"https:\/\/www.rassegnastampa-totustuus.it\/cattolica\/wp-content\/uploads\/2021\/03\/lookdown_virus_citt\u00e0.jpg\" alt=\"\" class=\"wp-image-50343\" style=\"width:485px;height:auto\"\/><\/a><\/figure><\/div>\n\n\n<p><span style=\"color: #000000;\">Molte piccole e medie attivit\u00e0, stroncate da questi due anni di chiusure non riapriranno pi\u00f9, ma anche i settori non colpiti in maniera diretta dalle chiusure potrebbero vedere il loro giro d\u2019affari fortemente ridotto per l\u2019effetto della minore domanda di un Paese impoverito. <\/span><\/p>\n\n\n\n<p><span style=\"color: #000000;\">La crisi del <em>coronavirus<\/em> potrebbe anche aver portato dei cambiamenti permanenti alle abitudine degli utenti e dei consumatori, da un lato accelerando in modo particolare l\u2019obsolescenza di alcuni settori dell\u2019economia tradizionale (dai piccoli esercizi ai cinema), dall\u2019altro riducendo in termini generali l\u2019attitudine alla spesa, al movimento e al rischio. <\/span><\/p>\n\n\n\n<p><span style=\"color: #000000;\">Il nostro Paese appare, peraltro, meno attrezzato degli altri per poter innescare un recupero di pi\u00f9 alti livelli di attivit\u00e0 economica. Tra le varie cose, la rigidit\u00e0 del nostro mercato del lavoro \u2013 e il tentativo politico di \u201caccanimento terapeutico\u201d su molte attivit\u00e0 economiche non pi\u00f9 recuperabili \u2013 renderanno improbabile che la domanda e l\u2019offerta di lavoro possano incontrarsi nuovamente in maniera efficiente. <\/span><\/p>\n\n\n<div class=\"wp-block-image\">\n<figure class=\"aligncenter is-resized\"><a href=\"https:\/\/www.rassegnastampa-totustuus.it\/cattolica\/wp-content\/uploads\/2014\/03\/fisco.jpg\"><img loading=\"lazy\" decoding=\"async\" width=\"159\" height=\"159\" src=\"https:\/\/www.rassegnastampa-totustuus.it\/cattolica\/wp-content\/uploads\/2014\/03\/fisco.jpg\" alt=\"\" class=\"wp-image-6809\" style=\"width:243px;height:auto\" srcset=\"https:\/\/www.rassegnastampa-totustuus.it\/cattolica\/wp-content\/uploads\/2014\/03\/fisco.jpg 159w, https:\/\/www.rassegnastampa-totustuus.it\/cattolica\/wp-content\/uploads\/2014\/03\/fisco-150x150.jpg 150w\" sizes=\"auto, (max-width: 159px) 100vw, 159px\" \/><\/a><\/figure><\/div>\n\n\n<p><span style=\"color: #000000;\">Insomma, \u00e8 del tutto improbabile che, almeno in Italia, la crisi sia l\u2019occasione per una qualche palingenesi economica che porti a tagliare i rami secchi ed a concentrare le risorse verso attivit\u00e0 a pi\u00f9 alta produttivit\u00e0 e valore aggiunto. Alla fine, \u00e8 del tutto credibile che il Pil del nostro Paese possa consolidarsi a livelli strutturalmente inferiori anche di un 10-15 per cento rispetto ai livelli pre-crisi. <\/span><\/p>\n\n\n\n<p><span style=\"color: #000000;\">Evidentemente a ci\u00f2 corrisponderebbero introiti fiscali destinati ad assestarsi strutturalmente a livelli significativamente pi\u00f9 bassi di quelli che abbiamo conosciuto finora. La classe politica continua ad eludere questa fondamentale questione che pure si porr\u00e0 quanto prima in tutta la sua drammaticit\u00e0. Come intende finanziare l\u2019Italia una spesa pubblica che non solo non si \u00e8 ridotta proporzionalmente con la diminuzione delle entrate fiscali, ma si \u00e8 addirittura accresciuta? <\/span><\/p>\n\n\n<div class=\"wp-block-image\">\n<figure class=\"aligncenter is-resized\"><a href=\"https:\/\/www.rassegnastampa-totustuus.it\/cattolica\/wp-content\/uploads\/2010\/03\/fisco.jpg\"><img loading=\"lazy\" decoding=\"async\" width=\"266\" height=\"190\" src=\"https:\/\/www.rassegnastampa-totustuus.it\/cattolica\/wp-content\/uploads\/2010\/03\/fisco.jpg\" alt=\"\" class=\"wp-image-20601\" style=\"width:462px;height:auto\"\/><\/a><\/figure><\/div>\n\n\n<p><span style=\"color: #000000;\">Davvero uno dei paesi con il debito pubblico pi\u00f9 alto del mondo pensa di andare avanti registrando, nei prossimi anni, un 15-20 per cento annuo di deficit rispetto al Pil? Davvero l\u2019Italia pu\u00f2 continuare a pretendere di sostenere una spesa pubblica di livelli svedesi o danesi con un Pil che potrebbe realisticamente attestarsi su livelli portoghesi o estoni? <\/span><\/p>\n\n\n\n<p><span style=\"color: #000000;\">Si dovrebbe cominciare a riflettere su una strategia di drastico contenimento e razionalizzazione della spesa pubblica, per riportarla a livelli che siano nuovamente sostenibili. <\/span><\/p>\n\n\n\n<p><span style=\"color: #000000;\">E invece d\u00e0 bene l\u2019idea del degrado del nostro quadro politico-culturale il fatto che si continui a veicolare l\u2019impressione che questo sia per lo Stato addirittura un momento di \u201cvacche grasse\u201d \u2013 con il <em>Recovery Fund<\/em> a rappresentare un insperato tesoretto con cui poter fare ulteriore spesa pubblica ideologica, clientelare ed assistenziale. Non c\u2019\u00e8 che dire. Il risveglio sar\u00e0 brusco.<\/span><\/p>\n","protected":false},"excerpt":{"rendered":"<p>Atlantico quotidiano 14 Aprile 2021 &nbsp;di Marco Faraci Ogni paese sviluppato \u00e8 costantemente alle prese con il problema del bilanciamento della sua spesa pubblica, tendenzialmente crescente, con la capacit\u00e0 dei suoi contribuenti di sostenerla. L\u2019Italia \u00e8 da sempre, da questo punto di vista, uno dei paesi messi peggio in assoluto, essendo altissimo da noi il &hellip; <\/p>\n<p><a class=\"more-link btn\" href=\"https:\/\/www.rassegnastampa-totustuus.it\/cattolica\/saltato-lequilibrio-tra-contribuenti-e-consumatori-di-tasse-litalia-rischia-di-affondare\/\">Continua a leggere<\/a><\/p>\n","protected":false},"author":6,"featured_media":50598,"comment_status":"closed","ping_status":"closed","sticky":false,"template":"","format":"standard","meta":{"footnotes":""},"categories":[58,20],"tags":[1251,177],"class_list":["post-50597","post","type-post","status-publish","format-standard","has-post-thumbnail","hentry","category-fisco","category-politica-nazionale","tag-italia","tag-tasse","item-wrap"],"yoast_head":"<!-- This site is optimized with the Yoast SEO plugin v27.5 - https:\/\/yoast.com\/product\/yoast-seo-wordpress\/ -->\n<title>Saltato l\u2019equilibrio tra contribuenti e \u201cconsumatori di tasse\u201d, l\u2019Italia rischia di affondare - Rassegna Stampa Cattolica<\/title>\n<meta name=\"description\" content=\"Saltato l\u2019equilibrio tra contribuenti e \u201cconsumatori di tasse\u201d, l\u2019Italia rischia di affondare essendo altissimo il peso della spesa statale\" \/>\n<meta name=\"robots\" content=\"index, follow, max-snippet:-1, max-image-preview:large, max-video-preview:-1\" \/>\n<link rel=\"canonical\" href=\"https:\/\/www.rassegnastampa-totustuus.it\/cattolica\/saltato-lequilibrio-tra-contribuenti-e-consumatori-di-tasse-litalia-rischia-di-affondare\/\" \/>\n<meta property=\"og:locale\" content=\"it_IT\" \/>\n<meta property=\"og:type\" content=\"article\" \/>\n<meta property=\"og:title\" content=\"Saltato l\u2019equilibrio tra contribuenti e \u201cconsumatori di tasse\u201d, l\u2019Italia rischia di affondare - Rassegna Stampa Cattolica\" \/>\n<meta property=\"og:description\" content=\"Saltato l\u2019equilibrio tra contribuenti e \u201cconsumatori di tasse\u201d, l\u2019Italia rischia di affondare essendo altissimo il peso della spesa statale\" \/>\n<meta property=\"og:url\" content=\"https:\/\/www.rassegnastampa-totustuus.it\/cattolica\/saltato-lequilibrio-tra-contribuenti-e-consumatori-di-tasse-litalia-rischia-di-affondare\/\" \/>\n<meta property=\"og:site_name\" content=\"Rassegna Stampa Cattolica\" \/>\n<meta property=\"article:publisher\" content=\"https:\/\/www.facebook.com\/rassegnastampacattolica\" \/>\n<meta property=\"article:published_time\" content=\"2021-04-14T22:00:54+00:00\" \/>\n<meta property=\"article:modified_time\" content=\"2025-07-29T14:11:18+00:00\" \/>\n<meta property=\"og:image\" content=\"https:\/\/www.rassegnastampa-totustuus.it\/cattolica\/wp-content\/uploads\/2021\/04\/Italia_debito_pubblico_economia.png\" \/>\n\t<meta property=\"og:image:width\" content=\"1280\" \/>\n\t<meta property=\"og:image:height\" content=\"720\" \/>\n\t<meta property=\"og:image:type\" content=\"image\/png\" \/>\n<meta name=\"author\" content=\"Redazione\" \/>\n<meta name=\"twitter:card\" content=\"summary_large_image\" \/>\n<meta name=\"twitter:creator\" content=\"@rassegnastampa9\" \/>\n<meta name=\"twitter:site\" content=\"@rassegnastampa9\" \/>\n<meta name=\"twitter:label1\" content=\"Scritto da\" \/>\n\t<meta name=\"twitter:data1\" content=\"Redazione\" \/>\n\t<meta name=\"twitter:label2\" content=\"Tempo di lettura stimato\" \/>\n\t<meta name=\"twitter:data2\" content=\"7 minuti\" \/>\n<script type=\"application\/ld+json\" class=\"yoast-schema-graph\">{\"@context\":\"https:\\\/\\\/schema.org\",\"@graph\":[{\"@type\":\"Article\",\"@id\":\"https:\\\/\\\/www.rassegnastampa-totustuus.it\\\/cattolica\\\/saltato-lequilibrio-tra-contribuenti-e-consumatori-di-tasse-litalia-rischia-di-affondare\\\/#article\",\"isPartOf\":{\"@id\":\"https:\\\/\\\/www.rassegnastampa-totustuus.it\\\/cattolica\\\/saltato-lequilibrio-tra-contribuenti-e-consumatori-di-tasse-litalia-rischia-di-affondare\\\/\"},\"author\":{\"name\":\"Redazione\",\"@id\":\"https:\\\/\\\/www.rassegnastampa-totustuus.it\\\/cattolica\\\/#\\\/schema\\\/person\\\/08f319d2bd1a0904ad9e2bfb7b15e5c3\"},\"headline\":\"Saltato l\u2019equilibrio tra contribuenti e \u201cconsumatori di tasse\u201d, l\u2019Italia rischia di affondare\",\"datePublished\":\"2021-04-14T22:00:54+00:00\",\"dateModified\":\"2025-07-29T14:11:18+00:00\",\"mainEntityOfPage\":{\"@id\":\"https:\\\/\\\/www.rassegnastampa-totustuus.it\\\/cattolica\\\/saltato-lequilibrio-tra-contribuenti-e-consumatori-di-tasse-litalia-rischia-di-affondare\\\/\"},\"wordCount\":902,\"publisher\":{\"@id\":\"https:\\\/\\\/www.rassegnastampa-totustuus.it\\\/cattolica\\\/#organization\"},\"image\":{\"@id\":\"https:\\\/\\\/www.rassegnastampa-totustuus.it\\\/cattolica\\\/saltato-lequilibrio-tra-contribuenti-e-consumatori-di-tasse-litalia-rischia-di-affondare\\\/#primaryimage\"},\"thumbnailUrl\":\"https:\\\/\\\/www.rassegnastampa-totustuus.it\\\/cattolica\\\/wp-content\\\/uploads\\\/2021\\\/04\\\/Italia_debito_pubblico_economia.png\",\"keywords\":[\"Italia\",\"tasse\"],\"articleSection\":[\"Fisco\",\"Politica nazionale\"],\"inLanguage\":\"it-IT\"},{\"@type\":\"WebPage\",\"@id\":\"https:\\\/\\\/www.rassegnastampa-totustuus.it\\\/cattolica\\\/saltato-lequilibrio-tra-contribuenti-e-consumatori-di-tasse-litalia-rischia-di-affondare\\\/\",\"url\":\"https:\\\/\\\/www.rassegnastampa-totustuus.it\\\/cattolica\\\/saltato-lequilibrio-tra-contribuenti-e-consumatori-di-tasse-litalia-rischia-di-affondare\\\/\",\"name\":\"Saltato l\u2019equilibrio tra contribuenti e \u201cconsumatori di tasse\u201d, l\u2019Italia rischia di affondare - Rassegna Stampa Cattolica\",\"isPartOf\":{\"@id\":\"https:\\\/\\\/www.rassegnastampa-totustuus.it\\\/cattolica\\\/#website\"},\"primaryImageOfPage\":{\"@id\":\"https:\\\/\\\/www.rassegnastampa-totustuus.it\\\/cattolica\\\/saltato-lequilibrio-tra-contribuenti-e-consumatori-di-tasse-litalia-rischia-di-affondare\\\/#primaryimage\"},\"image\":{\"@id\":\"https:\\\/\\\/www.rassegnastampa-totustuus.it\\\/cattolica\\\/saltato-lequilibrio-tra-contribuenti-e-consumatori-di-tasse-litalia-rischia-di-affondare\\\/#primaryimage\"},\"thumbnailUrl\":\"https:\\\/\\\/www.rassegnastampa-totustuus.it\\\/cattolica\\\/wp-content\\\/uploads\\\/2021\\\/04\\\/Italia_debito_pubblico_economia.png\",\"datePublished\":\"2021-04-14T22:00:54+00:00\",\"dateModified\":\"2025-07-29T14:11:18+00:00\",\"description\":\"Saltato l\u2019equilibrio tra contribuenti e \u201cconsumatori di tasse\u201d, l\u2019Italia rischia di affondare essendo altissimo il peso della spesa statale\",\"breadcrumb\":{\"@id\":\"https:\\\/\\\/www.rassegnastampa-totustuus.it\\\/cattolica\\\/saltato-lequilibrio-tra-contribuenti-e-consumatori-di-tasse-litalia-rischia-di-affondare\\\/#breadcrumb\"},\"inLanguage\":\"it-IT\",\"potentialAction\":[{\"@type\":\"ReadAction\",\"target\":[\"https:\\\/\\\/www.rassegnastampa-totustuus.it\\\/cattolica\\\/saltato-lequilibrio-tra-contribuenti-e-consumatori-di-tasse-litalia-rischia-di-affondare\\\/\"]}]},{\"@type\":\"ImageObject\",\"inLanguage\":\"it-IT\",\"@id\":\"https:\\\/\\\/www.rassegnastampa-totustuus.it\\\/cattolica\\\/saltato-lequilibrio-tra-contribuenti-e-consumatori-di-tasse-litalia-rischia-di-affondare\\\/#primaryimage\",\"url\":\"https:\\\/\\\/www.rassegnastampa-totustuus.it\\\/cattolica\\\/wp-content\\\/uploads\\\/2021\\\/04\\\/Italia_debito_pubblico_economia.png\",\"contentUrl\":\"https:\\\/\\\/www.rassegnastampa-totustuus.it\\\/cattolica\\\/wp-content\\\/uploads\\\/2021\\\/04\\\/Italia_debito_pubblico_economia.png\",\"width\":1280,\"height\":720},{\"@type\":\"BreadcrumbList\",\"@id\":\"https:\\\/\\\/www.rassegnastampa-totustuus.it\\\/cattolica\\\/saltato-lequilibrio-tra-contribuenti-e-consumatori-di-tasse-litalia-rischia-di-affondare\\\/#breadcrumb\",\"itemListElement\":[{\"@type\":\"ListItem\",\"position\":1,\"name\":\"Home\",\"item\":\"https:\\\/\\\/www.rassegnastampa-totustuus.it\\\/cattolica\\\/\"},{\"@type\":\"ListItem\",\"position\":2,\"name\":\"Saltato l\u2019equilibrio tra contribuenti e \u201cconsumatori di tasse\u201d, l\u2019Italia rischia di affondare\"}]},{\"@type\":\"WebSite\",\"@id\":\"https:\\\/\\\/www.rassegnastampa-totustuus.it\\\/cattolica\\\/#website\",\"url\":\"https:\\\/\\\/www.rassegnastampa-totustuus.it\\\/cattolica\\\/\",\"name\":\"Rassegna Stampa Cattolica\",\"description\":\"Per una cultura che nasce dalla Rivelazione cristiana in conformit\u00e0 alla tradizione e al Magistero della Chiesa in opposizione ad ogni relativismo e totalitarismo\",\"publisher\":{\"@id\":\"https:\\\/\\\/www.rassegnastampa-totustuus.it\\\/cattolica\\\/#organization\"},\"alternateName\":\"Rass. Cattolica\",\"potentialAction\":[{\"@type\":\"SearchAction\",\"target\":{\"@type\":\"EntryPoint\",\"urlTemplate\":\"https:\\\/\\\/www.rassegnastampa-totustuus.it\\\/cattolica\\\/?s={search_term_string}\"},\"query-input\":{\"@type\":\"PropertyValueSpecification\",\"valueRequired\":true,\"valueName\":\"search_term_string\"}}],\"inLanguage\":\"it-IT\"},{\"@type\":\"Organization\",\"@id\":\"https:\\\/\\\/www.rassegnastampa-totustuus.it\\\/cattolica\\\/#organization\",\"name\":\"Rassegna Stampa Cattolica\",\"url\":\"https:\\\/\\\/www.rassegnastampa-totustuus.it\\\/cattolica\\\/\",\"logo\":{\"@type\":\"ImageObject\",\"inLanguage\":\"it-IT\",\"@id\":\"https:\\\/\\\/www.rassegnastampa-totustuus.it\\\/cattolica\\\/#\\\/schema\\\/logo\\\/image\\\/\",\"url\":\"https:\\\/\\\/www.rassegnastampa-totustuus.it\\\/cattolica\\\/wp-content\\\/uploads\\\/2014\\\/04\\\/logo-rassegna1.gif\",\"contentUrl\":\"https:\\\/\\\/www.rassegnastampa-totustuus.it\\\/cattolica\\\/wp-content\\\/uploads\\\/2014\\\/04\\\/logo-rassegna1.gif\",\"width\":600,\"height\":163,\"caption\":\"Rassegna Stampa Cattolica\"},\"image\":{\"@id\":\"https:\\\/\\\/www.rassegnastampa-totustuus.it\\\/cattolica\\\/#\\\/schema\\\/logo\\\/image\\\/\"},\"sameAs\":[\"https:\\\/\\\/www.facebook.com\\\/rassegnastampacattolica\",\"https:\\\/\\\/x.com\\\/rassegnastampa9\"]},{\"@type\":\"Person\",\"@id\":\"https:\\\/\\\/www.rassegnastampa-totustuus.it\\\/cattolica\\\/#\\\/schema\\\/person\\\/08f319d2bd1a0904ad9e2bfb7b15e5c3\",\"name\":\"Redazione\",\"image\":{\"@type\":\"ImageObject\",\"inLanguage\":\"it-IT\",\"@id\":\"https:\\\/\\\/secure.gravatar.com\\\/avatar\\\/2fcdf27c78ea025fbdb44e914cc63c72249ffec9dc8aafd5c82b26240ef3f346?s=96&d=mm&r=g\",\"url\":\"https:\\\/\\\/secure.gravatar.com\\\/avatar\\\/2fcdf27c78ea025fbdb44e914cc63c72249ffec9dc8aafd5c82b26240ef3f346?s=96&d=mm&r=g\",\"contentUrl\":\"https:\\\/\\\/secure.gravatar.com\\\/avatar\\\/2fcdf27c78ea025fbdb44e914cc63c72249ffec9dc8aafd5c82b26240ef3f346?s=96&d=mm&r=g\",\"caption\":\"Redazione\"},\"url\":\"https:\\\/\\\/www.rassegnastampa-totustuus.it\\\/cattolica\\\/author\\\/pietroelle\\\/\"}]}<\/script>\n<!-- \/ Yoast SEO plugin. -->","yoast_head_json":{"title":"Saltato l\u2019equilibrio tra contribuenti e \u201cconsumatori di tasse\u201d, l\u2019Italia rischia di affondare - Rassegna Stampa Cattolica","description":"Saltato l\u2019equilibrio tra contribuenti e \u201cconsumatori di tasse\u201d, l\u2019Italia rischia di affondare essendo altissimo il peso della spesa statale","robots":{"index":"index","follow":"follow","max-snippet":"max-snippet:-1","max-image-preview":"max-image-preview:large","max-video-preview":"max-video-preview:-1"},"canonical":"https:\/\/www.rassegnastampa-totustuus.it\/cattolica\/saltato-lequilibrio-tra-contribuenti-e-consumatori-di-tasse-litalia-rischia-di-affondare\/","og_locale":"it_IT","og_type":"article","og_title":"Saltato l\u2019equilibrio tra contribuenti e \u201cconsumatori di tasse\u201d, l\u2019Italia rischia di affondare - Rassegna Stampa Cattolica","og_description":"Saltato l\u2019equilibrio tra contribuenti e \u201cconsumatori di tasse\u201d, l\u2019Italia rischia di affondare essendo altissimo il peso della spesa statale","og_url":"https:\/\/www.rassegnastampa-totustuus.it\/cattolica\/saltato-lequilibrio-tra-contribuenti-e-consumatori-di-tasse-litalia-rischia-di-affondare\/","og_site_name":"Rassegna Stampa Cattolica","article_publisher":"https:\/\/www.facebook.com\/rassegnastampacattolica","article_published_time":"2021-04-14T22:00:54+00:00","article_modified_time":"2025-07-29T14:11:18+00:00","og_image":[{"width":1280,"height":720,"url":"https:\/\/www.rassegnastampa-totustuus.it\/cattolica\/wp-content\/uploads\/2021\/04\/Italia_debito_pubblico_economia.png","type":"image\/png"}],"author":"Redazione","twitter_card":"summary_large_image","twitter_creator":"@rassegnastampa9","twitter_site":"@rassegnastampa9","twitter_misc":{"Scritto da":"Redazione","Tempo di lettura stimato":"7 minuti"},"schema":{"@context":"https:\/\/schema.org","@graph":[{"@type":"Article","@id":"https:\/\/www.rassegnastampa-totustuus.it\/cattolica\/saltato-lequilibrio-tra-contribuenti-e-consumatori-di-tasse-litalia-rischia-di-affondare\/#article","isPartOf":{"@id":"https:\/\/www.rassegnastampa-totustuus.it\/cattolica\/saltato-lequilibrio-tra-contribuenti-e-consumatori-di-tasse-litalia-rischia-di-affondare\/"},"author":{"name":"Redazione","@id":"https:\/\/www.rassegnastampa-totustuus.it\/cattolica\/#\/schema\/person\/08f319d2bd1a0904ad9e2bfb7b15e5c3"},"headline":"Saltato l\u2019equilibrio tra contribuenti e \u201cconsumatori di tasse\u201d, l\u2019Italia rischia di affondare","datePublished":"2021-04-14T22:00:54+00:00","dateModified":"2025-07-29T14:11:18+00:00","mainEntityOfPage":{"@id":"https:\/\/www.rassegnastampa-totustuus.it\/cattolica\/saltato-lequilibrio-tra-contribuenti-e-consumatori-di-tasse-litalia-rischia-di-affondare\/"},"wordCount":902,"publisher":{"@id":"https:\/\/www.rassegnastampa-totustuus.it\/cattolica\/#organization"},"image":{"@id":"https:\/\/www.rassegnastampa-totustuus.it\/cattolica\/saltato-lequilibrio-tra-contribuenti-e-consumatori-di-tasse-litalia-rischia-di-affondare\/#primaryimage"},"thumbnailUrl":"https:\/\/www.rassegnastampa-totustuus.it\/cattolica\/wp-content\/uploads\/2021\/04\/Italia_debito_pubblico_economia.png","keywords":["Italia","tasse"],"articleSection":["Fisco","Politica nazionale"],"inLanguage":"it-IT"},{"@type":"WebPage","@id":"https:\/\/www.rassegnastampa-totustuus.it\/cattolica\/saltato-lequilibrio-tra-contribuenti-e-consumatori-di-tasse-litalia-rischia-di-affondare\/","url":"https:\/\/www.rassegnastampa-totustuus.it\/cattolica\/saltato-lequilibrio-tra-contribuenti-e-consumatori-di-tasse-litalia-rischia-di-affondare\/","name":"Saltato l\u2019equilibrio tra contribuenti e \u201cconsumatori di tasse\u201d, l\u2019Italia rischia di affondare - Rassegna Stampa Cattolica","isPartOf":{"@id":"https:\/\/www.rassegnastampa-totustuus.it\/cattolica\/#website"},"primaryImageOfPage":{"@id":"https:\/\/www.rassegnastampa-totustuus.it\/cattolica\/saltato-lequilibrio-tra-contribuenti-e-consumatori-di-tasse-litalia-rischia-di-affondare\/#primaryimage"},"image":{"@id":"https:\/\/www.rassegnastampa-totustuus.it\/cattolica\/saltato-lequilibrio-tra-contribuenti-e-consumatori-di-tasse-litalia-rischia-di-affondare\/#primaryimage"},"thumbnailUrl":"https:\/\/www.rassegnastampa-totustuus.it\/cattolica\/wp-content\/uploads\/2021\/04\/Italia_debito_pubblico_economia.png","datePublished":"2021-04-14T22:00:54+00:00","dateModified":"2025-07-29T14:11:18+00:00","description":"Saltato l\u2019equilibrio tra contribuenti e \u201cconsumatori di tasse\u201d, l\u2019Italia rischia di affondare essendo altissimo il peso della spesa statale","breadcrumb":{"@id":"https:\/\/www.rassegnastampa-totustuus.it\/cattolica\/saltato-lequilibrio-tra-contribuenti-e-consumatori-di-tasse-litalia-rischia-di-affondare\/#breadcrumb"},"inLanguage":"it-IT","potentialAction":[{"@type":"ReadAction","target":["https:\/\/www.rassegnastampa-totustuus.it\/cattolica\/saltato-lequilibrio-tra-contribuenti-e-consumatori-di-tasse-litalia-rischia-di-affondare\/"]}]},{"@type":"ImageObject","inLanguage":"it-IT","@id":"https:\/\/www.rassegnastampa-totustuus.it\/cattolica\/saltato-lequilibrio-tra-contribuenti-e-consumatori-di-tasse-litalia-rischia-di-affondare\/#primaryimage","url":"https:\/\/www.rassegnastampa-totustuus.it\/cattolica\/wp-content\/uploads\/2021\/04\/Italia_debito_pubblico_economia.png","contentUrl":"https:\/\/www.rassegnastampa-totustuus.it\/cattolica\/wp-content\/uploads\/2021\/04\/Italia_debito_pubblico_economia.png","width":1280,"height":720},{"@type":"BreadcrumbList","@id":"https:\/\/www.rassegnastampa-totustuus.it\/cattolica\/saltato-lequilibrio-tra-contribuenti-e-consumatori-di-tasse-litalia-rischia-di-affondare\/#breadcrumb","itemListElement":[{"@type":"ListItem","position":1,"name":"Home","item":"https:\/\/www.rassegnastampa-totustuus.it\/cattolica\/"},{"@type":"ListItem","position":2,"name":"Saltato l\u2019equilibrio tra contribuenti e \u201cconsumatori di tasse\u201d, l\u2019Italia rischia di affondare"}]},{"@type":"WebSite","@id":"https:\/\/www.rassegnastampa-totustuus.it\/cattolica\/#website","url":"https:\/\/www.rassegnastampa-totustuus.it\/cattolica\/","name":"Rassegna Stampa Cattolica","description":"Per una cultura che nasce dalla Rivelazione cristiana in conformit\u00e0 alla tradizione e al Magistero della Chiesa in opposizione ad ogni relativismo e totalitarismo","publisher":{"@id":"https:\/\/www.rassegnastampa-totustuus.it\/cattolica\/#organization"},"alternateName":"Rass. Cattolica","potentialAction":[{"@type":"SearchAction","target":{"@type":"EntryPoint","urlTemplate":"https:\/\/www.rassegnastampa-totustuus.it\/cattolica\/?s={search_term_string}"},"query-input":{"@type":"PropertyValueSpecification","valueRequired":true,"valueName":"search_term_string"}}],"inLanguage":"it-IT"},{"@type":"Organization","@id":"https:\/\/www.rassegnastampa-totustuus.it\/cattolica\/#organization","name":"Rassegna Stampa Cattolica","url":"https:\/\/www.rassegnastampa-totustuus.it\/cattolica\/","logo":{"@type":"ImageObject","inLanguage":"it-IT","@id":"https:\/\/www.rassegnastampa-totustuus.it\/cattolica\/#\/schema\/logo\/image\/","url":"https:\/\/www.rassegnastampa-totustuus.it\/cattolica\/wp-content\/uploads\/2014\/04\/logo-rassegna1.gif","contentUrl":"https:\/\/www.rassegnastampa-totustuus.it\/cattolica\/wp-content\/uploads\/2014\/04\/logo-rassegna1.gif","width":600,"height":163,"caption":"Rassegna Stampa Cattolica"},"image":{"@id":"https:\/\/www.rassegnastampa-totustuus.it\/cattolica\/#\/schema\/logo\/image\/"},"sameAs":["https:\/\/www.facebook.com\/rassegnastampacattolica","https:\/\/x.com\/rassegnastampa9"]},{"@type":"Person","@id":"https:\/\/www.rassegnastampa-totustuus.it\/cattolica\/#\/schema\/person\/08f319d2bd1a0904ad9e2bfb7b15e5c3","name":"Redazione","image":{"@type":"ImageObject","inLanguage":"it-IT","@id":"https:\/\/secure.gravatar.com\/avatar\/2fcdf27c78ea025fbdb44e914cc63c72249ffec9dc8aafd5c82b26240ef3f346?s=96&d=mm&r=g","url":"https:\/\/secure.gravatar.com\/avatar\/2fcdf27c78ea025fbdb44e914cc63c72249ffec9dc8aafd5c82b26240ef3f346?s=96&d=mm&r=g","contentUrl":"https:\/\/secure.gravatar.com\/avatar\/2fcdf27c78ea025fbdb44e914cc63c72249ffec9dc8aafd5c82b26240ef3f346?s=96&d=mm&r=g","caption":"Redazione"},"url":"https:\/\/www.rassegnastampa-totustuus.it\/cattolica\/author\/pietroelle\/"}]}},"_links":{"self":[{"href":"https:\/\/www.rassegnastampa-totustuus.it\/cattolica\/wp-json\/wp\/v2\/posts\/50597","targetHints":{"allow":["GET"]}}],"collection":[{"href":"https:\/\/www.rassegnastampa-totustuus.it\/cattolica\/wp-json\/wp\/v2\/posts"}],"about":[{"href":"https:\/\/www.rassegnastampa-totustuus.it\/cattolica\/wp-json\/wp\/v2\/types\/post"}],"author":[{"embeddable":true,"href":"https:\/\/www.rassegnastampa-totustuus.it\/cattolica\/wp-json\/wp\/v2\/users\/6"}],"replies":[{"embeddable":true,"href":"https:\/\/www.rassegnastampa-totustuus.it\/cattolica\/wp-json\/wp\/v2\/comments?post=50597"}],"version-history":[{"count":4,"href":"https:\/\/www.rassegnastampa-totustuus.it\/cattolica\/wp-json\/wp\/v2\/posts\/50597\/revisions"}],"predecessor-version":[{"id":63690,"href":"https:\/\/www.rassegnastampa-totustuus.it\/cattolica\/wp-json\/wp\/v2\/posts\/50597\/revisions\/63690"}],"wp:featuredmedia":[{"embeddable":true,"href":"https:\/\/www.rassegnastampa-totustuus.it\/cattolica\/wp-json\/wp\/v2\/media\/50598"}],"wp:attachment":[{"href":"https:\/\/www.rassegnastampa-totustuus.it\/cattolica\/wp-json\/wp\/v2\/media?parent=50597"}],"wp:term":[{"taxonomy":"category","embeddable":true,"href":"https:\/\/www.rassegnastampa-totustuus.it\/cattolica\/wp-json\/wp\/v2\/categories?post=50597"},{"taxonomy":"post_tag","embeddable":true,"href":"https:\/\/www.rassegnastampa-totustuus.it\/cattolica\/wp-json\/wp\/v2\/tags?post=50597"}],"curies":[{"name":"wp","href":"https:\/\/api.w.org\/{rel}","templated":true}]}}