{"id":50520,"date":"2021-04-08T00:00:22","date_gmt":"2021-04-07T22:00:22","guid":{"rendered":"http:\/\/www.rassegnastampa-totustuus.it\/cattolica\/?p=50520"},"modified":"2025-07-29T16:48:12","modified_gmt":"2025-07-29T14:48:12","slug":"gli-americani-che-aderiscono-a-una-religione-ora-sono-una-minoranza","status":"publish","type":"post","link":"https:\/\/www.rassegnastampa-totustuus.it\/cattolica\/gli-americani-che-aderiscono-a-una-religione-ora-sono-una-minoranza\/","title":{"rendered":"Gli americani che aderiscono a una religione ora sono una minoranza"},"content":{"rendered":"\n<p class=\"has-text-align-center\"><span style=\"color: #000000;\"><strong><a href=\"https:\/\/www.tempi.it\/\" target=\"_blank\" rel=\"noreferrer noopener\">Tempi <\/a><\/strong>6 aprile 2021 \u00a0 <\/span><\/p>\n\n\n\n<p><span style=\"color: #000000;\"><em>Il tradizionale sondaggio Gallup sulla partecipazione al culto organizzato in America ne registra per la prima volta la discesa sotto il 50 per cento &nbsp;<\/em><\/span><\/p>\n\n\n\n<p class=\"has-text-align-center\"><span style=\"color: #000000;\"><strong>Rodolfo Casadei &nbsp;<\/strong><\/span><\/p>\n\n\n<div class=\"wp-block-image\">\n<figure class=\"aligncenter size-full is-resized\"><a href=\"https:\/\/www.rassegnastampa-totustuus.it\/cattolica\/wp-content\/uploads\/2012\/12\/cattolici-Usa.jpg\"><img loading=\"lazy\" decoding=\"async\" width=\"280\" height=\"180\" src=\"https:\/\/www.rassegnastampa-totustuus.it\/cattolica\/wp-content\/uploads\/2012\/12\/cattolici-Usa.jpg\" alt=\"\" class=\"wp-image-28563\" style=\"width:430px;height:auto\"\/><\/a><\/figure><\/div>\n\n\n<!--more-->\n\n\n\n<p><span style=\"color: #000000;\"><strong>Gallup<\/strong> ha aspettato l\u2019inizio della Settimana Santa per dare<\/span> <strong><a href=\"https:\/\/nymag.com\/intelligencer\/2021\/03\/americans-church-membership-falls-below-a-majority-poll.html\" target=\"_blank\" rel=\"noreferrer noopener\"><span style=\"color: #000080;\">la notizia<\/span><\/a><\/strong>: <span style=\"color: #000000;\">nel 2020 <strong>per la prima volta<\/strong> da quando l\u2019istituto raccoglie dati sull\u2019argomento, cio\u00e8 dal 1937, <strong>il numero degli americani che aderiscono a un culto religioso organizzato<\/strong> e frequentano un tempio \u00e8 sceso <strong>sotto il 50 per cento<\/strong>. <\/span><\/p>\n\n\n\n<p><span style=\"color: #000000;\">L\u2019anno scorso solo il <strong>47 per cento<\/strong> degli statunitensi ha dichiarato di partecipare ai riti e alle attivit\u00e0 di una chiesa, di una sinagoga o di una moschea. &nbsp;<strong>Nel 1937<\/strong>, quando la domanda venne posta per la prima volta, rispose positivamente il <strong>73 per cento<\/strong> degli interpellati, e \u2013 quel che \u00e8 pi\u00f9 interessante \u2013 <strong>il dato \u00e8 rimasto stabile per pi\u00f9 di 60 anni<\/strong>: nel <strong>1999<\/strong> gli statunitensi che dichiaravano la propria partecipazione a una denominazione religiosa erano ancora il 70 per cento. <\/span><\/p>\n\n\n<div class=\"wp-block-image\">\n<figure class=\"aligncenter is-resized\"><a href=\"https:\/\/www.rassegnastampa-totustuus.it\/cattolica\/wp-content\/uploads\/2014\/05\/Usa.jpg\"><img loading=\"lazy\" decoding=\"async\" width=\"225\" height=\"225\" src=\"https:\/\/www.rassegnastampa-totustuus.it\/cattolica\/wp-content\/uploads\/2014\/05\/Usa.jpg\" alt=\"\" class=\"wp-image-7414\" style=\"width:313px;height:auto\" srcset=\"https:\/\/www.rassegnastampa-totustuus.it\/cattolica\/wp-content\/uploads\/2014\/05\/Usa.jpg 225w, https:\/\/www.rassegnastampa-totustuus.it\/cattolica\/wp-content\/uploads\/2014\/05\/Usa-150x150.jpg 150w\" sizes=\"auto, (max-width: 225px) 100vw, 225px\" \/><\/a><\/figure><\/div>\n\n\n<p><span style=\"color: #000000;\">Dopo quella data la percentuale ha cominciato a diminuire in modo continuativo, tanto che <strong>in 21 anni sono andati perduti 23 punti percentuali, arrivando cos\u00ec al 47 per cento del 2020<\/strong>. Questa flessione \u00e8 accompagnata dall\u2019aumento degli americani che dichiarano di non riconoscersi in alcuna religione: erano l\u20198 per cento nel 2000, sono diventati il 21 per cento oggi. <\/span><\/p>\n\n\n\n<h4 class=\"wp-block-heading has-text-align-center\"><span style=\"color: #000000;\">FLESSIONE GENERALIZZATA <\/span><\/h4>\n\n\n\n<p><span style=\"color: #000000;\"><strong>Tutte le possibili e immaginabili categorie di persone hanno partecipato alla flessione dell\u2019appartenenza religiosa<\/strong> nell\u2019ultimo ventennio: che si guardi al sesso, alla classe d\u2019et\u00e0, all\u2019orientamento ideologico, alle simpatie politiche, alla collocazione geografica, eccetera, tutti i diversi gruppi hanno registrato una diminuzione nell\u2019affiliazione a forme religiose organizzate nell\u2019ultimo ventennio. Alcune per\u00f2 hanno contribuito pi\u00f9 di altre. &nbsp;<\/span><\/p>\n\n\n\n<h4 class=\"wp-block-heading has-text-align-center\"><span style=\"color: #000000;\">CHI PI\u00d9, CHI MENO <\/span><\/h4>\n\n\n<div class=\"wp-block-image\">\n<figure class=\"aligncenter is-resized\"><a href=\"https:\/\/www.rassegnastampa-totustuus.it\/cattolica\/wp-content\/uploads\/2006\/07\/donne_cattoliche.jpg\"><img loading=\"lazy\" decoding=\"async\" width=\"278\" height=\"182\" src=\"https:\/\/www.rassegnastampa-totustuus.it\/cattolica\/wp-content\/uploads\/2006\/07\/donne_cattoliche.jpg\" alt=\"\" class=\"wp-image-29507\" style=\"width:422px;height:auto\"\/><\/a><\/figure><\/div>\n\n\n<p><span style=\"color: #000000;\">I due <strong>sottogruppi che pi\u00f9 hanno visto diminuire l\u2019affiliazione religiosa<\/strong> nell\u2019ultimo ventennio sono quelli degli <strong>elettori democratici<\/strong> e dei <strong>residenti della costa orientale<\/strong>: entrambi hanno perso ben 25 punti percentuali, passando dal 71 per cento medio del triennio 1998-2000 al 46 per cento del triennio 2018-2020 per quanto riguarda gli elettori democratici, e dal 69 per cento al 44 per cento i residenti della costa orientale. <\/span><\/p>\n\n\n\n<p><span style=\"color: #000000;\">Il <strong>sottogruppo che ha avuto la minore flessione<\/strong> \u00e8 quello dei <strong>cristiani protestanti<\/strong>, scesi di 9 punti percentuali dal 73 per cento del triennio 1998-2000 al 64 per cento del triennio 2018-2020. &nbsp;<\/span><\/p>\n\n\n\n<h4 class=\"wp-block-heading has-text-align-center\"><span style=\"color: #000000;\">TRACOLLO DEI CATTOLICI<\/span><\/h4>\n\n\n<div class=\"wp-block-image\">\n<figure class=\"aligncenter is-resized\"><a href=\"https:\/\/www.rassegnastampa-totustuus.it\/cattolica\/wp-content\/uploads\/2020\/04\/chiesa_Messa_vuota.jpg\"><img loading=\"lazy\" decoding=\"async\" width=\"300\" height=\"173\" src=\"https:\/\/www.rassegnastampa-totustuus.it\/cattolica\/wp-content\/uploads\/2020\/04\/chiesa_Messa_vuota-300x173.jpg\" alt=\"\" class=\"wp-image-46894\" style=\"width:426px;height:auto\" srcset=\"https:\/\/www.rassegnastampa-totustuus.it\/cattolica\/wp-content\/uploads\/2020\/04\/chiesa_Messa_vuota-300x173.jpg 300w, https:\/\/www.rassegnastampa-totustuus.it\/cattolica\/wp-content\/uploads\/2020\/04\/chiesa_Messa_vuota-768x443.jpg 768w, https:\/\/www.rassegnastampa-totustuus.it\/cattolica\/wp-content\/uploads\/2020\/04\/chiesa_Messa_vuota.jpg 836w\" sizes=\"auto, (max-width: 300px) 100vw, 300px\" \/><\/a><\/figure><\/div>\n\n\n<p><span style=\"color: #000000;\">Invece <strong>i cattolici hanno perso ben 18 punti<\/strong>, scendendo nello stesso periodo <strong>dal 76 al 58 per cento<\/strong>, cessando cos\u00ec di essere la Chiesa cristiana con la pi\u00f9 alta percentuale di coincidenza fra la tradizione familiare e l\u2019appartenenza effettiva.<\/span><\/p>\n\n\n\n<p><span style=\"color: #000000;\">Il fenomeno si \u00e8 materializzato nell\u2019ultimo decennio: ancora nel triennio 2008-2010 l\u2019affiliazione effettiva dei cattolici era leggermente superiore a quella dei protestanti, 72 per cento questi ultimi e 73 per cento i cattolici. In solo dieci anni i cattolici hanno perso 15 punti percentuali scendendo dal 73 al 58 per cento: <strong>nessun altro sottogruppo ha perso tanto nell\u2019ultimo decennio<\/strong>. <\/span><\/p>\n\n\n\n<h4 class=\"wp-block-heading has-text-align-center\"><span style=\"color: #000000;\">DESTRA E SINISTRA, SPOSATI E CELIBI <\/span><\/h4>\n\n\n<div class=\"wp-block-image\">\n<figure class=\"aligncenter is-resized\"><a href=\"https:\/\/www.rassegnastampa-totustuus.it\/cattolica\/wp-content\/uploads\/2020\/11\/Usa_democratici_repubblicani.jpg\"><img loading=\"lazy\" decoding=\"async\" width=\"275\" height=\"183\" src=\"https:\/\/www.rassegnastampa-totustuus.it\/cattolica\/wp-content\/uploads\/2020\/11\/Usa_democratici_repubblicani.jpg\" alt=\"\" class=\"wp-image-49074\" style=\"width:441px;height:auto\"\/><\/a><\/figure><\/div>\n\n\n<p><span style=\"color: #000000;\">Due sottogruppi presso i quali le differenze nella pratica religiosa si sono molto diversificate nell\u2019ultimo ventennio sono quello partitico e quello dello stato civile. <strong>Vent\u2019anni fa i repubblicani erano un po\u2019 pi\u00f9 praticanti dei democratici<\/strong>, con una percentuale di affiliazione religiosa del 77 per cento fra i primi e del 71 per cento fra i secondi; <strong>oggi le distanze sono nettamente cresciute, coi repubblicani al 65 per cento e i democratici al 46 per cento<\/strong>.<\/span><\/p>\n\n\n\n<p><span style=\"color: #000000;\">Anche la <strong>differenza fra sposati e celibi<\/strong> non era molto marcata vent\u2019anni fa mentre lo \u00e8 oggi: nel periodo 1998-2000 era praticante il 71 per cento degli sposati e il 64 per cento dei non sposati; oggi la differenza \u00e8 di 16 punti, coi primi al 58 per cento e i secondi al 42 per cento. <\/span><\/p>\n\n\n\n<h4 class=\"wp-block-heading has-text-align-center\"><span style=\"color: #000000;\">CLASSI DI ET\u00c0 E FASCE GEOGRAFICHE <\/span><\/h4>\n\n\n<div class=\"wp-block-image\">\n<figure class=\"aligncenter is-resized\"><a href=\"https:\/\/www.rassegnastampa-totustuus.it\/cattolica\/wp-content\/uploads\/2021\/04\/chiesa_Usa.jpg\"><img loading=\"lazy\" decoding=\"async\" width=\"300\" height=\"168\" src=\"https:\/\/www.rassegnastampa-totustuus.it\/cattolica\/wp-content\/uploads\/2021\/04\/chiesa_Usa-300x168.jpg\" alt=\"\" class=\"wp-image-50521\" style=\"width:472px;height:auto\"\/><\/a><\/figure><\/div>\n\n\n<p><span style=\"color: #000000;\">Dal punto di vista delle classi di et\u00e0 e della geografia, gli Stati Uniti appaiono oggi come un paese dove <strong>la partecipazione a una comunit\u00e0 di culto \u00e8 scarsa fra i pi\u00f9 giovani e ancora significativa fra gli anziani<\/strong>, ed \u00e8 <strong>pi\u00f9 forte nel Sud e pi\u00f9 debole nell\u2019Ovest<\/strong>. Frequentano chiese o sinagoghe o moschee il 58 per cento degli statunitensi residenti negli stati del Sud, ma solo il 38 per cento di quelli residenti negli stati dell\u2019Ovest. Sono praticanti il 66 per cento dei nati prima del 1946 e il 58 per cento dei baby boomers, cio\u00e8 dei nati fra il 1946 e il 1964; ma si scende al 50 per cento con la generazione X (nati fra il 1965 e il 1980) e al 36 per cento coi millennials (nati fra il 1981 e il 1996).<\/span><\/p>\n\n\n\n<p><span style=\"color: #000000;\">Gli Stati Uniti restano genericamente un paese religioso, dove il 48 per cento degli abitanti considera la religione \u00abmolto importante per la propria vita\u00bb, e un altro 25 per cento \u00ababbastanza importante\u00bb.<\/span><\/p>\n","protected":false},"excerpt":{"rendered":"<p>Tempi 6 aprile 2021 \u00a0 Il tradizionale sondaggio Gallup sulla partecipazione al culto organizzato in America ne registra per la prima volta la discesa sotto il 50 per cento &nbsp; Rodolfo Casadei &nbsp;<\/p><p><a class=\"more-link btn\" href=\"https:\/\/www.rassegnastampa-totustuus.it\/cattolica\/gli-americani-che-aderiscono-a-una-religione-ora-sono-una-minoranza\/\">Continua a leggere<\/a><\/p>\n","protected":false},"author":6,"featured_media":50526,"comment_status":"closed","ping_status":"closed","sticky":false,"template":"","format":"standard","meta":{"footnotes":""},"categories":[5,76],"tags":[1599,273],"class_list":["post-50520","post","type-post","status-publish","format-standard","has-post-thumbnail","hentry","category-chiesa","category-stati-uniti","tag-cattolici","tag-religione","item-wrap"],"yoast_head":"<!-- This site is optimized with the Yoast SEO plugin v27.5 - https:\/\/yoast.com\/product\/yoast-seo-wordpress\/ -->\n<title>Gli americani che aderiscono a una religione ora sono una minoranza - Rassegna Stampa Cattolica<\/title>\n<meta name=\"description\" content=\"Gli americani che aderiscono a una religione ora sono una minoranza, lo dice il tradizionale sondaggio Gallup\" \/>\n<meta name=\"robots\" content=\"index, follow, max-snippet:-1, max-image-preview:large, max-video-preview:-1\" \/>\n<link rel=\"canonical\" href=\"https:\/\/www.rassegnastampa-totustuus.it\/cattolica\/gli-americani-che-aderiscono-a-una-religione-ora-sono-una-minoranza\/\" \/>\n<meta property=\"og:locale\" content=\"it_IT\" \/>\n<meta property=\"og:type\" content=\"article\" \/>\n<meta property=\"og:title\" content=\"Gli americani che aderiscono a una religione ora sono una minoranza - Rassegna Stampa Cattolica\" \/>\n<meta property=\"og:description\" content=\"Gli americani che aderiscono a una religione ora sono una minoranza, lo dice il tradizionale sondaggio Gallup\" \/>\n<meta property=\"og:url\" content=\"https:\/\/www.rassegnastampa-totustuus.it\/cattolica\/gli-americani-che-aderiscono-a-una-religione-ora-sono-una-minoranza\/\" \/>\n<meta property=\"og:site_name\" content=\"Rassegna Stampa Cattolica\" \/>\n<meta property=\"article:publisher\" content=\"https:\/\/www.facebook.com\/rassegnastampacattolica\" \/>\n<meta property=\"article:published_time\" content=\"2021-04-07T22:00:22+00:00\" \/>\n<meta property=\"article:modified_time\" content=\"2025-07-29T14:48:12+00:00\" \/>\n<meta property=\"og:image\" content=\"https:\/\/www.rassegnastampa-totustuus.it\/cattolica\/wp-content\/uploads\/2021\/04\/America_Usa.png\" \/>\n\t<meta property=\"og:image:width\" content=\"2000\" \/>\n\t<meta property=\"og:image:height\" content=\"1237\" \/>\n\t<meta property=\"og:image:type\" content=\"image\/png\" \/>\n<meta name=\"author\" content=\"Redazione\" \/>\n<meta name=\"twitter:card\" content=\"summary_large_image\" \/>\n<meta name=\"twitter:creator\" content=\"@rassegnastampa9\" \/>\n<meta name=\"twitter:site\" content=\"@rassegnastampa9\" \/>\n<meta name=\"twitter:label1\" content=\"Scritto da\" \/>\n\t<meta name=\"twitter:data1\" content=\"Redazione\" \/>\n\t<meta name=\"twitter:label2\" content=\"Tempo di lettura stimato\" \/>\n\t<meta name=\"twitter:data2\" content=\"6 minuti\" \/>\n<script type=\"application\/ld+json\" class=\"yoast-schema-graph\">{\"@context\":\"https:\\\/\\\/schema.org\",\"@graph\":[{\"@type\":\"Article\",\"@id\":\"https:\\\/\\\/www.rassegnastampa-totustuus.it\\\/cattolica\\\/gli-americani-che-aderiscono-a-una-religione-ora-sono-una-minoranza\\\/#article\",\"isPartOf\":{\"@id\":\"https:\\\/\\\/www.rassegnastampa-totustuus.it\\\/cattolica\\\/gli-americani-che-aderiscono-a-una-religione-ora-sono-una-minoranza\\\/\"},\"author\":{\"name\":\"Redazione\",\"@id\":\"https:\\\/\\\/www.rassegnastampa-totustuus.it\\\/cattolica\\\/#\\\/schema\\\/person\\\/08f319d2bd1a0904ad9e2bfb7b15e5c3\"},\"headline\":\"Gli americani che aderiscono a una religione ora sono una minoranza\",\"datePublished\":\"2021-04-07T22:00:22+00:00\",\"dateModified\":\"2025-07-29T14:48:12+00:00\",\"mainEntityOfPage\":{\"@id\":\"https:\\\/\\\/www.rassegnastampa-totustuus.it\\\/cattolica\\\/gli-americani-che-aderiscono-a-una-religione-ora-sono-una-minoranza\\\/\"},\"wordCount\":762,\"publisher\":{\"@id\":\"https:\\\/\\\/www.rassegnastampa-totustuus.it\\\/cattolica\\\/#organization\"},\"image\":{\"@id\":\"https:\\\/\\\/www.rassegnastampa-totustuus.it\\\/cattolica\\\/gli-americani-che-aderiscono-a-una-religione-ora-sono-una-minoranza\\\/#primaryimage\"},\"thumbnailUrl\":\"https:\\\/\\\/www.rassegnastampa-totustuus.it\\\/cattolica\\\/wp-content\\\/uploads\\\/2021\\\/04\\\/America_Usa.png\",\"keywords\":[\"cattolici\",\"religione\"],\"articleSection\":[\"Chiesa\",\"Stati Uniti\"],\"inLanguage\":\"it-IT\"},{\"@type\":\"WebPage\",\"@id\":\"https:\\\/\\\/www.rassegnastampa-totustuus.it\\\/cattolica\\\/gli-americani-che-aderiscono-a-una-religione-ora-sono-una-minoranza\\\/\",\"url\":\"https:\\\/\\\/www.rassegnastampa-totustuus.it\\\/cattolica\\\/gli-americani-che-aderiscono-a-una-religione-ora-sono-una-minoranza\\\/\",\"name\":\"Gli americani che aderiscono a una religione ora sono una minoranza - Rassegna Stampa Cattolica\",\"isPartOf\":{\"@id\":\"https:\\\/\\\/www.rassegnastampa-totustuus.it\\\/cattolica\\\/#website\"},\"primaryImageOfPage\":{\"@id\":\"https:\\\/\\\/www.rassegnastampa-totustuus.it\\\/cattolica\\\/gli-americani-che-aderiscono-a-una-religione-ora-sono-una-minoranza\\\/#primaryimage\"},\"image\":{\"@id\":\"https:\\\/\\\/www.rassegnastampa-totustuus.it\\\/cattolica\\\/gli-americani-che-aderiscono-a-una-religione-ora-sono-una-minoranza\\\/#primaryimage\"},\"thumbnailUrl\":\"https:\\\/\\\/www.rassegnastampa-totustuus.it\\\/cattolica\\\/wp-content\\\/uploads\\\/2021\\\/04\\\/America_Usa.png\",\"datePublished\":\"2021-04-07T22:00:22+00:00\",\"dateModified\":\"2025-07-29T14:48:12+00:00\",\"description\":\"Gli americani che aderiscono a una religione ora sono una minoranza, lo dice il tradizionale sondaggio Gallup\",\"breadcrumb\":{\"@id\":\"https:\\\/\\\/www.rassegnastampa-totustuus.it\\\/cattolica\\\/gli-americani-che-aderiscono-a-una-religione-ora-sono-una-minoranza\\\/#breadcrumb\"},\"inLanguage\":\"it-IT\",\"potentialAction\":[{\"@type\":\"ReadAction\",\"target\":[\"https:\\\/\\\/www.rassegnastampa-totustuus.it\\\/cattolica\\\/gli-americani-che-aderiscono-a-una-religione-ora-sono-una-minoranza\\\/\"]}]},{\"@type\":\"ImageObject\",\"inLanguage\":\"it-IT\",\"@id\":\"https:\\\/\\\/www.rassegnastampa-totustuus.it\\\/cattolica\\\/gli-americani-che-aderiscono-a-una-religione-ora-sono-una-minoranza\\\/#primaryimage\",\"url\":\"https:\\\/\\\/www.rassegnastampa-totustuus.it\\\/cattolica\\\/wp-content\\\/uploads\\\/2021\\\/04\\\/America_Usa.png\",\"contentUrl\":\"https:\\\/\\\/www.rassegnastampa-totustuus.it\\\/cattolica\\\/wp-content\\\/uploads\\\/2021\\\/04\\\/America_Usa.png\",\"width\":2000,\"height\":1237},{\"@type\":\"BreadcrumbList\",\"@id\":\"https:\\\/\\\/www.rassegnastampa-totustuus.it\\\/cattolica\\\/gli-americani-che-aderiscono-a-una-religione-ora-sono-una-minoranza\\\/#breadcrumb\",\"itemListElement\":[{\"@type\":\"ListItem\",\"position\":1,\"name\":\"Home\",\"item\":\"https:\\\/\\\/www.rassegnastampa-totustuus.it\\\/cattolica\\\/\"},{\"@type\":\"ListItem\",\"position\":2,\"name\":\"Gli americani che aderiscono a una religione ora sono una minoranza\"}]},{\"@type\":\"WebSite\",\"@id\":\"https:\\\/\\\/www.rassegnastampa-totustuus.it\\\/cattolica\\\/#website\",\"url\":\"https:\\\/\\\/www.rassegnastampa-totustuus.it\\\/cattolica\\\/\",\"name\":\"Rassegna Stampa Cattolica\",\"description\":\"Per una cultura che nasce dalla Rivelazione cristiana in conformit\u00e0 alla tradizione e al Magistero della Chiesa in opposizione ad ogni relativismo e totalitarismo\",\"publisher\":{\"@id\":\"https:\\\/\\\/www.rassegnastampa-totustuus.it\\\/cattolica\\\/#organization\"},\"alternateName\":\"Rass. Cattolica\",\"potentialAction\":[{\"@type\":\"SearchAction\",\"target\":{\"@type\":\"EntryPoint\",\"urlTemplate\":\"https:\\\/\\\/www.rassegnastampa-totustuus.it\\\/cattolica\\\/?s={search_term_string}\"},\"query-input\":{\"@type\":\"PropertyValueSpecification\",\"valueRequired\":true,\"valueName\":\"search_term_string\"}}],\"inLanguage\":\"it-IT\"},{\"@type\":\"Organization\",\"@id\":\"https:\\\/\\\/www.rassegnastampa-totustuus.it\\\/cattolica\\\/#organization\",\"name\":\"Rassegna Stampa Cattolica\",\"url\":\"https:\\\/\\\/www.rassegnastampa-totustuus.it\\\/cattolica\\\/\",\"logo\":{\"@type\":\"ImageObject\",\"inLanguage\":\"it-IT\",\"@id\":\"https:\\\/\\\/www.rassegnastampa-totustuus.it\\\/cattolica\\\/#\\\/schema\\\/logo\\\/image\\\/\",\"url\":\"https:\\\/\\\/www.rassegnastampa-totustuus.it\\\/cattolica\\\/wp-content\\\/uploads\\\/2014\\\/04\\\/logo-rassegna1.gif\",\"contentUrl\":\"https:\\\/\\\/www.rassegnastampa-totustuus.it\\\/cattolica\\\/wp-content\\\/uploads\\\/2014\\\/04\\\/logo-rassegna1.gif\",\"width\":600,\"height\":163,\"caption\":\"Rassegna Stampa Cattolica\"},\"image\":{\"@id\":\"https:\\\/\\\/www.rassegnastampa-totustuus.it\\\/cattolica\\\/#\\\/schema\\\/logo\\\/image\\\/\"},\"sameAs\":[\"https:\\\/\\\/www.facebook.com\\\/rassegnastampacattolica\",\"https:\\\/\\\/x.com\\\/rassegnastampa9\"]},{\"@type\":\"Person\",\"@id\":\"https:\\\/\\\/www.rassegnastampa-totustuus.it\\\/cattolica\\\/#\\\/schema\\\/person\\\/08f319d2bd1a0904ad9e2bfb7b15e5c3\",\"name\":\"Redazione\",\"image\":{\"@type\":\"ImageObject\",\"inLanguage\":\"it-IT\",\"@id\":\"https:\\\/\\\/secure.gravatar.com\\\/avatar\\\/2fcdf27c78ea025fbdb44e914cc63c72249ffec9dc8aafd5c82b26240ef3f346?s=96&d=mm&r=g\",\"url\":\"https:\\\/\\\/secure.gravatar.com\\\/avatar\\\/2fcdf27c78ea025fbdb44e914cc63c72249ffec9dc8aafd5c82b26240ef3f346?s=96&d=mm&r=g\",\"contentUrl\":\"https:\\\/\\\/secure.gravatar.com\\\/avatar\\\/2fcdf27c78ea025fbdb44e914cc63c72249ffec9dc8aafd5c82b26240ef3f346?s=96&d=mm&r=g\",\"caption\":\"Redazione\"},\"url\":\"https:\\\/\\\/www.rassegnastampa-totustuus.it\\\/cattolica\\\/author\\\/pietroelle\\\/\"}]}<\/script>\n<!-- \/ Yoast SEO plugin. -->","yoast_head_json":{"title":"Gli americani che aderiscono a una religione ora sono una minoranza - Rassegna Stampa Cattolica","description":"Gli americani che aderiscono a una religione ora sono una minoranza, lo dice il tradizionale sondaggio Gallup","robots":{"index":"index","follow":"follow","max-snippet":"max-snippet:-1","max-image-preview":"max-image-preview:large","max-video-preview":"max-video-preview:-1"},"canonical":"https:\/\/www.rassegnastampa-totustuus.it\/cattolica\/gli-americani-che-aderiscono-a-una-religione-ora-sono-una-minoranza\/","og_locale":"it_IT","og_type":"article","og_title":"Gli americani che aderiscono a una religione ora sono una minoranza - Rassegna Stampa Cattolica","og_description":"Gli americani che aderiscono a una religione ora sono una minoranza, lo dice il tradizionale sondaggio Gallup","og_url":"https:\/\/www.rassegnastampa-totustuus.it\/cattolica\/gli-americani-che-aderiscono-a-una-religione-ora-sono-una-minoranza\/","og_site_name":"Rassegna Stampa Cattolica","article_publisher":"https:\/\/www.facebook.com\/rassegnastampacattolica","article_published_time":"2021-04-07T22:00:22+00:00","article_modified_time":"2025-07-29T14:48:12+00:00","og_image":[{"width":2000,"height":1237,"url":"https:\/\/www.rassegnastampa-totustuus.it\/cattolica\/wp-content\/uploads\/2021\/04\/America_Usa.png","type":"image\/png"}],"author":"Redazione","twitter_card":"summary_large_image","twitter_creator":"@rassegnastampa9","twitter_site":"@rassegnastampa9","twitter_misc":{"Scritto da":"Redazione","Tempo di lettura stimato":"6 minuti"},"schema":{"@context":"https:\/\/schema.org","@graph":[{"@type":"Article","@id":"https:\/\/www.rassegnastampa-totustuus.it\/cattolica\/gli-americani-che-aderiscono-a-una-religione-ora-sono-una-minoranza\/#article","isPartOf":{"@id":"https:\/\/www.rassegnastampa-totustuus.it\/cattolica\/gli-americani-che-aderiscono-a-una-religione-ora-sono-una-minoranza\/"},"author":{"name":"Redazione","@id":"https:\/\/www.rassegnastampa-totustuus.it\/cattolica\/#\/schema\/person\/08f319d2bd1a0904ad9e2bfb7b15e5c3"},"headline":"Gli americani che aderiscono a una religione ora sono una minoranza","datePublished":"2021-04-07T22:00:22+00:00","dateModified":"2025-07-29T14:48:12+00:00","mainEntityOfPage":{"@id":"https:\/\/www.rassegnastampa-totustuus.it\/cattolica\/gli-americani-che-aderiscono-a-una-religione-ora-sono-una-minoranza\/"},"wordCount":762,"publisher":{"@id":"https:\/\/www.rassegnastampa-totustuus.it\/cattolica\/#organization"},"image":{"@id":"https:\/\/www.rassegnastampa-totustuus.it\/cattolica\/gli-americani-che-aderiscono-a-una-religione-ora-sono-una-minoranza\/#primaryimage"},"thumbnailUrl":"https:\/\/www.rassegnastampa-totustuus.it\/cattolica\/wp-content\/uploads\/2021\/04\/America_Usa.png","keywords":["cattolici","religione"],"articleSection":["Chiesa","Stati Uniti"],"inLanguage":"it-IT"},{"@type":"WebPage","@id":"https:\/\/www.rassegnastampa-totustuus.it\/cattolica\/gli-americani-che-aderiscono-a-una-religione-ora-sono-una-minoranza\/","url":"https:\/\/www.rassegnastampa-totustuus.it\/cattolica\/gli-americani-che-aderiscono-a-una-religione-ora-sono-una-minoranza\/","name":"Gli americani che aderiscono a una religione ora sono una minoranza - Rassegna Stampa Cattolica","isPartOf":{"@id":"https:\/\/www.rassegnastampa-totustuus.it\/cattolica\/#website"},"primaryImageOfPage":{"@id":"https:\/\/www.rassegnastampa-totustuus.it\/cattolica\/gli-americani-che-aderiscono-a-una-religione-ora-sono-una-minoranza\/#primaryimage"},"image":{"@id":"https:\/\/www.rassegnastampa-totustuus.it\/cattolica\/gli-americani-che-aderiscono-a-una-religione-ora-sono-una-minoranza\/#primaryimage"},"thumbnailUrl":"https:\/\/www.rassegnastampa-totustuus.it\/cattolica\/wp-content\/uploads\/2021\/04\/America_Usa.png","datePublished":"2021-04-07T22:00:22+00:00","dateModified":"2025-07-29T14:48:12+00:00","description":"Gli americani che aderiscono a una religione ora sono una minoranza, lo dice il tradizionale sondaggio Gallup","breadcrumb":{"@id":"https:\/\/www.rassegnastampa-totustuus.it\/cattolica\/gli-americani-che-aderiscono-a-una-religione-ora-sono-una-minoranza\/#breadcrumb"},"inLanguage":"it-IT","potentialAction":[{"@type":"ReadAction","target":["https:\/\/www.rassegnastampa-totustuus.it\/cattolica\/gli-americani-che-aderiscono-a-una-religione-ora-sono-una-minoranza\/"]}]},{"@type":"ImageObject","inLanguage":"it-IT","@id":"https:\/\/www.rassegnastampa-totustuus.it\/cattolica\/gli-americani-che-aderiscono-a-una-religione-ora-sono-una-minoranza\/#primaryimage","url":"https:\/\/www.rassegnastampa-totustuus.it\/cattolica\/wp-content\/uploads\/2021\/04\/America_Usa.png","contentUrl":"https:\/\/www.rassegnastampa-totustuus.it\/cattolica\/wp-content\/uploads\/2021\/04\/America_Usa.png","width":2000,"height":1237},{"@type":"BreadcrumbList","@id":"https:\/\/www.rassegnastampa-totustuus.it\/cattolica\/gli-americani-che-aderiscono-a-una-religione-ora-sono-una-minoranza\/#breadcrumb","itemListElement":[{"@type":"ListItem","position":1,"name":"Home","item":"https:\/\/www.rassegnastampa-totustuus.it\/cattolica\/"},{"@type":"ListItem","position":2,"name":"Gli americani che aderiscono a una religione ora sono una minoranza"}]},{"@type":"WebSite","@id":"https:\/\/www.rassegnastampa-totustuus.it\/cattolica\/#website","url":"https:\/\/www.rassegnastampa-totustuus.it\/cattolica\/","name":"Rassegna Stampa Cattolica","description":"Per una cultura che nasce dalla Rivelazione cristiana in conformit\u00e0 alla tradizione e al Magistero della Chiesa in opposizione ad ogni relativismo e totalitarismo","publisher":{"@id":"https:\/\/www.rassegnastampa-totustuus.it\/cattolica\/#organization"},"alternateName":"Rass. Cattolica","potentialAction":[{"@type":"SearchAction","target":{"@type":"EntryPoint","urlTemplate":"https:\/\/www.rassegnastampa-totustuus.it\/cattolica\/?s={search_term_string}"},"query-input":{"@type":"PropertyValueSpecification","valueRequired":true,"valueName":"search_term_string"}}],"inLanguage":"it-IT"},{"@type":"Organization","@id":"https:\/\/www.rassegnastampa-totustuus.it\/cattolica\/#organization","name":"Rassegna Stampa Cattolica","url":"https:\/\/www.rassegnastampa-totustuus.it\/cattolica\/","logo":{"@type":"ImageObject","inLanguage":"it-IT","@id":"https:\/\/www.rassegnastampa-totustuus.it\/cattolica\/#\/schema\/logo\/image\/","url":"https:\/\/www.rassegnastampa-totustuus.it\/cattolica\/wp-content\/uploads\/2014\/04\/logo-rassegna1.gif","contentUrl":"https:\/\/www.rassegnastampa-totustuus.it\/cattolica\/wp-content\/uploads\/2014\/04\/logo-rassegna1.gif","width":600,"height":163,"caption":"Rassegna Stampa Cattolica"},"image":{"@id":"https:\/\/www.rassegnastampa-totustuus.it\/cattolica\/#\/schema\/logo\/image\/"},"sameAs":["https:\/\/www.facebook.com\/rassegnastampacattolica","https:\/\/x.com\/rassegnastampa9"]},{"@type":"Person","@id":"https:\/\/www.rassegnastampa-totustuus.it\/cattolica\/#\/schema\/person\/08f319d2bd1a0904ad9e2bfb7b15e5c3","name":"Redazione","image":{"@type":"ImageObject","inLanguage":"it-IT","@id":"https:\/\/secure.gravatar.com\/avatar\/2fcdf27c78ea025fbdb44e914cc63c72249ffec9dc8aafd5c82b26240ef3f346?s=96&d=mm&r=g","url":"https:\/\/secure.gravatar.com\/avatar\/2fcdf27c78ea025fbdb44e914cc63c72249ffec9dc8aafd5c82b26240ef3f346?s=96&d=mm&r=g","contentUrl":"https:\/\/secure.gravatar.com\/avatar\/2fcdf27c78ea025fbdb44e914cc63c72249ffec9dc8aafd5c82b26240ef3f346?s=96&d=mm&r=g","caption":"Redazione"},"url":"https:\/\/www.rassegnastampa-totustuus.it\/cattolica\/author\/pietroelle\/"}]}},"_links":{"self":[{"href":"https:\/\/www.rassegnastampa-totustuus.it\/cattolica\/wp-json\/wp\/v2\/posts\/50520","targetHints":{"allow":["GET"]}}],"collection":[{"href":"https:\/\/www.rassegnastampa-totustuus.it\/cattolica\/wp-json\/wp\/v2\/posts"}],"about":[{"href":"https:\/\/www.rassegnastampa-totustuus.it\/cattolica\/wp-json\/wp\/v2\/types\/post"}],"author":[{"embeddable":true,"href":"https:\/\/www.rassegnastampa-totustuus.it\/cattolica\/wp-json\/wp\/v2\/users\/6"}],"replies":[{"embeddable":true,"href":"https:\/\/www.rassegnastampa-totustuus.it\/cattolica\/wp-json\/wp\/v2\/comments?post=50520"}],"version-history":[{"count":3,"href":"https:\/\/www.rassegnastampa-totustuus.it\/cattolica\/wp-json\/wp\/v2\/posts\/50520\/revisions"}],"predecessor-version":[{"id":63705,"href":"https:\/\/www.rassegnastampa-totustuus.it\/cattolica\/wp-json\/wp\/v2\/posts\/50520\/revisions\/63705"}],"wp:featuredmedia":[{"embeddable":true,"href":"https:\/\/www.rassegnastampa-totustuus.it\/cattolica\/wp-json\/wp\/v2\/media\/50526"}],"wp:attachment":[{"href":"https:\/\/www.rassegnastampa-totustuus.it\/cattolica\/wp-json\/wp\/v2\/media?parent=50520"}],"wp:term":[{"taxonomy":"category","embeddable":true,"href":"https:\/\/www.rassegnastampa-totustuus.it\/cattolica\/wp-json\/wp\/v2\/categories?post=50520"},{"taxonomy":"post_tag","embeddable":true,"href":"https:\/\/www.rassegnastampa-totustuus.it\/cattolica\/wp-json\/wp\/v2\/tags?post=50520"}],"curies":[{"name":"wp","href":"https:\/\/api.w.org\/{rel}","templated":true}]}}