{"id":50379,"date":"2021-03-18T00:00:16","date_gmt":"2021-03-17T23:00:16","guid":{"rendered":"http:\/\/www.rassegnastampa-totustuus.it\/cattolica\/?p=50379"},"modified":"2025-07-31T18:01:07","modified_gmt":"2025-07-31T16:01:07","slug":"cliniche-per-il-controllo-delle-nascite-100-anni-di-eugenetica-e-razzismo","status":"publish","type":"post","link":"https:\/\/www.rassegnastampa-totustuus.it\/cattolica\/cliniche-per-il-controllo-delle-nascite-100-anni-di-eugenetica-e-razzismo\/","title":{"rendered":"Cliniche per il controllo delle nascite, 100 anni di eugenetica e razzismo"},"content":{"rendered":"\n<p class=\"has-text-align-center\"><span style=\"color: #000000;\"><strong><a href=\"https:\/\/lanuovabq.it\/it\" target=\"_blank\" rel=\"noreferrer noopener\">La Nuova Bussola quotidiana<\/a> <\/strong>17 Marzo 2021<\/span><\/p>\n\n\n\n<p><span style=\"color: #000000;\"><em>Il 17 marzo 1821 Marie Stopes apriva a Londra la prima clinica per il controllo delle nascite. \u00c8 considerata uno dei pi\u00f9 grandi successi umanitari, ma in realt\u00e0 \u00e8 un&#8217;opera della Societ\u00e0 Eugenetica che con la clinica aveva lo scopo di impedire la riproduzione di poveri e malati. E l&#8217;influenza eugenetica a danno delle donne dura tuttora sotto gli slogan di &#8220;scelta&#8221; e &#8220;libert\u00e0&#8221;.<\/em><\/span><\/p>\n\n\n\n<p class=\"has-text-align-center\"><strong><span style=\"color: #000000;\">Patricia Gooding-Williams<\/span> <\/strong><\/p>\n\n\n<div class=\"wp-block-image\">\n<figure class=\"aligncenter size-full is-resized\"><a href=\"https:\/\/www.rassegnastampa-totustuus.it\/cattolica\/wp-content\/uploads\/2020\/05\/aborto_Marie_Stopes_International-1.jpg\"><img loading=\"lazy\" decoding=\"async\" width=\"194\" height=\"259\" src=\"https:\/\/www.rassegnastampa-totustuus.it\/cattolica\/wp-content\/uploads\/2020\/05\/aborto_Marie_Stopes_International-1.jpg\" alt=\"\" class=\"wp-image-47262\" style=\"width:214px;height:auto\"\/><\/a><\/figure><\/div>\n\n\n<!--more-->\n\n\n\n<p><span style=\"color: #000000;\">Esattamente cento anni fa, il 17 marzo 1921, fu inaugurata la prima clinica di pianificazione familiare della Gran Bretagna al 61 di Marlborough Road, Holloway, Londra. Le celebrazioni ufficiali del centenario indicano l&#8217;evento come uno dei pi\u00f9 grandi successi umanitari del secolo scorso. Ma in realt\u00e0 il valore di questo evento pu\u00f2 essere compreso soltanto se si riconosce e si fanno i conti con il movimento eugenetico, che \u00e8 stato la chiave per l&#8217;apertura della prima Mother\u2019s Clinic (questo era il nome ufficiale). Aprire un capitolo della storia britannica tanto vergognoso quanto doloroso potrebbe rovinare le celebrazioni, ma aprirebbe un dibattito oggi pi\u00f9 che mai necessario su quale influenza ha avuto l&#8217;eugenetica sulle attuali pratiche di controllo della popolazione.<\/span><\/p>\n\n\n<div class=\"wp-block-image\">\n<figure class=\"aligncenter is-resized\"><a href=\"https:\/\/www.rassegnastampa-totustuus.it\/cattolica\/wp-content\/uploads\/2018\/05\/eugenetica.jpg\"><img loading=\"lazy\" decoding=\"async\" width=\"182\" height=\"277\" src=\"https:\/\/www.rassegnastampa-totustuus.it\/cattolica\/wp-content\/uploads\/2018\/05\/eugenetica.jpg\" alt=\"\" class=\"wp-image-40304\" style=\"width:248px;height:auto\"\/><\/a><\/figure><\/div>\n\n\n<p><span style=\"color: #000000;\"><strong> Il movimento eugenetico \u00e8 diventato potente in Gran Bretagna all&#8217;inizio del XX secolo.<\/strong> La sua missione era prendere il controllo della natalit\u00e0 e creare una razza superiore attraverso la procreazione selettiva. Il tasso di natalit\u00e0 complessivo della Gran Bretagna era in calo dal 1876, il problema per gli eugenisti era che la riduzione non era uniformemente distribuita tra tutte le classi sociali. Le persone pi\u00f9 povere in Gran Bretagna erano le pi\u00f9 prolifiche e questo implicava un &#8220;deterioramento nazionale&#8221; della razza, un disastro per le generazioni future e per l&#8217;impero britannico. La loro soluzione \u00e8 stata quella di correggere lo squilibrio eliminando poveri, malati e disabili. L&#8217;introduzione della pianificazione familiare nel 1921 serviva a questo scopo. <\/span><\/p>\n\n\n\n<p><span style=\"color: #000000;\"><strong>L&#8217;eugenetica, che significa &#8220;nascere bene&#8221;, era considerata una scienza rispettabile dall&#8217;\u00e9lite.<\/strong> Il movimento contava alcuni dei britannici pi\u00f9 importanti e influenti di quell&#8217;epoca. Includevano: John Maynard Keynes, Lady Constance Lytton, Bertrand Russell, George Bernard Shaw, HG Wells, nonch\u00e9 membri senior dell&#8217;establishment politico come Winston Churchill e influenti professionisti medici come Sir James Barr, ex presidente della British Medical Association. Barr doveva poi diventare vicepresidente della <em>Society for Constructive Birth Control and Racial Progress<\/em> (&#8220;CBC&#8221;), l&#8217;organizzazione di supporto della Mother\u2019s Clinic. Winston Churchill divenne Primo Ministro del Regno Unito dal 1940 al 1945 (durante la Seconda guerra mondiale) e di nuovo dal 1951 al 1955.<\/span><\/p>\n\n\n<div class=\"wp-block-image\">\n<figure class=\"aligncenter is-resized\"><a href=\"https:\/\/www.rassegnastampa-totustuus.it\/cattolica\/wp-content\/uploads\/2020\/10\/Winston_Churchill.jpg\"><img loading=\"lazy\" decoding=\"async\" width=\"199\" height=\"253\" src=\"https:\/\/www.rassegnastampa-totustuus.it\/cattolica\/wp-content\/uploads\/2020\/10\/Winston_Churchill.jpg\" alt=\"\" class=\"wp-image-48709\" style=\"width:235px;height:auto\"\/><\/a><\/figure><\/div>\n\n\n<p><strong>Una lettera scritta da Winston Churchill nel 1910 <span style=\"color: #000000;\">al primo ministro Henry Asquith,<\/span><\/strong><span style=\"color: #000000;\"> fa capire come lui e molti membri del movimento eugenetico valutassero lo squilibrio della popolazione in quel momento. &#8220;La crescita innaturale e sempre pi\u00f9 rapida delle classi di deboli di mente e di pazzi, unita com&#8217;\u00e8 a una costante restrizione delle fasce di popolazione giudiziose, energiche e superiori, costituisce un pericolo nazionale e razziale che \u00e8 impossibile esagerare&#8221;. <\/span><\/p>\n\n\n\n<p><span style=\"color: #000000;\"><strong>Nel 1921 la Societ\u00e0 Eugenetica aveva gi\u00e0 consolidato un impatto sulla societ\u00e0.<\/strong> Il manifesto della CBC prendeva di mira coloro che erano considerati non idonei alla genitorialit\u00e0. Affermava: \u201cPER QUANTO RIGUARDA LA POPOLAZIONE ATTUALE. Diciamo che purtroppo ci sono molti uomini e donne a cui dovrebbe essere impedito del tutto di procreare figli, a causa della loro cattiva salute individuale o della natura malata e degenerata della prole che ci si pu\u00f2 aspettare che producano. Queste considerazioni non si applicherebbero a un mondo migliore e pi\u00f9 sano&#8221;. <\/span><\/p>\n\n\n\n<p><span style=\"color: #000000;\"><strong>Non \u00e8 un caso, quindi, che la prima clinica per il controllo delle nascite<\/strong> e quelle aperte successivamente, fossero concentrate in zone povere e disagiate di Londra. La Mother\u2019s Clinic, aperta e finanziata dalla dottoressa Marie Stopes e dal suo secondo marito, Humphrey Roe &#8211; entrambi membri attivi della Societ\u00e0 Eugenetica &#8211; mirava a ridurre il tasso di natalit\u00e0 delle classi inferiori. Ironia della sorte, <a style=\"color: #000000;\" href=\"https:\/\/embryo.asu.edu\/pages\/mothers-clinic\">la clinica era arredata <\/a>in &#8220;(colori) blu e bianco accoglienti, con un vaso di fiori freschi alla reception e carta da parati che mostrava bambini sorridenti&#8221; per rassicurare le donne [non avevano nulla contro le famiglie] che cercavano il suo consiglio e i suoi servizi. <\/span><\/p>\n\n\n<div class=\"wp-block-image\">\n<figure class=\"aligncenter is-resized\"><a href=\"https:\/\/www.rassegnastampa-totustuus.it\/cattolica\/wp-content\/uploads\/2012\/11\/eugenetica.jpg\"><img loading=\"lazy\" decoding=\"async\" width=\"261\" height=\"193\" src=\"https:\/\/www.rassegnastampa-totustuus.it\/cattolica\/wp-content\/uploads\/2012\/11\/eugenetica.jpg\" alt=\"\" class=\"wp-image-31817\" style=\"width:409px;height:auto\"\/><\/a><\/figure><\/div>\n\n\n<p><span style=\"color: #000000;\">Uno staff di sole donne forniva istruzioni sul controllo delle nascite e offriva dispositivi contraccettivi gratuitamente alle donne povere e della classe operaia. Per coloro che non si avvalevano del servizio, Stopes promosse una campagna a favore di leggi per costringerle obbligatoriamente a sterilizzarsi e nel frattempo spingeva perch\u00e9 alle donne fosse applicata la <a style=\"color: #000000;\" href=\"https:\/\/mashable.com\/2015\/06\/07\/early-birth-control\/?europe=true\">Gold Pin<\/a> (un meccanismo intrauterino in oro) che induce l&#8217;aborto. <\/span><\/p>\n\n\n\n<p><span style=\"color: #000000;\"><strong>Nonostante ci\u00f2, il primo tentativo della Gran Bretagna di imporre la procreazione selettiva <\/strong>\u00e8 passato con successo con il pretesto dei diritti delle donne e della libert\u00e0 riproduttiva. Marie Stopes ha cos\u00ec guadagnato meriti e le \u00e8 stato riconosciuto un ruolo importante nella storia femminista per aver liberato le donne dalla schiavit\u00f9 sessuale per godersi una vita di uguaglianza sessuale. <\/span><\/p>\n\n\n<div class=\"wp-block-image\">\n<figure class=\"aligncenter is-resized\"><a href=\"https:\/\/www.rassegnastampa-totustuus.it\/cattolica\/wp-content\/uploads\/2009\/03\/eugenetica.jpg\"><img loading=\"lazy\" decoding=\"async\" width=\"238\" height=\"212\" src=\"https:\/\/www.rassegnastampa-totustuus.it\/cattolica\/wp-content\/uploads\/2009\/03\/eugenetica.jpg\" alt=\"\" class=\"wp-image-29822\" style=\"width:322px;height:auto\"\/><\/a><\/figure><\/div>\n\n\n<p><span style=\"color: #000000;\"><strong>Anche dopo la sua morte, nel 1958, l&#8217;eugenetica di Marie Stopes ha continuato ad avere un impatto sulla societ\u00e0.<\/strong> A suo nome, sono state aperte<\/span><span style=\"color: #0000ff;\"><a style=\"color: #0000ff;\" href=\"https:\/\/www.msichoices.org\/where-we-work\/\" target=\"_blank\" rel=\"noopener noreferrer\"> oltre 600 cliniche<\/a><\/span> <span style=\"color: #000000;\"><em>Marie Stopes International i<\/em>n tutto il mondo e il suo sito web vanta fino ad oggi 31 milioni di aborti. Ma, quando le visioni eugenetiche estreme della Stopes alla fine sono emerse e il suo nome \u00e8 diventato pi\u00f9 di imbarazzo che di aiuto, l&#8217;organizzazione nel novembre 2020 ha abbandonato il suo nome rinominandosi <em>MSI Reproductive Choices<\/em>. Ma le organizzazioni pro-life affermano che <em>MSI Reproductive Choices<\/em> continua a seguire gli stessi princ\u00ecpi eugenetici voluti da Marie Stopes, qualunque sia il nome con cui decidono di chiamarsi. Quello che \u00e8 iniziato come un esperimento per controllare la popolazione pi\u00f9 povera della Gran Bretagna \u2013 dicono &#8211; si \u00e8 diffuso e si \u00e8 sviluppato in <a style=\"color: #000000;\" href=\"https:\/\/www.bbc.com\/news\/magazine-15449959\">un controllo autoritario <\/a>sui pi\u00f9 poveri in tutto il mondo. <\/span><\/p>\n\n\n\n<p><span style=\"color: #000000;\"><strong>Fin dalle sue origini, il movimento eugenetico ha suscitato diverse critiche<\/strong>, le pi\u00f9 feroci da parte della Chiesa cattolica. Tuttavia, \u00e8 stato solo quando \u00e8 stato associato alla Germania nazista e all&#8217;Olocausto dopo la Seconda guerra mondiale, che ha perso la maggior parte della sua influenza. Gli avvocati ai processi di Norimberga dal 1945 al 1946 hanno legittimamente sottolineato che c&#8217;era poca differenza tra i programmi di eugenetica nazista e i programmi in essere nei paesi europei e in America durante lo stesso periodo. E anche se le politiche eugenetiche furono in gran parte abbandonate nei decenni successivi, il pensiero eugenetico sopravvisse rendendosi appetibile per un pubblico moderno. Gli eugenisti post-1945 scoprirono che adattando alla nuova realt\u00e0 obiettivi e messaggi, i metodi sostenuti potevano rimanere gli stessi. Hanno iniziato rimuovendo la parola eugenetica dall&#8217;uso comune e sostituita con la terminologia medica o con slogan popolari come &#8220;scelta&#8221; e &#8220;libert\u00e0&#8221;. <\/span><\/p>\n\n\n<div class=\"wp-block-image\">\n<figure class=\"aligncenter is-resized\"><a href=\"https:\/\/www.rassegnastampa-totustuus.it\/cattolica\/wp-content\/uploads\/2004\/11\/eugenetica.jpg\"><img loading=\"lazy\" decoding=\"async\" width=\"251\" height=\"201\" src=\"https:\/\/www.rassegnastampa-totustuus.it\/cattolica\/wp-content\/uploads\/2004\/11\/eugenetica.jpg\" alt=\"\" class=\"wp-image-28427\" style=\"width:365px;height:auto\"\/><\/a><\/figure><\/div>\n\n\n<p><span style=\"color: #000000;\"><strong>Un ottimo esempio di questa strategia \u00e8 ancora in Gran Bretagna.<\/strong> Nel 1989, visti i vantaggi di presentarsi con una veste nuova, la Societ\u00e0 Eugenetica si \u00e8 rinominata <em>The Galton Institute<\/em>. Tuttavia Francis Galton, cos\u00ec come successivamente Marie Stopes, ha svolto un ruolo chiave nel lancio del movimento eugenetico in Gran Bretagna e negli Stati Uniti. Ha anche coniato il termine eugenetica. Per\u00f2 l&#8217;uso del suo nome ha permesso all&#8217;istituto di continuare il suo lavoro e di esercitare la sua influenza nel mondo accademico. <\/span><\/p>\n\n\n\n<p><span style=\"color: #000000;\"><strong>E\u2019 un grave errore del pensiero contemporaneo, dicono i critici,<\/strong> relegare l&#8217;eugenetica al passato, quando invece i valori che ne sono alla base sono ben vivi. Almeno, la discriminazione razziale di cui le donne sono state e sono ancora vittime a causa dei programmi di controllo della popolazione, merita pi\u00f9 di un timido cenno. E ci sono altre domande scomode che richiedono risposte, come ad esempio quale influenza abbiano avuto l&#8217;eugenetica e le tecnologie per il controllo delle nascite sulle dimensioni, la composizione e il benessere della societ\u00e0, anche se questo significa approfondire un capitolo controverso della storia britannica. Ma sono queste le questioni spinose che queste celebrazioni del centenario dovrebbero affrontare, se vogliono essere considerate con rispetto.<\/span><\/p>\n","protected":false},"excerpt":{"rendered":"<p>La Nuova Bussola quotidiana 17 Marzo 2021 Il 17 marzo 1821 Marie Stopes apriva a Londra la prima clinica per il controllo delle nascite. \u00c8 considerata uno dei pi\u00f9 grandi successi umanitari, ma in realt\u00e0 \u00e8 un&#8217;opera della Societ\u00e0 Eugenetica che con la clinica aveva lo scopo di impedire la riproduzione di poveri e malati. &hellip; <\/p>\n<p><a class=\"more-link btn\" href=\"https:\/\/www.rassegnastampa-totustuus.it\/cattolica\/cliniche-per-il-controllo-delle-nascite-100-anni-di-eugenetica-e-razzismo\/\">Continua a leggere<\/a><\/p>\n","protected":false},"author":6,"featured_media":50380,"comment_status":"closed","ping_status":"closed","sticky":false,"template":"","format":"standard","meta":{"footnotes":""},"categories":[2,4,117],"tags":[3242],"class_list":["post-50379","post","type-post","status-publish","format-standard","has-post-thumbnail","hentry","category-aborto","category-bioetica","category-eugenetica","tag-controllo-delle-nascite","item-wrap"],"yoast_head":"<!-- This site is optimized with the Yoast SEO plugin v27.5 - https:\/\/yoast.com\/product\/yoast-seo-wordpress\/ -->\n<title>Cliniche per il controllo delle nascite, 100 anni di eugenetica e razzismo - Rassegna Stampa Cattolica<\/title>\n<meta name=\"description\" content=\"Cliniche per il controllo delle nascite, 100 anni di eugenetica e razzismo\" \/>\n<meta name=\"robots\" content=\"index, follow, max-snippet:-1, max-image-preview:large, max-video-preview:-1\" \/>\n<link rel=\"canonical\" href=\"https:\/\/www.rassegnastampa-totustuus.it\/cattolica\/cliniche-per-il-controllo-delle-nascite-100-anni-di-eugenetica-e-razzismo\/\" \/>\n<meta property=\"og:locale\" content=\"it_IT\" \/>\n<meta property=\"og:type\" content=\"article\" \/>\n<meta property=\"og:title\" content=\"Cliniche per il controllo delle nascite, 100 anni di eugenetica e razzismo - Rassegna Stampa Cattolica\" \/>\n<meta property=\"og:description\" content=\"Cliniche per il controllo delle nascite, 100 anni di eugenetica e razzismo\" \/>\n<meta property=\"og:url\" content=\"https:\/\/www.rassegnastampa-totustuus.it\/cattolica\/cliniche-per-il-controllo-delle-nascite-100-anni-di-eugenetica-e-razzismo\/\" \/>\n<meta property=\"og:site_name\" content=\"Rassegna Stampa Cattolica\" \/>\n<meta property=\"article:publisher\" content=\"https:\/\/www.facebook.com\/rassegnastampacattolica\" \/>\n<meta property=\"article:published_time\" content=\"2021-03-17T23:00:16+00:00\" \/>\n<meta property=\"article:modified_time\" content=\"2025-07-31T16:01:07+00:00\" \/>\n<meta property=\"og:image\" content=\"https:\/\/www.rassegnastampa-totustuus.it\/cattolica\/wp-content\/uploads\/2021\/03\/eugenetica.jpg\" \/>\n\t<meta property=\"og:image:width\" content=\"1280\" \/>\n\t<meta property=\"og:image:height\" content=\"720\" \/>\n\t<meta property=\"og:image:type\" content=\"image\/jpeg\" \/>\n<meta name=\"author\" content=\"Redazione\" \/>\n<meta name=\"twitter:card\" content=\"summary_large_image\" \/>\n<meta name=\"twitter:creator\" content=\"@rassegnastampa9\" \/>\n<meta name=\"twitter:site\" content=\"@rassegnastampa9\" \/>\n<meta name=\"twitter:label1\" content=\"Scritto da\" \/>\n\t<meta name=\"twitter:data1\" content=\"Redazione\" \/>\n\t<meta name=\"twitter:label2\" content=\"Tempo di lettura stimato\" \/>\n\t<meta name=\"twitter:data2\" content=\"9 minuti\" \/>\n<script type=\"application\/ld+json\" class=\"yoast-schema-graph\">{\"@context\":\"https:\\\/\\\/schema.org\",\"@graph\":[{\"@type\":\"Article\",\"@id\":\"https:\\\/\\\/www.rassegnastampa-totustuus.it\\\/cattolica\\\/cliniche-per-il-controllo-delle-nascite-100-anni-di-eugenetica-e-razzismo\\\/#article\",\"isPartOf\":{\"@id\":\"https:\\\/\\\/www.rassegnastampa-totustuus.it\\\/cattolica\\\/cliniche-per-il-controllo-delle-nascite-100-anni-di-eugenetica-e-razzismo\\\/\"},\"author\":{\"name\":\"Redazione\",\"@id\":\"https:\\\/\\\/www.rassegnastampa-totustuus.it\\\/cattolica\\\/#\\\/schema\\\/person\\\/08f319d2bd1a0904ad9e2bfb7b15e5c3\"},\"headline\":\"Cliniche per il controllo delle nascite, 100 anni di eugenetica e razzismo\",\"datePublished\":\"2021-03-17T23:00:16+00:00\",\"dateModified\":\"2025-07-31T16:01:07+00:00\",\"mainEntityOfPage\":{\"@id\":\"https:\\\/\\\/www.rassegnastampa-totustuus.it\\\/cattolica\\\/cliniche-per-il-controllo-delle-nascite-100-anni-di-eugenetica-e-razzismo\\\/\"},\"wordCount\":1304,\"publisher\":{\"@id\":\"https:\\\/\\\/www.rassegnastampa-totustuus.it\\\/cattolica\\\/#organization\"},\"image\":{\"@id\":\"https:\\\/\\\/www.rassegnastampa-totustuus.it\\\/cattolica\\\/cliniche-per-il-controllo-delle-nascite-100-anni-di-eugenetica-e-razzismo\\\/#primaryimage\"},\"thumbnailUrl\":\"https:\\\/\\\/www.rassegnastampa-totustuus.it\\\/cattolica\\\/wp-content\\\/uploads\\\/2021\\\/03\\\/eugenetica.jpg\",\"keywords\":[\"controllo delle nascite\"],\"articleSection\":[\"Aborto\",\"Bioetica\",\"Eugenetica\"],\"inLanguage\":\"it-IT\"},{\"@type\":\"WebPage\",\"@id\":\"https:\\\/\\\/www.rassegnastampa-totustuus.it\\\/cattolica\\\/cliniche-per-il-controllo-delle-nascite-100-anni-di-eugenetica-e-razzismo\\\/\",\"url\":\"https:\\\/\\\/www.rassegnastampa-totustuus.it\\\/cattolica\\\/cliniche-per-il-controllo-delle-nascite-100-anni-di-eugenetica-e-razzismo\\\/\",\"name\":\"Cliniche per il controllo delle nascite, 100 anni di eugenetica e razzismo - Rassegna Stampa Cattolica\",\"isPartOf\":{\"@id\":\"https:\\\/\\\/www.rassegnastampa-totustuus.it\\\/cattolica\\\/#website\"},\"primaryImageOfPage\":{\"@id\":\"https:\\\/\\\/www.rassegnastampa-totustuus.it\\\/cattolica\\\/cliniche-per-il-controllo-delle-nascite-100-anni-di-eugenetica-e-razzismo\\\/#primaryimage\"},\"image\":{\"@id\":\"https:\\\/\\\/www.rassegnastampa-totustuus.it\\\/cattolica\\\/cliniche-per-il-controllo-delle-nascite-100-anni-di-eugenetica-e-razzismo\\\/#primaryimage\"},\"thumbnailUrl\":\"https:\\\/\\\/www.rassegnastampa-totustuus.it\\\/cattolica\\\/wp-content\\\/uploads\\\/2021\\\/03\\\/eugenetica.jpg\",\"datePublished\":\"2021-03-17T23:00:16+00:00\",\"dateModified\":\"2025-07-31T16:01:07+00:00\",\"description\":\"Cliniche per il controllo delle nascite, 100 anni di eugenetica e razzismo\",\"breadcrumb\":{\"@id\":\"https:\\\/\\\/www.rassegnastampa-totustuus.it\\\/cattolica\\\/cliniche-per-il-controllo-delle-nascite-100-anni-di-eugenetica-e-razzismo\\\/#breadcrumb\"},\"inLanguage\":\"it-IT\",\"potentialAction\":[{\"@type\":\"ReadAction\",\"target\":[\"https:\\\/\\\/www.rassegnastampa-totustuus.it\\\/cattolica\\\/cliniche-per-il-controllo-delle-nascite-100-anni-di-eugenetica-e-razzismo\\\/\"]}]},{\"@type\":\"ImageObject\",\"inLanguage\":\"it-IT\",\"@id\":\"https:\\\/\\\/www.rassegnastampa-totustuus.it\\\/cattolica\\\/cliniche-per-il-controllo-delle-nascite-100-anni-di-eugenetica-e-razzismo\\\/#primaryimage\",\"url\":\"https:\\\/\\\/www.rassegnastampa-totustuus.it\\\/cattolica\\\/wp-content\\\/uploads\\\/2021\\\/03\\\/eugenetica.jpg\",\"contentUrl\":\"https:\\\/\\\/www.rassegnastampa-totustuus.it\\\/cattolica\\\/wp-content\\\/uploads\\\/2021\\\/03\\\/eugenetica.jpg\",\"width\":1280,\"height\":720},{\"@type\":\"BreadcrumbList\",\"@id\":\"https:\\\/\\\/www.rassegnastampa-totustuus.it\\\/cattolica\\\/cliniche-per-il-controllo-delle-nascite-100-anni-di-eugenetica-e-razzismo\\\/#breadcrumb\",\"itemListElement\":[{\"@type\":\"ListItem\",\"position\":1,\"name\":\"Home\",\"item\":\"https:\\\/\\\/www.rassegnastampa-totustuus.it\\\/cattolica\\\/\"},{\"@type\":\"ListItem\",\"position\":2,\"name\":\"Cliniche per il controllo delle nascite, 100 anni di eugenetica e razzismo\"}]},{\"@type\":\"WebSite\",\"@id\":\"https:\\\/\\\/www.rassegnastampa-totustuus.it\\\/cattolica\\\/#website\",\"url\":\"https:\\\/\\\/www.rassegnastampa-totustuus.it\\\/cattolica\\\/\",\"name\":\"Rassegna Stampa Cattolica\",\"description\":\"Per una cultura che nasce dalla Rivelazione cristiana in conformit\u00e0 alla tradizione e al Magistero della Chiesa in opposizione ad ogni relativismo e totalitarismo\",\"publisher\":{\"@id\":\"https:\\\/\\\/www.rassegnastampa-totustuus.it\\\/cattolica\\\/#organization\"},\"alternateName\":\"Rass. Cattolica\",\"potentialAction\":[{\"@type\":\"SearchAction\",\"target\":{\"@type\":\"EntryPoint\",\"urlTemplate\":\"https:\\\/\\\/www.rassegnastampa-totustuus.it\\\/cattolica\\\/?s={search_term_string}\"},\"query-input\":{\"@type\":\"PropertyValueSpecification\",\"valueRequired\":true,\"valueName\":\"search_term_string\"}}],\"inLanguage\":\"it-IT\"},{\"@type\":\"Organization\",\"@id\":\"https:\\\/\\\/www.rassegnastampa-totustuus.it\\\/cattolica\\\/#organization\",\"name\":\"Rassegna Stampa Cattolica\",\"url\":\"https:\\\/\\\/www.rassegnastampa-totustuus.it\\\/cattolica\\\/\",\"logo\":{\"@type\":\"ImageObject\",\"inLanguage\":\"it-IT\",\"@id\":\"https:\\\/\\\/www.rassegnastampa-totustuus.it\\\/cattolica\\\/#\\\/schema\\\/logo\\\/image\\\/\",\"url\":\"https:\\\/\\\/www.rassegnastampa-totustuus.it\\\/cattolica\\\/wp-content\\\/uploads\\\/2014\\\/04\\\/logo-rassegna1.gif\",\"contentUrl\":\"https:\\\/\\\/www.rassegnastampa-totustuus.it\\\/cattolica\\\/wp-content\\\/uploads\\\/2014\\\/04\\\/logo-rassegna1.gif\",\"width\":600,\"height\":163,\"caption\":\"Rassegna Stampa Cattolica\"},\"image\":{\"@id\":\"https:\\\/\\\/www.rassegnastampa-totustuus.it\\\/cattolica\\\/#\\\/schema\\\/logo\\\/image\\\/\"},\"sameAs\":[\"https:\\\/\\\/www.facebook.com\\\/rassegnastampacattolica\",\"https:\\\/\\\/x.com\\\/rassegnastampa9\"]},{\"@type\":\"Person\",\"@id\":\"https:\\\/\\\/www.rassegnastampa-totustuus.it\\\/cattolica\\\/#\\\/schema\\\/person\\\/08f319d2bd1a0904ad9e2bfb7b15e5c3\",\"name\":\"Redazione\",\"image\":{\"@type\":\"ImageObject\",\"inLanguage\":\"it-IT\",\"@id\":\"https:\\\/\\\/secure.gravatar.com\\\/avatar\\\/2fcdf27c78ea025fbdb44e914cc63c72249ffec9dc8aafd5c82b26240ef3f346?s=96&d=mm&r=g\",\"url\":\"https:\\\/\\\/secure.gravatar.com\\\/avatar\\\/2fcdf27c78ea025fbdb44e914cc63c72249ffec9dc8aafd5c82b26240ef3f346?s=96&d=mm&r=g\",\"contentUrl\":\"https:\\\/\\\/secure.gravatar.com\\\/avatar\\\/2fcdf27c78ea025fbdb44e914cc63c72249ffec9dc8aafd5c82b26240ef3f346?s=96&d=mm&r=g\",\"caption\":\"Redazione\"},\"url\":\"https:\\\/\\\/www.rassegnastampa-totustuus.it\\\/cattolica\\\/author\\\/pietroelle\\\/\"}]}<\/script>\n<!-- \/ Yoast SEO plugin. -->","yoast_head_json":{"title":"Cliniche per il controllo delle nascite, 100 anni di eugenetica e razzismo - Rassegna Stampa Cattolica","description":"Cliniche per il controllo delle nascite, 100 anni di eugenetica e razzismo","robots":{"index":"index","follow":"follow","max-snippet":"max-snippet:-1","max-image-preview":"max-image-preview:large","max-video-preview":"max-video-preview:-1"},"canonical":"https:\/\/www.rassegnastampa-totustuus.it\/cattolica\/cliniche-per-il-controllo-delle-nascite-100-anni-di-eugenetica-e-razzismo\/","og_locale":"it_IT","og_type":"article","og_title":"Cliniche per il controllo delle nascite, 100 anni di eugenetica e razzismo - Rassegna Stampa Cattolica","og_description":"Cliniche per il controllo delle nascite, 100 anni di eugenetica e razzismo","og_url":"https:\/\/www.rassegnastampa-totustuus.it\/cattolica\/cliniche-per-il-controllo-delle-nascite-100-anni-di-eugenetica-e-razzismo\/","og_site_name":"Rassegna Stampa Cattolica","article_publisher":"https:\/\/www.facebook.com\/rassegnastampacattolica","article_published_time":"2021-03-17T23:00:16+00:00","article_modified_time":"2025-07-31T16:01:07+00:00","og_image":[{"width":1280,"height":720,"url":"https:\/\/www.rassegnastampa-totustuus.it\/cattolica\/wp-content\/uploads\/2021\/03\/eugenetica.jpg","type":"image\/jpeg"}],"author":"Redazione","twitter_card":"summary_large_image","twitter_creator":"@rassegnastampa9","twitter_site":"@rassegnastampa9","twitter_misc":{"Scritto da":"Redazione","Tempo di lettura stimato":"9 minuti"},"schema":{"@context":"https:\/\/schema.org","@graph":[{"@type":"Article","@id":"https:\/\/www.rassegnastampa-totustuus.it\/cattolica\/cliniche-per-il-controllo-delle-nascite-100-anni-di-eugenetica-e-razzismo\/#article","isPartOf":{"@id":"https:\/\/www.rassegnastampa-totustuus.it\/cattolica\/cliniche-per-il-controllo-delle-nascite-100-anni-di-eugenetica-e-razzismo\/"},"author":{"name":"Redazione","@id":"https:\/\/www.rassegnastampa-totustuus.it\/cattolica\/#\/schema\/person\/08f319d2bd1a0904ad9e2bfb7b15e5c3"},"headline":"Cliniche per il controllo delle nascite, 100 anni di eugenetica e razzismo","datePublished":"2021-03-17T23:00:16+00:00","dateModified":"2025-07-31T16:01:07+00:00","mainEntityOfPage":{"@id":"https:\/\/www.rassegnastampa-totustuus.it\/cattolica\/cliniche-per-il-controllo-delle-nascite-100-anni-di-eugenetica-e-razzismo\/"},"wordCount":1304,"publisher":{"@id":"https:\/\/www.rassegnastampa-totustuus.it\/cattolica\/#organization"},"image":{"@id":"https:\/\/www.rassegnastampa-totustuus.it\/cattolica\/cliniche-per-il-controllo-delle-nascite-100-anni-di-eugenetica-e-razzismo\/#primaryimage"},"thumbnailUrl":"https:\/\/www.rassegnastampa-totustuus.it\/cattolica\/wp-content\/uploads\/2021\/03\/eugenetica.jpg","keywords":["controllo delle nascite"],"articleSection":["Aborto","Bioetica","Eugenetica"],"inLanguage":"it-IT"},{"@type":"WebPage","@id":"https:\/\/www.rassegnastampa-totustuus.it\/cattolica\/cliniche-per-il-controllo-delle-nascite-100-anni-di-eugenetica-e-razzismo\/","url":"https:\/\/www.rassegnastampa-totustuus.it\/cattolica\/cliniche-per-il-controllo-delle-nascite-100-anni-di-eugenetica-e-razzismo\/","name":"Cliniche per il controllo delle nascite, 100 anni di eugenetica e razzismo - Rassegna Stampa Cattolica","isPartOf":{"@id":"https:\/\/www.rassegnastampa-totustuus.it\/cattolica\/#website"},"primaryImageOfPage":{"@id":"https:\/\/www.rassegnastampa-totustuus.it\/cattolica\/cliniche-per-il-controllo-delle-nascite-100-anni-di-eugenetica-e-razzismo\/#primaryimage"},"image":{"@id":"https:\/\/www.rassegnastampa-totustuus.it\/cattolica\/cliniche-per-il-controllo-delle-nascite-100-anni-di-eugenetica-e-razzismo\/#primaryimage"},"thumbnailUrl":"https:\/\/www.rassegnastampa-totustuus.it\/cattolica\/wp-content\/uploads\/2021\/03\/eugenetica.jpg","datePublished":"2021-03-17T23:00:16+00:00","dateModified":"2025-07-31T16:01:07+00:00","description":"Cliniche per il controllo delle nascite, 100 anni di eugenetica e razzismo","breadcrumb":{"@id":"https:\/\/www.rassegnastampa-totustuus.it\/cattolica\/cliniche-per-il-controllo-delle-nascite-100-anni-di-eugenetica-e-razzismo\/#breadcrumb"},"inLanguage":"it-IT","potentialAction":[{"@type":"ReadAction","target":["https:\/\/www.rassegnastampa-totustuus.it\/cattolica\/cliniche-per-il-controllo-delle-nascite-100-anni-di-eugenetica-e-razzismo\/"]}]},{"@type":"ImageObject","inLanguage":"it-IT","@id":"https:\/\/www.rassegnastampa-totustuus.it\/cattolica\/cliniche-per-il-controllo-delle-nascite-100-anni-di-eugenetica-e-razzismo\/#primaryimage","url":"https:\/\/www.rassegnastampa-totustuus.it\/cattolica\/wp-content\/uploads\/2021\/03\/eugenetica.jpg","contentUrl":"https:\/\/www.rassegnastampa-totustuus.it\/cattolica\/wp-content\/uploads\/2021\/03\/eugenetica.jpg","width":1280,"height":720},{"@type":"BreadcrumbList","@id":"https:\/\/www.rassegnastampa-totustuus.it\/cattolica\/cliniche-per-il-controllo-delle-nascite-100-anni-di-eugenetica-e-razzismo\/#breadcrumb","itemListElement":[{"@type":"ListItem","position":1,"name":"Home","item":"https:\/\/www.rassegnastampa-totustuus.it\/cattolica\/"},{"@type":"ListItem","position":2,"name":"Cliniche per il controllo delle nascite, 100 anni di eugenetica e razzismo"}]},{"@type":"WebSite","@id":"https:\/\/www.rassegnastampa-totustuus.it\/cattolica\/#website","url":"https:\/\/www.rassegnastampa-totustuus.it\/cattolica\/","name":"Rassegna Stampa Cattolica","description":"Per una cultura che nasce dalla Rivelazione cristiana in conformit\u00e0 alla tradizione e al Magistero della Chiesa in opposizione ad ogni relativismo e totalitarismo","publisher":{"@id":"https:\/\/www.rassegnastampa-totustuus.it\/cattolica\/#organization"},"alternateName":"Rass. Cattolica","potentialAction":[{"@type":"SearchAction","target":{"@type":"EntryPoint","urlTemplate":"https:\/\/www.rassegnastampa-totustuus.it\/cattolica\/?s={search_term_string}"},"query-input":{"@type":"PropertyValueSpecification","valueRequired":true,"valueName":"search_term_string"}}],"inLanguage":"it-IT"},{"@type":"Organization","@id":"https:\/\/www.rassegnastampa-totustuus.it\/cattolica\/#organization","name":"Rassegna Stampa Cattolica","url":"https:\/\/www.rassegnastampa-totustuus.it\/cattolica\/","logo":{"@type":"ImageObject","inLanguage":"it-IT","@id":"https:\/\/www.rassegnastampa-totustuus.it\/cattolica\/#\/schema\/logo\/image\/","url":"https:\/\/www.rassegnastampa-totustuus.it\/cattolica\/wp-content\/uploads\/2014\/04\/logo-rassegna1.gif","contentUrl":"https:\/\/www.rassegnastampa-totustuus.it\/cattolica\/wp-content\/uploads\/2014\/04\/logo-rassegna1.gif","width":600,"height":163,"caption":"Rassegna Stampa Cattolica"},"image":{"@id":"https:\/\/www.rassegnastampa-totustuus.it\/cattolica\/#\/schema\/logo\/image\/"},"sameAs":["https:\/\/www.facebook.com\/rassegnastampacattolica","https:\/\/x.com\/rassegnastampa9"]},{"@type":"Person","@id":"https:\/\/www.rassegnastampa-totustuus.it\/cattolica\/#\/schema\/person\/08f319d2bd1a0904ad9e2bfb7b15e5c3","name":"Redazione","image":{"@type":"ImageObject","inLanguage":"it-IT","@id":"https:\/\/secure.gravatar.com\/avatar\/2fcdf27c78ea025fbdb44e914cc63c72249ffec9dc8aafd5c82b26240ef3f346?s=96&d=mm&r=g","url":"https:\/\/secure.gravatar.com\/avatar\/2fcdf27c78ea025fbdb44e914cc63c72249ffec9dc8aafd5c82b26240ef3f346?s=96&d=mm&r=g","contentUrl":"https:\/\/secure.gravatar.com\/avatar\/2fcdf27c78ea025fbdb44e914cc63c72249ffec9dc8aafd5c82b26240ef3f346?s=96&d=mm&r=g","caption":"Redazione"},"url":"https:\/\/www.rassegnastampa-totustuus.it\/cattolica\/author\/pietroelle\/"}]}},"_links":{"self":[{"href":"https:\/\/www.rassegnastampa-totustuus.it\/cattolica\/wp-json\/wp\/v2\/posts\/50379","targetHints":{"allow":["GET"]}}],"collection":[{"href":"https:\/\/www.rassegnastampa-totustuus.it\/cattolica\/wp-json\/wp\/v2\/posts"}],"about":[{"href":"https:\/\/www.rassegnastampa-totustuus.it\/cattolica\/wp-json\/wp\/v2\/types\/post"}],"author":[{"embeddable":true,"href":"https:\/\/www.rassegnastampa-totustuus.it\/cattolica\/wp-json\/wp\/v2\/users\/6"}],"replies":[{"embeddable":true,"href":"https:\/\/www.rassegnastampa-totustuus.it\/cattolica\/wp-json\/wp\/v2\/comments?post=50379"}],"version-history":[{"count":3,"href":"https:\/\/www.rassegnastampa-totustuus.it\/cattolica\/wp-json\/wp\/v2\/posts\/50379\/revisions"}],"predecessor-version":[{"id":63744,"href":"https:\/\/www.rassegnastampa-totustuus.it\/cattolica\/wp-json\/wp\/v2\/posts\/50379\/revisions\/63744"}],"wp:featuredmedia":[{"embeddable":true,"href":"https:\/\/www.rassegnastampa-totustuus.it\/cattolica\/wp-json\/wp\/v2\/media\/50380"}],"wp:attachment":[{"href":"https:\/\/www.rassegnastampa-totustuus.it\/cattolica\/wp-json\/wp\/v2\/media?parent=50379"}],"wp:term":[{"taxonomy":"category","embeddable":true,"href":"https:\/\/www.rassegnastampa-totustuus.it\/cattolica\/wp-json\/wp\/v2\/categories?post=50379"},{"taxonomy":"post_tag","embeddable":true,"href":"https:\/\/www.rassegnastampa-totustuus.it\/cattolica\/wp-json\/wp\/v2\/tags?post=50379"}],"curies":[{"name":"wp","href":"https:\/\/api.w.org\/{rel}","templated":true}]}}