{"id":5017,"date":"2012-04-26T00:00:00","date_gmt":"2012-04-25T22:00:00","guid":{"rendered":""},"modified":"2016-04-12T10:34:10","modified_gmt":"2016-04-12T08:34:10","slug":"tutta-la-verita-sulla-siria-non-e-una-strage-di-un-regime-sanguinario","status":"publish","type":"post","link":"https:\/\/www.rassegnastampa-totustuus.it\/cattolica\/tutta-la-verita-sulla-siria-non-e-una-strage-di-un-regime-sanguinario\/","title":{"rendered":"Tutta la verita&#8217; sulla Siria: non e&#8217; una strage di un regime sanguinario"},"content":{"rendered":"<div style=\"text-align: center;\"><strong><img loading=\"lazy\" decoding=\"async\" class=\"alignright wp-image-32612\" src=\"https:\/\/www.rassegnastampa-totustuus.it\/cattolica\/wp-content\/uploads\/2012\/04\/Siria_Assad.jpg\" alt=\"Siria_Assad\" width=\"250\" height=\"166\" \/>Il Giornale<\/strong> 16 aprile 2012<\/div>\n<p style=\"text-align: justify;\"><em>Si tratta invece di una feroce guerra intestina aizzata da bande armate dei Fratelli Musulmani e da gruppi terroristici di Al Qaida che aspirano a imporre la sharia<\/em><\/p>\n<p style=\"text-align: center;\">di <strong>Magdi Cristiano Allam<\/strong><\/p>\n<p><!--more--><\/p>\n<div style=\"text-align: justify;\">Sull&#8217;atteggiamento dell&#8217;Occidente nei confronti della Siria vi invito a rispolverare l&#8217;uso della ragione e a riscoprire il sano amor proprio. Basta con la menzogna che si tratterebbe di una strage di un regime sanguinario contro un popolo inerme quando \u00e8 assolutamente evidente che si tratta di una feroce guerra intestina aizzata da bande armate dei Fratelli Musulmani e da gruppi terroristici di Al Qaida a cui aderiscono numerosi stranieri!<\/div>\n<p style=\"text-align: justify;\">Basta con la follia suicida di concepire che la democrazia corrisponderebbe e si esaurirebbe nel rito delle elezioni senza tener conto degli obiettivi dei soggetti che vi partecipano e che, nel caso degli islamici, aspirano a imporre la sharia, la legge coranica, che \u00e8 del tutto in contrasto con la democrazia! Basta con l&#8217;ipocrisia ormai insostenibile di atteggiarci a chi pu\u00f2 dare lezioni di democrazia quando siamo sottomessi alla dittatura finanziaria e non esitiamo a fare la guerra, massacrando civili e distruggendo il patrimonio pubblico, per salvaguardare i nostri esclusivi interessi materiali!<\/p>\n<p style=\"text-align: justify;\">Ascoltate il grido d&#8217;allarme dei cristiani, circa 2,5 milioni, quasi il 10% della popolazione, che ci esortano ripetutamente a non sostenere i Fratelli Musulmani perch\u00e9 l&#8217;avvento di una teocrazia islamica significherebbe la loro fine, costretti o a sottomettersi come dhimmi, cittadini inferiori che godono di meno diritti, o a convertirsi all&#8217;islam o infine ad abbandonare la propria terra. Prendiamo anche in considerazione la conseguenza devastante per la stabilit\u00e0 e la sicurezza dell&#8217;insieme del Mediterraneo con l&#8217;avvento al potere di regimi teocratici islamici dal Marocco all&#8217;Iran che sono pregiudizialmente ostili al diritto di Israele a esistere, che sono determinati a rinnegare i trattati di pace vigenti e che proclamano pubblicamente la volont\u00e0 di annientare fisicamente lo Stato e il popolo ebraico.<\/p>\n<p style=\"text-align: justify;\">Prendiamoci infine a cuore la sorte di centinaia di milioni di donne che sotto il dominio delle teocrazie islamiche perderebbero del tutto la loro dignit\u00e0 e la libert\u00e0, determinando un&#8217;involuzione delle societ\u00e0 all&#8217;insegna dell&#8217;oscurantismo e del fanatismo, accrescendo lo spirito aggressivo e bellicoso nei confronti di tutti i \u00abnemici dell&#8217;islam\u00bb, gli ebrei, i cristiani, gli infedeli e gli apostati.<\/p>\n<p style=\"text-align: justify;\">E poi noi occidentali che titolo abbiamo per ergerci a modello di democrazia quando, ad esempio in Grecia e in Italia, abbiamo auto-sospeso la democrazia sostanziale e auto-commissariato il Parlamento per sottometterci a una dittatura finanziaria che vorrebbe trasformarci da persone depositarie di valori e identit\u00e0 in semplici strumenti di produzione di materialit\u00e0 la cui ricompensa \u00e8 poter consumare? \u00c8 da considerarsi democratico un Parlamento composto da deputati e senatori designati dai partiti e non eletti dal popolo?<\/p>\n<p style=\"text-align: justify;\">\u00c8 da considerarsi democratico un governo formato da ministri che non sono stati eletti e che non rispondono del loro operato a nessuno? \u00c8 da considerarsi democratica una classe politica che, dopo aver ceduto la nostra sovranit\u00e0 monetaria, si sta prodigando per perdere del tutto la nostra sovranit\u00e0 nazionale svendendo il nostro sistema produttivo ai poteri finanziari forti e riducendoci ad appendice di un super-Stato europeo dominato dai banchieri? \u00c8 da considerarsi democratico uno Stato che si sottomette a una legislazione sovrannazionale e che per l&#8217;80 per cento corrisponde alla semplice trasposizione di direttive emanate dalla super-casta di 40mila burocrati della Commissione europea condizionati dai poteri forti nazionali e privati?<\/p>\n<p style=\"text-align: justify;\">Che credibilit\u00e0 ha l&#8217;Occidente quando non ha esitato a bombardare la Libia, massacrando i civili e distruggendo il patrimonio pubblico, per creare dalle macerie un piano di ricostruzione stimato in mille miliardi di euro? Sarebbe democrazia quella che oggi vede la Libia perennemente in conflitto al suo interno con il rischio dello smembramento dello Stato? Sarebbe democrazia il Parlamento egiziano monopolizzato per circa il 75% dagli integralisti e dagli estremisti islamici che predicano la sharia?<\/p>\n<p style=\"text-align: justify;\">Sarebbe democrazia la repressione della libert\u00e0 d&#8217;espressione e dei movimenti laici in Tunisia? Sarebbe democrazia la crescita del potere e del radicamento territoriale di Al Qaida nello Yemen? Sarebbero democratici Hezbollah in Libano e Hamas nei Territori palestinesi che legittimiamo come interlocutori politici? Sarebbero democratici i regimi dell&#8217;Arabia Saudita e del Qatar che sosteniamo e usiamo per favorire l&#8217;avvento al potere degli islamici in Siria?<\/p>\n<p style=\"text-align: justify;\">Almeno in Siria fermiamoci prima che sia troppo tardi! Imponiamo al regime di Assad di avviare un percorso democratico con il coinvolgimento dei soggetti politici che condividono i diritti fondamentali della persona, i valori assoluti e universali della sacralit\u00e0 della vita, della pari dignit\u00e0 tra uomo e donna, della libert\u00e0 di scelta religiosa, e il principio della pacifica alternanza al potere. Ma basta con la follia dell&#8217;innamorarci dei nostri carnefici e della scelta del suicidio!<\/p>\n","protected":false},"excerpt":{"rendered":"<p>Il Giornale 16 aprile 2012 Si tratta invece di una feroce guerra intestina aizzata da bande armate dei Fratelli Musulmani e da gruppi terroristici di Al Qaida che aspirano a imporre la sharia di Magdi Cristiano Allam<\/p><p><a class=\"more-link btn\" href=\"https:\/\/www.rassegnastampa-totustuus.it\/cattolica\/tutta-la-verita-sulla-siria-non-e-una-strage-di-un-regime-sanguinario\/\">Continua a leggere<\/a><\/p>\n","protected":false},"author":6,"featured_media":32612,"comment_status":"closed","ping_status":"open","sticky":false,"template":"","format":"standard","meta":{"footnotes":""},"categories":[36,108,19],"tags":[2055,520,440],"class_list":["post-5017","post","type-post","status-publish","format-standard","has-post-thumbnail","hentry","category-fondamentalismo-islamico","category-paesi-e-continenti","category-politica-internazionale","tag-al-quaeda","tag-fratelli-mussulmani","tag-siria","item-wrap"],"yoast_head":"<!-- This site is optimized with the Yoast SEO plugin v27.5 - https:\/\/yoast.com\/product\/yoast-seo-wordpress\/ -->\n<title>Tutta la verita&#039; sulla Siria: non e&#039; una strage di un regime sanguinario - Rassegna Stampa Cattolica<\/title>\n<meta name=\"description\" content=\"Rassegna Stampa Cattolica - Per una cultura che nasce dalla Rivelazione cristiana in conformit\u00e0 alla tradizione e al Magistero della Chiesa in opposizione ad ogni relativismo e totalitarismo\" \/>\n<meta name=\"robots\" content=\"index, follow, max-snippet:-1, max-image-preview:large, max-video-preview:-1\" \/>\n<link rel=\"canonical\" href=\"https:\/\/www.rassegnastampa-totustuus.it\/cattolica\/tutta-la-verita-sulla-siria-non-e-una-strage-di-un-regime-sanguinario\/\" \/>\n<meta property=\"og:locale\" content=\"it_IT\" \/>\n<meta property=\"og:type\" content=\"article\" \/>\n<meta property=\"og:title\" content=\"Tutta la verita&#039; sulla Siria: non e&#039; una strage di un regime sanguinario - Rassegna Stampa Cattolica\" \/>\n<meta property=\"og:description\" content=\"Rassegna Stampa Cattolica - Per una cultura che nasce dalla Rivelazione cristiana in conformit\u00e0 alla tradizione e al Magistero della Chiesa in opposizione ad ogni relativismo e totalitarismo\" \/>\n<meta property=\"og:url\" content=\"https:\/\/www.rassegnastampa-totustuus.it\/cattolica\/tutta-la-verita-sulla-siria-non-e-una-strage-di-un-regime-sanguinario\/\" \/>\n<meta property=\"og:site_name\" content=\"Rassegna Stampa Cattolica\" \/>\n<meta property=\"article:publisher\" content=\"https:\/\/www.facebook.com\/rassegnastampacattolica\" \/>\n<meta property=\"article:published_time\" content=\"2012-04-25T22:00:00+00:00\" \/>\n<meta property=\"article:modified_time\" content=\"2016-04-12T08:34:10+00:00\" \/>\n<meta property=\"og:image\" content=\"https:\/\/www.rassegnastampa-totustuus.it\/cattolica\/wp-content\/uploads\/2012\/04\/Siria_Assad.jpg\" \/>\n\t<meta property=\"og:image:width\" content=\"275\" \/>\n\t<meta property=\"og:image:height\" content=\"183\" \/>\n\t<meta property=\"og:image:type\" content=\"image\/jpeg\" \/>\n<meta name=\"author\" content=\"Redazione\" \/>\n<meta name=\"twitter:card\" content=\"summary_large_image\" \/>\n<meta name=\"twitter:creator\" content=\"@rassegnastampa9\" \/>\n<meta name=\"twitter:site\" content=\"@rassegnastampa9\" \/>\n<meta name=\"twitter:label1\" content=\"Scritto da\" \/>\n\t<meta name=\"twitter:data1\" content=\"Redazione\" \/>\n\t<meta name=\"twitter:label2\" content=\"Tempo di lettura stimato\" \/>\n\t<meta name=\"twitter:data2\" content=\"4 minuti\" \/>\n<script type=\"application\/ld+json\" class=\"yoast-schema-graph\">{\"@context\":\"https:\\\/\\\/schema.org\",\"@graph\":[{\"@type\":\"Article\",\"@id\":\"https:\\\/\\\/www.rassegnastampa-totustuus.it\\\/cattolica\\\/tutta-la-verita-sulla-siria-non-e-una-strage-di-un-regime-sanguinario\\\/#article\",\"isPartOf\":{\"@id\":\"https:\\\/\\\/www.rassegnastampa-totustuus.it\\\/cattolica\\\/tutta-la-verita-sulla-siria-non-e-una-strage-di-un-regime-sanguinario\\\/\"},\"author\":{\"name\":\"Redazione\",\"@id\":\"https:\\\/\\\/www.rassegnastampa-totustuus.it\\\/cattolica\\\/#\\\/schema\\\/person\\\/08f319d2bd1a0904ad9e2bfb7b15e5c3\"},\"headline\":\"Tutta la verita&#8217; sulla Siria: non e&#8217; una strage di un regime sanguinario\",\"datePublished\":\"2012-04-25T22:00:00+00:00\",\"dateModified\":\"2016-04-12T08:34:10+00:00\",\"mainEntityOfPage\":{\"@id\":\"https:\\\/\\\/www.rassegnastampa-totustuus.it\\\/cattolica\\\/tutta-la-verita-sulla-siria-non-e-una-strage-di-un-regime-sanguinario\\\/\"},\"wordCount\":800,\"publisher\":{\"@id\":\"https:\\\/\\\/www.rassegnastampa-totustuus.it\\\/cattolica\\\/#organization\"},\"image\":{\"@id\":\"https:\\\/\\\/www.rassegnastampa-totustuus.it\\\/cattolica\\\/tutta-la-verita-sulla-siria-non-e-una-strage-di-un-regime-sanguinario\\\/#primaryimage\"},\"thumbnailUrl\":\"https:\\\/\\\/www.rassegnastampa-totustuus.it\\\/cattolica\\\/wp-content\\\/uploads\\\/2012\\\/04\\\/Siria_Assad.jpg\",\"keywords\":[\"Al Quaeda\",\"Fratelli mussulmani\",\"Siria\"],\"articleSection\":[\"Islam fondamentalismo\",\"Paesi e continenti\",\"Politica internazionale\"],\"inLanguage\":\"it-IT\"},{\"@type\":\"WebPage\",\"@id\":\"https:\\\/\\\/www.rassegnastampa-totustuus.it\\\/cattolica\\\/tutta-la-verita-sulla-siria-non-e-una-strage-di-un-regime-sanguinario\\\/\",\"url\":\"https:\\\/\\\/www.rassegnastampa-totustuus.it\\\/cattolica\\\/tutta-la-verita-sulla-siria-non-e-una-strage-di-un-regime-sanguinario\\\/\",\"name\":\"Tutta la verita' sulla Siria: non e' una strage di un regime sanguinario - Rassegna Stampa Cattolica\",\"isPartOf\":{\"@id\":\"https:\\\/\\\/www.rassegnastampa-totustuus.it\\\/cattolica\\\/#website\"},\"primaryImageOfPage\":{\"@id\":\"https:\\\/\\\/www.rassegnastampa-totustuus.it\\\/cattolica\\\/tutta-la-verita-sulla-siria-non-e-una-strage-di-un-regime-sanguinario\\\/#primaryimage\"},\"image\":{\"@id\":\"https:\\\/\\\/www.rassegnastampa-totustuus.it\\\/cattolica\\\/tutta-la-verita-sulla-siria-non-e-una-strage-di-un-regime-sanguinario\\\/#primaryimage\"},\"thumbnailUrl\":\"https:\\\/\\\/www.rassegnastampa-totustuus.it\\\/cattolica\\\/wp-content\\\/uploads\\\/2012\\\/04\\\/Siria_Assad.jpg\",\"datePublished\":\"2012-04-25T22:00:00+00:00\",\"dateModified\":\"2016-04-12T08:34:10+00:00\",\"description\":\"Rassegna Stampa Cattolica - Per una cultura che nasce dalla Rivelazione cristiana in conformit\u00e0 alla tradizione e al Magistero della Chiesa in opposizione ad ogni relativismo e totalitarismo\",\"breadcrumb\":{\"@id\":\"https:\\\/\\\/www.rassegnastampa-totustuus.it\\\/cattolica\\\/tutta-la-verita-sulla-siria-non-e-una-strage-di-un-regime-sanguinario\\\/#breadcrumb\"},\"inLanguage\":\"it-IT\",\"potentialAction\":[{\"@type\":\"ReadAction\",\"target\":[\"https:\\\/\\\/www.rassegnastampa-totustuus.it\\\/cattolica\\\/tutta-la-verita-sulla-siria-non-e-una-strage-di-un-regime-sanguinario\\\/\"]}]},{\"@type\":\"ImageObject\",\"inLanguage\":\"it-IT\",\"@id\":\"https:\\\/\\\/www.rassegnastampa-totustuus.it\\\/cattolica\\\/tutta-la-verita-sulla-siria-non-e-una-strage-di-un-regime-sanguinario\\\/#primaryimage\",\"url\":\"https:\\\/\\\/www.rassegnastampa-totustuus.it\\\/cattolica\\\/wp-content\\\/uploads\\\/2012\\\/04\\\/Siria_Assad.jpg\",\"contentUrl\":\"https:\\\/\\\/www.rassegnastampa-totustuus.it\\\/cattolica\\\/wp-content\\\/uploads\\\/2012\\\/04\\\/Siria_Assad.jpg\",\"width\":275,\"height\":183},{\"@type\":\"BreadcrumbList\",\"@id\":\"https:\\\/\\\/www.rassegnastampa-totustuus.it\\\/cattolica\\\/tutta-la-verita-sulla-siria-non-e-una-strage-di-un-regime-sanguinario\\\/#breadcrumb\",\"itemListElement\":[{\"@type\":\"ListItem\",\"position\":1,\"name\":\"Home\",\"item\":\"https:\\\/\\\/www.rassegnastampa-totustuus.it\\\/cattolica\\\/\"},{\"@type\":\"ListItem\",\"position\":2,\"name\":\"Tutta la verita&#8217; sulla Siria: non e&#8217; una strage di un regime sanguinario\"}]},{\"@type\":\"WebSite\",\"@id\":\"https:\\\/\\\/www.rassegnastampa-totustuus.it\\\/cattolica\\\/#website\",\"url\":\"https:\\\/\\\/www.rassegnastampa-totustuus.it\\\/cattolica\\\/\",\"name\":\"Rassegna Stampa Cattolica\",\"description\":\"Per una cultura che nasce dalla Rivelazione cristiana in conformit\u00e0 alla tradizione e al Magistero della Chiesa in opposizione ad ogni relativismo e totalitarismo\",\"publisher\":{\"@id\":\"https:\\\/\\\/www.rassegnastampa-totustuus.it\\\/cattolica\\\/#organization\"},\"alternateName\":\"Rass. Cattolica\",\"potentialAction\":[{\"@type\":\"SearchAction\",\"target\":{\"@type\":\"EntryPoint\",\"urlTemplate\":\"https:\\\/\\\/www.rassegnastampa-totustuus.it\\\/cattolica\\\/?s={search_term_string}\"},\"query-input\":{\"@type\":\"PropertyValueSpecification\",\"valueRequired\":true,\"valueName\":\"search_term_string\"}}],\"inLanguage\":\"it-IT\"},{\"@type\":\"Organization\",\"@id\":\"https:\\\/\\\/www.rassegnastampa-totustuus.it\\\/cattolica\\\/#organization\",\"name\":\"Rassegna Stampa Cattolica\",\"url\":\"https:\\\/\\\/www.rassegnastampa-totustuus.it\\\/cattolica\\\/\",\"logo\":{\"@type\":\"ImageObject\",\"inLanguage\":\"it-IT\",\"@id\":\"https:\\\/\\\/www.rassegnastampa-totustuus.it\\\/cattolica\\\/#\\\/schema\\\/logo\\\/image\\\/\",\"url\":\"https:\\\/\\\/www.rassegnastampa-totustuus.it\\\/cattolica\\\/wp-content\\\/uploads\\\/2014\\\/04\\\/logo-rassegna1.gif\",\"contentUrl\":\"https:\\\/\\\/www.rassegnastampa-totustuus.it\\\/cattolica\\\/wp-content\\\/uploads\\\/2014\\\/04\\\/logo-rassegna1.gif\",\"width\":600,\"height\":163,\"caption\":\"Rassegna Stampa Cattolica\"},\"image\":{\"@id\":\"https:\\\/\\\/www.rassegnastampa-totustuus.it\\\/cattolica\\\/#\\\/schema\\\/logo\\\/image\\\/\"},\"sameAs\":[\"https:\\\/\\\/www.facebook.com\\\/rassegnastampacattolica\",\"https:\\\/\\\/x.com\\\/rassegnastampa9\"]},{\"@type\":\"Person\",\"@id\":\"https:\\\/\\\/www.rassegnastampa-totustuus.it\\\/cattolica\\\/#\\\/schema\\\/person\\\/08f319d2bd1a0904ad9e2bfb7b15e5c3\",\"name\":\"Redazione\",\"image\":{\"@type\":\"ImageObject\",\"inLanguage\":\"it-IT\",\"@id\":\"https:\\\/\\\/secure.gravatar.com\\\/avatar\\\/2fcdf27c78ea025fbdb44e914cc63c72249ffec9dc8aafd5c82b26240ef3f346?s=96&d=mm&r=g\",\"url\":\"https:\\\/\\\/secure.gravatar.com\\\/avatar\\\/2fcdf27c78ea025fbdb44e914cc63c72249ffec9dc8aafd5c82b26240ef3f346?s=96&d=mm&r=g\",\"contentUrl\":\"https:\\\/\\\/secure.gravatar.com\\\/avatar\\\/2fcdf27c78ea025fbdb44e914cc63c72249ffec9dc8aafd5c82b26240ef3f346?s=96&d=mm&r=g\",\"caption\":\"Redazione\"},\"url\":\"https:\\\/\\\/www.rassegnastampa-totustuus.it\\\/cattolica\\\/author\\\/pietroelle\\\/\"}]}<\/script>\n<!-- \/ Yoast SEO plugin. -->","yoast_head_json":{"title":"Tutta la verita' sulla Siria: non e' una strage di un regime sanguinario - Rassegna Stampa Cattolica","description":"Rassegna Stampa Cattolica - Per una cultura che nasce dalla Rivelazione cristiana in conformit\u00e0 alla tradizione e al Magistero della Chiesa in opposizione ad ogni relativismo e totalitarismo","robots":{"index":"index","follow":"follow","max-snippet":"max-snippet:-1","max-image-preview":"max-image-preview:large","max-video-preview":"max-video-preview:-1"},"canonical":"https:\/\/www.rassegnastampa-totustuus.it\/cattolica\/tutta-la-verita-sulla-siria-non-e-una-strage-di-un-regime-sanguinario\/","og_locale":"it_IT","og_type":"article","og_title":"Tutta la verita' sulla Siria: non e' una strage di un regime sanguinario - Rassegna Stampa Cattolica","og_description":"Rassegna Stampa Cattolica - Per una cultura che nasce dalla Rivelazione cristiana in conformit\u00e0 alla tradizione e al Magistero della Chiesa in opposizione ad ogni relativismo e totalitarismo","og_url":"https:\/\/www.rassegnastampa-totustuus.it\/cattolica\/tutta-la-verita-sulla-siria-non-e-una-strage-di-un-regime-sanguinario\/","og_site_name":"Rassegna Stampa Cattolica","article_publisher":"https:\/\/www.facebook.com\/rassegnastampacattolica","article_published_time":"2012-04-25T22:00:00+00:00","article_modified_time":"2016-04-12T08:34:10+00:00","og_image":[{"width":275,"height":183,"url":"https:\/\/www.rassegnastampa-totustuus.it\/cattolica\/wp-content\/uploads\/2012\/04\/Siria_Assad.jpg","type":"image\/jpeg"}],"author":"Redazione","twitter_card":"summary_large_image","twitter_creator":"@rassegnastampa9","twitter_site":"@rassegnastampa9","twitter_misc":{"Scritto da":"Redazione","Tempo di lettura stimato":"4 minuti"},"schema":{"@context":"https:\/\/schema.org","@graph":[{"@type":"Article","@id":"https:\/\/www.rassegnastampa-totustuus.it\/cattolica\/tutta-la-verita-sulla-siria-non-e-una-strage-di-un-regime-sanguinario\/#article","isPartOf":{"@id":"https:\/\/www.rassegnastampa-totustuus.it\/cattolica\/tutta-la-verita-sulla-siria-non-e-una-strage-di-un-regime-sanguinario\/"},"author":{"name":"Redazione","@id":"https:\/\/www.rassegnastampa-totustuus.it\/cattolica\/#\/schema\/person\/08f319d2bd1a0904ad9e2bfb7b15e5c3"},"headline":"Tutta la verita&#8217; sulla Siria: non e&#8217; una strage di un regime sanguinario","datePublished":"2012-04-25T22:00:00+00:00","dateModified":"2016-04-12T08:34:10+00:00","mainEntityOfPage":{"@id":"https:\/\/www.rassegnastampa-totustuus.it\/cattolica\/tutta-la-verita-sulla-siria-non-e-una-strage-di-un-regime-sanguinario\/"},"wordCount":800,"publisher":{"@id":"https:\/\/www.rassegnastampa-totustuus.it\/cattolica\/#organization"},"image":{"@id":"https:\/\/www.rassegnastampa-totustuus.it\/cattolica\/tutta-la-verita-sulla-siria-non-e-una-strage-di-un-regime-sanguinario\/#primaryimage"},"thumbnailUrl":"https:\/\/www.rassegnastampa-totustuus.it\/cattolica\/wp-content\/uploads\/2012\/04\/Siria_Assad.jpg","keywords":["Al Quaeda","Fratelli mussulmani","Siria"],"articleSection":["Islam fondamentalismo","Paesi e continenti","Politica internazionale"],"inLanguage":"it-IT"},{"@type":"WebPage","@id":"https:\/\/www.rassegnastampa-totustuus.it\/cattolica\/tutta-la-verita-sulla-siria-non-e-una-strage-di-un-regime-sanguinario\/","url":"https:\/\/www.rassegnastampa-totustuus.it\/cattolica\/tutta-la-verita-sulla-siria-non-e-una-strage-di-un-regime-sanguinario\/","name":"Tutta la verita' sulla Siria: non e' una strage di un regime sanguinario - Rassegna Stampa Cattolica","isPartOf":{"@id":"https:\/\/www.rassegnastampa-totustuus.it\/cattolica\/#website"},"primaryImageOfPage":{"@id":"https:\/\/www.rassegnastampa-totustuus.it\/cattolica\/tutta-la-verita-sulla-siria-non-e-una-strage-di-un-regime-sanguinario\/#primaryimage"},"image":{"@id":"https:\/\/www.rassegnastampa-totustuus.it\/cattolica\/tutta-la-verita-sulla-siria-non-e-una-strage-di-un-regime-sanguinario\/#primaryimage"},"thumbnailUrl":"https:\/\/www.rassegnastampa-totustuus.it\/cattolica\/wp-content\/uploads\/2012\/04\/Siria_Assad.jpg","datePublished":"2012-04-25T22:00:00+00:00","dateModified":"2016-04-12T08:34:10+00:00","description":"Rassegna Stampa Cattolica - Per una cultura che nasce dalla Rivelazione cristiana in conformit\u00e0 alla tradizione e al Magistero della Chiesa in opposizione ad ogni relativismo e totalitarismo","breadcrumb":{"@id":"https:\/\/www.rassegnastampa-totustuus.it\/cattolica\/tutta-la-verita-sulla-siria-non-e-una-strage-di-un-regime-sanguinario\/#breadcrumb"},"inLanguage":"it-IT","potentialAction":[{"@type":"ReadAction","target":["https:\/\/www.rassegnastampa-totustuus.it\/cattolica\/tutta-la-verita-sulla-siria-non-e-una-strage-di-un-regime-sanguinario\/"]}]},{"@type":"ImageObject","inLanguage":"it-IT","@id":"https:\/\/www.rassegnastampa-totustuus.it\/cattolica\/tutta-la-verita-sulla-siria-non-e-una-strage-di-un-regime-sanguinario\/#primaryimage","url":"https:\/\/www.rassegnastampa-totustuus.it\/cattolica\/wp-content\/uploads\/2012\/04\/Siria_Assad.jpg","contentUrl":"https:\/\/www.rassegnastampa-totustuus.it\/cattolica\/wp-content\/uploads\/2012\/04\/Siria_Assad.jpg","width":275,"height":183},{"@type":"BreadcrumbList","@id":"https:\/\/www.rassegnastampa-totustuus.it\/cattolica\/tutta-la-verita-sulla-siria-non-e-una-strage-di-un-regime-sanguinario\/#breadcrumb","itemListElement":[{"@type":"ListItem","position":1,"name":"Home","item":"https:\/\/www.rassegnastampa-totustuus.it\/cattolica\/"},{"@type":"ListItem","position":2,"name":"Tutta la verita&#8217; sulla Siria: non e&#8217; una strage di un regime sanguinario"}]},{"@type":"WebSite","@id":"https:\/\/www.rassegnastampa-totustuus.it\/cattolica\/#website","url":"https:\/\/www.rassegnastampa-totustuus.it\/cattolica\/","name":"Rassegna Stampa Cattolica","description":"Per una cultura che nasce dalla Rivelazione cristiana in conformit\u00e0 alla tradizione e al Magistero della Chiesa in opposizione ad ogni relativismo e totalitarismo","publisher":{"@id":"https:\/\/www.rassegnastampa-totustuus.it\/cattolica\/#organization"},"alternateName":"Rass. Cattolica","potentialAction":[{"@type":"SearchAction","target":{"@type":"EntryPoint","urlTemplate":"https:\/\/www.rassegnastampa-totustuus.it\/cattolica\/?s={search_term_string}"},"query-input":{"@type":"PropertyValueSpecification","valueRequired":true,"valueName":"search_term_string"}}],"inLanguage":"it-IT"},{"@type":"Organization","@id":"https:\/\/www.rassegnastampa-totustuus.it\/cattolica\/#organization","name":"Rassegna Stampa Cattolica","url":"https:\/\/www.rassegnastampa-totustuus.it\/cattolica\/","logo":{"@type":"ImageObject","inLanguage":"it-IT","@id":"https:\/\/www.rassegnastampa-totustuus.it\/cattolica\/#\/schema\/logo\/image\/","url":"https:\/\/www.rassegnastampa-totustuus.it\/cattolica\/wp-content\/uploads\/2014\/04\/logo-rassegna1.gif","contentUrl":"https:\/\/www.rassegnastampa-totustuus.it\/cattolica\/wp-content\/uploads\/2014\/04\/logo-rassegna1.gif","width":600,"height":163,"caption":"Rassegna Stampa Cattolica"},"image":{"@id":"https:\/\/www.rassegnastampa-totustuus.it\/cattolica\/#\/schema\/logo\/image\/"},"sameAs":["https:\/\/www.facebook.com\/rassegnastampacattolica","https:\/\/x.com\/rassegnastampa9"]},{"@type":"Person","@id":"https:\/\/www.rassegnastampa-totustuus.it\/cattolica\/#\/schema\/person\/08f319d2bd1a0904ad9e2bfb7b15e5c3","name":"Redazione","image":{"@type":"ImageObject","inLanguage":"it-IT","@id":"https:\/\/secure.gravatar.com\/avatar\/2fcdf27c78ea025fbdb44e914cc63c72249ffec9dc8aafd5c82b26240ef3f346?s=96&d=mm&r=g","url":"https:\/\/secure.gravatar.com\/avatar\/2fcdf27c78ea025fbdb44e914cc63c72249ffec9dc8aafd5c82b26240ef3f346?s=96&d=mm&r=g","contentUrl":"https:\/\/secure.gravatar.com\/avatar\/2fcdf27c78ea025fbdb44e914cc63c72249ffec9dc8aafd5c82b26240ef3f346?s=96&d=mm&r=g","caption":"Redazione"},"url":"https:\/\/www.rassegnastampa-totustuus.it\/cattolica\/author\/pietroelle\/"}]}},"_links":{"self":[{"href":"https:\/\/www.rassegnastampa-totustuus.it\/cattolica\/wp-json\/wp\/v2\/posts\/5017","targetHints":{"allow":["GET"]}}],"collection":[{"href":"https:\/\/www.rassegnastampa-totustuus.it\/cattolica\/wp-json\/wp\/v2\/posts"}],"about":[{"href":"https:\/\/www.rassegnastampa-totustuus.it\/cattolica\/wp-json\/wp\/v2\/types\/post"}],"author":[{"embeddable":true,"href":"https:\/\/www.rassegnastampa-totustuus.it\/cattolica\/wp-json\/wp\/v2\/users\/6"}],"replies":[{"embeddable":true,"href":"https:\/\/www.rassegnastampa-totustuus.it\/cattolica\/wp-json\/wp\/v2\/comments?post=5017"}],"version-history":[{"count":4,"href":"https:\/\/www.rassegnastampa-totustuus.it\/cattolica\/wp-json\/wp\/v2\/posts\/5017\/revisions"}],"predecessor-version":[{"id":32613,"href":"https:\/\/www.rassegnastampa-totustuus.it\/cattolica\/wp-json\/wp\/v2\/posts\/5017\/revisions\/32613"}],"wp:featuredmedia":[{"embeddable":true,"href":"https:\/\/www.rassegnastampa-totustuus.it\/cattolica\/wp-json\/wp\/v2\/media\/32612"}],"wp:attachment":[{"href":"https:\/\/www.rassegnastampa-totustuus.it\/cattolica\/wp-json\/wp\/v2\/media?parent=5017"}],"wp:term":[{"taxonomy":"category","embeddable":true,"href":"https:\/\/www.rassegnastampa-totustuus.it\/cattolica\/wp-json\/wp\/v2\/categories?post=5017"},{"taxonomy":"post_tag","embeddable":true,"href":"https:\/\/www.rassegnastampa-totustuus.it\/cattolica\/wp-json\/wp\/v2\/tags?post=5017"}],"curies":[{"name":"wp","href":"https:\/\/api.w.org\/{rel}","templated":true}]}}