{"id":4999,"date":"2012-04-19T00:00:00","date_gmt":"2012-04-18T22:00:00","guid":{"rendered":""},"modified":"2016-01-22T18:31:04","modified_gmt":"2016-01-22T17:31:04","slug":"corea-del-sud-la-tigre-asiatica-della-chiesa","status":"publish","type":"post","link":"https:\/\/www.rassegnastampa-totustuus.it\/cattolica\/corea-del-sud-la-tigre-asiatica-della-chiesa\/","title":{"rendered":"Corea del Sud, la tigre asiatica della Chiesa"},"content":{"rendered":"<div style=\"text-align: center;\"><strong><a href=\"https:\/\/www.rassegnastampa-totustuus.it\/cattolica\/wp-content\/uploads\/2012\/04\/chiesa_Corea.jpg\"><img loading=\"lazy\" decoding=\"async\" class=\"alignleft wp-image-29641\" src=\"https:\/\/www.rassegnastampa-totustuus.it\/cattolica\/wp-content\/uploads\/2012\/04\/chiesa_Corea.jpg\" alt=\"chiesa_Corea\" width=\"250\" height=\"166\" \/><\/a>www.chiesa<\/strong> 18 aprile 2012<\/div>\n<p style=\"text-align: justify;\"><em>L\u00ec i cattolici aumentano con ritmi stupefacenti. Con ogni anno molte migliaia di nuovi battezzati adulti. Il reportage di un grande missionario<\/em><\/p>\n<p style=\"text-align: center;\">di <strong>Sandro Magister<\/strong><\/p>\n<p><!--more--><\/p>\n<div style=\"text-align: justify;\">ROMA\u2013 I sette anni di pontificato che Benedetto XVI compir\u00e0 domani sono associati, nell&#8217;opinione corrente, a un generale declino della Chiesa. Ma questa opinione si nutre di uno sguardo limitato al Vecchio Continente: a una Europa che in effetti subisce i colpi di una crescente secolarizzazione.<\/div>\n<p style=\"text-align: justify;\">Se appena si allarga la visuale, infatti, la realt\u00e0 appare diversa. Nell&#8217;ultimo secolo la Chiesa cattolica ha vissuto la pi\u00f9 straordinaria fase di espansione missionaria della sua storia.<\/p>\n<p style=\"text-align: justify;\">All&#8217;inizio del Novecento, nell&#8217;Africa subsahariana i cattolici erano meno di 2 milioni. Cent&#8217;anni dopo erano 130 milioni. E anche su scala mondiale il XX secolo \u00e8 stato per la Chiesa un secolo di esplosione numerica. Da 266 milioni all&#8217;inizio del Novecento, i cattolici sono arrivati cent&#8217;anni dopo a un miliardo e 100 milioni. Si sono moltiplicati per quattro, pi\u00f9 del parallelo aumento della popolazione del pianeta.<\/p>\n<p style=\"text-align: justify;\">\u00c8 un&#8217;espansione che non d\u00e0 alcun segno di arrestarsi e che ha preso inizio, nell&#8217;Ottocento, proprio quando in Europa la Chiesa cattolica subiva gli attacchi di una cultura e di poteri fortemente ostili al cristianesimo.Oggi il quadro \u00e8 analogo. Per la Chiesa cattolica in Europa sono anni magr\u00ec. Ma in altre regioni del mondo \u00e8 l&#8217;opposto.<\/p>\n<p style=\"text-align: justify;\">La Corea del Sud, ad esempio, \u00e8 un paese nel quale il cattolicesimo cresce a ritmi stupefacenti. E proprio tra gli strati pi\u00f9 attivi e &#8220;moderni&#8221; della popolazione. Il reportage che segue \u2013 pubblicato il giorno di Pasqua sul quotidiano della conferenza episcopale italiana &#8220;Avvenire&#8221; \u2013 ha per autore uno dei massimi esperti delle missioni cattoliche nel mondo. Missionario lui stesso, padre Piero Gheddo \u00e8 oggi direttore, a Roma, dell&#8217;Ufficio storico del Pontificio Istituto Missioni Estere.E autore di numerosi volumi e ha collaborato alla stesura dell&#8217;enciclica di Giovanni Paolo II &#8220;Redemptoris missio&#8221;, del 1990.<\/p>\n<p style=\"text-align: center;\">_____________________<\/p>\n<p style=\"text-align: center;\"><strong>Seul, una Pasqua da record<\/strong><\/p>\n<p style=\"text-align: center;\"><strong>di Piero Gheddo<\/strong><\/p>\n<p style=\"text-align: justify;\">Non c\u2019\u00e8 forse paese al mondo che nell\u2019ultimo mezzo secolo abbia registrato una crescita cos\u00ec sostenuta come la Corea del Sud, anche nelle conversioni a Cristo. Dal 1960 al 2010 gli abitanti passano da 23 a 48 milioni; il reddito pro capite da 1.300 a 19.500 dollari; i cristiani dal 2 al 30 per cento, dei quali circa il 10-11 per cento, 5 milioni e mezzo, sono cattolici; i sacerdoti coreani erano 250, oggi sono 5.000.<\/p>\n<p style=\"text-align: justify;\">Sono stato una prima volta in Corea del Sud nel 1986 col padre Pino Cazzaniga, missionario del Pontificio Istituto Missioni Estere in Giappone, che parla il coreano.<\/p>\n<p style=\"text-align: justify;\">Era gi\u00e0 allora una Chiesa con tante conversioni, e ancor oggi \u00e8 cos\u00ec. Ogni parrocchia ha dai 200 ai 400 battesimi di convertiti dal buddhismo all\u2019anno. Si convertono soprattutto gli abitanti delle citt\u00e0. Ogni anno 130-150 nuovi sacerdoti, uno ogni 1.110 battezzati.<\/p>\n<p style=\"text-align: justify;\">Nel 2008 i cattolici hanno superato il 10 per cento dei sud-coreani e aumentano di circa il 3 per cento ogni anno. Nel 2009 il numero dei battezzati \u00e8 salito a 157 mila e sono stati ordinati 149 sacerdoti, 21 pi\u00f9 del 2008. Pi\u00f9 di due terzi dei sacerdoti hanno meno di 40 anni. &#8220;Negli ultimi dieci anni la Chiesa cattolica in Corea \u00e8 passata da tre a cinque milioni di fedeli; a Seul siamo il 14 per cento&#8221;, ha detto in un\u2019intervista il cardinale Nicholas Cheong Jin-suk, arcivescovo di Seul.<\/p>\n<p style=\"text-align: justify;\">La Chiesa cattolica nella Corea del sud \u00e8 quella che pi\u00f9 cresce in Asia, In Corea c\u2019\u00e8 piena libert\u00e0 di religione e il segretario della conferenza episcopale coreana, monsignor Simon E. Chen, mi diceva che i coreani manifestano una forte propensione verso il cristianesimo, perch\u00e8 introduce l\u2019idea di uguaglianza di tutti gli esseri umani creati dall&#8217;unico Dio.<\/p>\n<p style=\"text-align: justify;\">Inoltre, sia cattolici che protestanti hanno partecipato al movimento popolare contro la dittatura militare, tra il 1961 e il 1987, mentre confucianesimo e buddhismo promuovevano l\u2019obbedienza all\u2019autorit\u00e0 costituita. E poi, il cristianesimo \u00e8 la religione di un Dio persona fatto uomo per salvarci, mentre sciamanesimo, buddhismo e confucianesimo non sono nemmeno religioni, ma sistemi di saggezza umana e di vita.<\/p>\n<p style=\"text-align: justify;\">Infine, dopo la guerra di Corea fra Nord e Sud (1950-1953), la Corea del Sud, grazie all\u2019aiuto americano, ha conosciuto un rapidissimo sviluppo economico, sociale e civile, diventando in tutto un paese evoluto e anche ricco, nel quale le antiche religioni non danno risposte ai problemi della vita moderna.<\/p>\n<p style=\"text-align: justify;\">Caratteristica della Chiesa coreana \u00e8 l\u2019ottima collaborazione dei laici all\u2019evangelizzazione. La Chiesa \u00e8 nata in Corea da alcuni filosofi e diplomatici coreani emigrati, che si erano convertiti al cristianesimo a Pechino, e poi, tornati in patria, hanno propagato la fede e battezzato. Dal 1779 al 1836, quando giunsero i primi missionari francesi, i cristiani si diffusero, poi vennero le persecuzioni, ma l\u2019abitudine a collaborare con la Chiesa \u00e8 rimasta.<\/p>\n<p style=\"text-align: justify;\">Oggi\u00a0in Corea, chi si converte sa che deve impegnarsi in uno dei gruppi, associazioni, movimenti parrocchiali. Il cattolico &#8220;passivo&#8221; non \u00e8 ammesso. A Seul, dove ci sono pi\u00f9 di 200 parrocchie, sono stato nella parrocchia dei salesiani di Kuro 3-Dong, in ambiente operaio di periferia. I cattolici, gi\u00e0 nel 1986, erano 9.537 su circa 150.000 abitanti, i battesimi di convertiti adulti quasi 600 l\u2019anno.<\/p>\n<p style=\"text-align: justify;\">Il parroco padre Paul Kim Bo Rok, mi\u00a0diceva: &#8220;In parrocchia siamo due sacerdoti e quattro suore, ma il vero lavoro di missione e di istruzione religiosa lo fanno i laici, sia negli otto corsi di catechesi, in ore e per persone diverse, sia nei movimenti ecclesiali molto attivi, specie la Legione di Maria.<\/p>\n<p style=\"text-align: justify;\">Ogni anno celebriamo in parrocchia due o tre riti di battesimi collettivi di adulti: ogni volta i battezzati sono 200,\u00ad 300 o anche di pi\u00f9, dopo circa un anno di catecumenato: \u00e8 poco, ma non possiamo dare pi\u00f9 tempo per le tante richieste di istruzione religiosa. La formazione profonda della fede viene data dopo il battesimo ed \u00e8 compito dei movimenti ecclesiali.<\/p>\n<p style=\"text-align: justify;\">Diventare cristiano significa entrare in un gruppo che ti impegna a fondo, ti d\u00e0 norme di comportamento e d\u2019impegno, ti fa pagare le quote di partecipazione, ti d\u00e0 le preghiere da dire tutti i giorni. Quando si entra nella Chiesa si accetta tutto. Questo \u00e8 lo\u00a0spirito coreano: o accetti e ti impegni o non accetti e te ne vai&#8221;.<\/p>\n<p style=\"text-align: justify;\">Continua padre Paul: &#8220;In Corea la religione \u00e8 una cosa seria, impegnativa. \u00c8 vero che c\u2019\u00e8 il pericolo del formalismo, ma \u00e8 tutta la cultura del popolo che \u00e8 impostata in questo modo. Anzi, il cristianesimo \u00e8 la forza principale che punta sulla coscienza personale, sulla libert\u00e0 della persona.<\/p>\n<p style=\"text-align: justify;\">Piuttosto stanno arrivando i pericoli opposti al formalismo: il secolarismo e il materialismo pratico che allontanano dallo spirito religioso. La Corea del Sud conosce un prodigioso sviluppo economico, la povert\u00e0 di trent\u2019anni fa \u00e8 scomparsa: oggi c\u2019\u00e8 per noi il passaggio all\u2019abbondanza e anche alla ricchezza. Dobbiamo reagire con una formazione cristiana pi\u00f9 profonda e personale. Siamo travolti dall\u2019ondata delle conversioni, chiediamo al mondo cristiano almeno l\u2019aiuto della preghiera&#8221;.<\/p>\n<p style=\"text-align: justify;\">I battesimi vengono generalmente amministrati a Pasqua, Pentecoste e Natale. Nella parrocchia di Bang Rim Dong a Kwangi\u00f9, nella Pasqua del 1986 ho partecipato alla messa e al battesimo di 114 adulti e loro figli. Una festa di popolo, con la lunga processione di uomini e donne, bambini e bambine vestiti di bianco per ricevere il battesimo.<\/p>\n<p style=\"text-align: justify;\">Canti, musiche, tanta allegria. Nella Chiesa cattolica coreana \u00e8 in pieno svolgimento il programma &#8220;Evangelizzazione Venti Venti&#8221;, cio\u00e8 l\u2019impegno a convertire il 20 per cento dei sudcoreani nel 2020. Forse non ci arriveranno, ma il solo lancio di questo programma nel 2008 dimostra la fede entusiasta dei laici battezzati, perch\u00e9 i protagonisti sono loro e tutti lo sanno.<\/p>\n<p style=\"text-align: justify;\">Nella Pasqua di quest\u2019anno, domenica 8 aprile, in Corea e nel mondo delle missioni, altre decine di migliaia di catecumeni sono entrati nella Chiesa. Mai essere pessimisti sul futuro del cristianesimo e della Chiesa cattolica. Noi del Vecchio Continente attraversiamo un periodo di crisi della nostra fede, ma nelle giovani Chiese l\u2019azione dello Spirito Santo ci d\u00e0 una iniezione di speranza e di gioia pasquale.<\/p>\n","protected":false},"excerpt":{"rendered":"<p>www.chiesa 18 aprile 2012 L\u00ec i cattolici aumentano con ritmi stupefacenti. Con ogni anno molte migliaia di nuovi battezzati adulti. Il reportage di un grande missionario di Sandro Magister<\/p><p><a class=\"more-link btn\" href=\"https:\/\/www.rassegnastampa-totustuus.it\/cattolica\/corea-del-sud-la-tigre-asiatica-della-chiesa\/\">Continua a leggere<\/a><\/p>\n","protected":false},"author":6,"featured_media":29641,"comment_status":"closed","ping_status":"open","sticky":false,"template":"","format":"standard","meta":{"footnotes":""},"categories":[5],"tags":[2057],"class_list":["post-4999","post","type-post","status-publish","format-standard","has-post-thumbnail","hentry","category-chiesa","tag-corea","item-wrap"],"yoast_head":"<!-- This site is optimized with the Yoast SEO plugin v27.5 - https:\/\/yoast.com\/product\/yoast-seo-wordpress\/ -->\n<title>Corea del Sud, la tigre asiatica della Chiesa - Rassegna Stampa Cattolica<\/title>\n<meta name=\"description\" content=\"Rassegna Stampa Cattolica - Per una cultura che nasce dalla Rivelazione cristiana in conformit\u00e0 alla tradizione e al Magistero della Chiesa in opposizione ad ogni relativismo e totalitarismo\" \/>\n<meta name=\"robots\" content=\"index, follow, max-snippet:-1, max-image-preview:large, max-video-preview:-1\" \/>\n<link rel=\"canonical\" href=\"https:\/\/www.rassegnastampa-totustuus.it\/cattolica\/corea-del-sud-la-tigre-asiatica-della-chiesa\/\" \/>\n<meta property=\"og:locale\" content=\"it_IT\" \/>\n<meta property=\"og:type\" content=\"article\" \/>\n<meta property=\"og:title\" content=\"Corea del Sud, la tigre asiatica della Chiesa - Rassegna Stampa Cattolica\" \/>\n<meta property=\"og:description\" content=\"Rassegna Stampa Cattolica - Per una cultura che nasce dalla Rivelazione cristiana in conformit\u00e0 alla tradizione e al Magistero della Chiesa in opposizione ad ogni relativismo e totalitarismo\" \/>\n<meta property=\"og:url\" content=\"https:\/\/www.rassegnastampa-totustuus.it\/cattolica\/corea-del-sud-la-tigre-asiatica-della-chiesa\/\" \/>\n<meta property=\"og:site_name\" content=\"Rassegna Stampa Cattolica\" \/>\n<meta property=\"article:publisher\" content=\"https:\/\/www.facebook.com\/rassegnastampacattolica\" \/>\n<meta property=\"article:published_time\" content=\"2012-04-18T22:00:00+00:00\" \/>\n<meta property=\"article:modified_time\" content=\"2016-01-22T17:31:04+00:00\" \/>\n<meta property=\"og:image\" content=\"https:\/\/www.rassegnastampa-totustuus.it\/cattolica\/wp-content\/uploads\/2012\/04\/chiesa_Corea.jpg\" \/>\n\t<meta property=\"og:image:width\" content=\"275\" \/>\n\t<meta property=\"og:image:height\" content=\"183\" \/>\n\t<meta property=\"og:image:type\" content=\"image\/jpeg\" \/>\n<meta name=\"author\" content=\"Redazione\" \/>\n<meta name=\"twitter:card\" content=\"summary_large_image\" \/>\n<meta name=\"twitter:creator\" content=\"@rassegnastampa9\" \/>\n<meta name=\"twitter:site\" content=\"@rassegnastampa9\" \/>\n<meta name=\"twitter:label1\" content=\"Scritto da\" \/>\n\t<meta name=\"twitter:data1\" content=\"Redazione\" \/>\n\t<meta name=\"twitter:label2\" content=\"Tempo di lettura stimato\" \/>\n\t<meta name=\"twitter:data2\" content=\"6 minuti\" \/>\n<script type=\"application\/ld+json\" class=\"yoast-schema-graph\">{\"@context\":\"https:\\\/\\\/schema.org\",\"@graph\":[{\"@type\":\"Article\",\"@id\":\"https:\\\/\\\/www.rassegnastampa-totustuus.it\\\/cattolica\\\/corea-del-sud-la-tigre-asiatica-della-chiesa\\\/#article\",\"isPartOf\":{\"@id\":\"https:\\\/\\\/www.rassegnastampa-totustuus.it\\\/cattolica\\\/corea-del-sud-la-tigre-asiatica-della-chiesa\\\/\"},\"author\":{\"name\":\"Redazione\",\"@id\":\"https:\\\/\\\/www.rassegnastampa-totustuus.it\\\/cattolica\\\/#\\\/schema\\\/person\\\/08f319d2bd1a0904ad9e2bfb7b15e5c3\"},\"headline\":\"Corea del Sud, la tigre asiatica della Chiesa\",\"datePublished\":\"2012-04-18T22:00:00+00:00\",\"dateModified\":\"2016-01-22T17:31:04+00:00\",\"mainEntityOfPage\":{\"@id\":\"https:\\\/\\\/www.rassegnastampa-totustuus.it\\\/cattolica\\\/corea-del-sud-la-tigre-asiatica-della-chiesa\\\/\"},\"wordCount\":1304,\"publisher\":{\"@id\":\"https:\\\/\\\/www.rassegnastampa-totustuus.it\\\/cattolica\\\/#organization\"},\"image\":{\"@id\":\"https:\\\/\\\/www.rassegnastampa-totustuus.it\\\/cattolica\\\/corea-del-sud-la-tigre-asiatica-della-chiesa\\\/#primaryimage\"},\"thumbnailUrl\":\"https:\\\/\\\/www.rassegnastampa-totustuus.it\\\/cattolica\\\/wp-content\\\/uploads\\\/2012\\\/04\\\/chiesa_Corea.jpg\",\"keywords\":[\"Corea\"],\"articleSection\":[\"Chiesa\"],\"inLanguage\":\"it-IT\"},{\"@type\":\"WebPage\",\"@id\":\"https:\\\/\\\/www.rassegnastampa-totustuus.it\\\/cattolica\\\/corea-del-sud-la-tigre-asiatica-della-chiesa\\\/\",\"url\":\"https:\\\/\\\/www.rassegnastampa-totustuus.it\\\/cattolica\\\/corea-del-sud-la-tigre-asiatica-della-chiesa\\\/\",\"name\":\"Corea del Sud, la tigre asiatica della Chiesa - Rassegna Stampa Cattolica\",\"isPartOf\":{\"@id\":\"https:\\\/\\\/www.rassegnastampa-totustuus.it\\\/cattolica\\\/#website\"},\"primaryImageOfPage\":{\"@id\":\"https:\\\/\\\/www.rassegnastampa-totustuus.it\\\/cattolica\\\/corea-del-sud-la-tigre-asiatica-della-chiesa\\\/#primaryimage\"},\"image\":{\"@id\":\"https:\\\/\\\/www.rassegnastampa-totustuus.it\\\/cattolica\\\/corea-del-sud-la-tigre-asiatica-della-chiesa\\\/#primaryimage\"},\"thumbnailUrl\":\"https:\\\/\\\/www.rassegnastampa-totustuus.it\\\/cattolica\\\/wp-content\\\/uploads\\\/2012\\\/04\\\/chiesa_Corea.jpg\",\"datePublished\":\"2012-04-18T22:00:00+00:00\",\"dateModified\":\"2016-01-22T17:31:04+00:00\",\"description\":\"Rassegna Stampa Cattolica - Per una cultura che nasce dalla Rivelazione cristiana in conformit\u00e0 alla tradizione e al Magistero della Chiesa in opposizione ad ogni relativismo e totalitarismo\",\"breadcrumb\":{\"@id\":\"https:\\\/\\\/www.rassegnastampa-totustuus.it\\\/cattolica\\\/corea-del-sud-la-tigre-asiatica-della-chiesa\\\/#breadcrumb\"},\"inLanguage\":\"it-IT\",\"potentialAction\":[{\"@type\":\"ReadAction\",\"target\":[\"https:\\\/\\\/www.rassegnastampa-totustuus.it\\\/cattolica\\\/corea-del-sud-la-tigre-asiatica-della-chiesa\\\/\"]}]},{\"@type\":\"ImageObject\",\"inLanguage\":\"it-IT\",\"@id\":\"https:\\\/\\\/www.rassegnastampa-totustuus.it\\\/cattolica\\\/corea-del-sud-la-tigre-asiatica-della-chiesa\\\/#primaryimage\",\"url\":\"https:\\\/\\\/www.rassegnastampa-totustuus.it\\\/cattolica\\\/wp-content\\\/uploads\\\/2012\\\/04\\\/chiesa_Corea.jpg\",\"contentUrl\":\"https:\\\/\\\/www.rassegnastampa-totustuus.it\\\/cattolica\\\/wp-content\\\/uploads\\\/2012\\\/04\\\/chiesa_Corea.jpg\",\"width\":275,\"height\":183},{\"@type\":\"BreadcrumbList\",\"@id\":\"https:\\\/\\\/www.rassegnastampa-totustuus.it\\\/cattolica\\\/corea-del-sud-la-tigre-asiatica-della-chiesa\\\/#breadcrumb\",\"itemListElement\":[{\"@type\":\"ListItem\",\"position\":1,\"name\":\"Home\",\"item\":\"https:\\\/\\\/www.rassegnastampa-totustuus.it\\\/cattolica\\\/\"},{\"@type\":\"ListItem\",\"position\":2,\"name\":\"Corea del Sud, la tigre asiatica della Chiesa\"}]},{\"@type\":\"WebSite\",\"@id\":\"https:\\\/\\\/www.rassegnastampa-totustuus.it\\\/cattolica\\\/#website\",\"url\":\"https:\\\/\\\/www.rassegnastampa-totustuus.it\\\/cattolica\\\/\",\"name\":\"Rassegna Stampa Cattolica\",\"description\":\"Per una cultura che nasce dalla Rivelazione cristiana in conformit\u00e0 alla tradizione e al Magistero della Chiesa in opposizione ad ogni relativismo e totalitarismo\",\"publisher\":{\"@id\":\"https:\\\/\\\/www.rassegnastampa-totustuus.it\\\/cattolica\\\/#organization\"},\"alternateName\":\"Rass. Cattolica\",\"potentialAction\":[{\"@type\":\"SearchAction\",\"target\":{\"@type\":\"EntryPoint\",\"urlTemplate\":\"https:\\\/\\\/www.rassegnastampa-totustuus.it\\\/cattolica\\\/?s={search_term_string}\"},\"query-input\":{\"@type\":\"PropertyValueSpecification\",\"valueRequired\":true,\"valueName\":\"search_term_string\"}}],\"inLanguage\":\"it-IT\"},{\"@type\":\"Organization\",\"@id\":\"https:\\\/\\\/www.rassegnastampa-totustuus.it\\\/cattolica\\\/#organization\",\"name\":\"Rassegna Stampa Cattolica\",\"url\":\"https:\\\/\\\/www.rassegnastampa-totustuus.it\\\/cattolica\\\/\",\"logo\":{\"@type\":\"ImageObject\",\"inLanguage\":\"it-IT\",\"@id\":\"https:\\\/\\\/www.rassegnastampa-totustuus.it\\\/cattolica\\\/#\\\/schema\\\/logo\\\/image\\\/\",\"url\":\"https:\\\/\\\/www.rassegnastampa-totustuus.it\\\/cattolica\\\/wp-content\\\/uploads\\\/2014\\\/04\\\/logo-rassegna1.gif\",\"contentUrl\":\"https:\\\/\\\/www.rassegnastampa-totustuus.it\\\/cattolica\\\/wp-content\\\/uploads\\\/2014\\\/04\\\/logo-rassegna1.gif\",\"width\":600,\"height\":163,\"caption\":\"Rassegna Stampa Cattolica\"},\"image\":{\"@id\":\"https:\\\/\\\/www.rassegnastampa-totustuus.it\\\/cattolica\\\/#\\\/schema\\\/logo\\\/image\\\/\"},\"sameAs\":[\"https:\\\/\\\/www.facebook.com\\\/rassegnastampacattolica\",\"https:\\\/\\\/x.com\\\/rassegnastampa9\"]},{\"@type\":\"Person\",\"@id\":\"https:\\\/\\\/www.rassegnastampa-totustuus.it\\\/cattolica\\\/#\\\/schema\\\/person\\\/08f319d2bd1a0904ad9e2bfb7b15e5c3\",\"name\":\"Redazione\",\"image\":{\"@type\":\"ImageObject\",\"inLanguage\":\"it-IT\",\"@id\":\"https:\\\/\\\/secure.gravatar.com\\\/avatar\\\/2fcdf27c78ea025fbdb44e914cc63c72249ffec9dc8aafd5c82b26240ef3f346?s=96&d=mm&r=g\",\"url\":\"https:\\\/\\\/secure.gravatar.com\\\/avatar\\\/2fcdf27c78ea025fbdb44e914cc63c72249ffec9dc8aafd5c82b26240ef3f346?s=96&d=mm&r=g\",\"contentUrl\":\"https:\\\/\\\/secure.gravatar.com\\\/avatar\\\/2fcdf27c78ea025fbdb44e914cc63c72249ffec9dc8aafd5c82b26240ef3f346?s=96&d=mm&r=g\",\"caption\":\"Redazione\"},\"url\":\"https:\\\/\\\/www.rassegnastampa-totustuus.it\\\/cattolica\\\/author\\\/pietroelle\\\/\"}]}<\/script>\n<!-- \/ Yoast SEO plugin. -->","yoast_head_json":{"title":"Corea del Sud, la tigre asiatica della Chiesa - Rassegna Stampa Cattolica","description":"Rassegna Stampa Cattolica - Per una cultura che nasce dalla Rivelazione cristiana in conformit\u00e0 alla tradizione e al Magistero della Chiesa in opposizione ad ogni relativismo e totalitarismo","robots":{"index":"index","follow":"follow","max-snippet":"max-snippet:-1","max-image-preview":"max-image-preview:large","max-video-preview":"max-video-preview:-1"},"canonical":"https:\/\/www.rassegnastampa-totustuus.it\/cattolica\/corea-del-sud-la-tigre-asiatica-della-chiesa\/","og_locale":"it_IT","og_type":"article","og_title":"Corea del Sud, la tigre asiatica della Chiesa - Rassegna Stampa Cattolica","og_description":"Rassegna Stampa Cattolica - Per una cultura che nasce dalla Rivelazione cristiana in conformit\u00e0 alla tradizione e al Magistero della Chiesa in opposizione ad ogni relativismo e totalitarismo","og_url":"https:\/\/www.rassegnastampa-totustuus.it\/cattolica\/corea-del-sud-la-tigre-asiatica-della-chiesa\/","og_site_name":"Rassegna Stampa Cattolica","article_publisher":"https:\/\/www.facebook.com\/rassegnastampacattolica","article_published_time":"2012-04-18T22:00:00+00:00","article_modified_time":"2016-01-22T17:31:04+00:00","og_image":[{"width":275,"height":183,"url":"https:\/\/www.rassegnastampa-totustuus.it\/cattolica\/wp-content\/uploads\/2012\/04\/chiesa_Corea.jpg","type":"image\/jpeg"}],"author":"Redazione","twitter_card":"summary_large_image","twitter_creator":"@rassegnastampa9","twitter_site":"@rassegnastampa9","twitter_misc":{"Scritto da":"Redazione","Tempo di lettura stimato":"6 minuti"},"schema":{"@context":"https:\/\/schema.org","@graph":[{"@type":"Article","@id":"https:\/\/www.rassegnastampa-totustuus.it\/cattolica\/corea-del-sud-la-tigre-asiatica-della-chiesa\/#article","isPartOf":{"@id":"https:\/\/www.rassegnastampa-totustuus.it\/cattolica\/corea-del-sud-la-tigre-asiatica-della-chiesa\/"},"author":{"name":"Redazione","@id":"https:\/\/www.rassegnastampa-totustuus.it\/cattolica\/#\/schema\/person\/08f319d2bd1a0904ad9e2bfb7b15e5c3"},"headline":"Corea del Sud, la tigre asiatica della Chiesa","datePublished":"2012-04-18T22:00:00+00:00","dateModified":"2016-01-22T17:31:04+00:00","mainEntityOfPage":{"@id":"https:\/\/www.rassegnastampa-totustuus.it\/cattolica\/corea-del-sud-la-tigre-asiatica-della-chiesa\/"},"wordCount":1304,"publisher":{"@id":"https:\/\/www.rassegnastampa-totustuus.it\/cattolica\/#organization"},"image":{"@id":"https:\/\/www.rassegnastampa-totustuus.it\/cattolica\/corea-del-sud-la-tigre-asiatica-della-chiesa\/#primaryimage"},"thumbnailUrl":"https:\/\/www.rassegnastampa-totustuus.it\/cattolica\/wp-content\/uploads\/2012\/04\/chiesa_Corea.jpg","keywords":["Corea"],"articleSection":["Chiesa"],"inLanguage":"it-IT"},{"@type":"WebPage","@id":"https:\/\/www.rassegnastampa-totustuus.it\/cattolica\/corea-del-sud-la-tigre-asiatica-della-chiesa\/","url":"https:\/\/www.rassegnastampa-totustuus.it\/cattolica\/corea-del-sud-la-tigre-asiatica-della-chiesa\/","name":"Corea del Sud, la tigre asiatica della Chiesa - Rassegna Stampa Cattolica","isPartOf":{"@id":"https:\/\/www.rassegnastampa-totustuus.it\/cattolica\/#website"},"primaryImageOfPage":{"@id":"https:\/\/www.rassegnastampa-totustuus.it\/cattolica\/corea-del-sud-la-tigre-asiatica-della-chiesa\/#primaryimage"},"image":{"@id":"https:\/\/www.rassegnastampa-totustuus.it\/cattolica\/corea-del-sud-la-tigre-asiatica-della-chiesa\/#primaryimage"},"thumbnailUrl":"https:\/\/www.rassegnastampa-totustuus.it\/cattolica\/wp-content\/uploads\/2012\/04\/chiesa_Corea.jpg","datePublished":"2012-04-18T22:00:00+00:00","dateModified":"2016-01-22T17:31:04+00:00","description":"Rassegna Stampa Cattolica - Per una cultura che nasce dalla Rivelazione cristiana in conformit\u00e0 alla tradizione e al Magistero della Chiesa in opposizione ad ogni relativismo e totalitarismo","breadcrumb":{"@id":"https:\/\/www.rassegnastampa-totustuus.it\/cattolica\/corea-del-sud-la-tigre-asiatica-della-chiesa\/#breadcrumb"},"inLanguage":"it-IT","potentialAction":[{"@type":"ReadAction","target":["https:\/\/www.rassegnastampa-totustuus.it\/cattolica\/corea-del-sud-la-tigre-asiatica-della-chiesa\/"]}]},{"@type":"ImageObject","inLanguage":"it-IT","@id":"https:\/\/www.rassegnastampa-totustuus.it\/cattolica\/corea-del-sud-la-tigre-asiatica-della-chiesa\/#primaryimage","url":"https:\/\/www.rassegnastampa-totustuus.it\/cattolica\/wp-content\/uploads\/2012\/04\/chiesa_Corea.jpg","contentUrl":"https:\/\/www.rassegnastampa-totustuus.it\/cattolica\/wp-content\/uploads\/2012\/04\/chiesa_Corea.jpg","width":275,"height":183},{"@type":"BreadcrumbList","@id":"https:\/\/www.rassegnastampa-totustuus.it\/cattolica\/corea-del-sud-la-tigre-asiatica-della-chiesa\/#breadcrumb","itemListElement":[{"@type":"ListItem","position":1,"name":"Home","item":"https:\/\/www.rassegnastampa-totustuus.it\/cattolica\/"},{"@type":"ListItem","position":2,"name":"Corea del Sud, la tigre asiatica della Chiesa"}]},{"@type":"WebSite","@id":"https:\/\/www.rassegnastampa-totustuus.it\/cattolica\/#website","url":"https:\/\/www.rassegnastampa-totustuus.it\/cattolica\/","name":"Rassegna Stampa Cattolica","description":"Per una cultura che nasce dalla Rivelazione cristiana in conformit\u00e0 alla tradizione e al Magistero della Chiesa in opposizione ad ogni relativismo e totalitarismo","publisher":{"@id":"https:\/\/www.rassegnastampa-totustuus.it\/cattolica\/#organization"},"alternateName":"Rass. Cattolica","potentialAction":[{"@type":"SearchAction","target":{"@type":"EntryPoint","urlTemplate":"https:\/\/www.rassegnastampa-totustuus.it\/cattolica\/?s={search_term_string}"},"query-input":{"@type":"PropertyValueSpecification","valueRequired":true,"valueName":"search_term_string"}}],"inLanguage":"it-IT"},{"@type":"Organization","@id":"https:\/\/www.rassegnastampa-totustuus.it\/cattolica\/#organization","name":"Rassegna Stampa Cattolica","url":"https:\/\/www.rassegnastampa-totustuus.it\/cattolica\/","logo":{"@type":"ImageObject","inLanguage":"it-IT","@id":"https:\/\/www.rassegnastampa-totustuus.it\/cattolica\/#\/schema\/logo\/image\/","url":"https:\/\/www.rassegnastampa-totustuus.it\/cattolica\/wp-content\/uploads\/2014\/04\/logo-rassegna1.gif","contentUrl":"https:\/\/www.rassegnastampa-totustuus.it\/cattolica\/wp-content\/uploads\/2014\/04\/logo-rassegna1.gif","width":600,"height":163,"caption":"Rassegna Stampa Cattolica"},"image":{"@id":"https:\/\/www.rassegnastampa-totustuus.it\/cattolica\/#\/schema\/logo\/image\/"},"sameAs":["https:\/\/www.facebook.com\/rassegnastampacattolica","https:\/\/x.com\/rassegnastampa9"]},{"@type":"Person","@id":"https:\/\/www.rassegnastampa-totustuus.it\/cattolica\/#\/schema\/person\/08f319d2bd1a0904ad9e2bfb7b15e5c3","name":"Redazione","image":{"@type":"ImageObject","inLanguage":"it-IT","@id":"https:\/\/secure.gravatar.com\/avatar\/2fcdf27c78ea025fbdb44e914cc63c72249ffec9dc8aafd5c82b26240ef3f346?s=96&d=mm&r=g","url":"https:\/\/secure.gravatar.com\/avatar\/2fcdf27c78ea025fbdb44e914cc63c72249ffec9dc8aafd5c82b26240ef3f346?s=96&d=mm&r=g","contentUrl":"https:\/\/secure.gravatar.com\/avatar\/2fcdf27c78ea025fbdb44e914cc63c72249ffec9dc8aafd5c82b26240ef3f346?s=96&d=mm&r=g","caption":"Redazione"},"url":"https:\/\/www.rassegnastampa-totustuus.it\/cattolica\/author\/pietroelle\/"}]}},"_links":{"self":[{"href":"https:\/\/www.rassegnastampa-totustuus.it\/cattolica\/wp-json\/wp\/v2\/posts\/4999","targetHints":{"allow":["GET"]}}],"collection":[{"href":"https:\/\/www.rassegnastampa-totustuus.it\/cattolica\/wp-json\/wp\/v2\/posts"}],"about":[{"href":"https:\/\/www.rassegnastampa-totustuus.it\/cattolica\/wp-json\/wp\/v2\/types\/post"}],"author":[{"embeddable":true,"href":"https:\/\/www.rassegnastampa-totustuus.it\/cattolica\/wp-json\/wp\/v2\/users\/6"}],"replies":[{"embeddable":true,"href":"https:\/\/www.rassegnastampa-totustuus.it\/cattolica\/wp-json\/wp\/v2\/comments?post=4999"}],"version-history":[{"count":4,"href":"https:\/\/www.rassegnastampa-totustuus.it\/cattolica\/wp-json\/wp\/v2\/posts\/4999\/revisions"}],"predecessor-version":[{"id":29642,"href":"https:\/\/www.rassegnastampa-totustuus.it\/cattolica\/wp-json\/wp\/v2\/posts\/4999\/revisions\/29642"}],"wp:featuredmedia":[{"embeddable":true,"href":"https:\/\/www.rassegnastampa-totustuus.it\/cattolica\/wp-json\/wp\/v2\/media\/29641"}],"wp:attachment":[{"href":"https:\/\/www.rassegnastampa-totustuus.it\/cattolica\/wp-json\/wp\/v2\/media?parent=4999"}],"wp:term":[{"taxonomy":"category","embeddable":true,"href":"https:\/\/www.rassegnastampa-totustuus.it\/cattolica\/wp-json\/wp\/v2\/categories?post=4999"},{"taxonomy":"post_tag","embeddable":true,"href":"https:\/\/www.rassegnastampa-totustuus.it\/cattolica\/wp-json\/wp\/v2\/tags?post=4999"}],"curies":[{"name":"wp","href":"https:\/\/api.w.org\/{rel}","templated":true}]}}