{"id":4998,"date":"2012-04-16T11:57:17","date_gmt":"2012-04-16T09:57:17","guid":{"rendered":""},"modified":"2015-12-21T15:52:57","modified_gmt":"2015-12-21T14:52:57","slug":"laltra-strada-per-la-crescita","status":"publish","type":"post","link":"https:\/\/www.rassegnastampa-totustuus.it\/cattolica\/laltra-strada-per-la-crescita\/","title":{"rendered":"L\u2019altra strada per la crescita"},"content":{"rendered":"<div style=\"text-align: center;\"><strong><a href=\"https:\/\/www.rassegnastampa-totustuus.it\/cattolica\/wp-content\/uploads\/2012\/04\/debito_pubbl.jpg\"><img loading=\"lazy\" decoding=\"async\" class=\"alignleft wp-image-29004\" src=\"https:\/\/www.rassegnastampa-totustuus.it\/cattolica\/wp-content\/uploads\/2012\/04\/debito_pubbl.jpg\" alt=\"debito_pubbl\" width=\"250\" height=\"161\" \/><\/a>Tempi <\/strong>n.15 18 aprile 2012<\/div>\n<p style=\"text-align: justify;\">Non baster\u00e0 tartassare per risanare i conti pubblici. Occorre ridurre la pressione fiscale sui produttori, \u00abl&#8217;unica misura che avrebbe effetto immediato sull&#8217;economia\u00bb. La ricetta di Luca Ricolfi per ridare slancio alle aziende.<\/p>\n<p style=\"text-align: justify;\"><em>Quando, nel 2010, usa la prima edizione de <\/em>II sacco del Nord,<em> la crisi sembrava in via di superamento. Oggi la situazione \u00e8 cambiata. Luca Ricolfi, sociologo e docente di Analisi dei dati, ha deciso di rieditare il libro. Pubblichiamo stralci della nuova introduzione.<\/em><\/p>\n<p style=\"text-align: center;\">di <strong>Luca Ricolfi<\/strong><\/p>\n<p><!--more--><\/p>\n<div style=\"text-align: justify;\">Bruciato dai suoi stessi ideatori il sogno federalista, l&#8217;Italia dovr\u00e0 trovare altre strade per risolvere i suoi problemi. Ma quali strade? Qui il discorso si fa interessante, e decisamente aperto. Fra gli economisti, infatti, non vi \u00e8 alcun consenso n\u00e9 sulle cause della crisi n\u00e9 sui modi per uscirne. E quanto all&#8217;Italia, le diagnosi si sprecano, perch\u00e9 le conseguenti terapie divergono.<\/div>\n<p style=\"text-align: justify;\">(&#8230;) Per i sindacati, che vorrebbero salari e pensioni pi\u00f9 alte, la causa della crisi \u00e8 chiaramente l&#8217;aumento della diseguaglianza nella distribuzione del reddito, che ha tolto quattrini dalle tasche dei lavoratori e cos\u00ec ha ridotto la domanda aggregata. Per la Confindustria, che vuole ridurre i costi di produzione ma non vuole litigare troppo con i sindacati, l&#8217;imputato numero uno \u00e8 sempre la Pubblica amministrazione, che spende troppo, \u00e8 inefficiente, paga in ritardo, sottrae risparmio al settore privato.<\/p>\n<p style=\"text-align: justify;\">Per i riformisti puri e duri, di destra ma anche di sinistra, il freno fondamentale alla crescita dell&#8217;occupazione e del reddito \u00e8 la rigidit\u00e0 del mercato del lavoro, di cui l&#8217;articolo 18 dello Statuto dei lavoratori \u00e8 divenuto il simbolo. Per gli antieuropeisti, dalla Lega ai Noglobal ai comunisti, la causa di tutto \u00e8 il mercato globale, che ha distrutto posti di lavoro e compresso i salari nei paesi avanzati.<\/p>\n<p style=\"text-align: justify;\">Per la sinistra, la vera palla al piede dell&#8217;Italia \u00e8 l&#8217;evasione fiscale, protetta e alimentata dai condoni dei governi Berlusconi. Per la destra, tutto al contrario, sono le troppe tasse sulle famiglie che legittimano l&#8217;evasione fiscale e frenano la crescita.<\/p>\n<p style=\"text-align: justify;\">Quanto al governo Monti, esso sembra fermamente convinto che una buona dose di rigore nei conti pubblici sia inevitabile, e che la vera causa del ristagno dell&#8217;Italia sia l&#8217;incapacit\u00e0 della sua classe dirigente di procedere con coraggio sulla via della modernizzazione delle sue istituzioni economiche.<\/p>\n<p style=\"text-align: justify;\">Di qui l&#8217;adozione di una manovra economica sbilanciata dal lato delle entrate (per raddrizzare i conti pubblici), e una martellante attenzione, per ora soprattutto mediatica, alle misure di scongelamento dell&#8217;economia: liberalizzazioni dei mercati dei servizi, dei prodotti e del lavoro, promozione della concorrenza, lotta alle inefficienze e agli sprechi della Pubblica amministrazione.<\/p>\n<p style=\"text-align: justify;\">Potr\u00e0 bastare? E, soprattutto, permetter\u00e0 di risolvere il problema &#8211; l&#8217;oppressione fiscale dei territori pi\u00f9 produttivi &#8211; da cui l&#8217;idea federalista era nata? Spero di sbagliarmi, ma la mia impressione \u00e8 che la risposta debba essere no. (&#8230;) Sui meccanismi che sostengono la crescita non siamo completamente ignoranti, qualcosa abbiamo imparato. Ci sono analisi, evidenze empiriche, indizi sia sulle economie avanzate, sia sull&#8217;Italia.<\/p>\n<p style=\"text-align: justify;\">Se consideriamo le economie avanzate, ovvero i paesi aderenti all&#8217;Ocse, esiste una robusta evidenza empirica che suggerisce che la modernizzazione delle istituzioni economiche sia solo uno degli ingredienti della crescita, e forse nemmeno il pi\u00f9 importante. Se prendiamo l&#8217;ultimo lungo periodo di crescita (1995-2007), i due fattori pi\u00f9 influenti sembrano essere il livello effettivo di istruzione della popolazione (misurato dai test Pisa), che accelera la crescita, e la pressione fiscale sulle imprese (misurata con l&#8217;aliquota dell&#8217;imposta societaria), che viceversa la rallenta.<\/p>\n<p style=\"text-align: justify;\">Nel caso della pressione fiscale, in particolare, \u00e8 interessante il fatto che quel che conta non sia la pressione fiscale complessiva, bens\u00ec quella sui produttori: il che spiega perch\u00e9 fra i paesi con i pi\u00f9 alti tassi di crescita vi siano la Svezia, la Norvegia e la Finlandia, che hanno s\u00ec un&#8217;elevata pressione fiscale complessiva ma hanno avuto l&#8217;accortezza di tenere bassa l&#8217;aliquota societaria, cos\u00ec dando ossigeno alle loro imprese e slancio alla loro economia.<\/p>\n<p style=\"text-align: justify;\"><strong>Il Sud pi\u00f9 veloce del Nord<\/strong><\/p>\n<p style=\"text-align: justify;\">Ma anche sull&#8217;Italia, ormai, sappiamo diverse cose. Sappiamo, ad esempio, che -contrariamente a quanto suggerisce il senso comune e hanno creduto diversi ministri ed economisti &#8211; da met\u00e0 degli anni Novanta il Pil pr\u00f2 capite cresce pi\u00f9 rapidamente al Sud che al Nord. E questo nonostante il fatto che tutti gli handicap strutturali dell&#8217;Italia siano pi\u00f9 gravi al Sud che al Nord: scarsit\u00e0 di infrastrutture, alto costo del denaro, lentezza della giustizia civile, ritardi nei pagamenti della Pubblica amministrazione, inefficienza dei servizi pubblici, bassa qualit\u00e0 dell&#8217;istruzione, forza della criminalit\u00e0 organizzata sono tutti fattori che zavorrano innanzitutto il Mezzogiorno d&#8217;Italia.<\/p>\n<p style=\"text-align: justify;\">Eppure tutto questo non ha impedito al Sud, nell&#8217;ultimo periodo di crescita (1995-2007), di procedere a una velocit\u00e0 che \u00e8 quasi una volta e mezzo quella del Nord, senza subire alcun significativo rallentamento rispetto al periodo precedente (1983- 1995). Mentre il tasso di crescita del Pil pr\u00f2 capite del Nord, fra il dodicennio 1983-1995 e il dodicennio 1995-2007, \u00e8 crollato dal 2,6 allo 0,9 per cento, quello del Sud \u00e8 rimasto praticamente invariato: era pari all&#8217; 1,4 per cento nel primo periodo, \u00e8 dell&#8217; 1,3 per cento nell&#8217;ultimo. Come \u00e8 stato possibile?<\/p>\n<p style=\"text-align: justify;\">(&#8230;) Se, come suggerisce l&#8217;evidenza empirica disponibile sulle economie avanzate, i tre ingredienti fondamentali della crescita sono il capitale umano, le istituzioni economiche e la pressione fiscale sulle imprese, sembra difficile sfuggire alla conclusione che, avendo il Mezzogiorno d&#8217;Italia un grave handicap tanto in termini di istituzioni economiche quanto in termini di capitale umano, sia al terzo fattore, la pressione fiscale, che dobbiamo rivolgere la nostra attenzione.<\/p>\n<p style=\"text-align: justify;\">La spiegazione pi\u00f9 logica di questa strana inversione di ruoli \u00e8 (&#8230;) che nonostante l&#8217;aumento delle aliquote abbia riguardato tutta l&#8217;Italia, il Sud &#8211; grazie al peso dell&#8217;economia sommersa &#8211; \u00e8 riuscito a limitare l&#8217;impatto della maggiore pressione fiscale, mentre il Nord &#8211; proprio perch\u00e9 la sua economia \u00e8 in gran parte emersa &#8211; non \u00e8 riuscito ad autoridursi le tasse mediante l&#8217;evasione fiscale.<\/p>\n<p style=\"text-align: justify;\">Mi rendo conto che questa interpretazione pu\u00f2 apparire ardita, per non dire politicamente scorretta, ma l&#8217;evidenza statistica che la sorregge \u00e8 piuttosto robusta: se si provano a spiegare le differenze fra i tassi di crescita del reddito pr\u00f2 capite delle 107 province italiane fra il &#8217;95 e il &#8217;07, nessuna variabile ci riesce meglio dell&#8217;evasione fiscale. I tenitori in cui l&#8217;evasione \u00e8 intensa crescono di pi\u00f9, quelli in cui \u00e8 minore crescono meno<\/p>\n<p style=\"text-align: justify;\"><strong>Di fronte a un bivio<\/strong><\/p>\n<p style=\"text-align: justify;\">Torniamo al problema del declino italiano. Se la nostra ricostruzione \u00e8 plausibile, non si pu\u00f2 non essere preoccupati della piega che il governo Monti ha preso. Nei suoi primi atti il nuovo governo sembra dipendere da un&#8217;analisi della societ\u00e0 italiana che attribuisce un peso enorme al ruolo delle istituzioni economiche, e un peso assai modesto, per non dire nullo, al problema della pressione fiscale sui produttori.<\/p>\n<p style=\"text-align: justify;\">Lo testimonia non tanto il largo ricorso ad annunci di future riforme (&#8230;), quanto il contenuto dei provvedimenti economici gi\u00e0 varati: la manovra di fine 2011 \u00e8 sbilanciata dal lato delle entrate, senza molto riguardo ai suoi effetti recessivi; la lotta all&#8217;evasione fiscale si svolge senza alcun credibile impegno di riduzione delle aliquote; e anche nei rari istanti in cui di questo si parla, l&#8217;accento cade sugli sgravi alle famiglie, in perfetta continuit\u00e0 con le elettoralistiche promesse di tutti i governi precedenti.<\/p>\n<p style=\"text-align: justify;\">Ma riforme economiche e riduzione delle aliquote non sono terapie che stanno sullo stesso piano. Le riforme economiche, specie se timide come quelle di cui si sta parlando, potranno produrre qualche effetto solo fra diversi anni. Le riduzioni delle aliquote, invece, possono &#8211; se ben congegnate &#8211; produrre effetti in un lasso di tempo molto pi\u00f9 breve, dell&#8217;ordine di uno-due anni.<\/p>\n<p style=\"text-align: justify;\">Di qui la domanda fondamentale: pu\u00f2 un sistema economico-sociale in declino da quasi un ventennio aspettare altri cinque o dieci anni per tornare a competere con le altre economie avanzate? Possiamo permetterci di aspettare ancora, contando sul fatto\u00a0 che i semini gettati ora prima o poi daranno i loro frutti?<\/p>\n<p style=\"text-align: justify;\">Se la risposta \u00e8 s\u00ec, quel che ci resta da fare \u00e8 soltanto incoraggiare l\u2019azione del governo, aspettando che produca conseguenze tangibili. Ma se la risposta fosse no, come temo in realt\u00e0 sia, allora, saremmo tornati al problema che la Lega aveva sollevato vent\u2019anni fa e che il federalismo \u2013 non a caso sempre qualificato come federalismo fiscale \u2013 doveva risolvere: rimettere i produttori in condizione di produrre.<\/p>\n<p style=\"text-align: justify;\">Con una aggravante: che allora avevamo una soluzione e un partito che la difendeva, ora quella soluzione non c\u2019\u00e8 pi\u00f9 (\u2026) e il ceto politico che ci governa non riconosce quel problema come il problema fondamentale dell\u2019Italia.<\/p>\n","protected":false},"excerpt":{"rendered":"<p>Tempi n.15 18 aprile 2012 Non baster\u00e0 tartassare per risanare i conti pubblici. Occorre ridurre la pressione fiscale sui produttori, \u00abl&#8217;unica misura che avrebbe effetto immediato sull&#8217;economia\u00bb. La ricetta di Luca Ricolfi per ridare slancio alle aziende. Quando, nel 2010, usa la prima edizione de II sacco del Nord, la crisi sembrava in via di &hellip; <\/p>\n<p><a class=\"more-link btn\" href=\"https:\/\/www.rassegnastampa-totustuus.it\/cattolica\/laltra-strada-per-la-crescita\/\">Continua a leggere<\/a><\/p>\n","protected":false},"author":6,"featured_media":29004,"comment_status":"closed","ping_status":"open","sticky":false,"template":"","format":"standard","meta":{"footnotes":""},"categories":[13,58,17],"tags":[634,145],"class_list":["post-4998","post","type-post","status-publish","format-standard","has-post-thumbnail","hentry","category-economia","category-fisco","category-libri","tag-debito-pubblico","tag-fisco-2","item-wrap"],"yoast_head":"<!-- This site is optimized with the Yoast SEO plugin v27.5 - https:\/\/yoast.com\/product\/yoast-seo-wordpress\/ -->\n<title>L\u2019altra strada per la crescita - Rassegna Stampa Cattolica<\/title>\n<meta name=\"description\" content=\"Rassegna Stampa Cattolica - Per una cultura che nasce dalla Rivelazione cristiana in conformit\u00e0 alla tradizione e al Magistero della Chiesa in opposizione ad ogni relativismo e totalitarismo\" \/>\n<meta name=\"robots\" content=\"index, follow, max-snippet:-1, max-image-preview:large, max-video-preview:-1\" \/>\n<link rel=\"canonical\" href=\"https:\/\/www.rassegnastampa-totustuus.it\/cattolica\/laltra-strada-per-la-crescita\/\" \/>\n<meta property=\"og:locale\" content=\"it_IT\" \/>\n<meta property=\"og:type\" content=\"article\" \/>\n<meta property=\"og:title\" content=\"L\u2019altra strada per la crescita - Rassegna Stampa Cattolica\" \/>\n<meta property=\"og:description\" content=\"Rassegna Stampa Cattolica - Per una cultura che nasce dalla Rivelazione cristiana in conformit\u00e0 alla tradizione e al Magistero della Chiesa in opposizione ad ogni relativismo e totalitarismo\" \/>\n<meta property=\"og:url\" content=\"https:\/\/www.rassegnastampa-totustuus.it\/cattolica\/laltra-strada-per-la-crescita\/\" \/>\n<meta property=\"og:site_name\" content=\"Rassegna Stampa Cattolica\" \/>\n<meta property=\"article:publisher\" content=\"https:\/\/www.facebook.com\/rassegnastampacattolica\" \/>\n<meta property=\"article:published_time\" content=\"2012-04-16T09:57:17+00:00\" \/>\n<meta property=\"article:modified_time\" content=\"2015-12-21T14:52:57+00:00\" \/>\n<meta property=\"og:image\" content=\"https:\/\/www.rassegnastampa-totustuus.it\/cattolica\/wp-content\/uploads\/2012\/04\/debito_pubbl.jpg\" \/>\n\t<meta property=\"og:image:width\" content=\"280\" \/>\n\t<meta property=\"og:image:height\" content=\"180\" \/>\n\t<meta property=\"og:image:type\" content=\"image\/jpeg\" \/>\n<meta name=\"author\" content=\"Redazione\" \/>\n<meta name=\"twitter:card\" content=\"summary_large_image\" \/>\n<meta name=\"twitter:creator\" content=\"@rassegnastampa9\" \/>\n<meta name=\"twitter:site\" content=\"@rassegnastampa9\" \/>\n<meta name=\"twitter:label1\" content=\"Scritto da\" \/>\n\t<meta name=\"twitter:data1\" content=\"Redazione\" \/>\n\t<meta name=\"twitter:label2\" content=\"Tempo di lettura stimato\" \/>\n\t<meta name=\"twitter:data2\" content=\"7 minuti\" \/>\n<script type=\"application\/ld+json\" class=\"yoast-schema-graph\">{\"@context\":\"https:\\\/\\\/schema.org\",\"@graph\":[{\"@type\":\"Article\",\"@id\":\"https:\\\/\\\/www.rassegnastampa-totustuus.it\\\/cattolica\\\/laltra-strada-per-la-crescita\\\/#article\",\"isPartOf\":{\"@id\":\"https:\\\/\\\/www.rassegnastampa-totustuus.it\\\/cattolica\\\/laltra-strada-per-la-crescita\\\/\"},\"author\":{\"name\":\"Redazione\",\"@id\":\"https:\\\/\\\/www.rassegnastampa-totustuus.it\\\/cattolica\\\/#\\\/schema\\\/person\\\/08f319d2bd1a0904ad9e2bfb7b15e5c3\"},\"headline\":\"L\u2019altra strada per la crescita\",\"datePublished\":\"2012-04-16T09:57:17+00:00\",\"dateModified\":\"2015-12-21T14:52:57+00:00\",\"mainEntityOfPage\":{\"@id\":\"https:\\\/\\\/www.rassegnastampa-totustuus.it\\\/cattolica\\\/laltra-strada-per-la-crescita\\\/\"},\"wordCount\":1425,\"publisher\":{\"@id\":\"https:\\\/\\\/www.rassegnastampa-totustuus.it\\\/cattolica\\\/#organization\"},\"image\":{\"@id\":\"https:\\\/\\\/www.rassegnastampa-totustuus.it\\\/cattolica\\\/laltra-strada-per-la-crescita\\\/#primaryimage\"},\"thumbnailUrl\":\"https:\\\/\\\/www.rassegnastampa-totustuus.it\\\/cattolica\\\/wp-content\\\/uploads\\\/2012\\\/04\\\/debito_pubbl.jpg\",\"keywords\":[\"debito pubblico\",\"fisco\"],\"articleSection\":[\"Economia\",\"Fisco\",\"Libri\"],\"inLanguage\":\"it-IT\"},{\"@type\":\"WebPage\",\"@id\":\"https:\\\/\\\/www.rassegnastampa-totustuus.it\\\/cattolica\\\/laltra-strada-per-la-crescita\\\/\",\"url\":\"https:\\\/\\\/www.rassegnastampa-totustuus.it\\\/cattolica\\\/laltra-strada-per-la-crescita\\\/\",\"name\":\"L\u2019altra strada per la crescita - Rassegna Stampa Cattolica\",\"isPartOf\":{\"@id\":\"https:\\\/\\\/www.rassegnastampa-totustuus.it\\\/cattolica\\\/#website\"},\"primaryImageOfPage\":{\"@id\":\"https:\\\/\\\/www.rassegnastampa-totustuus.it\\\/cattolica\\\/laltra-strada-per-la-crescita\\\/#primaryimage\"},\"image\":{\"@id\":\"https:\\\/\\\/www.rassegnastampa-totustuus.it\\\/cattolica\\\/laltra-strada-per-la-crescita\\\/#primaryimage\"},\"thumbnailUrl\":\"https:\\\/\\\/www.rassegnastampa-totustuus.it\\\/cattolica\\\/wp-content\\\/uploads\\\/2012\\\/04\\\/debito_pubbl.jpg\",\"datePublished\":\"2012-04-16T09:57:17+00:00\",\"dateModified\":\"2015-12-21T14:52:57+00:00\",\"description\":\"Rassegna Stampa Cattolica - Per una cultura che nasce dalla Rivelazione cristiana in conformit\u00e0 alla tradizione e al Magistero della Chiesa in opposizione ad ogni relativismo e totalitarismo\",\"breadcrumb\":{\"@id\":\"https:\\\/\\\/www.rassegnastampa-totustuus.it\\\/cattolica\\\/laltra-strada-per-la-crescita\\\/#breadcrumb\"},\"inLanguage\":\"it-IT\",\"potentialAction\":[{\"@type\":\"ReadAction\",\"target\":[\"https:\\\/\\\/www.rassegnastampa-totustuus.it\\\/cattolica\\\/laltra-strada-per-la-crescita\\\/\"]}]},{\"@type\":\"ImageObject\",\"inLanguage\":\"it-IT\",\"@id\":\"https:\\\/\\\/www.rassegnastampa-totustuus.it\\\/cattolica\\\/laltra-strada-per-la-crescita\\\/#primaryimage\",\"url\":\"https:\\\/\\\/www.rassegnastampa-totustuus.it\\\/cattolica\\\/wp-content\\\/uploads\\\/2012\\\/04\\\/debito_pubbl.jpg\",\"contentUrl\":\"https:\\\/\\\/www.rassegnastampa-totustuus.it\\\/cattolica\\\/wp-content\\\/uploads\\\/2012\\\/04\\\/debito_pubbl.jpg\",\"width\":280,\"height\":180},{\"@type\":\"BreadcrumbList\",\"@id\":\"https:\\\/\\\/www.rassegnastampa-totustuus.it\\\/cattolica\\\/laltra-strada-per-la-crescita\\\/#breadcrumb\",\"itemListElement\":[{\"@type\":\"ListItem\",\"position\":1,\"name\":\"Home\",\"item\":\"https:\\\/\\\/www.rassegnastampa-totustuus.it\\\/cattolica\\\/\"},{\"@type\":\"ListItem\",\"position\":2,\"name\":\"L\u2019altra strada per la crescita\"}]},{\"@type\":\"WebSite\",\"@id\":\"https:\\\/\\\/www.rassegnastampa-totustuus.it\\\/cattolica\\\/#website\",\"url\":\"https:\\\/\\\/www.rassegnastampa-totustuus.it\\\/cattolica\\\/\",\"name\":\"Rassegna Stampa Cattolica\",\"description\":\"Per una cultura che nasce dalla Rivelazione cristiana in conformit\u00e0 alla tradizione e al Magistero della Chiesa in opposizione ad ogni relativismo e totalitarismo\",\"publisher\":{\"@id\":\"https:\\\/\\\/www.rassegnastampa-totustuus.it\\\/cattolica\\\/#organization\"},\"alternateName\":\"Rass. Cattolica\",\"potentialAction\":[{\"@type\":\"SearchAction\",\"target\":{\"@type\":\"EntryPoint\",\"urlTemplate\":\"https:\\\/\\\/www.rassegnastampa-totustuus.it\\\/cattolica\\\/?s={search_term_string}\"},\"query-input\":{\"@type\":\"PropertyValueSpecification\",\"valueRequired\":true,\"valueName\":\"search_term_string\"}}],\"inLanguage\":\"it-IT\"},{\"@type\":\"Organization\",\"@id\":\"https:\\\/\\\/www.rassegnastampa-totustuus.it\\\/cattolica\\\/#organization\",\"name\":\"Rassegna Stampa Cattolica\",\"url\":\"https:\\\/\\\/www.rassegnastampa-totustuus.it\\\/cattolica\\\/\",\"logo\":{\"@type\":\"ImageObject\",\"inLanguage\":\"it-IT\",\"@id\":\"https:\\\/\\\/www.rassegnastampa-totustuus.it\\\/cattolica\\\/#\\\/schema\\\/logo\\\/image\\\/\",\"url\":\"https:\\\/\\\/www.rassegnastampa-totustuus.it\\\/cattolica\\\/wp-content\\\/uploads\\\/2014\\\/04\\\/logo-rassegna1.gif\",\"contentUrl\":\"https:\\\/\\\/www.rassegnastampa-totustuus.it\\\/cattolica\\\/wp-content\\\/uploads\\\/2014\\\/04\\\/logo-rassegna1.gif\",\"width\":600,\"height\":163,\"caption\":\"Rassegna Stampa Cattolica\"},\"image\":{\"@id\":\"https:\\\/\\\/www.rassegnastampa-totustuus.it\\\/cattolica\\\/#\\\/schema\\\/logo\\\/image\\\/\"},\"sameAs\":[\"https:\\\/\\\/www.facebook.com\\\/rassegnastampacattolica\",\"https:\\\/\\\/x.com\\\/rassegnastampa9\"]},{\"@type\":\"Person\",\"@id\":\"https:\\\/\\\/www.rassegnastampa-totustuus.it\\\/cattolica\\\/#\\\/schema\\\/person\\\/08f319d2bd1a0904ad9e2bfb7b15e5c3\",\"name\":\"Redazione\",\"image\":{\"@type\":\"ImageObject\",\"inLanguage\":\"it-IT\",\"@id\":\"https:\\\/\\\/secure.gravatar.com\\\/avatar\\\/2fcdf27c78ea025fbdb44e914cc63c72249ffec9dc8aafd5c82b26240ef3f346?s=96&d=mm&r=g\",\"url\":\"https:\\\/\\\/secure.gravatar.com\\\/avatar\\\/2fcdf27c78ea025fbdb44e914cc63c72249ffec9dc8aafd5c82b26240ef3f346?s=96&d=mm&r=g\",\"contentUrl\":\"https:\\\/\\\/secure.gravatar.com\\\/avatar\\\/2fcdf27c78ea025fbdb44e914cc63c72249ffec9dc8aafd5c82b26240ef3f346?s=96&d=mm&r=g\",\"caption\":\"Redazione\"},\"url\":\"https:\\\/\\\/www.rassegnastampa-totustuus.it\\\/cattolica\\\/author\\\/pietroelle\\\/\"}]}<\/script>\n<!-- \/ Yoast SEO plugin. -->","yoast_head_json":{"title":"L\u2019altra strada per la crescita - Rassegna Stampa Cattolica","description":"Rassegna Stampa Cattolica - Per una cultura che nasce dalla Rivelazione cristiana in conformit\u00e0 alla tradizione e al Magistero della Chiesa in opposizione ad ogni relativismo e totalitarismo","robots":{"index":"index","follow":"follow","max-snippet":"max-snippet:-1","max-image-preview":"max-image-preview:large","max-video-preview":"max-video-preview:-1"},"canonical":"https:\/\/www.rassegnastampa-totustuus.it\/cattolica\/laltra-strada-per-la-crescita\/","og_locale":"it_IT","og_type":"article","og_title":"L\u2019altra strada per la crescita - Rassegna Stampa Cattolica","og_description":"Rassegna Stampa Cattolica - Per una cultura che nasce dalla Rivelazione cristiana in conformit\u00e0 alla tradizione e al Magistero della Chiesa in opposizione ad ogni relativismo e totalitarismo","og_url":"https:\/\/www.rassegnastampa-totustuus.it\/cattolica\/laltra-strada-per-la-crescita\/","og_site_name":"Rassegna Stampa Cattolica","article_publisher":"https:\/\/www.facebook.com\/rassegnastampacattolica","article_published_time":"2012-04-16T09:57:17+00:00","article_modified_time":"2015-12-21T14:52:57+00:00","og_image":[{"width":280,"height":180,"url":"https:\/\/www.rassegnastampa-totustuus.it\/cattolica\/wp-content\/uploads\/2012\/04\/debito_pubbl.jpg","type":"image\/jpeg"}],"author":"Redazione","twitter_card":"summary_large_image","twitter_creator":"@rassegnastampa9","twitter_site":"@rassegnastampa9","twitter_misc":{"Scritto da":"Redazione","Tempo di lettura stimato":"7 minuti"},"schema":{"@context":"https:\/\/schema.org","@graph":[{"@type":"Article","@id":"https:\/\/www.rassegnastampa-totustuus.it\/cattolica\/laltra-strada-per-la-crescita\/#article","isPartOf":{"@id":"https:\/\/www.rassegnastampa-totustuus.it\/cattolica\/laltra-strada-per-la-crescita\/"},"author":{"name":"Redazione","@id":"https:\/\/www.rassegnastampa-totustuus.it\/cattolica\/#\/schema\/person\/08f319d2bd1a0904ad9e2bfb7b15e5c3"},"headline":"L\u2019altra strada per la crescita","datePublished":"2012-04-16T09:57:17+00:00","dateModified":"2015-12-21T14:52:57+00:00","mainEntityOfPage":{"@id":"https:\/\/www.rassegnastampa-totustuus.it\/cattolica\/laltra-strada-per-la-crescita\/"},"wordCount":1425,"publisher":{"@id":"https:\/\/www.rassegnastampa-totustuus.it\/cattolica\/#organization"},"image":{"@id":"https:\/\/www.rassegnastampa-totustuus.it\/cattolica\/laltra-strada-per-la-crescita\/#primaryimage"},"thumbnailUrl":"https:\/\/www.rassegnastampa-totustuus.it\/cattolica\/wp-content\/uploads\/2012\/04\/debito_pubbl.jpg","keywords":["debito pubblico","fisco"],"articleSection":["Economia","Fisco","Libri"],"inLanguage":"it-IT"},{"@type":"WebPage","@id":"https:\/\/www.rassegnastampa-totustuus.it\/cattolica\/laltra-strada-per-la-crescita\/","url":"https:\/\/www.rassegnastampa-totustuus.it\/cattolica\/laltra-strada-per-la-crescita\/","name":"L\u2019altra strada per la crescita - Rassegna Stampa Cattolica","isPartOf":{"@id":"https:\/\/www.rassegnastampa-totustuus.it\/cattolica\/#website"},"primaryImageOfPage":{"@id":"https:\/\/www.rassegnastampa-totustuus.it\/cattolica\/laltra-strada-per-la-crescita\/#primaryimage"},"image":{"@id":"https:\/\/www.rassegnastampa-totustuus.it\/cattolica\/laltra-strada-per-la-crescita\/#primaryimage"},"thumbnailUrl":"https:\/\/www.rassegnastampa-totustuus.it\/cattolica\/wp-content\/uploads\/2012\/04\/debito_pubbl.jpg","datePublished":"2012-04-16T09:57:17+00:00","dateModified":"2015-12-21T14:52:57+00:00","description":"Rassegna Stampa Cattolica - Per una cultura che nasce dalla Rivelazione cristiana in conformit\u00e0 alla tradizione e al Magistero della Chiesa in opposizione ad ogni relativismo e totalitarismo","breadcrumb":{"@id":"https:\/\/www.rassegnastampa-totustuus.it\/cattolica\/laltra-strada-per-la-crescita\/#breadcrumb"},"inLanguage":"it-IT","potentialAction":[{"@type":"ReadAction","target":["https:\/\/www.rassegnastampa-totustuus.it\/cattolica\/laltra-strada-per-la-crescita\/"]}]},{"@type":"ImageObject","inLanguage":"it-IT","@id":"https:\/\/www.rassegnastampa-totustuus.it\/cattolica\/laltra-strada-per-la-crescita\/#primaryimage","url":"https:\/\/www.rassegnastampa-totustuus.it\/cattolica\/wp-content\/uploads\/2012\/04\/debito_pubbl.jpg","contentUrl":"https:\/\/www.rassegnastampa-totustuus.it\/cattolica\/wp-content\/uploads\/2012\/04\/debito_pubbl.jpg","width":280,"height":180},{"@type":"BreadcrumbList","@id":"https:\/\/www.rassegnastampa-totustuus.it\/cattolica\/laltra-strada-per-la-crescita\/#breadcrumb","itemListElement":[{"@type":"ListItem","position":1,"name":"Home","item":"https:\/\/www.rassegnastampa-totustuus.it\/cattolica\/"},{"@type":"ListItem","position":2,"name":"L\u2019altra strada per la crescita"}]},{"@type":"WebSite","@id":"https:\/\/www.rassegnastampa-totustuus.it\/cattolica\/#website","url":"https:\/\/www.rassegnastampa-totustuus.it\/cattolica\/","name":"Rassegna Stampa Cattolica","description":"Per una cultura che nasce dalla Rivelazione cristiana in conformit\u00e0 alla tradizione e al Magistero della Chiesa in opposizione ad ogni relativismo e totalitarismo","publisher":{"@id":"https:\/\/www.rassegnastampa-totustuus.it\/cattolica\/#organization"},"alternateName":"Rass. Cattolica","potentialAction":[{"@type":"SearchAction","target":{"@type":"EntryPoint","urlTemplate":"https:\/\/www.rassegnastampa-totustuus.it\/cattolica\/?s={search_term_string}"},"query-input":{"@type":"PropertyValueSpecification","valueRequired":true,"valueName":"search_term_string"}}],"inLanguage":"it-IT"},{"@type":"Organization","@id":"https:\/\/www.rassegnastampa-totustuus.it\/cattolica\/#organization","name":"Rassegna Stampa Cattolica","url":"https:\/\/www.rassegnastampa-totustuus.it\/cattolica\/","logo":{"@type":"ImageObject","inLanguage":"it-IT","@id":"https:\/\/www.rassegnastampa-totustuus.it\/cattolica\/#\/schema\/logo\/image\/","url":"https:\/\/www.rassegnastampa-totustuus.it\/cattolica\/wp-content\/uploads\/2014\/04\/logo-rassegna1.gif","contentUrl":"https:\/\/www.rassegnastampa-totustuus.it\/cattolica\/wp-content\/uploads\/2014\/04\/logo-rassegna1.gif","width":600,"height":163,"caption":"Rassegna Stampa Cattolica"},"image":{"@id":"https:\/\/www.rassegnastampa-totustuus.it\/cattolica\/#\/schema\/logo\/image\/"},"sameAs":["https:\/\/www.facebook.com\/rassegnastampacattolica","https:\/\/x.com\/rassegnastampa9"]},{"@type":"Person","@id":"https:\/\/www.rassegnastampa-totustuus.it\/cattolica\/#\/schema\/person\/08f319d2bd1a0904ad9e2bfb7b15e5c3","name":"Redazione","image":{"@type":"ImageObject","inLanguage":"it-IT","@id":"https:\/\/secure.gravatar.com\/avatar\/2fcdf27c78ea025fbdb44e914cc63c72249ffec9dc8aafd5c82b26240ef3f346?s=96&d=mm&r=g","url":"https:\/\/secure.gravatar.com\/avatar\/2fcdf27c78ea025fbdb44e914cc63c72249ffec9dc8aafd5c82b26240ef3f346?s=96&d=mm&r=g","contentUrl":"https:\/\/secure.gravatar.com\/avatar\/2fcdf27c78ea025fbdb44e914cc63c72249ffec9dc8aafd5c82b26240ef3f346?s=96&d=mm&r=g","caption":"Redazione"},"url":"https:\/\/www.rassegnastampa-totustuus.it\/cattolica\/author\/pietroelle\/"}]}},"_links":{"self":[{"href":"https:\/\/www.rassegnastampa-totustuus.it\/cattolica\/wp-json\/wp\/v2\/posts\/4998","targetHints":{"allow":["GET"]}}],"collection":[{"href":"https:\/\/www.rassegnastampa-totustuus.it\/cattolica\/wp-json\/wp\/v2\/posts"}],"about":[{"href":"https:\/\/www.rassegnastampa-totustuus.it\/cattolica\/wp-json\/wp\/v2\/types\/post"}],"author":[{"embeddable":true,"href":"https:\/\/www.rassegnastampa-totustuus.it\/cattolica\/wp-json\/wp\/v2\/users\/6"}],"replies":[{"embeddable":true,"href":"https:\/\/www.rassegnastampa-totustuus.it\/cattolica\/wp-json\/wp\/v2\/comments?post=4998"}],"version-history":[{"count":4,"href":"https:\/\/www.rassegnastampa-totustuus.it\/cattolica\/wp-json\/wp\/v2\/posts\/4998\/revisions"}],"predecessor-version":[{"id":29005,"href":"https:\/\/www.rassegnastampa-totustuus.it\/cattolica\/wp-json\/wp\/v2\/posts\/4998\/revisions\/29005"}],"wp:featuredmedia":[{"embeddable":true,"href":"https:\/\/www.rassegnastampa-totustuus.it\/cattolica\/wp-json\/wp\/v2\/media\/29004"}],"wp:attachment":[{"href":"https:\/\/www.rassegnastampa-totustuus.it\/cattolica\/wp-json\/wp\/v2\/media?parent=4998"}],"wp:term":[{"taxonomy":"category","embeddable":true,"href":"https:\/\/www.rassegnastampa-totustuus.it\/cattolica\/wp-json\/wp\/v2\/categories?post=4998"},{"taxonomy":"post_tag","embeddable":true,"href":"https:\/\/www.rassegnastampa-totustuus.it\/cattolica\/wp-json\/wp\/v2\/tags?post=4998"}],"curies":[{"name":"wp","href":"https:\/\/api.w.org\/{rel}","templated":true}]}}