{"id":4996,"date":"2012-04-12T08:49:51","date_gmt":"2012-04-12T06:49:51","guid":{"rendered":""},"modified":"2015-12-03T17:09:23","modified_gmt":"2015-12-03T16:09:23","slug":"ci-vogliono-geneticamente-modificati","status":"publish","type":"post","link":"https:\/\/www.rassegnastampa-totustuus.it\/cattolica\/ci-vogliono-geneticamente-modificati\/","title":{"rendered":"Ci vogliono geneticamente modificati"},"content":{"rendered":"<div style=\"text-align: center;\"><strong><a href=\"https:\/\/www.rassegnastampa-totustuus.it\/cattolica\/wp-content\/uploads\/2012\/04\/genetica.jpg\"><img loading=\"lazy\" decoding=\"async\" class=\"alignleft wp-image-28623 size-full\" src=\"https:\/\/www.rassegnastampa-totustuus.it\/cattolica\/wp-content\/uploads\/2012\/04\/genetica.jpg\" alt=\"genetica\" width=\"247\" height=\"184\" \/><\/a>La Bussola quotidiana<\/strong> 30 marzo 2012<\/div>\n<p style=\"text-align: center;\">di <strong>Tommaso Scandroglio<\/strong><\/p>\n<p style=\"text-align: justify;\">Davvero troppa cultura a volte fa male. Anzi, fa sicuramente male quando questa cultura \u00e8 guasta. Una prova ci viene da un articolo dal titolo <em>Human Engineering and Climate Change<\/em> pubblicato di recente sulla rivista scientifica <em>Ethics, Policy and Environment<\/em> da tre professori universitari: Matthew Liao docente di bioetica alla New York University, il neuroscienziato Anders Sandberg e la filosofa Rebecca Roache docenti presso la Future of Humanity Inst. dell\u2019Universit\u00e0 di Oxford. Insomma tre cervelli non da poco, verrebbe da dire. Quali tesi hanno partorito cotali menti? L\u2019articolo propone soluzioni a dir poco eccentriche al problema dell\u2019inquinamento ambientale e dei consumi energetici.<\/p>\n<p><!--more--><\/p>\n<div style=\"text-align: justify;\"><strong>Si parte dalla costatazione che l\u2019inquinamento \u00e8 prodotto<\/strong> anche dagli allevamenti animali perch\u00e9 mucche, maiali e pecore producono gas serra, mangiano vegetali e per aver pascolo si \u00e8 costretti a deforestare. Ora \u00e8 chiaro che fino a quando la gente vorr\u00e0 consumare carne gli allevamenti continueranno a prosperare e di conserva ad inquinare. Dunque ecco la soluzione: occorre indurre le persone a non mangiare carne somministrando a queste ultime pillole che provochino avversione alle proteine animali oppure modificando il sistema immunitario in modo tale da aver nausea solo al pensiero di uno spiedino arrosto o di una salsiccia al vino rosso.<\/div>\n<p style=\"text-align: justify;\"><strong>Il secondo intervento a beneficio dell\u2019amato pianeta terra \u00e8 ancora pi\u00f9 drastico<\/strong>. Anche qui si parte da una premessa corretta per poi approdare ad una conclusione bizzarra. La premessa \u00e8 questa: pi\u00f9 una persona \u00e8 grassa, anzi: grossa, pi\u00f9 consuma. Il rimedio \u00e8 talmente semplice che a scriverlo il lettore si dar\u00e0 del cretino per non averci pensato lui per primo: basta abbassare l\u2019altezza delle persone. Pi\u00f9 saremo bassi meno volume occuperemo, meno consumeremo. I tre cervelloni iper-laureati di cui sopra hanno infatti stimato che se le prossime generazioni doneranno alla causa ambientalista un 15 cm della loro altezza, la massa corporea diminuir\u00e0 del 21% e di conseguenza i tassi metabolici \u2013 e dunque i consumi \u2013 di un bel 15-18%. Per ridurre l\u2019altezza le soluzioni passano dalla Fivet, a cure ormonali, ad interventi sul genoma umano.<\/p>\n<p style=\"text-align: justify;\">Poi l\u2019articolo propone un\u2019altra soluzione per ridurre gli sprechi, degna della Marvel, la casa editrice che pubblica Spiderman e Batman: occorre modificare la capacit\u00e0 visiva dell\u2019uomo affinch\u00e8 possa vedere anche al buio come i gatti. Se modifichiamo la struttura dell\u2019occhio rendendolo capace di vedere anche nell\u2019oscurit\u00e0 non dovremmo accendere cos\u00ec tante luci alla sera. Gli \u201cscienziati\u201d sono assolutamente espliciti sul punto: \u201cSe ognuno avesse occhi di gatto, non sarebbe necessaria tanta illuminazione e si potrebbe ridurre l\u2019uso di energia globale considerevolmente\u201d. Il discorso non fa una piega.<\/p>\n<p style=\"text-align: justify;\">E\u2019 quanto mai evidente che le soluzioni proposte fanno a pugni con il buon senso, ma, sotto altra prospettiva, sono assolutamente coerenti con il dogma di carattere apodittico che precede queste soluzioni e che mai bisogna contestare: si deve preservare l\u2019ambiente costi quel che costi. Se il prezzo da pagare \u00e8 quello di non mangiare carne, di assomigliare a dei nani e di strabuzzare gli occhi allora l\u2019umanit\u00e0 \u00e8 obbligata a compiere questo sacrificio in onore della Dea Terra.<\/p>\n<p style=\"text-align: justify;\">I rimedi inventati da questi tre accademici allora non sono stravaganze di chi vuol mettersi in luce (o in ridicolo), ma si inseriscono con ferrea logica in un piano ben strutturato della ideologia ambientalista: prima la foca e poi l\u2019uomo. Perci\u00f2 le trovate ecosostenibili dei tre proff. in questa prospettiva non sono panzane grandi come una casa, effetti patologici di menti bizzarre, bens\u00ec inevitabili e fisiologiche conseguenze di premesse errate.<\/p>\n<p style=\"text-align: justify;\">E la premessa errata \u00e8 questa: l\u2019uomo \u00e8 il cancro del pianeta da estirpare quanto prima. Il 18 Novembre 2009 l\u2019Unfpa nel suo rapporto annuale sullo stato della popolazione mondiale suggeriva che l\u2019unica strada \u00e8 quella della diminuzione delle nascite perch\u00e9 sono gli uomini che producono la tanto temuta CO2. Il rapporto faceva eco ai risultati di una ricerca del professor Thomas Wire della London School of Economics, commissionata dall\u2019Optimum Population Trust, pubblicata nell\u2019agosto del 2009.<\/p>\n<p style=\"text-align: justify;\">Questa indagine affermava che per ogni 7 dollari spesi in contraccezione ci guadagniamo in ecologia: ben una tonnellata in meno di anidride carbonica emessa nell\u2019atmosfera grazie al fatto che i contraccettivi impediscono la nascita di beb\u00e8 produttori di CO2. Il rapporto del prof. Wire lo faceva capire chiaramente sin dal titolo: \u201cMeno emettitori, emissioni pi\u00f9 basse, costi minori\u201d.<\/p>\n<p style=\"text-align: justify;\">Sulla stessa falsa riga si \u00e8 mosso Rajendra Pachauri, il segretario dell\u2019IPCC (Intergovernmental Panel on Climate Change), che apr\u00ec nel dicembre del 2009 i lavori del Vertice di Copenhagen sui cambiamenti climatici. Pachauri sugger\u00ec di aumentare le tasse sugli aerei, dato che da soli emettono il 2-3% di CO2 di tutto il pianeta, e di eliminare le bottiglie di acqua da frigo dai ristoranti.<\/p>\n<p style=\"text-align: justify;\">Ancor pi\u00f9 fantasioso il progetto proposto dall\u2019Ong peruviana Glaciares e vincitore sempre nel 2009 del concorso \u201c100 idee per salvare il pianeta\u201d indetto dalla Banca Mondiale: dipingere di vernice bianca le montagne del Per\u00f9. Il bianco riflette il calore e in tal modo i ghiacciai non si scioglieranno e cos\u00ec preserveremo una risorsa preziosa dell\u2019ecosistema.<\/p>\n<p style=\"text-align: justify;\">In terra nostrana come non ricordare poi l\u2019uscita di Fulco Pratesi, presidente del WWF Italia, che nel 2007 sugger\u00ec di lavarsi poco per risparmiare acqua: &#8220;Un solo bagno il sabato mattina consente di risparmiare molta acqua, senza pregiudicare l\u2019odorato dei vicini. Un rapido esame della biancheria consente di giudicare quale capo debba essere cambiato. Le camicie, meglio non bianche e non strette da cravatte, mi possono durare anche tre giorni. Le mutande durano anche qualcosa in pi\u00f9 dei tre giorni. La canottiera resiste da un sabato all\u2019altro. Quanto alle calze, d\u2019inverno possono aspettare tre giorni\u201d. E cos\u00ec scoprimmo che il sudiciume \u00e8 a basso impatto ambientale.<\/p>\n<p style=\"text-align: justify;\">Gli esempi a voler continuare &#8211; \u00e8 proprio il caso di dirlo \u2013 si sprecherebbero e andrebbero come abbiamo visto dalla geo-ingegneria, che vuole modificare-preservare l\u2019ambiente, all\u2019ingegneria umana che vuole invece impedire che nuovi esseri umani vengano alla luce con la contraccezione o con l\u2019aborto oppure addirittura vuole modificare il suo DNA perch\u00e9 sia ecosostenibile. L\u2019uomo \u00e8 dunque l\u2019unico essere vivente da non preservare.<\/p>\n<p style=\"text-align: justify;\">Ma il minimo comun denominatore di tutte queste proposte \u00e8 sempre quello: l\u2019inversione della gerarchia dei beni. Non \u00e8 pi\u00f9 il creato ad essere a servizio dell\u2019uomo, ma \u00e8 l\u2019uomo ad essere schiavo del creato. Da qui il paradosso: a leggere i tentativi degli ideologi di verde vestiti con gli occhiali del pensiero illuminista \u2013 madre di tutte le ideologie e quindi anche di quelle ambientaliste \u2013 l\u2019uomo ha sudato sette camicie perch\u00e9 la scienza e la tecnica portassero l\u2019umanit\u00e0 ad affrancarsi dai pericoli della natura, perch\u00e9 l\u2019uomo sfuggisse alla fame, alla povert\u00e0 e alla fatica davvero bestiale dei lavori pesanti e approdasse sulle rosee spiagge del benessere, inventando vaccini, medicine, nuovi metodi di coltivazione e allevamento e macchinari ipersofisticati.<\/p>\n<p style=\"text-align: justify;\">Ed ora, dopo tutto questo, ci vengono a dire che ci dobbiamo lavare meno, che non possiamo pi\u00f9 mangiare carne, che dobbiamo rinunciare ai piaceri della tavola per pesare meno e soprattutto alla felicit\u00e0 di avere dei figli. Pi\u00f9 che un mondo verde ci pare un mondo molto grigio.<\/p>\n","protected":false},"excerpt":{"rendered":"<p>La Bussola quotidiana 30 marzo 2012 di Tommaso Scandroglio Davvero troppa cultura a volte fa male. Anzi, fa sicuramente male quando questa cultura \u00e8 guasta. Una prova ci viene da un articolo dal titolo Human Engineering and Climate Change pubblicato di recente sulla rivista scientifica Ethics, Policy and Environment da tre professori universitari: Matthew Liao &hellip; <\/p>\n<p><a class=\"more-link btn\" href=\"https:\/\/www.rassegnastampa-totustuus.it\/cattolica\/ci-vogliono-geneticamente-modificati\/\">Continua a leggere<\/a><\/p>\n","protected":false},"author":6,"featured_media":28623,"comment_status":"closed","ping_status":"open","sticky":false,"template":"","format":"standard","meta":{"footnotes":""},"categories":[3,22],"tags":[2387],"class_list":["post-4996","post","type-post","status-publish","format-standard","has-post-thumbnail","hentry","category-ambientalismo","category-scienza","tag-ambientalismo","item-wrap"],"yoast_head":"<!-- This site is optimized with the Yoast SEO plugin v27.5 - https:\/\/yoast.com\/product\/yoast-seo-wordpress\/ -->\n<title>Ci vogliono geneticamente modificati - Rassegna Stampa Cattolica<\/title>\n<meta name=\"description\" content=\"Rassegna Stampa Cattolica - Per una cultura che nasce dalla Rivelazione cristiana in conformit\u00e0 alla tradizione e al Magistero della Chiesa in opposizione ad ogni relativismo e totalitarismo\" \/>\n<meta name=\"robots\" content=\"index, follow, max-snippet:-1, max-image-preview:large, max-video-preview:-1\" \/>\n<link rel=\"canonical\" href=\"https:\/\/www.rassegnastampa-totustuus.it\/cattolica\/ci-vogliono-geneticamente-modificati\/\" \/>\n<meta property=\"og:locale\" content=\"it_IT\" \/>\n<meta property=\"og:type\" content=\"article\" \/>\n<meta property=\"og:title\" content=\"Ci vogliono geneticamente modificati - Rassegna Stampa Cattolica\" \/>\n<meta property=\"og:description\" content=\"Rassegna Stampa Cattolica - Per una cultura che nasce dalla Rivelazione cristiana in conformit\u00e0 alla tradizione e al Magistero della Chiesa in opposizione ad ogni relativismo e totalitarismo\" \/>\n<meta property=\"og:url\" content=\"https:\/\/www.rassegnastampa-totustuus.it\/cattolica\/ci-vogliono-geneticamente-modificati\/\" \/>\n<meta property=\"og:site_name\" content=\"Rassegna Stampa Cattolica\" \/>\n<meta property=\"article:publisher\" content=\"https:\/\/www.facebook.com\/rassegnastampacattolica\" \/>\n<meta property=\"article:published_time\" content=\"2012-04-12T06:49:51+00:00\" \/>\n<meta property=\"article:modified_time\" content=\"2015-12-03T16:09:23+00:00\" \/>\n<meta property=\"og:image\" content=\"https:\/\/www.rassegnastampa-totustuus.it\/cattolica\/wp-content\/uploads\/2012\/04\/genetica.jpg\" \/>\n\t<meta property=\"og:image:width\" content=\"247\" \/>\n\t<meta property=\"og:image:height\" content=\"184\" \/>\n\t<meta property=\"og:image:type\" content=\"image\/jpeg\" \/>\n<meta name=\"author\" content=\"Redazione\" \/>\n<meta name=\"twitter:card\" content=\"summary_large_image\" \/>\n<meta name=\"twitter:creator\" content=\"@rassegnastampa9\" \/>\n<meta name=\"twitter:site\" content=\"@rassegnastampa9\" \/>\n<meta name=\"twitter:label1\" content=\"Scritto da\" \/>\n\t<meta name=\"twitter:data1\" content=\"Redazione\" \/>\n\t<meta name=\"twitter:label2\" content=\"Tempo di lettura stimato\" \/>\n\t<meta name=\"twitter:data2\" content=\"6 minuti\" \/>\n<script type=\"application\/ld+json\" class=\"yoast-schema-graph\">{\"@context\":\"https:\\\/\\\/schema.org\",\"@graph\":[{\"@type\":\"Article\",\"@id\":\"https:\\\/\\\/www.rassegnastampa-totustuus.it\\\/cattolica\\\/ci-vogliono-geneticamente-modificati\\\/#article\",\"isPartOf\":{\"@id\":\"https:\\\/\\\/www.rassegnastampa-totustuus.it\\\/cattolica\\\/ci-vogliono-geneticamente-modificati\\\/\"},\"author\":{\"name\":\"Redazione\",\"@id\":\"https:\\\/\\\/www.rassegnastampa-totustuus.it\\\/cattolica\\\/#\\\/schema\\\/person\\\/08f319d2bd1a0904ad9e2bfb7b15e5c3\"},\"headline\":\"Ci vogliono geneticamente modificati\",\"datePublished\":\"2012-04-12T06:49:51+00:00\",\"dateModified\":\"2015-12-03T16:09:23+00:00\",\"mainEntityOfPage\":{\"@id\":\"https:\\\/\\\/www.rassegnastampa-totustuus.it\\\/cattolica\\\/ci-vogliono-geneticamente-modificati\\\/\"},\"wordCount\":1184,\"publisher\":{\"@id\":\"https:\\\/\\\/www.rassegnastampa-totustuus.it\\\/cattolica\\\/#organization\"},\"image\":{\"@id\":\"https:\\\/\\\/www.rassegnastampa-totustuus.it\\\/cattolica\\\/ci-vogliono-geneticamente-modificati\\\/#primaryimage\"},\"thumbnailUrl\":\"https:\\\/\\\/www.rassegnastampa-totustuus.it\\\/cattolica\\\/wp-content\\\/uploads\\\/2012\\\/04\\\/genetica.jpg\",\"keywords\":[\"Ambientalismo\"],\"articleSection\":[\"Ambientalismo\",\"Scienza\"],\"inLanguage\":\"it-IT\"},{\"@type\":\"WebPage\",\"@id\":\"https:\\\/\\\/www.rassegnastampa-totustuus.it\\\/cattolica\\\/ci-vogliono-geneticamente-modificati\\\/\",\"url\":\"https:\\\/\\\/www.rassegnastampa-totustuus.it\\\/cattolica\\\/ci-vogliono-geneticamente-modificati\\\/\",\"name\":\"Ci vogliono geneticamente modificati - Rassegna Stampa Cattolica\",\"isPartOf\":{\"@id\":\"https:\\\/\\\/www.rassegnastampa-totustuus.it\\\/cattolica\\\/#website\"},\"primaryImageOfPage\":{\"@id\":\"https:\\\/\\\/www.rassegnastampa-totustuus.it\\\/cattolica\\\/ci-vogliono-geneticamente-modificati\\\/#primaryimage\"},\"image\":{\"@id\":\"https:\\\/\\\/www.rassegnastampa-totustuus.it\\\/cattolica\\\/ci-vogliono-geneticamente-modificati\\\/#primaryimage\"},\"thumbnailUrl\":\"https:\\\/\\\/www.rassegnastampa-totustuus.it\\\/cattolica\\\/wp-content\\\/uploads\\\/2012\\\/04\\\/genetica.jpg\",\"datePublished\":\"2012-04-12T06:49:51+00:00\",\"dateModified\":\"2015-12-03T16:09:23+00:00\",\"description\":\"Rassegna Stampa Cattolica - Per una cultura che nasce dalla Rivelazione cristiana in conformit\u00e0 alla tradizione e al Magistero della Chiesa in opposizione ad ogni relativismo e totalitarismo\",\"breadcrumb\":{\"@id\":\"https:\\\/\\\/www.rassegnastampa-totustuus.it\\\/cattolica\\\/ci-vogliono-geneticamente-modificati\\\/#breadcrumb\"},\"inLanguage\":\"it-IT\",\"potentialAction\":[{\"@type\":\"ReadAction\",\"target\":[\"https:\\\/\\\/www.rassegnastampa-totustuus.it\\\/cattolica\\\/ci-vogliono-geneticamente-modificati\\\/\"]}]},{\"@type\":\"ImageObject\",\"inLanguage\":\"it-IT\",\"@id\":\"https:\\\/\\\/www.rassegnastampa-totustuus.it\\\/cattolica\\\/ci-vogliono-geneticamente-modificati\\\/#primaryimage\",\"url\":\"https:\\\/\\\/www.rassegnastampa-totustuus.it\\\/cattolica\\\/wp-content\\\/uploads\\\/2012\\\/04\\\/genetica.jpg\",\"contentUrl\":\"https:\\\/\\\/www.rassegnastampa-totustuus.it\\\/cattolica\\\/wp-content\\\/uploads\\\/2012\\\/04\\\/genetica.jpg\",\"width\":247,\"height\":184},{\"@type\":\"BreadcrumbList\",\"@id\":\"https:\\\/\\\/www.rassegnastampa-totustuus.it\\\/cattolica\\\/ci-vogliono-geneticamente-modificati\\\/#breadcrumb\",\"itemListElement\":[{\"@type\":\"ListItem\",\"position\":1,\"name\":\"Home\",\"item\":\"https:\\\/\\\/www.rassegnastampa-totustuus.it\\\/cattolica\\\/\"},{\"@type\":\"ListItem\",\"position\":2,\"name\":\"Ci vogliono geneticamente modificati\"}]},{\"@type\":\"WebSite\",\"@id\":\"https:\\\/\\\/www.rassegnastampa-totustuus.it\\\/cattolica\\\/#website\",\"url\":\"https:\\\/\\\/www.rassegnastampa-totustuus.it\\\/cattolica\\\/\",\"name\":\"Rassegna Stampa Cattolica\",\"description\":\"Per una cultura che nasce dalla Rivelazione cristiana in conformit\u00e0 alla tradizione e al Magistero della Chiesa in opposizione ad ogni relativismo e totalitarismo\",\"publisher\":{\"@id\":\"https:\\\/\\\/www.rassegnastampa-totustuus.it\\\/cattolica\\\/#organization\"},\"alternateName\":\"Rass. Cattolica\",\"potentialAction\":[{\"@type\":\"SearchAction\",\"target\":{\"@type\":\"EntryPoint\",\"urlTemplate\":\"https:\\\/\\\/www.rassegnastampa-totustuus.it\\\/cattolica\\\/?s={search_term_string}\"},\"query-input\":{\"@type\":\"PropertyValueSpecification\",\"valueRequired\":true,\"valueName\":\"search_term_string\"}}],\"inLanguage\":\"it-IT\"},{\"@type\":\"Organization\",\"@id\":\"https:\\\/\\\/www.rassegnastampa-totustuus.it\\\/cattolica\\\/#organization\",\"name\":\"Rassegna Stampa Cattolica\",\"url\":\"https:\\\/\\\/www.rassegnastampa-totustuus.it\\\/cattolica\\\/\",\"logo\":{\"@type\":\"ImageObject\",\"inLanguage\":\"it-IT\",\"@id\":\"https:\\\/\\\/www.rassegnastampa-totustuus.it\\\/cattolica\\\/#\\\/schema\\\/logo\\\/image\\\/\",\"url\":\"https:\\\/\\\/www.rassegnastampa-totustuus.it\\\/cattolica\\\/wp-content\\\/uploads\\\/2014\\\/04\\\/logo-rassegna1.gif\",\"contentUrl\":\"https:\\\/\\\/www.rassegnastampa-totustuus.it\\\/cattolica\\\/wp-content\\\/uploads\\\/2014\\\/04\\\/logo-rassegna1.gif\",\"width\":600,\"height\":163,\"caption\":\"Rassegna Stampa Cattolica\"},\"image\":{\"@id\":\"https:\\\/\\\/www.rassegnastampa-totustuus.it\\\/cattolica\\\/#\\\/schema\\\/logo\\\/image\\\/\"},\"sameAs\":[\"https:\\\/\\\/www.facebook.com\\\/rassegnastampacattolica\",\"https:\\\/\\\/x.com\\\/rassegnastampa9\"]},{\"@type\":\"Person\",\"@id\":\"https:\\\/\\\/www.rassegnastampa-totustuus.it\\\/cattolica\\\/#\\\/schema\\\/person\\\/08f319d2bd1a0904ad9e2bfb7b15e5c3\",\"name\":\"Redazione\",\"image\":{\"@type\":\"ImageObject\",\"inLanguage\":\"it-IT\",\"@id\":\"https:\\\/\\\/secure.gravatar.com\\\/avatar\\\/2fcdf27c78ea025fbdb44e914cc63c72249ffec9dc8aafd5c82b26240ef3f346?s=96&d=mm&r=g\",\"url\":\"https:\\\/\\\/secure.gravatar.com\\\/avatar\\\/2fcdf27c78ea025fbdb44e914cc63c72249ffec9dc8aafd5c82b26240ef3f346?s=96&d=mm&r=g\",\"contentUrl\":\"https:\\\/\\\/secure.gravatar.com\\\/avatar\\\/2fcdf27c78ea025fbdb44e914cc63c72249ffec9dc8aafd5c82b26240ef3f346?s=96&d=mm&r=g\",\"caption\":\"Redazione\"},\"url\":\"https:\\\/\\\/www.rassegnastampa-totustuus.it\\\/cattolica\\\/author\\\/pietroelle\\\/\"}]}<\/script>\n<!-- \/ Yoast SEO plugin. -->","yoast_head_json":{"title":"Ci vogliono geneticamente modificati - Rassegna Stampa Cattolica","description":"Rassegna Stampa Cattolica - Per una cultura che nasce dalla Rivelazione cristiana in conformit\u00e0 alla tradizione e al Magistero della Chiesa in opposizione ad ogni relativismo e totalitarismo","robots":{"index":"index","follow":"follow","max-snippet":"max-snippet:-1","max-image-preview":"max-image-preview:large","max-video-preview":"max-video-preview:-1"},"canonical":"https:\/\/www.rassegnastampa-totustuus.it\/cattolica\/ci-vogliono-geneticamente-modificati\/","og_locale":"it_IT","og_type":"article","og_title":"Ci vogliono geneticamente modificati - Rassegna Stampa Cattolica","og_description":"Rassegna Stampa Cattolica - Per una cultura che nasce dalla Rivelazione cristiana in conformit\u00e0 alla tradizione e al Magistero della Chiesa in opposizione ad ogni relativismo e totalitarismo","og_url":"https:\/\/www.rassegnastampa-totustuus.it\/cattolica\/ci-vogliono-geneticamente-modificati\/","og_site_name":"Rassegna Stampa Cattolica","article_publisher":"https:\/\/www.facebook.com\/rassegnastampacattolica","article_published_time":"2012-04-12T06:49:51+00:00","article_modified_time":"2015-12-03T16:09:23+00:00","og_image":[{"width":247,"height":184,"url":"https:\/\/www.rassegnastampa-totustuus.it\/cattolica\/wp-content\/uploads\/2012\/04\/genetica.jpg","type":"image\/jpeg"}],"author":"Redazione","twitter_card":"summary_large_image","twitter_creator":"@rassegnastampa9","twitter_site":"@rassegnastampa9","twitter_misc":{"Scritto da":"Redazione","Tempo di lettura stimato":"6 minuti"},"schema":{"@context":"https:\/\/schema.org","@graph":[{"@type":"Article","@id":"https:\/\/www.rassegnastampa-totustuus.it\/cattolica\/ci-vogliono-geneticamente-modificati\/#article","isPartOf":{"@id":"https:\/\/www.rassegnastampa-totustuus.it\/cattolica\/ci-vogliono-geneticamente-modificati\/"},"author":{"name":"Redazione","@id":"https:\/\/www.rassegnastampa-totustuus.it\/cattolica\/#\/schema\/person\/08f319d2bd1a0904ad9e2bfb7b15e5c3"},"headline":"Ci vogliono geneticamente modificati","datePublished":"2012-04-12T06:49:51+00:00","dateModified":"2015-12-03T16:09:23+00:00","mainEntityOfPage":{"@id":"https:\/\/www.rassegnastampa-totustuus.it\/cattolica\/ci-vogliono-geneticamente-modificati\/"},"wordCount":1184,"publisher":{"@id":"https:\/\/www.rassegnastampa-totustuus.it\/cattolica\/#organization"},"image":{"@id":"https:\/\/www.rassegnastampa-totustuus.it\/cattolica\/ci-vogliono-geneticamente-modificati\/#primaryimage"},"thumbnailUrl":"https:\/\/www.rassegnastampa-totustuus.it\/cattolica\/wp-content\/uploads\/2012\/04\/genetica.jpg","keywords":["Ambientalismo"],"articleSection":["Ambientalismo","Scienza"],"inLanguage":"it-IT"},{"@type":"WebPage","@id":"https:\/\/www.rassegnastampa-totustuus.it\/cattolica\/ci-vogliono-geneticamente-modificati\/","url":"https:\/\/www.rassegnastampa-totustuus.it\/cattolica\/ci-vogliono-geneticamente-modificati\/","name":"Ci vogliono geneticamente modificati - Rassegna Stampa Cattolica","isPartOf":{"@id":"https:\/\/www.rassegnastampa-totustuus.it\/cattolica\/#website"},"primaryImageOfPage":{"@id":"https:\/\/www.rassegnastampa-totustuus.it\/cattolica\/ci-vogliono-geneticamente-modificati\/#primaryimage"},"image":{"@id":"https:\/\/www.rassegnastampa-totustuus.it\/cattolica\/ci-vogliono-geneticamente-modificati\/#primaryimage"},"thumbnailUrl":"https:\/\/www.rassegnastampa-totustuus.it\/cattolica\/wp-content\/uploads\/2012\/04\/genetica.jpg","datePublished":"2012-04-12T06:49:51+00:00","dateModified":"2015-12-03T16:09:23+00:00","description":"Rassegna Stampa Cattolica - Per una cultura che nasce dalla Rivelazione cristiana in conformit\u00e0 alla tradizione e al Magistero della Chiesa in opposizione ad ogni relativismo e totalitarismo","breadcrumb":{"@id":"https:\/\/www.rassegnastampa-totustuus.it\/cattolica\/ci-vogliono-geneticamente-modificati\/#breadcrumb"},"inLanguage":"it-IT","potentialAction":[{"@type":"ReadAction","target":["https:\/\/www.rassegnastampa-totustuus.it\/cattolica\/ci-vogliono-geneticamente-modificati\/"]}]},{"@type":"ImageObject","inLanguage":"it-IT","@id":"https:\/\/www.rassegnastampa-totustuus.it\/cattolica\/ci-vogliono-geneticamente-modificati\/#primaryimage","url":"https:\/\/www.rassegnastampa-totustuus.it\/cattolica\/wp-content\/uploads\/2012\/04\/genetica.jpg","contentUrl":"https:\/\/www.rassegnastampa-totustuus.it\/cattolica\/wp-content\/uploads\/2012\/04\/genetica.jpg","width":247,"height":184},{"@type":"BreadcrumbList","@id":"https:\/\/www.rassegnastampa-totustuus.it\/cattolica\/ci-vogliono-geneticamente-modificati\/#breadcrumb","itemListElement":[{"@type":"ListItem","position":1,"name":"Home","item":"https:\/\/www.rassegnastampa-totustuus.it\/cattolica\/"},{"@type":"ListItem","position":2,"name":"Ci vogliono geneticamente modificati"}]},{"@type":"WebSite","@id":"https:\/\/www.rassegnastampa-totustuus.it\/cattolica\/#website","url":"https:\/\/www.rassegnastampa-totustuus.it\/cattolica\/","name":"Rassegna Stampa Cattolica","description":"Per una cultura che nasce dalla Rivelazione cristiana in conformit\u00e0 alla tradizione e al Magistero della Chiesa in opposizione ad ogni relativismo e totalitarismo","publisher":{"@id":"https:\/\/www.rassegnastampa-totustuus.it\/cattolica\/#organization"},"alternateName":"Rass. Cattolica","potentialAction":[{"@type":"SearchAction","target":{"@type":"EntryPoint","urlTemplate":"https:\/\/www.rassegnastampa-totustuus.it\/cattolica\/?s={search_term_string}"},"query-input":{"@type":"PropertyValueSpecification","valueRequired":true,"valueName":"search_term_string"}}],"inLanguage":"it-IT"},{"@type":"Organization","@id":"https:\/\/www.rassegnastampa-totustuus.it\/cattolica\/#organization","name":"Rassegna Stampa Cattolica","url":"https:\/\/www.rassegnastampa-totustuus.it\/cattolica\/","logo":{"@type":"ImageObject","inLanguage":"it-IT","@id":"https:\/\/www.rassegnastampa-totustuus.it\/cattolica\/#\/schema\/logo\/image\/","url":"https:\/\/www.rassegnastampa-totustuus.it\/cattolica\/wp-content\/uploads\/2014\/04\/logo-rassegna1.gif","contentUrl":"https:\/\/www.rassegnastampa-totustuus.it\/cattolica\/wp-content\/uploads\/2014\/04\/logo-rassegna1.gif","width":600,"height":163,"caption":"Rassegna Stampa Cattolica"},"image":{"@id":"https:\/\/www.rassegnastampa-totustuus.it\/cattolica\/#\/schema\/logo\/image\/"},"sameAs":["https:\/\/www.facebook.com\/rassegnastampacattolica","https:\/\/x.com\/rassegnastampa9"]},{"@type":"Person","@id":"https:\/\/www.rassegnastampa-totustuus.it\/cattolica\/#\/schema\/person\/08f319d2bd1a0904ad9e2bfb7b15e5c3","name":"Redazione","image":{"@type":"ImageObject","inLanguage":"it-IT","@id":"https:\/\/secure.gravatar.com\/avatar\/2fcdf27c78ea025fbdb44e914cc63c72249ffec9dc8aafd5c82b26240ef3f346?s=96&d=mm&r=g","url":"https:\/\/secure.gravatar.com\/avatar\/2fcdf27c78ea025fbdb44e914cc63c72249ffec9dc8aafd5c82b26240ef3f346?s=96&d=mm&r=g","contentUrl":"https:\/\/secure.gravatar.com\/avatar\/2fcdf27c78ea025fbdb44e914cc63c72249ffec9dc8aafd5c82b26240ef3f346?s=96&d=mm&r=g","caption":"Redazione"},"url":"https:\/\/www.rassegnastampa-totustuus.it\/cattolica\/author\/pietroelle\/"}]}},"_links":{"self":[{"href":"https:\/\/www.rassegnastampa-totustuus.it\/cattolica\/wp-json\/wp\/v2\/posts\/4996","targetHints":{"allow":["GET"]}}],"collection":[{"href":"https:\/\/www.rassegnastampa-totustuus.it\/cattolica\/wp-json\/wp\/v2\/posts"}],"about":[{"href":"https:\/\/www.rassegnastampa-totustuus.it\/cattolica\/wp-json\/wp\/v2\/types\/post"}],"author":[{"embeddable":true,"href":"https:\/\/www.rassegnastampa-totustuus.it\/cattolica\/wp-json\/wp\/v2\/users\/6"}],"replies":[{"embeddable":true,"href":"https:\/\/www.rassegnastampa-totustuus.it\/cattolica\/wp-json\/wp\/v2\/comments?post=4996"}],"version-history":[{"count":4,"href":"https:\/\/www.rassegnastampa-totustuus.it\/cattolica\/wp-json\/wp\/v2\/posts\/4996\/revisions"}],"predecessor-version":[{"id":28624,"href":"https:\/\/www.rassegnastampa-totustuus.it\/cattolica\/wp-json\/wp\/v2\/posts\/4996\/revisions\/28624"}],"wp:featuredmedia":[{"embeddable":true,"href":"https:\/\/www.rassegnastampa-totustuus.it\/cattolica\/wp-json\/wp\/v2\/media\/28623"}],"wp:attachment":[{"href":"https:\/\/www.rassegnastampa-totustuus.it\/cattolica\/wp-json\/wp\/v2\/media?parent=4996"}],"wp:term":[{"taxonomy":"category","embeddable":true,"href":"https:\/\/www.rassegnastampa-totustuus.it\/cattolica\/wp-json\/wp\/v2\/categories?post=4996"},{"taxonomy":"post_tag","embeddable":true,"href":"https:\/\/www.rassegnastampa-totustuus.it\/cattolica\/wp-json\/wp\/v2\/tags?post=4996"}],"curies":[{"name":"wp","href":"https:\/\/api.w.org\/{rel}","templated":true}]}}