{"id":4995,"date":"2012-04-12T08:21:35","date_gmt":"2012-04-12T06:21:35","guid":{"rendered":""},"modified":"2015-10-16T10:53:28","modified_gmt":"2015-10-16T08:53:28","slug":"levangelo-come-mi-stato-rivelato-di-maria-valtorta","status":"publish","type":"post","link":"https:\/\/www.rassegnastampa-totustuus.it\/cattolica\/levangelo-come-mi-stato-rivelato-di-maria-valtorta\/","title":{"rendered":"&quot;L&#8217;Evangelo come mi &egrave; stato rivelato&quot; di Maria Valtorta"},"content":{"rendered":"<div style=\"text-align: center;\"><strong><a href=\"https:\/\/www.rassegnastampa-totustuus.it\/cattolica\/wp-content\/uploads\/2012\/04\/Valtorta.jpg\"><img loading=\"lazy\" decoding=\"async\" class=\"alignleft wp-image-27021 size-full\" src=\"https:\/\/www.rassegnastampa-totustuus.it\/cattolica\/wp-content\/uploads\/2012\/04\/Valtorta.jpg\" alt=\"Valtorta\" width=\"225\" height=\"225\" srcset=\"https:\/\/www.rassegnastampa-totustuus.it\/cattolica\/wp-content\/uploads\/2012\/04\/Valtorta.jpg 225w, https:\/\/www.rassegnastampa-totustuus.it\/cattolica\/wp-content\/uploads\/2012\/04\/Valtorta-150x150.jpg 150w\" sizes=\"auto, (max-width: 225px) 100vw, 225px\" \/><\/a>Libero 7<\/strong> aprile 2012<\/div>\n<p style=\"text-align: center;\"><em>Un regalo meraviglioso alla nostra generazione<\/em><\/p>\n<p style=\"text-align: center;\">di <strong>Antonio Socci<\/strong><\/p>\n<p><!--more--><\/p>\n<div style=\"text-align: justify;\">E\u2019 un paradosso, ma i moderni \u201cnon credenti\u201d sembrano letteralmente affascinati da Ges\u00f9 di Nazaret. Ernst Renan lo definisce \u201cuomo incomparabile, grande al punto che non mi sentirei di contraddire coloro che lo chiamano Dio\u201d.Un altro intellettuale \u201canticristiano\u201d Paul Louis Couchoud ammetteva: \u201cNella mente degli uomini, nel mondo ideale che esiste sotto i crani, Ges\u00f9 \u00e8 incommensurabile.<\/div>\n<p style=\"text-align: justify;\">Le sue proporzioni sono fuori di paragone, il suo ordine di grandezza \u00e8 appena concepibile. La storia di Occidente, dall\u2019impero romano in poi, si ordina intorno a un fatto centrale, a un evento generatore: la rappresentazione collettiva di Ges\u00f9 e della sua morte. Il resto \u00e8 uscito di l\u00e0 o si \u00e8 adattato a ci\u00f2. Tutto ci\u00f2 che si \u00e8 fatto in Occidente durante tanti secoli si \u00e8 fatto all\u2019ombra gigantesca della croce\u201d.<\/p>\n<p style=\"text-align: justify;\">E tanto gli uomini desiderano saperne di pi\u00f9 che spesso scrittori, registi, intellettuali danno sfogo alla fantasia per ricamare storie sui Vangeli, per inventare teorie o spesso balle e magari per produrre film, telefilm o spettacoli, solitamente di basso livello, ma che mietono grandi ascolti, perch\u00e9 \u2013 come dice la Chiesa \u2013 \u201ctutta la terra desidera il Suo volto\u201d.<\/p>\n<p style=\"text-align: justify;\">I Vangeli infatti sono cronache abbastanza scarne, che contengono i fatti necessari ed essenziali, ma che molto lasciano immaginare. Infatti san Giovanni conclude il suo Vangelo proprio cos\u00ec: \u201cvi sono ancora molte altre cose compiute da Ges\u00f9, che, se fossero scritte una per una, penso che il mondo stesso non basterebbe a contenere i libri che si dovrebbero scrivere\u201d.<\/p>\n<p style=\"text-align: justify;\">Ebbene, se \u00e8 vero che tutti desidererebbero essere stati l\u00ec, presenti, aver visto Ges\u00f9 di Nazaret, il suo volto, \u201cil pi\u00f9 bello tra i figli dell\u2019uomo\u201d, averlo ascoltato in quelle piazze, su quelle strade polverose, aver assistito ai suoi sconvolgenti miracoli, si deve sapere che esiste un\u2019opera, unica al mondo e unica nella storia, che esaudisce esattamente questo desiderio \u201cimpossibile\u201d.<\/p>\n<p style=\"text-align: justify;\">Proprio alla nostra generazione \u00e8 stato fatto questo dono eccezionale. Si tratta di un\u2019opera in dieci volumi, circa 5000 pagine, letteralmente travolgenti, dove si rivive in presa diretta, giorno per giorno, l\u2019avventura di Ges\u00f9 di Nazaret, l\u2019uomo-Dio che ha capovolto la storia umana.<\/p>\n<p style=\"text-align: justify;\">S\u2019intitola \u201cL\u2019Evangelo come mi \u00e8 stato rivelato\u201d e ha la firma di Maria Valtorta.<\/p>\n<p style=\"text-align: justify;\">Queste pagine sono il frutto di alcuni anni di esperienze mistiche nelle quali Ges\u00f9 ha letteralmente fatto rivivere alla veggente quei giorni di duemila anni fa, proprio come se fosse stata l\u00ec allora, anzi, ancora di pi\u00f9 perch\u00e9 lei vede e ascolta anche cose che gli stessi apostoli, in quei giorni, non poterono vedere, conoscere e riferire (a cominciare da tutto il lungo traviamento di Giuda, conosciuto solo da Ges\u00f9 che prov\u00f2 in ogni modo e con un amore inaudito, per tre anni, a salvarlo).<\/p>\n<p style=\"text-align: justify;\">Ma chi \u00e8 Maria Valtorta? Nasce il 14 marzo 1897. Dal 1913 i Valtorta abitano a Firenze. Lei \u00e8 militante dell\u2019Azione Cattolica e durante la prima guerra fa l\u2019infermiera volontaria.<\/p>\n<p style=\"text-align: justify;\">Sempre a Firenze, nel 1920, durante una manifestazione, un rivoluzionario colpisce alla schiena la ragazza, che si trovava l\u00ec per caso, ponendo le condizioni della sua successiva immobilit\u00e0.<\/p>\n<p style=\"text-align: justify;\">Infatti, dopo varie esperienze dolorose, dal 1\u00b0 aprile 1934 fino alla morte, il 12 ottobre 1961, trascorse ventisette anni e mezzo \u2018inchiodata\u2019 al letto. Un calvario che lei visse con fede eroica.<\/p>\n<p style=\"text-align: justify;\">Per questo, a cinquant\u2019anni dalla morte, sono sempre di pi\u00f9 coloro che aspettano l\u2019apertura del processo di beatificazione. La Valtorta era una donna di forte personalit\u00e0, molto razionale e concreta, per nulla incline alle suggestioni fantastiche e che mai desider\u00f2 o cerc\u00f2 esperienze mistiche.<\/p>\n<p style=\"text-align: justify;\">I fenomeni soprannaturali iniziarono nel 1943, proprio quando lei pensava di non farcela pi\u00f9 e di essere vicina alla morte.<\/p>\n<p style=\"text-align: justify;\">La mattina del 23 aprile, era il venerd\u00ec santo, Ges\u00f9 entr\u00f2 nella sua vita e inizi\u00f2 per lei una frequentazione soprannaturale quotidiana fatta di locuzioni interiori, visioni e dettati che impegn\u00f2 Maria \u2013 gi\u00e0 sofferente su quel letto \u2013 in un lavoro di trascrizione immane: circa quindicimila pagine manoscritte.<\/p>\n<p style=\"text-align: justify;\">L\u2019opera principale \u00e8 appunto \u2018L\u2019evangelo come mi \u00e8 stato rivelato\u2019. Dal 1944 al 1947 \u2013 con alcune visioni successive \u2013 la Valtorta ha rivissuto tutta la storia di Ges\u00f9, riferendo ogni episodio e descrivendo perfino gli odori e il vento.<\/p>\n<p style=\"text-align: justify;\">Pagine eccezionali che, in pratica, contengono tutti i quattro evangeli e riempiono i periodi mancanti, risolvendo tanti punti enigmatici o apparenti contraddizioni.<\/p>\n<p style=\"text-align: justify;\">Leggere queste pagine non \u00e8 solo un\u2019avventura straordinaria per la mente, perch\u00e9 rivela tutto quello che si vuole sapere e illumina tutta la verit\u00e0, ma cambia il cuore e cambia la vita.<\/p>\n<p style=\"text-align: justify;\">Soprattutto conferma con i fatti tutti i dogmi e l\u2019insegnamento della Chiesa, di san Giovanni, di san Paolo, di tutti i Concili.<\/p>\n<p style=\"text-align: justify;\">Dopo aver compitato per vent\u2019anni centinaia di volumi di biblisti, posso dire che \u2013 con la lettura dell\u2019Opera della Valtorta \u2013 si possono buttare al macero duecento anni di chiacchiere illuministe, idealiste e moderniste sui Vangeli e sulla vita di Ges\u00f9.<\/p>\n<p style=\"text-align: justify;\">E questo forse \u00e8 uno dei motivi per cui quest\u2019opera eccezionale \u2013 che commosse anche Pio XII \u2013 \u00e8 tuttora ignorata e \u201crimossa\u201d dall\u2019intellighentsia ufficiale, dal modernismo clericale.<\/p>\n<p style=\"text-align: justify;\">Nonostante ci\u00f2, fuori dei normali canali di distribuzione, grazie a Emilio Pisani e al Centro editoriale valtortiano, l\u2019Opera \u00e8 stata letta da un mare di persone, ogni anno da decine di migliaia di nuovi lettori, ed \u00e8 tradotta in 21 lingue.<\/p>\n<p style=\"text-align: justify;\">Un celebre biblista, Gabriele Allegra l\u2019ha definita \u201cun capolavoro della letteratura cristiana mondiale\u201d. E constatava \u201cla sorprendente cultura scritturistica\u201d dell\u2019autrice, che per\u00f2 non aveva studiato teologia e aveva a sua disposizione solo una vecchia e popolare versione della Bibbia.<\/p>\n<p style=\"text-align: justify;\">Emblematico anche il giudizio che nel 1952 espresse il padre gesuita Agostino Bea, un\u2019autorit\u00e0 in campo esegetico, essendo Rettore del Pontificio istituto biblico di Roma (dove alcuni anni dopo gli succedette Carlo Maria Martini).<\/p>\n<p style=\"text-align: justify;\">Bea fu anche una importante personalit\u00e0 della Chiesa perch\u00e9 \u2013 dopo essere stato il confessore di Pio XII \u2013 divenne cardinale e fu uno dei principali protagonisti del Concilio Vaticano II.<\/p>\n<p style=\"text-align: justify;\">Ebbene nel 1952 scrisse di aver esaminato un estratto dell\u2019Opera \u201cattendendo nella lettura particolarmente alla parte esegetica, storica, archeologica e topografica\u201d.<\/p>\n<p style=\"text-align: justify;\">Ecco il suo giudizio: \u201cQuanto all\u2019esegesi non ho trovato, nei fascicoli da me esaminati, errori di alcun rilievo. Sono poi stato molto impressionato dal fatto che le descrizioni archeologiche e topografiche sono proposte con notevole esattezza\u201d.<\/p>\n<p style=\"text-align: justify;\">Tutto questo \u00e8 umanamente inspiegabile.<\/p>\n<p style=\"text-align: justify;\">Nell\u2019Opera valtortiana si trova una ricostruzione cos\u00ec precisa e ricca dei fatti storici, geografici e umani della vita pubblica di Ges\u00f9 che \u00e8 impossibile da spiegare, specie se si pensa che \u00e8 uscita dalla penna di una donna che era ignara di queste materie e di teologia, che non conosceva la Terra Santa e che non disponeva di libri da consultare trovandosi malata e immobilizzata su un letto, nella Viareggio della Linea gotica, durante i mesi pi\u00f9 feroci la guerra.<\/p>\n<p style=\"text-align: justify;\">Migliaia di pagine, traboccanti di notizie e riflessioni altissime, di descrizioni geografiche che solo oggi, andando sul posto, si potrebbero fare.<\/p>\n<p style=\"text-align: justify;\">Centinaia di toponimi e resoconti di luoghi che erano sconosciuti a tutti e che solo le recenti ricerche e gli scavi archeologici hanno riportato alla luce. L\u2019Opera della Valtorta \u00e8 davvero inspiegabile con mezzi umani. Perfino lo stile letterario \u00e8 molto alto.<\/p>\n<p style=\"text-align: justify;\">Ma, soprattutto, il gigante che attraversa quelle pagine e che affascina per potenza, bont\u00e0, bellezza, che entusiasma per parole e atti, \u00e8 precisamente quel Ges\u00f9 di Nazaret di cui parlano i Vangeli. Il mondo non aveva visto e non vedr\u00e0 mai niente di paragonabile.<\/p>\n<p style=\"text-align: justify;\">__________________________<\/p>\n<p style=\"text-align: justify;\"><strong>Leggi anche:<\/strong><\/p>\n<p style=\"text-align: justify;\"><a title=\"PermaLink a Maria Valtorta e il Vangelo rivelato\" href=\"https:\/\/www.rassegnastampa-totustuus.it\/cattolica\/?p=5252\" target=\"_blank\" rel=\"bookmark\">Maria Valtorta e il Vangelo rivelato<\/a><\/p>\n<p style=\"text-align: justify;\"><a title=\"PermaLink a Maria Valtorta, profetessa della \u201cestrema evangelizzazione\u201d\" href=\"https:\/\/www.rassegnastampa-totustuus.it\/cattolica\/?p=4199\" rel=\"bookmark\">Maria Valtorta, profetessa della \u201cestrema evangelizzazione\u201d<\/a><\/p>\n","protected":false},"excerpt":{"rendered":"<p>Libero 7 aprile 2012 Un regalo meraviglioso alla nostra generazione di Antonio Socci<\/p><p><a class=\"more-link btn\" href=\"https:\/\/www.rassegnastampa-totustuus.it\/cattolica\/levangelo-come-mi-stato-rivelato-di-maria-valtorta\/\">Continua a leggere<\/a><\/p>\n","protected":false},"author":6,"featured_media":27021,"comment_status":"closed","ping_status":"open","sticky":false,"template":"","format":"standard","meta":{"footnotes":""},"categories":[5,17,18],"tags":[1862],"class_list":["post-4995","post","type-post","status-publish","format-standard","has-post-thumbnail","hentry","category-chiesa","category-libri","category-personaggi","tag-maria-valtorta","item-wrap"],"yoast_head":"<!-- This site is optimized with the Yoast SEO plugin v27.4 - https:\/\/yoast.com\/product\/yoast-seo-wordpress\/ -->\n<title>&quot;L&#039;Evangelo come mi &egrave; stato rivelato&quot; di Maria Valtorta - Rassegna Stampa Cattolica<\/title>\n<meta name=\"description\" content=\"Rassegna Stampa Cattolica - Per una cultura che nasce dalla Rivelazione cristiana in conformit\u00e0 alla tradizione e al Magistero della Chiesa in opposizione ad ogni relativismo e totalitarismo\" \/>\n<meta name=\"robots\" content=\"index, follow, max-snippet:-1, max-image-preview:large, max-video-preview:-1\" \/>\n<link rel=\"canonical\" href=\"https:\/\/www.rassegnastampa-totustuus.it\/cattolica\/levangelo-come-mi-stato-rivelato-di-maria-valtorta\/\" \/>\n<meta property=\"og:locale\" content=\"it_IT\" \/>\n<meta property=\"og:type\" content=\"article\" \/>\n<meta property=\"og:title\" content=\"&quot;L&#039;Evangelo come mi &egrave; stato rivelato&quot; di Maria Valtorta - Rassegna Stampa Cattolica\" \/>\n<meta property=\"og:description\" content=\"Rassegna Stampa Cattolica - Per una cultura che nasce dalla Rivelazione cristiana in conformit\u00e0 alla tradizione e al Magistero della Chiesa in opposizione ad ogni relativismo e totalitarismo\" \/>\n<meta property=\"og:url\" content=\"https:\/\/www.rassegnastampa-totustuus.it\/cattolica\/levangelo-come-mi-stato-rivelato-di-maria-valtorta\/\" \/>\n<meta property=\"og:site_name\" content=\"Rassegna Stampa Cattolica\" \/>\n<meta property=\"article:publisher\" content=\"https:\/\/www.facebook.com\/rassegnastampacattolica\" \/>\n<meta property=\"article:published_time\" content=\"2012-04-12T06:21:35+00:00\" \/>\n<meta property=\"article:modified_time\" content=\"2015-10-16T08:53:28+00:00\" \/>\n<meta property=\"og:image\" content=\"https:\/\/www.rassegnastampa-totustuus.it\/cattolica\/wp-content\/uploads\/2012\/04\/Valtorta.jpg\" \/>\n\t<meta property=\"og:image:width\" content=\"225\" \/>\n\t<meta property=\"og:image:height\" content=\"225\" \/>\n\t<meta property=\"og:image:type\" content=\"image\/jpeg\" \/>\n<meta name=\"author\" content=\"Redazione\" \/>\n<meta name=\"twitter:card\" content=\"summary_large_image\" \/>\n<meta name=\"twitter:creator\" content=\"@rassegnastampa9\" \/>\n<meta name=\"twitter:site\" content=\"@rassegnastampa9\" \/>\n<meta name=\"twitter:label1\" content=\"Scritto da\" \/>\n\t<meta name=\"twitter:data1\" content=\"Redazione\" \/>\n\t<meta name=\"twitter:label2\" content=\"Tempo di lettura stimato\" \/>\n\t<meta name=\"twitter:data2\" content=\"6 minuti\" \/>\n<script type=\"application\/ld+json\" class=\"yoast-schema-graph\">{\"@context\":\"https:\\\/\\\/schema.org\",\"@graph\":[{\"@type\":\"Article\",\"@id\":\"https:\\\/\\\/www.rassegnastampa-totustuus.it\\\/cattolica\\\/levangelo-come-mi-stato-rivelato-di-maria-valtorta\\\/#article\",\"isPartOf\":{\"@id\":\"https:\\\/\\\/www.rassegnastampa-totustuus.it\\\/cattolica\\\/levangelo-come-mi-stato-rivelato-di-maria-valtorta\\\/\"},\"author\":{\"name\":\"Redazione\",\"@id\":\"https:\\\/\\\/www.rassegnastampa-totustuus.it\\\/cattolica\\\/#\\\/schema\\\/person\\\/08f319d2bd1a0904ad9e2bfb7b15e5c3\"},\"headline\":\"&quot;L&#8217;Evangelo come mi &egrave; stato rivelato&quot; di Maria Valtorta\",\"datePublished\":\"2012-04-12T06:21:35+00:00\",\"dateModified\":\"2015-10-16T08:53:28+00:00\",\"mainEntityOfPage\":{\"@id\":\"https:\\\/\\\/www.rassegnastampa-totustuus.it\\\/cattolica\\\/levangelo-come-mi-stato-rivelato-di-maria-valtorta\\\/\"},\"wordCount\":1247,\"publisher\":{\"@id\":\"https:\\\/\\\/www.rassegnastampa-totustuus.it\\\/cattolica\\\/#organization\"},\"image\":{\"@id\":\"https:\\\/\\\/www.rassegnastampa-totustuus.it\\\/cattolica\\\/levangelo-come-mi-stato-rivelato-di-maria-valtorta\\\/#primaryimage\"},\"thumbnailUrl\":\"https:\\\/\\\/www.rassegnastampa-totustuus.it\\\/cattolica\\\/wp-content\\\/uploads\\\/2012\\\/04\\\/Valtorta.jpg\",\"keywords\":[\"Maria Valtorta\"],\"articleSection\":[\"Chiesa\",\"Libri\",\"Personaggi\"],\"inLanguage\":\"it-IT\"},{\"@type\":\"WebPage\",\"@id\":\"https:\\\/\\\/www.rassegnastampa-totustuus.it\\\/cattolica\\\/levangelo-come-mi-stato-rivelato-di-maria-valtorta\\\/\",\"url\":\"https:\\\/\\\/www.rassegnastampa-totustuus.it\\\/cattolica\\\/levangelo-come-mi-stato-rivelato-di-maria-valtorta\\\/\",\"name\":\"&quot;L'Evangelo come mi &egrave; stato rivelato&quot; di Maria Valtorta - Rassegna Stampa Cattolica\",\"isPartOf\":{\"@id\":\"https:\\\/\\\/www.rassegnastampa-totustuus.it\\\/cattolica\\\/#website\"},\"primaryImageOfPage\":{\"@id\":\"https:\\\/\\\/www.rassegnastampa-totustuus.it\\\/cattolica\\\/levangelo-come-mi-stato-rivelato-di-maria-valtorta\\\/#primaryimage\"},\"image\":{\"@id\":\"https:\\\/\\\/www.rassegnastampa-totustuus.it\\\/cattolica\\\/levangelo-come-mi-stato-rivelato-di-maria-valtorta\\\/#primaryimage\"},\"thumbnailUrl\":\"https:\\\/\\\/www.rassegnastampa-totustuus.it\\\/cattolica\\\/wp-content\\\/uploads\\\/2012\\\/04\\\/Valtorta.jpg\",\"datePublished\":\"2012-04-12T06:21:35+00:00\",\"dateModified\":\"2015-10-16T08:53:28+00:00\",\"description\":\"Rassegna Stampa Cattolica - Per una cultura che nasce dalla Rivelazione cristiana in conformit\u00e0 alla tradizione e al Magistero della Chiesa in opposizione ad ogni relativismo e totalitarismo\",\"breadcrumb\":{\"@id\":\"https:\\\/\\\/www.rassegnastampa-totustuus.it\\\/cattolica\\\/levangelo-come-mi-stato-rivelato-di-maria-valtorta\\\/#breadcrumb\"},\"inLanguage\":\"it-IT\",\"potentialAction\":[{\"@type\":\"ReadAction\",\"target\":[\"https:\\\/\\\/www.rassegnastampa-totustuus.it\\\/cattolica\\\/levangelo-come-mi-stato-rivelato-di-maria-valtorta\\\/\"]}]},{\"@type\":\"ImageObject\",\"inLanguage\":\"it-IT\",\"@id\":\"https:\\\/\\\/www.rassegnastampa-totustuus.it\\\/cattolica\\\/levangelo-come-mi-stato-rivelato-di-maria-valtorta\\\/#primaryimage\",\"url\":\"https:\\\/\\\/www.rassegnastampa-totustuus.it\\\/cattolica\\\/wp-content\\\/uploads\\\/2012\\\/04\\\/Valtorta.jpg\",\"contentUrl\":\"https:\\\/\\\/www.rassegnastampa-totustuus.it\\\/cattolica\\\/wp-content\\\/uploads\\\/2012\\\/04\\\/Valtorta.jpg\",\"width\":225,\"height\":225},{\"@type\":\"BreadcrumbList\",\"@id\":\"https:\\\/\\\/www.rassegnastampa-totustuus.it\\\/cattolica\\\/levangelo-come-mi-stato-rivelato-di-maria-valtorta\\\/#breadcrumb\",\"itemListElement\":[{\"@type\":\"ListItem\",\"position\":1,\"name\":\"Home\",\"item\":\"https:\\\/\\\/www.rassegnastampa-totustuus.it\\\/cattolica\\\/\"},{\"@type\":\"ListItem\",\"position\":2,\"name\":\"&quot;L&#8217;Evangelo come mi &egrave; stato rivelato&quot; di Maria Valtorta\"}]},{\"@type\":\"WebSite\",\"@id\":\"https:\\\/\\\/www.rassegnastampa-totustuus.it\\\/cattolica\\\/#website\",\"url\":\"https:\\\/\\\/www.rassegnastampa-totustuus.it\\\/cattolica\\\/\",\"name\":\"Rassegna Stampa Cattolica\",\"description\":\"Per una cultura che nasce dalla Rivelazione cristiana in conformit\u00e0 alla tradizione e al Magistero della Chiesa in opposizione ad ogni relativismo e totalitarismo\",\"publisher\":{\"@id\":\"https:\\\/\\\/www.rassegnastampa-totustuus.it\\\/cattolica\\\/#organization\"},\"alternateName\":\"Rass. Cattolica\",\"potentialAction\":[{\"@type\":\"SearchAction\",\"target\":{\"@type\":\"EntryPoint\",\"urlTemplate\":\"https:\\\/\\\/www.rassegnastampa-totustuus.it\\\/cattolica\\\/?s={search_term_string}\"},\"query-input\":{\"@type\":\"PropertyValueSpecification\",\"valueRequired\":true,\"valueName\":\"search_term_string\"}}],\"inLanguage\":\"it-IT\"},{\"@type\":\"Organization\",\"@id\":\"https:\\\/\\\/www.rassegnastampa-totustuus.it\\\/cattolica\\\/#organization\",\"name\":\"Rassegna Stampa Cattolica\",\"url\":\"https:\\\/\\\/www.rassegnastampa-totustuus.it\\\/cattolica\\\/\",\"logo\":{\"@type\":\"ImageObject\",\"inLanguage\":\"it-IT\",\"@id\":\"https:\\\/\\\/www.rassegnastampa-totustuus.it\\\/cattolica\\\/#\\\/schema\\\/logo\\\/image\\\/\",\"url\":\"https:\\\/\\\/www.rassegnastampa-totustuus.it\\\/cattolica\\\/wp-content\\\/uploads\\\/2014\\\/04\\\/logo-rassegna1.gif\",\"contentUrl\":\"https:\\\/\\\/www.rassegnastampa-totustuus.it\\\/cattolica\\\/wp-content\\\/uploads\\\/2014\\\/04\\\/logo-rassegna1.gif\",\"width\":600,\"height\":163,\"caption\":\"Rassegna Stampa Cattolica\"},\"image\":{\"@id\":\"https:\\\/\\\/www.rassegnastampa-totustuus.it\\\/cattolica\\\/#\\\/schema\\\/logo\\\/image\\\/\"},\"sameAs\":[\"https:\\\/\\\/www.facebook.com\\\/rassegnastampacattolica\",\"https:\\\/\\\/x.com\\\/rassegnastampa9\"]},{\"@type\":\"Person\",\"@id\":\"https:\\\/\\\/www.rassegnastampa-totustuus.it\\\/cattolica\\\/#\\\/schema\\\/person\\\/08f319d2bd1a0904ad9e2bfb7b15e5c3\",\"name\":\"Redazione\",\"image\":{\"@type\":\"ImageObject\",\"inLanguage\":\"it-IT\",\"@id\":\"https:\\\/\\\/secure.gravatar.com\\\/avatar\\\/2fcdf27c78ea025fbdb44e914cc63c72249ffec9dc8aafd5c82b26240ef3f346?s=96&d=mm&r=g\",\"url\":\"https:\\\/\\\/secure.gravatar.com\\\/avatar\\\/2fcdf27c78ea025fbdb44e914cc63c72249ffec9dc8aafd5c82b26240ef3f346?s=96&d=mm&r=g\",\"contentUrl\":\"https:\\\/\\\/secure.gravatar.com\\\/avatar\\\/2fcdf27c78ea025fbdb44e914cc63c72249ffec9dc8aafd5c82b26240ef3f346?s=96&d=mm&r=g\",\"caption\":\"Redazione\"},\"url\":\"https:\\\/\\\/www.rassegnastampa-totustuus.it\\\/cattolica\\\/author\\\/pietroelle\\\/\"}]}<\/script>\n<!-- \/ Yoast SEO plugin. -->","yoast_head_json":{"title":"&quot;L'Evangelo come mi &egrave; stato rivelato&quot; di Maria Valtorta - Rassegna Stampa Cattolica","description":"Rassegna Stampa Cattolica - Per una cultura che nasce dalla Rivelazione cristiana in conformit\u00e0 alla tradizione e al Magistero della Chiesa in opposizione ad ogni relativismo e totalitarismo","robots":{"index":"index","follow":"follow","max-snippet":"max-snippet:-1","max-image-preview":"max-image-preview:large","max-video-preview":"max-video-preview:-1"},"canonical":"https:\/\/www.rassegnastampa-totustuus.it\/cattolica\/levangelo-come-mi-stato-rivelato-di-maria-valtorta\/","og_locale":"it_IT","og_type":"article","og_title":"&quot;L'Evangelo come mi &egrave; stato rivelato&quot; di Maria Valtorta - Rassegna Stampa Cattolica","og_description":"Rassegna Stampa Cattolica - Per una cultura che nasce dalla Rivelazione cristiana in conformit\u00e0 alla tradizione e al Magistero della Chiesa in opposizione ad ogni relativismo e totalitarismo","og_url":"https:\/\/www.rassegnastampa-totustuus.it\/cattolica\/levangelo-come-mi-stato-rivelato-di-maria-valtorta\/","og_site_name":"Rassegna Stampa Cattolica","article_publisher":"https:\/\/www.facebook.com\/rassegnastampacattolica","article_published_time":"2012-04-12T06:21:35+00:00","article_modified_time":"2015-10-16T08:53:28+00:00","og_image":[{"width":225,"height":225,"url":"https:\/\/www.rassegnastampa-totustuus.it\/cattolica\/wp-content\/uploads\/2012\/04\/Valtorta.jpg","type":"image\/jpeg"}],"author":"Redazione","twitter_card":"summary_large_image","twitter_creator":"@rassegnastampa9","twitter_site":"@rassegnastampa9","twitter_misc":{"Scritto da":"Redazione","Tempo di lettura stimato":"6 minuti"},"schema":{"@context":"https:\/\/schema.org","@graph":[{"@type":"Article","@id":"https:\/\/www.rassegnastampa-totustuus.it\/cattolica\/levangelo-come-mi-stato-rivelato-di-maria-valtorta\/#article","isPartOf":{"@id":"https:\/\/www.rassegnastampa-totustuus.it\/cattolica\/levangelo-come-mi-stato-rivelato-di-maria-valtorta\/"},"author":{"name":"Redazione","@id":"https:\/\/www.rassegnastampa-totustuus.it\/cattolica\/#\/schema\/person\/08f319d2bd1a0904ad9e2bfb7b15e5c3"},"headline":"&quot;L&#8217;Evangelo come mi &egrave; stato rivelato&quot; di Maria Valtorta","datePublished":"2012-04-12T06:21:35+00:00","dateModified":"2015-10-16T08:53:28+00:00","mainEntityOfPage":{"@id":"https:\/\/www.rassegnastampa-totustuus.it\/cattolica\/levangelo-come-mi-stato-rivelato-di-maria-valtorta\/"},"wordCount":1247,"publisher":{"@id":"https:\/\/www.rassegnastampa-totustuus.it\/cattolica\/#organization"},"image":{"@id":"https:\/\/www.rassegnastampa-totustuus.it\/cattolica\/levangelo-come-mi-stato-rivelato-di-maria-valtorta\/#primaryimage"},"thumbnailUrl":"https:\/\/www.rassegnastampa-totustuus.it\/cattolica\/wp-content\/uploads\/2012\/04\/Valtorta.jpg","keywords":["Maria Valtorta"],"articleSection":["Chiesa","Libri","Personaggi"],"inLanguage":"it-IT"},{"@type":"WebPage","@id":"https:\/\/www.rassegnastampa-totustuus.it\/cattolica\/levangelo-come-mi-stato-rivelato-di-maria-valtorta\/","url":"https:\/\/www.rassegnastampa-totustuus.it\/cattolica\/levangelo-come-mi-stato-rivelato-di-maria-valtorta\/","name":"&quot;L'Evangelo come mi &egrave; stato rivelato&quot; di Maria Valtorta - Rassegna Stampa Cattolica","isPartOf":{"@id":"https:\/\/www.rassegnastampa-totustuus.it\/cattolica\/#website"},"primaryImageOfPage":{"@id":"https:\/\/www.rassegnastampa-totustuus.it\/cattolica\/levangelo-come-mi-stato-rivelato-di-maria-valtorta\/#primaryimage"},"image":{"@id":"https:\/\/www.rassegnastampa-totustuus.it\/cattolica\/levangelo-come-mi-stato-rivelato-di-maria-valtorta\/#primaryimage"},"thumbnailUrl":"https:\/\/www.rassegnastampa-totustuus.it\/cattolica\/wp-content\/uploads\/2012\/04\/Valtorta.jpg","datePublished":"2012-04-12T06:21:35+00:00","dateModified":"2015-10-16T08:53:28+00:00","description":"Rassegna Stampa Cattolica - Per una cultura che nasce dalla Rivelazione cristiana in conformit\u00e0 alla tradizione e al Magistero della Chiesa in opposizione ad ogni relativismo e totalitarismo","breadcrumb":{"@id":"https:\/\/www.rassegnastampa-totustuus.it\/cattolica\/levangelo-come-mi-stato-rivelato-di-maria-valtorta\/#breadcrumb"},"inLanguage":"it-IT","potentialAction":[{"@type":"ReadAction","target":["https:\/\/www.rassegnastampa-totustuus.it\/cattolica\/levangelo-come-mi-stato-rivelato-di-maria-valtorta\/"]}]},{"@type":"ImageObject","inLanguage":"it-IT","@id":"https:\/\/www.rassegnastampa-totustuus.it\/cattolica\/levangelo-come-mi-stato-rivelato-di-maria-valtorta\/#primaryimage","url":"https:\/\/www.rassegnastampa-totustuus.it\/cattolica\/wp-content\/uploads\/2012\/04\/Valtorta.jpg","contentUrl":"https:\/\/www.rassegnastampa-totustuus.it\/cattolica\/wp-content\/uploads\/2012\/04\/Valtorta.jpg","width":225,"height":225},{"@type":"BreadcrumbList","@id":"https:\/\/www.rassegnastampa-totustuus.it\/cattolica\/levangelo-come-mi-stato-rivelato-di-maria-valtorta\/#breadcrumb","itemListElement":[{"@type":"ListItem","position":1,"name":"Home","item":"https:\/\/www.rassegnastampa-totustuus.it\/cattolica\/"},{"@type":"ListItem","position":2,"name":"&quot;L&#8217;Evangelo come mi &egrave; stato rivelato&quot; di Maria Valtorta"}]},{"@type":"WebSite","@id":"https:\/\/www.rassegnastampa-totustuus.it\/cattolica\/#website","url":"https:\/\/www.rassegnastampa-totustuus.it\/cattolica\/","name":"Rassegna Stampa Cattolica","description":"Per una cultura che nasce dalla Rivelazione cristiana in conformit\u00e0 alla tradizione e al Magistero della Chiesa in opposizione ad ogni relativismo e totalitarismo","publisher":{"@id":"https:\/\/www.rassegnastampa-totustuus.it\/cattolica\/#organization"},"alternateName":"Rass. Cattolica","potentialAction":[{"@type":"SearchAction","target":{"@type":"EntryPoint","urlTemplate":"https:\/\/www.rassegnastampa-totustuus.it\/cattolica\/?s={search_term_string}"},"query-input":{"@type":"PropertyValueSpecification","valueRequired":true,"valueName":"search_term_string"}}],"inLanguage":"it-IT"},{"@type":"Organization","@id":"https:\/\/www.rassegnastampa-totustuus.it\/cattolica\/#organization","name":"Rassegna Stampa Cattolica","url":"https:\/\/www.rassegnastampa-totustuus.it\/cattolica\/","logo":{"@type":"ImageObject","inLanguage":"it-IT","@id":"https:\/\/www.rassegnastampa-totustuus.it\/cattolica\/#\/schema\/logo\/image\/","url":"https:\/\/www.rassegnastampa-totustuus.it\/cattolica\/wp-content\/uploads\/2014\/04\/logo-rassegna1.gif","contentUrl":"https:\/\/www.rassegnastampa-totustuus.it\/cattolica\/wp-content\/uploads\/2014\/04\/logo-rassegna1.gif","width":600,"height":163,"caption":"Rassegna Stampa Cattolica"},"image":{"@id":"https:\/\/www.rassegnastampa-totustuus.it\/cattolica\/#\/schema\/logo\/image\/"},"sameAs":["https:\/\/www.facebook.com\/rassegnastampacattolica","https:\/\/x.com\/rassegnastampa9"]},{"@type":"Person","@id":"https:\/\/www.rassegnastampa-totustuus.it\/cattolica\/#\/schema\/person\/08f319d2bd1a0904ad9e2bfb7b15e5c3","name":"Redazione","image":{"@type":"ImageObject","inLanguage":"it-IT","@id":"https:\/\/secure.gravatar.com\/avatar\/2fcdf27c78ea025fbdb44e914cc63c72249ffec9dc8aafd5c82b26240ef3f346?s=96&d=mm&r=g","url":"https:\/\/secure.gravatar.com\/avatar\/2fcdf27c78ea025fbdb44e914cc63c72249ffec9dc8aafd5c82b26240ef3f346?s=96&d=mm&r=g","contentUrl":"https:\/\/secure.gravatar.com\/avatar\/2fcdf27c78ea025fbdb44e914cc63c72249ffec9dc8aafd5c82b26240ef3f346?s=96&d=mm&r=g","caption":"Redazione"},"url":"https:\/\/www.rassegnastampa-totustuus.it\/cattolica\/author\/pietroelle\/"}]}},"_links":{"self":[{"href":"https:\/\/www.rassegnastampa-totustuus.it\/cattolica\/wp-json\/wp\/v2\/posts\/4995","targetHints":{"allow":["GET"]}}],"collection":[{"href":"https:\/\/www.rassegnastampa-totustuus.it\/cattolica\/wp-json\/wp\/v2\/posts"}],"about":[{"href":"https:\/\/www.rassegnastampa-totustuus.it\/cattolica\/wp-json\/wp\/v2\/types\/post"}],"author":[{"embeddable":true,"href":"https:\/\/www.rassegnastampa-totustuus.it\/cattolica\/wp-json\/wp\/v2\/users\/6"}],"replies":[{"embeddable":true,"href":"https:\/\/www.rassegnastampa-totustuus.it\/cattolica\/wp-json\/wp\/v2\/comments?post=4995"}],"version-history":[{"count":5,"href":"https:\/\/www.rassegnastampa-totustuus.it\/cattolica\/wp-json\/wp\/v2\/posts\/4995\/revisions"}],"predecessor-version":[{"id":27024,"href":"https:\/\/www.rassegnastampa-totustuus.it\/cattolica\/wp-json\/wp\/v2\/posts\/4995\/revisions\/27024"}],"wp:featuredmedia":[{"embeddable":true,"href":"https:\/\/www.rassegnastampa-totustuus.it\/cattolica\/wp-json\/wp\/v2\/media\/27021"}],"wp:attachment":[{"href":"https:\/\/www.rassegnastampa-totustuus.it\/cattolica\/wp-json\/wp\/v2\/media?parent=4995"}],"wp:term":[{"taxonomy":"category","embeddable":true,"href":"https:\/\/www.rassegnastampa-totustuus.it\/cattolica\/wp-json\/wp\/v2\/categories?post=4995"},{"taxonomy":"post_tag","embeddable":true,"href":"https:\/\/www.rassegnastampa-totustuus.it\/cattolica\/wp-json\/wp\/v2\/tags?post=4995"}],"curies":[{"name":"wp","href":"https:\/\/api.w.org\/{rel}","templated":true}]}}