{"id":4994,"date":"2012-04-12T00:00:00","date_gmt":"2012-04-11T22:00:00","guid":{"rendered":""},"modified":"2016-01-22T18:34:25","modified_gmt":"2016-01-22T17:34:25","slug":"il-momento-cattolico-negli-stati-uniti","status":"publish","type":"post","link":"https:\/\/www.rassegnastampa-totustuus.it\/cattolica\/il-momento-cattolico-negli-stati-uniti\/","title":{"rendered":"Il &quot;momento cattolico&quot; negli Stati Uniti"},"content":{"rendered":"<div style=\"text-align: center;\"><strong><a href=\"https:\/\/www.rassegnastampa-totustuus.it\/cattolica\/wp-content\/uploads\/2012\/04\/Chiesa_Usa.jpg\"><img loading=\"lazy\" decoding=\"async\" class=\"alignright wp-image-29643\" src=\"https:\/\/www.rassegnastampa-totustuus.it\/cattolica\/wp-content\/uploads\/2012\/04\/Chiesa_Usa.jpg\" alt=\"Chiesa_Usa\" width=\"250\" height=\"170\" \/><\/a>La Bussola quotidiana<\/strong> 31 marzo 2012<\/div>\n<p style=\"text-align: justify;\"><em>Sin da quando, tra la fine egli anni 1940 e la prima degli anni 1950, il conservatorismo ha cominciato a prendere piede nella societ\u00e0 americana, prima come opzione culturale quindi anche come &#8220;movimento&#8221; di popolo capace alla lunga di condizionare pure il mondo politico, la percezione &#8211; pi\u00f9 volte espressa per iscritto dai suoi storiografi &#8211; \u00e8 stata che i cattolici ne costituissero la maggioranza, o che comunque ne egemonizzassero le sorti. <\/em><\/p>\n<p style=\"text-align: center;\">di <strong>Marco Respinti<\/strong><\/p>\n<p><!--more--><\/p>\n<div style=\"text-align: justify;\">Richard John Neuhaus (1936-2009) \u00e8 stato una delle figure di spicco del cattolicesimo statunitense contemporaneo. Nato a Pembroke, in Ontario, naturalizzato statunitense, sacerdote, ex progressista ammaliato dai cortocircuiti del cosiddetto &#8220;social Gospel&#8221;, \u00e8 venuto man mano guadagnando l\u2019ortodossia dottrinale e la fedelt\u00e0 anche consolatrice alla Tradizione che vive nel Magistero.<\/div>\n<p style=\"text-align: justify;\">Gli sopravvive ancora oggi il mensile di raffinata elaborazione culturale che fond\u00f2 nel 1990, <em>First Things <\/em>(allora <em>First Things: A Monthly Journal of Religion and Public Life<\/em>), attualmente diretto da Russell Ronald Reno III, docente di Teologia alla Creighton University, l\u2019ateneo che i padri gesuiti dirigono a Omaha, in Nebraska. Ci\u00f2 che fece mutare radicalmente indirizzo a Neuhaus fu la sentenza con cui, il 22 gennaio 1973, la Corte Suprema federale legalizz\u00f2 l\u2019aborto negli Stati Uniti. E la sua mutazione giunse cos\u00ec lontano da farne uno dei consiglieri ufficiosi, in materia di fede e di religioni, del presidente George W. Bush jr.<\/p>\n<p style=\"text-align: justify;\"><strong>Uno dei libri pi\u00f9 intriganti dei molti, acuti, che Neuhaus <\/strong>ha firmato nella sua feconda carriera porta un titolo impegnativo, <em>The Catholic Moment: The Paradox of the Church in the Postmodern World <\/em>(HarperCollins, New York 1987), ovvero &#8220;Il momento cattolico: il paradosso della Chiesa nel mondo postmoderno&#8221;, dove il vocabolo &#8220;momento&#8221; regge il doppio significato che gli \u00e8 proprio, rendendo l\u2019idea de &#8220;l\u2019oggi del cattolicesimo&#8221; e contemporaneamente quella de &#8220;l\u2019importanza del cattolicesimo&#8221;.<\/p>\n<p style=\"text-align: justify;\">Del libro, la \u00abtesi centrale [\u2026]\u00bb, spiega autorevolemente <a href=\"http:\/\/www.thecatholicthing.org\/columns\/2011\/the-anti-catholic-moment.html\" target=\"_blank\">Robert Royal<\/a>, intellettuale cattolico americano di spicco (legato a Neuhaus da un sostanziale comune sentire, sovente espresso con la peraltro riduttiva etichetta di &#8220;neoconservatorismo cattolico&#8221;), \u00abera che, data l\u2019apostasia del protestantesimo delle Chiese maggioritarie, la povert\u00e0 intellettuale dell\u2019evangelicalismo e l\u2019inadeguatezza assoluta del laicismo, il cattolicesimo rinascente sotto il pontificato di Papa Giovanni Paolo II: 1) nel mondo \u00e8 il pi\u00f9 importante singolo portatore del credo cristiano e della morale che ne discende; e 2) dovrebbe quindi assumere &#8220;quel giusto ruolo che gli spetta nell\u2019intrapresa di formare una cultura atta a costruire una filosofia pubblica improntata alla religione che all\u2019esperimento americano di libert\u00e0 ordinata serve&#8221;\u00bb.<\/p>\n<p style=\"text-align: justify;\"><strong>Parole impegnative, quelle di Neuhuas (e di Royal) persino &#8220;scandalose&#8221; <\/strong>per chi \u00e8 abituato &#8211; e sono (ancora) molti &#8211; a ritenere il cosiddetto &#8220;esperimento americano&#8221; &#8211; meglio: l\u2019esperienza, storica, americana &#8211; come il frutto pi\u00f9 maturo del laicismo, magari non livorosamente aggressivo e per\u00f2 onnipervasivo, dell\u2019illuminismo pi\u00f9 &#8220;adulto&#8221; o, d\u2019altro canto, di quel protestantesimo che fa, sin\u00a0 dall\u2019inizio e palesemente, degli Stati Uniti &#8220;un Paese protestante&#8221;, nell\u2019uno e nell\u2019altro caso comunque qualcosa di ben diverso, anzi di molto lontano dal cattolicesimo.<\/p>\n<p style=\"text-align: justify;\"><strong>CATTOLICI E PROTESTANTI<\/strong><\/p>\n<p style=\"text-align: justify;\">Le riflessioni di quel Neuhaus del 1987 hanno ovviamente innescato, direttamente e non, un dibattito forte anche se magari carsico, che da decenni attraversa sempre, anche quando non visto, la &#8220;questione americana&#8221;. Ha cio\u00e8 scatenato pro e contro sia &#8220;a destra&#8221; sia &#8220;a sinistra&#8221; del panorama culturale, e anzi lo stesso Neuhaus ha continuato, per gli anni che gli sono rimasti, a riflettere, a &#8220;rinfrescare&#8221; e a <a href=\"http:\/\/www.firstthings.com\/onthesquare\/2009\/01\/the-persistence-of-the-catholi\" target=\"_blank\">glossare quella sua stessa idea<\/a>.<\/p>\n<p style=\"text-align: justify;\"><strong>Ma la cosa pi\u00f9 strabiliante di tutte \u00e8 che quando, nel ricordato 1987<\/strong>, diede alle stampe &#8220;The Catholic Moment&#8221;, Neuhuas non era n\u00e9 sacerdote n\u00e9 cattolico, ma pastore luterano. Ordinato nella Chiesa luterana-Sinodo del Missouri, transitato poi ad altre Chiese luterane statunitensi, Neuhaus frequentava quel mondo detto &#8220;evangelical Catholicism&#8221; (una sorta di &#8220;Chiesa alta&#8221; all\u2019interno del luteranismo, per provare ad alludere a una spiegazione evocando un\u2019analogia con quanto avviene dentro la Comunione Anglicana) che prevede anche momenti conventuali quali la Saint Augustine\u2019s House, il monastero benedettino luterano di Oxford, nel Michigan, al tempo frequentato dall\u2019autore di &#8220;The Catholic Moment&#8221; fortemente affascinato dalla teologia dell\u2019allora cardinale Joseph Ratzinger.<\/p>\n<p style=\"text-align: justify;\"><strong>Cattolico Neuhaus lo \u00e8 diventato tre anni dopo la pubblicazione <\/strong>di quel suo libro importante, l\u20198 settembre 1990; ma ci\u00f2 non gli ha impedito di venire inserito dal settimanale (statunitense ma di portata internazionale) <em><a href=\"http:\/\/www.time.com\/time\/specials\/packages\/0,28757,1993235,00.html\" target=\"_blank\">Time<\/a> <\/em>fra i 25 predicatori protestanti evangelicali pi\u00f9 influenti del 2005, assieme all\u2019&#8221;arcicattolico&#8221; conservatore, e oggi candidato nelle primarie del Partito Repubblicano, <a href=\"http:\/\/www.labussolaquotidiana.it\/ita\/articoli-c-un-santorumnegli-stati-uniti-378.htm\" target=\"_blank\">Rick Santorum<\/a>.I due fatti &#8211; il luterano Neuhaus che annuncia la cogenza del &#8220;momento cattolico&#8221; negli Stati Uniti e il laico (laicista?) <em>Time<\/em> che, nella sua &#8220;lucida confusione&#8221;, sovrappone <em>evangelical <\/em>e cattolici &#8211; sono altamente rivelatori di un clima. Dominante.<\/p>\n<p style=\"text-align: justify;\"><strong>Non indicano &#8211; come maliziosamente non manca chi insinua <\/strong>&#8211; la &#8220;protestantizzazione&#8221; endemica (e &#8220;liberale&#8221;) del cattolicesimo americano (n\u00e9 tantomeno la mera &#8220;cattolicizzazione&#8221; del protestantesimo statunitense, che comunque molti meno ipotizzano), o il trionfo di una &#8220;religione civile&#8221; &#8211; magari condita in salsa massonicheggiante &#8211; che mescola elementi diversi accomunati solo dalla lontananza rispetto all\u2019ortodossia cattolica, o infine (ennesima variazione) il successo di un &#8220;pensiero conservatore&#8221; che unisce fattori anche religiosi diversi esclusivamente per sostituire un cultura alla vera fede.<\/p>\n<p style=\"text-align: justify;\">I due fatti rivelano piuttosto la giustezza e la puntualit\u00e0 della profezia (in senso letterale) di Neuhaus: negli Stati Uniti, il\u00a0 &#8220;momento cattolico&#8221;, che allora veniva preconizzato, \u00e8 oggi una realt\u00e0. Nei fatti. Non solo per la crisi palese del mondo protestante &#8211; rispetto alle ragioni profonde di s\u00e9 e al saperle dare in pubblico &#8211; o per quell\u2019intrinseca contraddittoriet\u00e0 che conduce all\u2019insipienza (pur nella sua violenza) della proposta laicista, ma per la qualit\u00e0 oggettiva dell\u2019offerta cattolica nel mettere a disposizione elementi utili a costruire &#8211; come diceva il beato Giovanni Paolo II (1920-2005) una societ\u00e0 a misura di uomo e secondo il piano di Dio.<\/p>\n<p style=\"text-align: justify;\"><strong>Da anni &#8211; questo ci\u00f2 che il Neuhus protestante intu\u00ec nel 1987 <\/strong>&#8211; il cattolicesimo \u00e8 il sale della terra statunitense, e oggi il fenomeno \u00e8 quantificabile, visibile, pubblico. Si conta sul numero delle conversioni, famose e non, per le quali un luogo non unico ma decisivo d&#8217;incubazione \u00e8 la galassia <em>pro-life<\/em>, dove i protestanti vengono giornalmente affascinati, prima ancora che da ogni questione specificamente teologica, dall\u2019impegno dei cattolici nell\u2019affermare la Signoria totale di Cristo con quel perfetto zelo evangelico di cui proprio i protestanti vorrebbero vantare l\u2019esclusiva. Il movimento <em>pro-life <\/em>statunitense non nasce di per s\u00e9 come fenomeno cattolico; le &#8220;folle cattoliche&#8221; sono arrivate dopo, ma oggi ne sono l\u2019anima. Ed \u00e8 l\u00ec che l\u2019ecumenismo (e il dialogo interreligioso) smette di essere una teoria da salotto per diventare un impegno personale, finendo nell\u2019unico modo che d\u00e0 senso al dialogare fra opinioni diverse: la conversione alla verit\u00e0 di chi ha torto.<\/p>\n<p style=\"text-align: justify;\"><strong>Eppoi negli Stati Uniti il tono dei dibattiti pubblici sempre pi\u00f9 spesso lo danno i cattolici<\/strong>. La proposta culturale cattolica viene oramai tranquillamene percepita come una realt\u00e0 &#8220;americana&#8221; con pieno diritto di cittadinanza, non pi\u00f9 (come accadeva in tempi diversi) &#8220;straniera&#8221;. La morale difesa pienamente dalla dottrina cattolica \u00e8 la legge naturale che sta alla base anche delle scelte etiche (magari talvolta pi\u00f9 tentennanti o incomplete) di altre obbedienze religiose che quindi si affratellano. E non solo.<\/p>\n<p style=\"text-align: justify;\"><strong>CONSERVATORI E OLTRE<\/strong><\/p>\n<p style=\"text-align: justify;\">La presenza e l\u2019&#8221;accettazione&#8221; sociale dei cattolici \u00e8 oramai imponente anche nel terreno &#8220;infido\u201d&#8221;della politica. Che i cattolici ricoprano cariche politiche e posti istituzionali elevati, addirittura ai vertici del Paese, dalla vicepresidenza federale alla presidenza della Camera nel Congresso di Washington, \u00e8 oramai un fatto normale; persino che per la nomination presidenziale corra un cattolico avvezzo alla scuola contro-rivoluzionaria del pensatore brasiliano <a href=\"http:\/\/circolopliniocorreadeoliveira.blogspot.it\/2012\/03\/il-piccolo-manuale-di-rick-santorum.html\" target=\"_blank\">Plinio Corr\u00eaa de Oliveira<\/a> (1908-1995) qual \u00e8 Santorum, e con risultati non solo ma anche numerici mai visti in elezioni primarie.<\/p>\n<p style=\"text-align: justify;\">Ma la notizia \u00e8 questa: \u00e8 ovviamente assai diverso se alla vicepresidenza federale, accanto a Barack Obama, siede il cattolico <em>liberal <\/em>Joe Biden o altri; oppure se la Camera federale \u00e8 guidata dalla cattolica strenuamente filoabortista Nancy Pelosi come lo era ieri o dal cattolico fedele al Magistero John Boehner com\u2019\u00e8 oggi. Perch\u00e9 per il mondo non-cattolico accettare cattolici come Biden e la Pelosi \u00e8 facilissimo, ma digerire un Bohener meno, figuriamoci un Santorum.<\/p>\n<p style=\"text-align: justify;\"><strong>Ora, che il mondo del conservatorismo statunitense <\/strong>sia oggi impregnato di spirito cattolico \u00e8 un fatto cos\u00ec acclarato che cominciano a prenderne atto persino gli <a href=\"http:\/\/www.atfp.it\/newsletter\/archive\/view\/listid-1-mailinglist\/mailid-30-tfp-newsletter-marzo-2012-1.html\" target=\"_blank\">studi accademici<\/a> &#8211; come ultimamente fa Howard Schweber, professore associato di Scienze politiche e di Diritto all\u2019Universit\u00e0 del Wisconsin di Madison -, ma questo s\u2019innesta su una storia che a quelle latitudini si racconta da tempo.<\/p>\n<p style=\"text-align: justify;\"><strong>Sin da quando, tra la fine egli anni 1940 e la prima degli anni 1950<\/strong>, il conservatorismo ha cominciato a prendere piede nella societ\u00e0 americana, prima come opzione culturale quindi anche come &#8220;movimento&#8221; di popolo capace alla lunga di condizionare pure il mondo politico, la percezione &#8211; pi\u00f9 volte espressa per iscritto dai suoi storiografi &#8211; \u00e8 stata che i cattolici ne costituissero la maggioranza, o che comunque ne egemonizzassero le sorti. Non era vero (e ancora non lo \u00e8 del tutto oggi) in termini numerici, ma lo \u00e8 sempre stato nel senso che in esso i cattolici sono (e sono stati) quelli capaci di dare il tono e il sapore, anche se minoranza, articolando una filosofia pubblica in grado di essere avvertita come propria, o comunque non contrastante con il proprio credo anche religioso, pure da chi cattolico non era.<\/p>\n<p style=\"text-align: justify;\"><strong>Un fenomeno del resto comprensibile<\/strong>: se per &#8220;conservatorismo&#8221; s\u2019intende, infatti &#8211; come negli Stati Uniti s\u2019intende -, la difesa di una visione del mondo fondata anche sulla ricaduta sociale e politica di una filosofia perenne di cui i &#8220;princ\u00ecpi non negoziabili&#8221;, il senso comune e il diritto naturale sono il &#8220;catechismo&#8221;, \u00e8 naturale che esso entri in contatto, s\u2019intersechi e talora si amalgami con gli ambienti pi\u00f9 &#8220;conservatori&#8221; di Chiese e comunit\u00e0 religiose, ovvero quelli pi\u00f9 fedeli alle dottrine fondanti, nel caso del cattolicesimo la Rivelazione affidata alle Scritture e la Tradizione viva nel Magistero.<\/p>\n<p style=\"text-align: justify;\"><strong>Ma il punto \u00e8 che negli Stati Uniti non solo gli ambienti culturali <\/strong>(e politici) conservatori sono quelli dove pi\u00f9 \u00e8 evidente la &#8220;cattolicizzazione&#8221;. \u00c8 infatti cos\u00ec per l\u2019intera cultura americana, addirittura &#8211; provocatoriamente &#8211; per il cosiddetto &#8220;<em>american way of life<\/em>&#8220;. Certo, un conservatore direbbe che cos\u00ec \u00e8 perch\u00e9 la vera cultura statunitense \u00e8 quella difesa dal conservatorismo, il quale cos\u00ec si chiama proprio perch\u00e9 difende l\u2019autenticit\u00e0 dello spirito e delle istituzioni americane. Sul piano culturale, al conservatore questo \u00e8 lecito concederlo; eppure \u00e8 legittimo fare un passo oltre il conservatore. Ovvero aggiungere che il &#8220;momento cattolico&#8221; preme sulla cultura americana <em>tout court <\/em>anche per chi (ancora) non coglie, o non si riconosce, nel legame tra conservatorismo e difesa dell\u2019autentico spirito americano.<\/p>\n<p style=\"text-align: justify;\"><strong>ALLA SCUOLA DI PAPA BENEDETTO XVI<\/strong><\/p>\n<p style=\"text-align: justify;\">Anche solo per illustrare questo pensiero (prima ancora, cio\u00e8, d&#8217;immaginare di documentarlo puntualmente) servirebbe una enciclopedia, non lo spazio di un articolo. Basta allora, in questa sede, riferirsi alle parole pronunciate da Papa Benedetto XVI durante il viaggio apostolico compiuto negli Stati Uniti dal 15 al 21 aprile 2008, ovvero &#8211; com\u2019\u00e8 stato bene detto &#8211; a quella &#8220;<a href=\"http:\/\/www.cesnur.org\/2008\/mi_tocqueville.htm\" target=\"_blank\">enciclica itinerante&#8221;<\/a> che sono stati i numerosi discorsi da lui proferiti in quell\u2019occasione.<\/p>\n<p style=\"text-align: justify;\"><strong>Il pontefice ha infatti ricordato il carattere precipuo dell\u2019esperienza americana<\/strong>, fondata sul diritto naturale che tale \u00e8 perch\u00e9 &#8211; afferma apertamente lo spirito americano &#8211; si basa sul Dio che di quel diritto e di quella natura \u00e8 Signore e creatore; dunque un Paese cristiano, le cui luci non negano l\u2019esistenza di ombre (come peraltro avviene in tutto ci\u00f2 che \u00e8 umano), ma che segna nell\u2019epoca moderna &#8220;della secolarizzazione&#8221; un punto notevole, anzi pone una vera sfida: la possibilit\u00e0 di essere, nel tempo moderno, cristiani anche modernizzati (nel senso tecnologico dell\u2019espressione) senza per forza di cose dover essere modernisti sul piano filosofico-teologico e socio-politico-economico.<\/p>\n<p style=\"text-align: justify;\"><strong>Ovvero l\u2019<\/strong><em><strong>unicum <\/strong><\/em><strong>di un Paese privo di una religione di Stato ma cristiano <\/strong>pi\u00f9 di molti alti che viceversa conoscono religioni, anche cristiane, di Stato (esempio eminente il Regno Unito); e questo perch\u00e9, fondandosi sulla libert\u00e0 religiosa che non pu\u00f2 mai essere proclamata separatamente dalla verit\u00e0 che \u00e8 Cristo risorto e vivo oggi nella sua unica Chiesa, quel Paese non \u00e8 affatto il frutto di un mondo che positivamente si scristianizza, rigettando &#8211; in Europa avviene da dopo e a causa della Rivoluzione Francese (1789-1815, a voler, correttamente, considerare come parte integrante di essa pure l\u2019&#8221;et\u00e0 napoleonica&#8221;, 1799-1815) &#8211; la forma concreta (pure discutibile, perch\u00e9 no) che la politica cristiana ha assunto sul Vecchio Continente empiricamente &#8211; vale a dire pure contingentemente -, cio\u00e8 le Chiese di Stato. Ma cos\u00ec perch\u00e9 Paese nato da un\u2019ipotesi <em>differente<\/em>.<\/p>\n<p style=\"text-align: justify;\"><strong>Prima che gli europei vi portassero il proprio cristianesimo<\/strong>, negli Stati Uniti non esisteva una Chiesa di Stato di cui poi polemicamente disfarsi. Gli europei cristiani trovarono in America un Paese da evangelizzare dal principio. E quegli evangelizzatori europei sbarcarono sui lidi americani carichi di tutte le proprie virt\u00f9 e pure di tutti i propri peccati, con le loro forze cos\u00ec come con i loro punti deboli. Giunsero cio\u00e8 divisi in Chiese cristiane europee diverse e cos\u00ec, divisi e diversi, presero a evangelizzare.<\/p>\n<p style=\"text-align: justify;\"><strong>Provvidenzialmente &#8211; e assai pragmaticamente<\/strong> -, fu stabilito che non vi dovesse essere alcuna Chiesa di Stato, altrimenti i cattolici, allora minoranza infinitesima, sarebbero stati numericamente schiacciati dai non-cattolici, e per sempre inibiti dalla legge fondamentale del Paese. Questo accadde non certo per fare un favore ai cattolici, ma perch\u00e9, con realismo, i Padri fondatori degli Stati Uniti vollero esplicitamente rispettare quella libert\u00e0 che, da cristiani di varie obbedienze quali erano, riconoscevano intrinseca nell\u2019essere umano, e che per di pi\u00f9 rispettava la frammentazione confessionale del popolo. Anzi, per meglio capire e farsi capire, vietarono anche al potere legislativo di interferire con le Chiese o di preferirne una alle altre.<\/p>\n<p style=\"text-align: justify;\"><strong>Su questo fatto, erroneamente interpretato come relativismo<\/strong>, si \u00e8 cos\u00ec inserita la libert\u00e0 delle Chiese, lanciate da subite in una sfida all\u2019insegna del &#8220;vinca il migliore&#8221; -ovvero la missione. L\u2019esito &#8220;di mercato&#8221; \u00e8 che oggi \u00a0(da tempo) i cattolici costituiscono la maggioranza relativa del Paese, cio\u00e8 la confessione maggioritaria: \u00a0sono meno di tutti gli altri protestanti del Paese messi assieme, ma assieme tutti i protestanti del Paese non ci stanno affatto.<\/p>\n<p style=\"text-align: justify;\"><strong>LE RADICI, L&#8217;ALBERO E I SUOI FRUTTI<\/strong><\/p>\n<p style=\"text-align: justify;\">Negli Stati Uniti, oggi, la battaglia per l\u2019affermazione della morale naturale che anima la dottrina cattolica &#8211; configurando non l\u2019umanesimo migliore, ma l\u2019unico veramente possibile &#8211; si combatte mediante la difesa del diritto che ogni uomo ha di godere della libert\u00e0 religiosa che \u00e8 scolpito a lettere d\u2019oro nella <em>Costituzione <\/em>federale: ebbene, si tratta di un lotta di popolo e di Chiese che conosce un capo, e questi \u00e8 il capo dei vescovi cattolici; cos\u00ec che il protestante &#8220;fondamentalista&#8221; Mike Huckabee, ex governatore dell\u2019Arkansas di fede battista, pu\u00f2 gridare ai quattro venti (cio\u00e8 alla <em>convention <\/em>annuale di quella parte del &#8220;movimento&#8221; conservatore americano che mantiene rapporti organici con la politica, cio\u00e8 di fatto adesso con il Partito Repubblicano): <a href=\"http:\/\/www.lifesitenews.com\/news\/baptist-gov.-mike-huckabee-we-are-all-catholics-now\" target=\"_blank\">\u00abOggi siamo tutti cattolici\u00bb<\/a>. Con il capo dei vescovi cattolici, mons. Timothy M. Dolan, arcivescovo di New York, oggi vero &#8220;capo degli americani&#8221;, che per iscritto<a href=\"http:\/\/www.avvenire.it\/Mondo\/Pagine\/Il-cardinale-dolan-non-al-%C3%A8piano-obama-sull%27aborto-gratis.aspx\" target=\"_blank\"> saluta e ringrazia<\/a>.<\/p>\n<p style=\"text-align: justify;\"><strong>Gli europei divisi e litigiosi che giunsero in America Settentrionale <\/strong>secoli fa si portarono dietro quelle virt\u00f9 e quei difetti da cui sono nati i documenti fondamentali degli Stati Uniti: il <em>Patto del Mayflower<\/em>, la <em>Dichiarazione d\u2019Indipendenza<\/em>, gli <em>Articoli della Confederazione<\/em>, la <em>Costituzione <\/em>federale con i suoi primi Dieci Emendamenti detti <em>Bill of Rights<\/em>, nonch\u00e9 strumenti politologici indispensabili quali <em>Il federalista:<\/em><em> <em>commento alla Costituzione degli Stati Uniti: raccolta di saggi scritti in difesa della Costituzione degli Stati Uniti d&#8217;America approvata il 17 settembre 1787 dalla Convenzione federale<\/em><\/em> (trad. it. con introduzione di Gaspare Ambrosini [1886-1985], e appendici di Guglielmo Negri [1926-200] e Mario D\u2019Addio, Nistri-Lischi, Pisa 1955) &#8211; testi scritti con lo pseudonimo comune di \u00abPublius\u00bb da James Madison (1751-1836), John Jay (1745-1829) e Alexander Hamilton (1755\/1757-1804) &#8211; e, specularmente, <em>Gli antifederalisti. I nemici della centralizzazione in America, 1787-1788 <\/em>(saggio introduttivo e antologia dei testi di Luigi Marco Bassani, a cura di\u00a0Alberto Giordano, IBL Libri, Torino 2011). Documenti ricettori, cio\u00e8, dell\u2019<em>ethos<\/em> americano, di cui pure pongono i limiti.<\/p>\n<p style=\"text-align: justify;\"><strong>Nell\u2019enciclopedia sopra evocata che prima o poi occorrer\u00e0 decidersi a scrivere <\/strong>bisogner\u00e0 illustrare e documentare bene quanto cattolicesimo intrinseco si sono senza sapere portati appresso quegli evangelizzatori europei di fatto appartenenti a Chiese varie: i frutti di quella fatale inconsapevolezza sono infatti oggi tutti &#8220;su piazza&#8221; da contemplare. \u00a0Il &#8220;momento cattolico&#8221; degli Stati Uniti \u00e8 qui e ora, ora e sempre.<\/p>\n","protected":false},"excerpt":{"rendered":"<p>La Bussola quotidiana 31 marzo 2012 Sin da quando, tra la fine egli anni 1940 e la prima degli anni 1950, il conservatorismo ha cominciato a prendere piede nella societ\u00e0 americana, prima come opzione culturale quindi anche come &#8220;movimento&#8221; di popolo capace alla lunga di condizionare pure il mondo politico, la percezione &#8211; pi\u00f9 volte &hellip; <\/p>\n<p><a class=\"more-link btn\" href=\"https:\/\/www.rassegnastampa-totustuus.it\/cattolica\/il-momento-cattolico-negli-stati-uniti\/\">Continua a leggere<\/a><\/p>\n","protected":false},"author":6,"featured_media":29643,"comment_status":"closed","ping_status":"open","sticky":false,"template":"","format":"standard","meta":{"footnotes":""},"categories":[108,76],"tags":[1599,822],"class_list":["post-4994","post","type-post","status-publish","format-standard","has-post-thumbnail","hentry","category-paesi-e-continenti","category-stati-uniti","tag-cattolici","tag-conservatorismo","item-wrap"],"yoast_head":"<!-- This site is optimized with the Yoast SEO plugin v27.5 - https:\/\/yoast.com\/product\/yoast-seo-wordpress\/ -->\n<title>Il &quot;momento cattolico&quot; negli Stati Uniti - Rassegna Stampa Cattolica<\/title>\n<meta name=\"description\" content=\"Rassegna Stampa Cattolica - Per una cultura che nasce dalla Rivelazione cristiana in conformit\u00e0 alla tradizione e al Magistero della Chiesa in opposizione ad ogni relativismo e totalitarismo\" \/>\n<meta name=\"robots\" content=\"index, follow, max-snippet:-1, max-image-preview:large, max-video-preview:-1\" \/>\n<link rel=\"canonical\" href=\"https:\/\/www.rassegnastampa-totustuus.it\/cattolica\/il-momento-cattolico-negli-stati-uniti\/\" \/>\n<meta property=\"og:locale\" content=\"it_IT\" \/>\n<meta property=\"og:type\" content=\"article\" \/>\n<meta property=\"og:title\" content=\"Il &quot;momento cattolico&quot; negli Stati Uniti - Rassegna Stampa Cattolica\" \/>\n<meta property=\"og:description\" content=\"Rassegna Stampa Cattolica - Per una cultura che nasce dalla Rivelazione cristiana in conformit\u00e0 alla tradizione e al Magistero della Chiesa in opposizione ad ogni relativismo e totalitarismo\" \/>\n<meta property=\"og:url\" content=\"https:\/\/www.rassegnastampa-totustuus.it\/cattolica\/il-momento-cattolico-negli-stati-uniti\/\" \/>\n<meta property=\"og:site_name\" content=\"Rassegna Stampa Cattolica\" \/>\n<meta property=\"article:publisher\" content=\"https:\/\/www.facebook.com\/rassegnastampacattolica\" \/>\n<meta property=\"article:published_time\" content=\"2012-04-11T22:00:00+00:00\" \/>\n<meta property=\"article:modified_time\" content=\"2016-01-22T17:34:25+00:00\" \/>\n<meta property=\"og:image\" content=\"https:\/\/www.rassegnastampa-totustuus.it\/cattolica\/wp-content\/uploads\/2012\/04\/Chiesa_Usa.jpg\" \/>\n\t<meta property=\"og:image:width\" content=\"272\" \/>\n\t<meta property=\"og:image:height\" content=\"185\" \/>\n\t<meta property=\"og:image:type\" content=\"image\/jpeg\" \/>\n<meta name=\"author\" content=\"Redazione\" \/>\n<meta name=\"twitter:card\" content=\"summary_large_image\" \/>\n<meta name=\"twitter:creator\" content=\"@rassegnastampa9\" \/>\n<meta name=\"twitter:site\" content=\"@rassegnastampa9\" \/>\n<meta name=\"twitter:label1\" content=\"Scritto da\" \/>\n\t<meta name=\"twitter:data1\" content=\"Redazione\" \/>\n\t<meta name=\"twitter:label2\" content=\"Tempo di lettura stimato\" \/>\n\t<meta name=\"twitter:data2\" content=\"14 minuti\" \/>\n<script type=\"application\/ld+json\" class=\"yoast-schema-graph\">{\"@context\":\"https:\\\/\\\/schema.org\",\"@graph\":[{\"@type\":\"Article\",\"@id\":\"https:\\\/\\\/www.rassegnastampa-totustuus.it\\\/cattolica\\\/il-momento-cattolico-negli-stati-uniti\\\/#article\",\"isPartOf\":{\"@id\":\"https:\\\/\\\/www.rassegnastampa-totustuus.it\\\/cattolica\\\/il-momento-cattolico-negli-stati-uniti\\\/\"},\"author\":{\"name\":\"Redazione\",\"@id\":\"https:\\\/\\\/www.rassegnastampa-totustuus.it\\\/cattolica\\\/#\\\/schema\\\/person\\\/08f319d2bd1a0904ad9e2bfb7b15e5c3\"},\"headline\":\"Il &quot;momento cattolico&quot; negli Stati Uniti\",\"datePublished\":\"2012-04-11T22:00:00+00:00\",\"dateModified\":\"2016-01-22T17:34:25+00:00\",\"mainEntityOfPage\":{\"@id\":\"https:\\\/\\\/www.rassegnastampa-totustuus.it\\\/cattolica\\\/il-momento-cattolico-negli-stati-uniti\\\/\"},\"wordCount\":2744,\"publisher\":{\"@id\":\"https:\\\/\\\/www.rassegnastampa-totustuus.it\\\/cattolica\\\/#organization\"},\"image\":{\"@id\":\"https:\\\/\\\/www.rassegnastampa-totustuus.it\\\/cattolica\\\/il-momento-cattolico-negli-stati-uniti\\\/#primaryimage\"},\"thumbnailUrl\":\"https:\\\/\\\/www.rassegnastampa-totustuus.it\\\/cattolica\\\/wp-content\\\/uploads\\\/2012\\\/04\\\/Chiesa_Usa.jpg\",\"keywords\":[\"cattolici\",\"conservatorismo\"],\"articleSection\":[\"Paesi e continenti\",\"Stati Uniti\"],\"inLanguage\":\"it-IT\"},{\"@type\":\"WebPage\",\"@id\":\"https:\\\/\\\/www.rassegnastampa-totustuus.it\\\/cattolica\\\/il-momento-cattolico-negli-stati-uniti\\\/\",\"url\":\"https:\\\/\\\/www.rassegnastampa-totustuus.it\\\/cattolica\\\/il-momento-cattolico-negli-stati-uniti\\\/\",\"name\":\"Il &quot;momento cattolico&quot; negli Stati Uniti - Rassegna Stampa Cattolica\",\"isPartOf\":{\"@id\":\"https:\\\/\\\/www.rassegnastampa-totustuus.it\\\/cattolica\\\/#website\"},\"primaryImageOfPage\":{\"@id\":\"https:\\\/\\\/www.rassegnastampa-totustuus.it\\\/cattolica\\\/il-momento-cattolico-negli-stati-uniti\\\/#primaryimage\"},\"image\":{\"@id\":\"https:\\\/\\\/www.rassegnastampa-totustuus.it\\\/cattolica\\\/il-momento-cattolico-negli-stati-uniti\\\/#primaryimage\"},\"thumbnailUrl\":\"https:\\\/\\\/www.rassegnastampa-totustuus.it\\\/cattolica\\\/wp-content\\\/uploads\\\/2012\\\/04\\\/Chiesa_Usa.jpg\",\"datePublished\":\"2012-04-11T22:00:00+00:00\",\"dateModified\":\"2016-01-22T17:34:25+00:00\",\"description\":\"Rassegna Stampa Cattolica - Per una cultura che nasce dalla Rivelazione cristiana in conformit\u00e0 alla tradizione e al Magistero della Chiesa in opposizione ad ogni relativismo e totalitarismo\",\"breadcrumb\":{\"@id\":\"https:\\\/\\\/www.rassegnastampa-totustuus.it\\\/cattolica\\\/il-momento-cattolico-negli-stati-uniti\\\/#breadcrumb\"},\"inLanguage\":\"it-IT\",\"potentialAction\":[{\"@type\":\"ReadAction\",\"target\":[\"https:\\\/\\\/www.rassegnastampa-totustuus.it\\\/cattolica\\\/il-momento-cattolico-negli-stati-uniti\\\/\"]}]},{\"@type\":\"ImageObject\",\"inLanguage\":\"it-IT\",\"@id\":\"https:\\\/\\\/www.rassegnastampa-totustuus.it\\\/cattolica\\\/il-momento-cattolico-negli-stati-uniti\\\/#primaryimage\",\"url\":\"https:\\\/\\\/www.rassegnastampa-totustuus.it\\\/cattolica\\\/wp-content\\\/uploads\\\/2012\\\/04\\\/Chiesa_Usa.jpg\",\"contentUrl\":\"https:\\\/\\\/www.rassegnastampa-totustuus.it\\\/cattolica\\\/wp-content\\\/uploads\\\/2012\\\/04\\\/Chiesa_Usa.jpg\",\"width\":272,\"height\":185},{\"@type\":\"BreadcrumbList\",\"@id\":\"https:\\\/\\\/www.rassegnastampa-totustuus.it\\\/cattolica\\\/il-momento-cattolico-negli-stati-uniti\\\/#breadcrumb\",\"itemListElement\":[{\"@type\":\"ListItem\",\"position\":1,\"name\":\"Home\",\"item\":\"https:\\\/\\\/www.rassegnastampa-totustuus.it\\\/cattolica\\\/\"},{\"@type\":\"ListItem\",\"position\":2,\"name\":\"Il &quot;momento cattolico&quot; negli Stati Uniti\"}]},{\"@type\":\"WebSite\",\"@id\":\"https:\\\/\\\/www.rassegnastampa-totustuus.it\\\/cattolica\\\/#website\",\"url\":\"https:\\\/\\\/www.rassegnastampa-totustuus.it\\\/cattolica\\\/\",\"name\":\"Rassegna Stampa Cattolica\",\"description\":\"Per una cultura che nasce dalla Rivelazione cristiana in conformit\u00e0 alla tradizione e al Magistero della Chiesa in opposizione ad ogni relativismo e totalitarismo\",\"publisher\":{\"@id\":\"https:\\\/\\\/www.rassegnastampa-totustuus.it\\\/cattolica\\\/#organization\"},\"alternateName\":\"Rass. Cattolica\",\"potentialAction\":[{\"@type\":\"SearchAction\",\"target\":{\"@type\":\"EntryPoint\",\"urlTemplate\":\"https:\\\/\\\/www.rassegnastampa-totustuus.it\\\/cattolica\\\/?s={search_term_string}\"},\"query-input\":{\"@type\":\"PropertyValueSpecification\",\"valueRequired\":true,\"valueName\":\"search_term_string\"}}],\"inLanguage\":\"it-IT\"},{\"@type\":\"Organization\",\"@id\":\"https:\\\/\\\/www.rassegnastampa-totustuus.it\\\/cattolica\\\/#organization\",\"name\":\"Rassegna Stampa Cattolica\",\"url\":\"https:\\\/\\\/www.rassegnastampa-totustuus.it\\\/cattolica\\\/\",\"logo\":{\"@type\":\"ImageObject\",\"inLanguage\":\"it-IT\",\"@id\":\"https:\\\/\\\/www.rassegnastampa-totustuus.it\\\/cattolica\\\/#\\\/schema\\\/logo\\\/image\\\/\",\"url\":\"https:\\\/\\\/www.rassegnastampa-totustuus.it\\\/cattolica\\\/wp-content\\\/uploads\\\/2014\\\/04\\\/logo-rassegna1.gif\",\"contentUrl\":\"https:\\\/\\\/www.rassegnastampa-totustuus.it\\\/cattolica\\\/wp-content\\\/uploads\\\/2014\\\/04\\\/logo-rassegna1.gif\",\"width\":600,\"height\":163,\"caption\":\"Rassegna Stampa Cattolica\"},\"image\":{\"@id\":\"https:\\\/\\\/www.rassegnastampa-totustuus.it\\\/cattolica\\\/#\\\/schema\\\/logo\\\/image\\\/\"},\"sameAs\":[\"https:\\\/\\\/www.facebook.com\\\/rassegnastampacattolica\",\"https:\\\/\\\/x.com\\\/rassegnastampa9\"]},{\"@type\":\"Person\",\"@id\":\"https:\\\/\\\/www.rassegnastampa-totustuus.it\\\/cattolica\\\/#\\\/schema\\\/person\\\/08f319d2bd1a0904ad9e2bfb7b15e5c3\",\"name\":\"Redazione\",\"image\":{\"@type\":\"ImageObject\",\"inLanguage\":\"it-IT\",\"@id\":\"https:\\\/\\\/secure.gravatar.com\\\/avatar\\\/2fcdf27c78ea025fbdb44e914cc63c72249ffec9dc8aafd5c82b26240ef3f346?s=96&d=mm&r=g\",\"url\":\"https:\\\/\\\/secure.gravatar.com\\\/avatar\\\/2fcdf27c78ea025fbdb44e914cc63c72249ffec9dc8aafd5c82b26240ef3f346?s=96&d=mm&r=g\",\"contentUrl\":\"https:\\\/\\\/secure.gravatar.com\\\/avatar\\\/2fcdf27c78ea025fbdb44e914cc63c72249ffec9dc8aafd5c82b26240ef3f346?s=96&d=mm&r=g\",\"caption\":\"Redazione\"},\"url\":\"https:\\\/\\\/www.rassegnastampa-totustuus.it\\\/cattolica\\\/author\\\/pietroelle\\\/\"}]}<\/script>\n<!-- \/ Yoast SEO plugin. -->","yoast_head_json":{"title":"Il &quot;momento cattolico&quot; negli Stati Uniti - Rassegna Stampa Cattolica","description":"Rassegna Stampa Cattolica - Per una cultura che nasce dalla Rivelazione cristiana in conformit\u00e0 alla tradizione e al Magistero della Chiesa in opposizione ad ogni relativismo e totalitarismo","robots":{"index":"index","follow":"follow","max-snippet":"max-snippet:-1","max-image-preview":"max-image-preview:large","max-video-preview":"max-video-preview:-1"},"canonical":"https:\/\/www.rassegnastampa-totustuus.it\/cattolica\/il-momento-cattolico-negli-stati-uniti\/","og_locale":"it_IT","og_type":"article","og_title":"Il &quot;momento cattolico&quot; negli Stati Uniti - Rassegna Stampa Cattolica","og_description":"Rassegna Stampa Cattolica - Per una cultura che nasce dalla Rivelazione cristiana in conformit\u00e0 alla tradizione e al Magistero della Chiesa in opposizione ad ogni relativismo e totalitarismo","og_url":"https:\/\/www.rassegnastampa-totustuus.it\/cattolica\/il-momento-cattolico-negli-stati-uniti\/","og_site_name":"Rassegna Stampa Cattolica","article_publisher":"https:\/\/www.facebook.com\/rassegnastampacattolica","article_published_time":"2012-04-11T22:00:00+00:00","article_modified_time":"2016-01-22T17:34:25+00:00","og_image":[{"width":272,"height":185,"url":"https:\/\/www.rassegnastampa-totustuus.it\/cattolica\/wp-content\/uploads\/2012\/04\/Chiesa_Usa.jpg","type":"image\/jpeg"}],"author":"Redazione","twitter_card":"summary_large_image","twitter_creator":"@rassegnastampa9","twitter_site":"@rassegnastampa9","twitter_misc":{"Scritto da":"Redazione","Tempo di lettura stimato":"14 minuti"},"schema":{"@context":"https:\/\/schema.org","@graph":[{"@type":"Article","@id":"https:\/\/www.rassegnastampa-totustuus.it\/cattolica\/il-momento-cattolico-negli-stati-uniti\/#article","isPartOf":{"@id":"https:\/\/www.rassegnastampa-totustuus.it\/cattolica\/il-momento-cattolico-negli-stati-uniti\/"},"author":{"name":"Redazione","@id":"https:\/\/www.rassegnastampa-totustuus.it\/cattolica\/#\/schema\/person\/08f319d2bd1a0904ad9e2bfb7b15e5c3"},"headline":"Il &quot;momento cattolico&quot; negli Stati Uniti","datePublished":"2012-04-11T22:00:00+00:00","dateModified":"2016-01-22T17:34:25+00:00","mainEntityOfPage":{"@id":"https:\/\/www.rassegnastampa-totustuus.it\/cattolica\/il-momento-cattolico-negli-stati-uniti\/"},"wordCount":2744,"publisher":{"@id":"https:\/\/www.rassegnastampa-totustuus.it\/cattolica\/#organization"},"image":{"@id":"https:\/\/www.rassegnastampa-totustuus.it\/cattolica\/il-momento-cattolico-negli-stati-uniti\/#primaryimage"},"thumbnailUrl":"https:\/\/www.rassegnastampa-totustuus.it\/cattolica\/wp-content\/uploads\/2012\/04\/Chiesa_Usa.jpg","keywords":["cattolici","conservatorismo"],"articleSection":["Paesi e continenti","Stati Uniti"],"inLanguage":"it-IT"},{"@type":"WebPage","@id":"https:\/\/www.rassegnastampa-totustuus.it\/cattolica\/il-momento-cattolico-negli-stati-uniti\/","url":"https:\/\/www.rassegnastampa-totustuus.it\/cattolica\/il-momento-cattolico-negli-stati-uniti\/","name":"Il &quot;momento cattolico&quot; negli Stati Uniti - Rassegna Stampa Cattolica","isPartOf":{"@id":"https:\/\/www.rassegnastampa-totustuus.it\/cattolica\/#website"},"primaryImageOfPage":{"@id":"https:\/\/www.rassegnastampa-totustuus.it\/cattolica\/il-momento-cattolico-negli-stati-uniti\/#primaryimage"},"image":{"@id":"https:\/\/www.rassegnastampa-totustuus.it\/cattolica\/il-momento-cattolico-negli-stati-uniti\/#primaryimage"},"thumbnailUrl":"https:\/\/www.rassegnastampa-totustuus.it\/cattolica\/wp-content\/uploads\/2012\/04\/Chiesa_Usa.jpg","datePublished":"2012-04-11T22:00:00+00:00","dateModified":"2016-01-22T17:34:25+00:00","description":"Rassegna Stampa Cattolica - Per una cultura che nasce dalla Rivelazione cristiana in conformit\u00e0 alla tradizione e al Magistero della Chiesa in opposizione ad ogni relativismo e totalitarismo","breadcrumb":{"@id":"https:\/\/www.rassegnastampa-totustuus.it\/cattolica\/il-momento-cattolico-negli-stati-uniti\/#breadcrumb"},"inLanguage":"it-IT","potentialAction":[{"@type":"ReadAction","target":["https:\/\/www.rassegnastampa-totustuus.it\/cattolica\/il-momento-cattolico-negli-stati-uniti\/"]}]},{"@type":"ImageObject","inLanguage":"it-IT","@id":"https:\/\/www.rassegnastampa-totustuus.it\/cattolica\/il-momento-cattolico-negli-stati-uniti\/#primaryimage","url":"https:\/\/www.rassegnastampa-totustuus.it\/cattolica\/wp-content\/uploads\/2012\/04\/Chiesa_Usa.jpg","contentUrl":"https:\/\/www.rassegnastampa-totustuus.it\/cattolica\/wp-content\/uploads\/2012\/04\/Chiesa_Usa.jpg","width":272,"height":185},{"@type":"BreadcrumbList","@id":"https:\/\/www.rassegnastampa-totustuus.it\/cattolica\/il-momento-cattolico-negli-stati-uniti\/#breadcrumb","itemListElement":[{"@type":"ListItem","position":1,"name":"Home","item":"https:\/\/www.rassegnastampa-totustuus.it\/cattolica\/"},{"@type":"ListItem","position":2,"name":"Il &quot;momento cattolico&quot; negli Stati Uniti"}]},{"@type":"WebSite","@id":"https:\/\/www.rassegnastampa-totustuus.it\/cattolica\/#website","url":"https:\/\/www.rassegnastampa-totustuus.it\/cattolica\/","name":"Rassegna Stampa Cattolica","description":"Per una cultura che nasce dalla Rivelazione cristiana in conformit\u00e0 alla tradizione e al Magistero della Chiesa in opposizione ad ogni relativismo e totalitarismo","publisher":{"@id":"https:\/\/www.rassegnastampa-totustuus.it\/cattolica\/#organization"},"alternateName":"Rass. Cattolica","potentialAction":[{"@type":"SearchAction","target":{"@type":"EntryPoint","urlTemplate":"https:\/\/www.rassegnastampa-totustuus.it\/cattolica\/?s={search_term_string}"},"query-input":{"@type":"PropertyValueSpecification","valueRequired":true,"valueName":"search_term_string"}}],"inLanguage":"it-IT"},{"@type":"Organization","@id":"https:\/\/www.rassegnastampa-totustuus.it\/cattolica\/#organization","name":"Rassegna Stampa Cattolica","url":"https:\/\/www.rassegnastampa-totustuus.it\/cattolica\/","logo":{"@type":"ImageObject","inLanguage":"it-IT","@id":"https:\/\/www.rassegnastampa-totustuus.it\/cattolica\/#\/schema\/logo\/image\/","url":"https:\/\/www.rassegnastampa-totustuus.it\/cattolica\/wp-content\/uploads\/2014\/04\/logo-rassegna1.gif","contentUrl":"https:\/\/www.rassegnastampa-totustuus.it\/cattolica\/wp-content\/uploads\/2014\/04\/logo-rassegna1.gif","width":600,"height":163,"caption":"Rassegna Stampa Cattolica"},"image":{"@id":"https:\/\/www.rassegnastampa-totustuus.it\/cattolica\/#\/schema\/logo\/image\/"},"sameAs":["https:\/\/www.facebook.com\/rassegnastampacattolica","https:\/\/x.com\/rassegnastampa9"]},{"@type":"Person","@id":"https:\/\/www.rassegnastampa-totustuus.it\/cattolica\/#\/schema\/person\/08f319d2bd1a0904ad9e2bfb7b15e5c3","name":"Redazione","image":{"@type":"ImageObject","inLanguage":"it-IT","@id":"https:\/\/secure.gravatar.com\/avatar\/2fcdf27c78ea025fbdb44e914cc63c72249ffec9dc8aafd5c82b26240ef3f346?s=96&d=mm&r=g","url":"https:\/\/secure.gravatar.com\/avatar\/2fcdf27c78ea025fbdb44e914cc63c72249ffec9dc8aafd5c82b26240ef3f346?s=96&d=mm&r=g","contentUrl":"https:\/\/secure.gravatar.com\/avatar\/2fcdf27c78ea025fbdb44e914cc63c72249ffec9dc8aafd5c82b26240ef3f346?s=96&d=mm&r=g","caption":"Redazione"},"url":"https:\/\/www.rassegnastampa-totustuus.it\/cattolica\/author\/pietroelle\/"}]}},"_links":{"self":[{"href":"https:\/\/www.rassegnastampa-totustuus.it\/cattolica\/wp-json\/wp\/v2\/posts\/4994","targetHints":{"allow":["GET"]}}],"collection":[{"href":"https:\/\/www.rassegnastampa-totustuus.it\/cattolica\/wp-json\/wp\/v2\/posts"}],"about":[{"href":"https:\/\/www.rassegnastampa-totustuus.it\/cattolica\/wp-json\/wp\/v2\/types\/post"}],"author":[{"embeddable":true,"href":"https:\/\/www.rassegnastampa-totustuus.it\/cattolica\/wp-json\/wp\/v2\/users\/6"}],"replies":[{"embeddable":true,"href":"https:\/\/www.rassegnastampa-totustuus.it\/cattolica\/wp-json\/wp\/v2\/comments?post=4994"}],"version-history":[{"count":4,"href":"https:\/\/www.rassegnastampa-totustuus.it\/cattolica\/wp-json\/wp\/v2\/posts\/4994\/revisions"}],"predecessor-version":[{"id":29644,"href":"https:\/\/www.rassegnastampa-totustuus.it\/cattolica\/wp-json\/wp\/v2\/posts\/4994\/revisions\/29644"}],"wp:featuredmedia":[{"embeddable":true,"href":"https:\/\/www.rassegnastampa-totustuus.it\/cattolica\/wp-json\/wp\/v2\/media\/29643"}],"wp:attachment":[{"href":"https:\/\/www.rassegnastampa-totustuus.it\/cattolica\/wp-json\/wp\/v2\/media?parent=4994"}],"wp:term":[{"taxonomy":"category","embeddable":true,"href":"https:\/\/www.rassegnastampa-totustuus.it\/cattolica\/wp-json\/wp\/v2\/categories?post=4994"},{"taxonomy":"post_tag","embeddable":true,"href":"https:\/\/www.rassegnastampa-totustuus.it\/cattolica\/wp-json\/wp\/v2\/tags?post=4994"}],"curies":[{"name":"wp","href":"https:\/\/api.w.org\/{rel}","templated":true}]}}