{"id":49939,"date":"2021-02-11T00:00:18","date_gmt":"2021-02-10T23:00:18","guid":{"rendered":"http:\/\/www.rassegnastampa-totustuus.it\/cattolica\/?p=49939"},"modified":"2021-01-30T20:51:08","modified_gmt":"2021-01-30T19:51:08","slug":"diktat-della-consulta-al-parlamento-su-adozioni-omosex-e-utero-in-affitto","status":"publish","type":"post","link":"https:\/\/www.rassegnastampa-totustuus.it\/cattolica\/diktat-della-consulta-al-parlamento-su-adozioni-omosex-e-utero-in-affitto\/","title":{"rendered":"Diktat della Consulta al Parlamento su adozioni omosex e utero in affitto"},"content":{"rendered":"<p style=\"text-align: center;\"><span style=\"color: #000000;\"><strong><a href=\"https:\/\/www.rassegnastampa-totustuus.it\/cattolica\/wp-content\/uploads\/2016\/02\/utero_affitto.jpg\"><img loading=\"lazy\" decoding=\"async\" class=\"size-full wp-image-30166 alignleft\" src=\"https:\/\/www.rassegnastampa-totustuus.it\/cattolica\/wp-content\/uploads\/2016\/02\/utero_affitto.jpg\" alt=\"\" width=\"293\" height=\"172\" \/><\/a>La Verit\u00e0<\/strong> 30 gennaio 2021 <\/span><\/p>\n<p style=\"text-align: justify;\"><span style=\"color: #000000;\"><em>Due sentenze chiedono riconoscimenti per i figli \u00abcomprati\u00bb e le \u00abdoppie\u00bb mamme, pur confermando il no alla surrogazione <\/em><\/span><\/p>\n<p style=\"text-align: center;\"><span style=\"color: #000000;\">di <strong>Francesco Borgonovo<\/strong><\/span><\/p>\n<p><!--more--><\/p>\n<p style=\"text-align: justify;\"><span style=\"color: #000000;\">\u00a0La tecnica <em>\u00e8 <\/em>nota: l&#8217;hanno teorizzata nei libri e nelle assemblee e, da tempo, ormai la applicano con costanza e determinazione. Visto che, passando dal Parlamento &#8211; cio\u00e8 da rappresentanti dei cittadini regolarmente eletti &#8211; \u00e8 difficile imporre i \u00abdiritti arcobaleno\u00bb, allora si tenta di aggirare le Camere e di prendere la via pi\u00f9 breve: quella dei tribunali. Che siano i giudici a concretizzare ci\u00f2 che le normali procedure democratiche tardano aconcedere.<\/span><\/p>\n<p style=\"text-align: justify;\"><span style=\"color: #000000;\"><a href=\"https:\/\/www.rassegnastampa-totustuus.it\/cattolica\/wp-content\/uploads\/2017\/05\/Gay_Lgbt-1.jpg\"><img loading=\"lazy\" decoding=\"async\" class=\" wp-image-37671 alignright\" src=\"https:\/\/www.rassegnastampa-totustuus.it\/cattolica\/wp-content\/uploads\/2017\/05\/Gay_Lgbt-1.jpg\" alt=\"\" width=\"292\" height=\"207\" \/><\/a>Esistono associazioni Lgbt come Rete Lenford che si occupano proprio di questo: di condurre la battaglia nelle aule di giustizia, ricorso dopo ricorso. Non sempre le iniziative vanno a buon fine. Ma talvolta gli attivisti ottengono risultati importanti: la pressione porta frutti, anche perch\u00e9 il clima ideologico \u00e8 decisamente favorevole alle istanze <em>rainbow. <\/em>Lo dimostrano le due sentenze della Corte costituzionale rese note l&#8217;altro ieri sera che risultano sorprendenti nei contenuti e, soprattutto, nei toni. <\/span><\/p>\n<p style=\"text-align: justify;\"><span style=\"color: #000000;\">La Consulta si \u00e8 trovata a esaminare due diversi casi, entrambi riguardanti i cosiddetti \u00abfigli arcobaleno\u00bb. Bambini concepiti all&#8217;estero da coppie omosessuali grazie a tecniche che in Italia sono vietate, ovvero l&#8217;utero in affitto e la procreazione assistita eterologa.<\/span><\/p>\n<p style=\"text-align: justify;\"><span style=\"color: #000000;\"><a href=\"https:\/\/www.rassegnastampa-totustuus.it\/cattolica\/wp-content\/uploads\/2012\/10\/adozioni_gay.jpg\"><img loading=\"lazy\" decoding=\"async\" class=\" wp-image-35756 alignleft\" src=\"https:\/\/www.rassegnastampa-totustuus.it\/cattolica\/wp-content\/uploads\/2012\/10\/adozioni_gay.jpg\" alt=\"\" width=\"284\" height=\"218\" \/><\/a>Il primo procedimento aveva come protagonisti due uomini uniti civilmente, i quali hanno fatto ricorso alla tecnica della maternit\u00e0 surrogata, hanno avuto figli e hanno chiesto di vedere riconosciuto anche in Italia lo <em>status<\/em> di genitori ottenuto all&#8217;estero. La Corte di Cassazione ha rimbalzato le richiesta, cosi la pratica \u00e8 finita alla Corte costituzionale. <\/span><\/p>\n<p style=\"text-align: justify;\"><span style=\"color: #000000;\">Quest&#8217;ultima ha ritenuto inammissibile la richiesta, per\u00f2 nella sentenza, ha aggiunto un passaggio fondamentale: \u00abLa Corte\u00bb, si legge nel comunicato stampa ufficiale, &#8220;fermo restando il divieto penalmente sanzionato di maternit\u00e0 surrogala. ha ritenuto che l&#8217;attuale quadro giuridico non assicuri piena tutela agli interessi del bambino nato con questa tecnica. Poich\u00e9, a questo fine, sono prospettabili differenti soluzioni, le Corte ha ritenuto, allo stato, di non poter intervenire, nel doveroso rispetto della discrezionalit\u00e0 legislativa, ma ha anche affermato la necessit\u00e0 di un intervento del legislatore<\/span><\/p>\n<p style=\"text-align: justify;\"><span style=\"color: #000000;\"> <a href=\"https:\/\/www.rassegnastampa-totustuus.it\/cattolica\/wp-content\/uploads\/2013\/11\/adozioni_gay.jpg\"><img loading=\"lazy\" decoding=\"async\" class=\" wp-image-7195 alignright\" src=\"https:\/\/www.rassegnastampa-totustuus.it\/cattolica\/wp-content\/uploads\/2013\/11\/adozioni_gay.jpg\" alt=\"\" width=\"321\" height=\"229\" \/><\/a>Le motivazioni della sentenza saranno rese note prossimamente ma gi\u00e0 ora sorge pi\u00f9 di una perplessit\u00e0. Per prima cosa, non si capisce come potrebbero mai coesistere il \u00abdivieto penalmente sanzionato, posto all&#8217;utero in affitto\u00bb e una \u00abpiena tutela degli interessi del bambino\u00bb nato grazie a questa pratica. Non ci sono altre possibilit\u00e0: concedere alle coppie gay di riconoscere i figli nati all&#8217;estero significa, nei fatti, aprire le porte alla maternit\u00e0 surrogata. Sarebbe, in sostanza, una gigantesca ipocrisia: l&#8217;utero in affitto rimarrebbe reato ma si concederebbe a gay (ed etero) di ricorrervi fuori da confini.<\/span><\/p>\n<p style=\"text-align: justify;\"><span style=\"color: #000000;\">Ma il passaggio pi\u00f9 stupefacente del comunicato della Consulta \u00e8 quello che contiene un pressante invito al Parlamento affinch\u00e9 legiferi sui \u00abfigli arcobaleno\u00bb. Non si tratta di un\u2019indicazione neutra: la Corte prima dice che i bambini delle coppie Lgbt meritano maggior tutela, poi invita caldamente a fare una legge. In pratica, sta spingendo affinch\u00e9 il Parlamento dia il via libera al riconoscimento.<\/span><\/p>\n<p style=\"text-align: justify;\"><span style=\"color: #000000;\"><a href=\"https:\/\/www.rassegnastampa-totustuus.it\/cattolica\/wp-content\/uploads\/2009\/05\/magistratura.jpg\"><img loading=\"lazy\" decoding=\"async\" class=\" wp-image-29786 alignleft\" src=\"https:\/\/www.rassegnastampa-totustuus.it\/cattolica\/wp-content\/uploads\/2009\/05\/magistratura.jpg\" alt=\"\" width=\"338\" height=\"203\" \/><\/a>Nella seconde sentenza emessa dalla Consulta, tale invito si fa ancora pi\u00f9 forte. In questo caso, al centro della vicenda c&#8217;\u00e8 una coppia di donne che, sempre all&#8217;estero, ha fatto ricorso alla fecondazione eterologa. Nello specifico, la situazione \u00e8 estremamente complicata<em>,\u00a0<\/em>visto che nella coppia si presenta una -situazione conflittuale- che ha reso \u00abimpraticabile il ricorso all\u2019\u00abadozione non legittimante\u00bb. <\/span><\/p>\n<p style=\"text-align: justify;\"><span style=\"color: #000000;\">Da un certo punto di <em>vista, <\/em>questa storia mostra chiaramente a quali assurdit\u00e0 burocratiche possa condurre l&#8217;ideologia. Abbiamo due donne; una \u00e8 la madre naturale di due gemelle, l&#8217;altra \u00e8 la cosiddetta \u00abmadre intenzionale, cio\u00e8 quella che avrebbe -condiviso fin dall&#8217;inizio- il progetto di maternit\u00e0 e dunque, secondo alcuni tribunali, avrebbe diritto a essere riconosciuta come madre anche se non ha alcun legame biologico con le bambine. <\/span><\/p>\n<p style=\"text-align: justify;\"><span style=\"color: #000000;\"><a href=\"https:\/\/www.rassegnastampa-totustuus.it\/cattolica\/wp-content\/uploads\/2015\/10\/adozioni-gay1.jpg\"><img loading=\"lazy\" decoding=\"async\" class=\" wp-image-27005 alignright\" src=\"https:\/\/www.rassegnastampa-totustuus.it\/cattolica\/wp-content\/uploads\/2015\/10\/adozioni-gay1.jpg\" alt=\"\" width=\"309\" height=\"207\" \/><\/a>Peccato che le due \u00abmamme\u00bb abbiano litigato e ora la madre biologica non permette alla \u00abmadre intenzionale\u00bb di esercitare l\u2019\u00abadozione in casi particolari\u00bb cio\u00e8 lo strumento con cui, fino ad oggi, si \u00e8 concesso agli omosessuali di diventare a tutti gli effetti genitori Una delle due donne, dunque, non pu\u00f2 essere in alcun modo definita madre, ma gli attivisti \u00abarcobaleno\u00bb cercano in tutti i modi di farle attribuire quel ruolo.<\/span><\/p>\n<p style=\"text-align: justify;\"><span style=\"color: #000000;\">La Consulta, di fronte a questa situazione ingarbugliata, ha scelto di non intervenire. Ma, di nuovo ha \u00abrivolto un forte monito al legislatore affinch\u00e9 individui urgentemente le forme pi\u00f9 idonee di tutela dei minori, anche alla luce delle fonti internazionali ed europee [che gi\u00e0 sono favorevoli a tale prassi: n.d.r.]. Dunque \u00e8 un ulteriore e sentito appello al Parlamento affinch\u00e9 produca una legge che leg\u00ecttimi l\u2019esistenza delle due \u00abmamme\u00bb.<\/span><\/p>\n<p style=\"text-align: justify;\"><span style=\"color: #000000;\"><a href=\"https:\/\/www.rassegnastampa-totustuus.it\/cattolica\/wp-content\/uploads\/2015\/04\/Cirinn\u00e0.jpg\"><img loading=\"lazy\" decoding=\"async\" class=\"size-medium wp-image-22508 alignleft\" src=\"https:\/\/www.rassegnastampa-totustuus.it\/cattolica\/wp-content\/uploads\/2015\/04\/Cirinn\u00e0-300x160.jpg\" alt=\"\" width=\"300\" height=\"160\" srcset=\"https:\/\/www.rassegnastampa-totustuus.it\/cattolica\/wp-content\/uploads\/2015\/04\/Cirinn\u00e0-300x160.jpg 300w, https:\/\/www.rassegnastampa-totustuus.it\/cattolica\/wp-content\/uploads\/2015\/04\/Cirinn\u00e0.jpg 307w\" sizes=\"auto, (max-width: 300px) 100vw, 300px\" \/><\/a>Non acaso, i portabandiera della causa Lgbt festeggiane, a partire da Monica Cirinn\u00e0, responsabile diritti del Pd. A suo dire, la presa di posizione della Consulta \u00e8 -importante- ed \u00e8 necessario e urgente dare una risposta e piena tutela alle bambine e ai bambini delle famiglie arcobaleno. E a farlo deve essere il legislatore. <\/span><\/p>\n<p style=\"text-align: justify;\"><span style=\"color: #000000;\">Ancora una volta &#8211; dichiara la Cirinn\u00e0 &#8211; la Corte mette in mora il Parlamento: \u00ab<em>leggo le parole d\u00ec monito della Corte e avverto forte la responsabilit\u00e0: come dico spesso, la politica non pu\u00f2 ostinarsi a decidere di non decidere. Con coraggio, \u00e8 davvero il momento di aprire una discussione seria, efficace, non ideologica per arrivare a una soluzione giuridica sulla base delle due sen\u00adtenze della Corte, che aspetto di leggere. Quei che \u00e8 certo, \u00e8 che sui diritti non si pu\u00f2 aspettare<\/em>\u00bb.<\/span><\/p>\n<p style=\"text-align: justify;\"><span style=\"color: #000000;\"><a href=\"https:\/\/www.rassegnastampa-totustuus.it\/cattolica\/wp-content\/uploads\/2015\/03\/utero_affitto.jpg\"><img loading=\"lazy\" decoding=\"async\" class=\" wp-image-21183 alignright\" src=\"https:\/\/www.rassegnastampa-totustuus.it\/cattolica\/wp-content\/uploads\/2015\/03\/utero_affitto.jpg\" alt=\"\" width=\"208\" height=\"208\" srcset=\"https:\/\/www.rassegnastampa-totustuus.it\/cattolica\/wp-content\/uploads\/2015\/03\/utero_affitto.jpg 160w, https:\/\/www.rassegnastampa-totustuus.it\/cattolica\/wp-content\/uploads\/2015\/03\/utero_affitto-150x150.jpg 150w\" sizes=\"auto, (max-width: 208px) 100vw, 208px\" \/><\/a>Davvero strepitoso: adesso i sostenitori dei \u00abdiritti Lgbt\u00bb (che diritti non sono, specie quando coinvolgono altre vite) hanno un robusto appiglio a cui agganciarsi per portare avanti le loro istanze. Con la scusa di \u00abtutelare i bambini\u00bb, si fa un altro passo avanti verso lo sdoganamento dell&#8217;utero in affitto, della fecondazione eterologa e della genitorialit\u00e0 artif\u00ecciale. E dato che i rappresentanti del popolo sono troppo lenti a calare le braghe, vengono caldamente invitati dall&#8217;alto a darsi una mossa. Messaggio ricevuto: se la democrazia non consente l&#8217;applicazione dei diktat, conviene scavalcarla.<\/span><\/p>\n","protected":false},"excerpt":{"rendered":"<p>La Verit\u00e0 30 gennaio 2021 Due sentenze chiedono riconoscimenti per i figli \u00abcomprati\u00bb e le \u00abdoppie\u00bb mamme, pur confermando il no alla surrogazione di Francesco Borgonovo<\/p><p><a class=\"more-link btn\" href=\"https:\/\/www.rassegnastampa-totustuus.it\/cattolica\/diktat-della-consulta-al-parlamento-su-adozioni-omosex-e-utero-in-affitto\/\">Continua a leggere<\/a><\/p>\n","protected":false},"author":6,"featured_media":43175,"comment_status":"closed","ping_status":"closed","sticky":false,"template":"","format":"standard","meta":{"footnotes":""},"categories":[4,125],"tags":[602,2388,437,307],"class_list":["post-49939","post","type-post","status-publish","format-standard","has-post-thumbnail","hentry","category-bioetica","category-ideologia-del-gender","tag-adozioni-gay","tag-bioetica","tag-ideologia-del-gender-2","tag-utero-in-affitto","item-wrap"],"yoast_head":"<!-- This site is optimized with the Yoast SEO plugin v27.5 - https:\/\/yoast.com\/product\/yoast-seo-wordpress\/ -->\n<title>Diktat della Consulta al Parlamento su adozioni omosex e utero in affitto - Rassegna Stampa Cattolica<\/title>\n<meta name=\"description\" content=\"Rassegna Stampa Cattolica - Per una cultura che nasce dalla Rivelazione cristiana in conformit\u00e0 alla tradizione e al Magistero della Chiesa in opposizione ad ogni relativismo e totalitarismo\" \/>\n<meta name=\"robots\" content=\"index, follow, max-snippet:-1, max-image-preview:large, max-video-preview:-1\" \/>\n<link rel=\"canonical\" href=\"https:\/\/www.rassegnastampa-totustuus.it\/cattolica\/diktat-della-consulta-al-parlamento-su-adozioni-omosex-e-utero-in-affitto\/\" \/>\n<meta property=\"og:locale\" content=\"it_IT\" \/>\n<meta property=\"og:type\" content=\"article\" \/>\n<meta property=\"og:title\" content=\"Diktat della Consulta al Parlamento su adozioni omosex e utero in affitto - Rassegna Stampa Cattolica\" \/>\n<meta property=\"og:description\" content=\"Rassegna Stampa Cattolica - Per una cultura che nasce dalla Rivelazione cristiana in conformit\u00e0 alla tradizione e al Magistero della Chiesa in opposizione ad ogni relativismo e totalitarismo\" \/>\n<meta property=\"og:url\" content=\"https:\/\/www.rassegnastampa-totustuus.it\/cattolica\/diktat-della-consulta-al-parlamento-su-adozioni-omosex-e-utero-in-affitto\/\" \/>\n<meta property=\"og:site_name\" content=\"Rassegna Stampa Cattolica\" \/>\n<meta property=\"article:publisher\" content=\"https:\/\/www.facebook.com\/rassegnastampacattolica\" \/>\n<meta property=\"article:published_time\" content=\"2021-02-10T23:00:18+00:00\" \/>\n<meta property=\"og:image\" content=\"https:\/\/www.rassegnastampa-totustuus.it\/cattolica\/wp-content\/uploads\/2019\/06\/utero_affitto.jpg\" \/>\n\t<meta property=\"og:image:width\" content=\"1920\" \/>\n\t<meta property=\"og:image:height\" content=\"850\" \/>\n\t<meta property=\"og:image:type\" content=\"image\/jpeg\" \/>\n<meta name=\"author\" content=\"Redazione\" \/>\n<meta name=\"twitter:card\" content=\"summary_large_image\" \/>\n<meta name=\"twitter:creator\" content=\"@rassegnastampa9\" \/>\n<meta name=\"twitter:site\" content=\"@rassegnastampa9\" \/>\n<meta name=\"twitter:label1\" content=\"Scritto da\" \/>\n\t<meta name=\"twitter:data1\" content=\"Redazione\" \/>\n\t<meta name=\"twitter:label2\" content=\"Tempo di lettura stimato\" \/>\n\t<meta name=\"twitter:data2\" content=\"5 minuti\" \/>\n<script type=\"application\/ld+json\" class=\"yoast-schema-graph\">{\"@context\":\"https:\\\/\\\/schema.org\",\"@graph\":[{\"@type\":\"Article\",\"@id\":\"https:\\\/\\\/www.rassegnastampa-totustuus.it\\\/cattolica\\\/diktat-della-consulta-al-parlamento-su-adozioni-omosex-e-utero-in-affitto\\\/#article\",\"isPartOf\":{\"@id\":\"https:\\\/\\\/www.rassegnastampa-totustuus.it\\\/cattolica\\\/diktat-della-consulta-al-parlamento-su-adozioni-omosex-e-utero-in-affitto\\\/\"},\"author\":{\"name\":\"Redazione\",\"@id\":\"https:\\\/\\\/www.rassegnastampa-totustuus.it\\\/cattolica\\\/#\\\/schema\\\/person\\\/08f319d2bd1a0904ad9e2bfb7b15e5c3\"},\"headline\":\"Diktat della Consulta al Parlamento su adozioni omosex e utero in affitto\",\"datePublished\":\"2021-02-10T23:00:18+00:00\",\"mainEntityOfPage\":{\"@id\":\"https:\\\/\\\/www.rassegnastampa-totustuus.it\\\/cattolica\\\/diktat-della-consulta-al-parlamento-su-adozioni-omosex-e-utero-in-affitto\\\/\"},\"wordCount\":1018,\"publisher\":{\"@id\":\"https:\\\/\\\/www.rassegnastampa-totustuus.it\\\/cattolica\\\/#organization\"},\"image\":{\"@id\":\"https:\\\/\\\/www.rassegnastampa-totustuus.it\\\/cattolica\\\/diktat-della-consulta-al-parlamento-su-adozioni-omosex-e-utero-in-affitto\\\/#primaryimage\"},\"thumbnailUrl\":\"https:\\\/\\\/www.rassegnastampa-totustuus.it\\\/cattolica\\\/wp-content\\\/uploads\\\/2019\\\/06\\\/utero_affitto.jpg\",\"keywords\":[\"adozioni gay\",\"Bioetica\",\"ideologia del gender\",\"utero in affitto\"],\"articleSection\":[\"Bioetica\",\"Ideologia del gender\"],\"inLanguage\":\"it-IT\"},{\"@type\":\"WebPage\",\"@id\":\"https:\\\/\\\/www.rassegnastampa-totustuus.it\\\/cattolica\\\/diktat-della-consulta-al-parlamento-su-adozioni-omosex-e-utero-in-affitto\\\/\",\"url\":\"https:\\\/\\\/www.rassegnastampa-totustuus.it\\\/cattolica\\\/diktat-della-consulta-al-parlamento-su-adozioni-omosex-e-utero-in-affitto\\\/\",\"name\":\"Diktat della Consulta al Parlamento su adozioni omosex e utero in affitto - Rassegna Stampa Cattolica\",\"isPartOf\":{\"@id\":\"https:\\\/\\\/www.rassegnastampa-totustuus.it\\\/cattolica\\\/#website\"},\"primaryImageOfPage\":{\"@id\":\"https:\\\/\\\/www.rassegnastampa-totustuus.it\\\/cattolica\\\/diktat-della-consulta-al-parlamento-su-adozioni-omosex-e-utero-in-affitto\\\/#primaryimage\"},\"image\":{\"@id\":\"https:\\\/\\\/www.rassegnastampa-totustuus.it\\\/cattolica\\\/diktat-della-consulta-al-parlamento-su-adozioni-omosex-e-utero-in-affitto\\\/#primaryimage\"},\"thumbnailUrl\":\"https:\\\/\\\/www.rassegnastampa-totustuus.it\\\/cattolica\\\/wp-content\\\/uploads\\\/2019\\\/06\\\/utero_affitto.jpg\",\"datePublished\":\"2021-02-10T23:00:18+00:00\",\"description\":\"Rassegna Stampa Cattolica - Per una cultura che nasce dalla Rivelazione cristiana in conformit\u00e0 alla tradizione e al Magistero della Chiesa in opposizione ad ogni relativismo e totalitarismo\",\"breadcrumb\":{\"@id\":\"https:\\\/\\\/www.rassegnastampa-totustuus.it\\\/cattolica\\\/diktat-della-consulta-al-parlamento-su-adozioni-omosex-e-utero-in-affitto\\\/#breadcrumb\"},\"inLanguage\":\"it-IT\",\"potentialAction\":[{\"@type\":\"ReadAction\",\"target\":[\"https:\\\/\\\/www.rassegnastampa-totustuus.it\\\/cattolica\\\/diktat-della-consulta-al-parlamento-su-adozioni-omosex-e-utero-in-affitto\\\/\"]}]},{\"@type\":\"ImageObject\",\"inLanguage\":\"it-IT\",\"@id\":\"https:\\\/\\\/www.rassegnastampa-totustuus.it\\\/cattolica\\\/diktat-della-consulta-al-parlamento-su-adozioni-omosex-e-utero-in-affitto\\\/#primaryimage\",\"url\":\"https:\\\/\\\/www.rassegnastampa-totustuus.it\\\/cattolica\\\/wp-content\\\/uploads\\\/2019\\\/06\\\/utero_affitto.jpg\",\"contentUrl\":\"https:\\\/\\\/www.rassegnastampa-totustuus.it\\\/cattolica\\\/wp-content\\\/uploads\\\/2019\\\/06\\\/utero_affitto.jpg\",\"width\":1920,\"height\":850},{\"@type\":\"BreadcrumbList\",\"@id\":\"https:\\\/\\\/www.rassegnastampa-totustuus.it\\\/cattolica\\\/diktat-della-consulta-al-parlamento-su-adozioni-omosex-e-utero-in-affitto\\\/#breadcrumb\",\"itemListElement\":[{\"@type\":\"ListItem\",\"position\":1,\"name\":\"Home\",\"item\":\"https:\\\/\\\/www.rassegnastampa-totustuus.it\\\/cattolica\\\/\"},{\"@type\":\"ListItem\",\"position\":2,\"name\":\"Diktat della Consulta al Parlamento su adozioni omosex e utero in affitto\"}]},{\"@type\":\"WebSite\",\"@id\":\"https:\\\/\\\/www.rassegnastampa-totustuus.it\\\/cattolica\\\/#website\",\"url\":\"https:\\\/\\\/www.rassegnastampa-totustuus.it\\\/cattolica\\\/\",\"name\":\"Rassegna Stampa Cattolica\",\"description\":\"Per una cultura che nasce dalla Rivelazione cristiana in conformit\u00e0 alla tradizione e al Magistero della Chiesa in opposizione ad ogni relativismo e totalitarismo\",\"publisher\":{\"@id\":\"https:\\\/\\\/www.rassegnastampa-totustuus.it\\\/cattolica\\\/#organization\"},\"alternateName\":\"Rass. Cattolica\",\"potentialAction\":[{\"@type\":\"SearchAction\",\"target\":{\"@type\":\"EntryPoint\",\"urlTemplate\":\"https:\\\/\\\/www.rassegnastampa-totustuus.it\\\/cattolica\\\/?s={search_term_string}\"},\"query-input\":{\"@type\":\"PropertyValueSpecification\",\"valueRequired\":true,\"valueName\":\"search_term_string\"}}],\"inLanguage\":\"it-IT\"},{\"@type\":\"Organization\",\"@id\":\"https:\\\/\\\/www.rassegnastampa-totustuus.it\\\/cattolica\\\/#organization\",\"name\":\"Rassegna Stampa Cattolica\",\"url\":\"https:\\\/\\\/www.rassegnastampa-totustuus.it\\\/cattolica\\\/\",\"logo\":{\"@type\":\"ImageObject\",\"inLanguage\":\"it-IT\",\"@id\":\"https:\\\/\\\/www.rassegnastampa-totustuus.it\\\/cattolica\\\/#\\\/schema\\\/logo\\\/image\\\/\",\"url\":\"https:\\\/\\\/www.rassegnastampa-totustuus.it\\\/cattolica\\\/wp-content\\\/uploads\\\/2014\\\/04\\\/logo-rassegna1.gif\",\"contentUrl\":\"https:\\\/\\\/www.rassegnastampa-totustuus.it\\\/cattolica\\\/wp-content\\\/uploads\\\/2014\\\/04\\\/logo-rassegna1.gif\",\"width\":600,\"height\":163,\"caption\":\"Rassegna Stampa Cattolica\"},\"image\":{\"@id\":\"https:\\\/\\\/www.rassegnastampa-totustuus.it\\\/cattolica\\\/#\\\/schema\\\/logo\\\/image\\\/\"},\"sameAs\":[\"https:\\\/\\\/www.facebook.com\\\/rassegnastampacattolica\",\"https:\\\/\\\/x.com\\\/rassegnastampa9\"]},{\"@type\":\"Person\",\"@id\":\"https:\\\/\\\/www.rassegnastampa-totustuus.it\\\/cattolica\\\/#\\\/schema\\\/person\\\/08f319d2bd1a0904ad9e2bfb7b15e5c3\",\"name\":\"Redazione\",\"image\":{\"@type\":\"ImageObject\",\"inLanguage\":\"it-IT\",\"@id\":\"https:\\\/\\\/secure.gravatar.com\\\/avatar\\\/2fcdf27c78ea025fbdb44e914cc63c72249ffec9dc8aafd5c82b26240ef3f346?s=96&d=mm&r=g\",\"url\":\"https:\\\/\\\/secure.gravatar.com\\\/avatar\\\/2fcdf27c78ea025fbdb44e914cc63c72249ffec9dc8aafd5c82b26240ef3f346?s=96&d=mm&r=g\",\"contentUrl\":\"https:\\\/\\\/secure.gravatar.com\\\/avatar\\\/2fcdf27c78ea025fbdb44e914cc63c72249ffec9dc8aafd5c82b26240ef3f346?s=96&d=mm&r=g\",\"caption\":\"Redazione\"},\"url\":\"https:\\\/\\\/www.rassegnastampa-totustuus.it\\\/cattolica\\\/author\\\/pietroelle\\\/\"}]}<\/script>\n<!-- \/ Yoast SEO plugin. -->","yoast_head_json":{"title":"Diktat della Consulta al Parlamento su adozioni omosex e utero in affitto - Rassegna Stampa Cattolica","description":"Rassegna Stampa Cattolica - Per una cultura che nasce dalla Rivelazione cristiana in conformit\u00e0 alla tradizione e al Magistero della Chiesa in opposizione ad ogni relativismo e totalitarismo","robots":{"index":"index","follow":"follow","max-snippet":"max-snippet:-1","max-image-preview":"max-image-preview:large","max-video-preview":"max-video-preview:-1"},"canonical":"https:\/\/www.rassegnastampa-totustuus.it\/cattolica\/diktat-della-consulta-al-parlamento-su-adozioni-omosex-e-utero-in-affitto\/","og_locale":"it_IT","og_type":"article","og_title":"Diktat della Consulta al Parlamento su adozioni omosex e utero in affitto - Rassegna Stampa Cattolica","og_description":"Rassegna Stampa Cattolica - Per una cultura che nasce dalla Rivelazione cristiana in conformit\u00e0 alla tradizione e al Magistero della Chiesa in opposizione ad ogni relativismo e totalitarismo","og_url":"https:\/\/www.rassegnastampa-totustuus.it\/cattolica\/diktat-della-consulta-al-parlamento-su-adozioni-omosex-e-utero-in-affitto\/","og_site_name":"Rassegna Stampa Cattolica","article_publisher":"https:\/\/www.facebook.com\/rassegnastampacattolica","article_published_time":"2021-02-10T23:00:18+00:00","og_image":[{"width":1920,"height":850,"url":"https:\/\/www.rassegnastampa-totustuus.it\/cattolica\/wp-content\/uploads\/2019\/06\/utero_affitto.jpg","type":"image\/jpeg"}],"author":"Redazione","twitter_card":"summary_large_image","twitter_creator":"@rassegnastampa9","twitter_site":"@rassegnastampa9","twitter_misc":{"Scritto da":"Redazione","Tempo di lettura stimato":"5 minuti"},"schema":{"@context":"https:\/\/schema.org","@graph":[{"@type":"Article","@id":"https:\/\/www.rassegnastampa-totustuus.it\/cattolica\/diktat-della-consulta-al-parlamento-su-adozioni-omosex-e-utero-in-affitto\/#article","isPartOf":{"@id":"https:\/\/www.rassegnastampa-totustuus.it\/cattolica\/diktat-della-consulta-al-parlamento-su-adozioni-omosex-e-utero-in-affitto\/"},"author":{"name":"Redazione","@id":"https:\/\/www.rassegnastampa-totustuus.it\/cattolica\/#\/schema\/person\/08f319d2bd1a0904ad9e2bfb7b15e5c3"},"headline":"Diktat della Consulta al Parlamento su adozioni omosex e utero in affitto","datePublished":"2021-02-10T23:00:18+00:00","mainEntityOfPage":{"@id":"https:\/\/www.rassegnastampa-totustuus.it\/cattolica\/diktat-della-consulta-al-parlamento-su-adozioni-omosex-e-utero-in-affitto\/"},"wordCount":1018,"publisher":{"@id":"https:\/\/www.rassegnastampa-totustuus.it\/cattolica\/#organization"},"image":{"@id":"https:\/\/www.rassegnastampa-totustuus.it\/cattolica\/diktat-della-consulta-al-parlamento-su-adozioni-omosex-e-utero-in-affitto\/#primaryimage"},"thumbnailUrl":"https:\/\/www.rassegnastampa-totustuus.it\/cattolica\/wp-content\/uploads\/2019\/06\/utero_affitto.jpg","keywords":["adozioni gay","Bioetica","ideologia del gender","utero in affitto"],"articleSection":["Bioetica","Ideologia del gender"],"inLanguage":"it-IT"},{"@type":"WebPage","@id":"https:\/\/www.rassegnastampa-totustuus.it\/cattolica\/diktat-della-consulta-al-parlamento-su-adozioni-omosex-e-utero-in-affitto\/","url":"https:\/\/www.rassegnastampa-totustuus.it\/cattolica\/diktat-della-consulta-al-parlamento-su-adozioni-omosex-e-utero-in-affitto\/","name":"Diktat della Consulta al Parlamento su adozioni omosex e utero in affitto - Rassegna Stampa Cattolica","isPartOf":{"@id":"https:\/\/www.rassegnastampa-totustuus.it\/cattolica\/#website"},"primaryImageOfPage":{"@id":"https:\/\/www.rassegnastampa-totustuus.it\/cattolica\/diktat-della-consulta-al-parlamento-su-adozioni-omosex-e-utero-in-affitto\/#primaryimage"},"image":{"@id":"https:\/\/www.rassegnastampa-totustuus.it\/cattolica\/diktat-della-consulta-al-parlamento-su-adozioni-omosex-e-utero-in-affitto\/#primaryimage"},"thumbnailUrl":"https:\/\/www.rassegnastampa-totustuus.it\/cattolica\/wp-content\/uploads\/2019\/06\/utero_affitto.jpg","datePublished":"2021-02-10T23:00:18+00:00","description":"Rassegna Stampa Cattolica - Per una cultura che nasce dalla Rivelazione cristiana in conformit\u00e0 alla tradizione e al Magistero della Chiesa in opposizione ad ogni relativismo e totalitarismo","breadcrumb":{"@id":"https:\/\/www.rassegnastampa-totustuus.it\/cattolica\/diktat-della-consulta-al-parlamento-su-adozioni-omosex-e-utero-in-affitto\/#breadcrumb"},"inLanguage":"it-IT","potentialAction":[{"@type":"ReadAction","target":["https:\/\/www.rassegnastampa-totustuus.it\/cattolica\/diktat-della-consulta-al-parlamento-su-adozioni-omosex-e-utero-in-affitto\/"]}]},{"@type":"ImageObject","inLanguage":"it-IT","@id":"https:\/\/www.rassegnastampa-totustuus.it\/cattolica\/diktat-della-consulta-al-parlamento-su-adozioni-omosex-e-utero-in-affitto\/#primaryimage","url":"https:\/\/www.rassegnastampa-totustuus.it\/cattolica\/wp-content\/uploads\/2019\/06\/utero_affitto.jpg","contentUrl":"https:\/\/www.rassegnastampa-totustuus.it\/cattolica\/wp-content\/uploads\/2019\/06\/utero_affitto.jpg","width":1920,"height":850},{"@type":"BreadcrumbList","@id":"https:\/\/www.rassegnastampa-totustuus.it\/cattolica\/diktat-della-consulta-al-parlamento-su-adozioni-omosex-e-utero-in-affitto\/#breadcrumb","itemListElement":[{"@type":"ListItem","position":1,"name":"Home","item":"https:\/\/www.rassegnastampa-totustuus.it\/cattolica\/"},{"@type":"ListItem","position":2,"name":"Diktat della Consulta al Parlamento su adozioni omosex e utero in affitto"}]},{"@type":"WebSite","@id":"https:\/\/www.rassegnastampa-totustuus.it\/cattolica\/#website","url":"https:\/\/www.rassegnastampa-totustuus.it\/cattolica\/","name":"Rassegna Stampa Cattolica","description":"Per una cultura che nasce dalla Rivelazione cristiana in conformit\u00e0 alla tradizione e al Magistero della Chiesa in opposizione ad ogni relativismo e totalitarismo","publisher":{"@id":"https:\/\/www.rassegnastampa-totustuus.it\/cattolica\/#organization"},"alternateName":"Rass. Cattolica","potentialAction":[{"@type":"SearchAction","target":{"@type":"EntryPoint","urlTemplate":"https:\/\/www.rassegnastampa-totustuus.it\/cattolica\/?s={search_term_string}"},"query-input":{"@type":"PropertyValueSpecification","valueRequired":true,"valueName":"search_term_string"}}],"inLanguage":"it-IT"},{"@type":"Organization","@id":"https:\/\/www.rassegnastampa-totustuus.it\/cattolica\/#organization","name":"Rassegna Stampa Cattolica","url":"https:\/\/www.rassegnastampa-totustuus.it\/cattolica\/","logo":{"@type":"ImageObject","inLanguage":"it-IT","@id":"https:\/\/www.rassegnastampa-totustuus.it\/cattolica\/#\/schema\/logo\/image\/","url":"https:\/\/www.rassegnastampa-totustuus.it\/cattolica\/wp-content\/uploads\/2014\/04\/logo-rassegna1.gif","contentUrl":"https:\/\/www.rassegnastampa-totustuus.it\/cattolica\/wp-content\/uploads\/2014\/04\/logo-rassegna1.gif","width":600,"height":163,"caption":"Rassegna Stampa Cattolica"},"image":{"@id":"https:\/\/www.rassegnastampa-totustuus.it\/cattolica\/#\/schema\/logo\/image\/"},"sameAs":["https:\/\/www.facebook.com\/rassegnastampacattolica","https:\/\/x.com\/rassegnastampa9"]},{"@type":"Person","@id":"https:\/\/www.rassegnastampa-totustuus.it\/cattolica\/#\/schema\/person\/08f319d2bd1a0904ad9e2bfb7b15e5c3","name":"Redazione","image":{"@type":"ImageObject","inLanguage":"it-IT","@id":"https:\/\/secure.gravatar.com\/avatar\/2fcdf27c78ea025fbdb44e914cc63c72249ffec9dc8aafd5c82b26240ef3f346?s=96&d=mm&r=g","url":"https:\/\/secure.gravatar.com\/avatar\/2fcdf27c78ea025fbdb44e914cc63c72249ffec9dc8aafd5c82b26240ef3f346?s=96&d=mm&r=g","contentUrl":"https:\/\/secure.gravatar.com\/avatar\/2fcdf27c78ea025fbdb44e914cc63c72249ffec9dc8aafd5c82b26240ef3f346?s=96&d=mm&r=g","caption":"Redazione"},"url":"https:\/\/www.rassegnastampa-totustuus.it\/cattolica\/author\/pietroelle\/"}]}},"_links":{"self":[{"href":"https:\/\/www.rassegnastampa-totustuus.it\/cattolica\/wp-json\/wp\/v2\/posts\/49939","targetHints":{"allow":["GET"]}}],"collection":[{"href":"https:\/\/www.rassegnastampa-totustuus.it\/cattolica\/wp-json\/wp\/v2\/posts"}],"about":[{"href":"https:\/\/www.rassegnastampa-totustuus.it\/cattolica\/wp-json\/wp\/v2\/types\/post"}],"author":[{"embeddable":true,"href":"https:\/\/www.rassegnastampa-totustuus.it\/cattolica\/wp-json\/wp\/v2\/users\/6"}],"replies":[{"embeddable":true,"href":"https:\/\/www.rassegnastampa-totustuus.it\/cattolica\/wp-json\/wp\/v2\/comments?post=49939"}],"version-history":[{"count":1,"href":"https:\/\/www.rassegnastampa-totustuus.it\/cattolica\/wp-json\/wp\/v2\/posts\/49939\/revisions"}],"predecessor-version":[{"id":49940,"href":"https:\/\/www.rassegnastampa-totustuus.it\/cattolica\/wp-json\/wp\/v2\/posts\/49939\/revisions\/49940"}],"wp:featuredmedia":[{"embeddable":true,"href":"https:\/\/www.rassegnastampa-totustuus.it\/cattolica\/wp-json\/wp\/v2\/media\/43175"}],"wp:attachment":[{"href":"https:\/\/www.rassegnastampa-totustuus.it\/cattolica\/wp-json\/wp\/v2\/media?parent=49939"}],"wp:term":[{"taxonomy":"category","embeddable":true,"href":"https:\/\/www.rassegnastampa-totustuus.it\/cattolica\/wp-json\/wp\/v2\/categories?post=49939"},{"taxonomy":"post_tag","embeddable":true,"href":"https:\/\/www.rassegnastampa-totustuus.it\/cattolica\/wp-json\/wp\/v2\/tags?post=49939"}],"curies":[{"name":"wp","href":"https:\/\/api.w.org\/{rel}","templated":true}]}}