{"id":49897,"date":"2021-02-04T00:00:17","date_gmt":"2021-02-03T23:00:17","guid":{"rendered":"http:\/\/www.rassegnastampa-totustuus.it\/cattolica\/?p=49897"},"modified":"2021-01-27T17:53:39","modified_gmt":"2021-01-27T16:53:39","slug":"la-cultura-nemica-della-famiglia-che-ci-spinge-nel-baratro-demografico","status":"publish","type":"post","link":"https:\/\/www.rassegnastampa-totustuus.it\/cattolica\/la-cultura-nemica-della-famiglia-che-ci-spinge-nel-baratro-demografico\/","title":{"rendered":"La cultura nemica della famiglia che ci spinge nel baratro demografico"},"content":{"rendered":"<p style=\"text-align: center;\"><span style=\"color: #000000;\"><strong><a href=\"https:\/\/www.rassegnastampa-totustuus.it\/cattolica\/wp-content\/uploads\/2009\/03\/culle-vuote.jpg\"><img loading=\"lazy\" decoding=\"async\" class=\" wp-image-18062 alignright\" src=\"https:\/\/www.rassegnastampa-totustuus.it\/cattolica\/wp-content\/uploads\/2009\/03\/culle-vuote-300x200.jpg\" alt=\"\" width=\"317\" height=\"211\" srcset=\"https:\/\/www.rassegnastampa-totustuus.it\/cattolica\/wp-content\/uploads\/2009\/03\/culle-vuote-300x200.jpg 300w, https:\/\/www.rassegnastampa-totustuus.it\/cattolica\/wp-content\/uploads\/2009\/03\/culle-vuote.jpg 350w\" sizes=\"auto, (max-width: 317px) 100vw, 317px\" \/><\/a>Tempi <\/strong>14 gennaio 2021<strong> \u00a0<\/strong><\/span><\/p>\n<p style=\"text-align: justify;\"><span style=\"color: #000000;\"><em>Esistono forze politiche e ideologiche che spingono verso la decostruzione dell\u2019umano, come spiega il sociologo Donati. Ma una via d\u2019uscita esiste <\/em><\/span><\/p>\n<p style=\"text-align: center;\"><span style=\"color: #000000;\">di<strong> Marco Invernizzi \u00a0<\/strong><\/span><\/p>\n<p><!--more--><\/p>\n<p style=\"text-align: justify;\"><span style=\"color: #000000;\">Per capire quale sia lo stato di salute della famiglia oggi in Italia si pu\u00f2 cominciare dai<\/span> <span style=\"color: #0000ff;\"><strong><a style=\"color: #0000ff;\" href=\"https:\/\/www.istat.it\/it\/archivio\/245466\" target=\"_blank\" rel=\"noreferrer noopener\">numeri Istat<\/a><\/strong>.<\/span> <span style=\"color: #000000;\">Al 31 dicembre 2019 la popolazione residente \u00e8 inferiore di quasi 189 mila unit\u00e0 (188.721) rispetto all\u2019inizio dello stesso anno. Il persistente declino avviatosi nel 2015 ha portato a una diminuzione di quasi 551 mila residenti in 5 anni. Si registra un nuovo minimo storico di nascite dall\u2019unit\u00e0 d\u2019Italia, un lieve aumento dei decessi e pi\u00f9 cancellazioni anagrafiche per l\u2019estero. Il numero di cittadini stranieri che arrivano nel nostro paese \u00e8 in calo (-8,6 per cento), mentre prosegue l\u2019aumento dell\u2019emigrazione di cittadini italiani (+8,1). <\/span><\/p>\n<p style=\"text-align: justify;\"><span style=\"color: #000000;\"><a href=\"https:\/\/www.rassegnastampa-totustuus.it\/cattolica\/wp-content\/uploads\/2010\/06\/anziani.jpg\"><img loading=\"lazy\" decoding=\"async\" class=\" wp-image-21088 alignleft\" src=\"https:\/\/www.rassegnastampa-totustuus.it\/cattolica\/wp-content\/uploads\/2010\/06\/anziani.jpg\" alt=\"\" width=\"341\" height=\"227\" \/><\/a>Il calo di popolazione \u00e8 da ascrivere ai cittadini italiani, che a fine 2019 ammontano a 54 milioni 938 mila unit\u00e0, 236 mila in meno dall\u2019inizio dell\u2019anno e circa 844 mila in meno in 5 anni. Nello stesso periodo, al contrario, la popolazione residente di cittadinanza straniera \u00e8 aumentata di oltre 292 mila unit\u00e0 attenuando in tal modo la flessione del dato complessivo. Il ritmo di incremento si va tuttavia affievolendo: al 31 dicembre 2019 sono 5.306.548 i cittadini stranieri iscritti in anagrafe, l\u20198,8 per cento del totale dei residenti, con un aumento, rispetto all\u2019inizio dell\u2019anno, di sole 47 mila unit\u00e0 (+0,9 per cento). <\/span><\/p>\n<p style=\"text-align: justify;\"><span style=\"color: #000000;\"><strong>Obiettivo: abbattere le distinzioni <\/strong><\/span><\/p>\n<p style=\"text-align: justify;\"><span style=\"color: #000000;\">Il quadro \u00e8 desolante e preoccupante, ma lo sapevamo. A partire dal 1976, dopo il baby boom raggiunto nel 1964, il paese \u00e8 sempre rimasto sotto la linea del rimpiazzo dei morti con i nuovi nati. Ma quello che preoccupa di pi\u00f9 \u00e8 che cosa potrebbe succedere nei prossimi anni, se continuasse l\u2019attuale percorso di decostruzione della famiglia unito al tremendo inverno demografico: il<\/span> <span style=\"color: #0000ff;\"><strong><em><a style=\"color: #0000ff;\" href=\"https:\/\/www.sanpaolostore.it\/famiglia-nella-societa-post-familiare-9788892222540.aspx?Referral=sito_cisf\" target=\"_blank\" rel=\"noreferrer noopener\">Rapporto 2020<\/a><\/em><\/strong><\/span> <span style=\"color: #000000;\">del Centro internazionale studi famiglia (Cisf) parla di \u00absociet\u00e0 post familiare\u00bb (edizioni San Paolo). <\/span><\/p>\n<p style=\"text-align: justify;\"><span style=\"color: #000000;\"><a href=\"https:\/\/www.rassegnastampa-totustuus.it\/cattolica\/wp-content\/uploads\/2013\/11\/adozioni_gay.jpg\"><img loading=\"lazy\" decoding=\"async\" class=\" wp-image-7195 alignright\" src=\"https:\/\/www.rassegnastampa-totustuus.it\/cattolica\/wp-content\/uploads\/2013\/11\/adozioni_gay.jpg\" alt=\"\" width=\"331\" height=\"237\" \/><\/a>A questo futuro prossimo ha dedicato profonde riflessioni il sociologo<\/span> <span style=\"color: #0000ff;\"><strong><a style=\"color: #0000ff;\" href=\"https:\/\/www.tempi.it\/si-la-famiglia-ha-dei-nemici-e-riconoscerlo-vuol-dire-agire\/\" target=\"_blank\" rel=\"noreferrer noopener\">Pierpaolo Donati<\/a><\/strong> <\/span><span style=\"color: #000000;\">in un saggio dello stesso Rapporto Cisf. Lo scenario descritto \u00e8 quello di un allontanamento della famiglia dalla natura, in seguito alla duplice pressione di una cultura libertaria che si sposa con le innovazioni tecnologiche. Allontanarsi dalla natura vuol dire decostruire un modello di famiglia fondato sulla distinzione uomo-donna e aperto alla trasmissione della vita e costruirne un altro radicalmente diverso, che Donati definisce<\/span> <span style=\"color: #0000ff;\"><strong><a style=\"color: #0000ff;\" href=\"https:\/\/www.tempi.it\/il-superuomo-o-luomo-nuovo-ecologia-dellumano\/\" target=\"_blank\" rel=\"noreferrer noopener\">transumano<\/a><\/strong> <\/span><span style=\"color: #000000;\">o post umano, che va oltre l\u2019umano. <\/span><\/p>\n<p style=\"text-align: justify;\"><span style=\"color: #000000;\">Esistono forze politiche e ideologiche che spingono in questa direzione, con intellettuali in carne e ossa, che Donati analizza nel suo scritto. Costoro spingono \u00abverso la fine di ogni distinzione\u00bb perch\u00e9 distinguere significherebbe separare, mentre la realt\u00e0 sarebbe una \u00abtotalit\u00e0 intrinseca\u00bb. La negazione della differenza \u00abviene vista come la chiave per la transizione verso un mondo post umano\u00bb, scrive Donati. Siamo di fronte a una lotta rivoluzionaria contro ogni distinzione e quindi all\u2019abbandono di \u00abquella visione di civilt\u00e0 che ha considerato l\u2019essere umano \u2013 e le sue relazioni \u2013 come essere unico, proprio per le distinzioni che lo caratterizzano\u00bb <\/span><\/p>\n<p style=\"text-align: justify;\"><span style=\"color: #000000;\"><strong>La confusione non \u00e8 progresso <\/strong><\/span><\/p>\n<p style=\"text-align: justify;\"><span style=\"color: #000000;\"><a href=\"https:\/\/www.rassegnastampa-totustuus.it\/cattolica\/wp-content\/uploads\/2011\/10\/transumano.jpg\"><img loading=\"lazy\" decoding=\"async\" class=\" wp-image-23185 alignleft\" src=\"https:\/\/www.rassegnastampa-totustuus.it\/cattolica\/wp-content\/uploads\/2011\/10\/transumano.jpg\" alt=\"\" width=\"308\" height=\"247\" \/><\/a>Nel pensiero unico oggi dominante si tende a cancellare ogni distinzione, da quelle nazionali a quelle personali e persino sessuali. Dietro, a volte, c\u2019\u00e8 la legittima preoccupazione che il mondo non ritorni a essere preda dei nazionalismi che portarono allo spaventoso 1914. Ma, come scrive Francesco nella\u00a0<em>Fratelli tutti<\/em>, \u00abla soluzione non \u00e8 un\u2019apertura che rinuncia al proprio tesoro. (\u2026) Ciascuno ama e cura con speciale responsabilit\u00e0 la propria terra e si preoccupa per il proprio paese, cos\u00ec come ciascuno deve amare e curare la propria casa perch\u00e9 non crolli, dato che non lo faranno i vicini\u00bb (n. 143). <\/span><\/p>\n<p style=\"text-align: justify;\"><span style=\"color: #000000;\">\u00abCon-fondere tutto non \u00e8 un segno di progresso\u00bb, conclude Donati. Esiste una via d\u2019uscita? Secondo Donati, \u00abl\u2019alternativa alla famiglia post umana esiste ed \u00e8 quella che possiamo chiamare \u201cfamiglia relazionale\u201d, nella quale le relazioni fra uomini e donne, cos\u00ec come fra generazioni, sono caratterizzate dalla fiducia, cooperazione e reciprocit\u00e0 come progetto riflessivo di vita\u00bb. <\/span><\/p>\n<p style=\"text-align: justify;\"><span style=\"color: #000000;\"><a href=\"https:\/\/www.rassegnastampa-totustuus.it\/cattolica\/wp-content\/uploads\/2005\/09\/famiglia.jpg\"><img loading=\"lazy\" decoding=\"async\" class=\" wp-image-35951 alignright\" src=\"https:\/\/www.rassegnastampa-totustuus.it\/cattolica\/wp-content\/uploads\/2005\/09\/famiglia.jpg\" alt=\"\" width=\"324\" height=\"227\" \/><\/a>Bisogna che ogni uomo faccia lo sforzo di amare gli altri come ama se stesso. Si possono enunciare tante teorie ma in fondo sono gli uomini che cambiando se stessi cambiano l\u2019indirizzo della storia, \u00abnella consapevolezza che solo certe relazioni, quelle del genoma naturale specifico della famiglia, possono assicurare l\u2019identit\u00e0 umana, sessuata e generazionale di ciascuno, nella sinergia delle differenze\u00bb. Le quali non sono il problema, ma la risorsa da valorizzare.<\/span><\/p>\n","protected":false},"excerpt":{"rendered":"<p>Tempi 14 gennaio 2021 \u00a0 Esistono forze politiche e ideologiche che spingono verso la decostruzione dell\u2019umano, come spiega il sociologo Donati. Ma una via d\u2019uscita esiste di Marco Invernizzi \u00a0<\/p><p><a class=\"more-link btn\" href=\"https:\/\/www.rassegnastampa-totustuus.it\/cattolica\/la-cultura-nemica-della-famiglia-che-ci-spinge-nel-baratro-demografico\/\">Continua a leggere<\/a><\/p>\n","protected":false},"author":6,"featured_media":44775,"comment_status":"closed","ping_status":"closed","sticky":false,"template":"","format":"standard","meta":{"footnotes":""},"categories":[9,15],"tags":[217,156],"class_list":["post-49897","post","type-post","status-publish","format-standard","has-post-thumbnail","hentry","category-demografia","category-famiglia","tag-demografia-2","tag-famiglia-2","item-wrap"],"yoast_head":"<!-- This site is optimized with the Yoast SEO plugin v27.5 - https:\/\/yoast.com\/product\/yoast-seo-wordpress\/ -->\n<title>La cultura nemica della famiglia che ci spinge nel baratro demografico - Rassegna Stampa Cattolica<\/title>\n<meta name=\"description\" content=\"Rassegna Stampa Cattolica - Per una cultura che nasce dalla Rivelazione cristiana in conformit\u00e0 alla tradizione e al Magistero della Chiesa in opposizione ad ogni relativismo e totalitarismo\" \/>\n<meta name=\"robots\" content=\"index, follow, max-snippet:-1, max-image-preview:large, max-video-preview:-1\" \/>\n<link rel=\"canonical\" href=\"https:\/\/www.rassegnastampa-totustuus.it\/cattolica\/la-cultura-nemica-della-famiglia-che-ci-spinge-nel-baratro-demografico\/\" \/>\n<meta property=\"og:locale\" content=\"it_IT\" \/>\n<meta property=\"og:type\" content=\"article\" \/>\n<meta property=\"og:title\" content=\"La cultura nemica della famiglia che ci spinge nel baratro demografico - Rassegna Stampa Cattolica\" \/>\n<meta property=\"og:description\" content=\"Rassegna Stampa Cattolica - Per una cultura che nasce dalla Rivelazione cristiana in conformit\u00e0 alla tradizione e al Magistero della Chiesa in opposizione ad ogni relativismo e totalitarismo\" \/>\n<meta property=\"og:url\" content=\"https:\/\/www.rassegnastampa-totustuus.it\/cattolica\/la-cultura-nemica-della-famiglia-che-ci-spinge-nel-baratro-demografico\/\" \/>\n<meta property=\"og:site_name\" content=\"Rassegna Stampa Cattolica\" \/>\n<meta property=\"article:publisher\" content=\"https:\/\/www.facebook.com\/rassegnastampacattolica\" \/>\n<meta property=\"article:published_time\" content=\"2021-02-03T23:00:17+00:00\" \/>\n<meta property=\"og:image\" content=\"https:\/\/www.rassegnastampa-totustuus.it\/cattolica\/wp-content\/uploads\/2019\/10\/culle_demografia-bambini.jpg\" \/>\n\t<meta property=\"og:image:width\" content=\"2816\" \/>\n\t<meta property=\"og:image:height\" content=\"1880\" \/>\n\t<meta property=\"og:image:type\" content=\"image\/jpeg\" \/>\n<meta name=\"author\" content=\"Redazione\" \/>\n<meta name=\"twitter:card\" content=\"summary_large_image\" \/>\n<meta name=\"twitter:creator\" content=\"@rassegnastampa9\" \/>\n<meta name=\"twitter:site\" content=\"@rassegnastampa9\" \/>\n<meta name=\"twitter:label1\" content=\"Scritto da\" \/>\n\t<meta name=\"twitter:data1\" content=\"Redazione\" \/>\n\t<meta name=\"twitter:label2\" content=\"Tempo di lettura stimato\" \/>\n\t<meta name=\"twitter:data2\" content=\"4 minuti\" \/>\n<script type=\"application\/ld+json\" class=\"yoast-schema-graph\">{\"@context\":\"https:\\\/\\\/schema.org\",\"@graph\":[{\"@type\":\"Article\",\"@id\":\"https:\\\/\\\/www.rassegnastampa-totustuus.it\\\/cattolica\\\/la-cultura-nemica-della-famiglia-che-ci-spinge-nel-baratro-demografico\\\/#article\",\"isPartOf\":{\"@id\":\"https:\\\/\\\/www.rassegnastampa-totustuus.it\\\/cattolica\\\/la-cultura-nemica-della-famiglia-che-ci-spinge-nel-baratro-demografico\\\/\"},\"author\":{\"name\":\"Redazione\",\"@id\":\"https:\\\/\\\/www.rassegnastampa-totustuus.it\\\/cattolica\\\/#\\\/schema\\\/person\\\/08f319d2bd1a0904ad9e2bfb7b15e5c3\"},\"headline\":\"La cultura nemica della famiglia che ci spinge nel baratro demografico\",\"datePublished\":\"2021-02-03T23:00:17+00:00\",\"mainEntityOfPage\":{\"@id\":\"https:\\\/\\\/www.rassegnastampa-totustuus.it\\\/cattolica\\\/la-cultura-nemica-della-famiglia-che-ci-spinge-nel-baratro-demografico\\\/\"},\"wordCount\":721,\"publisher\":{\"@id\":\"https:\\\/\\\/www.rassegnastampa-totustuus.it\\\/cattolica\\\/#organization\"},\"image\":{\"@id\":\"https:\\\/\\\/www.rassegnastampa-totustuus.it\\\/cattolica\\\/la-cultura-nemica-della-famiglia-che-ci-spinge-nel-baratro-demografico\\\/#primaryimage\"},\"thumbnailUrl\":\"https:\\\/\\\/www.rassegnastampa-totustuus.it\\\/cattolica\\\/wp-content\\\/uploads\\\/2019\\\/10\\\/culle_demografia-bambini.jpg\",\"keywords\":[\"demografia\",\"famiglia\"],\"articleSection\":[\"Demografia\",\"Famiglia\"],\"inLanguage\":\"it-IT\"},{\"@type\":\"WebPage\",\"@id\":\"https:\\\/\\\/www.rassegnastampa-totustuus.it\\\/cattolica\\\/la-cultura-nemica-della-famiglia-che-ci-spinge-nel-baratro-demografico\\\/\",\"url\":\"https:\\\/\\\/www.rassegnastampa-totustuus.it\\\/cattolica\\\/la-cultura-nemica-della-famiglia-che-ci-spinge-nel-baratro-demografico\\\/\",\"name\":\"La cultura nemica della famiglia che ci spinge nel baratro demografico - Rassegna Stampa Cattolica\",\"isPartOf\":{\"@id\":\"https:\\\/\\\/www.rassegnastampa-totustuus.it\\\/cattolica\\\/#website\"},\"primaryImageOfPage\":{\"@id\":\"https:\\\/\\\/www.rassegnastampa-totustuus.it\\\/cattolica\\\/la-cultura-nemica-della-famiglia-che-ci-spinge-nel-baratro-demografico\\\/#primaryimage\"},\"image\":{\"@id\":\"https:\\\/\\\/www.rassegnastampa-totustuus.it\\\/cattolica\\\/la-cultura-nemica-della-famiglia-che-ci-spinge-nel-baratro-demografico\\\/#primaryimage\"},\"thumbnailUrl\":\"https:\\\/\\\/www.rassegnastampa-totustuus.it\\\/cattolica\\\/wp-content\\\/uploads\\\/2019\\\/10\\\/culle_demografia-bambini.jpg\",\"datePublished\":\"2021-02-03T23:00:17+00:00\",\"description\":\"Rassegna Stampa Cattolica - Per una cultura che nasce dalla Rivelazione cristiana in conformit\u00e0 alla tradizione e al Magistero della Chiesa in opposizione ad ogni relativismo e totalitarismo\",\"breadcrumb\":{\"@id\":\"https:\\\/\\\/www.rassegnastampa-totustuus.it\\\/cattolica\\\/la-cultura-nemica-della-famiglia-che-ci-spinge-nel-baratro-demografico\\\/#breadcrumb\"},\"inLanguage\":\"it-IT\",\"potentialAction\":[{\"@type\":\"ReadAction\",\"target\":[\"https:\\\/\\\/www.rassegnastampa-totustuus.it\\\/cattolica\\\/la-cultura-nemica-della-famiglia-che-ci-spinge-nel-baratro-demografico\\\/\"]}]},{\"@type\":\"ImageObject\",\"inLanguage\":\"it-IT\",\"@id\":\"https:\\\/\\\/www.rassegnastampa-totustuus.it\\\/cattolica\\\/la-cultura-nemica-della-famiglia-che-ci-spinge-nel-baratro-demografico\\\/#primaryimage\",\"url\":\"https:\\\/\\\/www.rassegnastampa-totustuus.it\\\/cattolica\\\/wp-content\\\/uploads\\\/2019\\\/10\\\/culle_demografia-bambini.jpg\",\"contentUrl\":\"https:\\\/\\\/www.rassegnastampa-totustuus.it\\\/cattolica\\\/wp-content\\\/uploads\\\/2019\\\/10\\\/culle_demografia-bambini.jpg\",\"width\":2816,\"height\":1880,\"caption\":\"MILANO ARCHIVIO REGIONE BONUS BEBE OSPEDALE NEONATOLOGIA NEONATI PUERPERIOE NEONATI NASCITE - FOTO NEWPRESS\"},{\"@type\":\"BreadcrumbList\",\"@id\":\"https:\\\/\\\/www.rassegnastampa-totustuus.it\\\/cattolica\\\/la-cultura-nemica-della-famiglia-che-ci-spinge-nel-baratro-demografico\\\/#breadcrumb\",\"itemListElement\":[{\"@type\":\"ListItem\",\"position\":1,\"name\":\"Home\",\"item\":\"https:\\\/\\\/www.rassegnastampa-totustuus.it\\\/cattolica\\\/\"},{\"@type\":\"ListItem\",\"position\":2,\"name\":\"La cultura nemica della famiglia che ci spinge nel baratro demografico\"}]},{\"@type\":\"WebSite\",\"@id\":\"https:\\\/\\\/www.rassegnastampa-totustuus.it\\\/cattolica\\\/#website\",\"url\":\"https:\\\/\\\/www.rassegnastampa-totustuus.it\\\/cattolica\\\/\",\"name\":\"Rassegna Stampa Cattolica\",\"description\":\"Per una cultura che nasce dalla Rivelazione cristiana in conformit\u00e0 alla tradizione e al Magistero della Chiesa in opposizione ad ogni relativismo e totalitarismo\",\"publisher\":{\"@id\":\"https:\\\/\\\/www.rassegnastampa-totustuus.it\\\/cattolica\\\/#organization\"},\"alternateName\":\"Rass. Cattolica\",\"potentialAction\":[{\"@type\":\"SearchAction\",\"target\":{\"@type\":\"EntryPoint\",\"urlTemplate\":\"https:\\\/\\\/www.rassegnastampa-totustuus.it\\\/cattolica\\\/?s={search_term_string}\"},\"query-input\":{\"@type\":\"PropertyValueSpecification\",\"valueRequired\":true,\"valueName\":\"search_term_string\"}}],\"inLanguage\":\"it-IT\"},{\"@type\":\"Organization\",\"@id\":\"https:\\\/\\\/www.rassegnastampa-totustuus.it\\\/cattolica\\\/#organization\",\"name\":\"Rassegna Stampa Cattolica\",\"url\":\"https:\\\/\\\/www.rassegnastampa-totustuus.it\\\/cattolica\\\/\",\"logo\":{\"@type\":\"ImageObject\",\"inLanguage\":\"it-IT\",\"@id\":\"https:\\\/\\\/www.rassegnastampa-totustuus.it\\\/cattolica\\\/#\\\/schema\\\/logo\\\/image\\\/\",\"url\":\"https:\\\/\\\/www.rassegnastampa-totustuus.it\\\/cattolica\\\/wp-content\\\/uploads\\\/2014\\\/04\\\/logo-rassegna1.gif\",\"contentUrl\":\"https:\\\/\\\/www.rassegnastampa-totustuus.it\\\/cattolica\\\/wp-content\\\/uploads\\\/2014\\\/04\\\/logo-rassegna1.gif\",\"width\":600,\"height\":163,\"caption\":\"Rassegna Stampa Cattolica\"},\"image\":{\"@id\":\"https:\\\/\\\/www.rassegnastampa-totustuus.it\\\/cattolica\\\/#\\\/schema\\\/logo\\\/image\\\/\"},\"sameAs\":[\"https:\\\/\\\/www.facebook.com\\\/rassegnastampacattolica\",\"https:\\\/\\\/x.com\\\/rassegnastampa9\"]},{\"@type\":\"Person\",\"@id\":\"https:\\\/\\\/www.rassegnastampa-totustuus.it\\\/cattolica\\\/#\\\/schema\\\/person\\\/08f319d2bd1a0904ad9e2bfb7b15e5c3\",\"name\":\"Redazione\",\"image\":{\"@type\":\"ImageObject\",\"inLanguage\":\"it-IT\",\"@id\":\"https:\\\/\\\/secure.gravatar.com\\\/avatar\\\/2fcdf27c78ea025fbdb44e914cc63c72249ffec9dc8aafd5c82b26240ef3f346?s=96&d=mm&r=g\",\"url\":\"https:\\\/\\\/secure.gravatar.com\\\/avatar\\\/2fcdf27c78ea025fbdb44e914cc63c72249ffec9dc8aafd5c82b26240ef3f346?s=96&d=mm&r=g\",\"contentUrl\":\"https:\\\/\\\/secure.gravatar.com\\\/avatar\\\/2fcdf27c78ea025fbdb44e914cc63c72249ffec9dc8aafd5c82b26240ef3f346?s=96&d=mm&r=g\",\"caption\":\"Redazione\"},\"url\":\"https:\\\/\\\/www.rassegnastampa-totustuus.it\\\/cattolica\\\/author\\\/pietroelle\\\/\"}]}<\/script>\n<!-- \/ Yoast SEO plugin. -->","yoast_head_json":{"title":"La cultura nemica della famiglia che ci spinge nel baratro demografico - Rassegna Stampa Cattolica","description":"Rassegna Stampa Cattolica - Per una cultura che nasce dalla Rivelazione cristiana in conformit\u00e0 alla tradizione e al Magistero della Chiesa in opposizione ad ogni relativismo e totalitarismo","robots":{"index":"index","follow":"follow","max-snippet":"max-snippet:-1","max-image-preview":"max-image-preview:large","max-video-preview":"max-video-preview:-1"},"canonical":"https:\/\/www.rassegnastampa-totustuus.it\/cattolica\/la-cultura-nemica-della-famiglia-che-ci-spinge-nel-baratro-demografico\/","og_locale":"it_IT","og_type":"article","og_title":"La cultura nemica della famiglia che ci spinge nel baratro demografico - Rassegna Stampa Cattolica","og_description":"Rassegna Stampa Cattolica - Per una cultura che nasce dalla Rivelazione cristiana in conformit\u00e0 alla tradizione e al Magistero della Chiesa in opposizione ad ogni relativismo e totalitarismo","og_url":"https:\/\/www.rassegnastampa-totustuus.it\/cattolica\/la-cultura-nemica-della-famiglia-che-ci-spinge-nel-baratro-demografico\/","og_site_name":"Rassegna Stampa Cattolica","article_publisher":"https:\/\/www.facebook.com\/rassegnastampacattolica","article_published_time":"2021-02-03T23:00:17+00:00","og_image":[{"width":2816,"height":1880,"url":"https:\/\/www.rassegnastampa-totustuus.it\/cattolica\/wp-content\/uploads\/2019\/10\/culle_demografia-bambini.jpg","type":"image\/jpeg"}],"author":"Redazione","twitter_card":"summary_large_image","twitter_creator":"@rassegnastampa9","twitter_site":"@rassegnastampa9","twitter_misc":{"Scritto da":"Redazione","Tempo di lettura stimato":"4 minuti"},"schema":{"@context":"https:\/\/schema.org","@graph":[{"@type":"Article","@id":"https:\/\/www.rassegnastampa-totustuus.it\/cattolica\/la-cultura-nemica-della-famiglia-che-ci-spinge-nel-baratro-demografico\/#article","isPartOf":{"@id":"https:\/\/www.rassegnastampa-totustuus.it\/cattolica\/la-cultura-nemica-della-famiglia-che-ci-spinge-nel-baratro-demografico\/"},"author":{"name":"Redazione","@id":"https:\/\/www.rassegnastampa-totustuus.it\/cattolica\/#\/schema\/person\/08f319d2bd1a0904ad9e2bfb7b15e5c3"},"headline":"La cultura nemica della famiglia che ci spinge nel baratro demografico","datePublished":"2021-02-03T23:00:17+00:00","mainEntityOfPage":{"@id":"https:\/\/www.rassegnastampa-totustuus.it\/cattolica\/la-cultura-nemica-della-famiglia-che-ci-spinge-nel-baratro-demografico\/"},"wordCount":721,"publisher":{"@id":"https:\/\/www.rassegnastampa-totustuus.it\/cattolica\/#organization"},"image":{"@id":"https:\/\/www.rassegnastampa-totustuus.it\/cattolica\/la-cultura-nemica-della-famiglia-che-ci-spinge-nel-baratro-demografico\/#primaryimage"},"thumbnailUrl":"https:\/\/www.rassegnastampa-totustuus.it\/cattolica\/wp-content\/uploads\/2019\/10\/culle_demografia-bambini.jpg","keywords":["demografia","famiglia"],"articleSection":["Demografia","Famiglia"],"inLanguage":"it-IT"},{"@type":"WebPage","@id":"https:\/\/www.rassegnastampa-totustuus.it\/cattolica\/la-cultura-nemica-della-famiglia-che-ci-spinge-nel-baratro-demografico\/","url":"https:\/\/www.rassegnastampa-totustuus.it\/cattolica\/la-cultura-nemica-della-famiglia-che-ci-spinge-nel-baratro-demografico\/","name":"La cultura nemica della famiglia che ci spinge nel baratro demografico - Rassegna Stampa Cattolica","isPartOf":{"@id":"https:\/\/www.rassegnastampa-totustuus.it\/cattolica\/#website"},"primaryImageOfPage":{"@id":"https:\/\/www.rassegnastampa-totustuus.it\/cattolica\/la-cultura-nemica-della-famiglia-che-ci-spinge-nel-baratro-demografico\/#primaryimage"},"image":{"@id":"https:\/\/www.rassegnastampa-totustuus.it\/cattolica\/la-cultura-nemica-della-famiglia-che-ci-spinge-nel-baratro-demografico\/#primaryimage"},"thumbnailUrl":"https:\/\/www.rassegnastampa-totustuus.it\/cattolica\/wp-content\/uploads\/2019\/10\/culle_demografia-bambini.jpg","datePublished":"2021-02-03T23:00:17+00:00","description":"Rassegna Stampa Cattolica - Per una cultura che nasce dalla Rivelazione cristiana in conformit\u00e0 alla tradizione e al Magistero della Chiesa in opposizione ad ogni relativismo e totalitarismo","breadcrumb":{"@id":"https:\/\/www.rassegnastampa-totustuus.it\/cattolica\/la-cultura-nemica-della-famiglia-che-ci-spinge-nel-baratro-demografico\/#breadcrumb"},"inLanguage":"it-IT","potentialAction":[{"@type":"ReadAction","target":["https:\/\/www.rassegnastampa-totustuus.it\/cattolica\/la-cultura-nemica-della-famiglia-che-ci-spinge-nel-baratro-demografico\/"]}]},{"@type":"ImageObject","inLanguage":"it-IT","@id":"https:\/\/www.rassegnastampa-totustuus.it\/cattolica\/la-cultura-nemica-della-famiglia-che-ci-spinge-nel-baratro-demografico\/#primaryimage","url":"https:\/\/www.rassegnastampa-totustuus.it\/cattolica\/wp-content\/uploads\/2019\/10\/culle_demografia-bambini.jpg","contentUrl":"https:\/\/www.rassegnastampa-totustuus.it\/cattolica\/wp-content\/uploads\/2019\/10\/culle_demografia-bambini.jpg","width":2816,"height":1880,"caption":"MILANO ARCHIVIO REGIONE BONUS BEBE OSPEDALE NEONATOLOGIA NEONATI PUERPERIOE NEONATI NASCITE - FOTO NEWPRESS"},{"@type":"BreadcrumbList","@id":"https:\/\/www.rassegnastampa-totustuus.it\/cattolica\/la-cultura-nemica-della-famiglia-che-ci-spinge-nel-baratro-demografico\/#breadcrumb","itemListElement":[{"@type":"ListItem","position":1,"name":"Home","item":"https:\/\/www.rassegnastampa-totustuus.it\/cattolica\/"},{"@type":"ListItem","position":2,"name":"La cultura nemica della famiglia che ci spinge nel baratro demografico"}]},{"@type":"WebSite","@id":"https:\/\/www.rassegnastampa-totustuus.it\/cattolica\/#website","url":"https:\/\/www.rassegnastampa-totustuus.it\/cattolica\/","name":"Rassegna Stampa Cattolica","description":"Per una cultura che nasce dalla Rivelazione cristiana in conformit\u00e0 alla tradizione e al Magistero della Chiesa in opposizione ad ogni relativismo e totalitarismo","publisher":{"@id":"https:\/\/www.rassegnastampa-totustuus.it\/cattolica\/#organization"},"alternateName":"Rass. Cattolica","potentialAction":[{"@type":"SearchAction","target":{"@type":"EntryPoint","urlTemplate":"https:\/\/www.rassegnastampa-totustuus.it\/cattolica\/?s={search_term_string}"},"query-input":{"@type":"PropertyValueSpecification","valueRequired":true,"valueName":"search_term_string"}}],"inLanguage":"it-IT"},{"@type":"Organization","@id":"https:\/\/www.rassegnastampa-totustuus.it\/cattolica\/#organization","name":"Rassegna Stampa Cattolica","url":"https:\/\/www.rassegnastampa-totustuus.it\/cattolica\/","logo":{"@type":"ImageObject","inLanguage":"it-IT","@id":"https:\/\/www.rassegnastampa-totustuus.it\/cattolica\/#\/schema\/logo\/image\/","url":"https:\/\/www.rassegnastampa-totustuus.it\/cattolica\/wp-content\/uploads\/2014\/04\/logo-rassegna1.gif","contentUrl":"https:\/\/www.rassegnastampa-totustuus.it\/cattolica\/wp-content\/uploads\/2014\/04\/logo-rassegna1.gif","width":600,"height":163,"caption":"Rassegna Stampa Cattolica"},"image":{"@id":"https:\/\/www.rassegnastampa-totustuus.it\/cattolica\/#\/schema\/logo\/image\/"},"sameAs":["https:\/\/www.facebook.com\/rassegnastampacattolica","https:\/\/x.com\/rassegnastampa9"]},{"@type":"Person","@id":"https:\/\/www.rassegnastampa-totustuus.it\/cattolica\/#\/schema\/person\/08f319d2bd1a0904ad9e2bfb7b15e5c3","name":"Redazione","image":{"@type":"ImageObject","inLanguage":"it-IT","@id":"https:\/\/secure.gravatar.com\/avatar\/2fcdf27c78ea025fbdb44e914cc63c72249ffec9dc8aafd5c82b26240ef3f346?s=96&d=mm&r=g","url":"https:\/\/secure.gravatar.com\/avatar\/2fcdf27c78ea025fbdb44e914cc63c72249ffec9dc8aafd5c82b26240ef3f346?s=96&d=mm&r=g","contentUrl":"https:\/\/secure.gravatar.com\/avatar\/2fcdf27c78ea025fbdb44e914cc63c72249ffec9dc8aafd5c82b26240ef3f346?s=96&d=mm&r=g","caption":"Redazione"},"url":"https:\/\/www.rassegnastampa-totustuus.it\/cattolica\/author\/pietroelle\/"}]}},"_links":{"self":[{"href":"https:\/\/www.rassegnastampa-totustuus.it\/cattolica\/wp-json\/wp\/v2\/posts\/49897","targetHints":{"allow":["GET"]}}],"collection":[{"href":"https:\/\/www.rassegnastampa-totustuus.it\/cattolica\/wp-json\/wp\/v2\/posts"}],"about":[{"href":"https:\/\/www.rassegnastampa-totustuus.it\/cattolica\/wp-json\/wp\/v2\/types\/post"}],"author":[{"embeddable":true,"href":"https:\/\/www.rassegnastampa-totustuus.it\/cattolica\/wp-json\/wp\/v2\/users\/6"}],"replies":[{"embeddable":true,"href":"https:\/\/www.rassegnastampa-totustuus.it\/cattolica\/wp-json\/wp\/v2\/comments?post=49897"}],"version-history":[{"count":1,"href":"https:\/\/www.rassegnastampa-totustuus.it\/cattolica\/wp-json\/wp\/v2\/posts\/49897\/revisions"}],"predecessor-version":[{"id":49898,"href":"https:\/\/www.rassegnastampa-totustuus.it\/cattolica\/wp-json\/wp\/v2\/posts\/49897\/revisions\/49898"}],"wp:featuredmedia":[{"embeddable":true,"href":"https:\/\/www.rassegnastampa-totustuus.it\/cattolica\/wp-json\/wp\/v2\/media\/44775"}],"wp:attachment":[{"href":"https:\/\/www.rassegnastampa-totustuus.it\/cattolica\/wp-json\/wp\/v2\/media?parent=49897"}],"wp:term":[{"taxonomy":"category","embeddable":true,"href":"https:\/\/www.rassegnastampa-totustuus.it\/cattolica\/wp-json\/wp\/v2\/categories?post=49897"},{"taxonomy":"post_tag","embeddable":true,"href":"https:\/\/www.rassegnastampa-totustuus.it\/cattolica\/wp-json\/wp\/v2\/tags?post=49897"}],"curies":[{"name":"wp","href":"https:\/\/api.w.org\/{rel}","templated":true}]}}