{"id":49886,"date":"2021-01-28T00:00:10","date_gmt":"2021-01-27T23:00:10","guid":{"rendered":"http:\/\/www.rassegnastampa-totustuus.it\/cattolica\/?p=49886"},"modified":"2021-01-27T15:13:34","modified_gmt":"2021-01-27T14:13:34","slug":"quella-razza-maledetta-dei-non-nati","status":"publish","type":"post","link":"https:\/\/www.rassegnastampa-totustuus.it\/cattolica\/quella-razza-maledetta-dei-non-nati\/","title":{"rendered":"Quella razza maledetta dei non-nati"},"content":{"rendered":"<p style=\"text-align: center;\"><span style=\"color: #000000;\"><strong><a href=\"https:\/\/www.rassegnastampa-totustuus.it\/cattolica\/wp-content\/uploads\/2005\/08\/Auschwitz.jpg\"><img loading=\"lazy\" decoding=\"async\" class=\"size-full wp-image-27479 alignleft\" src=\"https:\/\/www.rassegnastampa-totustuus.it\/cattolica\/wp-content\/uploads\/2005\/08\/Auschwitz.jpg\" alt=\"\" width=\"271\" height=\"186\"><\/a>International Family News <\/strong><\/span><\/p>\n<p style=\"text-align: center;\"><span style=\"color: #000000;\">27 gennaio 2021<strong> &nbsp;<\/strong><\/span><\/p>\n<p style=\"text-align: center;\"><span style=\"color: #000000;\"><em>Ignorare l\u2019olocausto dell\u2019aborto significa sacrificare ancora gli ebrei <\/em><\/span><\/p>\n<p style=\"text-align: center;\"><span style=\"color: #000000;\">di <strong>Marco Respinti<\/strong><\/span><\/p>\n<p><!--more--><\/p>\n<p style=\"text-align: justify;\"><span style=\"color: #000000;\">Oggi \u00e8 il Giorno della Memoria. Oggi \u00e8 un giorno ipocrita. \u00c8 come se, anno dopo anno, la nostra retorica assuefatta spingesse sempre pi\u00f9 gi\u00f9, nella melma del campo di sterminio, il senso di quel che accadde in misura direttamente proporzionale a quanto vantiamo in pubblico la nostra lacrimevole solidariet\u00e0. Diciamo \u00abMai pi\u00f9\u00bb solo per poterci cullare nella nostra cecit\u00e0. Pi\u00f9 infatti si ripete \u00abMai pi\u00f9\u00bb e pi\u00f9 accade di nuovo. S\u00ec accade, non solo accadde. Il Segretario di Stato americano uscente, Mike Pompeo, \u00e8 uomo coraggioso di tante battaglie fondamentali. <\/span><\/p>\n<p style=\"text-align: justify;\"><span style=\"color: #000000;\"><a href=\"https:\/\/www.rassegnastampa-totustuus.it\/cattolica\/wp-content\/uploads\/2020\/10\/Cina_Uiguri.png\"><img loading=\"lazy\" decoding=\"async\" class=\" wp-image-48590 alignright\" src=\"https:\/\/www.rassegnastampa-totustuus.it\/cattolica\/wp-content\/uploads\/2020\/10\/Cina_Uiguri.png\" alt=\"\" width=\"248\" height=\"248\" srcset=\"https:\/\/www.rassegnastampa-totustuus.it\/cattolica\/wp-content\/uploads\/2020\/10\/Cina_Uiguri.png 225w, https:\/\/www.rassegnastampa-totustuus.it\/cattolica\/wp-content\/uploads\/2020\/10\/Cina_Uiguri-150x150.png 150w\" sizes=\"auto, (max-width: 248px) 100vw, 248px\" \/><\/a>Ne ricordo una, che per molti versi \u00e8 la madre di tutte le sue battaglie importanti: la<\/span> <span style=\"color: #0000ff;\"><a style=\"color: #0000ff;\" href=\"https:\/\/www.ifamnews.com\/it\/unamericanata-grazie-a-dio\/\" target=\"_blank\" rel=\"noreferrer noopener\">Commissione per ripulire il concetto di \u00abdiritti umani\u00bb<\/a><\/span> <span style=\"color: #000000;\">e restituire senso a una espressione purtroppo usurata. Ebbene Pompeo ha ceduto il posto al proprio successore \u2012 che probabilmente non sar\u00e0 altrettanto solerte quanto a bonifica di ci\u00f2 che diritto umano non lo \u00e8 affatto \u2012 con un testamento politico straordinario. <\/span><\/p>\n<p style=\"text-align: justify;\"><span style=\"color: #000000;\">Ha definito \u00abgenocidio\u00bb il massacro premeditato ed efferato che il<\/span> <span style=\"color: #0000ff;\"><a style=\"color: #0000ff;\" href=\"https:\/\/bitterwinter.org\/from-pompeo-to-blinken-a-genocide-is-a-genocide\/\" target=\"_blank\" rel=\"noreferrer noopener\">regime neo-post-nazional-comunista cinese perpetra sistematicamente contro gli uiguri nello Xinjiang<\/a><\/span> <span style=\"color: #000000;\">(e il successore designato di Pompeo, Antony J. Blinken, ha annuito). Il primo dei guai causati dalla Shoah sono i milioni di morti che essa ha mietuto nella prima met\u00e0 degli anni 1940. Il secondo \u00e8 l\u2019avvelenamento della nostra coscienza. <\/span><\/p>\n<p style=\"text-align: justify;\"><span style=\"color: #000000;\"><a href=\"https:\/\/www.rassegnastampa-totustuus.it\/cattolica\/wp-content\/uploads\/2006\/09\/holodomor.png\"><img loading=\"lazy\" decoding=\"async\" class=\" wp-image-16305 alignleft\" src=\"https:\/\/www.rassegnastampa-totustuus.it\/cattolica\/wp-content\/uploads\/2006\/09\/holodomor.png\" alt=\"\" width=\"187\" height=\"251\"><\/a>Se il mondo non ha pi\u00f9 occhi per vedere i genocidi che dalla prima met\u00e0 degli anni 1940 si sono succeduti, come pu\u00f2 onorare davvero i martiri della Shoah? Se il mondo non ha pi\u00f9 occhi per vedere tutti i genocidi causati dalla lucida follia ideologica dell\u2019uomo \u2012 da quello degli armeni, finalmente riconosciuto, alla Vandea e all\u2019Holodomor, ancora misconosciuti \u2012 come pu\u00f2 onorare davvero gli ebrei falcidiati dai nazionalsocialisti? <\/span><\/p>\n<p style=\"text-align: justify;\"><span style=\"color: #000000;\">L\u2019oggetto del mio prossimo libro, quello che probabilmente non avr\u00f2 mai il tempo di scrivere, \u00e8 la descrizione di ogni manifestazione storica del socialcomunismo come nazionalsocialismo: vale a dire la storia della dottrina sociale di quella madre di tutte le ribellioni che ebbe luogo nell\u2019Eden cui diamo il nome di \u00absocialismo\u00bb come staffetta fra sovranismi nazional-bolscevichi verso l\u2019abbattimento, un pezzo dopo l\u2019altro, dell\u2019esistente onde rifarlo alternativo. Il \u00absocialismo come fenomeno storico mondiale\u00bb, lo definisce il matematico russo Igor\u2019 R. \u0160afarevi\u010d (1923-2017): alimentando la doverosa istruttoria del caso attraverso la grandiosa lezione sul progresso storico dello gnosticismo, impartita dal filosofo tedesco-americano della politica Eric Voegelin (1901-1985), si potrebbe finalmente imparare a chiamarlo \u00abUr-Socialismo\u00bb. <\/span><\/p>\n<p style=\"text-align: justify;\"><span style=\"color: #000000;\"><a href=\"https:\/\/www.rassegnastampa-totustuus.it\/cattolica\/wp-content\/uploads\/2014\/05\/NOcomunismo.jpg\"><img loading=\"lazy\" decoding=\"async\" class=\" wp-image-7469 alignright\" src=\"https:\/\/www.rassegnastampa-totustuus.it\/cattolica\/wp-content\/uploads\/2014\/05\/NOcomunismo.jpg\" alt=\"\" width=\"210\" height=\"187\"><\/a>Cos\u00ec faremmo tra l\u2019altro finalmente scoppiare anche la bolla di sapone dell\u2019\u00abUr-Fascismo\u00bb, soffiata dal semiologo Umberto Eco (1932-2016) per gonfiare il teatrino del social-fascismo e, non vedendosi i fili, assolvere ogni altro socialismo. Essendo le dottrine sociali corrispondenti alla verit\u00e0 della natura umana l\u2019ostacolo maggiore al suo avanzare storico, la vittima designata del mostro ur-socialista \u00e8 da sempre l\u2019uomo. <\/span><\/p>\n<p style=\"text-align: justify;\"><span style=\"color: #000000;\">\u00c8 in questo modo che sorge l\u2019idea di \u00abgenocidio\u00bb, i genocidi storici essendo forme successive dell\u2019unico antropocidio. L\u2019uomo viene cio\u00e8 aggredito per famiglie onde distruggere, famiglia umana dopo famiglia umana, l\u2019intero genere umano. Un pensiero mi \u00e8 caro da tempo. La Shoah \u00e8 un genocidio unico. Perch\u00e9 ogni genocidio \u00e8 in se stesso unico. E a genocidio unico continua a seguire genocidio unico perch\u00e9 l\u2019uomo continua a non saper pi\u00f9 affrontare la realt\u00e0 del genocidio. <\/span><\/p>\n<p style=\"text-align: justify;\"><span style=\"color: #000000;\"><a href=\"https:\/\/www.rassegnastampa-totustuus.it\/cattolica\/wp-content\/uploads\/2009\/03\/nazismo_ebrei.jpg\"><img loading=\"lazy\" decoding=\"async\" class=\"size-full wp-image-46613 alignleft\" src=\"https:\/\/www.rassegnastampa-totustuus.it\/cattolica\/wp-content\/uploads\/2009\/03\/nazismo_ebrei.jpg\" alt=\"\" width=\"186\" height=\"271\"><\/a>L\u2019unicit\u00e0 della Shoah continuer\u00e0 a essere svilita e il Giorno della Memoria a essere ipocrita fino a che non saremo in grado di affrontare la realt\u00e0 antropocida che \u00e8 la matrice di tutti i genocidi unici di cui la storia \u00e8 stata costellata e continua a esserlo. Scomodare la parola \u00abgenocidio\u00bb dallo scranno politico pi\u00f9 importante e influente del mondo (perch\u00e9 talvolta il Segretario di Stato americano ha di fatto pi\u00f9 potere persino del presidente degli Stati Uniti) come ha fatto Pompeo \u00e8 gravissimo, secondo l\u2019etimo dei nostri padri latini.<\/span><\/p>\n<p style=\"text-align: justify;\"><span style=\"color: #000000;\"> Lo \u00e8 perch\u00e9 torna ad assegnare agli uomini il compito del \u00abMai pi\u00f9\u00bb. La parola \u00abgenocidio\u00bb \u00e8 un termine tecnico fragile, che va maneggiato con cura. Non si applica a pioggia a ogni efferatezza umana, bens\u00ec solo ai piani scientifici di sterminio di intere famiglie umane, orditi e attuati con massimo efficientamento delle possibilit\u00e0. Famiglie umane identificate per appartenenza etnica, culturale o religiosa. <\/span><\/p>\n<p style=\"text-align: justify;\"><span style=\"color: #000000;\">Oggi la scienza giuridica applicata alla teoria e alla pratica dei genocidi si sta seriamente impegnando per esplicitare un tratto sinora forse non adeguatamente considerato del concetto-definizione di \u00abgenocidio\u00bb che \u00e8 patrimonio del Diritto internazionale sin da quando il giurista polacco Raphael Lemkin (1900-1959) coni\u00f2 quel neologismo: \u00e8 la nozione di genocidio \u201cfreddo\u201d intesa come la persecuzione diretta contro i gruppi umani allo scopo di annientarne i tratti identitari per cancellarne proattivamente il futuro. <\/span><\/p>\n<p style=\"text-align: justify;\"><span style=\"color: #000000;\"><a href=\"https:\/\/www.rassegnastampa-totustuus.it\/cattolica\/wp-content\/uploads\/2005\/11\/armenian-genocide-18.jpg\"><img loading=\"lazy\" decoding=\"async\" class=\" wp-image-14438 alignright\" src=\"https:\/\/www.rassegnastampa-totustuus.it\/cattolica\/wp-content\/uploads\/2005\/11\/armenian-genocide-18.jpg\" alt=\"\" width=\"324\" height=\"210\"><\/a>\u00c8 quanto affermano studiosi accademici come Maria Cheung, David Matas, Richard An e Torsten Trey in un articolo decisivo pubblicato su <a style=\"color: #000000;\" href=\"https:\/\/scholarcommons.usf.edu\/cgi\/viewcontent.cgi?article=1513&amp;context=gsp\" target=\"_blank\" rel=\"noreferrer noopener\"><em>Genocide Studies and Prevention: An International Journal<\/em><\/a>, organo dell\u2019International Association of Genocide Scholars, affiancati dalla studiosa britannica Kate Cronin-Furman, docente di Diritti umani nel Dipartimento di Scienze politiche dello University College di Londra, <a style=\"color: #000000;\" href=\"https:\/\/foreignpolicy.com\/2018\/09\/19\/china-has-chosen-cultural-genocide-in-xinjiang-for-now\/\" target=\"_blank\" rel=\"noreferrer noopener\">su <em>Foreign Policy<\/em><\/a>. <\/span><\/p>\n<p style=\"text-align: justify;\"><span style=\"color: #000000;\">\u00abGenocidio\u00bb resta quindi un concetto tecnico applicabile solo in un numero preciso di casi, ma quei casi sono numerosi. Si moltiplicano. Aumentano quante pi\u00f9 sono le famiglie umane che vengono colpite, sia in modo \u201ccaldo\u201d mediante lo sterminio fisico oggi, sia in modo \u201cfreddo\u201d mediante la negazione del futuro. Mentre si moltiplicano le filosofie che individuano nel genere <em>homo<\/em> un <em>virus<\/em> nemico del <em>wildlife<\/em>, l\u2019\u00abUr-Neomalthusianesimo\u00bb si afferma come epifania estrema dell\u2019\u00abUr-Socialismo\u00bb. <\/span><\/p>\n<p style=\"text-align: justify;\"><span style=\"color: #000000;\">L\u2019uomo \u00e8 il male che viene sacrificato sull\u2019altare del potere-che va-obbedito, lo Stato e i suoi clienti o un sovra-Stato fatto solo da quei clienti. Come insegna la fantascienza, <em>alter ego<\/em> della profezia, almeno da <em>\u00c6on Flux<\/em> (2005) di Karyn Kusama al capolavoro di Christopher Nolan&nbsp;<em>Tenet&nbsp;<\/em>(2020), il sogno gnostico dell\u2019\u00abUr-Socialismo\u00bb non \u00e8 tanto rifare il mondo, bens\u00ec creare l\u2019<em>homunculus<\/em>&nbsp;nuovo sulle ceneri, letteralmente, dell\u2019uomo sbagliato esistente. <\/span><\/p>\n<p style=\"text-align: justify;\"><span style=\"color: #000000;\"><a href=\"https:\/\/www.rassegnastampa-totustuus.it\/cattolica\/wp-content\/uploads\/2021\/01\/giornata_memoria.jpg\"><img loading=\"lazy\" decoding=\"async\" class=\"size-medium wp-image-49887 alignleft\" src=\"https:\/\/www.rassegnastampa-totustuus.it\/cattolica\/wp-content\/uploads\/2021\/01\/giornata_memoria-300x169.jpg\" alt=\"\" width=\"300\" height=\"169\" srcset=\"https:\/\/www.rassegnastampa-totustuus.it\/cattolica\/wp-content\/uploads\/2021\/01\/giornata_memoria-300x169.jpg 300w, https:\/\/www.rassegnastampa-totustuus.it\/cattolica\/wp-content\/uploads\/2021\/01\/giornata_memoria-768x432.jpg 768w, https:\/\/www.rassegnastampa-totustuus.it\/cattolica\/wp-content\/uploads\/2021\/01\/giornata_memoria-1024x576.jpg 1024w, https:\/\/www.rassegnastampa-totustuus.it\/cattolica\/wp-content\/uploads\/2021\/01\/giornata_memoria.jpg 1200w\" sizes=\"auto, (max-width: 300px) 100vw, 300px\" \/><\/a>Il Giorno della Memoria rester\u00e0 ipocrita fino a quando primo non ci saremo arresi all\u2019idea che ogni genocidio di una famiglia umana \u00e8 unico e irripetibile poich\u00e9 ogni essere umano \u00e8 unico e irripetibile, secondo che tutti i genocidi concorrono all\u2019unico e irripetibile antropocidio. Come dimostra alla perfezione la lotta alla vita umana che ha mietuto e miete il numero pi\u00f9 alto di vittime della storia, quantificabile in decine e decine di milioni: l\u2019aborto, tanto antropocidio \u201ccaldo\u201d per via chirurgica palese o per via farmacologica travestita, quanto antropocidio \u201cfreddo\u201d quando diventa cultura condivisa, opinione comune e \u201cdiritto\u201d. Ignorare l\u2019olocausto antiumano dell\u2019aborto significa sacrificare ancora gli ebrei.<\/span><\/p>\n","protected":false},"excerpt":{"rendered":"<p>International Family News 27 gennaio 2021 &nbsp; Ignorare l\u2019olocausto dell\u2019aborto significa sacrificare ancora gli ebrei di Marco Respinti<\/p><p><a class=\"more-link btn\" href=\"https:\/\/www.rassegnastampa-totustuus.it\/cattolica\/quella-razza-maledetta-dei-non-nati\/\">Continua a leggere<\/a><\/p>\n","protected":false},"author":6,"featured_media":49891,"comment_status":"closed","ping_status":"closed","sticky":false,"template":"","format":"standard","meta":{"footnotes":""},"categories":[24],"tags":[379,886,264,162],"class_list":["post-49886","post","type-post","status-publish","format-standard","has-post-thumbnail","hentry","category-storia","tag-genocidio","tag-olocausto","tag-persecuzioni","tag-storia-2","item-wrap"],"yoast_head":"<!-- This site is optimized with the Yoast SEO plugin v27.5 - https:\/\/yoast.com\/product\/yoast-seo-wordpress\/ -->\n<title>Quella razza maledetta dei non-nati - Rassegna Stampa Cattolica<\/title>\n<meta name=\"description\" content=\"Rassegna Stampa Cattolica - Per una cultura che nasce dalla Rivelazione cristiana in conformit\u00e0 alla tradizione e al Magistero della Chiesa in opposizione ad ogni relativismo e totalitarismo\" \/>\n<meta name=\"robots\" content=\"index, follow, max-snippet:-1, max-image-preview:large, max-video-preview:-1\" \/>\n<link rel=\"canonical\" href=\"https:\/\/www.rassegnastampa-totustuus.it\/cattolica\/quella-razza-maledetta-dei-non-nati\/\" \/>\n<meta property=\"og:locale\" content=\"it_IT\" \/>\n<meta property=\"og:type\" content=\"article\" \/>\n<meta property=\"og:title\" content=\"Quella razza maledetta dei non-nati - Rassegna Stampa Cattolica\" \/>\n<meta property=\"og:description\" content=\"Rassegna Stampa Cattolica - Per una cultura che nasce dalla Rivelazione cristiana in conformit\u00e0 alla tradizione e al Magistero della Chiesa in opposizione ad ogni relativismo e totalitarismo\" \/>\n<meta property=\"og:url\" content=\"https:\/\/www.rassegnastampa-totustuus.it\/cattolica\/quella-razza-maledetta-dei-non-nati\/\" \/>\n<meta property=\"og:site_name\" content=\"Rassegna Stampa Cattolica\" \/>\n<meta property=\"article:publisher\" content=\"https:\/\/www.facebook.com\/rassegnastampacattolica\" \/>\n<meta property=\"article:published_time\" content=\"2021-01-27T23:00:10+00:00\" \/>\n<meta property=\"og:image\" content=\"https:\/\/www.rassegnastampa-totustuus.it\/cattolica\/wp-content\/uploads\/2021\/01\/auschwitz_ebrei_nazismo.jpg\" \/>\n\t<meta property=\"og:image:width\" content=\"1920\" \/>\n\t<meta property=\"og:image:height\" content=\"1080\" \/>\n\t<meta property=\"og:image:type\" content=\"image\/jpeg\" \/>\n<meta name=\"author\" content=\"Redazione\" \/>\n<meta name=\"twitter:card\" content=\"summary_large_image\" \/>\n<meta name=\"twitter:creator\" content=\"@rassegnastampa9\" \/>\n<meta name=\"twitter:site\" content=\"@rassegnastampa9\" \/>\n<meta name=\"twitter:label1\" content=\"Scritto da\" \/>\n\t<meta name=\"twitter:data1\" content=\"Redazione\" \/>\n\t<meta name=\"twitter:label2\" content=\"Tempo di lettura stimato\" \/>\n\t<meta name=\"twitter:data2\" content=\"5 minuti\" \/>\n<script type=\"application\/ld+json\" class=\"yoast-schema-graph\">{\"@context\":\"https:\\\/\\\/schema.org\",\"@graph\":[{\"@type\":\"Article\",\"@id\":\"https:\\\/\\\/www.rassegnastampa-totustuus.it\\\/cattolica\\\/quella-razza-maledetta-dei-non-nati\\\/#article\",\"isPartOf\":{\"@id\":\"https:\\\/\\\/www.rassegnastampa-totustuus.it\\\/cattolica\\\/quella-razza-maledetta-dei-non-nati\\\/\"},\"author\":{\"name\":\"Redazione\",\"@id\":\"https:\\\/\\\/www.rassegnastampa-totustuus.it\\\/cattolica\\\/#\\\/schema\\\/person\\\/08f319d2bd1a0904ad9e2bfb7b15e5c3\"},\"headline\":\"Quella razza maledetta dei non-nati\",\"datePublished\":\"2021-01-27T23:00:10+00:00\",\"mainEntityOfPage\":{\"@id\":\"https:\\\/\\\/www.rassegnastampa-totustuus.it\\\/cattolica\\\/quella-razza-maledetta-dei-non-nati\\\/\"},\"wordCount\":1088,\"publisher\":{\"@id\":\"https:\\\/\\\/www.rassegnastampa-totustuus.it\\\/cattolica\\\/#organization\"},\"image\":{\"@id\":\"https:\\\/\\\/www.rassegnastampa-totustuus.it\\\/cattolica\\\/quella-razza-maledetta-dei-non-nati\\\/#primaryimage\"},\"thumbnailUrl\":\"https:\\\/\\\/www.rassegnastampa-totustuus.it\\\/cattolica\\\/wp-content\\\/uploads\\\/2021\\\/01\\\/auschwitz_ebrei_nazismo.jpg\",\"keywords\":[\"genocidio\",\"olocausto\",\"persecuzioni\",\"storia\"],\"articleSection\":[\"Storia\"],\"inLanguage\":\"it-IT\"},{\"@type\":\"WebPage\",\"@id\":\"https:\\\/\\\/www.rassegnastampa-totustuus.it\\\/cattolica\\\/quella-razza-maledetta-dei-non-nati\\\/\",\"url\":\"https:\\\/\\\/www.rassegnastampa-totustuus.it\\\/cattolica\\\/quella-razza-maledetta-dei-non-nati\\\/\",\"name\":\"Quella razza maledetta dei non-nati - Rassegna Stampa Cattolica\",\"isPartOf\":{\"@id\":\"https:\\\/\\\/www.rassegnastampa-totustuus.it\\\/cattolica\\\/#website\"},\"primaryImageOfPage\":{\"@id\":\"https:\\\/\\\/www.rassegnastampa-totustuus.it\\\/cattolica\\\/quella-razza-maledetta-dei-non-nati\\\/#primaryimage\"},\"image\":{\"@id\":\"https:\\\/\\\/www.rassegnastampa-totustuus.it\\\/cattolica\\\/quella-razza-maledetta-dei-non-nati\\\/#primaryimage\"},\"thumbnailUrl\":\"https:\\\/\\\/www.rassegnastampa-totustuus.it\\\/cattolica\\\/wp-content\\\/uploads\\\/2021\\\/01\\\/auschwitz_ebrei_nazismo.jpg\",\"datePublished\":\"2021-01-27T23:00:10+00:00\",\"description\":\"Rassegna Stampa Cattolica - Per una cultura che nasce dalla Rivelazione cristiana in conformit\u00e0 alla tradizione e al Magistero della Chiesa in opposizione ad ogni relativismo e totalitarismo\",\"breadcrumb\":{\"@id\":\"https:\\\/\\\/www.rassegnastampa-totustuus.it\\\/cattolica\\\/quella-razza-maledetta-dei-non-nati\\\/#breadcrumb\"},\"inLanguage\":\"it-IT\",\"potentialAction\":[{\"@type\":\"ReadAction\",\"target\":[\"https:\\\/\\\/www.rassegnastampa-totustuus.it\\\/cattolica\\\/quella-razza-maledetta-dei-non-nati\\\/\"]}]},{\"@type\":\"ImageObject\",\"inLanguage\":\"it-IT\",\"@id\":\"https:\\\/\\\/www.rassegnastampa-totustuus.it\\\/cattolica\\\/quella-razza-maledetta-dei-non-nati\\\/#primaryimage\",\"url\":\"https:\\\/\\\/www.rassegnastampa-totustuus.it\\\/cattolica\\\/wp-content\\\/uploads\\\/2021\\\/01\\\/auschwitz_ebrei_nazismo.jpg\",\"contentUrl\":\"https:\\\/\\\/www.rassegnastampa-totustuus.it\\\/cattolica\\\/wp-content\\\/uploads\\\/2021\\\/01\\\/auschwitz_ebrei_nazismo.jpg\",\"width\":1920,\"height\":1080},{\"@type\":\"BreadcrumbList\",\"@id\":\"https:\\\/\\\/www.rassegnastampa-totustuus.it\\\/cattolica\\\/quella-razza-maledetta-dei-non-nati\\\/#breadcrumb\",\"itemListElement\":[{\"@type\":\"ListItem\",\"position\":1,\"name\":\"Home\",\"item\":\"https:\\\/\\\/www.rassegnastampa-totustuus.it\\\/cattolica\\\/\"},{\"@type\":\"ListItem\",\"position\":2,\"name\":\"Quella razza maledetta dei non-nati\"}]},{\"@type\":\"WebSite\",\"@id\":\"https:\\\/\\\/www.rassegnastampa-totustuus.it\\\/cattolica\\\/#website\",\"url\":\"https:\\\/\\\/www.rassegnastampa-totustuus.it\\\/cattolica\\\/\",\"name\":\"Rassegna Stampa Cattolica\",\"description\":\"Per una cultura che nasce dalla Rivelazione cristiana in conformit\u00e0 alla tradizione e al Magistero della Chiesa in opposizione ad ogni relativismo e totalitarismo\",\"publisher\":{\"@id\":\"https:\\\/\\\/www.rassegnastampa-totustuus.it\\\/cattolica\\\/#organization\"},\"alternateName\":\"Rass. Cattolica\",\"potentialAction\":[{\"@type\":\"SearchAction\",\"target\":{\"@type\":\"EntryPoint\",\"urlTemplate\":\"https:\\\/\\\/www.rassegnastampa-totustuus.it\\\/cattolica\\\/?s={search_term_string}\"},\"query-input\":{\"@type\":\"PropertyValueSpecification\",\"valueRequired\":true,\"valueName\":\"search_term_string\"}}],\"inLanguage\":\"it-IT\"},{\"@type\":\"Organization\",\"@id\":\"https:\\\/\\\/www.rassegnastampa-totustuus.it\\\/cattolica\\\/#organization\",\"name\":\"Rassegna Stampa Cattolica\",\"url\":\"https:\\\/\\\/www.rassegnastampa-totustuus.it\\\/cattolica\\\/\",\"logo\":{\"@type\":\"ImageObject\",\"inLanguage\":\"it-IT\",\"@id\":\"https:\\\/\\\/www.rassegnastampa-totustuus.it\\\/cattolica\\\/#\\\/schema\\\/logo\\\/image\\\/\",\"url\":\"https:\\\/\\\/www.rassegnastampa-totustuus.it\\\/cattolica\\\/wp-content\\\/uploads\\\/2014\\\/04\\\/logo-rassegna1.gif\",\"contentUrl\":\"https:\\\/\\\/www.rassegnastampa-totustuus.it\\\/cattolica\\\/wp-content\\\/uploads\\\/2014\\\/04\\\/logo-rassegna1.gif\",\"width\":600,\"height\":163,\"caption\":\"Rassegna Stampa Cattolica\"},\"image\":{\"@id\":\"https:\\\/\\\/www.rassegnastampa-totustuus.it\\\/cattolica\\\/#\\\/schema\\\/logo\\\/image\\\/\"},\"sameAs\":[\"https:\\\/\\\/www.facebook.com\\\/rassegnastampacattolica\",\"https:\\\/\\\/x.com\\\/rassegnastampa9\"]},{\"@type\":\"Person\",\"@id\":\"https:\\\/\\\/www.rassegnastampa-totustuus.it\\\/cattolica\\\/#\\\/schema\\\/person\\\/08f319d2bd1a0904ad9e2bfb7b15e5c3\",\"name\":\"Redazione\",\"image\":{\"@type\":\"ImageObject\",\"inLanguage\":\"it-IT\",\"@id\":\"https:\\\/\\\/secure.gravatar.com\\\/avatar\\\/2fcdf27c78ea025fbdb44e914cc63c72249ffec9dc8aafd5c82b26240ef3f346?s=96&d=mm&r=g\",\"url\":\"https:\\\/\\\/secure.gravatar.com\\\/avatar\\\/2fcdf27c78ea025fbdb44e914cc63c72249ffec9dc8aafd5c82b26240ef3f346?s=96&d=mm&r=g\",\"contentUrl\":\"https:\\\/\\\/secure.gravatar.com\\\/avatar\\\/2fcdf27c78ea025fbdb44e914cc63c72249ffec9dc8aafd5c82b26240ef3f346?s=96&d=mm&r=g\",\"caption\":\"Redazione\"},\"url\":\"https:\\\/\\\/www.rassegnastampa-totustuus.it\\\/cattolica\\\/author\\\/pietroelle\\\/\"}]}<\/script>\n<!-- \/ Yoast SEO plugin. -->","yoast_head_json":{"title":"Quella razza maledetta dei non-nati - Rassegna Stampa Cattolica","description":"Rassegna Stampa Cattolica - Per una cultura che nasce dalla Rivelazione cristiana in conformit\u00e0 alla tradizione e al Magistero della Chiesa in opposizione ad ogni relativismo e totalitarismo","robots":{"index":"index","follow":"follow","max-snippet":"max-snippet:-1","max-image-preview":"max-image-preview:large","max-video-preview":"max-video-preview:-1"},"canonical":"https:\/\/www.rassegnastampa-totustuus.it\/cattolica\/quella-razza-maledetta-dei-non-nati\/","og_locale":"it_IT","og_type":"article","og_title":"Quella razza maledetta dei non-nati - Rassegna Stampa Cattolica","og_description":"Rassegna Stampa Cattolica - Per una cultura che nasce dalla Rivelazione cristiana in conformit\u00e0 alla tradizione e al Magistero della Chiesa in opposizione ad ogni relativismo e totalitarismo","og_url":"https:\/\/www.rassegnastampa-totustuus.it\/cattolica\/quella-razza-maledetta-dei-non-nati\/","og_site_name":"Rassegna Stampa Cattolica","article_publisher":"https:\/\/www.facebook.com\/rassegnastampacattolica","article_published_time":"2021-01-27T23:00:10+00:00","og_image":[{"width":1920,"height":1080,"url":"https:\/\/www.rassegnastampa-totustuus.it\/cattolica\/wp-content\/uploads\/2021\/01\/auschwitz_ebrei_nazismo.jpg","type":"image\/jpeg"}],"author":"Redazione","twitter_card":"summary_large_image","twitter_creator":"@rassegnastampa9","twitter_site":"@rassegnastampa9","twitter_misc":{"Scritto da":"Redazione","Tempo di lettura stimato":"5 minuti"},"schema":{"@context":"https:\/\/schema.org","@graph":[{"@type":"Article","@id":"https:\/\/www.rassegnastampa-totustuus.it\/cattolica\/quella-razza-maledetta-dei-non-nati\/#article","isPartOf":{"@id":"https:\/\/www.rassegnastampa-totustuus.it\/cattolica\/quella-razza-maledetta-dei-non-nati\/"},"author":{"name":"Redazione","@id":"https:\/\/www.rassegnastampa-totustuus.it\/cattolica\/#\/schema\/person\/08f319d2bd1a0904ad9e2bfb7b15e5c3"},"headline":"Quella razza maledetta dei non-nati","datePublished":"2021-01-27T23:00:10+00:00","mainEntityOfPage":{"@id":"https:\/\/www.rassegnastampa-totustuus.it\/cattolica\/quella-razza-maledetta-dei-non-nati\/"},"wordCount":1088,"publisher":{"@id":"https:\/\/www.rassegnastampa-totustuus.it\/cattolica\/#organization"},"image":{"@id":"https:\/\/www.rassegnastampa-totustuus.it\/cattolica\/quella-razza-maledetta-dei-non-nati\/#primaryimage"},"thumbnailUrl":"https:\/\/www.rassegnastampa-totustuus.it\/cattolica\/wp-content\/uploads\/2021\/01\/auschwitz_ebrei_nazismo.jpg","keywords":["genocidio","olocausto","persecuzioni","storia"],"articleSection":["Storia"],"inLanguage":"it-IT"},{"@type":"WebPage","@id":"https:\/\/www.rassegnastampa-totustuus.it\/cattolica\/quella-razza-maledetta-dei-non-nati\/","url":"https:\/\/www.rassegnastampa-totustuus.it\/cattolica\/quella-razza-maledetta-dei-non-nati\/","name":"Quella razza maledetta dei non-nati - Rassegna Stampa Cattolica","isPartOf":{"@id":"https:\/\/www.rassegnastampa-totustuus.it\/cattolica\/#website"},"primaryImageOfPage":{"@id":"https:\/\/www.rassegnastampa-totustuus.it\/cattolica\/quella-razza-maledetta-dei-non-nati\/#primaryimage"},"image":{"@id":"https:\/\/www.rassegnastampa-totustuus.it\/cattolica\/quella-razza-maledetta-dei-non-nati\/#primaryimage"},"thumbnailUrl":"https:\/\/www.rassegnastampa-totustuus.it\/cattolica\/wp-content\/uploads\/2021\/01\/auschwitz_ebrei_nazismo.jpg","datePublished":"2021-01-27T23:00:10+00:00","description":"Rassegna Stampa Cattolica - Per una cultura che nasce dalla Rivelazione cristiana in conformit\u00e0 alla tradizione e al Magistero della Chiesa in opposizione ad ogni relativismo e totalitarismo","breadcrumb":{"@id":"https:\/\/www.rassegnastampa-totustuus.it\/cattolica\/quella-razza-maledetta-dei-non-nati\/#breadcrumb"},"inLanguage":"it-IT","potentialAction":[{"@type":"ReadAction","target":["https:\/\/www.rassegnastampa-totustuus.it\/cattolica\/quella-razza-maledetta-dei-non-nati\/"]}]},{"@type":"ImageObject","inLanguage":"it-IT","@id":"https:\/\/www.rassegnastampa-totustuus.it\/cattolica\/quella-razza-maledetta-dei-non-nati\/#primaryimage","url":"https:\/\/www.rassegnastampa-totustuus.it\/cattolica\/wp-content\/uploads\/2021\/01\/auschwitz_ebrei_nazismo.jpg","contentUrl":"https:\/\/www.rassegnastampa-totustuus.it\/cattolica\/wp-content\/uploads\/2021\/01\/auschwitz_ebrei_nazismo.jpg","width":1920,"height":1080},{"@type":"BreadcrumbList","@id":"https:\/\/www.rassegnastampa-totustuus.it\/cattolica\/quella-razza-maledetta-dei-non-nati\/#breadcrumb","itemListElement":[{"@type":"ListItem","position":1,"name":"Home","item":"https:\/\/www.rassegnastampa-totustuus.it\/cattolica\/"},{"@type":"ListItem","position":2,"name":"Quella razza maledetta dei non-nati"}]},{"@type":"WebSite","@id":"https:\/\/www.rassegnastampa-totustuus.it\/cattolica\/#website","url":"https:\/\/www.rassegnastampa-totustuus.it\/cattolica\/","name":"Rassegna Stampa Cattolica","description":"Per una cultura che nasce dalla Rivelazione cristiana in conformit\u00e0 alla tradizione e al Magistero della Chiesa in opposizione ad ogni relativismo e totalitarismo","publisher":{"@id":"https:\/\/www.rassegnastampa-totustuus.it\/cattolica\/#organization"},"alternateName":"Rass. Cattolica","potentialAction":[{"@type":"SearchAction","target":{"@type":"EntryPoint","urlTemplate":"https:\/\/www.rassegnastampa-totustuus.it\/cattolica\/?s={search_term_string}"},"query-input":{"@type":"PropertyValueSpecification","valueRequired":true,"valueName":"search_term_string"}}],"inLanguage":"it-IT"},{"@type":"Organization","@id":"https:\/\/www.rassegnastampa-totustuus.it\/cattolica\/#organization","name":"Rassegna Stampa Cattolica","url":"https:\/\/www.rassegnastampa-totustuus.it\/cattolica\/","logo":{"@type":"ImageObject","inLanguage":"it-IT","@id":"https:\/\/www.rassegnastampa-totustuus.it\/cattolica\/#\/schema\/logo\/image\/","url":"https:\/\/www.rassegnastampa-totustuus.it\/cattolica\/wp-content\/uploads\/2014\/04\/logo-rassegna1.gif","contentUrl":"https:\/\/www.rassegnastampa-totustuus.it\/cattolica\/wp-content\/uploads\/2014\/04\/logo-rassegna1.gif","width":600,"height":163,"caption":"Rassegna Stampa Cattolica"},"image":{"@id":"https:\/\/www.rassegnastampa-totustuus.it\/cattolica\/#\/schema\/logo\/image\/"},"sameAs":["https:\/\/www.facebook.com\/rassegnastampacattolica","https:\/\/x.com\/rassegnastampa9"]},{"@type":"Person","@id":"https:\/\/www.rassegnastampa-totustuus.it\/cattolica\/#\/schema\/person\/08f319d2bd1a0904ad9e2bfb7b15e5c3","name":"Redazione","image":{"@type":"ImageObject","inLanguage":"it-IT","@id":"https:\/\/secure.gravatar.com\/avatar\/2fcdf27c78ea025fbdb44e914cc63c72249ffec9dc8aafd5c82b26240ef3f346?s=96&d=mm&r=g","url":"https:\/\/secure.gravatar.com\/avatar\/2fcdf27c78ea025fbdb44e914cc63c72249ffec9dc8aafd5c82b26240ef3f346?s=96&d=mm&r=g","contentUrl":"https:\/\/secure.gravatar.com\/avatar\/2fcdf27c78ea025fbdb44e914cc63c72249ffec9dc8aafd5c82b26240ef3f346?s=96&d=mm&r=g","caption":"Redazione"},"url":"https:\/\/www.rassegnastampa-totustuus.it\/cattolica\/author\/pietroelle\/"}]}},"_links":{"self":[{"href":"https:\/\/www.rassegnastampa-totustuus.it\/cattolica\/wp-json\/wp\/v2\/posts\/49886","targetHints":{"allow":["GET"]}}],"collection":[{"href":"https:\/\/www.rassegnastampa-totustuus.it\/cattolica\/wp-json\/wp\/v2\/posts"}],"about":[{"href":"https:\/\/www.rassegnastampa-totustuus.it\/cattolica\/wp-json\/wp\/v2\/types\/post"}],"author":[{"embeddable":true,"href":"https:\/\/www.rassegnastampa-totustuus.it\/cattolica\/wp-json\/wp\/v2\/users\/6"}],"replies":[{"embeddable":true,"href":"https:\/\/www.rassegnastampa-totustuus.it\/cattolica\/wp-json\/wp\/v2\/comments?post=49886"}],"version-history":[{"count":2,"href":"https:\/\/www.rassegnastampa-totustuus.it\/cattolica\/wp-json\/wp\/v2\/posts\/49886\/revisions"}],"predecessor-version":[{"id":49890,"href":"https:\/\/www.rassegnastampa-totustuus.it\/cattolica\/wp-json\/wp\/v2\/posts\/49886\/revisions\/49890"}],"wp:featuredmedia":[{"embeddable":true,"href":"https:\/\/www.rassegnastampa-totustuus.it\/cattolica\/wp-json\/wp\/v2\/media\/49891"}],"wp:attachment":[{"href":"https:\/\/www.rassegnastampa-totustuus.it\/cattolica\/wp-json\/wp\/v2\/media?parent=49886"}],"wp:term":[{"taxonomy":"category","embeddable":true,"href":"https:\/\/www.rassegnastampa-totustuus.it\/cattolica\/wp-json\/wp\/v2\/categories?post=49886"},{"taxonomy":"post_tag","embeddable":true,"href":"https:\/\/www.rassegnastampa-totustuus.it\/cattolica\/wp-json\/wp\/v2\/tags?post=49886"}],"curies":[{"name":"wp","href":"https:\/\/api.w.org\/{rel}","templated":true}]}}