{"id":49796,"date":"2021-01-28T00:00:42","date_gmt":"2021-01-27T23:00:42","guid":{"rendered":"http:\/\/www.rassegnastampa-totustuus.it\/cattolica\/?p=49796"},"modified":"2021-01-21T14:09:35","modified_gmt":"2021-01-21T13:09:35","slug":"i-social-eliminano-trump-ma-lasciano-che-i-predicatori-islamici-ci-inondino-dodio","status":"publish","type":"post","link":"https:\/\/www.rassegnastampa-totustuus.it\/cattolica\/i-social-eliminano-trump-ma-lasciano-che-i-predicatori-islamici-ci-inondino-dodio\/","title":{"rendered":"I social eliminano Trump, ma lasciano che i predicatori islamici ci inondino d\u2019odio"},"content":{"rendered":"<p style=\"text-align: center;\"><span style=\"color: #000000;\"><strong><a href=\"https:\/\/www.rassegnastampa-totustuus.it\/cattolica\/wp-content\/uploads\/2021\/01\/islam_social.png\"><img loading=\"lazy\" decoding=\"async\" class=\" wp-image-49797 alignleft\" src=\"https:\/\/www.rassegnastampa-totustuus.it\/cattolica\/wp-content\/uploads\/2021\/01\/islam_social-300x300.png\" alt=\"\" width=\"239\" height=\"239\" srcset=\"https:\/\/www.rassegnastampa-totustuus.it\/cattolica\/wp-content\/uploads\/2021\/01\/islam_social-300x300.png 300w, https:\/\/www.rassegnastampa-totustuus.it\/cattolica\/wp-content\/uploads\/2021\/01\/islam_social-150x150.png 150w, https:\/\/www.rassegnastampa-totustuus.it\/cattolica\/wp-content\/uploads\/2021\/01\/islam_social-768x771.png 768w, https:\/\/www.rassegnastampa-totustuus.it\/cattolica\/wp-content\/uploads\/2021\/01\/islam_social-1019x1024.png 1019w, https:\/\/www.rassegnastampa-totustuus.it\/cattolica\/wp-content\/uploads\/2021\/01\/islam_social.png 1346w\" sizes=\"auto, (max-width: 239px) 100vw, 239px\" \/><\/a><\/strong><b> Newletter<\/b> di Giulio Meotti 20 gennaio 2021 \u00a0\u00a0<\/span><\/p>\n<p style=\"text-align: justify;\"><span style=\"color: #000000;\"><em>Hanno decine di milioni di follower e incitano alla guerra contro i \u201cnemici dell\u2019Islam\u201d. Ma i nostri leoni liberal da tastiera li lasciano fare. C&#8217;\u00e8 anche un imam bandito dall&#8217;Italia<\/em> <\/span><\/p>\n<p style=\"text-align: center;\"><span style=\"color: #000000;\"><strong>Giulio Meotti<\/strong> <\/span><\/p>\n<p><!--more--><\/p>\n<p style=\"text-align: justify;\"><span style=\"color: #000000;\">Gli account Twitter (88 milioni di follower), Facebook (35 milioni) e Instagram di Donald Trump sono stati chiusi per \u201cincitamento\u201d. Snapchat, TikTok, Twitch, Microsoft, Youtube e Reddit hanno fatto lo stesso. E\u2019 la prima volta che un capo di stato in carica ha visto la propria libert\u00e0 di espressione soppressa in questo modo. <\/span><\/p>\n<p style=\"text-align: justify;\"><span style=\"color: #000000;\"><a href=\"https:\/\/www.rassegnastampa-totustuus.it\/cattolica\/wp-content\/uploads\/2021\/01\/social_Trump.jpg\"><img loading=\"lazy\" decoding=\"async\" class=\"size-medium wp-image-49798 alignright\" src=\"https:\/\/www.rassegnastampa-totustuus.it\/cattolica\/wp-content\/uploads\/2021\/01\/social_Trump-300x168.jpg\" alt=\"\" width=\"300\" height=\"168\" \/><\/a>Il saggista e analista francese<\/span> <span style=\"color: #0000ff;\"><a style=\"color: #0000ff;\" href=\"https:\/\/www.valeursactuelles.com\/clubvaleurs\/monde\/del-valle-la-censure-geometrie-variable-des-reseaux-sociaux-trump-banni-mais-pas-erdogan-ou-maduro-127631\" target=\"_blank\" rel=\"noreferrer noopener\">Alexandre del Valle<\/a><\/span> <span style=\"color: #000000;\">fa notare che i social cos\u00ec lesti con Trump chiudono pi\u00f9 di un occhio sui regimi islamici. Come gli account di Recep Tayyip Erdo\u011fan (17,3 milioni su Twitter, 10 milioni su Facebook), \u201cche ha insultato Emmanuel Macron, che ha minacciato i paesi della UE (Austria, Francia, Grecia, Cipro), che ha negato il genocidio armeno, che ha massacrato i curdi in Siria, che ha tentato di impadronirsi delle acque e del gas della Grecia e di Cipro del Nord, che ha sostenuto i jihadisti di Siria e Libia e che li ha inviati a massacrare gli armeni in Karabakh, che ha sostenuto Daesh\u2026.<\/span><\/p>\n<p style=\"text-align: justify;\"><span style=\"color: #000000;\">Nonostante tutto non \u00e8 mai stato sospeso dai social\u201d. I predicatori islamici sono liberissimi sui social di dire quello che vogliono. Prendiamo l&#8217;ex primo ministro malese Mahathir bin Mohamad, che ha 4 milioni di follower su Facebook e 1,3 milioni su Twitter. <\/span><\/p>\n<p style=\"text-align: justify;\"><span style=\"color: #000000;\"><a href=\"https:\/\/www.rassegnastampa-totustuus.it\/cattolica\/wp-content\/uploads\/2014\/03\/facebook.jpg\"><img loading=\"lazy\" decoding=\"async\" class=\" wp-image-6963 alignleft\" src=\"https:\/\/www.rassegnastampa-totustuus.it\/cattolica\/wp-content\/uploads\/2014\/03\/facebook.jpg\" alt=\"\" width=\"155\" height=\"155\" \/><\/a>Il 29 ottobre, su Twitter, dopo la decapitazione di Samuel Paty, Mahathir ha<\/span> <a href=\"https:\/\/www.franceinter.fr\/societe\/le-droit-de-tuer-des-millions-de-francais-le-tweet-de-l-ex-premier-ministre-malaisien-supprime\" target=\"_blank\" rel=\"noopener noreferrer\"><span style=\"color: #0000ff;\">scritto<\/span><\/a> <span style=\"color: #000000;\">che \u201ci musulmani hanno il diritto di uccidere milioni di francesi\u201d &#8230; Il tweet \u00e8 stato rimosso, l\u2019account \u00e8 sempre l\u00ec. Come quello del dittatore ceceno Ramzan Kadyrov (400.000 su Facebook), che ha<\/span><span style=\"color: #0000ff;\"> <a style=\"color: #0000ff;\" href=\"https:\/\/www.nytimes.com\/2015\/03\/10\/world\/europe\/boris-nemtsov-killing.html\" target=\"_blank\" rel=\"noopener noreferrer\">giustificato<\/a><\/span> <span style=\"color: #000000;\">il massacro a Charlie Hebdo, o dell&#8217;ayatollah Khamenei, che su Twitter ha invocato l&#8217;eliminazione di<\/span> <span style=\"color: #0000ff;\"><a style=\"color: #0000ff;\" href=\"https:\/\/twitter.com\/khamenei_ir\/status\/1263165539167371267\" target=\"_blank\" rel=\"noopener noreferrer\">Israele<\/a><\/span>.<\/p>\n<div id=\"attachment_49799\" style=\"width: 300px\" class=\"wp-caption alignright\"><a href=\"https:\/\/www.rassegnastampa-totustuus.it\/cattolica\/wp-content\/uploads\/2021\/01\/Tareq-Al-Suwaidan_islam.jpg\"><img loading=\"lazy\" decoding=\"async\" aria-describedby=\"caption-attachment-49799\" class=\"wp-image-49799 size-medium\" src=\"https:\/\/www.rassegnastampa-totustuus.it\/cattolica\/wp-content\/uploads\/2021\/01\/Tareq-Al-Suwaidan_islam-300x169.jpg\" alt=\"\" width=\"300\" height=\"169\" srcset=\"https:\/\/www.rassegnastampa-totustuus.it\/cattolica\/wp-content\/uploads\/2021\/01\/Tareq-Al-Suwaidan_islam-300x169.jpg 300w, https:\/\/www.rassegnastampa-totustuus.it\/cattolica\/wp-content\/uploads\/2021\/01\/Tareq-Al-Suwaidan_islam-768x432.jpg 768w, https:\/\/www.rassegnastampa-totustuus.it\/cattolica\/wp-content\/uploads\/2021\/01\/Tareq-Al-Suwaidan_islam.jpg 1000w\" sizes=\"auto, (max-width: 300px) 100vw, 300px\" \/><\/a><p id=\"caption-attachment-49799\" class=\"wp-caption-text\">Tareq Al-Suwaidan<\/p><\/div>\n<p style=\"text-align: justify;\"><span style=\"color: #000000;\">Tra i 200 account nel mondo con il maggior numero di seguaci ci sono quelli di tanti predicatori salafiti o dei Fratelli musulmani: Mohamed al-Arifi (21,4 milioni di follower su Twitter; 25 milioni su Facebook, primo account saudita, primo account religioso al mondo e 86esimo al mondo) che\u00a0giustifica il<\/span> <span style=\"color: #0000ff;\"><a style=\"color: #0000ff;\" href=\"https:\/\/www.memri.org\/tv\/saudi-cleric-muhammad-al-arifi-explains-wife-beating-islam-young-muslims-ramadhan-show\" target=\"_blank\" rel=\"noopener noreferrer\">diritto di picchiare la moglie<\/a>;<\/span> <span style=\"color: #000000;\">Ayid al-Qarni (19 milioni di follower su Twitter) che combatte i valori occidentali; Ahmad Al Shugairi (18 milioni), che sostiene l&#8217;odio per i \u201cmiscredenti\u201d; Salman al-Ouda (14,2 milioni), fino al pi\u00f9 famoso dei predicatori dei Fratelli Musulmani, Youssef Al Qardaoui (642.362 su Facebook), mai bandito dai social mentre chiedeva l&#8217;uccisione di apostati, ebrei, omosessuali, adulteri e che ha giustificato gli attacchi suicidi&#8230; <\/span><\/p>\n<p style=\"text-align: justify;\"><span style=\"color: #000000;\">Cinguetta beato su Twitter Hani Ramadan, fratello di Tariq, che sostiene la<\/span> <a href=\"https:\/\/www.lepoint.fr\/societe\/hani-ramadan-revient-sur-ses-propos-sur-les-femmes-non-voilees-20-06-2016-2048202_23.php\" target=\"_blank\" rel=\"noopener noreferrer\"><span style=\"color: #0000ff;\">lapidazione<\/span><\/a> <span style=\"color: #000000;\">ed espulso dalla Francia. Cos\u00ec come continua a cinguettare ai suoi 10 milioni di follone<\/span> <span style=\"color: #0000ff;\"><a style=\"color: #0000ff;\" href=\"https:\/\/www.veronasera.it\/cronaca\/imam-tareq-al-suwaidan-ingresso-vietato-italia-islam-conferenza-odio-7-aprile-2016.html\" target=\"_blank\" rel=\"noopener noreferrer\">Tareq al-Suwaidan<\/a>,<\/span> <span style=\"color: #000000;\">il predicatore bandito dal Belgio, dagli Stati Uniti e dall\u2019Italia per le sue idee. <\/span><\/p>\n<p style=\"text-align: justify;\"><span style=\"color: #000000;\">Chiamatelo multiculturalismo digitale.\u00a0 <\/span><\/p>\n<p style=\"text-align: justify;\"><span style=\"color: #000000;\"><em>Contro le vostre leggi vi conquisteremo e con le nostre leggi vi domineremo\u2026<\/em><\/span><\/p>\n","protected":false},"excerpt":{"rendered":"<p>Newletter di Giulio Meotti 20 gennaio 2021 \u00a0\u00a0 Hanno decine di milioni di follower e incitano alla guerra contro i \u201cnemici dell\u2019Islam\u201d. Ma i nostri leoni liberal da tastiera li lasciano fare. C&#8217;\u00e8 anche un imam bandito dall&#8217;Italia Giulio Meotti<\/p><p><a class=\"more-link btn\" href=\"https:\/\/www.rassegnastampa-totustuus.it\/cattolica\/i-social-eliminano-trump-ma-lasciano-che-i-predicatori-islamici-ci-inondino-dodio\/\">Continua a leggere<\/a><\/p>\n","protected":false},"author":6,"featured_media":49797,"comment_status":"closed","ping_status":"closed","sticky":false,"template":"","format":"standard","meta":{"footnotes":""},"categories":[16,25],"tags":[1422,161,195,2773],"class_list":["post-49796","post","type-post","status-publish","format-standard","has-post-thumbnail","hentry","category-islam","category-sguardo-sul-nostro-tempo","tag-censura","tag-islam-2","tag-media","tag-social-network","item-wrap"],"yoast_head":"<!-- This site is optimized with the Yoast SEO plugin v27.5 - https:\/\/yoast.com\/product\/yoast-seo-wordpress\/ -->\n<title>I social eliminano Trump, ma lasciano che i predicatori islamici ci inondino d\u2019odio - Rassegna Stampa Cattolica<\/title>\n<meta name=\"description\" content=\"Rassegna Stampa Cattolica - Per una cultura che nasce dalla Rivelazione cristiana in conformit\u00e0 alla tradizione e al Magistero della Chiesa in opposizione ad ogni relativismo e totalitarismo\" \/>\n<meta name=\"robots\" content=\"index, follow, max-snippet:-1, max-image-preview:large, max-video-preview:-1\" \/>\n<link rel=\"canonical\" href=\"https:\/\/www.rassegnastampa-totustuus.it\/cattolica\/i-social-eliminano-trump-ma-lasciano-che-i-predicatori-islamici-ci-inondino-dodio\/\" \/>\n<meta property=\"og:locale\" content=\"it_IT\" \/>\n<meta property=\"og:type\" content=\"article\" \/>\n<meta property=\"og:title\" content=\"I social eliminano Trump, ma lasciano che i predicatori islamici ci inondino d\u2019odio - Rassegna Stampa Cattolica\" \/>\n<meta property=\"og:description\" content=\"Rassegna Stampa Cattolica - Per una cultura che nasce dalla Rivelazione cristiana in conformit\u00e0 alla tradizione e al Magistero della Chiesa in opposizione ad ogni relativismo e totalitarismo\" \/>\n<meta property=\"og:url\" content=\"https:\/\/www.rassegnastampa-totustuus.it\/cattolica\/i-social-eliminano-trump-ma-lasciano-che-i-predicatori-islamici-ci-inondino-dodio\/\" \/>\n<meta property=\"og:site_name\" content=\"Rassegna Stampa Cattolica\" \/>\n<meta property=\"article:publisher\" content=\"https:\/\/www.facebook.com\/rassegnastampacattolica\" \/>\n<meta property=\"article:published_time\" content=\"2021-01-27T23:00:42+00:00\" \/>\n<meta property=\"og:image\" content=\"https:\/\/www.rassegnastampa-totustuus.it\/cattolica\/wp-content\/uploads\/2021\/01\/islam_social.png\" \/>\n\t<meta property=\"og:image:width\" content=\"1346\" \/>\n\t<meta property=\"og:image:height\" content=\"1352\" \/>\n\t<meta property=\"og:image:type\" content=\"image\/png\" \/>\n<meta name=\"author\" content=\"Redazione\" \/>\n<meta name=\"twitter:card\" content=\"summary_large_image\" \/>\n<meta name=\"twitter:creator\" content=\"@rassegnastampa9\" \/>\n<meta name=\"twitter:site\" content=\"@rassegnastampa9\" \/>\n<meta name=\"twitter:label1\" content=\"Scritto da\" \/>\n\t<meta name=\"twitter:data1\" content=\"Redazione\" \/>\n\t<meta name=\"twitter:label2\" content=\"Tempo di lettura stimato\" \/>\n\t<meta name=\"twitter:data2\" content=\"2 minuti\" \/>\n<script type=\"application\/ld+json\" class=\"yoast-schema-graph\">{\"@context\":\"https:\\\/\\\/schema.org\",\"@graph\":[{\"@type\":\"Article\",\"@id\":\"https:\\\/\\\/www.rassegnastampa-totustuus.it\\\/cattolica\\\/i-social-eliminano-trump-ma-lasciano-che-i-predicatori-islamici-ci-inondino-dodio\\\/#article\",\"isPartOf\":{\"@id\":\"https:\\\/\\\/www.rassegnastampa-totustuus.it\\\/cattolica\\\/i-social-eliminano-trump-ma-lasciano-che-i-predicatori-islamici-ci-inondino-dodio\\\/\"},\"author\":{\"name\":\"Redazione\",\"@id\":\"https:\\\/\\\/www.rassegnastampa-totustuus.it\\\/cattolica\\\/#\\\/schema\\\/person\\\/08f319d2bd1a0904ad9e2bfb7b15e5c3\"},\"headline\":\"I social eliminano Trump, ma lasciano che i predicatori islamici ci inondino d\u2019odio\",\"datePublished\":\"2021-01-27T23:00:42+00:00\",\"mainEntityOfPage\":{\"@id\":\"https:\\\/\\\/www.rassegnastampa-totustuus.it\\\/cattolica\\\/i-social-eliminano-trump-ma-lasciano-che-i-predicatori-islamici-ci-inondino-dodio\\\/\"},\"wordCount\":496,\"publisher\":{\"@id\":\"https:\\\/\\\/www.rassegnastampa-totustuus.it\\\/cattolica\\\/#organization\"},\"image\":{\"@id\":\"https:\\\/\\\/www.rassegnastampa-totustuus.it\\\/cattolica\\\/i-social-eliminano-trump-ma-lasciano-che-i-predicatori-islamici-ci-inondino-dodio\\\/#primaryimage\"},\"thumbnailUrl\":\"https:\\\/\\\/www.rassegnastampa-totustuus.it\\\/cattolica\\\/wp-content\\\/uploads\\\/2021\\\/01\\\/islam_social.png\",\"keywords\":[\"censura\",\"islam\",\"media\",\"social network\"],\"articleSection\":[\"Islam\",\"Sguardo sul nostro tempo\"],\"inLanguage\":\"it-IT\"},{\"@type\":\"WebPage\",\"@id\":\"https:\\\/\\\/www.rassegnastampa-totustuus.it\\\/cattolica\\\/i-social-eliminano-trump-ma-lasciano-che-i-predicatori-islamici-ci-inondino-dodio\\\/\",\"url\":\"https:\\\/\\\/www.rassegnastampa-totustuus.it\\\/cattolica\\\/i-social-eliminano-trump-ma-lasciano-che-i-predicatori-islamici-ci-inondino-dodio\\\/\",\"name\":\"I social eliminano Trump, ma lasciano che i predicatori islamici ci inondino d\u2019odio - Rassegna Stampa Cattolica\",\"isPartOf\":{\"@id\":\"https:\\\/\\\/www.rassegnastampa-totustuus.it\\\/cattolica\\\/#website\"},\"primaryImageOfPage\":{\"@id\":\"https:\\\/\\\/www.rassegnastampa-totustuus.it\\\/cattolica\\\/i-social-eliminano-trump-ma-lasciano-che-i-predicatori-islamici-ci-inondino-dodio\\\/#primaryimage\"},\"image\":{\"@id\":\"https:\\\/\\\/www.rassegnastampa-totustuus.it\\\/cattolica\\\/i-social-eliminano-trump-ma-lasciano-che-i-predicatori-islamici-ci-inondino-dodio\\\/#primaryimage\"},\"thumbnailUrl\":\"https:\\\/\\\/www.rassegnastampa-totustuus.it\\\/cattolica\\\/wp-content\\\/uploads\\\/2021\\\/01\\\/islam_social.png\",\"datePublished\":\"2021-01-27T23:00:42+00:00\",\"description\":\"Rassegna Stampa Cattolica - Per una cultura che nasce dalla Rivelazione cristiana in conformit\u00e0 alla tradizione e al Magistero della Chiesa in opposizione ad ogni relativismo e totalitarismo\",\"breadcrumb\":{\"@id\":\"https:\\\/\\\/www.rassegnastampa-totustuus.it\\\/cattolica\\\/i-social-eliminano-trump-ma-lasciano-che-i-predicatori-islamici-ci-inondino-dodio\\\/#breadcrumb\"},\"inLanguage\":\"it-IT\",\"potentialAction\":[{\"@type\":\"ReadAction\",\"target\":[\"https:\\\/\\\/www.rassegnastampa-totustuus.it\\\/cattolica\\\/i-social-eliminano-trump-ma-lasciano-che-i-predicatori-islamici-ci-inondino-dodio\\\/\"]}]},{\"@type\":\"ImageObject\",\"inLanguage\":\"it-IT\",\"@id\":\"https:\\\/\\\/www.rassegnastampa-totustuus.it\\\/cattolica\\\/i-social-eliminano-trump-ma-lasciano-che-i-predicatori-islamici-ci-inondino-dodio\\\/#primaryimage\",\"url\":\"https:\\\/\\\/www.rassegnastampa-totustuus.it\\\/cattolica\\\/wp-content\\\/uploads\\\/2021\\\/01\\\/islam_social.png\",\"contentUrl\":\"https:\\\/\\\/www.rassegnastampa-totustuus.it\\\/cattolica\\\/wp-content\\\/uploads\\\/2021\\\/01\\\/islam_social.png\",\"width\":1346,\"height\":1352},{\"@type\":\"BreadcrumbList\",\"@id\":\"https:\\\/\\\/www.rassegnastampa-totustuus.it\\\/cattolica\\\/i-social-eliminano-trump-ma-lasciano-che-i-predicatori-islamici-ci-inondino-dodio\\\/#breadcrumb\",\"itemListElement\":[{\"@type\":\"ListItem\",\"position\":1,\"name\":\"Home\",\"item\":\"https:\\\/\\\/www.rassegnastampa-totustuus.it\\\/cattolica\\\/\"},{\"@type\":\"ListItem\",\"position\":2,\"name\":\"I social eliminano Trump, ma lasciano che i predicatori islamici ci inondino d\u2019odio\"}]},{\"@type\":\"WebSite\",\"@id\":\"https:\\\/\\\/www.rassegnastampa-totustuus.it\\\/cattolica\\\/#website\",\"url\":\"https:\\\/\\\/www.rassegnastampa-totustuus.it\\\/cattolica\\\/\",\"name\":\"Rassegna Stampa Cattolica\",\"description\":\"Per una cultura che nasce dalla Rivelazione cristiana in conformit\u00e0 alla tradizione e al Magistero della Chiesa in opposizione ad ogni relativismo e totalitarismo\",\"publisher\":{\"@id\":\"https:\\\/\\\/www.rassegnastampa-totustuus.it\\\/cattolica\\\/#organization\"},\"alternateName\":\"Rass. Cattolica\",\"potentialAction\":[{\"@type\":\"SearchAction\",\"target\":{\"@type\":\"EntryPoint\",\"urlTemplate\":\"https:\\\/\\\/www.rassegnastampa-totustuus.it\\\/cattolica\\\/?s={search_term_string}\"},\"query-input\":{\"@type\":\"PropertyValueSpecification\",\"valueRequired\":true,\"valueName\":\"search_term_string\"}}],\"inLanguage\":\"it-IT\"},{\"@type\":\"Organization\",\"@id\":\"https:\\\/\\\/www.rassegnastampa-totustuus.it\\\/cattolica\\\/#organization\",\"name\":\"Rassegna Stampa Cattolica\",\"url\":\"https:\\\/\\\/www.rassegnastampa-totustuus.it\\\/cattolica\\\/\",\"logo\":{\"@type\":\"ImageObject\",\"inLanguage\":\"it-IT\",\"@id\":\"https:\\\/\\\/www.rassegnastampa-totustuus.it\\\/cattolica\\\/#\\\/schema\\\/logo\\\/image\\\/\",\"url\":\"https:\\\/\\\/www.rassegnastampa-totustuus.it\\\/cattolica\\\/wp-content\\\/uploads\\\/2014\\\/04\\\/logo-rassegna1.gif\",\"contentUrl\":\"https:\\\/\\\/www.rassegnastampa-totustuus.it\\\/cattolica\\\/wp-content\\\/uploads\\\/2014\\\/04\\\/logo-rassegna1.gif\",\"width\":600,\"height\":163,\"caption\":\"Rassegna Stampa Cattolica\"},\"image\":{\"@id\":\"https:\\\/\\\/www.rassegnastampa-totustuus.it\\\/cattolica\\\/#\\\/schema\\\/logo\\\/image\\\/\"},\"sameAs\":[\"https:\\\/\\\/www.facebook.com\\\/rassegnastampacattolica\",\"https:\\\/\\\/x.com\\\/rassegnastampa9\"]},{\"@type\":\"Person\",\"@id\":\"https:\\\/\\\/www.rassegnastampa-totustuus.it\\\/cattolica\\\/#\\\/schema\\\/person\\\/08f319d2bd1a0904ad9e2bfb7b15e5c3\",\"name\":\"Redazione\",\"image\":{\"@type\":\"ImageObject\",\"inLanguage\":\"it-IT\",\"@id\":\"https:\\\/\\\/secure.gravatar.com\\\/avatar\\\/2fcdf27c78ea025fbdb44e914cc63c72249ffec9dc8aafd5c82b26240ef3f346?s=96&d=mm&r=g\",\"url\":\"https:\\\/\\\/secure.gravatar.com\\\/avatar\\\/2fcdf27c78ea025fbdb44e914cc63c72249ffec9dc8aafd5c82b26240ef3f346?s=96&d=mm&r=g\",\"contentUrl\":\"https:\\\/\\\/secure.gravatar.com\\\/avatar\\\/2fcdf27c78ea025fbdb44e914cc63c72249ffec9dc8aafd5c82b26240ef3f346?s=96&d=mm&r=g\",\"caption\":\"Redazione\"},\"url\":\"https:\\\/\\\/www.rassegnastampa-totustuus.it\\\/cattolica\\\/author\\\/pietroelle\\\/\"}]}<\/script>\n<!-- \/ Yoast SEO plugin. -->","yoast_head_json":{"title":"I social eliminano Trump, ma lasciano che i predicatori islamici ci inondino d\u2019odio - Rassegna Stampa Cattolica","description":"Rassegna Stampa Cattolica - Per una cultura che nasce dalla Rivelazione cristiana in conformit\u00e0 alla tradizione e al Magistero della Chiesa in opposizione ad ogni relativismo e totalitarismo","robots":{"index":"index","follow":"follow","max-snippet":"max-snippet:-1","max-image-preview":"max-image-preview:large","max-video-preview":"max-video-preview:-1"},"canonical":"https:\/\/www.rassegnastampa-totustuus.it\/cattolica\/i-social-eliminano-trump-ma-lasciano-che-i-predicatori-islamici-ci-inondino-dodio\/","og_locale":"it_IT","og_type":"article","og_title":"I social eliminano Trump, ma lasciano che i predicatori islamici ci inondino d\u2019odio - Rassegna Stampa Cattolica","og_description":"Rassegna Stampa Cattolica - Per una cultura che nasce dalla Rivelazione cristiana in conformit\u00e0 alla tradizione e al Magistero della Chiesa in opposizione ad ogni relativismo e totalitarismo","og_url":"https:\/\/www.rassegnastampa-totustuus.it\/cattolica\/i-social-eliminano-trump-ma-lasciano-che-i-predicatori-islamici-ci-inondino-dodio\/","og_site_name":"Rassegna Stampa Cattolica","article_publisher":"https:\/\/www.facebook.com\/rassegnastampacattolica","article_published_time":"2021-01-27T23:00:42+00:00","og_image":[{"width":1346,"height":1352,"url":"https:\/\/www.rassegnastampa-totustuus.it\/cattolica\/wp-content\/uploads\/2021\/01\/islam_social.png","type":"image\/png"}],"author":"Redazione","twitter_card":"summary_large_image","twitter_creator":"@rassegnastampa9","twitter_site":"@rassegnastampa9","twitter_misc":{"Scritto da":"Redazione","Tempo di lettura stimato":"2 minuti"},"schema":{"@context":"https:\/\/schema.org","@graph":[{"@type":"Article","@id":"https:\/\/www.rassegnastampa-totustuus.it\/cattolica\/i-social-eliminano-trump-ma-lasciano-che-i-predicatori-islamici-ci-inondino-dodio\/#article","isPartOf":{"@id":"https:\/\/www.rassegnastampa-totustuus.it\/cattolica\/i-social-eliminano-trump-ma-lasciano-che-i-predicatori-islamici-ci-inondino-dodio\/"},"author":{"name":"Redazione","@id":"https:\/\/www.rassegnastampa-totustuus.it\/cattolica\/#\/schema\/person\/08f319d2bd1a0904ad9e2bfb7b15e5c3"},"headline":"I social eliminano Trump, ma lasciano che i predicatori islamici ci inondino d\u2019odio","datePublished":"2021-01-27T23:00:42+00:00","mainEntityOfPage":{"@id":"https:\/\/www.rassegnastampa-totustuus.it\/cattolica\/i-social-eliminano-trump-ma-lasciano-che-i-predicatori-islamici-ci-inondino-dodio\/"},"wordCount":496,"publisher":{"@id":"https:\/\/www.rassegnastampa-totustuus.it\/cattolica\/#organization"},"image":{"@id":"https:\/\/www.rassegnastampa-totustuus.it\/cattolica\/i-social-eliminano-trump-ma-lasciano-che-i-predicatori-islamici-ci-inondino-dodio\/#primaryimage"},"thumbnailUrl":"https:\/\/www.rassegnastampa-totustuus.it\/cattolica\/wp-content\/uploads\/2021\/01\/islam_social.png","keywords":["censura","islam","media","social network"],"articleSection":["Islam","Sguardo sul nostro tempo"],"inLanguage":"it-IT"},{"@type":"WebPage","@id":"https:\/\/www.rassegnastampa-totustuus.it\/cattolica\/i-social-eliminano-trump-ma-lasciano-che-i-predicatori-islamici-ci-inondino-dodio\/","url":"https:\/\/www.rassegnastampa-totustuus.it\/cattolica\/i-social-eliminano-trump-ma-lasciano-che-i-predicatori-islamici-ci-inondino-dodio\/","name":"I social eliminano Trump, ma lasciano che i predicatori islamici ci inondino d\u2019odio - Rassegna Stampa Cattolica","isPartOf":{"@id":"https:\/\/www.rassegnastampa-totustuus.it\/cattolica\/#website"},"primaryImageOfPage":{"@id":"https:\/\/www.rassegnastampa-totustuus.it\/cattolica\/i-social-eliminano-trump-ma-lasciano-che-i-predicatori-islamici-ci-inondino-dodio\/#primaryimage"},"image":{"@id":"https:\/\/www.rassegnastampa-totustuus.it\/cattolica\/i-social-eliminano-trump-ma-lasciano-che-i-predicatori-islamici-ci-inondino-dodio\/#primaryimage"},"thumbnailUrl":"https:\/\/www.rassegnastampa-totustuus.it\/cattolica\/wp-content\/uploads\/2021\/01\/islam_social.png","datePublished":"2021-01-27T23:00:42+00:00","description":"Rassegna Stampa Cattolica - Per una cultura che nasce dalla Rivelazione cristiana in conformit\u00e0 alla tradizione e al Magistero della Chiesa in opposizione ad ogni relativismo e totalitarismo","breadcrumb":{"@id":"https:\/\/www.rassegnastampa-totustuus.it\/cattolica\/i-social-eliminano-trump-ma-lasciano-che-i-predicatori-islamici-ci-inondino-dodio\/#breadcrumb"},"inLanguage":"it-IT","potentialAction":[{"@type":"ReadAction","target":["https:\/\/www.rassegnastampa-totustuus.it\/cattolica\/i-social-eliminano-trump-ma-lasciano-che-i-predicatori-islamici-ci-inondino-dodio\/"]}]},{"@type":"ImageObject","inLanguage":"it-IT","@id":"https:\/\/www.rassegnastampa-totustuus.it\/cattolica\/i-social-eliminano-trump-ma-lasciano-che-i-predicatori-islamici-ci-inondino-dodio\/#primaryimage","url":"https:\/\/www.rassegnastampa-totustuus.it\/cattolica\/wp-content\/uploads\/2021\/01\/islam_social.png","contentUrl":"https:\/\/www.rassegnastampa-totustuus.it\/cattolica\/wp-content\/uploads\/2021\/01\/islam_social.png","width":1346,"height":1352},{"@type":"BreadcrumbList","@id":"https:\/\/www.rassegnastampa-totustuus.it\/cattolica\/i-social-eliminano-trump-ma-lasciano-che-i-predicatori-islamici-ci-inondino-dodio\/#breadcrumb","itemListElement":[{"@type":"ListItem","position":1,"name":"Home","item":"https:\/\/www.rassegnastampa-totustuus.it\/cattolica\/"},{"@type":"ListItem","position":2,"name":"I social eliminano Trump, ma lasciano che i predicatori islamici ci inondino d\u2019odio"}]},{"@type":"WebSite","@id":"https:\/\/www.rassegnastampa-totustuus.it\/cattolica\/#website","url":"https:\/\/www.rassegnastampa-totustuus.it\/cattolica\/","name":"Rassegna Stampa Cattolica","description":"Per una cultura che nasce dalla Rivelazione cristiana in conformit\u00e0 alla tradizione e al Magistero della Chiesa in opposizione ad ogni relativismo e totalitarismo","publisher":{"@id":"https:\/\/www.rassegnastampa-totustuus.it\/cattolica\/#organization"},"alternateName":"Rass. Cattolica","potentialAction":[{"@type":"SearchAction","target":{"@type":"EntryPoint","urlTemplate":"https:\/\/www.rassegnastampa-totustuus.it\/cattolica\/?s={search_term_string}"},"query-input":{"@type":"PropertyValueSpecification","valueRequired":true,"valueName":"search_term_string"}}],"inLanguage":"it-IT"},{"@type":"Organization","@id":"https:\/\/www.rassegnastampa-totustuus.it\/cattolica\/#organization","name":"Rassegna Stampa Cattolica","url":"https:\/\/www.rassegnastampa-totustuus.it\/cattolica\/","logo":{"@type":"ImageObject","inLanguage":"it-IT","@id":"https:\/\/www.rassegnastampa-totustuus.it\/cattolica\/#\/schema\/logo\/image\/","url":"https:\/\/www.rassegnastampa-totustuus.it\/cattolica\/wp-content\/uploads\/2014\/04\/logo-rassegna1.gif","contentUrl":"https:\/\/www.rassegnastampa-totustuus.it\/cattolica\/wp-content\/uploads\/2014\/04\/logo-rassegna1.gif","width":600,"height":163,"caption":"Rassegna Stampa Cattolica"},"image":{"@id":"https:\/\/www.rassegnastampa-totustuus.it\/cattolica\/#\/schema\/logo\/image\/"},"sameAs":["https:\/\/www.facebook.com\/rassegnastampacattolica","https:\/\/x.com\/rassegnastampa9"]},{"@type":"Person","@id":"https:\/\/www.rassegnastampa-totustuus.it\/cattolica\/#\/schema\/person\/08f319d2bd1a0904ad9e2bfb7b15e5c3","name":"Redazione","image":{"@type":"ImageObject","inLanguage":"it-IT","@id":"https:\/\/secure.gravatar.com\/avatar\/2fcdf27c78ea025fbdb44e914cc63c72249ffec9dc8aafd5c82b26240ef3f346?s=96&d=mm&r=g","url":"https:\/\/secure.gravatar.com\/avatar\/2fcdf27c78ea025fbdb44e914cc63c72249ffec9dc8aafd5c82b26240ef3f346?s=96&d=mm&r=g","contentUrl":"https:\/\/secure.gravatar.com\/avatar\/2fcdf27c78ea025fbdb44e914cc63c72249ffec9dc8aafd5c82b26240ef3f346?s=96&d=mm&r=g","caption":"Redazione"},"url":"https:\/\/www.rassegnastampa-totustuus.it\/cattolica\/author\/pietroelle\/"}]}},"_links":{"self":[{"href":"https:\/\/www.rassegnastampa-totustuus.it\/cattolica\/wp-json\/wp\/v2\/posts\/49796","targetHints":{"allow":["GET"]}}],"collection":[{"href":"https:\/\/www.rassegnastampa-totustuus.it\/cattolica\/wp-json\/wp\/v2\/posts"}],"about":[{"href":"https:\/\/www.rassegnastampa-totustuus.it\/cattolica\/wp-json\/wp\/v2\/types\/post"}],"author":[{"embeddable":true,"href":"https:\/\/www.rassegnastampa-totustuus.it\/cattolica\/wp-json\/wp\/v2\/users\/6"}],"replies":[{"embeddable":true,"href":"https:\/\/www.rassegnastampa-totustuus.it\/cattolica\/wp-json\/wp\/v2\/comments?post=49796"}],"version-history":[{"count":2,"href":"https:\/\/www.rassegnastampa-totustuus.it\/cattolica\/wp-json\/wp\/v2\/posts\/49796\/revisions"}],"predecessor-version":[{"id":49801,"href":"https:\/\/www.rassegnastampa-totustuus.it\/cattolica\/wp-json\/wp\/v2\/posts\/49796\/revisions\/49801"}],"wp:featuredmedia":[{"embeddable":true,"href":"https:\/\/www.rassegnastampa-totustuus.it\/cattolica\/wp-json\/wp\/v2\/media\/49797"}],"wp:attachment":[{"href":"https:\/\/www.rassegnastampa-totustuus.it\/cattolica\/wp-json\/wp\/v2\/media?parent=49796"}],"wp:term":[{"taxonomy":"category","embeddable":true,"href":"https:\/\/www.rassegnastampa-totustuus.it\/cattolica\/wp-json\/wp\/v2\/categories?post=49796"},{"taxonomy":"post_tag","embeddable":true,"href":"https:\/\/www.rassegnastampa-totustuus.it\/cattolica\/wp-json\/wp\/v2\/tags?post=49796"}],"curies":[{"name":"wp","href":"https:\/\/api.w.org\/{rel}","templated":true}]}}