{"id":49721,"date":"2021-01-14T00:00:37","date_gmt":"2021-01-13T23:00:37","guid":{"rendered":"http:\/\/www.rassegnastampa-totustuus.it\/cattolica\/?p=49721"},"modified":"2021-01-10T14:55:06","modified_gmt":"2021-01-10T13:55:06","slug":"la-pseudocultura-di-sinistra-fa-scempio-dellitalia-anche-dellarte","status":"publish","type":"post","link":"https:\/\/www.rassegnastampa-totustuus.it\/cattolica\/la-pseudocultura-di-sinistra-fa-scempio-dellitalia-anche-dellarte\/","title":{"rendered":"La pseudocultura di Sinistra fa scempio dell\u2019Italia, anche dell\u2019arte\u2026*"},"content":{"rendered":"<p style=\"text-align: center;\"><span style=\"color: #000000;\"><strong><a href=\"https:\/\/www.rassegnastampa-totustuus.it\/cattolica\/wp-content\/uploads\/2021\/01\/arte_comunimo.jpg\"><img loading=\"lazy\" decoding=\"async\" class=\"size-full wp-image-49728 alignleft\" src=\"https:\/\/www.rassegnastampa-totustuus.it\/cattolica\/wp-content\/uploads\/2021\/01\/arte_comunimo.jpg\" alt=\"\" width=\"254\" height=\"198\" \/><\/a>Informazione Cattolica<\/strong> 9 gennaio 2021 <\/span><\/p>\n<p style=\"text-align: center;\"><span style=\"color: #000000;\"><strong>Dalmazio Frau<\/strong><\/span><\/p>\n<p style=\"text-align: justify;\"><span style=\"color: #000000;\">Cominciamo con il dire, senza nasconderci la cruda realt\u00e0, che se in tutti questi decenni non si fosse verificata un\u2019assenza nel campo artistico e culturale da parte della Destra, in Italia, l\u2019occupazione <em>manu militari<\/em> effettuata dalla Sinistra, sin dal secondo dopoguerra, non sarebbe stata possibile.<\/span><\/p>\n<p><span style=\"color: #000000;\"><!--more--><\/span><\/p>\n<p style=\"text-align: justify;\"><span style=\"color: #000000;\">Antonio Gramsci aveva ben compreso che impadronirsi di settori fondamentali, quali quello giudiziario e quello culturale \u2013 dunque con esso l\u2019arte \u2013 avrebbe consentito un vero e proprio governo occulto, ma potentissimo, in mano alla Sinistra, allora dipendente dall\u2019Unione Sovietica. Oggi, caduto il muro di Berlino, con una Russia che non ha pi\u00f9 il marchio del bolscevismo e dello stalinismo, tuttavia l\u2019impero culturale della Sinistra italiana continua pressoch\u00e9 inalterato, seppur mostrando ogni giorno di pi\u00f9, i propri piedi d\u2019argilla e il proprio fallimento. <\/span><\/p>\n<p style=\"text-align: justify;\"><span style=\"color: #000000;\"><a href=\"https:\/\/www.rassegnastampa-totustuus.it\/cattolica\/wp-content\/uploads\/2019\/03\/Antonio_Gramsci.jpg\"><img loading=\"lazy\" decoding=\"async\" class=\"size-full wp-image-42536 alignright\" src=\"https:\/\/www.rassegnastampa-totustuus.it\/cattolica\/wp-content\/uploads\/2019\/03\/Antonio_Gramsci.jpg\" alt=\"\" width=\"259\" height=\"194\" \/><\/a>Fallimento che comunque viene ancor ben mascherato, perch\u00e9 dall\u2019altra parte non si \u00e8 in grado, tranne pochissimi, isolati casi, di opporsi e d\u2019imporsi con la forza delle idee. Forse perch\u00e9 idee ne esistono molto poche, spesso soverchiate da paure, da irragionevoli timori nel mostrarsi politicamente scorretti o poco democratici e intolleranti. Insomma, se pur l\u2019arte e la cultura imposte dalla Sinistra italiana sono state incapaci di segnare realmente il corso della storia umana, ancora aspettiamo di vedere una risposta coraggiosa e vibrante da parte della Destra.<\/span><\/p>\n<p style=\"text-align: justify;\"><span style=\"color: #000000;\">Ottant\u2019anni di disattenzione e disinteresse alle tematiche del Bello e dell\u2019arte, hanno consentito alla pseudocultura di Sinistra di far scempio dell\u2019Italia, e questo \u00e8 un dato di fatto inoppugnabile come lo \u00e8 che il Bello sia un valore assoluto e oggettivo, vorremmo ricordarlo questo, anche se tale affermazione suona dolorosamente quanto politicamente scorretta alle orecchie di chi si \u00e8 costruito su una certa pseudocultura che vorrebbe \u201cin arte tutto \u00e8 lecito\u201d.<\/span><\/p>\n<p style=\"text-align: justify;\"><span style=\"color: #000000;\">Il che comporta una domanda che, da tempo non ha trovato esauriente risposta, ovvero: Perch\u00e9 la \u201ccultura di destra\u201d ha tanto in odio l\u2019arte? O meglio ancora sarebbe chiedersi se l\u2019attuale destra in Italia, abbia cognizione di cosa significhi arte e soprattutto \u201cfare arte\u201d.<\/span><\/p>\n<p style=\"text-align: justify;\"><span style=\"color: #000000;\"><a href=\"https:\/\/www.rassegnastampa-totustuus.it\/cattolica\/wp-content\/uploads\/2021\/01\/arte_futurismo.jpg\"><img loading=\"lazy\" decoding=\"async\" class=\" wp-image-49729 alignleft\" src=\"https:\/\/www.rassegnastampa-totustuus.it\/cattolica\/wp-content\/uploads\/2021\/01\/arte_futurismo.jpg\" alt=\"\" width=\"344\" height=\"225\" \/><\/a>Eppure in un passato forse oggi troppo lontano, la Destra italiana fu realmente innovativa anche in campo artistico, avendo avuto un coraggio e una forza vitale, uno slancio eroico, che la Sinistra non possedeva sin dai tempi della Rivoluzione d\u2019Ottobre. \u00c8 dal pensiero rivoluzionario della Destra successiva alla Grande Guerra, dai suoi \u201cintellettuali\u201d che, per esempio, sono nati il Movimento Futurista e quella forma unica al mondo di <em>art d\u00e9co<\/em> che \u00e8 il Razionalismo italiano, da cui poi lo Stile Littorio. \u00c8 stata la Destra italiana ad aver creato il Realismo Magico degli anni Trenta in pittura e la Metafisica sino all\u2019espressione Dada del Barone Julius Evola.<\/span><\/p>\n<p style=\"text-align: justify;\"><span style=\"color: #000000;\">Quelle erano le vere, ardite, innovative e coraggiose avanguardie artistiche del Novecento. Motivi e canoni che rispecchiavano il Bello e la Bellezza sia nelle forme sia nei contenuti, che ricordavano al mondo come essefosseroArmonia, Ritmo nell\u2019architettura e nella decorazione.<\/span><\/p>\n<p style=\"text-align: justify;\"><span style=\"color: #000000;\"> <a href=\"https:\/\/www.rassegnastampa-totustuus.it\/cattolica\/wp-content\/uploads\/2020\/06\/citt\u00e0_periferia_architettura.jpg\"><img loading=\"lazy\" decoding=\"async\" class=\" wp-image-47379 alignright\" src=\"https:\/\/www.rassegnastampa-totustuus.it\/cattolica\/wp-content\/uploads\/2020\/06\/citt\u00e0_periferia_architettura.jpg\" alt=\"\" width=\"310\" height=\"231\" \/><\/a>Invece durante tutti questi lunghi anni di repubblica rigorosamente e dichiaratamente antifascista, si \u00e8 lasciato devastare anche il paesaggio &#8211; che \u00e8 un\u2019altra delle grandi fonti turistiche e culturali che abbiamo a disposizione, e dunque ancora una straordinaria risorsa economica &#8211; con l\u2019impianto d\u2019incubi eolici inutili, con distese di cellule fotovoltaiche sui vigneti e sugli uliveti della penisola. \u00c8 stata consentita la cementificazione d\u2019intere regioni, dove sarebbe stato sufficiente una ristrutturazione eseguita con criterio. Non avendo mai ricevuto alcuna educazione al Bello, non soltanto \u00e8 stato prodotto il brutto, ma anche una diminuzione economica laddove invece l\u2019arte e la Cultura\u00a0 avrebbero potuto implementare lavoro e benessere.<\/span><\/p>\n<p style=\"text-align: justify;\"><span style=\"color: #000000;\">Troppo semplice evidentemente, in uno stato che ama le inutili complicazioni. Molto meglio allora chiamare le <em>archistar<\/em> a creare obbrobri strapagati quanto non necessari, a progettare oscenit\u00e0.<\/span><\/p>\n<p style=\"text-align: justify;\"><span style=\"color: #000000;\">Almeno si avessero l\u2019umilt\u00e0 e l\u2019intelligenza &#8211; perch\u00e9 si tratta d\u2019intelligenza pura e semplice &#8211; di affidarsi a competenti, a consulenti veri, ad \u201cesperti\u201d anche non accademici, tanto talvolta essi sono migliori dei paludati professori universitari con cattedra incorporata &#8211; invece di collocare, anche maldestramente tra l\u2019altro, parenti, amici e sodali a capo, o in prossimit\u00e0, dei vertici di societ\u00e0 a capitale pubblico o semiprivato che si occupano della gestione della Cultura.<\/span><\/p>\n<p style=\"text-align: justify;\"><span style=\"color: #000000;\"> <a href=\"https:\/\/www.rassegnastampa-totustuus.it\/cattolica\/wp-content\/uploads\/2021\/01\/Guttuso_arte_comunismo.jpg\"><img loading=\"lazy\" decoding=\"async\" class=\"size-medium wp-image-49730 alignleft\" src=\"https:\/\/www.rassegnastampa-totustuus.it\/cattolica\/wp-content\/uploads\/2021\/01\/Guttuso_arte_comunismo-300x164.jpg\" alt=\"\" width=\"300\" height=\"164\" srcset=\"https:\/\/www.rassegnastampa-totustuus.it\/cattolica\/wp-content\/uploads\/2021\/01\/Guttuso_arte_comunismo-300x164.jpg 300w, https:\/\/www.rassegnastampa-totustuus.it\/cattolica\/wp-content\/uploads\/2021\/01\/Guttuso_arte_comunismo.jpg 304w\" sizes=\"auto, (max-width: 300px) 100vw, 300px\" \/><\/a>Il secolo passato ci ha dunque lasciato in eredit\u00e0 un pessimo esempio dell\u2019interazione tra la politica e l\u2019arte, facendo della seconda una serva della prima e non gi\u00e0 come dovrebbe essere una sua estensione naturale; dimenticando quindi che l\u2019arte in qualunque societ\u00e0 tradizionale, dalla Grecia classica sino all\u2019Europa dell\u2019Ottocento,sia una manifestazione della politica, che l\u2019Estetica contenga un\u2019Etica e che senza l\u2019una l\u2019altra sia soltanto vano moralismo. <\/span><\/p>\n<p style=\"text-align: justify;\"><span style=\"color: #000000;\">Mentre priva della seconda, la prima \u00e8 solo formalismo, apparenza e nulla pi\u00f9. Basterebbe per esempio osservare come nei programmi elettorali, la Cultura, e dunque l\u2019arte che di essa partecipa, quasi non abbia riconoscimento ad esistere e da questo ne derivi poi come il declino del nostro paese riguardi non soltanto l\u2019economia o il costume, ma innanzitutto il livello culturale della popolazione e di conseguenza il baratro nel quale \u00e8 lasciata sprofondare l\u2019arte.<\/span><\/p>\n<p style=\"text-align: justify;\"><span style=\"color: #000000;\">Tutto ci\u00f2 \u00e8 intollerabile.<\/span><\/p>\n<p style=\"text-align: justify;\"><span style=\"color: #000000;\"><a href=\"https:\/\/www.rassegnastampa-totustuus.it\/cattolica\/wp-content\/uploads\/2009\/11\/museo.jpg\"><img loading=\"lazy\" decoding=\"async\" class=\" wp-image-30543 alignright\" src=\"https:\/\/www.rassegnastampa-totustuus.it\/cattolica\/wp-content\/uploads\/2009\/11\/museo.jpg\" alt=\"\" width=\"305\" height=\"203\" \/><\/a>Analfabetismo di ritorno, scarsit\u00e0 di lettori, disinformazione e disinteresse la fanno da padroni nei settori artistici di questo paese che ha prodotto l\u2019avvampante bagliore della Rinascenza. In Italia, una politica culturale che rivaluti l\u2019arte \u00e8 una necessit\u00e0 primaria, un dovere intellettuale, praticamente uno stato dell\u2019essere, e se \u00e8 pur vero che le urgenze siano la salute, i salari, la riduzione delle tasse e la sicurezza, si ricordi che un popolo di benestanti ignoranti avr\u00e0 sempre un basso tenore di civilt\u00e0 e che un paese di buoni borghesi privi di una qualsiasi forma artistica, non sarebbe degno d\u2019essere considerato una societ\u00e0 civile.<\/span><\/p>\n<p style=\"text-align: justify;\"><span style=\"color: #000000;\">L\u2019arte \u00e8 e deve essere parte integrante e fondamentale di qualunque popolo, perch\u00e9 un popolo senza cultura n\u00e9 arte, non sar\u00e0 nemmeno in grado di utilizzare nel modo migliore tutti i vantaggi che gli deriveranno dal propriobenessere materiale.Senza spirito la materia \u00e8 morta e come un <em>golem<\/em> si anima soltanto quando gli viene insufflato il nome divino.<\/span><\/p>\n<p style=\"text-align: justify;\"><span style=\"color: #000000;\">La politica quindi dovrebbe avere il coraggio di essere impopolare nel precedere i cittadini per renderli migliori, avendo il coraggio di sostenere e privilegiare la priorit\u00e0 dell\u2019emergenza culturale su ogni altra.<\/span><\/p>\n<p style=\"text-align: justify;\"><span style=\"color: #000000;\"><a href=\"https:\/\/www.rassegnastampa-totustuus.it\/cattolica\/wp-content\/uploads\/2009\/03\/libri.jpg\"><img loading=\"lazy\" decoding=\"async\" class=\" wp-image-30459 alignleft\" src=\"https:\/\/www.rassegnastampa-totustuus.it\/cattolica\/wp-content\/uploads\/2009\/03\/libri.jpg\" alt=\"\" width=\"299\" height=\"198\" \/><\/a>L\u2019ignoranza, l\u2019assenza di buon gusto, di educazione al bello, alla lettura e all\u2019arte ha prodotto, tra gli altri scempi, spesso una classe dirigente e politica sempre pi\u00f9 squalificata e desolante. Sono gli stessi assisi in Parlamento che ignorano quest\u2019emergenza culturale, che non sanno chi abbia dipinto gli affreschi a loro intorno, e non capendoli se ne disinteressano.Come potrebbero dunque codesti \u201conorevoli\u201d interessarsi a una rivalutazione <em>in primis<\/em> della Cultura?<\/span><\/p>\n<p style=\"text-align: justify;\"><span style=\"color: #000000;\">Fra la Cultura e la Politica si \u00e8 creata quindi una tale separazione che chi si occupa dell\u2019arte \u00e8 ai margini della societ\u00e0, perch\u00e9 la Cultura \u00e8 divenuta uno spazio ristretto, estraneo spesso anche alle istituzioni che ad essa dovrebbero essere dedicate. Pi\u00f9 che di corrotti abbiamo una classe dirigente incapace di spendere correttamente il denaro a loro disposizione.<\/span><\/p>\n<p style=\"text-align: justify;\"><span style=\"color: #000000;\">Sembra quasi che i giovani nelle scuole, vengano mandati a scuola di bruttezza, con testi mediocri e troppo cari per il loro vero valore, in una contemporaneit\u00e0 che non ha fatto altro che produrre cose orribili e con questo incubo ci si ritrova a convivere ormai per la maggior parte delle nostre giornate, mentre il Bello, anche nel gusto dei pochi colti resiste strenuamente grazie alla sopravvivenza della memoria.<\/span><\/p>\n<p style=\"text-align: justify;\"><span style=\"color: #000000;\"><a href=\"https:\/\/www.rassegnastampa-totustuus.it\/cattolica\/wp-content\/uploads\/2021\/01\/Perugia_citt\u00e0_architettura.jpg\"><img loading=\"lazy\" decoding=\"async\" class=\" wp-image-49731 alignright\" src=\"https:\/\/www.rassegnastampa-totustuus.it\/cattolica\/wp-content\/uploads\/2021\/01\/Perugia_citt\u00e0_architettura.jpg\" alt=\"\" width=\"326\" height=\"244\" \/><\/a>Per comprendere la follia dei nostri giorni basterebbe porre mente a come invece furono pensate le citt\u00e0 del Quattrocento e del Cinquecento.Il committente allora era il papa e le Signorie oppure i banchieri, ma in quei tempi il dialogo tra la Cultura e il potere era quello che s\u2019instaurava tra un Michelangelo Buonarroti e un Giulio II e il suo risultato era una creazione artistica e architettonica,e dunque urbanistica, di altissimo livello.Questo perch\u00e9 la centralit\u00e0 della Cultura rendeva grandi i papi e gli imperatori, proprio perch\u00e9 altrettanto grandi erano gli artisti da essi sostenuti.Lorenzo Il Magnifico \u00e8 sommo perch\u00e9 sommo \u00e8 Sandro Botticelli al suo servizio.<\/span><\/p>\n<p style=\"text-align: justify;\"><span style=\"color: #000000;\">Oggi invece fra chi esegue e chi commissiona l\u2019opera d\u2019arte, non esiste pi\u00f9 rapporto n\u00e9 intesa, perci\u00f2 non sapendo e non potendo pi\u00f9 distinguere il bello dal brutto, viene chiamato il primo \u201ccreativo\u201d, il primo architetto, pittore, scultore che, spinto dalle correnti politiche o dalle <em>lobby<\/em>, gli si consente di devastare in modo permanente una citt\u00e0 con l\u2019operato della propria ignoranza.<\/span><\/p>\n<p style=\"text-align: justify;\"><span style=\"color: #000000;\"><a href=\"https:\/\/www.rassegnastampa-totustuus.it\/cattolica\/wp-content\/uploads\/2021\/01\/andy_warhol_pop_art_Monroe_arte.jpg\"><img loading=\"lazy\" decoding=\"async\" class=\"size-medium wp-image-49724 alignleft\" src=\"https:\/\/www.rassegnastampa-totustuus.it\/cattolica\/wp-content\/uploads\/2021\/01\/andy_warhol_pop_art_Monroe_arte-300x200.jpg\" alt=\"\" width=\"300\" height=\"200\" srcset=\"https:\/\/www.rassegnastampa-totustuus.it\/cattolica\/wp-content\/uploads\/2021\/01\/andy_warhol_pop_art_Monroe_arte-300x200.jpg 300w, https:\/\/www.rassegnastampa-totustuus.it\/cattolica\/wp-content\/uploads\/2021\/01\/andy_warhol_pop_art_Monroe_arte-768x512.jpg 768w, https:\/\/www.rassegnastampa-totustuus.it\/cattolica\/wp-content\/uploads\/2021\/01\/andy_warhol_pop_art_Monroe_arte-1024x683.jpg 1024w, https:\/\/www.rassegnastampa-totustuus.it\/cattolica\/wp-content\/uploads\/2021\/01\/andy_warhol_pop_art_Monroe_arte.jpg 1500w\" sizes=\"auto, (max-width: 300px) 100vw, 300px\" \/><\/a>Il simbolo di questa civilt\u00e0 orribilmente degradata viene direttamente dall\u2019America con la <em>Pop Art<\/em>, che ha rinnegato ogni rapporto con il nobile passato dell\u2019Europa ma ha rifiutato anche le avanguardie del primo Novecento, sostituendo cos\u00ec a Raffaello Sanzio e Giorgio De Chirico le insegne al neon, le lattine di zuppa di fagioli e le icone politiche o cinematografiche.Che Guevara \u00e8 al posto del <em>Cristo morto<\/em> diAndrea Mantegna, il volto ripetuto <em>ad libitum<\/em> di Marilyn Monroe sostituisce quello della Vergine Maria.<\/span><\/p>\n<p style=\"text-align: justify;\"><span style=\"color: #000000;\">E nessuno reagisce pi\u00f9 a questo scempio, tanto ci siamo assuefatti a essere conquistati e dominati dalla sottocultura del Brutto, si consente di inscatolare l\u2019<em>Ara Pacis<\/em>, di creare \u201cnuvole\u201d come palazzi ed erigere grattacieli falloidi laddove non hanno senso di esistere, in una guerra che non fa prigionieri e dove il nuovo che avanza, il moderno, vuole esclusivamente distruggere tutto ci\u00f2 che odia di pi\u00f9: la nostra cultura e la nostra tradizione.<\/span><\/p>\n<p style=\"text-align: justify;\"><span style=\"color: #000000;\">Ma pare che anche questa sia la civilt\u00e0, la democrazia, e avanti cos\u00ec verso un mondo unito sotto un\u2019unica bandiera: quella del denaro e delle banche, dei giochi a premio e dei <em>social network<\/em>.<\/span><\/p>\n<p style=\"text-align: justify;\"><span style=\"color: #000000;\"><a href=\"https:\/\/www.rassegnastampa-totustuus.it\/cattolica\/wp-content\/uploads\/2020\/03\/arte_astratta.jpeg\"><img loading=\"lazy\" decoding=\"async\" class=\" wp-image-46687 alignright\" src=\"https:\/\/www.rassegnastampa-totustuus.it\/cattolica\/wp-content\/uploads\/2020\/03\/arte_astratta.jpeg\" alt=\"\" width=\"323\" height=\"201\" \/><\/a>L\u2019arte contemporanea \u2013 quella gestita e utilizzata per decenni dalla Sinistra &#8211; conduce invece nella direzione opposta ad un mondo che abbia rispetto per il Bello, con una sorta d\u2019inversione che lascerebbe adito al dubbio che &#8211; anche in questo ristretto ambiente &#8211; siano ormai entrate in gioco altre \u201cforze\u201d non proprio umane e quasi certamente demoniche.Del resto non sarebbe la prima volta che ci\u00f2 accade, la \u201cguerra occulta\u201d che si va combattendo da millenni, non conosce esclusione di colpi n\u00e9 di campo e il colpire un aspetto d\u2019altissima importanza quale l\u2019arte non \u00e8 cosa da poco e pu\u00f2 arrecare danni gravissimi a una societ\u00e0 che si voglia definire \u201ctradizionale\u201d.<\/span><\/p>\n<p style=\"text-align: justify;\"><span style=\"color: #000000;\">Una delle peggiori idiozie, derivata da un mal compreso senso di democrazia che attanaglia la societ\u00e0 odierna, e voluto con ogni mezzo dalla Sinistra, \u00e8 il pensare che chiunque possa fare qualunque cosa, ovvero che, di fatto gli uomini, essendo ritenuti dal pensiero giacobino \u201ctutti eguali\u201d, siano interscambiabili anche nelle loro attivit\u00e0. Ora, se chiunque pu\u00f2 esercitare l\u2019attivit\u00e0 dell\u2019assicuratore o del bancario o dell\u2019impiegato al catasto o del muratore, ne consegue facilmente che chiunque possa anche fare arte o essere definito artista. <\/span><\/p>\n<p style=\"text-align: justify;\"><span style=\"color: #000000;\"><a href=\"https:\/\/www.rassegnastampa-totustuus.it\/cattolica\/wp-content\/uploads\/2006\/03\/arte_contemporanea.jpg\"><img loading=\"lazy\" decoding=\"async\" class=\" wp-image-31087 alignleft\" src=\"https:\/\/www.rassegnastampa-totustuus.it\/cattolica\/wp-content\/uploads\/2006\/03\/arte_contemporanea.jpg\" alt=\"\" width=\"174\" height=\"246\" \/><\/a>Ecco perci\u00f2 il proliferare d\u2019improvvisati, d\u2019autodidatti, di dilettanti che si presentano come artisti e si fanno vanto \u2013 anzich\u00e9 vergognarsene come sarebbe avvenuto in una qualunque altra civilt\u00e0 di stampo tradizionale \u2013 di essere tali. Quest\u2019\u201carte\u201d fatta da chiunque, inverte cos\u00ec l\u2019antico rapporto tra colui che crea e il suo pubblico, finendo per essere privilegio di pochi, esattamente al contrario di come avveniva un tempo quando gli artisti \u2013 pochi \u2013 creavano per tutti.<\/span><\/p>\n<p style=\"text-align: justify;\"><span style=\"color: #000000;\">Il nostro tempo \u2013 segnato a fuoco da un\u2019ideologia sinistra &#8211; \u00e8 quello che privilegia il fare di chi fare non sa, impedendo in tal maniera d\u2019operare a colui che invece saprebbe come agire \u201ca regola d\u2019arte\u201d, perch\u00e9 l\u2019arte implica regole che vanno conosciute e applicate prima di essere \u2013 eventualmente \u2013 infrante. Chi non sa fare il pi\u00f9 delle volte rifiuta d\u2019imparare, affetto da un\u2019ipertrofia del proprio <em>ego<\/em> che urla lo slogan \u201cn\u00e9 maestri n\u00e9 padroni\u201d. \u00c8 il trionfo luciferico, anzi satanico del <em>self made man<\/em> che tanto piace al capitalismo d\u2019oltreoceano, ma anche alla pi\u00f9 becera sinistra italiana e soprattutto ai <em>radical chic<\/em>, grazie ad alcuni esponenti politici che hanno retto e favorito il loro gioco.<\/span><\/p>\n<p style=\"text-align: justify;\"><span style=\"color: #000000;\">Non a tutti \u00e8 dato creare arte, cos\u00ec come non a tutti \u00e8 stata consegnata l\u2019attitudine a essere buoni genitori o eccellenti insegnanti, o grandi combattenti. Non esistendo pi\u00f9 n\u00e9 Gilde n\u00e9 Corporazioni di Arti e Mestieri, tutti oggi possono dire d\u2019essere artisti e \u201cfare arte\u201d, precipitando cos\u00ec la societ\u00e0 in quel demonico anarchismo del \u201ctutto \u00e8 lecito\u201d come ha ben delineato Ren\u00e9 Gu\u00e9non insieme con altri pensatori in altri scritti.<\/span><\/p>\n<p style=\"text-align: justify;\"><span style=\"color: #000000;\"><a href=\"https:\/\/www.rassegnastampa-totustuus.it\/cattolica\/wp-content\/uploads\/2010\/09\/arte.jpg\"><img loading=\"lazy\" decoding=\"async\" class=\"size-full wp-image-21392 alignright\" src=\"https:\/\/www.rassegnastampa-totustuus.it\/cattolica\/wp-content\/uploads\/2010\/09\/arte.jpg\" alt=\"\" width=\"275\" height=\"183\" \/><\/a>L\u2019arte fatta da chi non ne ha il diritto \u2013 perch\u00e9 proprio di \u201cdiritto\u201d si tratta \u2013 \u00e8 quella cosa che ha imposto ovunque la dittatura del Brutto, generando disagio e depressione diffusa tra le genti, non ha aumentato n\u00e9 il benessere psicofisico dell\u2019uomo, n\u00e9 ha diminuito la violenza, anzi, molto spesso ha favorito la malattia psichica, sociale e la brutalit\u00e0.<\/span><\/p>\n<p style=\"text-align: justify;\"><span style=\"color: #000000;\">Questo perch\u00e9 mentre la Bellezza genera, trasmette, anche in maniera inconsapevole per chi vi \u00e8 esposto, un influsso sottile e \u201cpositivo\u201d, le cose brutte sono veicoli del male, del dolore e della follia. Un giardino all\u2019italiana rende sereno chi vi passeggia, mentre percorsi lastricati di cemento, acuiscono il malessere di chi li attraversa, come avviene in certi quartieri delle nostre citt\u00e0 e soprattutto nelle periferie abbandonate a loro stesse.<\/span><\/p>\n<p style=\"text-align: justify;\"><span style=\"color: #000000;\"><a href=\"https:\/\/www.rassegnastampa-totustuus.it\/cattolica\/wp-content\/uploads\/2021\/01\/arte_moderna_urbano.jpg\"><img loading=\"lazy\" decoding=\"async\" class=\"size-full wp-image-49732 alignleft\" src=\"https:\/\/www.rassegnastampa-totustuus.it\/cattolica\/wp-content\/uploads\/2021\/01\/arte_moderna_urbano.jpg\" alt=\"\" width=\"275\" height=\"183\" \/><\/a>Ma tutto questo oggi importa sempre meno, ci si nasconde dietro i falsi miti creati soprattutto dalla Sinistra, come quello dell\u2019\u201decosostenibilit\u00e0\u201d, del \u201crecupero delle zone urbane degradate\u201d mediante l\u2019arte, fatta appunto da quegli stessi che \u2013 non essendo artisti \u2013 contribuiscono ad aumentare malessere e caos.<\/span><\/p>\n<p style=\"text-align: justify;\"><span style=\"color: #000000;\">Il nostro \u00e8 un mondo morente, fatto di rovine che restano in piedi soltanto apparentemente e tra le quali, alcuni tra noi, ostinati, disperati, ma ancora vivi e vigili, continuano ogni giorno a volerci fare colazione brindando alla vita che non muore. \u00a0*Testo pubblicato per gentile concessione dell\u2019Autore e gi\u00e0 apparso, con il titolo <em>La mano sinistra dell\u2019arte<\/em>, nel libro a cura di Italo Inglese \u201c<em>La sinistra ha fallito? Opinioni a confronto<\/em>\u201d<\/span> <span style=\"color: #000000;\">(<em>Edizioni Solfanelli<\/em>, Chieti 2020 &#8211; <span style=\"color: #0000ff;\"><a style=\"color: #0000ff;\" href=\"http:\/\/www.edizionisolfanelli.it\" target=\"_blank\" rel=\"noopener noreferrer\">www.edizionisolfanelli.it<\/a><\/span>), alle pagine 51-57.<\/span><\/p>\n","protected":false},"excerpt":{"rendered":"<p>Informazione Cattolica 9 gennaio 2021 Dalmazio Frau Cominciamo con il dire, senza nasconderci la cruda realt\u00e0, che se in tutti questi decenni non si fosse verificata un\u2019assenza nel campo artistico e culturale da parte della Destra, in Italia, l\u2019occupazione manu militari effettuata dalla Sinistra, sin dal secondo dopoguerra, non sarebbe stata possibile.<\/p><p><a class=\"more-link btn\" href=\"https:\/\/www.rassegnastampa-totustuus.it\/cattolica\/la-pseudocultura-di-sinistra-fa-scempio-dellitalia-anche-dellarte\/\">Continua a leggere<\/a><\/p>\n","protected":false},"author":6,"featured_media":49724,"comment_status":"closed","ping_status":"closed","sticky":false,"template":"","format":"standard","meta":{"footnotes":""},"categories":[8,25],"tags":[365,1245,559,558,877],"class_list":["post-49721","post","type-post","status-publish","format-standard","has-post-thumbnail","hentry","category-cultura-e-tradizioni","category-sguardo-sul-nostro-tempo","tag-arte","tag-arte-moderna","tag-cultura-e-tradizioni-2","tag-sguardo-sul-nostro-tempo-2","tag-sinistra-italiana","item-wrap"],"yoast_head":"<!-- This site is optimized with the Yoast SEO plugin v27.5 - https:\/\/yoast.com\/product\/yoast-seo-wordpress\/ -->\n<title>La pseudocultura di Sinistra fa scempio dell\u2019Italia, anche dell\u2019arte\u2026* - Rassegna Stampa Cattolica<\/title>\n<meta name=\"description\" content=\"Rassegna Stampa Cattolica - Per una cultura che nasce dalla Rivelazione cristiana in conformit\u00e0 alla tradizione e al Magistero della Chiesa in opposizione ad ogni relativismo e totalitarismo\" \/>\n<meta name=\"robots\" content=\"index, follow, max-snippet:-1, max-image-preview:large, max-video-preview:-1\" \/>\n<link rel=\"canonical\" href=\"https:\/\/www.rassegnastampa-totustuus.it\/cattolica\/la-pseudocultura-di-sinistra-fa-scempio-dellitalia-anche-dellarte\/\" \/>\n<meta property=\"og:locale\" content=\"it_IT\" \/>\n<meta property=\"og:type\" content=\"article\" \/>\n<meta property=\"og:title\" content=\"La pseudocultura di Sinistra fa scempio dell\u2019Italia, anche dell\u2019arte\u2026* - Rassegna Stampa Cattolica\" \/>\n<meta property=\"og:description\" content=\"Rassegna Stampa Cattolica - Per una cultura che nasce dalla Rivelazione cristiana in conformit\u00e0 alla tradizione e al Magistero della Chiesa in opposizione ad ogni relativismo e totalitarismo\" \/>\n<meta property=\"og:url\" content=\"https:\/\/www.rassegnastampa-totustuus.it\/cattolica\/la-pseudocultura-di-sinistra-fa-scempio-dellitalia-anche-dellarte\/\" \/>\n<meta property=\"og:site_name\" content=\"Rassegna Stampa Cattolica\" \/>\n<meta property=\"article:publisher\" content=\"https:\/\/www.facebook.com\/rassegnastampacattolica\" \/>\n<meta property=\"article:published_time\" content=\"2021-01-13T23:00:37+00:00\" \/>\n<meta property=\"og:image\" content=\"https:\/\/www.rassegnastampa-totustuus.it\/cattolica\/wp-content\/uploads\/2021\/01\/andy_warhol_pop_art_Monroe_arte.jpg\" \/>\n\t<meta property=\"og:image:width\" content=\"1500\" \/>\n\t<meta property=\"og:image:height\" content=\"1000\" \/>\n\t<meta property=\"og:image:type\" content=\"image\/jpeg\" \/>\n<meta name=\"author\" content=\"Redazione\" \/>\n<meta name=\"twitter:card\" content=\"summary_large_image\" \/>\n<meta name=\"twitter:creator\" content=\"@rassegnastampa9\" \/>\n<meta name=\"twitter:site\" content=\"@rassegnastampa9\" \/>\n<meta name=\"twitter:label1\" content=\"Scritto da\" \/>\n\t<meta name=\"twitter:data1\" content=\"Redazione\" \/>\n\t<meta name=\"twitter:label2\" content=\"Tempo di lettura stimato\" \/>\n\t<meta name=\"twitter:data2\" content=\"12 minuti\" \/>\n<script type=\"application\/ld+json\" class=\"yoast-schema-graph\">{\"@context\":\"https:\\\/\\\/schema.org\",\"@graph\":[{\"@type\":\"Article\",\"@id\":\"https:\\\/\\\/www.rassegnastampa-totustuus.it\\\/cattolica\\\/la-pseudocultura-di-sinistra-fa-scempio-dellitalia-anche-dellarte\\\/#article\",\"isPartOf\":{\"@id\":\"https:\\\/\\\/www.rassegnastampa-totustuus.it\\\/cattolica\\\/la-pseudocultura-di-sinistra-fa-scempio-dellitalia-anche-dellarte\\\/\"},\"author\":{\"name\":\"Redazione\",\"@id\":\"https:\\\/\\\/www.rassegnastampa-totustuus.it\\\/cattolica\\\/#\\\/schema\\\/person\\\/08f319d2bd1a0904ad9e2bfb7b15e5c3\"},\"headline\":\"La pseudocultura di Sinistra fa scempio dell\u2019Italia, anche dell\u2019arte\u2026*\",\"datePublished\":\"2021-01-13T23:00:37+00:00\",\"mainEntityOfPage\":{\"@id\":\"https:\\\/\\\/www.rassegnastampa-totustuus.it\\\/cattolica\\\/la-pseudocultura-di-sinistra-fa-scempio-dellitalia-anche-dellarte\\\/\"},\"wordCount\":2337,\"publisher\":{\"@id\":\"https:\\\/\\\/www.rassegnastampa-totustuus.it\\\/cattolica\\\/#organization\"},\"image\":{\"@id\":\"https:\\\/\\\/www.rassegnastampa-totustuus.it\\\/cattolica\\\/la-pseudocultura-di-sinistra-fa-scempio-dellitalia-anche-dellarte\\\/#primaryimage\"},\"thumbnailUrl\":\"https:\\\/\\\/www.rassegnastampa-totustuus.it\\\/cattolica\\\/wp-content\\\/uploads\\\/2021\\\/01\\\/andy_warhol_pop_art_Monroe_arte.jpg\",\"keywords\":[\"arte\",\"arte moderna\",\"cultura e tradizioni\",\"sguardo sul nostro tempo\",\"sinistra italiana\"],\"articleSection\":[\"Cultura e tradizioni\",\"Sguardo sul nostro tempo\"],\"inLanguage\":\"it-IT\"},{\"@type\":\"WebPage\",\"@id\":\"https:\\\/\\\/www.rassegnastampa-totustuus.it\\\/cattolica\\\/la-pseudocultura-di-sinistra-fa-scempio-dellitalia-anche-dellarte\\\/\",\"url\":\"https:\\\/\\\/www.rassegnastampa-totustuus.it\\\/cattolica\\\/la-pseudocultura-di-sinistra-fa-scempio-dellitalia-anche-dellarte\\\/\",\"name\":\"La pseudocultura di Sinistra fa scempio dell\u2019Italia, anche dell\u2019arte\u2026* - Rassegna Stampa Cattolica\",\"isPartOf\":{\"@id\":\"https:\\\/\\\/www.rassegnastampa-totustuus.it\\\/cattolica\\\/#website\"},\"primaryImageOfPage\":{\"@id\":\"https:\\\/\\\/www.rassegnastampa-totustuus.it\\\/cattolica\\\/la-pseudocultura-di-sinistra-fa-scempio-dellitalia-anche-dellarte\\\/#primaryimage\"},\"image\":{\"@id\":\"https:\\\/\\\/www.rassegnastampa-totustuus.it\\\/cattolica\\\/la-pseudocultura-di-sinistra-fa-scempio-dellitalia-anche-dellarte\\\/#primaryimage\"},\"thumbnailUrl\":\"https:\\\/\\\/www.rassegnastampa-totustuus.it\\\/cattolica\\\/wp-content\\\/uploads\\\/2021\\\/01\\\/andy_warhol_pop_art_Monroe_arte.jpg\",\"datePublished\":\"2021-01-13T23:00:37+00:00\",\"description\":\"Rassegna Stampa Cattolica - Per una cultura che nasce dalla Rivelazione cristiana in conformit\u00e0 alla tradizione e al Magistero della Chiesa in opposizione ad ogni relativismo e totalitarismo\",\"breadcrumb\":{\"@id\":\"https:\\\/\\\/www.rassegnastampa-totustuus.it\\\/cattolica\\\/la-pseudocultura-di-sinistra-fa-scempio-dellitalia-anche-dellarte\\\/#breadcrumb\"},\"inLanguage\":\"it-IT\",\"potentialAction\":[{\"@type\":\"ReadAction\",\"target\":[\"https:\\\/\\\/www.rassegnastampa-totustuus.it\\\/cattolica\\\/la-pseudocultura-di-sinistra-fa-scempio-dellitalia-anche-dellarte\\\/\"]}]},{\"@type\":\"ImageObject\",\"inLanguage\":\"it-IT\",\"@id\":\"https:\\\/\\\/www.rassegnastampa-totustuus.it\\\/cattolica\\\/la-pseudocultura-di-sinistra-fa-scempio-dellitalia-anche-dellarte\\\/#primaryimage\",\"url\":\"https:\\\/\\\/www.rassegnastampa-totustuus.it\\\/cattolica\\\/wp-content\\\/uploads\\\/2021\\\/01\\\/andy_warhol_pop_art_Monroe_arte.jpg\",\"contentUrl\":\"https:\\\/\\\/www.rassegnastampa-totustuus.it\\\/cattolica\\\/wp-content\\\/uploads\\\/2021\\\/01\\\/andy_warhol_pop_art_Monroe_arte.jpg\",\"width\":1500,\"height\":1000},{\"@type\":\"BreadcrumbList\",\"@id\":\"https:\\\/\\\/www.rassegnastampa-totustuus.it\\\/cattolica\\\/la-pseudocultura-di-sinistra-fa-scempio-dellitalia-anche-dellarte\\\/#breadcrumb\",\"itemListElement\":[{\"@type\":\"ListItem\",\"position\":1,\"name\":\"Home\",\"item\":\"https:\\\/\\\/www.rassegnastampa-totustuus.it\\\/cattolica\\\/\"},{\"@type\":\"ListItem\",\"position\":2,\"name\":\"La pseudocultura di Sinistra fa scempio dell\u2019Italia, anche dell\u2019arte\u2026*\"}]},{\"@type\":\"WebSite\",\"@id\":\"https:\\\/\\\/www.rassegnastampa-totustuus.it\\\/cattolica\\\/#website\",\"url\":\"https:\\\/\\\/www.rassegnastampa-totustuus.it\\\/cattolica\\\/\",\"name\":\"Rassegna Stampa Cattolica\",\"description\":\"Per una cultura che nasce dalla Rivelazione cristiana in conformit\u00e0 alla tradizione e al Magistero della Chiesa in opposizione ad ogni relativismo e totalitarismo\",\"publisher\":{\"@id\":\"https:\\\/\\\/www.rassegnastampa-totustuus.it\\\/cattolica\\\/#organization\"},\"alternateName\":\"Rass. Cattolica\",\"potentialAction\":[{\"@type\":\"SearchAction\",\"target\":{\"@type\":\"EntryPoint\",\"urlTemplate\":\"https:\\\/\\\/www.rassegnastampa-totustuus.it\\\/cattolica\\\/?s={search_term_string}\"},\"query-input\":{\"@type\":\"PropertyValueSpecification\",\"valueRequired\":true,\"valueName\":\"search_term_string\"}}],\"inLanguage\":\"it-IT\"},{\"@type\":\"Organization\",\"@id\":\"https:\\\/\\\/www.rassegnastampa-totustuus.it\\\/cattolica\\\/#organization\",\"name\":\"Rassegna Stampa Cattolica\",\"url\":\"https:\\\/\\\/www.rassegnastampa-totustuus.it\\\/cattolica\\\/\",\"logo\":{\"@type\":\"ImageObject\",\"inLanguage\":\"it-IT\",\"@id\":\"https:\\\/\\\/www.rassegnastampa-totustuus.it\\\/cattolica\\\/#\\\/schema\\\/logo\\\/image\\\/\",\"url\":\"https:\\\/\\\/www.rassegnastampa-totustuus.it\\\/cattolica\\\/wp-content\\\/uploads\\\/2014\\\/04\\\/logo-rassegna1.gif\",\"contentUrl\":\"https:\\\/\\\/www.rassegnastampa-totustuus.it\\\/cattolica\\\/wp-content\\\/uploads\\\/2014\\\/04\\\/logo-rassegna1.gif\",\"width\":600,\"height\":163,\"caption\":\"Rassegna Stampa Cattolica\"},\"image\":{\"@id\":\"https:\\\/\\\/www.rassegnastampa-totustuus.it\\\/cattolica\\\/#\\\/schema\\\/logo\\\/image\\\/\"},\"sameAs\":[\"https:\\\/\\\/www.facebook.com\\\/rassegnastampacattolica\",\"https:\\\/\\\/x.com\\\/rassegnastampa9\"]},{\"@type\":\"Person\",\"@id\":\"https:\\\/\\\/www.rassegnastampa-totustuus.it\\\/cattolica\\\/#\\\/schema\\\/person\\\/08f319d2bd1a0904ad9e2bfb7b15e5c3\",\"name\":\"Redazione\",\"image\":{\"@type\":\"ImageObject\",\"inLanguage\":\"it-IT\",\"@id\":\"https:\\\/\\\/secure.gravatar.com\\\/avatar\\\/2fcdf27c78ea025fbdb44e914cc63c72249ffec9dc8aafd5c82b26240ef3f346?s=96&d=mm&r=g\",\"url\":\"https:\\\/\\\/secure.gravatar.com\\\/avatar\\\/2fcdf27c78ea025fbdb44e914cc63c72249ffec9dc8aafd5c82b26240ef3f346?s=96&d=mm&r=g\",\"contentUrl\":\"https:\\\/\\\/secure.gravatar.com\\\/avatar\\\/2fcdf27c78ea025fbdb44e914cc63c72249ffec9dc8aafd5c82b26240ef3f346?s=96&d=mm&r=g\",\"caption\":\"Redazione\"},\"url\":\"https:\\\/\\\/www.rassegnastampa-totustuus.it\\\/cattolica\\\/author\\\/pietroelle\\\/\"}]}<\/script>\n<!-- \/ Yoast SEO plugin. -->","yoast_head_json":{"title":"La pseudocultura di Sinistra fa scempio dell\u2019Italia, anche dell\u2019arte\u2026* - Rassegna Stampa Cattolica","description":"Rassegna Stampa Cattolica - Per una cultura che nasce dalla Rivelazione cristiana in conformit\u00e0 alla tradizione e al Magistero della Chiesa in opposizione ad ogni relativismo e totalitarismo","robots":{"index":"index","follow":"follow","max-snippet":"max-snippet:-1","max-image-preview":"max-image-preview:large","max-video-preview":"max-video-preview:-1"},"canonical":"https:\/\/www.rassegnastampa-totustuus.it\/cattolica\/la-pseudocultura-di-sinistra-fa-scempio-dellitalia-anche-dellarte\/","og_locale":"it_IT","og_type":"article","og_title":"La pseudocultura di Sinistra fa scempio dell\u2019Italia, anche dell\u2019arte\u2026* - Rassegna Stampa Cattolica","og_description":"Rassegna Stampa Cattolica - Per una cultura che nasce dalla Rivelazione cristiana in conformit\u00e0 alla tradizione e al Magistero della Chiesa in opposizione ad ogni relativismo e totalitarismo","og_url":"https:\/\/www.rassegnastampa-totustuus.it\/cattolica\/la-pseudocultura-di-sinistra-fa-scempio-dellitalia-anche-dellarte\/","og_site_name":"Rassegna Stampa Cattolica","article_publisher":"https:\/\/www.facebook.com\/rassegnastampacattolica","article_published_time":"2021-01-13T23:00:37+00:00","og_image":[{"width":1500,"height":1000,"url":"https:\/\/www.rassegnastampa-totustuus.it\/cattolica\/wp-content\/uploads\/2021\/01\/andy_warhol_pop_art_Monroe_arte.jpg","type":"image\/jpeg"}],"author":"Redazione","twitter_card":"summary_large_image","twitter_creator":"@rassegnastampa9","twitter_site":"@rassegnastampa9","twitter_misc":{"Scritto da":"Redazione","Tempo di lettura stimato":"12 minuti"},"schema":{"@context":"https:\/\/schema.org","@graph":[{"@type":"Article","@id":"https:\/\/www.rassegnastampa-totustuus.it\/cattolica\/la-pseudocultura-di-sinistra-fa-scempio-dellitalia-anche-dellarte\/#article","isPartOf":{"@id":"https:\/\/www.rassegnastampa-totustuus.it\/cattolica\/la-pseudocultura-di-sinistra-fa-scempio-dellitalia-anche-dellarte\/"},"author":{"name":"Redazione","@id":"https:\/\/www.rassegnastampa-totustuus.it\/cattolica\/#\/schema\/person\/08f319d2bd1a0904ad9e2bfb7b15e5c3"},"headline":"La pseudocultura di Sinistra fa scempio dell\u2019Italia, anche dell\u2019arte\u2026*","datePublished":"2021-01-13T23:00:37+00:00","mainEntityOfPage":{"@id":"https:\/\/www.rassegnastampa-totustuus.it\/cattolica\/la-pseudocultura-di-sinistra-fa-scempio-dellitalia-anche-dellarte\/"},"wordCount":2337,"publisher":{"@id":"https:\/\/www.rassegnastampa-totustuus.it\/cattolica\/#organization"},"image":{"@id":"https:\/\/www.rassegnastampa-totustuus.it\/cattolica\/la-pseudocultura-di-sinistra-fa-scempio-dellitalia-anche-dellarte\/#primaryimage"},"thumbnailUrl":"https:\/\/www.rassegnastampa-totustuus.it\/cattolica\/wp-content\/uploads\/2021\/01\/andy_warhol_pop_art_Monroe_arte.jpg","keywords":["arte","arte moderna","cultura e tradizioni","sguardo sul nostro tempo","sinistra italiana"],"articleSection":["Cultura e tradizioni","Sguardo sul nostro tempo"],"inLanguage":"it-IT"},{"@type":"WebPage","@id":"https:\/\/www.rassegnastampa-totustuus.it\/cattolica\/la-pseudocultura-di-sinistra-fa-scempio-dellitalia-anche-dellarte\/","url":"https:\/\/www.rassegnastampa-totustuus.it\/cattolica\/la-pseudocultura-di-sinistra-fa-scempio-dellitalia-anche-dellarte\/","name":"La pseudocultura di Sinistra fa scempio dell\u2019Italia, anche dell\u2019arte\u2026* - Rassegna Stampa Cattolica","isPartOf":{"@id":"https:\/\/www.rassegnastampa-totustuus.it\/cattolica\/#website"},"primaryImageOfPage":{"@id":"https:\/\/www.rassegnastampa-totustuus.it\/cattolica\/la-pseudocultura-di-sinistra-fa-scempio-dellitalia-anche-dellarte\/#primaryimage"},"image":{"@id":"https:\/\/www.rassegnastampa-totustuus.it\/cattolica\/la-pseudocultura-di-sinistra-fa-scempio-dellitalia-anche-dellarte\/#primaryimage"},"thumbnailUrl":"https:\/\/www.rassegnastampa-totustuus.it\/cattolica\/wp-content\/uploads\/2021\/01\/andy_warhol_pop_art_Monroe_arte.jpg","datePublished":"2021-01-13T23:00:37+00:00","description":"Rassegna Stampa Cattolica - Per una cultura che nasce dalla Rivelazione cristiana in conformit\u00e0 alla tradizione e al Magistero della Chiesa in opposizione ad ogni relativismo e totalitarismo","breadcrumb":{"@id":"https:\/\/www.rassegnastampa-totustuus.it\/cattolica\/la-pseudocultura-di-sinistra-fa-scempio-dellitalia-anche-dellarte\/#breadcrumb"},"inLanguage":"it-IT","potentialAction":[{"@type":"ReadAction","target":["https:\/\/www.rassegnastampa-totustuus.it\/cattolica\/la-pseudocultura-di-sinistra-fa-scempio-dellitalia-anche-dellarte\/"]}]},{"@type":"ImageObject","inLanguage":"it-IT","@id":"https:\/\/www.rassegnastampa-totustuus.it\/cattolica\/la-pseudocultura-di-sinistra-fa-scempio-dellitalia-anche-dellarte\/#primaryimage","url":"https:\/\/www.rassegnastampa-totustuus.it\/cattolica\/wp-content\/uploads\/2021\/01\/andy_warhol_pop_art_Monroe_arte.jpg","contentUrl":"https:\/\/www.rassegnastampa-totustuus.it\/cattolica\/wp-content\/uploads\/2021\/01\/andy_warhol_pop_art_Monroe_arte.jpg","width":1500,"height":1000},{"@type":"BreadcrumbList","@id":"https:\/\/www.rassegnastampa-totustuus.it\/cattolica\/la-pseudocultura-di-sinistra-fa-scempio-dellitalia-anche-dellarte\/#breadcrumb","itemListElement":[{"@type":"ListItem","position":1,"name":"Home","item":"https:\/\/www.rassegnastampa-totustuus.it\/cattolica\/"},{"@type":"ListItem","position":2,"name":"La pseudocultura di Sinistra fa scempio dell\u2019Italia, anche dell\u2019arte\u2026*"}]},{"@type":"WebSite","@id":"https:\/\/www.rassegnastampa-totustuus.it\/cattolica\/#website","url":"https:\/\/www.rassegnastampa-totustuus.it\/cattolica\/","name":"Rassegna Stampa Cattolica","description":"Per una cultura che nasce dalla Rivelazione cristiana in conformit\u00e0 alla tradizione e al Magistero della Chiesa in opposizione ad ogni relativismo e totalitarismo","publisher":{"@id":"https:\/\/www.rassegnastampa-totustuus.it\/cattolica\/#organization"},"alternateName":"Rass. Cattolica","potentialAction":[{"@type":"SearchAction","target":{"@type":"EntryPoint","urlTemplate":"https:\/\/www.rassegnastampa-totustuus.it\/cattolica\/?s={search_term_string}"},"query-input":{"@type":"PropertyValueSpecification","valueRequired":true,"valueName":"search_term_string"}}],"inLanguage":"it-IT"},{"@type":"Organization","@id":"https:\/\/www.rassegnastampa-totustuus.it\/cattolica\/#organization","name":"Rassegna Stampa Cattolica","url":"https:\/\/www.rassegnastampa-totustuus.it\/cattolica\/","logo":{"@type":"ImageObject","inLanguage":"it-IT","@id":"https:\/\/www.rassegnastampa-totustuus.it\/cattolica\/#\/schema\/logo\/image\/","url":"https:\/\/www.rassegnastampa-totustuus.it\/cattolica\/wp-content\/uploads\/2014\/04\/logo-rassegna1.gif","contentUrl":"https:\/\/www.rassegnastampa-totustuus.it\/cattolica\/wp-content\/uploads\/2014\/04\/logo-rassegna1.gif","width":600,"height":163,"caption":"Rassegna Stampa Cattolica"},"image":{"@id":"https:\/\/www.rassegnastampa-totustuus.it\/cattolica\/#\/schema\/logo\/image\/"},"sameAs":["https:\/\/www.facebook.com\/rassegnastampacattolica","https:\/\/x.com\/rassegnastampa9"]},{"@type":"Person","@id":"https:\/\/www.rassegnastampa-totustuus.it\/cattolica\/#\/schema\/person\/08f319d2bd1a0904ad9e2bfb7b15e5c3","name":"Redazione","image":{"@type":"ImageObject","inLanguage":"it-IT","@id":"https:\/\/secure.gravatar.com\/avatar\/2fcdf27c78ea025fbdb44e914cc63c72249ffec9dc8aafd5c82b26240ef3f346?s=96&d=mm&r=g","url":"https:\/\/secure.gravatar.com\/avatar\/2fcdf27c78ea025fbdb44e914cc63c72249ffec9dc8aafd5c82b26240ef3f346?s=96&d=mm&r=g","contentUrl":"https:\/\/secure.gravatar.com\/avatar\/2fcdf27c78ea025fbdb44e914cc63c72249ffec9dc8aafd5c82b26240ef3f346?s=96&d=mm&r=g","caption":"Redazione"},"url":"https:\/\/www.rassegnastampa-totustuus.it\/cattolica\/author\/pietroelle\/"}]}},"_links":{"self":[{"href":"https:\/\/www.rassegnastampa-totustuus.it\/cattolica\/wp-json\/wp\/v2\/posts\/49721","targetHints":{"allow":["GET"]}}],"collection":[{"href":"https:\/\/www.rassegnastampa-totustuus.it\/cattolica\/wp-json\/wp\/v2\/posts"}],"about":[{"href":"https:\/\/www.rassegnastampa-totustuus.it\/cattolica\/wp-json\/wp\/v2\/types\/post"}],"author":[{"embeddable":true,"href":"https:\/\/www.rassegnastampa-totustuus.it\/cattolica\/wp-json\/wp\/v2\/users\/6"}],"replies":[{"embeddable":true,"href":"https:\/\/www.rassegnastampa-totustuus.it\/cattolica\/wp-json\/wp\/v2\/comments?post=49721"}],"version-history":[{"count":3,"href":"https:\/\/www.rassegnastampa-totustuus.it\/cattolica\/wp-json\/wp\/v2\/posts\/49721\/revisions"}],"predecessor-version":[{"id":49733,"href":"https:\/\/www.rassegnastampa-totustuus.it\/cattolica\/wp-json\/wp\/v2\/posts\/49721\/revisions\/49733"}],"wp:featuredmedia":[{"embeddable":true,"href":"https:\/\/www.rassegnastampa-totustuus.it\/cattolica\/wp-json\/wp\/v2\/media\/49724"}],"wp:attachment":[{"href":"https:\/\/www.rassegnastampa-totustuus.it\/cattolica\/wp-json\/wp\/v2\/media?parent=49721"}],"wp:term":[{"taxonomy":"category","embeddable":true,"href":"https:\/\/www.rassegnastampa-totustuus.it\/cattolica\/wp-json\/wp\/v2\/categories?post=49721"},{"taxonomy":"post_tag","embeddable":true,"href":"https:\/\/www.rassegnastampa-totustuus.it\/cattolica\/wp-json\/wp\/v2\/tags?post=49721"}],"curies":[{"name":"wp","href":"https:\/\/api.w.org\/{rel}","templated":true}]}}