{"id":49709,"date":"2021-01-14T00:00:04","date_gmt":"2021-01-13T23:00:04","guid":{"rendered":"http:\/\/www.rassegnastampa-totustuus.it\/cattolica\/?p=49709"},"modified":"2024-06-18T15:30:58","modified_gmt":"2024-06-18T13:30:58","slug":"migranti-illegali-e-tratta-la-ricerca-di-una-ong-fa-luce","status":"publish","type":"post","link":"https:\/\/www.rassegnastampa-totustuus.it\/cattolica\/migranti-illegali-e-tratta-la-ricerca-di-una-ong-fa-luce\/","title":{"rendered":"Migranti illegali e tratta, la ricerca di una Ong fa luce"},"content":{"rendered":"<p><a href=\"https:\/\/www.rassegnastampa-totustuus.it\/cattolica\/wp-content\/uploads\/2019\/08\/immigrazione.jpg\"><img loading=\"lazy\" decoding=\"async\" class=\"alignleft wp-image-44009 size-medium\" src=\"https:\/\/www.rassegnastampa-totustuus.it\/cattolica\/wp-content\/uploads\/2019\/08\/immigrazione-300x200.jpg\" alt=\"\" width=\"300\" height=\"200\" srcset=\"https:\/\/www.rassegnastampa-totustuus.it\/cattolica\/wp-content\/uploads\/2019\/08\/immigrazione-300x200.jpg 300w, https:\/\/www.rassegnastampa-totustuus.it\/cattolica\/wp-content\/uploads\/2019\/08\/immigrazione-768x512.jpg 768w, https:\/\/www.rassegnastampa-totustuus.it\/cattolica\/wp-content\/uploads\/2019\/08\/immigrazione-1024x683.jpg 1024w\" sizes=\"auto, (max-width: 300px) 100vw, 300px\" \/><\/a><\/p>\n<p style=\"text-align: center;\"><span style=\"color: #000000;\"><strong>La Nuova Bussola<\/strong> <\/span><span style=\"color: #000000;\"><strong>quotidiana<\/strong> <\/span><\/p>\n<p style=\"text-align: center;\"><span style=\"color: #000000;\">9 gennaio 2020\u00a0 <strong><br \/>\n<\/strong><\/span><\/p>\n<p style=\"text-align: justify;\"><span style=\"color: #000000;\"><em>Il rapporto \u201cL\u2019intersezione tra migrazione irregolare e traffico di esseri umani in Africa occidentale e nel Sahel\u201d, della Global Initiative, sottolinea i pericoli affrontati dagli emigranti illegali. L\u2019organizzazione dei viaggi rende molto. E i dati della ricerca, svolta con interviste a 1.600 migranti, smentiscono l\u2019idea che alla base dell\u2019emigrazione ci sia un\u2019estrema povert\u00e0. Ma tale argomento continua a essere usato in Italia, dove nel 2020 gli arrivi sono triplicati.<\/em> <\/span><\/p>\n<p style=\"text-align: center;\"><span style=\"color: #000000;\">di <strong>Anna Bono <\/strong><\/span><\/p>\n<p><!--more--><\/p>\n<p style=\"text-align: justify;\"><span style=\"color: #000000;\">L\u2019immigrazione illegale in Europa continua a diminuire, ma resta consistente. Il 2020 si \u00e8 concluso con 94.080 arrivi, 86.649 dei quali via mare, mentre nel 2019 erano stati 123.663. Per contro, in Italia gli arrivi sono triplicati: da 11.471, nel 2019, sono saliti a 34.133. A livello europeo, i principali paesi di origine sono Tunisia, Algeria, Marocco e Bangladesh. In Italia gli emigranti illegali sono arrivati soprattutto da Tunisia, Bangladesh, Costa d\u2019Avorio e Algeria. Seguono in entrambi i casi altri paesi in gran parte africani. <\/span><\/p>\n<p style=\"text-align: justify;\"><span style=\"color: #000000;\"><strong><a href=\"https:\/\/www.rassegnastampa-totustuus.it\/cattolica\/wp-content\/uploads\/2019\/06\/navi_Ong_immigrazione.jpg\"><img loading=\"lazy\" decoding=\"async\" class=\"size-full wp-image-43331 alignright\" src=\"https:\/\/www.rassegnastampa-totustuus.it\/cattolica\/wp-content\/uploads\/2019\/06\/navi_Ong_immigrazione.jpg\" alt=\"\" width=\"290\" height=\"174\" \/><\/a>La Global Initiative<\/strong>, una organizzazione non governativa con sede a Ginevra che ha come missione la denuncia e la lotta contro il crimine organizzato transnazionale, ha pubblicato di recente i risultati di una ricerca che richiama l\u2019attenzione su un aspetto dell\u2019emigrazione illegale poco considerato e invece drammaticamente centrale, vale a dire i pericoli che gli emigranti illegali affrontano, soprattutto lungo le rotte di terra africane che portano alle coste del Mediterraneo. Il rapporto si intitola: \u201cL\u2019intersezione tra migrazione irregolare e traffico di esseri umani in Africa occidentale e nel Sahel\u201d. <\/span><\/p>\n<p style=\"text-align: justify;\"><span style=\"color: #000000;\"><strong>Per traffico o tratta di esseri umani si intende lo sfruttamento di uomini, donne e bambini<\/strong> costretti a lavorare o ridotti in stato di schiavit\u00f9 sessuale, indotti con la forza o adescati con l\u2019inganno. Per estensione la Global Initiative ha considerato traffico anche ogni forma di profitto ricavato approfittando della situazione vulnerabile in cui viene a trovarsi chi ricorre a canali illegali per emigrare, affidandosi a una delle tante organizzazioni criminali che provvedono al contrabbando di esseri umani. <\/span><\/p>\n<p style=\"text-align: justify;\"><span style=\"color: #000000;\"><strong><a href=\"https:\/\/www.rassegnastampa-totustuus.it\/cattolica\/wp-content\/uploads\/2019\/09\/immigrazione.jpg\"><img loading=\"lazy\" decoding=\"async\" class=\"size-medium wp-image-44237 alignleft\" src=\"https:\/\/www.rassegnastampa-totustuus.it\/cattolica\/wp-content\/uploads\/2019\/09\/immigrazione-300x200.jpg\" alt=\"\" width=\"300\" height=\"200\" srcset=\"https:\/\/www.rassegnastampa-totustuus.it\/cattolica\/wp-content\/uploads\/2019\/09\/immigrazione-300x200.jpg 300w, https:\/\/www.rassegnastampa-totustuus.it\/cattolica\/wp-content\/uploads\/2019\/09\/immigrazione-768x512.jpg 768w, https:\/\/www.rassegnastampa-totustuus.it\/cattolica\/wp-content\/uploads\/2019\/09\/immigrazione-1024x683.jpg 1024w, https:\/\/www.rassegnastampa-totustuus.it\/cattolica\/wp-content\/uploads\/2019\/09\/immigrazione.jpg 1920w\" sizes=\"auto, (max-width: 300px) 100vw, 300px\" \/><\/a>Il fulcro dell\u2019indagine sono le interviste a 1.600 emigranti illegali<\/strong>, realizzate lungo le rotte migratorie tracciate dai contrabbandieri di uomini. Si stima che circa il 90 per cento degli emigranti illegali ricorra a una organizzazione per raggiungere la destinazione scelta. Viaggiare clandestinamente \u00e8 difficile: bisogna sapere come muoversi, quali itinerari scegliere, come procurarsi documenti falsi e come aggirare i controlli di frontiera e quelli delle forze di sicurezza dei paesi che si attraversano, dove alloggiare, quali mezzi di trasporto utilizzare. <\/span><\/p>\n<p style=\"text-align: justify;\"><span style=\"color: #000000;\">In Africa i tratti da percorrere in savana e nel deserto aggiungono altre difficolt\u00e0 e incognite. Infine c\u2019\u00e8 da compiere l\u2019ultima tappa del viaggio: imbarcarsi per attraversare il Mediterraneo o il tratto di Oceano Atlantico che separa le coste africane dall\u2019arcipelago delle isole Canarie. Sono viaggi costosi: da alcune migliaia di dollari a decine di migliaia. Il prezzo varia in funzione della distanza da percorrere, delle difficolt\u00e0 da affrontare, del tipo di trasporto scelto, dei documenti necessari\u2026 <\/span><\/p>\n<p style=\"text-align: justify;\"><span style=\"color: #000000;\"><strong><a href=\"https:\/\/www.rassegnastampa-totustuus.it\/cattolica\/wp-content\/uploads\/2004\/11\/Africa_clandestini_deserto-1.jpg\"><img loading=\"lazy\" decoding=\"async\" class=\" wp-image-47679 alignright\" src=\"https:\/\/www.rassegnastampa-totustuus.it\/cattolica\/wp-content\/uploads\/2004\/11\/Africa_clandestini_deserto-1.jpg\" alt=\"\" width=\"332\" height=\"221\" \/><\/a>L\u2019organizzazione dei viaggi illegali rende molto di per s\u00e9<\/strong>. Nel 2015 e nel 2016, gli anni di maggior traffico verso l\u2019Europa, si stima che il contrabbando di persone abbia fruttato complessivamente da sei a sette miliardi di dollari. Inoltre c\u2019\u00e8 modo di arrotondare, ricattando i \u201cclienti\u201d e abusandone in vari modi. La ricerca descrive come: tra le forme di abuso pi\u00f9 comuni, il lavoro forzato, patito dall\u201911 per cento degli intervistati, la schiavit\u00f9 (7 per cento), lo sfruttamento sessuale (4 per cento). La detenzione a scopo di estorsione \u00e8 di gran lunga l\u2019abuso pi\u00f9 frequente. Il 54 per cento degli intervistati ha detto di averla sperimentata: inflitta dai dipendenti dell\u2019organizzazione stessa a cui si erano affidati o da altri soggetti, ad esempio, altre organizzazioni criminali o gruppi armati da cui sono stati rapiti o ai quali sono stati ceduti. <\/span><\/p>\n<p style=\"text-align: justify;\"><span style=\"color: #000000;\"><strong>\u00c8 nei campi di detenzione gestiti dalle organizzazioni criminali<\/strong>, e dai gruppi armati che in Africa controllano grandi estensioni di territorio, che gli emigranti illegali subiscono le violenze spesso denunciate, ma attribuendole alle forze di sicurezza dei governi di transito. L\u00ec attendono per settimane che i loro carcerieri ricevano, dai parenti allertati, di che riscattarli, per proseguire il viaggio. I pi\u00f9 fortunati, per meglio dire, i meno sfortunati, sono quelli arrestati dalla polizia e detenuti in centri di raccolta o in carcere. Di solito vengono rimpatriati e, se davvero hanno fortuna, possono usufruire dei programmi di rimpatrio volontario assistito finanziati dall\u2019Unhcr, dall\u2019Organizzazione internazionale per le migrazioni e dall\u2019Unione Europea, grazie ai quali gi\u00e0 decine di migliaia di africani sono tornati a casa. <\/span><\/p>\n<p style=\"text-align: justify;\"><span style=\"color: #000000;\"><strong><a href=\"https:\/\/www.rassegnastampa-totustuus.it\/cattolica\/wp-content\/uploads\/2004\/11\/clandestini_Africa.jpg\"><img loading=\"lazy\" decoding=\"async\" class=\"size-full wp-image-47672 alignleft\" src=\"https:\/\/www.rassegnastampa-totustuus.it\/cattolica\/wp-content\/uploads\/2004\/11\/clandestini_Africa.jpg\" alt=\"\" width=\"282\" height=\"179\" \/><\/a>Con l\u2019esperienza e il passaparola<\/strong>, gli emigranti hanno imparato che un modo per ridurre il rischio di subire violenze e abusi, e furti, durante il viaggio \u00e8 non portare con s\u00e9 tutto il denaro concordato, ma farselo spedire di volta in volta. Il 51 per cento degli intervistati ha detto di aver affidato il resto del denaro ad amici o famigliari; altri, il 29 per cento, addirittura al contrabbandiere. Ma non \u00e8 sufficiente. <\/span><\/p>\n<p style=\"text-align: justify;\"><span style=\"color: #000000;\"><strong>Per finire<\/strong>, la ricerca, che prende in considerazione anche gli africani che emigrano illegalmente in altri stati africani, arriva a una \u201cscoperta\u201d. Gli emigranti diretti in Europa sono pi\u00f9 spesso vittime di abusi, sono pi\u00f9 spesso \u201ctrafficati\u201d rispetto a quelli che restano nel continente africano. Il motivo \u00e8 che hanno pi\u00f9 denaro con s\u00e9, durante il viaggio, o reperibile. E, spiega il rapporto, \u201cpi\u00f9 denaro hanno con s\u00e9, pi\u00f9 \u00e8 probabile che vengano trafficati\u201d. <\/span><\/p>\n<p style=\"text-align: justify;\"><span style=\"color: #000000;\">Stando alle dichiarazioni rilasciate dagli intervistati, la differenza \u00e8 in effetti notevole. Quelli diretti in Europa avevano in media 821 euro. Quelli in viaggio verso altri stati africani ne avevano in media 277. Tra quelli con destinazione l\u2019Europa, i pi\u00f9 \u201cricchi\u201d risultano quelli che intendevano raggiungere la Francia (876 euro). La destinazione meno costosa sembra essere la Spagna (770 euro). La ricerca ha individuato inoltre un\u2019altra differenza. Le donne del campione avevano in media 776 euro contro i 447 degli uomini. <\/span><\/p>\n<p style=\"text-align: justify;\"><span style=\"color: #000000;\"><strong>Perde valore, alla luce di questi dati<\/strong>, l\u2019asserzione che sia una condizione di povert\u00e0 estrema a costringere a emigrare, argomento che in Italia continua a essere usato per chiedere che lo status di rifugiato sia riconosciuto a tutti gli emigranti illegali, non solo ai profughi, gi\u00e0 smentito da altre ricerche condotte nel corso degli anni.<\/span><\/p>\n","protected":false},"excerpt":{"rendered":"<p>La Nuova Bussola quotidiana 9 gennaio 2020\u00a0 Il rapporto \u201cL\u2019intersezione tra migrazione irregolare e traffico di esseri umani in Africa occidentale e nel Sahel\u201d, della Global Initiative, sottolinea i pericoli affrontati dagli emigranti illegali. L\u2019organizzazione dei viaggi rende molto. E i dati della ricerca, svolta con interviste a 1.600 migranti, smentiscono l\u2019idea che alla base &hellip; <\/p>\n<p><a class=\"more-link btn\" href=\"https:\/\/www.rassegnastampa-totustuus.it\/cattolica\/migranti-illegali-e-tratta-la-ricerca-di-una-ong-fa-luce\/\">Continua a leggere<\/a><\/p>\n","protected":false},"author":6,"featured_media":49447,"comment_status":"closed","ping_status":"closed","sticky":false,"template":"","format":"standard","meta":{"footnotes":""},"categories":[39,38],"tags":[2393,1655,2392],"class_list":["post-49709","post","type-post","status-publish","format-standard","has-post-thumbnail","hentry","category-africa","category-immigrazione","tag-africa","tag-clandestini","tag-immigrazione","item-wrap"],"yoast_head":"<!-- This site is optimized with the Yoast SEO plugin v27.5 - https:\/\/yoast.com\/product\/yoast-seo-wordpress\/ -->\n<title>Migranti illegali e tratta, la ricerca di una Ong fa luce - Rassegna Stampa Cattolica<\/title>\n<meta name=\"description\" content=\"Rassegna Stampa Cattolica - Per una cultura che nasce dalla Rivelazione cristiana in conformit\u00e0 alla tradizione e al Magistero della Chiesa in opposizione ad ogni relativismo e totalitarismo\" \/>\n<meta name=\"robots\" content=\"index, follow, max-snippet:-1, max-image-preview:large, max-video-preview:-1\" \/>\n<link rel=\"canonical\" href=\"https:\/\/www.rassegnastampa-totustuus.it\/cattolica\/migranti-illegali-e-tratta-la-ricerca-di-una-ong-fa-luce\/\" \/>\n<meta property=\"og:locale\" content=\"it_IT\" \/>\n<meta property=\"og:type\" content=\"article\" \/>\n<meta property=\"og:title\" content=\"Migranti illegali e tratta, la ricerca di una Ong fa luce - Rassegna Stampa Cattolica\" \/>\n<meta property=\"og:description\" content=\"Rassegna Stampa Cattolica - Per una cultura che nasce dalla Rivelazione cristiana in conformit\u00e0 alla tradizione e al Magistero della Chiesa in opposizione ad ogni relativismo e totalitarismo\" \/>\n<meta property=\"og:url\" content=\"https:\/\/www.rassegnastampa-totustuus.it\/cattolica\/migranti-illegali-e-tratta-la-ricerca-di-una-ong-fa-luce\/\" \/>\n<meta property=\"og:site_name\" content=\"Rassegna Stampa Cattolica\" \/>\n<meta property=\"article:publisher\" content=\"https:\/\/www.facebook.com\/rassegnastampacattolica\" \/>\n<meta property=\"article:published_time\" content=\"2021-01-13T23:00:04+00:00\" \/>\n<meta property=\"article:modified_time\" content=\"2024-06-18T13:30:58+00:00\" \/>\n<meta property=\"og:image\" content=\"https:\/\/www.rassegnastampa-totustuus.it\/cattolica\/wp-content\/uploads\/2020\/12\/immigrati_clandestini_ong.jpg\" \/>\n\t<meta property=\"og:image:width\" content=\"1280\" \/>\n\t<meta property=\"og:image:height\" content=\"854\" \/>\n\t<meta property=\"og:image:type\" content=\"image\/jpeg\" \/>\n<meta name=\"author\" content=\"Redazione\" \/>\n<meta name=\"twitter:card\" content=\"summary_large_image\" \/>\n<meta name=\"twitter:creator\" content=\"@rassegnastampa9\" \/>\n<meta name=\"twitter:site\" content=\"@rassegnastampa9\" \/>\n<meta name=\"twitter:label1\" content=\"Scritto da\" \/>\n\t<meta name=\"twitter:data1\" content=\"Redazione\" \/>\n\t<meta name=\"twitter:label2\" content=\"Tempo di lettura stimato\" \/>\n\t<meta name=\"twitter:data2\" content=\"7 minuti\" \/>\n<script type=\"application\/ld+json\" class=\"yoast-schema-graph\">{\"@context\":\"https:\\\/\\\/schema.org\",\"@graph\":[{\"@type\":\"Article\",\"@id\":\"https:\\\/\\\/www.rassegnastampa-totustuus.it\\\/cattolica\\\/migranti-illegali-e-tratta-la-ricerca-di-una-ong-fa-luce\\\/#article\",\"isPartOf\":{\"@id\":\"https:\\\/\\\/www.rassegnastampa-totustuus.it\\\/cattolica\\\/migranti-illegali-e-tratta-la-ricerca-di-una-ong-fa-luce\\\/\"},\"author\":{\"name\":\"Redazione\",\"@id\":\"https:\\\/\\\/www.rassegnastampa-totustuus.it\\\/cattolica\\\/#\\\/schema\\\/person\\\/08f319d2bd1a0904ad9e2bfb7b15e5c3\"},\"headline\":\"Migranti illegali e tratta, la ricerca di una Ong fa luce\",\"datePublished\":\"2021-01-13T23:00:04+00:00\",\"dateModified\":\"2024-06-18T13:30:58+00:00\",\"mainEntityOfPage\":{\"@id\":\"https:\\\/\\\/www.rassegnastampa-totustuus.it\\\/cattolica\\\/migranti-illegali-e-tratta-la-ricerca-di-una-ong-fa-luce\\\/\"},\"wordCount\":1033,\"publisher\":{\"@id\":\"https:\\\/\\\/www.rassegnastampa-totustuus.it\\\/cattolica\\\/#organization\"},\"image\":{\"@id\":\"https:\\\/\\\/www.rassegnastampa-totustuus.it\\\/cattolica\\\/migranti-illegali-e-tratta-la-ricerca-di-una-ong-fa-luce\\\/#primaryimage\"},\"thumbnailUrl\":\"https:\\\/\\\/www.rassegnastampa-totustuus.it\\\/cattolica\\\/wp-content\\\/uploads\\\/2020\\\/12\\\/immigrati_clandestini_ong.jpg\",\"keywords\":[\"Africa\",\"clandestini\",\"immigrazione\"],\"articleSection\":[\"Africa\",\"Immigrazione\"],\"inLanguage\":\"it-IT\"},{\"@type\":\"WebPage\",\"@id\":\"https:\\\/\\\/www.rassegnastampa-totustuus.it\\\/cattolica\\\/migranti-illegali-e-tratta-la-ricerca-di-una-ong-fa-luce\\\/\",\"url\":\"https:\\\/\\\/www.rassegnastampa-totustuus.it\\\/cattolica\\\/migranti-illegali-e-tratta-la-ricerca-di-una-ong-fa-luce\\\/\",\"name\":\"Migranti illegali e tratta, la ricerca di una Ong fa luce - Rassegna Stampa Cattolica\",\"isPartOf\":{\"@id\":\"https:\\\/\\\/www.rassegnastampa-totustuus.it\\\/cattolica\\\/#website\"},\"primaryImageOfPage\":{\"@id\":\"https:\\\/\\\/www.rassegnastampa-totustuus.it\\\/cattolica\\\/migranti-illegali-e-tratta-la-ricerca-di-una-ong-fa-luce\\\/#primaryimage\"},\"image\":{\"@id\":\"https:\\\/\\\/www.rassegnastampa-totustuus.it\\\/cattolica\\\/migranti-illegali-e-tratta-la-ricerca-di-una-ong-fa-luce\\\/#primaryimage\"},\"thumbnailUrl\":\"https:\\\/\\\/www.rassegnastampa-totustuus.it\\\/cattolica\\\/wp-content\\\/uploads\\\/2020\\\/12\\\/immigrati_clandestini_ong.jpg\",\"datePublished\":\"2021-01-13T23:00:04+00:00\",\"dateModified\":\"2024-06-18T13:30:58+00:00\",\"description\":\"Rassegna Stampa Cattolica - Per una cultura che nasce dalla Rivelazione cristiana in conformit\u00e0 alla tradizione e al Magistero della Chiesa in opposizione ad ogni relativismo e totalitarismo\",\"breadcrumb\":{\"@id\":\"https:\\\/\\\/www.rassegnastampa-totustuus.it\\\/cattolica\\\/migranti-illegali-e-tratta-la-ricerca-di-una-ong-fa-luce\\\/#breadcrumb\"},\"inLanguage\":\"it-IT\",\"potentialAction\":[{\"@type\":\"ReadAction\",\"target\":[\"https:\\\/\\\/www.rassegnastampa-totustuus.it\\\/cattolica\\\/migranti-illegali-e-tratta-la-ricerca-di-una-ong-fa-luce\\\/\"]}]},{\"@type\":\"ImageObject\",\"inLanguage\":\"it-IT\",\"@id\":\"https:\\\/\\\/www.rassegnastampa-totustuus.it\\\/cattolica\\\/migranti-illegali-e-tratta-la-ricerca-di-una-ong-fa-luce\\\/#primaryimage\",\"url\":\"https:\\\/\\\/www.rassegnastampa-totustuus.it\\\/cattolica\\\/wp-content\\\/uploads\\\/2020\\\/12\\\/immigrati_clandestini_ong.jpg\",\"contentUrl\":\"https:\\\/\\\/www.rassegnastampa-totustuus.it\\\/cattolica\\\/wp-content\\\/uploads\\\/2020\\\/12\\\/immigrati_clandestini_ong.jpg\",\"width\":1280,\"height\":854},{\"@type\":\"BreadcrumbList\",\"@id\":\"https:\\\/\\\/www.rassegnastampa-totustuus.it\\\/cattolica\\\/migranti-illegali-e-tratta-la-ricerca-di-una-ong-fa-luce\\\/#breadcrumb\",\"itemListElement\":[{\"@type\":\"ListItem\",\"position\":1,\"name\":\"Home\",\"item\":\"https:\\\/\\\/www.rassegnastampa-totustuus.it\\\/cattolica\\\/\"},{\"@type\":\"ListItem\",\"position\":2,\"name\":\"Migranti illegali e tratta, la ricerca di una Ong fa luce\"}]},{\"@type\":\"WebSite\",\"@id\":\"https:\\\/\\\/www.rassegnastampa-totustuus.it\\\/cattolica\\\/#website\",\"url\":\"https:\\\/\\\/www.rassegnastampa-totustuus.it\\\/cattolica\\\/\",\"name\":\"Rassegna Stampa Cattolica\",\"description\":\"Per una cultura che nasce dalla Rivelazione cristiana in conformit\u00e0 alla tradizione e al Magistero della Chiesa in opposizione ad ogni relativismo e totalitarismo\",\"publisher\":{\"@id\":\"https:\\\/\\\/www.rassegnastampa-totustuus.it\\\/cattolica\\\/#organization\"},\"alternateName\":\"Rass. Cattolica\",\"potentialAction\":[{\"@type\":\"SearchAction\",\"target\":{\"@type\":\"EntryPoint\",\"urlTemplate\":\"https:\\\/\\\/www.rassegnastampa-totustuus.it\\\/cattolica\\\/?s={search_term_string}\"},\"query-input\":{\"@type\":\"PropertyValueSpecification\",\"valueRequired\":true,\"valueName\":\"search_term_string\"}}],\"inLanguage\":\"it-IT\"},{\"@type\":\"Organization\",\"@id\":\"https:\\\/\\\/www.rassegnastampa-totustuus.it\\\/cattolica\\\/#organization\",\"name\":\"Rassegna Stampa Cattolica\",\"url\":\"https:\\\/\\\/www.rassegnastampa-totustuus.it\\\/cattolica\\\/\",\"logo\":{\"@type\":\"ImageObject\",\"inLanguage\":\"it-IT\",\"@id\":\"https:\\\/\\\/www.rassegnastampa-totustuus.it\\\/cattolica\\\/#\\\/schema\\\/logo\\\/image\\\/\",\"url\":\"https:\\\/\\\/www.rassegnastampa-totustuus.it\\\/cattolica\\\/wp-content\\\/uploads\\\/2014\\\/04\\\/logo-rassegna1.gif\",\"contentUrl\":\"https:\\\/\\\/www.rassegnastampa-totustuus.it\\\/cattolica\\\/wp-content\\\/uploads\\\/2014\\\/04\\\/logo-rassegna1.gif\",\"width\":600,\"height\":163,\"caption\":\"Rassegna Stampa Cattolica\"},\"image\":{\"@id\":\"https:\\\/\\\/www.rassegnastampa-totustuus.it\\\/cattolica\\\/#\\\/schema\\\/logo\\\/image\\\/\"},\"sameAs\":[\"https:\\\/\\\/www.facebook.com\\\/rassegnastampacattolica\",\"https:\\\/\\\/x.com\\\/rassegnastampa9\"]},{\"@type\":\"Person\",\"@id\":\"https:\\\/\\\/www.rassegnastampa-totustuus.it\\\/cattolica\\\/#\\\/schema\\\/person\\\/08f319d2bd1a0904ad9e2bfb7b15e5c3\",\"name\":\"Redazione\",\"image\":{\"@type\":\"ImageObject\",\"inLanguage\":\"it-IT\",\"@id\":\"https:\\\/\\\/secure.gravatar.com\\\/avatar\\\/2fcdf27c78ea025fbdb44e914cc63c72249ffec9dc8aafd5c82b26240ef3f346?s=96&d=mm&r=g\",\"url\":\"https:\\\/\\\/secure.gravatar.com\\\/avatar\\\/2fcdf27c78ea025fbdb44e914cc63c72249ffec9dc8aafd5c82b26240ef3f346?s=96&d=mm&r=g\",\"contentUrl\":\"https:\\\/\\\/secure.gravatar.com\\\/avatar\\\/2fcdf27c78ea025fbdb44e914cc63c72249ffec9dc8aafd5c82b26240ef3f346?s=96&d=mm&r=g\",\"caption\":\"Redazione\"},\"url\":\"https:\\\/\\\/www.rassegnastampa-totustuus.it\\\/cattolica\\\/author\\\/pietroelle\\\/\"}]}<\/script>\n<!-- \/ Yoast SEO plugin. -->","yoast_head_json":{"title":"Migranti illegali e tratta, la ricerca di una Ong fa luce - Rassegna Stampa Cattolica","description":"Rassegna Stampa Cattolica - Per una cultura che nasce dalla Rivelazione cristiana in conformit\u00e0 alla tradizione e al Magistero della Chiesa in opposizione ad ogni relativismo e totalitarismo","robots":{"index":"index","follow":"follow","max-snippet":"max-snippet:-1","max-image-preview":"max-image-preview:large","max-video-preview":"max-video-preview:-1"},"canonical":"https:\/\/www.rassegnastampa-totustuus.it\/cattolica\/migranti-illegali-e-tratta-la-ricerca-di-una-ong-fa-luce\/","og_locale":"it_IT","og_type":"article","og_title":"Migranti illegali e tratta, la ricerca di una Ong fa luce - Rassegna Stampa Cattolica","og_description":"Rassegna Stampa Cattolica - Per una cultura che nasce dalla Rivelazione cristiana in conformit\u00e0 alla tradizione e al Magistero della Chiesa in opposizione ad ogni relativismo e totalitarismo","og_url":"https:\/\/www.rassegnastampa-totustuus.it\/cattolica\/migranti-illegali-e-tratta-la-ricerca-di-una-ong-fa-luce\/","og_site_name":"Rassegna Stampa Cattolica","article_publisher":"https:\/\/www.facebook.com\/rassegnastampacattolica","article_published_time":"2021-01-13T23:00:04+00:00","article_modified_time":"2024-06-18T13:30:58+00:00","og_image":[{"width":1280,"height":854,"url":"https:\/\/www.rassegnastampa-totustuus.it\/cattolica\/wp-content\/uploads\/2020\/12\/immigrati_clandestini_ong.jpg","type":"image\/jpeg"}],"author":"Redazione","twitter_card":"summary_large_image","twitter_creator":"@rassegnastampa9","twitter_site":"@rassegnastampa9","twitter_misc":{"Scritto da":"Redazione","Tempo di lettura stimato":"7 minuti"},"schema":{"@context":"https:\/\/schema.org","@graph":[{"@type":"Article","@id":"https:\/\/www.rassegnastampa-totustuus.it\/cattolica\/migranti-illegali-e-tratta-la-ricerca-di-una-ong-fa-luce\/#article","isPartOf":{"@id":"https:\/\/www.rassegnastampa-totustuus.it\/cattolica\/migranti-illegali-e-tratta-la-ricerca-di-una-ong-fa-luce\/"},"author":{"name":"Redazione","@id":"https:\/\/www.rassegnastampa-totustuus.it\/cattolica\/#\/schema\/person\/08f319d2bd1a0904ad9e2bfb7b15e5c3"},"headline":"Migranti illegali e tratta, la ricerca di una Ong fa luce","datePublished":"2021-01-13T23:00:04+00:00","dateModified":"2024-06-18T13:30:58+00:00","mainEntityOfPage":{"@id":"https:\/\/www.rassegnastampa-totustuus.it\/cattolica\/migranti-illegali-e-tratta-la-ricerca-di-una-ong-fa-luce\/"},"wordCount":1033,"publisher":{"@id":"https:\/\/www.rassegnastampa-totustuus.it\/cattolica\/#organization"},"image":{"@id":"https:\/\/www.rassegnastampa-totustuus.it\/cattolica\/migranti-illegali-e-tratta-la-ricerca-di-una-ong-fa-luce\/#primaryimage"},"thumbnailUrl":"https:\/\/www.rassegnastampa-totustuus.it\/cattolica\/wp-content\/uploads\/2020\/12\/immigrati_clandestini_ong.jpg","keywords":["Africa","clandestini","immigrazione"],"articleSection":["Africa","Immigrazione"],"inLanguage":"it-IT"},{"@type":"WebPage","@id":"https:\/\/www.rassegnastampa-totustuus.it\/cattolica\/migranti-illegali-e-tratta-la-ricerca-di-una-ong-fa-luce\/","url":"https:\/\/www.rassegnastampa-totustuus.it\/cattolica\/migranti-illegali-e-tratta-la-ricerca-di-una-ong-fa-luce\/","name":"Migranti illegali e tratta, la ricerca di una Ong fa luce - Rassegna Stampa Cattolica","isPartOf":{"@id":"https:\/\/www.rassegnastampa-totustuus.it\/cattolica\/#website"},"primaryImageOfPage":{"@id":"https:\/\/www.rassegnastampa-totustuus.it\/cattolica\/migranti-illegali-e-tratta-la-ricerca-di-una-ong-fa-luce\/#primaryimage"},"image":{"@id":"https:\/\/www.rassegnastampa-totustuus.it\/cattolica\/migranti-illegali-e-tratta-la-ricerca-di-una-ong-fa-luce\/#primaryimage"},"thumbnailUrl":"https:\/\/www.rassegnastampa-totustuus.it\/cattolica\/wp-content\/uploads\/2020\/12\/immigrati_clandestini_ong.jpg","datePublished":"2021-01-13T23:00:04+00:00","dateModified":"2024-06-18T13:30:58+00:00","description":"Rassegna Stampa Cattolica - Per una cultura che nasce dalla Rivelazione cristiana in conformit\u00e0 alla tradizione e al Magistero della Chiesa in opposizione ad ogni relativismo e totalitarismo","breadcrumb":{"@id":"https:\/\/www.rassegnastampa-totustuus.it\/cattolica\/migranti-illegali-e-tratta-la-ricerca-di-una-ong-fa-luce\/#breadcrumb"},"inLanguage":"it-IT","potentialAction":[{"@type":"ReadAction","target":["https:\/\/www.rassegnastampa-totustuus.it\/cattolica\/migranti-illegali-e-tratta-la-ricerca-di-una-ong-fa-luce\/"]}]},{"@type":"ImageObject","inLanguage":"it-IT","@id":"https:\/\/www.rassegnastampa-totustuus.it\/cattolica\/migranti-illegali-e-tratta-la-ricerca-di-una-ong-fa-luce\/#primaryimage","url":"https:\/\/www.rassegnastampa-totustuus.it\/cattolica\/wp-content\/uploads\/2020\/12\/immigrati_clandestini_ong.jpg","contentUrl":"https:\/\/www.rassegnastampa-totustuus.it\/cattolica\/wp-content\/uploads\/2020\/12\/immigrati_clandestini_ong.jpg","width":1280,"height":854},{"@type":"BreadcrumbList","@id":"https:\/\/www.rassegnastampa-totustuus.it\/cattolica\/migranti-illegali-e-tratta-la-ricerca-di-una-ong-fa-luce\/#breadcrumb","itemListElement":[{"@type":"ListItem","position":1,"name":"Home","item":"https:\/\/www.rassegnastampa-totustuus.it\/cattolica\/"},{"@type":"ListItem","position":2,"name":"Migranti illegali e tratta, la ricerca di una Ong fa luce"}]},{"@type":"WebSite","@id":"https:\/\/www.rassegnastampa-totustuus.it\/cattolica\/#website","url":"https:\/\/www.rassegnastampa-totustuus.it\/cattolica\/","name":"Rassegna Stampa Cattolica","description":"Per una cultura che nasce dalla Rivelazione cristiana in conformit\u00e0 alla tradizione e al Magistero della Chiesa in opposizione ad ogni relativismo e totalitarismo","publisher":{"@id":"https:\/\/www.rassegnastampa-totustuus.it\/cattolica\/#organization"},"alternateName":"Rass. Cattolica","potentialAction":[{"@type":"SearchAction","target":{"@type":"EntryPoint","urlTemplate":"https:\/\/www.rassegnastampa-totustuus.it\/cattolica\/?s={search_term_string}"},"query-input":{"@type":"PropertyValueSpecification","valueRequired":true,"valueName":"search_term_string"}}],"inLanguage":"it-IT"},{"@type":"Organization","@id":"https:\/\/www.rassegnastampa-totustuus.it\/cattolica\/#organization","name":"Rassegna Stampa Cattolica","url":"https:\/\/www.rassegnastampa-totustuus.it\/cattolica\/","logo":{"@type":"ImageObject","inLanguage":"it-IT","@id":"https:\/\/www.rassegnastampa-totustuus.it\/cattolica\/#\/schema\/logo\/image\/","url":"https:\/\/www.rassegnastampa-totustuus.it\/cattolica\/wp-content\/uploads\/2014\/04\/logo-rassegna1.gif","contentUrl":"https:\/\/www.rassegnastampa-totustuus.it\/cattolica\/wp-content\/uploads\/2014\/04\/logo-rassegna1.gif","width":600,"height":163,"caption":"Rassegna Stampa Cattolica"},"image":{"@id":"https:\/\/www.rassegnastampa-totustuus.it\/cattolica\/#\/schema\/logo\/image\/"},"sameAs":["https:\/\/www.facebook.com\/rassegnastampacattolica","https:\/\/x.com\/rassegnastampa9"]},{"@type":"Person","@id":"https:\/\/www.rassegnastampa-totustuus.it\/cattolica\/#\/schema\/person\/08f319d2bd1a0904ad9e2bfb7b15e5c3","name":"Redazione","image":{"@type":"ImageObject","inLanguage":"it-IT","@id":"https:\/\/secure.gravatar.com\/avatar\/2fcdf27c78ea025fbdb44e914cc63c72249ffec9dc8aafd5c82b26240ef3f346?s=96&d=mm&r=g","url":"https:\/\/secure.gravatar.com\/avatar\/2fcdf27c78ea025fbdb44e914cc63c72249ffec9dc8aafd5c82b26240ef3f346?s=96&d=mm&r=g","contentUrl":"https:\/\/secure.gravatar.com\/avatar\/2fcdf27c78ea025fbdb44e914cc63c72249ffec9dc8aafd5c82b26240ef3f346?s=96&d=mm&r=g","caption":"Redazione"},"url":"https:\/\/www.rassegnastampa-totustuus.it\/cattolica\/author\/pietroelle\/"}]}},"_links":{"self":[{"href":"https:\/\/www.rassegnastampa-totustuus.it\/cattolica\/wp-json\/wp\/v2\/posts\/49709","targetHints":{"allow":["GET"]}}],"collection":[{"href":"https:\/\/www.rassegnastampa-totustuus.it\/cattolica\/wp-json\/wp\/v2\/posts"}],"about":[{"href":"https:\/\/www.rassegnastampa-totustuus.it\/cattolica\/wp-json\/wp\/v2\/types\/post"}],"author":[{"embeddable":true,"href":"https:\/\/www.rassegnastampa-totustuus.it\/cattolica\/wp-json\/wp\/v2\/users\/6"}],"replies":[{"embeddable":true,"href":"https:\/\/www.rassegnastampa-totustuus.it\/cattolica\/wp-json\/wp\/v2\/comments?post=49709"}],"version-history":[{"count":2,"href":"https:\/\/www.rassegnastampa-totustuus.it\/cattolica\/wp-json\/wp\/v2\/posts\/49709\/revisions"}],"predecessor-version":[{"id":60684,"href":"https:\/\/www.rassegnastampa-totustuus.it\/cattolica\/wp-json\/wp\/v2\/posts\/49709\/revisions\/60684"}],"wp:featuredmedia":[{"embeddable":true,"href":"https:\/\/www.rassegnastampa-totustuus.it\/cattolica\/wp-json\/wp\/v2\/media\/49447"}],"wp:attachment":[{"href":"https:\/\/www.rassegnastampa-totustuus.it\/cattolica\/wp-json\/wp\/v2\/media?parent=49709"}],"wp:term":[{"taxonomy":"category","embeddable":true,"href":"https:\/\/www.rassegnastampa-totustuus.it\/cattolica\/wp-json\/wp\/v2\/categories?post=49709"},{"taxonomy":"post_tag","embeddable":true,"href":"https:\/\/www.rassegnastampa-totustuus.it\/cattolica\/wp-json\/wp\/v2\/tags?post=49709"}],"curies":[{"name":"wp","href":"https:\/\/api.w.org\/{rel}","templated":true}]}}