{"id":49500,"date":"2020-12-24T00:00:39","date_gmt":"2020-12-23T23:00:39","guid":{"rendered":"http:\/\/www.rassegnastampa-totustuus.it\/cattolica\/?p=49500"},"modified":"2020-12-24T11:05:14","modified_gmt":"2020-12-24T10:05:14","slug":"la-lezione-di-ratzinger-del-2020-cosi-ha-continuato-a-parlare","status":"publish","type":"post","link":"https:\/\/www.rassegnastampa-totustuus.it\/cattolica\/la-lezione-di-ratzinger-del-2020-cosi-ha-continuato-a-parlare\/","title":{"rendered":"La lezione di Ratzinger del 2020: cos\u00ec ha continuato a parlare"},"content":{"rendered":"<p style=\"text-align: center;\"><span style=\"color: #000000;\"><strong><a href=\"https:\/\/www.rassegnastampa-totustuus.it\/cattolica\/wp-content\/uploads\/2020\/12\/papa_Ratzinger_Francesco.jpg\"><img loading=\"lazy\" decoding=\"async\" class=\"size-medium wp-image-49501 alignright\" src=\"https:\/\/www.rassegnastampa-totustuus.it\/cattolica\/wp-content\/uploads\/2020\/12\/papa_Ratzinger_Francesco-300x167.jpg\" alt=\"\" width=\"300\" height=\"167\" srcset=\"https:\/\/www.rassegnastampa-totustuus.it\/cattolica\/wp-content\/uploads\/2020\/12\/papa_Ratzinger_Francesco-300x167.jpg 300w, https:\/\/www.rassegnastampa-totustuus.it\/cattolica\/wp-content\/uploads\/2020\/12\/papa_Ratzinger_Francesco-768x427.jpg 768w, https:\/\/www.rassegnastampa-totustuus.it\/cattolica\/wp-content\/uploads\/2020\/12\/papa_Ratzinger_Francesco-1024x569.jpg 1024w, https:\/\/www.rassegnastampa-totustuus.it\/cattolica\/wp-content\/uploads\/2020\/12\/papa_Ratzinger_Francesco.jpg 1303w\" sizes=\"auto, (max-width: 300px) 100vw, 300px\" \/><\/a>Il Giornale.it <\/strong>venerd\u00ec 18 Dicembre 2020<strong> \u00a0<\/strong><\/span><\/p>\n<p style=\"text-align: justify;\"><span style=\"color: #000000;\"><em>Un altro anno di papato emerito per Joseph Ratzinger , che nel 2020, oltre alla pandemia, ha dovuto affrontare la morte del caro fratello Georg <\/em><\/span><\/p>\n<p style=\"text-align: center;\"><span style=\"color: #000000;\"><strong>Francesco Boezi <\/strong><\/span><\/p>\n<p><!--more--><\/p>\n<p style=\"text-align: justify;\"><span style=\"color: #000000;\">Un altro anno di papato emerito per <strong>Joseph Ratzinger<\/strong>, che nel 2020, oltre alla pandemia, ha dovuto affrontare la morte del caro fratello Georg. Il periodo che ci stiamo lasciando alle spalle \u00e8 stato davvero particolare per il primo pontefice emerito della storia della Chiesa cattolica. Il 2020 si chiude con il dibattito sulla regolarizzazione della figura di chi ha rinunciato (o rinuncer\u00e0) al soglio di Pietro. \u00a0Un problema che negli ambienti ecclesiastici \u00e8 stato sollevato con costanza in questi quasi otto anni. <\/span><\/p>\n<p style=\"text-align: justify;\"><span style=\"color: #000000;\"><strong><a href=\"https:\/\/www.rassegnastampa-totustuus.it\/cattolica\/wp-content\/uploads\/2020\/12\/Benedetto_XVI_chiesa.jpg\"><img loading=\"lazy\" decoding=\"async\" class=\"wp-image-49504 alignleft\" src=\"https:\/\/www.rassegnastampa-totustuus.it\/cattolica\/wp-content\/uploads\/2020\/12\/Benedetto_XVI_chiesa.jpg\" alt=\"\" width=\"332\" height=\"221\" \/><\/a>Benedetto XVI<\/strong> potrebbe essere stato del resto il primo di un elenco, e non \u00e8 detto che i prossimi vescovi di Roma non optino a loro volta per abbandonare l&#8217;incarico, nel caso dovessero percepire di non avere le forze per affrontare questioni spinose, ad esempio. Come papa Francesco ha dichiarato, Ratzinger ha insomma aperto una strada nuova, che potrebbe anche tutelare la Chiesa da situazioni come quelle vissute negli ultimi anni del pontificato di San Giovanni Paolo II, quando la sensazione era che il Vaticano fosse governato s\u00ec, ma non dal sovrano pontefice. <\/span><\/p>\n<p style=\"text-align: justify;\"><span style=\"color: #000000;\">Benedetto XVI non \u00e8 pi\u00f9 il Papa, ma ha continuato a dire la sua. Il mite professore non ha fatto voto di silenzio quando si \u00e8 dimesso, ma dagli ambienti progressisti continuano a segnalare una certa insofferenza, che emerge quando Ratzinger afferma verit\u00e0 di fede che possono contrastare con certe istanze e certe strategie. <\/span><\/p>\n<p style=\"text-align: justify;\"><span style=\"color: #000000;\">Tentativi di mettere a tacere Joseh Ratzinger sono stati raccontati anche negli scorsi trecentossessantacinque giorni ma, anche a detta dell&#8217;emerito, \u00e8 un atteggiamento diffuso, in specie nella &#8220;sua&#8221; <strong>Germania<\/strong>. Nella terra in cui i vescovi si sono riuniti<\/span><span style=\"color: #0000ff;\"><a style=\"color: #0000ff;\" href=\"https:\/\/www.ilgiornale.it\/news\/cronache\/scisma-tedesco-che-agita-i-sonni-vaticano-1897473.html\" target=\"_blank\" rel=\"noopener noreferrer\"> per il &#8220;Sinodo biennale<\/a><\/span>&#8220;, <span style=\"color: #000000;\">le posizioni di Benedetto XVI non sono sempre gradite, anzi. Tanto che il mite teologo di Tubinga lo ha messo nero su bianco &#8211; era il maggio del 2020 -,<\/span> <span style=\"color: #0000ff;\"><a style=\"color: #0000ff;\" href=\"https:\/\/www.ilgiornale.it\/news\/cronache\/ratzinger-denuncia-vogliono-silenziare-mia-voce-1860291.html\" target=\"_blank\" rel=\"noopener noreferrer\">scrivendo appunto<\/a><\/span> <span style=\"color: #000000;\">di chi ha intenzione di &#8220;silenziare&#8221; la sua &#8220;voce&#8221;. <\/span><\/p>\n<p style=\"text-align: justify;\"><span style=\"color: #000000;\"><a href=\"https:\/\/www.rassegnastampa-totustuus.it\/cattolica\/wp-content\/uploads\/2012\/09\/Benedetto-XVI.jpg\"><img loading=\"lazy\" decoding=\"async\" class=\"wp-image-31572 alignright\" src=\"https:\/\/www.rassegnastampa-totustuus.it\/cattolica\/wp-content\/uploads\/2012\/09\/Benedetto-XVI.jpg\" alt=\"\" width=\"294\" height=\"202\" \/><\/a>In altre epoche, quell&#8217;affermazione dell&#8217;ex <strong>Papa<\/strong> avrebbe fatto pi\u00f9 rumore, ma eravamo e siamo in piena pandemia da Covid-19, e la Chiesa \u00e8 chiamata a sciogliere i nodi tra le misure che la situazione sanitaria impone e la normalit\u00e0 del culto e della distribuzione dei sacramenti che l&#8217;emergenza la base dei fedeli pretende. Uno spartiacque, insomma, in cui le priorit\u00e0 sembrano divenute altre e le tensioni alla base dell&#8217;unit\u00e0 della Chiesa si palesano in misura minore. <\/span><\/p>\n<p style=\"text-align: justify;\"><span style=\"color: #000000;\">Pensare che il 2020 era iniziato, per Ratzinger e per i ratzingeriani, con una discesa in campo decisiva per evitare che il celibato sacerdotale venisse abolito. A met\u00e0 gennaio del 2020, mentre gli ecclesiastici attendevano le disposizioni del Papa dopo il Sinodo post-amazzonico, viene pubblicato<\/span> <span style=\"color: #0000ff;\"><a style=\"color: #0000ff;\" href=\"https:\/\/www.ilgiornale.it\/news\/cronache\/ratzinger-celibato-indispensabile-non-posso-tacere-1810337.html\" target=\"_blank\" rel=\"noopener noreferrer\">Dal Profondo del Nostro Cuore<\/a><\/span>,<\/p>\n<p style=\"text-align: justify;\"><span style=\"color: #000000;\"><strong>LA BATTAGLIA CONTRO L&#8217;ABOLIZIONE DEL CELIBATO SACERDOTALE<\/strong> <\/span><\/p>\n<p style=\"text-align: justify;\"><span style=\"color: #000000;\">Siamo a gennaio del 2020. La <strong>Chiesa cattolica<\/strong> vive una fase di profonda dialettica. Il Sinodo panamazzonico \u00e8 terminato. I progressisti si aspettano che Jorge Mario Bergoglio metta la parola fine all&#8217;obbligo di celibato sacerdotale. C&#8217;\u00e8 attesa: la decisione \u00e8 telefonata dal fronte della sinistra ecclesiastica, ma non \u00e8 scontata. Anzi, Francesco ha gi\u00e0 lasciato intendere che quella scelta non verr\u00e0 presa durante il suo pontificato. Per\u00f2 la questione \u00e8 sul tavolo. <\/span><\/p>\n<p style=\"text-align: justify;\"><span style=\"color: #000000;\"><a href=\"https:\/\/www.rassegnastampa-totustuus.it\/cattolica\/wp-content\/uploads\/2020\/12\/Benedetto_XVI_chiesa-1.jpg\"><img loading=\"lazy\" decoding=\"async\" class=\"wp-image-49506 alignleft\" src=\"https:\/\/www.rassegnastampa-totustuus.it\/cattolica\/wp-content\/uploads\/2020\/12\/Benedetto_XVI_chiesa-1.jpg\" alt=\"\" width=\"299\" height=\"184\" \/><\/a>Un duo conservatore inedito solo per chi non \u00e8 esperto di &#8220;schieramenti vaticani&#8221; opta per una mossa, che \u00e8 inaspettata ma che in qualche modo sembra condita da impellenza: esce <em>Dal Profondo del Nostro Cuore,<\/em> un libro che scatena una bufera. Il nodo si complica. <\/span><\/p>\n<p style=\"text-align: justify;\"><span style=\"color: #000000;\">Le parole di Ratzinger non sono quelle di un ecclesiastico qualunque. E Benedetto XVI ha preso posizione pi\u00f9 volte da quando ha rinunciato, suscitando le ire dei progressisti, che invocano un mai pronunciato voto di silenzio. Nel corso della bufera libraria, mons. <strong>Georg Gaenswein<\/strong> smette di essere il prefetto della casa pontificia. Il vescovo tedesco rimane cos\u00ec solo il segretario particolare dell&#8217;emerito.<\/span><\/p>\n<p style=\"text-align: justify;\"><span style=\"color: #0000ff;\"><a style=\"color: #0000ff;\" href=\"https:\/\/www.ilgiornale.it\/news\/cronache\/ecco-cosa-c-davvero-dietro-congedo-gaenswein-1822345.html\" target=\"_blank\" rel=\"noopener noreferrer\">Qualcuno vede in quella novit\u00e0<\/a> <\/span><span style=\"color: #000000;\">una &#8220;purga&#8221; del Papa per la storia del libro di Ratzinger e Sarah, ma \u00e8 Bergoglio stesso a non avere intenzione di abolire il celibato sacerdotale (e infatti non lo abolir\u00e0). Altri interpretano il congedo di Gaenswein come un ennesimo gesto di vicinanza del presule tedesco nei confronti dell&#8217;emerito, che sta per passare un periodo complicato della sua esistenza. Anche se Ratzinger, come l&#8217;intera umanit\u00e0 del resto, non pu\u00f2 pronosticare l&#8217;avvento di una pandemia.<\/span><\/p>\n<p style=\"text-align: justify;\"><span style=\"color: #000000;\"><strong>LA MORTE DEL FRATELLO GEORG<\/strong> <\/span><\/p>\n<p style=\"text-align: justify;\"><span style=\"color: #000000;\">La prima fase della pandemia per Ratzinger ha luogo al <em>Mater Ecclesiae<\/em>, il monastero che ha scelto per la sua vita spirituale dopo la rinuncia. Il 16 aprile, in pieno lockdown, Benedetto XVI festeggia il suo compleanno, ma nel 2020 non c&#8217;\u00e8 spazio per inviti ed iniziative comunitarie, con tanto di canti e birra bavarese. Al <em>Mater Ecclesiae<\/em>, per la prima volta dopo anni, manca <strong>Georg Ratzinger<\/strong>, ex direttore del coro di Ratisbona e fratello dell&#8217;emerito. Georg \u00e8 in Germania ma, mentre la quarantena volge al termine inizia a diffondersi, la notizia delle gravi condizioni di salute. <\/span><\/p>\n<div id=\"attachment_49505\" style=\"width: 275px\" class=\"wp-caption alignright\"><a href=\"https:\/\/www.rassegnastampa-totustuus.it\/cattolica\/wp-content\/uploads\/2020\/12\/Georg_Ratzinger.jpg\"><img loading=\"lazy\" decoding=\"async\" aria-describedby=\"caption-attachment-49505\" class=\"wp-image-49505 size-full\" src=\"https:\/\/www.rassegnastampa-totustuus.it\/cattolica\/wp-content\/uploads\/2020\/12\/Georg_Ratzinger.jpg\" alt=\"\" width=\"275\" height=\"183\" \/><\/a><p id=\"caption-attachment-49505\" class=\"wp-caption-text\">Georg Ratzinger<\/p><\/div>\n<p style=\"text-align: justify;\"><span style=\"color: #000000;\">Joseph Ratzinger vuole andare a salutare il fratello, convinto forse del fatto che la malattia del maggiore non consentir\u00e0 ai Ratzinger numerosi momenti insieme in futuro. C&#8217;\u00e8 un problema per\u00f2: al netto delle misure vigenti per evitare la diffusione del Sars-Cov2, Benedetto XVI ha appena compiuto 93 anni, e non tutti sembrano pensare che un viaggio in Germania sia consigliabile. Il pontefice emerito parte lo stesso alla volta di Ratisbona. <\/span><\/p>\n<p style=\"text-align: justify;\"><span style=\"color: #000000;\">Il professore d\u00e0 l&#8217;ennesima lezione di cristianit\u00e0 al mondo intero, che si stupisce per questo ecclesiastico quasi centenario che vola verso la sua patria per stare al capezzale del fratello. Un gesto arrivato nonostante le critiche arrivate proprio dalla terra d&#8217;origine in contemporanea agli interventi del Ratzinger emerito, che per la sinistra ecclesiastica dovrebbe tacere. <\/span><\/p>\n<p style=\"text-align: justify;\"><span style=\"color: #000000;\">Georg Ratzinger muore poco dopo la visita di Joseph. Mentre l&#8217;ex Santo Padre \u00e8 in Germania, circolano voci sul fatto che non torner\u00e0 in Vaticano: niente di vero. Benedetto XVI torna eccome tra le mura leonine. Poi rinuncia all&#8217;eredit\u00e0 di Georg e dona tutto, a parte qualche effetto personale, alla <strong>Santa Sede<\/strong>. <\/span><\/p>\n<p style=\"text-align: justify;\"><span style=\"color: #000000;\"><strong>CHI VUOLE &#8220;METTERE A TACERE&#8221; BENEDETTO XVI?<\/strong> <\/span><\/p>\n<p style=\"text-align: justify;\"><span style=\"color: #000000;\">Il 16 aprile del 2020, per\u00f2, su un tavolino del monastero compare un regalo che Ratzinger attende: \u00e8 la biografia scritta da Peter Seewald, il bavarese cui Benedetto XVI ha gi\u00e0 affidato molte delle sue memorie storiche. In &#8220;Ein Leben&#8221; &#8211; questo il titolo dell&#8217;opera &#8211; Joseph Ratzinger si toglie qualche sassolino dalla scarpa. Il mite teologo di Tubinga torna a parlare dei &#8220;lupi&#8221;. Quelli da cui aveva chiesto di essere messo al riparo con le preghiere nel corso del suo pontificato: &#8220;Ma la vera minaccia per la Chiesa e quindi per il ministero petrino non risiede in queste cose, bens\u00ec nella dittatura mondiale di ideologie apparentemente umanistiche, contraddicendo le quali si resta esclusi dal consenso sociale di fondo&#8221;. <\/span><\/p>\n<p style=\"text-align: justify;\"><span style=\"color: #000000;\"><a href=\"https:\/\/www.rassegnastampa-totustuus.it\/cattolica\/wp-content\/uploads\/2020\/12\/chiesa_Germania.jpg\"><img loading=\"lazy\" decoding=\"async\" class=\"wp-image-49507 alignleft\" src=\"https:\/\/www.rassegnastampa-totustuus.it\/cattolica\/wp-content\/uploads\/2020\/12\/chiesa_Germania-300x125.jpg\" alt=\"\" width=\"365\" height=\"152\" srcset=\"https:\/\/www.rassegnastampa-totustuus.it\/cattolica\/wp-content\/uploads\/2020\/12\/chiesa_Germania-300x125.jpg 300w, https:\/\/www.rassegnastampa-totustuus.it\/cattolica\/wp-content\/uploads\/2020\/12\/chiesa_Germania.jpg 348w\" sizes=\"auto, (max-width: 365px) 100vw, 365px\" \/><\/a>Un taglia-fuori in piena regola che la <strong>Chiesa cattolica<\/strong>, quindi anche Ratzinger, avrebbe subito e sarebbe chiamata a contrastare. Non \u00e8 finita: l&#8217;ex Papa dichiara anche altro. L&#8217;emerito rilascia un&#8217;intervista in Germania &#8211; come ripercorre<\/span><span style=\"color: #0000ff;\"><em><a style=\"color: #0000ff;\" href=\"https:\/\/www.askanews.it\/cronaca\/2020\/05\/04\/mi-vogliono-mettere-a-tacere-ratzinger-top10_20200504_133633\/\" target=\"_blank\" rel=\"noopener noreferrer\"> Aska News<\/a><\/em> <\/span>&#8211; <span style=\"color: #000000;\">in cui sottolinea alcuni aspetti: &#8220;Lo spettacolo delle reazioni della teologia tedesca \u00e8 cos\u00ec sciocco e cos\u00ec cattivo che \u00e8 meglio non parlarne. I veri motivi per cui vogliono silenziare la mia voce non voglio analizzarli&#8221;. In questa fase, Benedetto XVI invididua dunque due &#8220;avversari&#8221;, per cos\u00ec dire: le ideologie umanistiche figlie del relativismo, che sono falsamente cristiane, e un emisfero dei teologi tedeschi che lo accusano d&#8217;immischiarsi con l&#8217;andazzo dottrinale. <\/span><\/p>\n<p style=\"text-align: justify;\"><span style=\"color: #000000;\"><strong>L&#8217;OPINIONE DELL&#8217;ESPERTO<\/strong> <\/span><\/p>\n<p style=\"text-align: justify;\"><span style=\"color: #000000;\">Se <strong>Rosario Vitale<\/strong> \u00e8 un religioso lo deve pure al papa emerito. Vitale ha anche dato alle stampe un&#8217;opera sull&#8217;istituto del papato emerito, che Ratzinger come detto ha creato. Torniamo all&#8217;inizio. La figura del pontefice emerito, cio\u00e8 di un Papa che rinuncia all&#8217;incarico quando \u00e8 ancora in vita, va regolarizzata o no? Vitale \u00e8 propenso per il s\u00ec: &#8220;Sembra semplice a dirsi &#8211; esordisce il religioso -, ma nel concreto semplice non \u00e8. \u00c8 gi\u00e0 tanto che negli anni l\u2019argomento sia venuto fuori sovente, e che molte ed autorevoli voci si siano espresse in merito, anch\u2019io nel mio piccolo con il mio testo \u201cBenedetto XVI il primo papa emerito della storia\u201d (Aracne 2019), ho cercato di dare un contributo al dibattito&#8221;. <\/span><\/p>\n<p style=\"text-align: justify;\"><span style=\"color: #000000;\"><a href=\"https:\/\/www.rassegnastampa-totustuus.it\/cattolica\/wp-content\/uploads\/2020\/12\/Francesco_Benedetto_XVI_chiesa.jpg\"><img loading=\"lazy\" decoding=\"async\" class=\"wp-image-49508 alignright\" src=\"https:\/\/www.rassegnastampa-totustuus.it\/cattolica\/wp-content\/uploads\/2020\/12\/Francesco_Benedetto_XVI_chiesa-300x158.jpg\" alt=\"\" width=\"327\" height=\"172\" srcset=\"https:\/\/www.rassegnastampa-totustuus.it\/cattolica\/wp-content\/uploads\/2020\/12\/Francesco_Benedetto_XVI_chiesa-300x158.jpg 300w, https:\/\/www.rassegnastampa-totustuus.it\/cattolica\/wp-content\/uploads\/2020\/12\/Francesco_Benedetto_XVI_chiesa.jpg 309w\" sizes=\"auto, (max-width: 327px) 100vw, 327px\" \/><\/a>Quindi la questione sul tavolo c&#8217;\u00e8, ma non \u00e8 di facile risoluzione: &#8220;Penso sia necessaria una legislazione che fissi dei paletti per intenderci, abbiamo gi\u00e0 il canone 332 \u00a72, bisognerebbe dunque normare il dopo, non tanto il momento della rinuncia quanto lo status, i diritti e i doveri del papa rinunciatario. Per tali ragioni sarebbe prima opportuna l\u2019istituzione di una commissione che possa lavorare ad una bozza e poi presentarla alla Santa Sede&#8221;. <\/span><\/p>\n<p style=\"text-align: justify;\"><span style=\"color: #000000;\">E per quanto riguarda la storia del &#8220;silenziatore&#8221;? Qualcuno ha provato, e magari \u00e8 anche riuscito, nell&#8217;intento di far tacere Ratzinger nel corso dell&#8217;anno che ci stiamo per lasciare alle spalle? &#8220;No &#8211; replica Vitale -, il papa emerito non \u00e8 il tipo che si lascia \u201csilenziare\u201d. Non ci sono riusciti da Cardinale, n\u00e9 da Papa, e bench\u00e9 meno adesso da papa emerito, per il semplice fatto che Ratzinger nella sua vita ha sempre detto tutto ci\u00f2 che pensava senza guardarsi intorno, senza temere critiche o ripercussioni, armato solo della forza della fede e dell\u2019intima amicizia verso nostro Signore&#8221;, conclude.<\/span><\/p>\n","protected":false},"excerpt":{"rendered":"<p>Il Giornale.it venerd\u00ec 18 Dicembre 2020 \u00a0 Un altro anno di papato emerito per Joseph Ratzinger , che nel 2020, oltre alla pandemia, ha dovuto affrontare la morte del caro fratello Georg Francesco Boezi<\/p><p><a class=\"more-link btn\" href=\"https:\/\/www.rassegnastampa-totustuus.it\/cattolica\/la-lezione-di-ratzinger-del-2020-cosi-ha-continuato-a-parlare\/\">Continua a leggere<\/a><\/p>\n","protected":false},"author":6,"featured_media":49501,"comment_status":"closed","ping_status":"closed","sticky":false,"template":"","format":"standard","meta":{"footnotes":""},"categories":[110,5],"tags":[2407,157],"class_list":["post-49500","post","type-post","status-publish","format-standard","has-post-thumbnail","hentry","category-benedetto-xvi","category-chiesa","tag-benedetto-xvi","tag-chiesa-2","item-wrap"],"yoast_head":"<!-- This site is optimized with the Yoast SEO plugin v27.5 - https:\/\/yoast.com\/product\/yoast-seo-wordpress\/ -->\n<title>La lezione di Ratzinger del 2020: cos\u00ec ha continuato a parlare - Rassegna Stampa Cattolica<\/title>\n<meta name=\"description\" content=\"Rassegna Stampa Cattolica - Per una cultura che nasce dalla Rivelazione cristiana in conformit\u00e0 alla tradizione e al Magistero della Chiesa in opposizione ad ogni relativismo e totalitarismo\" \/>\n<meta name=\"robots\" content=\"index, follow, max-snippet:-1, max-image-preview:large, max-video-preview:-1\" \/>\n<link rel=\"canonical\" href=\"https:\/\/www.rassegnastampa-totustuus.it\/cattolica\/la-lezione-di-ratzinger-del-2020-cosi-ha-continuato-a-parlare\/\" \/>\n<meta property=\"og:locale\" content=\"it_IT\" \/>\n<meta property=\"og:type\" content=\"article\" \/>\n<meta property=\"og:title\" content=\"La lezione di Ratzinger del 2020: cos\u00ec ha continuato a parlare - Rassegna Stampa Cattolica\" \/>\n<meta property=\"og:description\" content=\"Rassegna Stampa Cattolica - Per una cultura che nasce dalla Rivelazione cristiana in conformit\u00e0 alla tradizione e al Magistero della Chiesa in opposizione ad ogni relativismo e totalitarismo\" \/>\n<meta property=\"og:url\" content=\"https:\/\/www.rassegnastampa-totustuus.it\/cattolica\/la-lezione-di-ratzinger-del-2020-cosi-ha-continuato-a-parlare\/\" \/>\n<meta property=\"og:site_name\" content=\"Rassegna Stampa Cattolica\" \/>\n<meta property=\"article:publisher\" content=\"https:\/\/www.facebook.com\/rassegnastampacattolica\" \/>\n<meta property=\"article:published_time\" content=\"2020-12-23T23:00:39+00:00\" \/>\n<meta property=\"article:modified_time\" content=\"2020-12-24T10:05:14+00:00\" \/>\n<meta property=\"og:image\" content=\"https:\/\/www.rassegnastampa-totustuus.it\/cattolica\/wp-content\/uploads\/2020\/12\/papa_Ratzinger_Francesco.jpg\" \/>\n\t<meta property=\"og:image:width\" content=\"1303\" \/>\n\t<meta property=\"og:image:height\" content=\"724\" \/>\n\t<meta property=\"og:image:type\" content=\"image\/jpeg\" \/>\n<meta name=\"author\" content=\"Redazione\" \/>\n<meta name=\"twitter:card\" content=\"summary_large_image\" \/>\n<meta name=\"twitter:creator\" content=\"@rassegnastampa9\" \/>\n<meta name=\"twitter:site\" content=\"@rassegnastampa9\" \/>\n<meta name=\"twitter:label1\" content=\"Scritto da\" \/>\n\t<meta name=\"twitter:data1\" content=\"Redazione\" \/>\n\t<meta name=\"twitter:label2\" content=\"Tempo di lettura stimato\" \/>\n\t<meta name=\"twitter:data2\" content=\"8 minuti\" \/>\n<script type=\"application\/ld+json\" class=\"yoast-schema-graph\">{\"@context\":\"https:\\\/\\\/schema.org\",\"@graph\":[{\"@type\":\"Article\",\"@id\":\"https:\\\/\\\/www.rassegnastampa-totustuus.it\\\/cattolica\\\/la-lezione-di-ratzinger-del-2020-cosi-ha-continuato-a-parlare\\\/#article\",\"isPartOf\":{\"@id\":\"https:\\\/\\\/www.rassegnastampa-totustuus.it\\\/cattolica\\\/la-lezione-di-ratzinger-del-2020-cosi-ha-continuato-a-parlare\\\/\"},\"author\":{\"name\":\"Redazione\",\"@id\":\"https:\\\/\\\/www.rassegnastampa-totustuus.it\\\/cattolica\\\/#\\\/schema\\\/person\\\/08f319d2bd1a0904ad9e2bfb7b15e5c3\"},\"headline\":\"La lezione di Ratzinger del 2020: cos\u00ec ha continuato a parlare\",\"datePublished\":\"2020-12-23T23:00:39+00:00\",\"dateModified\":\"2020-12-24T10:05:14+00:00\",\"mainEntityOfPage\":{\"@id\":\"https:\\\/\\\/www.rassegnastampa-totustuus.it\\\/cattolica\\\/la-lezione-di-ratzinger-del-2020-cosi-ha-continuato-a-parlare\\\/\"},\"wordCount\":1556,\"publisher\":{\"@id\":\"https:\\\/\\\/www.rassegnastampa-totustuus.it\\\/cattolica\\\/#organization\"},\"image\":{\"@id\":\"https:\\\/\\\/www.rassegnastampa-totustuus.it\\\/cattolica\\\/la-lezione-di-ratzinger-del-2020-cosi-ha-continuato-a-parlare\\\/#primaryimage\"},\"thumbnailUrl\":\"https:\\\/\\\/www.rassegnastampa-totustuus.it\\\/cattolica\\\/wp-content\\\/uploads\\\/2020\\\/12\\\/papa_Ratzinger_Francesco.jpg\",\"keywords\":[\"Benedetto XVI\",\"chiesa\"],\"articleSection\":[\"Benedetto XVI\",\"Chiesa\"],\"inLanguage\":\"it-IT\"},{\"@type\":\"WebPage\",\"@id\":\"https:\\\/\\\/www.rassegnastampa-totustuus.it\\\/cattolica\\\/la-lezione-di-ratzinger-del-2020-cosi-ha-continuato-a-parlare\\\/\",\"url\":\"https:\\\/\\\/www.rassegnastampa-totustuus.it\\\/cattolica\\\/la-lezione-di-ratzinger-del-2020-cosi-ha-continuato-a-parlare\\\/\",\"name\":\"La lezione di Ratzinger del 2020: cos\u00ec ha continuato a parlare - Rassegna Stampa Cattolica\",\"isPartOf\":{\"@id\":\"https:\\\/\\\/www.rassegnastampa-totustuus.it\\\/cattolica\\\/#website\"},\"primaryImageOfPage\":{\"@id\":\"https:\\\/\\\/www.rassegnastampa-totustuus.it\\\/cattolica\\\/la-lezione-di-ratzinger-del-2020-cosi-ha-continuato-a-parlare\\\/#primaryimage\"},\"image\":{\"@id\":\"https:\\\/\\\/www.rassegnastampa-totustuus.it\\\/cattolica\\\/la-lezione-di-ratzinger-del-2020-cosi-ha-continuato-a-parlare\\\/#primaryimage\"},\"thumbnailUrl\":\"https:\\\/\\\/www.rassegnastampa-totustuus.it\\\/cattolica\\\/wp-content\\\/uploads\\\/2020\\\/12\\\/papa_Ratzinger_Francesco.jpg\",\"datePublished\":\"2020-12-23T23:00:39+00:00\",\"dateModified\":\"2020-12-24T10:05:14+00:00\",\"description\":\"Rassegna Stampa Cattolica - Per una cultura che nasce dalla Rivelazione cristiana in conformit\u00e0 alla tradizione e al Magistero della Chiesa in opposizione ad ogni relativismo e totalitarismo\",\"breadcrumb\":{\"@id\":\"https:\\\/\\\/www.rassegnastampa-totustuus.it\\\/cattolica\\\/la-lezione-di-ratzinger-del-2020-cosi-ha-continuato-a-parlare\\\/#breadcrumb\"},\"inLanguage\":\"it-IT\",\"potentialAction\":[{\"@type\":\"ReadAction\",\"target\":[\"https:\\\/\\\/www.rassegnastampa-totustuus.it\\\/cattolica\\\/la-lezione-di-ratzinger-del-2020-cosi-ha-continuato-a-parlare\\\/\"]}]},{\"@type\":\"ImageObject\",\"inLanguage\":\"it-IT\",\"@id\":\"https:\\\/\\\/www.rassegnastampa-totustuus.it\\\/cattolica\\\/la-lezione-di-ratzinger-del-2020-cosi-ha-continuato-a-parlare\\\/#primaryimage\",\"url\":\"https:\\\/\\\/www.rassegnastampa-totustuus.it\\\/cattolica\\\/wp-content\\\/uploads\\\/2020\\\/12\\\/papa_Ratzinger_Francesco.jpg\",\"contentUrl\":\"https:\\\/\\\/www.rassegnastampa-totustuus.it\\\/cattolica\\\/wp-content\\\/uploads\\\/2020\\\/12\\\/papa_Ratzinger_Francesco.jpg\",\"width\":1303,\"height\":724},{\"@type\":\"BreadcrumbList\",\"@id\":\"https:\\\/\\\/www.rassegnastampa-totustuus.it\\\/cattolica\\\/la-lezione-di-ratzinger-del-2020-cosi-ha-continuato-a-parlare\\\/#breadcrumb\",\"itemListElement\":[{\"@type\":\"ListItem\",\"position\":1,\"name\":\"Home\",\"item\":\"https:\\\/\\\/www.rassegnastampa-totustuus.it\\\/cattolica\\\/\"},{\"@type\":\"ListItem\",\"position\":2,\"name\":\"La lezione di Ratzinger del 2020: cos\u00ec ha continuato a parlare\"}]},{\"@type\":\"WebSite\",\"@id\":\"https:\\\/\\\/www.rassegnastampa-totustuus.it\\\/cattolica\\\/#website\",\"url\":\"https:\\\/\\\/www.rassegnastampa-totustuus.it\\\/cattolica\\\/\",\"name\":\"Rassegna Stampa Cattolica\",\"description\":\"Per una cultura che nasce dalla Rivelazione cristiana in conformit\u00e0 alla tradizione e al Magistero della Chiesa in opposizione ad ogni relativismo e totalitarismo\",\"publisher\":{\"@id\":\"https:\\\/\\\/www.rassegnastampa-totustuus.it\\\/cattolica\\\/#organization\"},\"alternateName\":\"Rass. Cattolica\",\"potentialAction\":[{\"@type\":\"SearchAction\",\"target\":{\"@type\":\"EntryPoint\",\"urlTemplate\":\"https:\\\/\\\/www.rassegnastampa-totustuus.it\\\/cattolica\\\/?s={search_term_string}\"},\"query-input\":{\"@type\":\"PropertyValueSpecification\",\"valueRequired\":true,\"valueName\":\"search_term_string\"}}],\"inLanguage\":\"it-IT\"},{\"@type\":\"Organization\",\"@id\":\"https:\\\/\\\/www.rassegnastampa-totustuus.it\\\/cattolica\\\/#organization\",\"name\":\"Rassegna Stampa Cattolica\",\"url\":\"https:\\\/\\\/www.rassegnastampa-totustuus.it\\\/cattolica\\\/\",\"logo\":{\"@type\":\"ImageObject\",\"inLanguage\":\"it-IT\",\"@id\":\"https:\\\/\\\/www.rassegnastampa-totustuus.it\\\/cattolica\\\/#\\\/schema\\\/logo\\\/image\\\/\",\"url\":\"https:\\\/\\\/www.rassegnastampa-totustuus.it\\\/cattolica\\\/wp-content\\\/uploads\\\/2014\\\/04\\\/logo-rassegna1.gif\",\"contentUrl\":\"https:\\\/\\\/www.rassegnastampa-totustuus.it\\\/cattolica\\\/wp-content\\\/uploads\\\/2014\\\/04\\\/logo-rassegna1.gif\",\"width\":600,\"height\":163,\"caption\":\"Rassegna Stampa Cattolica\"},\"image\":{\"@id\":\"https:\\\/\\\/www.rassegnastampa-totustuus.it\\\/cattolica\\\/#\\\/schema\\\/logo\\\/image\\\/\"},\"sameAs\":[\"https:\\\/\\\/www.facebook.com\\\/rassegnastampacattolica\",\"https:\\\/\\\/x.com\\\/rassegnastampa9\"]},{\"@type\":\"Person\",\"@id\":\"https:\\\/\\\/www.rassegnastampa-totustuus.it\\\/cattolica\\\/#\\\/schema\\\/person\\\/08f319d2bd1a0904ad9e2bfb7b15e5c3\",\"name\":\"Redazione\",\"image\":{\"@type\":\"ImageObject\",\"inLanguage\":\"it-IT\",\"@id\":\"https:\\\/\\\/secure.gravatar.com\\\/avatar\\\/2fcdf27c78ea025fbdb44e914cc63c72249ffec9dc8aafd5c82b26240ef3f346?s=96&d=mm&r=g\",\"url\":\"https:\\\/\\\/secure.gravatar.com\\\/avatar\\\/2fcdf27c78ea025fbdb44e914cc63c72249ffec9dc8aafd5c82b26240ef3f346?s=96&d=mm&r=g\",\"contentUrl\":\"https:\\\/\\\/secure.gravatar.com\\\/avatar\\\/2fcdf27c78ea025fbdb44e914cc63c72249ffec9dc8aafd5c82b26240ef3f346?s=96&d=mm&r=g\",\"caption\":\"Redazione\"},\"url\":\"https:\\\/\\\/www.rassegnastampa-totustuus.it\\\/cattolica\\\/author\\\/pietroelle\\\/\"}]}<\/script>\n<!-- \/ Yoast SEO plugin. -->","yoast_head_json":{"title":"La lezione di Ratzinger del 2020: cos\u00ec ha continuato a parlare - Rassegna Stampa Cattolica","description":"Rassegna Stampa Cattolica - Per una cultura che nasce dalla Rivelazione cristiana in conformit\u00e0 alla tradizione e al Magistero della Chiesa in opposizione ad ogni relativismo e totalitarismo","robots":{"index":"index","follow":"follow","max-snippet":"max-snippet:-1","max-image-preview":"max-image-preview:large","max-video-preview":"max-video-preview:-1"},"canonical":"https:\/\/www.rassegnastampa-totustuus.it\/cattolica\/la-lezione-di-ratzinger-del-2020-cosi-ha-continuato-a-parlare\/","og_locale":"it_IT","og_type":"article","og_title":"La lezione di Ratzinger del 2020: cos\u00ec ha continuato a parlare - Rassegna Stampa Cattolica","og_description":"Rassegna Stampa Cattolica - Per una cultura che nasce dalla Rivelazione cristiana in conformit\u00e0 alla tradizione e al Magistero della Chiesa in opposizione ad ogni relativismo e totalitarismo","og_url":"https:\/\/www.rassegnastampa-totustuus.it\/cattolica\/la-lezione-di-ratzinger-del-2020-cosi-ha-continuato-a-parlare\/","og_site_name":"Rassegna Stampa Cattolica","article_publisher":"https:\/\/www.facebook.com\/rassegnastampacattolica","article_published_time":"2020-12-23T23:00:39+00:00","article_modified_time":"2020-12-24T10:05:14+00:00","og_image":[{"width":1303,"height":724,"url":"https:\/\/www.rassegnastampa-totustuus.it\/cattolica\/wp-content\/uploads\/2020\/12\/papa_Ratzinger_Francesco.jpg","type":"image\/jpeg"}],"author":"Redazione","twitter_card":"summary_large_image","twitter_creator":"@rassegnastampa9","twitter_site":"@rassegnastampa9","twitter_misc":{"Scritto da":"Redazione","Tempo di lettura stimato":"8 minuti"},"schema":{"@context":"https:\/\/schema.org","@graph":[{"@type":"Article","@id":"https:\/\/www.rassegnastampa-totustuus.it\/cattolica\/la-lezione-di-ratzinger-del-2020-cosi-ha-continuato-a-parlare\/#article","isPartOf":{"@id":"https:\/\/www.rassegnastampa-totustuus.it\/cattolica\/la-lezione-di-ratzinger-del-2020-cosi-ha-continuato-a-parlare\/"},"author":{"name":"Redazione","@id":"https:\/\/www.rassegnastampa-totustuus.it\/cattolica\/#\/schema\/person\/08f319d2bd1a0904ad9e2bfb7b15e5c3"},"headline":"La lezione di Ratzinger del 2020: cos\u00ec ha continuato a parlare","datePublished":"2020-12-23T23:00:39+00:00","dateModified":"2020-12-24T10:05:14+00:00","mainEntityOfPage":{"@id":"https:\/\/www.rassegnastampa-totustuus.it\/cattolica\/la-lezione-di-ratzinger-del-2020-cosi-ha-continuato-a-parlare\/"},"wordCount":1556,"publisher":{"@id":"https:\/\/www.rassegnastampa-totustuus.it\/cattolica\/#organization"},"image":{"@id":"https:\/\/www.rassegnastampa-totustuus.it\/cattolica\/la-lezione-di-ratzinger-del-2020-cosi-ha-continuato-a-parlare\/#primaryimage"},"thumbnailUrl":"https:\/\/www.rassegnastampa-totustuus.it\/cattolica\/wp-content\/uploads\/2020\/12\/papa_Ratzinger_Francesco.jpg","keywords":["Benedetto XVI","chiesa"],"articleSection":["Benedetto XVI","Chiesa"],"inLanguage":"it-IT"},{"@type":"WebPage","@id":"https:\/\/www.rassegnastampa-totustuus.it\/cattolica\/la-lezione-di-ratzinger-del-2020-cosi-ha-continuato-a-parlare\/","url":"https:\/\/www.rassegnastampa-totustuus.it\/cattolica\/la-lezione-di-ratzinger-del-2020-cosi-ha-continuato-a-parlare\/","name":"La lezione di Ratzinger del 2020: cos\u00ec ha continuato a parlare - Rassegna Stampa Cattolica","isPartOf":{"@id":"https:\/\/www.rassegnastampa-totustuus.it\/cattolica\/#website"},"primaryImageOfPage":{"@id":"https:\/\/www.rassegnastampa-totustuus.it\/cattolica\/la-lezione-di-ratzinger-del-2020-cosi-ha-continuato-a-parlare\/#primaryimage"},"image":{"@id":"https:\/\/www.rassegnastampa-totustuus.it\/cattolica\/la-lezione-di-ratzinger-del-2020-cosi-ha-continuato-a-parlare\/#primaryimage"},"thumbnailUrl":"https:\/\/www.rassegnastampa-totustuus.it\/cattolica\/wp-content\/uploads\/2020\/12\/papa_Ratzinger_Francesco.jpg","datePublished":"2020-12-23T23:00:39+00:00","dateModified":"2020-12-24T10:05:14+00:00","description":"Rassegna Stampa Cattolica - Per una cultura che nasce dalla Rivelazione cristiana in conformit\u00e0 alla tradizione e al Magistero della Chiesa in opposizione ad ogni relativismo e totalitarismo","breadcrumb":{"@id":"https:\/\/www.rassegnastampa-totustuus.it\/cattolica\/la-lezione-di-ratzinger-del-2020-cosi-ha-continuato-a-parlare\/#breadcrumb"},"inLanguage":"it-IT","potentialAction":[{"@type":"ReadAction","target":["https:\/\/www.rassegnastampa-totustuus.it\/cattolica\/la-lezione-di-ratzinger-del-2020-cosi-ha-continuato-a-parlare\/"]}]},{"@type":"ImageObject","inLanguage":"it-IT","@id":"https:\/\/www.rassegnastampa-totustuus.it\/cattolica\/la-lezione-di-ratzinger-del-2020-cosi-ha-continuato-a-parlare\/#primaryimage","url":"https:\/\/www.rassegnastampa-totustuus.it\/cattolica\/wp-content\/uploads\/2020\/12\/papa_Ratzinger_Francesco.jpg","contentUrl":"https:\/\/www.rassegnastampa-totustuus.it\/cattolica\/wp-content\/uploads\/2020\/12\/papa_Ratzinger_Francesco.jpg","width":1303,"height":724},{"@type":"BreadcrumbList","@id":"https:\/\/www.rassegnastampa-totustuus.it\/cattolica\/la-lezione-di-ratzinger-del-2020-cosi-ha-continuato-a-parlare\/#breadcrumb","itemListElement":[{"@type":"ListItem","position":1,"name":"Home","item":"https:\/\/www.rassegnastampa-totustuus.it\/cattolica\/"},{"@type":"ListItem","position":2,"name":"La lezione di Ratzinger del 2020: cos\u00ec ha continuato a parlare"}]},{"@type":"WebSite","@id":"https:\/\/www.rassegnastampa-totustuus.it\/cattolica\/#website","url":"https:\/\/www.rassegnastampa-totustuus.it\/cattolica\/","name":"Rassegna Stampa Cattolica","description":"Per una cultura che nasce dalla Rivelazione cristiana in conformit\u00e0 alla tradizione e al Magistero della Chiesa in opposizione ad ogni relativismo e totalitarismo","publisher":{"@id":"https:\/\/www.rassegnastampa-totustuus.it\/cattolica\/#organization"},"alternateName":"Rass. Cattolica","potentialAction":[{"@type":"SearchAction","target":{"@type":"EntryPoint","urlTemplate":"https:\/\/www.rassegnastampa-totustuus.it\/cattolica\/?s={search_term_string}"},"query-input":{"@type":"PropertyValueSpecification","valueRequired":true,"valueName":"search_term_string"}}],"inLanguage":"it-IT"},{"@type":"Organization","@id":"https:\/\/www.rassegnastampa-totustuus.it\/cattolica\/#organization","name":"Rassegna Stampa Cattolica","url":"https:\/\/www.rassegnastampa-totustuus.it\/cattolica\/","logo":{"@type":"ImageObject","inLanguage":"it-IT","@id":"https:\/\/www.rassegnastampa-totustuus.it\/cattolica\/#\/schema\/logo\/image\/","url":"https:\/\/www.rassegnastampa-totustuus.it\/cattolica\/wp-content\/uploads\/2014\/04\/logo-rassegna1.gif","contentUrl":"https:\/\/www.rassegnastampa-totustuus.it\/cattolica\/wp-content\/uploads\/2014\/04\/logo-rassegna1.gif","width":600,"height":163,"caption":"Rassegna Stampa Cattolica"},"image":{"@id":"https:\/\/www.rassegnastampa-totustuus.it\/cattolica\/#\/schema\/logo\/image\/"},"sameAs":["https:\/\/www.facebook.com\/rassegnastampacattolica","https:\/\/x.com\/rassegnastampa9"]},{"@type":"Person","@id":"https:\/\/www.rassegnastampa-totustuus.it\/cattolica\/#\/schema\/person\/08f319d2bd1a0904ad9e2bfb7b15e5c3","name":"Redazione","image":{"@type":"ImageObject","inLanguage":"it-IT","@id":"https:\/\/secure.gravatar.com\/avatar\/2fcdf27c78ea025fbdb44e914cc63c72249ffec9dc8aafd5c82b26240ef3f346?s=96&d=mm&r=g","url":"https:\/\/secure.gravatar.com\/avatar\/2fcdf27c78ea025fbdb44e914cc63c72249ffec9dc8aafd5c82b26240ef3f346?s=96&d=mm&r=g","contentUrl":"https:\/\/secure.gravatar.com\/avatar\/2fcdf27c78ea025fbdb44e914cc63c72249ffec9dc8aafd5c82b26240ef3f346?s=96&d=mm&r=g","caption":"Redazione"},"url":"https:\/\/www.rassegnastampa-totustuus.it\/cattolica\/author\/pietroelle\/"}]}},"_links":{"self":[{"href":"https:\/\/www.rassegnastampa-totustuus.it\/cattolica\/wp-json\/wp\/v2\/posts\/49500","targetHints":{"allow":["GET"]}}],"collection":[{"href":"https:\/\/www.rassegnastampa-totustuus.it\/cattolica\/wp-json\/wp\/v2\/posts"}],"about":[{"href":"https:\/\/www.rassegnastampa-totustuus.it\/cattolica\/wp-json\/wp\/v2\/types\/post"}],"author":[{"embeddable":true,"href":"https:\/\/www.rassegnastampa-totustuus.it\/cattolica\/wp-json\/wp\/v2\/users\/6"}],"replies":[{"embeddable":true,"href":"https:\/\/www.rassegnastampa-totustuus.it\/cattolica\/wp-json\/wp\/v2\/comments?post=49500"}],"version-history":[{"count":3,"href":"https:\/\/www.rassegnastampa-totustuus.it\/cattolica\/wp-json\/wp\/v2\/posts\/49500\/revisions"}],"predecessor-version":[{"id":49555,"href":"https:\/\/www.rassegnastampa-totustuus.it\/cattolica\/wp-json\/wp\/v2\/posts\/49500\/revisions\/49555"}],"wp:featuredmedia":[{"embeddable":true,"href":"https:\/\/www.rassegnastampa-totustuus.it\/cattolica\/wp-json\/wp\/v2\/media\/49501"}],"wp:attachment":[{"href":"https:\/\/www.rassegnastampa-totustuus.it\/cattolica\/wp-json\/wp\/v2\/media?parent=49500"}],"wp:term":[{"taxonomy":"category","embeddable":true,"href":"https:\/\/www.rassegnastampa-totustuus.it\/cattolica\/wp-json\/wp\/v2\/categories?post=49500"},{"taxonomy":"post_tag","embeddable":true,"href":"https:\/\/www.rassegnastampa-totustuus.it\/cattolica\/wp-json\/wp\/v2\/tags?post=49500"}],"curies":[{"name":"wp","href":"https:\/\/api.w.org\/{rel}","templated":true}]}}