{"id":49446,"date":"2020-12-17T00:00:06","date_gmt":"2020-12-16T23:00:06","guid":{"rendered":"http:\/\/www.rassegnastampa-totustuus.it\/cattolica\/?p=49446"},"modified":"2020-12-11T13:10:03","modified_gmt":"2020-12-11T12:10:03","slug":"ecco-le-assurde-sentenze-figlie-dellideologia-no-border-che-spalancano-le-porte-allimmigrazione-illegale","status":"publish","type":"post","link":"https:\/\/www.rassegnastampa-totustuus.it\/cattolica\/ecco-le-assurde-sentenze-figlie-dellideologia-no-border-che-spalancano-le-porte-allimmigrazione-illegale\/","title":{"rendered":"Ecco le assurde sentenze figlie dell\u2019ideologia \u201cno border\u201d che spalancano le porte all\u2019immigrazione illegale"},"content":{"rendered":"<p style=\"text-align: center;\"><span style=\"color: #000000;\"><strong><a href=\"https:\/\/www.rassegnastampa-totustuus.it\/cattolica\/wp-content\/uploads\/2018\/06\/immigrazione.jpg\"><img loading=\"lazy\" decoding=\"async\" class=\" wp-image-40505 alignright\" src=\"https:\/\/www.rassegnastampa-totustuus.it\/cattolica\/wp-content\/uploads\/2018\/06\/immigrazione.jpg\" alt=\"\" width=\"291\" height=\"217\" \/><\/a>Atlantico<\/strong>, 29 Settembre 2020 <\/span><\/p>\n<p style=\"text-align: center;\"><span style=\"color: #000000;\">di <strong>Anna Bono <\/strong><\/span><\/p>\n<p style=\"text-align: justify;\"><span style=\"color: #000000;\">Si sa che almeno l\u201980 per cento degli emigranti illegali che chiedono asilo in Italia non lo ottengono. Si sa anche che hanno facolt\u00e0 di ricorrere in Cassazione e che di solito lo fanno, approfittando del gratuito patrocinio di cui possono usufruire: le spese legali le paga lo stato italiano, al costo di 50-60 milioni di euro ogni anno. <\/span><\/p>\n<p><!--more--><\/p>\n<p style=\"text-align: justify;\"><span style=\"color: #000000;\">Forse meno noto \u00e8 che molti ricorsi vengono accolti, il che fa dire ai difensori dei \u201cporti aperti\u201d che le Commissioni territoriali incaricate di giudicare le richieste di asilo funzionano male: le percentuali di sentenze a favore dei richiedenti fanno pensare che \u201cuna parte notevole delle decisioni negative adottate dalle Commissioni territoriali siano infondate e dunque il giudizio sulla vicenda della persona sia stato svolto in modo poco approfondito\u201d. <\/span><\/p>\n<p style=\"text-align: justify;\"><span style=\"color: #000000;\">Ben venga, quindi, che all\u2019ingiustizia di sentenze affrettate possa rimediare \u201csuccessivamente il giudice, figura imparziale\u201d. Sembra tutto giusto, almeno finch\u00e9 non si conoscono le sentenze dei giudici. Eccone alcuni esempi tratti dal sito web del <em>\u201cProgetto Melting Pot, Per la promozione dei diritti di cittadinanza\u201d<\/em>. <\/span><\/p>\n<p style=\"text-align: justify;\"><span style=\"color: #000000;\"><a href=\"https:\/\/www.rassegnastampa-totustuus.it\/cattolica\/wp-content\/uploads\/2017\/01\/centri-accoglienza-immigrati.jpg\"><img loading=\"lazy\" decoding=\"async\" class=\" wp-image-36997 alignleft\" src=\"https:\/\/www.rassegnastampa-totustuus.it\/cattolica\/wp-content\/uploads\/2017\/01\/centri-accoglienza-immigrati.jpg\" alt=\"\" width=\"303\" height=\"201\" \/><\/a>La Corte d\u2019appello di Potenza il 6 marzo 2020 ha riconosciuto protezione sussidiaria a un richiedente asilo del Gambia di fede islamica che sostiene di essere fuggito dalla condizione di schiavit\u00f9 impostagli dalla scuola coranica alla quale la sua famiglia lo aveva affidato in Senegal. La Commissione territoriale aveva respinto la richiesta di asilo ritenendo poco credibile il suo racconto per la scarsit\u00e0 dei dettagli forniti e la stranezza che dal Gambia fosse finito in una scuola coranica senegalese. <\/span><\/p>\n<p style=\"text-align: justify;\"><span style=\"color: #000000;\">Ma la Corte ha ritenuto plausibile che il richiedente avesse ricordi confusi e quindi ha giudicato veritiero il suo racconto. Da articoli pubblicati su <em>La Repubblica<\/em> e sulla rivista <em>\u201cDeportate, esuli, profughe\u201d<\/em>\u00a0ha ricavato conferma di un trattamento inaccettabile, gli allievi \u201ccostretti dai loro insegnanti coranici ad elemosinare giornalmente denaro, riso o zucchero\u201d. Inoltre, secondo la Corte \u201cnon risulta che, dopo il cambiamento alla guida del governo del 2017, la situazione sia sostanzialmente mutata. <\/span><\/p>\n<p style=\"text-align: justify;\"><span style=\"color: #000000;\">Risulta in tal modo confermato che, per le inefficienze endemiche del suo sistema giuridico, il Gambia non sia in grado di offrire protezione, individuando, perseguendo penalmente e punendo gli atti che costituiscono danno grave\u201d. Accusare un governo di non tutelare i propri cittadini \u00e8 una questione delicata che potrebbe anche provocare una crisi diplomatica. <\/span><\/p>\n<p style=\"text-align: justify;\"><span style=\"color: #000000;\"><a href=\"https:\/\/www.rassegnastampa-totustuus.it\/cattolica\/wp-content\/uploads\/2006\/07\/giudici.jpg\"><img loading=\"lazy\" decoding=\"async\" class=\" wp-image-28962 alignright\" src=\"https:\/\/www.rassegnastampa-totustuus.it\/cattolica\/wp-content\/uploads\/2006\/07\/giudici.jpg\" alt=\"\" width=\"295\" height=\"248\" \/><\/a>Nello specifico, oltre tutto, gli abusi denunciati sono stati commessi in Senegal. Che nelle scuole coraniche si verifichino casi di violenze fisiche e morali \u00e8 vero, ma non si pu\u00f2 certo dire della questua praticata anche da monaci cristiani, ind\u00f9, buddisti, jains\u2026 Per finire, in Gambia si parla inglese e in Senegal francese e questo rende effettivamente improbabile che un gambiano venga mandato in una scuola coranica senegalese. <\/span><\/p>\n<p style=\"text-align: justify;\"><span style=\"color: #000000;\">Il 13 agosto il tribunale di Bari invece ha riconosciuto protezione umanitaria a un cittadino del Senegal perch\u00e9 l\u2019espulsione lo esporrebbe \u201ca pericolo della dignit\u00e0\u201d e perch\u00e9 \u201cin Senegal il numero complessivo di casi di persone colpite da <em>Covid-19<\/em> ha subito un notevole incremento\u201d. Il pericolo per la dignit\u00e0 deriverebbe dal fatto che l\u2019uomo ha lasciato il suo Paese nel 2014, prima di emigrare ha chiuso il suo negozio e quindi \u00e8 \u201csradicato dal contesto\u201d, e \u201cla situazione comunque difficile sotto l\u2019aspetto economico del Senegal\u201d fa s\u00ec che al rientro si troverebbe privo di occupazione e fonti di reddito, il che \u201ccomporterebbe una estrema vulnerabilit\u00e0 con compressione di quel minimo di nucleo irrinunciabile di ormai acquisita dignit\u00e0 personale\u201d. <\/span><\/p>\n<p style=\"text-align: justify;\"><span style=\"color: #000000;\"><a href=\"https:\/\/www.rassegnastampa-totustuus.it\/cattolica\/wp-content\/uploads\/2019\/06\/immigrazione_muri.jpg\"><img loading=\"lazy\" decoding=\"async\" class=\" wp-image-43157 alignleft\" src=\"https:\/\/www.rassegnastampa-totustuus.it\/cattolica\/wp-content\/uploads\/2019\/06\/immigrazione_muri.jpg\" alt=\"\" width=\"314\" height=\"204\" \/><\/a>Conoscendo il fenomeno dell\u2019emigrazione illegale, l\u2019uomo potrebbe aver ceduto il negozio per procurarsi il denaro per il viaggio. Per giudicare quanto sia \u201cdifficile\u201d la situazione del Senegal si tenga presente che il suo Pil \u00e8 cresciuto del 7,2 nel 2017, del 6,4 nel 2018 e del 5,3 nel 2019. L\u2019Italia nel 2018 \u00e8 entrata in recessione (era gi\u00e0 successo nel 2013). Ha registrato una crescita del Pil dello 0,8 per cento quell\u2019anno (dello 0,7 nel 2017) e dello 0,2 per cento nel 2019. <\/span><\/p>\n<p style=\"text-align: justify;\"><span style=\"color: #000000;\">Quanto al <em>coronavirus<\/em>, in Senegal il 28 settembre risultavano 14.869 casi e 306 morti su 16 milioni di abitanti, mentre in Italia i casi erano 308.104, i decessi 35.818. Va aggiunto che il Senegal \u00e8 universalmente considerato a ragione uno dei Paesi africani che meglio hanno affrontato l\u2019emergenza <em>Covid-19<\/em>, essendo tra l\u2019altro uno dei due stati (l\u2019altro \u00e8 il Sudafrica) in grado subito di effettuare tamponi. <\/span><\/p>\n<p style=\"text-align: justify;\"><span style=\"color: #000000;\">Gi\u00e0 all\u2019inizio di marzo l\u2019Istituto Pasteur di Dakar eseguiva test che consentivano di individuare il virus in 10 minuti con una specificit\u00e0 del 92 per cento. Ma il <em>Covid-19<\/em>\u00a0ha \u201csalvato\u201d altri emigranti illegali. Tra questi c\u2019\u00e8 un cittadino del Pakistan che il 25 giugno ha ottenuto dal tribunale di Napoli, Sezione specializzata in materia di immigrazione, un permesso di soggiorno per motivi umanitari. Il giudice si \u00e8 detto d\u2019accordo con la Commissione territoriale che le ragioni addotte dall\u2019uomo per ottenere protezione internazionale erano di \u201cdubbia credibilit\u00e0\u201d e quindi la richiesta andava rigettata. <\/span><\/p>\n<p style=\"text-align: justify;\"><span style=\"color: #000000;\"><a href=\"https:\/\/www.rassegnastampa-totustuus.it\/cattolica\/wp-content\/uploads\/2016\/04\/immigrati.jpg\"><img loading=\"lazy\" decoding=\"async\" class=\" wp-image-32465 alignright\" src=\"https:\/\/www.rassegnastampa-totustuus.it\/cattolica\/wp-content\/uploads\/2016\/04\/immigrati.jpg\" alt=\"\" width=\"338\" height=\"225\" \/><\/a>Tuttavia, \u201cdalle fonti internazionali consultate \u2013 si legge nella sentenza \u2013 emerge che la pandemia da <em>Covid-19<\/em> ha assunto una situazione di rilevante gravit\u00e0 cui il sistema sanitario pakistano non appare capace di fare fronte\u201d. Determinante poi \u00e8 stato il fatto che il sistema sanitario pakistano \u201cper effetto di una diffusa privatizzazione che ha consolidato un orientamento commerciale alle cure mediche\u201d garantisce scarsi servizi sanitari ai poveri. <\/span><\/p>\n<p style=\"text-align: justify;\"><span style=\"color: #000000;\">Costringere l\u2019uomo a rientrare in patria lo avrebbe esposto a condizioni di \u201cestrema vulnerabilit\u00e0\u201d e il suo diritto alla salute sarebbe stato gravemente compromesso. Il 30 giugno lo stesso tribunale di Napoli ha concesso protezione umanitaria a un cittadino del Bangladesh in considerazione della sua buona integrazione, ma soprattutto dell\u2019andamento dell\u2019epidemia nel suo paese di origine. <\/span><\/p>\n<p style=\"text-align: justify;\"><span style=\"color: #000000;\">\u201cIn Bangladesh \u2013 dice la sentenza \u2013 la pandemia da <em>Covid-19<\/em> ha colpito buona parte della popolazione\u201d. Inoltre, \u201cda notizie di recente acquisite, \u00e8 emersa l\u2019inadeguatezza dei rimedi posti in essere dal governo per contenere la propagazione di tale pericolosa malattia. I giornali nazionali hanno segnalato casi di persone sintomatiche (febbre, tosse) che si sono recate in ospedali e cliniche, dove non sono state ammesse essendogli stato rifiutato qualsiasi trattamento o test al virus\u201d. <\/span><\/p>\n<p style=\"text-align: justify;\"><span style=\"color: #000000;\"><a href=\"https:\/\/www.rassegnastampa-totustuus.it\/cattolica\/wp-content\/uploads\/2009\/07\/immigraz.jpg\"><img loading=\"lazy\" decoding=\"async\" class=\" wp-image-26750 alignleft\" src=\"https:\/\/www.rassegnastampa-totustuus.it\/cattolica\/wp-content\/uploads\/2009\/07\/immigraz.jpg\" alt=\"\" width=\"309\" height=\"219\" \/><\/a>Il sistema sanitario inoltre, secondo il collegio giudicante, \u201c\u00e8 carente perch\u00e9 vi \u00e8 mancanza di personale sanitario qualificato nel settore pubblico e l\u2019accesso dei poveri alle cure \u00e8 molto problematico, specie nelle zone rurali. Tale situazione contribuisce a creare quel clima d\u2019insicurezza per la tutela della salute, che integra una condizione di particolare vulnerabilit\u00e0 in cui l\u2019istante (sic) si ritroverebbe in caso di rimpatrio\u201d.<\/span><\/p>\n<p style=\"text-align: justify;\"><span style=\"color: #000000;\"> A tre mesi da queste sentenze, in Pakistan, i casi di <em>Covid-19<\/em> sono 310.841, i morti 6.466 su 212 milioni di abitanti; in Bangladesh i casi sono 359.148 e i morti 5.161 su oltre 164 milioni di abitanti: non esattamente \u201cbuona parte della popolazione\u201d. Sono molte le sentenze che ribaltano il giudizio espresso dalle Commissioni territoriali con argomenti simili a quelli descritti. <\/span><\/p>\n<p style=\"text-align: justify;\"><span style=\"color: #000000;\">A favorire i richiedenti asilo concorre la recente giurisprudenza della Cassazione relativa al \u201cbeneficio del dubbio\u201d. Secondo tale orientamento \u201cil dubbio circa la credibilit\u00e0 deve essere risolto a favore del dichiarante\u201d. Inoltre, accertata la fondatezza dei pericoli a cui andrebbe incontro un richiedente se rimpatriato, i tribunali non sembrano prendere in considerazione la possibilit\u00e0 prevista dall\u2019Unione europea di verificare se i timori espressi e i pericoli denunciati siano circoscritti a una zona definita del territorio del Paese d\u2019origine e se il richiedente possa eventualmente essere trasferito in un\u2019altra parte del Paese dove non avrebbe ragione di nutrire timori.<\/span><\/p>\n\n\n<p><\/p>\n","protected":false},"excerpt":{"rendered":"<p>Atlantico, 29 Settembre 2020 di Anna Bono Si sa che almeno l\u201980 per cento degli emigranti illegali che chiedono asilo in Italia non lo ottengono. Si sa anche che hanno facolt\u00e0 di ricorrere in Cassazione e che di solito lo fanno, approfittando del gratuito patrocinio di cui possono usufruire: le spese legali le paga lo &hellip; <\/p>\n<p><a class=\"more-link btn\" href=\"https:\/\/www.rassegnastampa-totustuus.it\/cattolica\/ecco-le-assurde-sentenze-figlie-dellideologia-no-border-che-spalancano-le-porte-allimmigrazione-illegale\/\">Continua a leggere<\/a><\/p>\n","protected":false},"author":6,"featured_media":49447,"comment_status":"closed","ping_status":"closed","sticky":false,"template":"","format":"standard","meta":{"footnotes":""},"categories":[38],"tags":[1655,2392],"class_list":["post-49446","post","type-post","status-publish","format-standard","has-post-thumbnail","hentry","category-immigrazione","tag-clandestini","tag-immigrazione","item-wrap"],"yoast_head":"<!-- This site is optimized with the Yoast SEO plugin v27.5 - https:\/\/yoast.com\/product\/yoast-seo-wordpress\/ -->\n<title>Ecco le assurde sentenze figlie dell\u2019ideologia \u201cno border\u201d che spalancano le porte all\u2019immigrazione illegale - Rassegna Stampa Cattolica<\/title>\n<meta name=\"description\" content=\"Rassegna Stampa Cattolica - Per una cultura che nasce dalla Rivelazione cristiana in conformit\u00e0 alla tradizione e al Magistero della Chiesa in opposizione ad ogni relativismo e totalitarismo\" \/>\n<meta name=\"robots\" content=\"index, follow, max-snippet:-1, max-image-preview:large, max-video-preview:-1\" \/>\n<link rel=\"canonical\" href=\"https:\/\/www.rassegnastampa-totustuus.it\/cattolica\/ecco-le-assurde-sentenze-figlie-dellideologia-no-border-che-spalancano-le-porte-allimmigrazione-illegale\/\" \/>\n<meta property=\"og:locale\" content=\"it_IT\" \/>\n<meta property=\"og:type\" content=\"article\" \/>\n<meta property=\"og:title\" content=\"Ecco le assurde sentenze figlie dell\u2019ideologia \u201cno border\u201d che spalancano le porte all\u2019immigrazione illegale - Rassegna Stampa Cattolica\" \/>\n<meta property=\"og:description\" content=\"Rassegna Stampa Cattolica - Per una cultura che nasce dalla Rivelazione cristiana in conformit\u00e0 alla tradizione e al Magistero della Chiesa in opposizione ad ogni relativismo e totalitarismo\" \/>\n<meta property=\"og:url\" content=\"https:\/\/www.rassegnastampa-totustuus.it\/cattolica\/ecco-le-assurde-sentenze-figlie-dellideologia-no-border-che-spalancano-le-porte-allimmigrazione-illegale\/\" \/>\n<meta property=\"og:site_name\" content=\"Rassegna Stampa Cattolica\" \/>\n<meta property=\"article:publisher\" content=\"https:\/\/www.facebook.com\/rassegnastampacattolica\" \/>\n<meta property=\"article:published_time\" content=\"2020-12-16T23:00:06+00:00\" \/>\n<meta property=\"og:image\" content=\"https:\/\/www.rassegnastampa-totustuus.it\/cattolica\/wp-content\/uploads\/2020\/12\/immigrati_clandestini_ong.jpg\" \/>\n\t<meta property=\"og:image:width\" content=\"1280\" \/>\n\t<meta property=\"og:image:height\" content=\"854\" \/>\n\t<meta property=\"og:image:type\" content=\"image\/jpeg\" \/>\n<meta name=\"author\" content=\"Redazione\" \/>\n<meta name=\"twitter:card\" content=\"summary_large_image\" \/>\n<meta name=\"twitter:creator\" content=\"@rassegnastampa9\" \/>\n<meta name=\"twitter:site\" content=\"@rassegnastampa9\" \/>\n<meta name=\"twitter:label1\" content=\"Scritto da\" \/>\n\t<meta name=\"twitter:data1\" content=\"Redazione\" \/>\n\t<meta name=\"twitter:label2\" content=\"Tempo di lettura stimato\" \/>\n\t<meta name=\"twitter:data2\" content=\"6 minuti\" \/>\n<script type=\"application\/ld+json\" class=\"yoast-schema-graph\">{\"@context\":\"https:\\\/\\\/schema.org\",\"@graph\":[{\"@type\":\"Article\",\"@id\":\"https:\\\/\\\/www.rassegnastampa-totustuus.it\\\/cattolica\\\/ecco-le-assurde-sentenze-figlie-dellideologia-no-border-che-spalancano-le-porte-allimmigrazione-illegale\\\/#article\",\"isPartOf\":{\"@id\":\"https:\\\/\\\/www.rassegnastampa-totustuus.it\\\/cattolica\\\/ecco-le-assurde-sentenze-figlie-dellideologia-no-border-che-spalancano-le-porte-allimmigrazione-illegale\\\/\"},\"author\":{\"name\":\"Redazione\",\"@id\":\"https:\\\/\\\/www.rassegnastampa-totustuus.it\\\/cattolica\\\/#\\\/schema\\\/person\\\/08f319d2bd1a0904ad9e2bfb7b15e5c3\"},\"headline\":\"Ecco le assurde sentenze figlie dell\u2019ideologia \u201cno border\u201d che spalancano le porte all\u2019immigrazione illegale\",\"datePublished\":\"2020-12-16T23:00:06+00:00\",\"mainEntityOfPage\":{\"@id\":\"https:\\\/\\\/www.rassegnastampa-totustuus.it\\\/cattolica\\\/ecco-le-assurde-sentenze-figlie-dellideologia-no-border-che-spalancano-le-porte-allimmigrazione-illegale\\\/\"},\"wordCount\":1224,\"publisher\":{\"@id\":\"https:\\\/\\\/www.rassegnastampa-totustuus.it\\\/cattolica\\\/#organization\"},\"image\":{\"@id\":\"https:\\\/\\\/www.rassegnastampa-totustuus.it\\\/cattolica\\\/ecco-le-assurde-sentenze-figlie-dellideologia-no-border-che-spalancano-le-porte-allimmigrazione-illegale\\\/#primaryimage\"},\"thumbnailUrl\":\"https:\\\/\\\/www.rassegnastampa-totustuus.it\\\/cattolica\\\/wp-content\\\/uploads\\\/2020\\\/12\\\/immigrati_clandestini_ong.jpg\",\"keywords\":[\"clandestini\",\"immigrazione\"],\"articleSection\":[\"Immigrazione\"],\"inLanguage\":\"it-IT\"},{\"@type\":\"WebPage\",\"@id\":\"https:\\\/\\\/www.rassegnastampa-totustuus.it\\\/cattolica\\\/ecco-le-assurde-sentenze-figlie-dellideologia-no-border-che-spalancano-le-porte-allimmigrazione-illegale\\\/\",\"url\":\"https:\\\/\\\/www.rassegnastampa-totustuus.it\\\/cattolica\\\/ecco-le-assurde-sentenze-figlie-dellideologia-no-border-che-spalancano-le-porte-allimmigrazione-illegale\\\/\",\"name\":\"Ecco le assurde sentenze figlie dell\u2019ideologia \u201cno border\u201d che spalancano le porte all\u2019immigrazione illegale - Rassegna Stampa Cattolica\",\"isPartOf\":{\"@id\":\"https:\\\/\\\/www.rassegnastampa-totustuus.it\\\/cattolica\\\/#website\"},\"primaryImageOfPage\":{\"@id\":\"https:\\\/\\\/www.rassegnastampa-totustuus.it\\\/cattolica\\\/ecco-le-assurde-sentenze-figlie-dellideologia-no-border-che-spalancano-le-porte-allimmigrazione-illegale\\\/#primaryimage\"},\"image\":{\"@id\":\"https:\\\/\\\/www.rassegnastampa-totustuus.it\\\/cattolica\\\/ecco-le-assurde-sentenze-figlie-dellideologia-no-border-che-spalancano-le-porte-allimmigrazione-illegale\\\/#primaryimage\"},\"thumbnailUrl\":\"https:\\\/\\\/www.rassegnastampa-totustuus.it\\\/cattolica\\\/wp-content\\\/uploads\\\/2020\\\/12\\\/immigrati_clandestini_ong.jpg\",\"datePublished\":\"2020-12-16T23:00:06+00:00\",\"description\":\"Rassegna Stampa Cattolica - Per una cultura che nasce dalla Rivelazione cristiana in conformit\u00e0 alla tradizione e al Magistero della Chiesa in opposizione ad ogni relativismo e totalitarismo\",\"breadcrumb\":{\"@id\":\"https:\\\/\\\/www.rassegnastampa-totustuus.it\\\/cattolica\\\/ecco-le-assurde-sentenze-figlie-dellideologia-no-border-che-spalancano-le-porte-allimmigrazione-illegale\\\/#breadcrumb\"},\"inLanguage\":\"it-IT\",\"potentialAction\":[{\"@type\":\"ReadAction\",\"target\":[\"https:\\\/\\\/www.rassegnastampa-totustuus.it\\\/cattolica\\\/ecco-le-assurde-sentenze-figlie-dellideologia-no-border-che-spalancano-le-porte-allimmigrazione-illegale\\\/\"]}]},{\"@type\":\"ImageObject\",\"inLanguage\":\"it-IT\",\"@id\":\"https:\\\/\\\/www.rassegnastampa-totustuus.it\\\/cattolica\\\/ecco-le-assurde-sentenze-figlie-dellideologia-no-border-che-spalancano-le-porte-allimmigrazione-illegale\\\/#primaryimage\",\"url\":\"https:\\\/\\\/www.rassegnastampa-totustuus.it\\\/cattolica\\\/wp-content\\\/uploads\\\/2020\\\/12\\\/immigrati_clandestini_ong.jpg\",\"contentUrl\":\"https:\\\/\\\/www.rassegnastampa-totustuus.it\\\/cattolica\\\/wp-content\\\/uploads\\\/2020\\\/12\\\/immigrati_clandestini_ong.jpg\",\"width\":1280,\"height\":854},{\"@type\":\"BreadcrumbList\",\"@id\":\"https:\\\/\\\/www.rassegnastampa-totustuus.it\\\/cattolica\\\/ecco-le-assurde-sentenze-figlie-dellideologia-no-border-che-spalancano-le-porte-allimmigrazione-illegale\\\/#breadcrumb\",\"itemListElement\":[{\"@type\":\"ListItem\",\"position\":1,\"name\":\"Home\",\"item\":\"https:\\\/\\\/www.rassegnastampa-totustuus.it\\\/cattolica\\\/\"},{\"@type\":\"ListItem\",\"position\":2,\"name\":\"Ecco le assurde sentenze figlie dell\u2019ideologia \u201cno border\u201d che spalancano le porte all\u2019immigrazione illegale\"}]},{\"@type\":\"WebSite\",\"@id\":\"https:\\\/\\\/www.rassegnastampa-totustuus.it\\\/cattolica\\\/#website\",\"url\":\"https:\\\/\\\/www.rassegnastampa-totustuus.it\\\/cattolica\\\/\",\"name\":\"Rassegna Stampa Cattolica\",\"description\":\"Per una cultura che nasce dalla Rivelazione cristiana in conformit\u00e0 alla tradizione e al Magistero della Chiesa in opposizione ad ogni relativismo e totalitarismo\",\"publisher\":{\"@id\":\"https:\\\/\\\/www.rassegnastampa-totustuus.it\\\/cattolica\\\/#organization\"},\"alternateName\":\"Rass. Cattolica\",\"potentialAction\":[{\"@type\":\"SearchAction\",\"target\":{\"@type\":\"EntryPoint\",\"urlTemplate\":\"https:\\\/\\\/www.rassegnastampa-totustuus.it\\\/cattolica\\\/?s={search_term_string}\"},\"query-input\":{\"@type\":\"PropertyValueSpecification\",\"valueRequired\":true,\"valueName\":\"search_term_string\"}}],\"inLanguage\":\"it-IT\"},{\"@type\":\"Organization\",\"@id\":\"https:\\\/\\\/www.rassegnastampa-totustuus.it\\\/cattolica\\\/#organization\",\"name\":\"Rassegna Stampa Cattolica\",\"url\":\"https:\\\/\\\/www.rassegnastampa-totustuus.it\\\/cattolica\\\/\",\"logo\":{\"@type\":\"ImageObject\",\"inLanguage\":\"it-IT\",\"@id\":\"https:\\\/\\\/www.rassegnastampa-totustuus.it\\\/cattolica\\\/#\\\/schema\\\/logo\\\/image\\\/\",\"url\":\"https:\\\/\\\/www.rassegnastampa-totustuus.it\\\/cattolica\\\/wp-content\\\/uploads\\\/2014\\\/04\\\/logo-rassegna1.gif\",\"contentUrl\":\"https:\\\/\\\/www.rassegnastampa-totustuus.it\\\/cattolica\\\/wp-content\\\/uploads\\\/2014\\\/04\\\/logo-rassegna1.gif\",\"width\":600,\"height\":163,\"caption\":\"Rassegna Stampa Cattolica\"},\"image\":{\"@id\":\"https:\\\/\\\/www.rassegnastampa-totustuus.it\\\/cattolica\\\/#\\\/schema\\\/logo\\\/image\\\/\"},\"sameAs\":[\"https:\\\/\\\/www.facebook.com\\\/rassegnastampacattolica\",\"https:\\\/\\\/x.com\\\/rassegnastampa9\"]},{\"@type\":\"Person\",\"@id\":\"https:\\\/\\\/www.rassegnastampa-totustuus.it\\\/cattolica\\\/#\\\/schema\\\/person\\\/08f319d2bd1a0904ad9e2bfb7b15e5c3\",\"name\":\"Redazione\",\"image\":{\"@type\":\"ImageObject\",\"inLanguage\":\"it-IT\",\"@id\":\"https:\\\/\\\/secure.gravatar.com\\\/avatar\\\/2fcdf27c78ea025fbdb44e914cc63c72249ffec9dc8aafd5c82b26240ef3f346?s=96&d=mm&r=g\",\"url\":\"https:\\\/\\\/secure.gravatar.com\\\/avatar\\\/2fcdf27c78ea025fbdb44e914cc63c72249ffec9dc8aafd5c82b26240ef3f346?s=96&d=mm&r=g\",\"contentUrl\":\"https:\\\/\\\/secure.gravatar.com\\\/avatar\\\/2fcdf27c78ea025fbdb44e914cc63c72249ffec9dc8aafd5c82b26240ef3f346?s=96&d=mm&r=g\",\"caption\":\"Redazione\"},\"url\":\"https:\\\/\\\/www.rassegnastampa-totustuus.it\\\/cattolica\\\/author\\\/pietroelle\\\/\"}]}<\/script>\n<!-- \/ Yoast SEO plugin. -->","yoast_head_json":{"title":"Ecco le assurde sentenze figlie dell\u2019ideologia \u201cno border\u201d che spalancano le porte all\u2019immigrazione illegale - Rassegna Stampa Cattolica","description":"Rassegna Stampa Cattolica - Per una cultura che nasce dalla Rivelazione cristiana in conformit\u00e0 alla tradizione e al Magistero della Chiesa in opposizione ad ogni relativismo e totalitarismo","robots":{"index":"index","follow":"follow","max-snippet":"max-snippet:-1","max-image-preview":"max-image-preview:large","max-video-preview":"max-video-preview:-1"},"canonical":"https:\/\/www.rassegnastampa-totustuus.it\/cattolica\/ecco-le-assurde-sentenze-figlie-dellideologia-no-border-che-spalancano-le-porte-allimmigrazione-illegale\/","og_locale":"it_IT","og_type":"article","og_title":"Ecco le assurde sentenze figlie dell\u2019ideologia \u201cno border\u201d che spalancano le porte all\u2019immigrazione illegale - Rassegna Stampa Cattolica","og_description":"Rassegna Stampa Cattolica - Per una cultura che nasce dalla Rivelazione cristiana in conformit\u00e0 alla tradizione e al Magistero della Chiesa in opposizione ad ogni relativismo e totalitarismo","og_url":"https:\/\/www.rassegnastampa-totustuus.it\/cattolica\/ecco-le-assurde-sentenze-figlie-dellideologia-no-border-che-spalancano-le-porte-allimmigrazione-illegale\/","og_site_name":"Rassegna Stampa Cattolica","article_publisher":"https:\/\/www.facebook.com\/rassegnastampacattolica","article_published_time":"2020-12-16T23:00:06+00:00","og_image":[{"width":1280,"height":854,"url":"https:\/\/www.rassegnastampa-totustuus.it\/cattolica\/wp-content\/uploads\/2020\/12\/immigrati_clandestini_ong.jpg","type":"image\/jpeg"}],"author":"Redazione","twitter_card":"summary_large_image","twitter_creator":"@rassegnastampa9","twitter_site":"@rassegnastampa9","twitter_misc":{"Scritto da":"Redazione","Tempo di lettura stimato":"6 minuti"},"schema":{"@context":"https:\/\/schema.org","@graph":[{"@type":"Article","@id":"https:\/\/www.rassegnastampa-totustuus.it\/cattolica\/ecco-le-assurde-sentenze-figlie-dellideologia-no-border-che-spalancano-le-porte-allimmigrazione-illegale\/#article","isPartOf":{"@id":"https:\/\/www.rassegnastampa-totustuus.it\/cattolica\/ecco-le-assurde-sentenze-figlie-dellideologia-no-border-che-spalancano-le-porte-allimmigrazione-illegale\/"},"author":{"name":"Redazione","@id":"https:\/\/www.rassegnastampa-totustuus.it\/cattolica\/#\/schema\/person\/08f319d2bd1a0904ad9e2bfb7b15e5c3"},"headline":"Ecco le assurde sentenze figlie dell\u2019ideologia \u201cno border\u201d che spalancano le porte all\u2019immigrazione illegale","datePublished":"2020-12-16T23:00:06+00:00","mainEntityOfPage":{"@id":"https:\/\/www.rassegnastampa-totustuus.it\/cattolica\/ecco-le-assurde-sentenze-figlie-dellideologia-no-border-che-spalancano-le-porte-allimmigrazione-illegale\/"},"wordCount":1224,"publisher":{"@id":"https:\/\/www.rassegnastampa-totustuus.it\/cattolica\/#organization"},"image":{"@id":"https:\/\/www.rassegnastampa-totustuus.it\/cattolica\/ecco-le-assurde-sentenze-figlie-dellideologia-no-border-che-spalancano-le-porte-allimmigrazione-illegale\/#primaryimage"},"thumbnailUrl":"https:\/\/www.rassegnastampa-totustuus.it\/cattolica\/wp-content\/uploads\/2020\/12\/immigrati_clandestini_ong.jpg","keywords":["clandestini","immigrazione"],"articleSection":["Immigrazione"],"inLanguage":"it-IT"},{"@type":"WebPage","@id":"https:\/\/www.rassegnastampa-totustuus.it\/cattolica\/ecco-le-assurde-sentenze-figlie-dellideologia-no-border-che-spalancano-le-porte-allimmigrazione-illegale\/","url":"https:\/\/www.rassegnastampa-totustuus.it\/cattolica\/ecco-le-assurde-sentenze-figlie-dellideologia-no-border-che-spalancano-le-porte-allimmigrazione-illegale\/","name":"Ecco le assurde sentenze figlie dell\u2019ideologia \u201cno border\u201d che spalancano le porte all\u2019immigrazione illegale - Rassegna Stampa Cattolica","isPartOf":{"@id":"https:\/\/www.rassegnastampa-totustuus.it\/cattolica\/#website"},"primaryImageOfPage":{"@id":"https:\/\/www.rassegnastampa-totustuus.it\/cattolica\/ecco-le-assurde-sentenze-figlie-dellideologia-no-border-che-spalancano-le-porte-allimmigrazione-illegale\/#primaryimage"},"image":{"@id":"https:\/\/www.rassegnastampa-totustuus.it\/cattolica\/ecco-le-assurde-sentenze-figlie-dellideologia-no-border-che-spalancano-le-porte-allimmigrazione-illegale\/#primaryimage"},"thumbnailUrl":"https:\/\/www.rassegnastampa-totustuus.it\/cattolica\/wp-content\/uploads\/2020\/12\/immigrati_clandestini_ong.jpg","datePublished":"2020-12-16T23:00:06+00:00","description":"Rassegna Stampa Cattolica - Per una cultura che nasce dalla Rivelazione cristiana in conformit\u00e0 alla tradizione e al Magistero della Chiesa in opposizione ad ogni relativismo e totalitarismo","breadcrumb":{"@id":"https:\/\/www.rassegnastampa-totustuus.it\/cattolica\/ecco-le-assurde-sentenze-figlie-dellideologia-no-border-che-spalancano-le-porte-allimmigrazione-illegale\/#breadcrumb"},"inLanguage":"it-IT","potentialAction":[{"@type":"ReadAction","target":["https:\/\/www.rassegnastampa-totustuus.it\/cattolica\/ecco-le-assurde-sentenze-figlie-dellideologia-no-border-che-spalancano-le-porte-allimmigrazione-illegale\/"]}]},{"@type":"ImageObject","inLanguage":"it-IT","@id":"https:\/\/www.rassegnastampa-totustuus.it\/cattolica\/ecco-le-assurde-sentenze-figlie-dellideologia-no-border-che-spalancano-le-porte-allimmigrazione-illegale\/#primaryimage","url":"https:\/\/www.rassegnastampa-totustuus.it\/cattolica\/wp-content\/uploads\/2020\/12\/immigrati_clandestini_ong.jpg","contentUrl":"https:\/\/www.rassegnastampa-totustuus.it\/cattolica\/wp-content\/uploads\/2020\/12\/immigrati_clandestini_ong.jpg","width":1280,"height":854},{"@type":"BreadcrumbList","@id":"https:\/\/www.rassegnastampa-totustuus.it\/cattolica\/ecco-le-assurde-sentenze-figlie-dellideologia-no-border-che-spalancano-le-porte-allimmigrazione-illegale\/#breadcrumb","itemListElement":[{"@type":"ListItem","position":1,"name":"Home","item":"https:\/\/www.rassegnastampa-totustuus.it\/cattolica\/"},{"@type":"ListItem","position":2,"name":"Ecco le assurde sentenze figlie dell\u2019ideologia \u201cno border\u201d che spalancano le porte all\u2019immigrazione illegale"}]},{"@type":"WebSite","@id":"https:\/\/www.rassegnastampa-totustuus.it\/cattolica\/#website","url":"https:\/\/www.rassegnastampa-totustuus.it\/cattolica\/","name":"Rassegna Stampa Cattolica","description":"Per una cultura che nasce dalla Rivelazione cristiana in conformit\u00e0 alla tradizione e al Magistero della Chiesa in opposizione ad ogni relativismo e totalitarismo","publisher":{"@id":"https:\/\/www.rassegnastampa-totustuus.it\/cattolica\/#organization"},"alternateName":"Rass. Cattolica","potentialAction":[{"@type":"SearchAction","target":{"@type":"EntryPoint","urlTemplate":"https:\/\/www.rassegnastampa-totustuus.it\/cattolica\/?s={search_term_string}"},"query-input":{"@type":"PropertyValueSpecification","valueRequired":true,"valueName":"search_term_string"}}],"inLanguage":"it-IT"},{"@type":"Organization","@id":"https:\/\/www.rassegnastampa-totustuus.it\/cattolica\/#organization","name":"Rassegna Stampa Cattolica","url":"https:\/\/www.rassegnastampa-totustuus.it\/cattolica\/","logo":{"@type":"ImageObject","inLanguage":"it-IT","@id":"https:\/\/www.rassegnastampa-totustuus.it\/cattolica\/#\/schema\/logo\/image\/","url":"https:\/\/www.rassegnastampa-totustuus.it\/cattolica\/wp-content\/uploads\/2014\/04\/logo-rassegna1.gif","contentUrl":"https:\/\/www.rassegnastampa-totustuus.it\/cattolica\/wp-content\/uploads\/2014\/04\/logo-rassegna1.gif","width":600,"height":163,"caption":"Rassegna Stampa Cattolica"},"image":{"@id":"https:\/\/www.rassegnastampa-totustuus.it\/cattolica\/#\/schema\/logo\/image\/"},"sameAs":["https:\/\/www.facebook.com\/rassegnastampacattolica","https:\/\/x.com\/rassegnastampa9"]},{"@type":"Person","@id":"https:\/\/www.rassegnastampa-totustuus.it\/cattolica\/#\/schema\/person\/08f319d2bd1a0904ad9e2bfb7b15e5c3","name":"Redazione","image":{"@type":"ImageObject","inLanguage":"it-IT","@id":"https:\/\/secure.gravatar.com\/avatar\/2fcdf27c78ea025fbdb44e914cc63c72249ffec9dc8aafd5c82b26240ef3f346?s=96&d=mm&r=g","url":"https:\/\/secure.gravatar.com\/avatar\/2fcdf27c78ea025fbdb44e914cc63c72249ffec9dc8aafd5c82b26240ef3f346?s=96&d=mm&r=g","contentUrl":"https:\/\/secure.gravatar.com\/avatar\/2fcdf27c78ea025fbdb44e914cc63c72249ffec9dc8aafd5c82b26240ef3f346?s=96&d=mm&r=g","caption":"Redazione"},"url":"https:\/\/www.rassegnastampa-totustuus.it\/cattolica\/author\/pietroelle\/"}]}},"_links":{"self":[{"href":"https:\/\/www.rassegnastampa-totustuus.it\/cattolica\/wp-json\/wp\/v2\/posts\/49446","targetHints":{"allow":["GET"]}}],"collection":[{"href":"https:\/\/www.rassegnastampa-totustuus.it\/cattolica\/wp-json\/wp\/v2\/posts"}],"about":[{"href":"https:\/\/www.rassegnastampa-totustuus.it\/cattolica\/wp-json\/wp\/v2\/types\/post"}],"author":[{"embeddable":true,"href":"https:\/\/www.rassegnastampa-totustuus.it\/cattolica\/wp-json\/wp\/v2\/users\/6"}],"replies":[{"embeddable":true,"href":"https:\/\/www.rassegnastampa-totustuus.it\/cattolica\/wp-json\/wp\/v2\/comments?post=49446"}],"version-history":[{"count":1,"href":"https:\/\/www.rassegnastampa-totustuus.it\/cattolica\/wp-json\/wp\/v2\/posts\/49446\/revisions"}],"predecessor-version":[{"id":49448,"href":"https:\/\/www.rassegnastampa-totustuus.it\/cattolica\/wp-json\/wp\/v2\/posts\/49446\/revisions\/49448"}],"wp:featuredmedia":[{"embeddable":true,"href":"https:\/\/www.rassegnastampa-totustuus.it\/cattolica\/wp-json\/wp\/v2\/media\/49447"}],"wp:attachment":[{"href":"https:\/\/www.rassegnastampa-totustuus.it\/cattolica\/wp-json\/wp\/v2\/media?parent=49446"}],"wp:term":[{"taxonomy":"category","embeddable":true,"href":"https:\/\/www.rassegnastampa-totustuus.it\/cattolica\/wp-json\/wp\/v2\/categories?post=49446"},{"taxonomy":"post_tag","embeddable":true,"href":"https:\/\/www.rassegnastampa-totustuus.it\/cattolica\/wp-json\/wp\/v2\/tags?post=49446"}],"curies":[{"name":"wp","href":"https:\/\/api.w.org\/{rel}","templated":true}]}}