{"id":49427,"date":"2020-12-10T00:00:37","date_gmt":"2020-12-09T23:00:37","guid":{"rendered":"http:\/\/www.rassegnastampa-totustuus.it\/cattolica\/?p=49427"},"modified":"2020-12-09T08:51:01","modified_gmt":"2020-12-09T07:51:01","slug":"e-se-noi-donne-facessimo-un-po-di-autocritica","status":"publish","type":"post","link":"https:\/\/www.rassegnastampa-totustuus.it\/cattolica\/e-se-noi-donne-facessimo-un-po-di-autocritica\/","title":{"rendered":"E se noi donne facessimo un po\u2019 di autocritica?"},"content":{"rendered":"<p style=\"text-align: center;\"><span style=\"color: #000000;\"><strong><a href=\"https:\/\/www.rassegnastampa-totustuus.it\/cattolica\/wp-content\/uploads\/2020\/12\/donne.jpg\"><img loading=\"lazy\" decoding=\"async\" class=\"size-medium wp-image-49428 alignleft\" src=\"https:\/\/www.rassegnastampa-totustuus.it\/cattolica\/wp-content\/uploads\/2020\/12\/donne-300x300.jpg\" alt=\"\" width=\"300\" height=\"300\" srcset=\"https:\/\/www.rassegnastampa-totustuus.it\/cattolica\/wp-content\/uploads\/2020\/12\/donne-300x300.jpg 300w, https:\/\/www.rassegnastampa-totustuus.it\/cattolica\/wp-content\/uploads\/2020\/12\/donne-150x150.jpg 150w, https:\/\/www.rassegnastampa-totustuus.it\/cattolica\/wp-content\/uploads\/2020\/12\/donne.jpg 550w\" sizes=\"auto, (max-width: 300px) 100vw, 300px\" \/><\/a>Ricognizioni<\/strong> 6 Dicembre 2020 <strong>\u00a0<\/strong><\/span><\/p>\n<p style=\"text-align: center;\"><span style=\"color: #000000;\">di <strong>Ilaria Manfredini<\/strong> <\/span><\/p>\n<p style=\"text-align: justify;\"><span style=\"color: #000000;\">Care donne, <\/span><\/p>\n<p style=\"text-align: justify;\"><span style=\"color: #000000;\">sono una di voi, per la precisione sono una ragazza di diciannove anni. Desidero scrivervi questa lettera perch\u00e9 sono preoccupata e dispiaciuta per tutto ci\u00f2 che sta accadendo: il 25 novembre, giornata contro la violenza sulle donne, non ho fatto a meno di notare, aprendo qualche social, i numerosi post a riguardo. <\/span><\/p>\n<p><!--more--><\/p>\n<p style=\"text-align: justify;\"><span style=\"color: #000000;\">Purtroppo tra tutti i video, foto o articoli, che dicessero le cose come stanno non ne ho visto nemmeno uno. La verit\u00e0 \u00e8 che sono preoccupata per tutte noi, perch\u00e9 ci\u00f2 che ricerchiamo non \u00e8 realizzabile, e continueremo a lottare contro qualcosa che \u00e8 profondamente umano. <\/span><\/p>\n<p style=\"text-align: justify;\"><span style=\"color: #000000;\">Non voglio in alcun modo giustificare la violenza sulle donne, \u00e8 qualcosa di orribile e ne sono consapevole; in generale la violenza non \u00e8 mai qualcosa di buono, che sia contro le donne, contro gli uomini o contro i bambini. L\u2019uomo (generico) ha una dignit\u00e0 tutta sua che \u00e8 un bellissimo dono e va rispettata. <\/span><\/p>\n<p style=\"text-align: justify;\"><span style=\"color: #000000;\"><a href=\"https:\/\/www.rassegnastampa-totustuus.it\/cattolica\/wp-content\/uploads\/2020\/10\/donne_moda.jpg\"><img loading=\"lazy\" decoding=\"async\" class=\"size-full wp-image-48579 alignright\" src=\"https:\/\/www.rassegnastampa-totustuus.it\/cattolica\/wp-content\/uploads\/2020\/10\/donne_moda.jpg\" alt=\"\" width=\"225\" height=\"225\" srcset=\"https:\/\/www.rassegnastampa-totustuus.it\/cattolica\/wp-content\/uploads\/2020\/10\/donne_moda.jpg 225w, https:\/\/www.rassegnastampa-totustuus.it\/cattolica\/wp-content\/uploads\/2020\/10\/donne_moda-150x150.jpg 150w\" sizes=\"auto, (max-width: 225px) 100vw, 225px\" \/><\/a>Quello che voglio dire con \u201cqualcosa di profondamente umano\u201d \u00e8 che noi donne stiamo diventando delle grandi egoiste. Non ci siamo accontentate di tutti quei diritti sociali, politici ed economici che abbiamo ottenuto nel corso della storia. <\/span><\/p>\n<p style=\"text-align: justify;\"><span style=\"color: #000000;\">Devo dire che in quegli ambiti abbiamo fatto molta strada (anche troppa) e abbiamo ottenuto tanto; cos\u00ec tanto che ci siamo spinte a chiedere qualcosa che va oltre la natura dell\u2019uomo. Ma questo non perch\u00e9 il maschio sia un mostro, o un pervertito di natura; per un semplice fatto che oggi molti sembrano ignorare: l\u2019uomo e la donna sono diversi! <\/span><\/p>\n<p style=\"text-align: justify;\"><span style=\"color: #000000;\">E non sono diversi solo perch\u00e9 l\u2019uomo \u00e8 pi\u00f9 grosso e pi\u00f9 forte e quindi la maggior parte delle volte riesce a prevalere, lo sono soprattutto perch\u00e9 hanno un modo tutto diverso di agire, di reagire e di vedere le cose, e non \u00e8 diverso perch\u00e9 il nostro modo sia giusto e il loro sbagliato, non \u00e8 diverso perch\u00e9 loro sono degli animali; siamo diversi perch\u00e9 siamo stati pensati per una assoluta e perfetta completezza, che \u00e8 bellissima e non va sminuita o evitata in alcun modo. <\/span><\/p>\n<p style=\"text-align: justify;\"><span style=\"color: #000000;\"><a href=\"https:\/\/www.rassegnastampa-totustuus.it\/cattolica\/wp-content\/uploads\/2019\/09\/donne_lavoro-1.jpg\"><img loading=\"lazy\" decoding=\"async\" class=\" wp-image-44431 alignleft\" src=\"https:\/\/www.rassegnastampa-totustuus.it\/cattolica\/wp-content\/uploads\/2019\/09\/donne_lavoro-1.jpg\" alt=\"\" width=\"325\" height=\"202\" \/><\/a>Pensate che il comportamento di un uomo \u00e8 profondamente influenzato da quello della donna (ovviamente \u00e8 vero anche il viceversa, ma in realt\u00e0 ho notato che lo \u00e8 molto meno), quindi abbiamo una grandissima responsabilit\u00e0. E non lo dico tirando a caso o per sentito dire, quest\u2019affermazione viene dalla mia esperienza; vi garantisco che ho una bellissima relazione di coppia proprio perch\u00e9 siamo entrambi consapevoli di questa diversit\u00e0 e ne custodiamo la preziosit\u00e0. <\/span><\/p>\n<p style=\"text-align: justify;\"><span style=\"color: #000000;\">Invece di valorizzare questa importantissima diversit\u00e0 che c\u2019\u00e8 tra uomo e donna, che cosa stiamo facendo noi? Stiamo chiedendo, anzi, imponendo agli uomini di smettere di essere uomini e cominciare a ragionare con la testa di una donna. Rendiamoci conto della gravit\u00e0 di questa cosa. <\/span><\/p>\n<p style=\"text-align: justify;\"><span style=\"color: #000000;\">Siamo sempre pronte a dire che sono loro a non capirci, che ci sentiamo incomprese, ma ci siamo mai chieste veramente che cosa provano loro invece? Io naturalmente non sono nella testa di un ragazzo, ma non penso che ci voglia una laurea in antropologia per capire la difficolt\u00e0 in cui li mettiamo anche solo andando in giro conciate come se ci avessero rubato due terzi dell\u2019abbigliamento indossato. <\/span><\/p>\n<p style=\"text-align: justify;\"><span style=\"color: #000000;\"><a href=\"https:\/\/www.rassegnastampa-totustuus.it\/cattolica\/wp-content\/uploads\/2016\/08\/donne_svedesi.jpg\"><img loading=\"lazy\" decoding=\"async\" class=\" wp-image-36265 alignright\" src=\"https:\/\/www.rassegnastampa-totustuus.it\/cattolica\/wp-content\/uploads\/2016\/08\/donne_svedesi.jpg\" alt=\"\" width=\"306\" height=\"197\" \/><\/a>Ci avete mai riflettuto su questo? Invece vi vedo pi\u00f9 impegnate a parlare di quanto dobbiamo sentirci libere di andare in giro vestite come ci pare, all\u2019ora che ci pare, dove ci pare ecc. \u201cNo, ma l\u2019importante \u00e8 piacere a se stesse e sentirsi a proprio agio.\u201d Se lo dite voi\u2026 Io faccio un po\u2019 fatica a credere che una ragazza si senta davvero a proprio agio indossando una minigonna e mostrando l\u2019ombelico, io personalmente mi sentirei fuori luogo (in qualunque luogo, anche in discoteca), ma sar\u00e0 forse un problema mio. <\/span><\/p>\n<p style=\"text-align: justify;\"><span style=\"color: #000000;\">Siamo tutte d\u2019accordo che essere chiamate \u201cputtana\u201d o essere trattate come tale sia una forma di violenza, soprattutto psicologica, e che non faccia per nulla piacere. Ma una cosa altrettanto vera \u00e8 che una donna che porta ancora tutta la sua dignit\u00e0, una donna come si deve, non gioca con le debolezze di un uomo provocandolo. <\/span><\/p>\n<p style=\"text-align: justify;\"><span style=\"color: #000000;\">Vi ho gi\u00e0 parlato di quanto il nostro atteggiamento li influenzi, di quanto il loro modo che hanno di porsi nei nostri confronti dipenda da noi. La maggior parte delle volte avviene inconsciamente, noi ragazze siamo costantemente alla ricerca di approvazione e attenzioni. Approvazione dalle amiche e attenzioni dall\u2019altro sesso, ma bisogna stare molto attente e riflettere un po\u2019 di pi\u00f9 sulla vera immagine che diamo agli altri di noi. <\/span><\/p>\n<p style=\"text-align: justify;\"><span style=\"color: #000000;\"><a href=\"https:\/\/www.rassegnastampa-totustuus.it\/cattolica\/wp-content\/uploads\/2015\/06\/corpo_donne.png\"><img loading=\"lazy\" decoding=\"async\" class=\" wp-image-25427 alignleft\" src=\"https:\/\/www.rassegnastampa-totustuus.it\/cattolica\/wp-content\/uploads\/2015\/06\/corpo_donne.png\" alt=\"\" width=\"262\" height=\"254\" \/><\/a>Ci lamentiamo in continuazione per essere viste come oggetti di cui appropriarsi, ma non facciamo altro che mostrare la nostra materialit\u00e0 e il nostro corpo. Ci lamentiamo perch\u00e9 dicono che siamo facili, e poi con il primo che capita ci comportiamo con il massimo della confidenza, con un amico ci atteggiamo come se fosse il nostro ragazzo, e (altra cosa che non viene mai detta) con il nostro ragazzo ci comportiamo come se fosse nostro marito. <\/span><\/p>\n<p style=\"text-align: justify;\"><span style=\"color: #000000;\">Ragazze dai, un po\u2019 di dignit\u00e0! Ora si potrebbero aprire tantissimi altri capitoli che non mi sembra il caso di aprire, quindi vediamo di rimanere dentro questo argomento. Ci tengo a precisare, anche se l\u2019ho gi\u00e0 detto, che io sono contro la violenza sulle donne e che tutto ci\u00f2 non \u00e8 per non portare rispetto a Giuseppina, che \u00e8 stata violentata da Carlino; a me dispiace tantissimo per lei e sono certa che avr\u00e0 sofferto tanto come molte altre ragazze, infatti prego per tutte loro. <\/span><\/p>\n<p style=\"text-align: justify;\"><span style=\"color: #000000;\">Ma le cose vanno dette tutte, per completezza. Invece fin ora ho visto del gran vittimismo e basta. La violenza esiste, e non \u00e8 solo sulle donne. Sotto un post di Instagram che trattava appunto di questo tema, un ragazzo chiedeva: \u201dQuando \u00e8 la giornata internazionale per l\u2019eliminazione della violenza contro l\u2019uomo?\u201d e una delle risposte (ovviamente da parte di una donna) \u00e8 stata \u201cNon \u00e8 divertente, dovresti vergognarti per quello che hai scritto\u201d. <\/span><span style=\"color: #000000;\">Come se avesse detto chiss\u00e0 quale assurdit\u00e0. <\/span><\/p>\n<p style=\"text-align: justify;\"><span style=\"color: #000000;\"><a href=\"https:\/\/www.rassegnastampa-totustuus.it\/cattolica\/wp-content\/uploads\/2013\/03\/uomini_donne.jpg\"><img loading=\"lazy\" decoding=\"async\" class=\" wp-image-36102 alignright\" src=\"https:\/\/www.rassegnastampa-totustuus.it\/cattolica\/wp-content\/uploads\/2013\/03\/uomini_donne.jpg\" alt=\"\" width=\"335\" height=\"232\" \/><\/a>Ebbene, i maschi subiscono violenza. E noi donne sappiamo essere molto perfide nei loro confronti. Ci sono stati svariati casi di bravi ragazzi entrati in depressione dopo essere stati lasciati senza alcun motivo valido dalla propria fidanzata. Noi non ci rendiamo conto, ma il peggior modo per violentare un uomo \u00e8 psicologicamente, e per questo dobbiamo stare molto attente; non fanno dipendere da noi solo il modo di comportarsi, ma anche molte delle scelte che fanno, e a volte siamo micidiali nei loro confronti, li distruggiamo come se niente fosse, e possono metterci anche mesi o anni a riprendersi. <\/span><\/p>\n<p style=\"text-align: justify;\"><span style=\"color: #000000;\">Come ho detto anche prima, noi donne stiamo diventando sempre pi\u00f9 egoiste, sempre pi\u00f9 rivolte verso noi stesse e verso i nostri problemi, che stando a quello che sento in giro sono avere una carriera favolosa, avere successo, sentirsi libere di fare qualunque cosa (anche col proprio corpo), farsi accettare dagli altri cos\u00ec come siamo (addirittura mi \u00e8 capitato di leggere sul web che dobbiamo andare in giro mostrando tutta la peluria, perch\u00e9 \u201cnoi siamo belle cos\u00ec\u201d). <\/span><\/p>\n<p style=\"text-align: justify;\"><span style=\"color: #000000;\">Io pi\u00f9 che femminilit\u00e0, questa la chiamo egoismo e autocentrismo. E nel mentre che pretendiamo tutto questo (che di naturale ha molto poco), ci aspettiamo anche che il genere maschile magicamente esegua i nostri ordini, che cada ai nostri piedi per sopprimere un istinto che invece \u00e8 del tutto naturale? Se noi per loro non facciamo neanche lo sforzo di metterci nei loro panni, su che base dovremmo pretendere questo cambiamento? <\/span><\/p>\n<p style=\"text-align: justify;\"><span style=\"color: #000000;\"><a href=\"https:\/\/www.rassegnastampa-totustuus.it\/cattolica\/wp-content\/uploads\/2010\/02\/donne_medioevo.jpg\"><img loading=\"lazy\" decoding=\"async\" class=\" wp-image-20559 alignleft\" src=\"https:\/\/www.rassegnastampa-totustuus.it\/cattolica\/wp-content\/uploads\/2010\/02\/donne_medioevo.jpg\" alt=\"\" width=\"310\" height=\"206\" \/><\/a>Cominciamo a pretendere da noi stesse il minimo necessario per essere delle vere donne e sono pronta a scommettere che anche loro cominceranno a vederci in modo diverso, non degli \u201coggetti da possedere\u201d, ma delle vere e proprie persone con cui costruire una relazione. <\/span><\/p>\n<p style=\"text-align: justify;\"><span style=\"color: #000000;\">Concludo quindi dicendo che i maschi non sono affatto il problema, mi sentirei profondamente offesa se lo fossero, dal momento che ho intenzione di sposarne uno e di dedicarmi a lui fino alla morte. Sarei una stupida allora, ma sinceramente non mi reputo affatto tale.\u00a0<\/span><\/p>\n","protected":false},"excerpt":{"rendered":"<p>Ricognizioni 6 Dicembre 2020 \u00a0 di Ilaria Manfredini Care donne, sono una di voi, per la precisione sono una ragazza di diciannove anni. Desidero scrivervi questa lettera perch\u00e9 sono preoccupata e dispiaciuta per tutto ci\u00f2 che sta accadendo: il 25 novembre, giornata contro la violenza sulle donne, non ho fatto a meno di notare, aprendo &hellip; <\/p>\n<p><a class=\"more-link btn\" href=\"https:\/\/www.rassegnastampa-totustuus.it\/cattolica\/e-se-noi-donne-facessimo-un-po-di-autocritica\/\">Continua a leggere<\/a><\/p>\n","protected":false},"author":6,"featured_media":49356,"comment_status":"closed","ping_status":"closed","sticky":false,"template":"","format":"standard","meta":{"footnotes":""},"categories":[7,25],"tags":[304,256,340,255,558],"class_list":["post-49427","post","type-post","status-publish","format-standard","has-post-thumbnail","hentry","category-costume","category-sguardo-sul-nostro-tempo","tag-costume-2","tag-donne","tag-femminicidio","tag-femminismo","tag-sguardo-sul-nostro-tempo-2","item-wrap"],"yoast_head":"<!-- This site is optimized with the Yoast SEO plugin v27.4 - https:\/\/yoast.com\/product\/yoast-seo-wordpress\/ -->\n<title>E se noi donne facessimo un po\u2019 di autocritica? - Rassegna Stampa Cattolica<\/title>\n<meta name=\"description\" content=\"Rassegna Stampa Cattolica - Per una cultura che nasce dalla Rivelazione cristiana in conformit\u00e0 alla tradizione e al Magistero della Chiesa in opposizione ad ogni relativismo e totalitarismo\" \/>\n<meta name=\"robots\" content=\"index, follow, max-snippet:-1, max-image-preview:large, max-video-preview:-1\" \/>\n<link rel=\"canonical\" href=\"https:\/\/www.rassegnastampa-totustuus.it\/cattolica\/e-se-noi-donne-facessimo-un-po-di-autocritica\/\" \/>\n<meta property=\"og:locale\" content=\"it_IT\" \/>\n<meta property=\"og:type\" content=\"article\" \/>\n<meta property=\"og:title\" content=\"E se noi donne facessimo un po\u2019 di autocritica? - Rassegna Stampa Cattolica\" \/>\n<meta property=\"og:description\" content=\"Rassegna Stampa Cattolica - Per una cultura che nasce dalla Rivelazione cristiana in conformit\u00e0 alla tradizione e al Magistero della Chiesa in opposizione ad ogni relativismo e totalitarismo\" \/>\n<meta property=\"og:url\" content=\"https:\/\/www.rassegnastampa-totustuus.it\/cattolica\/e-se-noi-donne-facessimo-un-po-di-autocritica\/\" \/>\n<meta property=\"og:site_name\" content=\"Rassegna Stampa Cattolica\" \/>\n<meta property=\"article:publisher\" content=\"https:\/\/www.facebook.com\/rassegnastampacattolica\" \/>\n<meta property=\"article:published_time\" content=\"2020-12-09T23:00:37+00:00\" \/>\n<meta property=\"og:image\" content=\"https:\/\/www.rassegnastampa-totustuus.it\/cattolica\/wp-content\/uploads\/2020\/11\/femminicidio_femminismo.jpg\" \/>\n\t<meta property=\"og:image:width\" content=\"1300\" \/>\n\t<meta property=\"og:image:height\" content=\"680\" \/>\n\t<meta property=\"og:image:type\" content=\"image\/jpeg\" \/>\n<meta name=\"author\" content=\"Redazione\" \/>\n<meta name=\"twitter:card\" content=\"summary_large_image\" \/>\n<meta name=\"twitter:creator\" content=\"@rassegnastampa9\" \/>\n<meta name=\"twitter:site\" content=\"@rassegnastampa9\" \/>\n<meta name=\"twitter:label1\" content=\"Scritto da\" \/>\n\t<meta name=\"twitter:data1\" content=\"Redazione\" \/>\n\t<meta name=\"twitter:label2\" content=\"Tempo di lettura stimato\" \/>\n\t<meta name=\"twitter:data2\" content=\"7 minuti\" \/>\n<script type=\"application\/ld+json\" class=\"yoast-schema-graph\">{\"@context\":\"https:\\\/\\\/schema.org\",\"@graph\":[{\"@type\":\"Article\",\"@id\":\"https:\\\/\\\/www.rassegnastampa-totustuus.it\\\/cattolica\\\/e-se-noi-donne-facessimo-un-po-di-autocritica\\\/#article\",\"isPartOf\":{\"@id\":\"https:\\\/\\\/www.rassegnastampa-totustuus.it\\\/cattolica\\\/e-se-noi-donne-facessimo-un-po-di-autocritica\\\/\"},\"author\":{\"name\":\"Redazione\",\"@id\":\"https:\\\/\\\/www.rassegnastampa-totustuus.it\\\/cattolica\\\/#\\\/schema\\\/person\\\/08f319d2bd1a0904ad9e2bfb7b15e5c3\"},\"headline\":\"E se noi donne facessimo un po\u2019 di autocritica?\",\"datePublished\":\"2020-12-09T23:00:37+00:00\",\"mainEntityOfPage\":{\"@id\":\"https:\\\/\\\/www.rassegnastampa-totustuus.it\\\/cattolica\\\/e-se-noi-donne-facessimo-un-po-di-autocritica\\\/\"},\"wordCount\":1322,\"publisher\":{\"@id\":\"https:\\\/\\\/www.rassegnastampa-totustuus.it\\\/cattolica\\\/#organization\"},\"image\":{\"@id\":\"https:\\\/\\\/www.rassegnastampa-totustuus.it\\\/cattolica\\\/e-se-noi-donne-facessimo-un-po-di-autocritica\\\/#primaryimage\"},\"thumbnailUrl\":\"https:\\\/\\\/www.rassegnastampa-totustuus.it\\\/cattolica\\\/wp-content\\\/uploads\\\/2020\\\/11\\\/femminicidio_femminismo.jpg\",\"keywords\":[\"costume\",\"donne\",\"femminicidio\",\"femminismo\",\"sguardo sul nostro tempo\"],\"articleSection\":[\"Costume\",\"Sguardo sul nostro tempo\"],\"inLanguage\":\"it-IT\"},{\"@type\":\"WebPage\",\"@id\":\"https:\\\/\\\/www.rassegnastampa-totustuus.it\\\/cattolica\\\/e-se-noi-donne-facessimo-un-po-di-autocritica\\\/\",\"url\":\"https:\\\/\\\/www.rassegnastampa-totustuus.it\\\/cattolica\\\/e-se-noi-donne-facessimo-un-po-di-autocritica\\\/\",\"name\":\"E se noi donne facessimo un po\u2019 di autocritica? - Rassegna Stampa Cattolica\",\"isPartOf\":{\"@id\":\"https:\\\/\\\/www.rassegnastampa-totustuus.it\\\/cattolica\\\/#website\"},\"primaryImageOfPage\":{\"@id\":\"https:\\\/\\\/www.rassegnastampa-totustuus.it\\\/cattolica\\\/e-se-noi-donne-facessimo-un-po-di-autocritica\\\/#primaryimage\"},\"image\":{\"@id\":\"https:\\\/\\\/www.rassegnastampa-totustuus.it\\\/cattolica\\\/e-se-noi-donne-facessimo-un-po-di-autocritica\\\/#primaryimage\"},\"thumbnailUrl\":\"https:\\\/\\\/www.rassegnastampa-totustuus.it\\\/cattolica\\\/wp-content\\\/uploads\\\/2020\\\/11\\\/femminicidio_femminismo.jpg\",\"datePublished\":\"2020-12-09T23:00:37+00:00\",\"description\":\"Rassegna Stampa Cattolica - Per una cultura che nasce dalla Rivelazione cristiana in conformit\u00e0 alla tradizione e al Magistero della Chiesa in opposizione ad ogni relativismo e totalitarismo\",\"breadcrumb\":{\"@id\":\"https:\\\/\\\/www.rassegnastampa-totustuus.it\\\/cattolica\\\/e-se-noi-donne-facessimo-un-po-di-autocritica\\\/#breadcrumb\"},\"inLanguage\":\"it-IT\",\"potentialAction\":[{\"@type\":\"ReadAction\",\"target\":[\"https:\\\/\\\/www.rassegnastampa-totustuus.it\\\/cattolica\\\/e-se-noi-donne-facessimo-un-po-di-autocritica\\\/\"]}]},{\"@type\":\"ImageObject\",\"inLanguage\":\"it-IT\",\"@id\":\"https:\\\/\\\/www.rassegnastampa-totustuus.it\\\/cattolica\\\/e-se-noi-donne-facessimo-un-po-di-autocritica\\\/#primaryimage\",\"url\":\"https:\\\/\\\/www.rassegnastampa-totustuus.it\\\/cattolica\\\/wp-content\\\/uploads\\\/2020\\\/11\\\/femminicidio_femminismo.jpg\",\"contentUrl\":\"https:\\\/\\\/www.rassegnastampa-totustuus.it\\\/cattolica\\\/wp-content\\\/uploads\\\/2020\\\/11\\\/femminicidio_femminismo.jpg\",\"width\":1300,\"height\":680},{\"@type\":\"BreadcrumbList\",\"@id\":\"https:\\\/\\\/www.rassegnastampa-totustuus.it\\\/cattolica\\\/e-se-noi-donne-facessimo-un-po-di-autocritica\\\/#breadcrumb\",\"itemListElement\":[{\"@type\":\"ListItem\",\"position\":1,\"name\":\"Home\",\"item\":\"https:\\\/\\\/www.rassegnastampa-totustuus.it\\\/cattolica\\\/\"},{\"@type\":\"ListItem\",\"position\":2,\"name\":\"E se noi donne facessimo un po\u2019 di autocritica?\"}]},{\"@type\":\"WebSite\",\"@id\":\"https:\\\/\\\/www.rassegnastampa-totustuus.it\\\/cattolica\\\/#website\",\"url\":\"https:\\\/\\\/www.rassegnastampa-totustuus.it\\\/cattolica\\\/\",\"name\":\"Rassegna Stampa Cattolica\",\"description\":\"Per una cultura che nasce dalla Rivelazione cristiana in conformit\u00e0 alla tradizione e al Magistero della Chiesa in opposizione ad ogni relativismo e totalitarismo\",\"publisher\":{\"@id\":\"https:\\\/\\\/www.rassegnastampa-totustuus.it\\\/cattolica\\\/#organization\"},\"alternateName\":\"Rass. Cattolica\",\"potentialAction\":[{\"@type\":\"SearchAction\",\"target\":{\"@type\":\"EntryPoint\",\"urlTemplate\":\"https:\\\/\\\/www.rassegnastampa-totustuus.it\\\/cattolica\\\/?s={search_term_string}\"},\"query-input\":{\"@type\":\"PropertyValueSpecification\",\"valueRequired\":true,\"valueName\":\"search_term_string\"}}],\"inLanguage\":\"it-IT\"},{\"@type\":\"Organization\",\"@id\":\"https:\\\/\\\/www.rassegnastampa-totustuus.it\\\/cattolica\\\/#organization\",\"name\":\"Rassegna Stampa Cattolica\",\"url\":\"https:\\\/\\\/www.rassegnastampa-totustuus.it\\\/cattolica\\\/\",\"logo\":{\"@type\":\"ImageObject\",\"inLanguage\":\"it-IT\",\"@id\":\"https:\\\/\\\/www.rassegnastampa-totustuus.it\\\/cattolica\\\/#\\\/schema\\\/logo\\\/image\\\/\",\"url\":\"https:\\\/\\\/www.rassegnastampa-totustuus.it\\\/cattolica\\\/wp-content\\\/uploads\\\/2014\\\/04\\\/logo-rassegna1.gif\",\"contentUrl\":\"https:\\\/\\\/www.rassegnastampa-totustuus.it\\\/cattolica\\\/wp-content\\\/uploads\\\/2014\\\/04\\\/logo-rassegna1.gif\",\"width\":600,\"height\":163,\"caption\":\"Rassegna Stampa Cattolica\"},\"image\":{\"@id\":\"https:\\\/\\\/www.rassegnastampa-totustuus.it\\\/cattolica\\\/#\\\/schema\\\/logo\\\/image\\\/\"},\"sameAs\":[\"https:\\\/\\\/www.facebook.com\\\/rassegnastampacattolica\",\"https:\\\/\\\/x.com\\\/rassegnastampa9\"]},{\"@type\":\"Person\",\"@id\":\"https:\\\/\\\/www.rassegnastampa-totustuus.it\\\/cattolica\\\/#\\\/schema\\\/person\\\/08f319d2bd1a0904ad9e2bfb7b15e5c3\",\"name\":\"Redazione\",\"image\":{\"@type\":\"ImageObject\",\"inLanguage\":\"it-IT\",\"@id\":\"https:\\\/\\\/secure.gravatar.com\\\/avatar\\\/2fcdf27c78ea025fbdb44e914cc63c72249ffec9dc8aafd5c82b26240ef3f346?s=96&d=mm&r=g\",\"url\":\"https:\\\/\\\/secure.gravatar.com\\\/avatar\\\/2fcdf27c78ea025fbdb44e914cc63c72249ffec9dc8aafd5c82b26240ef3f346?s=96&d=mm&r=g\",\"contentUrl\":\"https:\\\/\\\/secure.gravatar.com\\\/avatar\\\/2fcdf27c78ea025fbdb44e914cc63c72249ffec9dc8aafd5c82b26240ef3f346?s=96&d=mm&r=g\",\"caption\":\"Redazione\"},\"url\":\"https:\\\/\\\/www.rassegnastampa-totustuus.it\\\/cattolica\\\/author\\\/pietroelle\\\/\"}]}<\/script>\n<!-- \/ Yoast SEO plugin. -->","yoast_head_json":{"title":"E se noi donne facessimo un po\u2019 di autocritica? - Rassegna Stampa Cattolica","description":"Rassegna Stampa Cattolica - Per una cultura che nasce dalla Rivelazione cristiana in conformit\u00e0 alla tradizione e al Magistero della Chiesa in opposizione ad ogni relativismo e totalitarismo","robots":{"index":"index","follow":"follow","max-snippet":"max-snippet:-1","max-image-preview":"max-image-preview:large","max-video-preview":"max-video-preview:-1"},"canonical":"https:\/\/www.rassegnastampa-totustuus.it\/cattolica\/e-se-noi-donne-facessimo-un-po-di-autocritica\/","og_locale":"it_IT","og_type":"article","og_title":"E se noi donne facessimo un po\u2019 di autocritica? - Rassegna Stampa Cattolica","og_description":"Rassegna Stampa Cattolica - Per una cultura che nasce dalla Rivelazione cristiana in conformit\u00e0 alla tradizione e al Magistero della Chiesa in opposizione ad ogni relativismo e totalitarismo","og_url":"https:\/\/www.rassegnastampa-totustuus.it\/cattolica\/e-se-noi-donne-facessimo-un-po-di-autocritica\/","og_site_name":"Rassegna Stampa Cattolica","article_publisher":"https:\/\/www.facebook.com\/rassegnastampacattolica","article_published_time":"2020-12-09T23:00:37+00:00","og_image":[{"width":1300,"height":680,"url":"https:\/\/www.rassegnastampa-totustuus.it\/cattolica\/wp-content\/uploads\/2020\/11\/femminicidio_femminismo.jpg","type":"image\/jpeg"}],"author":"Redazione","twitter_card":"summary_large_image","twitter_creator":"@rassegnastampa9","twitter_site":"@rassegnastampa9","twitter_misc":{"Scritto da":"Redazione","Tempo di lettura stimato":"7 minuti"},"schema":{"@context":"https:\/\/schema.org","@graph":[{"@type":"Article","@id":"https:\/\/www.rassegnastampa-totustuus.it\/cattolica\/e-se-noi-donne-facessimo-un-po-di-autocritica\/#article","isPartOf":{"@id":"https:\/\/www.rassegnastampa-totustuus.it\/cattolica\/e-se-noi-donne-facessimo-un-po-di-autocritica\/"},"author":{"name":"Redazione","@id":"https:\/\/www.rassegnastampa-totustuus.it\/cattolica\/#\/schema\/person\/08f319d2bd1a0904ad9e2bfb7b15e5c3"},"headline":"E se noi donne facessimo un po\u2019 di autocritica?","datePublished":"2020-12-09T23:00:37+00:00","mainEntityOfPage":{"@id":"https:\/\/www.rassegnastampa-totustuus.it\/cattolica\/e-se-noi-donne-facessimo-un-po-di-autocritica\/"},"wordCount":1322,"publisher":{"@id":"https:\/\/www.rassegnastampa-totustuus.it\/cattolica\/#organization"},"image":{"@id":"https:\/\/www.rassegnastampa-totustuus.it\/cattolica\/e-se-noi-donne-facessimo-un-po-di-autocritica\/#primaryimage"},"thumbnailUrl":"https:\/\/www.rassegnastampa-totustuus.it\/cattolica\/wp-content\/uploads\/2020\/11\/femminicidio_femminismo.jpg","keywords":["costume","donne","femminicidio","femminismo","sguardo sul nostro tempo"],"articleSection":["Costume","Sguardo sul nostro tempo"],"inLanguage":"it-IT"},{"@type":"WebPage","@id":"https:\/\/www.rassegnastampa-totustuus.it\/cattolica\/e-se-noi-donne-facessimo-un-po-di-autocritica\/","url":"https:\/\/www.rassegnastampa-totustuus.it\/cattolica\/e-se-noi-donne-facessimo-un-po-di-autocritica\/","name":"E se noi donne facessimo un po\u2019 di autocritica? - Rassegna Stampa Cattolica","isPartOf":{"@id":"https:\/\/www.rassegnastampa-totustuus.it\/cattolica\/#website"},"primaryImageOfPage":{"@id":"https:\/\/www.rassegnastampa-totustuus.it\/cattolica\/e-se-noi-donne-facessimo-un-po-di-autocritica\/#primaryimage"},"image":{"@id":"https:\/\/www.rassegnastampa-totustuus.it\/cattolica\/e-se-noi-donne-facessimo-un-po-di-autocritica\/#primaryimage"},"thumbnailUrl":"https:\/\/www.rassegnastampa-totustuus.it\/cattolica\/wp-content\/uploads\/2020\/11\/femminicidio_femminismo.jpg","datePublished":"2020-12-09T23:00:37+00:00","description":"Rassegna Stampa Cattolica - Per una cultura che nasce dalla Rivelazione cristiana in conformit\u00e0 alla tradizione e al Magistero della Chiesa in opposizione ad ogni relativismo e totalitarismo","breadcrumb":{"@id":"https:\/\/www.rassegnastampa-totustuus.it\/cattolica\/e-se-noi-donne-facessimo-un-po-di-autocritica\/#breadcrumb"},"inLanguage":"it-IT","potentialAction":[{"@type":"ReadAction","target":["https:\/\/www.rassegnastampa-totustuus.it\/cattolica\/e-se-noi-donne-facessimo-un-po-di-autocritica\/"]}]},{"@type":"ImageObject","inLanguage":"it-IT","@id":"https:\/\/www.rassegnastampa-totustuus.it\/cattolica\/e-se-noi-donne-facessimo-un-po-di-autocritica\/#primaryimage","url":"https:\/\/www.rassegnastampa-totustuus.it\/cattolica\/wp-content\/uploads\/2020\/11\/femminicidio_femminismo.jpg","contentUrl":"https:\/\/www.rassegnastampa-totustuus.it\/cattolica\/wp-content\/uploads\/2020\/11\/femminicidio_femminismo.jpg","width":1300,"height":680},{"@type":"BreadcrumbList","@id":"https:\/\/www.rassegnastampa-totustuus.it\/cattolica\/e-se-noi-donne-facessimo-un-po-di-autocritica\/#breadcrumb","itemListElement":[{"@type":"ListItem","position":1,"name":"Home","item":"https:\/\/www.rassegnastampa-totustuus.it\/cattolica\/"},{"@type":"ListItem","position":2,"name":"E se noi donne facessimo un po\u2019 di autocritica?"}]},{"@type":"WebSite","@id":"https:\/\/www.rassegnastampa-totustuus.it\/cattolica\/#website","url":"https:\/\/www.rassegnastampa-totustuus.it\/cattolica\/","name":"Rassegna Stampa Cattolica","description":"Per una cultura che nasce dalla Rivelazione cristiana in conformit\u00e0 alla tradizione e al Magistero della Chiesa in opposizione ad ogni relativismo e totalitarismo","publisher":{"@id":"https:\/\/www.rassegnastampa-totustuus.it\/cattolica\/#organization"},"alternateName":"Rass. Cattolica","potentialAction":[{"@type":"SearchAction","target":{"@type":"EntryPoint","urlTemplate":"https:\/\/www.rassegnastampa-totustuus.it\/cattolica\/?s={search_term_string}"},"query-input":{"@type":"PropertyValueSpecification","valueRequired":true,"valueName":"search_term_string"}}],"inLanguage":"it-IT"},{"@type":"Organization","@id":"https:\/\/www.rassegnastampa-totustuus.it\/cattolica\/#organization","name":"Rassegna Stampa Cattolica","url":"https:\/\/www.rassegnastampa-totustuus.it\/cattolica\/","logo":{"@type":"ImageObject","inLanguage":"it-IT","@id":"https:\/\/www.rassegnastampa-totustuus.it\/cattolica\/#\/schema\/logo\/image\/","url":"https:\/\/www.rassegnastampa-totustuus.it\/cattolica\/wp-content\/uploads\/2014\/04\/logo-rassegna1.gif","contentUrl":"https:\/\/www.rassegnastampa-totustuus.it\/cattolica\/wp-content\/uploads\/2014\/04\/logo-rassegna1.gif","width":600,"height":163,"caption":"Rassegna Stampa Cattolica"},"image":{"@id":"https:\/\/www.rassegnastampa-totustuus.it\/cattolica\/#\/schema\/logo\/image\/"},"sameAs":["https:\/\/www.facebook.com\/rassegnastampacattolica","https:\/\/x.com\/rassegnastampa9"]},{"@type":"Person","@id":"https:\/\/www.rassegnastampa-totustuus.it\/cattolica\/#\/schema\/person\/08f319d2bd1a0904ad9e2bfb7b15e5c3","name":"Redazione","image":{"@type":"ImageObject","inLanguage":"it-IT","@id":"https:\/\/secure.gravatar.com\/avatar\/2fcdf27c78ea025fbdb44e914cc63c72249ffec9dc8aafd5c82b26240ef3f346?s=96&d=mm&r=g","url":"https:\/\/secure.gravatar.com\/avatar\/2fcdf27c78ea025fbdb44e914cc63c72249ffec9dc8aafd5c82b26240ef3f346?s=96&d=mm&r=g","contentUrl":"https:\/\/secure.gravatar.com\/avatar\/2fcdf27c78ea025fbdb44e914cc63c72249ffec9dc8aafd5c82b26240ef3f346?s=96&d=mm&r=g","caption":"Redazione"},"url":"https:\/\/www.rassegnastampa-totustuus.it\/cattolica\/author\/pietroelle\/"}]}},"_links":{"self":[{"href":"https:\/\/www.rassegnastampa-totustuus.it\/cattolica\/wp-json\/wp\/v2\/posts\/49427","targetHints":{"allow":["GET"]}}],"collection":[{"href":"https:\/\/www.rassegnastampa-totustuus.it\/cattolica\/wp-json\/wp\/v2\/posts"}],"about":[{"href":"https:\/\/www.rassegnastampa-totustuus.it\/cattolica\/wp-json\/wp\/v2\/types\/post"}],"author":[{"embeddable":true,"href":"https:\/\/www.rassegnastampa-totustuus.it\/cattolica\/wp-json\/wp\/v2\/users\/6"}],"replies":[{"embeddable":true,"href":"https:\/\/www.rassegnastampa-totustuus.it\/cattolica\/wp-json\/wp\/v2\/comments?post=49427"}],"version-history":[{"count":1,"href":"https:\/\/www.rassegnastampa-totustuus.it\/cattolica\/wp-json\/wp\/v2\/posts\/49427\/revisions"}],"predecessor-version":[{"id":49429,"href":"https:\/\/www.rassegnastampa-totustuus.it\/cattolica\/wp-json\/wp\/v2\/posts\/49427\/revisions\/49429"}],"wp:featuredmedia":[{"embeddable":true,"href":"https:\/\/www.rassegnastampa-totustuus.it\/cattolica\/wp-json\/wp\/v2\/media\/49356"}],"wp:attachment":[{"href":"https:\/\/www.rassegnastampa-totustuus.it\/cattolica\/wp-json\/wp\/v2\/media?parent=49427"}],"wp:term":[{"taxonomy":"category","embeddable":true,"href":"https:\/\/www.rassegnastampa-totustuus.it\/cattolica\/wp-json\/wp\/v2\/categories?post=49427"},{"taxonomy":"post_tag","embeddable":true,"href":"https:\/\/www.rassegnastampa-totustuus.it\/cattolica\/wp-json\/wp\/v2\/tags?post=49427"}],"curies":[{"name":"wp","href":"https:\/\/api.w.org\/{rel}","templated":true}]}}